{"id":28312,"date":"2023-03-28T18:03:11","date_gmt":"2023-03-28T16:03:11","guid":{"rendered":"http:\/\/lignesauto.fr\/?p=28312"},"modified":"2023-03-28T18:03:12","modified_gmt":"2023-03-28T16:03:12","slug":"archives-renault-espace-four-small-stories-in-the-big-story","status":"publish","type":"post","link":"https:\/\/lignesauto.fr\/?p=28312","title":{"rendered":"Archives: Renault Espace, four small stories in the big story"},"content":{"rendered":"<div class=\"wp-block-image\">\n<figure class=\"aligncenter size-full is-resized\"><img loading=\"lazy\" decoding=\"async\" src=\"http:\/\/lignesauto.fr\/wp-content\/uploads\/2023\/03\/image-2.png\" alt=\"\" class=\"wp-image-28020\" width=\"507\" height=\"182\" srcset=\"https:\/\/lignesauto.fr\/wp-content\/uploads\/2023\/03\/image-2.png 1024w, https:\/\/lignesauto.fr\/wp-content\/uploads\/2023\/03\/image-2-300x108.png 300w, https:\/\/lignesauto.fr\/wp-content\/uploads\/2023\/03\/image-2-768x275.png 768w\" sizes=\"(max-width: 507px) 100vw, 507px\" \/><\/figure><\/div>\n\n\n<figure class=\"wp-block-image size-large\"><img loading=\"lazy\" decoding=\"async\" width=\"1024\" height=\"531\" src=\"http:\/\/lignesauto.fr\/wp-content\/uploads\/2023\/03\/ESPACE_1000-1024x531.png\" alt=\"\" class=\"wp-image-28301\" srcset=\"https:\/\/lignesauto.fr\/wp-content\/uploads\/2023\/03\/ESPACE_1000-1024x531.png 1024w, https:\/\/lignesauto.fr\/wp-content\/uploads\/2023\/03\/ESPACE_1000-300x156.png 300w, https:\/\/lignesauto.fr\/wp-content\/uploads\/2023\/03\/ESPACE_1000-768x398.png 768w, https:\/\/lignesauto.fr\/wp-content\/uploads\/2023\/03\/ESPACE_1000.png 1417w\" sizes=\"(max-width: 1024px) 100vw, 1024px\" \/><\/figure>\n\n\n\n<p style=\"font-size:17px\">Let&#8217;s take advantage of the arrival of the new generation of the Espace (an extended seven-seater Austral) to look back at this legend of the family MPV. Here are four highlights of the life of this unique vehicle.<\/p>\n\n\n\n<figure class=\"wp-block-image size-large\"><img loading=\"lazy\" decoding=\"async\" width=\"1024\" height=\"645\" src=\"http:\/\/lignesauto.fr\/wp-content\/uploads\/2023\/03\/ESPACE_07-1024x645.png\" alt=\"\" class=\"wp-image-28288\" srcset=\"https:\/\/lignesauto.fr\/wp-content\/uploads\/2023\/03\/ESPACE_07-1024x645.png 1024w, https:\/\/lignesauto.fr\/wp-content\/uploads\/2023\/03\/ESPACE_07-300x189.png 300w, https:\/\/lignesauto.fr\/wp-content\/uploads\/2023\/03\/ESPACE_07-768x483.png 768w, https:\/\/lignesauto.fr\/wp-content\/uploads\/2023\/03\/ESPACE_07.png 1417w\" sizes=\"(max-width: 1024px) 100vw, 1024px\" \/><\/figure>\n\n\n\n<p class=\"has-text-align-center\" style=\"font-size:18px\"><strong>History 1<br>Evolution of style, from Matra to Renault<\/strong><\/p>\n\n\n\n<p style=\"font-size:17px\">This story takes place almost at the end of the development of the first generation Espace project. After presenting its concept to Peugeot, which rejected it, Matra changed the technical architecture by abandoning the transverse engine of the original Talbot Simca, for a longitudinally implanted engine. This engine was borrowed from Renault&#8217;s organ bank, as the latter had shown interest in the product.<\/p>\n\n\n\n<figure class=\"wp-block-image size-large is-resized\"><img loading=\"lazy\" decoding=\"async\" src=\"http:\/\/lignesauto.fr\/wp-content\/uploads\/2023\/03\/ESPACE_102_BIS-919x1024.png\" alt=\"\" class=\"wp-image-28266\" width=\"840\" height=\"935\" srcset=\"https:\/\/lignesauto.fr\/wp-content\/uploads\/2023\/03\/ESPACE_102_BIS-919x1024.png 919w, https:\/\/lignesauto.fr\/wp-content\/uploads\/2023\/03\/ESPACE_102_BIS-269x300.png 269w, https:\/\/lignesauto.fr\/wp-content\/uploads\/2023\/03\/ESPACE_102_BIS-768x856.png 768w, https:\/\/lignesauto.fr\/wp-content\/uploads\/2023\/03\/ESPACE_102_BIS-1378x1536.png 1378w, https:\/\/lignesauto.fr\/wp-content\/uploads\/2023\/03\/ESPACE_102_BIS.png 1417w\" sizes=\"(max-width: 840px) 100vw, 840px\" \/><figcaption class=\"wp-element-caption\"><strong>Above, the final Matra model, below, the Renault model after some modifications: bonnet slightly covering the radiator grill, bumpers, side guards, door handles and the body-coloured roof.<\/strong> Photo : Jean-Marie Souquet<\/figcaption><\/figure>\n\n\n\n<p style=\"font-size:17px\">The P23 model that results from these profound changes is therefore the last one signed by Matra to receive &#8211; at last! &#8211; the manufacturer&#8217;s approval. However, the Renault styling team, led by Jacques Nocher, brought the house touch by balancing certain lines and details, and by propelling the car into the rather upmarket world. In particular by proposing a 2.0 litre engine, which the first studies on the Simca base refused to do.<\/p>\n\n\n\n<figure class=\"wp-block-image size-large\"><img loading=\"lazy\" decoding=\"async\" width=\"1024\" height=\"942\" src=\"http:\/\/lignesauto.fr\/wp-content\/uploads\/2023\/03\/ESPACE_10-1024x942.png\" alt=\"\" class=\"wp-image-28281\" srcset=\"https:\/\/lignesauto.fr\/wp-content\/uploads\/2023\/03\/ESPACE_10-1024x942.png 1024w, https:\/\/lignesauto.fr\/wp-content\/uploads\/2023\/03\/ESPACE_10-300x276.png 300w, https:\/\/lignesauto.fr\/wp-content\/uploads\/2023\/03\/ESPACE_10-768x706.png 768w, https:\/\/lignesauto.fr\/wp-content\/uploads\/2023\/03\/ESPACE_10.png 1417w\" sizes=\"(max-width: 1024px) 100vw, 1024px\" \/><figcaption class=\"wp-element-caption\"><strong>The model of habitability with 100% Renault modularity. The very thing that the new generation may lack\u2026<\/strong> Photo : Jean-Marie Souquet<\/figcaption><\/figure>\n\n\n\n<p style=\"font-size:17px\">Here for the first time are the two models placed face to face to better apprehend the evolution of details. Where the devil lies\u2026 The work was carried out in April 1983 under the name &#8220;Van Matra-Renault&#8221;.<\/p>\n\n\n\n<figure class=\"wp-block-image size-large\"><img loading=\"lazy\" decoding=\"async\" width=\"975\" height=\"1024\" src=\"http:\/\/lignesauto.fr\/wp-content\/uploads\/2023\/03\/ESPACE_101_BIS-975x1024.png\" alt=\"\" class=\"wp-image-28265\" srcset=\"https:\/\/lignesauto.fr\/wp-content\/uploads\/2023\/03\/ESPACE_101_BIS-975x1024.png 975w, https:\/\/lignesauto.fr\/wp-content\/uploads\/2023\/03\/ESPACE_101_BIS-286x300.png 286w, https:\/\/lignesauto.fr\/wp-content\/uploads\/2023\/03\/ESPACE_101_BIS-768x806.png 768w, https:\/\/lignesauto.fr\/wp-content\/uploads\/2023\/03\/ESPACE_101_BIS.png 1417w\" sizes=\"(max-width: 975px) 100vw, 975px\" \/><figcaption class=\"wp-element-caption\"><strong>From the Matra P23 model above to the Renault model, there are few changes, but they do make a difference, like the line of the tailgate lowered to follow that of the sides.<\/strong> Photo : Jean-Marie Souquet<\/figcaption><\/figure>\n\n\n\n<p class=\"has-text-align-center\" style=\"font-size:18px\"><strong>Story 2<br>The model that changed everything<\/strong><\/p>\n\n\n\n<p style=\"font-size:17px\">The strength of the Espace is its interior modularity, which Matra had not developed for the Peugeot proposal, nor for the one originally proposed to Renault. And for good reason, the first prototypes included a rear bench seat\u2026 Like the Espace of 2023! The Matra project arrived at Renault and borrowed the work done on the VVA (V\u00e9hicule Vert Alpine) programme in 1979, which was then transformed into a VGR (V\u00e9hicule Grande Randonn\u00e9e) in 1980 before being abandoned.<\/p>\n\n\n\n<figure class=\"wp-block-image size-large\"><img loading=\"lazy\" decoding=\"async\" width=\"1024\" height=\"740\" src=\"http:\/\/lignesauto.fr\/wp-content\/uploads\/2023\/03\/AMBULANCE-ALPINE-VVA_05-1024x740.jpg\" alt=\"\" class=\"wp-image-28269\" srcset=\"https:\/\/lignesauto.fr\/wp-content\/uploads\/2023\/03\/AMBULANCE-ALPINE-VVA_05-1024x740.jpg 1024w, https:\/\/lignesauto.fr\/wp-content\/uploads\/2023\/03\/AMBULANCE-ALPINE-VVA_05-300x217.jpg 300w, https:\/\/lignesauto.fr\/wp-content\/uploads\/2023\/03\/AMBULANCE-ALPINE-VVA_05-768x555.jpg 768w, https:\/\/lignesauto.fr\/wp-content\/uploads\/2023\/03\/AMBULANCE-ALPINE-VVA_05.jpg 1417w\" sizes=\"(max-width: 1024px) 100vw, 1024px\" \/><figcaption class=\"wp-element-caption\"><strong>The &#8220;V\u00e9hicule Vert Alpine&#8221; project, which later became the &#8220;V\u00e9hicule de Grande Randonn\u00e9e&#8221;, has a cabin with a modularity similar to that of the 1984 Espace.<\/strong><\/figcaption><\/figure>\n\n\n\n<p style=\"font-size:17px\">In the programme for the Alpine developed by Berex with the designer Yves Legal, the architects had imagined an &#8220;Alpine Ambulance&#8221; (yes, yes\u2026)<\/p>\n\n\n\n<figure class=\"wp-block-image size-large\"><img loading=\"lazy\" decoding=\"async\" width=\"1024\" height=\"505\" src=\"http:\/\/lignesauto.fr\/wp-content\/uploads\/2023\/03\/AMBULANCE-ALPINE-VVA_04-1024x505.png\" alt=\"\" class=\"wp-image-28268\" srcset=\"https:\/\/lignesauto.fr\/wp-content\/uploads\/2023\/03\/AMBULANCE-ALPINE-VVA_04-1024x505.png 1024w, https:\/\/lignesauto.fr\/wp-content\/uploads\/2023\/03\/AMBULANCE-ALPINE-VVA_04-300x148.png 300w, https:\/\/lignesauto.fr\/wp-content\/uploads\/2023\/03\/AMBULANCE-ALPINE-VVA_04-768x379.png 768w, https:\/\/lignesauto.fr\/wp-content\/uploads\/2023\/03\/AMBULANCE-ALPINE-VVA_04.png 1417w\" sizes=\"(max-width: 1024px) 100vw, 1024px\" \/><figcaption class=\"wp-element-caption\"><strong>Model of the habitability of the VVA Alpine vehicle which became VGR Renault.<\/strong> Photo : Jean-Marie Souquet<\/figcaption><\/figure>\n\n\n\n<p style=\"font-size:17px\">Renault has rethought this &#8220;pin-pon-pin&#8221; concept to offer independent seats in the Espace. A concept also inaugurated in the 1970s by the VBG programme (see this site). The latter offered the Espace these front seats that turn around to converse with the rear occupants.<\/p>\n\n\n\n<figure class=\"wp-block-image size-large\"><img loading=\"lazy\" decoding=\"async\" width=\"1024\" height=\"620\" src=\"http:\/\/lignesauto.fr\/wp-content\/uploads\/2023\/03\/AMBULANCE-ALPINE-VVA_03-1024x620.png\" alt=\"\" class=\"wp-image-28271\" srcset=\"https:\/\/lignesauto.fr\/wp-content\/uploads\/2023\/03\/AMBULANCE-ALPINE-VVA_03-1024x620.png 1024w, https:\/\/lignesauto.fr\/wp-content\/uploads\/2023\/03\/AMBULANCE-ALPINE-VVA_03-300x182.png 300w, https:\/\/lignesauto.fr\/wp-content\/uploads\/2023\/03\/AMBULANCE-ALPINE-VVA_03-768x465.png 768w, https:\/\/lignesauto.fr\/wp-content\/uploads\/2023\/03\/AMBULANCE-ALPINE-VVA_03.png 1417w\" sizes=\"(max-width: 1024px) 100vw, 1024px\" \/><figcaption class=\"wp-element-caption\"><strong>On board, the modularity is designed for all types of vehicles, including this ambulance variant with two stretchers!<\/strong> Photo : Jean-Marie Souquet<\/figcaption><\/figure>\n\n\n\n<p style=\"font-size:17px\">Innovations originally designed for the lower end of the market are now found at the top end. Nothing is lost. You just have to pick a few innovations off the shelf and take care to dust them off.<\/p>\n\n\n\n<figure class=\"wp-block-image size-large\"><img loading=\"lazy\" decoding=\"async\" width=\"1024\" height=\"702\" src=\"http:\/\/lignesauto.fr\/wp-content\/uploads\/2023\/03\/AMBULANCE-ALPINE-VVA_02-1024x702.png\" alt=\"\" class=\"wp-image-28272\" srcset=\"https:\/\/lignesauto.fr\/wp-content\/uploads\/2023\/03\/AMBULANCE-ALPINE-VVA_02-1024x702.png 1024w, https:\/\/lignesauto.fr\/wp-content\/uploads\/2023\/03\/AMBULANCE-ALPINE-VVA_02-300x206.png 300w, https:\/\/lignesauto.fr\/wp-content\/uploads\/2023\/03\/AMBULANCE-ALPINE-VVA_02-768x527.png 768w, https:\/\/lignesauto.fr\/wp-content\/uploads\/2023\/03\/AMBULANCE-ALPINE-VVA_02.png 1417w\" sizes=\"(max-width: 1024px) 100vw, 1024px\" \/><figcaption class=\"wp-element-caption\">Photo : Jean-Marie Souquet<\/figcaption><\/figure>\n\n\n\n<p class=\"has-text-align-center\" style=\"font-size:18px\"><strong>Story 3<br>From sheet metal, to Matra&#8217;s dismay<\/strong><\/p>\n\n\n\n<p style=\"font-size:17px\">Louis Schweitzer, Renault&#8217;s boss at the time, was to change the history of the Espace with the fourth generation of the genre. This new generation would no longer be manufactured in composite materials at Matra, but in sheet metal, and produced at Renault. The agreement sealed between the two companies takes into account a &#8220;coup\u00e9 Espace&#8221; derivative whose production will return to Matra. This is the future Avantime (below).<\/p>\n\n\n\n<figure class=\"wp-block-image size-large\"><img loading=\"lazy\" decoding=\"async\" width=\"1024\" height=\"486\" src=\"http:\/\/lignesauto.fr\/wp-content\/uploads\/2023\/03\/AVANTIME-LIGNESAUTO-1024x486.png\" alt=\"\" class=\"wp-image-28286\" srcset=\"https:\/\/lignesauto.fr\/wp-content\/uploads\/2023\/03\/AVANTIME-LIGNESAUTO-1024x486.png 1024w, https:\/\/lignesauto.fr\/wp-content\/uploads\/2023\/03\/AVANTIME-LIGNESAUTO-300x142.png 300w, https:\/\/lignesauto.fr\/wp-content\/uploads\/2023\/03\/AVANTIME-LIGNESAUTO-768x364.png 768w, https:\/\/lignesauto.fr\/wp-content\/uploads\/2023\/03\/AVANTIME-LIGNESAUTO.png 1417w\" sizes=\"(max-width: 1024px) 100vw, 1024px\" \/><figcaption class=\"wp-element-caption\"><strong>Drawing by Thierry M\u00e9troz, now head of DS design and author of the Avantime design<\/strong><\/figcaption><\/figure>\n\n\n\n<p style=\"font-size:17px\">Unfortunately, the latter suffered from industrialization problems, particularly with its double kinematics doors. We know what happened next, with production volumes well below objectives. Added to this was the incomprehension with the almost simultaneous release of the Avantime and the Vel Satis saloon. It is interesting to note that for the 1996 Sc\u00e9nic, Louis Schweitzer had abandoned the idea of producing this new vehicle in composite materials in favour of sheet metal, with the heavy investments that went with it. Success proved the boss right at the time. History did not repeat itself with the sheet metal Espace\u2026<\/p>\n\n\n\n<figure class=\"wp-block-image size-large\"><img loading=\"lazy\" decoding=\"async\" width=\"1024\" height=\"547\" src=\"http:\/\/lignesauto.fr\/wp-content\/uploads\/2023\/03\/ESPACE_12-1024x547.png\" alt=\"\" class=\"wp-image-28273\" srcset=\"https:\/\/lignesauto.fr\/wp-content\/uploads\/2023\/03\/ESPACE_12-1024x547.png 1024w, https:\/\/lignesauto.fr\/wp-content\/uploads\/2023\/03\/ESPACE_12-300x160.png 300w, https:\/\/lignesauto.fr\/wp-content\/uploads\/2023\/03\/ESPACE_12-768x410.png 768w, https:\/\/lignesauto.fr\/wp-content\/uploads\/2023\/03\/ESPACE_12.png 1417w\" sizes=\"(max-width: 1024px) 100vw, 1024px\" \/><figcaption class=\"wp-element-caption\"><strong>In Boulogne, in front of the design studio, a model of the Espace 4 is unveiled to Louis Schweitzer and the project leaves Matra to be industrialised at Renault.<\/strong> Photo : Jean-Marie Souquet<\/figcaption><\/figure>\n\n\n\n<p class=\"has-text-align-center\" style=\"font-size:18px\"><strong>Story 4<br>The avant-garde Espace coupe<\/strong><\/p>\n\n\n\n<p style=\"font-size:17px\">For three years, from 2014 to 2017, a unit called &#8220;special projects&#8221; will be created by Laurens van den Acker with the ambition of creating a link between the know-how of Renault Design and the company&#8217;s decision-makers. It should be a force for internal proposals and the projects that will be carried out behind the walls of this entity have no vocation to compete with concept cars. The &#8220;special projects&#8221; created with small teams, a sort of commando, must propose silhouettes or vehicles which could complete the range.<\/p>\n\n\n\n<figure class=\"wp-block-image size-large\"><img loading=\"lazy\" decoding=\"async\" width=\"1024\" height=\"679\" src=\"http:\/\/lignesauto.fr\/wp-content\/uploads\/2023\/03\/ESPACE_17-1024x679.jpg\" alt=\"\" class=\"wp-image-28276\" srcset=\"https:\/\/lignesauto.fr\/wp-content\/uploads\/2023\/03\/ESPACE_17-1024x679.jpg 1024w, https:\/\/lignesauto.fr\/wp-content\/uploads\/2023\/03\/ESPACE_17-300x199.jpg 300w, https:\/\/lignesauto.fr\/wp-content\/uploads\/2023\/03\/ESPACE_17-768x509.jpg 768w, https:\/\/lignesauto.fr\/wp-content\/uploads\/2023\/03\/ESPACE_17.jpg 1417w\" sizes=\"(max-width: 1024px) 100vw, 1024px\" \/><\/figure>\n\n\n\n<p style=\"font-size:17px\">At the time, Volkswagen or even Mercedes were the envy of the world with their range of silhouettes. Thus, sporty station wagons based on the M\u00e9gane and Talisman, a Talisman Shooting Brake silhouette (below) or an Espace coup\u00e9 (above) are produced in 1\/1 scale in very short timeframes. One of the strengths of this unit is that it does not use clay models, as the projects are managed entirely digitally.<\/p>\n\n\n\n<figure class=\"wp-block-image size-large\"><img loading=\"lazy\" decoding=\"async\" width=\"1024\" height=\"437\" src=\"http:\/\/lignesauto.fr\/wp-content\/uploads\/2023\/03\/LIGNESAUTOTALISMAN-1024x437.png\" alt=\"\" class=\"wp-image-28278\" srcset=\"https:\/\/lignesauto.fr\/wp-content\/uploads\/2023\/03\/LIGNESAUTOTALISMAN-1024x437.png 1024w, https:\/\/lignesauto.fr\/wp-content\/uploads\/2023\/03\/LIGNESAUTOTALISMAN-300x128.png 300w, https:\/\/lignesauto.fr\/wp-content\/uploads\/2023\/03\/LIGNESAUTOTALISMAN-768x328.png 768w, https:\/\/lignesauto.fr\/wp-content\/uploads\/2023\/03\/LIGNESAUTOTALISMAN.png 1417w\" sizes=\"(max-width: 1024px) 100vw, 1024px\" \/><\/figure>\n\n\n\n<p style=\"font-size:17px\">From 2014 to 2017, the &#8220;special projects&#8221; were revealed during large presentations to the management and also to the managers of all the regions of the world, to convince and try to include these new silhouettes in the product plan. But after all the bosses that Laurens van den Acker has worked with in only a decade (Patrick P\u00e9lata until 2011, Carlos Tavares until 2013, J\u00e9r\u00f4me Stoll until 2018), Thierry Bollor\u00e9, then n\u00b02 of Renault, did not follow up these internal projects. The Espace coup\u00e9 missed the boat\u2026<\/p>\n\n\n\n<p style=\"font-size:18px\"><strong>READ &#8220;The new Esapce erases Carlos Ghosn&#8217;s strategic mistake. Without audacity&#8221; here: <a href=\"http:\/\/lignesauto.fr\/?p=28247\">http:\/\/lignesauto.fr\/?p=28247<\/a><\/strong><\/p>\n\n\n\n<figure class=\"wp-block-image size-large\"><img loading=\"lazy\" decoding=\"async\" width=\"1024\" height=\"566\" src=\"http:\/\/lignesauto.fr\/wp-content\/uploads\/2023\/03\/Nouveau_Renault_Espace-1-1024x566.jpg\" alt=\"\" class=\"wp-image-28294\" srcset=\"https:\/\/lignesauto.fr\/wp-content\/uploads\/2023\/03\/Nouveau_Renault_Espace-1-1024x566.jpg 1024w, https:\/\/lignesauto.fr\/wp-content\/uploads\/2023\/03\/Nouveau_Renault_Espace-1-300x166.jpg 300w, https:\/\/lignesauto.fr\/wp-content\/uploads\/2023\/03\/Nouveau_Renault_Espace-1-768x425.jpg 768w, https:\/\/lignesauto.fr\/wp-content\/uploads\/2023\/03\/Nouveau_Renault_Espace-1-1536x849.jpg 1536w, https:\/\/lignesauto.fr\/wp-content\/uploads\/2023\/03\/Nouveau_Renault_Espace-1-2048x1133.jpg 2048w\" sizes=\"(max-width: 1024px) 100vw, 1024px\" \/><\/figure>\n\n\n<div class=\"wp-block-image\">\n<figure class=\"aligncenter size-full is-resized\"><img loading=\"lazy\" decoding=\"async\" src=\"http:\/\/lignesauto.fr\/wp-content\/uploads\/2023\/03\/image-2.png\" alt=\"\" class=\"wp-image-28020\" width=\"507\" height=\"182\" srcset=\"https:\/\/lignesauto.fr\/wp-content\/uploads\/2023\/03\/image-2.png 1024w, https:\/\/lignesauto.fr\/wp-content\/uploads\/2023\/03\/image-2-300x108.png 300w, https:\/\/lignesauto.fr\/wp-content\/uploads\/2023\/03\/image-2-768x275.png 768w\" sizes=\"(max-width: 507px) 100vw, 507px\" \/><\/figure><\/div>","protected":false},"excerpt":{"rendered":"<p>Let&#8217;s take advantage of the arrival of the new generation of the Espace (an extended seven-seater Austral) to look back at this legend of the family MPV. Here are four highlights of the life of this unique vehicle. History 1Evolution of style, from Matra to Renault This story takes place [&hellip;]<\/p>\n","protected":false},"author":1,"featured_media":28301,"comment_status":"closed","ping_status":"closed","sticky":false,"template":"","format":"standard","meta":{"footnotes":""},"categories":[1],"tags":[],"_links":{"self":[{"href":"https:\/\/lignesauto.fr\/index.php?rest_route=\/wp\/v2\/posts\/28312"}],"collection":[{"href":"https:\/\/lignesauto.fr\/index.php?rest_route=\/wp\/v2\/posts"}],"about":[{"href":"https:\/\/lignesauto.fr\/index.php?rest_route=\/wp\/v2\/types\/post"}],"author":[{"embeddable":true,"href":"https:\/\/lignesauto.fr\/index.php?rest_route=\/wp\/v2\/users\/1"}],"replies":[{"embeddable":true,"href":"https:\/\/lignesauto.fr\/index.php?rest_route=%2Fwp%2Fv2%2Fcomments&post=28312"}],"version-history":[{"count":30,"href":"https:\/\/lignesauto.fr\/index.php?rest_route=\/wp\/v2\/posts\/28312\/revisions"}],"predecessor-version":[{"id":28352,"href":"https:\/\/lignesauto.fr\/index.php?rest_route=\/wp\/v2\/posts\/28312\/revisions\/28352"}],"wp:featuredmedia":[{"embeddable":true,"href":"https:\/\/lignesauto.fr\/index.php?rest_route=\/wp\/v2\/media\/28301"}],"wp:attachment":[{"href":"https:\/\/lignesauto.fr\/index.php?rest_route=%2Fwp%2Fv2%2Fmedia&parent=28312"}],"wp:term":[{"taxonomy":"category","embeddable":true,"href":"https:\/\/lignesauto.fr\/index.php?rest_route=%2Fwp%2Fv2%2Fcategories&post=28312"},{"taxonomy":"post_tag","embeddable":true,"href":"https:\/\/lignesauto.fr\/index.php?rest_route=%2Fwp%2Fv2%2Ftags&post=28312"}],"curies":[{"name":"wp","href":"https:\/\/api.w.org\/{rel}","templated":true}]}}