{"id":28891,"date":"2023-05-09T22:31:19","date_gmt":"2023-05-09T20:31:19","guid":{"rendered":"http:\/\/lignesauto.fr\/?p=28891"},"modified":"2023-05-09T22:31:20","modified_gmt":"2023-05-09T20:31:20","slug":"tous-les-secrets-de-la-nouvelle-alpine-a290_s","status":"publish","type":"post","link":"https:\/\/lignesauto.fr\/?p=28891","title":{"rendered":"Tous les secrets de la nouvelle Alpine A290_\u00df"},"content":{"rendered":"<div class=\"wp-block-image\">\n<figure class=\"aligncenter size-full is-resized\"><img loading=\"lazy\" decoding=\"async\" src=\"http:\/\/lignesauto.fr\/wp-content\/uploads\/2023\/04\/image-4.png\" alt=\"\" class=\"wp-image-28829\" width=\"477\" height=\"171\" srcset=\"https:\/\/lignesauto.fr\/wp-content\/uploads\/2023\/04\/image-4.png 1024w, https:\/\/lignesauto.fr\/wp-content\/uploads\/2023\/04\/image-4-300x108.png 300w, https:\/\/lignesauto.fr\/wp-content\/uploads\/2023\/04\/image-4-768x275.png 768w\" sizes=\"(max-width: 477px) 100vw, 477px\" \/><\/figure><\/div>\n\n\n<figure class=\"wp-block-image size-large\"><img loading=\"lazy\" decoding=\"async\" width=\"1024\" height=\"940\" src=\"http:\/\/lignesauto.fr\/wp-content\/uploads\/2023\/05\/A290_02-1024x940.png\" alt=\"\" class=\"wp-image-29106\" srcset=\"https:\/\/lignesauto.fr\/wp-content\/uploads\/2023\/05\/A290_02-1024x940.png 1024w, https:\/\/lignesauto.fr\/wp-content\/uploads\/2023\/05\/A290_02-300x275.png 300w, https:\/\/lignesauto.fr\/wp-content\/uploads\/2023\/05\/A290_02-768x705.png 768w, https:\/\/lignesauto.fr\/wp-content\/uploads\/2023\/05\/A290_02.png 1417w\" sizes=\"(max-width: 1024px) 100vw, 1024px\" \/><\/figure>\n\n\n\n<p style=\"font-size:17px\">On l\u2019attendait car elle \u00e9tait annonc\u00e9e depuis 2021. On se doutait qu\u2019il s\u2019agirait d\u2019une extrapolation du prochain mod\u00e8le Renault 5&nbsp;100% \u00e9lectrique, et pourtant, cette A290_\u00df semble encore plus l\u00e9gitime que sa grand-m\u00e8re R5 Alpine de 1976. Il est vrai que cette derni\u00e8re \u00e9tait un mod\u00e8le de la gamme Renault alors que la nouvelle venue fait partie d\u2019une marque&nbsp;: Alpine.<\/p>\n\n\n\n<figure class=\"wp-block-image size-large\"><img loading=\"lazy\" decoding=\"async\" width=\"1019\" height=\"1024\" src=\"http:\/\/lignesauto.fr\/wp-content\/uploads\/2023\/05\/A290_101-1019x1024.png\" alt=\"\" class=\"wp-image-29104\" srcset=\"https:\/\/lignesauto.fr\/wp-content\/uploads\/2023\/05\/A290_101-1019x1024.png 1019w, https:\/\/lignesauto.fr\/wp-content\/uploads\/2023\/05\/A290_101-300x300.png 300w, https:\/\/lignesauto.fr\/wp-content\/uploads\/2023\/05\/A290_101-150x150.png 150w, https:\/\/lignesauto.fr\/wp-content\/uploads\/2023\/05\/A290_101-768x772.png 768w, https:\/\/lignesauto.fr\/wp-content\/uploads\/2023\/05\/A290_101.png 1417w\" sizes=\"(max-width: 1019px) 100vw, 1019px\" \/><figcaption class=\"wp-element-caption\"><strong>L&#8217;Alpine A290 en haut et la R5 Alpine de 1976. Bizarrement, le logo fl\u00e9ch\u00e9 en 1 est invers\u00e9. Mais les deux disposent d&#8217;optiques additionnelles en 2.<\/strong><\/figcaption><\/figure>\n\n\n\n<p style=\"font-size:18px\"><strong>LA VID\u00c9O DE PR\u00c9SENTATION ICI :<\/strong> <a href=\"https:\/\/youtu.be\/Ow7-KdiuWbo\">https:\/\/youtu.be\/Ow7-KdiuWbo<\/a><\/p>\n\n\n\n<p style=\"font-size:17px\">C\u2019est un peu comme la ligne DS de Citro\u00ebn \u00e9mancip\u00e9e qui s\u2019est transform\u00e9e en marque&#8230; L\u2019A290 est l\u00e9gitime puisqu\u2019en s\u2019appuyant sur la R5, elle ravive le souvenir de Jean R\u00e9d\u00e9l\u00e9 qui r\u00e9cup\u00e9rait la m\u00e9canique de la 4CV pour sa premi\u00e8re A106. Je laisse le d\u00e9bat ouvert. L\u2019appellation A290_\u00df est celle de ce show-car, \u00e0 85% repr\u00e9sentatif de ce que sera l\u2019Alpine A290 en 2024. Pour comprendre l\u2019appellation de cette nouvelle bombinette \u00e0 piles, je vous recommande la lecture du pr\u00e9c\u00e9dent post&nbsp;: <a href=\"https:\/\/lignesauto.fr\/?p=28784\">https:\/\/lignesauto.fr\/?p=28784<\/a><\/p>\n\n\n\n<figure class=\"wp-block-image size-large\"><img loading=\"lazy\" decoding=\"async\" width=\"1024\" height=\"837\" src=\"http:\/\/lignesauto.fr\/wp-content\/uploads\/2023\/05\/A290_03-1-1024x837.png\" alt=\"\" class=\"wp-image-29128\" srcset=\"https:\/\/lignesauto.fr\/wp-content\/uploads\/2023\/05\/A290_03-1-1024x837.png 1024w, https:\/\/lignesauto.fr\/wp-content\/uploads\/2023\/05\/A290_03-1-300x245.png 300w, https:\/\/lignesauto.fr\/wp-content\/uploads\/2023\/05\/A290_03-1-768x628.png 768w, https:\/\/lignesauto.fr\/wp-content\/uploads\/2023\/05\/A290_03-1.png 1417w\" sizes=\"(max-width: 1024px) 100vw, 1024px\" \/><\/figure>\n\n\n\n<p style=\"font-size:17px\">On ne per\u00e7oit sans doute pas assez ce qu\u2019il se passe au sein du Groupe Renault. La marque Alpine repose aujourd\u2019hui sur la F1 c\u00f4t\u00e9 piste, et sur la seule A110 c\u00f4t\u00e9 gamme. D\u2019ici la fin de cette d\u00e9cennie, cette gamme comptera cinq mod\u00e8les in\u00e9dits (A290, crossover GT segment C, future A110 et deux crossovers segment D et E) et la marque aura particip\u00e9 aux 24 heures du Mans, en plus de la F1.<\/p>\n\n\n\n<figure class=\"wp-block-image size-large\"><img loading=\"lazy\" decoding=\"async\" width=\"1024\" height=\"576\" src=\"http:\/\/lignesauto.fr\/wp-content\/uploads\/2023\/05\/LIGNES-F1-ALPINE-1024x576.jpg\" alt=\"\" class=\"wp-image-29130\" srcset=\"https:\/\/lignesauto.fr\/wp-content\/uploads\/2023\/05\/LIGNES-F1-ALPINE-1024x576.jpg 1024w, https:\/\/lignesauto.fr\/wp-content\/uploads\/2023\/05\/LIGNES-F1-ALPINE-300x169.jpg 300w, https:\/\/lignesauto.fr\/wp-content\/uploads\/2023\/05\/LIGNES-F1-ALPINE-768x432.jpg 768w, https:\/\/lignesauto.fr\/wp-content\/uploads\/2023\/05\/LIGNES-F1-ALPINE.jpg 1417w\" sizes=\"(max-width: 1024px) 100vw, 1024px\" \/><\/figure>\n\n\n\n<p style=\"font-size:17px\">Une telle renaissance impose de d\u00e9finir un nouveau langage de style pour un ADN pr\u00e9serv\u00e9.&nbsp; Le concept-car Alpenglow de 2022 (ci-dessous) nous a confi\u00e9 quelques une des cl\u00e9s du design Alpine de demain en tra\u00e7ant la voie. Une voie emprunt\u00e9e aujourd\u2019hui par la petite Alpine A290_\u00df.<\/p>\n\n\n\n<figure class=\"wp-block-image size-large\"><img loading=\"lazy\" decoding=\"async\" width=\"1024\" height=\"567\" src=\"http:\/\/lignesauto.fr\/wp-content\/uploads\/2023\/05\/20221017_075435-1024x567.jpg\" alt=\"\" class=\"wp-image-29102\" srcset=\"https:\/\/lignesauto.fr\/wp-content\/uploads\/2023\/05\/20221017_075435-1024x567.jpg 1024w, https:\/\/lignesauto.fr\/wp-content\/uploads\/2023\/05\/20221017_075435-300x166.jpg 300w, https:\/\/lignesauto.fr\/wp-content\/uploads\/2023\/05\/20221017_075435-768x425.jpg 768w, https:\/\/lignesauto.fr\/wp-content\/uploads\/2023\/05\/20221017_075435.jpg 1417w\" sizes=\"(max-width: 1024px) 100vw, 1024px\" \/><\/figure>\n\n\n\n<p style=\"font-size:17px\">Le constructeur explique clairement que son A290_\u00df sera une citadine sportive. Antony Villain, responsable du design de la marque, confirme \u00ab&nbsp;<em>qu\u2019on est venu m\u00e9langer les codes de la comp\u00e9tition automobile \u00e0 ceux de la culture urbaine. L\u2019A290_\u00df est ainsi un v\u00e9hicule qui a plusieurs facettes, avec son c\u00f4t\u00e9 sport-chic et cet apparence d\u2019objet technologique, notamment \u00e0 bord.<\/em>&nbsp;\u00bb<\/p>\n\n\n\n<figure class=\"wp-block-image size-large\"><img loading=\"lazy\" decoding=\"async\" width=\"1024\" height=\"683\" src=\"http:\/\/lignesauto.fr\/wp-content\/uploads\/2023\/05\/A290_12-1024x683.jpg\" alt=\"\" class=\"wp-image-29120\" srcset=\"https:\/\/lignesauto.fr\/wp-content\/uploads\/2023\/05\/A290_12-1024x683.jpg 1024w, https:\/\/lignesauto.fr\/wp-content\/uploads\/2023\/05\/A290_12-300x200.jpg 300w, https:\/\/lignesauto.fr\/wp-content\/uploads\/2023\/05\/A290_12-768x512.jpg 768w, https:\/\/lignesauto.fr\/wp-content\/uploads\/2023\/05\/A290_12.jpg 1417w\" sizes=\"(max-width: 1024px) 100vw, 1024px\" \/><\/figure>\n\n\n\n<p style=\"font-size:17px\">Cette voiture doit donc \u00eatre consid\u00e9r\u00e9e comme une vraie Alpine avec 100% de l\u2019ADN de la marque. C\u2019est bien plus que ce que r\u00e9alisait Renault en 1976 avec la R5 Alpine. La premi\u00e8re chose que l\u2019on remarque, outre qu\u2019elle d\u00e9rive de la R5 \u00e9lectrique, c\u2019est son assise sur la route avec ses voies \u00e9largies par rapport \u00e0 celles de la R5 Prototype de 2021 et ses roues de 20 pouces.<\/p>\n\n\n\n<figure class=\"wp-block-image size-large\"><img loading=\"lazy\" decoding=\"async\" width=\"1024\" height=\"603\" src=\"http:\/\/lignesauto.fr\/wp-content\/uploads\/2023\/05\/A290_05-1024x603.png\" alt=\"\" class=\"wp-image-29109\" srcset=\"https:\/\/lignesauto.fr\/wp-content\/uploads\/2023\/05\/A290_05-1024x603.png 1024w, https:\/\/lignesauto.fr\/wp-content\/uploads\/2023\/05\/A290_05-300x177.png 300w, https:\/\/lignesauto.fr\/wp-content\/uploads\/2023\/05\/A290_05-768x453.png 768w, https:\/\/lignesauto.fr\/wp-content\/uploads\/2023\/05\/A290_05.png 1417w\" sizes=\"(max-width: 1024px) 100vw, 1024px\" \/><\/figure>\n\n\n\n<p style=\"font-size:17px\">Avec un gabarit d\u2019environ 4 m de longueur, l\u2019A290 d\u00e9gage cette sensation de sportivit\u00e9 mais aussi d\u2019agilit\u00e9. Pour Antony, l\u2019A290 va \u00ab <em>r\u00e9inventer la conduite \u00e9lectrique en ville.<\/em>&nbsp;\u00bb De face, on note une signature lumineuse diff\u00e9rente de celle de la R5 EV. \u00ab&nbsp;<em>On est venu mettre tout Alpine ici<\/em>&nbsp;\u00bb assure Antony Villain.&nbsp;La voiture dispose de quatre phares et les optiques additionnelles jouent un clin d\u2019\u0153il en \u00e9voquant, par leur dessin, les morceaux de scotch positionn\u00e9s en travers qu\u2019on trouvait sur les anciennes voitures de rallye. Sympa.<\/p>\n\n\n\n<figure class=\"wp-block-image size-large\"><img loading=\"lazy\" decoding=\"async\" width=\"1024\" height=\"683\" src=\"http:\/\/lignesauto.fr\/wp-content\/uploads\/2023\/05\/A290_19-1024x683.jpg\" alt=\"\" class=\"wp-image-29110\" srcset=\"https:\/\/lignesauto.fr\/wp-content\/uploads\/2023\/05\/A290_19-1024x683.jpg 1024w, https:\/\/lignesauto.fr\/wp-content\/uploads\/2023\/05\/A290_19-300x200.jpg 300w, https:\/\/lignesauto.fr\/wp-content\/uploads\/2023\/05\/A290_19-768x512.jpg 768w, https:\/\/lignesauto.fr\/wp-content\/uploads\/2023\/05\/A290_19.jpg 1417w\" sizes=\"(max-width: 1024px) 100vw, 1024px\" \/><\/figure>\n\n\n\n<p style=\"font-size:17px\">A l\u2019arri\u00e8re, ce n\u2019est plus le rallye qui sert d\u2019inspiration mais la piste et plus pr\u00e9cis\u00e9ment, la F1. Il n\u2019\u00e9tait pas \u00e9vident de tracer un pont entre l\u2019univers de ce sport et l\u2019urbaine sportive, mais les designers s\u2019y sont attach\u00e9s. Ainsi les feux verticaux int\u00e9gr\u00e9s dans une lame de carbone rappellent ceux des F1 ou encore ceux des Hypercars d\u2019endurance, int\u00e9gr\u00e9s dans le m\u00e2t de l\u2019aileron.<\/p>\n\n\n\n<figure class=\"wp-block-image size-large\"><img loading=\"lazy\" decoding=\"async\" width=\"1024\" height=\"674\" src=\"http:\/\/lignesauto.fr\/wp-content\/uploads\/2023\/05\/A290_\u03b2-Preshow-36-1024x674.jpg\" alt=\"\" class=\"wp-image-29113\" srcset=\"https:\/\/lignesauto.fr\/wp-content\/uploads\/2023\/05\/A290_\u03b2-Preshow-36-1024x674.jpg 1024w, https:\/\/lignesauto.fr\/wp-content\/uploads\/2023\/05\/A290_\u03b2-Preshow-36-300x198.jpg 300w, https:\/\/lignesauto.fr\/wp-content\/uploads\/2023\/05\/A290_\u03b2-Preshow-36-768x506.jpg 768w, https:\/\/lignesauto.fr\/wp-content\/uploads\/2023\/05\/A290_\u03b2-Preshow-36.jpg 1417w\" sizes=\"(max-width: 1024px) 100vw, 1024px\" \/><\/figure>\n\n\n\n<p style=\"font-size:17px\">Pour le reste, les multiples \u00e9l\u00e9ments a\u00e9rodynamiques prouvent que cet item sera peaufin\u00e9 sur la voiture de s\u00e9rie afin d\u2019allier sportivit\u00e9 et autonomie. Surprenant, la voiture n\u2019est pas bleue. \u00ab&nbsp;<em>C\u2019est vrai qu\u2019on aime bien le bleu chez Alpine<\/em>&nbsp;\u00bb confirme Antony Villain, \u00ab&nbsp;<em>mais on a jou\u00e9 ici avec le blanc et le noir. Alpine a import\u00e9 la neige dans son show-car, rappelant qu\u2019Alpine c\u2019est aussi et surtout la montagne. Cette A290_\u00df, ce sont les Alpes en ville&nbsp;!<\/em>&nbsp;\u00bb<\/p>\n\n\n\n<figure class=\"wp-block-image size-large\"><img loading=\"lazy\" decoding=\"async\" width=\"1024\" height=\"491\" src=\"http:\/\/lignesauto.fr\/wp-content\/uploads\/2023\/05\/A290_04-1024x491.png\" alt=\"\" class=\"wp-image-29112\" srcset=\"https:\/\/lignesauto.fr\/wp-content\/uploads\/2023\/05\/A290_04-1024x491.png 1024w, https:\/\/lignesauto.fr\/wp-content\/uploads\/2023\/05\/A290_04-300x144.png 300w, https:\/\/lignesauto.fr\/wp-content\/uploads\/2023\/05\/A290_04-768x368.png 768w, https:\/\/lignesauto.fr\/wp-content\/uploads\/2023\/05\/A290_04.png 1417w\" sizes=\"(max-width: 1024px) 100vw, 1024px\" \/><\/figure>\n\n\n\n<p style=\"font-size:17px\">Le noir quant \u00e0 lui est d\u2019aspect min\u00e9ral, et on note la pr\u00e9sence de carbone forg\u00e9 avec des inserts bleus qui contrastent avec la neige. De nombreux symboles triangulaires sont \u00e9galement pr\u00e9sents et \u00e9voquent la montagne, mais sont interpr\u00e9t\u00e9s ici \u00ab&nbsp;<em>comme du Street Art, un Tatoo sur la voiture.<\/em>&nbsp;\u00bb<\/p>\n\n\n\n<figure class=\"wp-block-image size-large\"><img loading=\"lazy\" decoding=\"async\" width=\"1024\" height=\"683\" src=\"http:\/\/lignesauto.fr\/wp-content\/uploads\/2023\/05\/A290_\u03b2-Preshow-44-1024x683.jpg\" alt=\"\" class=\"wp-image-29114\" srcset=\"https:\/\/lignesauto.fr\/wp-content\/uploads\/2023\/05\/A290_\u03b2-Preshow-44-1024x683.jpg 1024w, https:\/\/lignesauto.fr\/wp-content\/uploads\/2023\/05\/A290_\u03b2-Preshow-44-300x200.jpg 300w, https:\/\/lignesauto.fr\/wp-content\/uploads\/2023\/05\/A290_\u03b2-Preshow-44-768x512.jpg 768w, https:\/\/lignesauto.fr\/wp-content\/uploads\/2023\/05\/A290_\u03b2-Preshow-44.jpg 1417w\" sizes=\"(max-width: 1024px) 100vw, 1024px\" \/><\/figure>\n\n\n\n<p style=\"font-size:17px\">Ces codes g\u00e9om\u00e9triques et graphiques, on les retrouve \u00e0 bord. Si l\u2019ext\u00e9rieur repr\u00e9sente peu ou prou le futur style de la \u00ab&nbsp;vraie&nbsp;\u00bb A290, l\u2019int\u00e9rieur est plus exploratoire. \u00ab&nbsp;<em>Il exprime le plaisir de conduire qui est au c\u0153ur de notre strat\u00e9gie. Nous avons voulu positionner le pilote au centre et construire cet habitacle autour de lui.&nbsp;C\u2019est la philosophie retenue pour le concept-car Alpenglow. A bord, vous \u00eates install\u00e9 un peu comme dans une F1.<\/em>&nbsp;\u00bb<\/p>\n\n\n\n<figure class=\"wp-block-image size-large\"><img loading=\"lazy\" decoding=\"async\" width=\"1024\" height=\"491\" src=\"http:\/\/lignesauto.fr\/wp-content\/uploads\/2023\/05\/A290_07-1024x491.png\" alt=\"\" class=\"wp-image-28911\" srcset=\"https:\/\/lignesauto.fr\/wp-content\/uploads\/2023\/05\/A290_07-1024x491.png 1024w, https:\/\/lignesauto.fr\/wp-content\/uploads\/2023\/05\/A290_07-300x144.png 300w, https:\/\/lignesauto.fr\/wp-content\/uploads\/2023\/05\/A290_07-768x368.png 768w, https:\/\/lignesauto.fr\/wp-content\/uploads\/2023\/05\/A290_07.png 1417w\" sizes=\"(max-width: 1024px) 100vw, 1024px\" \/><\/figure>\n\n\n\n<p style=\"font-size:17px\">Les \u00e9l\u00e9ments graphiques en chevrons se focalisent sur le pilote. On retrouve ce th\u00e8me avec la planche de bord qui s\u2019\u00e9tend de part et d\u2019autre jusqu\u2019aux r\u00e9troviseurs et le pare-brise qui, \u00e0 l\u2019inverse, plonge dans le capot. Vue de dessus, l\u2019Alpine A290_\u00df laisse appara\u00eetre deux axes&nbsp;: une ligne de couleur magenta qui symbolise la fusion entre le pilote et la machine et une autre transversale de couleur cyan. Ce deuxi\u00e8me axe \u00e9voque les passagers qui deviennent spectateurs de cette exp\u00e9rience de conduite.<\/p>\n\n\n\n<figure class=\"wp-block-image size-large\"><img loading=\"lazy\" decoding=\"async\" width=\"1024\" height=\"683\" src=\"http:\/\/lignesauto.fr\/wp-content\/uploads\/2023\/05\/A290_13-1024x683.jpg\" alt=\"\" class=\"wp-image-29123\" srcset=\"https:\/\/lignesauto.fr\/wp-content\/uploads\/2023\/05\/A290_13-1024x683.jpg 1024w, https:\/\/lignesauto.fr\/wp-content\/uploads\/2023\/05\/A290_13-300x200.jpg 300w, https:\/\/lignesauto.fr\/wp-content\/uploads\/2023\/05\/A290_13-768x512.jpg 768w, https:\/\/lignesauto.fr\/wp-content\/uploads\/2023\/05\/A290_13.jpg 1417w\" sizes=\"(max-width: 1024px) 100vw, 1024px\" \/><\/figure>\n\n\n\n<p style=\"font-size:17px\">Vu du passager, vous avez effectivement la chance d\u2019\u00eatre \u00e0 la fois copilote et spectateur. Vous voyez les actions du pilote et devenez un privil\u00e9gi\u00e9. Cette architecture exprime parfaitement cette pr\u00e9occupation du plaisir de conduire voulu par Alpine. Petit effet qui fera le buzz, quelques parties de l\u2019habitacle et le volant sont rev\u00eatus d\u2019un mat\u00e9riaux luminescent qui surprend.<\/p>\n\n\n\n<figure class=\"wp-block-image size-large\"><img loading=\"lazy\" decoding=\"async\" width=\"1024\" height=\"683\" src=\"http:\/\/lignesauto.fr\/wp-content\/uploads\/2023\/05\/A290_14-1024x683.jpg\" alt=\"\" class=\"wp-image-29121\" srcset=\"https:\/\/lignesauto.fr\/wp-content\/uploads\/2023\/05\/A290_14-1024x683.jpg 1024w, https:\/\/lignesauto.fr\/wp-content\/uploads\/2023\/05\/A290_14-300x200.jpg 300w, https:\/\/lignesauto.fr\/wp-content\/uploads\/2023\/05\/A290_14-768x512.jpg 768w, https:\/\/lignesauto.fr\/wp-content\/uploads\/2023\/05\/A290_14.jpg 1417w\" sizes=\"(max-width: 1024px) 100vw, 1024px\" \/><\/figure>\n\n\n\n<p style=\"font-size:17px\">Le volant justement. Il est au c\u0153ur de l\u2019exp\u00e9rience de conduite et largement inspir\u00e9 de la comp\u00e9tition, avec plusieurs \u00e9l\u00e9ments qu\u2019on va retrouver en s\u00e9rie dans le futur. En premier lieu le bouton OV qui signifie \u00ab&nbsp;Over Take&nbsp;\u00bb (pour faciliter les d\u00e9passements). Antony Villain nous confie que \u00ab&nbsp;<em>ce bouton bleu est un boost qui va permettre d\u2019avoir un surplus de puissance instantan\u00e9e et il sera d\u00e9clin\u00e9 sur nos voitures de s\u00e9rie.<\/em>&nbsp;\u00bb<\/p>\n\n\n\n<figure class=\"wp-block-image size-large\"><img loading=\"lazy\" decoding=\"async\" width=\"1024\" height=\"683\" src=\"http:\/\/lignesauto.fr\/wp-content\/uploads\/2023\/05\/A290_17-1024x683.jpg\" alt=\"\" class=\"wp-image-29122\" srcset=\"https:\/\/lignesauto.fr\/wp-content\/uploads\/2023\/05\/A290_17-1024x683.jpg 1024w, https:\/\/lignesauto.fr\/wp-content\/uploads\/2023\/05\/A290_17-300x200.jpg 300w, https:\/\/lignesauto.fr\/wp-content\/uploads\/2023\/05\/A290_17-768x512.jpg 768w, https:\/\/lignesauto.fr\/wp-content\/uploads\/2023\/05\/A290_17.jpg 1417w\" sizes=\"(max-width: 1024px) 100vw, 1024px\" \/><\/figure>\n\n\n\n<p style=\"font-size:17px\">Enfin, \u00e0 d\u00e9faut d\u2019une fiche technique d\u00e9taill\u00e9e au moment o\u00f9 nous r\u00e9digeons ce sujet, sachez que le show-car ne repose pas sur la plateforme de la future A290 mais il roule, et m\u00eame bien puisqu\u2019il va servir \u00e0 des shows chauds. Avec sa future A290, le constructeur va proposer d\u00e8s l\u2019an prochain l\u2019univers Alpine \u00e0 de nouveaux clients. Sportifs et&#8230; urbains&nbsp;!<\/p>\n\n\n\n<p style=\"font-size:19px\"><strong>LE CLIN D\u2019\u0152IL A LA F1<\/strong><\/p>\n\n\n\n<figure class=\"wp-block-image size-large\"><img loading=\"lazy\" decoding=\"async\" width=\"1024\" height=\"683\" src=\"http:\/\/lignesauto.fr\/wp-content\/uploads\/2023\/05\/A290_10-1024x683.jpg\" alt=\"\" class=\"wp-image-29125\" srcset=\"https:\/\/lignesauto.fr\/wp-content\/uploads\/2023\/05\/A290_10-1024x683.jpg 1024w, https:\/\/lignesauto.fr\/wp-content\/uploads\/2023\/05\/A290_10-300x200.jpg 300w, https:\/\/lignesauto.fr\/wp-content\/uploads\/2023\/05\/A290_10-768x512.jpg 768w, https:\/\/lignesauto.fr\/wp-content\/uploads\/2023\/05\/A290_10.jpg 1417w\" sizes=\"(max-width: 1024px) 100vw, 1024px\" \/><\/figure>\n\n\n\n<figure class=\"wp-block-image size-large\"><img loading=\"lazy\" decoding=\"async\" width=\"1024\" height=\"683\" src=\"http:\/\/lignesauto.fr\/wp-content\/uploads\/2023\/05\/A290_11-1024x683.jpg\" alt=\"\" class=\"wp-image-29126\" srcset=\"https:\/\/lignesauto.fr\/wp-content\/uploads\/2023\/05\/A290_11-1024x683.jpg 1024w, https:\/\/lignesauto.fr\/wp-content\/uploads\/2023\/05\/A290_11-300x200.jpg 300w, https:\/\/lignesauto.fr\/wp-content\/uploads\/2023\/05\/A290_11-768x512.jpg 768w, https:\/\/lignesauto.fr\/wp-content\/uploads\/2023\/05\/A290_11.jpg 1417w\" sizes=\"(max-width: 1024px) 100vw, 1024px\" \/><\/figure>\n\n\n\n<p class=\"has-text-align-left\" style=\"font-size:19px\"><strong>FACE A LA RENAULT 5 PROTOTYPE \u00c9LECTRIQUE<\/strong><\/p>\n\n\n\n<p style=\"font-size:17px\">La Renault 5 Prototype 100% \u00e9lectrique inaugurera la nouvelle plateforme CMF B-EV. L&#8217;Alpine en b\u00e9n\u00e9ficiera avec plus de puissance et des trains roulants adapt\u00e9s. C\u00f4t\u00e9 design, l&#8217;Alpine sera forc\u00e9ment d\u00e9riv\u00e9e de la Renault. Avec de sensibles diff\u00e9rences.<\/p>\n\n\n\n<figure class=\"wp-block-image size-large\"><img loading=\"lazy\" decoding=\"async\" width=\"1024\" height=\"925\" src=\"http:\/\/lignesauto.fr\/wp-content\/uploads\/2023\/05\/A290_103-1024x925.png\" alt=\"\" class=\"wp-image-29134\" srcset=\"https:\/\/lignesauto.fr\/wp-content\/uploads\/2023\/05\/A290_103-1024x925.png 1024w, https:\/\/lignesauto.fr\/wp-content\/uploads\/2023\/05\/A290_103-300x271.png 300w, https:\/\/lignesauto.fr\/wp-content\/uploads\/2023\/05\/A290_103-768x694.png 768w, https:\/\/lignesauto.fr\/wp-content\/uploads\/2023\/05\/A290_103.png 1417w\" sizes=\"(max-width: 1024px) 100vw, 1024px\" \/><figcaption class=\"wp-element-caption\">En 1 : le bouclier de l&#8217;Alpine fera progresser la longueur, sup\u00e9rieure \u00e0 celle de la R5. En 2 : le show-car n&#8217;a que deux portes, mais elles seront quatre sur la version de s\u00e9rie car pas question de refaire un outillage de c\u00f4t\u00e9 de caisse. En 3 : les modifications sur le bloc avant seront plus minimes car cette zone est complexe techniquement (r\u00e9glementations chocs, moteur EV, etc.)<\/figcaption><\/figure>\n\n\n\n<figure class=\"wp-block-image size-large\"><img loading=\"lazy\" decoding=\"async\" width=\"1005\" height=\"1024\" src=\"http:\/\/lignesauto.fr\/wp-content\/uploads\/2023\/05\/A290_104-1005x1024.png\" alt=\"\" class=\"wp-image-29135\" srcset=\"https:\/\/lignesauto.fr\/wp-content\/uploads\/2023\/05\/A290_104-1005x1024.png 1005w, https:\/\/lignesauto.fr\/wp-content\/uploads\/2023\/05\/A290_104-294x300.png 294w, https:\/\/lignesauto.fr\/wp-content\/uploads\/2023\/05\/A290_104-768x783.png 768w, https:\/\/lignesauto.fr\/wp-content\/uploads\/2023\/05\/A290_104.png 1417w\" sizes=\"(max-width: 1005px) 100vw, 1005px\" \/><figcaption class=\"wp-element-caption\">En 1 : le diffuseur sera (en partie) conserv\u00e9. En 2 : l&#8217;Alpine fait ici honneur \u00e0 la R5 Turbo avec ses entr\u00e9es d&#8217;air factices. En 3 : le r\u00e9troviseur est implant\u00e9 en retrait car le si\u00e8ge pilote est \u00e9galement recul\u00e9. Rien de tout \u00e7a en s\u00e9rie.<\/figcaption><\/figure>\n\n\n\n<figure class=\"wp-block-image size-large\"><img loading=\"lazy\" decoding=\"async\" width=\"1024\" height=\"446\" src=\"http:\/\/lignesauto.fr\/wp-content\/uploads\/2023\/05\/A290_102-1024x446.png\" alt=\"\" class=\"wp-image-29136\" srcset=\"https:\/\/lignesauto.fr\/wp-content\/uploads\/2023\/05\/A290_102-1024x446.png 1024w, https:\/\/lignesauto.fr\/wp-content\/uploads\/2023\/05\/A290_102-300x131.png 300w, https:\/\/lignesauto.fr\/wp-content\/uploads\/2023\/05\/A290_102-768x334.png 768w, https:\/\/lignesauto.fr\/wp-content\/uploads\/2023\/05\/A290_102.png 1417w\" sizes=\"(max-width: 1024px) 100vw, 1024px\" \/><figcaption class=\"wp-element-caption\">En 1 : l&#8217;Alpine conservera-t-elle l&#8217;extraction d&#8217;air de part et d&#8217;autre de la vitre ? En 2 : le bandeau lumineux de la R5 est remplac\u00e9 par une excroissance (a\u00e9rodynamique ?) En 3 : les galbes de l&#8217;aile et du c\u00f4t\u00e9 de caisse sont identiques sur les 2 voitures. La voie \u00e9largie est couverte par un ajout de carbone. En 4 : le bouclier est plus rond et d\u00e9borde plus largement. Mais n&#8217;est-ce pas celui de la R5 EV qui aurait \u00e9volu\u00e9 depuis le concept de 2021 ?<\/figcaption><\/figure>\n\n\n\n<p style=\"font-size:19px\"><strong>FACE A LA RENAULT 5 TURBO (1978)<\/strong><\/p>\n\n\n\n<p style=\"font-size:17px\">Pr\u00e9sent\u00e9e en 1978 sur le stand Renault lors du salon de Paris, la R5 Turbo (ici la maquette d&#8217;\u00e9tude) a \u00e9t\u00e9 commercialis\u00e9e \u00e0 partir de 1980. L&#8217;Alpine s&#8217;en inspire tr\u00e8s largement, en dehors de son architecture m\u00e9canique.<\/p>\n\n\n\n<figure class=\"wp-block-image size-large\"><img loading=\"lazy\" decoding=\"async\" width=\"1024\" height=\"885\" src=\"http:\/\/lignesauto.fr\/wp-content\/uploads\/2023\/05\/A290_100-1024x885.png\" alt=\"\" class=\"wp-image-29138\" srcset=\"https:\/\/lignesauto.fr\/wp-content\/uploads\/2023\/05\/A290_100-1024x885.png 1024w, https:\/\/lignesauto.fr\/wp-content\/uploads\/2023\/05\/A290_100-300x259.png 300w, https:\/\/lignesauto.fr\/wp-content\/uploads\/2023\/05\/A290_100-768x664.png 768w, https:\/\/lignesauto.fr\/wp-content\/uploads\/2023\/05\/A290_100.png 1417w\" sizes=\"(max-width: 1024px) 100vw, 1024px\" \/><figcaption class=\"wp-element-caption\">En 1 : l&#8217;aileron du pavillon est quasi-identique ! En 2 : les deux feux positionn\u00e9s plus haut s&#8217;inspirent plut\u00f4t de ceux de la Supercinq. En 3 : le bouclier re\u00e7oit des ajouts a\u00e9rodynamiques en carbone. En 4 : les prises d&#8217;air lat\u00e9rales sont un v\u00e9ritable hommage \u00e0 la 5 Turbo. Mais le moteur de l&#8217;Alpine est&#8230; \u00e0 l&#8217;avant ! En 5 : le concept conserve les deux portes de la 5 Turbo, mais pas la version de s\u00e9rie. En 6 : m\u00eame le dessin du bas du bouclier est typiquement celui de la R5 Turbo.<\/figcaption><\/figure>\n\n\n\n<p class=\"has-text-align-center\" style=\"font-size:17px\"><strong>EN R\u00c9SUM\u00c9<\/strong><br><strong>Cette A290_\u00df pr\u00e9figure \u00e0 85% le style de l&#8217;A290 qui sera commercialis\u00e9e en 2024. C&#8217;est le premier v\u00e9hicule du dream garage et il sera suivi par le Crossover GT (segment compact) en 2025 et par la rempla\u00e7ante de l&#8217;A110 en collaboration avec Lotus en 2026.<\/strong><br><strong>Ces trois voitures sont exclusivement \u00e9lectriques.<\/strong><\/p>\n\n\n<div class=\"wp-block-image\">\n<figure class=\"aligncenter size-full is-resized\"><img loading=\"lazy\" decoding=\"async\" src=\"http:\/\/lignesauto.fr\/wp-content\/uploads\/2023\/05\/image-1.png\" alt=\"\" class=\"wp-image-29099\" width=\"470\" height=\"168\" srcset=\"https:\/\/lignesauto.fr\/wp-content\/uploads\/2023\/05\/image-1.png 1024w, https:\/\/lignesauto.fr\/wp-content\/uploads\/2023\/05\/image-1-300x108.png 300w, https:\/\/lignesauto.fr\/wp-content\/uploads\/2023\/05\/image-1-768x275.png 768w\" sizes=\"(max-width: 470px) 100vw, 470px\" \/><\/figure><\/div>","protected":false},"excerpt":{"rendered":"<p>On l\u2019attendait car elle \u00e9tait annonc\u00e9e depuis 2021. On se doutait qu\u2019il s\u2019agirait d\u2019une extrapolation du prochain mod\u00e8le Renault 5&nbsp;100% \u00e9lectrique, et pourtant, cette A290_\u00df semble encore plus l\u00e9gitime que sa grand-m\u00e8re R5 Alpine de 1976. Il est vrai que cette derni\u00e8re \u00e9tait un mod\u00e8le de la gamme Renault alors [&hellip;]<\/p>\n","protected":false},"author":1,"featured_media":29101,"comment_status":"closed","ping_status":"closed","sticky":false,"template":"","format":"standard","meta":{"footnotes":""},"categories":[1],"tags":[],"_links":{"self":[{"href":"https:\/\/lignesauto.fr\/index.php?rest_route=\/wp\/v2\/posts\/28891"}],"collection":[{"href":"https:\/\/lignesauto.fr\/index.php?rest_route=\/wp\/v2\/posts"}],"about":[{"href":"https:\/\/lignesauto.fr\/index.php?rest_route=\/wp\/v2\/types\/post"}],"author":[{"embeddable":true,"href":"https:\/\/lignesauto.fr\/index.php?rest_route=\/wp\/v2\/users\/1"}],"replies":[{"embeddable":true,"href":"https:\/\/lignesauto.fr\/index.php?rest_route=%2Fwp%2Fv2%2Fcomments&post=28891"}],"version-history":[{"count":57,"href":"https:\/\/lignesauto.fr\/index.php?rest_route=\/wp\/v2\/posts\/28891\/revisions"}],"predecessor-version":[{"id":29203,"href":"https:\/\/lignesauto.fr\/index.php?rest_route=\/wp\/v2\/posts\/28891\/revisions\/29203"}],"wp:featuredmedia":[{"embeddable":true,"href":"https:\/\/lignesauto.fr\/index.php?rest_route=\/wp\/v2\/media\/29101"}],"wp:attachment":[{"href":"https:\/\/lignesauto.fr\/index.php?rest_route=%2Fwp%2Fv2%2Fmedia&parent=28891"}],"wp:term":[{"taxonomy":"category","embeddable":true,"href":"https:\/\/lignesauto.fr\/index.php?rest_route=%2Fwp%2Fv2%2Fcategories&post=28891"},{"taxonomy":"post_tag","embeddable":true,"href":"https:\/\/lignesauto.fr\/index.php?rest_route=%2Fwp%2Fv2%2Ftags&post=28891"}],"curies":[{"name":"wp","href":"https:\/\/api.w.org\/{rel}","templated":true}]}}