{"id":29697,"date":"2023-08-29T11:49:43","date_gmt":"2023-08-29T09:49:43","guid":{"rendered":"http:\/\/lignesauto.fr\/?p=29697"},"modified":"2023-08-29T11:49:43","modified_gmt":"2023-08-29T09:49:43","slug":"il-y-a-20-ans-citroen-reinventait-lespace","status":"publish","type":"post","link":"https:\/\/lignesauto.fr\/?p=29697","title":{"rendered":"Il y a 20 ans, Citro\u00ebn r\u00e9inventait&#8230; l&#8217;Espace !"},"content":{"rendered":"<div class=\"wp-block-image\">\n<figure class=\"aligncenter size-full is-resized\"><img loading=\"lazy\" decoding=\"async\" src=\"http:\/\/lignesauto.fr\/wp-content\/uploads\/2023\/05\/image-1.png\" alt=\"\" class=\"wp-image-29099\" style=\"width:460px;height:165px\" width=\"460\" height=\"165\" srcset=\"https:\/\/lignesauto.fr\/wp-content\/uploads\/2023\/05\/image-1.png 1024w, https:\/\/lignesauto.fr\/wp-content\/uploads\/2023\/05\/image-1-300x108.png 300w, https:\/\/lignesauto.fr\/wp-content\/uploads\/2023\/05\/image-1-768x275.png 768w\" sizes=\"(max-width: 460px) 100vw, 460px\" \/><\/figure><\/div>\n\n\n<p style=\"font-size:17px\">Alors que le monde automobile n\u2019est pas encore submerg\u00e9 par le concept des SUV, Citro\u00ebn imagine en 2003 pouvoir transporter six personnes autrement que dans un monospace&nbsp;: voici C-Airlounge et son concept \u00e0 l&#8217;\u00e9poque assez in\u00e9dit.<\/p>\n\n\n\n<figure class=\"wp-block-image size-large\"><img loading=\"lazy\" decoding=\"async\" width=\"1024\" height=\"684\" src=\"http:\/\/lignesauto.fr\/wp-content\/uploads\/2023\/08\/LIGNES_01-1024x684.jpg\" alt=\"\" class=\"wp-image-29704\" srcset=\"https:\/\/lignesauto.fr\/wp-content\/uploads\/2023\/08\/LIGNES_01-1024x684.jpg 1024w, https:\/\/lignesauto.fr\/wp-content\/uploads\/2023\/08\/LIGNES_01-300x200.jpg 300w, https:\/\/lignesauto.fr\/wp-content\/uploads\/2023\/08\/LIGNES_01-768x513.jpg 768w, https:\/\/lignesauto.fr\/wp-content\/uploads\/2023\/08\/LIGNES_01.jpg 1417w\" sizes=\"(max-width: 1024px) 100vw, 1024px\" \/><\/figure>\n\n\n\n<p style=\"font-size:17px\">La BMW X5 apparue voici pr\u00e8s de trois ans n\u2019a pas encore donn\u00e9 naissance \u00e0 la gamme des BMW \u00ab&nbsp;X&nbsp;\u00bb. Le monde automobile ne connait pas la fr\u00e9n\u00e9sie des SUV, il est encore f\u00e9ru de monospaces, mais les services de marketing des constructeurs sentent d\u00e9j\u00e0 que le concept de cette voiture volumique, capable de transporter jusqu\u2019\u00e0 sept passagers, doit \u00e9voluer. Avant d\u2019\u00eatre balay\u00e9 par les SUV, les monospaces vont donc tenter d\u2019aller fouler d\u2019autres concepts, comme celui du break volumique, bas et habitable.<\/p>\n\n\n\n<figure class=\"wp-block-image size-large\"><img loading=\"lazy\" decoding=\"async\" width=\"1024\" height=\"681\" src=\"http:\/\/lignesauto.fr\/wp-content\/uploads\/2023\/08\/LIGNES_14-1024x681.jpg\" alt=\"\" class=\"wp-image-29705\" srcset=\"https:\/\/lignesauto.fr\/wp-content\/uploads\/2023\/08\/LIGNES_14-1024x681.jpg 1024w, https:\/\/lignesauto.fr\/wp-content\/uploads\/2023\/08\/LIGNES_14-300x200.jpg 300w, https:\/\/lignesauto.fr\/wp-content\/uploads\/2023\/08\/LIGNES_14-768x511.jpg 768w, https:\/\/lignesauto.fr\/wp-content\/uploads\/2023\/08\/LIGNES_14.jpg 1417w\" sizes=\"(max-width: 1024px) 100vw, 1024px\" \/><\/figure>\n\n\n\n<p style=\"font-size:17px\">En ce sens, le concept-car C-Airlounge qui est pr\u00e9sent\u00e9 au salon de Francfort 2003 est l\u2019un des premiers \u00e0 emprunter cette voie. Il sera suivi, cinq ans plus tard, du concept-car Renault Ondelios qui se risque lui aussi \u00e0 r\u00e9pondre \u00e0 la m\u00eame question&nbsp;: comment embarquer six passagers dans un confort royal et dans une ambiance int\u00e9rieure digne d\u2019un jet priv\u00e9&nbsp;!<\/p>\n\n\n\n<figure class=\"wp-block-image size-large\"><img loading=\"lazy\" decoding=\"async\" width=\"1024\" height=\"684\" src=\"http:\/\/lignesauto.fr\/wp-content\/uploads\/2023\/08\/LIGNES_16-1024x684.jpg\" alt=\"\" class=\"wp-image-29706\" srcset=\"https:\/\/lignesauto.fr\/wp-content\/uploads\/2023\/08\/LIGNES_16-1024x684.jpg 1024w, https:\/\/lignesauto.fr\/wp-content\/uploads\/2023\/08\/LIGNES_16-300x200.jpg 300w, https:\/\/lignesauto.fr\/wp-content\/uploads\/2023\/08\/LIGNES_16-768x513.jpg 768w, https:\/\/lignesauto.fr\/wp-content\/uploads\/2023\/08\/LIGNES_16.jpg 1417w\" sizes=\"(max-width: 1024px) 100vw, 1024px\" \/><\/figure>\n\n\n\n<p style=\"font-size:17px\">D\u00e9voil\u00e9 un an apr\u00e8s le concept-car C-Airdream, C-Airlounge en reprend l\u2019identit\u00e9 avec des chevrons ail\u00e9s et une absence de calandre. Ce th\u00e8me est pourtant tr\u00e8s vite abandonn\u00e9 puisque Jean-Pierre Plou\u00e9 oriente le design Citro\u00ebn vers des faces avant moins plongeantes, moins fr\u00eales et plus expressives.<\/p>\n\n\n\n<figure class=\"wp-block-image size-large\"><img loading=\"lazy\" decoding=\"async\" width=\"834\" height=\"1024\" src=\"http:\/\/lignesauto.fr\/wp-content\/uploads\/2023\/08\/LIGNES_02-834x1024.jpg\" alt=\"\" class=\"wp-image-29707\" srcset=\"https:\/\/lignesauto.fr\/wp-content\/uploads\/2023\/08\/LIGNES_02-834x1024.jpg 834w, https:\/\/lignesauto.fr\/wp-content\/uploads\/2023\/08\/LIGNES_02-244x300.jpg 244w, https:\/\/lignesauto.fr\/wp-content\/uploads\/2023\/08\/LIGNES_02-768x943.jpg 768w, https:\/\/lignesauto.fr\/wp-content\/uploads\/2023\/08\/LIGNES_02-1251x1536.jpg 1251w, https:\/\/lignesauto.fr\/wp-content\/uploads\/2023\/08\/LIGNES_02.jpg 1417w\" sizes=\"(max-width: 834px) 100vw, 834px\" \/><\/figure>\n\n\n\n<p style=\"font-size:17px\">Een 2003, ce langage formel est encore d\u2019actualit\u00e9. Le C4 Picasso qui sera commercialis\u00e9 en 2006, trois ans apr\u00e8s C-Airlounge, reprend exactement cette identit\u00e9, avec les barres du double chevron rejoignant les optiques sur une proue plongeante et d\u00e9munie de calandre. Avec moins de 4,50 m de longueur, le monospace de s\u00e9rie navigue dans un segment inf\u00e9rieur \u00e0 celui du concept-car C-Airlounge. Avec pr\u00e8s de 4,90 m, le concept de 2003 accueille six passagers (conducteur compris) dans une ambiance tr\u00e8s haut de gamme.<\/p>\n\n\n\n<figure class=\"wp-block-image size-large\"><img loading=\"lazy\" decoding=\"async\" width=\"1024\" height=\"684\" src=\"http:\/\/lignesauto.fr\/wp-content\/uploads\/2023\/08\/LIGNES_15-1024x684.jpg\" alt=\"\" class=\"wp-image-29708\" srcset=\"https:\/\/lignesauto.fr\/wp-content\/uploads\/2023\/08\/LIGNES_15-1024x684.jpg 1024w, https:\/\/lignesauto.fr\/wp-content\/uploads\/2023\/08\/LIGNES_15-300x200.jpg 300w, https:\/\/lignesauto.fr\/wp-content\/uploads\/2023\/08\/LIGNES_15-768x513.jpg 768w, https:\/\/lignesauto.fr\/wp-content\/uploads\/2023\/08\/LIGNES_15.jpg 1417w\" sizes=\"(max-width: 1024px) 100vw, 1024px\" \/><\/figure>\n\n\n\n<p style=\"font-size:17px\">Le design de ce prototype de salon est sign\u00e9 Domagoj Dukec, aujourd\u2019hui responsable du design BMW, sous la responsabilit\u00e9 d\u2019Adrian van Hooydonk. Domagoj a notamment suivi le d\u00e9veloppement du concept-car Citro\u00ebn Hypnos en 2008. Le C-Airlounge est trait\u00e9 sans ligne de carre. Ses flancs sont lisses et l\u2019absence de montant lat\u00e9ral participe \u00e0 cet effet de style-galet. Pour compenser cette absente de montant, les si\u00e8ges embarquent les ceintures de s\u00e9curit\u00e9. Le dessin des feux arri\u00e8re n\u2019est pas sans \u00e9voquer ceux du break C5 de la premi\u00e8re g\u00e9n\u00e9ration.<\/p>\n\n\n\n<figure class=\"wp-block-image size-large\"><img loading=\"lazy\" decoding=\"async\" width=\"1024\" height=\"459\" src=\"http:\/\/lignesauto.fr\/wp-content\/uploads\/2023\/08\/LIGNES_100-1024x459.png\" alt=\"\" class=\"wp-image-29710\" srcset=\"https:\/\/lignesauto.fr\/wp-content\/uploads\/2023\/08\/LIGNES_100-1024x459.png 1024w, https:\/\/lignesauto.fr\/wp-content\/uploads\/2023\/08\/LIGNES_100-300x134.png 300w, https:\/\/lignesauto.fr\/wp-content\/uploads\/2023\/08\/LIGNES_100-768x344.png 768w, https:\/\/lignesauto.fr\/wp-content\/uploads\/2023\/08\/LIGNES_100.png 1417w\" sizes=\"(max-width: 1024px) 100vw, 1024px\" \/><\/figure>\n\n\n\n<p style=\"font-size:17px\">Plut\u00f4t bas avec 1,68 m, C-Airlounge accueille cinq ou six passagers en plus du conducteur. La premi\u00e8re teinte du concept-car est un noir soutenu (il sera ensuite repeint d\u2019un beige pas plus seyant) qui tranche r\u00e9solument avec un habitacle drap\u00e9 de cuir blanc. Cette atmosph\u00e8re feutr\u00e9e et luxueuse s\u2019explique autrement que par ce seul choix d\u2019une teinte claire.<\/p>\n\n\n\n<figure class=\"wp-block-image size-large\"><img loading=\"lazy\" decoding=\"async\" width=\"1024\" height=\"683\" src=\"http:\/\/lignesauto.fr\/wp-content\/uploads\/2023\/08\/LIGNES_09-1024x683.jpg\" alt=\"\" class=\"wp-image-29711\" srcset=\"https:\/\/lignesauto.fr\/wp-content\/uploads\/2023\/08\/LIGNES_09-1024x683.jpg 1024w, https:\/\/lignesauto.fr\/wp-content\/uploads\/2023\/08\/LIGNES_09-300x200.jpg 300w, https:\/\/lignesauto.fr\/wp-content\/uploads\/2023\/08\/LIGNES_09-768x512.jpg 768w, https:\/\/lignesauto.fr\/wp-content\/uploads\/2023\/08\/LIGNES_09.jpg 1417w\" sizes=\"(max-width: 1024px) 100vw, 1024px\" \/><\/figure>\n\n\n\n<p style=\"font-size:17px\">Elle est destin\u00e9e \u00e0 cr\u00e9er une v\u00e9ritable sc\u00e9nographie \u00e0 bord puisque des petits projecteurs diffusent diff\u00e9rentes sc\u00e8nes, projetant sur la sellerie des si\u00e8ges mais \u00e9galement sur les mat\u00e9riaux des contre-portes quatre ambiances lumineuses diff\u00e9rentes r\u00e9pondant aux noms de \u00ab&nbsp;convivial&nbsp;\u00bb, \u00ab&nbsp;romantique&nbsp;\u00bb, \u00ab&nbsp;baroque&nbsp;\u00bb et &nbsp;\u00ab&nbsp;intense \u00bb.<\/p>\n\n\n\n<figure class=\"wp-block-image size-large\"><img loading=\"lazy\" decoding=\"async\" width=\"1024\" height=\"683\" src=\"http:\/\/lignesauto.fr\/wp-content\/uploads\/2023\/08\/LIGNES_11-1024x683.jpg\" alt=\"\" class=\"wp-image-29712\" srcset=\"https:\/\/lignesauto.fr\/wp-content\/uploads\/2023\/08\/LIGNES_11-1024x683.jpg 1024w, https:\/\/lignesauto.fr\/wp-content\/uploads\/2023\/08\/LIGNES_11-300x200.jpg 300w, https:\/\/lignesauto.fr\/wp-content\/uploads\/2023\/08\/LIGNES_11-768x512.jpg 768w, https:\/\/lignesauto.fr\/wp-content\/uploads\/2023\/08\/LIGNES_11.jpg 1417w\" sizes=\"(max-width: 1024px) 100vw, 1024px\" \/><\/figure>\n\n\n\n<p style=\"font-size:17px\">Ces travaux ne sont pas sans importance car ces ann\u00e9es 2000 mettent en avant un nouveau chapitre du traitement des habitacles, avec l\u2019int\u00e9gration progressive de fils de lumi\u00e8re. R\u00e9serv\u00e9 dans un premier temps aux v\u00e9hicules haut de gamme, ce nouveau concept est d\u00e9sormais disponible sur des citadines de taille moyenne.<\/p>\n\n\n\n<figure class=\"wp-block-image size-large\"><img loading=\"lazy\" decoding=\"async\" width=\"1024\" height=\"683\" src=\"http:\/\/lignesauto.fr\/wp-content\/uploads\/2023\/08\/LIGNES_10-1024x683.jpg\" alt=\"\" class=\"wp-image-29713\" srcset=\"https:\/\/lignesauto.fr\/wp-content\/uploads\/2023\/08\/LIGNES_10-1024x683.jpg 1024w, https:\/\/lignesauto.fr\/wp-content\/uploads\/2023\/08\/LIGNES_10-300x200.jpg 300w, https:\/\/lignesauto.fr\/wp-content\/uploads\/2023\/08\/LIGNES_10-768x512.jpg 768w, https:\/\/lignesauto.fr\/wp-content\/uploads\/2023\/08\/LIGNES_10.jpg 1417w\" sizes=\"(max-width: 1024px) 100vw, 1024px\" \/><\/figure>\n\n\n\n<p style=\"font-size:17px\">En 2003, \u00e0 bord de C-Airlounge, cette sc\u00e9nographie amuse et pointe un int\u00e9r\u00eat certain sur ce concept-car qui, de l\u2019aveu m\u00eame de certains chez Citro\u00ebn, ne restera pas le plus marquant de cette entame des ann\u00e9es 2000. Outre son habitacle tr\u00e8s \u00e9pur\u00e9, on rel\u00e8ve la pr\u00e9sence d\u2019une \u00e9paisse moquette de laine en guise de clin d\u2019\u0153il aux premi\u00e8res DS, alors que les panneaux de portes accueillent des m\u00e9daillons rev\u00eatus de soie. Plus tard, DS Automobiles s\u2019en souviendra pour ses propres concept-cars&#8230;<\/p>\n\n\n\n<figure class=\"wp-block-image size-large\"><img loading=\"lazy\" decoding=\"async\" width=\"1024\" height=\"682\" src=\"http:\/\/lignesauto.fr\/wp-content\/uploads\/2023\/08\/LIGNES_08-1024x682.jpeg\" alt=\"\" class=\"wp-image-29714\" srcset=\"https:\/\/lignesauto.fr\/wp-content\/uploads\/2023\/08\/LIGNES_08-1024x682.jpeg 1024w, https:\/\/lignesauto.fr\/wp-content\/uploads\/2023\/08\/LIGNES_08-300x200.jpeg 300w, https:\/\/lignesauto.fr\/wp-content\/uploads\/2023\/08\/LIGNES_08-768x512.jpeg 768w, https:\/\/lignesauto.fr\/wp-content\/uploads\/2023\/08\/LIGNES_08.jpeg 1417w\" sizes=\"(max-width: 1024px) 100vw, 1024px\" \/><\/figure>\n\n\n\n<p style=\"font-size:17px\">Les bagages sont quant \u00e0 eux sign\u00e9s Herm\u00e8s. Comme C-Crosser et C-Airdream juste avant lui, le concept adopte un immense pavillon de verre confirmant cette sensation de grande luminosit\u00e9 \u00e0 bord o\u00f9 chacun des passagers disposent de son espace personnel, comme \u00e0 bord d\u2019un jet priv\u00e9.<\/p>\n\n\n\n<figure class=\"wp-block-image size-large\"><img loading=\"lazy\" decoding=\"async\" width=\"1024\" height=\"681\" src=\"http:\/\/lignesauto.fr\/wp-content\/uploads\/2023\/08\/LIGNES_13-1024x681.jpg\" alt=\"\" class=\"wp-image-29715\" srcset=\"https:\/\/lignesauto.fr\/wp-content\/uploads\/2023\/08\/LIGNES_13-1024x681.jpg 1024w, https:\/\/lignesauto.fr\/wp-content\/uploads\/2023\/08\/LIGNES_13-300x200.jpg 300w, https:\/\/lignesauto.fr\/wp-content\/uploads\/2023\/08\/LIGNES_13-768x511.jpg 768w, https:\/\/lignesauto.fr\/wp-content\/uploads\/2023\/08\/LIGNES_13.jpg 1417w\" sizes=\"(max-width: 1024px) 100vw, 1024px\" \/><\/figure>\n\n\n\n<p style=\"font-size:17px\">Mais de jet priv\u00e9 \u00e0 roulettes, il n\u2019y aura point. Si l\u2019Ondelios a donn\u00e9 naissance chez Renault \u00e0 l\u2019Espace de la 5e g\u00e9n\u00e9ration, Citro\u00ebn a abandonn\u00e9 ce concept de \u00ab&nbsp;break-volumique&nbsp;\u00bb au profit de v\u00e9hicule assumant totalement les codes stylistiques et le gabarit des SUV purs et durs. Le C5 Aircross va d\u2019ailleurs pousser le monospace C4 SpaceTourer, ex-C4 Picasso, \u00e0 la retraite&nbsp;!<\/p>\n\n\n\n<figure class=\"wp-block-image size-large\"><img loading=\"lazy\" decoding=\"async\" width=\"1024\" height=\"834\" src=\"http:\/\/lignesauto.fr\/wp-content\/uploads\/2023\/08\/LIGNES_07-1024x834.jpg\" alt=\"\" class=\"wp-image-29716\" srcset=\"https:\/\/lignesauto.fr\/wp-content\/uploads\/2023\/08\/LIGNES_07-1024x834.jpg 1024w, https:\/\/lignesauto.fr\/wp-content\/uploads\/2023\/08\/LIGNES_07-300x244.jpg 300w, https:\/\/lignesauto.fr\/wp-content\/uploads\/2023\/08\/LIGNES_07-768x625.jpg 768w, https:\/\/lignesauto.fr\/wp-content\/uploads\/2023\/08\/LIGNES_07.jpg 1417w\" sizes=\"(max-width: 1024px) 100vw, 1024px\" \/><\/figure>\n\n\n<div class=\"wp-block-image\">\n<figure class=\"aligncenter size-full is-resized\"><img loading=\"lazy\" decoding=\"async\" src=\"http:\/\/lignesauto.fr\/wp-content\/uploads\/2023\/05\/image-1.png\" alt=\"\" class=\"wp-image-29099\" style=\"width:460px;height:165px\" width=\"460\" height=\"165\" srcset=\"https:\/\/lignesauto.fr\/wp-content\/uploads\/2023\/05\/image-1.png 1024w, https:\/\/lignesauto.fr\/wp-content\/uploads\/2023\/05\/image-1-300x108.png 300w, https:\/\/lignesauto.fr\/wp-content\/uploads\/2023\/05\/image-1-768x275.png 768w\" sizes=\"(max-width: 460px) 100vw, 460px\" \/><\/figure><\/div>","protected":false},"excerpt":{"rendered":"<p>Alors que le monde automobile n\u2019est pas encore submerg\u00e9 par le concept des SUV, Citro\u00ebn imagine en 2003 pouvoir transporter six personnes autrement que dans un monospace&nbsp;: voici C-Airlounge et son concept \u00e0 l&#8217;\u00e9poque assez in\u00e9dit. La BMW X5 apparue voici pr\u00e8s de trois ans n\u2019a pas encore donn\u00e9 naissance [&hellip;]<\/p>\n","protected":false},"author":1,"featured_media":29703,"comment_status":"closed","ping_status":"closed","sticky":false,"template":"","format":"standard","meta":{"footnotes":""},"categories":[1],"tags":[],"_links":{"self":[{"href":"https:\/\/lignesauto.fr\/index.php?rest_route=\/wp\/v2\/posts\/29697"}],"collection":[{"href":"https:\/\/lignesauto.fr\/index.php?rest_route=\/wp\/v2\/posts"}],"about":[{"href":"https:\/\/lignesauto.fr\/index.php?rest_route=\/wp\/v2\/types\/post"}],"author":[{"embeddable":true,"href":"https:\/\/lignesauto.fr\/index.php?rest_route=\/wp\/v2\/users\/1"}],"replies":[{"embeddable":true,"href":"https:\/\/lignesauto.fr\/index.php?rest_route=%2Fwp%2Fv2%2Fcomments&post=29697"}],"version-history":[{"count":12,"href":"https:\/\/lignesauto.fr\/index.php?rest_route=\/wp\/v2\/posts\/29697\/revisions"}],"predecessor-version":[{"id":29725,"href":"https:\/\/lignesauto.fr\/index.php?rest_route=\/wp\/v2\/posts\/29697\/revisions\/29725"}],"wp:featuredmedia":[{"embeddable":true,"href":"https:\/\/lignesauto.fr\/index.php?rest_route=\/wp\/v2\/media\/29703"}],"wp:attachment":[{"href":"https:\/\/lignesauto.fr\/index.php?rest_route=%2Fwp%2Fv2%2Fmedia&parent=29697"}],"wp:term":[{"taxonomy":"category","embeddable":true,"href":"https:\/\/lignesauto.fr\/index.php?rest_route=%2Fwp%2Fv2%2Fcategories&post=29697"},{"taxonomy":"post_tag","embeddable":true,"href":"https:\/\/lignesauto.fr\/index.php?rest_route=%2Fwp%2Fv2%2Ftags&post=29697"}],"curies":[{"name":"wp","href":"https:\/\/api.w.org\/{rel}","templated":true}]}}