{"id":29736,"date":"2023-09-03T11:07:54","date_gmt":"2023-09-03T09:07:54","guid":{"rendered":"http:\/\/lignesauto.fr\/?p=29736"},"modified":"2023-09-03T11:07:55","modified_gmt":"2023-09-03T09:07:55","slug":"inedit-lancienne-bmw-neue-klasse-de-1961-face-a-la-nouvelle-de-2023","status":"publish","type":"post","link":"https:\/\/lignesauto.fr\/?p=29736","title":{"rendered":"In\u00e9dit\u00a0: l\u2019ancienne BMW Neue Klasse de 1961 face \u00e0 la nouvelle de 2023."},"content":{"rendered":"<div class=\"wp-block-image\">\n<figure class=\"aligncenter size-full is-resized\"><img loading=\"lazy\" decoding=\"async\" src=\"http:\/\/lignesauto.fr\/wp-content\/uploads\/2023\/05\/image-1.png\" alt=\"\" class=\"wp-image-29099\" style=\"width:650px;height:233px\" width=\"650\" height=\"233\" srcset=\"https:\/\/lignesauto.fr\/wp-content\/uploads\/2023\/05\/image-1.png 1024w, https:\/\/lignesauto.fr\/wp-content\/uploads\/2023\/05\/image-1-300x108.png 300w, https:\/\/lignesauto.fr\/wp-content\/uploads\/2023\/05\/image-1-768x275.png 768w\" sizes=\"(max-width: 650px) 100vw, 650px\" \/><\/figure><\/div>\n\n\n<figure class=\"wp-block-image size-large\"><img loading=\"lazy\" decoding=\"async\" width=\"1024\" height=\"768\" src=\"http:\/\/lignesauto.fr\/wp-content\/uploads\/2023\/09\/BMW_200-1024x768.jpg\" alt=\"\" class=\"wp-image-29755\" srcset=\"https:\/\/lignesauto.fr\/wp-content\/uploads\/2023\/09\/BMW_200-1024x768.jpg 1024w, https:\/\/lignesauto.fr\/wp-content\/uploads\/2023\/09\/BMW_200-300x225.jpg 300w, https:\/\/lignesauto.fr\/wp-content\/uploads\/2023\/09\/BMW_200-768x576.jpg 768w, https:\/\/lignesauto.fr\/wp-content\/uploads\/2023\/09\/BMW_200.jpg 1417w\" sizes=\"(max-width: 1024px) 100vw, 1024px\" \/><\/figure>\n\n\n\n<p style=\"font-size:17px\">C\u2019\u00e9tait il y a 62 ans. Il fallait attendre une demi-heure pour acc\u00e9der au stand BMW lors du Salon international de l\u2019automobile (IAA) de Francfort. C\u2019\u00e9tait en 1961 et BMW parlait pour la premi\u00e8re fois de sa NEUE KLASSE. \u00ab&nbsp;<em>Tous ceux qui se trouvaient dans la vaste zone d&#8217;exposition, pour quelque raison que ce soit, se sentaient attir\u00e9s par le stand des Bayerische Motoren Werke<\/em>&nbsp;\u00bb, notent alors les journalistes d&#8217;un grand magazine allemand, \u00ab&nbsp;<em>ou, pour \u00eatre plus pr\u00e9cis, par la nouvelle voiture de milieu de gamme BMW qui \u00e9tait expos\u00e9e au public pour la premi\u00e8re fois sur le stand de BMW.&nbsp;<\/em>\u00bb 62 ans plus tard, le contexte est \u00e9videmment diff\u00e9rent, mais la pr\u00e9sentation de la \u00ab&nbsp;new&nbsp;\u00bb Neue Klasse en 2023 est un \u00e9v\u00e9nement que le constructeur consid\u00e8re aussi impactant que celui de 1961.<\/p>\n\n\n\n<figure class=\"wp-block-image size-large\"><img loading=\"lazy\" decoding=\"async\" width=\"837\" height=\"1024\" src=\"http:\/\/lignesauto.fr\/wp-content\/uploads\/2023\/09\/BMW_01-837x1024.png\" alt=\"\" class=\"wp-image-29744\" srcset=\"https:\/\/lignesauto.fr\/wp-content\/uploads\/2023\/09\/BMW_01-837x1024.png 837w, https:\/\/lignesauto.fr\/wp-content\/uploads\/2023\/09\/BMW_01-245x300.png 245w, https:\/\/lignesauto.fr\/wp-content\/uploads\/2023\/09\/BMW_01-768x940.png 768w, https:\/\/lignesauto.fr\/wp-content\/uploads\/2023\/09\/BMW_01-1255x1536.png 1255w, https:\/\/lignesauto.fr\/wp-content\/uploads\/2023\/09\/BMW_01.png 1417w\" sizes=\"(max-width: 837px) 100vw, 837px\" \/><\/figure>\n\n\n\n<p style=\"font-size:17px\">Car au d\u00e9but des ann\u00e9es 1960, le revenu moyen en Allemagne, qui \u00e9tait initialement le principal march\u00e9 cible de la BMW 1500, augmentait d&#8217;environ 10 % par an et atteignait 6 723 DM en 1961. Cette ann\u00e9e-l\u00e0, le nombre d&#8217;immatriculations de voitures neuves en Allemagne franchissait pour la premi\u00e8re fois le seuil du million. La hausse des revenus s&#8217;accompagne alors d&#8217;une augmentation des exigences en mati\u00e8re d&#8217;automobiles, auxquelles BMW n&#8217;\u00e9tait alors pas en mesure de r\u00e9pondre avec sa gamme de mod\u00e8les existante.<\/p>\n\n\n\n<figure class=\"wp-block-image size-large\"><img loading=\"lazy\" decoding=\"async\" width=\"1024\" height=\"859\" src=\"http:\/\/lignesauto.fr\/wp-content\/uploads\/2023\/09\/BMW_02-1024x859.png\" alt=\"\" class=\"wp-image-29745\" srcset=\"https:\/\/lignesauto.fr\/wp-content\/uploads\/2023\/09\/BMW_02-1024x859.png 1024w, https:\/\/lignesauto.fr\/wp-content\/uploads\/2023\/09\/BMW_02-300x252.png 300w, https:\/\/lignesauto.fr\/wp-content\/uploads\/2023\/09\/BMW_02-768x644.png 768w, https:\/\/lignesauto.fr\/wp-content\/uploads\/2023\/09\/BMW_02.png 1417w\" sizes=\"(max-width: 1024px) 100vw, 1024px\" \/><\/figure>\n\n\n\n<p style=\"font-size:17px\">Entre la berline huit cylindres conservatrice et la petite voiture de la s\u00e9rie 700, il n&#8217;y avait rien \u00e0 offrir aux classes moyennes en devenir. De plus, le mod\u00e8le haut de gamme Borgward Isabella a laiss\u00e9 un vide dans la gamme moyenne lorsque l&#8217;usine automobile de Br\u00eame a annonc\u00e9 son d\u00e9p\u00f4t de bilan quelques semaines avant l&#8217;IAA. Avec sa 1500, BMW arrivait \u00e0 point nomm\u00e9 pour combler le vide laiss\u00e9 par Borgward.<\/p>\n\n\n\n<figure class=\"wp-block-image size-large\"><img loading=\"lazy\" decoding=\"async\" width=\"1011\" height=\"1024\" src=\"http:\/\/lignesauto.fr\/wp-content\/uploads\/2023\/09\/BMW_03-1011x1024.png\" alt=\"\" class=\"wp-image-29746\" srcset=\"https:\/\/lignesauto.fr\/wp-content\/uploads\/2023\/09\/BMW_03-1011x1024.png 1011w, https:\/\/lignesauto.fr\/wp-content\/uploads\/2023\/09\/BMW_03-296x300.png 296w, https:\/\/lignesauto.fr\/wp-content\/uploads\/2023\/09\/BMW_03-768x778.png 768w, https:\/\/lignesauto.fr\/wp-content\/uploads\/2023\/09\/BMW_03.png 1417w\" sizes=\"(max-width: 1011px) 100vw, 1011px\" \/><\/figure>\n\n\n\n<p style=\"font-size:17px\">En 2023, la Neue Klasse d\u00e9voile les contours de la future gamme des BMW 100% EV du gabarit de la S\u00e9rie 3. La berline \u00ab&nbsp;classique&nbsp;\u00bb pr\u00e9sent\u00e9e \u00e0 Munich sera accompagn\u00e9e par d\u2019autres silhouettes \u00e0 partir de 2025. Oliver Zipse, pr\u00e9sident du conseil d&#8217;administration de BMW balaye les doutes&nbsp;: \u00ab&nbsp;<em>la BMW Vision Neue Klasse combine notre capacit\u00e9 \u00e0 innover dans les domaines essentiels que sont l&#8217;\u00e9lectrification, le digital et la circularit\u00e9. Nous montrons que nous sommes toujours en mesure de garder une longueur d&#8217;avance sur le futur : la Neue Klasse fera entrer BMW dans une nouvelle \u00e8re.<\/em> \u00bb<\/p>\n\n\n\n<figure class=\"wp-block-image size-large\"><img loading=\"lazy\" decoding=\"async\" width=\"709\" height=\"1024\" src=\"http:\/\/lignesauto.fr\/wp-content\/uploads\/2023\/09\/BMW_07-709x1024.png\" alt=\"\" class=\"wp-image-29747\" srcset=\"https:\/\/lignesauto.fr\/wp-content\/uploads\/2023\/09\/BMW_07-709x1024.png 709w, https:\/\/lignesauto.fr\/wp-content\/uploads\/2023\/09\/BMW_07-208x300.png 208w, https:\/\/lignesauto.fr\/wp-content\/uploads\/2023\/09\/BMW_07-768x1110.png 768w, https:\/\/lignesauto.fr\/wp-content\/uploads\/2023\/09\/BMW_07-1063x1536.png 1063w, https:\/\/lignesauto.fr\/wp-content\/uploads\/2023\/09\/BMW_07.png 1417w\" sizes=\"(max-width: 709px) 100vw, 709px\" \/><\/figure>\n\n\n\n<p style=\"font-size:17px\">Exactement ce qu\u2019il s\u2019est pass\u00e9 en 1961. A l\u2019\u00e9poque, le studio de style de la firme allemande tentait ses propres propositions mais c\u2019est pourtant un consultant de renom, Giovanni Michelotti, qui en signe le design. La Neue Klasse de 1961 ne s\u2019embarrassait pas d\u2019exc\u00e8s stylistique. BMW dira plus tard \u00ab&nbsp;<em>qu\u2019elle \u00e9tait si subtile et classique dans sa forme profil\u00e9e qu&#8217;elle allait perdurer pendant tr\u00e8s longtemps. Le design n&#8217;\u00e9tait ni conservateur ni influenc\u00e9 par le style am\u00e9ricain &#8211; il rappelait plut\u00f4t les voitures italiennes<\/em>&nbsp;\u00bb. Lors de l&#8217;\u00e9laboration du design de la 1500, Wilhelm Hofmeister, le styliste en chef de BMW, avait demand\u00e9 conseil \u00e0 Giovanni Michelotti, qui avait d\u00e9j\u00e0 collabor\u00e9 \u00e0 la 700. L&#8217;\u00e9quipe d&#8217;Hofmeister a d\u00e9velopp\u00e9 le projet de Michelotti jusqu&#8217;\u00e0 son ach\u00e8vement, et la carrosserie de la voiture arborait les lignes modernes et \u00e9pur\u00e9es de Michelotti, ainsi qu&#8217;une calandre rappelant l&#8217;\u00e9poque de la 507.<\/p>\n\n\n\n<figure class=\"wp-block-image size-large\"><img loading=\"lazy\" decoding=\"async\" width=\"715\" height=\"1024\" src=\"http:\/\/lignesauto.fr\/wp-content\/uploads\/2023\/09\/BMW_08-715x1024.png\" alt=\"\" class=\"wp-image-29748\" srcset=\"https:\/\/lignesauto.fr\/wp-content\/uploads\/2023\/09\/BMW_08-715x1024.png 715w, https:\/\/lignesauto.fr\/wp-content\/uploads\/2023\/09\/BMW_08-210x300.png 210w, https:\/\/lignesauto.fr\/wp-content\/uploads\/2023\/09\/BMW_08-768x1099.png 768w, https:\/\/lignesauto.fr\/wp-content\/uploads\/2023\/09\/BMW_08-1073x1536.png 1073w, https:\/\/lignesauto.fr\/wp-content\/uploads\/2023\/09\/BMW_08.png 1417w\" sizes=\"(max-width: 715px) 100vw, 715px\" \/><\/figure>\n\n\n\n<p style=\"font-size:17px\">En 2023, ce n\u2019est pas le m\u00eame cheminement qui a \u00e9t\u00e9 act\u00e9 par l\u2019\u00e9quipe d\u2019Adrian van Hooydonk, responsable du design du groupe BMW qui pr\u00e9cise que \u00ab<em>&nbsp;le design de la Neue Klasse est typique de BMW et tellement avant-gardiste qu&#8217;on dirait que nous avons saut\u00e9 une g\u00e9n\u00e9ration de mod\u00e8les<\/em>&nbsp;\u00bb La Neue Klasse de 2023 marque effectivement une rupture en termes de langage de style. Retour vers un design tr\u00e8s europ\u00e9en, d\u00e9laissant les outrances d\u2019un style programm\u00e9 en partie pour l\u2019Asie. Retour \u00e0 des formes simples, d\u00e9nu\u00e9es de tous les gimmicks excessifs qui avaient fini par faire basculer le design BMW dans la caricature.<\/p>\n\n\n\n<figure class=\"wp-block-image size-large\"><img loading=\"lazy\" decoding=\"async\" width=\"939\" height=\"1024\" src=\"http:\/\/lignesauto.fr\/wp-content\/uploads\/2023\/09\/BMW_09-939x1024.png\" alt=\"\" class=\"wp-image-29749\" srcset=\"https:\/\/lignesauto.fr\/wp-content\/uploads\/2023\/09\/BMW_09-939x1024.png 939w, https:\/\/lignesauto.fr\/wp-content\/uploads\/2023\/09\/BMW_09-275x300.png 275w, https:\/\/lignesauto.fr\/wp-content\/uploads\/2023\/09\/BMW_09-768x838.png 768w, https:\/\/lignesauto.fr\/wp-content\/uploads\/2023\/09\/BMW_09-1408x1536.png 1408w, https:\/\/lignesauto.fr\/wp-content\/uploads\/2023\/09\/BMW_09.png 1417w\" sizes=\"(max-width: 939px) 100vw, 939px\" \/><\/figure>\n\n\n\n<p style=\"font-size:17px\">Le design de 2023 met ainsi en valeur les \u00e9l\u00e9ments de l\u2019ADN traditionnel de BMW tels, que la double calandre enfin r\u00e9duite \u00e0 un gabarit acceptable et le Hofmeister Kink sur le montant arri\u00e8re. En 1961, cette ligne Hofmeister a \u00e9t\u00e9 \u00e9labor\u00e9e pour des raisons de rigidit\u00e9 de la structure comme le rappelait BMW&nbsp;: \u00ab&nbsp;<em>la base d&#8217;appui \u00e9largie du pilier \u00ab&nbsp;C&nbsp;\u00bb \u00e9tait le r\u00e9sultat de la construction en acier monobloc de la 1500, con\u00e7ue pour exclure toute faiblesse potentielle au niveau de la transition avec le toit. En hommage au directeur du design Wilhelm Hofmeister, qui avait d\u00e9velopp\u00e9 cette forme en tant qu\u2019\u00e9l\u00e9ment de l\u2019ADN du style BMW, elle fut connue des ann\u00e9es plus tard sous le nom de ligne Hofmeister.<\/em>&nbsp;\u00bb<\/p>\n\n\n\n<figure class=\"wp-block-image size-large\"><img loading=\"lazy\" decoding=\"async\" width=\"893\" height=\"1024\" src=\"http:\/\/lignesauto.fr\/wp-content\/uploads\/2023\/09\/BMW_04-893x1024.png\" alt=\"\" class=\"wp-image-29750\" srcset=\"https:\/\/lignesauto.fr\/wp-content\/uploads\/2023\/09\/BMW_04-893x1024.png 893w, https:\/\/lignesauto.fr\/wp-content\/uploads\/2023\/09\/BMW_04-262x300.png 262w, https:\/\/lignesauto.fr\/wp-content\/uploads\/2023\/09\/BMW_04-768x880.png 768w, https:\/\/lignesauto.fr\/wp-content\/uploads\/2023\/09\/BMW_04-1340x1536.png 1340w, https:\/\/lignesauto.fr\/wp-content\/uploads\/2023\/09\/BMW_04.png 1417w\" sizes=\"(max-width: 893px) 100vw, 893px\" \/><\/figure>\n\n\n\n<p style=\"font-size:17px\">Techniquement aussi, les architectures des deux Neue Klasse de 1961 et 2023 n\u2019ont pas grand-chose en commun. La premi\u00e8re \u00e9tait fi\u00e8re de son tout nouveau quatre cylindres de 1,5 litre d\u00e9velopp\u00e9 par Alexander von Falkenhausen, le gourou des moteurs BMW. Ce bloc d\u00e9livrait 80 ch et permettait \u00e0 la 1500 d&#8217;atteindre une vitesse de pointe de 150 km\/h et un 0 \u00e0 100 km\/h en 16,8 secondes.<\/p>\n\n\n\n<figure class=\"wp-block-image size-large\"><img loading=\"lazy\" decoding=\"async\" width=\"992\" height=\"1024\" src=\"http:\/\/lignesauto.fr\/wp-content\/uploads\/2023\/09\/BMW_05-992x1024.png\" alt=\"\" class=\"wp-image-29751\" srcset=\"https:\/\/lignesauto.fr\/wp-content\/uploads\/2023\/09\/BMW_05-992x1024.png 992w, https:\/\/lignesauto.fr\/wp-content\/uploads\/2023\/09\/BMW_05-291x300.png 291w, https:\/\/lignesauto.fr\/wp-content\/uploads\/2023\/09\/BMW_05-768x793.png 768w, https:\/\/lignesauto.fr\/wp-content\/uploads\/2023\/09\/BMW_05.png 1417w\" sizes=\"(max-width: 992px) 100vw, 992px\" \/><\/figure>\n\n\n\n<p style=\"font-size:17px\">En 2025, la Neue Klasse des temps modernes adoptera une plateforme 100% \u00e9lectrique, \u00e9videmment sur laquelle le constructeur reste encore discret&nbsp;: \u00ab <em>la motorisation enti\u00e8rement \u00e9lectrique est dot\u00e9e de la technologie BMW eDrive de sixi\u00e8me g\u00e9n\u00e9ration. Elle apportera 30&nbsp;% d&#8217;autonomie en plus, une recharge 30&nbsp;% plus rapide, 25&nbsp;% d\u2019efficience en plus<\/em>&nbsp;\u00bb, explique Frank Weber, en charge du d\u00e9veloppement.&nbsp;\u00ab&nbsp;<em>Avec la Neue Klasse, nous avons r\u00e9alis\u00e9 le plus gros investissement de l&#8217;histoire de l&#8217;entreprise. Nous ne nous contentons pas d&#8217;\u00e9crire le prochain chapitre de BMW&nbsp;; nous \u00e9crivons un tout nouveau livre. C&#8217;est pourquoi la Neue Klasse aura un impact sur toutes les futures g\u00e9n\u00e9rations de mod\u00e8les.<\/em>&nbsp;\u00bb<\/p>\n\n\n\n<figure class=\"wp-block-image size-large\"><img loading=\"lazy\" decoding=\"async\" width=\"1005\" height=\"1024\" src=\"http:\/\/lignesauto.fr\/wp-content\/uploads\/2023\/09\/BMW_101-1005x1024.jpg\" alt=\"\" class=\"wp-image-29752\" srcset=\"https:\/\/lignesauto.fr\/wp-content\/uploads\/2023\/09\/BMW_101-1005x1024.jpg 1005w, https:\/\/lignesauto.fr\/wp-content\/uploads\/2023\/09\/BMW_101-294x300.jpg 294w, https:\/\/lignesauto.fr\/wp-content\/uploads\/2023\/09\/BMW_101-768x783.jpg 768w, https:\/\/lignesauto.fr\/wp-content\/uploads\/2023\/09\/BMW_101.jpg 1417w\" sizes=\"(max-width: 1005px) 100vw, 1005px\" \/><\/figure>\n\n\n\n<p style=\"font-size:17px\">L\u00e0 encore, des similitudes avec la Neue Klasse de 1961 existent. On attribuait \u00e0 cette premi\u00e8re BMW d&#8217;excellentes perspectives&nbsp;: \u00ab&nbsp;<em>la BMW 1500 a vraiment beaucoup \u00e0 offrir, ce qui la distingue de la masse des voitures de 1,5 litre et lui conf\u00e8re cette aura d&#8217;exclusivit\u00e9 technique&nbsp;<\/em>\u00bb \u00e9crit le principal magazine automobile allemand. L&#8217;augmentation du capital de BMW a permis de financer le d\u00e9veloppement et la production. Ce n\u2019\u00e9tait pas \u00e9vident car en 1959, deux ans avant la pr\u00e9sentation de cette Neue Klasse, BMW \u00e9tait au bord de la faillite et de la vente \u00e0&#8230; Daimler-Benz, avant d&#8217;\u00eatre sauv\u00e9 par son actionnaire majoritaire Herbert Quandt. Le 18 ao\u00fbt 1965, moins de quatre ans apr\u00e8s le d\u00e9but de la production, BMW c\u00e9l\u00e8bre la production de la 100.000<sup>e<\/sup> Neue Klasse. Rendez-vous en 2028 pour voir si son arri\u00e8re-petite fille sera capable d\u2019un m\u00eame succ\u00e8s commercial apr\u00e8s trois ann\u00e9es de commercialisation&#8230;<\/p>\n\n\n\n<figure class=\"wp-block-image size-large\"><img loading=\"lazy\" decoding=\"async\" width=\"1024\" height=\"683\" src=\"http:\/\/lignesauto.fr\/wp-content\/uploads\/2023\/09\/BMW_103-1024x683.jpg\" alt=\"\" class=\"wp-image-29753\" srcset=\"https:\/\/lignesauto.fr\/wp-content\/uploads\/2023\/09\/BMW_103-1024x683.jpg 1024w, https:\/\/lignesauto.fr\/wp-content\/uploads\/2023\/09\/BMW_103-300x200.jpg 300w, https:\/\/lignesauto.fr\/wp-content\/uploads\/2023\/09\/BMW_103-768x512.jpg 768w, https:\/\/lignesauto.fr\/wp-content\/uploads\/2023\/09\/BMW_103.jpg 1417w\" sizes=\"(max-width: 1024px) 100vw, 1024px\" \/><\/figure>\n\n\n\n<p><em>Infos, donn\u00e9es techniques et photos : BMW communication. Montage : LIGNES\/auto.<\/em><\/p>\n\n\n<div class=\"wp-block-image\">\n<figure class=\"aligncenter size-full is-resized\"><img loading=\"lazy\" decoding=\"async\" src=\"http:\/\/lignesauto.fr\/wp-content\/uploads\/2023\/05\/image-1.png\" alt=\"\" class=\"wp-image-29099\" style=\"width:663px;height:238px\" width=\"663\" height=\"238\" srcset=\"https:\/\/lignesauto.fr\/wp-content\/uploads\/2023\/05\/image-1.png 1024w, https:\/\/lignesauto.fr\/wp-content\/uploads\/2023\/05\/image-1-300x108.png 300w, https:\/\/lignesauto.fr\/wp-content\/uploads\/2023\/05\/image-1-768x275.png 768w\" sizes=\"(max-width: 663px) 100vw, 663px\" \/><\/figure><\/div>","protected":false},"excerpt":{"rendered":"<p>C\u2019\u00e9tait il y a 62 ans. Il fallait attendre une demi-heure pour acc\u00e9der au stand BMW lors du Salon international de l\u2019automobile (IAA) de Francfort. C\u2019\u00e9tait en 1961 et BMW parlait pour la premi\u00e8re fois de sa NEUE KLASSE. \u00ab&nbsp;Tous ceux qui se trouvaient dans la vaste zone d&#8217;exposition, pour [&hellip;]<\/p>\n","protected":false},"author":1,"featured_media":29743,"comment_status":"closed","ping_status":"closed","sticky":false,"template":"","format":"standard","meta":{"footnotes":""},"categories":[1],"tags":[],"_links":{"self":[{"href":"https:\/\/lignesauto.fr\/index.php?rest_route=\/wp\/v2\/posts\/29736"}],"collection":[{"href":"https:\/\/lignesauto.fr\/index.php?rest_route=\/wp\/v2\/posts"}],"about":[{"href":"https:\/\/lignesauto.fr\/index.php?rest_route=\/wp\/v2\/types\/post"}],"author":[{"embeddable":true,"href":"https:\/\/lignesauto.fr\/index.php?rest_route=\/wp\/v2\/users\/1"}],"replies":[{"embeddable":true,"href":"https:\/\/lignesauto.fr\/index.php?rest_route=%2Fwp%2Fv2%2Fcomments&post=29736"}],"version-history":[{"count":15,"href":"https:\/\/lignesauto.fr\/index.php?rest_route=\/wp\/v2\/posts\/29736\/revisions"}],"predecessor-version":[{"id":29779,"href":"https:\/\/lignesauto.fr\/index.php?rest_route=\/wp\/v2\/posts\/29736\/revisions\/29779"}],"wp:featuredmedia":[{"embeddable":true,"href":"https:\/\/lignesauto.fr\/index.php?rest_route=\/wp\/v2\/media\/29743"}],"wp:attachment":[{"href":"https:\/\/lignesauto.fr\/index.php?rest_route=%2Fwp%2Fv2%2Fmedia&parent=29736"}],"wp:term":[{"taxonomy":"category","embeddable":true,"href":"https:\/\/lignesauto.fr\/index.php?rest_route=%2Fwp%2Fv2%2Fcategories&post=29736"},{"taxonomy":"post_tag","embeddable":true,"href":"https:\/\/lignesauto.fr\/index.php?rest_route=%2Fwp%2Fv2%2Ftags&post=29736"}],"curies":[{"name":"wp","href":"https:\/\/api.w.org\/{rel}","templated":true}]}}