{"id":29781,"date":"2023-09-08T18:32:55","date_gmt":"2023-09-08T16:32:55","guid":{"rendered":"http:\/\/lignesauto.fr\/?p=29781"},"modified":"2023-09-09T13:57:05","modified_gmt":"2023-09-09T11:57:05","slug":"ou-en-est-lancia-frederic-duvernier-responsable-du-design-exterieur-repond-a-lignes-auto","status":"publish","type":"post","link":"https:\/\/lignesauto.fr\/?p=29781","title":{"rendered":"O\u00f9 en est Lancia ? Fr\u00e9d\u00e9ric Duvernier, responsable du design ext\u00e9rieur, r\u00e9pond \u00e0 LIGNES\/auto"},"content":{"rendered":"<div class=\"wp-block-image\">\n<figure class=\"aligncenter size-full is-resized\"><img loading=\"lazy\" decoding=\"async\" src=\"http:\/\/lignesauto.fr\/wp-content\/uploads\/2023\/05\/image-1.png\" alt=\"\" class=\"wp-image-29099\" style=\"width:628px;height:225px\" width=\"628\" height=\"225\" srcset=\"https:\/\/lignesauto.fr\/wp-content\/uploads\/2023\/05\/image-1.png 1024w, https:\/\/lignesauto.fr\/wp-content\/uploads\/2023\/05\/image-1-300x108.png 300w, https:\/\/lignesauto.fr\/wp-content\/uploads\/2023\/05\/image-1-768x275.png 768w\" sizes=\"(max-width: 628px) 100vw, 628px\" \/><\/figure><\/div>\n\n\n<p style=\"font-size:17px\">Lancia revient en Europe et donc, en France avec 20 points de vente d\u00e9di\u00e9s et 80 en apr\u00e8s-vente, ces derniers communs avec ceux de DS ou Alfa-Romeo par exemple. \u00ab&nbsp;<em>Lancia est aujourd&#8217;hui de retour en France. Ce pays repr\u00e9sente beaucoup pour la marque, de par l&#8217;attrait qu\u2019ont ses habitants pour le style et le design italiens, et de par l&#8217;importance du segment B sur ce march\u00e9. Nous avons pour ambition de faire de Lancia une marque d\u00e9sirable, respect\u00e9e et cr\u00e9dible, en pla\u00e7ant la France parmi les principaux march\u00e9s pour Lancia en Europe<\/em>&nbsp;\u00bb, a d\u00e9clar\u00e9 Luca Napolitano, PDG de la marque Lancia. <\/p>\n\n\n\n<figure class=\"wp-block-image size-large\"><img loading=\"lazy\" decoding=\"async\" width=\"1024\" height=\"683\" src=\"http:\/\/lignesauto.fr\/wp-content\/uploads\/2023\/09\/DUVERNIER_102-1024x683.jpg\" alt=\"\" class=\"wp-image-29808\" srcset=\"https:\/\/lignesauto.fr\/wp-content\/uploads\/2023\/09\/DUVERNIER_102-1024x683.jpg 1024w, https:\/\/lignesauto.fr\/wp-content\/uploads\/2023\/09\/DUVERNIER_102-300x200.jpg 300w, https:\/\/lignesauto.fr\/wp-content\/uploads\/2023\/09\/DUVERNIER_102-768x512.jpg 768w, https:\/\/lignesauto.fr\/wp-content\/uploads\/2023\/09\/DUVERNIER_102.jpg 1417w\" sizes=\"(max-width: 1024px) 100vw, 1024px\" \/><figcaption class=\"wp-element-caption\"><strong>Luca Napolitano, directeur de la marque Lancia contre la porte conducteur avec Jean-Pierre Plou\u00e9, directeur du design marque Lancia \u00e0 ses c\u00f4t\u00e9s.<\/strong><\/figcaption><\/figure>\n\n\n\n<p style=\"font-size:17px\">La France fait donc partie des 6 pays europ\u00e9ens, en dehors de l&#8217;Italie, qui verront le retour de Lancia en 2024 avec l&#8217;arriv\u00e9e de la nouvelle Ypsilon. Suivront la Gamma en 2026 et la Delta en 2028, ces derni\u00e8res en 100% EV. Mais c\u00f4t\u00e9 design, que s\u2019est-il pass\u00e9 depuis le 16 janvier 2021 et la cr\u00e9ation du groupe Stellantis et l\u2019annonce du retour de la marque italienne&nbsp;? Pour le savoir, nous avons rencontr\u00e9 Fr\u00e9d\u00e9ric Duvernier, le responsable du design ext\u00e9rieur de Lancia, sous la responsabilit\u00e9 de Jean-Pierre Plou\u00e9, patron du design de la marque italienne.<\/p>\n\n\n\n<figure class=\"wp-block-image size-large\"><img loading=\"lazy\" decoding=\"async\" width=\"1024\" height=\"461\" src=\"http:\/\/lignesauto.fr\/wp-content\/uploads\/2023\/09\/DUVERNIER_02-1024x461.jpg\" alt=\"\" class=\"wp-image-29807\" srcset=\"https:\/\/lignesauto.fr\/wp-content\/uploads\/2023\/09\/DUVERNIER_02-1024x461.jpg 1024w, https:\/\/lignesauto.fr\/wp-content\/uploads\/2023\/09\/DUVERNIER_02-300x135.jpg 300w, https:\/\/lignesauto.fr\/wp-content\/uploads\/2023\/09\/DUVERNIER_02-768x346.jpg 768w, https:\/\/lignesauto.fr\/wp-content\/uploads\/2023\/09\/DUVERNIER_02.jpg 1417w\" sizes=\"(max-width: 1024px) 100vw, 1024px\" \/><figcaption class=\"wp-element-caption\"><strong>Fr\u00e9d\u00e9ric Duvernier pr\u00e9sentant le concept-car Pu+Ra HPE \u00e0 l&#8217;ambassade d\u2019Italie \u00e0 Paris \u00e0 l&#8217;occasion du retour de Lancia en France.<\/strong><\/figcaption><\/figure>\n\n\n\n<p style=\"font-size:17px\"><strong>On rembobine le film et nous sommes en 2021. Vous \u00eates alors tatou\u00e9 par les chevrons Citro\u00ebn&#8230;<\/strong><br>\u00ab&nbsp;Oui, j\u2019\u00e9tais alors responsable de l\u2019avance de phase et des concept-cars. Cela faisait 17 ans que j\u2019\u00e9tais chez Citro\u00ebn, o\u00f9 mon dernier travail \u00e9tait le suivi du concept-car Oli. J\u2019ai v\u00e9cu une extraordinaire p\u00e9riode avec diff\u00e9rents directeurs de design de la marque&nbsp;: Jean-Pierre Plou\u00e9 (2000-2009, en haut \u00e0 gauche), Thierry M\u00e9troz (2010-2012, \u00e0 droite) puis Alexandre Malval (2012-2018, en bas \u00e0 gauche) et Pierre Leclercq (depuis 2018).&nbsp;\u00bb<\/p>\n\n\n\n<figure class=\"wp-block-image size-large\"><img loading=\"lazy\" decoding=\"async\" width=\"1024\" height=\"967\" src=\"http:\/\/lignesauto.fr\/wp-content\/uploads\/2023\/09\/DUVERNIER_301-1024x967.png\" alt=\"\" class=\"wp-image-29830\" srcset=\"https:\/\/lignesauto.fr\/wp-content\/uploads\/2023\/09\/DUVERNIER_301-1024x967.png 1024w, https:\/\/lignesauto.fr\/wp-content\/uploads\/2023\/09\/DUVERNIER_301-300x283.png 300w, https:\/\/lignesauto.fr\/wp-content\/uploads\/2023\/09\/DUVERNIER_301-768x725.png 768w, https:\/\/lignesauto.fr\/wp-content\/uploads\/2023\/09\/DUVERNIER_301.png 1417w\" sizes=\"(max-width: 1024px) 100vw, 1024px\" \/><\/figure>\n\n\n\n<p style=\"font-size:17px\"><strong>Vous d\u00e9cidez alors de participer au projet fou de relancer la marque Lancia. Que s\u2019est-il pass\u00e9 \u00e0 la formation de Stellantis&nbsp;?<\/strong><br>\u00ab&nbsp;Il faut savoir que lorsque le groupe Stellantis s\u2019est form\u00e9 en 2021, tout s\u2019\u00e9tait d\u00e9j\u00e0 d\u00e9cid\u00e9 en coulisses. Personnellement, quand j\u2019ai entendu et vu ce qui se passait avec une fusion probable, j\u2019ai fait une introspection et imagin\u00e9 la suite. Spontan\u00e9ment, j\u2019ai pens\u00e9 \u00e0 Lancia, j\u2019avais envie d\u2019aller vers cette marque qui n\u2019\u00e9tait pourtant pr\u00e9sente qu\u2019en Italie. Il me semblait qu\u2019une aventure fantastique se dessinait&nbsp;!&nbsp;\u00bb<\/p>\n\n\n\n<figure class=\"wp-block-image size-large\"><img loading=\"lazy\" decoding=\"async\" width=\"1024\" height=\"530\" src=\"http:\/\/lignesauto.fr\/wp-content\/uploads\/2023\/09\/DUVERNIER_200-1024x530.png\" alt=\"\" class=\"wp-image-29813\" srcset=\"https:\/\/lignesauto.fr\/wp-content\/uploads\/2023\/09\/DUVERNIER_200-1024x530.png 1024w, https:\/\/lignesauto.fr\/wp-content\/uploads\/2023\/09\/DUVERNIER_200-300x155.png 300w, https:\/\/lignesauto.fr\/wp-content\/uploads\/2023\/09\/DUVERNIER_200-768x398.png 768w, https:\/\/lignesauto.fr\/wp-content\/uploads\/2023\/09\/DUVERNIER_200.png 1417w\" sizes=\"(max-width: 1024px) 100vw, 1024px\" \/><figcaption class=\"wp-element-caption\"><strong>Le design ext\u00e9rieur de la Lancia Pu+Ra HPE est sign\u00e9 Emanuele Tomassorri.<\/strong><\/figcaption><\/figure>\n\n\n\n<p style=\"font-size:17px\"><strong>Un peu culott\u00e9 de l\u00e2cher une marque plus que centenaire pour une autre aussi \u00e2g\u00e9e mais presque disparue&nbsp;!<\/strong><br>\u00ab&nbsp;Lancia m\u2019a paru comme une \u00e9vidence, j\u2019ai voulu particip\u00e9 \u00e0 cette aventure.&nbsp;\u00bb<\/p>\n\n\n\n<p style=\"font-size:17px\"><strong>Est-ce que Jean-Pierre Plou\u00e9 est l\u2019initiateur de votre venue&nbsp;?<\/strong><br>\u00ab&nbsp;Pour Lancia, c\u2019est moi qui l\u2019ai sollicit\u00e9. On est all\u00e9 d\u00e9jeuner ensemble pour en parler et on \u00e9tait d\u2019accord sur de nombreux points, notamment que Lancia \u00e9tait une marque fantastique. Je lui ai propos\u00e9 un projet, parce que ce n\u2019\u00e9tait pas seulement l\u2019occasion de relancer une marque, c\u2019\u00e9tait le moment pour exp\u00e9rimenter de nouvelles voies, en termes d\u2019organisation, en termes d\u2019\u00e9quipe et de fa\u00e7on de travailler.&nbsp;\u00bb<\/p>\n\n\n\n<figure class=\"wp-block-image size-large\"><img loading=\"lazy\" decoding=\"async\" width=\"1024\" height=\"681\" src=\"http:\/\/lignesauto.fr\/wp-content\/uploads\/2023\/09\/DUVERNIER_201-1024x681.jpg\" alt=\"\" class=\"wp-image-29814\" srcset=\"https:\/\/lignesauto.fr\/wp-content\/uploads\/2023\/09\/DUVERNIER_201-1024x681.jpg 1024w, https:\/\/lignesauto.fr\/wp-content\/uploads\/2023\/09\/DUVERNIER_201-300x199.jpg 300w, https:\/\/lignesauto.fr\/wp-content\/uploads\/2023\/09\/DUVERNIER_201-768x511.jpg 768w, https:\/\/lignesauto.fr\/wp-content\/uploads\/2023\/09\/DUVERNIER_201.jpg 1417w\" sizes=\"(max-width: 1024px) 100vw, 1024px\" \/><\/figure>\n\n\n\n<p><strong>Chez Citro\u00ebn, Fr\u00e9d\u00e9ric Duvernier dirigeait le d\u00e9partement d&#8217;avance de phase et de concept-cars, ici avec Pierre Icard, designer du concept Ami One.<\/strong><\/p>\n\n\n\n<p style=\"font-size:17px\"><strong>Une d\u00e9marche semblable \u00e0 celle d\u2019un commando&nbsp;!<\/strong><br>\u00ab&nbsp;Quand vous arrivez dans une \u00e9quipe d\u00e9j\u00e0 form\u00e9e, vous devez composer avec les outils, avec les m\u00e9thodes, et tout \u00e7a met un certain temps \u00e0 se mettre en place. Vous ne pouvez pas changer \u00e7a du jour au lendemain. En revanche, avec une feuille blanche, c\u2019est plus excitant et efficace.&nbsp;\u00bb<\/p>\n\n\n\n<p style=\"font-size:17px\"><strong>C\u2019\u00e9tait quoi le design Lancia en 2021&nbsp;?<\/strong><br>\u00ab&nbsp;Il n\u2019y avait plus qu\u2019un seul d\u00e9partement de couleurs et mati\u00e8res qui g\u00e9rait la vie s\u00e9rie de l\u2019Ypsilon, uniquement pour l\u2019Italie. Il n\u2019y avait plus de studio et comme il n\u2019y avait plus rien, pas d\u2019\u00e9quipe constitu\u00e9e, pas de designer, pas de modeleur, pas de responsable de gamme, j\u2019ai saisi l\u2019opportunit\u00e9 de g\u00e9n\u00e9rer l\u2019\u00e9quipe que je voulais en termes de comp\u00e9tences, hi\u00e9rarchie et organisation&nbsp;\u00bb<\/p>\n\n\n\n<figure class=\"wp-block-image size-large\"><img loading=\"lazy\" decoding=\"async\" width=\"1024\" height=\"724\" src=\"http:\/\/lignesauto.fr\/wp-content\/uploads\/2023\/09\/DUVERNIER_300-1024x724.jpg\" alt=\"\" class=\"wp-image-29815\" srcset=\"https:\/\/lignesauto.fr\/wp-content\/uploads\/2023\/09\/DUVERNIER_300-1024x724.jpg 1024w, https:\/\/lignesauto.fr\/wp-content\/uploads\/2023\/09\/DUVERNIER_300-300x212.jpg 300w, https:\/\/lignesauto.fr\/wp-content\/uploads\/2023\/09\/DUVERNIER_300-768x543.jpg 768w, https:\/\/lignesauto.fr\/wp-content\/uploads\/2023\/09\/DUVERNIER_300.jpg 1417w\" sizes=\"(max-width: 1024px) 100vw, 1024px\" \/><figcaption class=\"wp-element-caption\"><strong>En 2021, lorsque Lancia int\u00e8gre le groupe Stellantis, le &#8220;Centro Stile&#8221; n&#8217;existe plus&#8230;<\/strong><\/figcaption><\/figure>\n\n\n\n<p style=\"font-size:17px\"><strong>On vous a orient\u00e9 vers une \u00e9quipe de designers italiens&nbsp;?<\/strong><br>\u00ab&nbsp;Non, pas du tout&nbsp;! Vous savez que le design est un monde tr\u00e8s cosmopolite. Au design int\u00e9rieur, on a deux designers indiens et deux fran\u00e7ais. Au design ext\u00e9rieur aussi on a \u00e9galement plusieurs nationalit\u00e9s et c\u2019est pareil pour les modeleurs. Depuis mars dernier, l\u2019\u00e9quipe a \u00e9t\u00e9 compl\u00e9t\u00e9e avec Laura Brunet, une designer couleurs et mati\u00e8res. On s\u2019appuie aussi sur un support ext\u00e9rieur \u00e0 notre \u00e9quipe qui concerne les moyens de modelage. On a une \u00e9quipe multiculturelle.&nbsp;\u00bb<\/p>\n\n\n\n<p style=\"font-size:17px\"><strong>Cette \u00e9quipe est d\u00e9di\u00e9e \u00e0 Lancia ou est-elle transversale chez Stellantis&nbsp;?<\/strong><br>\u00ab&nbsp;Elle est Lancia et seulement Lancia. Au sein de Stellantis, chaque \u00e9quipe est d\u00e9di\u00e9e \u00e0 une marque. Jean-Pierre Plou\u00e9 est responsable du design marque, Gianni Colonello (ci-dessous) est responsable du design int\u00e9rieur et moi du design ext\u00e9rieur.&nbsp;J\u2019ai \u00e9galement comme adjoint Frank Saint Joanis qui est responsable de l\u2019ex\u00e9cution des voitures, car il n\u2019est pas seulement question de design et de produit. Il faut que chaque futur mod\u00e8le soit r\u00e9alis\u00e9 avec un modelage de qualit\u00e9. Pour \u00e7a, on dispose d\u2019une \u00e9quipe d\u2019excellents modeleurs 3D.&nbsp;\u00bb<\/p>\n\n\n\n<figure class=\"wp-block-image size-large\"><img loading=\"lazy\" decoding=\"async\" width=\"859\" height=\"1024\" src=\"http:\/\/lignesauto.fr\/wp-content\/uploads\/2023\/09\/DUVERNIER_1001-859x1024.png\" alt=\"\" class=\"wp-image-29834\" srcset=\"https:\/\/lignesauto.fr\/wp-content\/uploads\/2023\/09\/DUVERNIER_1001-859x1024.png 859w, https:\/\/lignesauto.fr\/wp-content\/uploads\/2023\/09\/DUVERNIER_1001-252x300.png 252w, https:\/\/lignesauto.fr\/wp-content\/uploads\/2023\/09\/DUVERNIER_1001-768x916.png 768w, https:\/\/lignesauto.fr\/wp-content\/uploads\/2023\/09\/DUVERNIER_1001-1288x1536.png 1288w, https:\/\/lignesauto.fr\/wp-content\/uploads\/2023\/09\/DUVERNIER_1001.png 1417w\" sizes=\"(max-width: 859px) 100vw, 859px\" \/><\/figure>\n\n\n\n<p style=\"font-size:17px\"><strong>Le digital est la seule source de cr\u00e9ation chez vous&nbsp;?<\/strong><br>\u00ab&nbsp;Non, on passe toujours par l\u2019\u00e9tape de la maquette Clay r\u00e9alis\u00e9e en interne, car on ne soustraite pas la Clay&#8230; on l\u2019ex\u00e9cute avec les talents internes g\u00e9r\u00e9s par l\u2019\u00e9quipe de St\u00e9phane Strouven. En termes de design, la Clay est une plus-value pour mettre au point la qualit\u00e9 d\u2019ex\u00e9cution. C\u2019est un outil qui est tr\u00e8s flexible et tr\u00e8s rapide.&nbsp;\u00bb<\/p>\n\n\n\n<p style=\"font-size:17px\"><strong>Le langage formel annonc\u00e9 par le concept-car Pu+Ra HPE rejette la ligne droite pour des volumes galb\u00e9s, tout en muscle. C\u2019est plus complexe \u00e0 ma\u00eetriser&nbsp;?<\/strong><br>\u00ab&nbsp;C\u2019est effectivement beaucoup plus compliqu\u00e9, autant en 3D qu\u2019en Clay, c\u2019est un savoir-faire particulier. Pour le flanc du concept, on a pass\u00e9 deux semaines de pon\u00e7age intensif pour obtenir le r\u00e9sultat. Contrairement \u00e0 ce qu\u2019on imagine, cette simplicit\u00e9 du langage formel demande un travail de dingue, plusieurs semaines en num\u00e9risation 3D. La simplicit\u00e9 n\u00e9cessite un savoir-faire exceptionnel&nbsp;!&nbsp;\u00bb<\/p>\n\n\n\n<figure class=\"wp-block-image size-large\"><img loading=\"lazy\" decoding=\"async\" width=\"622\" height=\"1024\" src=\"http:\/\/lignesauto.fr\/wp-content\/uploads\/2023\/09\/DUVERNIER_05-622x1024.jpg\" alt=\"\" class=\"wp-image-29818\" srcset=\"https:\/\/lignesauto.fr\/wp-content\/uploads\/2023\/09\/DUVERNIER_05-622x1024.jpg 622w, https:\/\/lignesauto.fr\/wp-content\/uploads\/2023\/09\/DUVERNIER_05-182x300.jpg 182w, https:\/\/lignesauto.fr\/wp-content\/uploads\/2023\/09\/DUVERNIER_05-768x1265.jpg 768w, https:\/\/lignesauto.fr\/wp-content\/uploads\/2023\/09\/DUVERNIER_05-933x1536.jpg 933w, https:\/\/lignesauto.fr\/wp-content\/uploads\/2023\/09\/DUVERNIER_05-1243x2048.jpg 1243w, https:\/\/lignesauto.fr\/wp-content\/uploads\/2023\/09\/DUVERNIER_05.jpg 1417w\" sizes=\"(max-width: 622px) 100vw, 622px\" \/><\/figure>\n\n\n\n<p style=\"font-size:17px\"><strong>Lancia fait partie du p\u00f4le Premium de Stellantis avec Alfa Romeo et DS. Cette derni\u00e8re marque semble \u00eatre votre principale concurrente en interne&#8230; Vous \u00e9changez avec l\u2019\u00e9quipe de designers DS&nbsp;<\/strong><br>\u00ab&nbsp;Bien \u00e9videmment et c\u2019est quelque chose de tr\u00e8s simple, sur une base de rendez-vous mensuel, voire hebdomadaire lorsqu\u2019il y a urgence \u00e0 traiter un sujet. On se rencontre avec Thierry M\u00e9troz mais aussi avec Alejandro Mesonero-Romanos d\u2019Alfa Romeo et leurs \u00e9quipes pour s\u2019assurer que chacun reste dans son p\u00e9rim\u00e8tre et que l\u2019on ne fait pas la m\u00eame chose, mais c\u2019est valable aussi pour Opel, Peugeot et toutes les marques du groupe.&nbsp;\u00bb<\/p>\n\n\n\n<figure class=\"wp-block-image size-large\"><img loading=\"lazy\" decoding=\"async\" width=\"1024\" height=\"771\" src=\"http:\/\/lignesauto.fr\/wp-content\/uploads\/2023\/09\/DUVERNIER_302-1024x771.png\" alt=\"\" class=\"wp-image-29820\" srcset=\"https:\/\/lignesauto.fr\/wp-content\/uploads\/2023\/09\/DUVERNIER_302-1024x771.png 1024w, https:\/\/lignesauto.fr\/wp-content\/uploads\/2023\/09\/DUVERNIER_302-300x226.png 300w, https:\/\/lignesauto.fr\/wp-content\/uploads\/2023\/09\/DUVERNIER_302-768x578.png 768w, https:\/\/lignesauto.fr\/wp-content\/uploads\/2023\/09\/DUVERNIER_302.png 1417w\" sizes=\"(max-width: 1024px) 100vw, 1024px\" \/><figcaption class=\"wp-element-caption\"><strong>Pour Fr\u00e9d\u00e9ric Duvernier, pas de doute : le design Lancia sera diff\u00e9rent de celui de son ami-concurrent interne, DS.<\/strong><\/figcaption><\/figure>\n\n\n\n<p style=\"font-size:17px\"><strong>La diff\u00e9renciation dans le p\u00f4le Premium ne doit pas \u00eatre simple, notamment avec DS si on met le c\u00f4t\u00e9 sportif d\u2019Alfa Romeo.<\/strong><br>\u00ab&nbsp;De mon point de vue, pas plus DS qu\u2019Alfa Romeo&nbsp;! En interne, personne ne se marche sur les pieds. Nous avons des manifestes de design qui g\u00e8rent le langage de style, mais tout ce qui compte \u00e9galement pour chacune des marques&nbsp;: identit\u00e9, graphisme, couleurs, territoire, etc. Vu de l\u2019ext\u00e9rieur, vous vous posez sans doute des questions pour savoir comment vont s\u2019imbriquer les produits au sein du groupe, mais pour moi, pas de doute, en termes de design, Lancia sera tr\u00e8s diff\u00e9rent de DS ou d\u2019Alfa Romeo.&nbsp;\u00bb<\/p>\n\n\n\n<p style=\"font-size:17px\"><strong>En termes de produits, vous avez annonc\u00e9 l\u2019Ypsilon pour 2024, la Gamma pour 2026 et la Delta en 2028. Ces trois produits sont-ils pour vous de l\u2019histoire ancienne&nbsp;?<\/strong><br>\u00ab&nbsp;L\u2019Ypsilon est termin\u00e9e et sera pr\u00e9sent\u00e9e l\u2019an prochain. Elle reste une belle histoire&nbsp;! En ce qui concerne la Gamma on est en plein dedans et on est bien avanc\u00e9. Le style est pratiquement gel\u00e9 \u00e0 ce stade. Pour la Delta, on a avanc\u00e9 \u00e9galement sur tout ce qui concerne l\u2019architecture. On est au stade de l\u2019avance de phase. Elle sera sur une nouvelle plateforme et \u00e9videmment il y a des ambitions importantes sur ce mod\u00e8le qui est dans doute \u00ab&nbsp;la&nbsp;\u00bb Lancia la plus attendue. On travaille d\u2019arrache-pied pour la r\u00e9ussir&nbsp;!&nbsp;\u00bb<\/p>\n\n\n\n<figure class=\"wp-block-image size-large\"><img loading=\"lazy\" decoding=\"async\" width=\"1024\" height=\"741\" src=\"http:\/\/lignesauto.fr\/wp-content\/uploads\/2022\/11\/LARTERTYETNCIA_101-1024x741.jpg\" alt=\"\" class=\"wp-image-27090\" srcset=\"https:\/\/lignesauto.fr\/wp-content\/uploads\/2022\/11\/LARTERTYETNCIA_101-1024x741.jpg 1024w, https:\/\/lignesauto.fr\/wp-content\/uploads\/2022\/11\/LARTERTYETNCIA_101-300x217.jpg 300w, https:\/\/lignesauto.fr\/wp-content\/uploads\/2022\/11\/LARTERTYETNCIA_101-768x556.jpg 768w, https:\/\/lignesauto.fr\/wp-content\/uploads\/2022\/11\/LARTERTYETNCIA_101.jpg 1417w\" sizes=\"(max-width: 1024px) 100vw, 1024px\" \/><figcaption class=\"wp-element-caption\"><strong>Quel design pour la future Lancia de 2028, le plus attendu des trois prochains mod\u00e8les de la marque ? Pour l&#8217;heure, le design n&#8217;est pas encore gel\u00e9 !<\/strong><\/figcaption><\/figure>\n\n\n\n<p style=\"font-size:17px\"><strong>Pourquoi la Delta arrive si tard et pas avant la Gamma&nbsp;?<\/strong><br>\u00ab&nbsp;Ce sont des d\u00e9cisions qui n\u2019appartiennent pas au design, et sans doute pas \u00e0 la marque non plus. Ce sont des d\u00e9cisions li\u00e9es \u00e0 la taille de notre groupe Stellantis et les mises en place industrielles de tous les programmes. Imaginez 14 marques, l\u2019ensemble des sites de production, tous les plans produits, tous les v\u00e9hicules qui sont programm\u00e9s, tous les d\u00e9veloppements et les d\u00e9penses li\u00e9es, c\u2019est colossal comme travail. Quand vous imbriquez tout \u00e7a d\u2019un point de vue groupe, il faut imaginer un boulier g\u00e9ant et chaque petite boule doit trouver sa place. Les deux ans entre chaque mod\u00e8le Lancia sont tr\u00e8s bien car on \u00e9vite ainsi d\u2019avoir un trou entre chaque lancement, c\u2019est tr\u00e8s important. La meilleure imbrication possible pour notre marque est bien celle qui a \u00e9t\u00e9 d\u00e9finie.&nbsp;\u00bb<\/p>\n\n\n\n<p style=\"font-size:17px\"><strong>Aurez-vous des exclusivit\u00e9s, que ce soit en termes de plateformes, d\u2019infotainment, etc.<\/strong><br>\u00ab&nbsp;Bien s\u00fbr, m\u00eame en termes de g\u00e9om\u00e9trie de plateforme&#8230;&nbsp;\u00bb<\/p>\n\n\n\n<p style=\"font-size:17px\"><strong>C\u2019est-\u00e0-dire&nbsp;?<\/strong><br>\u00ab&nbsp;On pourra modifier quelques \u00e9l\u00e9ments dimensionnels, comme les voies ou empattement pour nos propres mod\u00e8les, et g\u00e9n\u00e9rer des sp\u00e9cificit\u00e9s qui font que les Lancia seront sp\u00e9ciales.&nbsp;\u00bb<\/p>\n\n\n\n<p style=\"font-size:17px\"><strong>Y compris par rapport \u00e0 DS&nbsp;?<\/strong><br>\u00ab&nbsp;Oui, mais aussi par rapport \u00e0 Peugeot ou toutes les autres marques. C\u2019est important, car sans g\u00e9n\u00e9rer ces sp\u00e9cificit\u00e9s, vous ne pouvez pas diff\u00e9rencier les mod\u00e8les. Il faut \u00e9videmment g\u00e9n\u00e9rer des sp\u00e9cificit\u00e9s au niveau du style, de la silhouette mais aussi au niveau de la plateforme, sans oublier l\u2019infotainment avec notre syst\u00e8me SALA qui sera exclusif \u00e0 Lancia.&nbsp;\u00bb<\/p>\n\n\n\n<figure class=\"wp-block-image size-large\"><img loading=\"lazy\" decoding=\"async\" width=\"1024\" height=\"576\" src=\"http:\/\/lignesauto.fr\/wp-content\/uploads\/2023\/09\/DUVERNIER_108-1024x576.jpg\" alt=\"\" class=\"wp-image-29823\" srcset=\"https:\/\/lignesauto.fr\/wp-content\/uploads\/2023\/09\/DUVERNIER_108-1024x576.jpg 1024w, https:\/\/lignesauto.fr\/wp-content\/uploads\/2023\/09\/DUVERNIER_108-300x169.jpg 300w, https:\/\/lignesauto.fr\/wp-content\/uploads\/2023\/09\/DUVERNIER_108-768x432.jpg 768w, https:\/\/lignesauto.fr\/wp-content\/uploads\/2023\/09\/DUVERNIER_108.jpg 1417w\" sizes=\"(max-width: 1024px) 100vw, 1024px\" \/><figcaption class=\"wp-element-caption\"><strong>Le syst\u00e8me S.A.L.A permet de contr\u00f4ler toutes les fonctions de confort et d&#8217;infotainment d&#8217;un seul doigt sur cette commande circulaire<\/strong><\/figcaption><\/figure>\n\n\n\n<p style=\"font-size:17px\"><strong>Avec votre concept, vous sortez de l\u2019univers des voitures hautes. Les Lancia seront donc des voitures basses&nbsp;?<\/strong><br>\u00ab&nbsp;\u00c7a va d\u00e9pendre des produits. On fait tout pour rester le plus bas possible, et le plus compact aussi. On ne fera pas les v\u00e9hicules les plus longs de chaque segment, c\u2019est \u00e9vident&nbsp;\u00bb<\/p>\n\n\n\n<p style=\"font-size:17px\"><strong>C\u2019est m\u00eame officiel puisque la marque a annonc\u00e9 4,60 m pour la future Gamma, c\u2019est plus court que la Peugeot 408&#8230;<\/strong><br>\u00ab&nbsp;Pour Lancia, il faut \u00eatre en ligne avec son histoire. Une Gamma n\u2019\u00e9tait pas si g\u00e9n\u00e9reuse en gabarit, une Delta c\u2019\u00e9tait 3,70 m, c\u2019est assez compact&nbsp;! il y a ancr\u00e9e dans l\u2019ADN une certaine notion d\u2019agilit\u00e9, de l\u00e9g\u00e8ret\u00e9 et d\u2019efficacit\u00e9. Et m\u00eame de sportivit\u00e9. Il est trop t\u00f4t pour en parler mais \u00e9videmment que la composante de la sportivit\u00e9 pour Lancia ne peut pas \u00eatre oubli\u00e9e du jour au lendemain&nbsp;!&nbsp;\u00bb<\/p>\n\n\n\n<p style=\"font-size:17px\"><strong>La premi\u00e8re phase de la relance de la marque, ce sont ces trois produits&nbsp;: Ypsilon, Gamma et Delta. Vous \u00eates d\u00e9j\u00e0 dans la seconde phase&nbsp;?<\/strong><br>\u00ab&nbsp;Alors, non&nbsp;! On cr\u00e9e les trois premiers v\u00e9hicules et l\u2019apr\u00e8s, c\u2019est&#8230; apr\u00e8s 2028, on n\u2019en est pas encore-l\u00e0. On se concentre d\u00e9j\u00e0 sur la Delta, le troisi\u00e8me v\u00e9hicule de la renaissance Lancia. On est une petite \u00e9quipe et on lorgne d\u2019abord sur l\u2019efficacit\u00e9&nbsp;!&nbsp;\u00bb<\/p>\n\n\n\n<figure class=\"wp-block-image size-large\"><img loading=\"lazy\" decoding=\"async\" width=\"1024\" height=\"512\" src=\"http:\/\/lignesauto.fr\/wp-content\/uploads\/2023\/09\/DUVERNIER_15-1024x512.jpeg\" alt=\"\" class=\"wp-image-29806\" srcset=\"https:\/\/lignesauto.fr\/wp-content\/uploads\/2023\/09\/DUVERNIER_15-1024x512.jpeg 1024w, https:\/\/lignesauto.fr\/wp-content\/uploads\/2023\/09\/DUVERNIER_15-300x150.jpeg 300w, https:\/\/lignesauto.fr\/wp-content\/uploads\/2023\/09\/DUVERNIER_15-768x384.jpeg 768w, https:\/\/lignesauto.fr\/wp-content\/uploads\/2023\/09\/DUVERNIER_15.jpeg 1417w\" sizes=\"(max-width: 1024px) 100vw, 1024px\" \/><\/figure>\n\n\n\n<p style=\"font-size:17px\"><strong>Ces trois produits seront trois silhouettes et uniquement elles, il n\u2019y aura pas de d\u00e9riv\u00e9s pour l\u2019un ou plusieurs d\u2019entre eux&nbsp;?<\/strong><br>\u00ab&nbsp;Ce qui a \u00e9t\u00e9 annonc\u00e9, ce sont trois silhouettes uniquement, et m\u00eame si on n\u2019est pas \u00e0 l\u2019abri d\u2019une surprise, ces trois silhouettes restent notre objectif actuel.&nbsp;\u00bb<\/p>\n\n\n\n<p style=\"font-size:17px\"><strong>Revenons \u00e0 l\u2019architecture avec le handicap de loger un pack batterie de plus de 10 cm dans le plancher. On voit qu\u2019avec les r\u00e9centes cr\u00e9ations (notamment Sc\u00e9nic), \u00e7a impacte l\u2019architecture \u00e0 bord. Une contrainte&nbsp;?<\/strong><br>\u00ab&nbsp;Il y a les deux solutions&nbsp;: soit on le prend comme une contrainte, soit comme une opportunit\u00e9. On a boug\u00e9 d\u2019autres organes ailleurs dans l\u2019architecture. \u00c7a va g\u00e9n\u00e9rer plein de surprises, notamment sur la partie planche de bord, avec de nouveaux espaces qui se lib\u00e8rent. Et puis les structures de chocs sont diff\u00e9rentes et concernent de nombreux organes comme les traverses, les boucliers, le tablier&#8230; Tout change, et \u00e7a nous offre l\u2019opportunit\u00e9 de mettre des \u00e9l\u00e9ments ailleurs. Les architectures mutent&nbsp;!&nbsp;\u00bb<\/p>\n\n\n\n<figure class=\"wp-block-image size-large\"><img loading=\"lazy\" decoding=\"async\" width=\"1024\" height=\"512\" src=\"http:\/\/lignesauto.fr\/wp-content\/uploads\/2023\/09\/DUVERNIER_16-1024x512.jpeg\" alt=\"\" class=\"wp-image-29824\" srcset=\"https:\/\/lignesauto.fr\/wp-content\/uploads\/2023\/09\/DUVERNIER_16-1024x512.jpeg 1024w, https:\/\/lignesauto.fr\/wp-content\/uploads\/2023\/09\/DUVERNIER_16-300x150.jpeg 300w, https:\/\/lignesauto.fr\/wp-content\/uploads\/2023\/09\/DUVERNIER_16-768x384.jpeg 768w, https:\/\/lignesauto.fr\/wp-content\/uploads\/2023\/09\/DUVERNIER_16.jpeg 1417w\" sizes=\"(max-width: 1024px) 100vw, 1024px\" \/><\/figure>\n\n\n\n<p style=\"font-size:17px\"><strong>La voiture \u00e9lectrique semble vous avoir fait red\u00e9couvrir l\u2019a\u00e9rodynamique&nbsp;!<\/strong><br>\u00ab&nbsp;Ce n\u2019est pas une red\u00e9couverte pour nous, c\u2019est vital&nbsp;! C\u2019est comme pour l\u2019architecture avec les batteries, c\u2019est un terrain de jeu. On l\u2019embrasse pour en tirer tout le potentiel et un design expressif int\u00e9ressant.&nbsp;\u00bb<\/p>\n\n\n\n<p style=\"font-size:17px\"><strong>Votre concept-car se passe pourtant des fameux plans droits et verticaux que l\u2019on trouve pratiquement partout aujourd\u2019hui&nbsp;et qui am\u00e9liorent l\u2019a\u00e9ro ?<\/strong><br>\u00ab&nbsp;Il y a deux \u00e9coles en a\u00e9ro sur une silhouette&nbsp;: l\u2019\u00e9cole avec les ar\u00eates vives, et l\u2019\u00e9cole avec l\u2019enroulement. On a opt\u00e9 pour la seconde, notamment sur cette partie arri\u00e8re tout en muscles. C\u2019est l\u2019\u00e9cole que suit \u00e9galement Porsche avec sa 911 et ils me semblent que leur voiture est efficiente et roule vite&nbsp;! Sur notre concept, vous avez de l\u2019enroulement des filets d\u2019air sur la partie longitudinale (en 1 ci-dessous), basse et haute, ensuite il y a la coupe franche de l\u2019air gr\u00e2ce au becquet horizontal (2) et en dessous, il y a le diffuseur qui est un collecteur d\u2019air qui r\u00e9duit le SCx (3). Il faut \u00e9galement ajouter les roues a\u00e9rodynamiques (4) avec leur flasque a\u00e9ro.&nbsp;\u00bb<\/p>\n\n\n\n<figure class=\"wp-block-image size-large\"><img loading=\"lazy\" decoding=\"async\" width=\"1024\" height=\"683\" src=\"http:\/\/lignesauto.fr\/wp-content\/uploads\/2023\/09\/LANCIA_400-1024x683.jpg\" alt=\"\" class=\"wp-image-29827\" srcset=\"https:\/\/lignesauto.fr\/wp-content\/uploads\/2023\/09\/LANCIA_400-1024x683.jpg 1024w, https:\/\/lignesauto.fr\/wp-content\/uploads\/2023\/09\/LANCIA_400-300x200.jpg 300w, https:\/\/lignesauto.fr\/wp-content\/uploads\/2023\/09\/LANCIA_400-768x512.jpg 768w, https:\/\/lignesauto.fr\/wp-content\/uploads\/2023\/09\/LANCIA_400.jpg 1417w\" sizes=\"(max-width: 1024px) 100vw, 1024px\" \/><\/figure>\n\n\n\n<p class=\"has-text-align-center\" style=\"font-size:19px\"><strong>Le bonus LIGNES\/auto<\/strong><\/p>\n\n\n\n<p style=\"font-size:17px\">Le design Lancia, c&#8217;est presque un vivier d\u2019anciens \u00e9l\u00e8ves de l\u2019\u00e9cole Rubika &nbsp;! Rubika est une \u00e9cole sup\u00e9rieure de cr\u00e9ation num\u00e9rique sp\u00e9cialis\u00e9e dans les m\u00e9tiers du jeu vid\u00e9o, du cin\u00e9ma d\u2019animation et du design industriel implant\u00e9e sur 5 campus \u00e0 Valenciennes&nbsp;: <a href=\"https:\/\/rubika-edu.com\/\">https:\/\/rubika-edu.com\/<\/a><\/p>\n\n\n\n<p style=\"font-size:17px\">Si Laura Brunet, derni\u00e8re arriv\u00e9e au design Lancia au d\u00e9partement des mati\u00e8res et couleurs est issue du groupe FCA (Fiat Chrysler Automobile) et d\u2019une formation effectu\u00e9e \u00e0 l\u2019\u00c9cole Polytechnique de Turin, une majorit\u00e9 de designers provient de l\u2019\u00e9cole Rubika. Maxime Mielot en stage depuis mars, est issu de la promo 2018-2023&nbsp;; Quentin Duflos, junior designer au style int\u00e9rieur, s\u2019est \u00e9galement form\u00e9 dans cette structure, comme Cl\u00e9ment Lacour (design ext\u00e9rieur) et m\u00eame Teddy Trinchero au design ext\u00e9rieur depuis 2021. Shreyas Dalvi, au design int\u00e9rieur, ne fait pas exception \u00e0 la r\u00e8gle.<\/p>\n\n\n\n<figure class=\"wp-block-embed is-type-video is-provider-youtube wp-block-embed-youtube wp-embed-aspect-16-9 wp-has-aspect-ratio\"><div class=\"wp-block-embed__wrapper\">\n<iframe loading=\"lazy\" title=\"PEUGEOT CONCEPT CARS BJB \u00c9DITIONS\" width=\"640\" height=\"360\" src=\"https:\/\/www.youtube.com\/embed\/8InUCmkr8h4?feature=oembed\" frameborder=\"0\" allow=\"accelerometer; autoplay; clipboard-write; encrypted-media; gyroscope; picture-in-picture; web-share\" referrerpolicy=\"strict-origin-when-cross-origin\" allowfullscreen><\/iframe>\n<\/div><\/figure>\n\n\n\n<p style=\"font-size:17px\">Axel Verquin, depuis mars 2021 chez Lancia au style int\u00e9rieur, a \u00e9galement suivi ses \u00e9tudes \u00e0 Valenciennes mais \u00e0 l\u2019institut sup\u00e9rieur de design. LIGNES\/auto ajoute le nom de Bocsi Attila, chef designer chez Lancia depuis mai 2021, parce que l\u2019ouvrage &#8220;Concept-cars et prototypes d\u2019\u00e9tudes Peugeot&#8221; (voir vid\u00e9o ci-dessus) a r\u00e9v\u00e9l\u00e9 l\u2019un des projets secrets r\u00e9alis\u00e9 \u00e0 l\u2019\u00e9poque chez Peugeot&nbsp;: un petit SUV urbain ci-dessous, d\u00e9riv\u00e9 d\u2019un mod\u00e8le Mitsubishi et capable de remplacer la Peugeot 1008. C\u2019\u00e9tait en 2008&#8230;<\/p>\n\n\n\n<figure class=\"wp-block-image size-large\"><img loading=\"lazy\" decoding=\"async\" width=\"1024\" height=\"652\" src=\"http:\/\/lignesauto.fr\/wp-content\/uploads\/2023\/09\/DUVERNIER_101-1024x652.jpg\" alt=\"\" class=\"wp-image-29803\" srcset=\"https:\/\/lignesauto.fr\/wp-content\/uploads\/2023\/09\/DUVERNIER_101-1024x652.jpg 1024w, https:\/\/lignesauto.fr\/wp-content\/uploads\/2023\/09\/DUVERNIER_101-300x191.jpg 300w, https:\/\/lignesauto.fr\/wp-content\/uploads\/2023\/09\/DUVERNIER_101-768x489.jpg 768w, https:\/\/lignesauto.fr\/wp-content\/uploads\/2023\/09\/DUVERNIER_101.jpg 1417w\" sizes=\"(max-width: 1024px) 100vw, 1024px\" \/><\/figure>\n\n\n\n<p><strong>Relisez l&#8217;interview de Jean-Pierre Plou\u00e9 sur Lancia  ICI  <a href=\"http:\/\/lignesauto.fr\/?p=27086\">http:\/\/lignesauto.fr\/?p=27086<\/a><\/strong><\/p>\n\n\n<div class=\"wp-block-image\">\n<figure class=\"aligncenter size-full is-resized\"><img loading=\"lazy\" decoding=\"async\" src=\"http:\/\/lignesauto.fr\/wp-content\/uploads\/2023\/05\/image-1.png\" alt=\"\" class=\"wp-image-29099\" style=\"width:628px;height:225px\" width=\"628\" height=\"225\" srcset=\"https:\/\/lignesauto.fr\/wp-content\/uploads\/2023\/05\/image-1.png 1024w, https:\/\/lignesauto.fr\/wp-content\/uploads\/2023\/05\/image-1-300x108.png 300w, https:\/\/lignesauto.fr\/wp-content\/uploads\/2023\/05\/image-1-768x275.png 768w\" sizes=\"(max-width: 628px) 100vw, 628px\" \/><\/figure><\/div>","protected":false},"excerpt":{"rendered":"<p>Lancia revient en Europe et donc, en France avec 20 points de vente d\u00e9di\u00e9s et 80 en apr\u00e8s-vente, ces derniers communs avec ceux de DS ou Alfa-Romeo par exemple. \u00ab&nbsp;Lancia est aujourd&#8217;hui de retour en France. Ce pays repr\u00e9sente beaucoup pour la marque, de par l&#8217;attrait qu\u2019ont ses habitants pour [&hellip;]<\/p>\n","protected":false},"author":1,"featured_media":29801,"comment_status":"closed","ping_status":"closed","sticky":false,"template":"","format":"standard","meta":{"footnotes":""},"categories":[1],"tags":[],"_links":{"self":[{"href":"https:\/\/lignesauto.fr\/index.php?rest_route=\/wp\/v2\/posts\/29781"}],"collection":[{"href":"https:\/\/lignesauto.fr\/index.php?rest_route=\/wp\/v2\/posts"}],"about":[{"href":"https:\/\/lignesauto.fr\/index.php?rest_route=\/wp\/v2\/types\/post"}],"author":[{"embeddable":true,"href":"https:\/\/lignesauto.fr\/index.php?rest_route=\/wp\/v2\/users\/1"}],"replies":[{"embeddable":true,"href":"https:\/\/lignesauto.fr\/index.php?rest_route=%2Fwp%2Fv2%2Fcomments&post=29781"}],"version-history":[{"count":56,"href":"https:\/\/lignesauto.fr\/index.php?rest_route=\/wp\/v2\/posts\/29781\/revisions"}],"predecessor-version":[{"id":29898,"href":"https:\/\/lignesauto.fr\/index.php?rest_route=\/wp\/v2\/posts\/29781\/revisions\/29898"}],"wp:featuredmedia":[{"embeddable":true,"href":"https:\/\/lignesauto.fr\/index.php?rest_route=\/wp\/v2\/media\/29801"}],"wp:attachment":[{"href":"https:\/\/lignesauto.fr\/index.php?rest_route=%2Fwp%2Fv2%2Fmedia&parent=29781"}],"wp:term":[{"taxonomy":"category","embeddable":true,"href":"https:\/\/lignesauto.fr\/index.php?rest_route=%2Fwp%2Fv2%2Fcategories&post=29781"},{"taxonomy":"post_tag","embeddable":true,"href":"https:\/\/lignesauto.fr\/index.php?rest_route=%2Fwp%2Fv2%2Ftags&post=29781"}],"curies":[{"name":"wp","href":"https:\/\/api.w.org\/{rel}","templated":true}]}}