{"id":30024,"date":"2023-10-16T20:48:38","date_gmt":"2023-10-16T18:48:38","guid":{"rendered":"http:\/\/lignesauto.fr\/?p=30024"},"modified":"2023-11-22T16:43:18","modified_gmt":"2023-11-22T15:43:18","slug":"interview-michael-mauer-nous-travaillons-deja-sur-le-projet-911-annee-2050","status":"publish","type":"post","link":"https:\/\/lignesauto.fr\/?p=30024","title":{"rendered":"Interview Michael Mauer\u00a0: \u00ab\u00a0nous travaillons d\u00e9j\u00e0 sur le projet 911 &#8211; ann\u00e9e 2050\u00a0!\u00a0\u00bb"},"content":{"rendered":"<div class=\"wp-block-image\">\n<figure class=\"aligncenter size-full is-resized\"><img loading=\"lazy\" decoding=\"async\" src=\"http:\/\/lignesauto.fr\/wp-content\/uploads\/2023\/09\/image.png\" alt=\"\" class=\"wp-image-30049\" style=\"width:562px;height:201px\" width=\"562\" height=\"201\" srcset=\"https:\/\/lignesauto.fr\/wp-content\/uploads\/2023\/09\/image.png 1024w, https:\/\/lignesauto.fr\/wp-content\/uploads\/2023\/09\/image-300x108.png 300w, https:\/\/lignesauto.fr\/wp-content\/uploads\/2023\/09\/image-768x275.png 768w\" sizes=\"(max-width: 562px) 100vw, 562px\" \/><\/figure><\/div>\n\n\n<p style=\"font-size:17px\">Michael Mauer (61 ans) designer Porsche, est responsable du design de la marque depuis pr\u00e8s de 20 ans. Dans cette interview, il \u00e9voque son plus grand d\u00e9fi : perp\u00e9tuer le glorieux h\u00e9ritage de la 911.<\/p>\n\n\n\n<figure class=\"wp-block-image size-large\"><img loading=\"lazy\" decoding=\"async\" width=\"1024\" height=\"684\" src=\"http:\/\/lignesauto.fr\/wp-content\/uploads\/2023\/09\/LIGNESMAEUR_104-1024x684.jpg\" alt=\"\" class=\"wp-image-30085\" srcset=\"https:\/\/lignesauto.fr\/wp-content\/uploads\/2023\/09\/LIGNESMAEUR_104-1024x684.jpg 1024w, https:\/\/lignesauto.fr\/wp-content\/uploads\/2023\/09\/LIGNESMAEUR_104-300x200.jpg 300w, https:\/\/lignesauto.fr\/wp-content\/uploads\/2023\/09\/LIGNESMAEUR_104-768x513.jpg 768w, https:\/\/lignesauto.fr\/wp-content\/uploads\/2023\/09\/LIGNESMAEUR_104.jpg 1417w\" sizes=\"(max-width: 1024px) 100vw, 1024px\" \/><\/figure>\n\n\n\n<p style=\"font-size:17px\"><strong>NOUVEAU POUR VOUS <\/strong>: si vous lisez ce sujet sur votre PC ou Mc, t\u00e9l\u00e9chargez cet interview en format PDF &#8220;revue&#8221; sur votre ordinateur, pour un meilleur confort de lecture. Faites le test en chargeant le PDF de l&#8217;interview ci-dessous &#8211; c&#8217;est gratuit. Et dites nous si cela am\u00e9liore vos habitudes de lecture via notre adresse mail : <a href=\"mailto:lignesauto@gmail.com\">lignesauto@gmail.com<\/a> <\/p>\n\n\n\n<div data-wp-interactive=\"core\/file\" class=\"wp-block-file\"><object data-wp-bind--hidden=\"!state.hasPdfPreview\"  class=\"wp-block-file__embed\" data=\"http:\/\/lignesauto.fr\/wp-content\/uploads\/2023\/09\/ITW-MICHAEL-MAUER-2.pdf\" type=\"application\/pdf\" style=\"width:100%;height:600px\" aria-label=\"Embed of ITW-MICHAEL-MAUER-2.\"><\/object><a id=\"wp-block-file--media-8537f005-9820-4e4d-8a21-708150031054\" href=\"http:\/\/lignesauto.fr\/wp-content\/uploads\/2023\/09\/ITW-MICHAEL-MAUER-2.pdf\">ITW-MICHAEL-MAUER-2<\/a><a href=\"http:\/\/lignesauto.fr\/wp-content\/uploads\/2023\/09\/ITW-MICHAEL-MAUER-2.pdf\" class=\"wp-block-file__button wp-element-button\" download aria-describedby=\"wp-block-file--media-8537f005-9820-4e4d-8a21-708150031054\">T\u00e9l\u00e9charger<\/a><\/div>\n\n\n\n<figure class=\"wp-block-image size-large\"><img loading=\"lazy\" decoding=\"async\" width=\"1024\" height=\"646\" src=\"http:\/\/lignesauto.fr\/wp-content\/uploads\/2023\/09\/LIGNESMAUER_02-1024x646.png\" alt=\"\" class=\"wp-image-30051\" srcset=\"https:\/\/lignesauto.fr\/wp-content\/uploads\/2023\/09\/LIGNESMAUER_02-1024x646.png 1024w, https:\/\/lignesauto.fr\/wp-content\/uploads\/2023\/09\/LIGNESMAUER_02-300x189.png 300w, https:\/\/lignesauto.fr\/wp-content\/uploads\/2023\/09\/LIGNESMAUER_02-768x485.png 768w, https:\/\/lignesauto.fr\/wp-content\/uploads\/2023\/09\/LIGNESMAUER_02.png 1417w\" sizes=\"(max-width: 1024px) 100vw, 1024px\" \/><\/figure>\n\n\n\n<p style=\"font-size:17px\"><strong>Lorsque vous comparez la 911 actuelle \u00e0 la premi\u00e8re g\u00e9n\u00e9ration, quelles \u00e9motions ressentez-vous&nbsp;?<\/strong><br>\u00ab&nbsp;Je reconnais tout d\u2019abord la coh\u00e9rence. La 911 a conserv\u00e9 son identit\u00e9 et a toujours \u00e9t\u00e9 en avance sur son temps. Elle s&#8217;adapte \u00e0 l&#8217;\u00e9volution de l&#8217;esth\u00e9tique et de technologie, tout en restant fid\u00e8le \u00e0 sa ligne. Son \u00e9volution d&#8217;hier \u00e0 aujourd&#8217;hui montre pourquoi les designers sont les gardiens de la marque.&nbsp;\u00bb<\/p>\n\n\n\n<p style=\"font-size:17px\"><strong>Si vous deviez d\u00e9finir la premi\u00e8re 911, quels seraient vos mots ?<\/strong><br>\u00ab&nbsp;Il s&#8217;agit d&#8217;une interpr\u00e9tation futuriste de la voiture de sport &#8211; un design qu&#8217;il est impossible d&#8217;am\u00e9liorer. Chaque fois que nous essayons une silhouette diff\u00e9rente, nous revenons \u00e0 la ligne de toit originale. Elle est tout simplement m\u00e9morable. Et pourtant, la voiture ne semble jamais encombrante ou agressive. Et ce, bien qu&#8217;elle ait toujours \u00e9t\u00e9 l&#8217;une des plus rapides. C&#8217;est ce que je trouve fascinant.&nbsp;\u00bb<\/p>\n\n\n\n<figure class=\"wp-block-image size-large\"><img loading=\"lazy\" decoding=\"async\" width=\"1024\" height=\"576\" src=\"http:\/\/lignesauto.fr\/wp-content\/uploads\/2023\/09\/LIGNESMAUER_102-1024x576.jpeg\" alt=\"\" class=\"wp-image-30050\" srcset=\"https:\/\/lignesauto.fr\/wp-content\/uploads\/2023\/09\/LIGNESMAUER_102-1024x576.jpeg 1024w, https:\/\/lignesauto.fr\/wp-content\/uploads\/2023\/09\/LIGNESMAUER_102-300x169.jpeg 300w, https:\/\/lignesauto.fr\/wp-content\/uploads\/2023\/09\/LIGNESMAUER_102-768x432.jpeg 768w, https:\/\/lignesauto.fr\/wp-content\/uploads\/2023\/09\/LIGNESMAUER_102.jpeg 1417w\" sizes=\"(max-width: 1024px) 100vw, 1024px\" \/><\/figure>\n\n\n\n<p style=\"font-size:17px\"><strong>Le succ\u00e8s de la 911 d\u00e9velopp\u00e9e par Ferdinand Alexander Porsche il y a 60 ans se poursuit aujourd&#8217;hui, avec la huiti\u00e8me g\u00e9n\u00e9ration. Comment la d\u00e9cririez-vous ?<\/strong><br>\u00ab&nbsp;La meilleure fa\u00e7on de d\u00e9crire le mod\u00e8le actuel est de le comparer \u00e0 son pr\u00e9d\u00e9cesseur direct. En tant qu&#8217;athl\u00e8te, il est d\u00e9sormais plus muscl\u00e9, mais il reste discret par rapport \u00e0 ses concurrents extravertis de la m\u00eame cat\u00e9gorie de performance. Elle est s\u00fbre d&#8217;elle, mais sans arrogance.&nbsp;\u00bb<\/p>\n\n\n\n<p style=\"font-size:17px\"><strong>Pouvez-vous nous dire ce qui distingue finalement le design de la 911 ?<\/strong><br>\u00ab&nbsp;Je suis toujours \u00e0 la recherche d&#8217;expressions pour d\u00e9crire une Porsche une fois pour toutes et j&#8217;ai trouv\u00e9 deux mots : &#8220;designed precision&#8221; (pr\u00e9cision du design). Dans un monde rempli d&#8217;explications, le design devrait s&#8217;expliquer de lui-m\u00eame.&nbsp;\u00bb<\/p>\n\n\n\n<figure class=\"wp-block-image size-large\"><img loading=\"lazy\" decoding=\"async\" width=\"1024\" height=\"683\" src=\"http:\/\/lignesauto.fr\/wp-content\/uploads\/2023\/09\/LIGNESMAUER_06-1024x683.jpg\" alt=\"\" class=\"wp-image-30052\" srcset=\"https:\/\/lignesauto.fr\/wp-content\/uploads\/2023\/09\/LIGNESMAUER_06-1024x683.jpg 1024w, https:\/\/lignesauto.fr\/wp-content\/uploads\/2023\/09\/LIGNESMAUER_06-300x200.jpg 300w, https:\/\/lignesauto.fr\/wp-content\/uploads\/2023\/09\/LIGNESMAUER_06-768x512.jpg 768w, https:\/\/lignesauto.fr\/wp-content\/uploads\/2023\/09\/LIGNESMAUER_06.jpg 1417w\" sizes=\"(max-width: 1024px) 100vw, 1024px\" \/><\/figure>\n\n\n\n<p style=\"font-size:17px\"><strong>Et si la 911 \u00e9tait une personne, quelle serait sa personnalit\u00e9 ?<\/strong><br>\u00ab&nbsp;Quelqu&#8217;un qui \u00e9vite les feux de la rampe. Mais quelqu&#8217;un dont tout le monde sait qu&#8217;il peut faire beaucoup de choses extr\u00eamement bien. Dans le monde du sport, ce serait un triathl\u00e8te&nbsp;: mince, en forme et exceptionnel dans plusieurs disciplines. Ce serait quelqu&#8217;un \u00e0 qui je demanderais conseil, parce qu&#8217;il me soutient et m&#8217;aide \u00e0 progresser. Ferdinand Alexander Porsche, qui a dessin\u00e9 la premi\u00e8re 911, \u00e9tait un esprit libre. C&#8217;est lui qui a donn\u00e9 \u00e0 la voiture sa confiance en soi, en \u00e9tablissant sa personnalit\u00e9.&nbsp;\u00bb<\/p>\n\n\n\n<p style=\"font-size:17px\"><strong>Quel est votre plus grand d\u00e9fi en tant que concepteur ?<\/strong><br>\u00ab&nbsp;Pour nous, il s&#8217;agit toujours de cr\u00e9er un design irr\u00e9sistible. Dans le monde du design, c&#8217;est le nerf de la guerre. On pourrait presque dire que c&#8217;est de l&#8217;art. Mais pour moi, cela ne suffit pas pour un produit. Il s&#8217;agit de cr\u00e9er un design irr\u00e9sistible qui renforce la marque. Un design qui visualise toutes ses valeurs. Ce n&#8217;est qu&#8217;\u00e0 cette condition que le design peut r\u00e9gner en ma\u00eetre.&nbsp;\u00bb<\/p>\n\n\n\n<figure class=\"wp-block-image size-large\"><img loading=\"lazy\" decoding=\"async\" width=\"1024\" height=\"683\" src=\"http:\/\/lignesauto.fr\/wp-content\/uploads\/2023\/09\/LIGNESMAUER_03-1024x683.jpg\" alt=\"\" class=\"wp-image-30054\" srcset=\"https:\/\/lignesauto.fr\/wp-content\/uploads\/2023\/09\/LIGNESMAUER_03-1024x683.jpg 1024w, https:\/\/lignesauto.fr\/wp-content\/uploads\/2023\/09\/LIGNESMAUER_03-300x200.jpg 300w, https:\/\/lignesauto.fr\/wp-content\/uploads\/2023\/09\/LIGNESMAUER_03-768x512.jpg 768w, https:\/\/lignesauto.fr\/wp-content\/uploads\/2023\/09\/LIGNESMAUER_03.jpg 1417w\" sizes=\"(max-width: 1024px) 100vw, 1024px\" \/><\/figure>\n\n\n\n<p style=\"font-size:17px\"><strong>Porsche est une marque forte, et la 911 un mod\u00e8le fort. Ces deux \u00e9l\u00e9ments ne sont-ils pas au final en concurrence ?<\/strong><br>\u00ab&nbsp;Il est utile d&#8217;avoir une ic\u00f4ne dans la gamme de produits. Un mod\u00e8le qui non seulement fa\u00e7onne son monde sur une longue p\u00e9riode, mais qui est \u00e9galement unique et favorise la reconnaissance. Une ic\u00f4ne est une meilleure source d&#8217;inspiration pour la philosophie de conception de la marque. Pour moi, la 911 est l&#8217;\u00e9toile polaire de tout l&#8217;univers de la marque. \u00bb<\/p>\n\n\n\n<p style=\"font-size:17px\"><strong>Vous aimez parler de votre &#8220;force cr\u00e9atrice&#8221;, mais vous avez \u00e9galement \u00e9tabli des crit\u00e8res clairs pour le processus de conception chez Porsche. Comment g\u00e9rez-vous cette ambivalence&nbsp;?<\/strong><br>\u00ab&nbsp;Il est toujours difficile pour les designers de rationaliser ce qu&#8217;ils font. La plupart du temps, il s&#8217;agit d&#8217;une intuition pure. Mais c&#8217;est exactement ce qui constitue la base de tous nos investissements. Les d\u00e9veloppeurs de moteurs disposent de bancs d&#8217;essai mesurables. C&#8217;est pourquoi j&#8217;ai cherch\u00e9 un moyen de structurer notre intuition et notre m\u00e9thodologie pour la rendre mesurable d&#8217;une mani\u00e8re ou d&#8217;une autre.&nbsp;\u00bb<\/p>\n\n\n\n<figure class=\"wp-block-image size-large\"><img loading=\"lazy\" decoding=\"async\" width=\"1024\" height=\"856\" src=\"http:\/\/lignesauto.fr\/wp-content\/uploads\/2023\/09\/LIGNESMAUER_01-1024x856.png\" alt=\"\" class=\"wp-image-30039\" srcset=\"https:\/\/lignesauto.fr\/wp-content\/uploads\/2023\/09\/LIGNESMAUER_01-1024x856.png 1024w, https:\/\/lignesauto.fr\/wp-content\/uploads\/2023\/09\/LIGNESMAUER_01-300x251.png 300w, https:\/\/lignesauto.fr\/wp-content\/uploads\/2023\/09\/LIGNESMAUER_01-768x642.png 768w, https:\/\/lignesauto.fr\/wp-content\/uploads\/2023\/09\/LIGNESMAUER_01.png 1417w\" sizes=\"(max-width: 1024px) 100vw, 1024px\" \/><\/figure>\n\n\n\n<p style=\"font-size:17px\"><strong>Le r\u00e9sultat est une m\u00e9thode de conception originale. \u00c0 quoi ressemble-t-elle ?<\/strong><br>\u00ab&nbsp;Parmi les douze arch\u00e9types traditionnels de la psychologie, nous en avons s\u00e9lectionn\u00e9 trois qui s&#8217;appliquent \u00e0 nous : le h\u00e9ros, le cr\u00e9ateur et le rebelle. Nous avons d\u00e9cid\u00e9 de donner des visages \u00e0 ces arch\u00e9types : James Dean, Ferdinand Porsche et Steve McQueen (ci-dessus). Nous pouvons imaginer la direction que doit prendre le design pour correspondre \u00e0 ces protagonistes. La suite est la partie la plus difficile du processus. Nous appliquons des termes cl\u00e9s &#8211; &#8220;tension&#8221;, &#8220;objectif&#8221; et &#8220;focalisation&#8221; &#8211; aux trois visages, ce qui nous aide \u00e0 traduire les id\u00e9es en design concret. La focalisation fait r\u00e9f\u00e9rence au h\u00e9ros, l&#8217;objectif au cr\u00e9ateur et la tension au rebelle.&nbsp;\u00bb<\/p>\n\n\n\n<figure class=\"wp-block-image size-large\"><img loading=\"lazy\" decoding=\"async\" width=\"1024\" height=\"683\" src=\"http:\/\/lignesauto.fr\/wp-content\/uploads\/2023\/09\/LIGNESMAUER_05-1024x683.jpg\" alt=\"\" class=\"wp-image-30055\" srcset=\"https:\/\/lignesauto.fr\/wp-content\/uploads\/2023\/09\/LIGNESMAUER_05-1024x683.jpg 1024w, https:\/\/lignesauto.fr\/wp-content\/uploads\/2023\/09\/LIGNESMAUER_05-300x200.jpg 300w, https:\/\/lignesauto.fr\/wp-content\/uploads\/2023\/09\/LIGNESMAUER_05-768x512.jpg 768w, https:\/\/lignesauto.fr\/wp-content\/uploads\/2023\/09\/LIGNESMAUER_05.jpg 1417w\" sizes=\"(max-width: 1024px) 100vw, 1024px\" \/><\/figure>\n\n\n\n<p style=\"font-size:17px\"><strong>Cette philosophie a-t-elle r\u00e9ellement un impact sur le design ?<\/strong><br>\u00ab&nbsp;Les trois termes refl\u00e8tent nos valeurs et servent donc d&#8217;inspiration pour nos processus internes. Par cons\u00e9quent, tout le monde a soudain en t\u00eate des images qui d\u00e9crivent une direction. Pour moi, le design est bien plus que la simple conception de formes. Il s&#8217;agit aussi de concevoir une marque. Et c&#8217;est l\u00e0 que cette coh\u00e9rence entre en jeu. Le r\u00e9sultat est en fin de compte une identit\u00e9.&nbsp;\u00bb<\/p>\n\n\n\n<p style=\"font-size:17px\"><strong>Comment interpr\u00e9teriez-vous l&#8217;intemporalit\u00e9 ?<\/strong><br>\u00ab&nbsp;Ce terme m&#8217;aide \u00e0 comprendre ce que la marque Porsche repr\u00e9sente depuis de nombreuses ann\u00e9es et ce que nous voulons communiquer pour son avenir. Pour \u00eatre irr\u00e9sistible, une cr\u00e9ation doit \u00eatre esth\u00e9tique et charg\u00e9e d&#8217;\u00e9motion. Dans un monde plein d&#8217;explications, le design doit \u00e0 lui seul \u00eatre explicite.&nbsp;\u00bb<\/p>\n\n\n\n<figure class=\"wp-block-image size-large\"><img loading=\"lazy\" decoding=\"async\" width=\"1024\" height=\"693\" src=\"http:\/\/lignesauto.fr\/wp-content\/uploads\/2023\/09\/LIGNESMAUER_07-1024x693.jpg\" alt=\"\" class=\"wp-image-30056\" srcset=\"https:\/\/lignesauto.fr\/wp-content\/uploads\/2023\/09\/LIGNESMAUER_07-1024x693.jpg 1024w, https:\/\/lignesauto.fr\/wp-content\/uploads\/2023\/09\/LIGNESMAUER_07-300x203.jpg 300w, https:\/\/lignesauto.fr\/wp-content\/uploads\/2023\/09\/LIGNESMAUER_07-768x520.jpg 768w, https:\/\/lignesauto.fr\/wp-content\/uploads\/2023\/09\/LIGNESMAUER_07.jpg 1417w\" sizes=\"(max-width: 1024px) 100vw, 1024px\" \/><figcaption class=\"wp-element-caption\">Salon de Gen\u00e8ve en mars 1949 : le cabriolet et le coup\u00e9 356 font leur premi\u00e8re apparition sur le stand &#8220;Porsche&#8221;.<\/figcaption><\/figure>\n\n\n\n<p style=\"font-size:17px\"><strong>Avez-vous eu du mal \u00e0 concevoir votre premi\u00e8re 911 ?<\/strong><br>\u00ab&nbsp;J&#8217;ai \u00e9t\u00e9 heureux que mon premier projet ne soit pas la nouvelle g\u00e9n\u00e9ration de la 911. J&#8217;ai eu suffisamment de temps pour comprendre ce qui distingue une Porsche dans son univers. En ce qui concerne la 911, ce ne sont pas les dix personnes habituelles de l&#8217;entreprise qui ont leur mot \u00e0 dire, mais plut\u00f4t une centaine. Il ne s&#8217;agit pas seulement de savoir si la voiture est attrayante, mais aussi si elle reste une 911. Car la 911 porte une grande responsabilit\u00e9&nbsp;: c\u2019est la t\u00eate de la famille Porsche.&nbsp;\u00bb<\/p>\n\n\n\n<figure class=\"wp-block-image size-large\"><img loading=\"lazy\" decoding=\"async\" width=\"1024\" height=\"489\" src=\"http:\/\/lignesauto.fr\/wp-content\/uploads\/2023\/09\/LIGNESMAUER_100-1024x489.jpg\" alt=\"\" class=\"wp-image-30040\" srcset=\"https:\/\/lignesauto.fr\/wp-content\/uploads\/2023\/09\/LIGNESMAUER_100-1024x489.jpg 1024w, https:\/\/lignesauto.fr\/wp-content\/uploads\/2023\/09\/LIGNESMAUER_100-300x143.jpg 300w, https:\/\/lignesauto.fr\/wp-content\/uploads\/2023\/09\/LIGNESMAUER_100-768x366.jpg 768w, https:\/\/lignesauto.fr\/wp-content\/uploads\/2023\/09\/LIGNESMAUER_100.jpg 1417w\" sizes=\"(max-width: 1024px) 100vw, 1024px\" \/><figcaption class=\"wp-element-caption\">La naissance d&#8217;une g\u00e9n\u00e9ration de 911 n&#8217;est pas due \u00e0 un designer ou \u00e0 un ing\u00e9nieur, mais \u00e0 une (tr\u00e8s) grande \u00e9quipe.<\/figcaption><\/figure>\n\n\n\n<p style=\"font-size:17px\"><strong>Lorsque vous vous attaquez \u00e0 un projet de nouvelle g\u00e9n\u00e9ration de 911, comment g\u00e9rez-vous ce niveau de responsabilit\u00e9 ?<\/strong><br>\u00ab&nbsp;Tout d&#8217;abord, nous proc\u00e9dons comme si la nouvelle 911 \u00e9tait un projet comme un autre. En tant que designer, il ne faut jamais se sentir limit\u00e9 d\u00e8s le d\u00e9part. Nous avons besoin de provocations cibl\u00e9es pour progresser. Puis, au moment de la conception proprement dite, on se demande jusqu&#8217;o\u00f9 il faut aller. Les designers doivent \u00eatre courageux et notre travail consiste \u00e0 provoquer en permanence la discussion et \u00e0 pr\u00e9senter des alternatives \u00e0 d\u00e9battre. La vraie question est la suivante : jusqu&#8217;o\u00f9 allons-nous ? \u00c0 mon avis, nous, les designers, serons encore plus impliqu\u00e9s dans le processus de planification que nous ne le sommes aujourd&#8217;hui, en nous concentrant davantage sur la strat\u00e9gie du produit.&nbsp;\u00bb<\/p>\n\n\n\n<figure class=\"wp-block-image size-large\"><img loading=\"lazy\" decoding=\"async\" width=\"1024\" height=\"683\" src=\"http:\/\/lignesauto.fr\/wp-content\/uploads\/2023\/09\/LIGNESMAUER_04-1024x683.jpg\" alt=\"\" class=\"wp-image-30048\" srcset=\"https:\/\/lignesauto.fr\/wp-content\/uploads\/2023\/09\/LIGNESMAUER_04-1024x683.jpg 1024w, https:\/\/lignesauto.fr\/wp-content\/uploads\/2023\/09\/LIGNESMAUER_04-300x200.jpg 300w, https:\/\/lignesauto.fr\/wp-content\/uploads\/2023\/09\/LIGNESMAUER_04-768x512.jpg 768w, https:\/\/lignesauto.fr\/wp-content\/uploads\/2023\/09\/LIGNESMAUER_04.jpg 1417w\" sizes=\"(max-width: 1024px) 100vw, 1024px\" \/><\/figure>\n\n\n\n<p style=\"font-size:17px\"><strong>Comment savoir si les d\u00e9cisions que vous prenez vont suffisamment loin ou si vous \u00eates all\u00e9s trop loin ?<\/strong><br>\u00ab&nbsp;Vous pouvez l&#8217;\u00e9valuer assez efficacement \u00e0 partir des premi\u00e8res r\u00e9actions que vous recevez lorsque vous introduisez un mod\u00e8le en interne et que les personnes concern\u00e9es s&#8217;exclament imm\u00e9diatement : &#8220;Cela ne ressemble plus \u00e0 une Porsche&#8221;, ou &#8220;Cela ne ressemble plus \u00e0 une VW&#8221;. Vous savez alors que vous \u00eates all\u00e9 un peu trop loin et que le design n&#8217;est pas facilement compr\u00e9hensible pour quelqu&#8217;un qui n&#8217;y a pas travaill\u00e9 aussi intens\u00e9ment. Mais si vous \u00eates convaincu du bien-fond\u00e9 de ce que vous proposez, alors il vaut mieux se battre pour cela.&nbsp;\u00bb<\/p>\n\n\n\n<figure class=\"wp-block-image size-large\"><img loading=\"lazy\" decoding=\"async\" width=\"1024\" height=\"576\" src=\"http:\/\/lignesauto.fr\/wp-content\/uploads\/2023\/09\/LIGNESMAUER_101-1024x576.jpeg\" alt=\"\" class=\"wp-image-30046\" srcset=\"https:\/\/lignesauto.fr\/wp-content\/uploads\/2023\/09\/LIGNESMAUER_101-1024x576.jpeg 1024w, https:\/\/lignesauto.fr\/wp-content\/uploads\/2023\/09\/LIGNESMAUER_101-300x169.jpeg 300w, https:\/\/lignesauto.fr\/wp-content\/uploads\/2023\/09\/LIGNESMAUER_101-768x432.jpeg 768w, https:\/\/lignesauto.fr\/wp-content\/uploads\/2023\/09\/LIGNESMAUER_101.jpeg 1417w\" sizes=\"(max-width: 1024px) 100vw, 1024px\" \/><\/figure>\n\n\n\n<p style=\"font-size:17px\"><strong>Quelle sera la 911 de demain ?<\/strong><br>\u00ab&nbsp;Nous travaillons d\u00e9j\u00e0 sur le projet &#8220;911 &#8211; Ann\u00e9e 2050&#8221;. Nous nous projetons tr\u00e8s loin dans l&#8217;avenir et sautons sciemment trois g\u00e9n\u00e9rations de v\u00e9hicules. Il nous est impossible de savoir aujourd&#8217;hui de quel type d\u2019architecture et de de cha\u00eene de traction la 911 aura droit. Mais c&#8217;est plus qu&#8217;une exp\u00e9rience de pens\u00e9e. Elle constitue une source d&#8217;inspiration concr\u00e8te pour les processus actuels. Nous nous projetons dans l&#8217;avenir, puis, comme des chercheurs, nous travaillons \u00e0 rebours, par exemple jusqu&#8217;en 2030. Il en r\u00e9sulte des images, des perspectives et des cadres sociaux diff\u00e9rents, comme si nous avancions de mani\u00e8re purement \u00e9volutive.&nbsp;\u00bb<\/p>\n\n\n\n<figure class=\"wp-block-image size-large\"><img loading=\"lazy\" decoding=\"async\" width=\"1024\" height=\"486\" src=\"http:\/\/lignesauto.fr\/wp-content\/uploads\/2023\/09\/LIGNESMAUER_08-1024x486.png\" alt=\"\" class=\"wp-image-30041\" srcset=\"https:\/\/lignesauto.fr\/wp-content\/uploads\/2023\/09\/LIGNESMAUER_08-1024x486.png 1024w, https:\/\/lignesauto.fr\/wp-content\/uploads\/2023\/09\/LIGNESMAUER_08-300x142.png 300w, https:\/\/lignesauto.fr\/wp-content\/uploads\/2023\/09\/LIGNESMAUER_08-768x365.png 768w, https:\/\/lignesauto.fr\/wp-content\/uploads\/2023\/09\/LIGNESMAUER_08.png 1417w\" sizes=\"(max-width: 1024px) 100vw, 1024px\" \/><\/figure>\n\n\n\n<p style=\"font-size:17px\"><strong>\u00c0 quoi ressemblera cette prochaine 911 ?<\/strong><br>\u00ab&nbsp;Rassurez-vous&nbsp;: \u00e0 une 911. M\u00eame si quelques \u00e9l\u00e9ments du design vont changer, on verra au premier coup d&#8217;\u0153il qu&#8217;il s&#8217;agit bien d&#8217;une 911. Mais d\u2019une toute nouvelle 911.&nbsp;\u00bb<\/p>\n\n\n\n<figure class=\"wp-block-image size-large\"><img loading=\"lazy\" decoding=\"async\" width=\"1024\" height=\"684\" src=\"http:\/\/lignesauto.fr\/wp-content\/uploads\/2023\/09\/LIGNESMAUER_103-1024x684.jpg\" alt=\"\" class=\"wp-image-30042\" srcset=\"https:\/\/lignesauto.fr\/wp-content\/uploads\/2023\/09\/LIGNESMAUER_103-1024x684.jpg 1024w, https:\/\/lignesauto.fr\/wp-content\/uploads\/2023\/09\/LIGNESMAUER_103-300x200.jpg 300w, https:\/\/lignesauto.fr\/wp-content\/uploads\/2023\/09\/LIGNESMAUER_103-768x513.jpg 768w, https:\/\/lignesauto.fr\/wp-content\/uploads\/2023\/09\/LIGNESMAUER_103.jpg 1417w\" sizes=\"(max-width: 1024px) 100vw, 1024px\" \/><\/figure>\n\n\n\n<p style=\"font-size:17px\"><em>I<\/em><strong><em>nterview r\u00e9alis\u00e9 par le magazine Christophorus&nbsp;: <a href=\"https:\/\/www.porsche.com\/france\/aboutporsche\/christophorusmagazine\/\">https:\/\/www.porsche.com\/france\/aboutporsche\/christophorusmagazine\/<\/a><\/em> <em>Communication et photos Media Porsch<\/em>e<\/strong><\/p>\n\n\n<div class=\"wp-block-image\">\n<figure class=\"aligncenter size-full is-resized\"><img loading=\"lazy\" decoding=\"async\" src=\"http:\/\/lignesauto.fr\/wp-content\/uploads\/2023\/05\/image-1.png\" alt=\"\" class=\"wp-image-29099\" style=\"width:590px;height:211px\" width=\"590\" height=\"211\" srcset=\"https:\/\/lignesauto.fr\/wp-content\/uploads\/2023\/05\/image-1.png 1024w, https:\/\/lignesauto.fr\/wp-content\/uploads\/2023\/05\/image-1-300x108.png 300w, https:\/\/lignesauto.fr\/wp-content\/uploads\/2023\/05\/image-1-768x275.png 768w\" sizes=\"(max-width: 590px) 100vw, 590px\" \/><\/figure><\/div>","protected":false},"excerpt":{"rendered":"<p>Michael Mauer (61 ans) designer Porsche, est responsable du design de la marque depuis pr\u00e8s de 20 ans. Dans cette interview, il \u00e9voque son plus grand d\u00e9fi : perp\u00e9tuer le glorieux h\u00e9ritage de la 911. NOUVEAU POUR VOUS : si vous lisez ce sujet sur votre PC ou Mc, t\u00e9l\u00e9chargez [&hellip;]<\/p>\n","protected":false},"author":1,"featured_media":30054,"comment_status":"closed","ping_status":"closed","sticky":false,"template":"","format":"standard","meta":{"footnotes":""},"categories":[1],"tags":[],"_links":{"self":[{"href":"https:\/\/lignesauto.fr\/index.php?rest_route=\/wp\/v2\/posts\/30024"}],"collection":[{"href":"https:\/\/lignesauto.fr\/index.php?rest_route=\/wp\/v2\/posts"}],"about":[{"href":"https:\/\/lignesauto.fr\/index.php?rest_route=\/wp\/v2\/types\/post"}],"author":[{"embeddable":true,"href":"https:\/\/lignesauto.fr\/index.php?rest_route=\/wp\/v2\/users\/1"}],"replies":[{"embeddable":true,"href":"https:\/\/lignesauto.fr\/index.php?rest_route=%2Fwp%2Fv2%2Fcomments&post=30024"}],"version-history":[{"count":31,"href":"https:\/\/lignesauto.fr\/index.php?rest_route=\/wp\/v2\/posts\/30024\/revisions"}],"predecessor-version":[{"id":30094,"href":"https:\/\/lignesauto.fr\/index.php?rest_route=\/wp\/v2\/posts\/30024\/revisions\/30094"}],"wp:featuredmedia":[{"embeddable":true,"href":"https:\/\/lignesauto.fr\/index.php?rest_route=\/wp\/v2\/media\/30054"}],"wp:attachment":[{"href":"https:\/\/lignesauto.fr\/index.php?rest_route=%2Fwp%2Fv2%2Fmedia&parent=30024"}],"wp:term":[{"taxonomy":"category","embeddable":true,"href":"https:\/\/lignesauto.fr\/index.php?rest_route=%2Fwp%2Fv2%2Fcategories&post=30024"},{"taxonomy":"post_tag","embeddable":true,"href":"https:\/\/lignesauto.fr\/index.php?rest_route=%2Fwp%2Fv2%2Ftags&post=30024"}],"curies":[{"name":"wp","href":"https:\/\/api.w.org\/{rel}","templated":true}]}}