{"id":30874,"date":"2023-11-22T16:37:07","date_gmt":"2023-11-22T15:37:07","guid":{"rendered":"http:\/\/lignesauto.fr\/?p=30874"},"modified":"2023-11-22T16:38:10","modified_gmt":"2023-11-22T15:38:10","slug":"emmanuel-klissarov-portrait-dun-designer-qui-entreprend-partie-1","status":"publish","type":"post","link":"https:\/\/lignesauto.fr\/?p=30874","title":{"rendered":"Emmanuel Klissarov : portrait d&#8217;un designer qui entreprend ! PARTIE-1"},"content":{"rendered":"<div class=\"wp-block-image\">\n<figure class=\"aligncenter size-full is-resized\"><img loading=\"lazy\" decoding=\"async\" width=\"1024\" height=\"367\" src=\"http:\/\/lignesauto.fr\/wp-content\/uploads\/2023\/10\/image.png\" alt=\"\" class=\"wp-image-30726\" style=\"width:574px;height:auto\" srcset=\"https:\/\/lignesauto.fr\/wp-content\/uploads\/2023\/10\/image.png 1024w, https:\/\/lignesauto.fr\/wp-content\/uploads\/2023\/10\/image-300x108.png 300w, https:\/\/lignesauto.fr\/wp-content\/uploads\/2023\/10\/image-768x275.png 768w\" sizes=\"(max-width: 1024px) 100vw, 1024px\" \/><\/figure><\/div>\n\n\n<p style=\"font-size:17px\">LIGNES\/auto vous propose, en trois actes, le portrait surprenant d\u2019un designer \u00e0 la carri\u00e8re tout aussi \u00e9tonnante. O\u00f9 il est question de dameuse, de concept-car Renault F1, de Dacia Duster ou encore de mobilit\u00e9 individuelle pour un vol plaisir dans un ciel tout bleu. Son parcours doit donner espoir \u2013 et envie &#8211; \u00e0 tous les jeunes designers ou \u00e9tudiants qui se posent des questions sur le chemin id\u00e9al \u00e0 emprunter pour acc\u00e9der \u00e0 ce m\u00e9tier. L\u2019histoire commence \u00e0 Sofia, o\u00f9 Emmanuel Klissarov nait en 1980.<\/p>\n\n\n\n<figure class=\"wp-block-image size-large\"><img loading=\"lazy\" decoding=\"async\" width=\"1024\" height=\"683\" src=\"http:\/\/lignesauto.fr\/wp-content\/uploads\/2023\/11\/KLIS_1000-1024x683.jpg\" alt=\"\" class=\"wp-image-30890\" srcset=\"https:\/\/lignesauto.fr\/wp-content\/uploads\/2023\/11\/KLIS_1000-1024x683.jpg 1024w, https:\/\/lignesauto.fr\/wp-content\/uploads\/2023\/11\/KLIS_1000-300x200.jpg 300w, https:\/\/lignesauto.fr\/wp-content\/uploads\/2023\/11\/KLIS_1000-768x512.jpg 768w, https:\/\/lignesauto.fr\/wp-content\/uploads\/2023\/11\/KLIS_1000.jpg 1417w\" sizes=\"(max-width: 1024px) 100vw, 1024px\" \/><\/figure>\n\n\n\n<p style=\"font-size:17px\">\u00ab <em>Je suis n\u00e9 \u00e0 Sofia et j\u2019ai grandi en Bulgarie jusqu\u2019\u00e0 mes 10 ans<\/em>. \u00bb Avec la chute du mur de Berlin en 1989, le Sofiote et sa famille quittent le r\u00e9gime communiste \u00e9tablit depuis le 9 septembre 1944. \u00ab <em>Nous avons atterri en Autriche o\u00f9 j\u2019ai pu apprendre l\u2019Allemand, puis je suis all\u00e9 \u00e0 Montr\u00e9al o\u00f9 j\u2019ai appris le fran\u00e7ais, m\u00eame si je le parle avec un accent canadien ! <\/em>\u00bb Le jeune adolescent conserve quand m\u00eame des souvenirs marquants de sa vie en Bulgarie. C\u2019est m\u00eame l\u2019un d\u2019entre eux qui va le guider sur la voie de designer&#8230; <\/p>\n\n\n\n<p style=\"font-size:18px\"><strong>NOUVEAU : facilitez-vous la lecture. T\u00e9l\u00e9charger gratuitement ces deux PDF bilingues avec des bonus et des documents in\u00e9dits, en cliquant sur les deux boutons PDF ci-dessous<\/strong>.<\/p>\n\n\n\n<div data-wp-interactive=\"core\/file\" class=\"wp-block-file\"><object data-wp-bind--hidden=\"!state.hasPdfPreview\"  class=\"wp-block-file__embed\" data=\"http:\/\/lignesauto.fr\/wp-content\/uploads\/2023\/11\/PARTIE_1.pdf\" type=\"application\/pdf\" style=\"width:100%;height:600px\" aria-label=\"Embed of PARTIE_1.\"><\/object><a id=\"wp-block-file--media-eb3ceb9a-b0ed-49db-ae54-2aa21d967da6\" href=\"http:\/\/lignesauto.fr\/wp-content\/uploads\/2023\/11\/PARTIE_1.pdf\">PARTIE_1<\/a><a href=\"http:\/\/lignesauto.fr\/wp-content\/uploads\/2023\/11\/PARTIE_1.pdf\" class=\"wp-block-file__button wp-element-button\" download aria-describedby=\"wp-block-file--media-eb3ceb9a-b0ed-49db-ae54-2aa21d967da6\">T\u00e9l\u00e9charger<\/a><\/div>\n\n\n\n<div data-wp-interactive=\"core\/file\" class=\"wp-block-file\"><object data-wp-bind--hidden=\"!state.hasPdfPreview\"  class=\"wp-block-file__embed\" data=\"http:\/\/lignesauto.fr\/wp-content\/uploads\/2023\/11\/PARTIE-2-ET-3.pdf\" type=\"application\/pdf\" style=\"width:100%;height:600px\" aria-label=\"Embed of PARTIE-2-ET-3.\"><\/object><a id=\"wp-block-file--media-ac5c02d7-9b0c-441d-bb78-bc8bcdff2108\" href=\"http:\/\/lignesauto.fr\/wp-content\/uploads\/2023\/11\/PARTIE-2-ET-3.pdf\">PARTIE-2-ET-3<\/a><a href=\"http:\/\/lignesauto.fr\/wp-content\/uploads\/2023\/11\/PARTIE-2-ET-3.pdf\" class=\"wp-block-file__button wp-element-button\" download aria-describedby=\"wp-block-file--media-ac5c02d7-9b0c-441d-bb78-bc8bcdff2108\">T\u00e9l\u00e9charger<\/a><\/div>\n\n\n\n<p style=\"font-size:17px\">\u00ab <em>En Bulgarie, j\u2019ai grandi en montagne avec un centre de sport pour les \u00e9tudiants de l\u2019universit\u00e9 de Sofia. J\u2019y ai d\u00e9couvert les dameuses et toutes sortes de v\u00e9hicules \u00e9tranges. Ce sont les premiers v\u00e9hicules qui m\u2019ont marqu\u00e9 et donn\u00e9 envie de les dessiner, ma passion vient de l\u00e0, avec les dameuses ! Et une fois en Autriche, j\u2019ai continu\u00e9 le ski au milieu de ces engins ! C\u2019est l\u00e0 finalement que tout a d\u00e9but\u00e9.<\/em> \u00bb<\/p>\n\n\n\n<figure class=\"wp-block-image size-large\"><img loading=\"lazy\" decoding=\"async\" width=\"1024\" height=\"683\" src=\"http:\/\/lignesauto.fr\/wp-content\/uploads\/2023\/11\/KLI_07-1024x683.jpg\" alt=\"\" class=\"wp-image-30891\" srcset=\"https:\/\/lignesauto.fr\/wp-content\/uploads\/2023\/11\/KLI_07-1024x683.jpg 1024w, https:\/\/lignesauto.fr\/wp-content\/uploads\/2023\/11\/KLI_07-300x200.jpg 300w, https:\/\/lignesauto.fr\/wp-content\/uploads\/2023\/11\/KLI_07-768x512.jpg 768w, https:\/\/lignesauto.fr\/wp-content\/uploads\/2023\/11\/KLI_07.jpg 1417w\" sizes=\"(max-width: 1024px) 100vw, 1024px\" \/><\/figure>\n\n\n\n<p style=\"font-size:17px\">La vie d\u2019Emmanuel Klissarov bascule \u00e0 son arriv\u00e9e au Canada en 1992, \u00e0 l\u2019\u00e2ge de 12 ans. \u00ab <em>Lorsque je suis arriv\u00e9 plus tard au lyc\u00e9e \u00e0 Qu\u00e9bec, j\u2019ai pu davantage m\u2019int\u00e9resser au design et au dessin. Je dessinais toutes sortes de v\u00e9hicules et on m\u2019a alors conseill\u00e9 de m\u2019orienter vers le design industriel.<\/em> \u00bb Apr\u00e8s la Bulgarie, l\u2019Autriche et le Canada, Emmanuel Klissarov va arriver en France dans des conditions un peu particuli\u00e8res.<\/p>\n\n\n\n<figure class=\"wp-block-image size-large\"><img loading=\"lazy\" decoding=\"async\" width=\"1024\" height=\"524\" src=\"http:\/\/lignesauto.fr\/wp-content\/uploads\/2023\/11\/KLI_2010-1024x524.png\" alt=\"\" class=\"wp-image-30892\" srcset=\"https:\/\/lignesauto.fr\/wp-content\/uploads\/2023\/11\/KLI_2010-1024x524.png 1024w, https:\/\/lignesauto.fr\/wp-content\/uploads\/2023\/11\/KLI_2010-300x153.png 300w, https:\/\/lignesauto.fr\/wp-content\/uploads\/2023\/11\/KLI_2010-768x393.png 768w, https:\/\/lignesauto.fr\/wp-content\/uploads\/2023\/11\/KLI_2010.png 1417w\" sizes=\"(max-width: 1024px) 100vw, 1024px\" \/><\/figure>\n\n\n\n<p style=\"font-size:17px\">\u00ab <em>Apr\u00e8s ma premi\u00e8re ann\u00e9e d\u2019\u00e9tudes \u00e0 l\u2019universit\u00e9 canadienne, je vais essayer de m\u2019orienter vers le design auto, mais l\u2019universit\u00e9 de Montr\u00e9al n\u2019\u00e9tait pas forc\u00e9ment la bonne orientation pour cet objectif. Il y avait les options de l\u2019Art Center \u00e0 Los Angeles ou le CCS de D\u00e9troit, mais les budgets \u00e9taient trop \u00e9lev\u00e9s pour moi. J\u2019ai appris dans le m\u00eame temps que l\u2019\u00e9cole fran\u00e7aise Strate (ci-dessus) et l\u2019universit\u00e9 de Montr\u00e9al avaient conclu un partenariat. Je pouvais donc aller faire une ann\u00e9e \u00e0 Strate, o\u00f9 j\u2019ai pu toucher de plus pr\u00e8s le design automobile et la formation adapt\u00e9e. <\/em>\u00bb<\/p>\n\n\n\n<figure class=\"wp-block-image size-large\"><img loading=\"lazy\" decoding=\"async\" width=\"1024\" height=\"768\" src=\"http:\/\/lignesauto.fr\/wp-content\/uploads\/2023\/11\/KLI_2001-1024x768.jpg\" alt=\"\" class=\"wp-image-30893\" srcset=\"https:\/\/lignesauto.fr\/wp-content\/uploads\/2023\/11\/KLI_2001-1024x768.jpg 1024w, https:\/\/lignesauto.fr\/wp-content\/uploads\/2023\/11\/KLI_2001-300x225.jpg 300w, https:\/\/lignesauto.fr\/wp-content\/uploads\/2023\/11\/KLI_2001-768x576.jpg 768w, https:\/\/lignesauto.fr\/wp-content\/uploads\/2023\/11\/KLI_2001.jpg 1417w\" sizes=\"(max-width: 1024px) 100vw, 1024px\" \/><\/figure>\n\n\n\n<p style=\"font-size:17px\">Le designer cosmopolite va tr\u00e8s vite apprendre notre langue, tout en gardant des expressions qu\u00e9b\u00e9coises : \u00ab<em> je suis tomb\u00e9 en amour avec Paris !<\/em> \u00bb Et \u00e0 Strate, un homme que LIGNES\/auto conna\u00eet bien, va le guider. Il s&#8217;agit de Philip Nemeth (ci-dessus) \u00ab<em> J\u2019ai connu Philip qui \u00e9tait l\u2019un des professeurs \u00e0 Strate et il m\u2019a beaucoup motiv\u00e9, aid\u00e9 et form\u00e9. Quand j\u2019\u00e9tais \u00e0 Montr\u00e9al, j\u2019\u00e9tais l\u2019un des meilleurs \u00e0 l\u2019universit\u00e9, mais j\u2019ai trouv\u00e9 utile de sortir de ma zone de confort. Et \u00e0 Strate, je me suis retrouv\u00e9 avec des \u00e9l\u00e8ves bien meilleurs que moi ! Du coup, \u00e7a te force \u00e0 \u00e9lever ton niveau, \u00e0 travailler davantage et diff\u00e9remment. J\u2019ai progress\u00e9 rapidement et j\u2019ai cette ann\u00e9e-l\u00e0 (<\/em>en d\u00e9cembre 2005 NDA<em>) gagn\u00e9 le concours de design qu\u2019organisait le magazine l\u2019argus. Tout a chang\u00e9 alors et j\u2019ai pu s\u00e9curiser un stage chez Citro\u00ebn pour 2006.&nbsp;<\/em>\u00bb<\/p>\n\n\n\n<figure class=\"wp-block-image size-large\"><img loading=\"lazy\" decoding=\"async\" width=\"1024\" height=\"571\" src=\"http:\/\/lignesauto.fr\/wp-content\/uploads\/2023\/11\/KLI_30-1024x571.jpg\" alt=\"\" class=\"wp-image-30896\" srcset=\"https:\/\/lignesauto.fr\/wp-content\/uploads\/2023\/11\/KLI_30-1024x571.jpg 1024w, https:\/\/lignesauto.fr\/wp-content\/uploads\/2023\/11\/KLI_30-300x167.jpg 300w, https:\/\/lignesauto.fr\/wp-content\/uploads\/2023\/11\/KLI_30-768x428.jpg 768w, https:\/\/lignesauto.fr\/wp-content\/uploads\/2023\/11\/KLI_30.jpg 1417w\" sizes=\"(max-width: 1024px) 100vw, 1024px\" \/><\/figure>\n\n\n\n<p style=\"font-size:17px\">\u00ab&nbsp;<em>Trois mois apr\u00e8s mon arriv\u00e9 \u00e0 Paris je gagnais ce concours ! C\u2019\u00e9tait extraordinaire, je savais que j\u2019avais la garantie d\u2019avoir ce stage chez un grand constructeur et c\u2019est de \u00e7a dont je r\u00eavais !<\/em> \u00bb En 2006, le studio de design de Citro\u00ebn est dirig\u00e9 depuis six ans par Jean-Pierre Plou\u00e9. La C3, puis les C2 et C4 (ci-dessous) sont dans la rue et d\u2019autres projets ambitieux sont dans les tuyaux. Un stagiaire est-il mis dans le boucle de ces travaux ?<\/p>\n\n\n\n<figure class=\"wp-block-image size-large\"><img loading=\"lazy\" decoding=\"async\" width=\"1024\" height=\"589\" src=\"http:\/\/lignesauto.fr\/wp-content\/uploads\/2023\/11\/KLI_2011-1024x589.jpg\" alt=\"\" class=\"wp-image-30895\" srcset=\"https:\/\/lignesauto.fr\/wp-content\/uploads\/2023\/11\/KLI_2011-1024x589.jpg 1024w, https:\/\/lignesauto.fr\/wp-content\/uploads\/2023\/11\/KLI_2011-300x173.jpg 300w, https:\/\/lignesauto.fr\/wp-content\/uploads\/2023\/11\/KLI_2011-768x442.jpg 768w, https:\/\/lignesauto.fr\/wp-content\/uploads\/2023\/11\/KLI_2011.jpg 1417w\" sizes=\"(max-width: 1024px) 100vw, 1024px\" \/><\/figure>\n\n\n\n<p style=\"font-size:17px\">\u00ab <em>Chez Citro\u00ebn, je suis sous la responsabilit\u00e9 de Cathal Loughnane qui \u00e9tait alors au design int\u00e9rieur (<\/em>1999-2009, avant de prendre la direction du Peugeot Design Lab et aujourd\u2019hui chez Aston Martin, NDA<em>). J\u2019\u00e9tais \u00e9galement supervis\u00e9 par Mark Lloyd (<\/em>ci-dessous \u00e0 gauche<em>) qui \u00e9tait aussi responsable de la s\u00e9lection du jury l\u2019argus. Citro\u00ebn \u00e9tait assez ferm\u00e9 au niveau des stagiaires, on \u00e9tait dans un local un peu \u00e0 part et de temps en temps, il y avait un designer qui venait voir nos travaux. On n\u2019avait pas le droit de voir ce qu\u2019il se passait, car il ne fallait pas que les projets en cours nous inspirent. On aurait sans doute suivi cette inspiration lors d\u2019autres stages chez d\u2019autres constructeurs&#8230;<\/em> \u00bb<\/p>\n\n\n\n<figure class=\"wp-block-image size-large\"><img loading=\"lazy\" decoding=\"async\" width=\"1024\" height=\"683\" src=\"http:\/\/lignesauto.fr\/wp-content\/uploads\/2023\/11\/KLI_2002-1024x683.jpg\" alt=\"\" class=\"wp-image-30897\" srcset=\"https:\/\/lignesauto.fr\/wp-content\/uploads\/2023\/11\/KLI_2002-1024x683.jpg 1024w, https:\/\/lignesauto.fr\/wp-content\/uploads\/2023\/11\/KLI_2002-300x200.jpg 300w, https:\/\/lignesauto.fr\/wp-content\/uploads\/2023\/11\/KLI_2002-768x512.jpg 768w, https:\/\/lignesauto.fr\/wp-content\/uploads\/2023\/11\/KLI_2002-1536x1024.jpg 1536w, https:\/\/lignesauto.fr\/wp-content\/uploads\/2023\/11\/KLI_2002-2048x1365.jpg 2048w\" sizes=\"(max-width: 1024px) 100vw, 1024px\" \/><\/figure>\n\n\n\n<p style=\"font-size:17px\">Un an plus tard, en 2007, cap vers un autre pays. Apr\u00e8s la Bulgarie, l\u2019Autriche, le Canada, la France, Emmanuel ajoute la Roumanie \u00e0 son guide du routard ! Direction Dacia o\u00f9 il plonge au c\u0153ur m\u00eame du centre de design roumain comme designer ext\u00e9rieur jusqu\u2019en 2012. C\u2019est alors que le grand patron du design Renault, Laurens van den Acker, le rapatrie en France, dans le centre de design de Guyancourt, tout pr\u00e8s de Paris. De retour en France, Emmanuel va prendre une nouvelle dimension en touchant tout \u00e0 la fois les produits de s\u00e9rie, notamment chez Dacia, et poser sa patte dans l\u2019univers des concept-car avec la Formule 1 du futur, la R.S. 2027 Vision &#8211; code ZF1 &#8211; d\u00e9voil\u00e9e en 2017.<\/p>\n\n\n\n<figure class=\"wp-block-image size-large\"><img loading=\"lazy\" decoding=\"async\" width=\"1024\" height=\"571\" src=\"http:\/\/lignesauto.fr\/wp-content\/uploads\/2023\/11\/KLI_21-1024x571.jpg\" alt=\"\" class=\"wp-image-30898\" srcset=\"https:\/\/lignesauto.fr\/wp-content\/uploads\/2023\/11\/KLI_21-1024x571.jpg 1024w, https:\/\/lignesauto.fr\/wp-content\/uploads\/2023\/11\/KLI_21-300x167.jpg 300w, https:\/\/lignesauto.fr\/wp-content\/uploads\/2023\/11\/KLI_21-768x428.jpg 768w, https:\/\/lignesauto.fr\/wp-content\/uploads\/2023\/11\/KLI_21.jpg 1417w\" sizes=\"(max-width: 1024px) 100vw, 1024px\" \/><\/figure>\n\n\n\n<p style=\"font-size:17px\">Ce travail est effectu\u00e9 dans une \u00e9quipe dirig\u00e9e par St\u00e9phane Janin &#8211; \u00e9quipe qui ressemble plut\u00f4t \u00e0 un commando -. \u00ab <em>J\u2019ai travaill\u00e9 sur un cockpit innovant et transparent, imprim\u00e9 en 3D dans un mat\u00e9riau l\u00e9ger et r\u00e9sistant, en me basant sur les mensurations du pilote. Ainsi, il \u00e9tait possible de vivre la course pour le spectateur en observant au plus pr\u00e8s les expressions du pilote. Son casque est \u00e9galement transparent, ce qui vous permet de voir son visage et d\u2019observer ses r\u00e9actions. Sur place ou \u00e0 distance, vous \u00eates au c\u0153ur de l\u2019action. La signature lumineuse en forme de \u2018C\u2019 alors identitaire de la marque a \u00e9t\u00e9 incorpor\u00e9e dans le design a\u00e9rodynamique de l\u2019aileron avant. <\/em>\u00bb<\/p>\n\n\n\n<figure class=\"wp-block-image size-large\"><img loading=\"lazy\" decoding=\"async\" width=\"877\" height=\"1024\" src=\"http:\/\/lignesauto.fr\/wp-content\/uploads\/2023\/11\/KLI_3012-877x1024.jpg\" alt=\"\" class=\"wp-image-30900\" srcset=\"https:\/\/lignesauto.fr\/wp-content\/uploads\/2023\/11\/KLI_3012-877x1024.jpg 877w, https:\/\/lignesauto.fr\/wp-content\/uploads\/2023\/11\/KLI_3012-257x300.jpg 257w, https:\/\/lignesauto.fr\/wp-content\/uploads\/2023\/11\/KLI_3012-768x896.jpg 768w, https:\/\/lignesauto.fr\/wp-content\/uploads\/2023\/11\/KLI_3012-1316x1536.jpg 1316w, https:\/\/lignesauto.fr\/wp-content\/uploads\/2023\/11\/KLI_3012.jpg 1417w\" sizes=\"(max-width: 877px) 100vw, 877px\" \/><\/figure>\n\n\n\n<p style=\"font-size:17px\">La m\u00eame ann\u00e9e, Emmanuel Klissarov -alors s\u00e9nior designer ext\u00e9rieur -, remporte la comp\u00e9tition interne pour le dessin de la deuxi\u00e8me g\u00e9n\u00e9ration du Duster, actuellement au catalogue de la marque Dacia. \u00ab <em>Les premi\u00e8res esquisses explorent une attitude tr\u00e8s moderne et audacieuse.<\/em> \u00bb Il est vrai que la marque, n\u00e9e low-cost, a ouvert son champ d\u2019expression en termes de design, au plus grand bonheur des designers !<\/p>\n\n\n\n<figure class=\"wp-block-image size-large\"><img loading=\"lazy\" decoding=\"async\" width=\"1024\" height=\"462\" src=\"http:\/\/lignesauto.fr\/wp-content\/uploads\/2023\/11\/KLI_01-1024x462.jpg\" alt=\"\" class=\"wp-image-30901\" srcset=\"https:\/\/lignesauto.fr\/wp-content\/uploads\/2023\/11\/KLI_01-1024x462.jpg 1024w, https:\/\/lignesauto.fr\/wp-content\/uploads\/2023\/11\/KLI_01-300x135.jpg 300w, https:\/\/lignesauto.fr\/wp-content\/uploads\/2023\/11\/KLI_01-768x346.jpg 768w, https:\/\/lignesauto.fr\/wp-content\/uploads\/2023\/11\/KLI_01.jpg 1417w\" sizes=\"(max-width: 1024px) 100vw, 1024px\" \/><\/figure>\n\n\n\n<p style=\"font-size:17px\">Cette p\u00e9riode Renault, de 2012 \u00e0 2018 le verra \u00e9galement collaborer sur des travaux d\u2019importance comme le Renault Captur II, o\u00f9 il sera finaliste du concours de design avec une proposition \u00ab <em>qui adoptait une attitude audacieuse de frondeur, men\u00e9e \u00e0 bien \u00e0 travers les diff\u00e9rentes \u00e9tapes du processus de design, de la 2D \u00e0 la mod\u00e9lisation en argile \u00e0 l\u2019\u00e9chelle 1\/4 et \u00e0 l\u2019\u00e9chelle r\u00e9elle. <\/em>\u00bb C\u2019est cette plong\u00e9e au c\u0153ur m\u00eame des s\u00e9quences de d\u00e9veloppement d\u2019un produit de A \u00e0 Z qui permet \u00e0 Emmanuel Klissarov d\u2019acqu\u00e9rir de multiples comp\u00e9tences&#8230;<\/p>\n\n\n\n<figure class=\"wp-block-image size-large\"><img loading=\"lazy\" decoding=\"async\" width=\"1024\" height=\"571\" src=\"http:\/\/lignesauto.fr\/wp-content\/uploads\/2023\/11\/KLI_04-1024x571.jpg\" alt=\"\" class=\"wp-image-30902\" srcset=\"https:\/\/lignesauto.fr\/wp-content\/uploads\/2023\/11\/KLI_04-1024x571.jpg 1024w, https:\/\/lignesauto.fr\/wp-content\/uploads\/2023\/11\/KLI_04-300x167.jpg 300w, https:\/\/lignesauto.fr\/wp-content\/uploads\/2023\/11\/KLI_04-768x428.jpg 768w, https:\/\/lignesauto.fr\/wp-content\/uploads\/2023\/11\/KLI_04.jpg 1417w\" sizes=\"(max-width: 1024px) 100vw, 1024px\" \/><\/figure>\n\n\n\n<p style=\"font-size:17px\">Il est \u00e9galement finaliste sur le projet de l\u2019Arkana. Mais au fait, \u00eatre finaliste, cela correspond \u00e0 quoi exactement ? \u00ab <em>Un finaliste du concours de design influence en g\u00e9n\u00e9ral plus ou moins fortement le mod\u00e8le de production. Pour l\u2019Arkana, ma proposition a commenc\u00e9 dans la phase 2D puis a rapidement \u00e9volu\u00e9 vers la phase de mod\u00e9lisation en Clay \u00e0 l\u2019\u00e9chelle 1\/4. Elle a abouti \u00e0 une mod\u00e9lisation en Clay \u00e0 l\u2019\u00e9chelle 1\/1 et a finalement \u00e9t\u00e9 partiellement mix\u00e9e avec les solutions de concept des deux autres propositions internes.<\/em> \u00bb<\/p>\n\n\n\n<figure class=\"wp-block-image size-large\"><img loading=\"lazy\" decoding=\"async\" width=\"1024\" height=\"455\" src=\"http:\/\/lignesauto.fr\/wp-content\/uploads\/2023\/11\/KLI_3001-1024x455.jpg\" alt=\"\" class=\"wp-image-30903\" srcset=\"https:\/\/lignesauto.fr\/wp-content\/uploads\/2023\/11\/KLI_3001-1024x455.jpg 1024w, https:\/\/lignesauto.fr\/wp-content\/uploads\/2023\/11\/KLI_3001-300x133.jpg 300w, https:\/\/lignesauto.fr\/wp-content\/uploads\/2023\/11\/KLI_3001-768x341.jpg 768w, https:\/\/lignesauto.fr\/wp-content\/uploads\/2023\/11\/KLI_3001.jpg 1417w\" sizes=\"(max-width: 1024px) 100vw, 1024px\" \/><\/figure>\n\n\n\n<p style=\"font-size:17px\">Son vrai fait d\u2019arme chez Renault reste le Sc\u00e9nic de la derni\u00e8re g\u00e9n\u00e9ration (avant le Sc\u00e9nic E-Tech de la p\u00e9riode Gilles Vidal) ci-dessus dont les travaux d\u00e9butent en 2012. C\u2019est le dernier vrai monospace de l\u2019histoire de Renault.<\/p>\n\n\n\n<figure class=\"wp-block-image size-large\"><img loading=\"lazy\" decoding=\"async\" width=\"1024\" height=\"671\" src=\"http:\/\/lignesauto.fr\/wp-content\/uploads\/2023\/11\/KLI_3000-1024x671.jpg\" alt=\"\" class=\"wp-image-30907\" srcset=\"https:\/\/lignesauto.fr\/wp-content\/uploads\/2023\/11\/KLI_3000-1024x671.jpg 1024w, https:\/\/lignesauto.fr\/wp-content\/uploads\/2023\/11\/KLI_3000-300x196.jpg 300w, https:\/\/lignesauto.fr\/wp-content\/uploads\/2023\/11\/KLI_3000-768x503.jpg 768w, https:\/\/lignesauto.fr\/wp-content\/uploads\/2023\/11\/KLI_3000.jpg 1417w\" sizes=\"(max-width: 1024px) 100vw, 1024px\" \/><\/figure>\n\n\n\n<p style=\"font-size:17px\">\u00ab <em>J\u2019ai beaucoup travaill\u00e9 les proportions et le langage formel en coh\u00e9rence avec la marque. Les premi\u00e8res esquisses exprimaient un dynamisme r\u00e9el avec une silhouette qui respectait les proportions iconiques du monovolume. Le d\u00e9veloppement de la maquette en Clay \u00e0 l\u2019\u00e9chelle 1\/1 se basait sur le mod\u00e8le de convergence d\u00e9velopp\u00e9 par J\u00e9r\u00e9mie Sommer. Il a pris une direction plus audacieuse lorsque le th\u00e8me du design a \u00e9t\u00e9 d\u00e9velopp\u00e9 \u00e0 l\u2019\u00e9chelle 1\/4 puis a \u00e9t\u00e9 affin\u00e9.<\/em> \u00bb<\/p>\n\n\n\n<figure class=\"wp-block-image size-large\"><img loading=\"lazy\" decoding=\"async\" width=\"1024\" height=\"634\" src=\"http:\/\/lignesauto.fr\/wp-content\/uploads\/2023\/11\/KLI_02-1024x634.jpg\" alt=\"\" class=\"wp-image-30906\" srcset=\"https:\/\/lignesauto.fr\/wp-content\/uploads\/2023\/11\/KLI_02-1024x634.jpg 1024w, https:\/\/lignesauto.fr\/wp-content\/uploads\/2023\/11\/KLI_02-300x186.jpg 300w, https:\/\/lignesauto.fr\/wp-content\/uploads\/2023\/11\/KLI_02-768x475.jpg 768w, https:\/\/lignesauto.fr\/wp-content\/uploads\/2023\/11\/KLI_02.jpg 1417w\" sizes=\"(max-width: 1024px) 100vw, 1024px\" \/><\/figure>\n\n\n\n<p style=\"font-size:17px\">Le mod\u00e8le \u00e0 l\u2019\u00e9chelle 1\/1 du Sc\u00e9nic a ensuite \u00e9volu\u00e9 vers le design du concept-car R-Space pr\u00e9sent\u00e9 en 2011. \u00c0 cette \u00e9poque, Axel Breun est le responsable des concept-cars Renault. \u00ab <em>L\u2019avant vu de trois-quarts a conserv\u00e9 l\u2019orientation initiale du design, en mettant l\u2019accent sur la largeur de la voiture.<\/em> \u00bb<\/p>\n\n\n\n<figure class=\"wp-block-image size-large\"><img loading=\"lazy\" decoding=\"async\" width=\"1024\" height=\"678\" src=\"http:\/\/lignesauto.fr\/wp-content\/uploads\/2023\/11\/KLI_000-1024x678.jpg\" alt=\"\" class=\"wp-image-30908\" srcset=\"https:\/\/lignesauto.fr\/wp-content\/uploads\/2023\/11\/KLI_000-1024x678.jpg 1024w, https:\/\/lignesauto.fr\/wp-content\/uploads\/2023\/11\/KLI_000-300x199.jpg 300w, https:\/\/lignesauto.fr\/wp-content\/uploads\/2023\/11\/KLI_000-768x508.jpg 768w, https:\/\/lignesauto.fr\/wp-content\/uploads\/2023\/11\/KLI_000.jpg 1417w\" sizes=\"(max-width: 1024px) 100vw, 1024px\" \/><\/figure>\n\n\n\n<p style=\"font-size:17px\">En 2018, pourquoi ne pas ajouter l\u2019Allemagne \u00e0 son tableau de chasse ? Apr\u00e8s la longue p\u00e9riode Renault, Emmanuel Klissarov vise le constructeur Mercedes. \u00ab <em>Mes projets chez Renault se sont tr\u00e8s bien pass\u00e9s et j\u2019ai pu obtenir six mois de cong\u00e9s sabbatiques pour faire le tour du monde avec ma compagne. Je pense qu\u2019il est important de voyager pour stimuler la cr\u00e9ativit\u00e9 et un tel voyage pouvait l\u2019influencer.<\/em> \u00bb<\/p>\n\n\n\n<figure class=\"wp-block-image size-large\"><img loading=\"lazy\" decoding=\"async\" width=\"1024\" height=\"576\" src=\"http:\/\/lignesauto.fr\/wp-content\/uploads\/2023\/11\/KLI_24-1024x576.jpg\" alt=\"\" class=\"wp-image-30910\" srcset=\"https:\/\/lignesauto.fr\/wp-content\/uploads\/2023\/11\/KLI_24-1024x576.jpg 1024w, https:\/\/lignesauto.fr\/wp-content\/uploads\/2023\/11\/KLI_24-300x169.jpg 300w, https:\/\/lignesauto.fr\/wp-content\/uploads\/2023\/11\/KLI_24-768x432.jpg 768w, https:\/\/lignesauto.fr\/wp-content\/uploads\/2023\/11\/KLI_24.jpg 1417w\" sizes=\"(max-width: 1024px) 100vw, 1024px\" \/><\/figure>\n\n\n\n<p style=\"font-size:17px\">\u00ab<em> Mais entre-temps, Tesla et Mercedes m\u2019ont contact\u00e9. Personnellement, je voulais exp\u00e9rimenter le travail avec les Allemands, d\u2019abord parce que je parle cette langue et aussi parce que j\u2019ai trouv\u00e9 que c\u2019\u00e9tait important pour mon propre d\u00e9veloppement de carri\u00e8re. J\u2019ai donc choisi l\u2019option Mercedes. <\/em>\u00bb Pour autant, l\u2019Allemagne ne sera pas la destination d\u2019Emmanuel puisqu\u2019il va revenir&#8230; en France !<\/p>\n\n\n\n<p style=\"font-size:18px\"><strong>A SUIVRE ICI, PARTIE 2 ET 3 : <\/strong><a href=\"http:\/\/lignesauto.fr\/?p=30955\">http:\/\/lignesauto.fr\/?p=30955<\/a><\/p>\n\n\n\n<p style=\"font-size:17px\"><strong>N\u2019h\u00e9sitez pas \u00e0 t\u00e9l\u00e9charger les PDF propos\u00e9s en d\u00e9but de ce sujet, avec des bonus et des documents in\u00e9dits<\/strong><\/p>\n\n\n\n<figure class=\"wp-block-image size-large\"><img loading=\"lazy\" decoding=\"async\" width=\"1024\" height=\"702\" src=\"http:\/\/lignesauto.fr\/wp-content\/uploads\/2023\/11\/LIGNES_02-1024x702.png\" alt=\"\" class=\"wp-image-30949\" srcset=\"https:\/\/lignesauto.fr\/wp-content\/uploads\/2023\/11\/LIGNES_02-1024x702.png 1024w, https:\/\/lignesauto.fr\/wp-content\/uploads\/2023\/11\/LIGNES_02-300x206.png 300w, https:\/\/lignesauto.fr\/wp-content\/uploads\/2023\/11\/LIGNES_02-768x527.png 768w, https:\/\/lignesauto.fr\/wp-content\/uploads\/2023\/11\/LIGNES_02.png 1417w\" sizes=\"(max-width: 1024px) 100vw, 1024px\" \/><\/figure>\n\n\n\n<figure class=\"wp-block-image size-large\"><img loading=\"lazy\" decoding=\"async\" width=\"1024\" height=\"724\" src=\"http:\/\/lignesauto.fr\/wp-content\/uploads\/2023\/11\/LIGNES_01-1024x724.png\" alt=\"\" class=\"wp-image-30948\" srcset=\"https:\/\/lignesauto.fr\/wp-content\/uploads\/2023\/11\/LIGNES_01-1024x724.png 1024w, https:\/\/lignesauto.fr\/wp-content\/uploads\/2023\/11\/LIGNES_01-300x212.png 300w, https:\/\/lignesauto.fr\/wp-content\/uploads\/2023\/11\/LIGNES_01-768x543.png 768w, https:\/\/lignesauto.fr\/wp-content\/uploads\/2023\/11\/LIGNES_01.png 1417w\" sizes=\"(max-width: 1024px) 100vw, 1024px\" \/><\/figure>\n\n\n<div class=\"wp-block-image\">\n<figure class=\"aligncenter size-full is-resized\"><img loading=\"lazy\" decoding=\"async\" width=\"1024\" height=\"367\" src=\"http:\/\/lignesauto.fr\/wp-content\/uploads\/2023\/10\/image.png\" alt=\"\" class=\"wp-image-30726\" style=\"width:574px;height:auto\" srcset=\"https:\/\/lignesauto.fr\/wp-content\/uploads\/2023\/10\/image.png 1024w, https:\/\/lignesauto.fr\/wp-content\/uploads\/2023\/10\/image-300x108.png 300w, https:\/\/lignesauto.fr\/wp-content\/uploads\/2023\/10\/image-768x275.png 768w\" sizes=\"(max-width: 1024px) 100vw, 1024px\" \/><\/figure><\/div>","protected":false},"excerpt":{"rendered":"<p>LIGNES\/auto vous propose, en trois actes, le portrait surprenant d\u2019un designer \u00e0 la carri\u00e8re tout aussi \u00e9tonnante. O\u00f9 il est question de dameuse, de concept-car Renault F1, de Dacia Duster ou encore de mobilit\u00e9 individuelle pour un vol plaisir dans un ciel tout bleu. Son parcours doit donner espoir \u2013 [&hellip;]<\/p>\n","protected":false},"author":1,"featured_media":30954,"comment_status":"closed","ping_status":"closed","sticky":false,"template":"","format":"standard","meta":{"footnotes":""},"categories":[1],"tags":[],"_links":{"self":[{"href":"https:\/\/lignesauto.fr\/index.php?rest_route=\/wp\/v2\/posts\/30874"}],"collection":[{"href":"https:\/\/lignesauto.fr\/index.php?rest_route=\/wp\/v2\/posts"}],"about":[{"href":"https:\/\/lignesauto.fr\/index.php?rest_route=\/wp\/v2\/types\/post"}],"author":[{"embeddable":true,"href":"https:\/\/lignesauto.fr\/index.php?rest_route=\/wp\/v2\/users\/1"}],"replies":[{"embeddable":true,"href":"https:\/\/lignesauto.fr\/index.php?rest_route=%2Fwp%2Fv2%2Fcomments&post=30874"}],"version-history":[{"count":39,"href":"https:\/\/lignesauto.fr\/index.php?rest_route=\/wp\/v2\/posts\/30874\/revisions"}],"predecessor-version":[{"id":31055,"href":"https:\/\/lignesauto.fr\/index.php?rest_route=\/wp\/v2\/posts\/30874\/revisions\/31055"}],"wp:featuredmedia":[{"embeddable":true,"href":"https:\/\/lignesauto.fr\/index.php?rest_route=\/wp\/v2\/media\/30954"}],"wp:attachment":[{"href":"https:\/\/lignesauto.fr\/index.php?rest_route=%2Fwp%2Fv2%2Fmedia&parent=30874"}],"wp:term":[{"taxonomy":"category","embeddable":true,"href":"https:\/\/lignesauto.fr\/index.php?rest_route=%2Fwp%2Fv2%2Fcategories&post=30874"},{"taxonomy":"post_tag","embeddable":true,"href":"https:\/\/lignesauto.fr\/index.php?rest_route=%2Fwp%2Fv2%2Ftags&post=30874"}],"curies":[{"name":"wp","href":"https:\/\/api.w.org\/{rel}","templated":true}]}}