{"id":31058,"date":"2023-11-29T16:17:16","date_gmt":"2023-11-29T15:17:16","guid":{"rendered":"http:\/\/lignesauto.fr\/?p=31058"},"modified":"2023-11-29T16:50:27","modified_gmt":"2023-11-29T15:50:27","slug":"nouveau-duster-rendons-a-dacia-ce-qui-appartient-a-dacia","status":"publish","type":"post","link":"https:\/\/lignesauto.fr\/?p=31058","title":{"rendered":"Nouveau Duster : rendons \u00e0 Dacia ce qui appartient \u00e0&#8230; Dacia !"},"content":{"rendered":"<div class=\"wp-block-image\">\n<figure class=\"aligncenter size-full is-resized\"><img loading=\"lazy\" decoding=\"async\" width=\"1024\" height=\"367\" src=\"http:\/\/lignesauto.fr\/wp-content\/uploads\/2023\/11\/image.png\" alt=\"\" class=\"wp-image-30968\" style=\"width:534px;height:auto\" srcset=\"https:\/\/lignesauto.fr\/wp-content\/uploads\/2023\/11\/image.png 1024w, https:\/\/lignesauto.fr\/wp-content\/uploads\/2023\/11\/image-300x108.png 300w, https:\/\/lignesauto.fr\/wp-content\/uploads\/2023\/11\/image-768x275.png 768w\" sizes=\"(max-width: 1024px) 100vw, 1024px\" \/><\/figure><\/div>\n\n\n<figure class=\"wp-block-image size-large\"><img loading=\"lazy\" decoding=\"async\" width=\"1024\" height=\"574\" src=\"http:\/\/lignesauto.fr\/wp-content\/uploads\/2023\/11\/LIGNESDACIA_16-1024x574.jpg\" alt=\"\" class=\"wp-image-31063\" srcset=\"https:\/\/lignesauto.fr\/wp-content\/uploads\/2023\/11\/LIGNESDACIA_16-1024x574.jpg 1024w, https:\/\/lignesauto.fr\/wp-content\/uploads\/2023\/11\/LIGNESDACIA_16-300x168.jpg 300w, https:\/\/lignesauto.fr\/wp-content\/uploads\/2023\/11\/LIGNESDACIA_16-768x430.jpg 768w, https:\/\/lignesauto.fr\/wp-content\/uploads\/2023\/11\/LIGNESDACIA_16.jpg 1417w\" sizes=\"(max-width: 1024px) 100vw, 1024px\" \/><\/figure>\n\n\n\n<p style=\"font-size:17px\">Le nouveau Duster a \u00e9t\u00e9 d\u00e9voil\u00e9 aujourd\u2019hui. C\u00f4t\u00e9 design, peu de surprise m\u00eame si le th\u00e8me esth\u00e9tique et le nouveau langage formel changent du tout au tout. Mais le concept-car Bigster de 2021 nous a permis de prendre le temps de dig\u00e9rer cette tr\u00e8s belle mutation. Pour le service marketing pub du groupe Renault, je sugg\u00e8re de ressortir des \u00e9tag\u00e8res\u00a0: \u00ab\u00a0mais que reste-t-il aux grandes\u00a0?\u00a0\u00bb<\/p>\n\n\n\n<figure class=\"wp-block-image size-large\"><img loading=\"lazy\" decoding=\"async\" width=\"1024\" height=\"727\" src=\"http:\/\/lignesauto.fr\/wp-content\/uploads\/2023\/11\/LIGNESDACIA_15-1-1024x727.png\" alt=\"\" class=\"wp-image-31115\" srcset=\"https:\/\/lignesauto.fr\/wp-content\/uploads\/2023\/11\/LIGNESDACIA_15-1-1024x727.png 1024w, https:\/\/lignesauto.fr\/wp-content\/uploads\/2023\/11\/LIGNESDACIA_15-1-300x213.png 300w, https:\/\/lignesauto.fr\/wp-content\/uploads\/2023\/11\/LIGNESDACIA_15-1-768x545.png 768w, https:\/\/lignesauto.fr\/wp-content\/uploads\/2023\/11\/LIGNESDACIA_15-1.png 1417w\" sizes=\"(max-width: 1024px) 100vw, 1024px\" \/><\/figure>\n\n\n\n<p style=\"font-size:17px\">C\u00f4t\u00e9 design donc, voici quelques vues comparatives qui montrent l\u2019\u00e9volution plus sensible qu\u2019il n\u2019y parait entre le concept d\u2019il y a presque trois ans et le v\u00e9hicule de 2024 (commercialisation en juin apr\u00e8s l\u2019ouverture des commandes d\u00e8s f\u00e9vrier)<\/p>\n\n\n\n<figure class=\"wp-block-image size-large\"><img loading=\"lazy\" decoding=\"async\" width=\"1024\" height=\"856\" src=\"http:\/\/lignesauto.fr\/wp-content\/uploads\/2023\/11\/LIGNESDACIA_04-1024x856.png\" alt=\"\" class=\"wp-image-31070\" srcset=\"https:\/\/lignesauto.fr\/wp-content\/uploads\/2023\/11\/LIGNESDACIA_04-1024x856.png 1024w, https:\/\/lignesauto.fr\/wp-content\/uploads\/2023\/11\/LIGNESDACIA_04-300x251.png 300w, https:\/\/lignesauto.fr\/wp-content\/uploads\/2023\/11\/LIGNESDACIA_04-768x642.png 768w, https:\/\/lignesauto.fr\/wp-content\/uploads\/2023\/11\/LIGNESDACIA_04.png 1417w\" sizes=\"(max-width: 1024px) 100vw, 1024px\" \/><figcaption class=\"wp-element-caption\">En haut le Duster de 2024, en bas le Bigster de 2021. Ce dernier dispose d&#8217;un pavillon plus long, moins plongeant et d&#8217;un porte-\u00e0-faux arri\u00e8re plus g\u00e9n\u00e9reux. On pensait pour la version de s\u00e9rie du Bigster \u00e0 une version 7 places, mais la presse &#8220;pro&#8221; annoncerait plut\u00f4t une silhouette de berline haute, sorte de break crossovers&#8230; A suivre.<\/figcaption><\/figure>\n\n\n\n<figure class=\"wp-block-image size-large\"><img loading=\"lazy\" decoding=\"async\" width=\"1024\" height=\"586\" src=\"http:\/\/lignesauto.fr\/wp-content\/uploads\/2023\/11\/LIGNESDACIA_06-1024x586.png\" alt=\"\" class=\"wp-image-31065\" srcset=\"https:\/\/lignesauto.fr\/wp-content\/uploads\/2023\/11\/LIGNESDACIA_06-1024x586.png 1024w, https:\/\/lignesauto.fr\/wp-content\/uploads\/2023\/11\/LIGNESDACIA_06-300x172.png 300w, https:\/\/lignesauto.fr\/wp-content\/uploads\/2023\/11\/LIGNESDACIA_06-768x440.png 768w, https:\/\/lignesauto.fr\/wp-content\/uploads\/2023\/11\/LIGNESDACIA_06.png 1417w\" sizes=\"(max-width: 1024px) 100vw, 1024px\" \/><\/figure>\n\n\n\n<p style=\"font-size:17px\">Ci-dessus \u00e0 gauche le Duster de 2024, \u00e0 droite le concept-car Bigster de 2021. Le volume d&#8217;aile avant diff\u00e8re sensiblement (1) et si l&#8217;enjoliveur vertical de porte est conserv\u00e9, une ligne de carre vient marquer le flanc, contrairement au Bigster (2). La signature Dacia disparait (3) ainsi que les ergots creus\u00e9s dans les passages de roues (4). En 5, le panneau est plus compact sur le Duster et le model\u00e9 de l&#8217;aile, plus souple. Le pavillon est plus court et le becquet plus inclin\u00e9 et fuyant (6). En revanche, le Duster a conserv\u00e9 la poign\u00e9e de porte arri\u00e8re sur le montant.<\/p>\n\n\n\n<figure class=\"wp-block-image size-large\"><img loading=\"lazy\" decoding=\"async\" width=\"1024\" height=\"825\" src=\"http:\/\/lignesauto.fr\/wp-content\/uploads\/2023\/11\/LIGNESDACIA_05-1024x825.png\" alt=\"\" class=\"wp-image-31091\" srcset=\"https:\/\/lignesauto.fr\/wp-content\/uploads\/2023\/11\/LIGNESDACIA_05-1024x825.png 1024w, https:\/\/lignesauto.fr\/wp-content\/uploads\/2023\/11\/LIGNESDACIA_05-300x242.png 300w, https:\/\/lignesauto.fr\/wp-content\/uploads\/2023\/11\/LIGNESDACIA_05-768x619.png 768w, https:\/\/lignesauto.fr\/wp-content\/uploads\/2023\/11\/LIGNESDACIA_05.png 1417w\" sizes=\"(max-width: 1024px) 100vw, 1024px\" \/><figcaption class=\"wp-element-caption\">A gauche, le Duster de 2024, \u00e0 droite le concept Bigster de 2021<\/figcaption><\/figure>\n\n\n\n<p style=\"font-size:17px\">Profitons de l\u2019occasion pour f\u00e9liciter l\u2019\u00e9quipe men\u00e9e par David Durand, directeur du design Dacia, qui s\u2019est consid\u00e9rablement renforc\u00e9e ces deux derni\u00e8res ann\u00e9es pour concevoir quelques surprises dans le segment C&#8230; David a d\u00fb attendre (trop) longtemps sa l\u00e9gitime promotion, apr\u00e8s l\u2019arriv\u00e9e de Alejandro Mesonero-Romanos pour un passage \u00e9clair de six mois au moment de la pr\u00e9sentation du Bigster (con\u00e7u par l\u2019\u00e9quipe de Durand) et celle de Miles N\u00fcrnberger, pas plus p\u00e9renne \u00e0 la t\u00eate du design Dacia.<\/p>\n\n\n\n<figure class=\"wp-block-image size-large\"><img loading=\"lazy\" decoding=\"async\" width=\"1024\" height=\"768\" src=\"http:\/\/lignesauto.fr\/wp-content\/uploads\/2023\/11\/LIGNESDACIA_07-1024x768.jpeg\" alt=\"\" class=\"wp-image-31066\" srcset=\"https:\/\/lignesauto.fr\/wp-content\/uploads\/2023\/11\/LIGNESDACIA_07-1024x768.jpeg 1024w, https:\/\/lignesauto.fr\/wp-content\/uploads\/2023\/11\/LIGNESDACIA_07-300x225.jpeg 300w, https:\/\/lignesauto.fr\/wp-content\/uploads\/2023\/11\/LIGNESDACIA_07-768x576.jpeg 768w, https:\/\/lignesauto.fr\/wp-content\/uploads\/2023\/11\/LIGNESDACIA_07.jpeg 1417w\" sizes=\"(max-width: 1024px) 100vw, 1024px\" \/><figcaption class=\"wp-element-caption\">Dessin du concept-car Bigster pr\u00e9sent\u00e9 lors de la <em>Renaulution<\/em> de janvier 2021<\/figcaption><\/figure>\n\n\n\n<p style=\"font-size:17px\">David Durand a depuis constitu\u00e9 une \u00e9quipe solide avec des recrutements en provenance notamment de Citro\u00ebn avec Romain Gauvin (design avanc\u00e9\/concept-cars), H\u00e9l\u00e8ne Veilleux (responsable couleurs, mati\u00e8res et finitions Dacia-Mobilize) et Rapha\u00ebl Le Masson au design int\u00e9rieur (lead designer). Si Citro\u00ebn continue d\u2019affirmer que Dacia n\u2019est pas une cible, c\u00f4t\u00e9 design, le message ne trompe pas&nbsp;!<\/p>\n\n\n\n<figure class=\"wp-block-image size-large\"><a href=\"http:\/\/lignesauto.fr\/wp-content\/uploads\/2023\/06\/P_R_100.png\" rel=\"http:\/\/lignesauto.fr\/?p=25857\"><img loading=\"lazy\" decoding=\"async\" width=\"1024\" height=\"748\" src=\"http:\/\/lignesauto.fr\/wp-content\/uploads\/2023\/06\/P_R_100-1024x748.png\" alt=\"\" class=\"wp-image-29500\" srcset=\"https:\/\/lignesauto.fr\/wp-content\/uploads\/2023\/06\/P_R_100-1024x748.png 1024w, https:\/\/lignesauto.fr\/wp-content\/uploads\/2023\/06\/P_R_100-300x219.png 300w, https:\/\/lignesauto.fr\/wp-content\/uploads\/2023\/06\/P_R_100-768x561.png 768w, https:\/\/lignesauto.fr\/wp-content\/uploads\/2023\/06\/P_R_100.png 1417w\" sizes=\"(max-width: 1024px) 100vw, 1024px\" \/><\/a><\/figure>\n\n\n\n<p style=\"font-size:17px\"><em>Ci-dessus, red\u00e9couvrez le concept-car Dacia Manifesto et l&#8217;interview de Romain Gauvin, responsable de l&#8217;avance de phase et des concept-cars Dacia : <a href=\"http:\/\/lignesauto.fr\/?p=25857\">http:\/\/lignesauto.fr\/?p=25857<\/a><\/em><\/p>\n\n\n\n<p style=\"font-size:17px\">Question&nbsp;: avec son ant\u00e9riorit\u00e9, David Durand a-t-il fouill\u00e9 dans les archives de sa marque&nbsp;? Car voici bient\u00f4t quinze ans que le \u00ab&nbsp;Y&nbsp;\u00bb &#8211; qui signe la nouvelle signature lumineuse et les habillages des m\u00e9daillons de portes ou encore le design des a\u00e9rateurs de planche de bord \u2013 a \u00e9t\u00e9 d\u00e9voil\u00e9 sur un concept-car Dacia, le premier du reste de l\u2019histoire contemporaine de la marque.<\/p>\n\n\n\n<figure class=\"wp-block-image size-large\"><img loading=\"lazy\" decoding=\"async\" width=\"1024\" height=\"576\" src=\"http:\/\/lignesauto.fr\/wp-content\/uploads\/2023\/11\/LIGNESDACIA_10-1024x576.jpeg\" alt=\"\" class=\"wp-image-31067\" srcset=\"https:\/\/lignesauto.fr\/wp-content\/uploads\/2023\/11\/LIGNESDACIA_10-1024x576.jpeg 1024w, https:\/\/lignesauto.fr\/wp-content\/uploads\/2023\/11\/LIGNESDACIA_10-300x169.jpeg 300w, https:\/\/lignesauto.fr\/wp-content\/uploads\/2023\/11\/LIGNESDACIA_10-768x432.jpeg 768w, https:\/\/lignesauto.fr\/wp-content\/uploads\/2023\/11\/LIGNESDACIA_10.jpeg 1417w\" sizes=\"(max-width: 1024px) 100vw, 1024px\" \/><\/figure>\n\n\n\n<p style=\"font-size:17px\">Son nom&nbsp;? Duster, tout simplement (ci-dessus). Car en mars 2009 lorsqu\u2019il est d\u00e9voil\u00e9, le concept Duster tient avant tout \u00e0 surprendre en annon\u00e7ant le nom du futur Duster de s\u00e9rie (2010). Si aujourd\u2019hui, le Duster est l\u2019un des piliers de l\u2019offre Dacia, en 2009 lorsque le concept-car appara\u00eet, rien ne pr\u00e9dispose la marque \u00e0 une quelconque cr\u00e9dibilit\u00e9 dans le segment des \u00ab&nbsp;crossovers&nbsp;\u00bb.<\/p>\n\n\n\n<figure class=\"wp-block-image size-large\"><img loading=\"lazy\" decoding=\"async\" width=\"1024\" height=\"614\" src=\"http:\/\/lignesauto.fr\/wp-content\/uploads\/2023\/11\/ouverture-1024x614.png\" alt=\"\" class=\"wp-image-31087\" srcset=\"https:\/\/lignesauto.fr\/wp-content\/uploads\/2023\/11\/ouverture-1024x614.png 1024w, https:\/\/lignesauto.fr\/wp-content\/uploads\/2023\/11\/ouverture-300x180.png 300w, https:\/\/lignesauto.fr\/wp-content\/uploads\/2023\/11\/ouverture-768x460.png 768w, https:\/\/lignesauto.fr\/wp-content\/uploads\/2023\/11\/ouverture.png 1417w\" sizes=\"(max-width: 1024px) 100vw, 1024px\" \/><\/figure>\n\n\n\n<p style=\"font-size:17px\">M\u00e9connu, ce concept-car de 2009 est pourtant extr\u00eamement int\u00e9ressant. Son concept de crossover bas avec un design dynamique serait parfait avec les contraintes \u00e9lectriques du moment&nbsp;: faible hauteur, belle habitabilit\u00e9 et bon Cx (0.30).<\/p>\n\n\n\n<figure class=\"wp-block-image size-large\"><img loading=\"lazy\" decoding=\"async\" width=\"1024\" height=\"614\" src=\"http:\/\/lignesauto.fr\/wp-content\/uploads\/2023\/11\/LIGNESDACIA_09-1024x614.jpeg\" alt=\"\" class=\"wp-image-31071\" srcset=\"https:\/\/lignesauto.fr\/wp-content\/uploads\/2023\/11\/LIGNESDACIA_09-1024x614.jpeg 1024w, https:\/\/lignesauto.fr\/wp-content\/uploads\/2023\/11\/LIGNESDACIA_09-300x180.jpeg 300w, https:\/\/lignesauto.fr\/wp-content\/uploads\/2023\/11\/LIGNESDACIA_09-768x461.jpeg 768w, https:\/\/lignesauto.fr\/wp-content\/uploads\/2023\/11\/LIGNESDACIA_09.jpeg 1417w\" sizes=\"(max-width: 1024px) 100vw, 1024px\" \/><\/figure>\n\n\n\n<p style=\"font-size:17px\">Il \u00e9tait malin \u00e0 bord en embarquant un v\u00e9lo (ci-dessus) et r\u00e9ussi en style. Accessoirement donc, il est la premi\u00e8re Dacia \u00e0 avoir inaugur\u00e9 la signature lumineuse en \u00ab&nbsp;Y&nbsp;\u00bb (\u00e0 l\u2019arri\u00e8re seulement)&#8230; Il semblait bon de rendre \u00e0 Dacia ce qui appartient \u00e0&#8230; Dacia. Voil\u00e0 qui est fait.<\/p>\n\n\n\n<figure class=\"wp-block-image size-large\"><img loading=\"lazy\" decoding=\"async\" width=\"1024\" height=\"797\" src=\"http:\/\/lignesauto.fr\/wp-content\/uploads\/2023\/11\/LIGNESDACIA_02-1024x797.png\" alt=\"\" class=\"wp-image-31069\" srcset=\"https:\/\/lignesauto.fr\/wp-content\/uploads\/2023\/11\/LIGNESDACIA_02-1024x797.png 1024w, https:\/\/lignesauto.fr\/wp-content\/uploads\/2023\/11\/LIGNESDACIA_02-300x234.png 300w, https:\/\/lignesauto.fr\/wp-content\/uploads\/2023\/11\/LIGNESDACIA_02-768x598.png 768w, https:\/\/lignesauto.fr\/wp-content\/uploads\/2023\/11\/LIGNESDACIA_02.png 1417w\" sizes=\"(max-width: 1024px) 100vw, 1024px\" \/><figcaption class=\"wp-element-caption\">On retrouve le &#8220;Y&#8221; de la signature lumineuse du concept-car Duster (2009) et Bigster (2021) \u00e0 bord du nouveau Duster, sur les m\u00e9daillons de portes ou la forme des a\u00e9rateurs. <\/figcaption><\/figure>\n\n\n\n<figure class=\"wp-block-image size-large\"><img loading=\"lazy\" decoding=\"async\" width=\"1024\" height=\"683\" src=\"http:\/\/lignesauto.fr\/wp-content\/uploads\/2023\/11\/LIGNESDACIA_17-1024x683.jpg\" alt=\"\" class=\"wp-image-31072\" srcset=\"https:\/\/lignesauto.fr\/wp-content\/uploads\/2023\/11\/LIGNESDACIA_17-1024x683.jpg 1024w, https:\/\/lignesauto.fr\/wp-content\/uploads\/2023\/11\/LIGNESDACIA_17-300x200.jpg 300w, https:\/\/lignesauto.fr\/wp-content\/uploads\/2023\/11\/LIGNESDACIA_17-768x512.jpg 768w, https:\/\/lignesauto.fr\/wp-content\/uploads\/2023\/11\/LIGNESDACIA_17.jpg 1417w\" sizes=\"(max-width: 1024px) 100vw, 1024px\" \/><\/figure>\n\n\n<div class=\"wp-block-image\">\n<figure class=\"aligncenter size-full is-resized\"><img loading=\"lazy\" decoding=\"async\" width=\"1024\" height=\"367\" src=\"http:\/\/lignesauto.fr\/wp-content\/uploads\/2023\/11\/image.png\" alt=\"\" class=\"wp-image-30968\" style=\"width:488px;height:auto\" srcset=\"https:\/\/lignesauto.fr\/wp-content\/uploads\/2023\/11\/image.png 1024w, https:\/\/lignesauto.fr\/wp-content\/uploads\/2023\/11\/image-300x108.png 300w, https:\/\/lignesauto.fr\/wp-content\/uploads\/2023\/11\/image-768x275.png 768w\" sizes=\"(max-width: 1024px) 100vw, 1024px\" \/><\/figure><\/div>","protected":false},"excerpt":{"rendered":"<p>Le nouveau Duster a \u00e9t\u00e9 d\u00e9voil\u00e9 aujourd\u2019hui. C\u00f4t\u00e9 design, peu de surprise m\u00eame si le th\u00e8me esth\u00e9tique et le nouveau langage formel changent du tout au tout. Mais le concept-car Bigster de 2021 nous a permis de prendre le temps de dig\u00e9rer cette tr\u00e8s belle mutation. Pour le service marketing [&hellip;]<\/p>\n","protected":false},"author":1,"featured_media":31084,"comment_status":"closed","ping_status":"closed","sticky":false,"template":"","format":"standard","meta":{"footnotes":""},"categories":[1],"tags":[],"_links":{"self":[{"href":"https:\/\/lignesauto.fr\/index.php?rest_route=\/wp\/v2\/posts\/31058"}],"collection":[{"href":"https:\/\/lignesauto.fr\/index.php?rest_route=\/wp\/v2\/posts"}],"about":[{"href":"https:\/\/lignesauto.fr\/index.php?rest_route=\/wp\/v2\/types\/post"}],"author":[{"embeddable":true,"href":"https:\/\/lignesauto.fr\/index.php?rest_route=\/wp\/v2\/users\/1"}],"replies":[{"embeddable":true,"href":"https:\/\/lignesauto.fr\/index.php?rest_route=%2Fwp%2Fv2%2Fcomments&post=31058"}],"version-history":[{"count":26,"href":"https:\/\/lignesauto.fr\/index.php?rest_route=\/wp\/v2\/posts\/31058\/revisions"}],"predecessor-version":[{"id":31118,"href":"https:\/\/lignesauto.fr\/index.php?rest_route=\/wp\/v2\/posts\/31058\/revisions\/31118"}],"wp:featuredmedia":[{"embeddable":true,"href":"https:\/\/lignesauto.fr\/index.php?rest_route=\/wp\/v2\/media\/31084"}],"wp:attachment":[{"href":"https:\/\/lignesauto.fr\/index.php?rest_route=%2Fwp%2Fv2%2Fmedia&parent=31058"}],"wp:term":[{"taxonomy":"category","embeddable":true,"href":"https:\/\/lignesauto.fr\/index.php?rest_route=%2Fwp%2Fv2%2Fcategories&post=31058"},{"taxonomy":"post_tag","embeddable":true,"href":"https:\/\/lignesauto.fr\/index.php?rest_route=%2Fwp%2Fv2%2Ftags&post=31058"}],"curies":[{"name":"wp","href":"https:\/\/api.w.org\/{rel}","templated":true}]}}