{"id":31095,"date":"2023-11-29T16:17:09","date_gmt":"2023-11-29T15:17:09","guid":{"rendered":"http:\/\/lignesauto.fr\/?p=31095"},"modified":"2023-11-29T16:17:09","modified_gmt":"2023-11-29T15:17:09","slug":"new-duster-giving-back-to-dacia-what-belongs-to-dacia","status":"publish","type":"post","link":"https:\/\/lignesauto.fr\/?p=31095","title":{"rendered":"New Duster: giving back to Dacia what belongs to\u2026 Dacia!"},"content":{"rendered":"<div class=\"wp-block-image\">\n<figure class=\"aligncenter size-full is-resized\"><img loading=\"lazy\" decoding=\"async\" width=\"1024\" height=\"367\" src=\"http:\/\/lignesauto.fr\/wp-content\/uploads\/2023\/11\/image.png\" alt=\"\" class=\"wp-image-30968\" style=\"width:534px;height:auto\" srcset=\"https:\/\/lignesauto.fr\/wp-content\/uploads\/2023\/11\/image.png 1024w, https:\/\/lignesauto.fr\/wp-content\/uploads\/2023\/11\/image-300x108.png 300w, https:\/\/lignesauto.fr\/wp-content\/uploads\/2023\/11\/image-768x275.png 768w\" sizes=\"(max-width: 1024px) 100vw, 1024px\" \/><\/figure><\/div>\n\n\n<figure class=\"wp-block-image size-large\"><img loading=\"lazy\" decoding=\"async\" width=\"1024\" height=\"574\" src=\"http:\/\/lignesauto.fr\/wp-content\/uploads\/2023\/11\/LIGNESDACIA_16-1024x574.jpg\" alt=\"\" class=\"wp-image-31063\" srcset=\"https:\/\/lignesauto.fr\/wp-content\/uploads\/2023\/11\/LIGNESDACIA_16-1024x574.jpg 1024w, https:\/\/lignesauto.fr\/wp-content\/uploads\/2023\/11\/LIGNESDACIA_16-300x168.jpg 300w, https:\/\/lignesauto.fr\/wp-content\/uploads\/2023\/11\/LIGNESDACIA_16-768x430.jpg 768w, https:\/\/lignesauto.fr\/wp-content\/uploads\/2023\/11\/LIGNESDACIA_16.jpg 1417w\" sizes=\"(max-width: 1024px) 100vw, 1024px\" \/><\/figure>\n\n\n\n<p style=\"font-size:17px\">The new Duster was unveiled today. In terms of design, there are few surprises, even if the aesthetic theme and the new formal language change completely. But the Bigster concept car from 2021 has given us time to digest this beautiful change. For the Renault group&#8217;s marketing and advertising department, I&#8217;d suggest pulling out of the shelves: &#8220;but what&#8217;s left for the big ones?&#8221;<\/p>\n\n\n\n<figure class=\"wp-block-image size-large\"><img loading=\"lazy\" decoding=\"async\" width=\"1024\" height=\"856\" src=\"http:\/\/lignesauto.fr\/wp-content\/uploads\/2023\/11\/LIGNESDACIA_04-1024x856.png\" alt=\"\" class=\"wp-image-31070\" srcset=\"https:\/\/lignesauto.fr\/wp-content\/uploads\/2023\/11\/LIGNESDACIA_04-1024x856.png 1024w, https:\/\/lignesauto.fr\/wp-content\/uploads\/2023\/11\/LIGNESDACIA_04-300x251.png 300w, https:\/\/lignesauto.fr\/wp-content\/uploads\/2023\/11\/LIGNESDACIA_04-768x642.png 768w, https:\/\/lignesauto.fr\/wp-content\/uploads\/2023\/11\/LIGNESDACIA_04.png 1417w\" sizes=\"(max-width: 1024px) 100vw, 1024px\" \/><figcaption class=\"wp-element-caption\">Above, the Duster of 2024; below, the Bigster of 2021. The latter has a longer, less sloping roof and a more generous rear overhang. We were thinking of a 7-seater version of the standard Bigster, but the &#8216;professional&#8217; press is more likely to announce a tall saloon silhouette, a sort of estate crossover\u2026 To be continued.<\/figcaption><\/figure>\n\n\n\n<p style=\"font-size:17px\">In terms of design, then, here are a few comparative views that show how much more has changed between the concept of almost three years ago and the vehicle of 2024 (on sale in June, after orders opened in February).<\/p>\n\n\n\n<figure class=\"wp-block-image size-large\"><img loading=\"lazy\" decoding=\"async\" width=\"1024\" height=\"586\" src=\"http:\/\/lignesauto.fr\/wp-content\/uploads\/2023\/11\/LIGNESDACIA_06-1024x586.png\" alt=\"\" class=\"wp-image-31065\" srcset=\"https:\/\/lignesauto.fr\/wp-content\/uploads\/2023\/11\/LIGNESDACIA_06-1024x586.png 1024w, https:\/\/lignesauto.fr\/wp-content\/uploads\/2023\/11\/LIGNESDACIA_06-300x172.png 300w, https:\/\/lignesauto.fr\/wp-content\/uploads\/2023\/11\/LIGNESDACIA_06-768x440.png 768w, https:\/\/lignesauto.fr\/wp-content\/uploads\/2023\/11\/LIGNESDACIA_06.png 1417w\" sizes=\"(max-width: 1024px) 100vw, 1024px\" \/><\/figure>\n\n\n\n<p style=\"font-size:17px\">Above: left, the Duster of 2024; right, the Bigster concept car of 2021. The volume of the front wing differs significantly (1) and although the vertical door trim is retained, an edge line marks the side, unlike on the Bigster (2). The Dacia signature has disappeared (3), as have the lugs cut into the wheel arches (4). In 5, the panel is more compact on the Duster and the shape of the wing is softer. The roof is shorter and the spoiler more sloping and receding (6). On the other hand, the Duster has retained the rear door handle on the pillar.<\/p>\n\n\n\n<figure class=\"wp-block-image size-large\"><img loading=\"lazy\" decoding=\"async\" width=\"1024\" height=\"825\" src=\"http:\/\/lignesauto.fr\/wp-content\/uploads\/2023\/11\/LIGNESDACIA_05-1024x825.png\" alt=\"\" class=\"wp-image-31091\" srcset=\"https:\/\/lignesauto.fr\/wp-content\/uploads\/2023\/11\/LIGNESDACIA_05-1024x825.png 1024w, https:\/\/lignesauto.fr\/wp-content\/uploads\/2023\/11\/LIGNESDACIA_05-300x242.png 300w, https:\/\/lignesauto.fr\/wp-content\/uploads\/2023\/11\/LIGNESDACIA_05-768x619.png 768w, https:\/\/lignesauto.fr\/wp-content\/uploads\/2023\/11\/LIGNESDACIA_05.png 1417w\" sizes=\"(max-width: 1024px) 100vw, 1024px\" \/><figcaption class=\"wp-element-caption\">On the left, the Duster of 2024, on the right the Bigster concept of 2021.<\/figcaption><\/figure>\n\n\n\n<p style=\"font-size:17px\">Let&#8217;s take this opportunity to congratulate the team led by David Durand, Dacia&#8217;s design director, who has grown considerably over the last two years to design some surprises in the C segment\u2026 David had to wait (too) long for his rightful promotion, after the arrival of Alejandro Mesonero-Romanos for a brief six-month stint at the time of the Bigster presentation (designed by Durand&#8217;s team) and that of Miles N\u00fcrnberger, no longer at the head of Dacia design.<\/p>\n\n\n\n<figure class=\"wp-block-image size-large\"><img loading=\"lazy\" decoding=\"async\" width=\"1024\" height=\"768\" src=\"http:\/\/lignesauto.fr\/wp-content\/uploads\/2023\/11\/LIGNESDACIA_07-1024x768.jpeg\" alt=\"\" class=\"wp-image-31066\" srcset=\"https:\/\/lignesauto.fr\/wp-content\/uploads\/2023\/11\/LIGNESDACIA_07-1024x768.jpeg 1024w, https:\/\/lignesauto.fr\/wp-content\/uploads\/2023\/11\/LIGNESDACIA_07-300x225.jpeg 300w, https:\/\/lignesauto.fr\/wp-content\/uploads\/2023\/11\/LIGNESDACIA_07-768x576.jpeg 768w, https:\/\/lignesauto.fr\/wp-content\/uploads\/2023\/11\/LIGNESDACIA_07.jpeg 1417w\" sizes=\"(max-width: 1024px) 100vw, 1024px\" \/><figcaption class=\"wp-element-caption\">Drawing of the Bigster concept car presented at <em>Renaulution<\/em> in January 2021<\/figcaption><\/figure>\n\n\n\n<p style=\"font-size:17px\">David Durand has since put together a solid team, with new recruits including Romain Gauvin from Citro\u00ebn (pre-projects\/concept cars), H\u00e9l\u00e8ne Veilleux (head of Dacia-Mobilize colours, materials and finishes) and Rapha\u00ebl Le Masson in interior design (lead designer). While Citro\u00ebn continues to insist that Dacia is not a target, the message on the design front is clear!<\/p>\n\n\n\n<figure class=\"wp-block-image size-large\"><a href=\"http:\/\/lignesauto.fr\/wp-content\/uploads\/2023\/06\/P_R_100.png\" rel=\"http:\/\/lignesauto.fr\/?p=25857\"><img loading=\"lazy\" decoding=\"async\" width=\"1024\" height=\"748\" src=\"http:\/\/lignesauto.fr\/wp-content\/uploads\/2023\/06\/P_R_100-1024x748.png\" alt=\"\" class=\"wp-image-29500\" srcset=\"https:\/\/lignesauto.fr\/wp-content\/uploads\/2023\/06\/P_R_100-1024x748.png 1024w, https:\/\/lignesauto.fr\/wp-content\/uploads\/2023\/06\/P_R_100-300x219.png 300w, https:\/\/lignesauto.fr\/wp-content\/uploads\/2023\/06\/P_R_100-768x561.png 768w, https:\/\/lignesauto.fr\/wp-content\/uploads\/2023\/06\/P_R_100.png 1417w\" sizes=\"(max-width: 1024px) 100vw, 1024px\" \/><\/a><\/figure>\n\n\n\n<p style=\"font-size:17px\"><em>Find out more about the Dacia Manifesto concept car and the interview with Romain Gauvin, Dacia&#8217;s head of early-stage development and concept<\/em>-car : <em><a href=\"http:\/\/lignesauto.fr\/?p=25898\">http:\/\/lignesauto.fr\/?p=25898<\/a><\/em><\/p>\n\n\n\n<p style=\"font-size:17px\">Question: has David Durand delved into his brand&#8217;s archives? After all, it was almost fifteen years ago that the &#8216;Y&#8217; &#8211; which marks the new light signature, the door medallion trims and the design of the dashboard air vents &#8211; was unveiled on a Dacia concept car, the first in the rest of the brand&#8217;s contemporary history.<\/p>\n\n\n\n<figure class=\"wp-block-image size-large\"><img loading=\"lazy\" decoding=\"async\" width=\"1024\" height=\"576\" src=\"http:\/\/lignesauto.fr\/wp-content\/uploads\/2023\/11\/LIGNESDACIA_10-1024x576.jpeg\" alt=\"\" class=\"wp-image-31067\" srcset=\"https:\/\/lignesauto.fr\/wp-content\/uploads\/2023\/11\/LIGNESDACIA_10-1024x576.jpeg 1024w, https:\/\/lignesauto.fr\/wp-content\/uploads\/2023\/11\/LIGNESDACIA_10-300x169.jpeg 300w, https:\/\/lignesauto.fr\/wp-content\/uploads\/2023\/11\/LIGNESDACIA_10-768x432.jpeg 768w, https:\/\/lignesauto.fr\/wp-content\/uploads\/2023\/11\/LIGNESDACIA_10.jpeg 1417w\" sizes=\"(max-width: 1024px) 100vw, 1024px\" \/><\/figure>\n\n\n\n<p style=\"font-size:17px\">The name? Duster, quite simply (above). When the Duster concept was unveiled in March 2009, its main aim was to surprise, by announcing the name of the future production Duster (2010). Today, the Duster is one of the pillars of Dacia&#8217;s range, but when the concept car was unveiled in 2009, there was nothing to suggest that the brand had any credibility in the crossover segment.<\/p>\n\n\n\n<figure class=\"wp-block-image size-large\"><img loading=\"lazy\" decoding=\"async\" width=\"1024\" height=\"614\" src=\"http:\/\/lignesauto.fr\/wp-content\/uploads\/2023\/11\/ouverture-1024x614.png\" alt=\"\" class=\"wp-image-31087\" srcset=\"https:\/\/lignesauto.fr\/wp-content\/uploads\/2023\/11\/ouverture-1024x614.png 1024w, https:\/\/lignesauto.fr\/wp-content\/uploads\/2023\/11\/ouverture-300x180.png 300w, https:\/\/lignesauto.fr\/wp-content\/uploads\/2023\/11\/ouverture-768x460.png 768w, https:\/\/lignesauto.fr\/wp-content\/uploads\/2023\/11\/ouverture.png 1417w\" sizes=\"(max-width: 1024px) 100vw, 1024px\" \/><\/figure>\n\n\n\n<p style=\"font-size:17px\">This little-known 2009 concept car is nevertheless extremely interesting. Its concept of a low crossover with a dynamic design would be perfect for the electrical constraints of the moment: low height, good interior space and a good Cx (0.30).<\/p>\n\n\n\n<figure class=\"wp-block-image size-large\"><img loading=\"lazy\" decoding=\"async\" width=\"1024\" height=\"614\" src=\"http:\/\/lignesauto.fr\/wp-content\/uploads\/2023\/11\/LIGNESDACIA_09-1024x614.jpeg\" alt=\"\" class=\"wp-image-31071\" srcset=\"https:\/\/lignesauto.fr\/wp-content\/uploads\/2023\/11\/LIGNESDACIA_09-1024x614.jpeg 1024w, https:\/\/lignesauto.fr\/wp-content\/uploads\/2023\/11\/LIGNESDACIA_09-300x180.jpeg 300w, https:\/\/lignesauto.fr\/wp-content\/uploads\/2023\/11\/LIGNESDACIA_09-768x461.jpeg 768w, https:\/\/lignesauto.fr\/wp-content\/uploads\/2023\/11\/LIGNESDACIA_09.jpeg 1417w\" sizes=\"(max-width: 1024px) 100vw, 1024px\" \/><\/figure>\n\n\n\n<p style=\"font-size:17px\">It was clever enough to carry a bicycle on board (above), and successful in terms of style. Incidentally, it was the first Dacia to introduce the &#8216;Y&#8217; light signature (at the rear only)\u2026 It seemed a good idea to give back to Dacia what belongs to\u2026 Dacia. And so it is.<\/p>\n\n\n\n<figure class=\"wp-block-image size-large\"><img loading=\"lazy\" decoding=\"async\" width=\"1024\" height=\"797\" src=\"http:\/\/lignesauto.fr\/wp-content\/uploads\/2023\/11\/LIGNESDACIA_02-1024x797.png\" alt=\"\" class=\"wp-image-31069\" srcset=\"https:\/\/lignesauto.fr\/wp-content\/uploads\/2023\/11\/LIGNESDACIA_02-1024x797.png 1024w, https:\/\/lignesauto.fr\/wp-content\/uploads\/2023\/11\/LIGNESDACIA_02-300x234.png 300w, https:\/\/lignesauto.fr\/wp-content\/uploads\/2023\/11\/LIGNESDACIA_02-768x598.png 768w, https:\/\/lignesauto.fr\/wp-content\/uploads\/2023\/11\/LIGNESDACIA_02.png 1417w\" sizes=\"(max-width: 1024px) 100vw, 1024px\" \/><figcaption class=\"wp-element-caption\">The &#8216;Y&#8217; in the light signature of the Duster (2009) and Bigster (2021) concept cars can be found on the new Duster, on the door inserts and the shape of the air vents.<\/figcaption><\/figure>\n\n\n\n<figure class=\"wp-block-image size-large\"><img loading=\"lazy\" decoding=\"async\" width=\"1024\" height=\"683\" src=\"http:\/\/lignesauto.fr\/wp-content\/uploads\/2023\/11\/LIGNESDACIA_17-1024x683.jpg\" alt=\"\" class=\"wp-image-31072\" srcset=\"https:\/\/lignesauto.fr\/wp-content\/uploads\/2023\/11\/LIGNESDACIA_17-1024x683.jpg 1024w, https:\/\/lignesauto.fr\/wp-content\/uploads\/2023\/11\/LIGNESDACIA_17-300x200.jpg 300w, https:\/\/lignesauto.fr\/wp-content\/uploads\/2023\/11\/LIGNESDACIA_17-768x512.jpg 768w, https:\/\/lignesauto.fr\/wp-content\/uploads\/2023\/11\/LIGNESDACIA_17.jpg 1417w\" sizes=\"(max-width: 1024px) 100vw, 1024px\" \/><\/figure>\n\n\n<div class=\"wp-block-image\">\n<figure class=\"aligncenter size-full is-resized\"><img loading=\"lazy\" decoding=\"async\" width=\"1024\" height=\"367\" src=\"http:\/\/lignesauto.fr\/wp-content\/uploads\/2023\/11\/image.png\" alt=\"\" class=\"wp-image-30968\" style=\"width:488px;height:auto\" srcset=\"https:\/\/lignesauto.fr\/wp-content\/uploads\/2023\/11\/image.png 1024w, https:\/\/lignesauto.fr\/wp-content\/uploads\/2023\/11\/image-300x108.png 300w, https:\/\/lignesauto.fr\/wp-content\/uploads\/2023\/11\/image-768x275.png 768w\" sizes=\"(max-width: 1024px) 100vw, 1024px\" \/><\/figure><\/div>","protected":false},"excerpt":{"rendered":"<p>The new Duster was unveiled today. In terms of design, there are few surprises, even if the aesthetic theme and the new formal language change completely. But the Bigster concept car from 2021 has given us time to digest this beautiful change. For the Renault group&#8217;s marketing and advertising department, [&hellip;]<\/p>\n","protected":false},"author":1,"featured_media":31084,"comment_status":"closed","ping_status":"closed","sticky":false,"template":"","format":"standard","meta":{"footnotes":""},"categories":[1],"tags":[],"_links":{"self":[{"href":"https:\/\/lignesauto.fr\/index.php?rest_route=\/wp\/v2\/posts\/31095"}],"collection":[{"href":"https:\/\/lignesauto.fr\/index.php?rest_route=\/wp\/v2\/posts"}],"about":[{"href":"https:\/\/lignesauto.fr\/index.php?rest_route=\/wp\/v2\/types\/post"}],"author":[{"embeddable":true,"href":"https:\/\/lignesauto.fr\/index.php?rest_route=\/wp\/v2\/users\/1"}],"replies":[{"embeddable":true,"href":"https:\/\/lignesauto.fr\/index.php?rest_route=%2Fwp%2Fv2%2Fcomments&post=31095"}],"version-history":[{"count":18,"href":"https:\/\/lignesauto.fr\/index.php?rest_route=\/wp\/v2\/posts\/31095\/revisions"}],"predecessor-version":[{"id":31113,"href":"https:\/\/lignesauto.fr\/index.php?rest_route=\/wp\/v2\/posts\/31095\/revisions\/31113"}],"wp:featuredmedia":[{"embeddable":true,"href":"https:\/\/lignesauto.fr\/index.php?rest_route=\/wp\/v2\/media\/31084"}],"wp:attachment":[{"href":"https:\/\/lignesauto.fr\/index.php?rest_route=%2Fwp%2Fv2%2Fmedia&parent=31095"}],"wp:term":[{"taxonomy":"category","embeddable":true,"href":"https:\/\/lignesauto.fr\/index.php?rest_route=%2Fwp%2Fv2%2Fcategories&post=31095"},{"taxonomy":"post_tag","embeddable":true,"href":"https:\/\/lignesauto.fr\/index.php?rest_route=%2Fwp%2Fv2%2Ftags&post=31095"}],"curies":[{"name":"wp","href":"https:\/\/api.w.org\/{rel}","templated":true}]}}