{"id":31212,"date":"2023-12-06T08:36:39","date_gmt":"2023-12-06T07:36:39","guid":{"rendered":"http:\/\/lignesauto.fr\/?p=31212"},"modified":"2023-12-14T11:59:01","modified_gmt":"2023-12-14T10:59:01","slug":"tristesse-florian-thiercelin-designer-des-concept-cars-renault-initiale-et-velsatis-est-decede","status":"publish","type":"post","link":"https:\/\/lignesauto.fr\/?p=31212","title":{"rendered":"Tristesse. Florian Thiercelin, designer des concept-cars Renault Initiale et VelSatis est d\u00e9c\u00e9d\u00e9."},"content":{"rendered":"<div class=\"wp-block-image\">\n<figure class=\"aligncenter size-full is-resized\"><img loading=\"lazy\" decoding=\"async\" width=\"1024\" height=\"367\" src=\"http:\/\/lignesauto.fr\/wp-content\/uploads\/2023\/11\/image.png\" alt=\"\" class=\"wp-image-30968\" style=\"width:431px;height:auto\" srcset=\"https:\/\/lignesauto.fr\/wp-content\/uploads\/2023\/11\/image.png 1024w, https:\/\/lignesauto.fr\/wp-content\/uploads\/2023\/11\/image-300x108.png 300w, https:\/\/lignesauto.fr\/wp-content\/uploads\/2023\/11\/image-768x275.png 768w\" sizes=\"(max-width: 1024px) 100vw, 1024px\" \/><\/figure><\/div>\n\n\n<figure class=\"wp-block-image size-large\"><img loading=\"lazy\" decoding=\"async\" width=\"1024\" height=\"607\" src=\"http:\/\/lignesauto.fr\/wp-content\/uploads\/2023\/12\/FT_04-1024x607.png\" alt=\"\" class=\"wp-image-31221\" srcset=\"https:\/\/lignesauto.fr\/wp-content\/uploads\/2023\/12\/FT_04-1024x607.png 1024w, https:\/\/lignesauto.fr\/wp-content\/uploads\/2023\/12\/FT_04-300x178.png 300w, https:\/\/lignesauto.fr\/wp-content\/uploads\/2023\/12\/FT_04-768x455.png 768w, https:\/\/lignesauto.fr\/wp-content\/uploads\/2023\/12\/FT_04.png 1417w\" sizes=\"(max-width: 1024px) 100vw, 1024px\" \/><figcaption class=\"wp-element-caption\">Dessin de Florian Thiercelin pour le projet du concept-car VelSatis d\u00e9voil\u00e9 en 1998, l&#8217;ann\u00e9e du centenaire de Renault.<\/figcaption><\/figure>\n\n\n\n<p style=\"font-size:17px\">Dans l\u2019univers du design, il existe autant de designers que de personnalit\u00e9s. Alors que les \u00e9gos prennent souvent les devants, le talent est en revanche parfois mis \u00e0 l\u2019\u00e9cart, plongeant le designer dans un d\u00e9sarroi dans lequel n\u2019importe quel \u00eatre humain normalement constitu\u00e9 peu sombrer. Florian Thiercelin \u00e9tait de ces designers insondables. Quelqu\u2019un d\u2019un peu distant diront certains, sans doute dur avec lui-m\u00eame.<\/p>\n\n\n\n<figure class=\"wp-block-image size-large\"><img loading=\"lazy\" decoding=\"async\" width=\"1024\" height=\"687\" src=\"http:\/\/lignesauto.fr\/wp-content\/uploads\/2023\/12\/FT_14-1024x687.jpg\" alt=\"\" class=\"wp-image-31223\" srcset=\"https:\/\/lignesauto.fr\/wp-content\/uploads\/2023\/12\/FT_14-1024x687.jpg 1024w, https:\/\/lignesauto.fr\/wp-content\/uploads\/2023\/12\/FT_14-300x201.jpg 300w, https:\/\/lignesauto.fr\/wp-content\/uploads\/2023\/12\/FT_14-768x516.jpg 768w, https:\/\/lignesauto.fr\/wp-content\/uploads\/2023\/12\/FT_14-1536x1031.jpg 1536w, https:\/\/lignesauto.fr\/wp-content\/uploads\/2023\/12\/FT_14.jpg 1701w\" sizes=\"(max-width: 1024px) 100vw, 1024px\" \/><\/figure>\n\n\n\n<p style=\"font-size:17px\">Mais c\u2019\u00e9tait un grand designer c\u00f4t\u00e9 talent. \u00ab&nbsp;<em>Il arrivait avec des pistes qui menaient vers des propositions in\u00e9dites<\/em>&nbsp;\u00bb se souvient Patrick le Qu\u00e9ment, alors directeur du design industriel Renault. Des fulgurances capables de magnifier un talent bouillonnant au plus profond de lui-m\u00eame. Son premier concept-car, l\u2019Initiale de 1995 ci-dessus, est un joyau. Avec l\u2019ami Fabio Filippini qui en ex\u00e9cute l\u2019int\u00e9rieur, Florian pose les bases d\u2019un nouveau vaisseau amiral du haut de gamme \u00e0 la fran\u00e7aise. Ce concept se transforme rapidement en projet X73 (ci-dessous) d\u2019une rempla\u00e7ante de la \u00ab&nbsp;Safrane&nbsp;\u00bb.<\/p>\n\n\n\n<figure class=\"wp-block-image size-large\"><img loading=\"lazy\" decoding=\"async\" width=\"1024\" height=\"404\" src=\"http:\/\/lignesauto.fr\/wp-content\/uploads\/2023\/12\/FT_21-1-1024x404.jpg\" alt=\"\" class=\"wp-image-31227\" srcset=\"https:\/\/lignesauto.fr\/wp-content\/uploads\/2023\/12\/FT_21-1-1024x404.jpg 1024w, https:\/\/lignesauto.fr\/wp-content\/uploads\/2023\/12\/FT_21-1-300x118.jpg 300w, https:\/\/lignesauto.fr\/wp-content\/uploads\/2023\/12\/FT_21-1-768x303.jpg 768w, https:\/\/lignesauto.fr\/wp-content\/uploads\/2023\/12\/FT_21-1.jpg 1417w\" sizes=\"(max-width: 1024px) 100vw, 1024px\" \/><\/figure>\n\n\n\n<p style=\"font-size:17px\">Ambitieuse, basse, \u00e9l\u00e9gante et raffin\u00e9e&#8230; Mais du projet \u00e0 la s\u00e9rie, l\u2019Initiale perd sa voie. Dans la tourmente d\u2019un projet qui conna\u00eet tant de changements, Florian Thiercelin continue son \u0153uvre. Trois ans plus tard, il enfante un croquis aussi petit que le projet est grand&nbsp;: celui du concept-car du centenaire de Renault. Jean-Fran\u00e7ois Venet et Patrick Le Qu\u00e9ment doivent s\u00e9lectionner l\u2019esquisse de ce qui deviendra le concept-car VelSatis de 1998.<\/p>\n\n\n\n<figure class=\"wp-block-image size-large\"><img loading=\"lazy\" decoding=\"async\" width=\"1024\" height=\"668\" src=\"http:\/\/lignesauto.fr\/wp-content\/uploads\/2023\/12\/FT_17-1024x668.jpg\" alt=\"\" class=\"wp-image-31225\" srcset=\"https:\/\/lignesauto.fr\/wp-content\/uploads\/2023\/12\/FT_17-1024x668.jpg 1024w, https:\/\/lignesauto.fr\/wp-content\/uploads\/2023\/12\/FT_17-300x196.jpg 300w, https:\/\/lignesauto.fr\/wp-content\/uploads\/2023\/12\/FT_17-768x501.jpg 768w, https:\/\/lignesauto.fr\/wp-content\/uploads\/2023\/12\/FT_17.jpg 1417w\" sizes=\"(max-width: 1024px) 100vw, 1024px\" \/><figcaption class=\"wp-element-caption\">Les modeleurs Clay s&#8217;affairent sur les propositions des designers pour le projet Initiale<\/figcaption><\/figure>\n\n\n\n<p style=\"font-size:17px\">Le Qu\u00e9ment se souvient que <em>\u00ab&nbsp;nous voulions une voiture qui exprime le dynamisme, un v\u00e9hicule qui repr\u00e9sente les 50 ann\u00e9es \u00e0 venir. Dans la salle o\u00f9 tous les dessins sont pr\u00e9sent\u00e9s, je ne trouve pas vraiment ce que je veux. Je cherche quelque chose qui exprime la symbolique de cet anniversaire, mais je ne le trouve pas. Jean-Fran\u00e7ois Venet est pr\u00e9sent et il me comprend&#8230; Et puis, sur un panneau l\u00e9g\u00e8rement \u00e0 l\u2019\u00e9cart, je tombe sur un dessin avec un arri\u00e8re si diff\u00e9rent.&nbsp;\u00bb<\/em><\/p>\n\n\n\n<figure class=\"wp-block-image size-large\"><img loading=\"lazy\" decoding=\"async\" width=\"1024\" height=\"757\" src=\"http:\/\/lignesauto.fr\/wp-content\/uploads\/2023\/12\/Z_VELSATIS-1024x757.png\" alt=\"\" class=\"wp-image-31562\" srcset=\"https:\/\/lignesauto.fr\/wp-content\/uploads\/2023\/12\/Z_VELSATIS-1024x757.png 1024w, https:\/\/lignesauto.fr\/wp-content\/uploads\/2023\/12\/Z_VELSATIS-300x222.png 300w, https:\/\/lignesauto.fr\/wp-content\/uploads\/2023\/12\/Z_VELSATIS-768x567.png 768w, https:\/\/lignesauto.fr\/wp-content\/uploads\/2023\/12\/Z_VELSATIS.png 1417w\" sizes=\"(max-width: 1024px) 100vw, 1024px\" \/><\/figure>\n\n\n\n<p style=\"font-size:17px\"><em>\u00ab&nbsp;Je me dis imm\u00e9diatement que l\u2019on tient notre th\u00e8me. L\u2019esquisse de Florian Thiercelin exprime la modernit\u00e9 avec le concept monocorps \u00e0 l\u2019avant alors que l\u2019arri\u00e8re est tout simplement flamboyant et nous plonge dans le contexte de la grande carrosserie d\u2019apr\u00e8s-guerre. On mise alors tout sur ce dessin&nbsp;qui est tout petit, mais l\u2019esprit est bien l\u00e0.&nbsp;\u00bb<\/em> C\u2019est le concept-car qui aura le plus d\u2019influence sur les mod\u00e8les de s\u00e9rie avec la M\u00e9gane-2 ci-dessous, le Sc\u00e9nic ou encore l\u2019Avantime.<\/p>\n\n\n\n<figure class=\"wp-block-image size-large\"><img loading=\"lazy\" decoding=\"async\" width=\"1024\" height=\"680\" src=\"http:\/\/lignesauto.fr\/wp-content\/uploads\/2023\/12\/FT_19-1024x680.jpg\" alt=\"\" class=\"wp-image-31228\" srcset=\"https:\/\/lignesauto.fr\/wp-content\/uploads\/2023\/12\/FT_19-1024x680.jpg 1024w, https:\/\/lignesauto.fr\/wp-content\/uploads\/2023\/12\/FT_19-300x199.jpg 300w, https:\/\/lignesauto.fr\/wp-content\/uploads\/2023\/12\/FT_19-768x510.jpg 768w, https:\/\/lignesauto.fr\/wp-content\/uploads\/2023\/12\/FT_19.jpg 1417w\" sizes=\"(max-width: 1024px) 100vw, 1024px\" \/><\/figure>\n\n\n\n<p style=\"font-size:17px\">Florian Thiercelin est aid\u00e9 dans la d\u00e9marche de porter son dessin vers le volume par le regrett\u00e9 &#8211; lui aussi&#8230; &#8211; Jean-Fran\u00e7ois Venet. Apr\u00e8s l\u2019Initiale, il signe son deuxi\u00e8me chef-d\u2019\u0153uvre avec le concept-car VelSatis . Mais alors que d\u2019autres autour de lui commencent \u00e0 briller dans la lumi\u00e8re, y compris ceux qu\u2019il a battu dans les concours internes de design, Florian semble ignor\u00e9. Pourquoi ce g\u00e9nie n\u2019a-t-il pas \u00e9t\u00e9 soutenu et pouss\u00e9 vers de plus amples responsabilit\u00e9s&nbsp;?<\/p>\n\n\n\n<figure class=\"wp-block-image size-large\"><img loading=\"lazy\" decoding=\"async\" width=\"1024\" height=\"687\" src=\"http:\/\/lignesauto.fr\/wp-content\/uploads\/2023\/12\/FT_02-1024x687.jpg\" alt=\"\" class=\"wp-image-31229\" srcset=\"https:\/\/lignesauto.fr\/wp-content\/uploads\/2023\/12\/FT_02-1024x687.jpg 1024w, https:\/\/lignesauto.fr\/wp-content\/uploads\/2023\/12\/FT_02-300x201.jpg 300w, https:\/\/lignesauto.fr\/wp-content\/uploads\/2023\/12\/FT_02-768x515.jpg 768w, https:\/\/lignesauto.fr\/wp-content\/uploads\/2023\/12\/FT_02.jpg 1417w\" sizes=\"(max-width: 1024px) 100vw, 1024px\" \/><figcaption class=\"wp-element-caption\">Le concept-car VelSatis de 1998 dessin\u00e9 par Florian Thiercelin pour l&#8217;ext\u00e9rieur et Dominique Marzolf pour le design interieur.<\/figcaption><\/figure>\n\n\n\n<p style=\"font-size:17px\">Pour en avoir le c\u0153ur net, j\u2019ai appel\u00e9 Florian en 2019 \u00e0 l\u2019occasion de la r\u00e9daction du livre \u00ab&nbsp;<em>Concept-cars et prototypes d\u2019\u00e9tudes Renault<\/em>&nbsp;\u00bb dans lequel ses deux b\u00e9b\u00e9s, l\u2019Initiale et VelSatis, tiennent une belle et l\u00e9gitime place. Sa r\u00e9ponse avait des relents sibyllins. \u00ab&nbsp;<em>Il vous appartient naturellement d\u2019\u00e9crire ce que vous souhaitez. Pour ma part, j\u2019affectionne l\u2019histoire critique&nbsp;\u00bb <\/em>me r\u00e9pondit-il par mail.<\/p>\n\n\n\n<figure class=\"wp-block-image size-large\"><img loading=\"lazy\" decoding=\"async\" width=\"1024\" height=\"634\" src=\"http:\/\/lignesauto.fr\/wp-content\/uploads\/2023\/12\/FT_11-1024x634.jpg\" alt=\"\" class=\"wp-image-31230\" srcset=\"https:\/\/lignesauto.fr\/wp-content\/uploads\/2023\/12\/FT_11-1024x634.jpg 1024w, https:\/\/lignesauto.fr\/wp-content\/uploads\/2023\/12\/FT_11-300x186.jpg 300w, https:\/\/lignesauto.fr\/wp-content\/uploads\/2023\/12\/FT_11-768x476.jpg 768w, https:\/\/lignesauto.fr\/wp-content\/uploads\/2023\/12\/FT_11.jpg 1417w\" sizes=\"(max-width: 1024px) 100vw, 1024px\" \/><figcaption class=\"wp-element-caption\">Apr\u00e8s l&#8217;Initiale, un projet de berline basse est lanc\u00e9. Apr\u00e8s le concept-car VelSatis, deux propositions pour la s\u00e9rie sont r\u00e9alis\u00e9es. Une version haute (la version d\u00e9finitive de la VelStais de s\u00e9rie) et une basse, d\u00e9voil\u00e9e ici, \u00e0 gauche. Le choix du service produit ne sera pas le bon, h\u00e9las&#8230;<\/figcaption><\/figure>\n\n\n\n<p style=\"font-size:17px\">Son mail se poursuit ainsi : &#8220;<em>vous avez peut-\u00eatre remarqu\u00e9 ma discr\u00e9tion, voire mon absence rigoureuse des r\u00e9seaux sociaux. Aussi, je fais exception ici pour vous r\u00e9pondre.&nbsp;J\u2019ai v\u00e9cu de vrais moments de bonheur dans mon activit\u00e9 pass\u00e9e. Ceci dit\u2026 je ne souhaite pas joindre ma parole \u00e0 celle d\u2019autres personnes qui auraient un point de vue divergent du mien. Aussi, et je m\u2019en excuse par avance, je souhaite particuli\u00e8rement garder le silence sur cette p\u00e9riode o\u00f9 je fus acteur du design Renault.&nbsp;Vous l\u2019aurez compris, l\u2019issue ne fut pas celle que j\u2019aurais pu esp\u00e9rer. Je ne prends peut-\u00eatre pas assez de distance avec le pass\u00e9. Nul doute que vous trouverez des interlocuteurs plus prestigieux que moi autour du sujet qui vous occupe. Aussi je salue votre professionnalisme. Quant au caf\u00e9, \u00e0 votre convenance.<\/em> \u00bb<\/p>\n\n\n\n<figure class=\"wp-block-image size-large\"><img loading=\"lazy\" decoding=\"async\" width=\"1024\" height=\"684\" src=\"http:\/\/lignesauto.fr\/wp-content\/uploads\/2023\/12\/FT_09-1024x684.jpg\" alt=\"\" class=\"wp-image-31231\" srcset=\"https:\/\/lignesauto.fr\/wp-content\/uploads\/2023\/12\/FT_09-1024x684.jpg 1024w, https:\/\/lignesauto.fr\/wp-content\/uploads\/2023\/12\/FT_09-300x200.jpg 300w, https:\/\/lignesauto.fr\/wp-content\/uploads\/2023\/12\/FT_09-768x513.jpg 768w, https:\/\/lignesauto.fr\/wp-content\/uploads\/2023\/12\/FT_09.jpg 1417w\" sizes=\"(max-width: 1024px) 100vw, 1024px\" \/><\/figure>\n\n\n\n<p style=\"font-size:17px\">Nous l\u2019avons pris ce caf\u00e9 et m\u00eame ces deux d\u00e9jeuners qui resteront grav\u00e9s dans ma m\u00e9moire. Florian \u00e9tait diff\u00e9rent, discret, \u00e9rod\u00e9 peut-\u00eatre par une vie professionnelle qu\u2019il esp\u00e9rait sans doute autre. Mais chaque matin, lorsqu\u2019il arrivait au studio, j\u2019ose esp\u00e9rer qu\u2019il se sentait digne en franchissant les portes, fier de ses deux cr\u00e9ations qui ont marqu\u00e9 \u00e0 jamais l\u2019histoire du design Renault. Oui, je l\u2019esp\u00e8re. Florian avait 52 ans. Toutes nos pens\u00e9es vont vers sa femme, Caroline, et ses proches.<\/p>\n\n\n\n<figure class=\"wp-block-image size-large\"><img loading=\"lazy\" decoding=\"async\" width=\"1024\" height=\"805\" src=\"http:\/\/lignesauto.fr\/wp-content\/uploads\/2023\/12\/FT_01-1024x805.png\" alt=\"\" class=\"wp-image-31220\" srcset=\"https:\/\/lignesauto.fr\/wp-content\/uploads\/2023\/12\/FT_01-1024x805.png 1024w, https:\/\/lignesauto.fr\/wp-content\/uploads\/2023\/12\/FT_01-300x236.png 300w, https:\/\/lignesauto.fr\/wp-content\/uploads\/2023\/12\/FT_01-768x604.png 768w, https:\/\/lignesauto.fr\/wp-content\/uploads\/2023\/12\/FT_01.png 1417w\" sizes=\"(max-width: 1024px) 100vw, 1024px\" \/><figcaption class=\"wp-element-caption\">Photos Christian Martin<\/figcaption><\/figure>\n\n\n\n<p style=\"font-size:17px\"><strong>LIGNES\/auto rend hommage \u00e0 Florian Thiercelin et vous propose les deux PDF sur la gen\u00e8se des concept-cars Initiale et VelSatis extrait du livre &#8220;Concept-cars et prototypes d&#8217;\u00e9tudes Renault&#8221;<\/strong><\/p>\n\n\n\n<div data-wp-interactive=\"core\/file\" class=\"wp-block-file\"><object data-wp-bind--hidden=\"!state.hasPdfPreview\"  class=\"wp-block-file__embed\" data=\"http:\/\/lignesauto.fr\/wp-content\/uploads\/2023\/12\/INITIALE_THIERCELIN.pdf\" type=\"application\/pdf\" style=\"width:100%;height:600px\" aria-label=\"Embed of INITIALE_THIERCELIN.\"><\/object><a id=\"wp-block-file--media-8f336092-4936-466b-99a6-f4111e6c6a82\" href=\"http:\/\/lignesauto.fr\/wp-content\/uploads\/2023\/12\/INITIALE_THIERCELIN.pdf\">INITIALE_THIERCELIN<\/a><a href=\"http:\/\/lignesauto.fr\/wp-content\/uploads\/2023\/12\/INITIALE_THIERCELIN.pdf\" class=\"wp-block-file__button wp-element-button\" download aria-describedby=\"wp-block-file--media-8f336092-4936-466b-99a6-f4111e6c6a82\">T\u00e9l\u00e9charger<\/a><\/div>\n\n\n\n<div data-wp-interactive=\"core\/file\" class=\"wp-block-file\"><object data-wp-bind--hidden=\"!state.hasPdfPreview\"  class=\"wp-block-file__embed\" data=\"http:\/\/lignesauto.fr\/wp-content\/uploads\/2023\/12\/VELSATIS_THIERCELIN.pdf\" type=\"application\/pdf\" style=\"width:100%;height:600px\" aria-label=\"Embed of VELSATIS_THIERCELIN.\"><\/object><a id=\"wp-block-file--media-139738cb-0e24-4beb-bfbf-42bc693ca445\" href=\"http:\/\/lignesauto.fr\/wp-content\/uploads\/2023\/12\/VELSATIS_THIERCELIN.pdf\">VELSATIS_THIERCELIN<\/a><a href=\"http:\/\/lignesauto.fr\/wp-content\/uploads\/2023\/12\/VELSATIS_THIERCELIN.pdf\" class=\"wp-block-file__button wp-element-button\" download aria-describedby=\"wp-block-file--media-139738cb-0e24-4beb-bfbf-42bc693ca445\">T\u00e9l\u00e9charger<\/a><\/div>\n\n\n<div class=\"wp-block-image\">\n<figure class=\"aligncenter size-full is-resized\"><img loading=\"lazy\" decoding=\"async\" width=\"1024\" height=\"367\" src=\"http:\/\/lignesauto.fr\/wp-content\/uploads\/2023\/11\/image.png\" alt=\"\" class=\"wp-image-30968\" style=\"width:431px;height:auto\" srcset=\"https:\/\/lignesauto.fr\/wp-content\/uploads\/2023\/11\/image.png 1024w, https:\/\/lignesauto.fr\/wp-content\/uploads\/2023\/11\/image-300x108.png 300w, https:\/\/lignesauto.fr\/wp-content\/uploads\/2023\/11\/image-768x275.png 768w\" sizes=\"(max-width: 1024px) 100vw, 1024px\" \/><\/figure><\/div>","protected":false},"excerpt":{"rendered":"<p>Dans l\u2019univers du design, il existe autant de designers que de personnalit\u00e9s. Alors que les \u00e9gos prennent souvent les devants, le talent est en revanche parfois mis \u00e0 l\u2019\u00e9cart, plongeant le designer dans un d\u00e9sarroi dans lequel n\u2019importe quel \u00eatre humain normalement constitu\u00e9 peu sombrer. Florian Thiercelin \u00e9tait de ces [&hellip;]<\/p>\n","protected":false},"author":1,"featured_media":31220,"comment_status":"closed","ping_status":"closed","sticky":false,"template":"","format":"standard","meta":{"footnotes":""},"categories":[1],"tags":[],"_links":{"self":[{"href":"https:\/\/lignesauto.fr\/index.php?rest_route=\/wp\/v2\/posts\/31212"}],"collection":[{"href":"https:\/\/lignesauto.fr\/index.php?rest_route=\/wp\/v2\/posts"}],"about":[{"href":"https:\/\/lignesauto.fr\/index.php?rest_route=\/wp\/v2\/types\/post"}],"author":[{"embeddable":true,"href":"https:\/\/lignesauto.fr\/index.php?rest_route=\/wp\/v2\/users\/1"}],"replies":[{"embeddable":true,"href":"https:\/\/lignesauto.fr\/index.php?rest_route=%2Fwp%2Fv2%2Fcomments&post=31212"}],"version-history":[{"count":14,"href":"https:\/\/lignesauto.fr\/index.php?rest_route=\/wp\/v2\/posts\/31212\/revisions"}],"predecessor-version":[{"id":31563,"href":"https:\/\/lignesauto.fr\/index.php?rest_route=\/wp\/v2\/posts\/31212\/revisions\/31563"}],"wp:featuredmedia":[{"embeddable":true,"href":"https:\/\/lignesauto.fr\/index.php?rest_route=\/wp\/v2\/media\/31220"}],"wp:attachment":[{"href":"https:\/\/lignesauto.fr\/index.php?rest_route=%2Fwp%2Fv2%2Fmedia&parent=31212"}],"wp:term":[{"taxonomy":"category","embeddable":true,"href":"https:\/\/lignesauto.fr\/index.php?rest_route=%2Fwp%2Fv2%2Fcategories&post=31212"},{"taxonomy":"post_tag","embeddable":true,"href":"https:\/\/lignesauto.fr\/index.php?rest_route=%2Fwp%2Fv2%2Ftags&post=31212"}],"curies":[{"name":"wp","href":"https:\/\/api.w.org\/{rel}","templated":true}]}}