{"id":31273,"date":"2023-12-07T07:53:55","date_gmt":"2023-12-07T06:53:55","guid":{"rendered":"http:\/\/lignesauto.fr\/?p=31273"},"modified":"2023-12-07T07:53:56","modified_gmt":"2023-12-07T06:53:56","slug":"relive-the-eventful-genesis-of-the-new-citroen-e-c3","status":"publish","type":"post","link":"https:\/\/lignesauto.fr\/?p=31273","title":{"rendered":"Relive the eventful genesis of the new Citro\u00ebn \u00eb-C3"},"content":{"rendered":"<div class=\"wp-block-image\">\n<figure class=\"aligncenter size-full is-resized\"><img loading=\"lazy\" decoding=\"async\" width=\"1024\" height=\"367\" src=\"http:\/\/lignesauto.fr\/wp-content\/uploads\/2023\/11\/image.png\" alt=\"\" class=\"wp-image-30968\" style=\"width:525px;height:auto\" srcset=\"https:\/\/lignesauto.fr\/wp-content\/uploads\/2023\/11\/image.png 1024w, https:\/\/lignesauto.fr\/wp-content\/uploads\/2023\/11\/image-300x108.png 300w, https:\/\/lignesauto.fr\/wp-content\/uploads\/2023\/11\/image-768x275.png 768w\" sizes=\"(max-width: 1024px) 100vw, 1024px\" \/><\/figure><\/div>\n\n\n<figure class=\"wp-block-image size-large\"><img loading=\"lazy\" decoding=\"async\" width=\"1024\" height=\"710\" src=\"http:\/\/lignesauto.fr\/wp-content\/uploads\/2023\/12\/C3_999-1024x710.png\" alt=\"\" class=\"wp-image-31275\" srcset=\"https:\/\/lignesauto.fr\/wp-content\/uploads\/2023\/12\/C3_999-1024x710.png 1024w, https:\/\/lignesauto.fr\/wp-content\/uploads\/2023\/12\/C3_999-300x208.png 300w, https:\/\/lignesauto.fr\/wp-content\/uploads\/2023\/12\/C3_999-768x532.png 768w, https:\/\/lignesauto.fr\/wp-content\/uploads\/2023\/12\/C3_999.png 1417w\" sizes=\"(max-width: 1024px) 100vw, 1024px\" \/><\/figure>\n\n\n\n<p style=\"font-size:17px\">Citro\u00ebn is silencing the naysayers. With its \u00eb-C3, the electric car will finally be accessible to as many people as possible. A five-seater, a compact, a city crossover, the \u00eb-C3 is only 4.01 m long and is already available to order, ahead of its arrival on the market in early 2024. It will be followed by internal combustion versions, also expected in 2024.<\/p>\n\n\n\n<figure class=\"wp-block-image size-large\"><img loading=\"lazy\" decoding=\"async\" width=\"1024\" height=\"512\" src=\"http:\/\/lignesauto.fr\/wp-content\/uploads\/2023\/12\/C3_28-1024x512.jpg\" alt=\"\" class=\"wp-image-31147\" srcset=\"https:\/\/lignesauto.fr\/wp-content\/uploads\/2023\/12\/C3_28-1024x512.jpg 1024w, https:\/\/lignesauto.fr\/wp-content\/uploads\/2023\/12\/C3_28-300x150.jpg 300w, https:\/\/lignesauto.fr\/wp-content\/uploads\/2023\/12\/C3_28-768x384.jpg 768w, https:\/\/lignesauto.fr\/wp-content\/uploads\/2023\/12\/C3_28.jpg 1417w\" sizes=\"(max-width: 1024px) 100vw, 1024px\" \/><\/figure>\n\n\n\n<p style=\"font-size:17px\">For this new queen of the range &#8211; the 4th generation C3 &#8211; we can imagine that the brand has mastered its renewal, experience having helped. But Citro\u00ebn is not a manufacturer like the others. Since the dawn of time, the renewal of its nuggets has often involved (re)starting from scratch. What do the CX and the DS it replaced in 1975 have in common? What other similarities can be found between a Saxo and a 2CV? When the C3 renewal programme was launched, it was agreed that Citro\u00ebn would remain Citro\u00ebn: innovative, daring and respectful of the double-chevron DNA.<\/p>\n\n\n\n<figure class=\"wp-block-image size-large\"><img loading=\"lazy\" decoding=\"async\" width=\"1024\" height=\"445\" src=\"http:\/\/lignesauto.fr\/wp-content\/uploads\/2023\/12\/C3_09-1024x445.png\" alt=\"\" class=\"wp-image-31148\" srcset=\"https:\/\/lignesauto.fr\/wp-content\/uploads\/2023\/12\/C3_09-1024x445.png 1024w, https:\/\/lignesauto.fr\/wp-content\/uploads\/2023\/12\/C3_09-300x130.png 300w, https:\/\/lignesauto.fr\/wp-content\/uploads\/2023\/12\/C3_09-768x334.png 768w, https:\/\/lignesauto.fr\/wp-content\/uploads\/2023\/12\/C3_09.png 1417w\" sizes=\"(max-width: 1024px) 100vw, 1024px\" \/><\/figure>\n\n\n\n<p style=\"font-size:17px\">However, with a manufacturer that can boast 104 years of experience, the genesis of this 4th generation was not the result of a magic stroke of the pen. Nor was it the result of skilfully orchestrated research carried out by a long-standing team of designers, all within a group where Citro\u00ebn has a very legitimate place.<\/p>\n\n\n\n<figure class=\"wp-block-image size-large\"><img loading=\"lazy\" decoding=\"async\" width=\"1024\" height=\"693\" src=\"http:\/\/lignesauto.fr\/wp-content\/uploads\/2023\/12\/C3_08-1024x693.png\" alt=\"\" class=\"wp-image-31149\" srcset=\"https:\/\/lignesauto.fr\/wp-content\/uploads\/2023\/12\/C3_08-1024x693.png 1024w, https:\/\/lignesauto.fr\/wp-content\/uploads\/2023\/12\/C3_08-300x203.png 300w, https:\/\/lignesauto.fr\/wp-content\/uploads\/2023\/12\/C3_08-768x520.png 768w, https:\/\/lignesauto.fr\/wp-content\/uploads\/2023\/12\/C3_08.png 1417w\" sizes=\"(max-width: 1024px) 100vw, 1024px\" \/><\/figure>\n\n\n\n<p style=\"font-size:17px\">Nothing quite worked out like that. While the end result is an exciting saloon capable of setting a new benchmark in terms of access to an electric range, its birth was achieved by force. In terms of design, we&#8217;ve been able to gather a few testimonies to a genesis that wasn&#8217;t quite as clear-cut as you might have thought. To explain it, we need to go back (a little) in time\u2026<\/p>\n\n\n\n<figure class=\"wp-block-image size-large\"><img loading=\"lazy\" decoding=\"async\" width=\"1024\" height=\"525\" src=\"http:\/\/lignesauto.fr\/wp-content\/uploads\/2023\/12\/C4_SIDE-1024x525.jpg\" alt=\"\" class=\"wp-image-31152\" srcset=\"https:\/\/lignesauto.fr\/wp-content\/uploads\/2023\/12\/C4_SIDE-1024x525.jpg 1024w, https:\/\/lignesauto.fr\/wp-content\/uploads\/2023\/12\/C4_SIDE-300x154.jpg 300w, https:\/\/lignesauto.fr\/wp-content\/uploads\/2023\/12\/C4_SIDE-768x394.jpg 768w, https:\/\/lignesauto.fr\/wp-content\/uploads\/2023\/12\/C4_SIDE.jpg 1417w\" sizes=\"(max-width: 1024px) 100vw, 1024px\" \/><\/figure>\n\n\n\n<p style=\"font-size:17px\">The year is 2018. Citro\u00ebn separated from its &#8216;DS line&#8217; four years ago &#8211; probably losing more than DS gained &#8211; and now relies mainly on an energetic C3, born two years earlier, and is seeing its Picasso range age as it comes under attack from crossovers. As for the all-new C4 (3rd generation, above), it is still a long way from industrialisation. This will happen in 2020.<\/p>\n\n\n\n<figure class=\"wp-block-image size-large\"><img loading=\"lazy\" decoding=\"async\" width=\"1024\" height=\"683\" src=\"http:\/\/lignesauto.fr\/wp-content\/uploads\/2023\/12\/C3_200-1024x683.jpg\" alt=\"\" class=\"wp-image-31153\" srcset=\"https:\/\/lignesauto.fr\/wp-content\/uploads\/2023\/12\/C3_200-1024x683.jpg 1024w, https:\/\/lignesauto.fr\/wp-content\/uploads\/2023\/12\/C3_200-300x200.jpg 300w, https:\/\/lignesauto.fr\/wp-content\/uploads\/2023\/12\/C3_200-768x512.jpg 768w, https:\/\/lignesauto.fr\/wp-content\/uploads\/2023\/12\/C3_200.jpg 1417w\" sizes=\"(max-width: 1024px) 100vw, 1024px\" \/><\/figure>\n\n\n\n<p style=\"font-size:17px\">So it was in 2018 that the usual routine of a product study was shaken up for the first time. Alexandre Malval, the brand&#8217;s design director (above), packed up his shorts and polo shirts and headed for the sunny south of France, to Sophia Antipolis. He will be heading up the Mercedes Advanced Design Centre, one of the satellite studios of the parent company&#8217;s design centre in Sindelfingen.<\/p>\n\n\n\n<figure class=\"wp-block-image size-large\"><img loading=\"lazy\" decoding=\"async\" width=\"1024\" height=\"700\" src=\"http:\/\/lignesauto.fr\/wp-content\/uploads\/2023\/09\/HISTO_12-1024x700.jpg\" alt=\"\" class=\"wp-image-30136\" srcset=\"https:\/\/lignesauto.fr\/wp-content\/uploads\/2023\/09\/HISTO_12-1024x700.jpg 1024w, https:\/\/lignesauto.fr\/wp-content\/uploads\/2023\/09\/HISTO_12-300x205.jpg 300w, https:\/\/lignesauto.fr\/wp-content\/uploads\/2023\/09\/HISTO_12-768x525.jpg 768w, https:\/\/lignesauto.fr\/wp-content\/uploads\/2023\/09\/HISTO_12.jpg 1417w\" sizes=\"(max-width: 1024px) 100vw, 1024px\" \/><\/figure>\n\n\n\n<p style=\"font-size:17px\">Alexandre Malval and his teams at Citro\u00ebn created the 2016 C3 (above), the car that has sustained the brand at arm&#8217;s length. He then took charge of the C4 III programme, and launched the C5 X project. At the time, he was involved in the early phase of the replacement for the C3, which had just been unveiled to the public. Time as seen from a designer&#8217;s mind is not quite the same as ours.<\/p>\n\n\n\n<figure class=\"wp-block-image size-large\"><img loading=\"lazy\" decoding=\"async\" width=\"1024\" height=\"601\" src=\"http:\/\/lignesauto.fr\/wp-content\/uploads\/2023\/12\/C3_201-1024x601.png\" alt=\"\" class=\"wp-image-31155\" srcset=\"https:\/\/lignesauto.fr\/wp-content\/uploads\/2023\/12\/C3_201-1024x601.png 1024w, https:\/\/lignesauto.fr\/wp-content\/uploads\/2023\/12\/C3_201-300x176.png 300w, https:\/\/lignesauto.fr\/wp-content\/uploads\/2023\/12\/C3_201-768x450.png 768w, https:\/\/lignesauto.fr\/wp-content\/uploads\/2023\/12\/C3_201.png 1417w\" sizes=\"(max-width: 1024px) 100vw, 1024px\" \/><\/figure>\n\n\n\n<p style=\"font-size:17px\">Barely embryonic, our famous 2024 C3 is seeing its first daddy leave home. Don&#8217;t worry, the nursery is vast. But Malval&#8217;s replacement came from the outside. It was Belgian Pierre Leclercq, who was just a few days away from signing his contract with Kia to become the brand&#8217;s head of global design, who approached the cradle. Jean-Pierre Plou\u00e9, then head of design for PSA Group brands, successfully contacted him on 11 July 2018, when the Belgian had momentarily left Korea to come and watch his football team lose to France in the World Cup semi-final. Excellent timing for Plou\u00e9!<\/p>\n\n\n\n<figure class=\"wp-block-image size-large\"><img loading=\"lazy\" decoding=\"async\" width=\"1024\" height=\"371\" src=\"http:\/\/lignesauto.fr\/wp-content\/uploads\/2023\/12\/C3_15-1024x371.png\" alt=\"\" class=\"wp-image-31157\" srcset=\"https:\/\/lignesauto.fr\/wp-content\/uploads\/2023\/12\/C3_15-1024x371.png 1024w, https:\/\/lignesauto.fr\/wp-content\/uploads\/2023\/12\/C3_15-300x109.png 300w, https:\/\/lignesauto.fr\/wp-content\/uploads\/2023\/12\/C3_15-768x279.png 768w, https:\/\/lignesauto.fr\/wp-content\/uploads\/2023\/12\/C3_15.png 1417w\" sizes=\"(max-width: 1024px) 100vw, 1024px\" \/><\/figure>\n\n\n\n<p style=\"font-size:17px\">Pierre Leclercq, above, pensive in front of the Clay model of the C5X, discovers the product plan in place, and is ecstatic about the Ami One and 19_19 concept cars that are in the pipeline. He also realised that he would have to spend a few years (3 to 4) defending the work of his predecessor, while waiting to put his stamp on Citro\u00ebn&#8217;s new style. In order to do this, he will restructure the entire team, retaining very few loyal members from the previous period. The programme for the future C3 seems to be just the thing to achieve Leclercq&#8217;s objective. End of the first act.<\/p>\n\n\n\n<figure class=\"wp-block-image size-large\"><img loading=\"lazy\" decoding=\"async\" width=\"1024\" height=\"907\" src=\"http:\/\/lignesauto.fr\/wp-content\/uploads\/2023\/12\/C3_205-1024x907.png\" alt=\"\" class=\"wp-image-31174\" srcset=\"https:\/\/lignesauto.fr\/wp-content\/uploads\/2023\/12\/C3_205-1024x907.png 1024w, https:\/\/lignesauto.fr\/wp-content\/uploads\/2023\/12\/C3_205-300x266.png 300w, https:\/\/lignesauto.fr\/wp-content\/uploads\/2023\/12\/C3_205-768x680.png 768w, https:\/\/lignesauto.fr\/wp-content\/uploads\/2023\/12\/C3_205.png 1417w\" sizes=\"(max-width: 1024px) 100vw, 1024px\" \/><\/figure>\n\n\n\n<p style=\"font-size:17px\">Less than six months later, in April 2019, the Citro\u00ebn brand announced its intention to conquer the Indian market. It should be remembered that, at that time, the PSA Group was not yet part of what was to become Stellantis. Carlos Tavares &#8211; the Chairman of the Managing Board &#8211; had &#8220;only&#8221; to manage the Citro\u00ebn, Peugeot, DS, Opel and Vauxhall brands\u2026 China for DS, the USA for Peugeot\u2026 USA and Citro\u00ebn India. The head of the Citro\u00ebn brand was then Linda Jackson above (who took over as head of the brand on 1 June 2014), who made Citro\u00ebn&#8217;s arrival in India official at a press conference in Chennai, in southern India, attended by Carlos Tavares himself.<\/p>\n\n\n\n<figure class=\"wp-block-image size-large\"><img loading=\"lazy\" decoding=\"async\" width=\"1024\" height=\"768\" src=\"http:\/\/lignesauto.fr\/wp-content\/uploads\/2023\/12\/C3_207-1024x768.png\" alt=\"\" class=\"wp-image-31176\" srcset=\"https:\/\/lignesauto.fr\/wp-content\/uploads\/2023\/12\/C3_207-1024x768.png 1024w, https:\/\/lignesauto.fr\/wp-content\/uploads\/2023\/12\/C3_207-300x225.png 300w, https:\/\/lignesauto.fr\/wp-content\/uploads\/2023\/12\/C3_207-768x576.png 768w, https:\/\/lignesauto.fr\/wp-content\/uploads\/2023\/12\/C3_207.png 1417w\" sizes=\"(max-width: 1024px) 100vw, 1024px\" \/><\/figure>\n\n\n\n<p style=\"font-size:17px\">What does this have to do with the C3 of 2024, below? Enormously, since the desire to be present in India (above, the saloon in the CC21 programme) with products dedicated to the market, combined with the drive for profitability confirmed by Carlos Tavares, will have a direct impact on the programme for the so-called European C3. To meet the Indian challenge, Citro\u00ebn announced in 2019 that it intends to launch &#8220;a range of new models &#8211; one per year &#8211; with an international vocation, the first of which will be launched by the end of 2021.&#8221;<\/p>\n\n\n\n<figure class=\"wp-block-image size-large\"><img loading=\"lazy\" decoding=\"async\" width=\"1024\" height=\"618\" src=\"http:\/\/lignesauto.fr\/wp-content\/uploads\/2023\/12\/C3_07-1024x618.png\" alt=\"\" class=\"wp-image-31184\" srcset=\"https:\/\/lignesauto.fr\/wp-content\/uploads\/2023\/12\/C3_07-1024x618.png 1024w, https:\/\/lignesauto.fr\/wp-content\/uploads\/2023\/12\/C3_07-300x181.png 300w, https:\/\/lignesauto.fr\/wp-content\/uploads\/2023\/12\/C3_07-768x463.png 768w, https:\/\/lignesauto.fr\/wp-content\/uploads\/2023\/12\/C3_07.png 1417w\" sizes=\"(max-width: 1024px) 100vw, 1024px\" \/><\/figure>\n\n\n\n<p style=\"font-size:17px\">The famous &#8216;C Cubed&#8217; or C3 programme has since given rise to the Indian C3 (city saloon crossover) and C3 Aircross (5- and 7-seater crossover), which are also being introduced in the AMLAT markets (Latin America). The range will shortly be extended to include a crossover coup\u00e9. We&#8217;ll come back to that at the end of this post.<\/p>\n\n\n\n<figure class=\"wp-block-image size-large\"><img loading=\"lazy\" decoding=\"async\" width=\"1024\" height=\"675\" src=\"http:\/\/lignesauto.fr\/wp-content\/uploads\/2023\/12\/C3_11-1024x675.png\" alt=\"\" class=\"wp-image-31178\" srcset=\"https:\/\/lignesauto.fr\/wp-content\/uploads\/2023\/12\/C3_11-1024x675.png 1024w, https:\/\/lignesauto.fr\/wp-content\/uploads\/2023\/12\/C3_11-300x198.png 300w, https:\/\/lignesauto.fr\/wp-content\/uploads\/2023\/12\/C3_11-768x506.png 768w, https:\/\/lignesauto.fr\/wp-content\/uploads\/2023\/12\/C3_11.png 1417w\" sizes=\"(max-width: 1024px) 100vw, 1024px\" \/><\/figure>\n\n\n\n<p style=\"font-size:17px\">Initially, the programme for the above-mentioned European C3, which is beginning to take shape at V\u00e9lizy, will be entirely dependent on the C-Cube. Carlos Tavares wants the European version to be derived directly from the Indian version. Better (or worse?), he wants it to be produced in India and exported to Europe. This is all part of the drive to achieve a highly competitive entry-level price, but fortunately the idea was quickly abandoned.<\/p>\n\n\n\n<figure class=\"wp-block-image size-large\"><img loading=\"lazy\" decoding=\"async\" width=\"1024\" height=\"595\" src=\"http:\/\/lignesauto.fr\/wp-content\/uploads\/2023\/12\/LIGNESauto04-1024x595.png\" alt=\"\" class=\"wp-image-31181\" srcset=\"https:\/\/lignesauto.fr\/wp-content\/uploads\/2023\/12\/LIGNESauto04-1024x595.png 1024w, https:\/\/lignesauto.fr\/wp-content\/uploads\/2023\/12\/LIGNESauto04-300x174.png 300w, https:\/\/lignesauto.fr\/wp-content\/uploads\/2023\/12\/LIGNESauto04-768x446.png 768w, https:\/\/lignesauto.fr\/wp-content\/uploads\/2023\/12\/LIGNESauto04.png 1269w\" sizes=\"(max-width: 1024px) 100vw, 1024px\" \/><\/figure>\n\n\n\n<p style=\"font-size:17px\">On the Indian side, the C-Cube programme was effectively awarded a production contract with local subcontractors which, without being demeaning, required an enormous amount of work in terms of achieving quality to the Group&#8217;s standards. It is therefore unthinkable that the European C3 will follow the same path. The 2024 C3 therefore abandons the idea of production in India. However, the product architects have won their case: the platform for the European version will be derived from that of the Indian version: it is the CMP available in a 100% electric version (above, that of the DS3) with a basic definition for India, which the European teams will greatly improve for the Old Continent. But at this stage, we need to talk about the timetable once again.<\/p>\n\n\n\n<figure class=\"wp-block-image size-large\"><img loading=\"lazy\" decoding=\"async\" width=\"1024\" height=\"737\" src=\"http:\/\/lignesauto.fr\/wp-content\/uploads\/2023\/12\/C3_206-1024x737.png\" alt=\"\" class=\"wp-image-31172\" srcset=\"https:\/\/lignesauto.fr\/wp-content\/uploads\/2023\/12\/C3_206-1024x737.png 1024w, https:\/\/lignesauto.fr\/wp-content\/uploads\/2023\/12\/C3_206-300x216.png 300w, https:\/\/lignesauto.fr\/wp-content\/uploads\/2023\/12\/C3_206-768x553.png 768w, https:\/\/lignesauto.fr\/wp-content\/uploads\/2023\/12\/C3_206.png 1417w\" sizes=\"(max-width: 1024px) 100vw, 1024px\" \/><\/figure>\n\n\n\n<p style=\"font-size:17px\">On 15 January 2020, Linda Jackson left her post as Citro\u00ebn brand director (she would become Peugeot brand director when the definitive structure of Stellantis was announced) and was replaced by her deputy director, Vincent Cob\u00e9e, above. Once the idea of importing the Indian C3 had been abandoned, he and his product and design teams imposed three imperatives on the development of the European project: a car produced in Europe, an innovative car with the novel head-up display (below) and also a legitimate car in terms of comfort, with double-hydraulic-stop suspension at every level of the range. This was not the case when Linda Jackson left the project.<\/p>\n\n\n\n<figure class=\"wp-block-image size-large\"><img loading=\"lazy\" decoding=\"async\" width=\"1024\" height=\"756\" src=\"http:\/\/lignesauto.fr\/wp-content\/uploads\/2023\/12\/C3_26-1024x756.jpg\" alt=\"\" class=\"wp-image-31193\" srcset=\"https:\/\/lignesauto.fr\/wp-content\/uploads\/2023\/12\/C3_26-1024x756.jpg 1024w, https:\/\/lignesauto.fr\/wp-content\/uploads\/2023\/12\/C3_26-300x221.jpg 300w, https:\/\/lignesauto.fr\/wp-content\/uploads\/2023\/12\/C3_26-768x567.jpg 768w, https:\/\/lignesauto.fr\/wp-content\/uploads\/2023\/12\/C3_26.jpg 1417w\" sizes=\"(max-width: 1024px) 100vw, 1024px\" \/><\/figure>\n\n\n\n<p style=\"font-size:17px\">As you can imagine, these three key points required many hours of debate. We weren&#8217;t there, but it&#8217;s easy to imagine that the &#8216;i-cockpit made by Citro\u00ebn&#8217; must not have pleased Peugeot&#8217;s cousins! When it comes to comfort at every level of the range, it was no doubt easier to get the message across. As for the production plant, the debate was intense. Production in Europe, yes, but where? In the end, it will be at the Trnava plant in Slovakia. A lesser evil when we recently learned that the cousin Fiat Panda will be manufactured in Serbia, much to the displeasure of the trade union at the historic Italian plant in Pomigliano d&#8217;Arco, which was built for the Alfasud but now produces the Panda.<\/p>\n\n\n\n<figure class=\"wp-block-image size-large\"><img loading=\"lazy\" decoding=\"async\" width=\"1024\" height=\"647\" src=\"http:\/\/lignesauto.fr\/wp-content\/uploads\/2023\/12\/C3_16-1024x647.png\" alt=\"\" class=\"wp-image-31167\" srcset=\"https:\/\/lignesauto.fr\/wp-content\/uploads\/2023\/12\/C3_16-1024x647.png 1024w, https:\/\/lignesauto.fr\/wp-content\/uploads\/2023\/12\/C3_16-300x190.png 300w, https:\/\/lignesauto.fr\/wp-content\/uploads\/2023\/12\/C3_16-768x486.png 768w, https:\/\/lignesauto.fr\/wp-content\/uploads\/2023\/12\/C3_16.png 1417w\" sizes=\"(max-width: 1024px) 100vw, 1024px\" \/><\/figure>\n\n\n\n<p style=\"font-size:17px\">On 16 July 2020, even before the merger between the two giants PSA and FCA (Fiat Chrysler Automobiles) was fully revealed, the name of the new group was unveiled: it will be Stellantis (above), derived from the Latin verb &#8220;stello&#8221; meaning &#8220;to shine with stars&#8221;. The press release states that &#8220;the merger project is expected to be finalised in the first quarter of 2021&#8221;. As announced, the giant Stellantis will enter orbit on 16 January 2021.<\/p>\n\n\n\n<figure class=\"wp-block-image size-large\"><img loading=\"lazy\" decoding=\"async\" width=\"1024\" height=\"576\" src=\"http:\/\/lignesauto.fr\/wp-content\/uploads\/2023\/12\/C3_204.png.jpg.jpg-1024x576.jpg\" alt=\"\" class=\"wp-image-31169\" srcset=\"https:\/\/lignesauto.fr\/wp-content\/uploads\/2023\/12\/C3_204.png.jpg.jpg-1024x576.jpg 1024w, https:\/\/lignesauto.fr\/wp-content\/uploads\/2023\/12\/C3_204.png.jpg.jpg-300x169.jpg 300w, https:\/\/lignesauto.fr\/wp-content\/uploads\/2023\/12\/C3_204.png.jpg.jpg-768x432.jpg 768w, https:\/\/lignesauto.fr\/wp-content\/uploads\/2023\/12\/C3_204.png.jpg.jpg.jpg 1417w\" sizes=\"(max-width: 1024px) 100vw, 1024px\" \/><\/figure>\n\n\n\n<p style=\"font-size:17px\">By this time, the C3&#8217;s Indian project had virtually come to an end, since on 16 September 2021, the Indian C3 (above) was unveiled: &#8220;Citro\u00ebn is strengthening its international dimension by unveiling New C3, a versatile saloon measuring less than 4 metres that will enable the Marque to expand in India and consolidate its presence in South America. It is the first model in a family of 3 vehicles with an international vocation, developed and produced in India and South America, which will be marketed in these two regions over the next 3 years&#8221;. No comment on the European C3, of course. And yet, the programme is progressing apace and Citro\u00ebn&#8217;s design team is preparing a fantastic coup!<\/p>\n\n\n\n<figure class=\"wp-block-image size-large\"><img loading=\"lazy\" decoding=\"async\" width=\"1024\" height=\"795\" src=\"http:\/\/lignesauto.fr\/wp-content\/uploads\/2022\/09\/OUV-1024x795.png\" alt=\"\" class=\"wp-image-26032\" srcset=\"https:\/\/lignesauto.fr\/wp-content\/uploads\/2022\/09\/OUV-1024x795.png 1024w, https:\/\/lignesauto.fr\/wp-content\/uploads\/2022\/09\/OUV-300x233.png 300w, https:\/\/lignesauto.fr\/wp-content\/uploads\/2022\/09\/OUV-768x596.png 768w, https:\/\/lignesauto.fr\/wp-content\/uploads\/2022\/09\/OUV.png 1417w\" sizes=\"(max-width: 1024px) 100vw, 1024px\" \/><\/figure>\n\n\n\n<p style=\"font-size:17px\">One year later &#8211; in September 2022 &#8211; the Oli concept car (above) was unveiled. This veritable manifesto for a vehicle designed for the new era of sustainable electric mobility was the brainchild of the team led by Fr\u00e9d\u00e9ric Duvernier, then head of concept cars at Citro\u00ebn. Duvernier is now Lancia&#8217;s Director of External Design and has been replaced at Citro\u00ebn by Pierre Sabas, who joins from Renault. Oli is a UFO steeped in Citro\u00ebn&#8217;s DNA, who explains that &#8220;his mission is to inspire the future of affordable, sustainable and joyful family mobility&#8221;.<\/p>\n\n\n\n<figure class=\"wp-block-image size-large\"><img loading=\"lazy\" decoding=\"async\" width=\"1024\" height=\"461\" src=\"http:\/\/lignesauto.fr\/wp-content\/uploads\/2022\/09\/OLI_18-1024x461.jpg\" alt=\"\" class=\"wp-image-26052\" srcset=\"https:\/\/lignesauto.fr\/wp-content\/uploads\/2022\/09\/OLI_18-1024x461.jpg 1024w, https:\/\/lignesauto.fr\/wp-content\/uploads\/2022\/09\/OLI_18-300x135.jpg 300w, https:\/\/lignesauto.fr\/wp-content\/uploads\/2022\/09\/OLI_18-768x346.jpg 768w, https:\/\/lignesauto.fr\/wp-content\/uploads\/2022\/09\/OLI_18.jpg 1417w\" sizes=\"(max-width: 1024px) 100vw, 1024px\" \/><\/figure>\n\n\n\n<p style=\"font-size:17px\">The press was abuzz with excitement: &#8220;What if Oli was the forerunner of the C3 of 2024? At the time, the drawings of the latter published in the specialist press were all taken from the Indian version, adding to the unease of a communication that was proving complicated. In the end, Oli, which is 20 cm longer than the C3, will nevertheless bring several strong themes to this European Citro\u00ebn to differentiate it from its Indian cousin: the new light signature, the tauter formal language on the front and rear and the new logo (below) anchored on a completely vertical bow and affixed to a transverse band at the rear.<\/p>\n\n\n\n<figure class=\"wp-block-image size-large\"><img loading=\"lazy\" decoding=\"async\" width=\"1024\" height=\"683\" src=\"http:\/\/lignesauto.fr\/wp-content\/uploads\/2022\/09\/LOGO_103-1024x683.jpg\" alt=\"\" class=\"wp-image-25986\" srcset=\"https:\/\/lignesauto.fr\/wp-content\/uploads\/2022\/09\/LOGO_103-1024x683.jpg 1024w, https:\/\/lignesauto.fr\/wp-content\/uploads\/2022\/09\/LOGO_103-300x200.jpg 300w, https:\/\/lignesauto.fr\/wp-content\/uploads\/2022\/09\/LOGO_103-768x512.jpg 768w, https:\/\/lignesauto.fr\/wp-content\/uploads\/2022\/09\/LOGO_103.jpg 1417w\" sizes=\"(max-width: 1024px) 100vw, 1024px\" \/><\/figure>\n\n\n\n<p style=\"font-size:17px\">However, the designers&#8217; task of moving from the C3 of the C-Cube programme to the European C3 was not so simple. The first mock-ups, with the new light signature, the vertical bow and the gigantic logo, certainly resembled the spirit of Oli, but in its &#8220;command car&#8221; aspect. The spirit is too brutal, far from the joviality we expect from the C3 of 2024. Yet this is the path that Pierre Leclercq wants to follow to launch the brand towards new horizons, with a formal language that is radically opposed to its predecessor.<\/p>\n\n\n\n<figure class=\"wp-block-image size-large\"><img loading=\"lazy\" decoding=\"async\" width=\"1024\" height=\"677\" src=\"http:\/\/lignesauto.fr\/wp-content\/uploads\/2023\/12\/C3_500-1024x677.jpg\" alt=\"\" class=\"wp-image-31267\" srcset=\"https:\/\/lignesauto.fr\/wp-content\/uploads\/2023\/12\/C3_500-1024x677.jpg 1024w, https:\/\/lignesauto.fr\/wp-content\/uploads\/2023\/12\/C3_500-300x198.jpg 300w, https:\/\/lignesauto.fr\/wp-content\/uploads\/2023\/12\/C3_500-768x508.jpg 768w, https:\/\/lignesauto.fr\/wp-content\/uploads\/2023\/12\/C3_500.jpg 1417w\" sizes=\"(max-width: 1024px) 100vw, 1024px\" \/><\/figure>\n\n\n\n<p style=\"font-size:17px\">However, he will have to put some water in his wine. While the idea of not making two clones between Europe and India was quickly established, the delta of possible modifications evolved considerably. Everything was constrained by the brand&#8217;s values &#8211; warmth, humanity, etc. &#8211; and a tight schedule. The styling of the European version therefore had to retain all the architectural structure of the Indian version: high bonnet, almost vertical rear and flat roof.<\/p>\n\n\n\n<figure class=\"wp-block-image size-large\"><img loading=\"lazy\" decoding=\"async\" width=\"657\" height=\"1024\" src=\"http:\/\/lignesauto.fr\/wp-content\/uploads\/2023\/12\/C3_03-657x1024.jpg\" alt=\"\" class=\"wp-image-31185\" srcset=\"https:\/\/lignesauto.fr\/wp-content\/uploads\/2023\/12\/C3_03-657x1024.jpg 657w, https:\/\/lignesauto.fr\/wp-content\/uploads\/2023\/12\/C3_03-193x300.jpg 193w, https:\/\/lignesauto.fr\/wp-content\/uploads\/2023\/12\/C3_03-768x1196.jpg 768w, https:\/\/lignesauto.fr\/wp-content\/uploads\/2023\/12\/C3_03-986x1536.jpg 986w, https:\/\/lignesauto.fr\/wp-content\/uploads\/2023\/12\/C3_03-1315x2048.jpg 1315w, https:\/\/lignesauto.fr\/wp-content\/uploads\/2023\/12\/C3_03.jpg 1417w\" sizes=\"(max-width: 657px) 100vw, 657px\" \/><\/figure>\n\n\n\n<p style=\"font-size:17px\">At the heart of the design genesis, Jean-Pierre Plou\u00e9 (above right with his Stellantis US design alter-ego, Ralph Gilles), who flies between Turin, where the design studio for Stellantis&#8217; Italian brands is based, and V\u00e9lizy, where the studio for the French brands is located, is obliged to play his role as referee. Logically, this is his responsibility. So it can&#8217;t be said that design was born out of a single stroke of the pen!<\/p>\n\n\n\n<figure class=\"wp-block-image size-large\"><img loading=\"lazy\" decoding=\"async\" width=\"1024\" height=\"526\" src=\"http:\/\/lignesauto.fr\/wp-content\/uploads\/2023\/10\/C3_202-1024x526.png\" alt=\"\" class=\"wp-image-30560\" srcset=\"https:\/\/lignesauto.fr\/wp-content\/uploads\/2023\/10\/C3_202-1024x526.png 1024w, https:\/\/lignesauto.fr\/wp-content\/uploads\/2023\/10\/C3_202-300x154.png 300w, https:\/\/lignesauto.fr\/wp-content\/uploads\/2023\/10\/C3_202-768x395.png 768w, https:\/\/lignesauto.fr\/wp-content\/uploads\/2023\/10\/C3_202.png 1417w\" sizes=\"(max-width: 1024px) 100vw, 1024px\" \/><\/figure>\n\n\n\n<p style=\"font-size:17px\">Looking at the European and Indian versions side by side above, it&#8217;s clear that they share identical architecture with divergent styling in terms of brand identity, front and rear. In the centre, the two cars share a no-man&#8217;s-land, even if the embossings are not the same. We&#8217;ve seen worse at Citro\u00ebn, with a Saxo resembling a Peugeot 106 and yet without any common embossment. Ironically, this seems to be a kind of Citro\u00ebn know-how.<\/p>\n\n\n\n<figure class=\"wp-block-image size-large\"><img loading=\"lazy\" decoding=\"async\" width=\"1024\" height=\"654\" src=\"http:\/\/lignesauto.fr\/wp-content\/uploads\/2023\/12\/C3_01-1024x654.png\" alt=\"\" class=\"wp-image-31163\" srcset=\"https:\/\/lignesauto.fr\/wp-content\/uploads\/2023\/12\/C3_01-1024x654.png 1024w, https:\/\/lignesauto.fr\/wp-content\/uploads\/2023\/12\/C3_01-300x192.png 300w, https:\/\/lignesauto.fr\/wp-content\/uploads\/2023\/12\/C3_01-768x491.png 768w, https:\/\/lignesauto.fr\/wp-content\/uploads\/2023\/12\/C3_01.png 1417w\" sizes=\"(max-width: 1024px) 100vw, 1024px\" \/><\/figure>\n\n\n\n<p style=\"font-size:17px\">After much debate, the styling freeze has finally been validated, including on the 7-seater C3 Aircross version, which was revealed in a sneak preview (above) at the presentation of the C3 in France, in Meudon, on 17 October 2023. The unveiling took place in &#8216;Hangar Y&#8217;. It was here that Renault had also presented its 100% electric M\u00e9gane Vision concept car. The building is a 4,000 m2 historic monument, 23 m high and 70 m long. The C3 programme is almost complete, but there are still a few key questions to be answered.<\/p>\n\n\n\n<figure class=\"wp-block-image size-large\"><img loading=\"lazy\" decoding=\"async\" width=\"1024\" height=\"768\" src=\"http:\/\/lignesauto.fr\/wp-content\/uploads\/2023\/12\/C3_24-1024x768.jpg\" alt=\"\" class=\"wp-image-31187\" srcset=\"https:\/\/lignesauto.fr\/wp-content\/uploads\/2023\/12\/C3_24-1024x768.jpg 1024w, https:\/\/lignesauto.fr\/wp-content\/uploads\/2023\/12\/C3_24-300x225.jpg 300w, https:\/\/lignesauto.fr\/wp-content\/uploads\/2023\/12\/C3_24-768x576.jpg 768w, https:\/\/lignesauto.fr\/wp-content\/uploads\/2023\/12\/C3_24.jpg 1417w\" sizes=\"(max-width: 1024px) 100vw, 1024px\" \/><\/figure>\n\n\n\n<p style=\"font-size:17px\">Like the development of a battery for a potential low-range version of the \u00eb-C3. The teams of Vincent Cob\u00e9e stubbornly requested this, but within the Stellantis nebula, Fiat did not seem to want to follow suit. In the end, this version with a range of 200 km was quickly presented at Meudon, with a starting price of \u20ac19,990, alongside the \u20ac23,300 version with a range of 320 km.<\/p>\n\n\n\n<figure class=\"wp-block-image size-large\"><img loading=\"lazy\" decoding=\"async\" width=\"1024\" height=\"640\" src=\"http:\/\/lignesauto.fr\/wp-content\/uploads\/2023\/12\/C3_103-1024x640.png\" alt=\"\" class=\"wp-image-31146\" srcset=\"https:\/\/lignesauto.fr\/wp-content\/uploads\/2023\/12\/C3_103-1024x640.png 1024w, https:\/\/lignesauto.fr\/wp-content\/uploads\/2023\/12\/C3_103-300x188.png 300w, https:\/\/lignesauto.fr\/wp-content\/uploads\/2023\/12\/C3_103-768x480.png 768w, https:\/\/lignesauto.fr\/wp-content\/uploads\/2023\/12\/C3_103.png 1417w\" sizes=\"(max-width: 1024px) 100vw, 1024px\" \/><\/figure>\n\n\n\n<p style=\"font-size:17px\">It seems to have been added at the last minute. And that&#8217;s just as well for Citro\u00ebn, because Renault will be presenting its electric Twingo just one month later, with a launch date of 2026. On the hot topic of the small 100% electric hatchback at \u20ac20,000, the two manufacturers are making their mark.<\/p>\n\n\n\n<figure class=\"wp-block-image size-large\"><img loading=\"lazy\" decoding=\"async\" width=\"1024\" height=\"650\" src=\"http:\/\/lignesauto.fr\/wp-content\/uploads\/2023\/12\/C3_203-1024x650.png\" alt=\"\" class=\"wp-image-31161\" srcset=\"https:\/\/lignesauto.fr\/wp-content\/uploads\/2023\/12\/C3_203-1024x650.png 1024w, https:\/\/lignesauto.fr\/wp-content\/uploads\/2023\/12\/C3_203-300x190.png 300w, https:\/\/lignesauto.fr\/wp-content\/uploads\/2023\/12\/C3_203-768x487.png 768w, https:\/\/lignesauto.fr\/wp-content\/uploads\/2023\/12\/C3_203.png 1417w\" sizes=\"(max-width: 1024px) 100vw, 1024px\" \/><\/figure>\n\n\n\n<p style=\"font-size:17px\">But just as the programme for the European C3 was coming to fruition and finally under control, Vincent Cob\u00e9e handed over his seat as brand director in March 2023 to Thierry Koskas (above), who was appointed Managing Director of the Citro\u00ebn brand and Director of Sales and Marketing at Stellantis. A double hat, like so many other top managers at Stellantis. And with questions: why is Olivier Fran\u00e7ois Director of both the Fiat and DS brands? Why is Philippe Imparato Director of the Alfa Romeo brand and V.U. programmes? The reasons escape us.<\/p>\n\n\n\n<figure class=\"wp-block-image size-large\"><img loading=\"lazy\" decoding=\"async\" width=\"1024\" height=\"461\" src=\"http:\/\/lignesauto.fr\/wp-content\/uploads\/2023\/12\/C3_04-1024x461.jpg\" alt=\"\" class=\"wp-image-31189\" srcset=\"https:\/\/lignesauto.fr\/wp-content\/uploads\/2023\/12\/C3_04-1024x461.jpg 1024w, https:\/\/lignesauto.fr\/wp-content\/uploads\/2023\/12\/C3_04-300x135.jpg 300w, https:\/\/lignesauto.fr\/wp-content\/uploads\/2023\/12\/C3_04-768x346.jpg 768w, https:\/\/lignesauto.fr\/wp-content\/uploads\/2023\/12\/C3_04.jpg 1417w\" sizes=\"(max-width: 1024px) 100vw, 1024px\" \/><\/figure>\n\n\n\n<p style=\"font-size:17px\">Is Vincent Cob\u00e9e (above with Pierre Leclercq and Laurence Hansen, Product Director) paying the price for his determination to position the C3 where it is today? Vincent Cob\u00e9e&#8217;s former management team was also responsible for pushing sales of the C3 into buoyant markets in Europe. The fine performances achieved in Turkey, for example, demonstrate the validity of this desire to make this market, along with India and Latin America, a key part of Citro\u00ebn&#8217;s strategy.<\/p>\n\n\n\n<figure class=\"wp-block-image size-large\"><img loading=\"lazy\" decoding=\"async\" width=\"1024\" height=\"576\" src=\"http:\/\/lignesauto.fr\/wp-content\/uploads\/2023\/12\/C3_COUPE-1024x576.png\" alt=\"\" class=\"wp-image-31191\" srcset=\"https:\/\/lignesauto.fr\/wp-content\/uploads\/2023\/12\/C3_COUPE-1024x576.png 1024w, https:\/\/lignesauto.fr\/wp-content\/uploads\/2023\/12\/C3_COUPE-300x169.png 300w, https:\/\/lignesauto.fr\/wp-content\/uploads\/2023\/12\/C3_COUPE-768x432.png 768w, https:\/\/lignesauto.fr\/wp-content\/uploads\/2023\/12\/C3_COUPE.png 1417w\" sizes=\"(max-width: 1024px) 100vw, 1024px\" \/><\/figure>\n\n\n\n<p style=\"font-size:17px\">This is where we come to the famous third silhouette of the C3, seen camouflaged in India and Latin America: the C3 &#8216;dynamic crossover&#8217;, a kind of compact five-seater Aircross coup\u00e9 (above, photos <a href=\"https:\/\/www.passionnement-citroen.com\/\">https:\/\/www.passionnement-citroen.com\/<\/a>.) Is it planned for Europe? It would undoubtedly be a hit on our markets, especially in Turkey, and some have pushed for its industrialisation there. But this variant could then become a serious competitor for the C4 5-door hatchback\u2026 To be continued.<\/p>\n\n\n\n<figure class=\"wp-block-image size-large\"><img loading=\"lazy\" decoding=\"async\" width=\"1024\" height=\"796\" src=\"http:\/\/lignesauto.fr\/wp-content\/uploads\/2023\/12\/C3_100-1024x796.png\" alt=\"\" class=\"wp-image-31194\" srcset=\"https:\/\/lignesauto.fr\/wp-content\/uploads\/2023\/12\/C3_100-1024x796.png 1024w, https:\/\/lignesauto.fr\/wp-content\/uploads\/2023\/12\/C3_100-300x233.png 300w, https:\/\/lignesauto.fr\/wp-content\/uploads\/2023\/12\/C3_100-768x597.png 768w, https:\/\/lignesauto.fr\/wp-content\/uploads\/2023\/12\/C3_100.png 1417w\" sizes=\"(max-width: 1024px) 100vw, 1024px\" \/><\/figure>\n\n\n\n<p style=\"font-size:17px\">Finally, it&#8217;s worth pointing out that the genesis of the little Citro\u00ebn, which was paved with a number of pitfalls, ultimately served to clear the way for Fiat&#8217;s &#8216;cousins&#8217;. With the Panda of 2024, the Italian manufacturer will be able to offer (almost) the same technical and marketing concept as the C3 on European markets. Almost without sweat and toil! Above, the basic version of the C3, the &#8216;You&#8217;: the &#8216;technical&#8217; basis of the future Panda?<\/p>\n\n\n\n<figure class=\"wp-block-image size-large\"><img loading=\"lazy\" decoding=\"async\" width=\"1024\" height=\"768\" src=\"http:\/\/lignesauto.fr\/wp-content\/uploads\/2023\/12\/C3_25-1024x768.jpg\" alt=\"\" class=\"wp-image-31209\" srcset=\"https:\/\/lignesauto.fr\/wp-content\/uploads\/2023\/12\/C3_25-1024x768.jpg 1024w, https:\/\/lignesauto.fr\/wp-content\/uploads\/2023\/12\/C3_25-300x225.jpg 300w, https:\/\/lignesauto.fr\/wp-content\/uploads\/2023\/12\/C3_25-768x576.jpg 768w, https:\/\/lignesauto.fr\/wp-content\/uploads\/2023\/12\/C3_25.jpg 1417w\" sizes=\"(max-width: 1024px) 100vw, 1024px\" \/><\/figure>\n\n\n\n<p>This obviously comes as no surprise, since when the formation of the Stellantis group was announced, Carlos Tavares repeated over and over again that the synergies of this merger (14 brands) not only made it possible to reduce costs, &#8220;but are also a source of turnover, thanks to a very efficient development process that makes it possible to offer very profitable sister cars.&#8221;<br>So, if it stays in the family\u2026<\/p>\n\n\n\n<p style=\"font-size:17px\"><strong>In conclusion, from the launch of the programme to its marketing<\/strong>, <strong>the new C3 will have had two design directors (Alexandre Malval and Pierre Leclercq) and, above all, three different directors at the helm of the brand: Linda Jackson, Vincent Cob\u00e9e and Thierry Koskas. Citro\u00ebn certainly likes records!<\/strong><\/p>\n\n\n\n<figure class=\"wp-block-image size-large\"><img loading=\"lazy\" decoding=\"async\" width=\"1024\" height=\"512\" src=\"http:\/\/lignesauto.fr\/wp-content\/uploads\/2023\/12\/C3_23-1024x512.jpg\" alt=\"\" class=\"wp-image-31205\" srcset=\"https:\/\/lignesauto.fr\/wp-content\/uploads\/2023\/12\/C3_23-1024x512.jpg 1024w, https:\/\/lignesauto.fr\/wp-content\/uploads\/2023\/12\/C3_23-300x150.jpg 300w, https:\/\/lignesauto.fr\/wp-content\/uploads\/2023\/12\/C3_23-768x384.jpg 768w, https:\/\/lignesauto.fr\/wp-content\/uploads\/2023\/12\/C3_23.jpg 1417w\" sizes=\"(max-width: 1024px) 100vw, 1024px\" \/><\/figure>\n\n\n\n<p><em><strong>Photos: Communication Citro\u00ebn, William Crozes @ Continental Productions, author&#8217;s archives and Design Citro\u00ebn.<\/strong><\/em><\/p>\n\n\n<div class=\"wp-block-image\">\n<figure class=\"aligncenter size-full is-resized\"><img loading=\"lazy\" decoding=\"async\" width=\"1024\" height=\"367\" src=\"http:\/\/lignesauto.fr\/wp-content\/uploads\/2023\/11\/image.png\" alt=\"\" class=\"wp-image-30968\" style=\"width:525px;height:auto\" srcset=\"https:\/\/lignesauto.fr\/wp-content\/uploads\/2023\/11\/image.png 1024w, https:\/\/lignesauto.fr\/wp-content\/uploads\/2023\/11\/image-300x108.png 300w, https:\/\/lignesauto.fr\/wp-content\/uploads\/2023\/11\/image-768x275.png 768w\" sizes=\"(max-width: 1024px) 100vw, 1024px\" \/><\/figure><\/div>","protected":false},"excerpt":{"rendered":"<p>Citro\u00ebn is silencing the naysayers. With its \u00eb-C3, the electric car will finally be accessible to as many people as possible. A five-seater, a compact, a city crossover, the \u00eb-C3 is only 4.01 m long and is already available to order, ahead of its arrival on the market in early [&hellip;]<\/p>\n","protected":false},"author":1,"featured_media":31275,"comment_status":"closed","ping_status":"closed","sticky":false,"template":"","format":"standard","meta":{"footnotes":""},"categories":[1],"tags":[],"_links":{"self":[{"href":"https:\/\/lignesauto.fr\/index.php?rest_route=\/wp\/v2\/posts\/31273"}],"collection":[{"href":"https:\/\/lignesauto.fr\/index.php?rest_route=\/wp\/v2\/posts"}],"about":[{"href":"https:\/\/lignesauto.fr\/index.php?rest_route=\/wp\/v2\/types\/post"}],"author":[{"embeddable":true,"href":"https:\/\/lignesauto.fr\/index.php?rest_route=\/wp\/v2\/users\/1"}],"replies":[{"embeddable":true,"href":"https:\/\/lignesauto.fr\/index.php?rest_route=%2Fwp%2Fv2%2Fcomments&post=31273"}],"version-history":[{"count":45,"href":"https:\/\/lignesauto.fr\/index.php?rest_route=\/wp\/v2\/posts\/31273\/revisions"}],"predecessor-version":[{"id":31335,"href":"https:\/\/lignesauto.fr\/index.php?rest_route=\/wp\/v2\/posts\/31273\/revisions\/31335"}],"wp:featuredmedia":[{"embeddable":true,"href":"https:\/\/lignesauto.fr\/index.php?rest_route=\/wp\/v2\/media\/31275"}],"wp:attachment":[{"href":"https:\/\/lignesauto.fr\/index.php?rest_route=%2Fwp%2Fv2%2Fmedia&parent=31273"}],"wp:term":[{"taxonomy":"category","embeddable":true,"href":"https:\/\/lignesauto.fr\/index.php?rest_route=%2Fwp%2Fv2%2Fcategories&post=31273"},{"taxonomy":"post_tag","embeddable":true,"href":"https:\/\/lignesauto.fr\/index.php?rest_route=%2Fwp%2Fv2%2Ftags&post=31273"}],"curies":[{"name":"wp","href":"https:\/\/api.w.org\/{rel}","templated":true}]}}