{"id":31819,"date":"2024-01-15T10:12:43","date_gmt":"2024-01-15T09:12:43","guid":{"rendered":"http:\/\/lignesauto.fr\/?p=31819"},"modified":"2024-01-15T10:12:44","modified_gmt":"2024-01-15T09:12:44","slug":"renault-argos-les-30-ans-du-cafard","status":"publish","type":"post","link":"https:\/\/lignesauto.fr\/?p=31819","title":{"rendered":"Renault Argos : les 30 ans du cafard !"},"content":{"rendered":"<div class=\"wp-block-image\">\n<figure class=\"aligncenter size-full is-resized\"><img loading=\"lazy\" decoding=\"async\" width=\"1024\" height=\"367\" src=\"http:\/\/lignesauto.fr\/wp-content\/uploads\/2023\/11\/image.png\" alt=\"\" class=\"wp-image-30968\" style=\"width:569px;height:auto\" srcset=\"https:\/\/lignesauto.fr\/wp-content\/uploads\/2023\/11\/image.png 1024w, https:\/\/lignesauto.fr\/wp-content\/uploads\/2023\/11\/image-300x108.png 300w, https:\/\/lignesauto.fr\/wp-content\/uploads\/2023\/11\/image-768x275.png 768w\" sizes=\"(max-width: 1024px) 100vw, 1024px\" \/><\/figure><\/div>\n\n\n<figure class=\"wp-block-image size-large\"><img loading=\"lazy\" decoding=\"async\" width=\"1024\" height=\"768\" src=\"http:\/\/lignesauto.fr\/wp-content\/uploads\/2024\/01\/ARGOS_12-1024x768.jpg\" alt=\"\" class=\"wp-image-31867\" srcset=\"https:\/\/lignesauto.fr\/wp-content\/uploads\/2024\/01\/ARGOS_12-1024x768.jpg 1024w, https:\/\/lignesauto.fr\/wp-content\/uploads\/2024\/01\/ARGOS_12-300x225.jpg 300w, https:\/\/lignesauto.fr\/wp-content\/uploads\/2024\/01\/ARGOS_12-768x576.jpg 768w, https:\/\/lignesauto.fr\/wp-content\/uploads\/2024\/01\/ARGOS_12.jpg 1417w\" sizes=\"(max-width: 1024px) 100vw, 1024px\" \/><\/figure>\n\n\n\n<p style=\"font-size:17px\">Apr\u00e8s une premi\u00e8re s\u00e9rie de concepts forts au d\u00e9but des ann\u00e9es 1990 (Laguna, Sc\u00e9nic et Racoon ci-dessous), sans oublier la g\u00e9niale Twingo, le directeur de Renault Design Industriel &#8211; Patrick le Qu\u00e9ment &#8211; veut revenir aux basiques. A l\u2019essentiel. Le concept-car Argos qui nait de cette volont\u00e9 devient alors un puissant jalon du design Renault.<\/p>\n\n\n\n<figure class=\"wp-block-image size-large\"><img loading=\"lazy\" decoding=\"async\" width=\"1024\" height=\"679\" src=\"http:\/\/lignesauto.fr\/wp-content\/uploads\/2024\/01\/ARGOS_102-1024x679.jpg\" alt=\"\" class=\"wp-image-31834\" srcset=\"https:\/\/lignesauto.fr\/wp-content\/uploads\/2024\/01\/ARGOS_102-1024x679.jpg 1024w, https:\/\/lignesauto.fr\/wp-content\/uploads\/2024\/01\/ARGOS_102-300x199.jpg 300w, https:\/\/lignesauto.fr\/wp-content\/uploads\/2024\/01\/ARGOS_102-768x509.jpg 768w, https:\/\/lignesauto.fr\/wp-content\/uploads\/2024\/01\/ARGOS_102.jpg 1417w\" sizes=\"(max-width: 1024px) 100vw, 1024px\" \/><\/figure>\n\n\n\n<p style=\"font-size:17px\">L\u2019histoire du design automobile est jalonn\u00e9e de multiples courants, cruel comme le biodesign mollasson, ou enchanteur comme le Streamline. Elle est surtout illumin\u00e9e par quelques \u00e9toiles, parfois filantes, souvent intemporelles. Argos est l\u2019un de ces soleils, un jalon fort de l\u2019histoire du design Renault. Et du design automobile, tout simplement. Et comme toutes les belles histoires du style automobile, elle prend naissance avec un petit croquis.<\/p>\n\n\n\n<figure class=\"wp-block-image size-large\"><img loading=\"lazy\" decoding=\"async\" width=\"1024\" height=\"628\" src=\"http:\/\/lignesauto.fr\/wp-content\/uploads\/2024\/01\/ARGOS_05-1024x628.jpg\" alt=\"\" class=\"wp-image-31836\" srcset=\"https:\/\/lignesauto.fr\/wp-content\/uploads\/2024\/01\/ARGOS_05-1024x628.jpg 1024w, https:\/\/lignesauto.fr\/wp-content\/uploads\/2024\/01\/ARGOS_05-300x184.jpg 300w, https:\/\/lignesauto.fr\/wp-content\/uploads\/2024\/01\/ARGOS_05-768x471.jpg 768w, https:\/\/lignesauto.fr\/wp-content\/uploads\/2024\/01\/ARGOS_05.jpg 1417w\" sizes=\"(max-width: 1024px) 100vw, 1024px\" \/><\/figure>\n\n\n\n<p style=\"font-size:17px\"><em>\u00ab&nbsp;Je me balade t\u00f4t le matin dans le studio de Boulogne&nbsp;\u00bb<\/em> se rappelle Patrick le Qu\u00e9ment. <em>\u00ab A cette \u00e9poque, les designers affichent encore leurs dessins derri\u00e8re eux. Jean-Pierre Plou\u00e9 a \u00e9pingl\u00e9 pas mal de croquis derri\u00e8re lui, et j\u2019en rep\u00e8re imm\u00e9diatement un qui n\u2019a m\u00eame pas la taille d\u2019une feuille A4. Ce qui m\u2019interpelle dans ce dessin, c\u2019est l\u2019asym\u00e9trie. Je suis alors dans une logique de l\u2019ann\u00e9e z\u00e9ro du design. Je veux trouver une nouvelle voie intellectuelle pour le design Renault. Le croquis de Jean-Pierre me fait penser \u00e0 l\u2019Esprit Nouveau de l\u2019architecte Le Corbusier.&nbsp;\u00bb<\/em><\/p>\n\n\n\n<figure class=\"wp-block-image size-large\"><img loading=\"lazy\" decoding=\"async\" width=\"1024\" height=\"655\" src=\"http:\/\/lignesauto.fr\/wp-content\/uploads\/2024\/01\/ARGOS_00-1-1024x655.png\" alt=\"\" class=\"wp-image-31848\" srcset=\"https:\/\/lignesauto.fr\/wp-content\/uploads\/2024\/01\/ARGOS_00-1-1024x655.png 1024w, https:\/\/lignesauto.fr\/wp-content\/uploads\/2024\/01\/ARGOS_00-1-300x192.png 300w, https:\/\/lignesauto.fr\/wp-content\/uploads\/2024\/01\/ARGOS_00-1-768x492.png 768w, https:\/\/lignesauto.fr\/wp-content\/uploads\/2024\/01\/ARGOS_00-1.png 1417w\" sizes=\"(max-width: 1024px) 100vw, 1024px\" \/><\/figure>\n\n\n\n<p style=\"font-size:17px\">L\u2019Esprit Nouveau est \u00e0 l\u2019origine une publication (1920-1925) fond\u00e9e par Le Corbusier et Am\u00e9d\u00e9e Ozenfant, revue d\u2019avant-garde qui aborde les sujets d\u2019art, d\u2019architecture et de science, avec une volont\u00e9 de mettre en avant <em>\u00ab&nbsp;le fruit d\u2019un esprit qui s\u2019int\u00e9resse aux probl\u00e8mes du futur&nbsp;\u00bb<\/em> dit alors Le Corbusier. Ce nom d\u2019Esprit Nouveau sera \u00e9galement choisi par l\u2019architecte pour nommer son pavillon cr\u00e9\u00e9 pour l\u2019Exposition internationale des Arts d\u00e9coratifs, organis\u00e9e \u00e0 Paris en 1925 (*).<\/p>\n\n\n\n<figure class=\"wp-block-image size-large\"><img loading=\"lazy\" decoding=\"async\" width=\"1024\" height=\"619\" src=\"http:\/\/lignesauto.fr\/wp-content\/uploads\/2024\/01\/ARGOS_06-1024x619.png\" alt=\"\" class=\"wp-image-31837\" srcset=\"https:\/\/lignesauto.fr\/wp-content\/uploads\/2024\/01\/ARGOS_06-1024x619.png 1024w, https:\/\/lignesauto.fr\/wp-content\/uploads\/2024\/01\/ARGOS_06-300x181.png 300w, https:\/\/lignesauto.fr\/wp-content\/uploads\/2024\/01\/ARGOS_06-768x464.png 768w, https:\/\/lignesauto.fr\/wp-content\/uploads\/2024\/01\/ARGOS_06.png 1417w\" sizes=\"(max-width: 1024px) 100vw, 1024px\" \/><\/figure>\n\n\n\n<p style=\"font-size:17px\">Patrick le Qu\u00e9ment pr\u00e9cise&nbsp;que <em>\u00ab&nbsp;ma d\u00e9marche est de revenir \u00e0 l\u2019essentiel, en y ajoutant des th\u00e8mes tr\u00e8s fran\u00e7ais, comme cette fameuse asym\u00e9trie.&nbsp;\u00bb<\/em> A cette \u00e9poque, Jean-Pierre Plou\u00e9 est int\u00e9gr\u00e9 \u00e0 l\u2019\u00e9quipe du design avanc\u00e9 dirig\u00e9e par Jean-Fran\u00e7ois Venet. <em>\u00ab&nbsp;Lorsque je me bloque devant son dessin, il est assez surpris. Je crois m\u00eame qu\u2019il dira plus tard dans une interview, \u00e0 propos de son croquis de l\u2019Argos, qu\u2019il a dessin\u00e9 un cafard&nbsp;! Je lui demande de commencer \u00e0 partir de ses croquis, et il part assez loin, avec des toiles tendues en guise de carrosserie, avec l\u2019id\u00e9e de revenir vraiment \u00e0 l\u2019essentiel&nbsp;!&nbsp;\u00bb<\/em><\/p>\n\n\n\n<figure class=\"wp-block-image size-large\"><img loading=\"lazy\" decoding=\"async\" width=\"734\" height=\"1024\" src=\"http:\/\/lignesauto.fr\/wp-content\/uploads\/2024\/01\/ARGOS_01-734x1024.png\" alt=\"\" class=\"wp-image-31838\" srcset=\"https:\/\/lignesauto.fr\/wp-content\/uploads\/2024\/01\/ARGOS_01-734x1024.png 734w, https:\/\/lignesauto.fr\/wp-content\/uploads\/2024\/01\/ARGOS_01-215x300.png 215w, https:\/\/lignesauto.fr\/wp-content\/uploads\/2024\/01\/ARGOS_01-768x1072.png 768w, https:\/\/lignesauto.fr\/wp-content\/uploads\/2024\/01\/ARGOS_01-1101x1536.png 1101w, https:\/\/lignesauto.fr\/wp-content\/uploads\/2024\/01\/ARGOS_01.png 1417w\" sizes=\"(max-width: 734px) 100vw, 734px\" \/><figcaption class=\"wp-element-caption\">Cette association de deux photos montre la justesse du concept, totalement respect\u00e9 entre la maquette en haut et le produit final en dessous.<\/figcaption><\/figure>\n\n\n\n<p style=\"font-size:17px\"><em>\u00ab&nbsp;Mais \u00e0 un moment, il faut faire un choix du th\u00e8me de style pour ce concept Z04. Nous sommes \u00e0 une p\u00e9riode o\u00f9 il n\u2019est pas n\u00e9cessaire d\u2019effectuer dix aller-retour pour prendre une d\u00e9cision. Nous avions une extraordinaire autonomie, une libert\u00e9 totale&nbsp;! Bon, le syst\u00e8me m\u2019a rattrap\u00e9 et j\u2019ai \u00e9t\u00e9 puni par la suite, mais sans cette autonomie, Argos n\u2019aurait pas \u00e9t\u00e9 Argos&#8230;&nbsp;\u00bb <\/em>L\u2019un des moments forts de la gen\u00e8se de ce petit cafard se produit en Italie, lorsque Patrick le Qu\u00e9ment se rend chez G-Studio qui r\u00e9alise la maquette \u00e9chelle 1\/1 (ci-dessous).<\/p>\n\n\n\n<figure class=\"wp-block-image size-large\"><img loading=\"lazy\" decoding=\"async\" width=\"1024\" height=\"668\" src=\"http:\/\/lignesauto.fr\/wp-content\/uploads\/2024\/01\/ARGOS_02-1024x668.jpg\" alt=\"\" class=\"wp-image-31839\" srcset=\"https:\/\/lignesauto.fr\/wp-content\/uploads\/2024\/01\/ARGOS_02-1024x668.jpg 1024w, https:\/\/lignesauto.fr\/wp-content\/uploads\/2024\/01\/ARGOS_02-300x196.jpg 300w, https:\/\/lignesauto.fr\/wp-content\/uploads\/2024\/01\/ARGOS_02-768x501.jpg 768w, https:\/\/lignesauto.fr\/wp-content\/uploads\/2024\/01\/ARGOS_02.jpg 1417w\" sizes=\"(max-width: 1024px) 100vw, 1024px\" \/><\/figure>\n\n\n\n<p style=\"font-size:17px\">Celle-ci est en pl\u00e2tre, un mat\u00e9riau que maitrisent \u00e0 la perfection les Italiens, mais elle est bien trop large&nbsp;! <em>\u00ab&nbsp;Au cours de cette journ\u00e9e, j\u2019ai fait couper longitudinalement la maquette en deux pour la r\u00e9tr\u00e9cir d\u2019une bonne quinzaine de centim\u00e8tres en largeur&nbsp;!&nbsp;\u00bb<\/em> Ce v\u00e9ritable manifeste du design automobile est d\u00e9voil\u00e9 au salon de Gen\u00e8ve 1994, un an avant l\u2019arriv\u00e9e de la premi\u00e8re pierre d\u2019une gamme pl\u00e9thorique&nbsp;: la berline M\u00e9gane. Si cette derni\u00e8re use et abuse d\u2019ellipses, Argos, elle, tente de mettre un terme \u00e0 l\u2019\u00e8re du design organique, le fameux biodesign adopt\u00e9 par tous, maltrait\u00e9 par certains.<\/p>\n\n\n\n<figure class=\"wp-block-image size-large\"><img loading=\"lazy\" decoding=\"async\" width=\"1024\" height=\"683\" src=\"http:\/\/lignesauto.fr\/wp-content\/uploads\/2024\/01\/ARGOS_11-1024x683.jpg\" alt=\"\" class=\"wp-image-31840\" srcset=\"https:\/\/lignesauto.fr\/wp-content\/uploads\/2024\/01\/ARGOS_11-1024x683.jpg 1024w, https:\/\/lignesauto.fr\/wp-content\/uploads\/2024\/01\/ARGOS_11-300x200.jpg 300w, https:\/\/lignesauto.fr\/wp-content\/uploads\/2024\/01\/ARGOS_11-768x512.jpg 768w, https:\/\/lignesauto.fr\/wp-content\/uploads\/2024\/01\/ARGOS_11.jpg 1417w\" sizes=\"(max-width: 1024px) 100vw, 1024px\" \/><\/figure>\n\n\n\n<p style=\"font-size:17px\">Dans une simplicit\u00e9 d\u00e9concertante et pourtant travaill\u00e9e dans ses moindres d\u00e9tails, Argos met en place une rigueur dans l\u2019approche du design automobile qui fait date. Si les voiles en toiles tendues imagin\u00e9es un moment par Jean-Pierre Plou\u00e9 ont disparu, elles sont avantageusement remplac\u00e9es par des \u00e9l\u00e9ments bruts en aluminium aux volumes parfaitement ma\u00eetris\u00e9s, m\u00eame s\u2019ils apparaissent tr\u00e8s \u00e9l\u00e9mentaires. Les portes coulissent dans les ailes arri\u00e8re, alors qu\u2019\u00e0 bord, l\u2019asym\u00e9trie est valoris\u00e9e par une troisi\u00e8me assise qui impose au capot, sa forme de couvercle arri\u00e8re de piano \u00e0 queue (ci-dessus).<\/p>\n\n\n\n<figure class=\"wp-block-image size-large\"><img loading=\"lazy\" decoding=\"async\" width=\"1024\" height=\"699\" src=\"http:\/\/lignesauto.fr\/wp-content\/uploads\/2024\/01\/ARGOS_08-1024x699.jpg\" alt=\"\" class=\"wp-image-31841\" srcset=\"https:\/\/lignesauto.fr\/wp-content\/uploads\/2024\/01\/ARGOS_08-1024x699.jpg 1024w, https:\/\/lignesauto.fr\/wp-content\/uploads\/2024\/01\/ARGOS_08-300x205.jpg 300w, https:\/\/lignesauto.fr\/wp-content\/uploads\/2024\/01\/ARGOS_08-768x524.jpg 768w, https:\/\/lignesauto.fr\/wp-content\/uploads\/2024\/01\/ARGOS_08.jpg 1417w\" sizes=\"(max-width: 1024px) 100vw, 1024px\" \/><\/figure>\n\n\n\n<p style=\"font-size:17px\">L\u2019influence de ce concept-car en interne portera d\u2019abord sur le projet de la Clio II de 1998. Cette influence d\u00e9borde largement les murs du studio de design interne. Dix-huit mois apr\u00e8s la pr\u00e9sentation d\u2019Argos, Audi r\u00e9v\u00e8le au salon de Francfort 1995 son concept-car Audi TT. Il est \u00e9vident que l\u2019Allemande a forc\u00e9ment \u00e9t\u00e9 inspir\u00e9e par la Fran\u00e7aise.<\/p>\n\n\n\n<figure class=\"wp-block-image size-large\"><img loading=\"lazy\" decoding=\"async\" width=\"1024\" height=\"768\" src=\"http:\/\/lignesauto.fr\/wp-content\/uploads\/2024\/01\/ARGOS_13-1024x768.jpg\" alt=\"\" class=\"wp-image-31842\" srcset=\"https:\/\/lignesauto.fr\/wp-content\/uploads\/2024\/01\/ARGOS_13-1024x768.jpg 1024w, https:\/\/lignesauto.fr\/wp-content\/uploads\/2024\/01\/ARGOS_13-300x225.jpg 300w, https:\/\/lignesauto.fr\/wp-content\/uploads\/2024\/01\/ARGOS_13-768x576.jpg 768w, https:\/\/lignesauto.fr\/wp-content\/uploads\/2024\/01\/ARGOS_13.jpg 1417w\" sizes=\"(max-width: 1024px) 100vw, 1024px\" \/><\/figure>\n\n\n\n<p style=\"font-size:17px\">L\u2019Argos ouvre donc une nouvelle voie au design dont a profit\u00e9 Audi. Pourtant, le concept-car Renault a \u00e9galement exist\u00e9 en variante coup\u00e9 puisqu\u2019une maquette a \u00e9t\u00e9 r\u00e9v\u00e9l\u00e9e lors du salon de Turin en 1994 sur le stand G-Studio, le sous-traitant implant\u00e9 en banlieue turinoise qui a pris \u00e0 sa charge la r\u00e9alisation de nombreux prototypes de salon &#8211; dont Argos &#8211; pour le compte du constructeur fran\u00e7ais.<\/p>\n\n\n\n<figure class=\"wp-block-image size-large\"><img loading=\"lazy\" decoding=\"async\" width=\"1024\" height=\"697\" src=\"http:\/\/lignesauto.fr\/wp-content\/uploads\/2024\/01\/ARGOS_100-1024x697.jpg\" alt=\"\" class=\"wp-image-31829\" srcset=\"https:\/\/lignesauto.fr\/wp-content\/uploads\/2024\/01\/ARGOS_100-1024x697.jpg 1024w, https:\/\/lignesauto.fr\/wp-content\/uploads\/2024\/01\/ARGOS_100-300x204.jpg 300w, https:\/\/lignesauto.fr\/wp-content\/uploads\/2024\/01\/ARGOS_100-768x523.jpg 768w, https:\/\/lignesauto.fr\/wp-content\/uploads\/2024\/01\/ARGOS_100.jpg 1417w\" sizes=\"(max-width: 1024px) 100vw, 1024px\" \/><\/figure>\n\n\n\n<p style=\"font-size:17px\">Ce coup\u00e9 a \u00e9t\u00e9 suivi par Axel Breun (ci-dessus) qui rappelle <em>\u00ab&nbsp;que ce projet aurait pu devenir quelque chose de grandiose. Sur la base de l\u2019Argos, j\u2019avais dessin\u00e9 une version coup\u00e9 bien avant l\u2019Audi TT. Ce qui est certain, c\u2019est que nous comme les designers allemands travaillions sur les m\u00eames pistes en termes d\u2019architecture, de langage formel&#8230; Mais l\u2019arriv\u00e9e de l\u2019Audi TT nous a d\u00e9montr\u00e9 la n\u00e9cessit\u00e9 d\u2019exploiter au plus vite le dessin d\u2019un concept fort, le plus vite possible&nbsp;!&nbsp;\u00bb<\/em><\/p>\n\n\n\n<figure class=\"wp-block-image size-large\"><img loading=\"lazy\" decoding=\"async\" width=\"1024\" height=\"751\" src=\"http:\/\/lignesauto.fr\/wp-content\/uploads\/2024\/01\/ARGOS_101-1024x751.jpg\" alt=\"\" class=\"wp-image-31830\" srcset=\"https:\/\/lignesauto.fr\/wp-content\/uploads\/2024\/01\/ARGOS_101-1024x751.jpg 1024w, https:\/\/lignesauto.fr\/wp-content\/uploads\/2024\/01\/ARGOS_101-300x220.jpg 300w, https:\/\/lignesauto.fr\/wp-content\/uploads\/2024\/01\/ARGOS_101-768x563.jpg 768w, https:\/\/lignesauto.fr\/wp-content\/uploads\/2024\/01\/ARGOS_101.jpg 1417w\" sizes=\"(max-width: 1024px) 100vw, 1024px\" \/><\/figure>\n\n\n\n<p style=\"font-size:17px\"><em>(*) Le Pavillon de L&#8217;Esprit Nouveau&nbsp;de 1925 de Le Corbusier (ci-dessus) a \u00e9t\u00e9 reconstruit en 1977 dans la ville italienne de Bologne. Il est d\u00e9sormais situ\u00e9 au 11 de la Piazza della Costituzione, dans le quartier Fiera&nbsp;(40128 Bologne)<\/em><br><strong>LIRE LE SUJET ICI :<\/strong> <a href=\"https:\/\/www.fondationlecorbusier.fr\/oeuvre-architecture\/realisations-pavillon-de-lesprit-nouveau-paris-france-1924\/\">https:\/\/www.fondationlecorbusier.fr\/oeuvre-architecture\/realisations-pavillon-de-lesprit-nouveau-paris-france-1924\/<\/a><\/p>\n\n\n\n<p style=\"font-size:17px\"><strong>En design, rien ne se perd. En 2005, lorsque le designer Antony Villain &#8211; aujourd&#8217;hui responsable du design Alpine &#8211; dessine le mignonne Zo\u00e9 (code Z17), son projet reprend l&#8217;id\u00e9e de l&#8217;asym\u00e9trie et du petit si\u00e8ge arri\u00e8re (ci-dessous).<\/strong><\/p>\n\n\n\n<figure class=\"wp-block-image size-large\"><img loading=\"lazy\" decoding=\"async\" width=\"801\" height=\"1024\" src=\"http:\/\/lignesauto.fr\/wp-content\/uploads\/2024\/01\/ARGOS_10-801x1024.png\" alt=\"\" class=\"wp-image-31844\" srcset=\"https:\/\/lignesauto.fr\/wp-content\/uploads\/2024\/01\/ARGOS_10-801x1024.png 801w, https:\/\/lignesauto.fr\/wp-content\/uploads\/2024\/01\/ARGOS_10-235x300.png 235w, https:\/\/lignesauto.fr\/wp-content\/uploads\/2024\/01\/ARGOS_10-768x982.png 768w, https:\/\/lignesauto.fr\/wp-content\/uploads\/2024\/01\/ARGOS_10-1202x1536.png 1202w, https:\/\/lignesauto.fr\/wp-content\/uploads\/2024\/01\/ARGOS_10.png 1417w\" sizes=\"(max-width: 801px) 100vw, 801px\" \/><\/figure>\n\n\n<div class=\"wp-block-image\">\n<figure class=\"aligncenter size-full is-resized\"><img loading=\"lazy\" decoding=\"async\" width=\"1024\" height=\"367\" src=\"http:\/\/lignesauto.fr\/wp-content\/uploads\/2023\/11\/image.png\" alt=\"\" class=\"wp-image-30968\" style=\"width:569px;height:auto\" srcset=\"https:\/\/lignesauto.fr\/wp-content\/uploads\/2023\/11\/image.png 1024w, https:\/\/lignesauto.fr\/wp-content\/uploads\/2023\/11\/image-300x108.png 300w, https:\/\/lignesauto.fr\/wp-content\/uploads\/2023\/11\/image-768x275.png 768w\" sizes=\"(max-width: 1024px) 100vw, 1024px\" \/><\/figure><\/div>\n\n\n<p><\/p>\n","protected":false},"excerpt":{"rendered":"<p>Apr\u00e8s une premi\u00e8re s\u00e9rie de concepts forts au d\u00e9but des ann\u00e9es 1990 (Laguna, Sc\u00e9nic et Racoon ci-dessous), sans oublier la g\u00e9niale Twingo, le directeur de Renault Design Industriel &#8211; Patrick le Qu\u00e9ment &#8211; veut revenir aux basiques. A l\u2019essentiel. Le concept-car Argos qui nait de cette volont\u00e9 devient alors un [&hellip;]<\/p>\n","protected":false},"author":1,"featured_media":31820,"comment_status":"closed","ping_status":"closed","sticky":false,"template":"","format":"standard","meta":{"footnotes":""},"categories":[1],"tags":[],"_links":{"self":[{"href":"https:\/\/lignesauto.fr\/index.php?rest_route=\/wp\/v2\/posts\/31819"}],"collection":[{"href":"https:\/\/lignesauto.fr\/index.php?rest_route=\/wp\/v2\/posts"}],"about":[{"href":"https:\/\/lignesauto.fr\/index.php?rest_route=\/wp\/v2\/types\/post"}],"author":[{"embeddable":true,"href":"https:\/\/lignesauto.fr\/index.php?rest_route=\/wp\/v2\/users\/1"}],"replies":[{"embeddable":true,"href":"https:\/\/lignesauto.fr\/index.php?rest_route=%2Fwp%2Fv2%2Fcomments&post=31819"}],"version-history":[{"count":19,"href":"https:\/\/lignesauto.fr\/index.php?rest_route=\/wp\/v2\/posts\/31819\/revisions"}],"predecessor-version":[{"id":31868,"href":"https:\/\/lignesauto.fr\/index.php?rest_route=\/wp\/v2\/posts\/31819\/revisions\/31868"}],"wp:featuredmedia":[{"embeddable":true,"href":"https:\/\/lignesauto.fr\/index.php?rest_route=\/wp\/v2\/media\/31820"}],"wp:attachment":[{"href":"https:\/\/lignesauto.fr\/index.php?rest_route=%2Fwp%2Fv2%2Fmedia&parent=31819"}],"wp:term":[{"taxonomy":"category","embeddable":true,"href":"https:\/\/lignesauto.fr\/index.php?rest_route=%2Fwp%2Fv2%2Fcategories&post=31819"},{"taxonomy":"post_tag","embeddable":true,"href":"https:\/\/lignesauto.fr\/index.php?rest_route=%2Fwp%2Fv2%2Ftags&post=31819"}],"curies":[{"name":"wp","href":"https:\/\/api.w.org\/{rel}","templated":true}]}}