{"id":31872,"date":"2024-01-17T08:34:22","date_gmt":"2024-01-17T07:34:22","guid":{"rendered":"http:\/\/lignesauto.fr\/?p=31872"},"modified":"2024-01-17T08:34:23","modified_gmt":"2024-01-17T07:34:23","slug":"2004-2024-les-20-ans-du-renault-radiance-gros-porteur-de-reves","status":"publish","type":"post","link":"https:\/\/lignesauto.fr\/?p=31872","title":{"rendered":"2004-2024\u00a0: les 20 ans du Renault Radiance, gros porteur de r\u00eaves"},"content":{"rendered":"<div class=\"wp-block-image\">\n<figure class=\"aligncenter size-full is-resized\"><img loading=\"lazy\" decoding=\"async\" width=\"1024\" height=\"367\" src=\"http:\/\/lignesauto.fr\/wp-content\/uploads\/2023\/11\/image.png\" alt=\"\" class=\"wp-image-30968\" style=\"width:537px;height:auto\" srcset=\"https:\/\/lignesauto.fr\/wp-content\/uploads\/2023\/11\/image.png 1024w, https:\/\/lignesauto.fr\/wp-content\/uploads\/2023\/11\/image-300x108.png 300w, https:\/\/lignesauto.fr\/wp-content\/uploads\/2023\/11\/image-768x275.png 768w\" sizes=\"(max-width: 1024px) 100vw, 1024px\" \/><\/figure><\/div>\n\n\n<figure class=\"wp-block-image size-large\"><img loading=\"lazy\" decoding=\"async\" width=\"1024\" height=\"681\" src=\"http:\/\/lignesauto.fr\/wp-content\/uploads\/2024\/01\/RADIANCE_09-1024x681.jpg\" alt=\"\" class=\"wp-image-31875\" srcset=\"https:\/\/lignesauto.fr\/wp-content\/uploads\/2024\/01\/RADIANCE_09-1024x681.jpg 1024w, https:\/\/lignesauto.fr\/wp-content\/uploads\/2024\/01\/RADIANCE_09-300x199.jpg 300w, https:\/\/lignesauto.fr\/wp-content\/uploads\/2024\/01\/RADIANCE_09-768x511.jpg 768w, https:\/\/lignesauto.fr\/wp-content\/uploads\/2024\/01\/RADIANCE_09-1536x1021.jpg 1536w, https:\/\/lignesauto.fr\/wp-content\/uploads\/2024\/01\/RADIANCE_09-2048x1362.jpg 2048w\" sizes=\"(max-width: 1024px) 100vw, 1024px\" \/><\/figure>\n\n\n\n<p style=\"font-size:17px\">Le design Renault en 2004 ne ch\u00f4me pas. C\u00f4t\u00e9 concept-cars, l\u2019ann\u00e9e sera fertile avec le petit roadster Wind et le coup\u00e9 Fluence. On doit le premier \u00e0 Erde Tungaa, St\u00e9phane Janin pour l\u2019int\u00e9rieur et Catherine Joly pour les couleurs &amp; mati\u00e8res, et le coup\u00e9 Fluence est sign\u00e9 Nicolas Jardin, Paula Fabregat-Andreu pour&nbsp;l\u2019int\u00e9rieur et Paul Stamper pour les couleurs &amp; mati\u00e8res<\/p>\n\n\n\n<figure class=\"wp-block-image size-large\"><img loading=\"lazy\" decoding=\"async\" width=\"1024\" height=\"667\" src=\"http:\/\/lignesauto.fr\/wp-content\/uploads\/2024\/01\/RADIANCE_16-1024x667.jpg\" alt=\"\" class=\"wp-image-31877\" srcset=\"https:\/\/lignesauto.fr\/wp-content\/uploads\/2024\/01\/RADIANCE_16-1024x667.jpg 1024w, https:\/\/lignesauto.fr\/wp-content\/uploads\/2024\/01\/RADIANCE_16-300x195.jpg 300w, https:\/\/lignesauto.fr\/wp-content\/uploads\/2024\/01\/RADIANCE_16-768x500.jpg 768w, https:\/\/lignesauto.fr\/wp-content\/uploads\/2024\/01\/RADIANCE_16.jpg 1417w\" sizes=\"(max-width: 1024px) 100vw, 1024px\" \/><figcaption class=\"wp-element-caption\">Dans la cour ext\u00e9rieur du prototypiste italien G-Studio, le coup\u00e9 Fluence de 2004 prend corps sous la forme d&#8217;une maquette en pl\u00e2tre.<\/figcaption><\/figure>\n\n\n\n<p style=\"font-size:17px\">Renault exploite sur ces diff\u00e9rents concepts le th\u00e8me du \u00ab&nbsp;Touch Design&nbsp;\u00bb inaugur\u00e9 en 2001 avec le concept-car Talisman dessin\u00e9 int\u00e9gralement par St\u00e9phane Janin. Les \u00e9tudes rondement men\u00e9es de ces concept-cars passe par une \u00e9tape de la maquette \u00e9chelle 1 r\u00e9alis\u00e9e en pl\u00e2tre en Italie chez G-Studio. Au milieu de ces jolis projets, il en est un l\u00e9g\u00e8rement plus volumineux&nbsp;: le Radiance. Il s\u2019agit de l\u2019\u00e9tude d\u2019un camion con\u00e7u sur la base du Renault Premium alors commercialis\u00e9.<\/p>\n\n\n\n<figure class=\"wp-block-image size-large\"><img loading=\"lazy\" decoding=\"async\" width=\"1024\" height=\"681\" src=\"http:\/\/lignesauto.fr\/wp-content\/uploads\/2024\/01\/RADIANCE_00-1024x681.jpg\" alt=\"\" class=\"wp-image-31873\" srcset=\"https:\/\/lignesauto.fr\/wp-content\/uploads\/2024\/01\/RADIANCE_00-1024x681.jpg 1024w, https:\/\/lignesauto.fr\/wp-content\/uploads\/2024\/01\/RADIANCE_00-300x199.jpg 300w, https:\/\/lignesauto.fr\/wp-content\/uploads\/2024\/01\/RADIANCE_00-768x511.jpg 768w, https:\/\/lignesauto.fr\/wp-content\/uploads\/2024\/01\/RADIANCE_00.jpg 1417w\" sizes=\"(max-width: 1024px) 100vw, 1024px\" \/><figcaption class=\"wp-element-caption\">Le &#8220;Dream-truck&#8221; Radiance se fait doubler par le concept-car Talisman. Toute une \u00e9poque de cr\u00e9ativit\u00e9 intensive en un montage photo ! Document \u00a9LIGNES\/auto<\/figcaption><\/figure>\n\n\n\n<p style=\"font-size:17px\">Il n\u2019est pas question ici de concept-car, mais bien de Dream-Truck&nbsp;qui tente de d\u00e9fricher quelques tendances fortes \u00e0 moyen et long termes. Et dans l\u2019univers des camions, on joue sur le style certes, mais avant tout sur le confort de la cabine, la s\u00e9curit\u00e9 et l\u2019exploitation.<\/p>\n\n\n\n<figure class=\"wp-block-image size-large\"><img loading=\"lazy\" decoding=\"async\" width=\"681\" height=\"1024\" src=\"http:\/\/lignesauto.fr\/wp-content\/uploads\/2024\/01\/RADIANCE_07-681x1024.jpg\" alt=\"\" class=\"wp-image-31881\" srcset=\"https:\/\/lignesauto.fr\/wp-content\/uploads\/2024\/01\/RADIANCE_07-681x1024.jpg 681w, https:\/\/lignesauto.fr\/wp-content\/uploads\/2024\/01\/RADIANCE_07-199x300.jpg 199w, https:\/\/lignesauto.fr\/wp-content\/uploads\/2024\/01\/RADIANCE_07-768x1155.jpg 768w, https:\/\/lignesauto.fr\/wp-content\/uploads\/2024\/01\/RADIANCE_07-1021x1536.jpg 1021w, https:\/\/lignesauto.fr\/wp-content\/uploads\/2024\/01\/RADIANCE_07-1362x2048.jpg 1362w, https:\/\/lignesauto.fr\/wp-content\/uploads\/2024\/01\/RADIANCE_07-scaled.jpg 1702w\" sizes=\"(max-width: 681px) 100vw, 681px\" \/><\/figure>\n\n\n\n<p style=\"font-size:17px\">Renault Truck n\u2019existe alors que depuis 2 ans sous cette appellation. Jusqu\u2019en 2002, on parlait de Renault V\u00e9hicules Industriels, une branche du groupe Renault qui bascule petit \u00e0 petit dans le giron de Volvo, jusqu\u2019en 2012 o\u00f9 Renault Truck est d\u00e9tenu \u00e0 100% par Volvo. En 2004, ce sont donc les hommes et femmes du marketing de Volvo, pardon, de Renault Trucks qui vont frapper \u00e0 la porte de Renault Design Industriel \u00e0 Guyancourt, le grand centre d\u2019\u00e9tudes inaugur\u00e9 six ans auparavant.<\/p>\n\n\n\n<figure class=\"wp-block-image size-large\"><img loading=\"lazy\" decoding=\"async\" width=\"1024\" height=\"952\" src=\"http:\/\/lignesauto.fr\/wp-content\/uploads\/2024\/01\/RADIANCE_02-1024x952.png\" alt=\"\" class=\"wp-image-31883\" srcset=\"https:\/\/lignesauto.fr\/wp-content\/uploads\/2024\/01\/RADIANCE_02-1024x952.png 1024w, https:\/\/lignesauto.fr\/wp-content\/uploads\/2024\/01\/RADIANCE_02-300x279.png 300w, https:\/\/lignesauto.fr\/wp-content\/uploads\/2024\/01\/RADIANCE_02-768x714.png 768w, https:\/\/lignesauto.fr\/wp-content\/uploads\/2024\/01\/RADIANCE_02.png 1417w\" sizes=\"(max-width: 1024px) 100vw, 1024px\" \/><figcaption class=\"wp-element-caption\">Dans les ann\u00e9es 1990-2000, l&#8217;atelier italien de prototypage G-Studio r\u00e9alise la majorit\u00e9 des concept-cars Renault. Le camion Radiance est maquett\u00e9 l\u00e0-bas. On reconnait \u00e0 gauche, Pierangelo Maffiodo de G-Studio, au centre en bleu, Jean-Fran\u00e7ois Venet avec Jean-Marie Souquet en arri\u00e8re plan et \u00e0 droite, Patrick le Qu\u00e9ment. Document \u00a9LIGNES\/auto.<\/figcaption><\/figure>\n\n\n\n<p style=\"font-size:17px\">Patrick le Qu\u00e9ment va alors confier le projet \u00e0 la cellule dirig\u00e9e par Jean-Fran\u00e7ois Venet. Le design ext\u00e9rieur du camion Radiance est sign\u00e9 Julien Drouard, le design int\u00e9rieur Fabrice Pouille alors que Yesim Guleryuz prend en charge les couleurs &amp; mati\u00e8res.<\/p>\n\n\n\n<figure class=\"wp-block-image size-large\"><img loading=\"lazy\" decoding=\"async\" width=\"1024\" height=\"681\" src=\"http:\/\/lignesauto.fr\/wp-content\/uploads\/2024\/01\/RADIANCE_19-1024x681.jpg\" alt=\"\" class=\"wp-image-31885\" srcset=\"https:\/\/lignesauto.fr\/wp-content\/uploads\/2024\/01\/RADIANCE_19-1024x681.jpg 1024w, https:\/\/lignesauto.fr\/wp-content\/uploads\/2024\/01\/RADIANCE_19-300x199.jpg 300w, https:\/\/lignesauto.fr\/wp-content\/uploads\/2024\/01\/RADIANCE_19-768x511.jpg 768w, https:\/\/lignesauto.fr\/wp-content\/uploads\/2024\/01\/RADIANCE_19.jpg 1417w\" sizes=\"(max-width: 1024px) 100vw, 1024px\" \/><\/figure>\n\n\n\n<p style=\"font-size:17px\">Julien Drouard s\u2019appuie sur ses coll\u00e8gues de l\u2019a\u00e9rodynamique pour profiler la cabine, notamment les deux ailes en volumes, sculpt\u00e9es, qui apportent \u00e9galement un aspect valorisant pour la reconnaissance de l\u2019image de marque. Sans compter la calandre qui s\u2019efface sur sa partie sup\u00e9rieure sous le capot lisse prolong\u00e9 par un immense pare-brise. Les optiques sont parfaitement int\u00e9gr\u00e9es alors que le bouclier descend extr\u00eamement bas, toujours pour des raisons a\u00e9rodynamiques.<\/p>\n\n\n\n<figure class=\"wp-block-image size-large\"><img loading=\"lazy\" decoding=\"async\" width=\"1024\" height=\"681\" src=\"http:\/\/lignesauto.fr\/wp-content\/uploads\/2024\/01\/RADIANCE_05-1024x681.jpg\" alt=\"\" class=\"wp-image-31887\" srcset=\"https:\/\/lignesauto.fr\/wp-content\/uploads\/2024\/01\/RADIANCE_05-1024x681.jpg 1024w, https:\/\/lignesauto.fr\/wp-content\/uploads\/2024\/01\/RADIANCE_05-300x199.jpg 300w, https:\/\/lignesauto.fr\/wp-content\/uploads\/2024\/01\/RADIANCE_05-768x511.jpg 768w, https:\/\/lignesauto.fr\/wp-content\/uploads\/2024\/01\/RADIANCE_05-1536x1021.jpg 1536w, https:\/\/lignesauto.fr\/wp-content\/uploads\/2024\/01\/RADIANCE_05-2048x1362.jpg 2048w\" sizes=\"(max-width: 1024px) 100vw, 1024px\" \/><\/figure>\n\n\n\n<p style=\"font-size:17px\">Le noir anthracite de la calandre rompt volontairement avec le jaune de la cabine. Le pavillon est constitu\u00e9 d\u2019un vitrage en verre fum\u00e9. De part et d\u2019autre de cette cabine, de petites cam\u00e9ras renvoient la r\u00e9tro-vision \u00e0 bord, sur des \u00e9crans implant\u00e9s en partie haute, de part et d\u2019autre du champ de vision du conducteur.<\/p>\n\n\n\n<figure class=\"wp-block-image size-large\"><img loading=\"lazy\" decoding=\"async\" width=\"1024\" height=\"681\" src=\"http:\/\/lignesauto.fr\/wp-content\/uploads\/2024\/01\/RADIANCE_15-1024x681.jpg\" alt=\"\" class=\"wp-image-31888\" srcset=\"https:\/\/lignesauto.fr\/wp-content\/uploads\/2024\/01\/RADIANCE_15-1024x681.jpg 1024w, https:\/\/lignesauto.fr\/wp-content\/uploads\/2024\/01\/RADIANCE_15-300x199.jpg 300w, https:\/\/lignesauto.fr\/wp-content\/uploads\/2024\/01\/RADIANCE_15-768x511.jpg 768w, https:\/\/lignesauto.fr\/wp-content\/uploads\/2024\/01\/RADIANCE_15-1536x1021.jpg 1536w, https:\/\/lignesauto.fr\/wp-content\/uploads\/2024\/01\/RADIANCE_15-2048x1362.jpg 2048w\" sizes=\"(max-width: 1024px) 100vw, 1024px\" \/><\/figure>\n\n\n\n<p style=\"font-size:17px\">C\u2019est donc ici que l\u2019on retrouve le concept du \u00ab&nbsp;Touch Design&nbsp;\u00bb d\u00e9frich\u00e9 par Talisman trois ans plus t\u00f4t. Il s\u2019agit de dessiner un environnement serein qui cache derri\u00e8re une certaine simplicit\u00e9 du dessin, la complexit\u00e9 technologique embarqu\u00e9e. Patrick le Qu\u00e9ment \u00e9voquera en 2001 avec le Talisman la \u00ab&nbsp;simplexit\u00e9&nbsp;\u00bb. La technique permet de lib\u00e9rer l\u2019espace \u00e0 bord en occultant le petit levier de vitesses pour augmenter le volume \u00e0 l\u2019arr\u00eat alors que l\u2019espace en arri\u00e8re de la cabine \u00e9volue de banquette \u00e0 couchette.<\/p>\n\n\n\n<figure class=\"wp-block-image size-large\"><img loading=\"lazy\" decoding=\"async\" width=\"1024\" height=\"679\" src=\"http:\/\/lignesauto.fr\/wp-content\/uploads\/2024\/01\/RADIANCE_21-1024x679.jpg\" alt=\"\" class=\"wp-image-31891\" srcset=\"https:\/\/lignesauto.fr\/wp-content\/uploads\/2024\/01\/RADIANCE_21-1024x679.jpg 1024w, https:\/\/lignesauto.fr\/wp-content\/uploads\/2024\/01\/RADIANCE_21-300x199.jpg 300w, https:\/\/lignesauto.fr\/wp-content\/uploads\/2024\/01\/RADIANCE_21-768x509.jpg 768w, https:\/\/lignesauto.fr\/wp-content\/uploads\/2024\/01\/RADIANCE_21.jpg 1417w\" sizes=\"(max-width: 1024px) 100vw, 1024px\" \/><figcaption class=\"wp-element-caption\">Le concept-car Talisman de 2001 a inaugur\u00e9 le th\u00e8me du &#8220;Touch Design&#8221; chez Renault, appliqu\u00e9 au camion Radiance.<\/figcaption><\/figure>\n\n\n\n<p style=\"font-size:17px\">Ce concept qui f\u00eate ses 20 ans fut dans la continuit\u00e9 d\u2019une vraie l\u00e9gitimit\u00e9 de Renault dans l\u2019univers du poids-lourd. Si la r\u00e9alisation du Radiance a \u00e9t\u00e9 en partie ex\u00e9cut\u00e9e chez G-Studio, il faut rappeler que c\u2019est Renault qui, \u00e0 la fin des ann\u00e9es 1980, a r\u00e9alis\u00e9 en interne sa propre maquette du Renault Magnum, dont le dessin finalement retenu a \u00e9t\u00e9 celui de Marcello Gandini. (lire &#8220;Gandini et sa Renault 4&#8221; ici : <a href=\"http:\/\/lignesauto.fr\/?p=26915\">http:\/\/lignesauto.fr\/?p=26915<\/a> )<\/p>\n\n\n\n<figure class=\"wp-block-image size-large\"><img loading=\"lazy\" decoding=\"async\" width=\"1024\" height=\"727\" src=\"http:\/\/lignesauto.fr\/wp-content\/uploads\/2024\/01\/RADIANCE_18-1024x727.jpg\" alt=\"\" class=\"wp-image-31892\" srcset=\"https:\/\/lignesauto.fr\/wp-content\/uploads\/2024\/01\/RADIANCE_18-1024x727.jpg 1024w, https:\/\/lignesauto.fr\/wp-content\/uploads\/2024\/01\/RADIANCE_18-300x213.jpg 300w, https:\/\/lignesauto.fr\/wp-content\/uploads\/2024\/01\/RADIANCE_18-768x545.jpg 768w, https:\/\/lignesauto.fr\/wp-content\/uploads\/2024\/01\/RADIANCE_18.jpg 1417w\" sizes=\"(max-width: 1024px) 100vw, 1024px\" \/><\/figure>\n\n\n\n<p style=\"font-size:17px\">Gaston Juchet dans cette p\u00e9riode de grande cr\u00e9ativit\u00e9, s\u2019est souvenu dans ses notes que \u00ab&nbsp;<em>Jean-Paul Manceau \u00e0 la direction du style Renault V\u00e9hicules Industriels et Diversification disposait d\u2019un champ d\u2019action qui s\u2019\u00e9tendait des tracteurs \u00e0 Bernard Moteurs en passant par les cycles Gitane, Renault Marine et m\u00eame la robotique. Il \u00e9tait vraiment impressionnant de se retrouver au d\u00e9tour d\u2019un \u00ab panneau \u00e9cran \u00bb au style, dans l\u2019atelier, \u00e0 d\u00e9couvrir un car FR1 ou une cabine du camion Magnum ! Jamais nous n\u2019avions construit de maquettes aussi imposantes !<\/em> \u00bb<\/p>\n\n\n\n<figure class=\"wp-block-image size-large\"><img loading=\"lazy\" decoding=\"async\" width=\"858\" height=\"1024\" src=\"http:\/\/lignesauto.fr\/wp-content\/uploads\/2024\/01\/RADIANCE_20-858x1024.jpg\" alt=\"\" class=\"wp-image-31893\" srcset=\"https:\/\/lignesauto.fr\/wp-content\/uploads\/2024\/01\/RADIANCE_20-858x1024.jpg 858w, https:\/\/lignesauto.fr\/wp-content\/uploads\/2024\/01\/RADIANCE_20-251x300.jpg 251w, https:\/\/lignesauto.fr\/wp-content\/uploads\/2024\/01\/RADIANCE_20-768x917.jpg 768w, https:\/\/lignesauto.fr\/wp-content\/uploads\/2024\/01\/RADIANCE_20-1287x1536.jpg 1287w, https:\/\/lignesauto.fr\/wp-content\/uploads\/2024\/01\/RADIANCE_20.jpg 1417w\" sizes=\"(max-width: 858px) 100vw, 858px\" \/><figcaption class=\"wp-element-caption\">A la fin des ann\u00e9es 1980, Robert Opron visite l&#8217;atelier de maquettes Renault et suit le programme du Renault Magnum.<\/figcaption><\/figure>\n\n\n\n<p style=\"font-size:18px\"><strong>A LIRE : SITUATION COCASSE. Cette fois, Citro\u00ebn ne fera pas de proc\u00e8s \u00e0 Renault ! <a href=\"http:\/\/lignesauto.fr\/?p=26445\">http:\/\/lignesauto.fr\/?p=26445<\/a><\/strong><\/p>\n\n\n\n<figure class=\"wp-block-image size-large\"><img loading=\"lazy\" decoding=\"async\" width=\"772\" height=\"1024\" src=\"http:\/\/lignesauto.fr\/wp-content\/uploads\/2024\/01\/AAA-772x1024.png\" alt=\"\" class=\"wp-image-31930\" srcset=\"https:\/\/lignesauto.fr\/wp-content\/uploads\/2024\/01\/AAA-772x1024.png 772w, https:\/\/lignesauto.fr\/wp-content\/uploads\/2024\/01\/AAA-226x300.png 226w, https:\/\/lignesauto.fr\/wp-content\/uploads\/2024\/01\/AAA-768x1019.png 768w, https:\/\/lignesauto.fr\/wp-content\/uploads\/2024\/01\/AAA-1158x1536.png 1158w, https:\/\/lignesauto.fr\/wp-content\/uploads\/2024\/01\/AAA.png 1417w\" sizes=\"(max-width: 772px) 100vw, 772px\" \/><\/figure>\n\n\n<div class=\"wp-block-image\">\n<figure class=\"aligncenter size-full is-resized\"><img loading=\"lazy\" decoding=\"async\" width=\"1024\" height=\"367\" src=\"http:\/\/lignesauto.fr\/wp-content\/uploads\/2023\/11\/image.png\" alt=\"\" class=\"wp-image-30968\" style=\"width:537px;height:auto\" srcset=\"https:\/\/lignesauto.fr\/wp-content\/uploads\/2023\/11\/image.png 1024w, https:\/\/lignesauto.fr\/wp-content\/uploads\/2023\/11\/image-300x108.png 300w, https:\/\/lignesauto.fr\/wp-content\/uploads\/2023\/11\/image-768x275.png 768w\" sizes=\"(max-width: 1024px) 100vw, 1024px\" \/><\/figure><\/div>","protected":false},"excerpt":{"rendered":"<p>Le design Renault en 2004 ne ch\u00f4me pas. C\u00f4t\u00e9 concept-cars, l\u2019ann\u00e9e sera fertile avec le petit roadster Wind et le coup\u00e9 Fluence. On doit le premier \u00e0 Erde Tungaa, St\u00e9phane Janin pour l\u2019int\u00e9rieur et Catherine Joly pour les couleurs &amp; mati\u00e8res, et le coup\u00e9 Fluence est sign\u00e9 Nicolas Jardin, Paula [&hellip;]<\/p>\n","protected":false},"author":1,"featured_media":31873,"comment_status":"closed","ping_status":"closed","sticky":false,"template":"","format":"standard","meta":{"footnotes":""},"categories":[1],"tags":[],"_links":{"self":[{"href":"https:\/\/lignesauto.fr\/index.php?rest_route=\/wp\/v2\/posts\/31872"}],"collection":[{"href":"https:\/\/lignesauto.fr\/index.php?rest_route=\/wp\/v2\/posts"}],"about":[{"href":"https:\/\/lignesauto.fr\/index.php?rest_route=\/wp\/v2\/types\/post"}],"author":[{"embeddable":true,"href":"https:\/\/lignesauto.fr\/index.php?rest_route=\/wp\/v2\/users\/1"}],"replies":[{"embeddable":true,"href":"https:\/\/lignesauto.fr\/index.php?rest_route=%2Fwp%2Fv2%2Fcomments&post=31872"}],"version-history":[{"count":28,"href":"https:\/\/lignesauto.fr\/index.php?rest_route=\/wp\/v2\/posts\/31872\/revisions"}],"predecessor-version":[{"id":31932,"href":"https:\/\/lignesauto.fr\/index.php?rest_route=\/wp\/v2\/posts\/31872\/revisions\/31932"}],"wp:featuredmedia":[{"embeddable":true,"href":"https:\/\/lignesauto.fr\/index.php?rest_route=\/wp\/v2\/media\/31873"}],"wp:attachment":[{"href":"https:\/\/lignesauto.fr\/index.php?rest_route=%2Fwp%2Fv2%2Fmedia&parent=31872"}],"wp:term":[{"taxonomy":"category","embeddable":true,"href":"https:\/\/lignesauto.fr\/index.php?rest_route=%2Fwp%2Fv2%2Fcategories&post=31872"},{"taxonomy":"post_tag","embeddable":true,"href":"https:\/\/lignesauto.fr\/index.php?rest_route=%2Fwp%2Fv2%2Ftags&post=31872"}],"curies":[{"name":"wp","href":"https:\/\/api.w.org\/{rel}","templated":true}]}}