{"id":32252,"date":"2024-01-30T10:07:35","date_gmt":"2024-01-30T09:07:35","guid":{"rendered":"http:\/\/lignesauto.fr\/?p=32252"},"modified":"2024-01-30T10:07:36","modified_gmt":"2024-01-30T09:07:36","slug":"hommage-au-studio-de-design-stellantis-a-la-ferte-vidame","status":"publish","type":"post","link":"https:\/\/lignesauto.fr\/?p=32252","title":{"rendered":"Hommage au studio de design Stellantis \u00e0 la Fert\u00e9-Vidame"},"content":{"rendered":"<div class=\"wp-block-image\">\n<figure class=\"aligncenter size-full is-resized\"><img loading=\"lazy\" decoding=\"async\" width=\"1024\" height=\"367\" src=\"http:\/\/lignesauto.fr\/wp-content\/uploads\/2024\/01\/image.png\" alt=\"\" class=\"wp-image-31949\" style=\"width:351px;height:auto\" srcset=\"https:\/\/lignesauto.fr\/wp-content\/uploads\/2024\/01\/image.png 1024w, https:\/\/lignesauto.fr\/wp-content\/uploads\/2024\/01\/image-300x108.png 300w, https:\/\/lignesauto.fr\/wp-content\/uploads\/2024\/01\/image-768x275.png 768w\" sizes=\"(max-width: 1024px) 100vw, 1024px\" \/><\/figure><\/div>\n\n\n<figure class=\"wp-block-image size-large\"><img loading=\"lazy\" decoding=\"async\" width=\"1024\" height=\"681\" src=\"http:\/\/lignesauto.fr\/wp-content\/uploads\/2024\/01\/FA_05-1024x681.jpg\" alt=\"\" class=\"wp-image-32313\" srcset=\"https:\/\/lignesauto.fr\/wp-content\/uploads\/2024\/01\/FA_05-1024x681.jpg 1024w, https:\/\/lignesauto.fr\/wp-content\/uploads\/2024\/01\/FA_05-300x200.jpg 300w, https:\/\/lignesauto.fr\/wp-content\/uploads\/2024\/01\/FA_05-768x511.jpg 768w, https:\/\/lignesauto.fr\/wp-content\/uploads\/2024\/01\/FA_05.jpg 1417w\" sizes=\"(max-width: 1024px) 100vw, 1024px\" \/><figcaption class=\"wp-element-caption\">Le rideau tombera fin 2024 sur le studio de design Stellantis de la Fert\u00e9-Vidame&#8230;<\/figcaption><\/figure>\n\n\n\n<p style=\"font-size:17px\">Au d\u00e9but du mois de juillet 2023, le journal L\u2019\u00e9cho R\u00e9publicain relate \u00ab <em>qu\u2019\u00e0 la toute fin des quatre heures de Conseil communautaire aux For\u00eats du Perche, un mail de la direction du constructeur automobile Stellantis annonce la mise en vente du site de la Fert\u00e9-Vidame. Ce site \u00e9tait notamment utilis\u00e9 pour le roulage et les tests de nouveaux v\u00e9hicules et de prototypes d\u2019\u00e9tudes. <\/em>\u00bb<\/p>\n\n\n\n<figure class=\"wp-block-image size-large\"><img loading=\"lazy\" decoding=\"async\" width=\"744\" height=\"1024\" src=\"http:\/\/lignesauto.fr\/wp-content\/uploads\/2024\/01\/LA_0000-744x1024.png\" alt=\"\" class=\"wp-image-32304\" srcset=\"https:\/\/lignesauto.fr\/wp-content\/uploads\/2024\/01\/LA_0000-744x1024.png 744w, https:\/\/lignesauto.fr\/wp-content\/uploads\/2024\/01\/LA_0000-218x300.png 218w, https:\/\/lignesauto.fr\/wp-content\/uploads\/2024\/01\/LA_0000-768x1057.png 768w, https:\/\/lignesauto.fr\/wp-content\/uploads\/2024\/01\/LA_0000-1116x1536.png 1116w, https:\/\/lignesauto.fr\/wp-content\/uploads\/2024\/01\/LA_0000.png 1417w\" sizes=\"(max-width: 744px) 100vw, 744px\" \/><figcaption class=\"wp-element-caption\">Un prototype de Citro\u00ebn CX, qui f\u00eate ses 50 ans cette ann\u00e9e, grelotte sur les pistes du site d&#8217;essais<\/figcaption><\/figure>\n\n\n\n<p style=\"font-size:17px\">\u00ab&nbsp;<em>Les quelques lignes&nbsp;envoy\u00e9es par mail au pr\u00e9sident de la communaut\u00e9 de communes par le d\u00e9l\u00e9gu\u00e9 aux affaires publiques de Stellantis annoncent la fermeture du centre d&#8217;essais automobile de La Fert\u00e9-Vidame, d&#8217;ici le 31 d\u00e9cembre 2024. Pour le territoire, c&#8217;est un sacr\u00e9 choc.&nbsp;Le centre d&#8217;essai couvre plus de 800 hectares sur le territoire de ce village du Perche de 530 habitants, juste \u00e0 c\u00f4t\u00e9 des quelque 200 hectares du domaine de Saint-Simon, propri\u00e9t\u00e9 du D\u00e9partement. Ce qui en fait la plus grande propri\u00e9t\u00e9 priv\u00e9e de France, ceinte de 12 km de murs, non travers\u00e9e de routes publiques.<\/em>&nbsp;\u00bb<\/p>\n\n\n\n<p style=\"font-size:17px\">D\u00e9j\u00e0, \u00e0 la fin de l\u2019ann\u00e9e 2015, PSA (pas encore devenu Stellantis), avait d\u00e9cid\u00e9 de ne plus exploiter directement son centre d\u2019essais de la Fert\u00e9-Vidame et le d\u00e9l\u00e9guait alors \u00e0 Segula, un groupe d\u2019ing\u00e9nierie fran\u00e7ais.&nbsp;Toutefois, PSA restait propri\u00e9taire des murs et des pistes. Et parmi ces murs, il existe un b\u00e2timent qui nous int\u00e9resse tout particuli\u00e8rement&nbsp;: la Faisanderie. Car le site de la Fert\u00e9-Vidame, ce n\u2019est pas seulement le terrain de jeu des essayeurs. Il est \u00e9galement celui des designers depuis 2004 .<\/p>\n\n\n\n<figure class=\"wp-block-image size-large\"><img loading=\"lazy\" decoding=\"async\" width=\"1024\" height=\"683\" src=\"http:\/\/lignesauto.fr\/wp-content\/uploads\/2024\/01\/FA_11-1024x683.jpg\" alt=\"\" class=\"wp-image-32317\" srcset=\"https:\/\/lignesauto.fr\/wp-content\/uploads\/2024\/01\/FA_11-1024x683.jpg 1024w, https:\/\/lignesauto.fr\/wp-content\/uploads\/2024\/01\/FA_11-300x200.jpg 300w, https:\/\/lignesauto.fr\/wp-content\/uploads\/2024\/01\/FA_11-768x512.jpg 768w, https:\/\/lignesauto.fr\/wp-content\/uploads\/2024\/01\/FA_11.jpg 1417w\" sizes=\"(max-width: 1024px) 100vw, 1024px\" \/><figcaption class=\"wp-element-caption\">En 2008, nous d\u00e9couvrons le studio en tr\u00e8s bonne compagnie : le concept-car GTbyCitro\u00ebn fait ses premiers tours de roues, avant m\u00eame le Mondial de Paris. Privil\u00e8ge !<\/figcaption><\/figure>\n\n\n\n<p style=\"font-size:17px\">A cette \u00e9poque, c\u2019est Robert Peugeot qui dirige l\u2019innovation et le design PSA. C\u2019est lui qui s\u2019est tourn\u00e9 vers Jean-Pierre Plou\u00e9 en 2000 pour l\u2019attirer \u00e0 la t\u00eate du design Citro\u00ebn, et c\u2019est \u00e9galement lui qui est \u00e0 l\u2019origine de l\u2019ADN&nbsp;: l\u2019Automotive Design Network, l&#8217;immense paquebot tout \u00e0 la fois centre technique et de design implant\u00e9 \u00e0 l&#8217;ouest de Paris. Ce dernier est inaugur\u00e9 en 2004, tout comme le petit studio de la Faisanderie r\u00e9habilit\u00e9 \u00e0 la Fert\u00e9.<\/p>\n\n\n\n<figure class=\"wp-block-image size-large\"><img loading=\"lazy\" decoding=\"async\" width=\"1024\" height=\"680\" src=\"http:\/\/lignesauto.fr\/wp-content\/uploads\/2024\/01\/FA_106-1-1024x680.png\" alt=\"\" class=\"wp-image-32318\" srcset=\"https:\/\/lignesauto.fr\/wp-content\/uploads\/2024\/01\/FA_106-1-1024x680.png 1024w, https:\/\/lignesauto.fr\/wp-content\/uploads\/2024\/01\/FA_106-1-300x199.png 300w, https:\/\/lignesauto.fr\/wp-content\/uploads\/2024\/01\/FA_106-1-768x510.png 768w, https:\/\/lignesauto.fr\/wp-content\/uploads\/2024\/01\/FA_106-1.png 1417w\" sizes=\"(max-width: 1024px) 100vw, 1024px\" \/><figcaption class=\"wp-element-caption\">Propre, net et accueillant, le centre de design se cache juste derri\u00e8re le pavillon de la Faisanderie et est op\u00e9rationnel depuis 2004. Vingt de vie, c&#8217;est finalement trop peu.<\/figcaption><\/figure>\n\n\n\n<p style=\"font-size:17px\">Petit studio \u00e0 la Fert\u00e9-Vidame&nbsp;? Pas vraiment, car il dispose de tout ou presque pour modifier les maquettes de style et surtout, il est accol\u00e9 \u00e0 une petite piste ovale o\u00f9 les maquettes Clay motoris\u00e9es peuvent \u00eatre jauger en dynamique. Mais contrairement \u00e0 l\u2019ADN, la Faisanderie n\u2019est pas une construction nouvelle. C&#8217;est la r\u00e9habilitation du \u00ab&nbsp;pavillon&nbsp;\u00bb \u00e9ponyme externalis\u00e9 par rapport aux pistes, et plut\u00f4t au calme (voir tout \u00e0 la fin du post les vue a\u00e9riennes du site)<\/p>\n\n\n\n<figure class=\"wp-block-image size-large\"><img loading=\"lazy\" decoding=\"async\" width=\"1024\" height=\"681\" src=\"http:\/\/lignesauto.fr\/wp-content\/uploads\/2024\/01\/FA_07-1-1024x681.jpg\" alt=\"\" class=\"wp-image-32335\" srcset=\"https:\/\/lignesauto.fr\/wp-content\/uploads\/2024\/01\/FA_07-1-1024x681.jpg 1024w, https:\/\/lignesauto.fr\/wp-content\/uploads\/2024\/01\/FA_07-1-300x200.jpg 300w, https:\/\/lignesauto.fr\/wp-content\/uploads\/2024\/01\/FA_07-1-768x511.jpg 768w, https:\/\/lignesauto.fr\/wp-content\/uploads\/2024\/01\/FA_07-1.jpg 1417w\" sizes=\"(max-width: 1024px) 100vw, 1024px\" \/><\/figure>\n\n\n\n<p style=\"font-size:17px\">C\u2019est ici que nous avions r\u00e9alis\u00e9 un reportage sur la Citro\u00ebn Hypnos (ci-dessus) et la GTbyCitro\u00ebn (ci-dessous) en 2008 qui fut publi\u00e9 dans le num\u00e9ro 1 du magazine papier de LIGNES\/auto. Le site de la Fert\u00e9-Vidame avec ses pistes d&#8217;essais c\u00e9l\u00e8bre ses 86 ans en 2024 et n\u2019ira visiblement pas plus loin, et c\u2019est franchement regrettable. Pourquoi Mercedes, Porsche et tant d\u2019autres constructeurs sont capables de conserver leurs lieux historiques et pas Stellantis ?<\/p>\n\n\n\n<figure class=\"wp-block-image size-large\"><img loading=\"lazy\" decoding=\"async\" width=\"1024\" height=\"681\" src=\"http:\/\/lignesauto.fr\/wp-content\/uploads\/2024\/01\/FA_04-1024x681.jpg\" alt=\"\" class=\"wp-image-32334\" srcset=\"https:\/\/lignesauto.fr\/wp-content\/uploads\/2024\/01\/FA_04-1024x681.jpg 1024w, https:\/\/lignesauto.fr\/wp-content\/uploads\/2024\/01\/FA_04-300x200.jpg 300w, https:\/\/lignesauto.fr\/wp-content\/uploads\/2024\/01\/FA_04-768x511.jpg 768w, https:\/\/lignesauto.fr\/wp-content\/uploads\/2024\/01\/FA_04.jpg 1417w\" sizes=\"(max-width: 1024px) 100vw, 1024px\" \/><figcaption class=\"wp-element-caption\">En 2008, Gilles Vidal (derri\u00e8re le concept) est encore &#8211; pour deux ans &#8211; un designer Citro\u00ebn avant de prendre la direction du style Peugeot.<\/figcaption><\/figure>\n\n\n\n<p style=\"font-size:17px\">L\u2019histoire de ce studio de design implant\u00e9 \u00e0 la Faisanderie, au c\u0153ur des pistes d\u2019essais de La Fert\u00e9-Vidame est belle et elle nous a \u00e9t\u00e9 racont\u00e9e en 2008 par Jean-Pierre Plou\u00e9 lui-m\u00eame (directeur du design de Stellantis Europe). \u00ab <em>Lorsqu\u2019on travaillait sur le projet de la Citro\u00ebn C6, on est venu \u00e0 La Fert\u00e9 sur une grande esplanade plane, \u00e0 200 m\u00e8tres d\u2019ici, car on voulait voir les maquettes du projet en ext\u00e9rieur. Il est bien de pouvoir les \u00e9valuer dans un d\u00e9cor r\u00e9el, de les comparer aux concurrentes, et de percevoir ainsi leur potentiel. On passait l\u00e0-bas jusqu\u2019\u00e0 trois mois et l\u2019hiver, on installait des tentes avec du chauffage pour se r\u00e9chauffer&nbsp;!<\/em>&nbsp;\u00bb<\/p>\n\n\n\n<figure class=\"wp-block-image size-large\"><img loading=\"lazy\" decoding=\"async\" width=\"1024\" height=\"680\" src=\"http:\/\/lignesauto.fr\/wp-content\/uploads\/2024\/01\/FA_03-1024x680.jpg\" alt=\"\" class=\"wp-image-32418\" srcset=\"https:\/\/lignesauto.fr\/wp-content\/uploads\/2024\/01\/FA_03-1024x680.jpg 1024w, https:\/\/lignesauto.fr\/wp-content\/uploads\/2024\/01\/FA_03-300x199.jpg 300w, https:\/\/lignesauto.fr\/wp-content\/uploads\/2024\/01\/FA_03-768x510.jpg 768w, https:\/\/lignesauto.fr\/wp-content\/uploads\/2024\/01\/FA_03.jpg 1417w\" sizes=\"(max-width: 1024px) 100vw, 1024px\" \/><figcaption class=\"wp-element-caption\">Des maquettes en polystyr\u00e8ne de la Cactus sont positionn\u00e9es sur la piste circulaire. Le choix du style d\u00e9finitif est encore loin\u2026<\/figcaption><\/figure>\n\n\n\n<p style=\"font-size:17px\">\u00ab&nbsp;<em>Tr\u00e8s vite, cette aire b\u00e9tonn\u00e9e est devenue une annexe du design, celui que j\u2019appelle le design \u2018\u00e9lev\u00e9 aux grains\u2019 ! Ce jour-l\u00e0 avec mon responsable modelage de l\u2019\u00e9poque, on se prom\u00e8ne et on voit au loin ces murs qui cachaient un b\u00e2timent en ruine&nbsp;: c\u2019\u00e9tait la Faisanderie rest\u00e9e \u00e0 l\u2019abandon. De retour \u00e0 V\u00e9lizy, j\u2019en parle avec Robert Peugeot et le patron du site de La Fert\u00e9, avec l\u2019id\u00e9e de restaurer l\u2019ensemble pour le transformer en studio de design<\/em>&nbsp;\u00bb<\/p>\n\n\n\n<figure class=\"wp-block-image size-large\"><img loading=\"lazy\" decoding=\"async\" width=\"1024\" height=\"681\" src=\"http:\/\/lignesauto.fr\/wp-content\/uploads\/2024\/01\/FA_14-1024x681.jpg\" alt=\"\" class=\"wp-image-32338\" srcset=\"https:\/\/lignesauto.fr\/wp-content\/uploads\/2024\/01\/FA_14-1024x681.jpg 1024w, https:\/\/lignesauto.fr\/wp-content\/uploads\/2024\/01\/FA_14-300x199.jpg 300w, https:\/\/lignesauto.fr\/wp-content\/uploads\/2024\/01\/FA_14-768x511.jpg 768w, https:\/\/lignesauto.fr\/wp-content\/uploads\/2024\/01\/FA_14.jpg 1417w\" sizes=\"(max-width: 1024px) 100vw, 1024px\" \/><figcaption class=\"wp-element-caption\">Apr\u00e8s Citro\u00ebn et Peugeot, DS Automobiles a investi les lieux pour le plus grand plaisir des designers et modeleurs.<\/figcaption><\/figure>\n\n\n\n<p style=\"font-size:17px\">\u00ab <em>C\u2019est depuis devenu un endroit magique. On a fait travailler un architecte pour une restauration dans les r\u00e8gles de l\u2019art, c\u2019\u00e9tait en m\u00eame temps que la construction de l\u2019ADN. Ce studio est devenu un outil de style extr\u00eamement performant. Imaginez qu\u2019ici, on arrive \u00e0 t\u00e9l\u00e9commander des maquettes de style en Clay pour les \u00e9valuer en ext\u00e9rieur, et en dynamique.<\/em>&nbsp;\u00bb Ci-dessous le concept-car Citro\u00ebn &#8220;GT by Citro\u00ebn&#8221;<\/p>\n\n\n\n<figure class=\"wp-block-image size-large\"><img loading=\"lazy\" decoding=\"async\" width=\"1024\" height=\"681\" src=\"http:\/\/lignesauto.fr\/wp-content\/uploads\/2024\/01\/3-1024x681.jpg\" alt=\"\" class=\"wp-image-32340\" srcset=\"https:\/\/lignesauto.fr\/wp-content\/uploads\/2024\/01\/3-1024x681.jpg 1024w, https:\/\/lignesauto.fr\/wp-content\/uploads\/2024\/01\/3-300x200.jpg 300w, https:\/\/lignesauto.fr\/wp-content\/uploads\/2024\/01\/3-768x511.jpg 768w, https:\/\/lignesauto.fr\/wp-content\/uploads\/2024\/01\/3.jpg 1417w\" sizes=\"(max-width: 1024px) 100vw, 1024px\" \/><figcaption class=\"wp-element-caption\">Nous avons eu le plaisir (voire l&#8217;honneur) d&#8217;\u00eatre les premiers \u00e0 d\u00e9couvrir le concept-car GTbyCitro\u00ebn en dynamique sur la petite piste accol\u00e9e au centre de design de la Faisanderie. C&#8217;\u00e9tait en 2008.<\/figcaption><\/figure>\n\n\n\n<p style=\"font-size:17px\">\u00ab&nbsp;<em>Plus aucune Citro\u00ebn ne sort sans passer par ce centre de style unique. En fait, je peux m\u00eame affirmer que cet outil garantit la r\u00e9alit\u00e9 du produit : lorsqu\u2019on g\u00e8le un produit ici et que l\u2019on retourne \u00e0 l\u2019ADN, on a tendance \u00e0 vouloir le retoucher sous la lumi\u00e8re des studios, mais je me garde souvent de le faire car le jugement de La Fert\u00e9 est en g\u00e9n\u00e9ral le bon !<\/em>\u00bb<\/p>\n\n\n\n<figure class=\"wp-block-image size-large\"><img loading=\"lazy\" decoding=\"async\" width=\"1024\" height=\"681\" src=\"http:\/\/lignesauto.fr\/wp-content\/uploads\/2024\/01\/FA_206-1024x681.jpg\" alt=\"\" class=\"wp-image-32321\" srcset=\"https:\/\/lignesauto.fr\/wp-content\/uploads\/2024\/01\/FA_206-1024x681.jpg 1024w, https:\/\/lignesauto.fr\/wp-content\/uploads\/2024\/01\/FA_206-300x200.jpg 300w, https:\/\/lignesauto.fr\/wp-content\/uploads\/2024\/01\/FA_206-768x511.jpg 768w, https:\/\/lignesauto.fr\/wp-content\/uploads\/2024\/01\/FA_206.jpg 1417w\" sizes=\"(max-width: 1024px) 100vw, 1024px\" \/><figcaption class=\"wp-element-caption\">Quatre ans apr\u00e8s avoir investi le studio de la Faisanderie, Jean-Pierre Plou\u00e9 (&#8216;seulement&#8217; patron du style Citro\u00ebn \u00e0 l&#8217;\u00e9poque) teste les si\u00e8ges hypnotiques de l&#8217;Hypnos. Un habitacle dessin\u00e9 par Leghanne Earley, responsable du design int\u00e9rieur de ce concept.<\/figcaption><\/figure>\n\n\n\n<p style=\"font-size:17px\">\u00c9videmment, il n\u2019y a pas que les Citro\u00ebn qui ont pass\u00e9 le difficile test du studio de la Fert\u00e9 avant d\u2019\u00eatre adoub\u00e9es&nbsp;! Peugeot et DS Automobiles ont depuis rejoint leur cousine. Mais il est vrai que le site de la Fert\u00e9 a depuis toujours \u00e9t\u00e9 l\u00e9gitimement affili\u00e9 \u00e0 Citro\u00ebn. C\u2019est m\u00eame sur ses pistes que les premiers prototypes de la TPV ont \u00e9t\u00e9 photographi\u00e9s pendant leurs essais ci-dessous.<\/p>\n\n\n\n<figure class=\"wp-block-image size-large\"><img loading=\"lazy\" decoding=\"async\" width=\"1024\" height=\"534\" src=\"http:\/\/lignesauto.fr\/wp-content\/uploads\/2024\/01\/LA_1000-1024x534.jpg\" alt=\"\" class=\"wp-image-32320\" srcset=\"https:\/\/lignesauto.fr\/wp-content\/uploads\/2024\/01\/LA_1000-1024x534.jpg 1024w, https:\/\/lignesauto.fr\/wp-content\/uploads\/2024\/01\/LA_1000-300x156.jpg 300w, https:\/\/lignesauto.fr\/wp-content\/uploads\/2024\/01\/LA_1000-768x401.jpg 768w, https:\/\/lignesauto.fr\/wp-content\/uploads\/2024\/01\/LA_1000.jpg 1417w\" sizes=\"(max-width: 1024px) 100vw, 1024px\" \/><\/figure>\n\n\n\n<p style=\"font-size:17px\">La Faisanderie est donc un studio de design qui permet tous les travaux de style et surtout, de confronter les maquettes de projets en d\u00e9veloppement, sur la zone ext\u00e9rieure. C\u2019est ici qu\u2019ont \u00e9t\u00e9 valid\u00e9es toutes les premi\u00e8res Citro\u00ebn de l\u2019\u00e8re Plou\u00e9\/Besson, et ici \u00e9galement que les programmes roulent pour la premi\u00e8re fois : ce sont alors des maquettes Clay de plusieurs tonnes (jusqu\u2019\u00e0 trois pour la maquette de la C5 Tourer ) qui sont motoris\u00e9es et t\u00e9l\u00e9command\u00e9es depuis le studio.<\/p>\n\n\n\n<figure class=\"wp-block-image size-large\"><img loading=\"lazy\" decoding=\"async\" width=\"1024\" height=\"768\" src=\"http:\/\/lignesauto.fr\/wp-content\/uploads\/2024\/01\/FA_19-1024x768.jpg\" alt=\"\" class=\"wp-image-32350\" srcset=\"https:\/\/lignesauto.fr\/wp-content\/uploads\/2024\/01\/FA_19-1024x768.jpg 1024w, https:\/\/lignesauto.fr\/wp-content\/uploads\/2024\/01\/FA_19-300x225.jpg 300w, https:\/\/lignesauto.fr\/wp-content\/uploads\/2024\/01\/FA_19-768x576.jpg 768w, https:\/\/lignesauto.fr\/wp-content\/uploads\/2024\/01\/FA_19.jpg 1417w\" sizes=\"(max-width: 1024px) 100vw, 1024px\" \/><\/figure>\n\n\n\n<p style=\"font-size:17px\">Cela fait belle lurette que le design n\u2019est plus dans le giron de Robert Peugeot, bien longtemps que Jean-Pierre Plou\u00e9 n\u2019est plus \u00e0 la gestion du seul design Citro\u00ebn et que l\u2019importance de Stellantis fait que de nouveaux centres de design ont rejoint le groupe. On pense notamment \u00e0 celui d\u2019Opel et surtout, le grand centre de design italien o\u00f9 sont r\u00e9unis les studios de Fiat, Lancia, Alfa Romeo et Maserati.<\/p>\n\n\n\n<figure class=\"wp-block-image size-large\"><img loading=\"lazy\" decoding=\"async\" width=\"1024\" height=\"653\" src=\"http:\/\/lignesauto.fr\/wp-content\/uploads\/2021\/07\/LIGNES_PLOUE_0000-1024x653.jpg\" alt=\"\" class=\"wp-image-22568\" srcset=\"https:\/\/lignesauto.fr\/wp-content\/uploads\/2021\/07\/LIGNES_PLOUE_0000-1024x653.jpg 1024w, https:\/\/lignesauto.fr\/wp-content\/uploads\/2021\/07\/LIGNES_PLOUE_0000-300x191.jpg 300w, https:\/\/lignesauto.fr\/wp-content\/uploads\/2021\/07\/LIGNES_PLOUE_0000-768x490.jpg 768w, https:\/\/lignesauto.fr\/wp-content\/uploads\/2021\/07\/LIGNES_PLOUE_0000.jpg 1417w\" sizes=\"(max-width: 1024px) 100vw, 1024px\" \/><figcaption class=\"wp-element-caption\">Jean-Pierre Plou\u00e9 \u00e0 droite, est aussi directeur du design de Lancia. Ici, \u00e0 c\u00f4t\u00e9 de Luca Napolitano, le directeur de la marque italienne.<\/figcaption><\/figure>\n\n\n\n<p style=\"font-size:17px\">C\u2019est d\u2019ailleurs \u00e0 Turin que Jean-Pierre Plou\u00e9 vit aujourd\u2019hui car il a exig\u00e9 des designers des marques italiennes (dont il fait partie puisqu\u2019il est responsable du design de la marque Lancia ci-dessus) qu\u2019ils s\u2019impr\u00e8gnent de l\u2019ambiance culturelle et des bienfaits de cette ville particuli\u00e8re. Celle qui est travers\u00e9 par le P\u00f4 et ses 141 affluents. Celle o\u00f9 s\u2019\u00e9rige encore le tr\u00e8s fameux Lingotto (ci-dessous), usine et b\u00e2timents historiques de Fiat.<\/p>\n\n\n\n<figure class=\"wp-block-image size-large\"><img loading=\"lazy\" decoding=\"async\" width=\"1024\" height=\"683\" src=\"http:\/\/lignesauto.fr\/wp-content\/uploads\/2024\/01\/LA_0008-1024x683.jpg\" alt=\"\" class=\"wp-image-32325\" srcset=\"https:\/\/lignesauto.fr\/wp-content\/uploads\/2024\/01\/LA_0008-1024x683.jpg 1024w, https:\/\/lignesauto.fr\/wp-content\/uploads\/2024\/01\/LA_0008-300x200.jpg 300w, https:\/\/lignesauto.fr\/wp-content\/uploads\/2024\/01\/LA_0008-768x512.jpg 768w, https:\/\/lignesauto.fr\/wp-content\/uploads\/2024\/01\/LA_0008.jpg 1417w\" sizes=\"(max-width: 1024px) 100vw, 1024px\" \/><\/figure>\n\n\n\n<p style=\"font-size:17px\">Il va donc falloir que les designers europ\u00e9ens et notamment ceux des marques fran\u00e7aises DS, Peugeot et Citro\u00ebn, se passent d\u00e9sormais du studio de la Fert\u00e9, celui qui semblait aux yeux de Jean-Pierre Plou\u00e9 l\u2019outil id\u00e9al. Mais les outils d\u2019aujourd\u2019hui se portent plut\u00f4t sur le nez sous la forme de casques de r\u00e9alit\u00e9 virtuelle. R\u00e9alit\u00e9&nbsp;? Rien ne peut remplacer le naturel&nbsp;: une maquette \u00e9chelle 1\/1 avec ses concurrentes \u00e0 l\u2019ext\u00e9rieur et en dynamique. Pas facile de recr\u00e9er tout ceci dans l\u2019ADN.<\/p>\n\n\n\n<figure class=\"wp-block-image size-large\"><img loading=\"lazy\" decoding=\"async\" width=\"1024\" height=\"683\" src=\"http:\/\/lignesauto.fr\/wp-content\/uploads\/2024\/01\/FA_204-1024x683.jpg\" alt=\"\" class=\"wp-image-32326\" srcset=\"https:\/\/lignesauto.fr\/wp-content\/uploads\/2024\/01\/FA_204-1024x683.jpg 1024w, https:\/\/lignesauto.fr\/wp-content\/uploads\/2024\/01\/FA_204-300x200.jpg 300w, https:\/\/lignesauto.fr\/wp-content\/uploads\/2024\/01\/FA_204-768x512.jpg 768w, https:\/\/lignesauto.fr\/wp-content\/uploads\/2024\/01\/FA_204.jpg 1417w\" sizes=\"(max-width: 1024px) 100vw, 1024px\" \/><figcaption class=\"wp-element-caption\">Nous appr\u00e9cions de temps en temps \u00eatre convi\u00e9s \u00e0 d\u00e9couvrir des nouveaux produits sur la terrasse de l&#8217;ADN en banlieue parisienne, mais franchement, le studio de la Fert\u00e9-Vidame propose une tout autre atmosph\u00e8re !<\/figcaption><\/figure>\n\n\n\n<p style=\"font-size:17px\">Certes, il y a la grande terrasse qui surplombe l\u2019ADN pour ce faire, mais rien \u00e0 voir avec cette piste intimiste de la Faisanderie \u00e0 la Fert\u00e9-Vidame. Il faut vivre avec son temps. Stellantis a annonc\u00e9 l\u2019an dernier que cette fermeture se justifiait par \u00ab <em>la volont\u00e9 de diminuer l&#8217;empreinte immobili\u00e8re du groupe.<\/em> \u00bb<\/p>\n\n\n\n<figure class=\"wp-block-image size-large\"><img loading=\"lazy\" decoding=\"async\" width=\"1024\" height=\"576\" src=\"http:\/\/lignesauto.fr\/wp-content\/uploads\/2024\/01\/1-1024x576.jpg\" alt=\"\" class=\"wp-image-32328\" srcset=\"https:\/\/lignesauto.fr\/wp-content\/uploads\/2024\/01\/1-1024x576.jpg 1024w, https:\/\/lignesauto.fr\/wp-content\/uploads\/2024\/01\/1-300x169.jpg 300w, https:\/\/lignesauto.fr\/wp-content\/uploads\/2024\/01\/1-768x432.jpg 768w, https:\/\/lignesauto.fr\/wp-content\/uploads\/2024\/01\/1.jpg 1417w\" sizes=\"(max-width: 1024px) 100vw, 1024px\" \/><\/figure>\n\n\n\n<p style=\"font-size:17px\">Apr\u00e8s l\u2019embl\u00e9matique b\u00e2timent de la direction parisienne de Peugeot, au 75 avenue de la Grande Arm\u00e9e ci-dessus, apr\u00e8s le magasin Peugeot sur les Champs \u00c9lys\u00e9es et le fameux C42 de Citro\u00ebn (\u00f4 combien historique lui aussi, ci-dessous) voil\u00e0 que le centre de la Fert\u00e9 o\u00f9 les 2CV, Traction, DS et SM ont \u00e9t\u00e9 tortur\u00e9es pour le bien de leurs clients, sera lui aussi abandonn\u00e9 par Stellantis.<\/p>\n\n\n\n<figure class=\"wp-block-image size-large\"><img loading=\"lazy\" decoding=\"async\" width=\"580\" height=\"1024\" src=\"http:\/\/lignesauto.fr\/wp-content\/uploads\/2024\/01\/2-580x1024.png\" alt=\"\" class=\"wp-image-32329\" srcset=\"https:\/\/lignesauto.fr\/wp-content\/uploads\/2024\/01\/2-580x1024.png 580w, https:\/\/lignesauto.fr\/wp-content\/uploads\/2024\/01\/2-170x300.png 170w, https:\/\/lignesauto.fr\/wp-content\/uploads\/2024\/01\/2-768x1355.png 768w, https:\/\/lignesauto.fr\/wp-content\/uploads\/2024\/01\/2-871x1536.png 871w, https:\/\/lignesauto.fr\/wp-content\/uploads\/2024\/01\/2-1161x2048.png 1161w, https:\/\/lignesauto.fr\/wp-content\/uploads\/2024\/01\/2.png 1417w\" sizes=\"(max-width: 580px) 100vw, 580px\" \/><\/figure>\n\n\n\n<p style=\"font-size:17px\">Dans les colonnes de l\u2019\u00e9cho R\u00e9publicain, Xavier Nicolas (pr\u00e9sident de la communaut\u00e9 de communes des For\u00eats du Perche) expliquait l\u2019an dernier que \u00ab <em>cela fait d\u00e9j\u00e0 quelque&nbsp;temps que nous avons des inqui\u00e9tudes. L&#8217;un de mes conseillers municipaux travaille chez Segula. Or, la d\u00e9l\u00e9gation arrive \u00e0 \u00e9ch\u00e9ance le 31 d\u00e9cembre 2024. Segula nous assure que les 25 salari\u00e9s se verront proposer un emploi dans un autre site. Nous-m\u00eames, \u00e0 l&#8217;\u00e9chelle de la communaut\u00e9 de communes, mettons en place un dispositif qui permettra de leur proposer des postes dans les entreprises locales.&nbsp;<\/em>\u00bb<\/p>\n\n\n\n<figure class=\"wp-block-image size-large\"><img loading=\"lazy\" decoding=\"async\" width=\"1024\" height=\"683\" src=\"http:\/\/lignesauto.fr\/wp-content\/uploads\/2024\/01\/FA_18-1024x683.jpg\" alt=\"\" class=\"wp-image-32400\" srcset=\"https:\/\/lignesauto.fr\/wp-content\/uploads\/2024\/01\/FA_18-1024x683.jpg 1024w, https:\/\/lignesauto.fr\/wp-content\/uploads\/2024\/01\/FA_18-300x200.jpg 300w, https:\/\/lignesauto.fr\/wp-content\/uploads\/2024\/01\/FA_18-768x512.jpg 768w, https:\/\/lignesauto.fr\/wp-content\/uploads\/2024\/01\/FA_18.jpg 1417w\" sizes=\"(max-width: 1024px) 100vw, 1024px\" \/><figcaption class=\"wp-element-caption\">C&#8217;est encore sur la petite piste du studio de la Fert\u00e9-Vidame qu&#8217;une autre star de Stellantis est n\u00e9e : le crossover 3008 de 2016.<\/figcaption><\/figure>\n\n\n\n<p style=\"font-size:17px\">La Maire, Catherine Stroh, expliquait par ailleurs que \u00ab&nbsp;<em>la fermeture du centre d\u2019essais fin 2024 constituera un coup tr\u00e8s dur pour notre commune. Au personnel sur place, en effet, s\u2019ajoutent les sp\u00e9cialistes de plusieurs marques venant s\u00e9journer plus ou moins longtemps pour la mise au point de mod\u00e8les nouveaux. Ce site faisait vivre les familles des salari\u00e9s mais aussi le village.&nbsp;<\/em>\u00bb C\u2019est toujours une tristesse pour les amateurs de design &#8211; et pour les professionnels concern\u00e9s &#8211; lorsqu\u2019un studio ferme. D\u2019autant plus lorsque ce studio est bien plus qu\u2019un studio. C\u2019est le cas chez Stellantis, puisque celui de la Fert\u00e9-Vidame est une victime collat\u00e9rale de la cession du site historique implant\u00e9 l\u00e0-bas depuis 1936 lorsque Citro\u00ebn le rach\u00e8te \u00e0 Christian<strong> <\/strong>Vieljeux.<\/p>\n\n\n\n<figure class=\"wp-block-image size-large\"><img loading=\"lazy\" decoding=\"async\" width=\"1024\" height=\"681\" src=\"http:\/\/lignesauto.fr\/wp-content\/uploads\/2024\/01\/FA_10-1024x681.jpg\" alt=\"\" class=\"wp-image-32332\" srcset=\"https:\/\/lignesauto.fr\/wp-content\/uploads\/2024\/01\/FA_10-1024x681.jpg 1024w, https:\/\/lignesauto.fr\/wp-content\/uploads\/2024\/01\/FA_10-300x200.jpg 300w, https:\/\/lignesauto.fr\/wp-content\/uploads\/2024\/01\/FA_10-768x511.jpg 768w, https:\/\/lignesauto.fr\/wp-content\/uploads\/2024\/01\/FA_10.jpg 1417w\" sizes=\"(max-width: 1024px) 100vw, 1024px\" \/><\/figure>\n\n\n\n<p style=\"font-size:17px\">Voil\u00e0 donc que le design \u00ab&nbsp;<em>\u00e9lev\u00e9 aux grains<\/em>&nbsp;\u00bb comme le disait Jean-Pierre Plou\u00e9 est d\u00e9sormais \u00e9lev\u00e9 au num\u00e9rique&#8230; J\u2019aimerais \u00eatre certain que le fait de chausser un casque de r\u00e9alit\u00e9 virtuelle et celui de se hausser jusqu\u2019au sommet du b\u00e2timent de l\u2019ADN sur une terrasse sans \u00e2me, remplaceront sans souci ce petit havre de paix \u2013 et de travail \u2013 que constituaient le studio de la Fert\u00e9 et sa petite piste d\u00e9di\u00e9e. Mais permettez-moi d\u2019en douter&#8230;<\/p>\n\n\n\n<p class=\"has-text-align-center\" style=\"font-size:18px\"><strong>ET MAINTENANT ?<\/strong><\/p>\n\n\n\n<p style=\"font-size:17px\">LIGNES\/auto a appel\u00e9 le lundi 29 janvier 2024 Madame Catherine Stroh, la maire de la Fert\u00e9-Vidame, l\u2019une des deux communes sur lesquelles s\u2019\u00e9tend le domaine. Pour l\u2019heure, Madame la Maire est en attente de la r\u00e9union avec les potentiels investisseurs. Une r\u00e9union qui doit avoir lieu courant f\u00e9vrier, c\u2019est-\u00e0-dire tr\u00e8s prochainement. Elle ne sait pas encore si le domaine sera vendu en concessions ou dans sa globalit\u00e9. Elle rappelle qu\u2019elle avait contact\u00e9 en 2020 le d\u00e9partement de Stellantis concern\u00e9 pour proposer d\u2019implanter dans l\u2019un des nombreux b\u00e2timents du site un mus\u00e9e Citro\u00ebn , mais le retour a \u00e9t\u00e9 clair&nbsp;: il n\u2019\u00e9tait pas possible de l\u2019envisager car les investissements auraient \u00e9t\u00e9 trop importants. A suivre rapidement, donc&#8230;<\/p>\n\n\n\n<p class=\"has-text-align-center\"><strong>LE STUDIO DE LA FAISANDERIE VUE DU CIEL GR\u00c2CE A <em>GOOGLE EARTH<\/em><\/strong><\/p>\n\n\n\n<p class=\"has-text-align-center\">A visionner sur un grand \u00e9cran si possible\u2026<\/p>\n\n\n\n<figure class=\"wp-block-image size-large is-resized\"><img loading=\"lazy\" decoding=\"async\" width=\"1024\" height=\"639\" src=\"http:\/\/lignesauto.fr\/wp-content\/uploads\/2024\/01\/FA_306-1024x639.png\" alt=\"\" class=\"wp-image-32278\" style=\"width:844px;height:auto\" srcset=\"https:\/\/lignesauto.fr\/wp-content\/uploads\/2024\/01\/FA_306-1024x639.png 1024w, https:\/\/lignesauto.fr\/wp-content\/uploads\/2024\/01\/FA_306-300x187.png 300w, https:\/\/lignesauto.fr\/wp-content\/uploads\/2024\/01\/FA_306-768x479.png 768w, https:\/\/lignesauto.fr\/wp-content\/uploads\/2024\/01\/FA_306.png 1417w\" sizes=\"(max-width: 1024px) 100vw, 1024px\" \/><figcaption class=\"wp-element-caption\">La Fert\u00e9-Vidame &#8211; rep\u00e8re bleu &#8211; est \u00e0 environ 150 kilom\u00e8tres \u00e0 l&#8217;ouest de Paris. Le choix s&#8217;est port\u00e9 sur ce site car les essayeurs Citro\u00ebn, en s&#8217;y rendant le matin, n&#8217;avaient pas le soleil dans les yeux. M\u00eame chose lorsqu\u2019ils rentraient le soir&#8230; Rappelons que la limitation de vitesse n&#8217;existait pas \u00e0 cette \u00e9poque !<\/figcaption><\/figure>\n\n\n\n<figure class=\"wp-block-image size-large\"><img loading=\"lazy\" decoding=\"async\" width=\"1024\" height=\"763\" src=\"http:\/\/lignesauto.fr\/wp-content\/uploads\/2024\/01\/FA_305-1024x763.png\" alt=\"\" class=\"wp-image-32279\" srcset=\"https:\/\/lignesauto.fr\/wp-content\/uploads\/2024\/01\/FA_305-1024x763.png 1024w, https:\/\/lignesauto.fr\/wp-content\/uploads\/2024\/01\/FA_305-300x224.png 300w, https:\/\/lignesauto.fr\/wp-content\/uploads\/2024\/01\/FA_305-768x572.png 768w, https:\/\/lignesauto.fr\/wp-content\/uploads\/2024\/01\/FA_305.png 1417w\" sizes=\"(max-width: 1024px) 100vw, 1024px\" \/><figcaption class=\"wp-element-caption\">Il y a un peu plus de 500 habitants \u00e0 la Fert\u00e9-Vidame. Un village (1) qui semble tout petit \u00e0 c\u00f4t\u00e9 du site de Stellantis (2) de plus de 800 hectares, le plus grand espace priv\u00e9 int\u00e9gralement mur\u00e9 sur ses 12 kilom\u00e8tres d\u2019enceinte !<\/figcaption><\/figure>\n\n\n\n<figure class=\"wp-block-image size-large\"><img loading=\"lazy\" decoding=\"async\" width=\"1024\" height=\"742\" src=\"http:\/\/lignesauto.fr\/wp-content\/uploads\/2024\/01\/FA_301-1024x742.png\" alt=\"\" class=\"wp-image-32280\" srcset=\"https:\/\/lignesauto.fr\/wp-content\/uploads\/2024\/01\/FA_301-1024x742.png 1024w, https:\/\/lignesauto.fr\/wp-content\/uploads\/2024\/01\/FA_301-300x217.png 300w, https:\/\/lignesauto.fr\/wp-content\/uploads\/2024\/01\/FA_301-768x557.png 768w, https:\/\/lignesauto.fr\/wp-content\/uploads\/2024\/01\/FA_301.png 1417w\" sizes=\"(max-width: 1024px) 100vw, 1024px\" \/><figcaption class=\"wp-element-caption\">Vous entrez dans le site par la porte principale en 1. En 3, les pistes d&#8217;essais mythiques qui ont vu tourner des centaines de nouveaux mod\u00e8les, \u00e0 commencer par les prototypes de TPV avant-guerre. En 2, le petit studio de style, loin des pistes&#8230;<\/figcaption><\/figure>\n\n\n\n<figure class=\"wp-block-image size-large\"><img loading=\"lazy\" decoding=\"async\" width=\"1024\" height=\"512\" src=\"http:\/\/lignesauto.fr\/wp-content\/uploads\/2024\/01\/FA_302-1024x512.png\" alt=\"\" class=\"wp-image-32281\" srcset=\"https:\/\/lignesauto.fr\/wp-content\/uploads\/2024\/01\/FA_302-1024x512.png 1024w, https:\/\/lignesauto.fr\/wp-content\/uploads\/2024\/01\/FA_302-300x150.png 300w, https:\/\/lignesauto.fr\/wp-content\/uploads\/2024\/01\/FA_302-768x384.png 768w, https:\/\/lignesauto.fr\/wp-content\/uploads\/2024\/01\/FA_302-1536x768.png 1536w, https:\/\/lignesauto.fr\/wp-content\/uploads\/2024\/01\/FA_302-2048x1025.png 2048w\" sizes=\"(max-width: 1024px) 100vw, 1024px\" \/><figcaption class=\"wp-element-caption\">Le domaine priv\u00e9 \u00e9tait un terrain de chasse particulier. La demeure appel\u00e9e la Faisanderie \u00e9taient visit\u00e9e par les chasseurs. Des \u00e9tangs, dont le tr\u00e8s fameux &#8220;octogone&#8221;, \u00e9taient tout pr\u00e8s du pavillon transform\u00e9 en 2004 en studio de design.<\/figcaption><\/figure>\n\n\n\n<figure class=\"wp-block-image size-large\"><img loading=\"lazy\" decoding=\"async\" width=\"1024\" height=\"494\" src=\"http:\/\/lignesauto.fr\/wp-content\/uploads\/2024\/01\/FA_300-1024x494.png\" alt=\"\" class=\"wp-image-32282\" srcset=\"https:\/\/lignesauto.fr\/wp-content\/uploads\/2024\/01\/FA_300-1024x494.png 1024w, https:\/\/lignesauto.fr\/wp-content\/uploads\/2024\/01\/FA_300-300x145.png 300w, https:\/\/lignesauto.fr\/wp-content\/uploads\/2024\/01\/FA_300-768x370.png 768w, https:\/\/lignesauto.fr\/wp-content\/uploads\/2024\/01\/FA_300.png 1417w\" sizes=\"(max-width: 1024px) 100vw, 1024px\" \/><figcaption class=\"wp-element-caption\">En 1, on retrouve l&#8217;entr\u00e9e du site. En 2, la grande esplanade o\u00f9 les designers se rendaient avant la r\u00e9habilitation de la Faisanderie en studio de style en 2004. Ce dernier est visible en 3 avec sa piste bitum\u00e9e.<\/figcaption><\/figure>\n\n\n\n<figure class=\"wp-block-image size-large\"><img loading=\"lazy\" decoding=\"async\" width=\"1024\" height=\"749\" src=\"http:\/\/lignesauto.fr\/wp-content\/uploads\/2024\/01\/FA_304-1024x749.png\" alt=\"\" class=\"wp-image-32283\" srcset=\"https:\/\/lignesauto.fr\/wp-content\/uploads\/2024\/01\/FA_304-1024x749.png 1024w, https:\/\/lignesauto.fr\/wp-content\/uploads\/2024\/01\/FA_304-300x219.png 300w, https:\/\/lignesauto.fr\/wp-content\/uploads\/2024\/01\/FA_304-768x562.png 768w, https:\/\/lignesauto.fr\/wp-content\/uploads\/2024\/01\/FA_304.png 1417w\" sizes=\"(max-width: 1024px) 100vw, 1024px\" \/><figcaption class=\"wp-element-caption\">Voici le &#8220;studio de design&#8221; de la Faisanderie de plus pr\u00e8s. Le b\u00e2timent historique et r\u00e9habilit\u00e9 est en 1. On y acc\u00e8de par la route, \u00e0 gauche, qui donne sur la fa\u00e7ade. En 2, le studio de style et de travail est \u00e0 l&#8217;arri\u00e8re de la Faisanderie. Plusieurs maquettes peuvent y \u00eatre jug\u00e9es \u00e0 l&#8217;abri. En 3, la piste circulaire et l&#8217;espace ext\u00e9rieur o\u00f9 les maquettes sont jug\u00e9es et retravaill\u00e9es en pleine lumi\u00e8re.<\/figcaption><\/figure>\n\n\n\n<figure class=\"wp-block-image size-large\"><img loading=\"lazy\" decoding=\"async\" width=\"1024\" height=\"681\" src=\"http:\/\/lignesauto.fr\/wp-content\/uploads\/2024\/01\/FA_08-1-1024x681.jpg\" alt=\"\" class=\"wp-image-32316\" srcset=\"https:\/\/lignesauto.fr\/wp-content\/uploads\/2024\/01\/FA_08-1-1024x681.jpg 1024w, https:\/\/lignesauto.fr\/wp-content\/uploads\/2024\/01\/FA_08-1-300x200.jpg 300w, https:\/\/lignesauto.fr\/wp-content\/uploads\/2024\/01\/FA_08-1-768x511.jpg 768w, https:\/\/lignesauto.fr\/wp-content\/uploads\/2024\/01\/FA_08-1.jpg 1417w\" sizes=\"(max-width: 1024px) 100vw, 1024px\" \/><figcaption class=\"wp-element-caption\">Au fond, le toit de la Faisanderie. Devant, le studio int\u00e9gralement vitr\u00e9 qui donne sur la petite piste circulaire. Photo prise en 2008 lors du premier roulage des Citro\u00ebn Hypnos et GTby Citro\u00ebn.<\/figcaption><\/figure>\n\n\n\n<p class=\"has-text-align-center\"><strong>EXCLUSIF: LA R\u00c9HABILITATION DU PAVILLON DE LA FAISANDERIE EN IMAGES<\/strong><\/p>\n\n\n\n<figure class=\"wp-block-image size-large\"><img loading=\"lazy\" decoding=\"async\" width=\"1024\" height=\"655\" src=\"http:\/\/lignesauto.fr\/wp-content\/uploads\/2024\/01\/FA_105-1024x655.png\" alt=\"\" class=\"wp-image-32344\" srcset=\"https:\/\/lignesauto.fr\/wp-content\/uploads\/2024\/01\/FA_105-1024x655.png 1024w, https:\/\/lignesauto.fr\/wp-content\/uploads\/2024\/01\/FA_105-300x192.png 300w, https:\/\/lignesauto.fr\/wp-content\/uploads\/2024\/01\/FA_105-768x491.png 768w, https:\/\/lignesauto.fr\/wp-content\/uploads\/2024\/01\/FA_105.png 1417w\" sizes=\"(max-width: 1024px) 100vw, 1024px\" \/><figcaption class=\"wp-element-caption\">Le pavillon de la Faisanderie du temps de sa splendeur&#8230;<\/figcaption><\/figure>\n\n\n\n<figure class=\"wp-block-image size-large\"><img loading=\"lazy\" decoding=\"async\" width=\"1024\" height=\"718\" src=\"http:\/\/lignesauto.fr\/wp-content\/uploads\/2024\/01\/FA_205-1-1024x718.png\" alt=\"\" class=\"wp-image-32343\" srcset=\"https:\/\/lignesauto.fr\/wp-content\/uploads\/2024\/01\/FA_205-1-1024x718.png 1024w, https:\/\/lignesauto.fr\/wp-content\/uploads\/2024\/01\/FA_205-1-300x210.png 300w, https:\/\/lignesauto.fr\/wp-content\/uploads\/2024\/01\/FA_205-1-768x538.png 768w, https:\/\/lignesauto.fr\/wp-content\/uploads\/2024\/01\/FA_205-1.png 1417w\" sizes=\"(max-width: 1024px) 100vw, 1024px\" \/><figcaption class=\"wp-element-caption\">Le pavillon abandonn\u00e9 jusqu&#8217;\u00e0 la fin des ann\u00e9es 1990&#8230;<\/figcaption><\/figure>\n\n\n\n<figure class=\"wp-block-image size-large\"><img loading=\"lazy\" decoding=\"async\" width=\"1024\" height=\"683\" src=\"http:\/\/lignesauto.fr\/wp-content\/uploads\/2024\/01\/FA_100-1024x683.jpg\" alt=\"\" class=\"wp-image-32345\" srcset=\"https:\/\/lignesauto.fr\/wp-content\/uploads\/2024\/01\/FA_100-1024x683.jpg 1024w, https:\/\/lignesauto.fr\/wp-content\/uploads\/2024\/01\/FA_100-300x200.jpg 300w, https:\/\/lignesauto.fr\/wp-content\/uploads\/2024\/01\/FA_100-768x512.jpg 768w, https:\/\/lignesauto.fr\/wp-content\/uploads\/2024\/01\/FA_100.jpg 1417w\" sizes=\"(max-width: 1024px) 100vw, 1024px\" \/><figcaption class=\"wp-element-caption\">Gr\u00e2ce \u00e0 la volont\u00e9 de Robert Peugeot et \u00e0 l&#8217;initiative de Jean-Pierre Plou\u00e9, la r\u00e9habilitation du pavillon de la Faisanderie se termine en 2004, en m\u00eame temps que l&#8217;ADN en r\u00e9gion parisienne !.<\/figcaption><\/figure>\n\n\n\n<figure class=\"wp-block-image size-large\"><img loading=\"lazy\" decoding=\"async\" width=\"1024\" height=\"683\" src=\"http:\/\/lignesauto.fr\/wp-content\/uploads\/2024\/01\/FA_103-1024x683.jpg\" alt=\"\" class=\"wp-image-32346\" srcset=\"https:\/\/lignesauto.fr\/wp-content\/uploads\/2024\/01\/FA_103-1024x683.jpg 1024w, https:\/\/lignesauto.fr\/wp-content\/uploads\/2024\/01\/FA_103-300x200.jpg 300w, https:\/\/lignesauto.fr\/wp-content\/uploads\/2024\/01\/FA_103-768x512.jpg 768w, https:\/\/lignesauto.fr\/wp-content\/uploads\/2024\/01\/FA_103.jpg 1417w\" sizes=\"(max-width: 1024px) 100vw, 1024px\" \/><figcaption class=\"wp-element-caption\">Le travail a demand\u00e9 beaucoup d&#8217;expertise, de temps et d&#8217;argent. D&#8217;o\u00f9 un regret encore plus aiguis\u00e9 quand on sait que tout ceci ne servira plus \u00e0 Stellantis&#8230;<\/figcaption><\/figure>\n\n\n\n<figure class=\"wp-block-image size-large\"><img loading=\"lazy\" decoding=\"async\" width=\"1024\" height=\"683\" src=\"http:\/\/lignesauto.fr\/wp-content\/uploads\/2024\/01\/FA_104-1024x683.jpg\" alt=\"\" class=\"wp-image-32347\" srcset=\"https:\/\/lignesauto.fr\/wp-content\/uploads\/2024\/01\/FA_104-1024x683.jpg 1024w, https:\/\/lignesauto.fr\/wp-content\/uploads\/2024\/01\/FA_104-300x200.jpg 300w, https:\/\/lignesauto.fr\/wp-content\/uploads\/2024\/01\/FA_104-768x512.jpg 768w, https:\/\/lignesauto.fr\/wp-content\/uploads\/2024\/01\/FA_104.jpg 1417w\" sizes=\"(max-width: 1024px) 100vw, 1024px\" \/><figcaption class=\"wp-element-caption\">La Faisanderie a \u00e9t\u00e9 int\u00e9gralement r\u00e9habilit\u00e9e, mais h\u00e9las, les designers n&#8217;ont pas laiss\u00e9 de prototypes inconnus dans les combles. On ne retrouvera pas de Citro\u00ebn secr\u00e8te ici, comme on a retrouv\u00e9 trois prototypes de TPV dans les greniers d&#8217;une grange, plus loin du studio, pr\u00e8s des pistes&#8230;<\/figcaption><\/figure>\n\n\n\n<figure class=\"wp-block-image size-large is-resized\"><img loading=\"lazy\" decoding=\"async\" width=\"1024\" height=\"683\" src=\"http:\/\/lignesauto.fr\/wp-content\/uploads\/2024\/01\/FA_101-1024x683.jpg\" alt=\"\" class=\"wp-image-32348\" style=\"width:840px;height:auto\" srcset=\"https:\/\/lignesauto.fr\/wp-content\/uploads\/2024\/01\/FA_101-1024x683.jpg 1024w, https:\/\/lignesauto.fr\/wp-content\/uploads\/2024\/01\/FA_101-300x200.jpg 300w, https:\/\/lignesauto.fr\/wp-content\/uploads\/2024\/01\/FA_101-768x512.jpg 768w, https:\/\/lignesauto.fr\/wp-content\/uploads\/2024\/01\/FA_101.jpg 1417w\" sizes=\"(max-width: 1024px) 100vw, 1024px\" \/><figcaption class=\"wp-element-caption\">Les ouvriers sont dans la grande salle vitr\u00e9e et couverte, \u00e0 quelques jours de la livraison du studio. Un bel outil dont les designers de Peugeot, DS et Citro\u00ebn devront d\u00e9sormais se passer&#8230;<\/figcaption><\/figure>\n\n\n<div class=\"wp-block-image\">\n<figure class=\"aligncenter size-full is-resized\"><img loading=\"lazy\" decoding=\"async\" width=\"1024\" height=\"367\" src=\"http:\/\/lignesauto.fr\/wp-content\/uploads\/2024\/01\/image.png\" alt=\"\" class=\"wp-image-31949\" style=\"width:351px;height:auto\" srcset=\"https:\/\/lignesauto.fr\/wp-content\/uploads\/2024\/01\/image.png 1024w, https:\/\/lignesauto.fr\/wp-content\/uploads\/2024\/01\/image-300x108.png 300w, https:\/\/lignesauto.fr\/wp-content\/uploads\/2024\/01\/image-768x275.png 768w\" sizes=\"(max-width: 1024px) 100vw, 1024px\" \/><\/figure><\/div>","protected":false},"excerpt":{"rendered":"<p>Au d\u00e9but du mois de juillet 2023, le journal L\u2019\u00e9cho R\u00e9publicain relate \u00ab qu\u2019\u00e0 la toute fin des quatre heures de Conseil communautaire aux For\u00eats du Perche, un mail de la direction du constructeur automobile Stellantis annonce la mise en vente du site de la Fert\u00e9-Vidame. Ce site \u00e9tait notamment [&hellip;]<\/p>\n","protected":false},"author":1,"featured_media":32482,"comment_status":"closed","ping_status":"closed","sticky":false,"template":"","format":"standard","meta":{"footnotes":""},"categories":[1],"tags":[],"_links":{"self":[{"href":"https:\/\/lignesauto.fr\/index.php?rest_route=\/wp\/v2\/posts\/32252"}],"collection":[{"href":"https:\/\/lignesauto.fr\/index.php?rest_route=\/wp\/v2\/posts"}],"about":[{"href":"https:\/\/lignesauto.fr\/index.php?rest_route=\/wp\/v2\/types\/post"}],"author":[{"embeddable":true,"href":"https:\/\/lignesauto.fr\/index.php?rest_route=\/wp\/v2\/users\/1"}],"replies":[{"embeddable":true,"href":"https:\/\/lignesauto.fr\/index.php?rest_route=%2Fwp%2Fv2%2Fcomments&post=32252"}],"version-history":[{"count":117,"href":"https:\/\/lignesauto.fr\/index.php?rest_route=\/wp\/v2\/posts\/32252\/revisions"}],"predecessor-version":[{"id":32486,"href":"https:\/\/lignesauto.fr\/index.php?rest_route=\/wp\/v2\/posts\/32252\/revisions\/32486"}],"wp:featuredmedia":[{"embeddable":true,"href":"https:\/\/lignesauto.fr\/index.php?rest_route=\/wp\/v2\/media\/32482"}],"wp:attachment":[{"href":"https:\/\/lignesauto.fr\/index.php?rest_route=%2Fwp%2Fv2%2Fmedia&parent=32252"}],"wp:term":[{"taxonomy":"category","embeddable":true,"href":"https:\/\/lignesauto.fr\/index.php?rest_route=%2Fwp%2Fv2%2Fcategories&post=32252"},{"taxonomy":"post_tag","embeddable":true,"href":"https:\/\/lignesauto.fr\/index.php?rest_route=%2Fwp%2Fv2%2Ftags&post=32252"}],"curies":[{"name":"wp","href":"https:\/\/api.w.org\/{rel}","templated":true}]}}