{"id":3330,"date":"2018-10-01T14:26:58","date_gmt":"2018-10-01T12:26:58","guid":{"rendered":"http:\/\/lignesauto.fr\/?p=3330"},"modified":"2018-12-22T17:32:33","modified_gmt":"2018-12-22T16:32:33","slug":"3330","status":"publish","type":"post","link":"https:\/\/lignesauto.fr\/?p=3330","title":{"rendered":"Les r\u00e9troviseurs num\u00e9riques de l&#8217;Audi e-tron"},"content":{"rendered":"<h3><strong><img loading=\"lazy\" decoding=\"async\" class=\"alignnone size-medium wp-image-4921\" src=\"http:\/\/lignesauto.fr\/wp-content\/uploads\/2018\/10\/LOGOActus_BD-300x108.jpg\" alt=\"\" width=\"300\" height=\"108\" srcset=\"https:\/\/lignesauto.fr\/wp-content\/uploads\/2018\/10\/LOGOActus_BD-300x108.jpg 300w, https:\/\/lignesauto.fr\/wp-content\/uploads\/2018\/10\/LOGOActus_BD-768x276.jpg 768w, https:\/\/lignesauto.fr\/wp-content\/uploads\/2018\/10\/LOGOActus_BD-1024x367.jpg 1024w, https:\/\/lignesauto.fr\/wp-content\/uploads\/2018\/10\/LOGOActus_BD-370x133.jpg 370w, https:\/\/lignesauto.fr\/wp-content\/uploads\/2018\/10\/LOGOActus_BD-1040x373.jpg 1040w, https:\/\/lignesauto.fr\/wp-content\/uploads\/2018\/10\/LOGOActus_BD.jpg 1240w\" sizes=\"(max-width: 300px) 100vw, 300px\" \/><\/strong><\/h3>\n<p>Messieurs les designers, balancez \u00e0 la corbeille ces grosses verrues de r\u00e9troviseurs qui vous g\u00eanent : voici les r\u00e9troviseurs num\u00e9riques que vous connaissez certes d\u00e9j\u00e0, mais qui arrivent en industrialisation sur le prochain SUV Audi et sur les march\u00e9s qui autoriseront cette option.<\/p>\n<p><img loading=\"lazy\" decoding=\"async\" class=\"wp-image-3331 size-large\" src=\"http:\/\/lignesauto.fr\/wp-content\/uploads\/2018\/07\/A187588_medium-1024x682.jpg\" alt=\"\" width=\"1024\" height=\"682\" srcset=\"https:\/\/lignesauto.fr\/wp-content\/uploads\/2018\/07\/A187588_medium-1024x682.jpg 1024w, https:\/\/lignesauto.fr\/wp-content\/uploads\/2018\/07\/A187588_medium-300x200.jpg 300w, https:\/\/lignesauto.fr\/wp-content\/uploads\/2018\/07\/A187588_medium-768x512.jpg 768w, https:\/\/lignesauto.fr\/wp-content\/uploads\/2018\/07\/A187588_medium-370x247.jpg 370w, https:\/\/lignesauto.fr\/wp-content\/uploads\/2018\/07\/A187588_medium-1040x693.jpg 1040w\" sizes=\"(max-width: 1024px) 100vw, 1024px\" \/><\/p>\n<p>Ces r\u00e9troviseurs ext\u00e9rieurs virtuels seront en s\u00e9rie ou optionnels sur la nouvelle Audi SUV e-tron, 100 % \u00e9lectrique, qui a \u00e9t\u00e9 d\u00e9voil\u00e9e \u00e0 San Francisco le 17 septembre.<\/p>\n<p><img loading=\"lazy\" decoding=\"async\" class=\"wp-image-4851 size-large\" src=\"http:\/\/lignesauto.fr\/wp-content\/uploads\/2018\/09\/A1811315_large-1024x576.jpg\" alt=\"\" width=\"1024\" height=\"576\" srcset=\"https:\/\/lignesauto.fr\/wp-content\/uploads\/2018\/09\/A1811315_large-1024x576.jpg 1024w, https:\/\/lignesauto.fr\/wp-content\/uploads\/2018\/09\/A1811315_large-300x169.jpg 300w, https:\/\/lignesauto.fr\/wp-content\/uploads\/2018\/09\/A1811315_large-768x432.jpg 768w, https:\/\/lignesauto.fr\/wp-content\/uploads\/2018\/09\/A1811315_large-370x208.jpg 370w, https:\/\/lignesauto.fr\/wp-content\/uploads\/2018\/09\/A1811315_large-1040x585.jpg 1040w, https:\/\/lignesauto.fr\/wp-content\/uploads\/2018\/09\/A1811315_large.jpg 1890w\" sizes=\"(max-width: 1024px) 100vw, 1024px\" \/><\/p>\n<p>&nbsp;<\/p>\n<p><span style=\"font-size: 16px;\">Cette nouvelle &#8220;r\u00e9trovision&#8221; apportera de nombreux commentaires mais aussi une nouvelle exp\u00e9rience technologique et des avantages pratiques en termes de confort et de s\u00e9curit\u00e9. Le support plat de chaque r\u00e9troviseur int\u00e8gre une petite cam\u00e9ra dont l&#8217;image est trait\u00e9e num\u00e9riquement et affich\u00e9e \u00e0 bord sur des \u00e9crans OLED de 7 pouces \u00e0 contraste \u00e9lev\u00e9.<\/span><\/p>\n<p><img loading=\"lazy\" decoding=\"async\" class=\"wp-image-3333 size-large\" src=\"http:\/\/lignesauto.fr\/wp-content\/uploads\/2018\/07\/A187575_medium-1024x682.jpg\" alt=\"\" width=\"1024\" height=\"682\" srcset=\"https:\/\/lignesauto.fr\/wp-content\/uploads\/2018\/07\/A187575_medium-1024x682.jpg 1024w, https:\/\/lignesauto.fr\/wp-content\/uploads\/2018\/07\/A187575_medium-300x200.jpg 300w, https:\/\/lignesauto.fr\/wp-content\/uploads\/2018\/07\/A187575_medium-768x512.jpg 768w, https:\/\/lignesauto.fr\/wp-content\/uploads\/2018\/07\/A187575_medium-370x247.jpg 370w, https:\/\/lignesauto.fr\/wp-content\/uploads\/2018\/07\/A187575_medium-1040x693.jpg 1040w\" sizes=\"(max-width: 1024px) 100vw, 1024px\" \/><\/p>\n<p><span style=\"font-size: 16px;\">Ces deux \u00e9crans sont situ\u00e9s dans le champ de vision lat\u00e9ral du conducteur, \u00e0 l\u2019extr\u00e9mit\u00e9 du m\u00e9daillon de porti\u00e8re. Le conducteur peut entrer diff\u00e9rents param\u00e8tres en utilisant les fonctions d\u00e9di\u00e9es de l\u2019\u00e9cran tactile central. Les d\u00e9tails de l&#8217;image peuvent \u00eatre d\u00e9plac\u00e9s, fournissant le champ de vision requis, tandis que l&#8217;utilisateur peut \u00e9galement zoomer dans et hors de l&#8217;image.<\/span><\/p>\n<p><img loading=\"lazy\" decoding=\"async\" class=\"wp-image-3334 size-large\" src=\"http:\/\/lignesauto.fr\/wp-content\/uploads\/2018\/07\/A187585_medium-1024x682.jpg\" alt=\"\" width=\"1024\" height=\"682\" srcset=\"https:\/\/lignesauto.fr\/wp-content\/uploads\/2018\/07\/A187585_medium-1024x682.jpg 1024w, https:\/\/lignesauto.fr\/wp-content\/uploads\/2018\/07\/A187585_medium-300x200.jpg 300w, https:\/\/lignesauto.fr\/wp-content\/uploads\/2018\/07\/A187585_medium-768x512.jpg 768w, https:\/\/lignesauto.fr\/wp-content\/uploads\/2018\/07\/A187585_medium-370x247.jpg 370w, https:\/\/lignesauto.fr\/wp-content\/uploads\/2018\/07\/A187585_medium-1040x693.jpg 1040w\" sizes=\"(max-width: 1024px) 100vw, 1024px\" \/><\/p>\n<p>Le conducteur peut aussi choisir parmi trois angles de vues dans le syst\u00e8me MMI pour diff\u00e9rentes situations, notamment pour la conduite sur autoroute ou pour le stationnement. Gagner un peu de SCx pour un peu de carburant en moins n\u00e9cessitera donc de s&#8217;accoutumer aux r\u00e9glages et \u00e0 ce changement li\u00e9 \u00e0 un accessoire qui n &#8216;a que peu \u00e9volu\u00e9 au fil du temps.<br \/>\n<strong>Et si on s&#8217;attaquait aussi aux essuie-glaces ?<br \/>\nUne lame de caoutchouc pour balayer le pare-brise parait bien incongrue dans une automobile \u00e9lectrique, connect\u00e9e et autonome.<br \/>\n<img loading=\"lazy\" decoding=\"async\" class=\"alignnone wp-image-3337 size-medium\" src=\"http:\/\/lignesauto.fr\/wp-content\/uploads\/2018\/07\/scheibwischbrille_orange_464700370310000000-300x300.jpg\" alt=\"\" width=\"300\" height=\"300\" srcset=\"https:\/\/lignesauto.fr\/wp-content\/uploads\/2018\/07\/scheibwischbrille_orange_464700370310000000-300x300.jpg 300w, https:\/\/lignesauto.fr\/wp-content\/uploads\/2018\/07\/scheibwischbrille_orange_464700370310000000-150x150.jpg 150w, https:\/\/lignesauto.fr\/wp-content\/uploads\/2018\/07\/scheibwischbrille_orange_464700370310000000-768x768.jpg 768w, https:\/\/lignesauto.fr\/wp-content\/uploads\/2018\/07\/scheibwischbrille_orange_464700370310000000-370x370.jpg 370w, https:\/\/lignesauto.fr\/wp-content\/uploads\/2018\/07\/scheibwischbrille_orange_464700370310000000.jpg 1000w\" sizes=\"(max-width: 300px) 100vw, 300px\" \/><br \/>\n<\/strong><\/p>\n<p><img loading=\"lazy\" decoding=\"async\" class=\"alignnone size-medium wp-image-4921\" src=\"http:\/\/lignesauto.fr\/wp-content\/uploads\/2018\/10\/LOGOActus_BD-300x108.jpg\" alt=\"\" width=\"300\" height=\"108\" srcset=\"https:\/\/lignesauto.fr\/wp-content\/uploads\/2018\/10\/LOGOActus_BD-300x108.jpg 300w, https:\/\/lignesauto.fr\/wp-content\/uploads\/2018\/10\/LOGOActus_BD-768x276.jpg 768w, https:\/\/lignesauto.fr\/wp-content\/uploads\/2018\/10\/LOGOActus_BD-1024x367.jpg 1024w, https:\/\/lignesauto.fr\/wp-content\/uploads\/2018\/10\/LOGOActus_BD-370x133.jpg 370w, https:\/\/lignesauto.fr\/wp-content\/uploads\/2018\/10\/LOGOActus_BD-1040x373.jpg 1040w, https:\/\/lignesauto.fr\/wp-content\/uploads\/2018\/10\/LOGOActus_BD.jpg 1240w\" sizes=\"(max-width: 300px) 100vw, 300px\" \/><\/p>\n","protected":false},"excerpt":{"rendered":"<p>Messieurs les designers, balancez \u00e0 la corbeille ces grosses verrues de r\u00e9troviseurs qui vous g\u00eanent : voici les r\u00e9troviseurs num\u00e9riques que vous connaissez certes d\u00e9j\u00e0, mais qui arrivent en industrialisation sur le prochain SUV Audi et sur les march\u00e9s qui autoriseront cette option. Ces r\u00e9troviseurs ext\u00e9rieurs virtuels seront en s\u00e9rie [&hellip;]<\/p>\n","protected":false},"author":1,"featured_media":3331,"comment_status":"open","ping_status":"open","sticky":false,"template":"","format":"standard","meta":{"footnotes":""},"categories":[1],"tags":[],"_links":{"self":[{"href":"https:\/\/lignesauto.fr\/index.php?rest_route=\/wp\/v2\/posts\/3330"}],"collection":[{"href":"https:\/\/lignesauto.fr\/index.php?rest_route=\/wp\/v2\/posts"}],"about":[{"href":"https:\/\/lignesauto.fr\/index.php?rest_route=\/wp\/v2\/types\/post"}],"author":[{"embeddable":true,"href":"https:\/\/lignesauto.fr\/index.php?rest_route=\/wp\/v2\/users\/1"}],"replies":[{"embeddable":true,"href":"https:\/\/lignesauto.fr\/index.php?rest_route=%2Fwp%2Fv2%2Fcomments&post=3330"}],"version-history":[{"count":10,"href":"https:\/\/lignesauto.fr\/index.php?rest_route=\/wp\/v2\/posts\/3330\/revisions"}],"predecessor-version":[{"id":5281,"href":"https:\/\/lignesauto.fr\/index.php?rest_route=\/wp\/v2\/posts\/3330\/revisions\/5281"}],"wp:featuredmedia":[{"embeddable":true,"href":"https:\/\/lignesauto.fr\/index.php?rest_route=\/wp\/v2\/media\/3331"}],"wp:attachment":[{"href":"https:\/\/lignesauto.fr\/index.php?rest_route=%2Fwp%2Fv2%2Fmedia&parent=3330"}],"wp:term":[{"taxonomy":"category","embeddable":true,"href":"https:\/\/lignesauto.fr\/index.php?rest_route=%2Fwp%2Fv2%2Fcategories&post=3330"},{"taxonomy":"post_tag","embeddable":true,"href":"https:\/\/lignesauto.fr\/index.php?rest_route=%2Fwp%2Fv2%2Ftags&post=3330"}],"curies":[{"name":"wp","href":"https:\/\/api.w.org\/{rel}","templated":true}]}}