{"id":33480,"date":"2024-04-16T16:12:19","date_gmt":"2024-04-16T14:12:19","guid":{"rendered":"http:\/\/lignesauto.fr\/?p=33480"},"modified":"2024-04-16T18:46:01","modified_gmt":"2024-04-16T16:46:01","slug":"design-week-a-milan-quand-la-bande-a-stephane-janin-descend-en-ville","status":"publish","type":"post","link":"https:\/\/lignesauto.fr\/?p=33480","title":{"rendered":"Design-week \u00e0 Milan : quand la bande \u00e0 St\u00e9phane Janin descend en ville !"},"content":{"rendered":"<div class=\"wp-block-image\">\n<figure class=\"aligncenter size-full is-resized\"><img loading=\"lazy\" decoding=\"async\" width=\"1024\" height=\"367\" src=\"http:\/\/lignesauto.fr\/wp-content\/uploads\/2024\/02\/image.png\" alt=\"\" class=\"wp-image-33022\" style=\"width:515px;height:auto\" srcset=\"https:\/\/lignesauto.fr\/wp-content\/uploads\/2024\/02\/image.png 1024w, https:\/\/lignesauto.fr\/wp-content\/uploads\/2024\/02\/image-300x108.png 300w, https:\/\/lignesauto.fr\/wp-content\/uploads\/2024\/02\/image-768x275.png 768w\" sizes=\"(max-width: 1024px) 100vw, 1024px\" \/><\/figure><\/div>\n\n\n<p style=\"font-size:17px\">La ville veut exclure l&#8217;automobile ? Qu&#8217;\u00e0 cela ne tienne, l\u2019\u00e9quipe de St\u00e9phane Janin a con\u00e7u trois engins qui sont aptes \u00e0 r\u00e9concilier conduite urbaine, fun et efficacit\u00e9 ! <\/p>\n\n\n\n<figure class=\"wp-block-image size-large\"><img loading=\"lazy\" decoding=\"async\" width=\"1024\" height=\"576\" src=\"http:\/\/lignesauto.fr\/wp-content\/uploads\/2024\/04\/GAC_07-1024x576.jpg\" alt=\"\" class=\"wp-image-33496\" srcset=\"https:\/\/lignesauto.fr\/wp-content\/uploads\/2024\/04\/GAC_07-1024x576.jpg 1024w, https:\/\/lignesauto.fr\/wp-content\/uploads\/2024\/04\/GAC_07-300x169.jpg 300w, https:\/\/lignesauto.fr\/wp-content\/uploads\/2024\/04\/GAC_07-768x432.jpg 768w, https:\/\/lignesauto.fr\/wp-content\/uploads\/2024\/04\/GAC_07.jpg 1417w\" sizes=\"(max-width: 1024px) 100vw, 1024px\" \/><\/figure>\n\n\n\n<p style=\"font-size:17px\">Le studio europ\u00e9en du constructeur chinois GAC, men\u00e9 de mains de ma\u00eetre par le duo St\u00e9phane Janin et Yann Jarsall\u00e9 (voir l&#8217;interview de St\u00e9phane Janin ici : <a href=\"http:\/\/lignesauto.fr\/?p=32678\">http:\/\/lignesauto.fr\/?p=32678<\/a>) a pour habitude de c\u00e9l\u00e9brer la semaine du design \u00e0 Milan \u00e0 sa fa\u00e7on. Logique, le studio est implant\u00e9 au c\u0153ur de la ville Italienne, rue Tortona.<\/p>\n\n\n\n<figure class=\"wp-block-image size-large\"><img loading=\"lazy\" decoding=\"async\" width=\"1024\" height=\"685\" src=\"http:\/\/lignesauto.fr\/wp-content\/uploads\/2024\/04\/GAC_000-1024x685.png\" alt=\"\" class=\"wp-image-33567\" srcset=\"https:\/\/lignesauto.fr\/wp-content\/uploads\/2024\/04\/GAC_000-1024x685.png 1024w, https:\/\/lignesauto.fr\/wp-content\/uploads\/2024\/04\/GAC_000-300x201.png 300w, https:\/\/lignesauto.fr\/wp-content\/uploads\/2024\/04\/GAC_000-768x514.png 768w, https:\/\/lignesauto.fr\/wp-content\/uploads\/2024\/04\/GAC_000.png 1417w\" sizes=\"(max-width: 1024px) 100vw, 1024px\" \/><\/figure>\n\n\n\n<p style=\"font-size:17px\">Et alors que le groupe Stellantis a d\u00fb changer l&#8217;appellation de son Milano, le nouveau crossover Alfa Romeo du segment B, voici que St\u00e9phane Janin et sa bande ont d\u00e9cid\u00e9 de s&#8217;appuyer sur des concepts qui fleurent bon l&#8217;Italie comme l&#8217;Isetta ou encore le Piaggio Ape (ci-dessous). Clin d\u2019\u0153il savoureux&#8230;<\/p>\n\n\n\n<figure class=\"wp-block-image size-large\"><img loading=\"lazy\" decoding=\"async\" width=\"1024\" height=\"653\" src=\"http:\/\/lignesauto.fr\/wp-content\/uploads\/2024\/04\/GAC_402-1024x653.png\" alt=\"\" class=\"wp-image-33526\" srcset=\"https:\/\/lignesauto.fr\/wp-content\/uploads\/2024\/04\/GAC_402-1024x653.png 1024w, https:\/\/lignesauto.fr\/wp-content\/uploads\/2024\/04\/GAC_402-300x191.png 300w, https:\/\/lignesauto.fr\/wp-content\/uploads\/2024\/04\/GAC_402-768x490.png 768w, https:\/\/lignesauto.fr\/wp-content\/uploads\/2024\/04\/GAC_402.png 1417w\" sizes=\"(max-width: 1024px) 100vw, 1024px\" \/><\/figure>\n\n\n\n<p style=\"font-size:17px\">Le studio de design avanc\u00e9 GAC \u00e0 Milan propose trois concepts de mobilit\u00e9 urbaine. Si tout ou presque a d\u00e9j\u00e0 \u00e9t\u00e9 con\u00e7u dans ce domaine, sans m\u00eame remonter jusqu&#8217;aux City Toys de Peugeot du Mondial de Paris de 2000 ou plus pr\u00e8s de nous, les Mobilize Duo et Bento, force est de reconna\u00eetre que les trois concepts imagin\u00e9s par l&#8217;\u00e9quipe de St\u00e9phane Janin par de jeunes cr\u00e9atifs apportent de la fraicheur et pas mal d&#8217;astuces.<\/p>\n\n\n\n<p class=\"has-text-align-center\" style=\"font-size:18px\"><strong>LA VID\u00c9O :<\/strong><\/p>\n\n\n\n<figure class=\"wp-block-embed is-type-video is-provider-youtube wp-block-embed-youtube wp-embed-aspect-16-9 wp-has-aspect-ratio\"><div class=\"wp-block-embed__wrapper\">\n<iframe loading=\"lazy\" title=\"CONCEPTS URBAINS GAC - DESIGN WEEK MILAN 2024\" width=\"640\" height=\"360\" src=\"https:\/\/www.youtube.com\/embed\/hoSmbcvb0IE?feature=oembed\" frameborder=\"0\" allow=\"accelerometer; autoplay; clipboard-write; encrypted-media; gyroscope; picture-in-picture; web-share\" referrerpolicy=\"strict-origin-when-cross-origin\" allowfullscreen><\/iframe>\n<\/div><\/figure>\n\n\n\n<figure class=\"wp-block-image size-large\"><img loading=\"lazy\" decoding=\"async\" width=\"1024\" height=\"593\" src=\"http:\/\/lignesauto.fr\/wp-content\/uploads\/2024\/04\/GAC_05-1024x593.png\" alt=\"\" class=\"wp-image-33528\" srcset=\"https:\/\/lignesauto.fr\/wp-content\/uploads\/2024\/04\/GAC_05-1024x593.png 1024w, https:\/\/lignesauto.fr\/wp-content\/uploads\/2024\/04\/GAC_05-300x174.png 300w, https:\/\/lignesauto.fr\/wp-content\/uploads\/2024\/04\/GAC_05-768x444.png 768w, https:\/\/lignesauto.fr\/wp-content\/uploads\/2024\/04\/GAC_05.png 1417w\" sizes=\"(max-width: 1024px) 100vw, 1024px\" \/><figcaption class=\"wp-element-caption\">L&#8217;un des trois concepts lors de la phase \u00e9tude : le City Run (voir plus bas)<\/figcaption><\/figure>\n\n\n\n<p>Techniquement, les trois petits engins qui ont pour nom City Pod, City Box et City Run s&#8217;appuient tous sur un module de &#8220;groupe motopropulseur&#8221; \u00e9lectrique modulaire. Il int\u00e8gre les batteries et les composants d&#8217;entra\u00eenement dans une seule unit\u00e9 con\u00e7ue pour \u00eatre facilement remplac\u00e9e. Ce syst\u00e8me interchangeable permet de changer rapidement de groupe motopropulseur d&#8217;un v\u00e9hicule \u00e0 l&#8217;autre, ce qui r\u00e9duit les temps d&#8217;immobilisation pour l&#8217;entretien et les r\u00e9parations.<\/p>\n\n\n\n<figure class=\"wp-block-image size-large\"><img loading=\"lazy\" decoding=\"async\" width=\"1024\" height=\"611\" src=\"http:\/\/lignesauto.fr\/wp-content\/uploads\/2024\/04\/GAC_08-1024x611.png\" alt=\"\" class=\"wp-image-33500\" srcset=\"https:\/\/lignesauto.fr\/wp-content\/uploads\/2024\/04\/GAC_08-1024x611.png 1024w, https:\/\/lignesauto.fr\/wp-content\/uploads\/2024\/04\/GAC_08-300x179.png 300w, https:\/\/lignesauto.fr\/wp-content\/uploads\/2024\/04\/GAC_08-768x459.png 768w, https:\/\/lignesauto.fr\/wp-content\/uploads\/2024\/04\/GAC_08.png 1417w\" sizes=\"(max-width: 1024px) 100vw, 1024px\" \/><\/figure>\n\n\n\n<p>En combinant les batteries et les syst\u00e8mes d&#8217;entra\u00eenement, l&#8217;efficacit\u00e9 est maximis\u00e9e, ce qui permet d&#8217;optimiser les performances et le rendement de plusieurs v\u00e9hicules. En fin de compte, il s&#8217;agit d&#8217;une solution pratique et flexible pour les exploitants de v\u00e9hicules \u00e9lectriques, qui favorise la mobilit\u00e9 durable.<\/p>\n\n\n\n<p class=\"has-text-align-center\" style=\"font-size:20px\"><strong>CITY POD, CI-DESSOUS<\/strong><\/p>\n\n\n\n<figure class=\"wp-block-image size-large\"><img loading=\"lazy\" decoding=\"async\" width=\"1024\" height=\"867\" src=\"http:\/\/lignesauto.fr\/wp-content\/uploads\/2024\/04\/GAC_09-1024x867.png\" alt=\"\" class=\"wp-image-33511\" srcset=\"https:\/\/lignesauto.fr\/wp-content\/uploads\/2024\/04\/GAC_09-1024x867.png 1024w, https:\/\/lignesauto.fr\/wp-content\/uploads\/2024\/04\/GAC_09-300x254.png 300w, https:\/\/lignesauto.fr\/wp-content\/uploads\/2024\/04\/GAC_09-768x650.png 768w, https:\/\/lignesauto.fr\/wp-content\/uploads\/2024\/04\/GAC_09.png 1417w\" sizes=\"(max-width: 1024px) 100vw, 1024px\" \/><figcaption class=\"wp-element-caption\">City POd : design de Valerio Vessella et G\u00e9raud Gordias<\/figcaption><\/figure>\n\n\n\n<p style=\"font-size:17px\">St\u00e9phane Janin n&#8217;h\u00e9site pas \u00e0 faire r\u00e9f\u00e9rence \u00e0 l&#8217;Italie dans ce projet : &#8220;<em>City Pod est le v\u00e9hicule quotidien de l&#8217;\u00e9l\u00e9gant Milanais press\u00e9. D\u00e8s le d\u00e9but du projet, nous nous sommes inspir\u00e9s de la jolie Isetta des ann\u00e9es 50.<\/em>&#8221; Un petit biplace pour la ville, ce n&#8217;est pas nouveau, certes, mais l&#8217;id\u00e9e d&#8217;une bulle d&#8217;habitacle totalement transparente est in\u00e9dite.<\/p>\n\n\n\n<figure class=\"wp-block-image size-large\"><img loading=\"lazy\" decoding=\"async\" width=\"1024\" height=\"576\" src=\"http:\/\/lignesauto.fr\/wp-content\/uploads\/2024\/04\/GAC_POD_102-1024x576.jpg\" alt=\"\" class=\"wp-image-33503\" srcset=\"https:\/\/lignesauto.fr\/wp-content\/uploads\/2024\/04\/GAC_POD_102-1024x576.jpg 1024w, https:\/\/lignesauto.fr\/wp-content\/uploads\/2024\/04\/GAC_POD_102-300x169.jpg 300w, https:\/\/lignesauto.fr\/wp-content\/uploads\/2024\/04\/GAC_POD_102-768x432.jpg 768w, https:\/\/lignesauto.fr\/wp-content\/uploads\/2024\/04\/GAC_POD_102.jpg 1417w\" sizes=\"(max-width: 1024px) 100vw, 1024px\" \/><\/figure>\n\n\n\n<p style=\"font-size:17px\">La caract\u00e9ristique principale du v\u00e9hicule est effectivement la bulle transparente qui recouvre un ch\u00e2ssis autoportant avec les \u00e9l\u00e9ments du mobilier int\u00e9rieur, les batteries et un groupe motopropulseur int\u00e9gr\u00e9s. Le verre panoramique \u00e9limine les angles morts pour faciliter les man\u0153uvres dans le trafic urbain tout en permettant \u00e0 la luminosit\u00e9 de p\u00e9n\u00e9trer au maximum dans l&#8217;habitacle.<\/p>\n\n\n\n<figure class=\"wp-block-image size-large\"><img loading=\"lazy\" decoding=\"async\" width=\"1024\" height=\"576\" src=\"http:\/\/lignesauto.fr\/wp-content\/uploads\/2024\/04\/GAC_POD_101-1024x576.jpg\" alt=\"\" class=\"wp-image-33504\" srcset=\"https:\/\/lignesauto.fr\/wp-content\/uploads\/2024\/04\/GAC_POD_101-1024x576.jpg 1024w, https:\/\/lignesauto.fr\/wp-content\/uploads\/2024\/04\/GAC_POD_101-300x169.jpg 300w, https:\/\/lignesauto.fr\/wp-content\/uploads\/2024\/04\/GAC_POD_101-768x432.jpg 768w, https:\/\/lignesauto.fr\/wp-content\/uploads\/2024\/04\/GAC_POD_101.jpg 1417w\" sizes=\"(max-width: 1024px) 100vw, 1024px\" \/><\/figure>\n\n\n\n<p style=\"font-size:17px\">Les bagages fabriqu\u00e9s sur mesure derri\u00e8re les si\u00e8ges optimisent l&#8217;utilisation de l&#8217;espace et am\u00e9liorent la commodit\u00e9 en permettant aux passagers d&#8217;acc\u00e9der facilement \u00e0 leurs effets personnels. Une fonctionnalit\u00e9 qui ne nuit pas au  design int\u00e9rieur \u00e9l\u00e9gant et \u00e9pur\u00e9.<\/p>\n\n\n\n<figure class=\"wp-block-image size-large\"><img loading=\"lazy\" decoding=\"async\" width=\"1024\" height=\"576\" src=\"http:\/\/lignesauto.fr\/wp-content\/uploads\/2024\/04\/GAC_POD_100-1024x576.jpg\" alt=\"\" class=\"wp-image-33505\" srcset=\"https:\/\/lignesauto.fr\/wp-content\/uploads\/2024\/04\/GAC_POD_100-1024x576.jpg 1024w, https:\/\/lignesauto.fr\/wp-content\/uploads\/2024\/04\/GAC_POD_100-300x169.jpg 300w, https:\/\/lignesauto.fr\/wp-content\/uploads\/2024\/04\/GAC_POD_100-768x432.jpg 768w, https:\/\/lignesauto.fr\/wp-content\/uploads\/2024\/04\/GAC_POD_100.jpg 1417w\" sizes=\"(max-width: 1024px) 100vw, 1024px\" \/><\/figure>\n\n\n\n<p class=\"has-text-align-center\" style=\"font-size:20px\"><strong>CITY BOX, CI-DESSOUS<\/strong><\/p>\n\n\n\n<figure class=\"wp-block-image size-large\"><img loading=\"lazy\" decoding=\"async\" width=\"1024\" height=\"905\" src=\"http:\/\/lignesauto.fr\/wp-content\/uploads\/2024\/04\/GAC_10-1024x905.png\" alt=\"\" class=\"wp-image-33510\" srcset=\"https:\/\/lignesauto.fr\/wp-content\/uploads\/2024\/04\/GAC_10-1024x905.png 1024w, https:\/\/lignesauto.fr\/wp-content\/uploads\/2024\/04\/GAC_10-300x265.png 300w, https:\/\/lignesauto.fr\/wp-content\/uploads\/2024\/04\/GAC_10-768x679.png 768w, https:\/\/lignesauto.fr\/wp-content\/uploads\/2024\/04\/GAC_10.png 1417w\" sizes=\"(max-width: 1024px) 100vw, 1024px\" \/><figcaption class=\"wp-element-caption\">City Box : design de Tom Hylton et Alexis Poncelet<\/figcaption><\/figure>\n\n\n\n<p style=\"font-size:17px\">L\u00e0 aussi, la petite \u00e9quipe de designers du studio dirig\u00e9 par St\u00e9phane Janin fait r\u00e9f\u00e9rence \u00e0 l&#8217;Italie : &#8220;<em>City Box est le v\u00e9hicule de livraison compact et robuste. Nous voulions faire revivre cette grande approche du design italien que l&#8217;on retrouve sur le Piaggio Ape de 1948, un v\u00e9hicule \u00e0 trois roues.<\/em>&#8220;<\/p>\n\n\n\n<figure class=\"wp-block-image size-large\"><img loading=\"lazy\" decoding=\"async\" width=\"1024\" height=\"576\" src=\"http:\/\/lignesauto.fr\/wp-content\/uploads\/2024\/04\/GAC_12-1024x576.jpg\" alt=\"\" class=\"wp-image-33512\" srcset=\"https:\/\/lignesauto.fr\/wp-content\/uploads\/2024\/04\/GAC_12-1024x576.jpg 1024w, https:\/\/lignesauto.fr\/wp-content\/uploads\/2024\/04\/GAC_12-300x169.jpg 300w, https:\/\/lignesauto.fr\/wp-content\/uploads\/2024\/04\/GAC_12-768x432.jpg 768w, https:\/\/lignesauto.fr\/wp-content\/uploads\/2024\/04\/GAC_12.jpg 1417w\" sizes=\"(max-width: 1024px) 100vw, 1024px\" \/><\/figure>\n\n\n\n<p style=\"font-size:17px\">Et de poursuivre que &#8220;<em>la pr\u00e9sence d&#8217;un coffre de type sac \u00e0 dos sur une voiture de livraison en ville permet d&#8217;optimiser l&#8217;espace de chargement, en s&#8217;ajustant pour accueillir efficacement des colis de tailles et de quantit\u00e9s variables. Sa conception flexible simplifie le processus de livraison, assurant un transport rapide et organis\u00e9 des marchandises dans un environnement urbain.<\/em>&#8220;<\/p>\n\n\n\n<figure class=\"wp-block-image size-large\"><img loading=\"lazy\" decoding=\"async\" width=\"1024\" height=\"576\" src=\"http:\/\/lignesauto.fr\/wp-content\/uploads\/2024\/04\/GAC_14-1024x576.jpg\" alt=\"\" class=\"wp-image-33513\" srcset=\"https:\/\/lignesauto.fr\/wp-content\/uploads\/2024\/04\/GAC_14-1024x576.jpg 1024w, https:\/\/lignesauto.fr\/wp-content\/uploads\/2024\/04\/GAC_14-300x169.jpg 300w, https:\/\/lignesauto.fr\/wp-content\/uploads\/2024\/04\/GAC_14-768x432.jpg 768w, https:\/\/lignesauto.fr\/wp-content\/uploads\/2024\/04\/GAC_14.jpg 1417w\" sizes=\"(max-width: 1024px) 100vw, 1024px\" \/><\/figure>\n\n\n\n<p style=\"font-size:17px\">Le City Box, plus d\u00e9lur\u00e9 que le Mobilize Bento, semble \u00e9galement conceptuellement plus mature. Certes, il n&#8217;est pas (encore ?) programm\u00e9 pour la s\u00e9rie, contrairement au Fran\u00e7ais. Mais il r\u00e9pond parfaitement au principe de la livraison du dernier kilom\u00e8tre en \u00e9tant polyvalent.<\/p>\n\n\n\n<figure class=\"wp-block-image size-large\"><img loading=\"lazy\" decoding=\"async\" width=\"1024\" height=\"576\" src=\"http:\/\/lignesauto.fr\/wp-content\/uploads\/2024\/04\/GAC_15-1024x576.jpg\" alt=\"\" class=\"wp-image-33514\" srcset=\"https:\/\/lignesauto.fr\/wp-content\/uploads\/2024\/04\/GAC_15-1024x576.jpg 1024w, https:\/\/lignesauto.fr\/wp-content\/uploads\/2024\/04\/GAC_15-300x169.jpg 300w, https:\/\/lignesauto.fr\/wp-content\/uploads\/2024\/04\/GAC_15-768x432.jpg 768w, https:\/\/lignesauto.fr\/wp-content\/uploads\/2024\/04\/GAC_15.jpg 1417w\" sizes=\"(max-width: 1024px) 100vw, 1024px\" \/><\/figure>\n\n\n\n<p class=\"has-text-align-center\" style=\"font-size:20px\"><strong>CITY RUN, CI-DESSOUS<\/strong><\/p>\n\n\n\n<figure class=\"wp-block-image size-large\"><img loading=\"lazy\" decoding=\"async\" width=\"1024\" height=\"885\" src=\"http:\/\/lignesauto.fr\/wp-content\/uploads\/2024\/04\/GAC_11-1024x885.png\" alt=\"\" class=\"wp-image-33515\" srcset=\"https:\/\/lignesauto.fr\/wp-content\/uploads\/2024\/04\/GAC_11-1024x885.png 1024w, https:\/\/lignesauto.fr\/wp-content\/uploads\/2024\/04\/GAC_11-300x259.png 300w, https:\/\/lignesauto.fr\/wp-content\/uploads\/2024\/04\/GAC_11-768x664.png 768w, https:\/\/lignesauto.fr\/wp-content\/uploads\/2024\/04\/GAC_11.png 1417w\" sizes=\"(max-width: 1024px) 100vw, 1024px\" \/><figcaption class=\"wp-element-caption\">City Run : design d&#8217;Axel Erbeyli et Artur Ryndin<\/figcaption><\/figure>\n\n\n\n<p style=\"font-size:17px\">Et comme ce n&#8217;est pas parce qu&#8217;on se d\u00e9place en ville qu&#8217;il faut d\u00e9primer (on ne roule pas forc\u00e9ment qu&#8217;\u00e0 Paris&#8230;), l&#8217;\u00e9quipe du studio GAC de Milan \u00e0 ouvert grand la porte \u00e0 la maison m\u00e8re implant\u00e9e en Chine en imaginant un tout nouveau concept.<\/p>\n\n\n\n<figure class=\"wp-block-image size-large\"><img loading=\"lazy\" decoding=\"async\" width=\"1024\" height=\"576\" src=\"http:\/\/lignesauto.fr\/wp-content\/uploads\/2024\/04\/GAC_200-1024x576.jpg\" alt=\"\" class=\"wp-image-33516\" srcset=\"https:\/\/lignesauto.fr\/wp-content\/uploads\/2024\/04\/GAC_200-1024x576.jpg 1024w, https:\/\/lignesauto.fr\/wp-content\/uploads\/2024\/04\/GAC_200-300x169.jpg 300w, https:\/\/lignesauto.fr\/wp-content\/uploads\/2024\/04\/GAC_200-768x432.jpg 768w, https:\/\/lignesauto.fr\/wp-content\/uploads\/2024\/04\/GAC_200.jpg 1417w\" sizes=\"(max-width: 1024px) 100vw, 1024px\" \/><\/figure>\n\n\n\n<p style=\"font-size:17px\">Il s&#8217;agit d&#8217;un coup\u00e9 2 places de la taille d&#8217;une compacte. St\u00e9phane Janin et les \u00e9quipes expliquent que &#8220;<em>nous avons imagin\u00e9 des utilisateurs chinois, jeunes et branch\u00e9s, le conduisant et se rassemblant dans le quartier de Dongshankou \u00e0 Guangzhou.<\/em>&#8221; Un quartier qui est effectivement en peine effervescence, o\u00f9 les gens viennent pour visiter des manoirs historiques, dont beaucoup ont \u00e9t\u00e9 r\u00e9nov\u00e9s pour devenir des bars, des caf\u00e9s, des restaurants, des clubs et des galeries haut de gamme.<\/p>\n\n\n\n<figure class=\"wp-block-image size-large\"><img loading=\"lazy\" decoding=\"async\" width=\"1024\" height=\"576\" src=\"http:\/\/lignesauto.fr\/wp-content\/uploads\/2024\/04\/GAC_201-1024x576.jpg\" alt=\"\" class=\"wp-image-33517\" srcset=\"https:\/\/lignesauto.fr\/wp-content\/uploads\/2024\/04\/GAC_201-1024x576.jpg 1024w, https:\/\/lignesauto.fr\/wp-content\/uploads\/2024\/04\/GAC_201-300x169.jpg 300w, https:\/\/lignesauto.fr\/wp-content\/uploads\/2024\/04\/GAC_201-768x432.jpg 768w, https:\/\/lignesauto.fr\/wp-content\/uploads\/2024\/04\/GAC_201.jpg 1417w\" sizes=\"(max-width: 1024px) 100vw, 1024px\" \/><\/figure>\n\n\n\n<p style=\"font-size:17px\">A bord, City Run adopte un affichage transparent qui combine les avantages des affichages t\u00eate haute traditionnels et des interfaces \u00e0 \u00e9cran tactile. Les informations relatives \u00e0 la conduite peuvent \u00eatre combin\u00e9es sur l&#8217;ensemble de la surface devant le conducteur et le passager, cr\u00e9ant ainsi une exp\u00e9rience unique de conduite en r\u00e9alit\u00e9 augment\u00e9e.<\/p>\n\n\n\n<figure class=\"wp-block-image size-large\"><img loading=\"lazy\" decoding=\"async\" width=\"1024\" height=\"576\" src=\"http:\/\/lignesauto.fr\/wp-content\/uploads\/2024\/04\/GAC_206-1024x576.jpg\" alt=\"\" class=\"wp-image-33518\" srcset=\"https:\/\/lignesauto.fr\/wp-content\/uploads\/2024\/04\/GAC_206-1024x576.jpg 1024w, https:\/\/lignesauto.fr\/wp-content\/uploads\/2024\/04\/GAC_206-300x169.jpg 300w, https:\/\/lignesauto.fr\/wp-content\/uploads\/2024\/04\/GAC_206-768x432.jpg 768w, https:\/\/lignesauto.fr\/wp-content\/uploads\/2024\/04\/GAC_206.jpg 1417w\" sizes=\"(max-width: 1024px) 100vw, 1024px\" \/><\/figure>\n\n\n\n<p style=\"font-size:17px\">L&#8217;\u00e9quipe GAC de Milan s&#8217;est \u00e9galement amus\u00e9 \u00e0 concevoir l\u00e9ger et a donc repens\u00e9 les si\u00e8ges (deux places seulement \u00e0 bord) qui sont g\u00e9n\u00e9rateurs de poids. Leur solution ? L&#8217;air ! &#8220;Oui, c&#8217;est dans cet esprit d&#8217;all\u00e8gement que nous avons imagin\u00e9 des si\u00e8ges remplis d&#8217;air !&#8221; H\u00e2te de tester au volant. Mais la solution n&#8217;est pas si folle si l&#8217;on veut bien se souvenir qua Renault a test\u00e9 une R16 avec des si\u00e8ges \u00e0 billes, tr\u00e8s en vogue dans les ann\u00e9es 1970.<\/p>\n\n\n\n<figure class=\"wp-block-image size-large\"><img loading=\"lazy\" decoding=\"async\" width=\"1024\" height=\"576\" src=\"http:\/\/lignesauto.fr\/wp-content\/uploads\/2024\/04\/GAC_204-1024x576.jpg\" alt=\"\" class=\"wp-image-33519\" srcset=\"https:\/\/lignesauto.fr\/wp-content\/uploads\/2024\/04\/GAC_204-1024x576.jpg 1024w, https:\/\/lignesauto.fr\/wp-content\/uploads\/2024\/04\/GAC_204-300x169.jpg 300w, https:\/\/lignesauto.fr\/wp-content\/uploads\/2024\/04\/GAC_204-768x432.jpg 768w, https:\/\/lignesauto.fr\/wp-content\/uploads\/2024\/04\/GAC_204.jpg 1417w\" sizes=\"(max-width: 1024px) 100vw, 1024px\" \/><\/figure>\n\n\n\n<p style=\"font-size:17px\">Ces trois petits engins rafra\u00eechissants d\u00e9montrent une fois encore les capacit\u00e9s cr\u00e9atives de l&#8217;\u00e9quipe implant\u00e9e \u00e0 Milan et dirig\u00e9e par un Fran\u00e7ais dont le bras droit est&#8230; fran\u00e7ais et tous deux ont travaill\u00e9 ensemble chez Renault. Et surtout, je veux terminer ce sujet en pr\u00e9cisant que ces \u00e9tudes n&#8217;ont pas fait appel \u00e0 l\u2019intelligence artificielle, comme le souligne St\u00e9phane Janin \u00e0 la fin de sa pr\u00e9sentation, ci-dessous.<\/p>\n\n\n\n<figure class=\"wp-block-image size-large\"><img loading=\"lazy\" decoding=\"async\" width=\"1024\" height=\"640\" src=\"http:\/\/lignesauto.fr\/wp-content\/uploads\/2024\/04\/GAC_500-1024x640.png\" alt=\"\" class=\"wp-image-33494\" srcset=\"https:\/\/lignesauto.fr\/wp-content\/uploads\/2024\/04\/GAC_500-1024x640.png 1024w, https:\/\/lignesauto.fr\/wp-content\/uploads\/2024\/04\/GAC_500-300x187.png 300w, https:\/\/lignesauto.fr\/wp-content\/uploads\/2024\/04\/GAC_500-768x480.png 768w, https:\/\/lignesauto.fr\/wp-content\/uploads\/2024\/04\/GAC_500.png 1417w\" sizes=\"(max-width: 1024px) 100vw, 1024px\" \/><\/figure>\n\n\n\n<figure class=\"wp-block-image size-large\"><img loading=\"lazy\" decoding=\"async\" width=\"1024\" height=\"862\" src=\"http:\/\/lignesauto.fr\/wp-content\/uploads\/2024\/04\/GAC_04-1024x862.png\" alt=\"\" class=\"wp-image-33565\" srcset=\"https:\/\/lignesauto.fr\/wp-content\/uploads\/2024\/04\/GAC_04-1024x862.png 1024w, https:\/\/lignesauto.fr\/wp-content\/uploads\/2024\/04\/GAC_04-300x253.png 300w, https:\/\/lignesauto.fr\/wp-content\/uploads\/2024\/04\/GAC_04-768x647.png 768w, https:\/\/lignesauto.fr\/wp-content\/uploads\/2024\/04\/GAC_04.png 1417w\" sizes=\"(max-width: 1024px) 100vw, 1024px\" \/><\/figure>\n\n\n\n<p class=\"has-text-align-center\" style=\"font-size:18px\"><strong>L&#8217;\u00e9quipe de design du studio milanais de GAC : <\/strong><\/p>\n\n\n\n<figure class=\"wp-block-image size-large\"><img loading=\"lazy\" decoding=\"async\" width=\"858\" height=\"1024\" src=\"http:\/\/lignesauto.fr\/wp-content\/uploads\/2024\/04\/GAC_300-858x1024.png\" alt=\"\" class=\"wp-image-33573\" srcset=\"https:\/\/lignesauto.fr\/wp-content\/uploads\/2024\/04\/GAC_300-858x1024.png 858w, https:\/\/lignesauto.fr\/wp-content\/uploads\/2024\/04\/GAC_300-251x300.png 251w, https:\/\/lignesauto.fr\/wp-content\/uploads\/2024\/04\/GAC_300-768x917.png 768w, https:\/\/lignesauto.fr\/wp-content\/uploads\/2024\/04\/GAC_300-1287x1536.png 1287w, https:\/\/lignesauto.fr\/wp-content\/uploads\/2024\/04\/GAC_300.png 1417w\" sizes=\"(max-width: 858px) 100vw, 858px\" \/><\/figure>\n\n\n<div class=\"wp-block-image\">\n<figure class=\"aligncenter size-full is-resized\"><img loading=\"lazy\" decoding=\"async\" width=\"1024\" height=\"367\" src=\"http:\/\/lignesauto.fr\/wp-content\/uploads\/2024\/02\/image.png\" alt=\"\" class=\"wp-image-33022\" style=\"width:515px;height:auto\" srcset=\"https:\/\/lignesauto.fr\/wp-content\/uploads\/2024\/02\/image.png 1024w, https:\/\/lignesauto.fr\/wp-content\/uploads\/2024\/02\/image-300x108.png 300w, https:\/\/lignesauto.fr\/wp-content\/uploads\/2024\/02\/image-768x275.png 768w\" sizes=\"(max-width: 1024px) 100vw, 1024px\" \/><\/figure><\/div>","protected":false},"excerpt":{"rendered":"<p>La ville veut exclure l&#8217;automobile ? Qu&#8217;\u00e0 cela ne tienne, l\u2019\u00e9quipe de St\u00e9phane Janin a con\u00e7u trois engins qui sont aptes \u00e0 r\u00e9concilier conduite urbaine, fun et efficacit\u00e9 ! Le studio europ\u00e9en du constructeur chinois GAC, men\u00e9 de mains de ma\u00eetre par le duo St\u00e9phane Janin et Yann Jarsall\u00e9 (voir [&hellip;]<\/p>\n","protected":false},"author":1,"featured_media":33522,"comment_status":"closed","ping_status":"closed","sticky":false,"template":"","format":"standard","meta":{"footnotes":""},"categories":[1],"tags":[],"_links":{"self":[{"href":"https:\/\/lignesauto.fr\/index.php?rest_route=\/wp\/v2\/posts\/33480"}],"collection":[{"href":"https:\/\/lignesauto.fr\/index.php?rest_route=\/wp\/v2\/posts"}],"about":[{"href":"https:\/\/lignesauto.fr\/index.php?rest_route=\/wp\/v2\/types\/post"}],"author":[{"embeddable":true,"href":"https:\/\/lignesauto.fr\/index.php?rest_route=\/wp\/v2\/users\/1"}],"replies":[{"embeddable":true,"href":"https:\/\/lignesauto.fr\/index.php?rest_route=%2Fwp%2Fv2%2Fcomments&post=33480"}],"version-history":[{"count":42,"href":"https:\/\/lignesauto.fr\/index.php?rest_route=\/wp\/v2\/posts\/33480\/revisions"}],"predecessor-version":[{"id":33580,"href":"https:\/\/lignesauto.fr\/index.php?rest_route=\/wp\/v2\/posts\/33480\/revisions\/33580"}],"wp:featuredmedia":[{"embeddable":true,"href":"https:\/\/lignesauto.fr\/index.php?rest_route=\/wp\/v2\/media\/33522"}],"wp:attachment":[{"href":"https:\/\/lignesauto.fr\/index.php?rest_route=%2Fwp%2Fv2%2Fmedia&parent=33480"}],"wp:term":[{"taxonomy":"category","embeddable":true,"href":"https:\/\/lignesauto.fr\/index.php?rest_route=%2Fwp%2Fv2%2Fcategories&post=33480"},{"taxonomy":"post_tag","embeddable":true,"href":"https:\/\/lignesauto.fr\/index.php?rest_route=%2Fwp%2Fv2%2Ftags&post=33480"}],"curies":[{"name":"wp","href":"https:\/\/api.w.org\/{rel}","templated":true}]}}