{"id":33583,"date":"2024-04-24T10:58:19","date_gmt":"2024-04-24T08:58:19","guid":{"rendered":"http:\/\/lignesauto.fr\/?p=33583"},"modified":"2024-04-24T10:58:19","modified_gmt":"2024-04-24T08:58:19","slug":"nouvelle-peugeot-9x8-voici-ce-quil-lui-manque","status":"publish","type":"post","link":"https:\/\/lignesauto.fr\/?p=33583","title":{"rendered":"Nouvelle Peugeot 9X8\u00a0: voici ce qu\u2019il lui manque"},"content":{"rendered":"<div class=\"wp-block-image\">\n<figure class=\"aligncenter size-full is-resized\"><img loading=\"lazy\" decoding=\"async\" width=\"1024\" height=\"367\" src=\"http:\/\/lignesauto.fr\/wp-content\/uploads\/2024\/02\/image.png\" alt=\"\" class=\"wp-image-33022\" style=\"width:453px;height:auto\" srcset=\"https:\/\/lignesauto.fr\/wp-content\/uploads\/2024\/02\/image.png 1024w, https:\/\/lignesauto.fr\/wp-content\/uploads\/2024\/02\/image-300x108.png 300w, https:\/\/lignesauto.fr\/wp-content\/uploads\/2024\/02\/image-768x275.png 768w\" sizes=\"(max-width: 1024px) 100vw, 1024px\" \/><\/figure><\/div>\n\n\n<figure class=\"wp-block-image size-large\"><img loading=\"lazy\" decoding=\"async\" width=\"1024\" height=\"595\" src=\"http:\/\/lignesauto.fr\/wp-content\/uploads\/2024\/04\/LA_102-1024x595.jpg\" alt=\"\" class=\"wp-image-33599\" srcset=\"https:\/\/lignesauto.fr\/wp-content\/uploads\/2024\/04\/LA_102-1024x595.jpg 1024w, https:\/\/lignesauto.fr\/wp-content\/uploads\/2024\/04\/LA_102-300x174.jpg 300w, https:\/\/lignesauto.fr\/wp-content\/uploads\/2024\/04\/LA_102-768x447.jpg 768w, https:\/\/lignesauto.fr\/wp-content\/uploads\/2024\/04\/LA_102.jpg 1417w\" sizes=\"(max-width: 1024px) 100vw, 1024px\" \/><\/figure>\n\n\n\n<p style=\"font-size:17px\">Monsieur Tavares, je n\u2019aurais pas l\u2019outrecuidance de rappeler que la 205 a grandement particip\u00e9 (avec la Citro\u00ebn BX, il ne faut pas l\u2019oublier) au sauvetage du groupe PSA, voici plus 40 ans. Je n\u2019ajouterais pas non plus que la version Turbo16 ci-dessus et sa pr\u00e9sence en championnat du monde des Rallyes &#8211; merci \u00e0 Jean Boillot et \u00e0 Jean Todt, entre autres &#8211; a magnifi\u00e9 l\u2019image de la marque Peugeot. Quarante ans plus tard, le contexte a \u00e9videmment \u00e9volu\u00e9 avec une mutation de l\u2019univers automobile dont n\u2019a pas franchement conscience le grand public&nbsp;: changement de paradigmes pour les cha\u00eenes de traction, les usines m\u00e9tamorphos\u00e9es ou encore la concurrence Chinoise. Non, je n\u2019aurai pas l\u2019aplomb de rappeler l\u2019histoire que vous connaissez mieux que quiconque.<\/p>\n\n\n\n<figure class=\"wp-block-image size-large\"><img loading=\"lazy\" decoding=\"async\" width=\"1024\" height=\"680\" src=\"http:\/\/lignesauto.fr\/wp-content\/uploads\/2024\/04\/LA_01-1024x680.jpg\" alt=\"\" class=\"wp-image-33590\" srcset=\"https:\/\/lignesauto.fr\/wp-content\/uploads\/2024\/04\/LA_01-1024x680.jpg 1024w, https:\/\/lignesauto.fr\/wp-content\/uploads\/2024\/04\/LA_01-300x199.jpg 300w, https:\/\/lignesauto.fr\/wp-content\/uploads\/2024\/04\/LA_01-768x510.jpg 768w, https:\/\/lignesauto.fr\/wp-content\/uploads\/2024\/04\/LA_01.jpg 1417w\" sizes=\"(max-width: 1024px) 100vw, 1024px\" \/><\/figure>\n\n\n\n<p style=\"font-size:17px\">Mais en lisant ce matin un hebdomadaire sportif dont le nom commence par \u2018AUTO\u2019 et se termine par \u2018<em>hebdo\u2019<\/em>, j\u2019ai d\u00e9vor\u00e9 le sujet sur la Peugeot 9X8 2.0 ci-dessous. Et en refermant cette revue de papier \u2013 \u00e7a sent bon le papier, mais ce n\u2019est pas grave docteur, je suis d\u2019une g\u00e9n\u00e9ration qui fumait dans les avions \u2013 j\u2019ai imm\u00e9diatement pens\u00e9 \u00e0 l\u2019\u00e2me d\u2019une marque. Une \u00e2me. Du corps. De la passion. De l\u2019\u00e9motion. J\u2019ai song\u00e9 \u00e0 la 205 Turbo 16, mais aussi au coup\u00e9 RCZ ci-dessus avec la&#8230; 908 !-. Une folie que Christian Streiff avait autoris\u00e9e. Et m\u00eame si elle n\u2019a pas eu le succ\u00e8s escompt\u00e9, elle a permis \u00e0 la fin des ann\u00e9es 2000 de confirmer que Peugeot savait prendre des risques. Et respecter l\u2019ADN et ces trois mots cl\u00e9s qui ont int\u00e9gr\u00e9 depuis les discours de communication&nbsp;: Allure, \u00c9motion, Excellence.<\/p>\n\n\n\n<figure class=\"wp-block-image size-large\"><img loading=\"lazy\" decoding=\"async\" width=\"1024\" height=\"576\" src=\"http:\/\/lignesauto.fr\/wp-content\/uploads\/2024\/04\/LA_103-1024x576.jpg\" alt=\"\" class=\"wp-image-33602\" srcset=\"https:\/\/lignesauto.fr\/wp-content\/uploads\/2024\/04\/LA_103-1024x576.jpg 1024w, https:\/\/lignesauto.fr\/wp-content\/uploads\/2024\/04\/LA_103-300x169.jpg 300w, https:\/\/lignesauto.fr\/wp-content\/uploads\/2024\/04\/LA_103-768x432.jpg 768w, https:\/\/lignesauto.fr\/wp-content\/uploads\/2024\/04\/LA_103.jpg 1417w\" sizes=\"(max-width: 1024px) 100vw, 1024px\" \/><\/figure>\n\n\n\n<p style=\"font-size:17px\">Les 9X8 vont se rendre aux 24 Heures du Mans en repr\u00e9sentant une marque qui manque pourtant d\u2019un mod\u00e8le phare, \u00e0 la silhouette in\u00e9dite, embl\u00e9matique de l\u2019esprit du comp\u00e9titeur qui coule dans ses veines. Ce n\u2019est pas faute d\u2019avoir les comp\u00e9tences en interne et de les avoir fait transpirer dans de flamboyants concept-cars*. L\u2019excellente 508 PSE ? Reconnaissez qu&#8217;elle n&#8217;a pas l&#8217;impact d&#8217;une silhouette in\u00e9dite. M\u00eame chose pour DS Automobiles ci-dessous qui tourne en rond sur des circuits bord\u00e9s de panneaux publicitaires dans un championnat qui met en exergue la chaine de traction \u00e9lectrique. La gamme DS n\u2019a toujours pas droit \u00e0 un mod\u00e8le sportif d\u00e9di\u00e9, malgr\u00e9 l\u00e0 encore un nombre cons\u00e9quent de concept-cars sportifs.<\/p>\n\n\n\n<figure class=\"wp-block-image size-large\"><img loading=\"lazy\" decoding=\"async\" width=\"1024\" height=\"576\" src=\"http:\/\/lignesauto.fr\/wp-content\/uploads\/2024\/04\/LA_02-1024x576.jpg\" alt=\"\" class=\"wp-image-33592\" srcset=\"https:\/\/lignesauto.fr\/wp-content\/uploads\/2024\/04\/LA_02-1024x576.jpg 1024w, https:\/\/lignesauto.fr\/wp-content\/uploads\/2024\/04\/LA_02-300x169.jpg 300w, https:\/\/lignesauto.fr\/wp-content\/uploads\/2024\/04\/LA_02-768x432.jpg 768w, https:\/\/lignesauto.fr\/wp-content\/uploads\/2024\/04\/LA_02.jpg 1417w\" sizes=\"(max-width: 1024px) 100vw, 1024px\" \/><\/figure>\n\n\n\n<p style=\"font-size:17px\">Alors oui, l\u2019heure est \u00e0 d\u2019autres combats face aux r\u00e9glementations, aux mutations industrielles, aux Chinois, etc. Mais au Mans, lorsque les 9X8 vont se pr\u00e9senter \u00e0 la \u2018pes\u00e9e\u2019 pour les v\u00e9rifications techniques devant un public de passionn\u00e9s, il manquera encore quelques kilos de passion \u00e0 vos prototypes. Une passion exacerb\u00e9e qui devrait cr\u00e9er un lien r\u00e9el entre le savoir-faire de la marque en comp\u00e9tition et la (petite) s\u00e9rie, comme ci-dessous avec un dessin de Peugeot Design. Ce que ne savent pas encore r\u00e9aliser les Chinois qui ont si peu d&#8217;histoire \u00e0 raconter&#8230;<\/p>\n\n\n\n<figure class=\"wp-block-image size-large\"><img loading=\"lazy\" decoding=\"async\" width=\"1024\" height=\"365\" src=\"http:\/\/lignesauto.fr\/wp-content\/uploads\/2024\/04\/LA_03-1024x365.png\" alt=\"\" class=\"wp-image-33596\" srcset=\"https:\/\/lignesauto.fr\/wp-content\/uploads\/2024\/04\/LA_03-1024x365.png 1024w, https:\/\/lignesauto.fr\/wp-content\/uploads\/2024\/04\/LA_03-300x107.png 300w, https:\/\/lignesauto.fr\/wp-content\/uploads\/2024\/04\/LA_03-768x274.png 768w, https:\/\/lignesauto.fr\/wp-content\/uploads\/2024\/04\/LA_03.png 1417w\" sizes=\"(max-width: 1024px) 100vw, 1024px\" \/><\/figure>\n\n\n\n<p style=\"font-size:17px\">Surtout dans un contexte de d\u00e9veloppements produits dans lequel le carry-over annihile une certaine audace architecturale\u00a0: n\u2019est-il pas venu le temps d\u2019offrir quelques bouff\u00e9es d\u2019oxyg\u00e8ne au plan produit\u00a0avec une RCZ 2.0 ? Je vais refermer AUTO<em>hebdo<\/em> et lire les pages \u00e9conomiques du Figaro, \u00e7a va calmer mes illusions&#8230;<\/p>\n\n\n\n<p style=\"font-size:17px\"><em>*Bravo pour l\u2019exposition de quelques-uns de ces concepts organis\u00e9e au mus\u00e9e de l\u2019Aventure Peugeot.<\/em> <a href=\"https:\/\/laventure-association.com\/evenement\/styledesign-peugeot\/\">https:\/\/laventure-association.com\/evenement\/styledesign-peugeot\/<\/a> <em>Bravo \u00e9galement \u00e0 l\u2019association de l\u2019Aventure Peugeot Citro\u00ebn DS qui fait avec les (peu de) moyens du bord.<\/em><\/p>\n\n\n\n<figure class=\"wp-block-image size-large\"><img loading=\"lazy\" decoding=\"async\" width=\"1024\" height=\"687\" src=\"http:\/\/lignesauto.fr\/wp-content\/uploads\/2024\/04\/LA_101-1024x687.png\" alt=\"\" class=\"wp-image-33589\" srcset=\"https:\/\/lignesauto.fr\/wp-content\/uploads\/2024\/04\/LA_101-1024x687.png 1024w, https:\/\/lignesauto.fr\/wp-content\/uploads\/2024\/04\/LA_101-300x201.png 300w, https:\/\/lignesauto.fr\/wp-content\/uploads\/2024\/04\/LA_101-768x515.png 768w, https:\/\/lignesauto.fr\/wp-content\/uploads\/2024\/04\/LA_101.png 1417w\" sizes=\"(max-width: 1024px) 100vw, 1024px\" \/><\/figure>\n\n\n<div class=\"wp-block-image\">\n<figure class=\"aligncenter size-full is-resized\"><img loading=\"lazy\" decoding=\"async\" width=\"1024\" height=\"367\" src=\"http:\/\/lignesauto.fr\/wp-content\/uploads\/2024\/02\/image.png\" alt=\"\" class=\"wp-image-33022\" style=\"width:453px;height:auto\" srcset=\"https:\/\/lignesauto.fr\/wp-content\/uploads\/2024\/02\/image.png 1024w, https:\/\/lignesauto.fr\/wp-content\/uploads\/2024\/02\/image-300x108.png 300w, https:\/\/lignesauto.fr\/wp-content\/uploads\/2024\/02\/image-768x275.png 768w\" sizes=\"(max-width: 1024px) 100vw, 1024px\" \/><\/figure><\/div>","protected":false},"excerpt":{"rendered":"<p>Monsieur Tavares, je n\u2019aurais pas l\u2019outrecuidance de rappeler que la 205 a grandement particip\u00e9 (avec la Citro\u00ebn BX, il ne faut pas l\u2019oublier) au sauvetage du groupe PSA, voici plus 40 ans. Je n\u2019ajouterais pas non plus que la version Turbo16 ci-dessus et sa pr\u00e9sence en championnat du monde des [&hellip;]<\/p>\n","protected":false},"author":1,"featured_media":33590,"comment_status":"closed","ping_status":"closed","sticky":false,"template":"","format":"standard","meta":{"footnotes":""},"categories":[1],"tags":[],"_links":{"self":[{"href":"https:\/\/lignesauto.fr\/index.php?rest_route=\/wp\/v2\/posts\/33583"}],"collection":[{"href":"https:\/\/lignesauto.fr\/index.php?rest_route=\/wp\/v2\/posts"}],"about":[{"href":"https:\/\/lignesauto.fr\/index.php?rest_route=\/wp\/v2\/types\/post"}],"author":[{"embeddable":true,"href":"https:\/\/lignesauto.fr\/index.php?rest_route=\/wp\/v2\/users\/1"}],"replies":[{"embeddable":true,"href":"https:\/\/lignesauto.fr\/index.php?rest_route=%2Fwp%2Fv2%2Fcomments&post=33583"}],"version-history":[{"count":21,"href":"https:\/\/lignesauto.fr\/index.php?rest_route=\/wp\/v2\/posts\/33583\/revisions"}],"predecessor-version":[{"id":33622,"href":"https:\/\/lignesauto.fr\/index.php?rest_route=\/wp\/v2\/posts\/33583\/revisions\/33622"}],"wp:featuredmedia":[{"embeddable":true,"href":"https:\/\/lignesauto.fr\/index.php?rest_route=\/wp\/v2\/media\/33590"}],"wp:attachment":[{"href":"https:\/\/lignesauto.fr\/index.php?rest_route=%2Fwp%2Fv2%2Fmedia&parent=33583"}],"wp:term":[{"taxonomy":"category","embeddable":true,"href":"https:\/\/lignesauto.fr\/index.php?rest_route=%2Fwp%2Fv2%2Fcategories&post=33583"},{"taxonomy":"post_tag","embeddable":true,"href":"https:\/\/lignesauto.fr\/index.php?rest_route=%2Fwp%2Fv2%2Ftags&post=33583"}],"curies":[{"name":"wp","href":"https:\/\/api.w.org\/{rel}","templated":true}]}}