{"id":33735,"date":"2024-06-11T09:23:55","date_gmt":"2024-06-11T07:23:55","guid":{"rendered":"http:\/\/lignesauto.fr\/?p=33735"},"modified":"2025-05-06T21:59:42","modified_gmt":"2025-05-06T19:59:42","slug":"scoop-le-projet-x-05-au-coeur-de-10-annees-intenses-au-design-renault","status":"publish","type":"post","link":"https:\/\/lignesauto.fr\/?p=33735","title":{"rendered":"SCOOP  : le projet X-05 au c\u0153ur de 10 ann\u00e9es intenses au design Renault"},"content":{"rendered":"<div class=\"wp-block-image\">\n<figure class=\"aligncenter size-full is-resized\"><img loading=\"lazy\" decoding=\"async\" width=\"1024\" height=\"367\" src=\"http:\/\/lignesauto.fr\/wp-content\/uploads\/2024\/02\/image.png\" alt=\"\" class=\"wp-image-33022\" style=\"width:553px;height:auto\" srcset=\"https:\/\/lignesauto.fr\/wp-content\/uploads\/2024\/02\/image.png 1024w, https:\/\/lignesauto.fr\/wp-content\/uploads\/2024\/02\/image-300x108.png 300w, https:\/\/lignesauto.fr\/wp-content\/uploads\/2024\/02\/image-768x275.png 768w\" sizes=\"(max-width: 1024px) 100vw, 1024px\" \/><\/figure><\/div>\n\n\n<figure class=\"wp-block-image size-large\"><img loading=\"lazy\" decoding=\"async\" width=\"1024\" height=\"550\" src=\"http:\/\/lignesauto.fr\/wp-content\/uploads\/2024\/06\/X_05_025-1024x550.png\" alt=\"\" class=\"wp-image-33801\" srcset=\"https:\/\/lignesauto.fr\/wp-content\/uploads\/2024\/06\/X_05_025-1024x550.png 1024w, https:\/\/lignesauto.fr\/wp-content\/uploads\/2024\/06\/X_05_025-300x161.png 300w, https:\/\/lignesauto.fr\/wp-content\/uploads\/2024\/06\/X_05_025-768x412.png 768w, https:\/\/lignesauto.fr\/wp-content\/uploads\/2024\/06\/X_05_025.png 1417w\" sizes=\"(max-width: 1024px) 100vw, 1024px\" \/><figcaption class=\"wp-element-caption\">Photo : Renault Histoire<\/figcaption><\/figure>\n\n\n\n<p style=\"font-size:17px\">Voici des photos in\u00e9dites de la Renault X-05. Ce programme appel\u00e9 \u00e9galement IRIS a d\u00e9but\u00e9 au milieu de l\u2019ann\u00e9e 1986 pour s\u2019achever en 1989. Comme le pr\u00e9cise le chef de ce projet X05 &#8211; Claude Sutren &#8211; dans un article publi\u00e9 dans le fascicule \u2018Renault Histoire\u2019 n\u00b032 de f\u00e9vrier 2015*, \u00ab&nbsp;<em>X05 n\u2019est pas un prototype destin\u00e9 \u00e0 \u00eatre fabriqu\u00e9 tel quel en s\u00e9rie, mais une approche rigoureuse de ce que pourraient \u00eatre d&#8217;une part des produits, standardis\u00e9s et modulaires, et d&#8217;autre part un sch\u00e9ma industriel et social (l&#8217;usine Iris) qui permettraient \u00e0 Renault de rivaliser avec les plus productifs de ses concurrents.<\/em>&nbsp;\u00bb<\/p>\n\n\n\n<p>*<strong>Devenez membre de l\u2019association r\u00e9f\u00e9rente de l\u2019histoire de Renault ici&nbsp;: <a href=\"https:\/\/sites.google.com\/view\/associationrenaulthistoire\/accueil\">https:\/\/sites.google.com\/view\/associationrenaulthistoire\/accueil<\/a><\/strong><\/p>\n\n\n\n<figure class=\"wp-block-image size-large\"><img loading=\"lazy\" decoding=\"async\" width=\"1024\" height=\"607\" src=\"http:\/\/lignesauto.fr\/wp-content\/uploads\/2024\/06\/X_05_02-1024x607.jpg\" alt=\"\" class=\"wp-image-33755\" srcset=\"https:\/\/lignesauto.fr\/wp-content\/uploads\/2024\/06\/X_05_02-1024x607.jpg 1024w, https:\/\/lignesauto.fr\/wp-content\/uploads\/2024\/06\/X_05_02-300x178.jpg 300w, https:\/\/lignesauto.fr\/wp-content\/uploads\/2024\/06\/X_05_02-768x455.jpg 768w, https:\/\/lignesauto.fr\/wp-content\/uploads\/2024\/06\/X_05_02.jpg 1417w\" sizes=\"(max-width: 1024px) 100vw, 1024px\" \/><figcaption class=\"wp-element-caption\">Parmi les nombreuses silhouettes propos\u00e9es par le projet X05, la berline cinq portes repr\u00e9sente le c\u0153ur du march\u00e9. Pare-brise arrondi, mono-balai, concept monocorps, pas d&#8217;ailes avant, portes identiques aux autres silhouettes&#8230; Le programme a beaucoup d&#8217;ambitions ! Archives lignesauto.fr<\/figcaption><\/figure>\n\n\n\n<p style=\"font-size:17px\">Et lorsque cet ing\u00e9nieur des Arts et M\u00e9tiers fait r\u00e9f\u00e9rence aux concurrents, c\u2019est avant-tout aux m\u00e9thodes japonaises dont il est question. L\u2019id\u00e9e du \u00ab&nbsp;Toyotisme&nbsp;\u00bb n\u00e9e dans les ann\u00e9es 1960 est entr\u00e9e de plain-pied dans la production nippone dans la d\u00e9cennie 1970. L\u2019Europe mettra 20 ans \u00e0 suivre cette m\u00e9thode de la production \u00e0 flux tendus. Mais c\u2019est une autre histoire&nbsp;! En 1985, Georges Besse est le patron de la R\u00e9gie Renault et se questionne sur ce projet. Claude Sutren relate un fax de l\u2019\u00e9poque o\u00f9 les \u00e9quipes du programme X05 r\u00e9pondent au pr\u00e9sident \u00ab&nbsp;<em>qu\u2019il s\u2019agit d\u2019un projet de petite voiture et que ce programme n\u2019est pas consid\u00e9r\u00e9 comme un programme produit.<\/em>&nbsp;\u00bb<\/p>\n\n\n\n<figure class=\"wp-block-image size-large\"><img loading=\"lazy\" decoding=\"async\" width=\"1024\" height=\"627\" src=\"http:\/\/lignesauto.fr\/wp-content\/uploads\/2024\/06\/X_05_03-1-1024x627.jpg\" alt=\"\" class=\"wp-image-33757\" srcset=\"https:\/\/lignesauto.fr\/wp-content\/uploads\/2024\/06\/X_05_03-1-1024x627.jpg 1024w, https:\/\/lignesauto.fr\/wp-content\/uploads\/2024\/06\/X_05_03-1-300x184.jpg 300w, https:\/\/lignesauto.fr\/wp-content\/uploads\/2024\/06\/X_05_03-1-768x470.jpg 768w, https:\/\/lignesauto.fr\/wp-content\/uploads\/2024\/06\/X_05_03-1.jpg 1417w\" sizes=\"(max-width: 1024px) 100vw, 1024px\" \/><figcaption class=\"wp-element-caption\">En 1988, la maquette du &#8216;Van&#8217; est int\u00e9ressante, car elle pr\u00e9figure l&#8217;univers du monospace compact du futur \u00e9labor\u00e9 sur la base d&#8217;une berline. Comme le fera plus tard le Sc\u00e9nic sur la base de la M\u00e9gane&#8230; Archives : lignesauto.fr<\/figcaption><\/figure>\n\n\n\n<p style=\"font-size:17px\">Au milieu de l\u2019ann\u00e9e 1986, l\u2019\u00e9quipe pluridisciplinaire mise en place par Claude Sutren s\u2019installe rue du Port \u00e0 Nanterre o\u00f9 travaille entre autres celle du design \u2018avanc\u00e9\u2019, avec comme responsable Jean-Fran\u00e7ois Venet d\u2019une part, et celle de Jean-Paul Manceau qui \u0153uvre sur les produits hors automobiles&nbsp;: camion et autres. Ce n\u2019est pourtant pas dans l\u2019\u00e9quipe de Venet que le patron du style Gaston Juchet va chercher le designer du projet X-05, mais dans celle implant\u00e9e \u00e0 Rueil et dirig\u00e9e par Michel Jardin. il n\u2019y aura sur ce projet qu\u2019un seul designer r\u00e9f\u00e9rent, en la personne de Gr\u00e9gory Gambarara aid\u00e9 par un groupe d&#8217;ing\u00e9nieurs dirig\u00e9 par Jean-Claude Imbert, avec Henri Gall\u00e8s, Michel Monteil, Claude Urset ou encore Jean Michel Demaldent, une sacr\u00e9e belle \u00e9quipe.<\/p>\n\n\n\n<figure class=\"wp-block-image size-large\"><img loading=\"lazy\" decoding=\"async\" width=\"1024\" height=\"576\" src=\"http:\/\/lignesauto.fr\/wp-content\/uploads\/2024\/06\/X_05_018-1024x576.jpg\" alt=\"\" class=\"wp-image-33750\" srcset=\"https:\/\/lignesauto.fr\/wp-content\/uploads\/2024\/06\/X_05_018-1024x576.jpg 1024w, https:\/\/lignesauto.fr\/wp-content\/uploads\/2024\/06\/X_05_018-300x169.jpg 300w, https:\/\/lignesauto.fr\/wp-content\/uploads\/2024\/06\/X_05_018-768x432.jpg 768w, https:\/\/lignesauto.fr\/wp-content\/uploads\/2024\/06\/X_05_018.jpg 1417w\" sizes=\"(max-width: 1024px) 100vw, 1024px\" \/><figcaption class=\"wp-element-caption\">\u00c9tude de Gr\u00e9gory Gambarara pour le remplacement de la Supercinq, la future Clio 1 de 1990. Archives : lignesauto.fr<\/figcaption><\/figure>\n\n\n\n<p style=\"font-size:17px\">Gr\u00e9gory Gambarara est arriv\u00e9 au style Renault dans le studio de design avanc\u00e9 chez Jean-Fran\u00e7ois Venet en mars 1985. Il est transf\u00e9r\u00e9 au studio de Michel Jardin trois mois plus tard. \u00ab Je travaillais \u00e0 cette \u00e9poque sur des \u00e9tudes assez typ\u00e9es comme celle de la Supercinq Turbo en compagnie de Guy Greffier qui a remport\u00e9 le projet. Et puis il y eu \u00e9galement le prototype Vesta 2 et le programme X57 de renouvellement de la Supercinq, qui deviendra la Clio en 1990. Plus tard je travaillerai sur une version rallye de la Renault 19 avec le Berex et Gilles Lallement. Une groupe B, pour les rallyes, \u00e0 quatre roues motrices qui finalement ne verra pas le jour. \u00bb La formule 1 restait alors prioritaire !<\/p>\n\n\n\n<figure class=\"wp-block-image size-large\"><img loading=\"lazy\" decoding=\"async\" width=\"1024\" height=\"536\" src=\"http:\/\/lignesauto.fr\/wp-content\/uploads\/2024\/06\/X_05_R19_QUADRA-1024x536.png\" alt=\"\" class=\"wp-image-33752\" srcset=\"https:\/\/lignesauto.fr\/wp-content\/uploads\/2024\/06\/X_05_R19_QUADRA-1024x536.png 1024w, https:\/\/lignesauto.fr\/wp-content\/uploads\/2024\/06\/X_05_R19_QUADRA-300x157.png 300w, https:\/\/lignesauto.fr\/wp-content\/uploads\/2024\/06\/X_05_R19_QUADRA-768x402.png 768w, https:\/\/lignesauto.fr\/wp-content\/uploads\/2024\/06\/X_05_R19_QUADRA.png 1417w\" sizes=\"(max-width: 1024px) 100vw, 1024px\" \/><\/figure>\n\n\n\n<p style=\"font-size:17px\">Le projet X05, lanc\u00e9 sur le papier au milieu de l\u2019ann\u00e9e 1985, prend r\u00e9ellement corps en 1986. Gr\u00e9gory se souvient que dans le bureau de style de Rueil, le programme de renouvellement de la Renault 25 d\u00e9butait (projet X54 qui deviendra Safrane en 1992) \u00ab&nbsp;<em>et il y avait beaucoup d\u2019autres projets en cours. Celui de la Safrane a \u00e9t\u00e9 remport\u00e9 par Nagashima. J\u2019\u00e9tais pour ma part d\u00e9di\u00e9 au projet X05 et j\u2019ai re\u00e7u le premier plan de r\u00e9f\u00e9rence \u00e0 la fin de l\u2019ann\u00e9e 1986. Pour ce programme, on a commenc\u00e9 par une maquette en pl\u00e2tre de la premi\u00e8re silhouette, la berline cinq portes qui proposait le c\u00f4t\u00e9 passager en variante trois portes&nbsp;\u00bb<\/em><\/p>\n\n\n\n<figure class=\"wp-block-image size-large\"><img loading=\"lazy\" decoding=\"async\" width=\"1024\" height=\"615\" src=\"http:\/\/lignesauto.fr\/wp-content\/uploads\/2024\/06\/X_05_07-1024x615.jpg\" alt=\"\" class=\"wp-image-33759\" srcset=\"https:\/\/lignesauto.fr\/wp-content\/uploads\/2024\/06\/X_05_07-1024x615.jpg 1024w, https:\/\/lignesauto.fr\/wp-content\/uploads\/2024\/06\/X_05_07-300x180.jpg 300w, https:\/\/lignesauto.fr\/wp-content\/uploads\/2024\/06\/X_05_07-768x461.jpg 768w, https:\/\/lignesauto.fr\/wp-content\/uploads\/2024\/06\/X_05_07.jpg 1417w\" sizes=\"(max-width: 1024px) 100vw, 1024px\" \/><figcaption class=\"wp-element-caption\">La premi\u00e8re maquette du projet X05 Iris est en pl\u00e2tre et date de 1987. Le c\u00f4t\u00e9 passager n&#8217;a qu&#8217;une porte, le c\u00f4t\u00e9 conducteur, deux. Le pavillon est donc identique sur les deux silhouettes. Archives : lignesauto.fr<\/figcaption><\/figure>\n\n\n\n<p style=\"font-size:17px\"><em>\u00ab L\u2019id\u00e9e du cahier des charges consistait \u00e0 imaginer, sur une plateforme commune, trois v\u00e9hicules diff\u00e9rents : une berline trois et cinq portes, un monospace 5 portes, et une fourgonnette, au design original, dix ans avant le Kangoo. Ainsi, les portes avant de la berline \u00e9taient identiques \u00e0 celles du monospace et de la fourgonnette. Le pavillon \u00e9tait similaire sur les versions 3 et 5 portes. Pour ce programme, nous avons commenc\u00e9 par une maquette \u00e9chelle 1\/5, en clay, de la berline cinq portes c\u00f4t\u00e9 conducteur, et trois portes c\u00f4t\u00e9 passager. Tr\u00e8s rapidement, une fois le design fig\u00e9, nous sommes pass\u00e9s \u00e0 la r\u00e9alisation \u00e0 l&#8217;\u00e9chelle 1\/1, en pl\u00e2tre. Bernard Grigy \u00e9tait le modeleur attitr\u00e9 pour le programme, il fut responsable du modelage des maquettes 1\/5 et \u00e9chelle 1\/1.\u00bb<\/em><\/p>\n\n\n\n<figure class=\"wp-block-image size-large\"><img loading=\"lazy\" decoding=\"async\" width=\"1024\" height=\"621\" src=\"http:\/\/lignesauto.fr\/wp-content\/uploads\/2024\/06\/X_05_01-1024x621.jpg\" alt=\"\" class=\"wp-image-33754\" srcset=\"https:\/\/lignesauto.fr\/wp-content\/uploads\/2024\/06\/X_05_01-1024x621.jpg 1024w, https:\/\/lignesauto.fr\/wp-content\/uploads\/2024\/06\/X_05_01-300x182.jpg 300w, https:\/\/lignesauto.fr\/wp-content\/uploads\/2024\/06\/X_05_01-768x466.jpg 768w, https:\/\/lignesauto.fr\/wp-content\/uploads\/2024\/06\/X_05_01.jpg 1417w\" sizes=\"(max-width: 1024px) 100vw, 1024px\" \/><\/figure>\n\n\n\n<p>La silhouette du petit fourgon de livraison est novatrice. A l&#8217;\u00e9poque, il existe dans la gamme la robuste Renault Express. Avec cette X05, le th\u00e8me d&#8217;une cabine int\u00e9gr\u00e9e prend racine et d\u00e9rivera plus tard sur le concept du Kangoo. Archives : lignesauto.fr<\/p>\n\n\n\n<figure class=\"wp-block-image size-large\"><img loading=\"lazy\" decoding=\"async\" width=\"1024\" height=\"623\" src=\"http:\/\/lignesauto.fr\/wp-content\/uploads\/2024\/06\/X_05_017-1024x623.jpg\" alt=\"\" class=\"wp-image-33795\" srcset=\"https:\/\/lignesauto.fr\/wp-content\/uploads\/2024\/06\/X_05_017-1024x623.jpg 1024w, https:\/\/lignesauto.fr\/wp-content\/uploads\/2024\/06\/X_05_017-300x182.jpg 300w, https:\/\/lignesauto.fr\/wp-content\/uploads\/2024\/06\/X_05_017-768x467.jpg 768w, https:\/\/lignesauto.fr\/wp-content\/uploads\/2024\/06\/X_05_017.jpg 1417w\" sizes=\"(max-width: 1024px) 100vw, 1024px\" \/><\/figure>\n\n\n\n<p>Anecdote : le nom de MiniMax appos\u00e9 en 1988 sur le flanc de la maquette du projet X05 Fourgon sera repris par Patrick le Qu\u00e9ment dans sa note destin\u00e9e \u00e0 la direction, o\u00f9 il \u00e9voque les deux premiers concept-cars de son \u00e8re : le roadster (Laguna de 1990) et le MiniMax, futur concept-car Sc\u00e9nic de 1991. Archives : lignesauto.fr<\/p>\n\n\n\n<p style=\"font-size:17px\">Pour sa berline, Gr\u00e9gory Gambarara va oser un concept pratiquement monocorps avec un pare-brise bulle balay\u00e9 par un seul essuie-glace. Les dimensions sur lesquelles s\u2019articule toute la famille X05 sont celles d\u2019une berline capable de couvrir le segment B mais aussi le segment des compactes. <em>\u00ab<\/em> <em>La premi\u00e8re maquette pl\u00e2tre \u00e9chelle 1\/1, sera confront\u00e9e \u00e0 la Renault Supercinq et \u00e0 la Peugeot 205. Le style avant-gardiste dans ses proportions et son bloc avant monopi\u00e8ce marque une franche rupture face aux deux rivales existantes. Elle sera m\u00eame pr\u00e9sente lors de la s\u00e9lection des maquettes de la future Clio.<\/em> \u00bb<\/p>\n\n\n\n<figure class=\"wp-block-image size-large\"><img loading=\"lazy\" decoding=\"async\" width=\"1024\" height=\"687\" src=\"http:\/\/lignesauto.fr\/wp-content\/uploads\/2024\/06\/X_05_30-1024x687.png\" alt=\"\" class=\"wp-image-33756\" srcset=\"https:\/\/lignesauto.fr\/wp-content\/uploads\/2024\/06\/X_05_30-1024x687.png 1024w, https:\/\/lignesauto.fr\/wp-content\/uploads\/2024\/06\/X_05_30-300x201.png 300w, https:\/\/lignesauto.fr\/wp-content\/uploads\/2024\/06\/X_05_30-768x515.png 768w, https:\/\/lignesauto.fr\/wp-content\/uploads\/2024\/06\/X_05_30.png 1417w\" sizes=\"(max-width: 1024px) 100vw, 1024px\" \/><\/figure>\n\n\n\n<p>Le programme X05 Iris ne se contentait pas de concevoir un nouveau produit, mais de r\u00e9aliser des \u00e9conomies d&#8217;\u00e9chelle dans la conception et l&#8217;industrialisation. Photo : Renault Histoire<\/p>\n\n\n\n<p style=\"font-size:17px\">Gr\u00e9gory Gambarara est designer mais ne n\u00e9glige pas l\u2019aspect technique ou industriel des projets. Il simplifie \u00e0 l\u2019extr\u00eame le nombre des pi\u00e8ces de la carrosserie comme le lui a demand\u00e9 l\u2019\u00e9quipe projet. Le capot moteur est autoclave, d\u2019une seule pi\u00e8ce et fait office \u00e9galement d\u2019ailes avant. Le pare-brise de la X05 est bulbeux, rond et avance tr\u00e8s en avant sur ce capot monobloc. L\u2019inspiration est volontairement monocorps, ce qui est une innovation marquante \u00e0 l\u2019\u00e9poque puisque la Renault Espace n\u2019a m\u00eame pas deux ans d\u2019existence&nbsp;!<\/p>\n\n\n\n<figure class=\"wp-block-image size-large\"><img loading=\"lazy\" decoding=\"async\" width=\"1024\" height=\"593\" src=\"http:\/\/lignesauto.fr\/wp-content\/uploads\/2024\/06\/X_05_012-1-1024x593.jpg\" alt=\"\" class=\"wp-image-33764\" srcset=\"https:\/\/lignesauto.fr\/wp-content\/uploads\/2024\/06\/X_05_012-1-1024x593.jpg 1024w, https:\/\/lignesauto.fr\/wp-content\/uploads\/2024\/06\/X_05_012-1-300x174.jpg 300w, https:\/\/lignesauto.fr\/wp-content\/uploads\/2024\/06\/X_05_012-1-768x445.jpg 768w, https:\/\/lignesauto.fr\/wp-content\/uploads\/2024\/06\/X_05_012-1.jpg 1417w\" sizes=\"(max-width: 1024px) 100vw, 1024px\" \/><\/figure>\n\n\n\n<p>Le &#8216;Van&#8217; &#8211; ou monospace compact &#8211; X05 reprenait les porti\u00e8res de la berline, gr\u00e2ce \u00e0 la rehausse du plancher. Archives : lignesauto.fr<\/p>\n\n\n\n<p style=\"font-size:17px\">Gr\u00e9gory Gambarara se souvient que la maquette pl\u00e2tre, \u00e9chelle 1\/1, de la berline X05 a \u00e9t\u00e9 r\u00e9alis\u00e9e dans l&#8217;atelier de modelage de Rueil. <em>\u00ab<\/em> <em>En revanche, les deux autres silhouettes \u2013 Monospace et Fourgonnette seront r\u00e9alis\u00e9es directement \u00e0 l\u2019\u00e9chelle 1\/1, en pl\u00e2tre, au Studio D3, sous la direction de Bernard Pene. La Fourgonnette ne d\u00e9passera pas le stade de l&#8217;\u00e9chelle 1 en pl\u00e2tre peint. La berline et le monospace passeront au stade sup\u00e9rieur : carrosserie en r\u00e9sine, vitrage en polycarbonate ainsi qu&#8217;un int\u00e9rieur complet. C\u2019est \u00e0 la Carrozzeria Coggiola, \u00e0 Turin que seront r\u00e9alis\u00e9es ces deux maquettes, tout au moins pour l&#8217;ext\u00e9rieur et les habillages de carrosserie int\u00e9rieurs. Je m\u2019en souviens tr\u00e8s bien, c\u2019\u00e9tait ma premi\u00e8re intervention chez un grand carrossier Turinois. Coggiola avait un niveau d\u2019expertise incroyable. L\u2019atelier de Coggiola pouvait r\u00e9aliser des \u00e9l\u00e9ments int\u00e9rieurs en t\u00f4le, apportant une finition assez incroyable pour les pr\u00e9sentations. <\/em>\u00bb<\/p>\n\n\n\n<figure class=\"wp-block-image size-large\"><img loading=\"lazy\" decoding=\"async\" width=\"1024\" height=\"660\" src=\"http:\/\/lignesauto.fr\/wp-content\/uploads\/2024\/06\/X_05_08-1024x660.jpg\" alt=\"\" class=\"wp-image-33753\" srcset=\"https:\/\/lignesauto.fr\/wp-content\/uploads\/2024\/06\/X_05_08-1024x660.jpg 1024w, https:\/\/lignesauto.fr\/wp-content\/uploads\/2024\/06\/X_05_08-300x193.jpg 300w, https:\/\/lignesauto.fr\/wp-content\/uploads\/2024\/06\/X_05_08-768x495.jpg 768w, https:\/\/lignesauto.fr\/wp-content\/uploads\/2024\/06\/X_05_08.jpg 1417w\" sizes=\"(max-width: 1024px) 100vw, 1024px\" \/><\/figure>\n\n\n\n<p>La maquette pl\u00e2tre de la berline 3 et 5 portes, selon le c\u00f4t\u00e9 que l&#8217;on observait. L&#8217;\u00e9tude a\u00e9rodynamique n&#8217;\u00e9tait pas n\u00e9glig\u00e9e : le petit becquet arri\u00e8re participe d&#8217;un design tr\u00e8s fluide pour l&#8217;\u00e9poque. Archives : lignesauto.fr<\/p>\n\n\n\n<p style=\"font-size:17px\">\u00c0 l\u2019int\u00e9rieur, la X05 se veut \u00e9galement avant-gardiste. L\u2019\u00e9quipe de designers pour cette partie est men\u00e9e par Piero Stroppa, le responsable du design int\u00e9rieur et ce sont notamment Alain Bublex et Michel Velay qui vont travailler le style de cette voiture \u00e0 tout faire. Gr\u00e9gory qui les c\u00f4toie durant le projet se souvient des travaux de Michel Velay qui est alors \u00ab&nbsp;<em>un grand fan des monospaces&nbsp;!<\/em>&nbsp;\u00bb Quant \u00e0 Alain Bublex, sa planche de bord appel\u00e9e \u00ab&nbsp;H\u00e9licopt\u00e8re&nbsp;\u00bb avance des volumes novateurs et des commandes de part et d\u2019autre du volant qui auraient s\u00e9duit Michel Harmand, l\u2019inventeur de la lunule Citro\u00ebn&nbsp;! \u00ab <em>Pour l&#8217;int\u00e9rieur, tout sera r\u00e9alis\u00e9 dans l&#8217;atelier Design Int\u00e9rieur \u00e0 Rueil, modelage des diff\u00e9rents \u00e9l\u00e9ments des int\u00e9rieurs des deux maquettes, planches de bord, si\u00e8ges, panneaux de portes, volants, etc.<\/em> \u00bb<\/p>\n\n\n\n<figure class=\"wp-block-image size-large\"><img loading=\"lazy\" decoding=\"async\" width=\"1024\" height=\"644\" src=\"http:\/\/lignesauto.fr\/wp-content\/uploads\/2024\/06\/X_05_026-1024x644.png\" alt=\"\" class=\"wp-image-33758\" srcset=\"https:\/\/lignesauto.fr\/wp-content\/uploads\/2024\/06\/X_05_026-1024x644.png 1024w, https:\/\/lignesauto.fr\/wp-content\/uploads\/2024\/06\/X_05_026-300x189.png 300w, https:\/\/lignesauto.fr\/wp-content\/uploads\/2024\/06\/X_05_026-768x483.png 768w, https:\/\/lignesauto.fr\/wp-content\/uploads\/2024\/06\/X_05_026.png 1417w\" sizes=\"(max-width: 1024px) 100vw, 1024px\" \/><\/figure>\n\n\n\n<p>A bord du projet X05, les designers Alain Bublex et Michel Velay n&#8217;ont pas manqu\u00e9 d&#8217;originalit\u00e9 et d&#8217;audace ! Photo : Renault Histoire<\/p>\n\n\n\n<p style=\"font-size:17px\">Et comme rien ne se perd chez Renault, le programme VBG (V\u00e9hicule Bas de Gamme) qui vient \u00e0 peine de se conclure, donne au projet X05 ses envies de couleurs \u00e9blouissantes. Le tableau de bord est implant\u00e9 sur trois niveaux&nbsp;: une coiffe de teinte claire, un plan plat rev\u00eatu de tissu bleu et une \u00e9norme bo\u00eete \u00e0 gant de couleur orange. Le bloc d\u2019instrumentation est \u00e0 deux niveaux avec les voyants en partie haute et les cadrans au milieu, alors que de part et d\u2019autre, on trouve les commandes rotatives. L\u2019ensemble reprend les trois teintes dominantes de la planche de bord.<\/p>\n\n\n\n<figure class=\"wp-block-image size-large\"><img loading=\"lazy\" decoding=\"async\" width=\"1024\" height=\"671\" src=\"http:\/\/lignesauto.fr\/wp-content\/uploads\/2024\/06\/X_05_014-1024x671.jpg\" alt=\"\" class=\"wp-image-33765\" srcset=\"https:\/\/lignesauto.fr\/wp-content\/uploads\/2024\/06\/X_05_014-1024x671.jpg 1024w, https:\/\/lignesauto.fr\/wp-content\/uploads\/2024\/06\/X_05_014-300x196.jpg 300w, https:\/\/lignesauto.fr\/wp-content\/uploads\/2024\/06\/X_05_014-768x503.jpg 768w, https:\/\/lignesauto.fr\/wp-content\/uploads\/2024\/06\/X_05_014.jpg 1417w\" sizes=\"(max-width: 1024px) 100vw, 1024px\" \/><\/figure>\n\n\n\n<p>Le Van vu de 3\/4 AR avec sa lunette en trois parties autorisant une belle visibilit\u00e9 en r\u00e9tro-vision. Archives : lignesauto.fr<\/p>\n\n\n\n<p style=\"font-size:17px\">Les si\u00e8ges tubulaires sont rev\u00eatus d\u2019une sorte de housse alors qu\u2019entre eux, le levier de vitesses de couleur bleue est implant\u00e9 en amont d\u2019un petit rangement orange \u00e0 volet coulissant bleu. On retrouve vraiment l\u2019inspiration avis\u00e9e des designers int\u00e9rieurs de l\u2019\u00e9poque qui a d\u00e9teint en partie \u00e0 bord de la Twingo. Gr\u00e9gory Gambarara se souvient \u00e9galement que \u00ab&nbsp;<em>Michel Velay de son c\u00f4t\u00e9 avait invent\u00e9 un si\u00e8ge pour le &#8216;Van&#8217; (monospace) avec le dossier qui basculait vers l\u2019avant, pour pouvoir \u00eatre en position dos \u00e0 la route \u00e0 l\u2019arr\u00eat et discuter avec les passagers arri\u00e8re. Un concept inspir\u00e9 des si\u00e8ges de la Renault Espace<\/em>.&nbsp;<em>Patrick le Qu\u00e9ment d\u00e9couvrira le projet \u00e0 son arriv\u00e9e au Design. Il trouvait le sujet tr\u00e8s int\u00e9ressant et le suivra jusqu&#8217;\u00e0 la fin.<\/em>\u00bb<\/p>\n\n\n\n<figure class=\"wp-block-image size-large\"><img loading=\"lazy\" decoding=\"async\" width=\"1024\" height=\"584\" src=\"http:\/\/lignesauto.fr\/wp-content\/uploads\/2024\/06\/X_05_09-1024x584.jpg\" alt=\"\" class=\"wp-image-33760\" srcset=\"https:\/\/lignesauto.fr\/wp-content\/uploads\/2024\/06\/X_05_09-1024x584.jpg 1024w, https:\/\/lignesauto.fr\/wp-content\/uploads\/2024\/06\/X_05_09-300x171.jpg 300w, https:\/\/lignesauto.fr\/wp-content\/uploads\/2024\/06\/X_05_09-768x438.jpg 768w, https:\/\/lignesauto.fr\/wp-content\/uploads\/2024\/06\/X_05_09.jpg 1417w\" sizes=\"(max-width: 1024px) 100vw, 1024px\" \/><\/figure>\n\n\n\n<p>La maquette de la berline a \u00e9t\u00e9 r\u00e9alis\u00e9e, comme celle du Van, par les ateliers de Coggiola en Italie. Archives : lignesauto.fr<\/p>\n\n\n\n<p style=\"font-size:17px\">Le projet va concerner \u00e0 peu pr\u00e8s toutes les strates d\u2019ing\u00e9nierie, de style et d\u2019industrialisation d\u2019un projet r\u00e9el. Quatre prototypes vont \u00eatre r\u00e9alis\u00e9s pour les essais (\u00ab&nbsp;<em>il resterait un prototype roulant, mais c\u2019est \u00e0 v\u00e9rifier&#8230;&nbsp;<\/em>\u00bb nous confie Gr\u00e9gory) alors que l\u2019usine Iris, capable de produire ces voitures sur une plateforme sp\u00e9cifique ne sera certes pas construite \u2013 ce n\u2019\u00e9tait pas l\u2019id\u00e9e de d\u00e9part \u2013 mais tous les plans seront r\u00e9alis\u00e9s pour chiffrer l\u2019avantage d\u2019un tel site. En th\u00e9orie, l\u2019usine du programme Iris \u00e9tait capable selon Claude Sutren de produire la X05 en 9h40 au lieu de 16h pour la X53 (Renault 19). \u00ab&nbsp;<em>Il n&#8217;\u00e9tait pas pr\u00e9vu que cette usine soit construite physiquement&nbsp;<\/em>\u00bb pr\u00e9cise Claude Sutren, \u00ab&nbsp;<em>le projet devait servir de r\u00e9servoir d&#8217;id\u00e9es et de cible pour guider l\u2019\u00e9volution des sites industriels existants.<\/em>&nbsp;\u00bb<\/p>\n\n\n\n<figure class=\"wp-block-image size-large\"><img loading=\"lazy\" decoding=\"async\" width=\"1024\" height=\"608\" src=\"http:\/\/lignesauto.fr\/wp-content\/uploads\/2024\/06\/X_05_011-1024x608.jpg\" alt=\"\" class=\"wp-image-33761\" srcset=\"https:\/\/lignesauto.fr\/wp-content\/uploads\/2024\/06\/X_05_011-1024x608.jpg 1024w, https:\/\/lignesauto.fr\/wp-content\/uploads\/2024\/06\/X_05_011-300x178.jpg 300w, https:\/\/lignesauto.fr\/wp-content\/uploads\/2024\/06\/X_05_011-768x456.jpg 768w, https:\/\/lignesauto.fr\/wp-content\/uploads\/2024\/06\/X_05_011.jpg 1417w\" sizes=\"(max-width: 1024px) 100vw, 1024px\" \/><\/figure>\n\n\n\n<p>Le travail du panneau de custode sur la berline est peaufin\u00e9 avec une 3e vitre affleurante avec celle du hayon. Archives : lignesauto.fr<\/p>\n\n\n\n<p style=\"font-size:17px\">Et ce fut le cas, car l\u2019industrialisation des projets X57 (Clio), X54 (Safrane) et X56 (Laguna) mais surtout la gamme M\u00e9gane avec le Sc\u00e9nic (X64), a directement b\u00e9n\u00e9fici\u00e9 de quelques-unes des avanc\u00e9es du projet X05. Quant au style, il a permis d\u2019avancer dans l\u2019acceptation d\u2019un concept monocorps, dans celle d\u2019un monospace compact et dans la simplification du nombre de pi\u00e8ces : 160 pi\u00e8ces de t\u00f4lerie contre 257 \u00e0 la Renault 19 commercialis\u00e9e pendant le projet X05, et 2200 points de soudure au lieu de 3098 sur cette m\u00eame Renault 19. Et pour mieux comprendre ce projet, nous vous proposons de le contextualiser ci-dessous avec tous ses petits ou grands fr\u00e8res \u00e9tudi\u00e9s pendant la m\u00eame p\u00e9riode.<\/p>\n\n\n\n<p style=\"font-size:17px\">*<strong>LIGNES\/auto remercie Renault Histoire, Claude Sutren et le designer Gr\u00e9gory Gambarara.<br>Devenez membre de l\u2019association r\u00e9f\u00e9rente de l\u2019histoire de Renault ici&nbsp;: <a href=\"https:\/\/sites.google.com\/view\/associationrenaulthistoire\/accueil\">https:\/\/sites.google.com\/view\/associationrenaulthistoire\/accueil<\/a><\/strong><\/p>\n\n\n\n<p class=\"has-text-align-center\" style=\"font-size:18px\"><strong>LE DESIGN RENAULT EN SURCHAUFFE ENTRE 1985 ET 1995 !<\/strong><\/p>\n\n\n\n<figure class=\"wp-block-image size-large\"><img loading=\"lazy\" decoding=\"async\" width=\"1024\" height=\"518\" src=\"http:\/\/lignesauto.fr\/wp-content\/uploads\/2024\/06\/X_05_21_405-1024x518.png\" alt=\"\" class=\"wp-image-33771\" srcset=\"https:\/\/lignesauto.fr\/wp-content\/uploads\/2024\/06\/X_05_21_405-1024x518.png 1024w, https:\/\/lignesauto.fr\/wp-content\/uploads\/2024\/06\/X_05_21_405-300x152.png 300w, https:\/\/lignesauto.fr\/wp-content\/uploads\/2024\/06\/X_05_21_405-768x389.png 768w, https:\/\/lignesauto.fr\/wp-content\/uploads\/2024\/06\/X_05_21_405.png 1417w\" sizes=\"(max-width: 1024px) 100vw, 1024px\" \/><\/figure>\n\n\n\n<p style=\"font-size:17px\">Entre 1985 et 1995, alors que le projet X05 Iris est sur la table des designers, le design Renault va vivre une d\u00e9cennie de folie&nbsp;! Tout d\u2019abord, il va changer de patron avec le d\u00e9part de Gaston Juchet en 1987, remplac\u00e9 dans la foul\u00e9e par Patrick le Qu\u00e9ment. Le style Renault qui rendait compte \u00e0 l\u2019ing\u00e9nierie devient le Design Renault Industriel qui rend des comptes&#8230; \u00e0 la direction g\u00e9n\u00e9rale. En 1985, la gamme Renault est en attente de l\u2019arriv\u00e9e commerciale de la Renault 21 (1986) sign\u00e9e Giugiaro et rivale de la future Peugeot 405 qui arrivera quant \u00e0 elle en 1987, ci-dessus.<\/p>\n\n\n\n<figure class=\"wp-block-image size-large\"><img loading=\"lazy\" decoding=\"async\" width=\"1024\" height=\"767\" src=\"http:\/\/lignesauto.fr\/wp-content\/uploads\/2024\/06\/X_05_R19-1024x767.png\" alt=\"\" class=\"wp-image-33772\" srcset=\"https:\/\/lignesauto.fr\/wp-content\/uploads\/2024\/06\/X_05_R19-1024x767.png 1024w, https:\/\/lignesauto.fr\/wp-content\/uploads\/2024\/06\/X_05_R19-300x225.png 300w, https:\/\/lignesauto.fr\/wp-content\/uploads\/2024\/06\/X_05_R19-768x575.png 768w, https:\/\/lignesauto.fr\/wp-content\/uploads\/2024\/06\/X_05_R19.png 1417w\" sizes=\"(max-width: 1024px) 100vw, 1024px\" \/><\/figure>\n\n\n\n<p style=\"font-size:17px\">La gamme est \u00e9galement en attente de la Renault 19 (commercialis\u00e9e en 1988) ci-dessus \u00e0 l&#8217;\u00e9tude. Elle aussi est dessin\u00e9e par Giorgetto Giugiaro qui va faire basculer Renault dans l\u2019\u00e8re de la qualit\u00e9. Comme la R21, cette \u00e9tude a connu un d\u00e9veloppement o\u00f9 le pl\u00e2tre a jou\u00e9 un r\u00f4le certain. Certes, cela fait plus de 36 ans aujourd\u2019hui, mais \u00e0 cette \u00e9poque, les Am\u00e9ricains ex\u00e9cutaient tout \u00e0 la Clay. Fermons la parenth\u00e8se&#8230;<\/p>\n\n\n\n<figure class=\"wp-block-image size-large\"><img loading=\"lazy\" decoding=\"async\" width=\"1024\" height=\"582\" src=\"http:\/\/lignesauto.fr\/wp-content\/uploads\/2024\/06\/87_X_05_112-1024x582.png\" alt=\"\" class=\"wp-image-33773\" srcset=\"https:\/\/lignesauto.fr\/wp-content\/uploads\/2024\/06\/87_X_05_112-1024x582.png 1024w, https:\/\/lignesauto.fr\/wp-content\/uploads\/2024\/06\/87_X_05_112-300x171.png 300w, https:\/\/lignesauto.fr\/wp-content\/uploads\/2024\/06\/87_X_05_112-768x437.png 768w, https:\/\/lignesauto.fr\/wp-content\/uploads\/2024\/06\/87_X_05_112.png 1417w\" sizes=\"(max-width: 1024px) 100vw, 1024px\" \/><\/figure>\n\n\n\n<p style=\"font-size:17px\">Deux ans apr\u00e8s la commercialisation de la Renault 25 dessin\u00e9e par le \u2018chef\u2019 Gaston Juchet, son renouvellement est d\u00e9j\u00e0 lanc\u00e9 sous le nom de code X54. Ce projet aboutira en 1992 \u00e0 la Safrane, un mod\u00e8le haut de gamme qui sera d\u00e9cal\u00e9 dans le planning pour laisser sa place au renouvellement de la Supercinq par la Clio (programme X57). En 1987, des maquettes de cette future grande Renault voient n\u00e9anmoins le jour, ci-dessus.<\/p>\n\n\n\n<figure class=\"wp-block-image size-large\"><img loading=\"lazy\" decoding=\"async\" width=\"1024\" height=\"700\" src=\"http:\/\/lignesauto.fr\/wp-content\/uploads\/2024\/06\/88_X_05_122Photo-29-1024x700.jpg\" alt=\"\" class=\"wp-image-33774\" srcset=\"https:\/\/lignesauto.fr\/wp-content\/uploads\/2024\/06\/88_X_05_122Photo-29-1024x700.jpg 1024w, https:\/\/lignesauto.fr\/wp-content\/uploads\/2024\/06\/88_X_05_122Photo-29-300x205.jpg 300w, https:\/\/lignesauto.fr\/wp-content\/uploads\/2024\/06\/88_X_05_122Photo-29-768x525.jpg 768w, https:\/\/lignesauto.fr\/wp-content\/uploads\/2024\/06\/88_X_05_122Photo-29.jpg 1417w\" sizes=\"(max-width: 1024px) 100vw, 1024px\" \/><\/figure>\n\n\n\n<p style=\"font-size:17px\">Est-ce que le concept-car M\u00e9gane de 1988 ci-dessus, d\u00e9voil\u00e9 au salon de Paris aux c\u00f4t\u00e9s des Peugeot Oxia et Citro\u00ebn Activa a eu des r\u00e9percussions sur le programme de la Safrane&nbsp;? Sans doute pas. Le designer du concept-car est un certain Jean-Pierre Plou\u00e9 alors que la Safrane est due au designer Joji Nagashima&#8230;<\/p>\n\n\n\n<figure class=\"wp-block-image size-large\"><img loading=\"lazy\" decoding=\"async\" width=\"1024\" height=\"624\" src=\"http:\/\/lignesauto.fr\/wp-content\/uploads\/2024\/06\/86_X_05_119-1024x624.jpg\" alt=\"\" class=\"wp-image-33776\" srcset=\"https:\/\/lignesauto.fr\/wp-content\/uploads\/2024\/06\/86_X_05_119-1024x624.jpg 1024w, https:\/\/lignesauto.fr\/wp-content\/uploads\/2024\/06\/86_X_05_119-300x183.jpg 300w, https:\/\/lignesauto.fr\/wp-content\/uploads\/2024\/06\/86_X_05_119-768x468.jpg 768w, https:\/\/lignesauto.fr\/wp-content\/uploads\/2024\/06\/86_X_05_119.jpg 1417w\" sizes=\"(max-width: 1024px) 100vw, 1024px\" \/><\/figure>\n\n\n\n<p style=\"font-size:17px\">Aux c\u00f4t\u00e9s du projet X57 de la premi\u00e8re Clio qui sera r\u00e9v\u00e9l\u00e9e en 1990 (ci-dessus une maquette de 1986), le W60 repose sur le th\u00e8me d\u2019une petite voiture qui deviendra la Twingo mais qui pour l\u2019heure n\u2019existe qu\u2019\u00e0 l\u2019\u00e9tat de deux maquettes \u00e9chelle 1 (celles de Gandini et de Plou\u00e9) qui ne vont pas tarder \u00e0 \u00eatre enferm\u00e9es dans des box. Elles seront exhum\u00e9es de leur prison par Patrick le Qu\u00e9ment \u00e0 son arriv\u00e9e en 1987.<\/p>\n\n\n\n<figure class=\"wp-block-image size-large\"><img loading=\"lazy\" decoding=\"async\" width=\"1024\" height=\"697\" src=\"http:\/\/lignesauto.fr\/wp-content\/uploads\/2024\/06\/88_X_05_109-1024x697.jpg\" alt=\"\" class=\"wp-image-33777\" srcset=\"https:\/\/lignesauto.fr\/wp-content\/uploads\/2024\/06\/88_X_05_109-1024x697.jpg 1024w, https:\/\/lignesauto.fr\/wp-content\/uploads\/2024\/06\/88_X_05_109-300x204.jpg 300w, https:\/\/lignesauto.fr\/wp-content\/uploads\/2024\/06\/88_X_05_109-768x523.jpg 768w, https:\/\/lignesauto.fr\/wp-content\/uploads\/2024\/06\/88_X_05_109.jpg 1417w\" sizes=\"(max-width: 1024px) 100vw, 1024px\" \/><\/figure>\n\n\n\n<p style=\"font-size:17px\">Le tour de force de Patrick le Qu\u00e9ment, tout juste arriv\u00e9 \u00e0 la t\u00eate du design Renault, est de pousser le projet X06 de la future Twingo avec un dimensionnement qui fait douter car la Twingo est aussi large que la Clio, elle m\u00eame encore \u00e0 l&#8217;\u00e9tude comme on le devine ci-dessus lors d&#8217;un test client\u00e8le. Deux &#8220;petites&#8221; voitures dans la gamme, n&#8217;est-ce pas trop dangereux ? La r\u00e9alit\u00e9 apportera une r\u00e9ponse cinglante avec le succ\u00e8s des deux mod\u00e8les. Archives : lignesauto.fr<\/p>\n\n\n\n<figure class=\"wp-block-image size-large\"><img loading=\"lazy\" decoding=\"async\" width=\"1024\" height=\"588\" src=\"http:\/\/lignesauto.fr\/wp-content\/uploads\/2024\/06\/X_05_020-1024x588.jpg\" alt=\"\" class=\"wp-image-33794\" srcset=\"https:\/\/lignesauto.fr\/wp-content\/uploads\/2024\/06\/X_05_020-1024x588.jpg 1024w, https:\/\/lignesauto.fr\/wp-content\/uploads\/2024\/06\/X_05_020-300x172.jpg 300w, https:\/\/lignesauto.fr\/wp-content\/uploads\/2024\/06\/X_05_020-768x441.jpg 768w, https:\/\/lignesauto.fr\/wp-content\/uploads\/2024\/06\/X_05_020.jpg 1417w\" sizes=\"(max-width: 1024px) 100vw, 1024px\" \/><\/figure>\n\n\n\n<p style=\"font-size:17px\">Et pendant ce temps-l\u00e0, en 1987, le projet X05 Iris prend forme ci-dessus et est m\u00eame confront\u00e9 \u00e0 deux rivales potentielles : la Supercinq dont la rempla\u00e7ante (Clio) est presque termin\u00e9e, et la Peugeot 205 qui n&#8217;a alors que 4 ans d&#8217;existence. Archives : lignesauto.fr<\/p>\n\n\n\n<figure class=\"wp-block-image size-large\"><img loading=\"lazy\" decoding=\"async\" width=\"1024\" height=\"697\" src=\"http:\/\/lignesauto.fr\/wp-content\/uploads\/2024\/06\/90_X_05_124-1024x697.jpg\" alt=\"\" class=\"wp-image-33782\" srcset=\"https:\/\/lignesauto.fr\/wp-content\/uploads\/2024\/06\/90_X_05_124-1024x697.jpg 1024w, https:\/\/lignesauto.fr\/wp-content\/uploads\/2024\/06\/90_X_05_124-300x204.jpg 300w, https:\/\/lignesauto.fr\/wp-content\/uploads\/2024\/06\/90_X_05_124-768x523.jpg 768w, https:\/\/lignesauto.fr\/wp-content\/uploads\/2024\/06\/90_X_05_124.jpg 1417w\" sizes=\"(max-width: 1024px) 100vw, 1024px\" \/><\/figure>\n\n\n\n<p style=\"font-size:17px\">Tout n&#8217;est pourtant pas tout rose au design Renault. Le programme d&#8217;une Berlinette Alpine est lanc\u00e9 en 1989 et donne naissance \u00e0 deux maquettes et \u00e0 un prototype roulant. Ce projet est men\u00e9 en interne en parall\u00e8le du projet X64 de la M\u00e9gane (1995) dont on devine une esquisse dans l&#8217;atelier . Mais il n&#8217;aura pas de suite, malgr\u00e9 les deux superbes propositions, celle de Christophe Dupont au premier plan et celle de Guy Greffier au fond. Archives : lignesauto.fr<\/p>\n\n\n\n<figure class=\"wp-block-image size-large\"><img loading=\"lazy\" decoding=\"async\" width=\"1024\" height=\"348\" src=\"http:\/\/lignesauto.fr\/wp-content\/uploads\/2024\/06\/90_X_05_106-1024x348.png\" alt=\"\" class=\"wp-image-33778\" srcset=\"https:\/\/lignesauto.fr\/wp-content\/uploads\/2024\/06\/90_X_05_106-1024x348.png 1024w, https:\/\/lignesauto.fr\/wp-content\/uploads\/2024\/06\/90_X_05_106-300x102.png 300w, https:\/\/lignesauto.fr\/wp-content\/uploads\/2024\/06\/90_X_05_106-768x261.png 768w, https:\/\/lignesauto.fr\/wp-content\/uploads\/2024\/06\/90_X_05_106.png 1417w\" sizes=\"(max-width: 1024px) 100vw, 1024px\" \/><\/figure>\n\n\n\n<p style=\"font-size:17px\">Si la Clio a \u00e9t\u00e9 \u00e9tudi\u00e9e sous l&#8217;\u00e8re de Gaston Juchet, la Twingo mais aussi la Laguna ont \u00e9t\u00e9 prises en charge par Patrick le Qu\u00e9ment lors de son arriv\u00e9e. Le projet X56 de la Laguna a m\u00eame exist\u00e9 en version tricorps (mais avec un hayon !) comme on le devine sur cette photo ci-dessus prise lors d&#8217;un test client\u00e8le. La berline Renault, concurrente de la 406, arrivera sur le march\u00e9 en 1993, soit deux ans avant la rivale Peugeot. Archives : lignesauto.fr<\/p>\n\n\n\n<figure class=\"wp-block-image size-large\"><img loading=\"lazy\" decoding=\"async\" width=\"1024\" height=\"692\" src=\"https:\/\/lignesauto.fr\/wp-content\/uploads\/2024\/06\/89_X_05_121-1024x692.jpg\" alt=\"\" class=\"wp-image-33815\" srcset=\"https:\/\/lignesauto.fr\/wp-content\/uploads\/2024\/06\/89_X_05_121-1024x692.jpg 1024w, https:\/\/lignesauto.fr\/wp-content\/uploads\/2024\/06\/89_X_05_121-300x203.jpg 300w, https:\/\/lignesauto.fr\/wp-content\/uploads\/2024\/06\/89_X_05_121-768x519.jpg 768w, https:\/\/lignesauto.fr\/wp-content\/uploads\/2024\/06\/89_X_05_121.jpg 1417w\" sizes=\"(max-width: 1024px) 100vw, 1024px\" \/><\/figure>\n\n\n\n<p style=\"font-size:17px\">La Renault Clio de 1990 est pr\u00eate bien avant sa commercialisation. Comme souvent dans ces ann\u00e9es-l\u00e0, la revue <em>l&#8217;auto-journal<\/em> pi\u00e8ge un prototype de mise au point. La Clio comme la Safrane de 1992 sont des mod\u00e8les con\u00e7us sous l\u2019\u00e8re Gaston Juchet mais logiquement d\u00e9voil\u00e9s au d\u00e9but de l\u2019\u00e8re Patrick le Qu\u00e9ment. <strong>Pour vivre les Scoops automobiles des ann\u00e9es 1980 \u00e0 2000, c&#8217;est ici :<\/strong><\/p>\n\n\n\n<figure class=\"wp-block-embed is-type-wp-embed is-provider-achetez-nos-livres-ici-buy-our-books-here wp-block-embed-achetez-nos-livres-ici-buy-our-books-here\"><div class=\"wp-block-embed__wrapper\">\n<blockquote class=\"wp-embedded-content\" data-secret=\"zkynujg0Rp\"><a href=\"https:\/\/lignesautoeditions.fr\/?p=1281\">Achetez ici \u00ab\u00a0Scoops, l&rsquo;envers du d\u00e9cor\u00a0\u00bb<\/a><\/blockquote><iframe class=\"wp-embedded-content\" sandbox=\"allow-scripts\" security=\"restricted\" style=\"position: absolute; clip: rect(1px, 1px, 1px, 1px);\" title=\"\u00ab\u00a0Achetez ici \u00ab\u00a0Scoops, l&rsquo;envers du d\u00e9cor\u00a0\u00bb\u00a0\u00bb &#8212; ACHETEZ NOS LIVRES ICI - BUY OUR BOOKS HERE\" src=\"https:\/\/lignesautoeditions.fr\/?p=1281&#038;embed=true#?secret=uKzUDWwiTq#?secret=zkynujg0Rp\" data-secret=\"zkynujg0Rp\" width=\"600\" height=\"338\" frameborder=\"0\" marginwidth=\"0\" marginheight=\"0\" scrolling=\"no\"><\/iframe>\n<\/div><\/figure>\n\n\n\n<figure class=\"wp-block-image size-large\"><img loading=\"lazy\" decoding=\"async\" width=\"1024\" height=\"598\" src=\"http:\/\/lignesauto.fr\/wp-content\/uploads\/2024\/06\/90_X_05_123-1024x598.png\" alt=\"\" class=\"wp-image-33780\" srcset=\"https:\/\/lignesauto.fr\/wp-content\/uploads\/2024\/06\/90_X_05_123-1024x598.png 1024w, https:\/\/lignesauto.fr\/wp-content\/uploads\/2024\/06\/90_X_05_123-300x175.png 300w, https:\/\/lignesauto.fr\/wp-content\/uploads\/2024\/06\/90_X_05_123-768x448.png 768w, https:\/\/lignesauto.fr\/wp-content\/uploads\/2024\/06\/90_X_05_123.png 1417w\" sizes=\"(max-width: 1024px) 100vw, 1024px\" \/><\/figure>\n\n\n\n<p style=\"font-size:17px\">En 1990, Renault travaille sur le projet W67. C&#8217;est une longue berline-coup\u00e9, tr\u00e8s basse, \u00e0 deux larges portes papillon, dessin\u00e9e par Jean-Pierre Plou\u00e9. On retrouve dans ces lignes la souplesse de la face avant inspir\u00e9 des concept-cars Megane (1988) et Laguna (1990), tous les deux enfant\u00e9s par le designer fran\u00e7ais. Chez Matra, une maquette \u00ab&nbsp;fil de fer&nbsp;\u00bb permet de bien appr\u00e9hender l\u2019habitabilit\u00e9 exceptionnelle de cette berline qui adopte un volume de coup\u00e9-break tr\u00e8s moderne, avec une surface vitr\u00e9e tr\u00e8s g\u00e9n\u00e9reuse. Cette architecture a d\u00e9j\u00e0 \u00e9t\u00e9 travaill\u00e9e chez Renault au milieu des ann\u00e9es 1970 avec le coup\u00e9 R14 de Robert Broyer. La Renault-Matra W67&nbsp;devait s\u2019inscrire dans le haut de la gamme. Deux ans apr\u00e8s ce projet, la Renault Safrane d\u00e9barque sur le march\u00e9 avec le nouveau logo, et cette W67&nbsp;aurait pu l\u2019accompagner avec un concept novateur. Archives : lignesauto.fr<\/p>\n\n\n\n<figure class=\"wp-block-image size-large\"><img loading=\"lazy\" decoding=\"async\" width=\"1024\" height=\"670\" src=\"http:\/\/lignesauto.fr\/wp-content\/uploads\/2024\/06\/93_X_05_111ULM_08-1024x670.jpg\" alt=\"\" class=\"wp-image-33783\" srcset=\"https:\/\/lignesauto.fr\/wp-content\/uploads\/2024\/06\/93_X_05_111ULM_08-1024x670.jpg 1024w, https:\/\/lignesauto.fr\/wp-content\/uploads\/2024\/06\/93_X_05_111ULM_08-300x196.jpg 300w, https:\/\/lignesauto.fr\/wp-content\/uploads\/2024\/06\/93_X_05_111ULM_08-768x502.jpg 768w, https:\/\/lignesauto.fr\/wp-content\/uploads\/2024\/06\/93_X_05_111ULM_08.jpg 1417w\" sizes=\"(max-width: 1024px) 100vw, 1024px\" \/><\/figure>\n\n\n\n<p style=\"font-size:17px\">En 1993, alors que la Twingo arrive sur le march\u00e9, le projet W78 prend vie. Il s&#8217;agit d&#8217;une voiture extra-urbaine et ultra-\u00e9conomique. Ce projet demand\u00e9 par la direction du produit veut offrir \u00e0 la gamme un v\u00e9hicule \u00e9conomique et l\u00e9ger, 4&#215;2 et 4&#215;4. C&#8217;est dans l&#8217;esprit une synth\u00e8se moderne des prestations rurales de la R4 et de ce qu&#8217;aurait d\u00fb \u00eatre la Citro\u00ebn M\u00e9hari. Le projet est men\u00e9 sous la direction d&#8217;Yves Legal avec Anne Asensio au design ext\u00e9rieur. Archives : lignesauto.fr<\/p>\n\n\n\n<figure class=\"wp-block-image size-large\"><img loading=\"lazy\" decoding=\"async\" width=\"1024\" height=\"697\" src=\"http:\/\/lignesauto.fr\/wp-content\/uploads\/2024\/06\/91_X_05_103-1024x697.jpg\" alt=\"\" class=\"wp-image-33781\" srcset=\"https:\/\/lignesauto.fr\/wp-content\/uploads\/2024\/06\/91_X_05_103-1024x697.jpg 1024w, https:\/\/lignesauto.fr\/wp-content\/uploads\/2024\/06\/91_X_05_103-300x204.jpg 300w, https:\/\/lignesauto.fr\/wp-content\/uploads\/2024\/06\/91_X_05_103-768x523.jpg 768w, https:\/\/lignesauto.fr\/wp-content\/uploads\/2024\/06\/91_X_05_103.jpg 1417w\" sizes=\"(max-width: 1024px) 100vw, 1024px\" \/><\/figure>\n\n\n\n<p style=\"font-size:17px\">Apr\u00e8s la Twingo de 1993 et la Laguna de 1994, les \u00e9quipes men\u00e9es par Patrick le Qu\u00e9ment travaillent sur la compacte qui est au c\u0153ur de la gamme : la rempla\u00e7ante de la R19 de Giugiaro. Le design Renault entre dans une \u00e8re elliptique avec ce dessin d&#8217;Hermidas Attabeki et la M\u00e9gane (1995) donnera naissance \u00e0 six silhouettes diff\u00e9rentes : berline 5 portes, berline 4 portes \u00e0 coffre, coup\u00e9, cabriolet, break et monospace Sc\u00e9nic. A noter que la M\u00e9gane est le premier programme a b\u00e9n\u00e9ficier de la r\u00e9duction du temps d&#8217;\u00e9tude. Ce programme X64 n&#8217;est pas sans \u00e9voquer celui de la X05 Iris en nombre de silhouettes ! Patrick le Qu\u00e9ment pr\u00e9sente le projet \u00e0 Raymond L\u00e9vy, alors pr\u00e9sident de Renault (fin 1986-1992).<\/p>\n\n\n\n<figure class=\"wp-block-embed is-type-wp-embed is-provider-achetez-nos-livres-ici-buy-our-books-here wp-block-embed-achetez-nos-livres-ici-buy-our-books-here\"><div class=\"wp-block-embed__wrapper\">\n<blockquote class=\"wp-embedded-content\" data-secret=\"VnAcEvkurv\"><a href=\"https:\/\/lignesautoeditions.fr\/?p=854\">Commandez le livre LUCKYMAN                              Order the LUCKYMAN book here<\/a><\/blockquote><iframe class=\"wp-embedded-content\" sandbox=\"allow-scripts\" security=\"restricted\" style=\"position: absolute; clip: rect(1px, 1px, 1px, 1px);\" title=\"\u00ab\u00a0Commandez le livre LUCKYMAN                              Order the LUCKYMAN book here\u00a0\u00bb &#8212; ACHETEZ NOS LIVRES ICI - BUY OUR BOOKS HERE\" src=\"https:\/\/lignesautoeditions.fr\/?p=854&#038;embed=true#?secret=ldArq6NqLS#?secret=VnAcEvkurv\" data-secret=\"VnAcEvkurv\" width=\"600\" height=\"338\" frameborder=\"0\" marginwidth=\"0\" marginheight=\"0\" scrolling=\"no\"><\/iframe>\n<\/div><\/figure>\n\n\n\n<figure class=\"wp-block-image size-large\"><img loading=\"lazy\" decoding=\"async\" width=\"1024\" height=\"679\" src=\"http:\/\/lignesauto.fr\/wp-content\/uploads\/2024\/06\/93_X_05_129-1024x679.jpg\" alt=\"\" class=\"wp-image-33784\" srcset=\"https:\/\/lignesauto.fr\/wp-content\/uploads\/2024\/06\/93_X_05_129-1024x679.jpg 1024w, https:\/\/lignesauto.fr\/wp-content\/uploads\/2024\/06\/93_X_05_129-300x199.jpg 300w, https:\/\/lignesauto.fr\/wp-content\/uploads\/2024\/06\/93_X_05_129-768x509.jpg 768w, https:\/\/lignesauto.fr\/wp-content\/uploads\/2024\/06\/93_X_05_129.jpg 1417w\" sizes=\"(max-width: 1024px) 100vw, 1024px\" \/><\/figure>\n\n\n\n<p style=\"font-size:17px\">Et durant toutes ces ann\u00e9es, le design Renault se fait remarquer par ses concept-cars. Le roadster Laguna en 1990, le concept monospace compact Sc\u00e9nic en 1991 et le Racoon en 1993. Ce dernier co\u00efncide avec le d\u00e9veloppement du num\u00e9rique au sein du design. Ces trois mod\u00e8les mat\u00e9rialisent la passion, la famille et l&#8217;\u00e9vasion. En 2010, Laurens van den Acker reprendra ce th\u00e8me en l&#8217;exploitant avec sa fameuse &#8216;marguerite&#8217; de concept-cars.<\/p>\n\n\n\n<p class=\"has-text-align-center\" style=\"font-size:18px\"><strong>BONUS<br>Gandini a-t-il inspir\u00e9 le programme X05 Iris&nbsp;?<\/strong><\/p>\n\n\n\n<figure class=\"wp-block-image size-large\"><img loading=\"lazy\" decoding=\"async\" width=\"1024\" height=\"697\" src=\"http:\/\/lignesauto.fr\/wp-content\/uploads\/2024\/06\/84_X_05_101-1024x697.jpg\" alt=\"\" class=\"wp-image-33787\" srcset=\"https:\/\/lignesauto.fr\/wp-content\/uploads\/2024\/06\/84_X_05_101-1024x697.jpg 1024w, https:\/\/lignesauto.fr\/wp-content\/uploads\/2024\/06\/84_X_05_101-300x204.jpg 300w, https:\/\/lignesauto.fr\/wp-content\/uploads\/2024\/06\/84_X_05_101-768x523.jpg 768w, https:\/\/lignesauto.fr\/wp-content\/uploads\/2024\/06\/84_X_05_101.jpg 1417w\" sizes=\"(max-width: 1024px) 100vw, 1024px\" \/><\/figure>\n\n\n\n<p style=\"font-size:17px\">En 1984, un an avant le lancement du projet Iris, Marcello Gandini d\u00e9barque \u00e0 Rueil dans les bureaux de style Renault avec son projet de petite voiture Piccola. Il assemble ce v\u00e9hicule en moins d\u2019une heure \u00e0 partir de pi\u00e8ces rang\u00e9es dans une caisse et gr\u00e2ce \u00e0 une conception innovante et simple. Gaston Juchet \u2013 alors patron du style &#8211; et les membres de la direction pr\u00e9sents ce jour-l\u00e0 sont non seulement \u00e9bahis, mais apeur\u00e9s&#8230;<\/p>\n\n\n\n<figure class=\"wp-block-image size-large\"><img loading=\"lazy\" decoding=\"async\" width=\"1024\" height=\"697\" src=\"http:\/\/lignesauto.fr\/wp-content\/uploads\/2024\/06\/84_X_05_100-1024x697.jpg\" alt=\"\" class=\"wp-image-33788\" srcset=\"https:\/\/lignesauto.fr\/wp-content\/uploads\/2024\/06\/84_X_05_100-1024x697.jpg 1024w, https:\/\/lignesauto.fr\/wp-content\/uploads\/2024\/06\/84_X_05_100-300x204.jpg 300w, https:\/\/lignesauto.fr\/wp-content\/uploads\/2024\/06\/84_X_05_100-768x523.jpg 768w, https:\/\/lignesauto.fr\/wp-content\/uploads\/2024\/06\/84_X_05_100.jpg 1417w\" sizes=\"(max-width: 1024px) 100vw, 1024px\" \/><\/figure>\n\n\n\n<p style=\"font-size:17px\">Si le projet de Gandini voit le jour, il impose de raser les usines telles qu\u2019elles sont alors pens\u00e9es \u00e0 l&#8217;\u00e9poque. \u00c9videmment, \u00e0 un an des pertes abyssales enregistr\u00e9es par la R\u00e9gie et des remous avec les syndicats, il n\u2019est pas question de donner suite \u00e0 ce projet. Pour autant, il n\u2019est pas question non plus que cette g\u00e9niale petite voiture tombe entre les mains de la concurrence. Le travail effectu\u00e9 par Marcello Gandini est donc pay\u00e9 \u00e0 son juste prix et la maquette appartenant d\u00e9sormais \u00e0 Renault est mise \u00e0 l\u2019abri et \u00e0 l\u2019\u00e9cart. L\u2019histoire s\u2019arr\u00eate l\u00e0. Sauf que son ombre plane un an plus tard sur le projet X05&nbsp;!<\/p>\n\n\n<div class=\"wp-block-image\">\n<figure class=\"aligncenter size-full is-resized\"><img loading=\"lazy\" decoding=\"async\" width=\"1024\" height=\"367\" src=\"http:\/\/lignesauto.fr\/wp-content\/uploads\/2024\/02\/image.png\" alt=\"\" class=\"wp-image-33022\" style=\"width:553px;height:auto\" srcset=\"https:\/\/lignesauto.fr\/wp-content\/uploads\/2024\/02\/image.png 1024w, https:\/\/lignesauto.fr\/wp-content\/uploads\/2024\/02\/image-300x108.png 300w, https:\/\/lignesauto.fr\/wp-content\/uploads\/2024\/02\/image-768x275.png 768w\" sizes=\"(max-width: 1024px) 100vw, 1024px\" \/><\/figure><\/div>","protected":false},"excerpt":{"rendered":"<p>Voici des photos in\u00e9dites de la Renault X-05. Ce programme appel\u00e9 \u00e9galement IRIS a d\u00e9but\u00e9 au milieu de l\u2019ann\u00e9e 1986 pour s\u2019achever en 1989. Comme le pr\u00e9cise le chef de ce projet X05 &#8211; Claude Sutren &#8211; dans un article publi\u00e9 dans le fascicule \u2018Renault Histoire\u2019 n\u00b032 de f\u00e9vrier 2015*, [&hellip;]<\/p>\n","protected":false},"author":1,"featured_media":33755,"comment_status":"closed","ping_status":"closed","sticky":false,"template":"","format":"standard","meta":{"footnotes":""},"categories":[1],"tags":[],"_links":{"self":[{"href":"https:\/\/lignesauto.fr\/index.php?rest_route=\/wp\/v2\/posts\/33735"}],"collection":[{"href":"https:\/\/lignesauto.fr\/index.php?rest_route=\/wp\/v2\/posts"}],"about":[{"href":"https:\/\/lignesauto.fr\/index.php?rest_route=\/wp\/v2\/types\/post"}],"author":[{"embeddable":true,"href":"https:\/\/lignesauto.fr\/index.php?rest_route=\/wp\/v2\/users\/1"}],"replies":[{"embeddable":true,"href":"https:\/\/lignesauto.fr\/index.php?rest_route=%2Fwp%2Fv2%2Fcomments&post=33735"}],"version-history":[{"count":89,"href":"https:\/\/lignesauto.fr\/index.php?rest_route=\/wp\/v2\/posts\/33735\/revisions"}],"predecessor-version":[{"id":33921,"href":"https:\/\/lignesauto.fr\/index.php?rest_route=\/wp\/v2\/posts\/33735\/revisions\/33921"}],"wp:featuredmedia":[{"embeddable":true,"href":"https:\/\/lignesauto.fr\/index.php?rest_route=\/wp\/v2\/media\/33755"}],"wp:attachment":[{"href":"https:\/\/lignesauto.fr\/index.php?rest_route=%2Fwp%2Fv2%2Fmedia&parent=33735"}],"wp:term":[{"taxonomy":"category","embeddable":true,"href":"https:\/\/lignesauto.fr\/index.php?rest_route=%2Fwp%2Fv2%2Fcategories&post=33735"},{"taxonomy":"post_tag","embeddable":true,"href":"https:\/\/lignesauto.fr\/index.php?rest_route=%2Fwp%2Fv2%2Ftags&post=33735"}],"curies":[{"name":"wp","href":"https:\/\/api.w.org\/{rel}","templated":true}]}}