{"id":34350,"date":"2024-08-05T11:36:42","date_gmt":"2024-08-05T09:36:42","guid":{"rendered":"https:\/\/lignesauto.fr\/?p=34350"},"modified":"2024-08-05T11:36:42","modified_gmt":"2024-08-05T09:36:42","slug":"audi-a6-e-tron-du-concept-car-a-la-serie-interview-de-sascha-heyde-et-wolf-seebers","status":"publish","type":"post","link":"https:\/\/lignesauto.fr\/?p=34350","title":{"rendered":"Audi A6 e-tron : du concept-car \u00e0 la s\u00e9rie. Interview de Sascha Heyde et Wolf Seebers"},"content":{"rendered":"<div class=\"wp-block-image\">\n<figure class=\"aligncenter size-full is-resized\"><img loading=\"lazy\" decoding=\"async\" width=\"1024\" height=\"367\" src=\"http:\/\/lignesauto.fr\/wp-content\/uploads\/2024\/06\/image.png\" alt=\"\" class=\"wp-image-34116\" style=\"width:553px;height:auto\" srcset=\"https:\/\/lignesauto.fr\/wp-content\/uploads\/2024\/06\/image.png 1024w, https:\/\/lignesauto.fr\/wp-content\/uploads\/2024\/06\/image-300x108.png 300w, https:\/\/lignesauto.fr\/wp-content\/uploads\/2024\/06\/image-768x275.png 768w\" sizes=\"(max-width: 1024px) 100vw, 1024px\" \/><\/figure><\/div>\n\n\n<figure class=\"wp-block-image size-large\"><img loading=\"lazy\" decoding=\"async\" width=\"1024\" height=\"339\" src=\"https:\/\/lignesauto.fr\/wp-content\/uploads\/2024\/08\/LIGNESAUDI_01-1024x339.jpg\" alt=\"\" class=\"wp-image-34364\" srcset=\"https:\/\/lignesauto.fr\/wp-content\/uploads\/2024\/08\/LIGNESAUDI_01-1024x339.jpg 1024w, https:\/\/lignesauto.fr\/wp-content\/uploads\/2024\/08\/LIGNESAUDI_01-300x99.jpg 300w, https:\/\/lignesauto.fr\/wp-content\/uploads\/2024\/08\/LIGNESAUDI_01-768x254.jpg 768w, https:\/\/lignesauto.fr\/wp-content\/uploads\/2024\/08\/LIGNESAUDI_01.jpg 1417w\" sizes=\"(max-width: 1024px) 100vw, 1024px\" \/><\/figure>\n\n\n\n<p style=\"font-size:17px\">Audi vient de r\u00e9v\u00e9ler celle qui pourra (enfin) s\u2019attaquer au c\u0153ur de la gamme Tesla&nbsp;: l\u2019Audi A6 e-tron, 100% \u00e9lectrique. On passera sur les caract\u00e9ristiques techniques que vous retrouverez sur tous les bons sites automobiles, en nous contentant de publier une interview r\u00e9alis\u00e9e en interne et d\u00e9di\u00e9e au design. Car l\u2019Audi A6 e-tron de s\u00e9rie doit beaucoup au concept-car \u00e9ponyme d\u00e9voil\u00e9 en 2021.<\/p>\n\n\n\n<figure class=\"wp-block-image size-large\"><img loading=\"lazy\" decoding=\"async\" width=\"1024\" height=\"684\" src=\"https:\/\/lignesauto.fr\/wp-content\/uploads\/2024\/08\/LIGNESAUDI_06-1024x684.jpg\" alt=\"\" class=\"wp-image-34363\" srcset=\"https:\/\/lignesauto.fr\/wp-content\/uploads\/2024\/08\/LIGNESAUDI_06-1024x684.jpg 1024w, https:\/\/lignesauto.fr\/wp-content\/uploads\/2024\/08\/LIGNESAUDI_06-300x200.jpg 300w, https:\/\/lignesauto.fr\/wp-content\/uploads\/2024\/08\/LIGNESAUDI_06-768x513.jpg 768w, https:\/\/lignesauto.fr\/wp-content\/uploads\/2024\/08\/LIGNESAUDI_06.jpg 1417w\" sizes=\"(max-width: 1024px) 100vw, 1024px\" \/><figcaption class=\"wp-element-caption\">Les designers ext\u00e9rieurs Sascha Heyde (\u00e0 gauche) et Wolf Seebers (\u00e0 droite) devant l&#8217;Audi A6 e-tron concept d\u00e9voilent comment ils traduisent leurs intentions sur le mod\u00e8le de s\u00e9rie, \u00e0 gauche.<\/figcaption><\/figure>\n\n\n\n<p style=\"font-size:17px\">Sascha Heyde et Wolf Seebers se retrouvent face-face avec leurs deux b\u00e9b\u00e9s. Tous deux sont des passionn\u00e9s d&#8217;automobile et sont amis depuis 20 ans. En tant que designers ext\u00e9rieurs d&#8217;Audi, ils ont fa\u00e7onn\u00e9 ensemble la famille A6 e-tron. Ils ont d&#8217;abord d\u00e9voil\u00e9 leur vision dans les \u00e9tonnants concepts A6 e-tron et A6 Avant e-tron. Aujourd&#8217;hui, ils ont amen\u00e9 le design et la technologie de ces v\u00e9hicules \u00e0 la production en s\u00e9rie. Mais comment faire de son id\u00e9al une r\u00e9alit\u00e9 ? Comment conserver ce qui fait tout le charme d\u2019un concept-car en s\u00e9rie&nbsp;?<\/p>\n\n\n\n<figure class=\"wp-block-image size-large\"><img loading=\"lazy\" decoding=\"async\" width=\"1024\" height=\"681\" src=\"https:\/\/lignesauto.fr\/wp-content\/uploads\/2024\/08\/LIGNESAUDI_08-1024x681.jpg\" alt=\"\" class=\"wp-image-34366\" srcset=\"https:\/\/lignesauto.fr\/wp-content\/uploads\/2024\/08\/LIGNESAUDI_08-1024x681.jpg 1024w, https:\/\/lignesauto.fr\/wp-content\/uploads\/2024\/08\/LIGNESAUDI_08-300x200.jpg 300w, https:\/\/lignesauto.fr\/wp-content\/uploads\/2024\/08\/LIGNESAUDI_08-768x511.jpg 768w, https:\/\/lignesauto.fr\/wp-content\/uploads\/2024\/08\/LIGNESAUDI_08.jpg 1417w\" sizes=\"(max-width: 1024px) 100vw, 1024px\" \/><\/figure>\n\n\n\n<p style=\"font-size:17px\"><strong><em>L\u2019histoire de l&#8217;Audi A6 e-tron a commenc\u00e9 avec deux concept-cars en 2021. De tels concepts ont-ils encore une utilit\u00e9 aujourd\u2019hui&nbsp;?<br><\/em>Sascha Heyde<\/strong> : Nous consid\u00e9rons les concepts comme des visions libres et sans compromis en termes de conception et de mise en \u0153uvre. Nous vivons une \u00e9poque unique pour le design automobile. L&#8217;importance des solutions durables, l&#8217;ad\u00e9quation \u00e0 l&#8217;usage quotidien, la libert\u00e9 personnelle et l&#8217;\u00e9volution de l\u2019ADN d&#8217;Audi pour l&#8217;\u00e8re \u00e9lectrique impactent le design. Il peut adopter de nombreuses approches pour aider \u00e0 fa\u00e7onner cette transition. Les concept-cars nous permettent de cr\u00e9er rapidement de nouveaux mondes et de chercher des r\u00e9ponses. Ils sont \u00e0 la pointe de l&#8217;innovation et repr\u00e9sentent une vision du design et des nouvelles technologies.<\/p>\n\n\n\n<figure class=\"wp-block-image size-large\"><img loading=\"lazy\" decoding=\"async\" width=\"682\" height=\"1024\" src=\"https:\/\/lignesauto.fr\/wp-content\/uploads\/2024\/08\/LIGNESAUDI_09-682x1024.jpg\" alt=\"\" class=\"wp-image-34378\" srcset=\"https:\/\/lignesauto.fr\/wp-content\/uploads\/2024\/08\/LIGNESAUDI_09-682x1024.jpg 682w, https:\/\/lignesauto.fr\/wp-content\/uploads\/2024\/08\/LIGNESAUDI_09-200x300.jpg 200w, https:\/\/lignesauto.fr\/wp-content\/uploads\/2024\/08\/LIGNESAUDI_09-768x1154.jpg 768w, https:\/\/lignesauto.fr\/wp-content\/uploads\/2024\/08\/LIGNESAUDI_09-1022x1536.jpg 1022w, https:\/\/lignesauto.fr\/wp-content\/uploads\/2024\/08\/LIGNESAUDI_09-1363x2048.jpg 1363w, https:\/\/lignesauto.fr\/wp-content\/uploads\/2024\/08\/LIGNESAUDI_09.jpg 1417w\" sizes=\"(max-width: 682px) 100vw, 682px\" \/><\/figure>\n\n\n\n<p style=\"font-size:17px\"><strong>Wolf Seebers<\/strong> : Les voitures ne servent plus uniquement \u00e0 se rendre d&#8217;un point A \u00e0 un point B de la mani\u00e8re la plus confortable, la plus rapide et la plus pratique possible. C&#8217;est une vision beaucoup trop courte de nos jours. Les voitures du segment haut de gamme sont davantage des compagnons, des objets de design et l&#8217;expression de notre personnalit\u00e9. Les concepts nous aident \u00e0 explorer, d\u00e9finir et cr\u00e9er de tels espaces sans limites.<\/p>\n\n\n\n<figure class=\"wp-block-image size-large\"><img loading=\"lazy\" decoding=\"async\" width=\"1024\" height=\"421\" src=\"https:\/\/lignesauto.fr\/wp-content\/uploads\/2024\/08\/LIGNESAUDI_04-1024x421.jpg\" alt=\"\" class=\"wp-image-34379\" srcset=\"https:\/\/lignesauto.fr\/wp-content\/uploads\/2024\/08\/LIGNESAUDI_04-1024x421.jpg 1024w, https:\/\/lignesauto.fr\/wp-content\/uploads\/2024\/08\/LIGNESAUDI_04-300x123.jpg 300w, https:\/\/lignesauto.fr\/wp-content\/uploads\/2024\/08\/LIGNESAUDI_04-768x315.jpg 768w, https:\/\/lignesauto.fr\/wp-content\/uploads\/2024\/08\/LIGNESAUDI_04.jpg 1417w\" sizes=\"(max-width: 1024px) 100vw, 1024px\" \/><\/figure>\n\n\n\n<p style=\"font-size:17px\"><strong><em>En 2021, quand vous avez con\u00e7u les concepts Audi A6 e-tron et Avant e-tron, vous n\u2019aviez pas de limite, pas d&#8217;exigence ? Vous aviez les mains totalement libres ?<br><\/em>Sascha Heyde<\/strong> : D\u00e8s le d\u00e9part, nous d\u00e9terminons si un concept-car servira de pr\u00e9curseur aux mod\u00e8les de production \u00e0 venir, ou s&#8217;il anticipera les d\u00e9veloppements futurs. Lorsqu&#8217;il s&#8217;agit d&#8217;un concept orient\u00e9 vers la production, nous pouvons d&#8217;abord ignorer les exigences purement techniques et donner la priorit\u00e9 aux proportions, car ce sont elles qui sont les plus importantes pour un bon design. Cela signifie que les concepteurs ont tendance \u00e0 exag\u00e9rer un peu dans ce domaine. Le r\u00e9sultat est que les voitures conceptuelles ont tendance \u00e0 avoir une posture un peu plus plate et plus large que celle des mod\u00e8les de s\u00e9rie.<\/p>\n\n\n\n<figure class=\"wp-block-image size-large\"><img loading=\"lazy\" decoding=\"async\" width=\"1024\" height=\"421\" src=\"https:\/\/lignesauto.fr\/wp-content\/uploads\/2024\/08\/LIGNESAUDI_05-1024x421.jpg\" alt=\"\" class=\"wp-image-34380\" srcset=\"https:\/\/lignesauto.fr\/wp-content\/uploads\/2024\/08\/LIGNESAUDI_05-1024x421.jpg 1024w, https:\/\/lignesauto.fr\/wp-content\/uploads\/2024\/08\/LIGNESAUDI_05-300x123.jpg 300w, https:\/\/lignesauto.fr\/wp-content\/uploads\/2024\/08\/LIGNESAUDI_05-768x315.jpg 768w, https:\/\/lignesauto.fr\/wp-content\/uploads\/2024\/08\/LIGNESAUDI_05.jpg 1417w\" sizes=\"(max-width: 1024px) 100vw, 1024px\" \/><\/figure>\n\n\n\n<p style=\"font-size:17px\"><strong>Wolf Seebers<\/strong> : Nous avons montr\u00e9 des formes concr\u00e8tes tr\u00e8s t\u00f4t pour beaucoup de nos concepts. Prenons l&#8217;exemple de l\u2019Audi TT. Lorsque Audi a d\u00e9voil\u00e9 le concept au salon de Francfort en 1995, personne n&#8217;aurait cru que la voiture serait sur la route sous cette forme \u00e0 peine trois ans plus tard. M\u00eame si les directives relatives \u00e0 la s\u00e9curit\u00e9 ont donn\u00e9 lieu \u00e0 de nombreux ajustements, l&#8217;ext\u00e9rieur de la voiture ne le laissait pas deviner. \u00c0 mon avis, nous avons accompli quelque chose de similaire avec l&#8217;Audi A6 e-tron.<\/p>\n\n\n\n<figure class=\"wp-block-image size-large\"><img loading=\"lazy\" decoding=\"async\" width=\"1024\" height=\"724\" src=\"https:\/\/lignesauto.fr\/wp-content\/uploads\/2024\/08\/LIGNESAUDI_105-1024x724.jpg\" alt=\"\" class=\"wp-image-34368\" srcset=\"https:\/\/lignesauto.fr\/wp-content\/uploads\/2024\/08\/LIGNESAUDI_105-1024x724.jpg 1024w, https:\/\/lignesauto.fr\/wp-content\/uploads\/2024\/08\/LIGNESAUDI_105-300x212.jpg 300w, https:\/\/lignesauto.fr\/wp-content\/uploads\/2024\/08\/LIGNESAUDI_105-768x543.jpg 768w, https:\/\/lignesauto.fr\/wp-content\/uploads\/2024\/08\/LIGNESAUDI_105.jpg 1417w\" sizes=\"(max-width: 1024px) 100vw, 1024px\" \/><\/figure>\n\n\n\n<p style=\"font-size:17px\"><strong><em>Les nouvelles A6 e-tron et Avant e-tron reposent sur la nouvelle plateforme PPE ci-dessus. Comment cette nouvelle base technique a-t-elle influenc\u00e9 le design ?<br><\/em>Wolf Seebers<\/strong> : Comme Sascha l&#8217;a d\u00e9j\u00e0 fait remarquer, les proportions sont essentielles. Nous \u00e9tions d\u00e9termin\u00e9s \u00e0 donner la nouvelle Audi A6 e-tron les proportions attrayantes du concept-car. Je parle de la silhouette classique du Sportback, que les fans d&#8217;Audi connaissent bien. L&#8217;A6 e-tron de s\u00e9rie est le premier mod\u00e8le dot\u00e9 d\u2019un plancher assez bas malgr\u00e9 la pr\u00e9sence du pack batterie. On le doit \u00e0 la nouvelle plateforme PPE. En termes de design, c&#8217;\u00e9tait un v\u00e9ritable d\u00e9fi. Dans une e-tron, la batterie est le c\u0153ur de la voiture. D&#8217;un point de vue esth\u00e9tique, cela rend le v\u00e9hicule plus haut que ce que nous, les designers, aimerions voir sur ce type de carrosserie. Pour en tirer le meilleur parti, c&#8217;est l\u00e0 qu&#8217;a commenc\u00e9 la n\u00e9gociation de chaque millim\u00e8tre. Nous avons d\u00e9velopp\u00e9 l&#8217;incrustation dans le bas de caisse pour introduire une coupe horizontale dans la voiture, ajoutant un autre segment au profil lat\u00e9ral pour compenser visuellement la hauteur suppl\u00e9mentaire.<\/p>\n\n\n\n<figure class=\"wp-block-image size-large\"><img loading=\"lazy\" decoding=\"async\" width=\"1024\" height=\"768\" src=\"https:\/\/lignesauto.fr\/wp-content\/uploads\/2024\/08\/LIGNESAUDI_107-1024x768.jpg\" alt=\"\" class=\"wp-image-34392\" srcset=\"https:\/\/lignesauto.fr\/wp-content\/uploads\/2024\/08\/LIGNESAUDI_107-1024x768.jpg 1024w, https:\/\/lignesauto.fr\/wp-content\/uploads\/2024\/08\/LIGNESAUDI_107-300x225.jpg 300w, https:\/\/lignesauto.fr\/wp-content\/uploads\/2024\/08\/LIGNESAUDI_107-768x576.jpg 768w, https:\/\/lignesauto.fr\/wp-content\/uploads\/2024\/08\/LIGNESAUDI_107.jpg 1417w\" sizes=\"(max-width: 1024px) 100vw, 1024px\" \/><\/figure>\n\n\n\n<figure class=\"wp-block-embed is-type-wp-embed is-provider-achetez-nos-livres-ici-buy-our-books-here wp-block-embed-achetez-nos-livres-ici-buy-our-books-here\"><div class=\"wp-block-embed__wrapper\">\n<blockquote class=\"wp-embedded-content\" data-secret=\"8PSbH8WCrf\"><a href=\"https:\/\/lignesautoeditions.fr\/?p=1480\">LA COLLECTION LIGNES\/auto : 780 pages de design, archives, actualit\u00e9s pour 80 \u20ac. ENVOI EN FRANCE UNIQUEMENT<\/a><\/blockquote><iframe class=\"wp-embedded-content\" sandbox=\"allow-scripts\" security=\"restricted\" style=\"position: absolute; clip: rect(1px, 1px, 1px, 1px);\" title=\"\u00ab\u00a0LA COLLECTION LIGNES\/auto : 780 pages de design, archives, actualit\u00e9s pour 80 \u20ac. ENVOI EN FRANCE UNIQUEMENT\u00a0\u00bb &#8212; ACHETEZ NOS LIVRES ICI - BUY OUR BOOKS HERE\" src=\"https:\/\/lignesautoeditions.fr\/?p=1480&#038;embed=true#?secret=5xjpFhCGUN#?secret=8PSbH8WCrf\" data-secret=\"8PSbH8WCrf\" width=\"600\" height=\"338\" frameborder=\"0\" marginwidth=\"0\" marginheight=\"0\" scrolling=\"no\"><\/iframe>\n<\/div><\/figure>\n\n\n\n<p style=\"font-size:17px\"><strong>Sascha Heyde<\/strong> : L&#8217;incrustation est devenue un v\u00e9ritable trait de famille que partagent nos mod\u00e8les \u00e9lectriques. Vous pouvez le voir sur le Q6 e-tron, le pendant SUV de l&#8217;A6 e-tron, et la nouvelle s\u00e9rie e-tron GT. Nous avons d\u00e9lib\u00e9r\u00e9ment d\u00e9cid\u00e9 de mettre en \u00e9vidence la zone o\u00f9 bat le c\u0153ur de nos mod\u00e8les \u00e9lectriques. Nous voulions \u00e9galement que l&#8217;avant de l&#8217;A6 e-tron soit tr\u00e8s proche de l&#8217;\u00e9tude. Le visage progressif semble high-tech et futuriste gr\u00e2ce au Singleframe invers\u00e9 et aux feux de jour tr\u00e8s accentu\u00e9s. Lorsque vous regardez son visage, il vous regarde avec deux yeux de caract\u00e8re gr\u00e2ce aux feux les plus progressifs et les plus minces jamais con\u00e7us chez Audi.<\/p>\n\n\n\n<figure class=\"wp-block-image size-large\"><img loading=\"lazy\" decoding=\"async\" width=\"1024\" height=\"684\" src=\"https:\/\/lignesauto.fr\/wp-content\/uploads\/2024\/08\/LIGNESAUDI_07-1024x684.jpg\" alt=\"\" class=\"wp-image-34381\" srcset=\"https:\/\/lignesauto.fr\/wp-content\/uploads\/2024\/08\/LIGNESAUDI_07-1024x684.jpg 1024w, https:\/\/lignesauto.fr\/wp-content\/uploads\/2024\/08\/LIGNESAUDI_07-300x200.jpg 300w, https:\/\/lignesauto.fr\/wp-content\/uploads\/2024\/08\/LIGNESAUDI_07-768x513.jpg 768w, https:\/\/lignesauto.fr\/wp-content\/uploads\/2024\/08\/LIGNESAUDI_07.jpg 1417w\" sizes=\"(max-width: 1024px) 100vw, 1024px\" \/><\/figure>\n\n\n\n<p style=\"font-size:17px\"><strong>Sascha Heyde<\/strong> : les principaux \u00e9l\u00e9ments lumineux technologiques des phares prennent de la place. Ils auraient visuellement augment\u00e9 la hauteur de la voiture, c&#8217;est pourquoi nous les avons int\u00e9gr\u00e9s dans le masque sombre qui entoure le Singleframe. Nous avons utilis\u00e9 la m\u00eame astuce pour tous les \u00e9l\u00e9ments fonctionnels de la partie inf\u00e9rieure de la voiture, notre &#8220;unit\u00e9 technique&#8221;. Cette approche nous permet de conserver la silhouette tr\u00e8s plate du concept car \u00e0 l&#8217;avant et \u00e0 l&#8217;arri\u00e8re.<\/p>\n\n\n\n<figure class=\"wp-block-image size-large\"><img loading=\"lazy\" decoding=\"async\" width=\"807\" height=\"1024\" src=\"http:\/\/lignesauto.fr\/wp-content\/uploads\/2024\/08\/LIGNESAUDI_103-807x1024.png\" alt=\"\" class=\"wp-image-34375\" srcset=\"https:\/\/lignesauto.fr\/wp-content\/uploads\/2024\/08\/LIGNESAUDI_103-807x1024.png 807w, https:\/\/lignesauto.fr\/wp-content\/uploads\/2024\/08\/LIGNESAUDI_103-236x300.png 236w, https:\/\/lignesauto.fr\/wp-content\/uploads\/2024\/08\/LIGNESAUDI_103-768x975.png 768w, https:\/\/lignesauto.fr\/wp-content\/uploads\/2024\/08\/LIGNESAUDI_103-1210x1536.png 1210w, https:\/\/lignesauto.fr\/wp-content\/uploads\/2024\/08\/LIGNESAUDI_103.png 1417w\" sizes=\"(max-width: 807px) 100vw, 807px\" \/><\/figure>\n\n\n\n<p style=\"font-size:17px\"><strong>Sascha Heyde<\/strong> : Nous voulions que le design de l&#8217;A6 e-tron reprenne l&#8217;aspect imposant, presque sculptural, des concept-cars. En m\u00eame temps, nous transf\u00e9rons les g\u00e8nes familiers d&#8217;Audi, tels que les volumes muscl\u00e9s des quattro, le Singleframe et la signature lumineuse, au monde num\u00e9rique enti\u00e8rement \u00e9lectrique.<br><strong>Wolf Seebers<\/strong> : Ce qui est formidable, c&#8217;est que nos outils de conception nous ont permis de donner \u00e0 la Sportback 95 % des proportions de base du concept-car.<\/p>\n\n\n\n<figure class=\"wp-block-image size-large\"><img loading=\"lazy\" decoding=\"async\" width=\"1024\" height=\"681\" src=\"https:\/\/lignesauto.fr\/wp-content\/uploads\/2024\/08\/LIGNESAUDI_18-1024x681.jpg\" alt=\"\" class=\"wp-image-34370\" srcset=\"https:\/\/lignesauto.fr\/wp-content\/uploads\/2024\/08\/LIGNESAUDI_18-1024x681.jpg 1024w, https:\/\/lignesauto.fr\/wp-content\/uploads\/2024\/08\/LIGNESAUDI_18-300x200.jpg 300w, https:\/\/lignesauto.fr\/wp-content\/uploads\/2024\/08\/LIGNESAUDI_18-768x511.jpg 768w, https:\/\/lignesauto.fr\/wp-content\/uploads\/2024\/08\/LIGNESAUDI_18.jpg 1417w\" sizes=\"(max-width: 1024px) 100vw, 1024px\" \/><\/figure>\n\n\n\n<p style=\"font-size:17px\"><strong><em>En 2022, un an seulement apr\u00e8s la Sportback, vous avez relev\u00e9 le d\u00e9fi avec le concept Avant, qui sera \u00e9galement sur les routes en 2024. Un Avant enti\u00e8rement \u00e9lectrique &#8211; comment pouvez-vous combiner une telle innovation avec la tradition ?<br><\/em>Wolf Seebers<\/strong> : &#8220;Les beaux breaks s&#8217;appellent Avant&#8221;. Nous avons tous compl\u00e8tement int\u00e9rioris\u00e9 ce slogan. Notre premi\u00e8re Avant enti\u00e8rement \u00e9lectrique ne devrait donc pas \u00eatre une exception. Pour visualiser la sportivit\u00e9 et l&#8217;aptitude \u00e0 un usage quotidien qui ont toujours caract\u00e9ris\u00e9 ce style de carrosserie et qui font d\u00e9sormais partie int\u00e9grante de notre ADN, nous avons cr\u00e9\u00e9, recr\u00e9\u00e9 et \u00e9cart\u00e9 un grand nombre de mod\u00e8les. Toute la silhouette de l&#8217;Avant repose sur le pilier C, extr\u00eamement dynamique, et nous devions donc le mettre en valeur. Le concept-car mettait l&#8217;accent sur ce montant C en l&#8217;interpr\u00e9tant fortement.<\/p>\n\n\n\n<figure class=\"wp-block-image size-large\"><img loading=\"lazy\" decoding=\"async\" width=\"1024\" height=\"681\" src=\"https:\/\/lignesauto.fr\/wp-content\/uploads\/2024\/08\/LIGNESAUDI_13-1024x681.jpg\" alt=\"\" class=\"wp-image-34385\" srcset=\"https:\/\/lignesauto.fr\/wp-content\/uploads\/2024\/08\/LIGNESAUDI_13-1024x681.jpg 1024w, https:\/\/lignesauto.fr\/wp-content\/uploads\/2024\/08\/LIGNESAUDI_13-300x200.jpg 300w, https:\/\/lignesauto.fr\/wp-content\/uploads\/2024\/08\/LIGNESAUDI_13-768x511.jpg 768w, https:\/\/lignesauto.fr\/wp-content\/uploads\/2024\/08\/LIGNESAUDI_13.jpg 1417w\" sizes=\"(max-width: 1024px) 100vw, 1024px\" \/><\/figure>\n\n\n\n<figure class=\"wp-block-embed is-type-wp-embed is-provider-lignes-auto wp-block-embed-lignes-auto\"><div class=\"wp-block-embed__wrapper\">\n<blockquote class=\"wp-embedded-content\" data-secret=\"t4BrRs6a6u\"><a href=\"https:\/\/lignesauto.fr\/?p=27408\">Duel Inception Concept &#8211; Audi Grandsphere : Peugeot \u00e9trille Audi\u00a0!<\/a><\/blockquote><iframe class=\"wp-embedded-content\" sandbox=\"allow-scripts\" security=\"restricted\" style=\"position: absolute; clip: rect(1px, 1px, 1px, 1px);\" title=\"\u00ab\u00a0Duel Inception Concept &#8211; Audi Grandsphere : Peugeot \u00e9trille Audi\u00a0!\u00a0\u00bb &#8212; LIGNES\/auto\" src=\"https:\/\/lignesauto.fr\/?p=27408&#038;embed=true#?secret=EfDZSYtFty#?secret=t4BrRs6a6u\" data-secret=\"t4BrRs6a6u\" width=\"600\" height=\"338\" frameborder=\"0\" marginwidth=\"0\" marginheight=\"0\" scrolling=\"no\"><\/iframe>\n<\/div><\/figure>\n\n\n\n<p style=\"font-size:17px\"><strong>Sascha Heyde<\/strong> : L&#8217;\u00e9tape suivante consistait bien s\u00fbr \u00e0 passer \u00e0 la production en s\u00e9rie. C&#8217;est vrai, l&#8217;inclinaison du montant C\u2019est un facteur d\u00e9cisif. S&#8217;il est trop dynamique, il donne \u00e0 la ligne de toit une arche inesth\u00e9tique. S&#8217;il est trop droit, il perd ce qui fait de lui un montant typique de l&#8217;Audi Avant. Il doit avoir l&#8217;angle id\u00e9al pour d\u00e9gager le dynamisme parfait du concept Avant, c&#8217;est pourquoi nous avons pass\u00e9 des heures \u00e0 travailler ensemble sur le mod\u00e8le en Clay. Nos classiques, comme l&#8217;Audi 100 C2 Avant, poss\u00e9daient d\u00e9j\u00e0 ce montant caract\u00e9ristique qui leur conf\u00e9rait une forte identit\u00e9 et une sorte de propulsion vers l\u2019avant.<\/p>\n\n\n\n<figure class=\"wp-block-image size-large\"><img loading=\"lazy\" decoding=\"async\" width=\"1024\" height=\"681\" src=\"https:\/\/lignesauto.fr\/wp-content\/uploads\/2024\/08\/LIGNESAUDI_12-1024x681.jpg\" alt=\"\" class=\"wp-image-34387\" srcset=\"https:\/\/lignesauto.fr\/wp-content\/uploads\/2024\/08\/LIGNESAUDI_12-1024x681.jpg 1024w, https:\/\/lignesauto.fr\/wp-content\/uploads\/2024\/08\/LIGNESAUDI_12-300x200.jpg 300w, https:\/\/lignesauto.fr\/wp-content\/uploads\/2024\/08\/LIGNESAUDI_12-768x511.jpg 768w, https:\/\/lignesauto.fr\/wp-content\/uploads\/2024\/08\/LIGNESAUDI_12.jpg 1417w\" sizes=\"(max-width: 1024px) 100vw, 1024px\" \/><\/figure>\n\n\n\n<p style=\"font-size:17px\"><strong>Sascha Heyde<\/strong> : Ce qui a rendu ce d\u00e9fi encore plus difficile, c&#8217;est que nous voulions ouvrir un nouveau monde \u00ab&nbsp;Avant \u00e9lectrique&nbsp;\u00bb et nous avions donc besoin de quelque chose de vraiment unique, quelque chose sans pr\u00e9c\u00e9dent. Pour ce faire, nous avons enti\u00e8rement recr\u00e9\u00e9 la structure du toit. La garniture chrom\u00e9e est d\u00e9sormais reli\u00e9e au becquet de pavillon en tant qu&#8217;\u00e9l\u00e9ment de design distinct. Il r\u00e9duit visuellement la hauteur et son esth\u00e9tique dynamique souligne davantage le caract\u00e8re sportif et \u00e9l\u00e9gant de l&#8217;A6 e-tron Avant.<\/p>\n\n\n\n<figure class=\"wp-block-image size-large\"><img loading=\"lazy\" decoding=\"async\" width=\"1024\" height=\"768\" src=\"https:\/\/lignesauto.fr\/wp-content\/uploads\/2024\/08\/LIGNESAUDI_102-1024x768.jpg\" alt=\"\" class=\"wp-image-34371\" srcset=\"https:\/\/lignesauto.fr\/wp-content\/uploads\/2024\/08\/LIGNESAUDI_102-1024x768.jpg 1024w, https:\/\/lignesauto.fr\/wp-content\/uploads\/2024\/08\/LIGNESAUDI_102-300x225.jpg 300w, https:\/\/lignesauto.fr\/wp-content\/uploads\/2024\/08\/LIGNESAUDI_102-768x576.jpg 768w, https:\/\/lignesauto.fr\/wp-content\/uploads\/2024\/08\/LIGNESAUDI_102.jpg 1417w\" sizes=\"(max-width: 1024px) 100vw, 1024px\" \/><\/figure>\n\n\n\n<p style=\"font-size:17px\"><strong><em>Rendre la technologie visible est le credo qui unit toute l&#8217;\u00e9quipe d&#8217;Audi Design. L&#8217;Audi A6 e-tron obtient le meilleure coefficient en mati\u00e8re d&#8217;a\u00e9rodynamisme (ci-dessus). Les exigences techniques vous ont-elles limit\u00e9 ?<br><\/em><\/strong><strong>Wolf Seebers<\/strong> : Un bon design doit \u00eatre fonctionnel, c&#8217;est-\u00e0-dire qu&#8217;il doit fonctionner. D\u00e8s le d\u00e9part, il \u00e9tait clair que l&#8217;autonomie \u00e9lectrique et, par cons\u00e9quent, l&#8217;a\u00e9rodynamisme de l&#8217;A6 e-tron joueraient un r\u00f4le important. Nous avions donc d\u00e9j\u00e0 r\u00e9fl\u00e9chi \u00e0 ce sujet lorsque nous avons cr\u00e9\u00e9 les deux concept-cars. Tout au long du processus de conception des voitures de s\u00e9rie, nous avons travaill\u00e9 avec nos coll\u00e8gues de l&#8217;\u00e9quipe a\u00e9rodynamique pour affiner, tester et adapter.<\/p>\n\n\n\n<figure class=\"wp-block-image size-large\"><img loading=\"lazy\" decoding=\"async\" width=\"1024\" height=\"768\" src=\"https:\/\/lignesauto.fr\/wp-content\/uploads\/2024\/08\/LIGNESAUDI_100-1024x768.jpg\" alt=\"\" class=\"wp-image-34372\" srcset=\"https:\/\/lignesauto.fr\/wp-content\/uploads\/2024\/08\/LIGNESAUDI_100-1024x768.jpg 1024w, https:\/\/lignesauto.fr\/wp-content\/uploads\/2024\/08\/LIGNESAUDI_100-300x225.jpg 300w, https:\/\/lignesauto.fr\/wp-content\/uploads\/2024\/08\/LIGNESAUDI_100-768x576.jpg 768w, https:\/\/lignesauto.fr\/wp-content\/uploads\/2024\/08\/LIGNESAUDI_100.jpg 1417w\" sizes=\"(max-width: 1024px) 100vw, 1024px\" \/><\/figure>\n\n\n\n<p style=\"font-size:17px\"><strong>Wolf Seebers<\/strong> : En fin de compte, nous n&#8217;avons pas eu \u00e0 faire de compromis, ni d&#8217;un c\u00f4t\u00e9 ni de l&#8217;autre. En fait, nous avons pu cr\u00e9er un design a\u00e9rodynamique incroyablement cool, o\u00f9 tout a \u00e9t\u00e9 travaill\u00e9 jusqu&#8217;au dernier millim\u00e8tre, mais avec une telle subtilit\u00e9 que personne ne remarquerait l&#8217;impact \u00e9norme des \u00e9l\u00e9ments. Le r\u00e9sultat est une v\u00e9ritable harmonie entre la forme et la fonction. Je me souviens que mon t\u00e9l\u00e9phone a sonn\u00e9 et que mon coll\u00e8gue de l&#8217;\u00e9quipe a\u00e9rodynamique m&#8217;a pratiquement cri\u00e9 \u00e0 l&#8217;oreille : &#8220;0.21 ! Vous n&#8217;allez pas le croire, mais nous l&#8217;avons fait !&#8221; Ensemble, nous avons obtenu la meilleure valeur de Cx jamais atteinte pour un mod\u00e8le Audi de s\u00e9rie. J&#8217;ai encore la chair de poule quand j&#8217;y pense.<\/p>\n\n\n\n<figure class=\"wp-block-image size-large\"><img loading=\"lazy\" decoding=\"async\" width=\"1024\" height=\"681\" src=\"https:\/\/lignesauto.fr\/wp-content\/uploads\/2024\/08\/LIGNESAUDI_10-1024x681.jpg\" alt=\"\" class=\"wp-image-34374\" srcset=\"https:\/\/lignesauto.fr\/wp-content\/uploads\/2024\/08\/LIGNESAUDI_10-1024x681.jpg 1024w, https:\/\/lignesauto.fr\/wp-content\/uploads\/2024\/08\/LIGNESAUDI_10-300x200.jpg 300w, https:\/\/lignesauto.fr\/wp-content\/uploads\/2024\/08\/LIGNESAUDI_10-768x511.jpg 768w, https:\/\/lignesauto.fr\/wp-content\/uploads\/2024\/08\/LIGNESAUDI_10.jpg 1417w\" sizes=\"(max-width: 1024px) 100vw, 1024px\" \/><\/figure>\n\n\n\n<p style=\"font-size:17px\"><strong><em>En parlant de moments qui donnent la chair de poule, vous n&#8217;\u00eates pas seulement des designers d&#8217;ext\u00e9rieur, mais aussi des amis en dehors du centre de design. Quelle est l&#8217;importance d&#8217;une bonne collaboration pour le travail cr\u00e9atif ?<br><\/em>Wolf Seebers<\/strong> : Notre collaboration a \u00e9t\u00e9 g\u00e9niale et nous nous sommes toujours mis d&#8217;accord tr\u00e8s rapidement. Sascha s&#8217;occupait essentiellement de la partie cr\u00e9ative, tandis que je faisais le lien avec nos homologues technologiques, les ing\u00e9nieurs. Il y a une histoire derri\u00e8re chaque ligne. C&#8217;est pourquoi notre travail d&#8217;\u00e9quipe \u00e9tait si essentiel pour aller chercher ces derniers pour cent qui ont finalement le plus grand impact, ce qui ne peut \u00eatre obtenu que par une v\u00e9ritable passion.<\/p>\n\n\n\n<figure class=\"wp-block-image size-large\"><img loading=\"lazy\" decoding=\"async\" width=\"1024\" height=\"681\" src=\"https:\/\/lignesauto.fr\/wp-content\/uploads\/2024\/08\/LIGNESAUDI_17-1024x681.jpg\" alt=\"\" class=\"wp-image-34376\" srcset=\"https:\/\/lignesauto.fr\/wp-content\/uploads\/2024\/08\/LIGNESAUDI_17-1024x681.jpg 1024w, https:\/\/lignesauto.fr\/wp-content\/uploads\/2024\/08\/LIGNESAUDI_17-300x200.jpg 300w, https:\/\/lignesauto.fr\/wp-content\/uploads\/2024\/08\/LIGNESAUDI_17-768x511.jpg 768w, https:\/\/lignesauto.fr\/wp-content\/uploads\/2024\/08\/LIGNESAUDI_17.jpg 1417w\" sizes=\"(max-width: 1024px) 100vw, 1024px\" \/><\/figure>\n\n\n\n<p style=\"font-size:17px\"><strong>Sascha Heyde<\/strong> : Nous avons \u00e9galement collabor\u00e9 \u00e9troitement avec Gerhard Lawall, un membre de l&#8217;\u00e9quipe qui nous a aid\u00e9s \u00e0 finaliser les donn\u00e9es relatives aux surfaces visibles. Il \u00e9tait notre lien entre les d\u00e9partements de conception et de construction, car toutes les surfaces de l&#8217;int\u00e9rieur et de l&#8217;ext\u00e9rieur du mod\u00e8le devaient \u00eatre repr\u00e9sent\u00e9es num\u00e9riquement et g\u00e9om\u00e9triquement avec une pr\u00e9cision d&#8217;un centi\u00e8me de millim\u00e8tre avant que la voiture ne soit finalis\u00e9e. Gerhard \u00e9tait l&#8217;un de nos coll\u00e8gues les plus exp\u00e9riment\u00e9s dans le domaine des surfaces, puisqu&#8217;il travaille chez Ausi depuis pr\u00e8s de 40 ans. Il a accompagn\u00e9 d&#8217;innombrables Audi dans leur voyage du centre de design \u00e0 la route et l&#8217;A6 e-tron \u00e9tait son dernier projet. Ce n&#8217;est qu&#8217;une des histoires derri\u00e8re nos designs que Wolf a mentionn\u00e9es. Le fait qu&#8217;il ait pu \u00e0 nouveau mettre toute son exp\u00e9rience au service d&#8217;un mod\u00e8le aussi important et r\u00e9volutionnaire \u00e9tait tr\u00e8s sp\u00e9cial. C&#8217;est ce qui fait la force d&#8217;Audi : la fa\u00e7on dont nous combinons tradition et innovation, encore et encore.<\/p>\n\n\n\n<figure class=\"wp-block-image size-large\"><img loading=\"lazy\" decoding=\"async\" width=\"1024\" height=\"768\" src=\"https:\/\/lignesauto.fr\/wp-content\/uploads\/2024\/08\/LIGNESAUDI_109-1024x768.jpg\" alt=\"\" class=\"wp-image-34391\" srcset=\"https:\/\/lignesauto.fr\/wp-content\/uploads\/2024\/08\/LIGNESAUDI_109-1024x768.jpg 1024w, https:\/\/lignesauto.fr\/wp-content\/uploads\/2024\/08\/LIGNESAUDI_109-300x225.jpg 300w, https:\/\/lignesauto.fr\/wp-content\/uploads\/2024\/08\/LIGNESAUDI_109-768x576.jpg 768w, https:\/\/lignesauto.fr\/wp-content\/uploads\/2024\/08\/LIGNESAUDI_109.jpg 1417w\" sizes=\"(max-width: 1024px) 100vw, 1024px\" \/><\/figure>\n\n\n<div class=\"wp-block-image\">\n<figure class=\"aligncenter size-full is-resized\"><img loading=\"lazy\" decoding=\"async\" width=\"1024\" height=\"367\" src=\"http:\/\/lignesauto.fr\/wp-content\/uploads\/2024\/06\/image.png\" alt=\"\" class=\"wp-image-34116\" style=\"width:553px;height:auto\" srcset=\"https:\/\/lignesauto.fr\/wp-content\/uploads\/2024\/06\/image.png 1024w, https:\/\/lignesauto.fr\/wp-content\/uploads\/2024\/06\/image-300x108.png 300w, https:\/\/lignesauto.fr\/wp-content\/uploads\/2024\/06\/image-768x275.png 768w\" sizes=\"(max-width: 1024px) 100vw, 1024px\" \/><\/figure><\/div>\n\n\n<p style=\"font-size:17px\"><br><br><\/p>\n\n\n\n<p style=\"font-size:17px\"><br><br><\/p>\n\n\n\n<p style=\"font-size:17px\"><br><br><br><br><br><br><br><br><\/p>\n\n\n\n<p style=\"font-size:17px\"><br><br><br><br><\/p>\n","protected":false},"excerpt":{"rendered":"<p>Audi vient de r\u00e9v\u00e9ler celle qui pourra (enfin) s\u2019attaquer au c\u0153ur de la gamme Tesla&nbsp;: l\u2019Audi A6 e-tron, 100% \u00e9lectrique. On passera sur les caract\u00e9ristiques techniques que vous retrouverez sur tous les bons sites automobiles, en nous contentant de publier une interview r\u00e9alis\u00e9e en interne et d\u00e9di\u00e9e au design. Car [&hellip;]<\/p>\n","protected":false},"author":1,"featured_media":34358,"comment_status":"closed","ping_status":"closed","sticky":false,"template":"","format":"standard","meta":{"footnotes":""},"categories":[1],"tags":[],"_links":{"self":[{"href":"https:\/\/lignesauto.fr\/index.php?rest_route=\/wp\/v2\/posts\/34350"}],"collection":[{"href":"https:\/\/lignesauto.fr\/index.php?rest_route=\/wp\/v2\/posts"}],"about":[{"href":"https:\/\/lignesauto.fr\/index.php?rest_route=\/wp\/v2\/types\/post"}],"author":[{"embeddable":true,"href":"https:\/\/lignesauto.fr\/index.php?rest_route=\/wp\/v2\/users\/1"}],"replies":[{"embeddable":true,"href":"https:\/\/lignesauto.fr\/index.php?rest_route=%2Fwp%2Fv2%2Fcomments&post=34350"}],"version-history":[{"count":27,"href":"https:\/\/lignesauto.fr\/index.php?rest_route=\/wp\/v2\/posts\/34350\/revisions"}],"predecessor-version":[{"id":34424,"href":"https:\/\/lignesauto.fr\/index.php?rest_route=\/wp\/v2\/posts\/34350\/revisions\/34424"}],"wp:featuredmedia":[{"embeddable":true,"href":"https:\/\/lignesauto.fr\/index.php?rest_route=\/wp\/v2\/media\/34358"}],"wp:attachment":[{"href":"https:\/\/lignesauto.fr\/index.php?rest_route=%2Fwp%2Fv2%2Fmedia&parent=34350"}],"wp:term":[{"taxonomy":"category","embeddable":true,"href":"https:\/\/lignesauto.fr\/index.php?rest_route=%2Fwp%2Fv2%2Fcategories&post=34350"},{"taxonomy":"post_tag","embeddable":true,"href":"https:\/\/lignesauto.fr\/index.php?rest_route=%2Fwp%2Fv2%2Ftags&post=34350"}],"curies":[{"name":"wp","href":"https:\/\/api.w.org\/{rel}","templated":true}]}}