{"id":34606,"date":"2024-08-28T12:40:44","date_gmt":"2024-08-28T10:40:44","guid":{"rendered":"https:\/\/lignesauto.fr\/?p=34606"},"modified":"2026-02-04T22:39:44","modified_gmt":"2026-02-04T21:39:44","slug":"lignes-auto-sinvite-chez-gottlieb-daimler","status":"publish","type":"post","link":"https:\/\/lignesauto.fr\/?p=34606","title":{"rendered":"LIGNES\/auto s&#8217;invite chez Gottlieb Daimler"},"content":{"rendered":"<div class=\"wp-block-image\">\n<figure class=\"aligncenter size-full is-resized\"><img loading=\"lazy\" decoding=\"async\" width=\"1024\" height=\"367\" src=\"http:\/\/lignesauto.fr\/wp-content\/uploads\/2024\/06\/image.png\" alt=\"\" class=\"wp-image-34116\" style=\"width:498px;height:auto\" srcset=\"https:\/\/lignesauto.fr\/wp-content\/uploads\/2024\/06\/image.png 1024w, https:\/\/lignesauto.fr\/wp-content\/uploads\/2024\/06\/image-300x108.png 300w, https:\/\/lignesauto.fr\/wp-content\/uploads\/2024\/06\/image-768x275.png 768w\" sizes=\"(max-width: 1024px) 100vw, 1024px\" \/><\/figure><\/div>\n\n\n<figure class=\"wp-block-image size-large\"><img loading=\"lazy\" decoding=\"async\" width=\"829\" height=\"1024\" src=\"https:\/\/lignesauto.fr\/wp-content\/uploads\/2024\/08\/X_DAIMLER_15-829x1024.png\" alt=\"\" class=\"wp-image-34650\" srcset=\"https:\/\/lignesauto.fr\/wp-content\/uploads\/2024\/08\/X_DAIMLER_15-829x1024.png 829w, https:\/\/lignesauto.fr\/wp-content\/uploads\/2024\/08\/X_DAIMLER_15-243x300.png 243w, https:\/\/lignesauto.fr\/wp-content\/uploads\/2024\/08\/X_DAIMLER_15-768x949.png 768w, https:\/\/lignesauto.fr\/wp-content\/uploads\/2024\/08\/X_DAIMLER_15-1243x1536.png 1243w, https:\/\/lignesauto.fr\/wp-content\/uploads\/2024\/08\/X_DAIMLER_15.png 1417w\" sizes=\"(max-width: 829px) 100vw, 829px\" \/><\/figure>\n\n\n\n<p style=\"font-size:17px\">Qu\u2019avez-vous fait pendant vos cong\u00e9s d\u2019\u00e9t\u00e9&nbsp;? Plage, montagne, camping, excursions diverses et vari\u00e9es ou encore farniente&nbsp;? LIGNES\/auto esp\u00e8re qu\u2019ils auront recharg\u00e9 vos batteries. Nous, nous sommes all\u00e9s \u00e0 Stuttgart. \u00ab&nbsp;<em>Il y a une plage \u00e0 Stuttgart&nbsp;?<\/em>&nbsp;\u00bb Non, mais deux fabuleux mus\u00e9es (Mercedes et Porsche) ainsi qu\u2019un m\u00e9morial souvent oubli\u00e9 des visiteurs, bien qu\u2019il soit situ\u00e9 tout pr\u00e8s de Bad Cannstatt et donc proche du mus\u00e9e Mercedes. Ce m\u00e9morial est un parc gigantesque o\u00f9 se situe un atelier dans lequel Gottlieb Daimler et son comp\u00e8re Wilhelm Maybach ont pos\u00e9 les bases du moteur \u00e0 essence et de l\u2019automobile au milieu des ann\u00e9es 1880.<\/p>\n\n\n\n<figure class=\"wp-block-image size-large\"><img loading=\"lazy\" decoding=\"async\" width=\"1024\" height=\"461\" src=\"https:\/\/lignesauto.fr\/wp-content\/uploads\/2024\/08\/DAIMLER_42-1024x461.jpg\" alt=\"\" class=\"wp-image-34645\" srcset=\"https:\/\/lignesauto.fr\/wp-content\/uploads\/2024\/08\/DAIMLER_42-1024x461.jpg 1024w, https:\/\/lignesauto.fr\/wp-content\/uploads\/2024\/08\/DAIMLER_42-300x135.jpg 300w, https:\/\/lignesauto.fr\/wp-content\/uploads\/2024\/08\/DAIMLER_42-768x346.jpg 768w, https:\/\/lignesauto.fr\/wp-content\/uploads\/2024\/08\/DAIMLER_42.jpg 1417w\" sizes=\"(max-width: 1024px) 100vw, 1024px\" \/><\/figure>\n\n\n\n<p style=\"font-size:17px\">Donc, LIGNES\/auto passe ses vacances dans un atelier poussi\u00e9reux \u00e0 Stuttgart&nbsp;? \u00ab&nbsp;<em>Ca va bien dans votre t\u00eate&nbsp;?<\/em>&nbsp;\u00bb Oui, car c\u2019est bien plus que cela. Au-del\u00e0 des hommes et de leurs travaux, nous avons voulu nous impr\u00e9gner d\u2019une ambiance particuli\u00e8re et vivre, sur place, ce qu\u2019ont v\u00e9cu ces inventeurs de g\u00e9nie. Et notre voyage ne s\u2019est pas limit\u00e9 \u00e0 cet atelier&#8230;<\/p>\n\n\n\n<figure class=\"wp-block-image size-large\"><img loading=\"lazy\" decoding=\"async\" width=\"1024\" height=\"461\" src=\"https:\/\/lignesauto.fr\/wp-content\/uploads\/2024\/08\/X_DAIMLER_90-1024x461.jpg\" alt=\"\" class=\"wp-image-34648\" srcset=\"https:\/\/lignesauto.fr\/wp-content\/uploads\/2024\/08\/X_DAIMLER_90-1024x461.jpg 1024w, https:\/\/lignesauto.fr\/wp-content\/uploads\/2024\/08\/X_DAIMLER_90-300x135.jpg 300w, https:\/\/lignesauto.fr\/wp-content\/uploads\/2024\/08\/X_DAIMLER_90-768x346.jpg 768w, https:\/\/lignesauto.fr\/wp-content\/uploads\/2024\/08\/X_DAIMLER_90.jpg 1417w\" sizes=\"(max-width: 1024px) 100vw, 1024px\" \/><figcaption class=\"wp-element-caption\">C&#8217;est exactement ici, dans cet atelier, qu&#8217;il y a presque 140 ans, Gottlieb Daimler et Wilhelm Maybach inventent le premier moteur \u00e0 essence et hauts r\u00e9gimes, puis l\u2019implantent dans l&#8217;anc\u00eatre de la moto.<\/figcaption><\/figure>\n\n\n\n<p>\u00c9videmment, lorsqu\u2019on \u00e9voque la naissance de l\u2019automobile (c\u00f4t\u00e9 France et Allemagne), d\u2019autres noms que Daimler ou Maybach viennent \u00e0 l\u2019esprit. Il y a d\u2019abord Carl Benz, mais aussi Panhard &amp; Levassor ou encore Armand Peugeot qui, lors de l\u2019exposition universelle de Paris en 1889 (celle pour laquelle la tour Eiffel a \u00e9t\u00e9 \u00e9rig\u00e9e) a troqu\u00e9 son prototype \u00e0 vapeur pour le moteur bicylindre de Gottlieb Daimler produit sous licence par Panhard &amp; Levassor.<\/p>\n\n\n\n<figure class=\"wp-block-image size-large\"><img loading=\"lazy\" decoding=\"async\" width=\"702\" height=\"1024\" src=\"https:\/\/lignesauto.fr\/wp-content\/uploads\/2024\/08\/X_DAIMLER_16-702x1024.png\" alt=\"\" class=\"wp-image-34654\" srcset=\"https:\/\/lignesauto.fr\/wp-content\/uploads\/2024\/08\/X_DAIMLER_16-702x1024.png 702w, https:\/\/lignesauto.fr\/wp-content\/uploads\/2024\/08\/X_DAIMLER_16-206x300.png 206w, https:\/\/lignesauto.fr\/wp-content\/uploads\/2024\/08\/X_DAIMLER_16-768x1121.png 768w, https:\/\/lignesauto.fr\/wp-content\/uploads\/2024\/08\/X_DAIMLER_16-1052x1536.png 1052w, https:\/\/lignesauto.fr\/wp-content\/uploads\/2024\/08\/X_DAIMLER_16-1403x2048.png 1403w, https:\/\/lignesauto.fr\/wp-content\/uploads\/2024\/08\/X_DAIMLER_16.png 1417w\" sizes=\"(max-width: 702px) 100vw, 702px\" \/><figcaption class=\"wp-element-caption\">Carl Benz (1844-1929) Photo : Mercedes-Benz Corporate Archive (Classic M@RS)<\/figcaption><\/figure>\n\n\n\n<p style=\"font-size:17px\">En Allemagne, Carl Benz (1844-1929), Gottlieb Daimler (1834-1900) et Wilhelm Maybach (1846-1929) sont pr\u00e9sent\u00e9s comme ayant pos\u00e9s les bases d\u2019une automobile naissante. Et ce, alors que l\u2019\u00e8re est plut\u00f4t aux hippomobiles, ces carrioles tract\u00e9es par des chevaux. En 1885, ces trois chercheurs jettent les bases de la mobilit\u00e9 individuelle, notamment en inventant les premiers moteurs \u00e0 essence \u00e0 haut r\u00e9gime. <\/p>\n\n\n\n<figure class=\"wp-block-image size-large\"><img loading=\"lazy\" decoding=\"async\" width=\"1024\" height=\"737\" src=\"https:\/\/lignesauto.fr\/wp-content\/uploads\/2024\/08\/DAIMLER_3001-1024x737.png\" alt=\"\" class=\"wp-image-34657\" srcset=\"https:\/\/lignesauto.fr\/wp-content\/uploads\/2024\/08\/DAIMLER_3001-1024x737.png 1024w, https:\/\/lignesauto.fr\/wp-content\/uploads\/2024\/08\/DAIMLER_3001-300x216.png 300w, https:\/\/lignesauto.fr\/wp-content\/uploads\/2024\/08\/DAIMLER_3001-768x553.png 768w, https:\/\/lignesauto.fr\/wp-content\/uploads\/2024\/08\/DAIMLER_3001.png 1417w\" sizes=\"(max-width: 1024px) 100vw, 1024px\" \/><figcaption class=\"wp-element-caption\">Entre Mannheim et Stuttgart, moins de 100 km s\u00e9parent les deux g\u00e9nies Carl Benz et Gottlieb Daimler qui \u0153uvrent sur le m\u00eame concept de moteur \u00e0 essence et de ce qui deviendra une automobile.<\/figcaption><\/figure>\n\n\n\n<p style=\"font-size:17px\">Et c\u2019est-l\u00e0 que l\u2019histoire prend toute sa dimension lorsqu\u2019on r\u00e9alise que ces inventions ont \u00e9t\u00e9 con\u00e7ues d\u2019un c\u00f4t\u00e9 par Carl Benz, qui officie \u00e0 Mannheim, et de l\u2019autre par le duo Gottlieb Daimler et Wilhelm Maybach qui travaillent \u00e0 moins de 100 km de Mannheim, \u00e0 Stuttgart et plus exactement \u00e0 Bad Cannstatt. L\u2019affaire est d\u2019autant plus ubuesque que Daimler et Benz n\u2019ont jamais eu l\u2019occasion de vraiment se conna\u00eetre, ou \u00e0 tout le moins, d\u2019apprendre \u00e0 se connaitre.<\/p>\n\n\n\n<figure class=\"wp-block-image size-large\"><img loading=\"lazy\" decoding=\"async\" width=\"1024\" height=\"801\" src=\"https:\/\/lignesauto.fr\/wp-content\/uploads\/2024\/08\/DAIMLER_3000-1024x801.jpg\" alt=\"\" class=\"wp-image-34658\" srcset=\"https:\/\/lignesauto.fr\/wp-content\/uploads\/2024\/08\/DAIMLER_3000-1024x801.jpg 1024w, https:\/\/lignesauto.fr\/wp-content\/uploads\/2024\/08\/DAIMLER_3000-300x235.jpg 300w, https:\/\/lignesauto.fr\/wp-content\/uploads\/2024\/08\/DAIMLER_3000-768x601.jpg 768w, https:\/\/lignesauto.fr\/wp-content\/uploads\/2024\/08\/DAIMLER_3000.jpg 1417w\" sizes=\"(max-width: 1024px) 100vw, 1024px\" \/><\/figure>\n\n\n\n<p style=\"font-size:17px\">Le duo de Cannstatt (ci-dessous Daimler et Maybach) produira le premier moteur monocylindre \u00e0 essence et haut r\u00e9gime et l\u2019adoptera sur une carriole hippomobile. Carl Benz fera de m\u00eame mais en proposant une architecture de voiture \u00e0 trois roues. Et tout \u00e7a au m\u00eame moment&nbsp;: en 1886, Carl Benz d\u00e9pose un brevet de voiture \u00e0 moteur, tandis que Gottlieb Daimler et Wilhelm Maybach motorisent une cal\u00e8che la m\u00eame ann\u00e9e. Daimler et Benz fondent leurs propres entreprises, qui se sont ensuite d\u00e9velopp\u00e9es et sont devenues concurrentes. Mais la Benz &amp; Cieet la Daimler-Motoren-Gesellschaft fusionneront en 1926 pour devenir Mercedes-Benz.<\/p>\n\n\n\n<figure class=\"wp-block-image size-large\"><img loading=\"lazy\" decoding=\"async\" width=\"1024\" height=\"721\" src=\"https:\/\/lignesauto.fr\/wp-content\/uploads\/2024\/08\/X_DAIMLER_03-1024x721.png\" alt=\"\" class=\"wp-image-34660\" srcset=\"https:\/\/lignesauto.fr\/wp-content\/uploads\/2024\/08\/X_DAIMLER_03-1024x721.png 1024w, https:\/\/lignesauto.fr\/wp-content\/uploads\/2024\/08\/X_DAIMLER_03-300x211.png 300w, https:\/\/lignesauto.fr\/wp-content\/uploads\/2024\/08\/X_DAIMLER_03-768x541.png 768w, https:\/\/lignesauto.fr\/wp-content\/uploads\/2024\/08\/X_DAIMLER_03.png 1417w\" sizes=\"(max-width: 1024px) 100vw, 1024px\" \/><figcaption class=\"wp-element-caption\">Peinture de Hans Liska qui r\u00e9v\u00e8le l&#8217;ambiance de travail dans l&#8217;atelier au moment o\u00f9 Gottlieb Daimler et Wilhelm Maybach travaillent sur le moteur essence dit &#8220;\u00e0 haute vitesse&#8221;. Photo : Mercedes-Benz Corporate Archive (Classic M@RS)<\/figcaption><\/figure>\n\n\n\n<p style=\"font-size:17px\">Revenons \u00e0 notre visite chez Gottlieb. Nous nous sommes rendus au m\u00e9morial de Gottlieb Daimler \u00e0 Stuttgart au 13 de la rue Taubenheim. Cette derni\u00e8re prise \u00e0 rebours vous m\u00e8nera \u00e0 la Mercedes Strasse et donc, au mus\u00e9e \u00e9ponyme \u00e0 une poign\u00e9e de kilom\u00e8tres, apr\u00e8s une marche p\u00e9destre d\u2019\u00e0 peine une heure, temps certifi\u00e9 par l\u2019auteur&nbsp;!<\/p>\n\n\n\n<figure class=\"wp-block-image size-large\"><img loading=\"lazy\" decoding=\"async\" width=\"862\" height=\"1024\" src=\"https:\/\/lignesauto.fr\/wp-content\/uploads\/2024\/08\/DAIMLER_1006-862x1024.png\" alt=\"\" class=\"wp-image-34664\" srcset=\"https:\/\/lignesauto.fr\/wp-content\/uploads\/2024\/08\/DAIMLER_1006-862x1024.png 862w, https:\/\/lignesauto.fr\/wp-content\/uploads\/2024\/08\/DAIMLER_1006-252x300.png 252w, https:\/\/lignesauto.fr\/wp-content\/uploads\/2024\/08\/DAIMLER_1006-768x913.png 768w, https:\/\/lignesauto.fr\/wp-content\/uploads\/2024\/08\/DAIMLER_1006-1292x1536.png 1292w, https:\/\/lignesauto.fr\/wp-content\/uploads\/2024\/08\/DAIMLER_1006.png 1417w\" sizes=\"(max-width: 862px) 100vw, 862px\" \/><figcaption class=\"wp-element-caption\">Pour acc\u00e9der au m\u00e9morial Gottlieb Daimler, vous trouverez facilement : c&#8217;est au 13 de la rue Taubenheim&#8230;<\/figcaption><\/figure>\n\n\n\n<p style=\"font-size:17px\">Rassurez-vous, bus et tramway pullulent \u00e0 Stuttgart et vous conduiront \u00e0 l\u2019un de ces deux lieux sans effort. En passant le portail du 13 de la Taubenheim Strasse , vous \u00eates invit\u00e9s \u00e0 franchir quelques marches d\u2019escalier et soudain, l\u2019immensit\u00e9 du parc s\u2019offre \u00e0 votre regard.<\/p>\n\n\n\n<figure class=\"wp-block-image size-large\"><img loading=\"lazy\" decoding=\"async\" width=\"1024\" height=\"461\" src=\"https:\/\/lignesauto.fr\/wp-content\/uploads\/2024\/08\/DAIMLER_40-1024x461.jpg\" alt=\"\" class=\"wp-image-34669\" srcset=\"https:\/\/lignesauto.fr\/wp-content\/uploads\/2024\/08\/DAIMLER_40-1024x461.jpg 1024w, https:\/\/lignesauto.fr\/wp-content\/uploads\/2024\/08\/DAIMLER_40-300x135.jpg 300w, https:\/\/lignesauto.fr\/wp-content\/uploads\/2024\/08\/DAIMLER_40-768x346.jpg 768w, https:\/\/lignesauto.fr\/wp-content\/uploads\/2024\/08\/DAIMLER_40.jpg 1417w\" sizes=\"(max-width: 1024px) 100vw, 1024px\" \/><figcaption class=\"wp-element-caption\">Vue plongeante sur la serre et l&#8217;atelier prise en haut du jardin. En contre-bas, l&#8217;entr\u00e9e du parc.<\/figcaption><\/figure>\n\n\n\n<p style=\"font-size:17px\">Si vous n\u2019avez pas les poils des avant-bras qui se h\u00e9rissent, vous pouvez vous contenter d\u2019aller boire une bi\u00e8re \u00e0 la grande guinguette qui accueille les visiteurs pour des soir\u00e9es anim\u00e9es (l\u00e0 encore, l\u2019auteur peut confirmer&#8230;) Il existe effectivement plusieurs fa\u00e7ons de d\u00e9couvrir le m\u00e9morial.<\/p>\n\n\n\n<figure class=\"wp-block-image size-large\"><img loading=\"lazy\" decoding=\"async\" width=\"978\" height=\"1024\" src=\"https:\/\/lignesauto.fr\/wp-content\/uploads\/2024\/08\/DAIMLER_25-978x1024.png\" alt=\"\" class=\"wp-image-34663\" srcset=\"https:\/\/lignesauto.fr\/wp-content\/uploads\/2024\/08\/DAIMLER_25-978x1024.png 978w, https:\/\/lignesauto.fr\/wp-content\/uploads\/2024\/08\/DAIMLER_25-286x300.png 286w, https:\/\/lignesauto.fr\/wp-content\/uploads\/2024\/08\/DAIMLER_25-768x804.png 768w, https:\/\/lignesauto.fr\/wp-content\/uploads\/2024\/08\/DAIMLER_25.png 1417w\" sizes=\"(max-width: 978px) 100vw, 978px\" \/><figcaption class=\"wp-element-caption\">En bas de la rue Taubenheim, l&#8217;acc\u00e8s au parc et au m\u00e9morial est anim\u00e9 par un restaurant tr\u00e8s accueillant et anim\u00e9.<\/figcaption><\/figure>\n\n\n\n<p style=\"font-size:17px\">La premi\u00e8re est d\u2019entrer dans le parc d\u00e8s l\u2019acc\u00e8s en bas de la rue Taubenheim. La seconde est de grimper un peu pour entrer au 13. Enfin, vous pouvez remonter plus encore dans la rue pour d\u00e9couvrir un large portail qui vous conduit au sommet du parc et vous conduit \u00e9galement \u00e0 la rue Freiligrath Strasse o\u00f9 nous avons retrouv\u00e9 la maison de Wilhelm Maybach (ci-dessous).<\/p>\n\n\n\n<figure class=\"wp-block-image size-large\"><img loading=\"lazy\" decoding=\"async\" width=\"1024\" height=\"461\" src=\"https:\/\/lignesauto.fr\/wp-content\/uploads\/2024\/08\/DAIMLER_29-1024x461.jpg\" alt=\"\" class=\"wp-image-34666\" srcset=\"https:\/\/lignesauto.fr\/wp-content\/uploads\/2024\/08\/DAIMLER_29-1024x461.jpg 1024w, https:\/\/lignesauto.fr\/wp-content\/uploads\/2024\/08\/DAIMLER_29-300x135.jpg 300w, https:\/\/lignesauto.fr\/wp-content\/uploads\/2024\/08\/DAIMLER_29-768x346.jpg 768w, https:\/\/lignesauto.fr\/wp-content\/uploads\/2024\/08\/DAIMLER_29.jpg 1417w\" sizes=\"(max-width: 1024px) 100vw, 1024px\" \/><figcaption class=\"wp-element-caption\">A quelques centaines de m\u00e8tres de la propri\u00e9t\u00e9 de Gottlieb Daimler se trouve celle de Wilhelm Maybach.<\/figcaption><\/figure>\n\n\n\n<p style=\"font-size:17px\">A propos de cette grande demeure, et alors que nous \u00e9tions en train de la photographier, un voisin sp\u00e9cialiste de l&#8217;histoire du quartier (ce sont des rencontres incroyables!) est venu nous conter celle de cette demeure qui n&#8217;appartenait pas int\u00e9gralement \u00e0 Wilhelm Maybach puisque sa famille n\u2019occupait que la partie droite de la grande b\u00e2tisse. Qu&#8217;\u00e0 cela ne tienne, nous nous empressons de photographier le bon c\u00f4t\u00e9 ci-dessous. Maybach n&#8217;avait que quelques centaines de m\u00e8tres \u00e0 marcher pour se rendre \u00e0 l&#8217;atelier de Daimler&#8230;<\/p>\n\n\n\n<figure class=\"wp-block-image size-large\"><img loading=\"lazy\" decoding=\"async\" width=\"461\" height=\"1024\" src=\"https:\/\/lignesauto.fr\/wp-content\/uploads\/2024\/08\/DAIMLER_28-461x1024.jpg\" alt=\"\" class=\"wp-image-34667\" srcset=\"https:\/\/lignesauto.fr\/wp-content\/uploads\/2024\/08\/DAIMLER_28-461x1024.jpg 461w, https:\/\/lignesauto.fr\/wp-content\/uploads\/2024\/08\/DAIMLER_28-135x300.jpg 135w, https:\/\/lignesauto.fr\/wp-content\/uploads\/2024\/08\/DAIMLER_28-768x1707.jpg 768w, https:\/\/lignesauto.fr\/wp-content\/uploads\/2024\/08\/DAIMLER_28-691x1536.jpg 691w, https:\/\/lignesauto.fr\/wp-content\/uploads\/2024\/08\/DAIMLER_28-921x2048.jpg 921w, https:\/\/lignesauto.fr\/wp-content\/uploads\/2024\/08\/DAIMLER_28-scaled.jpg 1152w\" sizes=\"(max-width: 461px) 100vw, 461px\" \/><\/figure>\n\n\n\n<p style=\"font-size:17px\">Vous avez termin\u00e9 votre bi\u00e8re&nbsp;? Si vous \u00eates entr\u00e9 dans le parc du m\u00e9morial par le bas de la rue, vous d\u00e9couvrirez en premier le petit monument d\u00e9di\u00e9 \u00e0 Gottlieb Daimler avec son portrait en bronze. Puis, quelques dizaines de m\u00e8tres plus haut, l\u2019atelier &#8211; et sa serre &#8211; r\u00e9habilit\u00e9 en 1984. C\u2019est dans ce tout petit lieu que Gottlieb Daimler et Wilhelm Maybach ont conjointement con\u00e7u leur premier moteur \u00e0 essence (d\u2019abord dans sa version monocylindre puis bicylindre en V) et leur premi\u00e8re \u00ab&nbsp;voiture&nbsp;\u00bb.<\/p>\n\n\n\n<figure class=\"wp-block-image size-large\"><img loading=\"lazy\" decoding=\"async\" width=\"1024\" height=\"461\" src=\"https:\/\/lignesauto.fr\/wp-content\/uploads\/2024\/08\/DAIMLER_26-1024x461.jpg\" alt=\"\" class=\"wp-image-34662\" srcset=\"https:\/\/lignesauto.fr\/wp-content\/uploads\/2024\/08\/DAIMLER_26-1024x461.jpg 1024w, https:\/\/lignesauto.fr\/wp-content\/uploads\/2024\/08\/DAIMLER_26-300x135.jpg 300w, https:\/\/lignesauto.fr\/wp-content\/uploads\/2024\/08\/DAIMLER_26-768x346.jpg 768w, https:\/\/lignesauto.fr\/wp-content\/uploads\/2024\/08\/DAIMLER_26.jpg 1417w\" sizes=\"(max-width: 1024px) 100vw, 1024px\" \/><\/figure>\n\n\n\n<p style=\"font-size:17px\">La famille Daimler et ses cinq enfants s&#8217;installent dans la vaste propri\u00e9t\u00e9 en juillet 1882, soit seulement huit ans avant le d\u00e9c\u00e8s de Gottlieb. C\u2019est un rappel important&nbsp;: Gottlieb, Wilhelm et Carl \u00e9taient tous trois dans leurs derni\u00e8res ann\u00e9es de vie lorsqu\u2019ils ont r\u00e9alis\u00e9s leurs inventions. Gottlieb Daimler a achet\u00e9 la villa pour 75 000 marks. Cet argent provenait en grande partie des indemnit\u00e9s re\u00e7ues apr\u00e8s avoir quitt\u00e9 la soci\u00e9t\u00e9 Deutz fond\u00e9e avec son ami Nikolaus Otto, premier homme \u00e0 avoir con\u00e7u le principe des moteurs \u00e0 quatre temps et, accessoirement, le p\u00e8re de Gustav Otto, cofondateur de BMW en 1917&#8230;<\/p>\n\n\n\n<figure class=\"wp-block-image size-large\"><img loading=\"lazy\" decoding=\"async\" width=\"1024\" height=\"461\" src=\"https:\/\/lignesauto.fr\/wp-content\/uploads\/2024\/08\/X_DAIMLER_91-1024x461.jpg\" alt=\"\" class=\"wp-image-34676\" srcset=\"https:\/\/lignesauto.fr\/wp-content\/uploads\/2024\/08\/X_DAIMLER_91-1024x461.jpg 1024w, https:\/\/lignesauto.fr\/wp-content\/uploads\/2024\/08\/X_DAIMLER_91-300x135.jpg 300w, https:\/\/lignesauto.fr\/wp-content\/uploads\/2024\/08\/X_DAIMLER_91-768x346.jpg 768w, https:\/\/lignesauto.fr\/wp-content\/uploads\/2024\/08\/X_DAIMLER_91.jpg 1417w\" sizes=\"(max-width: 1024px) 100vw, 1024px\" \/><\/figure>\n\n\n\n<p style=\"font-size:17px\">Cette maison de la famille Daimler a \u00e9t\u00e9 transform\u00e9e en sanatorium par la ville de Stuttgart en 1936, puis a \u00e9t\u00e9 ras\u00e9e lors des bombardements de 1944. Les fondations sont encore partiellement visibles aujourd&#8217;hui. Ci-dessous, sur ce document pris vraisemblablement vers 1885, on d\u00e9couvre la demeure prise en photo du jardin, avec au centre, sur le balcon, Gottlieb Daimler, \u00e0 c\u00f4t\u00e9 probablement de son \u00e9pouse Lina Daimler avec son chien Bello \u2013 tr\u00e8s important ce chien dans la vie de Gottlieb&#8230; &#8211; et une employ\u00e9e de maison.<\/p>\n\n\n\n<figure class=\"wp-block-image size-large\"><img loading=\"lazy\" decoding=\"async\" width=\"1024\" height=\"774\" src=\"https:\/\/lignesauto.fr\/wp-content\/uploads\/2024\/08\/X_DAIMLER_04-1024x774.png\" alt=\"\" class=\"wp-image-34672\" srcset=\"https:\/\/lignesauto.fr\/wp-content\/uploads\/2024\/08\/X_DAIMLER_04-1024x774.png 1024w, https:\/\/lignesauto.fr\/wp-content\/uploads\/2024\/08\/X_DAIMLER_04-300x227.png 300w, https:\/\/lignesauto.fr\/wp-content\/uploads\/2024\/08\/X_DAIMLER_04-768x580.png 768w, https:\/\/lignesauto.fr\/wp-content\/uploads\/2024\/08\/X_DAIMLER_04.png 1417w\" sizes=\"(max-width: 1024px) 100vw, 1024px\" \/><figcaption class=\"wp-element-caption\">Photo : Mercedes-Benz Corporate Archive (Classic M@RS)<\/figcaption><\/figure>\n\n\n\n<p style=\"font-size:17px\">Lorsqu\u2019il acquiert cette villa et son tr\u00e8s grand parc en 1882, la propri\u00e9t\u00e9 est divis\u00e9e en deux parties. Dans le bas du jardin, il y a une maison de jardinier avec une extension qui va devenir un atelier d\u2019exp\u00e9rimentation. C\u2019est le fameux atelier avec sa verri\u00e8re que vous pouvez visiter en quelques minutes seulement si vous voulez aussi profiter du parc. C\u2019est ici que Gottlieb Daimler et Wilhelm Maybach font \u0153uvre de pionniers en d\u00e9veloppant un moteur \u00e0 combustion interne \u00e0 grande vitesse fonctionnant \u00e0 l&#8217;essence, pour tous les v\u00e9hicules imaginables sur route, sur l&#8217;eau et dans les airs.<\/p>\n\n\n\n<figure class=\"wp-block-image size-large\"><img loading=\"lazy\" decoding=\"async\" width=\"1024\" height=\"703\" src=\"https:\/\/lignesauto.fr\/wp-content\/uploads\/2024\/08\/X_DAIMLER_07-1024x703.png\" alt=\"\" class=\"wp-image-34673\" srcset=\"https:\/\/lignesauto.fr\/wp-content\/uploads\/2024\/08\/X_DAIMLER_07-1024x703.png 1024w, https:\/\/lignesauto.fr\/wp-content\/uploads\/2024\/08\/X_DAIMLER_07-300x206.png 300w, https:\/\/lignesauto.fr\/wp-content\/uploads\/2024\/08\/X_DAIMLER_07-768x527.png 768w, https:\/\/lignesauto.fr\/wp-content\/uploads\/2024\/08\/X_DAIMLER_07.png 1417w\" sizes=\"(max-width: 1024px) 100vw, 1024px\" \/><figcaption class=\"wp-element-caption\">La serre et l&#8217;atelier photographi\u00e9s en 1936. Photo : Mercedes-Benz Corporate Archive (Classic M@RS)<\/figcaption><\/figure>\n\n\n\n<p style=\"font-size:17px\">Vous pouvez \u00e9galement prendre le temps, comme nous l\u2019avons fait, de vous impr\u00e9gner des lieux. Les fameux poils des avant-bras qui se h\u00e9rissent&#8230; Car si tout a \u00e9t\u00e9 r\u00e9habilit\u00e9 en 1984, c\u2019est bien \u00e0 cet endroit, dans ce lieu et avec certains de ces outils que Daimler et Maybach ont construit les fondations d\u2019une mobilit\u00e9 individuelle synonyme de libert\u00e9. C\u2019\u00e9tait en 1885, c\u2019\u00e9tait il y a pratiquement 140 ans&nbsp;!<\/p>\n\n\n\n<figure class=\"wp-block-image size-large\"><img loading=\"lazy\" decoding=\"async\" width=\"790\" height=\"1024\" src=\"https:\/\/lignesauto.fr\/wp-content\/uploads\/2024\/08\/X_DAIMLER_18-790x1024.png\" alt=\"\" class=\"wp-image-34678\" srcset=\"https:\/\/lignesauto.fr\/wp-content\/uploads\/2024\/08\/X_DAIMLER_18-790x1024.png 790w, https:\/\/lignesauto.fr\/wp-content\/uploads\/2024\/08\/X_DAIMLER_18-232x300.png 232w, https:\/\/lignesauto.fr\/wp-content\/uploads\/2024\/08\/X_DAIMLER_18-768x995.png 768w, https:\/\/lignesauto.fr\/wp-content\/uploads\/2024\/08\/X_DAIMLER_18-1185x1536.png 1185w, https:\/\/lignesauto.fr\/wp-content\/uploads\/2024\/08\/X_DAIMLER_18.png 1417w\" sizes=\"(max-width: 790px) 100vw, 790px\" \/><figcaption class=\"wp-element-caption\">Photo : Mercedes-Benz Corporate Archive (Classic M@RS)<\/figcaption><\/figure>\n\n\n\n<p style=\"font-size:17px\">D\u00e8s l\u2019achat de la propri\u00e9t\u00e9, Gottlieb transforme la maison du jardinier et sa serre afin d&#8217;y installer un atelier d&#8217;exp\u00e9rimentation. Les all\u00e9es du jardin sont \u00e9galement \u00e9largies afin de pouvoir y circuler avec des v\u00e9hicules de toutes sortes. Dans la demande de permis de construire, les pi\u00e8ces (ci-dessus) sont d\u00e9crites comme \u2018atelier pour le jardinier\u2019 et \u2018atelier d&#8217;outillage.\u2019 Gottlieb tient \u00e0 une certaine confidentialit\u00e9 pour mener \u00e0 bien ses travaux et veut pouvoir r\u00e9aliser des essais dans l\u2019atelier. Outre cet atelier et la serre, une pi\u00e8ce annexe sert de bureau de r\u00e9flexion.<\/p>\n\n\n\n<figure class=\"wp-block-image size-large\"><img loading=\"lazy\" decoding=\"async\" width=\"461\" height=\"1024\" src=\"https:\/\/lignesauto.fr\/wp-content\/uploads\/2024\/08\/DAIMLER_47-461x1024.jpg\" alt=\"\" class=\"wp-image-34681\" srcset=\"https:\/\/lignesauto.fr\/wp-content\/uploads\/2024\/08\/DAIMLER_47-461x1024.jpg 461w, https:\/\/lignesauto.fr\/wp-content\/uploads\/2024\/08\/DAIMLER_47-135x300.jpg 135w, https:\/\/lignesauto.fr\/wp-content\/uploads\/2024\/08\/DAIMLER_47-768x1706.jpg 768w, https:\/\/lignesauto.fr\/wp-content\/uploads\/2024\/08\/DAIMLER_47-692x1536.jpg 692w, https:\/\/lignesauto.fr\/wp-content\/uploads\/2024\/08\/DAIMLER_47-922x2048.jpg 922w, https:\/\/lignesauto.fr\/wp-content\/uploads\/2024\/08\/DAIMLER_47-scaled.jpg 1153w\" sizes=\"(max-width: 461px) 100vw, 461px\" \/><figcaption class=\"wp-element-caption\">Le premier moteur est \u00e0 un seul cylindre. Il est suivi par un bicylindre en V, celui qui sera produit sous licence par Panhard &amp; Levassor et \u00e9quipera, outre les Panhard, la Peugeot Type 3 notamment.<\/figcaption><\/figure>\n\n\n\n<p style=\"font-size:17px\">Pendant cinq ans, \u00e0 partir de 1882, Gottlieb Daimler et Wilhelm Maybach m\u00e8nent des exp\u00e9riences dans cet atelier. Ils sont obs\u00e9d\u00e9s par l&#8217;id\u00e9e de rendre le moteur Otto (\u00e0 quatre temps) plus puissant et plus l\u00e9ger. En 1883, ils d\u00e9veloppent le premier moteur \u00e0 combustion interne \u00e0 grande vitesse, sur la base duquel le premier moteur de v\u00e9hicule au monde voit le jour deux ans plus tard, ci-dessus).<\/p>\n\n\n\n<figure class=\"wp-block-image size-large\"><img loading=\"lazy\" decoding=\"async\" width=\"461\" height=\"1024\" src=\"https:\/\/lignesauto.fr\/wp-content\/uploads\/2024\/08\/DAIMLER_46-461x1024.jpg\" alt=\"\" class=\"wp-image-34686\" srcset=\"https:\/\/lignesauto.fr\/wp-content\/uploads\/2024\/08\/DAIMLER_46-461x1024.jpg 461w, https:\/\/lignesauto.fr\/wp-content\/uploads\/2024\/08\/DAIMLER_46-135x300.jpg 135w, https:\/\/lignesauto.fr\/wp-content\/uploads\/2024\/08\/DAIMLER_46-768x1706.jpg 768w, https:\/\/lignesauto.fr\/wp-content\/uploads\/2024\/08\/DAIMLER_46-692x1536.jpg 692w, https:\/\/lignesauto.fr\/wp-content\/uploads\/2024\/08\/DAIMLER_46-922x2048.jpg 922w, https:\/\/lignesauto.fr\/wp-content\/uploads\/2024\/08\/DAIMLER_46-scaled.jpg 1153w\" sizes=\"(max-width: 461px) 100vw, 461px\" \/><\/figure>\n\n\n\n<p style=\"font-size:17px\">En novembre 1885, le premier v\u00e9hicule motoris\u00e9 avec ce moteur &#8211; une motocyclette &#8211; parcourt la distance entre Cannstatt et Untert\u00fcrkheim \u2013 moins de 6 km &#8211; avec \u00e0 son guidon, Adolf, le fils cadet de Gottlieb Daimler. Il conduit l\u2019engin dot\u00e9 du moteur monocylindre de 264 cm<sup>3<\/sup> et de 0,5 ch de puissance \u00e0 la vitesse maximale de 12 km\/h. Une reproduction \u00e0 l\u2019identique est pr\u00e9sente dans l\u2019atelier.<\/p>\n\n\n\n<figure class=\"wp-block-image size-large\"><img loading=\"lazy\" decoding=\"async\" width=\"812\" height=\"1024\" src=\"https:\/\/lignesauto.fr\/wp-content\/uploads\/2024\/08\/X_DAIMLER_14-812x1024.png\" alt=\"\" class=\"wp-image-34685\" srcset=\"https:\/\/lignesauto.fr\/wp-content\/uploads\/2024\/08\/X_DAIMLER_14-812x1024.png 812w, https:\/\/lignesauto.fr\/wp-content\/uploads\/2024\/08\/X_DAIMLER_14-238x300.png 238w, https:\/\/lignesauto.fr\/wp-content\/uploads\/2024\/08\/X_DAIMLER_14-768x969.png 768w, https:\/\/lignesauto.fr\/wp-content\/uploads\/2024\/08\/X_DAIMLER_14-1217x1536.png 1217w, https:\/\/lignesauto.fr\/wp-content\/uploads\/2024\/08\/X_DAIMLER_14.png 1417w\" sizes=\"(max-width: 812px) 100vw, 812px\" \/><figcaption class=\"wp-element-caption\">Adolf Daimler, l&#8217;un des fils de Gottlieb, teste le premier v\u00e9hicule dot\u00e9 du moteur monocylindre. Photo : Mercedes-Benz Corporate Archive (Classic M@RS)<\/figcaption><\/figure>\n\n\n\n<p style=\"font-size:17px\">Pouvoir la toucher et imaginer un \u00ab&nbsp;pilote&nbsp;\u00bb sur cette selle plac\u00e9e juste au-dessus du moteur inspire \u00e0 la fois de la compassion pour lui et de l\u2019admiration. L&#8217;original a br\u00fbl\u00e9 en 1903. Regardez notre vid\u00e9o avec le bonus \u00e0 la fin, o\u00f9 la communication Mercedes d\u2019un temps que les moins de vingt ans ne peuvent pas conna\u00eetre, a fait tourner ce dr\u00f4le d\u2019engin. Un second exemplaire ci-dessous est pr\u00e9sent au mus\u00e9e Mercedes, mus\u00e9e dont nous parlerons prochainement ici m\u00eame.<\/p>\n\n\n\n<figure class=\"wp-block-image size-large\"><img loading=\"lazy\" decoding=\"async\" width=\"461\" height=\"1024\" src=\"https:\/\/lignesauto.fr\/wp-content\/uploads\/2024\/08\/DAIMLER_36-461x1024.jpg\" alt=\"\" class=\"wp-image-34683\" srcset=\"https:\/\/lignesauto.fr\/wp-content\/uploads\/2024\/08\/DAIMLER_36-461x1024.jpg 461w, https:\/\/lignesauto.fr\/wp-content\/uploads\/2024\/08\/DAIMLER_36-135x300.jpg 135w, https:\/\/lignesauto.fr\/wp-content\/uploads\/2024\/08\/DAIMLER_36-768x1706.jpg 768w, https:\/\/lignesauto.fr\/wp-content\/uploads\/2024\/08\/DAIMLER_36-692x1536.jpg 692w, https:\/\/lignesauto.fr\/wp-content\/uploads\/2024\/08\/DAIMLER_36-922x2048.jpg 922w, https:\/\/lignesauto.fr\/wp-content\/uploads\/2024\/08\/DAIMLER_36-scaled.jpg 1153w\" sizes=\"(max-width: 461px) 100vw, 461px\" \/><\/figure>\n\n\n\n<p style=\"font-size:17px\">Daimler et Maybach choisissent ce deux-roues, car c&#8217;est l&#8217;engin d&#8217;essai le moins co\u00fbteux \u00e0 r\u00e9aliser. C&#8217;est ainsi que nait \u00e9galement l&#8217;anc\u00eatre de la moto. En raison des roues d&#8217;appui suppl\u00e9mentaires et des marchepieds lat\u00e9raux, ce premier v\u00e9hicule motoris\u00e9 par le moteur Daimler est difficile \u00e0 piloter dans les virages. Ses roues sont encore en bois \u00e0 cerclage de fer et le moteur se trouve directement sous la selle en cuir semi-circulaire qui \u00e9voque celle des cavaliers. La \u00ab&nbsp;motocyclette&nbsp;\u00bb de Daimler et Maybach sera suivie peu apr\u00e8s par la premi\u00e8re automobile \u00e0 quatre roues ci-dessous.<\/p>\n\n\n\n<figure class=\"wp-block-image size-large\"><img loading=\"lazy\" decoding=\"async\" width=\"1024\" height=\"804\" src=\"https:\/\/lignesauto.fr\/wp-content\/uploads\/2024\/08\/X_DAIMLER_17-1024x804.png\" alt=\"\" class=\"wp-image-34689\" srcset=\"https:\/\/lignesauto.fr\/wp-content\/uploads\/2024\/08\/X_DAIMLER_17-1024x804.png 1024w, https:\/\/lignesauto.fr\/wp-content\/uploads\/2024\/08\/X_DAIMLER_17-300x236.png 300w, https:\/\/lignesauto.fr\/wp-content\/uploads\/2024\/08\/X_DAIMLER_17-768x603.png 768w, https:\/\/lignesauto.fr\/wp-content\/uploads\/2024\/08\/X_DAIMLER_17.png 1417w\" sizes=\"(max-width: 1024px) 100vw, 1024px\" \/><figcaption class=\"wp-element-caption\">Adolf au guidon et Gottlieb \u00e0 l&#8217;arri\u00e8re de la premi\u00e8re voiture \u00e0 quatre roues con\u00e7ue par Gottlieb et Wilhelm Maybach en 1886. Photo : Mercedes-Benz Corporate Archive (Classic M@RS)<\/figcaption><\/figure>\n\n\n\n<p style=\"font-size:17px\">Le 8 mars 1886 effectivement, Gottlieb Daimler commande \u00e0 la \u00ab&nbsp;Wagenbaufabrik&nbsp;\u00bb une carriole hippomobile, soi-disant pour le prochain anniversaire de sa femme Emma. Mais en r\u00e9alit\u00e9, il veut l\u2019\u00e9quiper de son moteur et construire un v\u00e9hicule motoris\u00e9 \u00e0 quatre roues. Ce v\u00e9hicule &#8211; une voiture sans chevaux, propuls\u00e9e par une source d&#8217;\u00e9nergie invisible &#8211; marque le d\u00e9but d&#8217;une r\u00e9volution dans les transports. Apr\u00e8s la bicyclette \u00e0 moteur \u2013 et m\u00eame un bateau et un petit dirigeable &#8211; la motorisation de la cal\u00e8che est une nouvelle preuve de la polyvalence de l&#8217;invention de Daimler. Avec la voiture \u00e0 moteur brevet\u00e9e de son c\u00f4t\u00e9 par Carl Benz, la voiture \u00e0 moteur jette les bases du d\u00e9veloppement de l&#8217;automobile (ci-dessous).<\/p>\n\n\n\n<figure class=\"wp-block-image size-large\"><img loading=\"lazy\" decoding=\"async\" width=\"763\" height=\"1024\" src=\"https:\/\/lignesauto.fr\/wp-content\/uploads\/2024\/08\/X_DAIMLER_20-763x1024.png\" alt=\"\" class=\"wp-image-34691\" srcset=\"https:\/\/lignesauto.fr\/wp-content\/uploads\/2024\/08\/X_DAIMLER_20-763x1024.png 763w, https:\/\/lignesauto.fr\/wp-content\/uploads\/2024\/08\/X_DAIMLER_20-224x300.png 224w, https:\/\/lignesauto.fr\/wp-content\/uploads\/2024\/08\/X_DAIMLER_20-768x1031.png 768w, https:\/\/lignesauto.fr\/wp-content\/uploads\/2024\/08\/X_DAIMLER_20-1144x1536.png 1144w, https:\/\/lignesauto.fr\/wp-content\/uploads\/2024\/08\/X_DAIMLER_20.png 1417w\" sizes=\"(max-width: 763px) 100vw, 763px\" \/><\/figure>\n\n\n\n<p style=\"font-size:17px\">Gottlieb Daimler motorise tout&nbsp;: en 1887, il cr\u00e9e l&#8217;\u00e9v\u00e9nement avec un petit tramway ci-dessous qui se rend \u00e0 la f\u00eate populaire de Cannstatter. Le v\u00e9hicule ouvert \u00e9quip\u00e9 du moteur Daimler monocylindre circule entre la Wilhelmsplatz et le Kursaal \u00ab&nbsp;comme s&#8217;il \u00e9tait tir\u00e9 par un petit cheval plein d&#8217;entrain \u00bb, \u00e9crit le journal contemporain Gartenlaube. En 1888, Daimler pr\u00e9sente le premier v\u00e9hicule \u00e0 incendie encore tir\u00e9 par des chevaux mais dot\u00e9 d\u2019une pompe motoris\u00e9e par ses soins. Un moteur de 4 chevaux alimente alors la pompe, qui peut d\u00e9biter 300 litres d&#8217;eau par minute jusqu&#8217;\u00e0 une hauteur de 30 m\u00e8tres.<\/p>\n\n\n\n<figure class=\"wp-block-image size-large\"><img loading=\"lazy\" decoding=\"async\" width=\"1024\" height=\"621\" src=\"https:\/\/lignesauto.fr\/wp-content\/uploads\/2024\/08\/DAIMLER_201_OK-1024x621.png\" alt=\"\" class=\"wp-image-34693\" srcset=\"https:\/\/lignesauto.fr\/wp-content\/uploads\/2024\/08\/DAIMLER_201_OK-1024x621.png 1024w, https:\/\/lignesauto.fr\/wp-content\/uploads\/2024\/08\/DAIMLER_201_OK-300x182.png 300w, https:\/\/lignesauto.fr\/wp-content\/uploads\/2024\/08\/DAIMLER_201_OK-768x466.png 768w, https:\/\/lignesauto.fr\/wp-content\/uploads\/2024\/08\/DAIMLER_201_OK.png 1417w\" sizes=\"(max-width: 1024px) 100vw, 1024px\" \/><figcaption class=\"wp-element-caption\">Photo : Mercedes-Benz Corporate Archive (Classic M@RS)<\/figcaption><\/figure>\n\n\n\n<p style=\"font-size:17px\">La vie professionnelle de Gottlieb Daimler prend une tournure qu\u2019il parait avoir anticip\u00e9e. Pour autant, la vie continue au 13 de la rue Taubenheim et dans le jardin sup\u00e9rieur, il fait construire en 1894 une tour qui lui sert de retraite priv\u00e9e. Il y dormira \u00e0 de nombreuses occasions. Il fait alors peindre la salle principale de cette tour selon ses propres plans, avec des peintures murales repr\u00e9sentant sa ville natale, Schorndorf, et des vues de Cannstatt. On y trouve \u00e9galement des peintures qui repr\u00e9sentent des produits de l&#8217;usine de fabrication de moteurs Daimler.<\/p>\n\n\n\n<figure class=\"wp-block-image size-large\"><img loading=\"lazy\" decoding=\"async\" width=\"461\" height=\"1024\" src=\"https:\/\/lignesauto.fr\/wp-content\/uploads\/2024\/08\/DAIMLER_30-461x1024.jpg\" alt=\"\" class=\"wp-image-34695\" srcset=\"https:\/\/lignesauto.fr\/wp-content\/uploads\/2024\/08\/DAIMLER_30-461x1024.jpg 461w, https:\/\/lignesauto.fr\/wp-content\/uploads\/2024\/08\/DAIMLER_30-135x300.jpg 135w, https:\/\/lignesauto.fr\/wp-content\/uploads\/2024\/08\/DAIMLER_30-768x1706.jpg 768w, https:\/\/lignesauto.fr\/wp-content\/uploads\/2024\/08\/DAIMLER_30-692x1536.jpg 692w, https:\/\/lignesauto.fr\/wp-content\/uploads\/2024\/08\/DAIMLER_30-922x2048.jpg 922w, https:\/\/lignesauto.fr\/wp-content\/uploads\/2024\/08\/DAIMLER_30-scaled.jpg 1153w\" sizes=\"(max-width: 461px) 100vw, 461px\" \/><\/figure>\n\n\n\n<p style=\"font-size:17px\">C\u2019est au pied de cette tour dans le jardin de Gottlieb Daimler, qu\u2019il c\u00e9l\u00e8bre la livraison du 1000<sup>e<\/sup> moteur Daimler produit, le 21 d\u00e9cembre 1895 (ci-dessous). En 1939, la tour, qui appartient aujourd&#8217;hui \u00e0 la ville de Stuttgart, a \u00e9t\u00e9 rehauss\u00e9e de 15 m\u00e8tres. Les cr\u00e9neaux d&#8217;allure m\u00e9di\u00e9vale et la galerie situ\u00e9e au-dessus du deuxi\u00e8me \u00e9tage ont \u00e9t\u00e9 conserv\u00e9s. Au d\u00e9but des ann\u00e9es 1950, le jardin a \u00e9t\u00e9 r\u00e9am\u00e9nag\u00e9 et agrandi.<\/p>\n\n\n\n<figure class=\"wp-block-image size-large\"><img loading=\"lazy\" decoding=\"async\" width=\"1024\" height=\"692\" src=\"https:\/\/lignesauto.fr\/wp-content\/uploads\/2024\/08\/X_DAIMLER_08-1024x692.png\" alt=\"\" class=\"wp-image-34696\" srcset=\"https:\/\/lignesauto.fr\/wp-content\/uploads\/2024\/08\/X_DAIMLER_08-1024x692.png 1024w, https:\/\/lignesauto.fr\/wp-content\/uploads\/2024\/08\/X_DAIMLER_08-300x203.png 300w, https:\/\/lignesauto.fr\/wp-content\/uploads\/2024\/08\/X_DAIMLER_08-768x519.png 768w, https:\/\/lignesauto.fr\/wp-content\/uploads\/2024\/08\/X_DAIMLER_08.png 1417w\" sizes=\"(max-width: 1024px) 100vw, 1024px\" \/><figcaption class=\"wp-element-caption\">Photo : Mercedes-Benz Corporate Archive (Classic M@RS)<\/figcaption><\/figure>\n\n\n\n<p style=\"font-size:17px\">D&#8217;autres travaux sont r\u00e9alis\u00e9s dans le parc. Aujourd&#8217;hui, plus d&#8217;un si\u00e8cle plus tard, il est toujours possible de s&#8217;impr\u00e9gner de cet environnement avec l&#8217;ancien abri du petit tramway qui passait sur le site et \u00e9galement la galerie qui est rest\u00e9e elle aussi pratiquement intacte, ci-dessous.<\/p>\n\n\n\n<figure class=\"wp-block-image size-large\"><img loading=\"lazy\" decoding=\"async\" width=\"1024\" height=\"1002\" src=\"https:\/\/lignesauto.fr\/wp-content\/uploads\/2024\/08\/X_DAIMLER_93-1024x1002.png\" alt=\"\" class=\"wp-image-34700\" srcset=\"https:\/\/lignesauto.fr\/wp-content\/uploads\/2024\/08\/X_DAIMLER_93-1024x1002.png 1024w, https:\/\/lignesauto.fr\/wp-content\/uploads\/2024\/08\/X_DAIMLER_93-300x294.png 300w, https:\/\/lignesauto.fr\/wp-content\/uploads\/2024\/08\/X_DAIMLER_93-768x752.png 768w, https:\/\/lignesauto.fr\/wp-content\/uploads\/2024\/08\/X_DAIMLER_93.png 1417w\" sizes=\"(max-width: 1024px) 100vw, 1024px\" \/><\/figure>\n\n\n\n<figure class=\"wp-block-image size-large\"><img loading=\"lazy\" decoding=\"async\" width=\"803\" height=\"1024\" src=\"https:\/\/lignesauto.fr\/wp-content\/uploads\/2024\/08\/X_DAIMLER_06-803x1024.png\" alt=\"\" class=\"wp-image-34712\" srcset=\"https:\/\/lignesauto.fr\/wp-content\/uploads\/2024\/08\/X_DAIMLER_06-803x1024.png 803w, https:\/\/lignesauto.fr\/wp-content\/uploads\/2024\/08\/X_DAIMLER_06-235x300.png 235w, https:\/\/lignesauto.fr\/wp-content\/uploads\/2024\/08\/X_DAIMLER_06-768x979.png 768w, https:\/\/lignesauto.fr\/wp-content\/uploads\/2024\/08\/X_DAIMLER_06-1205x1536.png 1205w, https:\/\/lignesauto.fr\/wp-content\/uploads\/2024\/08\/X_DAIMLER_06.png 1417w\" sizes=\"(max-width: 803px) 100vw, 803px\" \/><\/figure>\n\n\n\n<p style=\"font-size:17px\">L&#8217;entr\u00e9e du 13 de la rue Taubenheim dans les ann\u00e9es 1880 avec la somptueuse villa achet\u00e9e par Daimler en 1882, ci-dessus. Ci-dessous, aujourd&#8217;hui la villa a disparu mais tout le reste de ce qui a \u00e9t\u00e9 construit dans la propri\u00e9t\u00e9 et le jardin de Gottlieb Daimler est visible.<\/p>\n\n\n\n<figure class=\"wp-block-image size-large\"><img loading=\"lazy\" decoding=\"async\" width=\"1024\" height=\"971\" src=\"https:\/\/lignesauto.fr\/wp-content\/uploads\/2024\/08\/DAIMLER_1007-1024x971.png\" alt=\"\" class=\"wp-image-34713\" srcset=\"https:\/\/lignesauto.fr\/wp-content\/uploads\/2024\/08\/DAIMLER_1007-1024x971.png 1024w, https:\/\/lignesauto.fr\/wp-content\/uploads\/2024\/08\/DAIMLER_1007-300x284.png 300w, https:\/\/lignesauto.fr\/wp-content\/uploads\/2024\/08\/DAIMLER_1007-768x728.png 768w, https:\/\/lignesauto.fr\/wp-content\/uploads\/2024\/08\/DAIMLER_1007.png 1417w\" sizes=\"(max-width: 1024px) 100vw, 1024px\" \/><\/figure>\n\n\n\n<figure class=\"wp-block-image size-large\"><img loading=\"lazy\" decoding=\"async\" width=\"1024\" height=\"810\" src=\"https:\/\/lignesauto.fr\/wp-content\/uploads\/2024\/08\/X_DAIMLER_05-1024x810.png\" alt=\"\" class=\"wp-image-34715\" srcset=\"https:\/\/lignesauto.fr\/wp-content\/uploads\/2024\/08\/X_DAIMLER_05-1024x810.png 1024w, https:\/\/lignesauto.fr\/wp-content\/uploads\/2024\/08\/X_DAIMLER_05-300x237.png 300w, https:\/\/lignesauto.fr\/wp-content\/uploads\/2024\/08\/X_DAIMLER_05-768x608.png 768w, https:\/\/lignesauto.fr\/wp-content\/uploads\/2024\/08\/X_DAIMLER_05.png 1417w\" sizes=\"(max-width: 1024px) 100vw, 1024px\" \/><\/figure>\n\n\n\n<p style=\"font-size:17px\">C\u2019est ce m\u00eame jardin, dans lequel se r\u00e9unissait la famille Daimler ci-dessus, que l\u2019on quitte apr\u00e8s nos deux visites lors de notre p\u00e9riple \u00e0 Stuttgart. Derni\u00e8re pr\u00e9cision : les acc\u00e8s au m\u00e9morial et au petit mus\u00e9e sont gratuits. Retour \u00e0 l\u2019h\u00f4tel dans un premier temps en passant par la Daimler Platz et en lisant sur des panneaux ou plans de r\u00e9seaux ferr\u00e9 des noms qui nous sont familiers. Car on a beau \u00eatre \u00e0 Stuttgart, la ville de Mercedes et Porsche, l\u2019inscription pour prendre l\u2019autoroute vers Munich rappelle au quotidien que la concurrence est f\u00e9roce entre les constructeurs allemands. Nous trinquons \u00e0 leur sant\u00e9 avant de prendre la direction de la Mercedes Strasse et du mus\u00e9e \u00e9ponyme. A suivre donc&#8230;<\/p>\n\n\n\n<figure class=\"wp-block-image size-large\"><img loading=\"lazy\" decoding=\"async\" width=\"1024\" height=\"732\" src=\"https:\/\/lignesauto.fr\/wp-content\/uploads\/2024\/08\/X_DAIMLER_94-1024x732.png\" alt=\"\" class=\"wp-image-34702\" srcset=\"https:\/\/lignesauto.fr\/wp-content\/uploads\/2024\/08\/X_DAIMLER_94-1024x732.png 1024w, https:\/\/lignesauto.fr\/wp-content\/uploads\/2024\/08\/X_DAIMLER_94-300x214.png 300w, https:\/\/lignesauto.fr\/wp-content\/uploads\/2024\/08\/X_DAIMLER_94-768x549.png 768w, https:\/\/lignesauto.fr\/wp-content\/uploads\/2024\/08\/X_DAIMLER_94.png 1417w\" sizes=\"(max-width: 1024px) 100vw, 1024px\" \/><\/figure>\n\n\n\n<p class=\"has-text-align-center\" style=\"font-size:19px\"><strong>BONUS<br>Le premier moteur de Daimler<\/strong><\/p>\n\n\n\n<figure class=\"wp-block-image size-large\"><img loading=\"lazy\" decoding=\"async\" width=\"819\" height=\"1024\" src=\"https:\/\/lignesauto.fr\/wp-content\/uploads\/2024\/08\/X_DAIMLER_09-819x1024.png\" alt=\"\" class=\"wp-image-34705\" srcset=\"https:\/\/lignesauto.fr\/wp-content\/uploads\/2024\/08\/X_DAIMLER_09-819x1024.png 819w, https:\/\/lignesauto.fr\/wp-content\/uploads\/2024\/08\/X_DAIMLER_09-240x300.png 240w, https:\/\/lignesauto.fr\/wp-content\/uploads\/2024\/08\/X_DAIMLER_09-768x960.png 768w, https:\/\/lignesauto.fr\/wp-content\/uploads\/2024\/08\/X_DAIMLER_09-1229x1536.png 1229w, https:\/\/lignesauto.fr\/wp-content\/uploads\/2024\/08\/X_DAIMLER_09.png 1417w\" sizes=\"(max-width: 819px) 100vw, 819px\" \/><\/figure>\n\n\n\n<p style=\"font-size:17px\">En 1885, Daimler et Maybach mettent au point le premier moteur dot\u00e9 d&#8217;un cylindre vertical et d&#8217;un carter \u00e9tanche \u00e0 l&#8217;huile et \u00e0 la poussi\u00e8re. En raison de son apparence, il est appel\u00e9 l\u2019horloge de grand-p\u00e8re. Un nouveau syst\u00e8me d&#8217;allumage permet aux explosions dans le cylindre de se produire de mani\u00e8re rapide et r\u00e9guli\u00e8re. Un tube d&#8217;allumage chauff\u00e9 et implant\u00e9 \u00e0 l&#8217;ext\u00e9rieur est achemin\u00e9 vers la chambre de combustion. Lorsque le m\u00e9lange air\/carburant est comprim\u00e9 par le piston dans le cylindre, le tube incandescent provoque l&#8217;allumage. La production d&#8217;un m\u00e9lange constant et inflammable est garantie par un carburateur. Ce moteur \u00e0 combustion interne \u00e0 grande vitesse est la cl\u00e9 du d\u00e9veloppement de l\u2019automobile. Les caract\u00e9ristique du cylindre affichent un al\u00e9sage x course de 70 x 120 mm et la puissance est de 1ch. Le moteur tourne \u00e0 600 tr\/mn et p\u00e8se&#8230; 90 kg&nbsp;!<\/p>\n\n\n\n<figure class=\"wp-block-image size-large\"><img loading=\"lazy\" decoding=\"async\" width=\"1024\" height=\"461\" src=\"https:\/\/lignesauto.fr\/wp-content\/uploads\/2024\/08\/DAIMLER_50-1024x461.jpg\" alt=\"\" class=\"wp-image-34718\" srcset=\"https:\/\/lignesauto.fr\/wp-content\/uploads\/2024\/08\/DAIMLER_50-1024x461.jpg 1024w, https:\/\/lignesauto.fr\/wp-content\/uploads\/2024\/08\/DAIMLER_50-300x135.jpg 300w, https:\/\/lignesauto.fr\/wp-content\/uploads\/2024\/08\/DAIMLER_50-768x346.jpg 768w, https:\/\/lignesauto.fr\/wp-content\/uploads\/2024\/08\/DAIMLER_50.jpg 1417w\" sizes=\"(max-width: 1024px) 100vw, 1024px\" \/><\/figure>\n\n\n\n<p><a href=\"https:\/\/group.mercedes-benz.com\/company\/tradition\/museums-historical-sites\/daimler-memorial.html\">https:\/\/group.mercedes-benz.com\/company\/tradition\/museums-historical-sites\/daimler-memorial.html<\/a><\/p>\n\n\n\n<figure class=\"wp-block-image size-large\"><img loading=\"lazy\" decoding=\"async\" width=\"1024\" height=\"461\" src=\"https:\/\/lignesauto.fr\/wp-content\/uploads\/2024\/08\/DAIMLER_21-1024x461.jpg\" alt=\"\" class=\"wp-image-34708\" srcset=\"https:\/\/lignesauto.fr\/wp-content\/uploads\/2024\/08\/DAIMLER_21-1024x461.jpg 1024w, https:\/\/lignesauto.fr\/wp-content\/uploads\/2024\/08\/DAIMLER_21-300x135.jpg 300w, https:\/\/lignesauto.fr\/wp-content\/uploads\/2024\/08\/DAIMLER_21-768x346.jpg 768w, https:\/\/lignesauto.fr\/wp-content\/uploads\/2024\/08\/DAIMLER_21-1536x692.jpg 1536w, https:\/\/lignesauto.fr\/wp-content\/uploads\/2024\/08\/DAIMLER_21-2048x922.jpg 2048w\" sizes=\"(max-width: 1024px) 100vw, 1024px\" \/><\/figure>\n\n\n<div class=\"wp-block-image\">\n<figure class=\"aligncenter size-full is-resized\"><img loading=\"lazy\" decoding=\"async\" width=\"1024\" height=\"367\" src=\"https:\/\/lignesauto.fr\/wp-content\/uploads\/2024\/08\/image-1.png\" alt=\"\" class=\"wp-image-34710\" style=\"width:513px;height:auto\" srcset=\"https:\/\/lignesauto.fr\/wp-content\/uploads\/2024\/08\/image-1.png 1024w, https:\/\/lignesauto.fr\/wp-content\/uploads\/2024\/08\/image-1-300x108.png 300w, https:\/\/lignesauto.fr\/wp-content\/uploads\/2024\/08\/image-1-768x275.png 768w\" sizes=\"(max-width: 1024px) 100vw, 1024px\" \/><\/figure><\/div>\n\n\n<figure class=\"wp-block-image size-large\"><img loading=\"lazy\" decoding=\"async\" width=\"939\" height=\"1024\" src=\"https:\/\/lignesauto.fr\/wp-content\/uploads\/2024\/08\/X_DAIOMLER_1000-939x1024.png\" alt=\"\" class=\"wp-image-34720\" srcset=\"https:\/\/lignesauto.fr\/wp-content\/uploads\/2024\/08\/X_DAIOMLER_1000-939x1024.png 939w, https:\/\/lignesauto.fr\/wp-content\/uploads\/2024\/08\/X_DAIOMLER_1000-275x300.png 275w, https:\/\/lignesauto.fr\/wp-content\/uploads\/2024\/08\/X_DAIOMLER_1000-768x838.png 768w, https:\/\/lignesauto.fr\/wp-content\/uploads\/2024\/08\/X_DAIOMLER_1000-1408x1536.png 1408w, https:\/\/lignesauto.fr\/wp-content\/uploads\/2024\/08\/X_DAIOMLER_1000.png 1417w\" sizes=\"(max-width: 939px) 100vw, 939px\" \/><\/figure>\n\n\n\n<p style=\"font-size:17px\">Ci-dessous, le trajet dans Stuttgart (Bad Cannstatt) pour aller du M\u00e9morial Daimler (1) en haut \u00e0 gauche au mus\u00e9e Mercedes (2) en bas \u00e0 droite. Tramway ou bus vous proposent cet itin\u00e9raire, mais l&#8217;auteur a pr\u00e9f\u00e9r\u00e9 faire ce parcours \u00e0 pieds, pour le plaisir de passer devant le stade MHP Arena du club VfB Stuttgart, tout \u00e0 c\u00f4t\u00e9 de la &#8220;Porsche Arena&#8221; \u00e9galement.<\/p>\n\n\n\n<figure class=\"wp-block-image size-large\"><img loading=\"lazy\" decoding=\"async\" width=\"1024\" height=\"527\" src=\"https:\/\/lignesauto.fr\/wp-content\/uploads\/2024\/08\/Capture-decran-2024-08-26-a-11.42.05-1024x527.png\" alt=\"\" class=\"wp-image-34815\" srcset=\"https:\/\/lignesauto.fr\/wp-content\/uploads\/2024\/08\/Capture-decran-2024-08-26-a-11.42.05-1024x527.png 1024w, https:\/\/lignesauto.fr\/wp-content\/uploads\/2024\/08\/Capture-decran-2024-08-26-a-11.42.05-300x154.png 300w, https:\/\/lignesauto.fr\/wp-content\/uploads\/2024\/08\/Capture-decran-2024-08-26-a-11.42.05-768x395.png 768w, https:\/\/lignesauto.fr\/wp-content\/uploads\/2024\/08\/Capture-decran-2024-08-26-a-11.42.05.png 1417w\" sizes=\"(max-width: 1024px) 100vw, 1024px\" \/><\/figure>\n","protected":false},"excerpt":{"rendered":"<p>Qu\u2019avez-vous fait pendant vos cong\u00e9s d\u2019\u00e9t\u00e9&nbsp;? Plage, montagne, camping, excursions diverses et vari\u00e9es ou encore farniente&nbsp;? LIGNES\/auto esp\u00e8re qu\u2019ils auront recharg\u00e9 vos batteries. Nous, nous sommes all\u00e9s \u00e0 Stuttgart. \u00ab&nbsp;Il y a une plage \u00e0 Stuttgart&nbsp;?&nbsp;\u00bb Non, mais deux fabuleux mus\u00e9es (Mercedes et Porsche) ainsi qu\u2019un m\u00e9morial souvent oubli\u00e9 des [&hellip;]<\/p>\n","protected":false},"author":1,"featured_media":34639,"comment_status":"closed","ping_status":"closed","sticky":false,"template":"","format":"standard","meta":{"footnotes":""},"categories":[1],"tags":[],"_links":{"self":[{"href":"https:\/\/lignesauto.fr\/index.php?rest_route=\/wp\/v2\/posts\/34606"}],"collection":[{"href":"https:\/\/lignesauto.fr\/index.php?rest_route=\/wp\/v2\/posts"}],"about":[{"href":"https:\/\/lignesauto.fr\/index.php?rest_route=\/wp\/v2\/types\/post"}],"author":[{"embeddable":true,"href":"https:\/\/lignesauto.fr\/index.php?rest_route=\/wp\/v2\/users\/1"}],"replies":[{"embeddable":true,"href":"https:\/\/lignesauto.fr\/index.php?rest_route=%2Fwp%2Fv2%2Fcomments&post=34606"}],"version-history":[{"count":103,"href":"https:\/\/lignesauto.fr\/index.php?rest_route=\/wp\/v2\/posts\/34606\/revisions"}],"predecessor-version":[{"id":43929,"href":"https:\/\/lignesauto.fr\/index.php?rest_route=\/wp\/v2\/posts\/34606\/revisions\/43929"}],"wp:featuredmedia":[{"embeddable":true,"href":"https:\/\/lignesauto.fr\/index.php?rest_route=\/wp\/v2\/media\/34639"}],"wp:attachment":[{"href":"https:\/\/lignesauto.fr\/index.php?rest_route=%2Fwp%2Fv2%2Fmedia&parent=34606"}],"wp:term":[{"taxonomy":"category","embeddable":true,"href":"https:\/\/lignesauto.fr\/index.php?rest_route=%2Fwp%2Fv2%2Fcategories&post=34606"},{"taxonomy":"post_tag","embeddable":true,"href":"https:\/\/lignesauto.fr\/index.php?rest_route=%2Fwp%2Fv2%2Ftags&post=34606"}],"curies":[{"name":"wp","href":"https:\/\/api.w.org\/{rel}","templated":true}]}}