{"id":34825,"date":"2024-09-11T10:02:32","date_gmt":"2024-09-11T08:02:32","guid":{"rendered":"https:\/\/lignesauto.fr\/?p=34825"},"modified":"2024-09-11T10:40:19","modified_gmt":"2024-09-11T08:40:19","slug":"sm-de-ds-automobiles-la-cerise-en-quete-de-son-gateau","status":"publish","type":"post","link":"https:\/\/lignesauto.fr\/?p=34825","title":{"rendered":"SM de DS Automobiles : la cerise en qu\u00eate de son g\u00e2teau&#8230;"},"content":{"rendered":"<div class=\"wp-block-image\">\n<figure class=\"aligncenter size-full is-resized\"><img loading=\"lazy\" decoding=\"async\" width=\"1024\" height=\"367\" src=\"http:\/\/lignesauto.fr\/wp-content\/uploads\/2024\/08\/image-1.png\" alt=\"\" class=\"wp-image-34710\" style=\"width:485px;height:auto\" srcset=\"https:\/\/lignesauto.fr\/wp-content\/uploads\/2024\/08\/image-1.png 1024w, https:\/\/lignesauto.fr\/wp-content\/uploads\/2024\/08\/image-1-300x108.png 300w, https:\/\/lignesauto.fr\/wp-content\/uploads\/2024\/08\/image-1-768x275.png 768w\" sizes=\"(max-width: 1024px) 100vw, 1024px\" \/><\/figure><\/div>\n\n\n<p style=\"font-size:17px\">Faut-il rappeler que la SM et la DS ont quitt\u00e9 l\u2019h\u00e9ritage l\u00e9gitime de Citro\u00ebn, pour rejoindre la marque DS Automobiles cr\u00e9\u00e9e en 2014, voici dix ans. La \u00ab&nbsp;ligne DS&nbsp;\u00bb dans la gamme Citro\u00ebn fut une aubaine pour le r\u00e9seau, capable de vendre des Citro\u00ebn mieux \u00e9quip\u00e9es, \u00e0 l\u2019image \u00ab&nbsp;premium&nbsp;\u00bb, avec une marge plus consistante. Depuis 2014, DS Automobiles s\u2019est mu\u00e9e en une marque v\u00e9ritablement premium, adepte du \u00ab&nbsp;savoir-faire Fran\u00e7ais&nbsp;\u00bb qu\u2019elle d\u00e9fend de mani\u00e8re coh\u00e9rente, en faisant appel \u00e0 un artisanat qui ne demande qu\u2019\u00e0 \u00eatre expos\u00e9 \u00e0 la lumi\u00e8re pour exister. Bravo sur ce plan.<\/p>\n\n\n\n<figure class=\"wp-block-image size-large\"><img loading=\"lazy\" decoding=\"async\" width=\"1024\" height=\"576\" src=\"http:\/\/lignesauto.fr\/wp-content\/uploads\/2024\/09\/LIGNES_SM_02-1024x576.jpg\" alt=\"\" class=\"wp-image-34854\" srcset=\"https:\/\/lignesauto.fr\/wp-content\/uploads\/2024\/09\/LIGNES_SM_02-1024x576.jpg 1024w, https:\/\/lignesauto.fr\/wp-content\/uploads\/2024\/09\/LIGNES_SM_02-300x169.jpg 300w, https:\/\/lignesauto.fr\/wp-content\/uploads\/2024\/09\/LIGNES_SM_02-768x432.jpg 768w, https:\/\/lignesauto.fr\/wp-content\/uploads\/2024\/09\/LIGNES_SM_02.jpg 1417w\" sizes=\"(max-width: 1024px) 100vw, 1024px\" \/><figcaption class=\"wp-element-caption\">Ce concept s&#8217;inscrit dans l\u2019h\u00e9ritage de DS Automobiles : la SM revient sous la forme d\u2019une \u00e9tude de style pr\u00e9sent\u00e9e \u00e0 Chantilly Arts &amp; \u00c9l\u00e9gance.<br><br><strong>Tout savoir sur la gen\u00e8se de ce concept sur le site de DS DESIGN STUDIO PARIS, ici : <a href=\"https:\/\/www.dsdesignstudio.paris\/fr\/\">https:\/\/www.dsdesignstudio.paris\/fr\/<\/a><br><\/strong><\/figcaption><\/figure>\n\n\n\n<p style=\"font-size:17px\">H\u00e9las, la strat\u00e9gie de DS Automobiles reposait en partie sur une diffusion chinoise qui n\u2019eut pas lieu. La DS9, produite l\u00e0-bas, donnait un premier coup de griffe \u00e0 ce \u00ab made in France&nbsp;\u00bb qui ne le dit pas mais voulait le sugg\u00e9rer&#8230; La DS9 produite en Chine ne sera pas remplac\u00e9e en l\u2019\u00e9tat. Elle le sera par le projet D85 d\u2019un crossover qui tarde \u00e0 arriver sur le march\u00e9, bien que la voiture &#8211; qui sera produite en Italie&nbsp;&#8211; soit pr\u00eate. Faire partie d\u2019une famille de 14 enfants chez Stellantis demande des concessions&nbsp;: chacun son tour&nbsp;!<\/p>\n\n\n\n<figure class=\"wp-block-image size-large\"><img loading=\"lazy\" decoding=\"async\" width=\"1024\" height=\"495\" src=\"https:\/\/lignesauto.fr\/wp-content\/uploads\/2024\/09\/LIGNES_SM_99-1024x495.png\" alt=\"\" class=\"wp-image-34857\" srcset=\"https:\/\/lignesauto.fr\/wp-content\/uploads\/2024\/09\/LIGNES_SM_99-1024x495.png 1024w, https:\/\/lignesauto.fr\/wp-content\/uploads\/2024\/09\/LIGNES_SM_99-300x145.png 300w, https:\/\/lignesauto.fr\/wp-content\/uploads\/2024\/09\/LIGNES_SM_99-768x371.png 768w, https:\/\/lignesauto.fr\/wp-content\/uploads\/2024\/09\/LIGNES_SM_99.png 1417w\" sizes=\"(max-width: 1024px) 100vw, 1024px\" \/><\/figure>\n\n\n\n<p style=\"font-size:17px\">Trouver sa place dans le calendrier n\u2019est pas simple et DS Automobiles semble trop loin dans la file d\u2019attente. C\u00f4t\u00e9 strat\u00e9gie, on peut effectivement mettre en avant le peu d\u2019activit\u00e9 de la marque sur la derni\u00e8re ann\u00e9e, \u00e0 part soutenir sa gamme de quatre mod\u00e8les par des s\u00e9ries sp\u00e9ciales. M\u00eame la DS4 E-Tense 100 % \u00e9lectrique n\u2019est pas encore d\u00e9voil\u00e9e. Et nous sommes mi-septembre&#8230; R\u00e9sultat, le r\u00e9seau doit vivre avec ses DS3 ci-dessous (n\u00e9e en 2018), DS4 (n\u00e9e en 2021), DS7 (n\u00e9e en 2017 et restyl\u00e9e en 2022) et le stock de DS9. Bref, il tire la langue et les ventes de janvier \u00e0 ao\u00fbt de cette ann\u00e9e ont chut\u00e9 de 25 % avec 12 713 voitures vendues en huit mois (sources CCFA). Voil\u00e0 pos\u00e9 le d\u00e9cor, pas folichon.<\/p>\n\n\n\n<figure class=\"wp-block-image size-large\"><img loading=\"lazy\" decoding=\"async\" width=\"1024\" height=\"556\" src=\"https:\/\/lignesauto.fr\/wp-content\/uploads\/2024\/09\/Capture-decran-2024-09-11-a-09.54.28-1024x556.png\" alt=\"\" class=\"wp-image-34860\" srcset=\"https:\/\/lignesauto.fr\/wp-content\/uploads\/2024\/09\/Capture-decran-2024-09-11-a-09.54.28-1024x556.png 1024w, https:\/\/lignesauto.fr\/wp-content\/uploads\/2024\/09\/Capture-decran-2024-09-11-a-09.54.28-300x163.png 300w, https:\/\/lignesauto.fr\/wp-content\/uploads\/2024\/09\/Capture-decran-2024-09-11-a-09.54.28-768x417.png 768w, https:\/\/lignesauto.fr\/wp-content\/uploads\/2024\/09\/Capture-decran-2024-09-11-a-09.54.28.png 1417w\" sizes=\"(max-width: 1024px) 100vw, 1024px\" \/><\/figure>\n\n\n\n<p style=\"font-size:17px\">Mais derri\u00e8re les chiffres, il y a des femmes et hommes qui composent l\u2019\u00e9quipe de DS et qui bossent en se prenant la temp\u00eate en pleine figure, mais en croyant fermement au succ\u00e8s d\u2019une marque dont le potentiel est important. \u00c0 condition d\u2019acc\u00e9l\u00e9rer le processus de mise en place de l\u2019offensive produit. Une offensive dont parlait Carlos Tavares en juillet dernier, en affirmant que \u00ab&nbsp;<em>20 nouveaux produits Stellantis seront lanc\u00e9s cette ann\u00e9e<\/em>&nbsp;\u00bb et il concluait que le recul du chiffre d\u2019affaires du groupe de 14% lors du premier semestre (par rapport \u00e0 2023) serait potentiellement contr\u00e9 par cette offensive produits, \u00ab&nbsp;<em>si nous parvenons \u00e0 bien la mettre en \u0153uvre.<\/em>&nbsp;\u00bb La fameuse file d\u2019attente.<\/p>\n\n\n\n<figure class=\"wp-block-image size-large\"><img loading=\"lazy\" decoding=\"async\" width=\"1024\" height=\"620\" src=\"https:\/\/lignesauto.fr\/wp-content\/uploads\/2024\/09\/LIGNES_SM_203-1024x620.png\" alt=\"\" class=\"wp-image-34835\" srcset=\"https:\/\/lignesauto.fr\/wp-content\/uploads\/2024\/09\/LIGNES_SM_203-1024x620.png 1024w, https:\/\/lignesauto.fr\/wp-content\/uploads\/2024\/09\/LIGNES_SM_203-300x182.png 300w, https:\/\/lignesauto.fr\/wp-content\/uploads\/2024\/09\/LIGNES_SM_203-768x465.png 768w, https:\/\/lignesauto.fr\/wp-content\/uploads\/2024\/09\/LIGNES_SM_203.png 1417w\" sizes=\"(max-width: 1024px) 100vw, 1024px\" \/><\/figure>\n\n\n\n<p style=\"font-size:17px\">Parmi les femmes et hommes dont nous parlons, nous nous int\u00e9resserons au d\u00e9partement du design men\u00e9 par Thierry M\u00e9troz. En 2014, d\u00e8s la naissance de la marque, Jean-Pierre Plou\u00e9, patron des directeurs de design des marques, l\u2019a logiquement permut\u00e9 de la direction du design Citro\u00ebn \u00e0 celle du design de DS Automobiles. Thierry M\u00e9troz a depuis constitu\u00e9 une solide \u00e9quipe avec des talents reconnus, qui a donn\u00e9 naissance notamment \u00e0 une splendide DS4 ci-dessus, socle d\u2019une nouvelle gamme. La prochaine DS, la D85 (crossover 100% \u00e9lectrique qui reposera sur la plateforme du r\u00e9cent Peugeot 3008) est pr\u00eate et devrait enfin percer l\u2019\u00e9cran d\u2019ici d\u00e9cembre. On esp\u00e8re avant&#8230; D\u00e8s lors, question timing, on ne peut pas incriminer l\u2019\u00e9quipe de design qui ronge son frein.<\/p>\n\n\n\n<figure class=\"wp-block-image size-large is-resized\"><img loading=\"lazy\" decoding=\"async\" width=\"1024\" height=\"683\" src=\"https:\/\/lignesauto.fr\/wp-content\/uploads\/2024\/09\/LIGNES_SM_01-1024x683.jpg\" alt=\"\" class=\"wp-image-34855\" style=\"width:843px;height:auto\" srcset=\"https:\/\/lignesauto.fr\/wp-content\/uploads\/2024\/09\/LIGNES_SM_01-1024x683.jpg 1024w, https:\/\/lignesauto.fr\/wp-content\/uploads\/2024\/09\/LIGNES_SM_01-300x200.jpg 300w, https:\/\/lignesauto.fr\/wp-content\/uploads\/2024\/09\/LIGNES_SM_01-768x512.jpg 768w, https:\/\/lignesauto.fr\/wp-content\/uploads\/2024\/09\/LIGNES_SM_01.jpg 1417w\" sizes=\"(max-width: 1024px) 100vw, 1024px\" \/><figcaption class=\"wp-element-caption\">Concept SM de DS Automobiles sur la piste du centre de design de La Fert\u00e9 Vidame<\/figcaption><\/figure>\n\n\n\n<p style=\"font-size:17px\">Et puisque l\u2019on parle des femmes et des hommes, c\u2019est-\u00e0-dire de l\u2019\u00e2me de la marque, nous ne pouvons pas occulter l\u2019arriv\u00e9e d\u2019un nouveau patron de la marque en juin 2023&nbsp;: Olivier Fran\u00e7ois, ci-dessous, qui conserve en parall\u00e8le la direction de la marque Fiat. Ironie de l\u2019histoire, l\u2019homme a commenc\u00e9 sa carri\u00e8re chez&#8230; Citro\u00ebn.<\/p>\n\n\n\n<figure class=\"wp-block-image size-large\"><img loading=\"lazy\" decoding=\"async\" width=\"865\" height=\"1024\" src=\"https:\/\/lignesauto.fr\/wp-content\/uploads\/2024\/09\/LIGNES_SM_200-865x1024.png\" alt=\"\" class=\"wp-image-34837\" srcset=\"https:\/\/lignesauto.fr\/wp-content\/uploads\/2024\/09\/LIGNES_SM_200-865x1024.png 865w, https:\/\/lignesauto.fr\/wp-content\/uploads\/2024\/09\/LIGNES_SM_200-253x300.png 253w, https:\/\/lignesauto.fr\/wp-content\/uploads\/2024\/09\/LIGNES_SM_200-768x909.png 768w, https:\/\/lignesauto.fr\/wp-content\/uploads\/2024\/09\/LIGNES_SM_200-1298x1536.png 1298w, https:\/\/lignesauto.fr\/wp-content\/uploads\/2024\/09\/LIGNES_SM_200.png 1417w\" sizes=\"(max-width: 865px) 100vw, 865px\" \/><\/figure>\n\n\n\n<p style=\"font-size:17px\">En arrivant dans les murs de DS Automobiles, Olivier Fran\u00e7ois a quelque peu bouscul\u00e9 l\u2019ordre \u00e9tabli. Un concept-car, pr\u00e9vu pour 2024 a \u00e9t\u00e9 soigneusement rang\u00e9 dans la coulisse et le nouveau patron mart\u00e8le \u00ab&nbsp;<em>qu\u2019il y a une vraie place sur le march\u00e9 pour une marque premium en France<\/em>. \u00bb Et pour les dessiner, Olivier Fran\u00e7ois ne serait pas contre injecter une petite dose de r\u00e9tro-design dans les lignes des futures DS, consid\u00e9rant qu\u2019il s\u2019agirait m\u00eame d\u2019un atout. Chez nos confr\u00e8res d\u2019Auto Infos Distribution, il n\u2019h\u00e9sitait pas \u00e0 dire le 30 mai dernier \u00ab&nbsp;<em>qu\u2019il faut retrouver l\u2019\u00e2me et l\u2019esprit de ce qui faisait de la DS ce qu\u2019elle \u00e9tait&nbsp;\u00bb<\/em><\/p>\n\n\n\n<figure class=\"wp-block-image size-large\"><img loading=\"lazy\" decoding=\"async\" width=\"1024\" height=\"576\" src=\"https:\/\/lignesauto.fr\/wp-content\/uploads\/2024\/09\/ITW_3_13-1024x576.jpg\" alt=\"\" class=\"wp-image-34839\" srcset=\"https:\/\/lignesauto.fr\/wp-content\/uploads\/2024\/09\/ITW_3_13-1024x576.jpg 1024w, https:\/\/lignesauto.fr\/wp-content\/uploads\/2024\/09\/ITW_3_13-300x169.jpg 300w, https:\/\/lignesauto.fr\/wp-content\/uploads\/2024\/09\/ITW_3_13-768x432.jpg 768w, https:\/\/lignesauto.fr\/wp-content\/uploads\/2024\/09\/ITW_3_13.jpg 1417w\" sizes=\"(max-width: 1024px) 100vw, 1024px\" \/><\/figure>\n\n\n\n<p style=\"font-size:17px\">Il s\u2019agit l\u00e0 d\u2019une strat\u00e9gie oppos\u00e9e \u00e0 celle que soutenait l\u2019\u00e9quipe de design. Souvenons-nous de l\u2019anniversaire des 50 ans de la SM, en 2020. Peu avant cette date, LIGNES\/auto avait demand\u00e9 \u00e0 Thierry M\u00e9troz (ci-dessus) s\u2019il existait dans les cartons un concept-car de SM. La r\u00e9ponse fut alors tr\u00e8s claire&nbsp;: \u00ab&nbsp;<em>je m\u2019interdis formellement \u2013 et la marque avec moi -, de dessiner et de concevoir des concept-cars revivals. Moi vivant (les gars de l\u2019\u00e9quipe se marrent quand je dis \u00e7a dans le studio) on ne fera pas de concept-car revival,&nbsp;m\u00eame si tout le monde attend \u00e7a. Je sais tr\u00e8s bien que vous attendez tous un concept-car inspir\u00e9 de la DS d\u2019origine de 1955 ou de la SM de 1970\u2026<\/em>&nbsp;\u00bb Tiens donc&#8230;<\/p>\n\n\n\n<figure class=\"wp-block-image size-large\"><img loading=\"lazy\" decoding=\"async\" width=\"1024\" height=\"576\" src=\"https:\/\/lignesauto.fr\/wp-content\/uploads\/2024\/09\/LIGNES_SM_1000-1024x576.jpg\" alt=\"\" class=\"wp-image-34893\" srcset=\"https:\/\/lignesauto.fr\/wp-content\/uploads\/2024\/09\/LIGNES_SM_1000-1024x576.jpg 1024w, https:\/\/lignesauto.fr\/wp-content\/uploads\/2024\/09\/LIGNES_SM_1000-300x169.jpg 300w, https:\/\/lignesauto.fr\/wp-content\/uploads\/2024\/09\/LIGNES_SM_1000-768x432.jpg 768w, https:\/\/lignesauto.fr\/wp-content\/uploads\/2024\/09\/LIGNES_SM_1000.jpg 1417w\" sizes=\"(max-width: 1024px) 100vw, 1024px\" \/><\/figure>\n\n\n\n<p style=\"font-size:17px\">Et le directeur du design de DS de poursuivre&nbsp;: \u00ab&nbsp;<em>on a bien d\u2019autres histoires \u00e0 raconter. On construit une marque, ce n\u2019est pas rien&nbsp;! &nbsp;On a comme objectifs de se tourner vers l\u2019innovation, vers la technologie et l\u2019avant-garde. Notre mission est d\u2019imaginer le futur, de faire bouger les lignes en mati\u00e8re de style. C\u2019est tr\u00e8s excitant et\u2026 chronophage.<\/em> \u00bb Encore une histoire de chronom\u00e8tre qui tourne, qui tourne. Ferdinand Pi\u00ebch, qui fut l\u2019instigateur du positionnement de la marque Audi dans l\u2019univers des marques premium, a mis 30 ans pour y arriver. Et dans un tout autre contexte que celui, perturb\u00e9, que vit l\u2019automobile aujourd\u2019hui. Alors&nbsp;?<\/p>\n\n\n\n<figure class=\"wp-block-image size-large\"><img loading=\"lazy\" decoding=\"async\" width=\"1024\" height=\"576\" src=\"https:\/\/lignesauto.fr\/wp-content\/uploads\/2024\/09\/LIGNES_SM_1001-1024x576.jpg\" alt=\"\" class=\"wp-image-34894\" srcset=\"https:\/\/lignesauto.fr\/wp-content\/uploads\/2024\/09\/LIGNES_SM_1001-1024x576.jpg 1024w, https:\/\/lignesauto.fr\/wp-content\/uploads\/2024\/09\/LIGNES_SM_1001-300x169.jpg 300w, https:\/\/lignesauto.fr\/wp-content\/uploads\/2024\/09\/LIGNES_SM_1001-768x432.jpg 768w, https:\/\/lignesauto.fr\/wp-content\/uploads\/2024\/09\/LIGNES_SM_1001.jpg 1417w\" sizes=\"(max-width: 1024px) 100vw, 1024px\" \/><\/figure>\n\n\n\n<p style=\"font-size:17px\">Alors il est des moments o\u00f9 il faut manger son chapeau (cela est arriv\u00e9 \u00e0 chacun d\u2019entre nous, un jour ou l\u2019autre, non&nbsp;?) et le design devra peut-\u00eatre grignoter son haut de forme. Mais ici, \u00e0 LIGNES\/auto, nous penchons plut\u00f4t pour la strat\u00e9gie de l\u2019\u00e9quipe de M\u00e9troz, plus complexe et ambitieuse, de ne pas tenter de r\u00e9inventer les ic\u00f4nes d\u2019hier. De ne pas pondre une DS ou une SM trop simplistes, s\u2019inspirant de leurs lignes plut\u00f4t que de seulement les sugg\u00e9rer. Nous venons de d\u00e9couvrir la Renault 17 du designer Ora \u00cfto. Voici aujourd\u2019hui la SM revue par DS Automobiles.<\/p>\n\n\n\n<figure class=\"wp-block-image size-large\"><img loading=\"lazy\" decoding=\"async\" width=\"1024\" height=\"576\" src=\"https:\/\/lignesauto.fr\/wp-content\/uploads\/2024\/09\/LIGNES_SM_201-1024x576.jpg\" alt=\"\" class=\"wp-image-34843\" srcset=\"https:\/\/lignesauto.fr\/wp-content\/uploads\/2024\/09\/LIGNES_SM_201-1024x576.jpg 1024w, https:\/\/lignesauto.fr\/wp-content\/uploads\/2024\/09\/LIGNES_SM_201-300x169.jpg 300w, https:\/\/lignesauto.fr\/wp-content\/uploads\/2024\/09\/LIGNES_SM_201-768x432.jpg 768w, https:\/\/lignesauto.fr\/wp-content\/uploads\/2024\/09\/LIGNES_SM_201.jpg 1417w\" sizes=\"(max-width: 1024px) 100vw, 1024px\" \/><\/figure>\n\n\n\n<p style=\"font-size:17px\">Vous pensez sans doute \u00e9galement au concept-car Peugeot e-Legend de 2018, ci-dessus. Gilles Vidal, alors patron du design Peugeot (aujourd\u2019hui \u00e0 la t\u00eate de celui de Renault) avait expliqu\u00e9 que \u00ab&nbsp;<em>ce n\u2019est pas un revival, mais un message qui tend \u00e0 prouver que la voiture autonome \u00e9lectrique de demain n\u2019est pas n\u00e9cessairement un objet froid\u2026<\/em>&nbsp;\u00bb Thierry M\u00e9troz avait alors expliqu\u00e9 \u00ab&nbsp;<em>qu\u2019il a raison. Je trouve personnellement que cet exercice n\u2019est pas compl\u00e8tement du r\u00e9tro-design mais c\u2019est une voie dans laquelle nous n\u2019irons pas, m\u00eame si vous verrez dans nos prochaines cr\u00e9ations de s\u00e9rie qu\u2019il existera des clins d\u2019\u0153il \u00e0 la DS et \u00e0 la SM. Mais on n\u2019ira pas plus loin.<\/em>&nbsp;\u00bb<\/p>\n\n\n\n<figure class=\"wp-block-image size-large\"><img loading=\"lazy\" decoding=\"async\" width=\"1024\" height=\"683\" src=\"https:\/\/lignesauto.fr\/wp-content\/uploads\/2024\/09\/LIGNES_SM_1004-1024x683.jpg\" alt=\"\" class=\"wp-image-34896\" srcset=\"https:\/\/lignesauto.fr\/wp-content\/uploads\/2024\/09\/LIGNES_SM_1004-1024x683.jpg 1024w, https:\/\/lignesauto.fr\/wp-content\/uploads\/2024\/09\/LIGNES_SM_1004-300x200.jpg 300w, https:\/\/lignesauto.fr\/wp-content\/uploads\/2024\/09\/LIGNES_SM_1004-768x512.jpg 768w, https:\/\/lignesauto.fr\/wp-content\/uploads\/2024\/09\/LIGNES_SM_1004.jpg 1417w\" sizes=\"(max-width: 1024px) 100vw, 1024px\" \/><\/figure>\n\n\n\n<p style=\"font-size:17px\">Ce concept de SM revisit\u00e9e n\u2019est pas une simple accumulation de clins d\u2019\u0153il. Il s\u2019inspire directement du coup\u00e9 original de 1970.&nbsp; Aujourd\u2019hui, le directeur du design DS explique que ce concept \u00ab <em>n\u2019est pas qu\u2019une \u00e9vocation de la SM. Nous avons respect\u00e9 le dessin originel par son esprit et ses d\u00e9tails. Nous avons fait une retranscription et une r\u00e9interpr\u00e9tation de la SM. Mais comme il n\u2019est pas dans nos habitudes de nous s\u00e9parer de nos autres travaux, nous avons int\u00e9gr\u00e9 beaucoup de d\u00e9tails de ce que sont les mod\u00e8les de DS Automobiles et nos futurs projets<\/em>. \u00bb<\/p>\n\n\n\n<figure class=\"wp-block-image size-large\"><img loading=\"lazy\" decoding=\"async\" width=\"1024\" height=\"576\" src=\"https:\/\/lignesauto.fr\/wp-content\/uploads\/2024\/09\/LIGNES_SM_06-1024x576.jpg\" alt=\"\" class=\"wp-image-34848\" srcset=\"https:\/\/lignesauto.fr\/wp-content\/uploads\/2024\/09\/LIGNES_SM_06-1024x576.jpg 1024w, https:\/\/lignesauto.fr\/wp-content\/uploads\/2024\/09\/LIGNES_SM_06-300x169.jpg 300w, https:\/\/lignesauto.fr\/wp-content\/uploads\/2024\/09\/LIGNES_SM_06-768x432.jpg 768w, https:\/\/lignesauto.fr\/wp-content\/uploads\/2024\/09\/LIGNES_SM_06.jpg 1417w\" sizes=\"(max-width: 1024px) 100vw, 1024px\" \/><\/figure>\n\n\n\n<p style=\"font-size:17px\">Luc Quirin, designer int\u00e9rieur de DS Automobiles explique quant \u00e0 lui que \u00ab <em>le dessin du haut de la planche de bord \u00e9tait une signature forte avec une transversalit\u00e9 assum\u00e9e.<\/em> <em>Nous avons conserv\u00e9 cette approche identitaire en int\u00e9grant le fruit de nos recherches. L\u2019affichage se fait par de la projection, sans \u00e9cran. L\u2019environnement est plus immersif tout en \u00e9tant moins contraignant pour le conducteur et les occupants<\/em>. \u00bb<\/p>\n\n\n\n<figure class=\"wp-block-image size-large\"><img loading=\"lazy\" decoding=\"async\" width=\"1024\" height=\"576\" src=\"https:\/\/lignesauto.fr\/wp-content\/uploads\/2024\/09\/LIGNES_SM_05-1024x576.jpg\" alt=\"\" class=\"wp-image-34849\" srcset=\"https:\/\/lignesauto.fr\/wp-content\/uploads\/2024\/09\/LIGNES_SM_05-1024x576.jpg 1024w, https:\/\/lignesauto.fr\/wp-content\/uploads\/2024\/09\/LIGNES_SM_05-300x169.jpg 300w, https:\/\/lignesauto.fr\/wp-content\/uploads\/2024\/09\/LIGNES_SM_05-768x432.jpg 768w, https:\/\/lignesauto.fr\/wp-content\/uploads\/2024\/09\/LIGNES_SM_05.jpg 1417w\" sizes=\"(max-width: 1024px) 100vw, 1024px\" \/><\/figure>\n\n\n\n<p style=\"font-size:17px\">Vincent Lobry, responsable du design \u00ab&nbsp;couleurs, mati\u00e8res et finitions&nbsp;\u00bb de DS Automobiles explique que \u00ab <em>le travail du cuir grav\u00e9 au laser sur les contre-portes fait appara\u00eetre des motifs inspir\u00e9s des arts d\u00e9coratifs. Ce courant est n\u00e9 dans le m\u00eames ann\u00e9es que les concours d\u2019\u00e9l\u00e9gance. Les d\u00e9cors point-perle font quant \u00e0 eux r\u00e9f\u00e9rence aux mod\u00e8les actuels.&nbsp;\u00bb<\/em><\/p>\n\n\n\n<figure class=\"wp-block-image size-large\"><img loading=\"lazy\" decoding=\"async\" width=\"1024\" height=\"576\" src=\"https:\/\/lignesauto.fr\/wp-content\/uploads\/2024\/09\/LIGNES_SM_1002-1024x576.jpg\" alt=\"\" class=\"wp-image-34898\" srcset=\"https:\/\/lignesauto.fr\/wp-content\/uploads\/2024\/09\/LIGNES_SM_1002-1024x576.jpg 1024w, https:\/\/lignesauto.fr\/wp-content\/uploads\/2024\/09\/LIGNES_SM_1002-300x169.jpg 300w, https:\/\/lignesauto.fr\/wp-content\/uploads\/2024\/09\/LIGNES_SM_1002-768x432.jpg 768w, https:\/\/lignesauto.fr\/wp-content\/uploads\/2024\/09\/LIGNES_SM_1002.jpg 1417w\" sizes=\"(max-width: 1024px) 100vw, 1024px\" \/><\/figure>\n\n\n\n<p style=\"font-size:17px\">Cette SM de 2024 plaira sans aucun doute au plus grand nombre, car l\u2019\u00e9quipe qui en a eu la charge est, nous le r\u00e9p\u00e9tons, solide et vise le long et tr\u00e8s long terme pour cr\u00e9er l\u2019offre innovante d\u2019une marque que Stellantis devrait sans doute soutenir un peu plus. Cette SM semble \u00eatre la cerise sur le g\u00e2teau DS. Encore faut-il qu\u2019il y ait un g\u00e2teau&#8230; Car depuis 2021, voici donc plus de trois ans, aucun nouveau mod\u00e8le DS n\u2019est apparu dans la gamme. L\u2019urgence s\u2019appelle D85, et ce ne sont pas les journalistes qui l\u2019attendent le plus, mais le r\u00e9seau&#8230;<\/p>\n\n\n\n<figure class=\"wp-block-image size-large\"><img loading=\"lazy\" decoding=\"async\" width=\"1024\" height=\"512\" src=\"https:\/\/lignesauto.fr\/wp-content\/uploads\/2024\/09\/LIGNES_SM_1006-1024x512.jpg\" alt=\"\" class=\"wp-image-34900\" srcset=\"https:\/\/lignesauto.fr\/wp-content\/uploads\/2024\/09\/LIGNES_SM_1006-1024x512.jpg 1024w, https:\/\/lignesauto.fr\/wp-content\/uploads\/2024\/09\/LIGNES_SM_1006-300x150.jpg 300w, https:\/\/lignesauto.fr\/wp-content\/uploads\/2024\/09\/LIGNES_SM_1006-768x384.jpg 768w, https:\/\/lignesauto.fr\/wp-content\/uploads\/2024\/09\/LIGNES_SM_1006.jpg 1417w\" sizes=\"(max-width: 1024px) 100vw, 1024px\" \/><\/figure>\n\n\n<div class=\"wp-block-image\">\n<figure class=\"aligncenter size-full is-resized\"><img loading=\"lazy\" decoding=\"async\" width=\"1024\" height=\"367\" src=\"http:\/\/lignesauto.fr\/wp-content\/uploads\/2024\/08\/image-1.png\" alt=\"\" class=\"wp-image-34710\" style=\"width:544px;height:auto\" srcset=\"https:\/\/lignesauto.fr\/wp-content\/uploads\/2024\/08\/image-1.png 1024w, https:\/\/lignesauto.fr\/wp-content\/uploads\/2024\/08\/image-1-300x108.png 300w, https:\/\/lignesauto.fr\/wp-content\/uploads\/2024\/08\/image-1-768x275.png 768w\" sizes=\"(max-width: 1024px) 100vw, 1024px\" \/><\/figure><\/div>","protected":false},"excerpt":{"rendered":"<p>Faut-il rappeler que la SM et la DS ont quitt\u00e9 l\u2019h\u00e9ritage l\u00e9gitime de Citro\u00ebn, pour rejoindre la marque DS Automobiles cr\u00e9\u00e9e en 2014, voici dix ans. La \u00ab&nbsp;ligne DS&nbsp;\u00bb dans la gamme Citro\u00ebn fut une aubaine pour le r\u00e9seau, capable de vendre des Citro\u00ebn mieux \u00e9quip\u00e9es, \u00e0 l\u2019image \u00ab&nbsp;premium&nbsp;\u00bb, avec [&hellip;]<\/p>\n","protected":false},"author":1,"featured_media":34893,"comment_status":"closed","ping_status":"closed","sticky":false,"template":"","format":"standard","meta":{"footnotes":""},"categories":[1],"tags":[],"_links":{"self":[{"href":"https:\/\/lignesauto.fr\/index.php?rest_route=\/wp\/v2\/posts\/34825"}],"collection":[{"href":"https:\/\/lignesauto.fr\/index.php?rest_route=\/wp\/v2\/posts"}],"about":[{"href":"https:\/\/lignesauto.fr\/index.php?rest_route=\/wp\/v2\/types\/post"}],"author":[{"embeddable":true,"href":"https:\/\/lignesauto.fr\/index.php?rest_route=\/wp\/v2\/users\/1"}],"replies":[{"embeddable":true,"href":"https:\/\/lignesauto.fr\/index.php?rest_route=%2Fwp%2Fv2%2Fcomments&post=34825"}],"version-history":[{"count":31,"href":"https:\/\/lignesauto.fr\/index.php?rest_route=\/wp\/v2\/posts\/34825\/revisions"}],"predecessor-version":[{"id":34901,"href":"https:\/\/lignesauto.fr\/index.php?rest_route=\/wp\/v2\/posts\/34825\/revisions\/34901"}],"wp:featuredmedia":[{"embeddable":true,"href":"https:\/\/lignesauto.fr\/index.php?rest_route=\/wp\/v2\/media\/34893"}],"wp:attachment":[{"href":"https:\/\/lignesauto.fr\/index.php?rest_route=%2Fwp%2Fv2%2Fmedia&parent=34825"}],"wp:term":[{"taxonomy":"category","embeddable":true,"href":"https:\/\/lignesauto.fr\/index.php?rest_route=%2Fwp%2Fv2%2Fcategories&post=34825"},{"taxonomy":"post_tag","embeddable":true,"href":"https:\/\/lignesauto.fr\/index.php?rest_route=%2Fwp%2Fv2%2Ftags&post=34825"}],"curies":[{"name":"wp","href":"https:\/\/api.w.org\/{rel}","templated":true}]}}