{"id":34956,"date":"2024-09-29T11:18:02","date_gmt":"2024-09-29T09:18:02","guid":{"rendered":"https:\/\/lignesauto.fr\/?p=34956"},"modified":"2024-09-29T11:18:04","modified_gmt":"2024-09-29T09:18:04","slug":"lignes-auto-pays-tribute-to-bruno-sacco-1933-2024","status":"publish","type":"post","link":"https:\/\/lignesauto.fr\/?p=34956","title":{"rendered":"LIGNES\/auto pays tribute to Bruno Sacco (1933-2024)"},"content":{"rendered":"<div class=\"wp-block-image\">\n<figure class=\"aligncenter size-full is-resized\"><img loading=\"lazy\" decoding=\"async\" width=\"1024\" height=\"367\" src=\"http:\/\/lignesauto.fr\/wp-content\/uploads\/2024\/08\/image-1.png\" alt=\"\" class=\"wp-image-34710\" style=\"width:436px;height:auto\" srcset=\"https:\/\/lignesauto.fr\/wp-content\/uploads\/2024\/08\/image-1.png 1024w, https:\/\/lignesauto.fr\/wp-content\/uploads\/2024\/08\/image-1-300x108.png 300w, https:\/\/lignesauto.fr\/wp-content\/uploads\/2024\/08\/image-1-768x275.png 768w\" sizes=\"(max-width: 1024px) 100vw, 1024px\" \/><\/figure><\/div>\n\n\n<figure class=\"wp-block-image size-large\"><img loading=\"lazy\" decoding=\"async\" width=\"1024\" height=\"1001\" src=\"https:\/\/lignesauto.fr\/wp-content\/uploads\/2024\/09\/SACCO_00_00-1024x1001.jpg\" alt=\"\" class=\"wp-image-34918\" srcset=\"https:\/\/lignesauto.fr\/wp-content\/uploads\/2024\/09\/SACCO_00_00-1024x1001.jpg 1024w, https:\/\/lignesauto.fr\/wp-content\/uploads\/2024\/09\/SACCO_00_00-300x293.jpg 300w, https:\/\/lignesauto.fr\/wp-content\/uploads\/2024\/09\/SACCO_00_00-768x751.jpg 768w, https:\/\/lignesauto.fr\/wp-content\/uploads\/2024\/09\/SACCO_00_00.jpg 1417w\" sizes=\"(max-width: 1024px) 100vw, 1024px\" \/><\/figure>\n\n\n\n<p style=\"font-size:17px\">Bruno Sacco&#8217;s impact on the design of Mercedes cars from the 1960s to the 1990s was greater than that of anyone else. Bruno Sacco joined Mercedes in 1958 and did not leave until March 1999, a total of 41 years of service in the design department.<\/p>\n\n\n\n<figure class=\"wp-block-image size-large\"><img loading=\"lazy\" decoding=\"async\" width=\"1024\" height=\"780\" src=\"https:\/\/lignesauto.fr\/wp-content\/uploads\/2024\/09\/SACCO_114-1024x780.png\" alt=\"\" class=\"wp-image-34949\" srcset=\"https:\/\/lignesauto.fr\/wp-content\/uploads\/2024\/09\/SACCO_114-1024x780.png 1024w, https:\/\/lignesauto.fr\/wp-content\/uploads\/2024\/09\/SACCO_114-300x229.png 300w, https:\/\/lignesauto.fr\/wp-content\/uploads\/2024\/09\/SACCO_114-768x585.png 768w, https:\/\/lignesauto.fr\/wp-content\/uploads\/2024\/09\/SACCO_114.png 1417w\" sizes=\"(max-width: 1024px) 100vw, 1024px\" \/><\/figure>\n\n\n\n<p style=\"font-size:17px\">At the German manufacturer, this position is a very long-term contract: Friedrich Geiger was there from 1955 to 1974, Bruno Sacco until 1999 and Gorden Wagener since 2008. Only Peter Pfeiffer limited his tenure to just nine years, from 2000 to 2008. So there have only been four Mercedes design bosses in over 60 years!<\/p>\n\n\n\n<figure class=\"wp-block-image size-large\"><img loading=\"lazy\" decoding=\"async\" width=\"1024\" height=\"683\" src=\"https:\/\/lignesauto.fr\/wp-content\/uploads\/2024\/09\/SACCO_01-1024x683.jpg\" alt=\"\" class=\"wp-image-34920\" srcset=\"https:\/\/lignesauto.fr\/wp-content\/uploads\/2024\/09\/SACCO_01-1024x683.jpg 1024w, https:\/\/lignesauto.fr\/wp-content\/uploads\/2024\/09\/SACCO_01-300x200.jpg 300w, https:\/\/lignesauto.fr\/wp-content\/uploads\/2024\/09\/SACCO_01-768x512.jpg 768w, https:\/\/lignesauto.fr\/wp-content\/uploads\/2024\/09\/SACCO_01.jpg 1417w\" sizes=\"(max-width: 1024px) 100vw, 1024px\" \/><\/figure>\n\n\n\n<p style=\"font-size:17px\">And it was a Frenchman who came close to taking up this prestigious post at the end of the 1990s, when Mercedes was considering Bruno Sacco as its successor. And that Frenchman is Patrick le Qu\u00e9ment (above), as he tells us: <em>&#8220;Bruno Sacco came with his entire management team in 1995 to the stand where our Initiale concept car was on display, so that I could present it to them.<\/em> <em>Later, I was asked to replace him when he retired.<\/em> <em>The designer Olivier Boulay later spoke in an interview about how Initiale was the starting point for the Maybach!<\/em> But Le Qu\u00e9ment remained loyal to Renault.<\/p>\n\n\n\n<figure class=\"wp-block-image size-large\"><img loading=\"lazy\" decoding=\"async\" width=\"1024\" height=\"653\" src=\"https:\/\/lignesauto.fr\/wp-content\/uploads\/2024\/09\/SACCO_20-1024x653.jpg\" alt=\"\" class=\"wp-image-34922\" srcset=\"https:\/\/lignesauto.fr\/wp-content\/uploads\/2024\/09\/SACCO_20-1024x653.jpg 1024w, https:\/\/lignesauto.fr\/wp-content\/uploads\/2024\/09\/SACCO_20-300x191.jpg 300w, https:\/\/lignesauto.fr\/wp-content\/uploads\/2024\/09\/SACCO_20-768x490.jpg 768w, https:\/\/lignesauto.fr\/wp-content\/uploads\/2024\/09\/SACCO_20.jpg 1417w\" sizes=\"(max-width: 1024px) 100vw, 1024px\" \/><figcaption class=\"wp-element-caption\">Bruno Sacco&#8217;s work at the heart of Mercedes design from the late \u201850s to the late \u201990s continues to have a strong impact on the products designed by Gorden Wagener today.<\/figcaption><\/figure>\n\n\n\n<p style=\"font-size:17px\">To remain at the head of design for so long, while at the same time developing the image and design of Mercedes, Bruno Sacco developed a design philosophy in the early 1970s. At the time, he spoke of <em>\u2018vertical affinity\u2019<\/em>. This central pillar ensures that a replaced model does not seem outdated by its successor. The aim of this strategy is to maintain the positive aura of a Mercedes on the road for as long as possible. The second pillar concerns brand identity. This involves retaining traditional design features, developing them further and integrating them into the entire range.<\/p>\n\n\n\n<figure class=\"wp-block-image size-large\"><img loading=\"lazy\" decoding=\"async\" width=\"1024\" height=\"400\" src=\"https:\/\/lignesauto.fr\/wp-content\/uploads\/2024\/09\/SACCO_112-1024x400.png\" alt=\"\" class=\"wp-image-34951\" srcset=\"https:\/\/lignesauto.fr\/wp-content\/uploads\/2024\/09\/SACCO_112-1024x400.png 1024w, https:\/\/lignesauto.fr\/wp-content\/uploads\/2024\/09\/SACCO_112-300x117.png 300w, https:\/\/lignesauto.fr\/wp-content\/uploads\/2024\/09\/SACCO_112-768x300.png 768w, https:\/\/lignesauto.fr\/wp-content\/uploads\/2024\/09\/SACCO_112.png 1417w\" sizes=\"(max-width: 1024px) 100vw, 1024px\" \/><\/figure>\n\n\n\n<p style=\"font-size:17px\">Bruno Sacco refers to this as <em>\u2018horizontal homogeneity\u2019<\/em>. This design avoids ephemeral fashions and, to ensure that it remains sustainable, strategic foresight becomes a key asset. For all that, Sacco has broken certain Mercedes identity codes on several occasions (radiator grille, headlamps, simplicity of the sides, etc.), explaining that innovative technology \u2018<em>only becomes visible when it is combined with an equally innovative design\u2019.<\/em><\/p>\n\n\n\n<figure class=\"wp-block-image size-large\"><img loading=\"lazy\" decoding=\"async\" width=\"1024\" height=\"904\" src=\"https:\/\/lignesauto.fr\/wp-content\/uploads\/2024\/09\/SACCO_113-1024x904.png\" alt=\"\" class=\"wp-image-34928\" srcset=\"https:\/\/lignesauto.fr\/wp-content\/uploads\/2024\/09\/SACCO_113-1024x904.png 1024w, https:\/\/lignesauto.fr\/wp-content\/uploads\/2024\/09\/SACCO_113-300x265.png 300w, https:\/\/lignesauto.fr\/wp-content\/uploads\/2024\/09\/SACCO_113-768x678.png 768w, https:\/\/lignesauto.fr\/wp-content\/uploads\/2024\/09\/SACCO_113.png 1417w\" sizes=\"(max-width: 1024px) 100vw, 1024px\" \/><\/figure>\n\n\n\n<p style=\"font-size:17px\">In March 1993, when Bruno Sacco became a member of the Board of Directors, the Mercedes stand at the Geneva Motor Show did not focus on a new model packed with technological innovations, but for the first time on a concept car. The CLK coup\u00e9, with its four oval headlamps, is a radical departure from the fundamentals of Mercedes design. The E-Class saloon (W210), the best-seller in the range, adopted this new face in 1995. The end of the decade was an important one for Sacco.<\/p>\n\n\n\n<figure class=\"wp-block-image size-large\"><img loading=\"lazy\" decoding=\"async\" width=\"1024\" height=\"621\" src=\"https:\/\/lignesauto.fr\/wp-content\/uploads\/2024\/09\/SACCO_102-1024x621.png\" alt=\"\" class=\"wp-image-34929\" srcset=\"https:\/\/lignesauto.fr\/wp-content\/uploads\/2024\/09\/SACCO_102-1024x621.png 1024w, https:\/\/lignesauto.fr\/wp-content\/uploads\/2024\/09\/SACCO_102-300x182.png 300w, https:\/\/lignesauto.fr\/wp-content\/uploads\/2024\/09\/SACCO_102-768x466.png 768w, https:\/\/lignesauto.fr\/wp-content\/uploads\/2024\/09\/SACCO_102.png 1417w\" sizes=\"(max-width: 1024px) 100vw, 1024px\" \/><\/figure>\n\n\n\n<p style=\"font-size:17px\">In 1996, he took an incredible gamble just three years before retiring, and put into practice his theory that only the combination of bold innovation and faithful design could result in a cutting-edge product with the arrival of the A-Class (W 168) below. While the 1990s still bear the Sacco hallmark, the previous decade was no slouch when it came to innovation.<\/p>\n\n\n\n<figure class=\"wp-block-image size-large\"><img loading=\"lazy\" decoding=\"async\" width=\"1024\" height=\"918\" src=\"https:\/\/lignesauto.fr\/wp-content\/uploads\/2024\/09\/SACCO_103-1024x918.png\" alt=\"\" class=\"wp-image-34945\" srcset=\"https:\/\/lignesauto.fr\/wp-content\/uploads\/2024\/09\/SACCO_103-1024x918.png 1024w, https:\/\/lignesauto.fr\/wp-content\/uploads\/2024\/09\/SACCO_103-300x269.png 300w, https:\/\/lignesauto.fr\/wp-content\/uploads\/2024\/09\/SACCO_103-768x689.png 768w, https:\/\/lignesauto.fr\/wp-content\/uploads\/2024\/09\/SACCO_103.png 1417w\" sizes=\"(max-width: 1024px) 100vw, 1024px\" \/><\/figure>\n\n\n\n<p style=\"font-size:17px\">The \u2018little\u2019 Mercedes 190 of 1982 responded to new styling challenges that Bruno Sacco and his teams successfully met. At that time, styling was not geared towards luxury segment status, but rather towards functional features. This decade of the 1980s was also marked by the presentation, in 1989, of the new generation SL R129 Series below.<\/p>\n\n\n\n<figure class=\"wp-block-image size-large\"><img loading=\"lazy\" decoding=\"async\" width=\"1024\" height=\"499\" src=\"https:\/\/lignesauto.fr\/wp-content\/uploads\/2024\/09\/SACCO_105-1024x499.png\" alt=\"\" class=\"wp-image-34932\" srcset=\"https:\/\/lignesauto.fr\/wp-content\/uploads\/2024\/09\/SACCO_105-1024x499.png 1024w, https:\/\/lignesauto.fr\/wp-content\/uploads\/2024\/09\/SACCO_105-300x146.png 300w, https:\/\/lignesauto.fr\/wp-content\/uploads\/2024\/09\/SACCO_105-768x374.png 768w, https:\/\/lignesauto.fr\/wp-content\/uploads\/2024\/09\/SACCO_105.png 1417w\" sizes=\"(max-width: 1024px) 100vw, 1024px\" \/><\/figure>\n\n\n\n<p style=\"font-size:17px\">No doubt he was justifiably proud to present it, remembering that when, at the age of 24, he pushed open the doors of the Untert\u00fcrkheim design office, he was working under the supervision of Karl Wilfert, Friedrich Geiger and B\u00e9la Bar\u00e9nyi, working alongside them on the Mercedes 600 (below) but also, and above all, on the 230 SL roadster.<\/p>\n\n\n\n<figure class=\"wp-block-image size-large\"><img loading=\"lazy\" decoding=\"async\" width=\"1024\" height=\"431\" src=\"https:\/\/lignesauto.fr\/wp-content\/uploads\/2024\/09\/SACCO_106-1024x431.png\" alt=\"\" class=\"wp-image-34935\" srcset=\"https:\/\/lignesauto.fr\/wp-content\/uploads\/2024\/09\/SACCO_106-1024x431.png 1024w, https:\/\/lignesauto.fr\/wp-content\/uploads\/2024\/09\/SACCO_106-300x126.png 300w, https:\/\/lignesauto.fr\/wp-content\/uploads\/2024\/09\/SACCO_106-768x323.png 768w, https:\/\/lignesauto.fr\/wp-content\/uploads\/2024\/09\/SACCO_106.png 1417w\" sizes=\"(max-width: 1024px) 100vw, 1024px\" \/><\/figure>\n\n\n\n<p style=\"font-size:17px\">He later recalled that he was <em>\u2018totally fascinated by the way the project had been conceived with such care and artistry\u2019.<\/em> The man was not only interested in style. He worked on the C 111-I and C 111-II experimental vehicles, as well as on ESF (Experimental Safety Vehicle) prototypes, including the ESF 22 below.<\/p>\n\n\n\n<figure class=\"wp-block-image size-large\"><img loading=\"lazy\" decoding=\"async\" width=\"1024\" height=\"753\" src=\"https:\/\/lignesauto.fr\/wp-content\/uploads\/2024\/09\/SACCO_200-1024x753.jpg\" alt=\"\" class=\"wp-image-34953\" srcset=\"https:\/\/lignesauto.fr\/wp-content\/uploads\/2024\/09\/SACCO_200-1024x753.jpg 1024w, https:\/\/lignesauto.fr\/wp-content\/uploads\/2024\/09\/SACCO_200-300x221.jpg 300w, https:\/\/lignesauto.fr\/wp-content\/uploads\/2024\/09\/SACCO_200-768x565.jpg 768w, https:\/\/lignesauto.fr\/wp-content\/uploads\/2024\/09\/SACCO_200.jpg 1417w\" sizes=\"(max-width: 1024px) 100vw, 1024px\" \/><\/figure>\n\n\n\n<p style=\"font-size:17px\">On his arrival at Mercedes, the manufacturer had just presented the W111 saloon (1959) with rear wings, as Ghia had done with its pioneering \u2018Gilda\u2019 study at the Turin Motor Show in 1955. Ghia, where he started out just before joining the German manufacturer. Bruno Sacco would later illuminate this range with the 250 C coup\u00e9 silhouette of the W114 series (1968-1973) below.<\/p>\n\n\n\n<figure class=\"wp-block-image size-large\"><img loading=\"lazy\" decoding=\"async\" width=\"1024\" height=\"747\" src=\"https:\/\/lignesauto.fr\/wp-content\/uploads\/2024\/09\/SACCO_16-1024x747.jpg\" alt=\"\" class=\"wp-image-34938\" srcset=\"https:\/\/lignesauto.fr\/wp-content\/uploads\/2024\/09\/SACCO_16-1024x747.jpg 1024w, https:\/\/lignesauto.fr\/wp-content\/uploads\/2024\/09\/SACCO_16-300x219.jpg 300w, https:\/\/lignesauto.fr\/wp-content\/uploads\/2024\/09\/SACCO_16-768x560.jpg 768w, https:\/\/lignesauto.fr\/wp-content\/uploads\/2024\/09\/SACCO_16.jpg 1417w\" sizes=\"(max-width: 1024px) 100vw, 1024px\" \/><\/figure>\n\n\n\n<p style=\"font-size:17px\">Bruno Sacco, born in Udine, Italy, on 12 November 1933, left his mark on every decade of Mercedes styling history from 1960 to 1999. For a long time, he worked on the basis of a new product development period of four to six years, plus an average production period of eight years and a lifespan of around 20 years.<\/p>\n\n\n\n<figure class=\"wp-block-image size-large\"><img loading=\"lazy\" decoding=\"async\" width=\"1024\" height=\"766\" src=\"https:\/\/lignesauto.fr\/wp-content\/uploads\/2024\/09\/SACCO_115-1024x766.png\" alt=\"\" class=\"wp-image-34940\" srcset=\"https:\/\/lignesauto.fr\/wp-content\/uploads\/2024\/09\/SACCO_115-1024x766.png 1024w, https:\/\/lignesauto.fr\/wp-content\/uploads\/2024\/09\/SACCO_115-300x224.png 300w, https:\/\/lignesauto.fr\/wp-content\/uploads\/2024\/09\/SACCO_115-768x575.png 768w, https:\/\/lignesauto.fr\/wp-content\/uploads\/2024\/09\/SACCO_115.png 1417w\" sizes=\"(max-width: 1024px) 100vw, 1024px\" \/><\/figure>\n\n\n\n<p style=\"font-size:17px\">Sacco understood right from the start that a Mercedes not only had to remain modern for 30 years, but also remain timeless. This led him to say <em>that \u2018a Mercedes will always look like a Mercedes\u2019.<\/em> Bruno Sacco died on 19 September in Germany.<\/p>\n\n\n\n<figure class=\"wp-block-image size-large\"><img loading=\"lazy\" decoding=\"async\" width=\"1024\" height=\"682\" src=\"https:\/\/lignesauto.fr\/wp-content\/uploads\/2024\/09\/SACCO_21-1024x682.jpg\" alt=\"\" class=\"wp-image-34941\" srcset=\"https:\/\/lignesauto.fr\/wp-content\/uploads\/2024\/09\/SACCO_21-1024x682.jpg 1024w, https:\/\/lignesauto.fr\/wp-content\/uploads\/2024\/09\/SACCO_21-300x200.jpg 300w, https:\/\/lignesauto.fr\/wp-content\/uploads\/2024\/09\/SACCO_21-768x512.jpg 768w, https:\/\/lignesauto.fr\/wp-content\/uploads\/2024\/09\/SACCO_21.jpg 1417w\" sizes=\"(max-width: 1024px) 100vw, 1024px\" \/><\/figure>\n\n\n\n<p><em><strong>LIGNES\/auto thanks the Mercedes-Benz Classic department<\/strong><\/em><\/p>\n\n\n<div class=\"wp-block-image\">\n<figure class=\"aligncenter size-full is-resized\"><img loading=\"lazy\" decoding=\"async\" width=\"1024\" height=\"367\" src=\"http:\/\/lignesauto.fr\/wp-content\/uploads\/2024\/08\/image-1.png\" alt=\"\" class=\"wp-image-34710\" style=\"width:436px;height:auto\" srcset=\"https:\/\/lignesauto.fr\/wp-content\/uploads\/2024\/08\/image-1.png 1024w, https:\/\/lignesauto.fr\/wp-content\/uploads\/2024\/08\/image-1-300x108.png 300w, https:\/\/lignesauto.fr\/wp-content\/uploads\/2024\/08\/image-1-768x275.png 768w\" sizes=\"(max-width: 1024px) 100vw, 1024px\" \/><\/figure><\/div>","protected":false},"excerpt":{"rendered":"<p>Bruno Sacco&#8217;s impact on the design of Mercedes cars from the 1960s to the 1990s was greater than that of anyone else. Bruno Sacco joined Mercedes in 1958 and did not leave until March 1999, a total of 41 years of service in the design department. At the German manufacturer, [&hellip;]<\/p>\n","protected":false},"author":1,"featured_media":34917,"comment_status":"closed","ping_status":"closed","sticky":false,"template":"","format":"standard","meta":{"footnotes":""},"categories":[1],"tags":[],"_links":{"self":[{"href":"https:\/\/lignesauto.fr\/index.php?rest_route=\/wp\/v2\/posts\/34956"}],"collection":[{"href":"https:\/\/lignesauto.fr\/index.php?rest_route=\/wp\/v2\/posts"}],"about":[{"href":"https:\/\/lignesauto.fr\/index.php?rest_route=\/wp\/v2\/types\/post"}],"author":[{"embeddable":true,"href":"https:\/\/lignesauto.fr\/index.php?rest_route=\/wp\/v2\/users\/1"}],"replies":[{"embeddable":true,"href":"https:\/\/lignesauto.fr\/index.php?rest_route=%2Fwp%2Fv2%2Fcomments&post=34956"}],"version-history":[{"count":19,"href":"https:\/\/lignesauto.fr\/index.php?rest_route=\/wp\/v2\/posts\/34956\/revisions"}],"predecessor-version":[{"id":34977,"href":"https:\/\/lignesauto.fr\/index.php?rest_route=\/wp\/v2\/posts\/34956\/revisions\/34977"}],"wp:featuredmedia":[{"embeddable":true,"href":"https:\/\/lignesauto.fr\/index.php?rest_route=\/wp\/v2\/media\/34917"}],"wp:attachment":[{"href":"https:\/\/lignesauto.fr\/index.php?rest_route=%2Fwp%2Fv2%2Fmedia&parent=34956"}],"wp:term":[{"taxonomy":"category","embeddable":true,"href":"https:\/\/lignesauto.fr\/index.php?rest_route=%2Fwp%2Fv2%2Fcategories&post=34956"},{"taxonomy":"post_tag","embeddable":true,"href":"https:\/\/lignesauto.fr\/index.php?rest_route=%2Fwp%2Fv2%2Ftags&post=34956"}],"curies":[{"name":"wp","href":"https:\/\/api.w.org\/{rel}","templated":true}]}}