{"id":35244,"date":"2024-10-09T20:16:12","date_gmt":"2024-10-09T18:16:12","guid":{"rendered":"https:\/\/lignesauto.fr\/?p=35244"},"modified":"2024-10-09T20:16:12","modified_gmt":"2024-10-09T18:16:12","slug":"ils-lont-fait-la-wm-p70-de-1970-vous-attend-a-montlhery-ce-week-end","status":"publish","type":"post","link":"https:\/\/lignesauto.fr\/?p=35244","title":{"rendered":"Ils l\u2019ont fait\u00a0! La WM P70 de 1970 vous attend \u00e0 Montlh\u00e9ry\u00a0ce week-end\u00a0!"},"content":{"rendered":"<div class=\"wp-block-image\">\n<figure class=\"aligncenter size-full is-resized\"><img loading=\"lazy\" decoding=\"async\" width=\"1024\" height=\"367\" src=\"http:\/\/lignesauto.fr\/wp-content\/uploads\/2024\/10\/image.png\" alt=\"\" class=\"wp-image-35007\" style=\"width:432px;height:auto\" srcset=\"https:\/\/lignesauto.fr\/wp-content\/uploads\/2024\/10\/image.png 1024w, https:\/\/lignesauto.fr\/wp-content\/uploads\/2024\/10\/image-300x108.png 300w, https:\/\/lignesauto.fr\/wp-content\/uploads\/2024\/10\/image-768x275.png 768w\" sizes=\"(max-width: 1024px) 100vw, 1024px\" \/><\/figure><\/div>\n\n\n<figure class=\"wp-block-image size-large\"><img loading=\"lazy\" decoding=\"async\" width=\"768\" height=\"1024\" src=\"https:\/\/lignesauto.fr\/wp-content\/uploads\/2024\/10\/P70_12-768x1024.jpg\" alt=\"\" class=\"wp-image-35286\" srcset=\"https:\/\/lignesauto.fr\/wp-content\/uploads\/2024\/10\/P70_12-768x1024.jpg 768w, https:\/\/lignesauto.fr\/wp-content\/uploads\/2024\/10\/P70_12-225x300.jpg 225w, https:\/\/lignesauto.fr\/wp-content\/uploads\/2024\/10\/P70_12-1152x1536.jpg 1152w, https:\/\/lignesauto.fr\/wp-content\/uploads\/2024\/10\/P70_12.jpg 1417w\" sizes=\"(max-width: 768px) 100vw, 768px\" \/><figcaption class=\"wp-element-caption\">Les phases de peinture et de l&#8217;assemblage ont \u00e9t\u00e9 r\u00e9alis\u00e9es en grande partie chez Orh\u00e8s Racing (<a href=\"https:\/\/orhes.com\/lentreprise\/\">https:\/\/orhes.com\/lentreprise\/<\/a> )*voir en bas du sujet.<\/figcaption><\/figure>\n\n\n\n<figure class=\"wp-block-image size-large\"><img loading=\"lazy\" decoding=\"async\" width=\"1024\" height=\"975\" src=\"http:\/\/lignesauto.fr\/wp-content\/uploads\/2024\/10\/WM_08-1024x975.png\" alt=\"\" class=\"wp-image-35301\" srcset=\"https:\/\/lignesauto.fr\/wp-content\/uploads\/2024\/10\/WM_08-1024x975.png 1024w, https:\/\/lignesauto.fr\/wp-content\/uploads\/2024\/10\/WM_08-300x286.png 300w, https:\/\/lignesauto.fr\/wp-content\/uploads\/2024\/10\/WM_08-768x731.png 768w, https:\/\/lignesauto.fr\/wp-content\/uploads\/2024\/10\/WM_08.png 1417w\" sizes=\"(max-width: 1024px) 100vw, 1024px\" \/><\/figure>\n\n\n\n<p style=\"font-size:17px\">Qu\u2019avez-vous fait de vos vacances&nbsp;? Chez WMH, l\u2019association WM Historique qui s\u2019est mis en t\u00eate le 9 juillet 2019 de reconstruire le premier prototype du duo Welter-Meunier datant de 1970, les vacances ont \u00e9t\u00e9 tr\u00e8s studieuses&nbsp;! La cr\u00e9ation de l&#8217;association WMH a suivi d\u00e8s le mois de septembre 2019 pour se mettre au travail !<\/p>\n\n\n\n<figure class=\"wp-block-image size-large\"><img loading=\"lazy\" decoding=\"async\" width=\"1024\" height=\"768\" src=\"https:\/\/lignesauto.fr\/wp-content\/uploads\/2024\/10\/WM_05-1024x768.jpg\" alt=\"\" class=\"wp-image-35327\" srcset=\"https:\/\/lignesauto.fr\/wp-content\/uploads\/2024\/10\/WM_05-1024x768.jpg 1024w, https:\/\/lignesauto.fr\/wp-content\/uploads\/2024\/10\/WM_05-300x225.jpg 300w, https:\/\/lignesauto.fr\/wp-content\/uploads\/2024\/10\/WM_05-768x576.jpg 768w, https:\/\/lignesauto.fr\/wp-content\/uploads\/2024\/10\/WM_05.jpg 1417w\" sizes=\"(max-width: 1024px) 100vw, 1024px\" \/><\/figure>\n\n\n\n<p>Une grande partie de l\u2019\u00e9quipe a tournicot\u00e9 les aiguilles du r\u00e9veil sur 6 heures tous les matins, week-end compris, pour entamer cet \u00e9t\u00e9 la derni\u00e8re \u00e9tape &#8211; et non des moindres \u2013 de la reconstruction de la WM P70 \u00e0 l\u2019identique.<\/p>\n\n\n\n<figure class=\"wp-block-image size-large\"><img loading=\"lazy\" decoding=\"async\" width=\"1024\" height=\"768\" src=\"https:\/\/lignesauto.fr\/wp-content\/uploads\/2024\/10\/P70_17-1024x768.jpg\" alt=\"\" class=\"wp-image-35259\" srcset=\"https:\/\/lignesauto.fr\/wp-content\/uploads\/2024\/10\/P70_17-1024x768.jpg 1024w, https:\/\/lignesauto.fr\/wp-content\/uploads\/2024\/10\/P70_17-300x225.jpg 300w, https:\/\/lignesauto.fr\/wp-content\/uploads\/2024\/10\/P70_17-768x576.jpg 768w, https:\/\/lignesauto.fr\/wp-content\/uploads\/2024\/10\/P70_17.jpg 1417w\" sizes=\"(max-width: 1024px) 100vw, 1024px\" \/><\/figure>\n\n\n\n<p style=\"font-size:17px\">La WM P70, les fid\u00e8les de LIGNES\/auto la connaissent. Pour les nouveaux venus, rappelons que G\u00e9rard Welter \u2013 arriv\u00e9 au style Peugeot en 1960 sous la direction de Paul Bouvot &#8211; et son comp\u00e8re Michel Meunier, ont d\u2019abord con\u00e7u en 1969 un premier engin de comp\u00e9tition sur la base d\u2019une 204, la WM P69.<\/p>\n\n\n\n<figure class=\"wp-block-image size-large\"><img loading=\"lazy\" decoding=\"async\" width=\"1024\" height=\"549\" src=\"https:\/\/lignesauto.fr\/wp-content\/uploads\/2024\/10\/P70_102-1024x549.jpg\" alt=\"\" class=\"wp-image-35256\" srcset=\"https:\/\/lignesauto.fr\/wp-content\/uploads\/2024\/10\/P70_102-1024x549.jpg 1024w, https:\/\/lignesauto.fr\/wp-content\/uploads\/2024\/10\/P70_102-300x161.jpg 300w, https:\/\/lignesauto.fr\/wp-content\/uploads\/2024\/10\/P70_102-768x412.jpg 768w, https:\/\/lignesauto.fr\/wp-content\/uploads\/2024\/10\/P70_102.jpg 1417w\" sizes=\"(max-width: 1024px) 100vw, 1024px\" \/><\/figure>\n\n\n\n<p style=\"font-size:17px\">L\u2019ann\u00e9e suivante, c\u2019est un prototype 100% in\u00e9dit qui voit le jour&nbsp;: la WM P70 ci-dessus. Sa conception est novatrice et l\u2019engin a des proportions extraordinaires. Pour le situer, il est haut de seulement 86 centim\u00e8tres (!), soit la m\u00eame hauteur que le prototype de Marcello Gandini pr\u00e9sent\u00e9 la m\u00eame ann\u00e9e&nbsp;: la Stratos Z\u00e9ro de Bertone ci-dessous \u00e0 gauche.<\/p>\n\n\n\n<figure class=\"wp-block-image size-large\"><img loading=\"lazy\" decoding=\"async\" width=\"1024\" height=\"193\" src=\"https:\/\/lignesauto.fr\/wp-content\/uploads\/2024\/10\/P70_0909-1024x193.png\" alt=\"\" class=\"wp-image-35258\" srcset=\"https:\/\/lignesauto.fr\/wp-content\/uploads\/2024\/10\/P70_0909-1024x193.png 1024w, https:\/\/lignesauto.fr\/wp-content\/uploads\/2024\/10\/P70_0909-300x57.png 300w, https:\/\/lignesauto.fr\/wp-content\/uploads\/2024\/10\/P70_0909-768x145.png 768w, https:\/\/lignesauto.fr\/wp-content\/uploads\/2024\/10\/P70_0909.png 1417w\" sizes=\"(max-width: 1024px) 100vw, 1024px\" \/><\/figure>\n\n\n\n<p style=\"font-size:17px\">La WM P70 est un prototype tr\u00e8s compact avec une longueur de seulement 3,37 m et une largeur de 1,69 m. Son ch\u00e2ssis tubulaire re\u00e7oit une monocoque en composite coll\u00e9e et le \u00ab&nbsp;sponsor&nbsp;\u00bb Araldite qui habille ses flancs, ci-dessus, le confirme&nbsp;!<\/p>\n\n\n\n<figure class=\"wp-block-image size-large\"><img loading=\"lazy\" decoding=\"async\" width=\"1024\" height=\"774\" src=\"https:\/\/lignesauto.fr\/wp-content\/uploads\/2024\/10\/WM_10-1-1024x774.png\" alt=\"\" class=\"wp-image-35304\" srcset=\"https:\/\/lignesauto.fr\/wp-content\/uploads\/2024\/10\/WM_10-1-1024x774.png 1024w, https:\/\/lignesauto.fr\/wp-content\/uploads\/2024\/10\/WM_10-1-300x227.png 300w, https:\/\/lignesauto.fr\/wp-content\/uploads\/2024\/10\/WM_10-1-768x580.png 768w, https:\/\/lignesauto.fr\/wp-content\/uploads\/2024\/10\/WM_10-1.png 1417w\" sizes=\"(max-width: 1024px) 100vw, 1024px\" \/><\/figure>\n\n\n\n<p style=\"font-size:17px\">Sa conception in\u00e9dite fait de la WMP70 une voiture con\u00e7ue pour la performance &#8211; le pilote doit se satisfaire d\u2019avoir les fesses \u00e0 quelques millim\u00e8tres su bitume &#8211; et l\u2019a\u00e9rodynamique avec son arri\u00e8re tronqu\u00e9 participe de cette performance autant que son poids plume de 505 kg. Sans compter l\u2019\u00e9volution de la m\u00e9canique d\u2019une Peugeot 304 S port\u00e9e \u00e0 130 ch avec une bo\u00eete in\u00e9dite \u00e0 5 rapports.<\/p>\n\n\n\n<figure class=\"wp-block-image size-large\"><img loading=\"lazy\" decoding=\"async\" width=\"1024\" height=\"768\" src=\"https:\/\/lignesauto.fr\/wp-content\/uploads\/2024\/10\/WM_01-1024x768.jpg\" alt=\"\" class=\"wp-image-35296\" srcset=\"https:\/\/lignesauto.fr\/wp-content\/uploads\/2024\/10\/WM_01-1024x768.jpg 1024w, https:\/\/lignesauto.fr\/wp-content\/uploads\/2024\/10\/WM_01-300x225.jpg 300w, https:\/\/lignesauto.fr\/wp-content\/uploads\/2024\/10\/WM_01-768x576.jpg 768w, https:\/\/lignesauto.fr\/wp-content\/uploads\/2024\/10\/WM_01.jpg 1417w\" sizes=\"(max-width: 1024px) 100vw, 1024px\" \/><\/figure>\n\n\n\n<p style=\"font-size:17px\">La WMP70 a effectu\u00e9 de nombreuses sorties en comp\u00e9tition, notamment sur le circuit de Montlh\u00e9ry o\u00f9 vous allez pouvoir d\u00e9couvrir cette voiture int\u00e9gralement reconstruite \u00e0 l\u2019identique ce week-end (12-13 octobre <a href=\"https:\/\/festival-centenaire-autodrome-linas-montlhery.eventmaker.io\/fr\/\">https:\/\/festival-centenaire-autodrome-linas-montlhery.eventmaker.io\/fr\/<\/a> )<\/p>\n\n\n\n<figure class=\"wp-block-image size-large\"><img loading=\"lazy\" decoding=\"async\" width=\"1024\" height=\"465\" src=\"https:\/\/lignesauto.fr\/wp-content\/uploads\/2024\/10\/P70_100-1024x465.png\" alt=\"\" class=\"wp-image-35266\" srcset=\"https:\/\/lignesauto.fr\/wp-content\/uploads\/2024\/10\/P70_100-1024x465.png 1024w, https:\/\/lignesauto.fr\/wp-content\/uploads\/2024\/10\/P70_100-300x136.png 300w, https:\/\/lignesauto.fr\/wp-content\/uploads\/2024\/10\/P70_100-768x349.png 768w, https:\/\/lignesauto.fr\/wp-content\/uploads\/2024\/10\/P70_100.png 1417w\" sizes=\"(max-width: 1024px) 100vw, 1024px\" \/><\/figure>\n\n\n\n<p style=\"font-size:17px\">Reconstruite, mais comment&nbsp;? En restaurant l\u2019originale&nbsp;? Non, car le prototype de 1970 n\u2019existe plus. Il a donc fallu passer dans un premier temps par l\u2019\u00e9tape du \u00ab&nbsp;reverse ingeneering&nbsp;\u00bb, c\u2019est-\u00e0-dire de reconstruire, \u00e9tape par \u00e9tape, la voiture en num\u00e9rique d\u2019apr\u00e8s les photos existantes et surtout, d\u2019apr\u00e8s les fiches techniques qui d\u00e9crivaient pr\u00e9cis\u00e9ment la d\u00e9finition de la voiture ainsi que ses composants. Un travail de titan&#8230;<\/p>\n\n\n\n<figure class=\"wp-block-image size-large\"><img loading=\"lazy\" decoding=\"async\" width=\"1024\" height=\"519\" src=\"https:\/\/lignesauto.fr\/wp-content\/uploads\/2024\/10\/P70_1000-1024x519.png\" alt=\"\" class=\"wp-image-35268\" srcset=\"https:\/\/lignesauto.fr\/wp-content\/uploads\/2024\/10\/P70_1000-1024x519.png 1024w, https:\/\/lignesauto.fr\/wp-content\/uploads\/2024\/10\/P70_1000-300x152.png 300w, https:\/\/lignesauto.fr\/wp-content\/uploads\/2024\/10\/P70_1000-768x389.png 768w, https:\/\/lignesauto.fr\/wp-content\/uploads\/2024\/10\/P70_1000.png 1417w\" sizes=\"(max-width: 1024px) 100vw, 1024px\" \/><figcaption class=\"wp-element-caption\">Le travail de peinture (et avant \u00e7a, celui de pon\u00e7age, d&#8217;appr\u00eat, etc.) a permis de restituer les couleurs d&#8217;origine de la WM P70 lors de sa pr\u00e9sentation en 1970, voici 54 ans. <\/figcaption><\/figure>\n\n\n\n<p style=\"font-size:17px\">Il ne s\u2019agissait pas seulement de r\u00e9aliser la carrosserie en 3D, mais de num\u00e9riser l\u2019int\u00e9gralit\u00e9 des pi\u00e8ces, leur positionnement et leur ajustement dans leur environnement (notamment au niveau du compartiment moteur&#8230;) afin de rendre possible leur montage comme en 1970.&nbsp; C\u2019est sans doute l\u2019une des plus grandes fiert\u00e9s de l\u2019\u00e9quipe WMH&nbsp;: celle d\u2019avoir reconstruit la WM P70 \u00e0 l\u2019identique&nbsp;!<\/p>\n\n\n\n<figure class=\"wp-block-image size-large\"><img loading=\"lazy\" decoding=\"async\" width=\"1024\" height=\"897\" src=\"https:\/\/lignesauto.fr\/wp-content\/uploads\/2024\/10\/WM_07-1024x897.png\" alt=\"\" class=\"wp-image-35291\" srcset=\"https:\/\/lignesauto.fr\/wp-content\/uploads\/2024\/10\/WM_07-1024x897.png 1024w, https:\/\/lignesauto.fr\/wp-content\/uploads\/2024\/10\/WM_07-300x263.png 300w, https:\/\/lignesauto.fr\/wp-content\/uploads\/2024\/10\/WM_07-768x673.png 768w, https:\/\/lignesauto.fr\/wp-content\/uploads\/2024\/10\/WM_07.png 1417w\" sizes=\"(max-width: 1024px) 100vw, 1024px\" \/><figcaption class=\"wp-element-caption\">Les persiennes sur le petit capot moteur ont n\u00e9cessit\u00e9 elles aussi une \u00e9tude num\u00e9rique et elles sont fid\u00e8les \u00e0 celles du prototype de 1970 : nombre de stries et leur couleur bleut\u00e9e !<\/figcaption><\/figure>\n\n\n\n<p style=\"font-size:17px\">Pour le reste, le prototype de 2024 a retrouv\u00e9 corps gr\u00e2ce \u00e0 une \u00e9quipe qui a \u0153uvr\u00e9 comme G\u00e9rard Welter et Michel Meunier l\u2019avaient fait voici plus d\u2019un demi-si\u00e8cle&nbsp;: avec de nombreux sacrifices et un but ultime, redonner vie \u00e0 ce prototype&nbsp;en m\u00e9moire de G\u00e9rard Welter et Michel Meunier. Ces deux-l\u00e0, o\u00f9 qu\u2019ils soient, seront fiers du travail accompli.<\/p>\n\n\n\n<figure class=\"wp-block-image size-large\"><img loading=\"lazy\" decoding=\"async\" width=\"1024\" height=\"768\" src=\"https:\/\/lignesauto.fr\/wp-content\/uploads\/2024\/10\/P70_18-1024x768.jpg\" alt=\"\" class=\"wp-image-35271\" srcset=\"https:\/\/lignesauto.fr\/wp-content\/uploads\/2024\/10\/P70_18-1024x768.jpg 1024w, https:\/\/lignesauto.fr\/wp-content\/uploads\/2024\/10\/P70_18-300x225.jpg 300w, https:\/\/lignesauto.fr\/wp-content\/uploads\/2024\/10\/P70_18-768x576.jpg 768w, https:\/\/lignesauto.fr\/wp-content\/uploads\/2024\/10\/P70_18.jpg 1417w\" sizes=\"(max-width: 1024px) 100vw, 1024px\" \/><figcaption class=\"wp-element-caption\">Une poign\u00e9e de techniciens et ing\u00e9nieurs connait sur le bout des doigts chaque pi\u00e8ce du puzzle qu&#8217;il a fallu assembler pour que la WM P70 respire \u00e0 nouveau ! <\/figcaption><\/figure>\n\n\n\n<p style=\"font-size:17px\">On ne peut \u00eatre effectivement qu\u2019admiratif devant ce long p\u00e9riple de pr\u00e8s de cinq ann\u00e9es&nbsp;! La WM P70 est aujourd\u2019hui pr\u00eate et sera visible \u00e0 l\u2019occasion du centenaire du circuit de Montlh\u00e9ry. L\u2019aventure ne s\u2019arr\u00eatera pas l\u00e0 puisque ce prototype reconstruit \u00e0 l\u2019identique devrait \u00eatre engag\u00e9 dans certaines comp\u00e9titions historiques, notamment le Tour Auto auquel l\u2019originale a particip\u00e9 mais aussi Le Mans Classic. Voil\u00e0 les objectifs d\u00e9sormais ! Il va donc de nouveau \u00eatre question de r\u00e9gler le r\u00e9veil tr\u00e8s t\u00f4t certains (nombreux) matins&#8230;<\/p>\n\n\n\n<figure class=\"wp-block-image size-large\"><img loading=\"lazy\" decoding=\"async\" width=\"796\" height=\"1024\" src=\"https:\/\/lignesauto.fr\/wp-content\/uploads\/2024\/10\/P70_0907-796x1024.png\" alt=\"\" class=\"wp-image-35272\" srcset=\"https:\/\/lignesauto.fr\/wp-content\/uploads\/2024\/10\/P70_0907-796x1024.png 796w, https:\/\/lignesauto.fr\/wp-content\/uploads\/2024\/10\/P70_0907-233x300.png 233w, https:\/\/lignesauto.fr\/wp-content\/uploads\/2024\/10\/P70_0907-768x988.png 768w, https:\/\/lignesauto.fr\/wp-content\/uploads\/2024\/10\/P70_0907-1194x1536.png 1194w, https:\/\/lignesauto.fr\/wp-content\/uploads\/2024\/10\/P70_0907.png 1417w\" sizes=\"(max-width: 796px) 100vw, 796px\" \/><\/figure>\n\n\n\n<p><strong>Retrouvez la premi\u00e8re \u00e9tape de la reconstruction de la WM P70 d\u00e9voil\u00e9e au salon R\u00e9tromobile 2024&nbsp;: <\/strong><a href=\"https:\/\/lignesauto.fr\/?p=32167\"><strong>https:\/\/lignesauto.fr\/?p=32167<\/strong><\/a><\/p>\n\n\n\n<figure class=\"wp-block-image size-large\"><img loading=\"lazy\" decoding=\"async\" width=\"1024\" height=\"392\" src=\"https:\/\/lignesauto.fr\/wp-content\/uploads\/2024\/10\/P70_666-1024x392.png\" alt=\"\" class=\"wp-image-35274\" srcset=\"https:\/\/lignesauto.fr\/wp-content\/uploads\/2024\/10\/P70_666-1024x392.png 1024w, https:\/\/lignesauto.fr\/wp-content\/uploads\/2024\/10\/P70_666-300x115.png 300w, https:\/\/lignesauto.fr\/wp-content\/uploads\/2024\/10\/P70_666-768x294.png 768w, https:\/\/lignesauto.fr\/wp-content\/uploads\/2024\/10\/P70_666.png 1417w\" sizes=\"(max-width: 1024px) 100vw, 1024px\" \/><figcaption class=\"wp-element-caption\">On a parfois du mal \u00e0 imaginer TOUT ce qu&#8217;il faut concevoir, ex\u00e9cuter et finaliser pour rendre vie \u00e0 la WM P70 de 1970, comme ici le rev\u00eatement \u00e0 l&#8217;identique, de ce qui fait office de &#8220;planche de bord&#8221; !<\/figcaption><\/figure>\n\n\n\n<figure class=\"wp-block-image size-large\"><img loading=\"lazy\" decoding=\"async\" width=\"1024\" height=\"768\" src=\"https:\/\/lignesauto.fr\/wp-content\/uploads\/2024\/10\/WM_02-1024x768.jpg\" alt=\"\" class=\"wp-image-35294\" srcset=\"https:\/\/lignesauto.fr\/wp-content\/uploads\/2024\/10\/WM_02-1024x768.jpg 1024w, https:\/\/lignesauto.fr\/wp-content\/uploads\/2024\/10\/WM_02-300x225.jpg 300w, https:\/\/lignesauto.fr\/wp-content\/uploads\/2024\/10\/WM_02-768x576.jpg 768w, https:\/\/lignesauto.fr\/wp-content\/uploads\/2024\/10\/WM_02.jpg 1417w\" sizes=\"(max-width: 1024px) 100vw, 1024px\" \/><figcaption class=\"wp-element-caption\">Tous les sens du d\u00e9tail s\u2019expriment avec fid\u00e9lit\u00e9, comme ici le bouchon d\u2019alimentation du r\u00e9servoir de la marque Le Bozec, encore une fois fid\u00e8le \u00e0 original : l&#8217;\u00e9quipe de G\u00e9rard Welter et Michel Meunier avait choisi le m\u00eame que celui qu&#8217;on trouve sur les Fouga CM.170 Magister !<\/figcaption><\/figure>\n\n\n\n<figure class=\"wp-block-image size-large\"><img loading=\"lazy\" decoding=\"async\" width=\"1024\" height=\"593\" src=\"https:\/\/lignesauto.fr\/wp-content\/uploads\/2024\/10\/P70_090909-1024x593.png\" alt=\"\" class=\"wp-image-35280\" srcset=\"https:\/\/lignesauto.fr\/wp-content\/uploads\/2024\/10\/P70_090909-1024x593.png 1024w, https:\/\/lignesauto.fr\/wp-content\/uploads\/2024\/10\/P70_090909-300x174.png 300w, https:\/\/lignesauto.fr\/wp-content\/uploads\/2024\/10\/P70_090909-768x444.png 768w, https:\/\/lignesauto.fr\/wp-content\/uploads\/2024\/10\/P70_090909.png 1417w\" sizes=\"(max-width: 1024px) 100vw, 1024px\" \/><\/figure>\n\n\n\n<p style=\"font-size:17px\">Le reportage photos effectu\u00e9 par l&#8217;\u00e9quipe WMH a \u00e9t\u00e9 r\u00e9alis\u00e9 avant la finalisation du prototype. Mais tout est pr\u00e9vu pour rendre \u00e0 la WM P70 sa tenue originelle : les num\u00e9ros 77, en r\u00e9f\u00e9rence au d\u00e9partement o\u00f9 se situait les bases de l&#8217;\u00e9quipe WM, sont pr\u00eats (ci-dessus) \u00e0 \u00eatre pos\u00e9s ainsi que le nom de l&#8217;un des pilotes, Philippe de Souza.<\/p>\n\n\n\n<figure class=\"wp-block-image size-large\"><img loading=\"lazy\" decoding=\"async\" width=\"1000\" height=\"1024\" src=\"https:\/\/lignesauto.fr\/wp-content\/uploads\/2024\/10\/P70_001-1000x1024.png\" alt=\"\" class=\"wp-image-35261\" srcset=\"https:\/\/lignesauto.fr\/wp-content\/uploads\/2024\/10\/P70_001-1000x1024.png 1000w, https:\/\/lignesauto.fr\/wp-content\/uploads\/2024\/10\/P70_001-293x300.png 293w, https:\/\/lignesauto.fr\/wp-content\/uploads\/2024\/10\/P70_001-768x786.png 768w, https:\/\/lignesauto.fr\/wp-content\/uploads\/2024\/10\/P70_001.png 1417w\" sizes=\"(max-width: 1000px) 100vw, 1000px\" \/><figcaption class=\"wp-element-caption\">Sans aucun doute, le &#8220;boss&#8221; G\u00e9rard Welter (1942-2018) serait fier du boulot r\u00e9alis\u00e9 par l&#8217;association WMH.<\/figcaption><\/figure>\n\n\n\n<p style=\"font-size:18px\"><strong>La carri\u00e8re de G\u00e9rard Welter et la renaissance de la WM P70 en images ci-dessous (vid\u00e9o)<\/strong><\/p>\n\n\n\n<figure class=\"wp-block-embed is-type-video is-provider-youtube wp-block-embed-youtube wp-embed-aspect-16-9 wp-has-aspect-ratio\"><div class=\"wp-block-embed__wrapper\">\n<iframe loading=\"lazy\" title=\"Une carri\u00e8re en image : Ge\u0301rard Welter (1942-2018)\" width=\"640\" height=\"360\" src=\"https:\/\/www.youtube.com\/embed\/XG-LoGsDWtk?feature=oembed\" frameborder=\"0\" allow=\"accelerometer; autoplay; clipboard-write; encrypted-media; gyroscope; picture-in-picture; web-share\" referrerpolicy=\"strict-origin-when-cross-origin\" allowfullscreen><\/iframe>\n<\/div><\/figure>\n\n\n\n<figure class=\"wp-block-image size-large\"><img loading=\"lazy\" decoding=\"async\" width=\"1024\" height=\"876\" src=\"https:\/\/lignesauto.fr\/wp-content\/uploads\/2024\/10\/WM_100-1024x876.png\" alt=\"\" class=\"wp-image-35310\" srcset=\"https:\/\/lignesauto.fr\/wp-content\/uploads\/2024\/10\/WM_100-1024x876.png 1024w, https:\/\/lignesauto.fr\/wp-content\/uploads\/2024\/10\/WM_100-300x257.png 300w, https:\/\/lignesauto.fr\/wp-content\/uploads\/2024\/10\/WM_100-768x657.png 768w, https:\/\/lignesauto.fr\/wp-content\/uploads\/2024\/10\/WM_100.png 1417w\" sizes=\"(max-width: 1024px) 100vw, 1024px\" \/><\/figure>\n\n\n\n<p>ORHES RACING, avec Salim Bouziane \u00e0 sa t\u00eate, se passionne pour ce projet et a fait profiter WMH de ses locaux et installations. Ses \u00e9quipes, notamment Fran\u00e7ois, Jos\u00e9 et Alex, ont \u00e9t\u00e9 d\u2019une aide pr\u00e9cieuse dans le domaine moteur et dans le cadre de la finition et de la peinture de la carrosserie. Ce projet a pu \u00eatre men\u00e9 gr\u00e2ce aux partenaires ci-dessus mais aussi gr\u00e2ce aux donateurs et aides personnelles qui se sont manifest\u00e9es concr\u00e8tement, et ce, jusqu\u2019en Hollande.<\/p>\n\n\n<div class=\"wp-block-image\">\n<figure class=\"aligncenter size-full is-resized\"><img loading=\"lazy\" decoding=\"async\" width=\"1024\" height=\"367\" src=\"http:\/\/lignesauto.fr\/wp-content\/uploads\/2024\/10\/image.png\" alt=\"\" class=\"wp-image-35007\" style=\"width:413px;height:auto\" srcset=\"https:\/\/lignesauto.fr\/wp-content\/uploads\/2024\/10\/image.png 1024w, https:\/\/lignesauto.fr\/wp-content\/uploads\/2024\/10\/image-300x108.png 300w, https:\/\/lignesauto.fr\/wp-content\/uploads\/2024\/10\/image-768x275.png 768w\" sizes=\"(max-width: 1024px) 100vw, 1024px\" \/><\/figure><\/div>","protected":false},"excerpt":{"rendered":"<p>Qu\u2019avez-vous fait de vos vacances&nbsp;? Chez WMH, l\u2019association WM Historique qui s\u2019est mis en t\u00eate le 9 juillet 2019 de reconstruire le premier prototype du duo Welter-Meunier datant de 1970, les vacances ont \u00e9t\u00e9 tr\u00e8s studieuses&nbsp;! La cr\u00e9ation de l&#8217;association WMH a suivi d\u00e8s le mois de septembre 2019 pour [&hellip;]<\/p>\n","protected":false},"author":1,"featured_media":35302,"comment_status":"closed","ping_status":"closed","sticky":false,"template":"","format":"standard","meta":{"footnotes":""},"categories":[1],"tags":[],"_links":{"self":[{"href":"https:\/\/lignesauto.fr\/index.php?rest_route=\/wp\/v2\/posts\/35244"}],"collection":[{"href":"https:\/\/lignesauto.fr\/index.php?rest_route=\/wp\/v2\/posts"}],"about":[{"href":"https:\/\/lignesauto.fr\/index.php?rest_route=\/wp\/v2\/types\/post"}],"author":[{"embeddable":true,"href":"https:\/\/lignesauto.fr\/index.php?rest_route=\/wp\/v2\/users\/1"}],"replies":[{"embeddable":true,"href":"https:\/\/lignesauto.fr\/index.php?rest_route=%2Fwp%2Fv2%2Fcomments&post=35244"}],"version-history":[{"count":61,"href":"https:\/\/lignesauto.fr\/index.php?rest_route=\/wp\/v2\/posts\/35244\/revisions"}],"predecessor-version":[{"id":35344,"href":"https:\/\/lignesauto.fr\/index.php?rest_route=\/wp\/v2\/posts\/35244\/revisions\/35344"}],"wp:featuredmedia":[{"embeddable":true,"href":"https:\/\/lignesauto.fr\/index.php?rest_route=\/wp\/v2\/media\/35302"}],"wp:attachment":[{"href":"https:\/\/lignesauto.fr\/index.php?rest_route=%2Fwp%2Fv2%2Fmedia&parent=35244"}],"wp:term":[{"taxonomy":"category","embeddable":true,"href":"https:\/\/lignesauto.fr\/index.php?rest_route=%2Fwp%2Fv2%2Fcategories&post=35244"},{"taxonomy":"post_tag","embeddable":true,"href":"https:\/\/lignesauto.fr\/index.php?rest_route=%2Fwp%2Fv2%2Ftags&post=35244"}],"curies":[{"name":"wp","href":"https:\/\/api.w.org\/{rel}","templated":true}]}}