{"id":35456,"date":"2024-10-11T09:00:00","date_gmt":"2024-10-11T07:00:00","guid":{"rendered":"https:\/\/lignesauto.fr\/?p=35456"},"modified":"2024-10-11T09:01:58","modified_gmt":"2024-10-11T07:01:58","slug":"the-refreshing-alpine-a390-%ce%b2-reveals-its-secrets","status":"publish","type":"post","link":"https:\/\/lignesauto.fr\/?p=35456","title":{"rendered":"The refreshing Alpine A390-\u03b2 reveals its secrets"},"content":{"rendered":"<div class=\"wp-block-image\">\n<figure class=\"aligncenter size-full is-resized\"><img loading=\"lazy\" decoding=\"async\" width=\"1024\" height=\"367\" src=\"http:\/\/lignesauto.fr\/wp-content\/uploads\/2024\/10\/image.png\" alt=\"\" class=\"wp-image-35007\" style=\"width:500px;height:auto\" srcset=\"https:\/\/lignesauto.fr\/wp-content\/uploads\/2024\/10\/image.png 1024w, https:\/\/lignesauto.fr\/wp-content\/uploads\/2024\/10\/image-300x108.png 300w, https:\/\/lignesauto.fr\/wp-content\/uploads\/2024\/10\/image-768x275.png 768w\" sizes=\"(max-width: 1024px) 100vw, 1024px\" \/><\/figure><\/div>\n\n\n<figure class=\"wp-block-embed is-type-video is-provider-youtube wp-block-embed-youtube wp-embed-aspect-16-9 wp-has-aspect-ratio\"><div class=\"wp-block-embed__wrapper\">\n<iframe loading=\"lazy\" title=\"CONCEPT-CAR ALPINE A390 vu par LIGNES\/auto\" width=\"640\" height=\"360\" src=\"https:\/\/www.youtube.com\/embed\/bJmqduk4iDo?feature=oembed\" frameborder=\"0\" allow=\"accelerometer; autoplay; clipboard-write; encrypted-media; gyroscope; picture-in-picture; web-share\" referrerpolicy=\"strict-origin-when-cross-origin\" allowfullscreen><\/iframe>\n<\/div><\/figure>\n\n\n\n<p>This is it! Alpine has unveiled 85% of its future 5-seater sports crossover, which will go on sale in 2025. The A390 of tomorrow appears in this concept car, with an exterior almost identical to the future production model, and a forward-looking interior in which, as one of the designers writes on board, \u2018 <em>nothing is symmetrical!<\/em> <\/p>\n\n\n\n<figure class=\"wp-block-image size-large\"><img loading=\"lazy\" decoding=\"async\" width=\"1024\" height=\"541\" src=\"https:\/\/lignesauto.fr\/wp-content\/uploads\/2024\/10\/ALPINE_15-1024x541.png\" alt=\"\" class=\"wp-image-35408\" srcset=\"https:\/\/lignesauto.fr\/wp-content\/uploads\/2024\/10\/ALPINE_15-1024x541.png 1024w, https:\/\/lignesauto.fr\/wp-content\/uploads\/2024\/10\/ALPINE_15-300x158.png 300w, https:\/\/lignesauto.fr\/wp-content\/uploads\/2024\/10\/ALPINE_15-768x405.png 768w, https:\/\/lignesauto.fr\/wp-content\/uploads\/2024\/10\/ALPINE_15.png 1417w\" sizes=\"(max-width: 1024px) 100vw, 1024px\" \/><\/figure>\n\n\n\n<p style=\"font-size:17px\">Sporty, we ask? The manufacturer says so, explaining that the production A390 is \u2018 <em>designed for everyday use, but is capable of being transformed into a racing beast like the iconic A110<\/em> \u2019.<\/p>\n\n\n\n<figure class=\"wp-block-image size-large\"><img loading=\"lazy\" decoding=\"async\" width=\"1024\" height=\"799\" src=\"https:\/\/lignesauto.fr\/wp-content\/uploads\/2024\/10\/ALPINE_04-1024x799.png\" alt=\"\" class=\"wp-image-35393\" srcset=\"https:\/\/lignesauto.fr\/wp-content\/uploads\/2024\/10\/ALPINE_04-1024x799.png 1024w, https:\/\/lignesauto.fr\/wp-content\/uploads\/2024\/10\/ALPINE_04-300x234.png 300w, https:\/\/lignesauto.fr\/wp-content\/uploads\/2024\/10\/ALPINE_04-768x599.png 768w, https:\/\/lignesauto.fr\/wp-content\/uploads\/2024\/10\/ALPINE_04.png 1417w\" sizes=\"(max-width: 1024px) 100vw, 1024px\" \/><\/figure>\n\n\n\n<p style=\"font-size:17px\">The A110, like a Phoenix shaking the embers of its rebirth in 2017, has since carved out a fine reputation. But it&#8217;s now entering the home straight, the end of its life, before being renewed in 2027 with two all-electric variants: a coup\u00e9 and a cabriolet. It will inaugurate the new APP platform which will officially be inherited by the future 4-seater A310 (longer, below) in 2028.<\/p>\n\n\n\n<figure class=\"wp-block-image size-large\"><img loading=\"lazy\" decoding=\"async\" width=\"1024\" height=\"544\" src=\"http:\/\/lignesauto.fr\/wp-content\/uploads\/2024\/01\/ALPINE_06-1024x544.png\" alt=\"\" class=\"wp-image-31643\" srcset=\"https:\/\/lignesauto.fr\/wp-content\/uploads\/2024\/01\/ALPINE_06-1024x544.png 1024w, https:\/\/lignesauto.fr\/wp-content\/uploads\/2024\/01\/ALPINE_06-300x159.png 300w, https:\/\/lignesauto.fr\/wp-content\/uploads\/2024\/01\/ALPINE_06-768x408.png 768w, https:\/\/lignesauto.fr\/wp-content\/uploads\/2024\/01\/ALPINE_06.png 1417w\" sizes=\"(max-width: 1024px) 100vw, 1024px\" \/><\/figure>\n\n\n\n<p style=\"font-size:17px\">In 1968, I was seven years old and one of my father&#8217;s friends drove a yellow A110. All I remember about it is the smell of glue, and I didn&#8217;t think it smelled as good as the almond glue in my schoolbag. I thought the A110 was a giant, roomy car, and it was only much later that I realised that it was my childish eyes that thought it was \u2018giant\u2019. Because the A110 is a tiny two-seater that will perpetuate the myth for eternity when it arrives with its &#8211; or its? &#8211; electric motor(s) in 2027.<\/p>\n\n\n\n<figure class=\"wp-block-image size-large\"><img loading=\"lazy\" decoding=\"async\" width=\"1024\" height=\"752\" src=\"https:\/\/lignesauto.fr\/wp-content\/uploads\/2024\/10\/ALPINE_05-1024x752.png\" alt=\"\" class=\"wp-image-35407\" srcset=\"https:\/\/lignesauto.fr\/wp-content\/uploads\/2024\/10\/ALPINE_05-1024x752.png 1024w, https:\/\/lignesauto.fr\/wp-content\/uploads\/2024\/10\/ALPINE_05-300x220.png 300w, https:\/\/lignesauto.fr\/wp-content\/uploads\/2024\/10\/ALPINE_05-768x564.png 768w, https:\/\/lignesauto.fr\/wp-content\/uploads\/2024\/10\/ALPINE_05.png 1417w\" sizes=\"(max-width: 1024px) 100vw, 1024px\" \/><\/figure>\n\n\n\n<p style=\"font-size:17px\">Yes, we have to stop denying it: Alpine will only produce electric cars with the future A110, A310 and the next A390, most of which is unveiled here. In 2021, with the <em>Renaulution<\/em>, Luca de Meo&#8217;s speech was well understood. To everyone&#8217;s surprise, Alpine landed on the podium of the Group&#8217;s three brands, alongside Renault and Dacia. But the counterpart was to anchor Alpine in a future that we can still imagine today as 100% electric.<\/p>\n\n\n\n<figure class=\"wp-block-image size-large\"><img loading=\"lazy\" decoding=\"async\" width=\"1024\" height=\"759\" src=\"https:\/\/lignesauto.fr\/wp-content\/uploads\/2024\/10\/ALPINE_03-1024x759.png\" alt=\"\" class=\"wp-image-35406\" srcset=\"https:\/\/lignesauto.fr\/wp-content\/uploads\/2024\/10\/ALPINE_03-1024x759.png 1024w, https:\/\/lignesauto.fr\/wp-content\/uploads\/2024\/10\/ALPINE_03-300x222.png 300w, https:\/\/lignesauto.fr\/wp-content\/uploads\/2024\/10\/ALPINE_03-768x569.png 768w, https:\/\/lignesauto.fr\/wp-content\/uploads\/2024\/10\/ALPINE_03.png 1417w\" sizes=\"(max-width: 1024px) 100vw, 1024px\" \/><\/figure>\n\n\n\n<p style=\"font-size:17px\">For Renault and Dacia, this maxim is not the only one, since it coexists with hybridisation, and for Alpine, the product plan is moving at high speed towards all-electricity&#8230; but behind the scenes it does not overlook a possible internal combustion engine powered by hydrogen. The production A390 is based on the AmpR Medium platform used in the Sc\u00e9nic and Megane, but has been \u2018 <em>extensively reworked<\/em> \u2019, according to the manufacturer.<\/p>\n\n\n\n<figure class=\"wp-block-image size-large\"><img loading=\"lazy\" decoding=\"async\" width=\"1024\" height=\"502\" src=\"https:\/\/lignesauto.fr\/wp-content\/uploads\/2024\/10\/ALPINE_10-1024x502.png\" alt=\"\" class=\"wp-image-35378\" srcset=\"https:\/\/lignesauto.fr\/wp-content\/uploads\/2024\/10\/ALPINE_10-1024x502.png 1024w, https:\/\/lignesauto.fr\/wp-content\/uploads\/2024\/10\/ALPINE_10-300x147.png 300w, https:\/\/lignesauto.fr\/wp-content\/uploads\/2024\/10\/ALPINE_10-768x377.png 768w, https:\/\/lignesauto.fr\/wp-content\/uploads\/2024\/10\/ALPINE_10.png 1417w\" sizes=\"(max-width: 1024px) 100vw, 1024px\" \/><\/figure>\n\n\n\n<p style=\"font-size:17px\">What about the design of this A390? Don&#8217;t call it an SUV, because it&#8217;s not. In terms of architecture, it&#8217;s far from it. Rather than calling it a crossover, Alpine has chosen to call it a Sport Fastback. SF, as in Science Fiction. But this is almost reality. And in the end, we are very impressed by the ability of the designers &#8211; led by Antony Villain &#8211; to integrate some of the A110&#8217;s codes into the design of this \u201cgreat\u201d 5-seater sports car. And don&#8217;t bark at those who think &#8211; and they have every right to do so &#8211; that \u2018 <em>the A390 has nothing to do with a real Alpine<\/em> \u2019: without it and its future products, the brand could not survive.<\/p>\n\n\n\n<figure class=\"wp-block-image size-large\"><img loading=\"lazy\" decoding=\"async\" width=\"1024\" height=\"689\" src=\"https:\/\/lignesauto.fr\/wp-content\/uploads\/2024\/10\/ALPINE_17_BIS-1024x689.png\" alt=\"\" class=\"wp-image-35380\" srcset=\"https:\/\/lignesauto.fr\/wp-content\/uploads\/2024\/10\/ALPINE_17_BIS-1024x689.png 1024w, https:\/\/lignesauto.fr\/wp-content\/uploads\/2024\/10\/ALPINE_17_BIS-300x202.png 300w, https:\/\/lignesauto.fr\/wp-content\/uploads\/2024\/10\/ALPINE_17_BIS-768x517.png 768w, https:\/\/lignesauto.fr\/wp-content\/uploads\/2024\/10\/ALPINE_17_BIS.png 1417w\" sizes=\"(max-width: 1024px) 100vw, 1024px\" \/><\/figure>\n\n\n\n<p style=\"font-size:17px\">The A110&#8217;s design cues are most evident at the rear, between the flanks and the start of the boot lid curves. The whole is supported by a very dynamic C-pillar above the rear wheel arch. Don&#8217;t put words in my mouth: the A390 is not a big A110. That&#8217;s not its role. But the unprecedented task of creating a new Alpine \u2018family sports car\u2019 was not a foregone conclusion. At LIGNES\/auto, we really like it because it&#8217;s refreshing!<\/p>\n\n\n\n<figure class=\"wp-block-image size-large\"><img loading=\"lazy\" decoding=\"async\" width=\"1024\" height=\"580\" src=\"https:\/\/lignesauto.fr\/wp-content\/uploads\/2024\/10\/ALPINE_06-1024x580.png\" alt=\"\" class=\"wp-image-35386\" srcset=\"https:\/\/lignesauto.fr\/wp-content\/uploads\/2024\/10\/ALPINE_06-1024x580.png 1024w, https:\/\/lignesauto.fr\/wp-content\/uploads\/2024\/10\/ALPINE_06-300x170.png 300w, https:\/\/lignesauto.fr\/wp-content\/uploads\/2024\/10\/ALPINE_06-768x435.png 768w, https:\/\/lignesauto.fr\/wp-content\/uploads\/2024\/10\/ALPINE_06.png 1417w\" sizes=\"(max-width: 1024px) 100vw, 1024px\" \/><\/figure>\n\n\n\n<p style=\"font-size:17px\">The Alpine brand was named by Jean R\u00e9d\u00e9l\u00e9 in honour of the Alps, and snow and snowflakes serve as a common thread running through the exterior and interior design. An obvious feature of the A390&#8217;s volume is that its upper cabin area is treated like a glass bubble, above. With so much light, you&#8217;d think you were inside a snow globe, ready to gaze at the mountains. Don&#8217;t shake me too much, I&#8217;ve got a text to finish\u2026<\/p>\n\n\n\n<figure class=\"wp-block-image size-large\"><img loading=\"lazy\" decoding=\"async\" width=\"1024\" height=\"669\" src=\"https:\/\/lignesauto.fr\/wp-content\/uploads\/2024\/10\/ALPINE_999-1024x669.png\" alt=\"\" class=\"wp-image-35446\" srcset=\"https:\/\/lignesauto.fr\/wp-content\/uploads\/2024\/10\/ALPINE_999-1024x669.png 1024w, https:\/\/lignesauto.fr\/wp-content\/uploads\/2024\/10\/ALPINE_999-300x196.png 300w, https:\/\/lignesauto.fr\/wp-content\/uploads\/2024\/10\/ALPINE_999-768x502.png 768w, https:\/\/lignesauto.fr\/wp-content\/uploads\/2024\/10\/ALPINE_999.png 1417w\" sizes=\"(max-width: 1024px) 100vw, 1024px\" \/><\/figure>\n\n\n\n<p style=\"font-size:17px\">Although we still don&#8217;t know how the production vehicle will be treated in this respect, the solution of this upper bubble literally puts the machine on its wheels, with a blue body mass &#8211; the new Secular Blue colour &#8211; that appears lighter all of a sudden. No, the A390 is not an SUV.<\/p>\n\n\n\n<figure class=\"wp-block-image size-large\"><img loading=\"lazy\" decoding=\"async\" width=\"1024\" height=\"525\" src=\"https:\/\/lignesauto.fr\/wp-content\/uploads\/2024\/10\/ALPINE_14-1024x525.png\" alt=\"\" class=\"wp-image-35388\" srcset=\"https:\/\/lignesauto.fr\/wp-content\/uploads\/2024\/10\/ALPINE_14-1024x525.png 1024w, https:\/\/lignesauto.fr\/wp-content\/uploads\/2024\/10\/ALPINE_14-300x154.png 300w, https:\/\/lignesauto.fr\/wp-content\/uploads\/2024\/10\/ALPINE_14-768x393.png 768w, https:\/\/lignesauto.fr\/wp-content\/uploads\/2024\/10\/ALPINE_14.png 1417w\" sizes=\"(max-width: 1024px) 100vw, 1024px\" \/><\/figure>\n\n\n\n<p style=\"font-size:17px\">The rear of the car above features a light signature incorporating three elements: a band interspersed with the Alpine name, around thirty triangular light points on either side of the bumper (Alpine calls them Cosmic Dust) and finally, aerodynamic elements that are also finely illuminated.<\/p>\n\n\n\n<figure class=\"wp-block-image size-large\"><img loading=\"lazy\" decoding=\"async\" width=\"1024\" height=\"495\" src=\"https:\/\/lignesauto.fr\/wp-content\/uploads\/2024\/10\/ALPINE_99-bis-1024x495.png\" alt=\"\" class=\"wp-image-35390\" srcset=\"https:\/\/lignesauto.fr\/wp-content\/uploads\/2024\/10\/ALPINE_99-bis-1024x495.png 1024w, https:\/\/lignesauto.fr\/wp-content\/uploads\/2024\/10\/ALPINE_99-bis-300x145.png 300w, https:\/\/lignesauto.fr\/wp-content\/uploads\/2024\/10\/ALPINE_99-bis-768x371.png 768w, https:\/\/lignesauto.fr\/wp-content\/uploads\/2024\/10\/ALPINE_99-bis.png 1417w\" sizes=\"(max-width: 1024px) 100vw, 1024px\" \/><\/figure>\n\n\n\n<p style=\"font-size:17px\">The lower spoiler above can be extended backwards by eight centimetres, taking the light bar with it. This principle is immediately reminiscent of the 2020 Renault Morphoz concept car below, designed by the team of Fran\u00e7ois Leboine, now head of Fiat design.<\/p>\n\n\n\n<figure class=\"wp-block-image size-large\"><img loading=\"lazy\" decoding=\"async\" width=\"1024\" height=\"870\" src=\"https:\/\/lignesauto.fr\/wp-content\/uploads\/2024\/10\/ALPINE_29-1024x870.png\" alt=\"\" class=\"wp-image-35434\" srcset=\"https:\/\/lignesauto.fr\/wp-content\/uploads\/2024\/10\/ALPINE_29-1024x870.png 1024w, https:\/\/lignesauto.fr\/wp-content\/uploads\/2024\/10\/ALPINE_29-300x255.png 300w, https:\/\/lignesauto.fr\/wp-content\/uploads\/2024\/10\/ALPINE_29-768x653.png 768w, https:\/\/lignesauto.fr\/wp-content\/uploads\/2024\/10\/ALPINE_29.png 1417w\" sizes=\"(max-width: 1024px) 100vw, 1024px\" \/><\/figure>\n\n\n\n<p style=\"font-size:17px\">But while in the latter case the lengthening benefited habitability, in the case of the Alpine it is primarily a question of improving aerodynamics and gaining a few kilometres of range. In this way, Alpine is maximising the \u2018aerobladder\u2019 concept seen on the Opel Flextreme GT\/E concept from 2010 and the Renault Eolab from 2014, among others.<\/p>\n\n\n\n<figure class=\"wp-block-image size-large\"><img loading=\"lazy\" decoding=\"async\" width=\"1024\" height=\"706\" src=\"https:\/\/lignesauto.fr\/wp-content\/uploads\/2024\/10\/ALPINE_30-1024x706.png\" alt=\"\" class=\"wp-image-35422\" srcset=\"https:\/\/lignesauto.fr\/wp-content\/uploads\/2024\/10\/ALPINE_30-1024x706.png 1024w, https:\/\/lignesauto.fr\/wp-content\/uploads\/2024\/10\/ALPINE_30-300x207.png 300w, https:\/\/lignesauto.fr\/wp-content\/uploads\/2024\/10\/ALPINE_30-768x530.png 768w, https:\/\/lignesauto.fr\/wp-content\/uploads\/2024\/10\/ALPINE_30.png 1417w\" sizes=\"(max-width: 1024px) 100vw, 1024px\" \/><\/figure>\n\n\n\n<p style=\"font-size:17px\">From the front, the change in brand identity is radical. Gone are the (almost) round headlamps, replaced by the light signature unveiled by the Alpenglow concept car. An illuminated transverse blade overhangs four extremely slender headlights, all integrated into a light black mask, while just below the headlights we find the famous cosmic dust and, in the centre, the illuminated Alpine name.<\/p>\n\n\n\n<figure class=\"wp-block-image size-large\"><img loading=\"lazy\" decoding=\"async\" width=\"1024\" height=\"515\" src=\"https:\/\/lignesauto.fr\/wp-content\/uploads\/2024\/10\/ALPINE_12-1024x515.png\" alt=\"\" class=\"wp-image-35391\" srcset=\"https:\/\/lignesauto.fr\/wp-content\/uploads\/2024\/10\/ALPINE_12-1024x515.png 1024w, https:\/\/lignesauto.fr\/wp-content\/uploads\/2024\/10\/ALPINE_12-300x151.png 300w, https:\/\/lignesauto.fr\/wp-content\/uploads\/2024\/10\/ALPINE_12-768x386.png 768w, https:\/\/lignesauto.fr\/wp-content\/uploads\/2024\/10\/ALPINE_12.png 1417w\" sizes=\"(max-width: 1024px) 100vw, 1024px\" \/><\/figure>\n\n\n\n<p style=\"font-size:17px\">The sides are solidly embossed with sharp, clean edges that impose a hollowed-out movement in the doors, subtly treated. It diffuses light in a highly sophisticated way right down to the muscular wheel arches. If the bodywork is that of the production vehicle, I wish the embossers a Merry Christmas. I have a soft spot for stamping specialists, those men and women behind the scenes who tear their hair out as soon as they get close to a Clay model created by the designers, which is often far-fetched (the model, not the designers, although sometimes\u2026). We salute them\u2026<\/p>\n\n\n\n<figure class=\"wp-block-image size-large\"><img loading=\"lazy\" decoding=\"async\" width=\"1024\" height=\"731\" src=\"https:\/\/lignesauto.fr\/wp-content\/uploads\/2024\/10\/ALPINE_16_BIS-1024x731.png\" alt=\"\" class=\"wp-image-35394\" srcset=\"https:\/\/lignesauto.fr\/wp-content\/uploads\/2024\/10\/ALPINE_16_BIS-1024x731.png 1024w, https:\/\/lignesauto.fr\/wp-content\/uploads\/2024\/10\/ALPINE_16_BIS-300x214.png 300w, https:\/\/lignesauto.fr\/wp-content\/uploads\/2024\/10\/ALPINE_16_BIS-768x548.png 768w, https:\/\/lignesauto.fr\/wp-content\/uploads\/2024\/10\/ALPINE_16_BIS.png 1417w\" sizes=\"(max-width: 1024px) 100vw, 1024px\" \/><figcaption class=\"wp-element-caption\">In <strong>1<\/strong>, the \u2018flying bridge\u2019 design, identical in concept to that of the Renault Emblem. In <strong>2<\/strong>, we can see the desire to respect the stylistic DNA of the A110 as far as possible in certain areas&#8230;<\/figcaption><\/figure>\n\n\n\n<p style=\"font-size:17px\">Let&#8217;s move on to a subject we&#8217;ve been wondering about: the famous \u2018Flying Bridge\u2019. What does it mean? These are the air intakes that run under the top of the bonnet &#8211; at the front &#8211; to improve airflow. You can see it clearly below. The same principle can be found on the Renault Emblem prototype, which will be presented just a few metres from the A390-B, from Tuesday 15 October at the Paris Motor Show.<\/p>\n\n\n\n<figure class=\"wp-block-image size-large\"><img loading=\"lazy\" decoding=\"async\" width=\"1024\" height=\"596\" src=\"https:\/\/lignesauto.fr\/wp-content\/uploads\/2024\/10\/ALPINE_28-1024x596.png\" alt=\"\" class=\"wp-image-35395\" srcset=\"https:\/\/lignesauto.fr\/wp-content\/uploads\/2024\/10\/ALPINE_28-1024x596.png 1024w, https:\/\/lignesauto.fr\/wp-content\/uploads\/2024\/10\/ALPINE_28-300x175.png 300w, https:\/\/lignesauto.fr\/wp-content\/uploads\/2024\/10\/ALPINE_28-768x447.png 768w, https:\/\/lignesauto.fr\/wp-content\/uploads\/2024\/10\/ALPINE_28.png 1417w\" sizes=\"(max-width: 1024px) 100vw, 1024px\" \/><figcaption class=\"wp-element-caption\">Strange: the same automotive group, the same motor show, the same aerodynamic concept on the Renault Embl\u00e8me and the Alpine A390\u2026 the \u2018flying bridge\u2019 above the bonnet allows air to flow into the open lower section between the grille and the bonnet.<\/figcaption><\/figure>\n\n\n\n<p style=\"font-size:17px\">We know that in the secrecy of the Renault group&#8217;s modelling workshop, in the basement of the design building at Guyancourt (78), there are no partitions and the group&#8217;s various design bosses (Antony Villain for Alpine, Gilles Vidal for Renault, David Durand for Dacia and Jean-Philippe Salar for Mobilize) can see what the \u2018competing\u2019 teams are doing. Strange, then, to see an identical solution appearing at the same time on two concepts from the same group\u2026<\/p>\n\n\n\n<figure class=\"wp-block-image size-large\"><img loading=\"lazy\" decoding=\"async\" width=\"1024\" height=\"576\" src=\"http:\/\/lignesauto.fr\/wp-content\/uploads\/2024\/10\/ALPINE_21-1024x576.jpg\" alt=\"\" class=\"wp-image-35131\" srcset=\"https:\/\/lignesauto.fr\/wp-content\/uploads\/2024\/10\/ALPINE_21-1024x576.jpg 1024w, https:\/\/lignesauto.fr\/wp-content\/uploads\/2024\/10\/ALPINE_21-300x169.jpg 300w, https:\/\/lignesauto.fr\/wp-content\/uploads\/2024\/10\/ALPINE_21-768x432.jpg 768w, https:\/\/lignesauto.fr\/wp-content\/uploads\/2024\/10\/ALPINE_21.jpg 1417w\" sizes=\"(max-width: 1024px) 100vw, 1024px\" \/><\/figure>\n\n\n\n<p style=\"font-size:17px\">\u2018<em>But Mr Bonnaud, this flying bridge is simply one of the formulae in vogue to improve aerodynamics.<\/em> <em>So it&#8217;s perfectly in line with the design of our future 100% electric models<\/em> \u2019, says a little voice from Guyancourt&#8230; And to think that in my wildest flights of fancy, I had imagined that the Renault Emblem above was derived from an Alpine crossover whose programme was abandoned. I need to stop drinking green tea.<\/p>\n\n\n\n<figure class=\"wp-block-image size-large\"><img loading=\"lazy\" decoding=\"async\" width=\"1024\" height=\"703\" src=\"https:\/\/lignesauto.fr\/wp-content\/uploads\/2024\/10\/ALPINE_18-1024x703.png\" alt=\"\" class=\"wp-image-35397\" srcset=\"https:\/\/lignesauto.fr\/wp-content\/uploads\/2024\/10\/ALPINE_18-1024x703.png 1024w, https:\/\/lignesauto.fr\/wp-content\/uploads\/2024\/10\/ALPINE_18-300x206.png 300w, https:\/\/lignesauto.fr\/wp-content\/uploads\/2024\/10\/ALPINE_18-768x527.png 768w, https:\/\/lignesauto.fr\/wp-content\/uploads\/2024\/10\/ALPINE_18.png 1417w\" sizes=\"(max-width: 1024px) 100vw, 1024px\" \/><\/figure>\n\n\n\n<p style=\"font-size:17px\">Let&#8217;s take advantage of a snowstorm to shelter on board. There&#8217;s nothing here to foreshadow the production vehicle. It&#8217;s a repeat of the A290-\u03b2 concept car! So the interior design team had a field day, and here again, it&#8217;s a refreshing change. \u2018 <em>If you do it right, it&#8217;s right; if you do it old, it&#8217;s old; if you do it modern, it&#8217;s modern<\/em>,\u2019 is written in black and white on a plaque on board the A390-\u03b2.<\/p>\n\n\n\n<figure class=\"wp-block-image size-large\"><img loading=\"lazy\" decoding=\"async\" width=\"1024\" height=\"765\" src=\"https:\/\/lignesauto.fr\/wp-content\/uploads\/2024\/10\/ALPINE_23_BIS-1024x765.png\" alt=\"\" class=\"wp-image-35399\" srcset=\"https:\/\/lignesauto.fr\/wp-content\/uploads\/2024\/10\/ALPINE_23_BIS-1024x765.png 1024w, https:\/\/lignesauto.fr\/wp-content\/uploads\/2024\/10\/ALPINE_23_BIS-300x224.png 300w, https:\/\/lignesauto.fr\/wp-content\/uploads\/2024\/10\/ALPINE_23_BIS-768x573.png 768w, https:\/\/lignesauto.fr\/wp-content\/uploads\/2024\/10\/ALPINE_23_BIS.png 1417w\" sizes=\"(max-width: 1024px) 100vw, 1024px\" \/><figcaption class=\"wp-element-caption\">A cabin with two faces: techno at the front, comfort at the rear. In <strong>1<\/strong>, the \u2018driver\u2019 position (see below), in <strong>2<\/strong> the comfort position .<\/figcaption><\/figure>\n\n\n\n<p style=\"font-size:17px\">Antony Villain explains that<em> \u2018the coloured exterior contrasts with the monochrome interior, where the sharp black mineral contrasts with the whiteness of the immaculate snow\u2019.<\/em> Immaculate snow in design, then. \u2018<em>Technology coexists with nature, the raw with the refined, the hot with the cold&#8230;&#8221;<\/em><\/p>\n\n\n\n<figure class=\"wp-block-image size-large\"><img loading=\"lazy\" decoding=\"async\" width=\"1024\" height=\"720\" src=\"https:\/\/lignesauto.fr\/wp-content\/uploads\/2024\/10\/ALPINE_25-1024x720.png\" alt=\"\" class=\"wp-image-35418\" srcset=\"https:\/\/lignesauto.fr\/wp-content\/uploads\/2024\/10\/ALPINE_25-1024x720.png 1024w, https:\/\/lignesauto.fr\/wp-content\/uploads\/2024\/10\/ALPINE_25-300x211.png 300w, https:\/\/lignesauto.fr\/wp-content\/uploads\/2024\/10\/ALPINE_25-768x540.png 768w, https:\/\/lignesauto.fr\/wp-content\/uploads\/2024\/10\/ALPINE_25.png 1417w\" sizes=\"(max-width: 1024px) 100vw, 1024px\" \/><\/figure>\n\n\n\n<p style=\"font-size:17px\">\u2018<em>The driving position itself has two faces: with a simple press of the central control, it transforms into a Formula 1 cockpit,\u2019 <\/em>adds Antony. And that&#8217;s thanks to a dual driving position coupled with a change in the geometry of the steering wheel and a shift in the pedals.<\/p>\n\n\n\n<figure class=\"wp-block-image size-large\"><img loading=\"lazy\" decoding=\"async\" width=\"1024\" height=\"562\" src=\"https:\/\/lignesauto.fr\/wp-content\/uploads\/2024\/10\/ALPINE_90_BIS-1024x562.png\" alt=\"\" class=\"wp-image-35402\" srcset=\"https:\/\/lignesauto.fr\/wp-content\/uploads\/2024\/10\/ALPINE_90_BIS-1024x562.png 1024w, https:\/\/lignesauto.fr\/wp-content\/uploads\/2024\/10\/ALPINE_90_BIS-300x165.png 300w, https:\/\/lignesauto.fr\/wp-content\/uploads\/2024\/10\/ALPINE_90_BIS-768x421.png 768w, https:\/\/lignesauto.fr\/wp-content\/uploads\/2024\/10\/ALPINE_90_BIS.png 1417w\" sizes=\"(max-width: 1024px) 100vw, 1024px\" \/><\/figure>\n\n\n\n<figure class=\"wp-block-image size-large\"><img loading=\"lazy\" decoding=\"async\" width=\"1024\" height=\"632\" src=\"https:\/\/lignesauto.fr\/wp-content\/uploads\/2024\/10\/ALPINE_91_BIS-1024x632.png\" alt=\"\" class=\"wp-image-35400\" srcset=\"https:\/\/lignesauto.fr\/wp-content\/uploads\/2024\/10\/ALPINE_91_BIS-1024x632.png 1024w, https:\/\/lignesauto.fr\/wp-content\/uploads\/2024\/10\/ALPINE_91_BIS-300x185.png 300w, https:\/\/lignesauto.fr\/wp-content\/uploads\/2024\/10\/ALPINE_91_BIS-768x474.png 768w, https:\/\/lignesauto.fr\/wp-content\/uploads\/2024\/10\/ALPINE_91_BIS.png 1417w\" sizes=\"(max-width: 1024px) 100vw, 1024px\" \/><figcaption class=\"wp-element-caption\">In <strong>1<\/strong>, the \u2018driver\u2019 position, with the seat reclined like in an F1 car, the pedals raised and the steering wheel in its narrow geometry. In <strong>2<\/strong>, the \u2018daddy-driver\u2019 position, with the seat raised and the steering wheel in a wide position.<\/figcaption><\/figure>\n\n\n\n<p style=\"font-size:17px\">And yes, tomorrow&#8217;s A390 won&#8217;t spend its days ferrying children home from the sports club. No, there will be a pilot on board. At the front, we discover a highly technological atmosphere supported by a mineral skin.<\/p>\n\n\n\n<figure class=\"wp-block-image size-large\"><img loading=\"lazy\" decoding=\"async\" width=\"1024\" height=\"724\" src=\"https:\/\/lignesauto.fr\/wp-content\/uploads\/2024\/10\/ALPINE_27-1024x724.png\" alt=\"\" class=\"wp-image-35416\" srcset=\"https:\/\/lignesauto.fr\/wp-content\/uploads\/2024\/10\/ALPINE_27-1024x724.png 1024w, https:\/\/lignesauto.fr\/wp-content\/uploads\/2024\/10\/ALPINE_27-300x212.png 300w, https:\/\/lignesauto.fr\/wp-content\/uploads\/2024\/10\/ALPINE_27-768x543.png 768w, https:\/\/lignesauto.fr\/wp-content\/uploads\/2024\/10\/ALPINE_27.png 1417w\" sizes=\"(max-width: 1024px) 100vw, 1024px\" \/><\/figure>\n\n\n\n<p style=\"font-size:17px\">At the rear of the car, the opposite is true: you&#8217;re resting in a thick carpet of powder snow. This contrast of two different worlds in the passenger compartment is nothing new in itself, but it&#8217;s striking here because it&#8217;s worked out down to the smallest detail. And in these details, I&#8217;ve found plenty of devils who say to themselves that this concept \u2018<em>is the stuffof apples!<\/em><\/p>\n\n\n\n<figure class=\"wp-block-image size-large\"><img loading=\"lazy\" decoding=\"async\" width=\"1024\" height=\"550\" src=\"https:\/\/lignesauto.fr\/wp-content\/uploads\/2024\/10\/ALPINE_24-1024x550.png\" alt=\"\" class=\"wp-image-35403\" srcset=\"https:\/\/lignesauto.fr\/wp-content\/uploads\/2024\/10\/ALPINE_24-1024x550.png 1024w, https:\/\/lignesauto.fr\/wp-content\/uploads\/2024\/10\/ALPINE_24-300x161.png 300w, https:\/\/lignesauto.fr\/wp-content\/uploads\/2024\/10\/ALPINE_24-768x412.png 768w, https:\/\/lignesauto.fr\/wp-content\/uploads\/2024\/10\/ALPINE_24.png 1417w\" sizes=\"(max-width: 1024px) 100vw, 1024px\" \/><\/figure>\n\n\n\n<p style=\"font-size:17px\">The first version of the A390 will have two electric motors on the rear axle and a third at the front. All this is managed by the Active Torque Vectoring system, which controls the distribution of torque between the front and rear axles, with the addition of independent control of the torque on the left rear wheel in relation to the right, which obviously improves dynamism in the bends below. \u2018 <em>It&#8217;s a balancing act<\/em> \u2019, we&#8217;re told, \u201c <em>that gives the vehicle the A110\u201ds feeling of lightness<\/em> \u2019. So, is the Alpine A390 an SUV?<\/p>\n\n\n\n<figure class=\"wp-block-image size-large\"><img loading=\"lazy\" decoding=\"async\" width=\"1024\" height=\"636\" src=\"https:\/\/lignesauto.fr\/wp-content\/uploads\/2024\/10\/ALPINE_22-1024x636.png\" alt=\"\" class=\"wp-image-35404\" srcset=\"https:\/\/lignesauto.fr\/wp-content\/uploads\/2024\/10\/ALPINE_22-1024x636.png 1024w, https:\/\/lignesauto.fr\/wp-content\/uploads\/2024\/10\/ALPINE_22-300x186.png 300w, https:\/\/lignesauto.fr\/wp-content\/uploads\/2024\/10\/ALPINE_22-768x477.png 768w, https:\/\/lignesauto.fr\/wp-content\/uploads\/2024\/10\/ALPINE_22.png 1417w\" sizes=\"(max-width: 1024px) 100vw, 1024px\" \/><\/figure>\n\n\n\n<p><strong>An Alpine assembled in Dieppe<\/strong><br>As the manufacturer proudly announces, the 100% electric Alpine will be 100% French. \u2018<em>The production version of the A390 will be manufactured from 2025 at the Manufacture Alpine Dieppe Jean R\u00e9d\u00e9l\u00e9, based on the AmpR Medium platform.<\/em> <em>Its three electric motors will come from the Megafactory in Cl\u00e9on and the batteries will then be assembled in Douai, confirming the short circuit manufacturing of the future A390.<\/em>\u2019<\/p>\n\n\n<div class=\"wp-block-image\">\n<figure class=\"aligncenter size-full is-resized\"><img loading=\"lazy\" decoding=\"async\" width=\"1024\" height=\"367\" src=\"https:\/\/lignesauto.fr\/wp-content\/uploads\/2024\/10\/image-2.png\" alt=\"\" class=\"wp-image-35384\" style=\"width:493px;height:auto\" srcset=\"https:\/\/lignesauto.fr\/wp-content\/uploads\/2024\/10\/image-2.png 1024w, https:\/\/lignesauto.fr\/wp-content\/uploads\/2024\/10\/image-2-300x108.png 300w, https:\/\/lignesauto.fr\/wp-content\/uploads\/2024\/10\/image-2-768x275.png 768w\" sizes=\"(max-width: 1024px) 100vw, 1024px\" \/><\/figure><\/div>","protected":false},"excerpt":{"rendered":"<p>This is it! Alpine has unveiled 85% of its future 5-seater sports crossover, which will go on sale in 2025. The A390 of tomorrow appears in this concept car, with an exterior almost identical to the future production model, and a forward-looking interior in which, as one of the designers [&hellip;]<\/p>\n","protected":false},"author":1,"featured_media":35374,"comment_status":"closed","ping_status":"closed","sticky":false,"template":"","format":"standard","meta":{"footnotes":""},"categories":[1],"tags":[],"_links":{"self":[{"href":"https:\/\/lignesauto.fr\/index.php?rest_route=\/wp\/v2\/posts\/35456"}],"collection":[{"href":"https:\/\/lignesauto.fr\/index.php?rest_route=\/wp\/v2\/posts"}],"about":[{"href":"https:\/\/lignesauto.fr\/index.php?rest_route=\/wp\/v2\/types\/post"}],"author":[{"embeddable":true,"href":"https:\/\/lignesauto.fr\/index.php?rest_route=\/wp\/v2\/users\/1"}],"replies":[{"embeddable":true,"href":"https:\/\/lignesauto.fr\/index.php?rest_route=%2Fwp%2Fv2%2Fcomments&post=35456"}],"version-history":[{"count":34,"href":"https:\/\/lignesauto.fr\/index.php?rest_route=\/wp\/v2\/posts\/35456\/revisions"}],"predecessor-version":[{"id":35548,"href":"https:\/\/lignesauto.fr\/index.php?rest_route=\/wp\/v2\/posts\/35456\/revisions\/35548"}],"wp:featuredmedia":[{"embeddable":true,"href":"https:\/\/lignesauto.fr\/index.php?rest_route=\/wp\/v2\/media\/35374"}],"wp:attachment":[{"href":"https:\/\/lignesauto.fr\/index.php?rest_route=%2Fwp%2Fv2%2Fmedia&parent=35456"}],"wp:term":[{"taxonomy":"category","embeddable":true,"href":"https:\/\/lignesauto.fr\/index.php?rest_route=%2Fwp%2Fv2%2Fcategories&post=35456"},{"taxonomy":"post_tag","embeddable":true,"href":"https:\/\/lignesauto.fr\/index.php?rest_route=%2Fwp%2Fv2%2Ftags&post=35456"}],"curies":[{"name":"wp","href":"https:\/\/api.w.org\/{rel}","templated":true}]}}