{"id":35549,"date":"2024-10-27T11:30:00","date_gmt":"2024-10-27T10:30:00","guid":{"rendered":"https:\/\/lignesauto.fr\/?p=35549"},"modified":"2024-10-28T09:15:16","modified_gmt":"2024-10-28T08:15:16","slug":"les-secrets-de-la-genese-de-la390-interview-dantony-villain-directeur-du-design-alpine","status":"publish","type":"post","link":"https:\/\/lignesauto.fr\/?p=35549","title":{"rendered":"Les secrets de la gen\u00e8se de l\u2019A390. Interview d\u2019Antony Villain, directeur du design Alpine."},"content":{"rendered":"<div class=\"wp-block-image\">\n<figure class=\"aligncenter size-full is-resized\"><img loading=\"lazy\" decoding=\"async\" width=\"1024\" height=\"367\" src=\"http:\/\/lignesauto.fr\/wp-content\/uploads\/2024\/10\/image-2.png\" alt=\"\" class=\"wp-image-35384\" style=\"width:480px;height:auto\" srcset=\"https:\/\/lignesauto.fr\/wp-content\/uploads\/2024\/10\/image-2.png 1024w, https:\/\/lignesauto.fr\/wp-content\/uploads\/2024\/10\/image-2-300x108.png 300w, https:\/\/lignesauto.fr\/wp-content\/uploads\/2024\/10\/image-2-768x275.png 768w\" sizes=\"(max-width: 1024px) 100vw, 1024px\" \/><\/figure><\/div>\n\n\n<figure class=\"wp-block-image size-large\"><img loading=\"lazy\" decoding=\"async\" width=\"1024\" height=\"683\" src=\"https:\/\/lignesauto.fr\/wp-content\/uploads\/2024\/10\/LIGNES_01-1024x683.jpg\" alt=\"\" class=\"wp-image-35644\" srcset=\"https:\/\/lignesauto.fr\/wp-content\/uploads\/2024\/10\/LIGNES_01-1024x683.jpg 1024w, https:\/\/lignesauto.fr\/wp-content\/uploads\/2024\/10\/LIGNES_01-300x200.jpg 300w, https:\/\/lignesauto.fr\/wp-content\/uploads\/2024\/10\/LIGNES_01-768x512.jpg 768w, https:\/\/lignesauto.fr\/wp-content\/uploads\/2024\/10\/LIGNES_01.jpg 1417w\" sizes=\"(max-width: 1024px) 100vw, 1024px\" \/><figcaption class=\"wp-element-caption\">Philippe Krief, CEO Alpine, et Antony Villain, Directeur du Design Alpine au Mondial de Paris, le lundi 14 octobre.<\/figcaption><\/figure>\n\n\n\n<p style=\"font-size:17px\">L&#8217;Alpine A390 est l\u2019une des grandes vedettes du Mondial automobile de Paris qui se tient \u00e0 la porte de Versailles jusqu\u2019au dimanche 20 octobre et qui de mieux qu\u2019Antony Villain, le patron du design de la marque pour en parler ? Il n\u2019est pas n\u00e9cessaire de revenir tout au long de cet entretien sur tous les d\u00e9tails stylistiques de l&#8217;A390 d\u00e9j\u00e0 abord\u00e9s dans un pr\u00e9c\u00e9dent post (<a href=\"https:\/\/lignesauto.fr\/?p=35354\">https:\/\/lignesauto.fr\/?p=35354<\/a>), mais plut\u00f4t d\u2019\u00e9voquer les secrets de sa gen\u00e8se et de lever un (petit&#8230;) coin du voile sur l\u2019avenir de la gamme Alpine.<\/p>\n\n\n\n<figure class=\"wp-block-image size-large\"><img loading=\"lazy\" decoding=\"async\" width=\"1024\" height=\"575\" src=\"https:\/\/lignesauto.fr\/wp-content\/uploads\/2024\/10\/LIGNES_10-1024x575.jpg\" alt=\"\" class=\"wp-image-35577\" srcset=\"https:\/\/lignesauto.fr\/wp-content\/uploads\/2024\/10\/LIGNES_10-1024x575.jpg 1024w, https:\/\/lignesauto.fr\/wp-content\/uploads\/2024\/10\/LIGNES_10-300x169.jpg 300w, https:\/\/lignesauto.fr\/wp-content\/uploads\/2024\/10\/LIGNES_10-768x431.jpg 768w, https:\/\/lignesauto.fr\/wp-content\/uploads\/2024\/10\/LIGNES_10.jpg 1417w\" sizes=\"(max-width: 1024px) 100vw, 1024px\" \/><\/figure>\n\n\n\n<p style=\"font-size:17px\"><strong>LIGNES\/auto&nbsp;: Apr\u00e8s l\u2019arriv\u00e9e de l\u2019A290, premi\u00e8re voiture du Dream Garage annonc\u00e9 en 2021, le concept-car A390-B est-il le v\u00e9ritable marqueur du renouveau d\u2019Alpine&nbsp;?<\/strong><br>Antony Villain&nbsp;: c\u2019est effectivement un chapitre important. L\u2019A290 est un mod\u00e8le qui nous permet d\u2019attirer de nouveaux clients, et c\u2019est aussi un client d\u2019\u0153il \u00e0 l\u2019h\u00e9ritage avec entre-autres l\u2019A106 et la R5 Alpine (ci-dessous). Tout ceci fait sens. Avec le Dream Garage, l\u2019id\u00e9e de d\u00e9part \u00e9tait de proposer une voiture plus personnelle avec l\u2019A290, une voiture plus polyvalente pour emmener la famille et partir plus loin avec l\u2019A390 (mais toujours avec une sensation de pilotage proche de celle d\u2019une A110 nous certifie Antony) et l\u2019A110 pour s\u2019amuser. Le Dream Garage annon\u00e7ait notre volont\u00e9 de proposer une voiture pour chaque cat\u00e9gorie d\u2019usage. On avait donc vraiment besoin de cette A290 sur la base de la R5 E-TECH. Avec l\u2019A390, on commence \u00e0 inscrire un langage formel d\u00e9flor\u00e9 par Alpenglow. C\u2019est le registre formel du futur produit.<\/p>\n\n\n\n<figure class=\"wp-block-image size-large\"><img loading=\"lazy\" decoding=\"async\" width=\"1024\" height=\"748\" src=\"http:\/\/lignesauto.fr\/wp-content\/uploads\/2023\/06\/LIGNESAUTO_10-1024x748.jpg\" alt=\"\" class=\"wp-image-29426\" srcset=\"https:\/\/lignesauto.fr\/wp-content\/uploads\/2023\/06\/LIGNESAUTO_10-1024x748.jpg 1024w, https:\/\/lignesauto.fr\/wp-content\/uploads\/2023\/06\/LIGNESAUTO_10-300x219.jpg 300w, https:\/\/lignesauto.fr\/wp-content\/uploads\/2023\/06\/LIGNESAUTO_10-768x561.jpg 768w, https:\/\/lignesauto.fr\/wp-content\/uploads\/2023\/06\/LIGNESAUTO_10.jpg 1417w\" sizes=\"(max-width: 1024px) 100vw, 1024px\" \/><\/figure>\n\n\n\n<p style=\"font-size:17px\"><strong>Sauf qu\u2019en termes d\u2019identit\u00e9, vous \u00eatre tr\u00e8s diff\u00e9rent d\u2019une A110&#8230;<\/strong><br>On n\u2019est pas compl\u00e8tement diff\u00e9rent. En fait, on a pouss\u00e9 les curseurs. Avec l\u2019A110, on est tr\u00e8s proche de la philosophie berlinette et elle fait le lien avec le mod\u00e8le originel. Avec l\u2019A390, on a les m\u00eames ingr\u00e9dients, mais on les a pouss\u00e9 vers plus de futurisme parce qu\u2019on n\u2019a pas \u00e0 se rapprocher d\u2019un mod\u00e8le historique. Il n\u2019en existe pas&nbsp;!<\/p>\n\n\n\n<figure class=\"wp-block-image size-large\"><img loading=\"lazy\" decoding=\"async\" width=\"1024\" height=\"569\" src=\"https:\/\/lignesauto.fr\/wp-content\/uploads\/2024\/10\/LIGNES_02-1024x569.jpg\" alt=\"\" class=\"wp-image-35585\" srcset=\"https:\/\/lignesauto.fr\/wp-content\/uploads\/2024\/10\/LIGNES_02-1024x569.jpg 1024w, https:\/\/lignesauto.fr\/wp-content\/uploads\/2024\/10\/LIGNES_02-300x167.jpg 300w, https:\/\/lignesauto.fr\/wp-content\/uploads\/2024\/10\/LIGNES_02-768x427.jpg 768w, https:\/\/lignesauto.fr\/wp-content\/uploads\/2024\/10\/LIGNES_02.jpg 1417w\" sizes=\"(max-width: 1024px) 100vw, 1024px\" \/><\/figure>\n\n\n\n<p style=\"font-size:17px\"><strong>Quels sont les ingr\u00e9dients que vous \u00e9voquez&nbsp;?<\/strong><br>Les codes Alpine sont bien pr\u00e9sents avec l\u2019avant en &#8220;V&#8221;&nbsp;alors que les optiques sont bien pr\u00e9sentes mais trait\u00e9es dans une identit\u00e9 beaucoup plus <em>sharp<\/em> et plus modernes. On fait \u00e9galement r\u00e9f\u00e9rence au model\u00e9 lat\u00e9ral qui est sculpt\u00e9 diff\u00e9remment et \u00e9tire la voiture, et enfin, on a la lunette arri\u00e8re tr\u00e8s A110 mais dessin\u00e9e de fa\u00e7on exacerb\u00e9e. On a donc une \u00e9criture qui est beaucoup plus futuriste. Ce qui est int\u00e9ressant, c\u2019est qu\u2019on a cr\u00e9\u00e9e entre l\u2019A110 et l\u2019A390 notre terrain de jeu pour tous les futurs mod\u00e8les. L\u2019A110 s\u2019appuie sur le r\u00e9tro, celle-ci est tr\u00e8s futuriste, et on a entre les deux largement de quoi nous exprimer pour le futur.<\/p>\n\n\n\n<figure class=\"wp-block-image size-large\"><img loading=\"lazy\" decoding=\"async\" width=\"1024\" height=\"554\" src=\"https:\/\/lignesauto.fr\/wp-content\/uploads\/2024\/10\/BBB-1024x554.png\" alt=\"\" class=\"wp-image-35586\" srcset=\"https:\/\/lignesauto.fr\/wp-content\/uploads\/2024\/10\/BBB-1024x554.png 1024w, https:\/\/lignesauto.fr\/wp-content\/uploads\/2024\/10\/BBB-300x162.png 300w, https:\/\/lignesauto.fr\/wp-content\/uploads\/2024\/10\/BBB-768x415.png 768w, https:\/\/lignesauto.fr\/wp-content\/uploads\/2024\/10\/BBB.png 1417w\" sizes=\"(max-width: 1024px) 100vw, 1024px\" \/><\/figure>\n\n\n\n<p style=\"font-size:17px\"><strong>Ce fameux Dream Garage annonc\u00e9 en 2021 par Luca de Meo fut une r\u00e9elle surprise. Il a \u00e9t\u00e9 difficile de trouver rapidement le concept stylistique de l\u2019A390&nbsp;?<\/strong><br>La gen\u00e8se de l\u2019A390 s\u2019est op\u00e9r\u00e9e en deux \u00e9tapes. On avait commenc\u00e9 avant l\u2019arriv\u00e9e de Luca de Meo et on travaillait sur une id\u00e9e d\u2019un objet comme celui-l\u00e0, mais qui n\u2019\u00e9tait pas du tout sous cette forme-l\u00e0. Sur la plateforme qui s\u2019appelait alors CMF-C, on travaillait sur ce projet avec un contenu technique qui est finalement celui de l\u2019A390, mais le style n\u2019\u00e9tait pas du tout comme \u00e7a.<\/p>\n\n\n\n<figure class=\"wp-block-image size-large\"><img loading=\"lazy\" decoding=\"async\" width=\"749\" height=\"1024\" src=\"https:\/\/lignesauto.fr\/wp-content\/uploads\/2024\/10\/LIGNES_08-749x1024.jpg\" alt=\"\" class=\"wp-image-35590\" srcset=\"https:\/\/lignesauto.fr\/wp-content\/uploads\/2024\/10\/LIGNES_08-749x1024.jpg 749w, https:\/\/lignesauto.fr\/wp-content\/uploads\/2024\/10\/LIGNES_08-219x300.jpg 219w, https:\/\/lignesauto.fr\/wp-content\/uploads\/2024\/10\/LIGNES_08-768x1050.jpg 768w, https:\/\/lignesauto.fr\/wp-content\/uploads\/2024\/10\/LIGNES_08-1123x1536.jpg 1123w, https:\/\/lignesauto.fr\/wp-content\/uploads\/2024\/10\/LIGNES_08.jpg 1417w\" sizes=\"(max-width: 749px) 100vw, 749px\" \/><\/figure>\n\n\n\n<p style=\"font-size:17px\"><strong>Avant l\u2019arriv\u00e9e de Luca&nbsp;? C\u2019\u00e9tait un programme en perruque&nbsp;?<\/strong><br>Non, pas du tout, c\u2019\u00e9tait un programme officiel pour compl\u00e9ter l\u2019offre aux c\u00f4t\u00e9s de l\u2019A110. On \u00e9tait au stade d\u2019avant-phase du projet o\u00f9 l\u2019on travaillait les proportions, sans faire de style qui \u00e9tait neutre et g\u00e9n\u00e9rique.<\/p>\n\n\n\n<p style=\"font-size:17px\"><strong>Quand Luca de Meo arrive, il se retrouve donc un peu comme avec la R5 E-TECH. Aviez vous d\u00e9j\u00e0 une maquette&nbsp;?<\/strong><br>Oui, il y avait une maquette, mais Luca de Meo a pour habitude de juger le concept architecture et style en m\u00eame temps, avec une approche tr\u00e8s cart\u00e9sienne. Et quand il a vu la maquette d\u2019avance de phase, il n\u2019y a pas trop cru car \u00e9videmment, la maquette est alors bas\u00e9e sur les proportions et pas sur le style. \u00c7a l\u2019emp\u00eachait de se projeter&#8230; On a pr\u00e9sent\u00e9 la maquette une fois, deux fois et on n\u2019avan\u00e7ait pas. Alors, avec Laurens van den Acker (directeur des design du groupe Renault), on a d\u00e9cid\u00e9 de faire du style sur notre package architectural, en conservant les bonnes proportions.<\/p>\n\n\n\n<figure class=\"wp-block-image size-large\"><img loading=\"lazy\" decoding=\"async\" width=\"1024\" height=\"473\" src=\"https:\/\/lignesauto.fr\/wp-content\/uploads\/2024\/10\/LIGNES_07-1024x473.jpg\" alt=\"\" class=\"wp-image-35588\" srcset=\"https:\/\/lignesauto.fr\/wp-content\/uploads\/2024\/10\/LIGNES_07-1024x473.jpg 1024w, https:\/\/lignesauto.fr\/wp-content\/uploads\/2024\/10\/LIGNES_07-300x138.jpg 300w, https:\/\/lignesauto.fr\/wp-content\/uploads\/2024\/10\/LIGNES_07-768x354.jpg 768w, https:\/\/lignesauto.fr\/wp-content\/uploads\/2024\/10\/LIGNES_07.jpg 1417w\" sizes=\"(max-width: 1024px) 100vw, 1024px\" \/><\/figure>\n\n\n\n<p style=\"font-size:17px\"><strong>Et Luca de Meo a \u00e9t\u00e9 s\u00e9duit&nbsp;?<\/strong><br>Oui, c\u2019\u00e9tait en fin d\u2019ann\u00e9e 2020, un peu avant l\u2019annonce du plan <em>Renaulution&#8230; <\/em>Et comme Luca est un homme de produit, il a donn\u00e9 quelques indications comme allonger un peu la voiture. Le d\u00e9veloppement de l\u2019A390 n\u2019a pas \u00e9t\u00e9 fait un une seule \u00e9tape. Le th\u00e8me originel \u00e9tait plus compact et on l\u2019a finalement allong\u00e9 au maximum des possibilit\u00e9s de la plateforme. \u00c0 ce moment-l\u00e0, Luca a dit banco, on y va&nbsp;!<\/p>\n\n\n\n<p style=\"font-size:17px\"><strong>Vu la rapidit\u00e9 de l\u2019ex\u00e9cution, on imagine que la gen\u00e8se \u00e9tait un peu sp\u00e9ciale&nbsp;?<\/strong><br>Le chemin critique \u00e9tait plut\u00f4t pour ce qu\u2019il y a sous la peau, avec une technologie tr\u00e8s \u00e9volu\u00e9e, mais pour le d\u00e9veloppement du style, on a \u00e9t\u00e9 dans un sch\u00e9ma assez standard avec notamment un passage par le stade de la maquette Clay.<\/p>\n\n\n\n<figure class=\"wp-block-image size-large\"><img loading=\"lazy\" decoding=\"async\" width=\"1024\" height=\"569\" src=\"https:\/\/lignesauto.fr\/wp-content\/uploads\/2024\/10\/LIGNES_04-1024x569.jpg\" alt=\"\" class=\"wp-image-35575\" srcset=\"https:\/\/lignesauto.fr\/wp-content\/uploads\/2024\/10\/LIGNES_04-1024x569.jpg 1024w, https:\/\/lignesauto.fr\/wp-content\/uploads\/2024\/10\/LIGNES_04-300x167.jpg 300w, https:\/\/lignesauto.fr\/wp-content\/uploads\/2024\/10\/LIGNES_04-768x427.jpg 768w, https:\/\/lignesauto.fr\/wp-content\/uploads\/2024\/10\/LIGNES_04.jpg 1417w\" sizes=\"(max-width: 1024px) 100vw, 1024px\" \/><\/figure>\n\n\n\n<p style=\"font-size:17px\"><strong>Aujourd\u2019hui, l\u2019\u00e9quipe du design est d\u2019environ une cinquantaine de personnes. Et au moment du lancement du programme A390, vous \u00e9tiez combien \u00e0 travailler au design&nbsp;?<\/strong><br>\u00c0 cette \u00e9poque, on \u00e9tait seulement 10 pour travailler en parall\u00e8le sur l\u2019A290 et l\u2019A390&nbsp;!<\/p>\n\n\n\n<p style=\"font-size:17px\"><strong>La nouvelle signature lumineuse se retrouvera-t-elle d\u00e9sormais sur tous les futurs mod\u00e8les&nbsp;?<\/strong><br>\u00c0 l\u2019avant, oui, \u00e0 l\u2019arri\u00e8re il y aura forc\u00e9ment quelques petites \u00e9volutions&#8230;<\/p>\n\n\n\n<figure class=\"wp-block-image size-large\"><img loading=\"lazy\" decoding=\"async\" width=\"1024\" height=\"700\" src=\"https:\/\/lignesauto.fr\/wp-content\/uploads\/2024\/10\/LIGNES_03-1024x700.jpg\" alt=\"\" class=\"wp-image-35573\" srcset=\"https:\/\/lignesauto.fr\/wp-content\/uploads\/2024\/10\/LIGNES_03-1024x700.jpg 1024w, https:\/\/lignesauto.fr\/wp-content\/uploads\/2024\/10\/LIGNES_03-300x205.jpg 300w, https:\/\/lignesauto.fr\/wp-content\/uploads\/2024\/10\/LIGNES_03-768x525.jpg 768w, https:\/\/lignesauto.fr\/wp-content\/uploads\/2024\/10\/LIGNES_03.jpg 1417w\" sizes=\"(max-width: 1024px) 100vw, 1024px\" \/><\/figure>\n\n\n\n<p style=\"font-size:17px\"><strong>Et le diffuseur mobile, c\u2019est imaginable en production de s\u00e9rie&nbsp;?<\/strong><br>Non, mais si on l\u2019a montr\u00e9, c\u2019est parce que \u00e7a nous int\u00e9resse. Aujourd\u2019hui on travaille beaucoup le th\u00e8me de l\u2019appui et sur les v\u00e9hicules \u00e9lectriques, il nous faut am\u00e9liorer la tra\u00een\u00e9e surtout sur autoroute et ce principe apporte une partie de la solution.<\/p>\n\n\n\n<figure class=\"wp-block-image size-large\"><img loading=\"lazy\" decoding=\"async\" width=\"1024\" height=\"835\" src=\"https:\/\/lignesauto.fr\/wp-content\/uploads\/2024\/10\/LIGNES_20-1024x835.png\" alt=\"\" class=\"wp-image-35592\" srcset=\"https:\/\/lignesauto.fr\/wp-content\/uploads\/2024\/10\/LIGNES_20-1024x835.png 1024w, https:\/\/lignesauto.fr\/wp-content\/uploads\/2024\/10\/LIGNES_20-300x245.png 300w, https:\/\/lignesauto.fr\/wp-content\/uploads\/2024\/10\/LIGNES_20-768x626.png 768w, https:\/\/lignesauto.fr\/wp-content\/uploads\/2024\/10\/LIGNES_20.png 1417w\" sizes=\"(max-width: 1024px) 100vw, 1024px\" \/><\/figure>\n\n\n\n<p style=\"font-size:17px\"><strong>Cette Alpine du segment C+ \u00e9tait pr\u00e9vue pour \u00eatre accompagn\u00e9e de deux crossovers des segments sup\u00e9rieurs, notamment pour l\u2019international. Or, l\u2019un de ces deux crossovers (segment D ci-dessous) a disparu des radars. Il est au mus\u00e9e ?<\/strong><br>Non, le v\u00e9hicule n\u2019a pas disparu et on a bien une derni\u00e8re silhouette qui entre dans le plan produit. Mais \u00e0 ce jour, elle n\u2019est pas fig\u00e9e. On a pour elle plusieurs scenarii . \u00c0 l\u2019\u00e9poque, il n\u2019y en avait qu\u2019un seul, mais aujourd\u2019hui il en existe plusieurs. Pour cette derni\u00e8re silhouette, toutes les pistes sont ouvertes mais aujourd\u2019hui, elle n\u2019est pas encore fig\u00e9e.<\/p>\n\n\n\n<figure class=\"wp-block-image size-full\"><img loading=\"lazy\" decoding=\"async\" width=\"1024\" height=\"576\" src=\"https:\/\/lignesauto.fr\/wp-content\/uploads\/2024\/10\/AAA.jpg\" alt=\"\" class=\"wp-image-35579\" srcset=\"https:\/\/lignesauto.fr\/wp-content\/uploads\/2024\/10\/AAA.jpg 1024w, https:\/\/lignesauto.fr\/wp-content\/uploads\/2024\/10\/AAA-300x169.jpg 300w, https:\/\/lignesauto.fr\/wp-content\/uploads\/2024\/10\/AAA-768x432.jpg 768w\" sizes=\"(max-width: 1024px) 100vw, 1024px\" \/><\/figure>\n\n\n\n<p style=\"font-size:17px\"><strong>Tout ceci indique que les A110, A110 Cabriolet et A310 produites sur la nouvelle plateforme APP et annonc\u00e9es pour les ann\u00e9es 2027-2028 sont fig\u00e9es&nbsp;?<\/strong><br>La future A110 est tr\u00e8s avanc\u00e9e. On est \u00e9galement en train de travailler sur la silhouette 2+2 (future A310) et la silhouette du segment E est elle aussi bien dans les temps&#8230;<\/p>\n\n\n\n<figure class=\"wp-block-image size-large\"><img loading=\"lazy\" decoding=\"async\" width=\"1024\" height=\"544\" src=\"http:\/\/lignesauto.fr\/wp-content\/uploads\/2024\/01\/ALPINE_06-1024x544.png\" alt=\"\" class=\"wp-image-31643\" srcset=\"https:\/\/lignesauto.fr\/wp-content\/uploads\/2024\/01\/ALPINE_06-1024x544.png 1024w, https:\/\/lignesauto.fr\/wp-content\/uploads\/2024\/01\/ALPINE_06-300x159.png 300w, https:\/\/lignesauto.fr\/wp-content\/uploads\/2024\/01\/ALPINE_06-768x408.png 768w, https:\/\/lignesauto.fr\/wp-content\/uploads\/2024\/01\/ALPINE_06.png 1417w\" sizes=\"(max-width: 1024px) 100vw, 1024px\" \/><\/figure>\n\n\n\n<p style=\"font-size:17px\"><strong>Pour faire vivre Alpine, on comprend qu\u2019il faille des produits avec plus de volume aux c\u00f4t\u00e9s de la triplette A110, A110 Cabriolet et A310, mais est-ce que ces trois-l\u00e0 suffiront \u00e0 faire vivre la plateforme APP&nbsp;?<\/strong><br>Oui, absolument, \u00e7a suffit. Pourtant cette plateforme peut aller encore plus loin et on pourrait concevoir d\u2019autres silhouettes, mais Luca de Meo ne nous laisse pas partir sur ce terrain. On est au contraire tr\u00e8s challeng\u00e9s pour \u00e9videmment sortir des projets rentables&nbsp;!<\/p>\n\n\n\n<figure class=\"wp-block-image size-large\"><img loading=\"lazy\" decoding=\"async\" width=\"1024\" height=\"683\" src=\"https:\/\/lignesauto.fr\/wp-content\/uploads\/2024\/10\/20-000eme-Alpine-A110-produite-a-la-Manufacture-Alpine-Dieppe-Jean-Redele-1024x683.jpg\" alt=\"\" class=\"wp-image-35605\" srcset=\"https:\/\/lignesauto.fr\/wp-content\/uploads\/2024\/10\/20-000eme-Alpine-A110-produite-a-la-Manufacture-Alpine-Dieppe-Jean-Redele-1024x683.jpg 1024w, https:\/\/lignesauto.fr\/wp-content\/uploads\/2024\/10\/20-000eme-Alpine-A110-produite-a-la-Manufacture-Alpine-Dieppe-Jean-Redele-300x200.jpg 300w, https:\/\/lignesauto.fr\/wp-content\/uploads\/2024\/10\/20-000eme-Alpine-A110-produite-a-la-Manufacture-Alpine-Dieppe-Jean-Redele-768x512.jpg 768w, https:\/\/lignesauto.fr\/wp-content\/uploads\/2024\/10\/20-000eme-Alpine-A110-produite-a-la-Manufacture-Alpine-Dieppe-Jean-Redele.jpg 1417w\" sizes=\"(max-width: 1024px) 100vw, 1024px\" \/><figcaption class=\"wp-element-caption\">La Manufacture Alpine Dieppe Jean R\u00e9d\u00e9l\u00e9 a produit en d\u00e9cembre 2023 sa 20 000<sup>\u00e8me<\/sup> A110 depuis le lancement de la production le 1<sup>er <\/sup>d\u00e9cembre 2017.<\/figcaption><\/figure>\n\n\n\n<p style=\"font-size:17px\"><strong>Dieppe assurera l\u2019assemblage de la prochaine A390 de s\u00e9rie en 2025. L\u2019usine a-t-ele la capacit\u00e9 \u00e0 assembler cette premi\u00e8re Alpine, avec des volumes cons\u00e9quents qui vont avec&nbsp;?<\/strong><br>Oui, et \u00e7a \u00e9volue au quotidien. Aujourd\u2019hui on fait un peu plus de 4&nbsp;000 A110, mais il ne faut pas oublier que dans le pass\u00e9, Dieppe a produit plus de 30 000 voitures, notamment lors de l\u2019assemblage des Renault Espace . Donc dans sa configuration actuelle, l\u2019usine est capable d\u2019assembler beaucoup plus que le volume des A110. Dieppe va monter en puissance avec l\u2019arriv\u00e9e de la A390, avec toute la logistique qu\u2019elle impose avec les moteurs qui proviendront de l\u2019usine de Cl\u00e9on ou encore, la caisse en blanc qui arrivera du site de Douai.<\/p>\n\n\n\n<p style=\"font-size:16px\"><em>Merci \u00e0 Antony Villain pour sa disponibilit\u00e9 et \u00e0 l&#8217;\u00e9quipe de communication d&#8217;Alpine.<\/em><\/p>\n\n\n\n<p style=\"font-size:17px\"><strong>BONUS<br>Il n\u2019y a pas que l\u2019A390-B au Mondial&nbsp;!<\/strong><br>La marque Alpine annonce au Mondial que \u00ab&nbsp;l&#8217;ann\u00e9e 2024 marque un tournant pour la marque en plein d\u00e9ploiement de sa strat\u00e9gie et de son ambitieux plan produit. Pas moins de trois nouveaut\u00e9s sont pr\u00e9sent\u00e9es en premi\u00e8re mondiale \u00e0 cette 90<sup>e<\/sup> \u00e9dition du Mondial de l\u2019Automobile de Paris, sans oublier l&#8217;Alpine A290, tout juste lanc\u00e9e depuis l&#8217;\u00e9t\u00e9 dernier.&nbsp;\u00bb<\/p>\n\n\n\n<figure class=\"wp-block-image size-large\"><img loading=\"lazy\" decoding=\"async\" width=\"1024\" height=\"576\" src=\"https:\/\/lignesauto.fr\/wp-content\/uploads\/2024\/10\/LIGNES_06-1024x576.jpg\" alt=\"\" class=\"wp-image-35569\" srcset=\"https:\/\/lignesauto.fr\/wp-content\/uploads\/2024\/10\/LIGNES_06-1024x576.jpg 1024w, https:\/\/lignesauto.fr\/wp-content\/uploads\/2024\/10\/LIGNES_06-300x169.jpg 300w, https:\/\/lignesauto.fr\/wp-content\/uploads\/2024\/10\/LIGNES_06-768x432.jpg 768w, https:\/\/lignesauto.fr\/wp-content\/uploads\/2024\/10\/LIGNES_06.jpg 1417w\" sizes=\"(max-width: 1024px) 100vw, 1024px\" \/><\/figure>\n\n\n\n<p style=\"font-size:17px\">Lors de la conf\u00e9rence de presse du lundi 14 octobre, Philippe Krief, CEO Alpine, et Antony Villain, Directeur du Design Alpine, ont d\u00e9voil\u00e9 au public le show-car A390_\u03b2, le prototype roulant Alpenglow Hy6 \u00e0 moteur V6 aliment\u00e9 par hydrog\u00e8ne ci-dessous, ainsi que la s\u00e9rie limit\u00e9e et exclusive A110 R Ultime.<\/p>\n\n\n\n<figure class=\"wp-block-image size-large\"><img loading=\"lazy\" decoding=\"async\" width=\"1024\" height=\"576\" src=\"http:\/\/lignesauto.fr\/wp-content\/uploads\/2024\/10\/Alpenglow-Hy6-1024x576.jpg\" alt=\"\" class=\"wp-image-35603\" srcset=\"https:\/\/lignesauto.fr\/wp-content\/uploads\/2024\/10\/Alpenglow-Hy6-1024x576.jpg 1024w, https:\/\/lignesauto.fr\/wp-content\/uploads\/2024\/10\/Alpenglow-Hy6-300x169.jpg 300w, https:\/\/lignesauto.fr\/wp-content\/uploads\/2024\/10\/Alpenglow-Hy6-768x432.jpg 768w, https:\/\/lignesauto.fr\/wp-content\/uploads\/2024\/10\/Alpenglow-Hy6.jpg 1417w\" sizes=\"(max-width: 1024px) 100vw, 1024px\" \/><\/figure>\n\n\n\n<p style=\"font-size:17px\"><strong>ARCHIVES : un projet de crossover Alpine inconnu d\u00e9voil\u00e9 ci-dessous<\/strong><\/p>\n\n\n\n<figure class=\"wp-block-embed is-type-wp-embed is-provider-lignes-auto wp-block-embed-lignes-auto\"><div class=\"wp-block-embed__wrapper\">\n<blockquote class=\"wp-embedded-content\" data-secret=\"HsnWDGqjhJ\"><a href=\"https:\/\/lignesauto.fr\/?p=30213\">ALPINE : le point sur la future gamme, o\u00f9 quand l&rsquo;ADN du crossover coule dans ses veines depuis plus de 40 ans !<\/a><\/blockquote><iframe class=\"wp-embedded-content\" sandbox=\"allow-scripts\" security=\"restricted\" style=\"position: absolute; clip: rect(1px, 1px, 1px, 1px);\" title=\"\u00ab\u00a0ALPINE : le point sur la future gamme, o\u00f9 quand l&rsquo;ADN du crossover coule dans ses veines depuis plus de 40 ans !\u00a0\u00bb &#8212; LIGNES\/auto\" src=\"https:\/\/lignesauto.fr\/?p=30213&#038;embed=true#?secret=03UCemdlk4#?secret=HsnWDGqjhJ\" data-secret=\"HsnWDGqjhJ\" width=\"600\" height=\"338\" frameborder=\"0\" marginwidth=\"0\" marginheight=\"0\" scrolling=\"no\"><\/iframe>\n<\/div><\/figure>\n\n\n<div class=\"wp-block-image\">\n<figure class=\"aligncenter size-full is-resized\"><img loading=\"lazy\" decoding=\"async\" width=\"1024\" height=\"367\" src=\"http:\/\/lignesauto.fr\/wp-content\/uploads\/2024\/10\/image-2.png\" alt=\"\" class=\"wp-image-35384\" style=\"width:480px;height:auto\" srcset=\"https:\/\/lignesauto.fr\/wp-content\/uploads\/2024\/10\/image-2.png 1024w, https:\/\/lignesauto.fr\/wp-content\/uploads\/2024\/10\/image-2-300x108.png 300w, https:\/\/lignesauto.fr\/wp-content\/uploads\/2024\/10\/image-2-768x275.png 768w\" sizes=\"(max-width: 1024px) 100vw, 1024px\" \/><\/figure><\/div>","protected":false},"excerpt":{"rendered":"<p>L&#8217;Alpine A390 est l\u2019une des grandes vedettes du Mondial automobile de Paris qui se tient \u00e0 la porte de Versailles jusqu\u2019au dimanche 20 octobre et qui de mieux qu\u2019Antony Villain, le patron du design de la marque pour en parler ? Il n\u2019est pas n\u00e9cessaire de revenir tout au long [&hellip;]<\/p>\n","protected":false},"author":1,"featured_media":35551,"comment_status":"closed","ping_status":"closed","sticky":false,"template":"","format":"standard","meta":{"footnotes":""},"categories":[1],"tags":[],"_links":{"self":[{"href":"https:\/\/lignesauto.fr\/index.php?rest_route=\/wp\/v2\/posts\/35549"}],"collection":[{"href":"https:\/\/lignesauto.fr\/index.php?rest_route=\/wp\/v2\/posts"}],"about":[{"href":"https:\/\/lignesauto.fr\/index.php?rest_route=\/wp\/v2\/types\/post"}],"author":[{"embeddable":true,"href":"https:\/\/lignesauto.fr\/index.php?rest_route=\/wp\/v2\/users\/1"}],"replies":[{"embeddable":true,"href":"https:\/\/lignesauto.fr\/index.php?rest_route=%2Fwp%2Fv2%2Fcomments&post=35549"}],"version-history":[{"count":58,"href":"https:\/\/lignesauto.fr\/index.php?rest_route=\/wp\/v2\/posts\/35549\/revisions"}],"predecessor-version":[{"id":35649,"href":"https:\/\/lignesauto.fr\/index.php?rest_route=\/wp\/v2\/posts\/35549\/revisions\/35649"}],"wp:featuredmedia":[{"embeddable":true,"href":"https:\/\/lignesauto.fr\/index.php?rest_route=\/wp\/v2\/media\/35551"}],"wp:attachment":[{"href":"https:\/\/lignesauto.fr\/index.php?rest_route=%2Fwp%2Fv2%2Fmedia&parent=35549"}],"wp:term":[{"taxonomy":"category","embeddable":true,"href":"https:\/\/lignesauto.fr\/index.php?rest_route=%2Fwp%2Fv2%2Fcategories&post=35549"},{"taxonomy":"post_tag","embeddable":true,"href":"https:\/\/lignesauto.fr\/index.php?rest_route=%2Fwp%2Fv2%2Ftags&post=35549"}],"curies":[{"name":"wp","href":"https:\/\/api.w.org\/{rel}","templated":true}]}}