{"id":35650,"date":"2024-12-01T18:41:42","date_gmt":"2024-12-01T17:41:42","guid":{"rendered":"https:\/\/lignesauto.fr\/?p=35650"},"modified":"2024-12-08T09:45:39","modified_gmt":"2024-12-08T08:45:39","slug":"renault-4-e-tech-lamour-impossible","status":"publish","type":"post","link":"https:\/\/lignesauto.fr\/?p=35650","title":{"rendered":"Renault 4 E-TECH\u00a0: l\u2019amour impossible !"},"content":{"rendered":"<div class=\"wp-block-image\">\n<figure class=\"aligncenter size-full is-resized\"><img loading=\"lazy\" decoding=\"async\" width=\"1024\" height=\"367\" src=\"http:\/\/lignesauto.fr\/wp-content\/uploads\/2024\/10\/image-2.png\" alt=\"\" class=\"wp-image-35384\" style=\"width:371px;height:auto\" srcset=\"https:\/\/lignesauto.fr\/wp-content\/uploads\/2024\/10\/image-2.png 1024w, https:\/\/lignesauto.fr\/wp-content\/uploads\/2024\/10\/image-2-300x108.png 300w, https:\/\/lignesauto.fr\/wp-content\/uploads\/2024\/10\/image-2-768x275.png 768w\" sizes=\"(max-width: 1024px) 100vw, 1024px\" \/><\/figure><\/div>\n\n\n<figure class=\"wp-block-image size-large\"><img loading=\"lazy\" decoding=\"async\" width=\"1024\" height=\"771\" src=\"https:\/\/lignesauto.fr\/wp-content\/uploads\/2024\/10\/LIGNES_CALANDRE_900-1024x771.png\" alt=\"\" class=\"wp-image-35694\" srcset=\"https:\/\/lignesauto.fr\/wp-content\/uploads\/2024\/10\/LIGNES_CALANDRE_900-1024x771.png 1024w, https:\/\/lignesauto.fr\/wp-content\/uploads\/2024\/10\/LIGNES_CALANDRE_900-300x226.png 300w, https:\/\/lignesauto.fr\/wp-content\/uploads\/2024\/10\/LIGNES_CALANDRE_900-768x578.png 768w, https:\/\/lignesauto.fr\/wp-content\/uploads\/2024\/10\/LIGNES_CALANDRE_900.png 1417w\" sizes=\"(max-width: 1024px) 100vw, 1024px\" \/><\/figure>\n\n\n\n<p style=\"font-size:17px\">&#8220;Sensation au Mondial, je t\u2019ai pr\u00e9f\u00e9r\u00e9e toi, R4 E-TECH, \u00e0 ta petite s\u0153ur R5 E-TECH. Autant de charme \u2013 \u00e7a n\u2019engage que moi -, plus de place \u00e0 bord avec ton empattement de 2,62 m soit 8 cm de plus que la R5 et plus de volume de coffre avec tes 420 litres. Et tout \u00e7a pour une longueur de seulement 4,14 m, soit respectivement 9 cm de plus que la Clio et 9 cm de moins que la Captur. Et tellement de clins d\u2019\u0153il \u00e0 ton anc\u00eatre. Je t\u2019aime&#8230; mais je te maudis.&#8221;<\/p>\n\n\n\n<figure class=\"wp-block-image size-large\"><img loading=\"lazy\" decoding=\"async\" width=\"1024\" height=\"556\" src=\"https:\/\/lignesauto.fr\/wp-content\/uploads\/2024\/10\/LIGNES_CALANDRE_14-1024x556.jpg\" alt=\"\" class=\"wp-image-35670\" srcset=\"https:\/\/lignesauto.fr\/wp-content\/uploads\/2024\/10\/LIGNES_CALANDRE_14-1024x556.jpg 1024w, https:\/\/lignesauto.fr\/wp-content\/uploads\/2024\/10\/LIGNES_CALANDRE_14-300x163.jpg 300w, https:\/\/lignesauto.fr\/wp-content\/uploads\/2024\/10\/LIGNES_CALANDRE_14-768x417.jpg 768w, https:\/\/lignesauto.fr\/wp-content\/uploads\/2024\/10\/LIGNES_CALANDRE_14.jpg 1417w\" sizes=\"(max-width: 1024px) 100vw, 1024px\" \/><\/figure>\n\n\n\n<p style=\"font-size:17px\">&#8220;Est-ce vraiment toi qu\u2019il faut bl\u00e2mer d\u2019\u00eatre uniquement branch\u00e9e&nbsp;? Ou faut-il toquer \u00e0 la grande porte de la maison europ\u00e9enne qui n\u2019a pas de garage et nie tout sentiment envers le monde automobile. Et par l\u00e0 m\u00eame, vous impose \u00e0 toi et ta fratrie d\u2019\u00eatre c\u00e2bl\u00e9e. Je t\u2019aime mais notre amour est d\u00e9finitivement impossible. Tu es \u00e9lectrisante mais moi, je ne peux pas te brancher&#8230;&#8221;<\/p>\n\n\n\n<figure class=\"wp-block-image size-large\"><img loading=\"lazy\" decoding=\"async\" width=\"1024\" height=\"765\" src=\"https:\/\/lignesauto.fr\/wp-content\/uploads\/2024\/10\/LIGNES_CALANDRE_206-1024x765.jpg\" alt=\"\" class=\"wp-image-35672\" srcset=\"https:\/\/lignesauto.fr\/wp-content\/uploads\/2024\/10\/LIGNES_CALANDRE_206-1024x765.jpg 1024w, https:\/\/lignesauto.fr\/wp-content\/uploads\/2024\/10\/LIGNES_CALANDRE_206-300x224.jpg 300w, https:\/\/lignesauto.fr\/wp-content\/uploads\/2024\/10\/LIGNES_CALANDRE_206-768x574.jpg 768w, https:\/\/lignesauto.fr\/wp-content\/uploads\/2024\/10\/LIGNES_CALANDRE_206.jpg 1417w\" sizes=\"(max-width: 1024px) 100vw, 1024px\" \/><\/figure>\n\n\n\n<p style=\"font-size:17px\">&#8220;Pourtant, j\u2019adore ton regard qui d\u00e9clenche de jolis souvenirs. Un regard tellement simple et pourtant tr\u00e8s technologique. Je te la ferais bien \u00e0 la Gabin, \u00ab <em>t\u2019as de beaux yeux tu sais !<\/em> \u00bb mais tu m\u00e9rites mieux. Alors je braque les projecteurs sur un d\u00e9tail stylistique et conceptuel qui n\u2019en est pas un : ta calandre. Ton p\u00e8re ou ta m\u00e8re \u00e0 la communication de la grande maison Renault, dit de toi que \u00ab <em>ta calandre est la premi\u00e8re \u00e0 attirer l\u2019\u0153il.<\/em> \u00bb<\/p>\n\n\n\n<figure class=\"wp-block-image size-large\"><img loading=\"lazy\" decoding=\"async\" width=\"1024\" height=\"684\" src=\"https:\/\/lignesauto.fr\/wp-content\/uploads\/2024\/10\/LIGNES_CALANDRE_201-1024x684.jpg\" alt=\"\" class=\"wp-image-35674\" srcset=\"https:\/\/lignesauto.fr\/wp-content\/uploads\/2024\/10\/LIGNES_CALANDRE_201-1024x684.jpg 1024w, https:\/\/lignesauto.fr\/wp-content\/uploads\/2024\/10\/LIGNES_CALANDRE_201-300x200.jpg 300w, https:\/\/lignesauto.fr\/wp-content\/uploads\/2024\/10\/LIGNES_CALANDRE_201-768x513.jpg 768w, https:\/\/lignesauto.fr\/wp-content\/uploads\/2024\/10\/LIGNES_CALANDRE_201.jpg 1417w\" sizes=\"(max-width: 1024px) 100vw, 1024px\" \/><\/figure>\n\n\n\n<p style=\"font-size:17px\">&#8220;Bingo, j\u2019en suis raide dingue. Et m\u00e9fiant. Car d\u00e9sirer tes iris iris\u00e9s ne suffit pas \u00e0 transformer une idylle en un amour infini. Tes yeux ne sont rien sans ton masque. Ta calandre est d\u00e9mesur\u00e9ment grande&nbsp;: 1,45 m&nbsp;! Contrairement au pic de Cyrano, c\u2019est une chance. Tu l\u2019illumines d\u2019un fin trait de mascara et tel un clown, ton nez en losange brille lui aussi dans l\u2019obscurit\u00e9.&#8221;<\/p>\n\n\n\n<figure class=\"wp-block-image size-large\"><img loading=\"lazy\" decoding=\"async\" width=\"1024\" height=\"670\" src=\"https:\/\/lignesauto.fr\/wp-content\/uploads\/2024\/10\/LIGNES_CALANDRE_05-1024x670.png\" alt=\"\" class=\"wp-image-35690\" srcset=\"https:\/\/lignesauto.fr\/wp-content\/uploads\/2024\/10\/LIGNES_CALANDRE_05-1024x670.png 1024w, https:\/\/lignesauto.fr\/wp-content\/uploads\/2024\/10\/LIGNES_CALANDRE_05-300x196.png 300w, https:\/\/lignesauto.fr\/wp-content\/uploads\/2024\/10\/LIGNES_CALANDRE_05-768x502.png 768w, https:\/\/lignesauto.fr\/wp-content\/uploads\/2024\/10\/LIGNES_CALANDRE_05.png 1417w\" sizes=\"(max-width: 1024px) 100vw, 1024px\" \/><\/figure>\n\n\n\n<p style=\"font-size:17px\">&#8220;Sur ce point, tu es quand m\u00eame bien plus belle que certaines allemandes qui n\u2019ont que leur traits de mascara \u00e9clair\u00e9s et un gros point noir \u2013 leur logo &#8211; sur le pif. Mais \u00e7a change, elles aussi vont se mettre \u00e0 luire la nuit tomb\u00e9e. M\u00e9fie-toi\u2026 Oui, j\u2019aime la complexit\u00e9 qu\u2019il y a derri\u00e8re ton visage. Il para\u00eet si simple avec tes deux yeux presque ronds, mais ton minois est dessin\u00e9 de multiples fragments et travaill\u00e9 comme une pi\u00e8ce d\u2019horlogerie.&#8221;<\/p>\n\n\n\n<figure class=\"wp-block-image size-large\"><img loading=\"lazy\" decoding=\"async\" width=\"1024\" height=\"462\" src=\"https:\/\/lignesauto.fr\/wp-content\/uploads\/2024\/10\/LIGNES_CALANDRE_02-1024x462.jpg\" alt=\"\" class=\"wp-image-35676\" srcset=\"https:\/\/lignesauto.fr\/wp-content\/uploads\/2024\/10\/LIGNES_CALANDRE_02-1024x462.jpg 1024w, https:\/\/lignesauto.fr\/wp-content\/uploads\/2024\/10\/LIGNES_CALANDRE_02-300x135.jpg 300w, https:\/\/lignesauto.fr\/wp-content\/uploads\/2024\/10\/LIGNES_CALANDRE_02-768x346.jpg 768w, https:\/\/lignesauto.fr\/wp-content\/uploads\/2024\/10\/LIGNES_CALANDRE_02.jpg 1417w\" sizes=\"(max-width: 1024px) 100vw, 1024px\" \/><figcaption class=\"wp-element-caption\">Images ci-dessus et ci-dessous 3D de S\u00e9bastien Leone, leader ing\u00e9nierie \u00e9clairage-signalisation au design Renault.<\/figcaption><\/figure>\n\n\n\n<p style=\"font-size:17px\">&#8220;Cette simplicit\u00e9 dans le dessin et la conception a \u00e9t\u00e9 l\u2019un des d\u00e9fis de ton design. Tout le monde s\u2019y est mis, des designers \u00e0 l\u2019ing\u00e9nierie jusqu\u2019aux \u00e9quipes d\u2019industrialisation sans oublier les fournisseurs, Valeo et OP Mobility. Il y en a eu du monde au-dessus de ton berceau. C\u2019est un projet dans le projet qui a abouti \u00e0 la premi\u00e8re calandre lumineuse monobloc au monde. Et c\u2019est toi qui l\u2019inaugure ! Du coup, je ne sais m\u00eame plus si je te m\u00e9rite\u2026&#8221;<\/p>\n\n\n\n<figure class=\"wp-block-image size-large\"><img loading=\"lazy\" decoding=\"async\" width=\"1024\" height=\"462\" src=\"http:\/\/lignesauto.fr\/wp-content\/uploads\/2024\/10\/LIGNES_CALANDRE_03-1024x462.jpg\" alt=\"\" class=\"wp-image-35678\" srcset=\"https:\/\/lignesauto.fr\/wp-content\/uploads\/2024\/10\/LIGNES_CALANDRE_03-1024x462.jpg 1024w, https:\/\/lignesauto.fr\/wp-content\/uploads\/2024\/10\/LIGNES_CALANDRE_03-300x135.jpg 300w, https:\/\/lignesauto.fr\/wp-content\/uploads\/2024\/10\/LIGNES_CALANDRE_03-768x346.jpg 768w, https:\/\/lignesauto.fr\/wp-content\/uploads\/2024\/10\/LIGNES_CALANDRE_03.jpg 1417w\" sizes=\"(max-width: 1024px) 100vw, 1024px\" \/><\/figure>\n\n\n\n<p style=\"font-size:17px\">&#8220;Gilles Vidal, (c\u2019est le patron du design Renault et c\u2019est lui qui a g\u00e9r\u00e9 ta conception) explique que \u00ab&nbsp;<em>nous avons toujours aspir\u00e9 \u00e0 sublimer nos calandres gr\u00e2ce \u00e0 la lumi\u00e8re. Aujourd\u2019hui, la r\u00e8glementation nous offre cette possibilit\u00e9.<\/em>&nbsp;\u00bb Tu as vu comme il parle bien de toi. Je suis un peu jaloux. Mais ce n\u2019est pas grave, car toi et moi, on ne vivra pas ensemble&#8230;&#8221;<\/p>\n\n\n\n<figure class=\"wp-block-image size-large\"><img loading=\"lazy\" decoding=\"async\" width=\"1024\" height=\"562\" src=\"https:\/\/lignesauto.fr\/wp-content\/uploads\/2024\/10\/LIGNES_CALANDRE_205-1024x562.png\" alt=\"\" class=\"wp-image-35680\" srcset=\"https:\/\/lignesauto.fr\/wp-content\/uploads\/2024\/10\/LIGNES_CALANDRE_205-1024x562.png 1024w, https:\/\/lignesauto.fr\/wp-content\/uploads\/2024\/10\/LIGNES_CALANDRE_205-300x165.png 300w, https:\/\/lignesauto.fr\/wp-content\/uploads\/2024\/10\/LIGNES_CALANDRE_205-768x422.png 768w, https:\/\/lignesauto.fr\/wp-content\/uploads\/2024\/10\/LIGNES_CALANDRE_205.png 1417w\" sizes=\"(max-width: 1024px) 100vw, 1024px\" \/><figcaption class=\"wp-element-caption\">Gilles Vidal lors de la pr\u00e9sentation en premi\u00e8re mondiale de la R4 E-TECH le lundi 14 octobre 2024.<\/figcaption><\/figure>\n\n\n\n<p style=\"font-size:17px\">&#8220;Tu ne seras pas \u00e0 l\u2019heure de notre rendez-vous. Je ne pourrais pas toucher ton volant \u2013 qui n\u2019a rien \u00e0 voir avec celui de ton anc\u00eatre-, je ne titillerai pas tes commandes, ni caresserai tes deux \u00e9crans de 10 pouces (7 et 10 en entr\u00e9e de gamme) avec Google int\u00e9gr\u00e9 et les services qui vont avec. On aurait m\u00eame pu faire m\u00e9nage \u00e0 trois avec ton avatar \u00ab&nbsp;Reno&nbsp;\u00bb qui a r\u00e9ponse \u00e0 tout. Tu veux que je te branche et je ne peux pas. \u00ab&nbsp;<em>Hey Reno, fais-moi une R4 E-TECH thermique hybride&nbsp;!&nbsp;<\/em>\u00bb<\/p>\n\n\n\n<figure class=\"wp-block-image size-large\"><img loading=\"lazy\" decoding=\"async\" width=\"1024\" height=\"762\" src=\"https:\/\/lignesauto.fr\/wp-content\/uploads\/2024\/10\/LIGNES_CALANDRE_207-1024x762.jpg\" alt=\"\" class=\"wp-image-35683\" srcset=\"https:\/\/lignesauto.fr\/wp-content\/uploads\/2024\/10\/LIGNES_CALANDRE_207-1024x762.jpg 1024w, https:\/\/lignesauto.fr\/wp-content\/uploads\/2024\/10\/LIGNES_CALANDRE_207-300x223.jpg 300w, https:\/\/lignesauto.fr\/wp-content\/uploads\/2024\/10\/LIGNES_CALANDRE_207-768x572.jpg 768w, https:\/\/lignesauto.fr\/wp-content\/uploads\/2024\/10\/LIGNES_CALANDRE_207.jpg 1417w\" sizes=\"(max-width: 1024px) 100vw, 1024px\" \/><figcaption class=\"wp-element-caption\">Trois niveaux de finition sont disponibles sur la R4 E-TECH : \u00c9volution, Techno et Iconic avec trois ambiances et mat\u00e9riaux sp\u00e9cifiques.<\/figcaption><\/figure>\n\n\n\n<p style=\"font-size:17px\">&#8220;Ce ne sont pas les constructeurs qui ont Impos\u00e9 l\u2019\u00e9lectrique, mais toi, tu n\u2019es pas multi \u00e9nergie. Et moi, je vis dans un village de caract\u00e8re, certes, mais sans borne de recharge, et dans une maison de ville sans garage et un trottoir \u00e0 l\u2019aplomb de mes fen\u00eatres. Et je ne peux pas recharger au travail, car je bosse chez moi\u00a0! Suis-je le seul ?&#8221;<\/p>\n\n\n\n<figure class=\"wp-block-image size-large\"><img loading=\"lazy\" decoding=\"async\" width=\"1024\" height=\"610\" src=\"https:\/\/lignesauto.fr\/wp-content\/uploads\/2024\/10\/LIGNES_CALANDRE_203-1024x610.jpg\" alt=\"\" class=\"wp-image-35685\" srcset=\"https:\/\/lignesauto.fr\/wp-content\/uploads\/2024\/10\/LIGNES_CALANDRE_203-1024x610.jpg 1024w, https:\/\/lignesauto.fr\/wp-content\/uploads\/2024\/10\/LIGNES_CALANDRE_203-300x179.jpg 300w, https:\/\/lignesauto.fr\/wp-content\/uploads\/2024\/10\/LIGNES_CALANDRE_203-768x457.jpg 768w, https:\/\/lignesauto.fr\/wp-content\/uploads\/2024\/10\/LIGNES_CALANDRE_203.jpg 1417w\" sizes=\"(max-width: 1024px) 100vw, 1024px\" \/><\/figure>\n\n\n\n<p style=\"font-size:17px\">&#8220;Je t\u2019aime mais je te maudis d\u2019avoir donn\u00e9 naissance \u00e0 cet amour impossible ! Ta m\u00e8re qu\u2019on surnommait la 4L me trimbalait pourtant lorsque j\u2019\u00e9tais tout jeune. J\u2019ai souvenir du bruit du frein \u00e0 main lorsqu\u2019on le tirait, le mouvement du paternel lorsqu\u2019il passait la seconde vitesse en arrachant le levier de la planche de bord. J\u2019avais l\u2019impression qu\u2019un jour il y aurait un brochet au bout de la canne. Ou un requin. Mais non, mon p\u00e8re passait la troisi\u00e8me, repoussait la tige d\u2019acier l\u00e0-bas sous le capot moteur pour donner naissance \u00e0 une acc\u00e9l\u00e9ration, faut-il l\u2019\u00e9crire, relativement modeste. Voil\u00e0, la 4L, c\u2019\u00e9tait la voiture pour les modestes\u2026 Tu as bien chang\u00e9 sur ce point, non ?&#8221;<\/p>\n\n\n\n<figure class=\"wp-block-image size-large\"><img loading=\"lazy\" decoding=\"async\" width=\"1024\" height=\"478\" src=\"https:\/\/lignesauto.fr\/wp-content\/uploads\/2024\/10\/LIGNES_CALANDRE_300-1024x478.png\" alt=\"\" class=\"wp-image-35688\" srcset=\"https:\/\/lignesauto.fr\/wp-content\/uploads\/2024\/10\/LIGNES_CALANDRE_300-1024x478.png 1024w, https:\/\/lignesauto.fr\/wp-content\/uploads\/2024\/10\/LIGNES_CALANDRE_300-300x140.png 300w, https:\/\/lignesauto.fr\/wp-content\/uploads\/2024\/10\/LIGNES_CALANDRE_300-768x358.png 768w, https:\/\/lignesauto.fr\/wp-content\/uploads\/2024\/10\/LIGNES_CALANDRE_300.png 1417w\" sizes=\"(max-width: 1024px) 100vw, 1024px\" \/><figcaption class=\"wp-element-caption\">La Renault 4 est n\u00e9e en 1961. A droite, l&#8217;un des derniers tableaux de bord et sa canne de levier de vitesses, semblable \u00e0 celle de la 2CV. Ce qui avait fait hurler le patron de Citro\u00ebn au d\u00e9but des ann\u00e9es 1960 !<\/figcaption><\/figure>\n\n\n\n<p style=\"font-size:17px\">&#8220;Or donc, apr\u00e8s avoir ador\u00e9 la 4L dans mon adolescence, je t\u2019aime toi, la R4 E-TECH. Sacr\u00e9 Gilles, l\u2019\u00e9quipe du design a su remuer le couteau dans la plaie&nbsp;: un toit ouvrant en toile, des feux arri\u00e8re en g\u00e9lule \u2013 mais il ne faut pas d\u00e9passer la dose prescrite &#8211; , un hayon au ras du bitume et des noms qui parlent aux connaisseurs&nbsp;: Jogging pour tes enjoliveurs, Sixties et Parisienne pour tes diff\u00e9rentes jantes aluminium diamant\u00e9es noir. Des noms de &#8220;s\u00e9rie sp\u00e9ciale&#8221; de ta m\u00e8re&#8230;&#8221;<\/p>\n\n\n\n<figure class=\"wp-block-image size-large\"><img loading=\"lazy\" decoding=\"async\" width=\"1024\" height=\"866\" src=\"https:\/\/lignesauto.fr\/wp-content\/uploads\/2024\/10\/Capture-decran-2024-10-17-a-17.49.54-1024x866.png\" alt=\"\" class=\"wp-image-35700\" srcset=\"https:\/\/lignesauto.fr\/wp-content\/uploads\/2024\/10\/Capture-decran-2024-10-17-a-17.49.54-1024x866.png 1024w, https:\/\/lignesauto.fr\/wp-content\/uploads\/2024\/10\/Capture-decran-2024-10-17-a-17.49.54-300x254.png 300w, https:\/\/lignesauto.fr\/wp-content\/uploads\/2024\/10\/Capture-decran-2024-10-17-a-17.49.54-768x650.png 768w, https:\/\/lignesauto.fr\/wp-content\/uploads\/2024\/10\/Capture-decran-2024-10-17-a-17.49.54.png 1417w\" sizes=\"(max-width: 1024px) 100vw, 1024px\" \/><\/figure>\n\n\n\n<p style=\"font-size:17px\">&#8220;Bon, tu penseras sans doute que \u00e7a para\u00eet un peu facile. Tu as m\u00eame une teinte qui rend hommage \u00e0 ton lieu d\u2019assemblage, le vert Hauts-de-France. Ne rigole pas, ta m\u00e8re en 1961 s\u2019habillait d\u2019un bleu Ile-de-France&nbsp;! Tu nous fais voyager dans de superbes contr\u00e9es&#8230; Mais ce sera sans moi. Je plonge \u00e0 regret dans le monde de l\u2019adult\u00e8re au volant d&#8217;une thermique hybride. Tu l\u2019as bien cherch\u00e9&nbsp;! Et ne m&#8217;appelle plus, \u00e7a ferait trop mal !&#8221;<\/p>\n\n\n\n<figure class=\"wp-block-image size-large\"><img loading=\"lazy\" decoding=\"async\" width=\"1024\" height=\"811\" src=\"https:\/\/lignesauto.fr\/wp-content\/uploads\/2024\/10\/LIGNES_CALANDRE_210-1024x811.jpg\" alt=\"\" class=\"wp-image-35687\" srcset=\"https:\/\/lignesauto.fr\/wp-content\/uploads\/2024\/10\/LIGNES_CALANDRE_210-1024x811.jpg 1024w, https:\/\/lignesauto.fr\/wp-content\/uploads\/2024\/10\/LIGNES_CALANDRE_210-300x238.jpg 300w, https:\/\/lignesauto.fr\/wp-content\/uploads\/2024\/10\/LIGNES_CALANDRE_210-768x608.jpg 768w, https:\/\/lignesauto.fr\/wp-content\/uploads\/2024\/10\/LIGNES_CALANDRE_210.jpg 1417w\" sizes=\"(max-width: 1024px) 100vw, 1024px\" \/><\/figure>\n\n\n\n<p style=\"font-size:17px\">A lire ce sujet de nos archives concernant la premi\u00e8re Renault 4 : le proc\u00e8s Citro\u00ebn &#8211; Renault qui n&#8217;a heureusement pas eu lieu :<\/p>\n\n\n\n<figure class=\"wp-block-embed is-type-wp-embed is-provider-lignes-auto wp-block-embed-lignes-auto\"><div class=\"wp-block-embed__wrapper\">\n<blockquote class=\"wp-embedded-content\" data-secret=\"NYYXkUQ9g4\"><a href=\"https:\/\/lignesauto.fr\/?p=26445\">Le proc\u00e8s Citro\u00ebn &#8211; Renault n&rsquo;a pas eu lieu !<\/a><\/blockquote><iframe class=\"wp-embedded-content\" sandbox=\"allow-scripts\" security=\"restricted\" style=\"position: absolute; clip: rect(1px, 1px, 1px, 1px);\" title=\"\u00ab\u00a0Le proc\u00e8s Citro\u00ebn &#8211; Renault n&rsquo;a pas eu lieu !\u00a0\u00bb &#8212; LIGNES\/auto\" src=\"https:\/\/lignesauto.fr\/?p=26445&#038;embed=true#?secret=anfYkCFb4u#?secret=NYYXkUQ9g4\" data-secret=\"NYYXkUQ9g4\" width=\"600\" height=\"338\" frameborder=\"0\" marginwidth=\"0\" marginheight=\"0\" scrolling=\"no\"><\/iframe>\n<\/div><\/figure>\n\n\n<div class=\"wp-block-image\">\n<figure class=\"aligncenter size-full is-resized\"><img loading=\"lazy\" decoding=\"async\" width=\"1024\" height=\"367\" src=\"http:\/\/lignesauto.fr\/wp-content\/uploads\/2024\/10\/image-2.png\" alt=\"\" class=\"wp-image-35384\" style=\"width:385px;height:auto\" srcset=\"https:\/\/lignesauto.fr\/wp-content\/uploads\/2024\/10\/image-2.png 1024w, https:\/\/lignesauto.fr\/wp-content\/uploads\/2024\/10\/image-2-300x108.png 300w, https:\/\/lignesauto.fr\/wp-content\/uploads\/2024\/10\/image-2-768x275.png 768w\" sizes=\"(max-width: 1024px) 100vw, 1024px\" \/><\/figure><\/div>","protected":false},"excerpt":{"rendered":"<p>&#8220;Sensation au Mondial, je t\u2019ai pr\u00e9f\u00e9r\u00e9e toi, R4 E-TECH, \u00e0 ta petite s\u0153ur R5 E-TECH. Autant de charme \u2013 \u00e7a n\u2019engage que moi -, plus de place \u00e0 bord avec ton empattement de 2,62 m soit 8 cm de plus que la R5 et plus de volume de coffre avec [&hellip;]<\/p>\n","protected":false},"author":1,"featured_media":35699,"comment_status":"closed","ping_status":"closed","sticky":false,"template":"","format":"standard","meta":{"footnotes":""},"categories":[1],"tags":[],"_links":{"self":[{"href":"https:\/\/lignesauto.fr\/index.php?rest_route=\/wp\/v2\/posts\/35650"}],"collection":[{"href":"https:\/\/lignesauto.fr\/index.php?rest_route=\/wp\/v2\/posts"}],"about":[{"href":"https:\/\/lignesauto.fr\/index.php?rest_route=\/wp\/v2\/types\/post"}],"author":[{"embeddable":true,"href":"https:\/\/lignesauto.fr\/index.php?rest_route=\/wp\/v2\/users\/1"}],"replies":[{"embeddable":true,"href":"https:\/\/lignesauto.fr\/index.php?rest_route=%2Fwp%2Fv2%2Fcomments&post=35650"}],"version-history":[{"count":61,"href":"https:\/\/lignesauto.fr\/index.php?rest_route=\/wp\/v2\/posts\/35650\/revisions"}],"predecessor-version":[{"id":35760,"href":"https:\/\/lignesauto.fr\/index.php?rest_route=\/wp\/v2\/posts\/35650\/revisions\/35760"}],"wp:featuredmedia":[{"embeddable":true,"href":"https:\/\/lignesauto.fr\/index.php?rest_route=\/wp\/v2\/media\/35699"}],"wp:attachment":[{"href":"https:\/\/lignesauto.fr\/index.php?rest_route=%2Fwp%2Fv2%2Fmedia&parent=35650"}],"wp:term":[{"taxonomy":"category","embeddable":true,"href":"https:\/\/lignesauto.fr\/index.php?rest_route=%2Fwp%2Fv2%2Fcategories&post=35650"},{"taxonomy":"post_tag","embeddable":true,"href":"https:\/\/lignesauto.fr\/index.php?rest_route=%2Fwp%2Fv2%2Ftags&post=35650"}],"curies":[{"name":"wp","href":"https:\/\/api.w.org\/{rel}","templated":true}]}}