{"id":35893,"date":"2024-11-01T17:42:58","date_gmt":"2024-11-01T16:42:58","guid":{"rendered":"https:\/\/lignesauto.fr\/?p=35893"},"modified":"2024-11-01T20:41:44","modified_gmt":"2024-11-01T19:41:44","slug":"2020-2024-trois-concept-cars-renault-que-reste-t-il-de-nos-amours","status":"publish","type":"post","link":"https:\/\/lignesauto.fr\/?p=35893","title":{"rendered":"2020-2024\u00a0: trois concept-cars Renault. Que reste-t-il de nos amours ?"},"content":{"rendered":"<div class=\"wp-block-image\">\n<figure class=\"aligncenter size-full is-resized\"><img loading=\"lazy\" decoding=\"async\" width=\"1024\" height=\"367\" src=\"http:\/\/lignesauto.fr\/wp-content\/uploads\/2024\/10\/image-2.png\" alt=\"\" class=\"wp-image-35384\" style=\"width:481px;height:auto\" srcset=\"https:\/\/lignesauto.fr\/wp-content\/uploads\/2024\/10\/image-2.png 1024w, https:\/\/lignesauto.fr\/wp-content\/uploads\/2024\/10\/image-2-300x108.png 300w, https:\/\/lignesauto.fr\/wp-content\/uploads\/2024\/10\/image-2-768x275.png 768w\" sizes=\"(max-width: 1024px) 100vw, 1024px\" \/><\/figure><\/div>\n\n\n<p style=\"font-size:17px\">Que reste-t-il des concept-cars pr\u00e9sent\u00e9s au fil des ans par les diff\u00e9rents constructeurs&nbsp;? On les oublie parfois aussi vite qu\u2019un bonheur \u00e9ph\u00e9m\u00e8re, et pourtant, ils portent en eux le les g\u00e8nes des voitures de demain. C\u2019est leur r\u00f4le. Alors profitons de la pr\u00e9sentation du concept Renault Embl\u00e8me pour remonter un peu le temps, et mettre en relief les innovations des trois derniers concepts de la marque ciblant \u00e0 peu pr\u00e8s le m\u00eame segment.<\/p>\n\n\n\n<figure class=\"wp-block-image size-large\"><img loading=\"lazy\" decoding=\"async\" width=\"1024\" height=\"683\" src=\"https:\/\/lignesauto.fr\/wp-content\/uploads\/2024\/11\/REN_09-1024x683.jpg\" alt=\"\" class=\"wp-image-35918\" srcset=\"https:\/\/lignesauto.fr\/wp-content\/uploads\/2024\/11\/REN_09-1024x683.jpg 1024w, https:\/\/lignesauto.fr\/wp-content\/uploads\/2024\/11\/REN_09-300x200.jpg 300w, https:\/\/lignesauto.fr\/wp-content\/uploads\/2024\/11\/REN_09-768x512.jpg 768w, https:\/\/lignesauto.fr\/wp-content\/uploads\/2024\/11\/REN_09.jpg 1417w\" sizes=\"(max-width: 1024px) 100vw, 1024px\" \/><\/figure>\n\n\n\n<p style=\"font-size:17px\">Les Renault Morphoz de 2020 et Sc\u00e9cnic Vision de 2022 sortent de leur courte hibernation pour d\u00e9couvrir avec nous leur fr\u00e8re Embl\u00e8me. \u00ab&nbsp;<em>Qui de nous deux inspire l\u2019autre&nbsp;? Qui de nous deux speed l\u2019autre&nbsp;<\/em>\u00bb&nbsp;chante M. Nous sommes dans le th\u00e8me&#8230;<\/p>\n\n\n\n<figure class=\"wp-block-image size-large\"><img loading=\"lazy\" decoding=\"async\" width=\"1024\" height=\"634\" src=\"https:\/\/lignesauto.fr\/wp-content\/uploads\/2024\/11\/REN_02-1024x634.png\" alt=\"\" class=\"wp-image-35919\" srcset=\"https:\/\/lignesauto.fr\/wp-content\/uploads\/2024\/11\/REN_02-1024x634.png 1024w, https:\/\/lignesauto.fr\/wp-content\/uploads\/2024\/11\/REN_02-300x186.png 300w, https:\/\/lignesauto.fr\/wp-content\/uploads\/2024\/11\/REN_02-768x476.png 768w, https:\/\/lignesauto.fr\/wp-content\/uploads\/2024\/11\/REN_02.png 1417w\" sizes=\"(max-width: 1024px) 100vw, 1024px\" \/><\/figure>\n\n\n\n<p style=\"font-size:17px\">En 2020 en pleine pand\u00e9mie de Covid, Fran\u00e7ois Leboine &#8211; alors responsable des concept-cars Renault, et aujourd\u2019hui responsable du design de la marque Fiat chez Stellantis &#8211; nous expliquait lors de la pr\u00e9sentation de Morphoz, que son \u00e9quipe visait \u00e0 \u00ab&nbsp;<em>cr\u00e9er des concepts les plus beaux possibles qui racontent des histoires les plus int\u00e9ressantes possibles. Ce qui change avec un programme de s\u00e9rie, c\u2019est la puret\u00e9 du design qu\u2019on pousse jusqu\u2019au bout parce qu\u2019on \u00e9chappe aux contraintes et aux compromis industriels.&nbsp;C\u2019est tout le plaisir du concept, d\u2019une histoire qu\u2019on raconte avec un design qui n\u2019est pas dans le compromis parce que le concept-car, c\u2019est tout sauf un compromis&nbsp;!<\/em> \u00bb<\/p>\n\n\n\n<figure class=\"wp-block-image size-large\"><img loading=\"lazy\" decoding=\"async\" width=\"1024\" height=\"335\" src=\"https:\/\/lignesauto.fr\/wp-content\/uploads\/2024\/11\/REN_08-1024x335.png\" alt=\"\" class=\"wp-image-35921\" srcset=\"https:\/\/lignesauto.fr\/wp-content\/uploads\/2024\/11\/REN_08-1024x335.png 1024w, https:\/\/lignesauto.fr\/wp-content\/uploads\/2024\/11\/REN_08-300x98.png 300w, https:\/\/lignesauto.fr\/wp-content\/uploads\/2024\/11\/REN_08-768x251.png 768w, https:\/\/lignesauto.fr\/wp-content\/uploads\/2024\/11\/REN_08.png 1417w\" sizes=\"(max-width: 1024px) 100vw, 1024px\" \/><\/figure>\n\n\n\n<p style=\"font-size:17px\">Morphoz, pour ceux qui avaient &#8220;poney-piscine&#8221; lors de sa pr\u00e9sentation, c\u2019est une sorte d\u2019avant-phase d\u2019un crossover compact, du gabarit d\u2019un Scenic, 100% \u00e9lectrique et qui a la particularit\u00e9 de changer de silhouette selon qu\u2019il est utilis\u00e9 dans un contexte urbain ou autoroutier. Les blocs avant et arri\u00e8re s\u2019allongent en m\u00eame temps que l\u2019habitabilit\u00e9 progresse.<\/p>\n\n\n\n<p style=\"font-size:17px\">Vid\u00e9o de pr\u00e9sentation du concept Moprphoz de 2020 : <a href=\"https:\/\/www.youtube.com\/watch?v=hEoFbkXeZ4U\">https:\/\/www.youtube.com\/watch?v=hEoFbkXeZ4U<\/a><\/p>\n\n\n\n<figure class=\"wp-block-image size-large\"><img loading=\"lazy\" decoding=\"async\" width=\"1024\" height=\"1024\" src=\"https:\/\/lignesauto.fr\/wp-content\/uploads\/2024\/11\/REN_300-1024x1024.jpg\" alt=\"\" class=\"wp-image-35979\" srcset=\"https:\/\/lignesauto.fr\/wp-content\/uploads\/2024\/11\/REN_300-1024x1024.jpg 1024w, https:\/\/lignesauto.fr\/wp-content\/uploads\/2024\/11\/REN_300-300x300.jpg 300w, https:\/\/lignesauto.fr\/wp-content\/uploads\/2024\/11\/REN_300-150x150.jpg 150w, https:\/\/lignesauto.fr\/wp-content\/uploads\/2024\/11\/REN_300-768x768.jpg 768w, https:\/\/lignesauto.fr\/wp-content\/uploads\/2024\/11\/REN_300.jpg 1417w\" sizes=\"(max-width: 1024px) 100vw, 1024px\" \/><\/figure>\n\n\n\n<p style=\"font-size:17px\">\u00ab&nbsp;<em>On est parti de cette id\u00e9e explorant la famille&nbsp;avec un v\u00e9hicule qui soit dans l\u2019animalit\u00e9, avec une grande capacit\u00e9 \u00e0 s\u2019adapter \u00e0 nos usages, le tout dans un environnement qui \u00e9volue. Ce concept est finalement coh\u00e9rent avec un futur o\u00f9 il doit s\u2019adapter \u00e0 notre environnement.&nbsp;Morphoz s\u2019appuie sur une approche raisonn\u00e9e de l\u2019automobile, o\u00f9 on se pose la question du besoin, du n\u00e9cessaire et de la capacit\u00e9 \u00e0 s\u2019adapter.<\/em> \u00bb nous expliquait Fran\u00e7ois Leboine. \u00ab&nbsp;<em>L\u2019id\u00e9e d\u00e8s le d\u00e9part portait sur une r\u00e9flexion sur l\u2019usage, aupr\u00e8s d\u2019une famille contemporaine&nbsp;: comme elle est \u00e0 g\u00e9om\u00e9trie variable, on a fait la voiture qui va avec, qui est \u00e9galement \u00e0 g\u00e9om\u00e9trie variable.<\/em>&nbsp;\u00bb<\/p>\n\n\n\n<figure class=\"wp-block-image size-large\"><img loading=\"lazy\" decoding=\"async\" width=\"1024\" height=\"1024\" src=\"https:\/\/lignesauto.fr\/wp-content\/uploads\/2024\/11\/REN_302-1024x1024.jpg\" alt=\"\" class=\"wp-image-35981\" srcset=\"https:\/\/lignesauto.fr\/wp-content\/uploads\/2024\/11\/REN_302-1024x1024.jpg 1024w, https:\/\/lignesauto.fr\/wp-content\/uploads\/2024\/11\/REN_302-300x300.jpg 300w, https:\/\/lignesauto.fr\/wp-content\/uploads\/2024\/11\/REN_302-150x150.jpg 150w, https:\/\/lignesauto.fr\/wp-content\/uploads\/2024\/11\/REN_302-768x768.jpg 768w, https:\/\/lignesauto.fr\/wp-content\/uploads\/2024\/11\/REN_302.jpg 1417w\" sizes=\"(max-width: 1024px) 100vw, 1024px\" \/><\/figure>\n\n\n\n<p style=\"font-size:17px\">\u00c0 bord, de nombreuses recettes travaill\u00e9es depuis les ann\u00e9es 1970 par Renault, comme le si\u00e8ge passager qui se retourne, prennent place dans une ambiance color\u00e9e qui \u00e9voque alors celle du concept-car Citro\u00ebn CXPerience d\u00e9voil\u00e9 deux ans plus t\u00f4t.<\/p>\n\n\n\n<figure class=\"wp-block-image size-large\"><img loading=\"lazy\" decoding=\"async\" width=\"1024\" height=\"721\" src=\"https:\/\/lignesauto.fr\/wp-content\/uploads\/2024\/11\/REN_102-1024x721.png\" alt=\"\" class=\"wp-image-35929\" srcset=\"https:\/\/lignesauto.fr\/wp-content\/uploads\/2024\/11\/REN_102-1024x721.png 1024w, https:\/\/lignesauto.fr\/wp-content\/uploads\/2024\/11\/REN_102-300x211.png 300w, https:\/\/lignesauto.fr\/wp-content\/uploads\/2024\/11\/REN_102-768x541.png 768w, https:\/\/lignesauto.fr\/wp-content\/uploads\/2024\/11\/REN_102.png 1417w\" sizes=\"(max-width: 1024px) 100vw, 1024px\" \/><\/figure>\n\n\n\n<p style=\"font-size:17px\">Que reste t-il de ce concept quatre ans apr\u00e8s&nbsp;? Tout d\u2019abord, un langage formel qui a habill\u00e9 la Megane E-TECH commercialis\u00e9e en d\u00e9but d\u2019ann\u00e9e 2022. Mais entre-temps, Gilles Vidal (<strong>ci-dessus<\/strong> avec la Megane E-TECH) a pris les commandes du design de la marque Renault en 2020, et il a mis dans ses bagages l\u2019excellent responsable des concept-cars Peugeot de l\u2019\u00e9poque (Sandeep Bhambra). Le non moins excellent Fran\u00e7ois Leboine (<strong>ci-dessous<\/strong>, d\u00e9sormais chez Fiat) a migr\u00e9 chez l\u2019adversaire. Il fallait donc que la griffe pr\u00e9c\u00e9dente soit soigneusement retaill\u00e9e, et le langage formel de Morphoz a fait long feu.<\/p>\n\n\n\n<figure class=\"wp-block-image size-large\"><img loading=\"lazy\" decoding=\"async\" width=\"1024\" height=\"661\" src=\"https:\/\/lignesauto.fr\/wp-content\/uploads\/2024\/11\/REN_310-1024x661.png\" alt=\"\" class=\"wp-image-35983\" srcset=\"https:\/\/lignesauto.fr\/wp-content\/uploads\/2024\/11\/REN_310-1024x661.png 1024w, https:\/\/lignesauto.fr\/wp-content\/uploads\/2024\/11\/REN_310-300x194.png 300w, https:\/\/lignesauto.fr\/wp-content\/uploads\/2024\/11\/REN_310-768x495.png 768w, https:\/\/lignesauto.fr\/wp-content\/uploads\/2024\/11\/REN_310.png 1417w\" sizes=\"(max-width: 1024px) 100vw, 1024px\" \/><\/figure>\n\n\n\n<p style=\"font-size:17px\">Pour autant, il n\u2019est pas insultant d\u2019\u00e9crire qu\u2019il y a un peu d\u2019avance de phase du Morphoz dans le deuxi\u00e8me concept-car visant ce segment du crossover (SUV&nbsp;?) du segment C&nbsp;: le Scenic Vision de 2022 <strong>ci-dessous<\/strong>. Ce dernier annonce pratiquement le design du Sc\u00e9nic de s\u00e9rie qui sera commercialis\u00e9 un an plus tard (5<sup>e<\/sup> g\u00e9n\u00e9ration de la famille Sc\u00e9nic n\u00e9e en 1996). Gilles Vidal&nbsp;nous pr\u00e9cisait n\u00e9anmoins que \u00ab&nbsp;<em>ce concept-car Sc\u00e9nic Vision est la premi\u00e8re vraie expression de la nouvelle \u00e9quipe<\/em>.&nbsp;\u00bb Pour ce qui est de la signature lumineuse, c&#8217;est une \u00e9vidence&#8230;<\/p>\n\n\n\n<figure class=\"wp-block-image size-large\"><img loading=\"lazy\" decoding=\"async\" width=\"1024\" height=\"760\" src=\"https:\/\/lignesauto.fr\/wp-content\/uploads\/2024\/11\/REN_101-1024x760.png\" alt=\"\" class=\"wp-image-35926\" srcset=\"https:\/\/lignesauto.fr\/wp-content\/uploads\/2024\/11\/REN_101-1024x760.png 1024w, https:\/\/lignesauto.fr\/wp-content\/uploads\/2024\/11\/REN_101-300x223.png 300w, https:\/\/lignesauto.fr\/wp-content\/uploads\/2024\/11\/REN_101-768x570.png 768w, https:\/\/lignesauto.fr\/wp-content\/uploads\/2024\/11\/REN_101.png 1417w\" sizes=\"(max-width: 1024px) 100vw, 1024px\" \/><\/figure>\n\n\n\n<p style=\"font-size:17px\">Vid\u00e9o de pr\u00e9sentation du Sc\u00e9nic Vision : <a href=\"https:\/\/www.youtube.com\/watch?v=5n6G93JZfRo\">https:\/\/www.youtube.com\/watch?v=5n6G93JZfRo<\/a><\/p>\n\n\n\n<p style=\"font-size:17px\">Comme le disait si justement Fran\u00e7ois Leboine en 2020, \u00ab&nbsp;<em>on n\u2019\u00e9crit pas les m\u00eames histoires avec les m\u00eames r\u00e9ponses et les m\u00eames objets. <\/em>\u00bb Et l\u2019histoire du Scenic Vision, c\u2019est donc celle de Vidal et d&#8217;une nouvelle page du design Renault qui s\u2019ouvre avec l\u2019arriv\u00e9e du patron du design Peugeot dans les murs de Guyancourt. On peut aujourd\u2019hui avancer que la griffe Vidal, vue sur ses premiers travaux, avait une petite fragrance de Lion. Elle a \u00e9t\u00e9 con\u00e7ue dans l\u2019urgence pour r\u00e9pondre aux demandes de Luca de Meo d\u2019\u00e9largir l\u2019offre des produits dans un segment C o\u00f9 la marque peinait auparavant.<\/p>\n\n\n\n<figure class=\"wp-block-image size-large\"><img loading=\"lazy\" decoding=\"async\" width=\"1024\" height=\"320\" src=\"https:\/\/lignesauto.fr\/wp-content\/uploads\/2024\/11\/REN_104-1024x320.jpg\" alt=\"\" class=\"wp-image-35931\" srcset=\"https:\/\/lignesauto.fr\/wp-content\/uploads\/2024\/11\/REN_104-1024x320.jpg 1024w, https:\/\/lignesauto.fr\/wp-content\/uploads\/2024\/11\/REN_104-300x94.jpg 300w, https:\/\/lignesauto.fr\/wp-content\/uploads\/2024\/11\/REN_104-768x240.jpg 768w, https:\/\/lignesauto.fr\/wp-content\/uploads\/2024\/11\/REN_104.jpg 1417w\" sizes=\"(max-width: 1024px) 100vw, 1024px\" \/><\/figure>\n\n\n\n<p style=\"font-size:17px\">Et l\u2019op\u00e9ration est all\u00e9e bien au-del\u00e0 (<strong>ci-dessus<\/strong>) si l\u2019on compare le plan produit de Renault avec celui de ses concurrents. En moins de quatre ans, le constructeur au losange  &#8211; redessin\u00e9 pour l&#8217;occasion &#8211; a d\u00e9voil\u00e9 et\/ou commercialis\u00e9 ses R4, R5, Twingo, M\u00e9gane E-TECH, Sc\u00e9nic E-TECH, Austral, Espace, Rafale, Captur, Symbioz si ma m\u00e9moire ne me fait pas d\u00e9faut&#8230;<\/p>\n\n\n\n<figure class=\"wp-block-image size-large\"><img loading=\"lazy\" decoding=\"async\" width=\"1024\" height=\"610\" src=\"https:\/\/lignesauto.fr\/wp-content\/uploads\/2024\/11\/REN_210-1024x610.png\" alt=\"\" class=\"wp-image-35965\" srcset=\"https:\/\/lignesauto.fr\/wp-content\/uploads\/2024\/11\/REN_210-1024x610.png 1024w, https:\/\/lignesauto.fr\/wp-content\/uploads\/2024\/11\/REN_210-300x179.png 300w, https:\/\/lignesauto.fr\/wp-content\/uploads\/2024\/11\/REN_210-768x457.png 768w, https:\/\/lignesauto.fr\/wp-content\/uploads\/2024\/11\/REN_210.png 1417w\" sizes=\"(max-width: 1024px) 100vw, 1024px\" \/><\/figure>\n\n\n\n<p style=\"font-size:17px\">Le Sc\u00e9nic Vision de 2022 <strong>ci-dessus<\/strong> est \u00e9videmment tr\u00e8s diff\u00e9rent du Morphoz n\u00e9 deux ans avant. En dehors d\u2019un design qui pose les bases d\u2019un langage formel que le r\u00e9cent concept Embl\u00e8me va pourtant m\u00e9tamorphoser, l\u2019habitacle semble nettement plus techno que le cocon modulable de Morphoz. On y retrouve par exemple l\u2019\u00e9cran d\u2019information qui court tout le long de la largeur du v\u00e9hicule. Mais contrairement \u00e0 celui de l\u2019Embl\u00e8me, celui du Sc\u00e9nic Vision est repouss\u00e9 jusque sur la base du pare-brise.<\/p>\n\n\n\n<figure class=\"wp-block-image size-large\"><img loading=\"lazy\" decoding=\"async\" width=\"1024\" height=\"739\" src=\"https:\/\/lignesauto.fr\/wp-content\/uploads\/2024\/11\/REN_01-1024x739.png\" alt=\"\" class=\"wp-image-35937\" srcset=\"https:\/\/lignesauto.fr\/wp-content\/uploads\/2024\/11\/REN_01-1024x739.png 1024w, https:\/\/lignesauto.fr\/wp-content\/uploads\/2024\/11\/REN_01-300x216.png 300w, https:\/\/lignesauto.fr\/wp-content\/uploads\/2024\/11\/REN_01-768x554.png 768w, https:\/\/lignesauto.fr\/wp-content\/uploads\/2024\/11\/REN_01.png 1417w\" sizes=\"(max-width: 1024px) 100vw, 1024px\" \/><\/figure>\n\n\n\n<p style=\"font-size:17px\"><strong>Sur ce plan-l\u00e0, deux r\u00e9flexions\u00a0:<br>1-<\/strong> le Sc\u00e9nic Vision semble plus moderne que l\u2019Embl\u00e8me en repoussant cet \u00e9cran le plus loin de la vision du conducteur \u00e0 la base m\u00eame du pare-brise. \u00c0 la d\u00e9charge du concept-car Embl\u00e8me, sa structure au niveau de la baie de pare-brise est sans doute plus proche de celle d&#8217;un v\u00e9hicule apte \u00e0 une production, m\u00eame si Renault assure que le concept restera \u00e0 l&#8217;\u00e9tat (unique) de manifeste.<br><strong>2- <\/strong>le Sc\u00e9nic Vision met en avant les progr\u00e8s r\u00e9alis\u00e9s dans le vitrage, capable \u00e0 court termes de recevoir une projection directe sur un marouflage d\u00e9di\u00e9 \u00e0 la base du pare-brise. La Neue Klasse de BMW d\u00e9voil\u00e9e \u00e0 Munich en septembre 2023 pr\u00e9sentait cette fameuse projection sur toute la largeur du pare-brise. La question de la projection d\u2019images sur les vitrages int\u00e9resse \u00e9videmment beaucoup les designers. Mais ce n\u2019est pas celle retenue par l\u2019Embl\u00e8me qui conserve un \u00e9cran. D&#8217;o\u00f9 une r\u00e9alit\u00e9 industrielle qui confirme que l&#8217;esprit de cette planche de bord devrait rapidement voir le jour.<\/p>\n\n\n\n<figure class=\"wp-block-image size-large\"><img loading=\"lazy\" decoding=\"async\" width=\"916\" height=\"1024\" src=\"https:\/\/lignesauto.fr\/wp-content\/uploads\/2024\/11\/REN_05-916x1024.png\" alt=\"\" class=\"wp-image-35934\" srcset=\"https:\/\/lignesauto.fr\/wp-content\/uploads\/2024\/11\/REN_05-916x1024.png 916w, https:\/\/lignesauto.fr\/wp-content\/uploads\/2024\/11\/REN_05-268x300.png 268w, https:\/\/lignesauto.fr\/wp-content\/uploads\/2024\/11\/REN_05-768x859.png 768w, https:\/\/lignesauto.fr\/wp-content\/uploads\/2024\/11\/REN_05-1374x1536.png 1374w, https:\/\/lignesauto.fr\/wp-content\/uploads\/2024\/11\/REN_05.png 1417w\" sizes=\"(max-width: 916px) 100vw, 916px\" \/><figcaption class=\"wp-element-caption\"><em>Dessins : Maximilian Kandler<\/em><\/figcaption><\/figure>\n\n\n\n<p style=\"font-size:17px\">On est ici assez loin du concept Morphoz qui inaugurait <strong>ci-dessus<\/strong> le d\u00e9sormais tr\u00e8s connu \u00e9cran en \u00ab&nbsp;L&nbsp;\u00bb qui apparut sur les Megane E-TECH et Austral. Un \u00e9cran qui, dans le concept-car de 2020, restait proche d\u2019un positionnement classique (pr\u00e8s du conducteur, <strong>ci-dessous<\/strong>) et avait la d\u00e9licatesse de se replier et de dispara\u00eetre dans la planche de bord en mode de conduite autonome. Mais de conduite autonome, on ne parle plus trop aujourd\u2019hui&#8230;<\/p>\n\n\n\n<figure class=\"wp-block-image size-large\"><img loading=\"lazy\" decoding=\"async\" width=\"1024\" height=\"608\" src=\"https:\/\/lignesauto.fr\/wp-content\/uploads\/2024\/11\/REN_04-1024x608.png\" alt=\"\" class=\"wp-image-35939\" srcset=\"https:\/\/lignesauto.fr\/wp-content\/uploads\/2024\/11\/REN_04-1024x608.png 1024w, https:\/\/lignesauto.fr\/wp-content\/uploads\/2024\/11\/REN_04-300x178.png 300w, https:\/\/lignesauto.fr\/wp-content\/uploads\/2024\/11\/REN_04-768x456.png 768w, https:\/\/lignesauto.fr\/wp-content\/uploads\/2024\/11\/REN_04.png 1417w\" sizes=\"(max-width: 1024px) 100vw, 1024px\" \/><figcaption class=\"wp-element-caption\">En 2020 sur le concept Morphoz, l&#8217;\u00e9cran est proche du volant et du conducteur (<strong>en 1<\/strong>). Celui du Sc\u00e9nic Vision de 2022 viendra migrer \u00e0 la base du pare-brise, <strong>en 2<\/strong>. <em>Dessin Damien Durand<\/em>.<\/figcaption><\/figure>\n\n\n\n<p style=\"font-size:17px\">Le concept-car Sc\u00e9nic Vision explorait \u00e0 bord un design prospectif que Renault annon\u00e7ait officiellement pour 2028. Or, l\u2019Embl\u00e8me de 2024 donne le ton des int\u00e9rieurs des futures Renault des ann\u00e9es 2026 \u00e0 2030. On n\u2019y retrouve pas grand-chose de l\u2019int\u00e9rieur du Sc\u00e9nic Vision&#8230; Dans ce dernier, c\u2019\u00e9tait la f\u00eate aux Widgets, mais le concept de diss\u00e9miner de multiples petits \u00e9crans n\u2019a semble-t-il pas \u00e9t\u00e9 retenu pour le futur&#8230; L\u2019avenir nous contredira peut-\u00eatre.<\/p>\n\n\n\n<figure class=\"wp-block-image size-large\"><img loading=\"lazy\" decoding=\"async\" width=\"1024\" height=\"461\" src=\"https:\/\/lignesauto.fr\/wp-content\/uploads\/2024\/11\/REN_105-1024x461.jpg\" alt=\"\" class=\"wp-image-35940\" srcset=\"https:\/\/lignesauto.fr\/wp-content\/uploads\/2024\/11\/REN_105-1024x461.jpg 1024w, https:\/\/lignesauto.fr\/wp-content\/uploads\/2024\/11\/REN_105-300x135.jpg 300w, https:\/\/lignesauto.fr\/wp-content\/uploads\/2024\/11\/REN_105-768x346.jpg 768w, https:\/\/lignesauto.fr\/wp-content\/uploads\/2024\/11\/REN_105.jpg 1417w\" sizes=\"(max-width: 1024px) 100vw, 1024px\" \/><figcaption class=\"wp-element-caption\">L&#8217;habitacle du Sc\u00e9nic Vision de 2022 \u00e9tait annonc\u00e9 comme l&#8217;architecture des Renault de 2028. Le concept Embl\u00e8me de 2024 semble le d\u00e9mentir !<\/figcaption><\/figure>\n\n\n\n<p style=\"font-size:17px\">Ce que nous \u00e9crivions en 2022 ne serait donc plus tout \u00e0 fait d\u2019actualit\u00e9&nbsp;: \u00ab&nbsp;<em>\u00c0 bord du concept-car, nous ne sommes plus dans le Sc\u00e9nic de 2024, mais nous voyageons jusqu\u2019en 2028. Cet int\u00e9rieur prospectif, toujours con\u00e7u avec le fil rouge de l\u2019\u00e9conomie circulaire avec des mat\u00e9riaux recycl\u00e9s et recyclables, appara\u00eetra tout ou en partie dans de futurs mod\u00e8les.<\/em>&nbsp;\u00bb \u00c0 priori non, \u00e0 en juger l&#8217;int\u00e9rieur plus sobre du concept Embl\u00e8me <strong>ci-dessous<\/strong>.<\/p>\n\n\n\n<figure class=\"wp-block-image size-large\"><img loading=\"lazy\" decoding=\"async\" width=\"1024\" height=\"576\" src=\"https:\/\/lignesauto.fr\/wp-content\/uploads\/2024\/11\/REN_12-1024x576.jpg\" alt=\"\" class=\"wp-image-35957\" srcset=\"https:\/\/lignesauto.fr\/wp-content\/uploads\/2024\/11\/REN_12-1024x576.jpg 1024w, https:\/\/lignesauto.fr\/wp-content\/uploads\/2024\/11\/REN_12-300x169.jpg 300w, https:\/\/lignesauto.fr\/wp-content\/uploads\/2024\/11\/REN_12-768x432.jpg 768w, https:\/\/lignesauto.fr\/wp-content\/uploads\/2024\/11\/REN_12.jpg 1417w\" sizes=\"(max-width: 1024px) 100vw, 1024px\" \/><\/figure>\n\n\n\n<p style=\"font-size:17px\">En revanche, le concept Sc\u00e9nic Vision a un point commun avec l&#8217;Embl\u00e8me&nbsp;: l\u2019architecture de sa cha\u00eene de traction <strong>ci-dessous<\/strong> avec un moteur \u00e9lectrique \u00e0 l\u2019arri\u00e8re, aliment\u00e9 en \u00e9nergie par une pile \u00e0 combustion (\u00e0 l\u2019arri\u00e8re \u00e9galement) et un r\u00e9servoir d\u2019hydrog\u00e8ne log\u00e9 \u00e0 l\u2019avant.<\/p>\n\n\n\n<figure class=\"wp-block-image size-large\"><img loading=\"lazy\" decoding=\"async\" width=\"1024\" height=\"576\" src=\"https:\/\/lignesauto.fr\/wp-content\/uploads\/2024\/11\/REN_100-1024x576.png\" alt=\"\" class=\"wp-image-35943\" srcset=\"https:\/\/lignesauto.fr\/wp-content\/uploads\/2024\/11\/REN_100-1024x576.png 1024w, https:\/\/lignesauto.fr\/wp-content\/uploads\/2024\/11\/REN_100-300x169.png 300w, https:\/\/lignesauto.fr\/wp-content\/uploads\/2024\/11\/REN_100-768x432.png 768w, https:\/\/lignesauto.fr\/wp-content\/uploads\/2024\/11\/REN_100-1536x864.png 1536w, https:\/\/lignesauto.fr\/wp-content\/uploads\/2024\/11\/REN_100.png 2048w\" sizes=\"(max-width: 1024px) 100vw, 1024px\" \/><\/figure>\n\n\n\n<p style=\"font-size:17px\">Vous me direz qu\u2019on s\u2019\u00e9loigne du design mais en fait, non&nbsp;: les designers mangent leur pain blanc avec les plateformes EV 100% \u00e9lectriques (moteur EV et batteries uniquement) et seront nettement plus contrari\u00e9s par l\u2019encombrante cha\u00eene de traction \u00e0 pile \u00e0 combustible et hydrog\u00e8ne, si elle est programm\u00e9e un jour au-del\u00e0 des seuls v\u00e9hicules utilitaires. Fermons la parenth\u00e8se&#8230;<\/p>\n\n\n\n<figure class=\"wp-block-image size-large\"><img loading=\"lazy\" decoding=\"async\" width=\"1024\" height=\"683\" src=\"https:\/\/lignesauto.fr\/wp-content\/uploads\/2024\/11\/REN_200-1024x683.jpg\" alt=\"\" class=\"wp-image-35963\" srcset=\"https:\/\/lignesauto.fr\/wp-content\/uploads\/2024\/11\/REN_200-1024x683.jpg 1024w, https:\/\/lignesauto.fr\/wp-content\/uploads\/2024\/11\/REN_200-300x200.jpg 300w, https:\/\/lignesauto.fr\/wp-content\/uploads\/2024\/11\/REN_200-768x512.jpg 768w, https:\/\/lignesauto.fr\/wp-content\/uploads\/2024\/11\/REN_200.jpg 1417w\" sizes=\"(max-width: 1024px) 100vw, 1024px\" \/><\/figure>\n\n\n\n<p style=\"font-size:17px\">Les trois concept-cars diff\u00e8rent tr\u00e8s nettement en termes de conception et mat\u00e9riaux \u00e0 bord. Sur le Sc\u00e9nic Vision, les mat\u00e9riaux sont tr\u00e8s \u00ab&nbsp;techniques&nbsp;\u00bb et le panneau de porte est par exemple recouvert d\u2019un ensemble dichro\u00efques qui, en contact avec la lumi\u00e8re, transmet des variations de couleurs selon son environnement <strong>ci-dessus<\/strong>.<\/p>\n\n\n\n<figure class=\"wp-block-image size-large\"><img loading=\"lazy\" decoding=\"async\" width=\"1024\" height=\"624\" src=\"https:\/\/lignesauto.fr\/wp-content\/uploads\/2024\/11\/REN_06-1024x624.png\" alt=\"\" class=\"wp-image-35946\" srcset=\"https:\/\/lignesauto.fr\/wp-content\/uploads\/2024\/11\/REN_06-1024x624.png 1024w, https:\/\/lignesauto.fr\/wp-content\/uploads\/2024\/11\/REN_06-300x183.png 300w, https:\/\/lignesauto.fr\/wp-content\/uploads\/2024\/11\/REN_06-768x468.png 768w, https:\/\/lignesauto.fr\/wp-content\/uploads\/2024\/11\/REN_06.png 1417w\" sizes=\"(max-width: 1024px) 100vw, 1024px\" \/><\/figure>\n\n\n\n<p style=\"font-size:17px\">\u00c0 bord de l\u2019Embl\u00e8me, retour \u00e0 des mat\u00e9riaux plus chaleureux et principalement du tissu. Cela ne nuit pas pour autant \u00e0 la technologie puisque des informations peuvent \u00eatre diffus\u00e9es au travers ce tissu, y compris des commandes. Ce que BMW avait \u00e9galement mis en avant sur son concept-car iNext <strong>ci-dessous<\/strong> en 2018.<\/p>\n\n\n\n<figure class=\"wp-block-image size-large\"><img loading=\"lazy\" decoding=\"async\" width=\"683\" height=\"1024\" src=\"https:\/\/lignesauto.fr\/wp-content\/uploads\/2024\/11\/REN_107-683x1024.jpg\" alt=\"\" class=\"wp-image-35954\" srcset=\"https:\/\/lignesauto.fr\/wp-content\/uploads\/2024\/11\/REN_107-683x1024.jpg 683w, https:\/\/lignesauto.fr\/wp-content\/uploads\/2024\/11\/REN_107-200x300.jpg 200w, https:\/\/lignesauto.fr\/wp-content\/uploads\/2024\/11\/REN_107-768x1152.jpg 768w, https:\/\/lignesauto.fr\/wp-content\/uploads\/2024\/11\/REN_107-1024x1536.jpg 1024w, https:\/\/lignesauto.fr\/wp-content\/uploads\/2024\/11\/REN_107-1365x2048.jpg 1365w, https:\/\/lignesauto.fr\/wp-content\/uploads\/2024\/11\/REN_107.jpg 1417w\" sizes=\"(max-width: 683px) 100vw, 683px\" \/><\/figure>\n\n\n\n<p style=\"font-size:17px\">Dans le concept Embl\u00e8me, on trouve donc plus de chaleur \u00e0 bord, plus de tissus et de mat\u00e9riaux que l\u2019on pourrait tout \u00e0 fait retrouver chez soi, dans son salon. Ce sont les nouvelles orientations qui d\u00e9coulent des recherches sur les v\u00e9hicules \u00e0 d\u00e9l\u00e9gation de conduite (\u00eatre chez soi \u00e0 bord) et en m\u00eame temps, des recherches sur la durabilit\u00e9 de ces mat\u00e9riaux qui sont pour la grande majorit\u00e9 issus de recyclage et sont bien s\u00fbr eux m\u00eame recyclables. <strong>Ci-dessous<\/strong>, le panneau de porte du concept Embl\u00e8me.<\/p>\n\n\n\n<figure class=\"wp-block-image size-large\"><img loading=\"lazy\" decoding=\"async\" width=\"1024\" height=\"620\" src=\"https:\/\/lignesauto.fr\/wp-content\/uploads\/2024\/11\/REN_108-1024x620.png\" alt=\"\" class=\"wp-image-35960\" srcset=\"https:\/\/lignesauto.fr\/wp-content\/uploads\/2024\/11\/REN_108-1024x620.png 1024w, https:\/\/lignesauto.fr\/wp-content\/uploads\/2024\/11\/REN_108-300x182.png 300w, https:\/\/lignesauto.fr\/wp-content\/uploads\/2024\/11\/REN_108-768x465.png 768w, https:\/\/lignesauto.fr\/wp-content\/uploads\/2024\/11\/REN_108.png 1417w\" sizes=\"(max-width: 1024px) 100vw, 1024px\" \/><\/figure>\n\n\n\n<p style=\"font-size:17px\">Il faut d\u00e9sormais oublier les deux pr\u00e9c\u00e9dents concept-cars Morphoz et Sc\u00e9nic Vision et se focaliser sur l&#8217;Embl\u00e8me <strong>ci-dessous<\/strong> qui d\u00e9finit le nouveau langage formel des futures Renault. La VRAIE griffe Vidal en quelque sorte. On y d\u00e9couvre plus de simplicit\u00e9 sur les flancs (remarquez la souplesse de l&#8217;embouti qui abandonne les lignes de carre franches et rigides) et &#8211; sur ce concept -, une silhouette de &#8220;shooting brake&#8221;. La surface vitr\u00e9e est toujours aussi limit\u00e9e compar\u00e9e \u00e0 celle des parties t\u00f4l\u00e9es. Le grand becquet en arri\u00e8re du pavillon est d\u00e9sormais obligatoire sur les v\u00e9hicules EV qui recherchent un coefficient a\u00e9rodynamique le plus efficient&#8230;<\/p>\n\n\n\n<figure class=\"wp-block-image size-large\"><img loading=\"lazy\" decoding=\"async\" width=\"1024\" height=\"645\" src=\"https:\/\/lignesauto.fr\/wp-content\/uploads\/2024\/11\/REN_13-1024x645.png\" alt=\"\" class=\"wp-image-35972\" srcset=\"https:\/\/lignesauto.fr\/wp-content\/uploads\/2024\/11\/REN_13-1024x645.png 1024w, https:\/\/lignesauto.fr\/wp-content\/uploads\/2024\/11\/REN_13-300x189.png 300w, https:\/\/lignesauto.fr\/wp-content\/uploads\/2024\/11\/REN_13-768x484.png 768w, https:\/\/lignesauto.fr\/wp-content\/uploads\/2024\/11\/REN_13.png 1417w\" sizes=\"(max-width: 1024px) 100vw, 1024px\" \/><\/figure>\n\n\n\n<p style=\"font-size:17px\">Si nous ne sommes pas emball\u00e9s par le bec avant qui supporte le logo, nous appr\u00e9cions le nouveau langage formel de la signature lumineuse <strong>ci-dessous<\/strong> qui, \u00e0 l&#8217;avant comme \u00e0 l&#8217;arri\u00e8re, joue avec la g\u00e9om\u00e9trie du losange Renault. Un concept plus \u00e9l\u00e9gant que l&#8217;actuel, assez compliqu\u00e9, bien que tr\u00e8s efficace au moment du restylage de la Clio.<\/p>\n\n\n\n<figure class=\"wp-block-image size-large\"><img loading=\"lazy\" decoding=\"async\" width=\"1024\" height=\"712\" src=\"https:\/\/lignesauto.fr\/wp-content\/uploads\/2024\/11\/REN_14-1024x712.png\" alt=\"\" class=\"wp-image-35975\" srcset=\"https:\/\/lignesauto.fr\/wp-content\/uploads\/2024\/11\/REN_14-1024x712.png 1024w, https:\/\/lignesauto.fr\/wp-content\/uploads\/2024\/11\/REN_14-300x209.png 300w, https:\/\/lignesauto.fr\/wp-content\/uploads\/2024\/11\/REN_14-768x534.png 768w, https:\/\/lignesauto.fr\/wp-content\/uploads\/2024\/11\/REN_14.png 1417w\" sizes=\"(max-width: 1024px) 100vw, 1024px\" \/><\/figure>\n\n\n\n<p style=\"font-size:17px\">La comparaison de ces trois concept-cars est \u00e9videmment pollu\u00e9e par les changements qui se sont op\u00e9r\u00e9s chez Renault dans les \u00e9quipes de design entre 2020 et aujourd\u2019hui. N\u00e9anmoins, elle permet de rappeler l\u2019importance de ces manifestes qui, m\u00eame s\u2019ils ne d\u00e9tiennent pas tous la v\u00e9rit\u00e9 de demain, ouvrent de nombreuses portes dont certaines d\u00e9bouchent sur des univers in\u00e9dits pour la s\u00e9rie. Et vous, lequel des trois pr\u00e9f\u00e9rez-vous&nbsp;?<\/p>\n\n\n\n<p style=\"font-size:17px\"><strong>BONUS : ET LES VOLANTS ?<\/strong><br>En 1970, le volant de la Citro\u00ebn SM a fait couler beaucoup d&#8217;encre avec son m\u00e9plat et sa branche unique. Une forme en symbiose avec celle, ovale, des compteurs. Aujourd&#8217;hui, cela fait un certain temps que les volants ne sont plus ronds. Ils s&#8217;approchent de plus en plus de la forme rectangulaire avec des coins arrondis.<\/p>\n\n\n\n<figure class=\"wp-block-image size-large\"><img loading=\"lazy\" decoding=\"async\" width=\"1024\" height=\"684\" src=\"https:\/\/lignesauto.fr\/wp-content\/uploads\/2024\/11\/REN_03-1024x684.png\" alt=\"\" class=\"wp-image-35995\" srcset=\"https:\/\/lignesauto.fr\/wp-content\/uploads\/2024\/11\/REN_03-1024x684.png 1024w, https:\/\/lignesauto.fr\/wp-content\/uploads\/2024\/11\/REN_03-300x200.png 300w, https:\/\/lignesauto.fr\/wp-content\/uploads\/2024\/11\/REN_03-768x513.png 768w, https:\/\/lignesauto.fr\/wp-content\/uploads\/2024\/11\/REN_03.png 1417w\" sizes=\"(max-width: 1024px) 100vw, 1024px\" \/><\/figure>\n\n\n\n<p style=\"font-size:17px\">Celui du concept Morphoz jouait avec un moyeu en verre cristal lumineux assez &#8216;techno&#8217;, alors qu&#8217;on aurait bien vu celui du Sc\u00e9nic Vision dans&#8230; une Alpine ! Le volant du concept Embl\u00e8me se veut bien plus cosy et rassurant. Notons qu&#8217;il embarque le logo Renault en partie sup\u00e9rieure, sur une sorte de bec, comme le logo frontal sur la carrosserie. Ce volant a m\u00eame un petit c\u00f4t\u00e9 <em>vintage<\/em>, avec sa grosse et unique branche horizontale que l&#8217;on trouvait \u00e0 la fin des ann\u00e9es 1970 sur certaines am\u00e9ricaines, comme la Chevrolet Caprice, <strong>ci-dessous<\/strong>. <em>&#8220;Gilles et Sandeep, on est bien d&#8217;accord, le r\u00e9tro design c&#8217;est pour les R4, R5 et Twingo, n&#8217;est-ce pas ?!&#8221;<\/em><\/p>\n\n\n\n<figure class=\"wp-block-image size-large\"><img loading=\"lazy\" decoding=\"async\" width=\"1024\" height=\"453\" src=\"https:\/\/lignesauto.fr\/wp-content\/uploads\/2024\/11\/REN_500-1024x453.png\" alt=\"\" class=\"wp-image-36007\" srcset=\"https:\/\/lignesauto.fr\/wp-content\/uploads\/2024\/11\/REN_500-1024x453.png 1024w, https:\/\/lignesauto.fr\/wp-content\/uploads\/2024\/11\/REN_500-300x133.png 300w, https:\/\/lignesauto.fr\/wp-content\/uploads\/2024\/11\/REN_500-768x340.png 768w, https:\/\/lignesauto.fr\/wp-content\/uploads\/2024\/11\/REN_500.png 1417w\" sizes=\"(max-width: 1024px) 100vw, 1024px\" \/><\/figure>\n\n\n<div class=\"wp-block-image\">\n<figure class=\"aligncenter size-full is-resized\"><img loading=\"lazy\" decoding=\"async\" width=\"1024\" height=\"367\" src=\"https:\/\/lignesauto.fr\/wp-content\/uploads\/2024\/11\/image.png\" alt=\"\" class=\"wp-image-35992\" style=\"width:531px;height:auto\" srcset=\"https:\/\/lignesauto.fr\/wp-content\/uploads\/2024\/11\/image.png 1024w, https:\/\/lignesauto.fr\/wp-content\/uploads\/2024\/11\/image-300x108.png 300w, https:\/\/lignesauto.fr\/wp-content\/uploads\/2024\/11\/image-768x275.png 768w\" sizes=\"(max-width: 1024px) 100vw, 1024px\" \/><\/figure><\/div>","protected":false},"excerpt":{"rendered":"<p>Que reste-t-il des concept-cars pr\u00e9sent\u00e9s au fil des ans par les diff\u00e9rents constructeurs&nbsp;? On les oublie parfois aussi vite qu\u2019un bonheur \u00e9ph\u00e9m\u00e8re, et pourtant, ils portent en eux le les g\u00e8nes des voitures de demain. C\u2019est leur r\u00f4le. Alors profitons de la pr\u00e9sentation du concept Renault Embl\u00e8me pour remonter un [&hellip;]<\/p>\n","protected":false},"author":1,"featured_media":35917,"comment_status":"closed","ping_status":"closed","sticky":false,"template":"","format":"standard","meta":{"footnotes":""},"categories":[1],"tags":[],"_links":{"self":[{"href":"https:\/\/lignesauto.fr\/index.php?rest_route=\/wp\/v2\/posts\/35893"}],"collection":[{"href":"https:\/\/lignesauto.fr\/index.php?rest_route=\/wp\/v2\/posts"}],"about":[{"href":"https:\/\/lignesauto.fr\/index.php?rest_route=\/wp\/v2\/types\/post"}],"author":[{"embeddable":true,"href":"https:\/\/lignesauto.fr\/index.php?rest_route=\/wp\/v2\/users\/1"}],"replies":[{"embeddable":true,"href":"https:\/\/lignesauto.fr\/index.php?rest_route=%2Fwp%2Fv2%2Fcomments&post=35893"}],"version-history":[{"count":132,"href":"https:\/\/lignesauto.fr\/index.php?rest_route=\/wp\/v2\/posts\/35893\/revisions"}],"predecessor-version":[{"id":36103,"href":"https:\/\/lignesauto.fr\/index.php?rest_route=\/wp\/v2\/posts\/35893\/revisions\/36103"}],"wp:featuredmedia":[{"embeddable":true,"href":"https:\/\/lignesauto.fr\/index.php?rest_route=\/wp\/v2\/media\/35917"}],"wp:attachment":[{"href":"https:\/\/lignesauto.fr\/index.php?rest_route=%2Fwp%2Fv2%2Fmedia&parent=35893"}],"wp:term":[{"taxonomy":"category","embeddable":true,"href":"https:\/\/lignesauto.fr\/index.php?rest_route=%2Fwp%2Fv2%2Fcategories&post=35893"},{"taxonomy":"post_tag","embeddable":true,"href":"https:\/\/lignesauto.fr\/index.php?rest_route=%2Fwp%2Fv2%2Ftags&post=35893"}],"curies":[{"name":"wp","href":"https:\/\/api.w.org\/{rel}","templated":true}]}}