{"id":36051,"date":"2024-11-01T17:42:49","date_gmt":"2024-11-01T16:42:49","guid":{"rendered":"https:\/\/lignesauto.fr\/?p=36051"},"modified":"2024-11-01T20:42:19","modified_gmt":"2024-11-01T19:42:19","slug":"2020-2024-three-renault-concept-cars-whats-left-of-our-love-affair","status":"publish","type":"post","link":"https:\/\/lignesauto.fr\/?p=36051","title":{"rendered":"2020-2024: three Renault concept cars. What&#8217;s left of our love affair?"},"content":{"rendered":"<div class=\"wp-block-image\">\n<figure class=\"aligncenter size-full is-resized\"><img loading=\"lazy\" decoding=\"async\" width=\"1024\" height=\"367\" src=\"http:\/\/lignesauto.fr\/wp-content\/uploads\/2024\/10\/image-2.png\" alt=\"\" class=\"wp-image-35384\" style=\"width:481px;height:auto\" srcset=\"https:\/\/lignesauto.fr\/wp-content\/uploads\/2024\/10\/image-2.png 1024w, https:\/\/lignesauto.fr\/wp-content\/uploads\/2024\/10\/image-2-300x108.png 300w, https:\/\/lignesauto.fr\/wp-content\/uploads\/2024\/10\/image-2-768x275.png 768w\" sizes=\"(max-width: 1024px) 100vw, 1024px\" \/><\/figure><\/div>\n\n\n<p style=\"font-size:17px\">What remains of the concept cars presented over the years by the various manufacturers? They are sometimes forgotten as quickly as a fleeting moment of happiness, and yet they carry within them the genes of tomorrow&#8217;s cars. That&#8217;s their role. So let&#8217;s take advantage of the presentation of the Renault Embl\u00e8me concept to go back in time a little, and highlight the innovations of the brand&#8217;s three latest concepts, which target more or less the same segment.<\/p>\n\n\n\n<figure class=\"wp-block-image size-large\"><img loading=\"lazy\" decoding=\"async\" width=\"1024\" height=\"683\" src=\"https:\/\/lignesauto.fr\/wp-content\/uploads\/2024\/11\/REN_09-1024x683.jpg\" alt=\"\" class=\"wp-image-35918\" srcset=\"https:\/\/lignesauto.fr\/wp-content\/uploads\/2024\/11\/REN_09-1024x683.jpg 1024w, https:\/\/lignesauto.fr\/wp-content\/uploads\/2024\/11\/REN_09-300x200.jpg 300w, https:\/\/lignesauto.fr\/wp-content\/uploads\/2024\/11\/REN_09-768x512.jpg 768w, https:\/\/lignesauto.fr\/wp-content\/uploads\/2024\/11\/REN_09.jpg 1417w\" sizes=\"(max-width: 1024px) 100vw, 1024px\" \/><\/figure>\n\n\n\n<p style=\"font-size:17px\">The Renault Morphoz of 2020 and the Sc\u00e9cnic Vision of 2022 emerge from their short hibernation to discover with us their brother Embl\u00e8me. \u2018<em>Which of us inspires the other?<\/em> <em>Which of us speeds the other <\/em>?\u2019 sings M. in France. We&#8217;re in tune with the theme&#8230;<\/p>\n\n\n\n<figure class=\"wp-block-image size-large\"><img loading=\"lazy\" decoding=\"async\" width=\"1024\" height=\"634\" src=\"https:\/\/lignesauto.fr\/wp-content\/uploads\/2024\/11\/REN_02-1024x634.png\" alt=\"\" class=\"wp-image-35919\" srcset=\"https:\/\/lignesauto.fr\/wp-content\/uploads\/2024\/11\/REN_02-1024x634.png 1024w, https:\/\/lignesauto.fr\/wp-content\/uploads\/2024\/11\/REN_02-300x186.png 300w, https:\/\/lignesauto.fr\/wp-content\/uploads\/2024\/11\/REN_02-768x476.png 768w, https:\/\/lignesauto.fr\/wp-content\/uploads\/2024\/11\/REN_02.png 1417w\" sizes=\"(max-width: 1024px) 100vw, 1024px\" \/><\/figure>\n\n\n\n<p style=\"font-size:17px\">In 2020, at the height of the Covid pandemic, Fran\u00e7ois Leboine &#8211; then head of Renault concept cars and now head of design for the Fiat brand at Stellantis &#8211; explained to us at the presentation of Morphoz that his team aimed to \u2018<em>create the most beautiful concepts possible that tell the most interesting stories possible.<\/em> <em>What&#8217;s different about a production programme is the purity of the design, which we push to the limit because we avoid industrial constraints and compromises.<\/em> <em>It&#8217;s all about the pleasure of the concept, of telling a story with a design that isn&#8217;t about compromise, because a concept car is anything but a compromise<\/em>!&#8217;<\/p>\n\n\n\n<figure class=\"wp-block-image size-large\"><img loading=\"lazy\" decoding=\"async\" width=\"1024\" height=\"335\" src=\"https:\/\/lignesauto.fr\/wp-content\/uploads\/2024\/11\/REN_08-1024x335.png\" alt=\"\" class=\"wp-image-35921\" srcset=\"https:\/\/lignesauto.fr\/wp-content\/uploads\/2024\/11\/REN_08-1024x335.png 1024w, https:\/\/lignesauto.fr\/wp-content\/uploads\/2024\/11\/REN_08-300x98.png 300w, https:\/\/lignesauto.fr\/wp-content\/uploads\/2024\/11\/REN_08-768x251.png 768w, https:\/\/lignesauto.fr\/wp-content\/uploads\/2024\/11\/REN_08.png 1417w\" sizes=\"(max-width: 1024px) 100vw, 1024px\" \/><\/figure>\n\n\n\n<p style=\"font-size:17px\">Morphoz, for those who had \u2018aqua-poney\u2019 when it was unveiled, is a sort of pre-phase of a compact crossover, about the size of a Scenic, 100% electric and which has the particularity of changing its silhouette depending on whether it is used in an urban or motorway context. The front and rear sections are getting longer, while the interior is getting more spacious.<\/p>\n\n\n\n<figure class=\"wp-block-image size-large\"><img loading=\"lazy\" decoding=\"async\" width=\"1024\" height=\"1024\" src=\"https:\/\/lignesauto.fr\/wp-content\/uploads\/2024\/11\/REN_300-1024x1024.jpg\" alt=\"\" class=\"wp-image-35979\" srcset=\"https:\/\/lignesauto.fr\/wp-content\/uploads\/2024\/11\/REN_300-1024x1024.jpg 1024w, https:\/\/lignesauto.fr\/wp-content\/uploads\/2024\/11\/REN_300-300x300.jpg 300w, https:\/\/lignesauto.fr\/wp-content\/uploads\/2024\/11\/REN_300-150x150.jpg 150w, https:\/\/lignesauto.fr\/wp-content\/uploads\/2024\/11\/REN_300-768x768.jpg 768w, https:\/\/lignesauto.fr\/wp-content\/uploads\/2024\/11\/REN_300.jpg 1417w\" sizes=\"(max-width: 1024px) 100vw, 1024px\" \/><\/figure>\n\n\n\n<p style=\"font-size:17px\">\u2018<em>We started from this idea of exploring the family with a vehicle that is animalistic, with a great capacity to adapt to our uses, all in a changing environment.<\/em> <em>Ultimately, this concept is consistent with a future in which the vehicle must adapt to our environment.<\/em> <em>Morphoz is based on a reasoned approach to the automobile, where we ask ourselves what is needed, what is necessary and what is the capacity to adapt<\/em> \u2019, explained Fran\u00e7ois Leboine. \u2018<em>From the outset, the idea was to think about use, with a contemporary family: as it has variable geometry, we made the car that goes with it, which also has variable geometry.<\/em>&#8216;<\/p>\n\n\n\n<figure class=\"wp-block-image size-large\"><img loading=\"lazy\" decoding=\"async\" width=\"1024\" height=\"1024\" src=\"https:\/\/lignesauto.fr\/wp-content\/uploads\/2024\/11\/REN_302-1024x1024.jpg\" alt=\"\" class=\"wp-image-35981\" srcset=\"https:\/\/lignesauto.fr\/wp-content\/uploads\/2024\/11\/REN_302-1024x1024.jpg 1024w, https:\/\/lignesauto.fr\/wp-content\/uploads\/2024\/11\/REN_302-300x300.jpg 300w, https:\/\/lignesauto.fr\/wp-content\/uploads\/2024\/11\/REN_302-150x150.jpg 150w, https:\/\/lignesauto.fr\/wp-content\/uploads\/2024\/11\/REN_302-768x768.jpg 768w, https:\/\/lignesauto.fr\/wp-content\/uploads\/2024\/11\/REN_302.jpg 1417w\" sizes=\"(max-width: 1024px) 100vw, 1024px\" \/><\/figure>\n\n\n\n<p style=\"font-size:17px\">On board, many of the recipes developed by Renault since the 1970s, such as the passenger seat that flips over, are used in a colourful ambience reminiscent of the Citro\u00ebn CXPerience concept car unveiled two years earlier.<\/p>\n\n\n\n<figure class=\"wp-block-image size-large\"><img loading=\"lazy\" decoding=\"async\" width=\"1024\" height=\"721\" src=\"https:\/\/lignesauto.fr\/wp-content\/uploads\/2024\/11\/REN_102-1024x721.png\" alt=\"\" class=\"wp-image-35929\" srcset=\"https:\/\/lignesauto.fr\/wp-content\/uploads\/2024\/11\/REN_102-1024x721.png 1024w, https:\/\/lignesauto.fr\/wp-content\/uploads\/2024\/11\/REN_102-300x211.png 300w, https:\/\/lignesauto.fr\/wp-content\/uploads\/2024\/11\/REN_102-768x541.png 768w, https:\/\/lignesauto.fr\/wp-content\/uploads\/2024\/11\/REN_102.png 1417w\" sizes=\"(max-width: 1024px) 100vw, 1024px\" \/><\/figure>\n\n\n\n<p style=\"font-size:17px\">What remains of this concept four years later? First of all, a formal language that was used to dress the Megane E-TECH, which went on sale in early 2022. But in the meantime, Gilles Vidal (<strong>above<\/strong> with the Megane E-TECH) took over as head of design for the Renault brand in 2020, and he brought with him the excellent man in charge of Peugeot concept cars at the time (Sandeep Bhambra). The no less excellent Fran\u00e7ois Leboine (<strong>below<\/strong>, now with Fiat) has migrated to his rival. The previous design had to be carefully reworked, and the formal language of Morphoz was a thing of the past.<\/p>\n\n\n\n<figure class=\"wp-block-image size-large\"><img loading=\"lazy\" decoding=\"async\" width=\"1024\" height=\"661\" src=\"https:\/\/lignesauto.fr\/wp-content\/uploads\/2024\/11\/REN_310-1024x661.png\" alt=\"\" class=\"wp-image-35983\" srcset=\"https:\/\/lignesauto.fr\/wp-content\/uploads\/2024\/11\/REN_310-1024x661.png 1024w, https:\/\/lignesauto.fr\/wp-content\/uploads\/2024\/11\/REN_310-300x194.png 300w, https:\/\/lignesauto.fr\/wp-content\/uploads\/2024\/11\/REN_310-768x495.png 768w, https:\/\/lignesauto.fr\/wp-content\/uploads\/2024\/11\/REN_310.png 1417w\" sizes=\"(max-width: 1024px) 100vw, 1024px\" \/><\/figure>\n\n\n\n<p style=\"font-size:17px\">However, it&#8217;s no insult to write that there&#8217;s a bit of a Morphoz phase advance in the second concept car aimed at this C-segment crossover (SUV?) segment: the Scenic Vision of 2022 <strong>below<\/strong>. This is virtually a preview of the design of the production Scenic that will go on sale a year later. However, Gilles Vidal told us that \u2018<em>this Sc\u00e9nic Vision concept car is the first real expression of the new team&#8217;s<\/em> vision\u2019. As for the light signature, it&#8217;s obvious&#8230;<\/p>\n\n\n\n<figure class=\"wp-block-image size-large\"><img loading=\"lazy\" decoding=\"async\" width=\"1024\" height=\"760\" src=\"https:\/\/lignesauto.fr\/wp-content\/uploads\/2024\/11\/REN_101-1024x760.png\" alt=\"\" class=\"wp-image-35926\" srcset=\"https:\/\/lignesauto.fr\/wp-content\/uploads\/2024\/11\/REN_101-1024x760.png 1024w, https:\/\/lignesauto.fr\/wp-content\/uploads\/2024\/11\/REN_101-300x223.png 300w, https:\/\/lignesauto.fr\/wp-content\/uploads\/2024\/11\/REN_101-768x570.png 768w, https:\/\/lignesauto.fr\/wp-content\/uploads\/2024\/11\/REN_101.png 1417w\" sizes=\"(max-width: 1024px) 100vw, 1024px\" \/><\/figure>\n\n\n\n<p style=\"font-size:17px\">As Fran\u00e7ois Leboine so rightly said in 2020, \u2018<em>we don&#8217;t write the same stories with the same answers and the same objects<\/em>\u2019. The story of the Scenic Vision is therefore the story of Vidal and of a new page in Renault design that opened with the arrival of the Peugeot design boss in Guyancourt. We can now say that the Vidal label, as seen in his early work, had a hint of Lion. It was conceived in a hurry to respond to Luca de Meo&#8217;s demands to broaden the product range in a C segment where the brand had previously struggled.<\/p>\n\n\n\n<figure class=\"wp-block-image size-large\"><img loading=\"lazy\" decoding=\"async\" width=\"1024\" height=\"320\" src=\"https:\/\/lignesauto.fr\/wp-content\/uploads\/2024\/11\/REN_104-1024x320.jpg\" alt=\"\" class=\"wp-image-35931\" srcset=\"https:\/\/lignesauto.fr\/wp-content\/uploads\/2024\/11\/REN_104-1024x320.jpg 1024w, https:\/\/lignesauto.fr\/wp-content\/uploads\/2024\/11\/REN_104-300x94.jpg 300w, https:\/\/lignesauto.fr\/wp-content\/uploads\/2024\/11\/REN_104-768x240.jpg 768w, https:\/\/lignesauto.fr\/wp-content\/uploads\/2024\/11\/REN_104.jpg 1417w\" sizes=\"(max-width: 1024px) 100vw, 1024px\" \/><\/figure>\n\n\n\n<p style=\"font-size:17px\">And the operation has gone far beyond that (<strong>above<\/strong>) if we compare Renault&#8217;s product plan with that of its competitors. In less than four years, the carmaker with the diamond-shaped badge &#8211; redesigned for the occasion &#8211; has unveiled and\/or marketed its R4, R5, Twingo, M\u00e9gane E-TECH, Sc\u00e9nic E-TECH, Austral, Espace, Rafale, Captur, Symbioz if my memory serves me right&#8230;<\/p>\n\n\n\n<figure class=\"wp-block-image size-large\"><img loading=\"lazy\" decoding=\"async\" width=\"1024\" height=\"610\" src=\"https:\/\/lignesauto.fr\/wp-content\/uploads\/2024\/11\/REN_210-1024x610.png\" alt=\"\" class=\"wp-image-35965\" srcset=\"https:\/\/lignesauto.fr\/wp-content\/uploads\/2024\/11\/REN_210-1024x610.png 1024w, https:\/\/lignesauto.fr\/wp-content\/uploads\/2024\/11\/REN_210-300x179.png 300w, https:\/\/lignesauto.fr\/wp-content\/uploads\/2024\/11\/REN_210-768x457.png 768w, https:\/\/lignesauto.fr\/wp-content\/uploads\/2024\/11\/REN_210.png 1417w\" sizes=\"(max-width: 1024px) 100vw, 1024px\" \/><\/figure>\n\n\n\n<p style=\"font-size:17px\">The Sc\u00e9nic Vision of 2022 <strong>above<\/strong> is obviously very different from the Morphoz born two years earlier. Apart from a design that lays the foundations for a formal language that the recent Embl\u00e8me concept is set to transform, the passenger compartment seems much more techno-savvy than Morphoz&#8217;s modular cocoon. For example, there is the information screen that runs the length of the vehicle. But unlike the screen in the Embl\u00e8me, the one in the Sc\u00e9nic Vision has been pushed right up to the base of the windscreen.<\/p>\n\n\n\n<figure class=\"wp-block-image size-large\"><img loading=\"lazy\" decoding=\"async\" width=\"1024\" height=\"739\" src=\"https:\/\/lignesauto.fr\/wp-content\/uploads\/2024\/11\/REN_01-1024x739.png\" alt=\"\" class=\"wp-image-35937\" srcset=\"https:\/\/lignesauto.fr\/wp-content\/uploads\/2024\/11\/REN_01-1024x739.png 1024w, https:\/\/lignesauto.fr\/wp-content\/uploads\/2024\/11\/REN_01-300x216.png 300w, https:\/\/lignesauto.fr\/wp-content\/uploads\/2024\/11\/REN_01-768x554.png 768w, https:\/\/lignesauto.fr\/wp-content\/uploads\/2024\/11\/REN_01.png 1417w\" sizes=\"(max-width: 1024px) 100vw, 1024px\" \/><\/figure>\n\n\n\n<p style=\"font-size:17px\"><strong>Two thoughts on this point:<\/strong><br><strong>1-<\/strong> the Sc\u00e9nic Vision looks more modern than the Embl\u00e8me by pushing this screen as far away from the driver&#8217;s view as possible, to the very base of the windscreen. To the credit of the Embl\u00e8me concept car, its windscreen structure is undoubtedly closer to that of a production vehicle, even if Renault assures us that the concept will remain in the (unique) manifesto stage.<br><strong>2- <\/strong>the Sc\u00e9nic Vision highlights the progress made in glazing, which in the short term will be capable of being projected directly onto a dedicated coating at the base of the windscreen. BMW&#8217;s Neue Klasse unveiled in Munich in September 2023 featured this famous projection across the entire width of the windscreen. The question of projecting images onto glass is obviously of great interest to designers. But it&#8217;s not the one chosen by the Embl\u00e8me, which retains a screen. This industrial reality confirms that the spirit of this dashboard should soon see the light of day.<\/p>\n\n\n\n<figure class=\"wp-block-image size-large\"><img loading=\"lazy\" decoding=\"async\" width=\"916\" height=\"1024\" src=\"https:\/\/lignesauto.fr\/wp-content\/uploads\/2024\/11\/REN_05-916x1024.png\" alt=\"\" class=\"wp-image-35934\" srcset=\"https:\/\/lignesauto.fr\/wp-content\/uploads\/2024\/11\/REN_05-916x1024.png 916w, https:\/\/lignesauto.fr\/wp-content\/uploads\/2024\/11\/REN_05-268x300.png 268w, https:\/\/lignesauto.fr\/wp-content\/uploads\/2024\/11\/REN_05-768x859.png 768w, https:\/\/lignesauto.fr\/wp-content\/uploads\/2024\/11\/REN_05-1374x1536.png 1374w, https:\/\/lignesauto.fr\/wp-content\/uploads\/2024\/11\/REN_05.png 1417w\" sizes=\"(max-width: 916px) 100vw, 916px\" \/><figcaption class=\"wp-element-caption\"><em>Drawings: Maximilian Kandler<\/em><\/figcaption><\/figure>\n\n\n\n<p style=\"font-size:17px\">This is a far cry from the Morphoz concept <strong>,<\/strong> which introduced the now-famous L-shaped screen that appeared on the Megane E-TECH and Austral. In the 2020 concept car, this screen was positioned close to the driver (see <strong>below<\/strong>), but was able to fold up and disappear into the dashboard in autonomous driving mode. But there&#8217;s not much talk of autonomous driving these days&#8230;<\/p>\n\n\n\n<figure class=\"wp-block-image size-large\"><img loading=\"lazy\" decoding=\"async\" width=\"1024\" height=\"608\" src=\"https:\/\/lignesauto.fr\/wp-content\/uploads\/2024\/11\/REN_04-1024x608.png\" alt=\"\" class=\"wp-image-35939\" srcset=\"https:\/\/lignesauto.fr\/wp-content\/uploads\/2024\/11\/REN_04-1024x608.png 1024w, https:\/\/lignesauto.fr\/wp-content\/uploads\/2024\/11\/REN_04-300x178.png 300w, https:\/\/lignesauto.fr\/wp-content\/uploads\/2024\/11\/REN_04-768x456.png 768w, https:\/\/lignesauto.fr\/wp-content\/uploads\/2024\/11\/REN_04.png 1417w\" sizes=\"(max-width: 1024px) 100vw, 1024px\" \/><figcaption class=\"wp-element-caption\">In 2020 on the Morphoz concept, the screen is close to the steering wheel and the driver (<strong>in 1<\/strong>). In 2022, the screen on the Sc\u00e9nic Vision will migrate to the base of the windscreen ( <strong>2)<\/strong>. <em>Drawing : Damien Durand<\/em><\/figcaption><\/figure>\n\n\n\n<p style=\"font-size:17px\">The Sc\u00e9nic Vision concept car explored a forward-looking design that Renault officially announced for 2028. However, the Embl\u00e8me of 2024 sets the tone for the interiors of future Renault cars from 2026 to 2030. Not much of the interior of the Sc\u00e9nic Vision can be found here\u2026 In the latter, widgets were the order of the day, but the concept of scattering multiple small screens seems not to have been retained for the future\u2026 Perhaps time will tell.<\/p>\n\n\n\n<figure class=\"wp-block-image size-large\"><img loading=\"lazy\" decoding=\"async\" width=\"1024\" height=\"461\" src=\"https:\/\/lignesauto.fr\/wp-content\/uploads\/2024\/11\/REN_105-1024x461.jpg\" alt=\"\" class=\"wp-image-35940\" srcset=\"https:\/\/lignesauto.fr\/wp-content\/uploads\/2024\/11\/REN_105-1024x461.jpg 1024w, https:\/\/lignesauto.fr\/wp-content\/uploads\/2024\/11\/REN_105-300x135.jpg 300w, https:\/\/lignesauto.fr\/wp-content\/uploads\/2024\/11\/REN_105-768x346.jpg 768w, https:\/\/lignesauto.fr\/wp-content\/uploads\/2024\/11\/REN_105.jpg 1417w\" sizes=\"(max-width: 1024px) 100vw, 1024px\" \/><figcaption class=\"wp-element-caption\">The interior of the Sc\u00e9nic Vision of 2022 was announced as the architecture of the Renault of 2028. The 2024 Embl\u00e8me concept seems to belie this!<\/figcaption><\/figure>\n\n\n\n<p style=\"font-size:17px\">So what we wrote in 2022 is no longer entirely relevant: \u2018<em>On board the concept car, we are no longer in the Sc\u00e9nic of 2024, but travelling to 2028.<\/em> <em>This forward-looking interior, still designed with the circular economy in mind and using recycled and recyclable materials, will appear in whole or in part in future models.<\/em>&#8216; Apparently not, judging by the more sober interior of the Embl\u00e8me concept <strong>below<\/strong>.<\/p>\n\n\n\n<figure class=\"wp-block-image size-large\"><img loading=\"lazy\" decoding=\"async\" width=\"1024\" height=\"576\" src=\"https:\/\/lignesauto.fr\/wp-content\/uploads\/2024\/11\/REN_12-1024x576.jpg\" alt=\"\" class=\"wp-image-35957\" srcset=\"https:\/\/lignesauto.fr\/wp-content\/uploads\/2024\/11\/REN_12-1024x576.jpg 1024w, https:\/\/lignesauto.fr\/wp-content\/uploads\/2024\/11\/REN_12-300x169.jpg 300w, https:\/\/lignesauto.fr\/wp-content\/uploads\/2024\/11\/REN_12-768x432.jpg 768w, https:\/\/lignesauto.fr\/wp-content\/uploads\/2024\/11\/REN_12.jpg 1417w\" sizes=\"(max-width: 1024px) 100vw, 1024px\" \/><\/figure>\n\n\n\n<p style=\"font-size:17px\">However, the Sc\u00e9nic Vision concept does have one thing in common with the Embl\u00e8me: its powertrain architecture <strong>,<\/strong> with an electric motor at the rear, powered by a combustion cell (also at the rear) and a hydrogen tank at the front.<\/p>\n\n\n\n<figure class=\"wp-block-image size-large\"><img loading=\"lazy\" decoding=\"async\" width=\"1024\" height=\"576\" src=\"https:\/\/lignesauto.fr\/wp-content\/uploads\/2024\/11\/REN_100-1024x576.png\" alt=\"\" class=\"wp-image-35943\" srcset=\"https:\/\/lignesauto.fr\/wp-content\/uploads\/2024\/11\/REN_100-1024x576.png 1024w, https:\/\/lignesauto.fr\/wp-content\/uploads\/2024\/11\/REN_100-300x169.png 300w, https:\/\/lignesauto.fr\/wp-content\/uploads\/2024\/11\/REN_100-768x432.png 768w, https:\/\/lignesauto.fr\/wp-content\/uploads\/2024\/11\/REN_100-1536x864.png 1536w, https:\/\/lignesauto.fr\/wp-content\/uploads\/2024\/11\/REN_100.png 2048w\" sizes=\"(max-width: 1024px) 100vw, 1024px\" \/><\/figure>\n\n\n\n<p style=\"font-size:17px\">You might say that we&#8217;re moving away from design, but in fact we&#8217;re not: designers are eating their hearts out with 100% electric EV platforms (EV motor and batteries only) and will be much more upset by the cumbersome fuel cell and hydrogen powertrain, if it&#8217;s ever planned for more than just commercial vehicles. Let&#8217;s close the parenthesis\u2026<\/p>\n\n\n\n<figure class=\"wp-block-image size-large\"><img loading=\"lazy\" decoding=\"async\" width=\"1024\" height=\"683\" src=\"https:\/\/lignesauto.fr\/wp-content\/uploads\/2024\/11\/REN_200-1024x683.jpg\" alt=\"\" class=\"wp-image-35963\" srcset=\"https:\/\/lignesauto.fr\/wp-content\/uploads\/2024\/11\/REN_200-1024x683.jpg 1024w, https:\/\/lignesauto.fr\/wp-content\/uploads\/2024\/11\/REN_200-300x200.jpg 300w, https:\/\/lignesauto.fr\/wp-content\/uploads\/2024\/11\/REN_200-768x512.jpg 768w, https:\/\/lignesauto.fr\/wp-content\/uploads\/2024\/11\/REN_200.jpg 1417w\" sizes=\"(max-width: 1024px) 100vw, 1024px\" \/><\/figure>\n\n\n\n<p style=\"font-size:17px\">The three concept cars differ markedly in terms of design and on-board materials. On the Sc\u00e9nic Vision, the materials are highly \u2018technical\u2019 and the door panel, for example, is covered in a dichroic material which, when in contact with light, transmits variations in colour depending on its environment <strong>above<\/strong><strong>.<\/strong><\/p>\n\n\n\n<figure class=\"wp-block-image size-large\"><img loading=\"lazy\" decoding=\"async\" width=\"1024\" height=\"624\" src=\"https:\/\/lignesauto.fr\/wp-content\/uploads\/2024\/11\/REN_06-1024x624.png\" alt=\"\" class=\"wp-image-35946\" srcset=\"https:\/\/lignesauto.fr\/wp-content\/uploads\/2024\/11\/REN_06-1024x624.png 1024w, https:\/\/lignesauto.fr\/wp-content\/uploads\/2024\/11\/REN_06-300x183.png 300w, https:\/\/lignesauto.fr\/wp-content\/uploads\/2024\/11\/REN_06-768x468.png 768w, https:\/\/lignesauto.fr\/wp-content\/uploads\/2024\/11\/REN_06.png 1417w\" sizes=\"(max-width: 1024px) 100vw, 1024px\" \/><\/figure>\n\n\n\n<p style=\"font-size:17px\">On board the Embl\u00e8me, there is a return to warmer materials, mainly fabric. This doesn&#8217;t detract from the technology, however, as information can be broadcast through the fabric, including controls. This is something that BMW also highlighted on its iNext concept car <strong>below<\/strong> in 2018.<\/p>\n\n\n\n<figure class=\"wp-block-image size-large\"><img loading=\"lazy\" decoding=\"async\" width=\"683\" height=\"1024\" src=\"https:\/\/lignesauto.fr\/wp-content\/uploads\/2024\/11\/REN_107-683x1024.jpg\" alt=\"\" class=\"wp-image-35954\" srcset=\"https:\/\/lignesauto.fr\/wp-content\/uploads\/2024\/11\/REN_107-683x1024.jpg 683w, https:\/\/lignesauto.fr\/wp-content\/uploads\/2024\/11\/REN_107-200x300.jpg 200w, https:\/\/lignesauto.fr\/wp-content\/uploads\/2024\/11\/REN_107-768x1152.jpg 768w, https:\/\/lignesauto.fr\/wp-content\/uploads\/2024\/11\/REN_107-1024x1536.jpg 1024w, https:\/\/lignesauto.fr\/wp-content\/uploads\/2024\/11\/REN_107-1365x2048.jpg 1365w, https:\/\/lignesauto.fr\/wp-content\/uploads\/2024\/11\/REN_107.jpg 1417w\" sizes=\"(max-width: 683px) 100vw, 683px\" \/><\/figure>\n\n\n\n<p style=\"font-size:17px\">In the Embl\u00e8me concept, we find more warmth on board, more fabrics and materials that we could just as easily find at home, in our living room. These are the new directions arising from research into vehicles with driver delegation (being at home on board) and, at the same time, research into the durability of these materials, the vast majority of which are recycled and are, of course, themselves recyclable. <strong>Below<\/strong>, the door panel of the Embl\u00e8me concept.<\/p>\n\n\n\n<figure class=\"wp-block-image size-large\"><img loading=\"lazy\" decoding=\"async\" width=\"1024\" height=\"620\" src=\"https:\/\/lignesauto.fr\/wp-content\/uploads\/2024\/11\/REN_108-1024x620.png\" alt=\"\" class=\"wp-image-35960\" srcset=\"https:\/\/lignesauto.fr\/wp-content\/uploads\/2024\/11\/REN_108-1024x620.png 1024w, https:\/\/lignesauto.fr\/wp-content\/uploads\/2024\/11\/REN_108-300x182.png 300w, https:\/\/lignesauto.fr\/wp-content\/uploads\/2024\/11\/REN_108-768x465.png 768w, https:\/\/lignesauto.fr\/wp-content\/uploads\/2024\/11\/REN_108.png 1417w\" sizes=\"(max-width: 1024px) 100vw, 1024px\" \/><\/figure>\n\n\n\n<p style=\"font-size:17px\">Forget the two previous concept cars, Morphoz and Sc\u00e9nic Vision, and focus instead on the Embl\u00e8me <strong>below<\/strong>, which defines the new formal language of future Renault cars. The REAL Vidal signature, as it were. There&#8217;s more simplicity on the flanks (note the suppleness of the embossing, which abandons the frank and rigid edge lines) and &#8211; on this concept &#8211; a \u2018shooting brake\u2019 silhouette. The glazed area is as limited as ever compared with that of the sheet metal parts. The large spoiler at the rear of the roof is now compulsory on EV vehicles seeking the most efficient aerodynamic coefficient&#8230;<\/p>\n\n\n\n<figure class=\"wp-block-image size-large\"><img loading=\"lazy\" decoding=\"async\" width=\"1024\" height=\"645\" src=\"https:\/\/lignesauto.fr\/wp-content\/uploads\/2024\/11\/REN_13-1024x645.png\" alt=\"\" class=\"wp-image-35972\" srcset=\"https:\/\/lignesauto.fr\/wp-content\/uploads\/2024\/11\/REN_13-1024x645.png 1024w, https:\/\/lignesauto.fr\/wp-content\/uploads\/2024\/11\/REN_13-300x189.png 300w, https:\/\/lignesauto.fr\/wp-content\/uploads\/2024\/11\/REN_13-768x484.png 768w, https:\/\/lignesauto.fr\/wp-content\/uploads\/2024\/11\/REN_13.png 1417w\" sizes=\"(max-width: 1024px) 100vw, 1024px\" \/><\/figure>\n\n\n\n<p style=\"font-size:17px\">While we&#8217;re not crazy about the front lip that supports the logo, we do like the new formal language of the light signature <strong>below<\/strong>, which plays with the geometry of the Renault diamond at the front and rear. A more elegant concept than the current one, which is rather complicated, although very effective at the time of the Clio restyling.<\/p>\n\n\n\n<figure class=\"wp-block-image size-large\"><img loading=\"lazy\" decoding=\"async\" width=\"1024\" height=\"712\" src=\"https:\/\/lignesauto.fr\/wp-content\/uploads\/2024\/11\/REN_14-1024x712.png\" alt=\"\" class=\"wp-image-35975\" srcset=\"https:\/\/lignesauto.fr\/wp-content\/uploads\/2024\/11\/REN_14-1024x712.png 1024w, https:\/\/lignesauto.fr\/wp-content\/uploads\/2024\/11\/REN_14-300x209.png 300w, https:\/\/lignesauto.fr\/wp-content\/uploads\/2024\/11\/REN_14-768x534.png 768w, https:\/\/lignesauto.fr\/wp-content\/uploads\/2024\/11\/REN_14.png 1417w\" sizes=\"(max-width: 1024px) 100vw, 1024px\" \/><\/figure>\n\n\n\n<p style=\"font-size:17px\">The comparison of these three concept cars is obviously polluted by the changes that have taken place at Renault in the design teams between 2020 and today. Nonetheless, it serves as a reminder of the importance of these manifestos which, even if they do not all hold the truth of tomorrow, open many doors, some of which lead to new worlds for the series. Which of the three do you prefer?<\/p>\n\n\n\n<p style=\"font-size:17px\"><strong>BONUS: WHAT ABOUT THE STEERING WHEELS?<\/strong><br>In 1970, the steering wheel on the Citro\u00ebn SM caused quite a stir with its flattened shape and single spoke. The shape was symbiotic with the oval shape of the speedometers. Today, steering wheels have not been round for some time. They are increasingly taking on a rectangular shape with rounded corners.<\/p>\n\n\n\n<figure class=\"wp-block-image size-large\"><img loading=\"lazy\" decoding=\"async\" width=\"1024\" height=\"684\" src=\"https:\/\/lignesauto.fr\/wp-content\/uploads\/2024\/11\/REN_03-1024x684.png\" alt=\"\" class=\"wp-image-35995\" srcset=\"https:\/\/lignesauto.fr\/wp-content\/uploads\/2024\/11\/REN_03-1024x684.png 1024w, https:\/\/lignesauto.fr\/wp-content\/uploads\/2024\/11\/REN_03-300x200.png 300w, https:\/\/lignesauto.fr\/wp-content\/uploads\/2024\/11\/REN_03-768x513.png 768w, https:\/\/lignesauto.fr\/wp-content\/uploads\/2024\/11\/REN_03.png 1417w\" sizes=\"(max-width: 1024px) 100vw, 1024px\" \/><\/figure>\n\n\n\n<p style=\"font-size:17px\">The steering wheel on the Morphoz concept featured a rather \u2018techno\u2019 luminous crystal glass hub, while the one on the Sc\u00e9nic Vision would have looked right at home in&#8230; an Alpine! The steering wheel on the Embl\u00e8me concept is much cosier and reassuring. It features the Renault logo at the top, on a sort of beak, like the front logo on the bodywork. The steering wheel even has a touch of <em>vintage<\/em> about it, with its large, single horizontal spoke that could be found in the late 1970s on certain American cars, such as the Chevrolet Caprice, <strong>below<\/strong>. <em>\u2018Gilles and Sandeep, we&#8217;re in complete agreement, retro design is for R4s, R5s and Twingos, right?!\u2019<\/em><\/p>\n\n\n\n<figure class=\"wp-block-image size-large\"><img loading=\"lazy\" decoding=\"async\" width=\"1024\" height=\"453\" src=\"https:\/\/lignesauto.fr\/wp-content\/uploads\/2024\/11\/REN_500-1024x453.png\" alt=\"\" class=\"wp-image-36007\" srcset=\"https:\/\/lignesauto.fr\/wp-content\/uploads\/2024\/11\/REN_500-1024x453.png 1024w, https:\/\/lignesauto.fr\/wp-content\/uploads\/2024\/11\/REN_500-300x133.png 300w, https:\/\/lignesauto.fr\/wp-content\/uploads\/2024\/11\/REN_500-768x340.png 768w, https:\/\/lignesauto.fr\/wp-content\/uploads\/2024\/11\/REN_500.png 1417w\" sizes=\"(max-width: 1024px) 100vw, 1024px\" \/><\/figure>\n\n\n<div class=\"wp-block-image\">\n<figure class=\"aligncenter size-full is-resized\"><img loading=\"lazy\" decoding=\"async\" width=\"1024\" height=\"367\" src=\"https:\/\/lignesauto.fr\/wp-content\/uploads\/2024\/11\/image.png\" alt=\"\" class=\"wp-image-35992\" style=\"width:531px;height:auto\" srcset=\"https:\/\/lignesauto.fr\/wp-content\/uploads\/2024\/11\/image.png 1024w, https:\/\/lignesauto.fr\/wp-content\/uploads\/2024\/11\/image-300x108.png 300w, https:\/\/lignesauto.fr\/wp-content\/uploads\/2024\/11\/image-768x275.png 768w\" sizes=\"(max-width: 1024px) 100vw, 1024px\" \/><\/figure><\/div>","protected":false},"excerpt":{"rendered":"<p>What remains of the concept cars presented over the years by the various manufacturers? They are sometimes forgotten as quickly as a fleeting moment of happiness, and yet they carry within them the genes of tomorrow&#8217;s cars. That&#8217;s their role. So let&#8217;s take advantage of the presentation of the Renault [&hellip;]<\/p>\n","protected":false},"author":1,"featured_media":35917,"comment_status":"closed","ping_status":"closed","sticky":false,"template":"","format":"standard","meta":{"footnotes":""},"categories":[1],"tags":[],"_links":{"self":[{"href":"https:\/\/lignesauto.fr\/index.php?rest_route=\/wp\/v2\/posts\/36051"}],"collection":[{"href":"https:\/\/lignesauto.fr\/index.php?rest_route=\/wp\/v2\/posts"}],"about":[{"href":"https:\/\/lignesauto.fr\/index.php?rest_route=\/wp\/v2\/types\/post"}],"author":[{"embeddable":true,"href":"https:\/\/lignesauto.fr\/index.php?rest_route=\/wp\/v2\/users\/1"}],"replies":[{"embeddable":true,"href":"https:\/\/lignesauto.fr\/index.php?rest_route=%2Fwp%2Fv2%2Fcomments&post=36051"}],"version-history":[{"count":47,"href":"https:\/\/lignesauto.fr\/index.php?rest_route=\/wp\/v2\/posts\/36051\/revisions"}],"predecessor-version":[{"id":36101,"href":"https:\/\/lignesauto.fr\/index.php?rest_route=\/wp\/v2\/posts\/36051\/revisions\/36101"}],"wp:featuredmedia":[{"embeddable":true,"href":"https:\/\/lignesauto.fr\/index.php?rest_route=\/wp\/v2\/media\/35917"}],"wp:attachment":[{"href":"https:\/\/lignesauto.fr\/index.php?rest_route=%2Fwp%2Fv2%2Fmedia&parent=36051"}],"wp:term":[{"taxonomy":"category","embeddable":true,"href":"https:\/\/lignesauto.fr\/index.php?rest_route=%2Fwp%2Fv2%2Fcategories&post=36051"},{"taxonomy":"post_tag","embeddable":true,"href":"https:\/\/lignesauto.fr\/index.php?rest_route=%2Fwp%2Fv2%2Ftags&post=36051"}],"curies":[{"name":"wp","href":"https:\/\/api.w.org\/{rel}","templated":true}]}}