{"id":36767,"date":"2024-12-02T10:00:58","date_gmt":"2024-12-02T09:00:58","guid":{"rendered":"https:\/\/lignesauto.fr\/?p=36767"},"modified":"2024-12-02T10:00:58","modified_gmt":"2024-12-02T09:00:58","slug":"ds-numero-8-le-sacre-numero-de-ds-sera-t-il-gagnant","status":"publish","type":"post","link":"https:\/\/lignesauto.fr\/?p=36767","title":{"rendered":"DS Num\u00e9ro 8\u00a0: le sacr\u00e9 num\u00e9ro de DS sera-t-il gagnant\u00a0?"},"content":{"rendered":"<div class=\"wp-block-image\">\n<figure class=\"aligncenter size-large is-resized\"><img loading=\"lazy\" decoding=\"async\" width=\"1024\" height=\"288\" src=\"https:\/\/lignesauto.fr\/wp-content\/uploads\/2024\/11\/A-1024x288.png\" alt=\"\" class=\"wp-image-36771\" style=\"width:537px;height:auto\" srcset=\"https:\/\/lignesauto.fr\/wp-content\/uploads\/2024\/11\/A-1024x288.png 1024w, https:\/\/lignesauto.fr\/wp-content\/uploads\/2024\/11\/A-300x84.png 300w, https:\/\/lignesauto.fr\/wp-content\/uploads\/2024\/11\/A-768x216.png 768w, https:\/\/lignesauto.fr\/wp-content\/uploads\/2024\/11\/A.png 1417w\" sizes=\"(max-width: 1024px) 100vw, 1024px\" \/><\/figure><\/div>\n\n\n<p style=\"font-size:17px\">Douze heures \u00e0 peine apr\u00e8s l&#8217;annonce de la d\u00e9mission de Carlos Tavares, CEO de Stellantis , DS Automobiles d\u00e9voile l\u2019appellation retenue pour sa grande nouveaut\u00e9 de 2024. Il n&#8217;y a pas de cause \u00e0 effet, mais voil\u00e0 qui ne va pas faciliter aujourd&#8217;hui la communication de la marque n\u00e9e en 2014&#8230; Co\u00efncidence, c&#8217;\u00e9tait la m\u00eame ann\u00e9e que celle de la prise de fonction de Carlos Tavares ! Et autre surprise, cette future DS ne s&#8217;appellera pas DS8, mais DS N\u00b08, ou \u00ab DS Automobiles, Num\u00e9ro 8 \u00bb. Le constructeur rappelle que \u00ab <em>le chiffre 8 est in\u00e9dit pour DS Automobiles. Sa forme proche du signe infini est associ\u00e9e \u00e0 l\u2019\u00e9quilibre et \u00e0 la s\u00e9r\u00e9nit\u00e9, qui se conjuguent pour former un ensemble harmonieux.<\/em>\u00bb<\/p>\n\n\n\n<figure class=\"wp-block-video\"><video controls src=\"https:\/\/lignesauto.fr\/wp-content\/uploads\/2024\/11\/REVEAL_INTER_DSN8_FR.mp4\"><\/video><\/figure>\n\n\n\n<p style=\"font-size:17px\">Nous avions connu la Citro\u00ebn-DS Num\u00e9ro 9 en 2012, <strong>comme on vous le rappelle en vous offrant un PDF complet sur son histoire, \u00e0 la fin de ce post. <\/strong>Cette nouvelle philosophie d\u2019appellation sera d\u00e9sormais p\u00e9renne avec, dans l\u2019ordre chronologique, les futures DS Num\u00e9ro 7 (rempla\u00e7ante de la DS7 probablement d\u00e9voil\u00e9e l\u2019an prochain), Num\u00e9ro 3 (rempla\u00e7ante de la DS3 en 2026&nbsp;?) et, plus tard, Num\u00e9ro 4. On note \u00e9galement que le logo DS n\u2019apparait pas \u00e0 l\u2019arri\u00e8re puisqu\u2019une nouvelle police est lanc\u00e9e \u00e0 l\u2019occasion de la pr\u00e9sentation de la Num\u00e9ro 8, avec le nom de la marque \u00ab&nbsp;DS Automobiles&nbsp;\u00bb en toutes lettres qui prend de l\u2019ampleur au-dessus de \u00ab&nbsp;N\u00b08&nbsp;\u00bb. DS pr\u00e9cise d\u2019ailleurs que \u00ab&nbsp;<em>le \u00ab&nbsp;\u00b0&nbsp;\u00bb est dessin\u00e9 comme une pointe de diamant, symbole d\u2019\u00e9l\u00e9gance et de savoir-faire.<\/em>&nbsp;\u00bb<\/p>\n\n\n\n<figure class=\"wp-block-image size-large\"><img loading=\"lazy\" decoding=\"async\" width=\"1024\" height=\"447\" src=\"https:\/\/lignesauto.fr\/wp-content\/uploads\/2024\/11\/DSN8_06-1024x447.jpg\" alt=\"\" class=\"wp-image-36772\" srcset=\"https:\/\/lignesauto.fr\/wp-content\/uploads\/2024\/11\/DSN8_06-1024x447.jpg 1024w, https:\/\/lignesauto.fr\/wp-content\/uploads\/2024\/11\/DSN8_06-300x131.jpg 300w, https:\/\/lignesauto.fr\/wp-content\/uploads\/2024\/11\/DSN8_06-768x335.jpg 768w, https:\/\/lignesauto.fr\/wp-content\/uploads\/2024\/11\/DSN8_06.jpg 1417w\" sizes=\"(max-width: 1024px) 100vw, 1024px\" \/><\/figure>\n\n\n\n<p style=\"font-size:17px\">Le constructeur nous rassure \u00e9galement en signifiant que cette nouvelle strat\u00e9gie d\u2019appellation \u00ab&nbsp;<em>lance une nouvelle g\u00e9n\u00e9ration de mod\u00e8les pour DS Automobiles, d\u00e9montrant une \u00e9volution significative.<\/em>&nbsp;\u00bb En clair, face \u00e0 Lancia et Alfa-Romeo qui vivent dans le m\u00eame p\u00f4le Premium chez Stellantis, DS Automobiles dispose d\u2019un plan produit \u00e0 priori solide avec dans les tuyaux les &#8220;Num\u00e9ro&#8221; 3, 4, 7 et 8 face aux trois mod\u00e8les annonc\u00e9s chez Lancia par exemple (Ypsilon, Gamma et Delta.) Nous aurons d\u2019ailleurs l\u2019occasion bient\u00f4t de revenir sur la filiation entre la DS Num\u00e9ro 8 et la prochaine Lancia Gamma, toutes deux produites dans la m\u00eame usine de Melfi en Italie.<\/p>\n\n\n\n<figure class=\"wp-block-image size-large\"><img loading=\"lazy\" decoding=\"async\" width=\"1024\" height=\"556\" src=\"https:\/\/lignesauto.fr\/wp-content\/uploads\/2024\/11\/02-1024x556.png\" alt=\"\" class=\"wp-image-36773\" srcset=\"https:\/\/lignesauto.fr\/wp-content\/uploads\/2024\/11\/02-1024x556.png 1024w, https:\/\/lignesauto.fr\/wp-content\/uploads\/2024\/11\/02-300x163.png 300w, https:\/\/lignesauto.fr\/wp-content\/uploads\/2024\/11\/02-768x417.png 768w, https:\/\/lignesauto.fr\/wp-content\/uploads\/2024\/11\/02.png 1417w\" sizes=\"(max-width: 1024px) 100vw, 1024px\" \/><\/figure>\n\n\n\n<p style=\"font-size:17px\">La DS Num\u00e9ro 8 a d\u00e9j\u00e0 \u00e9t\u00e9 d\u00e9flor\u00e9e sous une forme l\u00e9g\u00e8rement camoufl\u00e9e ci-dessus voici quelques jours, et elle semble bien d\u00e9river du concept-car ASL de 2020. Pour l\u2019heure, outre l\u2019appellation, DS d\u00e9voile la planche de bord de son nouveau <em>flagship<\/em> avec son surprenant volant aux quatre branches positionn\u00e9es en \u00ab&nbsp;X&nbsp;\u00bb.<\/p>\n\n\n\n<figure class=\"wp-block-image size-large\"><img loading=\"lazy\" decoding=\"async\" width=\"1024\" height=\"455\" src=\"https:\/\/lignesauto.fr\/wp-content\/uploads\/2024\/11\/DSN8_04-1024x455.jpg\" alt=\"\" class=\"wp-image-36783\" srcset=\"https:\/\/lignesauto.fr\/wp-content\/uploads\/2024\/11\/DSN8_04-1024x455.jpg 1024w, https:\/\/lignesauto.fr\/wp-content\/uploads\/2024\/11\/DSN8_04-300x133.jpg 300w, https:\/\/lignesauto.fr\/wp-content\/uploads\/2024\/11\/DSN8_04-768x341.jpg 768w, https:\/\/lignesauto.fr\/wp-content\/uploads\/2024\/11\/DSN8_04.jpg 1417w\" sizes=\"(max-width: 1024px) 100vw, 1024px\" \/><\/figure>\n\n\n\n<p style=\"font-size:17px\">Voici ci-dessus et ci-dessous les deux photos officielles de la planche de bord de la DS Num\u00e9ro 8. On note un travail \u00e9l\u00e9gant sur le r\u00e9tro-\u00e9clairage, avec cette sensation que l&#8217;\u00e9cran central est en sustentation. Si l&#8217;on zoom sur la photo, on se rend compte qu&#8217;il n&#8217;y a pas de poign\u00e9e de porti\u00e8re. Le prolongement de la planche sur la panneau de porti\u00e8re doit donc int\u00e9grer cette fonction. On note \u00e9galement que la continuit\u00e9 entre planche de bord et panneau de porte s\u2019effectue selon un mouvement emprunt\u00e9 au concept-car ASL. DS pr\u00e9cise \u00ab&nbsp;<em>que les d\u00e9cors qui se d\u00e9ploient dans les porti\u00e8res enveloppent les occupants et int\u00e8grent de mani\u00e8re in\u00e9dite la sonorisation et l\u2019\u00e9clairage.<\/em>&nbsp;\u00bb Regardez bien ci-dessous &#8211; nous avons \u00e9clairci la photo officielle &#8211; la console est en deux parties : une sup\u00e9rieure, tr\u00e8s fine et subtilement \u00e9clair\u00e9e, et une inf\u00e9rieure avec un couvercle qui cache sans doute un volume de rangement.<\/p>\n\n\n\n<figure class=\"wp-block-image size-large\"><img loading=\"lazy\" decoding=\"async\" width=\"1024\" height=\"455\" src=\"https:\/\/lignesauto.fr\/wp-content\/uploads\/2024\/11\/DSN8_05-1024x455.jpg\" alt=\"\" class=\"wp-image-36784\" srcset=\"https:\/\/lignesauto.fr\/wp-content\/uploads\/2024\/11\/DSN8_05-1024x455.jpg 1024w, https:\/\/lignesauto.fr\/wp-content\/uploads\/2024\/11\/DSN8_05-300x133.jpg 300w, https:\/\/lignesauto.fr\/wp-content\/uploads\/2024\/11\/DSN8_05-768x341.jpg 768w, https:\/\/lignesauto.fr\/wp-content\/uploads\/2024\/11\/DSN8_05.jpg 1417w\" sizes=\"(max-width: 1024px) 100vw, 1024px\" \/><\/figure>\n\n\n\n<p style=\"font-size:17px\">Nous avons r\u00e9alis\u00e9 une capture d\u2019\u00e9cran ci-dessous de la petite vid\u00e9o diffus\u00e9e avec le communiqu\u00e9 officiel pour positionner cette nouvelle planche de bord de face, afin de mieux la confronter aux deux derniers concepts de la marque&nbsp;: l\u2019ASL de 2020, d\u00e9voil\u00e9 en plein Covid, et le manifeste Mi.21 d\u2019un habitacle futuriste. Car rien ne se perd dans les concept-cars&#8230; En voici la preuve :<\/p>\n\n\n\n<p style=\"font-size:18px\"><strong>FACE AU CONCEPT-CAR ASL DE 2020<\/strong><\/p>\n\n\n\n<figure class=\"wp-block-image size-large\"><img loading=\"lazy\" decoding=\"async\" width=\"1024\" height=\"739\" src=\"https:\/\/lignesauto.fr\/wp-content\/uploads\/2024\/11\/DSN8_01-1024x739.png\" alt=\"\" class=\"wp-image-36781\" srcset=\"https:\/\/lignesauto.fr\/wp-content\/uploads\/2024\/11\/DSN8_01-1024x739.png 1024w, https:\/\/lignesauto.fr\/wp-content\/uploads\/2024\/11\/DSN8_01-300x216.png 300w, https:\/\/lignesauto.fr\/wp-content\/uploads\/2024\/11\/DSN8_01-768x554.png 768w, https:\/\/lignesauto.fr\/wp-content\/uploads\/2024\/11\/DSN8_01.png 1417w\" sizes=\"(max-width: 1024px) 100vw, 1024px\" \/><\/figure>\n\n\n\n<p style=\"font-size:17px\"><strong>En 1<\/strong>, le volant est tr\u00e8s original comme sur le concept, mais le nombre de branches passe \u00e0 quatre, en forme de &#8220;X&#8221;. Une configuration qu&#8217;il faut absolument tester avant tout commentaire. <strong>En 2<\/strong>, Rien ne d\u00e9passe du dessus de planche, assez basse. L&#8217;\u00e9cran reste en dessous de la limite sup\u00e9rieure de la planche, d&#8217;o\u00f9 sans doute un sentiment de luminosit\u00e9 et de grande visibilit\u00e9. <strong>En 3<\/strong> : l&#8217;affichage par projection sur le rev\u00eatement de planche de l&#8217;ASL n&#8217;est pas conserv\u00e9, remplac\u00e9 par un \u00e9cran classique. <strong>En 4<\/strong>: le retour de planche sur le panneau de porte de l&#8217;ASL d\u00e9laisse l&#8217;\u00e9cran de contr\u00f4le sur la Num\u00e9ro 8.<\/p>\n\n\n\n<p style=\"font-size:18px\"><strong>FACE AU MANIFESTE Mi.21 DE 2023<\/strong><\/p>\n\n\n\n<figure class=\"wp-block-image size-large\"><img loading=\"lazy\" decoding=\"async\" width=\"1024\" height=\"786\" src=\"https:\/\/lignesauto.fr\/wp-content\/uploads\/2024\/11\/DSN8_03-1024x786.png\" alt=\"\" class=\"wp-image-36787\" srcset=\"https:\/\/lignesauto.fr\/wp-content\/uploads\/2024\/11\/DSN8_03-1024x786.png 1024w, https:\/\/lignesauto.fr\/wp-content\/uploads\/2024\/11\/DSN8_03-300x230.png 300w, https:\/\/lignesauto.fr\/wp-content\/uploads\/2024\/11\/DSN8_03-768x590.png 768w, https:\/\/lignesauto.fr\/wp-content\/uploads\/2024\/11\/DSN8_03.png 1417w\" sizes=\"(max-width: 1024px) 100vw, 1024px\" \/><\/figure>\n\n\n\n<p style=\"font-size:17px\">Ci-dessus, la planche de bord de la DS Num\u00e9ro 8 compar\u00e9e \u00e0 celle du manifeste MI.21. <strong>En 1<\/strong> : apparition du volant en &#8220;X&#8221; avec une ergonomie plus fantaisiste sur le manifeste et plus r\u00e9aliste sur la voiture de s\u00e9rie. <strong>En 2<\/strong> : on retrouve le m\u00eame concept de console centrale effil\u00e9e vers l&#8217;avant, augurant d&#8217;une place confortable pour les jambes sur la voiture de s\u00e9rie. <strong>En 3<\/strong> : L&#8217;\u00e9cran de cin\u00e9ma du manifeste dispara\u00eet sur la voiture de s\u00e9rie au profit (!) d&#8217;un \u00e9cran bien plus classique.<\/p>\n\n\n\n<p style=\"font-size:18px\"><strong>BONUS LIGNES\/auto : DES VOLANTS ET DES CONCEPT-CARS CHEZ DS AUTOMOBILES<\/strong><\/p>\n\n\n\n<figure class=\"wp-block-image size-large\"><img loading=\"lazy\" decoding=\"async\" width=\"1024\" height=\"700\" src=\"https:\/\/lignesauto.fr\/wp-content\/uploads\/2024\/11\/VOL_DIVINE-1024x700.png\" alt=\"\" class=\"wp-image-36792\" srcset=\"https:\/\/lignesauto.fr\/wp-content\/uploads\/2024\/11\/VOL_DIVINE-1024x700.png 1024w, https:\/\/lignesauto.fr\/wp-content\/uploads\/2024\/11\/VOL_DIVINE-300x205.png 300w, https:\/\/lignesauto.fr\/wp-content\/uploads\/2024\/11\/VOL_DIVINE-768x525.png 768w, https:\/\/lignesauto.fr\/wp-content\/uploads\/2024\/11\/VOL_DIVINE.png 1417w\" sizes=\"(max-width: 1024px) 100vw, 1024px\" \/><\/figure>\n\n\n\n<p style=\"font-size:17px\">Alors que la ligne Citro\u00ebn DS devient une marque en 2014, Thierry M\u00e9troz et ses \u00e9quipes ont une ambition&nbsp;: r\u00e9aliser un manifeste pour r\u00e9v\u00e9ler au monde leur vision future. Divine porte les g\u00e8nes de la future gamme et cette volont\u00e9 d\u2019int\u00e9grer des mat\u00e9riaux exclusifs. A bord, c\u2019est la course \u00e0 l&#8217;hyper typage avec diff\u00e9rents habillages haute couture o\u00f9 l\u2019on retrouve les labels Lesage ou Swarovski. On d\u00e9couvre &#8211; d\u00e9j\u00e0 &#8211; l\u2019id\u00e9e des drap\u00e9s que l\u2019on voit aujourd\u2019hui \u00e0 bord de la DS4. Quant \u00e0 la sellerie \u00ab&nbsp;Bracelet&nbsp;\u00bb, elle appara\u00eet ici mais elle est n\u00e9e en r\u00e9alit\u00e9 \u00e0 bord du concept-car C5 Airscape en 2007. Dans l\u2019habitacle, le curseur de la typologie est pouss\u00e9 \u00e0 son paroxysme et cet effet <em>too-much<\/em> se calmera par la suite. En 2014, l\u2019heure est \u00e0 un design distinctif, avec une histoire totalement vierge, si ce n\u2019est la volont\u00e9 de promouvoir le luxe \u00e0 la fran\u00e7aise. \u00c9crire cette histoire prend du temps, mais Divine d\u00e9voile d\u00e9j\u00e0 des choix stylistiques et conceptuels majeurs du design des mod\u00e8les de la fin des ann\u00e9es 2010&nbsp;comme les feux en \u00e9cailles et la calandre tr\u00e8s identitaire.<\/p>\n\n\n\n<figure class=\"wp-block-image size-large\"><img loading=\"lazy\" decoding=\"async\" width=\"1024\" height=\"677\" src=\"https:\/\/lignesauto.fr\/wp-content\/uploads\/2024\/11\/VOL_X_TENSE-1024x677.png\" alt=\"\" class=\"wp-image-36793\" srcset=\"https:\/\/lignesauto.fr\/wp-content\/uploads\/2024\/11\/VOL_X_TENSE-1024x677.png 1024w, https:\/\/lignesauto.fr\/wp-content\/uploads\/2024\/11\/VOL_X_TENSE-300x198.png 300w, https:\/\/lignesauto.fr\/wp-content\/uploads\/2024\/11\/VOL_X_TENSE-768x508.png 768w, https:\/\/lignesauto.fr\/wp-content\/uploads\/2024\/11\/VOL_X_TENSE.png 1417w\" sizes=\"(max-width: 1024px) 100vw, 1024px\" \/><\/figure>\n\n\n\n<p style=\"font-size:17px\">Alors que le studio de design \u0153uvre sur les DS9 et DS4, que la DS7 Crossback est en phase d\u2019industrialisation, DS entre de plain-pied dans l\u2019univers de l\u2019\u00e9lectrique et de la sportivit\u00e9. Le concept E-Tense accompagne ainsi la pr\u00e9sence de la marque dans le championnat de Formule E. La X-Tense peaufine la calandre au \u00ab&nbsp;double-wings&nbsp;\u00bb, inaugure les poign\u00e9es de porte r\u00e9tractables et perfectionne le \u00ab&nbsp;lighting&nbsp;\u00bb, notamment \u00e0 l\u2019arri\u00e8re o\u00f9 les feux disposent d\u2019une pr\u00e9sence verticale. A l\u2019avant, les LED descendantes annoncent celles des DS de 2010 \u00e0 2020. A bord, le concept met une fois encore en exergue le savoir-faire unique des artisans et les mati\u00e8res nobles&nbsp;: cuirs patin\u00e9s et surpiqu\u00e9s, point perle et le fameux aluminium guilloch\u00e9. Les partenariats se multiplient&nbsp;: maison Moynat pour l\u2019\u00e9tui porte casque, BRM pour la montre et Focal pour le syst\u00e8me audio.<\/p>\n\n\n\n<figure class=\"wp-block-image size-large\"><img loading=\"lazy\" decoding=\"async\" width=\"1024\" height=\"524\" src=\"https:\/\/lignesauto.fr\/wp-content\/uploads\/2024\/11\/VOL_X_E_TENSE-1024x524.png\" alt=\"\" class=\"wp-image-36794\" srcset=\"https:\/\/lignesauto.fr\/wp-content\/uploads\/2024\/11\/VOL_X_E_TENSE-1024x524.png 1024w, https:\/\/lignesauto.fr\/wp-content\/uploads\/2024\/11\/VOL_X_E_TENSE-300x153.png 300w, https:\/\/lignesauto.fr\/wp-content\/uploads\/2024\/11\/VOL_X_E_TENSE-768x393.png 768w, https:\/\/lignesauto.fr\/wp-content\/uploads\/2024\/11\/VOL_X_E_TENSE.png 1417w\" sizes=\"(max-width: 1024px) 100vw, 1024px\" \/><\/figure>\n\n\n\n<p style=\"font-size:17px\">La DS7 Crossback est en vente, la DS3 Crossback arrive et il faut maintenir la pression dans l\u2019attente des DS9 et DS4. Pour faire corps avec ses victoires dans le championnat de Formule E, DS s\u2019appuie sur la technologie de sa monoplace 100% \u00e9lectrique pour enfanter un engin autonome, asym\u00e9trique et \u00e0 l\u2019architecture extravagante. Le pilote, casqu\u00e9, profite des sensations d\u2019une conduite \u00e0 l\u2019air libre, alors que le passager s\u2019enferme dans une bulle douillette, pour se laisser conduire. Ce side-car automobile de 2035 stup\u00e9fie. A bord, pour faire opposition \u00e0 la puissance de l\u2019engin qui peut culminer \u00e0 1&nbsp;360 ch, c\u2019est la s\u00e9r\u00e9nit\u00e9, douceur et po\u00e9sie qui priment. Le volant est l\u00e0, symbole embl\u00e9matique de la passion automobile. Les teintes bleu Millenium et bleu marine conversent avec le rouge des plumes. Oui, des plumes que l\u2019on d\u00e9couvre sous la forme d\u2019une \u00e9tole sur la partie sup\u00e9rieure du cockpit passager.<\/p>\n\n\n\n<figure class=\"wp-block-image size-large\"><img loading=\"lazy\" decoding=\"async\" width=\"1024\" height=\"609\" src=\"https:\/\/lignesauto.fr\/wp-content\/uploads\/2024\/11\/VOL_ASL-1024x609.png\" alt=\"\" class=\"wp-image-36795\" srcset=\"https:\/\/lignesauto.fr\/wp-content\/uploads\/2024\/11\/VOL_ASL-1024x609.png 1024w, https:\/\/lignesauto.fr\/wp-content\/uploads\/2024\/11\/VOL_ASL-300x178.png 300w, https:\/\/lignesauto.fr\/wp-content\/uploads\/2024\/11\/VOL_ASL-768x457.png 768w, https:\/\/lignesauto.fr\/wp-content\/uploads\/2024\/11\/VOL_ASL.png 1417w\" sizes=\"(max-width: 1024px) 100vw, 1024px\" \/><\/figure>\n\n\n\n<p style=\"font-size:17px\">Dans un univers d\u00e9sormais cibl\u00e9 par la silhouette SUV, la berline r\u00e9siste avec peine. Pourquoi offrir seulement le choix de ces deux concepts aux passionn\u00e9s de la conduite&nbsp;? La DS ASL est l\u2019expression ultime de la limousine rehauss\u00e9e sur de grandes roues, dynamique avec son pavillon fuyant et 100% \u00e9lectrique. C\u2019est l\u2019avant-phase de la future gamme DS \u00e9lectrique, car comme l\u2019affirmait alors Marion David, directrice de produit DS, \u00ab&nbsp;<em>une DS ASL est forc\u00e9ment \u00e9lectrique.&nbsp;<\/em>\u00bb En s\u2019engageant sur cette voie d\u2019une nouvelle architecture, DS n\u2019en oublie pas ses principes de base en d\u00e9florant une fois encore des mat\u00e9riaux que l\u2019on pensait improbables \u00e0 bord d\u2019un v\u00e9hicule&nbsp;: la paille recouvre la planche de bord et les dossiers de si\u00e8ges, le satin de coton remplace le plastique mouss\u00e9 de la planche de bord, et sert de support \u00e0 la projections de l\u2019instrumentation, alors que le mobilier int\u00e9rieur rappelle celui des paquebots luxueux. Le dessin est cette fois proche d\u2019un v\u00e9hicule de s\u00e9rie &#8211; ce sera la DS Num\u00e9ro 8 d\u2019aujourd\u2019hui &#8211; et s\u2019inspire de celui de la DS4, dessin\u00e9e par le m\u00eame designer Thomas Duhamel.<\/p>\n\n\n\n<p style=\"font-size:17px\"><strong>LE CONCEPT SM TRIBUTE ET LA NUM\u00c9RO 8, TOUS DEUX N\u00c9S EN 2024<\/strong> :<\/p>\n\n\n\n<figure class=\"wp-block-image size-large\"><img loading=\"lazy\" decoding=\"async\" width=\"1024\" height=\"650\" src=\"https:\/\/lignesauto.fr\/wp-content\/uploads\/2024\/11\/VOL_SM-1024x650.png\" alt=\"\" class=\"wp-image-36796\" srcset=\"https:\/\/lignesauto.fr\/wp-content\/uploads\/2024\/11\/VOL_SM-1024x650.png 1024w, https:\/\/lignesauto.fr\/wp-content\/uploads\/2024\/11\/VOL_SM-300x191.png 300w, https:\/\/lignesauto.fr\/wp-content\/uploads\/2024\/11\/VOL_SM-768x488.png 768w, https:\/\/lignesauto.fr\/wp-content\/uploads\/2024\/11\/VOL_SM.png 1417w\" sizes=\"(max-width: 1024px) 100vw, 1024px\" \/><\/figure>\n\n\n\n<figure class=\"wp-block-image size-large\"><img loading=\"lazy\" decoding=\"async\" width=\"1024\" height=\"676\" src=\"https:\/\/lignesauto.fr\/wp-content\/uploads\/2024\/11\/VOL_DS8-1024x676.png\" alt=\"\" class=\"wp-image-36797\" srcset=\"https:\/\/lignesauto.fr\/wp-content\/uploads\/2024\/11\/VOL_DS8-1024x676.png 1024w, https:\/\/lignesauto.fr\/wp-content\/uploads\/2024\/11\/VOL_DS8-300x198.png 300w, https:\/\/lignesauto.fr\/wp-content\/uploads\/2024\/11\/VOL_DS8-768x507.png 768w, https:\/\/lignesauto.fr\/wp-content\/uploads\/2024\/11\/VOL_DS8.png 1417w\" sizes=\"(max-width: 1024px) 100vw, 1024px\" \/><\/figure>\n\n\n\n<p style=\"font-size:17px\"><strong>BONUS LIGNES\/auto : LA BELLE HISTOIRE DE LA DERNI\u00c8RE CITRO\u00cbN-DS, LA NUM\u00c9RO 9.<br>PDF gratuit \u00e0 t\u00e9l\u00e9charger ci-dessous. Sujet extrait du num\u00e9ro #03 de LIGNES\/auto.<\/strong> <strong>Pour commander les anciens num\u00e9ros de LIGNES\/auto, c&#8217;est ici : <a href=\"https:\/\/lignesautoeditions.fr\/\">https:\/\/lignesautoeditions.fr\/<\/a><\/strong><\/p>\n\n\n\n<div data-wp-interactive=\"core\/file\" class=\"wp-block-file\"><object data-wp-bind--hidden=\"!state.hasPdfPreview\"  class=\"wp-block-file__embed\" data=\"https:\/\/lignesauto.fr\/wp-content\/uploads\/2024\/11\/LIGNESauto-NUMERO-9.pdf\" type=\"application\/pdf\" style=\"width:100%;height:600px\" aria-label=\"Embed of LIGNESauto-NUMERO-9.\"><\/object><a id=\"wp-block-file--media-a4a0e62d-28ec-4a32-8d1a-6ad7e0861836\" href=\"https:\/\/lignesauto.fr\/wp-content\/uploads\/2024\/11\/LIGNESauto-NUMERO-9.pdf\">LIGNESauto-NUMERO-9<\/a><a href=\"https:\/\/lignesauto.fr\/wp-content\/uploads\/2024\/11\/LIGNESauto-NUMERO-9.pdf\" class=\"wp-block-file__button wp-element-button\" download aria-describedby=\"wp-block-file--media-a4a0e62d-28ec-4a32-8d1a-6ad7e0861836\">T\u00e9l\u00e9charger<\/a><\/div>\n\n\n\n<p style=\"font-size:18px\"><strong>EXCLUSIF LIGNES\/auto : les premiers essais de la future DS Num\u00e9ro 5 en vid\u00e9o, et \u00e7a ne se passe pas tr\u00e8s bien&#8230;<\/strong><\/p>\n\n\n\n<figure class=\"wp-block-video\"><video controls src=\"https:\/\/lignesauto.fr\/wp-content\/uploads\/2024\/11\/DS-N\u00b05-LIGNESauto-1.mp4\"><\/video><\/figure>\n\n\n<div class=\"wp-block-image\">\n<figure class=\"aligncenter size-full is-resized\"><img loading=\"lazy\" decoding=\"async\" width=\"1024\" height=\"288\" src=\"https:\/\/lignesauto.fr\/wp-content\/uploads\/2024\/11\/image-1.png\" alt=\"\" class=\"wp-image-36834\" style=\"width:462px;height:auto\" srcset=\"https:\/\/lignesauto.fr\/wp-content\/uploads\/2024\/11\/image-1.png 1024w, https:\/\/lignesauto.fr\/wp-content\/uploads\/2024\/11\/image-1-300x84.png 300w, https:\/\/lignesauto.fr\/wp-content\/uploads\/2024\/11\/image-1-768x216.png 768w\" sizes=\"(max-width: 1024px) 100vw, 1024px\" \/><\/figure><\/div>","protected":false},"excerpt":{"rendered":"<p>Douze heures \u00e0 peine apr\u00e8s l&#8217;annonce de la d\u00e9mission de Carlos Tavares, CEO de Stellantis , DS Automobiles d\u00e9voile l\u2019appellation retenue pour sa grande nouveaut\u00e9 de 2024. Il n&#8217;y a pas de cause \u00e0 effet, mais voil\u00e0 qui ne va pas faciliter aujourd&#8217;hui la communication de la marque n\u00e9e en [&hellip;]<\/p>\n","protected":false},"author":1,"featured_media":37084,"comment_status":"closed","ping_status":"closed","sticky":false,"template":"","format":"standard","meta":{"footnotes":""},"categories":[1],"tags":[],"_links":{"self":[{"href":"https:\/\/lignesauto.fr\/index.php?rest_route=\/wp\/v2\/posts\/36767"}],"collection":[{"href":"https:\/\/lignesauto.fr\/index.php?rest_route=\/wp\/v2\/posts"}],"about":[{"href":"https:\/\/lignesauto.fr\/index.php?rest_route=\/wp\/v2\/types\/post"}],"author":[{"embeddable":true,"href":"https:\/\/lignesauto.fr\/index.php?rest_route=\/wp\/v2\/users\/1"}],"replies":[{"embeddable":true,"href":"https:\/\/lignesauto.fr\/index.php?rest_route=%2Fwp%2Fv2%2Fcomments&post=36767"}],"version-history":[{"count":82,"href":"https:\/\/lignesauto.fr\/index.php?rest_route=\/wp\/v2\/posts\/36767\/revisions"}],"predecessor-version":[{"id":37080,"href":"https:\/\/lignesauto.fr\/index.php?rest_route=\/wp\/v2\/posts\/36767\/revisions\/37080"}],"wp:featuredmedia":[{"embeddable":true,"href":"https:\/\/lignesauto.fr\/index.php?rest_route=\/wp\/v2\/media\/37084"}],"wp:attachment":[{"href":"https:\/\/lignesauto.fr\/index.php?rest_route=%2Fwp%2Fv2%2Fmedia&parent=36767"}],"wp:term":[{"taxonomy":"category","embeddable":true,"href":"https:\/\/lignesauto.fr\/index.php?rest_route=%2Fwp%2Fv2%2Fcategories&post=36767"},{"taxonomy":"post_tag","embeddable":true,"href":"https:\/\/lignesauto.fr\/index.php?rest_route=%2Fwp%2Fv2%2Ftags&post=36767"}],"curies":[{"name":"wp","href":"https:\/\/api.w.org\/{rel}","templated":true}]}}