{"id":36903,"date":"2024-12-12T10:00:41","date_gmt":"2024-12-12T09:00:41","guid":{"rendered":"https:\/\/lignesauto.fr\/?p=36903"},"modified":"2024-12-12T10:00:42","modified_gmt":"2024-12-12T09:00:42","slug":"le-regard-affute-de-lignes-auto-decrypte-la-nouvelle-ds-n8","status":"publish","type":"post","link":"https:\/\/lignesauto.fr\/?p=36903","title":{"rendered":"Le regard aff\u00fbt\u00e9 de LIGNES\/auto d\u00e9crypte la nouvelle DS N\u00b08"},"content":{"rendered":"<div class=\"wp-block-image\">\n<figure class=\"aligncenter size-large is-resized\"><img loading=\"lazy\" decoding=\"async\" width=\"1024\" height=\"288\" src=\"http:\/\/lignesauto.fr\/wp-content\/uploads\/2024\/11\/A-1024x288.png\" alt=\"\" class=\"wp-image-36771\" style=\"width:494px;height:auto\" srcset=\"https:\/\/lignesauto.fr\/wp-content\/uploads\/2024\/11\/A-1024x288.png 1024w, https:\/\/lignesauto.fr\/wp-content\/uploads\/2024\/11\/A-300x84.png 300w, https:\/\/lignesauto.fr\/wp-content\/uploads\/2024\/11\/A-768x216.png 768w, https:\/\/lignesauto.fr\/wp-content\/uploads\/2024\/11\/A.png 1417w\" sizes=\"(max-width: 1024px) 100vw, 1024px\" \/><\/figure><\/div>\n\n\n<figure class=\"wp-block-image size-large\"><img loading=\"lazy\" decoding=\"async\" width=\"1024\" height=\"865\" src=\"https:\/\/lignesauto.fr\/wp-content\/uploads\/2024\/12\/DS_502-1024x865.png\" alt=\"\" class=\"wp-image-36976\" srcset=\"https:\/\/lignesauto.fr\/wp-content\/uploads\/2024\/12\/DS_502-1024x865.png 1024w, https:\/\/lignesauto.fr\/wp-content\/uploads\/2024\/12\/DS_502-300x253.png 300w, https:\/\/lignesauto.fr\/wp-content\/uploads\/2024\/12\/DS_502-768x649.png 768w, https:\/\/lignesauto.fr\/wp-content\/uploads\/2024\/12\/DS_502.png 1417w\" sizes=\"(max-width: 1024px) 100vw, 1024px\" \/><\/figure>\n\n\n\n<p style=\"font-size:17px\">Apr\u00e8s la diffusion des premi\u00e8res images de la voiture camoufl\u00e9e le 21 novembre, apr\u00e8s la r\u00e9v\u00e9lation de son nom d\u00e9but d\u00e9cembre, voici &#8211; enfin ! &#8211; toutes les informations officielles sur la nouvelle DS N\u00b08. Comme \u00e0 son habitude, LIGNES\/auto va d\u00e9crypter \u00e0 sa mani\u00e8re cette \u00e9tape importante de la vie du nouveau <em>flagship<\/em> de DS Automobiles.<\/p>\n\n\n\n<figure class=\"wp-block-image size-large\"><img loading=\"lazy\" decoding=\"async\" width=\"1024\" height=\"769\" src=\"https:\/\/lignesauto.fr\/wp-content\/uploads\/2024\/12\/DS_501-1024x769.png\" alt=\"\" class=\"wp-image-37024\" srcset=\"https:\/\/lignesauto.fr\/wp-content\/uploads\/2024\/12\/DS_501-1024x769.png 1024w, https:\/\/lignesauto.fr\/wp-content\/uploads\/2024\/12\/DS_501-300x225.png 300w, https:\/\/lignesauto.fr\/wp-content\/uploads\/2024\/12\/DS_501-768x577.png 768w, https:\/\/lignesauto.fr\/wp-content\/uploads\/2024\/12\/DS_501.png 1417w\" sizes=\"(max-width: 1024px) 100vw, 1024px\" \/><\/figure>\n\n\n\n<p style=\"font-size:17px\">Nous allons \u00e9voquer cette nouvelle silhouette sous un angle diff\u00e9rent. Vous allez ainsi comprendre ce qu&#8217;elle a en commun avec la Citro\u00ebn BX de 1982, avec la CX de 1974, avec la future Lancia Gamma de 2026 et m\u00eame avec une nouveaut\u00e9 du constructeur chinois GAC. Bref, une pr\u00e9sentation &#8220;<em>\u00e0 la LIGNES\/auto<\/em>&#8220;&#8230; (Rappelons que la lecture du site est bien plus agr\u00e9able sur un \u00e9cran de PC ou de Mac&#8230;)<\/p>\n\n\n\n<figure class=\"wp-block-image size-large\"><img loading=\"lazy\" decoding=\"async\" width=\"1024\" height=\"683\" src=\"https:\/\/lignesauto.fr\/wp-content\/uploads\/2024\/12\/DS_885-1024x683.jpg\" alt=\"\" class=\"wp-image-36978\" srcset=\"https:\/\/lignesauto.fr\/wp-content\/uploads\/2024\/12\/DS_885-1024x683.jpg 1024w, https:\/\/lignesauto.fr\/wp-content\/uploads\/2024\/12\/DS_885-300x200.jpg 300w, https:\/\/lignesauto.fr\/wp-content\/uploads\/2024\/12\/DS_885-768x512.jpg 768w, https:\/\/lignesauto.fr\/wp-content\/uploads\/2024\/12\/DS_885.jpg 1417w\" sizes=\"(max-width: 1024px) 100vw, 1024px\" \/><\/figure>\n\n\n\n<p style=\"font-size:17px\"><strong>LES DESSOUS DE LA DS N\u00b08 : UNE PLATEFORME TR\u00c8S MODIFI\u00c9E<\/strong><br>Commen\u00e7ons par le commencement : la plateforme de la DS N\u00b08 n&#8217;est pas exactement celle de la Peugeot e3008 : la STLA Medium. Officiellement, DS pr\u00e9cise que cette plateforme \u00e9volu\u00e9e &#8220;<em>a \u00e9t\u00e9 optimis\u00e9e en longueur et en largeur pour accueillir des batteries jusqu\u2019\u00e0 une capacit\u00e9 utile de 97,2 kWh. Elle permet \u00e9galement de recevoir les grandes roues de 740 mm de diam\u00e8tre. Cette synth\u00e8se entre capacit\u00e9 de batterie, empattement maitris\u00e9 et jantes de grande dimension est unique sur le march\u00e9.&#8221; <\/em>Unique, mais pas pour longtemps.<\/p>\n\n\n\n<figure class=\"wp-block-image size-large\"><img loading=\"lazy\" decoding=\"async\" width=\"1024\" height=\"548\" src=\"https:\/\/lignesauto.fr\/wp-content\/uploads\/2024\/12\/DS_PACKAGE_02-1024x548.png\" alt=\"\" class=\"wp-image-36905\" srcset=\"https:\/\/lignesauto.fr\/wp-content\/uploads\/2024\/12\/DS_PACKAGE_02-1024x548.png 1024w, https:\/\/lignesauto.fr\/wp-content\/uploads\/2024\/12\/DS_PACKAGE_02-300x161.png 300w, https:\/\/lignesauto.fr\/wp-content\/uploads\/2024\/12\/DS_PACKAGE_02-768x411.png 768w, https:\/\/lignesauto.fr\/wp-content\/uploads\/2024\/12\/DS_PACKAGE_02.png 1417w\" sizes=\"(max-width: 1024px) 100vw, 1024px\" \/><figcaption class=\"wp-element-caption\">Le ma\u00eetre Thierry M\u00e9troz, responsable du design de la marque DS Automobiles, explique \u00e0 l&#8217;\u00e9l\u00e8ve LIGNES\/auto les secrets de la plateforme STLA Medium &#8220;EVO&#8221;. Photo : \u00a9 LIGNES\/auto<\/figcaption><\/figure>\n\n\n\n<p style=\"font-size:17px\">Si DS Automobiles peut compter sur de lourdes modifications de la plateforme STLA Medium qui devient STLA Medium &#8220;EVO&#8221;, c&#8217;est parce qu&#8217;elle va la partager en interne avec la prochaine DS N\u00b07 (pr\u00e9sent\u00e9e en 2025, commercialis\u00e9e en 2026), et aussi avec la prochaine Lancia Gamma de 2026 qui sera produite dans la m\u00eame usine de Melfi, en Italie. Et c&#8217;est gr\u00e2ce \u00e0 l\u2019apport du programme italien que les bases de la plateforme STLA Medium &#8220;EVO&#8221; ont \u00e9t\u00e9 adoub\u00e9es avec un recul du pare-brise avec modification de la baie, et un abaissement des points durs du pavillon.<\/p>\n\n\n\n<figure class=\"wp-block-image size-large\"><img loading=\"lazy\" decoding=\"async\" width=\"1024\" height=\"675\" src=\"https:\/\/lignesauto.fr\/wp-content\/uploads\/2024\/12\/DSN8_600-1024x675.png\" alt=\"\" class=\"wp-image-37369\" srcset=\"https:\/\/lignesauto.fr\/wp-content\/uploads\/2024\/12\/DSN8_600-1024x675.png 1024w, https:\/\/lignesauto.fr\/wp-content\/uploads\/2024\/12\/DSN8_600-300x198.png 300w, https:\/\/lignesauto.fr\/wp-content\/uploads\/2024\/12\/DSN8_600-768x506.png 768w, https:\/\/lignesauto.fr\/wp-content\/uploads\/2024\/12\/DSN8_600.png 1417w\" sizes=\"(max-width: 1024px) 100vw, 1024px\" \/><\/figure>\n\n\n\n<p style=\"font-size:17px\">Effectivement, les travaux sur la DS &#8220;D85&#8221; &#8211; devenue N\u00b08 ci-dessus &#8211; ont \u00e9t\u00e9 accompagn\u00e9s de ceux men\u00e9s sur la prochaine Lancia Gamma que Jean-Pierre Plou\u00e9 (alors responsable du design de la marque italienne) voulait dynamique et &#8220;a\u00e9ro-efficiente&#8221;. Ce que ne permettait pas la plateforme STLA Medium en l&#8217;\u00e9tat. Et ce que Jean-Pierre Plou\u00e9 veut, devient rapidement r\u00e9alit\u00e9 ! En tous les cas \u00e0 l&#8217;\u00e9poque o\u00f9 le groupe Stellantis \u00e9tait dirig\u00e9 par Carlos Tavares&#8230;<\/p>\n\n\n\n<figure class=\"wp-block-image size-large\"><img loading=\"lazy\" decoding=\"async\" width=\"1024\" height=\"412\" src=\"https:\/\/lignesauto.fr\/wp-content\/uploads\/2024\/12\/DS_PACKAGE_03-1024x412.png\" alt=\"\" class=\"wp-image-36907\" srcset=\"https:\/\/lignesauto.fr\/wp-content\/uploads\/2024\/12\/DS_PACKAGE_03-1024x412.png 1024w, https:\/\/lignesauto.fr\/wp-content\/uploads\/2024\/12\/DS_PACKAGE_03-300x121.png 300w, https:\/\/lignesauto.fr\/wp-content\/uploads\/2024\/12\/DS_PACKAGE_03-768x309.png 768w, https:\/\/lignesauto.fr\/wp-content\/uploads\/2024\/12\/DS_PACKAGE_03.png 1417w\" sizes=\"(max-width: 1024px) 100vw, 1024px\" \/><figcaption class=\"wp-element-caption\">Photo : \u00a9 LIGNES\/auto<\/figcaption><\/figure>\n\n\n\n<p style=\"font-size:17px\">Ce sch\u00e9ma des architectures de la Peugeot e3008 en bleu et de la DS N\u00b08 en blanc ci-dessus montre clairement les modifications effectu\u00e9es pour les DS N\u00b08, prochaines DS N\u00b07 et Lancia Gamma : <strong>en 1<\/strong>, capot abaiss\u00e9 de 5 cm, ce qui est \u00e9norme en termes d&#8217;architecture, <strong>en 2<\/strong> pare-brise recul\u00e9, <strong>en 3<\/strong> baie de pare-brise rendant possible un abaissement de la planche de bord de 5 cm, <strong>en 4<\/strong> abaissement du pavillon de 6 cm, c&#8217;est tr\u00e8s impactant pour le SCx notamment, <strong>en 5<\/strong> possibilit\u00e9 d&#8217;inclinaison plus forte (30\u00b0) des dossiers arri\u00e8re de la N\u00b08 et <strong>en 6<\/strong> allongement de la poupe li\u00e9 au positionnement plus statutaire de la DS N\u00b08. DS Automobiles est donc la premi\u00e8re marque \u00e0 b\u00e9n\u00e9ficier de cette \u00e9volution de la STLA Medium, et l&#8217;\u00e9quipe de designers, men\u00e9e par Thierry M\u00e9troz, a profit\u00e9 de ce &#8220;package&#8221; pour offrir une belle habitabilit\u00e9 en rang 2, malgr\u00e9 la ligne dynamique et plongeante impos\u00e9e par le concept <em>fastback<\/em>.<\/p>\n\n\n\n<figure class=\"wp-block-image size-large\"><img loading=\"lazy\" decoding=\"async\" width=\"1024\" height=\"474\" src=\"https:\/\/lignesauto.fr\/wp-content\/uploads\/2024\/12\/DS_ARCHI-1024x474.png\" alt=\"\" class=\"wp-image-36908\" srcset=\"https:\/\/lignesauto.fr\/wp-content\/uploads\/2024\/12\/DS_ARCHI-1024x474.png 1024w, https:\/\/lignesauto.fr\/wp-content\/uploads\/2024\/12\/DS_ARCHI-300x139.png 300w, https:\/\/lignesauto.fr\/wp-content\/uploads\/2024\/12\/DS_ARCHI-768x356.png 768w, https:\/\/lignesauto.fr\/wp-content\/uploads\/2024\/12\/DS_ARCHI.png 1417w\" sizes=\"(max-width: 1024px) 100vw, 1024px\" \/><figcaption class=\"wp-element-caption\">Photo : \u00a9 LIGNES\/auto<\/figcaption><\/figure>\n\n\n\n<p style=\"font-size:17px\">\u00c9voquons ensuite l&#8217;architecture technique de la DS N\u00b08 qui, comme toute architecture 100% \u00e9lectrique, pr\u00e9sente ses avantages et ses inconv\u00e9nients. Ci-dessus, bien que la ligne du point &#8220;H&#8221; (au niveau de la hanche) soit classiquement positionn\u00e9e par rapport au plan de r\u00e9f\u00e9rence (<strong>en 1<\/strong>), on note que la cellule habitacle est rehauss\u00e9e \u00e0 cause de la pr\u00e9sence des batteries sous le plancher, <strong>en 2<\/strong>. C&#8217;est la base d&#8217;une architecture 100% \u00e9lectrique qui impose une hauteur plus g\u00e9n\u00e9reuse que celle d&#8217;une voiture thermique, mais ici ma\u00eetris\u00e9e \u00e0 1,58 m sur la DS N\u00b08.<\/p>\n\n\n\n<figure class=\"wp-block-image size-large\"><img loading=\"lazy\" decoding=\"async\" width=\"1024\" height=\"683\" src=\"https:\/\/lignesauto.fr\/wp-content\/uploads\/2024\/12\/DS_20-1024x683.jpg\" alt=\"\" class=\"wp-image-37147\" srcset=\"https:\/\/lignesauto.fr\/wp-content\/uploads\/2024\/12\/DS_20-1024x683.jpg 1024w, https:\/\/lignesauto.fr\/wp-content\/uploads\/2024\/12\/DS_20-300x200.jpg 300w, https:\/\/lignesauto.fr\/wp-content\/uploads\/2024\/12\/DS_20-768x512.jpg 768w, https:\/\/lignesauto.fr\/wp-content\/uploads\/2024\/12\/DS_20.jpg 1417w\" sizes=\"(max-width: 1024px) 100vw, 1024px\" \/><\/figure>\n\n\n\n<p style=\"font-size:17px\">Thierry M\u00e9troz, directeur du design de DS Automobiles, nous confie que &#8220;<em>le travail sur la plateforme modifi\u00e9e a \u00e9t\u00e9 entam\u00e9 d\u00e8s 2018, avant les premiers dessins du projet D85. \u00c7a a dur\u00e9 un an avec les \u00e9quipes d\u2019architecture pour apporter les \u00e9volutions que l\u2019on voulait sur la STLA Medium. Toutes ces modifications nous ont permis de donner une vraie \u00e9l\u00e9gance \u00e0 la silhouette, plus berline que SUV. Cette silhouette fastback est tr\u00e8s efficace en a\u00e9ro. Et c\u2019est \u00e9galement un v\u00e9ritable gain de poids<\/em>&#8221; avec un chiffre final de 2,1 tonnes.<\/p>\n\n\n\n<p style=\"font-size:17px\"><strong>DS N\u00b08 ET LANCIA GAMMA : 100% \u00c9LECTRIQUE OU PAS ?<\/strong><\/p>\n\n\n\n<figure class=\"wp-block-image size-large\"><img loading=\"lazy\" decoding=\"async\" width=\"1024\" height=\"568\" src=\"https:\/\/lignesauto.fr\/wp-content\/uploads\/2024\/12\/DS_889-1024x568.png\" alt=\"\" class=\"wp-image-36955\" srcset=\"https:\/\/lignesauto.fr\/wp-content\/uploads\/2024\/12\/DS_889-1024x568.png 1024w, https:\/\/lignesauto.fr\/wp-content\/uploads\/2024\/12\/DS_889-300x166.png 300w, https:\/\/lignesauto.fr\/wp-content\/uploads\/2024\/12\/DS_889-768x426.png 768w, https:\/\/lignesauto.fr\/wp-content\/uploads\/2024\/12\/DS_889.png 1417w\" sizes=\"(max-width: 1024px) 100vw, 1024px\" \/><\/figure>\n\n\n\n<p style=\"font-size:17px\">Puisque l&#8217;on \u00e9voque la prochaine Lancia Gamma, future cousine de la DS N\u00b08, mettons-l\u00e0 en face de cette derni\u00e8re. Nous avons demand\u00e9 \u00e0 Thierry M\u00e9troz si la future Lancia b\u00e9n\u00e9ficiera bien de cette plateforme &#8220;EVO&#8221;. &#8220;<em>Oui, Lancia va reprendre cette architecture. On l&#8217;a con\u00e7ue pour la DS N\u00b08, pour la DS d\u2019apr\u00e8s qui va b\u00e9n\u00e9ficier de toutes ces \u00e9volutions d\u2019architecture et de ces avantages et Lancia l\u2019utilisera pour la Gamma.<\/em>&#8221; Premi\u00e8re information d&#8217;importance, la Lancia sera plus courte que la DS N\u00b08 qui affiche 4,82 m de longueur. Avec une valeur d\u2019environ 4,60 m, l&#8217;Italienne restera plus proche en gabarit de la Peugeot e3008, mais avec des proportions plus rac\u00e9es gr\u00e2ce \u00e0 la plateforme STLA Medium &#8220;EVO&#8221;.<\/p>\n\n\n\n<figure class=\"wp-block-image size-large\"><img loading=\"lazy\" decoding=\"async\" width=\"1024\" height=\"626\" src=\"https:\/\/lignesauto.fr\/wp-content\/uploads\/2024\/12\/DSN8_03-1024x626.png\" alt=\"\" class=\"wp-image-36974\" srcset=\"https:\/\/lignesauto.fr\/wp-content\/uploads\/2024\/12\/DSN8_03-1024x626.png 1024w, https:\/\/lignesauto.fr\/wp-content\/uploads\/2024\/12\/DSN8_03-300x183.png 300w, https:\/\/lignesauto.fr\/wp-content\/uploads\/2024\/12\/DSN8_03-768x469.png 768w, https:\/\/lignesauto.fr\/wp-content\/uploads\/2024\/12\/DSN8_03.png 1417w\" sizes=\"(max-width: 1024px) 100vw, 1024px\" \/><\/figure>\n\n\n\n<p style=\"font-size:17px\">Nous avons ensuite demand\u00e9 \u00e0 Cyprien Laurentie &#8211; responsable produit de la DS N\u00b08 &#8211; si elle sera \u00e9galement propos\u00e9e en motorisation thermique hybride comme Lancia l&#8217;a annonc\u00e9 pour sa future Gamma. L&#8217;\u00e9ventualit\u00e9 d&#8217;un &#8220;retour&#8221; \u00e0 l&#8217;hybridation sur une DS pourrait avoir lieu sur le mod\u00e8le suivant la DS N\u00b08 (la DS N\u00b07). Si l&#8217;on en croit le discours du patron de la marque, Olivier Fran\u00e7ois, celui du responsable produit DS N\u00b08 et la logique industrielle, ce serait donc plut\u00f4t la prochaine DS N\u00b07 qui pourrait \u00eatre multi-\u00e9nergie afin d&#8217;assurer des volumes cons\u00e9quents, alors que la DS N\u00b08 resterait 100% \u00e9lectrique. DS Automobiles annonce d&#8217;ailleurs officiellement dans son communiqu\u00e9 que &#8220;<em>la DS N\u00b08 est la premi\u00e8re cr\u00e9ation de la Marque &#8211; et plus largement du groupe Stellantis en Europe &#8211; exclusivement 100% \u00e9lectrique.<\/em>&#8221; Nos confr\u00e8res de <em>l&#8217;argus<\/em> pensent le contraire. A suivre donc&#8230;<\/p>\n\n\n\n<figure class=\"wp-block-image size-large\"><img loading=\"lazy\" decoding=\"async\" width=\"1024\" height=\"700\" src=\"https:\/\/lignesauto.fr\/wp-content\/uploads\/2024\/12\/DSN8_911-1024x700.png\" alt=\"\" class=\"wp-image-37581\" srcset=\"https:\/\/lignesauto.fr\/wp-content\/uploads\/2024\/12\/DSN8_911-1024x700.png 1024w, https:\/\/lignesauto.fr\/wp-content\/uploads\/2024\/12\/DSN8_911-300x205.png 300w, https:\/\/lignesauto.fr\/wp-content\/uploads\/2024\/12\/DSN8_911-768x525.png 768w, https:\/\/lignesauto.fr\/wp-content\/uploads\/2024\/12\/DSN8_911.png 1417w\" sizes=\"(max-width: 1024px) 100vw, 1024px\" \/><figcaption class=\"wp-element-caption\">Illustration: \u00a9-Didier Ric &#8211; l&#8217;Automobile Magazine<\/figcaption><\/figure>\n\n\n\n<p style=\"font-size:17px\">A noter que ce jeudi 12 d\u00e9cembre, notre excellent confr\u00e8re Didier Ric de l&#8217;Automobile Magazine (ci-dessus) \u00e9voque la possibilit\u00e9 que le projet Opel Manta con\u00e7u sur cette base, et abandonn\u00e9 depuis, pourrait rena\u00eetre sous les traits d&#8217;un coup\u00e9 4 portes Alfa Romeo GTV en 2028, produit lui aussi en Italie. A lire ici : <a href=\"https:\/\/www-automobile--magazine-fr.cdn.ampproject.org\/c\/s\/www.automobile-magazine.fr\/scoops\/article\/45909-future-alfa-romeo-gtv-une-peugeot-e-408-a-la-sauce-italienne-en-2028.amp\">https:\/\/www-automobile&#8211;magazine-fr.cdn.ampproject.org\/c\/s\/www.automobile-magazine.fr\/scoops\/article\/45909-future-alfa-romeo-gtv-une-peugeot-e-408-a-la-sauce-italienne-en-2028.amp<\/a><\/p>\n\n\n\n<p style=\"font-size:17px\"><strong>L&#8217;A\u00c9RODYNAMIQUE : FIL ROUGE DE L\u2019\u00c9TUDE<\/strong><\/p>\n\n\n\n<figure class=\"wp-block-image size-large\"><img loading=\"lazy\" decoding=\"async\" width=\"1024\" height=\"564\" src=\"https:\/\/lignesauto.fr\/wp-content\/uploads\/2024\/12\/DS_24-1024x564.png\" alt=\"\" class=\"wp-image-36937\" srcset=\"https:\/\/lignesauto.fr\/wp-content\/uploads\/2024\/12\/DS_24-1024x564.png 1024w, https:\/\/lignesauto.fr\/wp-content\/uploads\/2024\/12\/DS_24-300x165.png 300w, https:\/\/lignesauto.fr\/wp-content\/uploads\/2024\/12\/DS_24-768x423.png 768w, https:\/\/lignesauto.fr\/wp-content\/uploads\/2024\/12\/DS_24.png 1417w\" sizes=\"(max-width: 1024px) 100vw, 1024px\" \/><figcaption class=\"wp-element-caption\">Avec une base technique presque commune, mais avec des modifications de la plateforme et une silhouette plus dynamique, la DS N\u00b08 est plus efficiente que la Peugeot e3008 (cercles en jaune) Photo : \u00a9 LIGNES\/auto<\/figcaption><\/figure>\n\n\n\n<p style=\"font-size:17px\">La marque DS peut \u00eatre fi\u00e8re de l&#8217;a\u00e9rodynamique de sa N\u00b08. Non pas qu&#8217;elle affiche des records dans tous les domaines (encore que&#8230;) mais surtout parce que l&#8217;impact de l&#8217;a\u00e9ro n&#8217;a pas d\u00e9t\u00e9rior\u00e9 le design. Au contraire, les deux univers ont \u00e9t\u00e9 men\u00e9s de front : &#8220;<em>chaque pi\u00e8ce qui compose la carrosserie a \u00e9t\u00e9 \u00e9tudi\u00e9e en soufflerie. L\u2019ensemble du travail sur l\u2019a\u00e9rodynamique repr\u00e9sente un gain d\u2019autonomie de 60 km WLTP et 75 km sur autoroute. Cette prouesse technologique a \u00e9t\u00e9 r\u00e9alis\u00e9e sans aucun compromis sur l\u2019attrait du design ext\u00e9rieur. Le Cx de la N\u00b08 est de seulement 0,24, pour un SCx de 0,63 dm2, parmi les meilleurs de sa cat\u00e9gorie.<\/em>&#8220;<\/p>\n\n\n\n<figure class=\"wp-block-image size-large\"><img loading=\"lazy\" decoding=\"async\" width=\"1024\" height=\"480\" src=\"https:\/\/lignesauto.fr\/wp-content\/uploads\/2024\/12\/DS_26-1024x480.png\" alt=\"\" class=\"wp-image-36939\" srcset=\"https:\/\/lignesauto.fr\/wp-content\/uploads\/2024\/12\/DS_26-1024x480.png 1024w, https:\/\/lignesauto.fr\/wp-content\/uploads\/2024\/12\/DS_26-300x141.png 300w, https:\/\/lignesauto.fr\/wp-content\/uploads\/2024\/12\/DS_26-768x360.png 768w, https:\/\/lignesauto.fr\/wp-content\/uploads\/2024\/12\/DS_26.png 1417w\" sizes=\"(max-width: 1024px) 100vw, 1024px\" \/><figcaption class=\"wp-element-caption\">Photo : \u00a9 LIGNES\/auto<\/figcaption><\/figure>\n\n\n\n<p style=\"font-size:17px\">Le constructeur pr\u00e9cise que &#8220;<em>cette a\u00e9ro-efficience est compl\u00e9t\u00e9e par les entr\u00e9es d\u2019air pilot\u00e9es (ci-dessus)&nbsp;: des volets mobiles int\u00e9gr\u00e9s au bouclier avant. Lorsqu\u2019ils se ferment, le gain a\u00e9rodynamique obtenu est de 95% par rapport \u00e0 une entr\u00e9e d\u2019air classique &#8211; soit + 22 km sur autoroute &#8211; et encore de 40% en comparaison de dispositifs concurrents.<\/em>&#8220;<\/p>\n\n\n\n<figure class=\"wp-block-image size-large\"><img loading=\"lazy\" decoding=\"async\" width=\"1024\" height=\"569\" src=\"http:\/\/lignesauto.fr\/wp-content\/uploads\/2024\/12\/DS_BECQUET_02-1024x569.png\" alt=\"\" class=\"wp-image-36983\" srcset=\"https:\/\/lignesauto.fr\/wp-content\/uploads\/2024\/12\/DS_BECQUET_02-1024x569.png 1024w, https:\/\/lignesauto.fr\/wp-content\/uploads\/2024\/12\/DS_BECQUET_02-300x167.png 300w, https:\/\/lignesauto.fr\/wp-content\/uploads\/2024\/12\/DS_BECQUET_02-768x427.png 768w, https:\/\/lignesauto.fr\/wp-content\/uploads\/2024\/12\/DS_BECQUET_02.png 1417w\" sizes=\"(max-width: 1024px) 100vw, 1024px\" \/><figcaption class=\"wp-element-caption\">Photo : \u00a9 LIGNES\/auto<\/figcaption><\/figure>\n\n\n\n<p style=\"font-size:17px\">Notons \u00e9galement la pr\u00e9sence d&#8217;un discret becquet arri\u00e8re ci-dessus qui participe pleinement de la r\u00e9duction du Cx). Et c&#8217;est l\u00e0 que la DS N\u00b08 rejoint son a\u00efeule de 1982 : la Citro\u00ebn BX ! L&#8217;immense hayon arri\u00e8re qui d\u00e9gage bien l&#8217;entr\u00e9e de coffre (jusqu&#8217;\u00e0 620 litres sous tablette) est r\u00e9alis\u00e9 en mat\u00e9riaux composites et int\u00e8gre donc les formes et d\u00e9coupes de ce becquet en une seule pi\u00e8ce ! Les ouvrants (portes et capot avant) sont quant \u00e0 eux en aluminium.<\/p>\n\n\n\n<p style=\"font-size:17px\"><strong>L&#8217;ACOUSTIQUE PEAUFIN\u00c9E<\/strong><br>La DS N\u00b08 est int\u00e9gr\u00e9e au p\u00f4le Premium de Stellantis pour l&#8217;heure constitu\u00e9 de trois marques : Alfa-Romeo, DS Automobiles et Lancia. \u00c0 ce titre, la nouvelle venue veut mettre en avant le &#8220;savoir-faire&#8221; \u00e0 la fran\u00e7aise, notamment en termes de choix des mat\u00e9riaux, de qualit\u00e9 d&#8217;assemblage, de design et de l&#8217;exp\u00e9rience v\u00e9cue \u00e0 bord.<\/p>\n\n\n\n<figure class=\"wp-block-image size-large\"><img loading=\"lazy\" decoding=\"async\" width=\"1024\" height=\"506\" src=\"https:\/\/lignesauto.fr\/wp-content\/uploads\/2024\/12\/DS_ACOUSTIQUE_01-1024x506.png\" alt=\"\" class=\"wp-image-36920\" srcset=\"https:\/\/lignesauto.fr\/wp-content\/uploads\/2024\/12\/DS_ACOUSTIQUE_01-1024x506.png 1024w, https:\/\/lignesauto.fr\/wp-content\/uploads\/2024\/12\/DS_ACOUSTIQUE_01-300x148.png 300w, https:\/\/lignesauto.fr\/wp-content\/uploads\/2024\/12\/DS_ACOUSTIQUE_01-768x379.png 768w, https:\/\/lignesauto.fr\/wp-content\/uploads\/2024\/12\/DS_ACOUSTIQUE_01.png 1417w\" sizes=\"(max-width: 1024px) 100vw, 1024px\" \/><\/figure>\n\n\n\n<p style=\"font-size:17px\">Produite sur la m\u00eame plate-forme et dans la m\u00eame usine que la prochaine Lancia Gamma, la DS N\u00b08 tente de faire la diff\u00e9rence avec une acoustique travaill\u00e9e : plus de deux m\u00e8tres carr\u00e9s de mat\u00e9riaux absorbants dans le compartiment moteur, un pare-brise acoustique de pr\u00e8s de 5 mm, des vitrages acoustiques avant et arri\u00e8re, des joints d&#8217;\u00e9tanch\u00e9it\u00e9 travaill\u00e9s (ci-dessous), etc. Mais avec le <em>carry-over<\/em> impos\u00e9 par l&#8217;ex-patron du groupe, Carlos Tavares, la Gamma pourrait logiquement rependre tout ou partie de ces \u00e9l\u00e9ments&#8230;<\/p>\n\n\n\n<figure class=\"wp-block-image size-large\"><img loading=\"lazy\" decoding=\"async\" width=\"747\" height=\"1024\" src=\"https:\/\/lignesauto.fr\/wp-content\/uploads\/2024\/12\/DS_ACOURSIQUE_03-747x1024.png\" alt=\"\" class=\"wp-image-36923\" srcset=\"https:\/\/lignesauto.fr\/wp-content\/uploads\/2024\/12\/DS_ACOURSIQUE_03-747x1024.png 747w, https:\/\/lignesauto.fr\/wp-content\/uploads\/2024\/12\/DS_ACOURSIQUE_03-219x300.png 219w, https:\/\/lignesauto.fr\/wp-content\/uploads\/2024\/12\/DS_ACOURSIQUE_03-768x1053.png 768w, https:\/\/lignesauto.fr\/wp-content\/uploads\/2024\/12\/DS_ACOURSIQUE_03-1120x1536.png 1120w, https:\/\/lignesauto.fr\/wp-content\/uploads\/2024\/12\/DS_ACOURSIQUE_03.png 1417w\" sizes=\"(max-width: 747px) 100vw, 747px\" \/><figcaption class=\"wp-element-caption\">Photo : \u00a9 LIGNES\/auto<\/figcaption><\/figure>\n\n\n\n<p style=\"font-size:17px\">Ci-dessus, vue d\u00e9taill\u00e9e de la porte arri\u00e8re de la DS N\u00b08. Chez DS, on est tr\u00e8s joint(s) ! <strong>En 1<\/strong>, une feutrine haut de porte au niveau de la jonction pavillon. <strong>En 2<\/strong>, un travail d\u00e9licat op\u00e9r\u00e9 au niveau de la poign\u00e9e d&#8217;ouverture, pour l&#8217;\u00e9tanch\u00e9it\u00e9 et l&#8217;acoustique. <strong>En 3<\/strong>, le joint classique du pourtour de porte. <strong>En 4<\/strong> un joint suppl\u00e9mentaire d&#8217;\u00e9tanch\u00e9it\u00e9 et <strong>en 5<\/strong>, le d\u00e9bord de la finition ext\u00e9rieure de bas de caisse.<\/p>\n\n\n\n<p style=\"font-size:17px\"><strong>LE VOLANT EN &#8220;X&#8221; : N&#8217;AYEZ PAS PEUR !<\/strong><\/p>\n\n\n\n<figure class=\"wp-block-image size-large\"><img loading=\"lazy\" decoding=\"async\" width=\"1024\" height=\"588\" src=\"https:\/\/lignesauto.fr\/wp-content\/uploads\/2024\/12\/DS_03-1024x588.png\" alt=\"\" class=\"wp-image-36927\" srcset=\"https:\/\/lignesauto.fr\/wp-content\/uploads\/2024\/12\/DS_03-1024x588.png 1024w, https:\/\/lignesauto.fr\/wp-content\/uploads\/2024\/12\/DS_03-300x172.png 300w, https:\/\/lignesauto.fr\/wp-content\/uploads\/2024\/12\/DS_03-768x441.png 768w, https:\/\/lignesauto.fr\/wp-content\/uploads\/2024\/12\/DS_03.png 1417w\" sizes=\"(max-width: 1024px) 100vw, 1024px\" \/><figcaption class=\"wp-element-caption\">Le volant \u00e0 l&#8217;air immense (surtout ici, d\u00e9voil\u00e9 par Thomas Bouveret, responsable du design int\u00e9rieur DS Automobiles et aussi d&#8217;Alfa Romeo) mais \u00e0 bord, il est parfait, rassurez-vous&#8230; Photo : \u00a9 LIGNES\/auto<\/figcaption><\/figure>\n\n\n\n<p style=\"font-size:17px\">Autant \u00eatre franc, le dessin du volant aper\u00e7u sur une photo &#8220;espion&#8221; cet \u00e9t\u00e9 nous a un peu effray\u00e9 ! LIGNES\/auto a pu prendre en main ce dr\u00f4le de volant en &#8220;X&#8221; (\u00e0 l&#8217;arr\u00eat, \u00e9videmment) et toutes nos craintes se sont \u00e9vanouies d&#8217;un coup car, contrairement \u00e0 ce que la photo ci-dessus pourrait laisser croire, il a un diam\u00e8tre contenu.<\/p>\n\n\n\n<figure class=\"wp-block-image size-large\"><img loading=\"lazy\" decoding=\"async\" width=\"1024\" height=\"1010\" src=\"https:\/\/lignesauto.fr\/wp-content\/uploads\/2024\/12\/DS_45-1024x1010.png\" alt=\"\" class=\"wp-image-37008\" srcset=\"https:\/\/lignesauto.fr\/wp-content\/uploads\/2024\/12\/DS_45-1024x1010.png 1024w, https:\/\/lignesauto.fr\/wp-content\/uploads\/2024\/12\/DS_45-300x296.png 300w, https:\/\/lignesauto.fr\/wp-content\/uploads\/2024\/12\/DS_45-768x758.png 768w, https:\/\/lignesauto.fr\/wp-content\/uploads\/2024\/12\/DS_45.png 1417w\" sizes=\"(max-width: 1024px) 100vw, 1024px\" \/><figcaption class=\"wp-element-caption\">Le volant chauffant s\u2019adapte aux diff\u00e9rentes configurations des ambiances \u00e0 bord, avec trois coloris distincts.<\/figcaption><\/figure>\n\n\n\n<p style=\"font-size:17px\">Par ailleurs, ses branches en &#8220;X&#8221; facilitent la position 10h10 alors que deux ergots rassurent en permettant la position 9h15. Il facilite surtout l&#8217;accessibilit\u00e9 et la visibilit\u00e9 des commandes log\u00e9es de part et d&#8217;autre du moyeu. En outre, le &#8220;pilotage&#8221; de la DS N\u00b08 ne se fera pas sur les sp\u00e9ciales du rallye de Monte-Carlo, donc&#8230; \u00c0 noter \u00e9galement ci-dessous la console centrale sur deux niveaux : partie sup\u00e9rieure fine <strong>en 1<\/strong>, avec logement recharge t\u00e9l\u00e9phone, et une partie inf\u00e9rieure <strong>en 2<\/strong> avec un large bac de rangement.<\/p>\n\n\n\n<figure class=\"wp-block-image size-large\"><img loading=\"lazy\" decoding=\"async\" width=\"1024\" height=\"455\" src=\"https:\/\/lignesauto.fr\/wp-content\/uploads\/2024\/12\/DZ-1024x455.jpg\" alt=\"\" class=\"wp-image-37382\" srcset=\"https:\/\/lignesauto.fr\/wp-content\/uploads\/2024\/12\/DZ-1024x455.jpg 1024w, https:\/\/lignesauto.fr\/wp-content\/uploads\/2024\/12\/DZ-300x133.jpg 300w, https:\/\/lignesauto.fr\/wp-content\/uploads\/2024\/12\/DZ-768x341.jpg 768w, https:\/\/lignesauto.fr\/wp-content\/uploads\/2024\/12\/DZ.jpg 1417w\" sizes=\"(max-width: 1024px) 100vw, 1024px\" \/><\/figure>\n\n\n\n<p style=\"font-size:17px\"><strong>UNE TEINTE  &#8216;<em>BITON \u00c9TENDU<\/em>&#8216; NOVATRICE. ENFIN PRESQUE&#8230;<\/strong><br>Thierry M\u00e9troz nous le confie que &#8220;<em>l&#8217;inspiration ASL sur l\u2019avant <\/em>&#8211; voir notre post consacr\u00e9 \u00e0 ce sujet &#8211;<em> se retrouve avec le biton \u00e9tendu. On vient d\u00e9ployer le noir du pavillon sur la partie centrale du capot moteur qui est une premi\u00e8re mondiale pour un capot biton en grande s\u00e9rie.<\/em>&#8221; C&#8217;est un challenge qui a \u00e9t\u00e9 r\u00e9ussi gr\u00e2ce \u00e0 l&#8217;impression par jet d&#8217;encre, comme avec votre imprimante. Mais en mieux et plus r\u00e9sistant ! Son process d\u2019application s\u2019affranchit d\u2019une phase de cuisson et limite ainsi les \u00e9missions de gaz \u00e0 effet de serre.<\/p>\n\n\n\n<figure class=\"wp-block-image size-large\"><img loading=\"lazy\" decoding=\"async\" width=\"1024\" height=\"653\" src=\"https:\/\/lignesauto.fr\/wp-content\/uploads\/2024\/12\/DS_13-1024x653.png\" alt=\"\" class=\"wp-image-37017\" srcset=\"https:\/\/lignesauto.fr\/wp-content\/uploads\/2024\/12\/DS_13-1024x653.png 1024w, https:\/\/lignesauto.fr\/wp-content\/uploads\/2024\/12\/DS_13-300x191.png 300w, https:\/\/lignesauto.fr\/wp-content\/uploads\/2024\/12\/DS_13-768x490.png 768w, https:\/\/lignesauto.fr\/wp-content\/uploads\/2024\/12\/DS_13.png 1417w\" sizes=\"(max-width: 1024px) 100vw, 1024px\" \/><figcaption class=\"wp-element-caption\">Le biton &#8220;\u00e9tendu&#8221;, c&#8217;est \u00e0 dire jusqu&#8217;au capot avant en plus du pavillon, est une option sur les deux niveaux de finitions Pallas et \u00c9toile.<\/figcaption><\/figure>\n\n\n\n<p style=\"font-size:17px\">Il s&#8217;agit d&#8217;une technologie qui a notamment \u00e9t\u00e9 d\u00e9velopp\u00e9e par BMW pour des propositions d&#8217;impressions avec la m\u00eame technique sur sa M3 notamment, (voir ci-dessous) mais Thierry M\u00e9troz pr\u00e9cise \u00e0 juste titre qu&#8217;il s&#8217;agit sur la DS N\u00b08 &#8220;<em>d&#8217;une op\u00e9ration qui s&#8217;effectue en ligne et qui concerne un mod\u00e8le de grande s\u00e9rie, et non une op\u00e9ration de &#8216;sur mesure&#8217;.<\/em> <em>Le biton \u00e9tendu est une r\u00e9f\u00e9rence \u00e0 l\u2019univers de DS Automobiles, mais il est surtout une r\u00e9f\u00e9rence \u00e0 la grande carrosserie fran\u00e7aise. Dans les ann\u00e9es 30, les voitures de luxe adoptaient presque toutes le biton, notamment les Bugatti !<\/em>&#8220;<\/p>\n\n\n\n<figure class=\"wp-block-image size-large\"><img loading=\"lazy\" decoding=\"async\" width=\"1024\" height=\"492\" src=\"https:\/\/lignesauto.fr\/wp-content\/uploads\/2024\/12\/DS_PEINTURE-1024x492.png\" alt=\"\" class=\"wp-image-37016\" srcset=\"https:\/\/lignesauto.fr\/wp-content\/uploads\/2024\/12\/DS_PEINTURE-1024x492.png 1024w, https:\/\/lignesauto.fr\/wp-content\/uploads\/2024\/12\/DS_PEINTURE-300x144.png 300w, https:\/\/lignesauto.fr\/wp-content\/uploads\/2024\/12\/DS_PEINTURE-768x369.png 768w, https:\/\/lignesauto.fr\/wp-content\/uploads\/2024\/12\/DS_PEINTURE.png 1417w\" sizes=\"(max-width: 1024px) 100vw, 1024px\" \/><\/figure>\n\n\n\n<p style=\"font-size:17px\"><strong>DS <em>LUMINASCREEN<\/em>, UN NEZ QUI BRILLE<\/strong><br>Grande innovation de la DS N\u00b08 : le <em>Luninascreen<\/em>. Thierry M\u00e9troz pr\u00e9cise que &#8220;<em>l\u2019ancienne calandre devient ici un \u00e9l\u00e9ment lumineux  <\/em>&#8211; standard sur le second niveau \u00c9toile &#8211;<em> avec le logo \u00e9clair\u00e9 et un graphisme vertical de part et d&#8217;autre. C&#8217;est une pi\u00e8ce qui a demand\u00e9 beaucoup de travail en fonction notamment des r\u00e9glementations.<\/em>&#8221; Les designers se sont empress\u00e9s de dessiner ce <em>luminascreen <\/em>au lendemain de la possibilit\u00e9 offerte par la r\u00e9glementation europ\u00e9enne de pouvoir \u00e9clairer le logo.<\/p>\n\n\n\n<figure class=\"wp-block-image size-large\"><img loading=\"lazy\" decoding=\"async\" width=\"1024\" height=\"565\" src=\"https:\/\/lignesauto.fr\/wp-content\/uploads\/2024\/12\/DS_25-1024x565.png\" alt=\"\" class=\"wp-image-37031\" srcset=\"https:\/\/lignesauto.fr\/wp-content\/uploads\/2024\/12\/DS_25-1024x565.png 1024w, https:\/\/lignesauto.fr\/wp-content\/uploads\/2024\/12\/DS_25-300x166.png 300w, https:\/\/lignesauto.fr\/wp-content\/uploads\/2024\/12\/DS_25-768x424.png 768w, https:\/\/lignesauto.fr\/wp-content\/uploads\/2024\/12\/DS_25.png 1417w\" sizes=\"(max-width: 1024px) 100vw, 1024px\" \/><figcaption class=\"wp-element-caption\">Photo : \u00a9 LIGNES\/auto<\/figcaption><\/figure>\n\n\n\n<p style=\"font-size:17px\">Pour les prochaines silhouettes de DS, Thierry M\u00e9troz nous r\u00e9v\u00e8le que &#8220;<em>notre luminascreen va changer en proportions en fonction des mod\u00e8les. Le successeur du DS7 va garder ce principe-l\u00e0 avec une g\u00e9om\u00e9trie un peu diff\u00e9rente. Et quand on fera une petite DS, on va encore jouer sur les proportions, mais on gardera toujours ce signe de reconnaissance.<\/em>&#8220;<\/p>\n\n\n\n<figure class=\"wp-block-image size-large\"><img loading=\"lazy\" decoding=\"async\" width=\"1024\" height=\"496\" src=\"https:\/\/lignesauto.fr\/wp-content\/uploads\/2024\/12\/DS_ASL_08-1024x496.png\" alt=\"\" class=\"wp-image-37032\" srcset=\"https:\/\/lignesauto.fr\/wp-content\/uploads\/2024\/12\/DS_ASL_08-1024x496.png 1024w, https:\/\/lignesauto.fr\/wp-content\/uploads\/2024\/12\/DS_ASL_08-300x145.png 300w, https:\/\/lignesauto.fr\/wp-content\/uploads\/2024\/12\/DS_ASL_08-768x372.png 768w, https:\/\/lignesauto.fr\/wp-content\/uploads\/2024\/12\/DS_ASL_08.png 1417w\" sizes=\"(max-width: 1024px) 100vw, 1024px\" \/><figcaption class=\"wp-element-caption\">La &#8220;calandre&#8221; <em>Luminascreen<\/em> de la DS N\u00b08 est largement inspir\u00e9e de celle du concept-car ASL de 2020. Retrouvez ce que le concept a l\u00e9gu\u00e9 \u00e0 la voiture de s\u00e9rie dans un post d\u00e9di\u00e9.<\/figcaption><\/figure>\n\n\n\n<p style=\"font-size:17px\">S&#8217;il s&#8217;agit d&#8217;une premi\u00e8re pour DS Automobiles, l&#8217;id\u00e9e du <em>Luminascreen<\/em> pourrait devenir une tendance lourde, avec des \u00e9crans qui pourraient, selon les l\u00e9gislations des diff\u00e9rents pays, accueillir des messages, \u00e0 l&#8217;arr\u00eat&#8230; voire en roulant. La toute nouvelle GAC Hyptec HL (ci-dessous \u00e0 droite au c\u00f4t\u00e9 de la DS N\u00b08) a \u00e9t\u00e9 d\u00e9voil\u00e9e le 26 novembre dernier avec \u00e9galement une &#8220;calandre active et lumineuse&#8221;.<\/p>\n\n\n\n<figure class=\"wp-block-image size-large is-resized\"><img loading=\"lazy\" decoding=\"async\" width=\"1024\" height=\"440\" src=\"https:\/\/lignesauto.fr\/wp-content\/uploads\/2024\/12\/DSN8_13-1024x440.png\" alt=\"\" class=\"wp-image-37048\" style=\"width:840px;height:auto\" srcset=\"https:\/\/lignesauto.fr\/wp-content\/uploads\/2024\/12\/DSN8_13-1024x440.png 1024w, https:\/\/lignesauto.fr\/wp-content\/uploads\/2024\/12\/DSN8_13-300x129.png 300w, https:\/\/lignesauto.fr\/wp-content\/uploads\/2024\/12\/DSN8_13-768x330.png 768w, https:\/\/lignesauto.fr\/wp-content\/uploads\/2024\/12\/DSN8_13.png 1417w\" sizes=\"(max-width: 1024px) 100vw, 1024px\" \/><\/figure>\n\n\n\n<p><\/p>\n\n\n\n<p class=\"has-text-align-center\" style=\"font-size:18px\"><strong>THIERRY <strong>M\u00c9TROZ<\/strong> NOUS PARLE DU DESIGN DE LA DS N\u00b08<\/strong><\/p>\n\n\n\n<figure class=\"wp-block-image size-large\"><img loading=\"lazy\" decoding=\"async\" width=\"1024\" height=\"416\" src=\"https:\/\/lignesauto.fr\/wp-content\/uploads\/2024\/12\/DSN8_00-1024x416.png\" alt=\"\" class=\"wp-image-37068\" srcset=\"https:\/\/lignesauto.fr\/wp-content\/uploads\/2024\/12\/DSN8_00-1024x416.png 1024w, https:\/\/lignesauto.fr\/wp-content\/uploads\/2024\/12\/DSN8_00-300x122.png 300w, https:\/\/lignesauto.fr\/wp-content\/uploads\/2024\/12\/DSN8_00-768x312.png 768w, https:\/\/lignesauto.fr\/wp-content\/uploads\/2024\/12\/DSN8_00.png 1417w\" sizes=\"(max-width: 1024px) 100vw, 1024px\" \/><\/figure>\n\n\n\n<p style=\"font-size:17px\">LIGNES\/auto r\u00e9v\u00e8le quelques secrets du design du projet D85 devenu DS N\u00b08. Bienvenue dans le studio de DS Automobiles, l\u00e0 o\u00f9 tout a commenc\u00e9 pour la DS N\u00b08. Un lieu embl\u00e9matique, puisque c&#8217;est ici que l&#8217;\u00e9quipe de Jean-Pierre Plou\u00e9 s&#8217;est install\u00e9e lorsqu&#8217;il fut nomm\u00e9 patron du design Citro\u00ebn \u00e0 l&#8217;entame de la d\u00e9cennie 2000. Il ne pouvait pas alors imaginer que &#8220;son&#8221; studio deviendrait celui d&#8217;une nouvelle marque fran\u00e7aise au nom historique de DS&#8230;<\/p>\n\n\n\n<figure class=\"wp-block-image size-large\"><img loading=\"lazy\" decoding=\"async\" width=\"1024\" height=\"557\" src=\"http:\/\/lignesauto.fr\/wp-content\/uploads\/2024\/12\/DSN8_100-1024x557.png\" alt=\"\" class=\"wp-image-37051\" srcset=\"https:\/\/lignesauto.fr\/wp-content\/uploads\/2024\/12\/DSN8_100-1024x557.png 1024w, https:\/\/lignesauto.fr\/wp-content\/uploads\/2024\/12\/DSN8_100-300x163.png 300w, https:\/\/lignesauto.fr\/wp-content\/uploads\/2024\/12\/DSN8_100-768x418.png 768w, https:\/\/lignesauto.fr\/wp-content\/uploads\/2024\/12\/DSN8_100.png 1417w\" sizes=\"(max-width: 1024px) 100vw, 1024px\" \/><figcaption class=\"wp-element-caption\">Photo : \u00a9 Christian Martin<\/figcaption><\/figure>\n\n\n\n<p style=\"font-size:17px\">Le planning ci-dessous explique clairement le d\u00e9roul\u00e9 du programme qui a \u00e9t\u00e9 men\u00e9 en grande partie pendant la pand\u00e9mie de la Covid. Thierry M\u00e9troz nous explique que le premier manifeste (de couleur verte sur le document ci-dessous) &#8220;<em>a \u00e9t\u00e9 r\u00e9alis\u00e9 d\u00e8s 2019 avec le style de l\u2019ASL pos\u00e9 sur la plateforme STLA M\u00e9dium dans sa version &#8220;EVO&#8221;. On y a ajout\u00e9 la silhouette fastback et on l&#8217;a test\u00e9 en client\u00e8le pour valider le style et la silhouette. Ce tout premier test a eu d&#8217;excellents retour, notamment sur la silhouette qui n&#8217;a pas \u00e9t\u00e9 consid\u00e9r\u00e9e comme un SUV et que c&#8217;\u00e9tait bien plus \u00e9l\u00e9gant.<\/em>&#8221; Thierry M\u00e9troz explique cependant que le vrai d\u00e9marrage du projet D85 (future DS N\u00b08) a r\u00e9ellement commenc\u00e9 en 2020, une fois le concept d&#8217;architecture valid\u00e9 par le manifeste. Et c&#8217;\u00e9tait pendant la p\u00e9riode de confinement due \u00e0 la Covid&nbsp;2020. Les \u00e9quipes travaillaient en vid\u00e9o-conf\u00e9rences, mais ce calme impos\u00e9 a permis au contraire de travailler encore plus finement le design.<\/p>\n\n\n\n<figure class=\"wp-block-image size-large\"><img loading=\"lazy\" decoding=\"async\" width=\"1024\" height=\"813\" src=\"https:\/\/lignesauto.fr\/wp-content\/uploads\/2024\/12\/DS_DESIGN_01-1024x813.png\" alt=\"\" class=\"wp-image-37155\" srcset=\"https:\/\/lignesauto.fr\/wp-content\/uploads\/2024\/12\/DS_DESIGN_01-1024x813.png 1024w, https:\/\/lignesauto.fr\/wp-content\/uploads\/2024\/12\/DS_DESIGN_01-300x238.png 300w, https:\/\/lignesauto.fr\/wp-content\/uploads\/2024\/12\/DS_DESIGN_01-768x610.png 768w, https:\/\/lignesauto.fr\/wp-content\/uploads\/2024\/12\/DS_DESIGN_01.png 1417w\" sizes=\"(max-width: 1024px) 100vw, 1024px\" \/><\/figure>\n\n\n\n<p style=\"font-size:17px\">La premi\u00e8re revue de design est nomm\u00e9e &#8220;CT&#8221; pour&#8230; Carlos Tavares, le d\u00e9sormais ex-CEO de Stellantis, et a lieu au cours de cette ann\u00e9e 2020. Elle lance r\u00e9ellement le projet avec le th\u00e8me de style qui a conquis le patron. Apr\u00e8s un test client\u00e8le en 2021 (en deux \u00e9tapes : client\u00e8le d&#8217;Europe du Nord et client\u00e8le d&#8217;Europe du Sud), l&#8217;ultime test de gel de style a lieu en 2022. Thierry M\u00e9troz nous confie &#8220;<em>que le design est alors \u00e0 98% celui de la DS N\u00b08 mais \u00e0 l&#8217;\u00e9poque, il fallait obligatoirement que la voiture sorte premi\u00e8re du test. On a r\u00e9ussi, et donc il y a eu l&#8217;\u00e9tape du gel de style et on a pu engager les dizaines de millions d\u2019euros pour les outillages.<\/em>&#8221; Quant aux 2% de diff\u00e9rence entre le test et la s\u00e9rie, Thierry M\u00e9troz explique &#8220;<em>qu&#8217;il s&#8217;agit principalement de la convergence technique, \u00e9conomique, ou de mise au point des couleurs et mati\u00e8res. Il n&#8217;y avait plus de remise en cause de style.<\/em>&#8221; La pr\u00e9s\u00e9rie est lanc\u00e9e en 2023.<\/p>\n\n\n\n<figure class=\"wp-block-image size-large\"><img loading=\"lazy\" decoding=\"async\" width=\"1024\" height=\"721\" src=\"https:\/\/lignesauto.fr\/wp-content\/uploads\/2024\/12\/DS_DESIGN_02-1024x721.png\" alt=\"\" class=\"wp-image-37090\" srcset=\"https:\/\/lignesauto.fr\/wp-content\/uploads\/2024\/12\/DS_DESIGN_02-1024x721.png 1024w, https:\/\/lignesauto.fr\/wp-content\/uploads\/2024\/12\/DS_DESIGN_02-300x211.png 300w, https:\/\/lignesauto.fr\/wp-content\/uploads\/2024\/12\/DS_DESIGN_02-768x541.png 768w, https:\/\/lignesauto.fr\/wp-content\/uploads\/2024\/12\/DS_DESIGN_02.png 1417w\" sizes=\"(max-width: 1024px) 100vw, 1024px\" \/><figcaption class=\"wp-element-caption\">Photo : \u00a9 Design DS Automobiles<\/figcaption><\/figure>\n\n\n\n<p style=\"font-size:17px\">Entre le manifeste de 2019 ci-dessus, et le gel du style de la DS N\u00b08 ci-dessous, pratiquement trois ans se sont \u00e9coul\u00e9s. Le design a nettement \u00e9volu\u00e9. <strong>En 1<\/strong> : le th\u00e8me <em>fastback<\/em>, dynamique, vu sur l&#8217;ASL sera conserv\u00e9 sur le manifeste ET sur la voiture de s\u00e9rie. <strong>En 2<\/strong> un gros travail de style a redonn\u00e9 du muscle sur l&#8217;aile arri\u00e8re et une simplification du panneau AR. <strong>En 3<\/strong>, le biton \u00e9tendu du concept ASL et du manifeste a \u00e9t\u00e9 conserv\u00e9 sur le capot moteur. <strong>En 4 <\/strong>: les &#8220;ailettes&#8221; de part et d&#8217;autre du capot ont disparu&#8230; <strong>En 5<\/strong>, les DRL ont \u00e9t\u00e9 simplifi\u00e9s. <strong>En 6<\/strong>, les flancs ont adopt\u00e9 des volumes moins concaves.<br><\/p>\n\n\n\n<figure class=\"wp-block-image size-large\"><img loading=\"lazy\" decoding=\"async\" width=\"1024\" height=\"730\" src=\"https:\/\/lignesauto.fr\/wp-content\/uploads\/2024\/12\/DS_DESIGN_03-1024x730.png\" alt=\"\" class=\"wp-image-37091\" srcset=\"https:\/\/lignesauto.fr\/wp-content\/uploads\/2024\/12\/DS_DESIGN_03-1024x730.png 1024w, https:\/\/lignesauto.fr\/wp-content\/uploads\/2024\/12\/DS_DESIGN_03-300x214.png 300w, https:\/\/lignesauto.fr\/wp-content\/uploads\/2024\/12\/DS_DESIGN_03-768x547.png 768w, https:\/\/lignesauto.fr\/wp-content\/uploads\/2024\/12\/DS_DESIGN_03.png 1417w\" sizes=\"(max-width: 1024px) 100vw, 1024px\" \/><\/figure>\n\n\n\n<p style=\"font-size:17px\">Ci-dessous, ce d\u00e9tail est repr\u00e9sentatif du travail effectu\u00e9 \u00e0 la demande de Fr\u00e9d\u00e9ric Soubirou, responsable du design ext\u00e9rieur de DS Automobiles, sur la zone r\u00e9pertori\u00e9e <strong>en 2<\/strong> sur les photos ci-dessus. L&#8217;aile arri\u00e8re a abandonn\u00e9 les rondeurs du manifeste pour retrouver subtilement de la force, gr\u00e2ce \u00e0 un volume creus\u00e9 et \u00e0 une ligne de nervure plus affirm\u00e9e. Elle part du feu et meurt dans la porte arri\u00e8re. Elle est ensuite second\u00e9e par la ligne qui file vers l&#8217;optique avant et le d\u00e9calage sur le flanc de ces deux lignes n&#8217;est pas sans \u00e9voquer celui qui fait l&#8217;une des forces du design de la CX de 1974, sign\u00e9e Robert Opron. Le muscle de l\u2019aile est compl\u00e9t\u00e9 par une ligne en l\u00e9g\u00e8re inflexion vers le passage de roue.<\/p>\n\n\n\n<figure class=\"wp-block-image size-large\"><img loading=\"lazy\" decoding=\"async\" width=\"1024\" height=\"502\" src=\"https:\/\/lignesauto.fr\/wp-content\/uploads\/2024\/12\/DS_700-1024x502.png\" alt=\"\" class=\"wp-image-37162\" srcset=\"https:\/\/lignesauto.fr\/wp-content\/uploads\/2024\/12\/DS_700-1024x502.png 1024w, https:\/\/lignesauto.fr\/wp-content\/uploads\/2024\/12\/DS_700-300x147.png 300w, https:\/\/lignesauto.fr\/wp-content\/uploads\/2024\/12\/DS_700-768x376.png 768w, https:\/\/lignesauto.fr\/wp-content\/uploads\/2024\/12\/DS_700.png 1417w\" sizes=\"(max-width: 1024px) 100vw, 1024px\" \/><figcaption class=\"wp-element-caption\">Photo : \u00a9 LIGNES\/auto<\/figcaption><\/figure>\n\n\n\n<p style=\"font-size:17px\"><strong>&#8220;DS, IL FAUT RANGER TA CHAMBRE&#8221;<\/strong><br>Avec la DS N\u00b08, une nouvelle \u00e8re s&#8217;ouvre pour la marque fran\u00e7aise. C&#8217;est une aubaine et, \u00e0 la fois, un petit casse t\u00eate qui doit \u00eatre r\u00e9gl\u00e9 dans le temps :<strong> l&#8217;homog\u00e9n\u00e9it\u00e9 dans la lecture de l&#8217;image de marque<\/strong>, \u00e0 savoir, la lecture des logos et des noms de mod\u00e8les. \u00c9videmment, nous n&#8217;en sommes plus au temps o\u00f9 Citro\u00ebn gal\u00e9rait avec sa &#8220;ligne DS&#8221; pour positionner tous les logos de la marque et du mod\u00e8le. Le concept-car Citro\u00ebn-DS Num\u00e9ro 9 en est la preuve puisque le nom du concept-car n&#8217;apparaissait que sur sa plaque d&#8217;immatriculation laissant la place au logo DS et au nom Citro\u00ebn, ci-dessous !<\/p>\n\n\n\n<figure class=\"wp-block-image size-large\"><img loading=\"lazy\" decoding=\"async\" width=\"1024\" height=\"726\" src=\"https:\/\/lignesauto.fr\/wp-content\/uploads\/2024\/12\/DS_DESIGN_06-1024x726.png\" alt=\"\" class=\"wp-image-37092\" srcset=\"https:\/\/lignesauto.fr\/wp-content\/uploads\/2024\/12\/DS_DESIGN_06-1024x726.png 1024w, https:\/\/lignesauto.fr\/wp-content\/uploads\/2024\/12\/DS_DESIGN_06-300x213.png 300w, https:\/\/lignesauto.fr\/wp-content\/uploads\/2024\/12\/DS_DESIGN_06-768x545.png 768w, https:\/\/lignesauto.fr\/wp-content\/uploads\/2024\/12\/DS_DESIGN_06.png 1417w\" sizes=\"(max-width: 1024px) 100vw, 1024px\" \/><\/figure>\n\n\n\n<p style=\"font-size:17px\">Aujourd&#8217;hui, la DS4 propose le logo &#8220;DS&#8221; sur son hayon, alors qu&#8217;il dispara\u00eet sur la DS N\u00b08 au profit du nom de la marque, avec le &#8220;N\u00b08&#8221; est situ\u00e9 en dessous. L&#8217;arriv\u00e9e de la DS 4 X-Tense 100% \u00e9lectrique sera-t-elle l\u2019occasion pour DS de rattacher ce mod\u00e8le \u00e0 l&#8217;identit\u00e9 de la DS N\u00b08 ? Et que dire du petit logo lat\u00e9ral en amont du montant de porte arri\u00e8re, toujours sur la DS4, inexistant \u00e0 cet emplacement sur la DS N\u00b08 ? La nouvelle identit\u00e9 doit se mettre en place et, hors restylage co\u00fbteux, il faudra sans doute patienter quelques ann\u00e9es avant que tout rentre dans l&#8217;ordre avec les futures DS N\u00b07, N\u00b03 et N\u00b04&#8230;<\/p>\n\n\n\n<figure class=\"wp-block-image size-large\"><img loading=\"lazy\" decoding=\"async\" width=\"1024\" height=\"531\" src=\"https:\/\/lignesauto.fr\/wp-content\/uploads\/2024\/12\/DSN8_601-1024x531.png\" alt=\"\" class=\"wp-image-37360\" srcset=\"https:\/\/lignesauto.fr\/wp-content\/uploads\/2024\/12\/DSN8_601-1024x531.png 1024w, https:\/\/lignesauto.fr\/wp-content\/uploads\/2024\/12\/DSN8_601-300x156.png 300w, https:\/\/lignesauto.fr\/wp-content\/uploads\/2024\/12\/DSN8_601-768x398.png 768w, https:\/\/lignesauto.fr\/wp-content\/uploads\/2024\/12\/DSN8_601.png 1417w\" sizes=\"(max-width: 1024px) 100vw, 1024px\" \/><\/figure>\n\n\n\n<p style=\"font-size:17px\"><strong>EN R\u00c9SUM\u00c9<\/strong><br>La gamme, les caract\u00e9ristiques techniques et le choix des ambiances int\u00e9rieures :<\/p>\n\n\n\n<figure class=\"wp-block-image size-large\"><img loading=\"lazy\" decoding=\"async\" width=\"1024\" height=\"533\" src=\"https:\/\/lignesauto.fr\/wp-content\/uploads\/2024\/12\/DS_1200-1024x533.png\" alt=\"\" class=\"wp-image-37333\" srcset=\"https:\/\/lignesauto.fr\/wp-content\/uploads\/2024\/12\/DS_1200-1024x533.png 1024w, https:\/\/lignesauto.fr\/wp-content\/uploads\/2024\/12\/DS_1200-300x156.png 300w, https:\/\/lignesauto.fr\/wp-content\/uploads\/2024\/12\/DS_1200-768x399.png 768w, https:\/\/lignesauto.fr\/wp-content\/uploads\/2024\/12\/DS_1200.png 1417w\" sizes=\"(max-width: 1024px) 100vw, 1024px\" \/><\/figure>\n\n\n\n<p style=\"font-size:17px\">Deux niveaux d&#8217;\u00e9quipements seront disponible en 2025 \u00e0 la prise des commandes : <strong>Pallas<\/strong> et <strong>\u00c9toile<\/strong>. Ce dernier b\u00e9n\u00e9ficiera du <em>Luminascreen<\/em> (calandre lumineuse) en s\u00e9rie. Le <strong>niveau Pallas<\/strong> sera disponible en versions deux roues motrices uniquement, avec deux autonomies : 572 km (230 ch) ou 750 km (245 ch). Le <strong>niveau \u00c9toile<\/strong> y ajoute la version quatre roues motrices de 350 ch et 686 km d&#8217;autonomie.<\/p>\n\n\n\n<figure class=\"wp-block-image size-large\"><img loading=\"lazy\" decoding=\"async\" width=\"1024\" height=\"387\" src=\"https:\/\/lignesauto.fr\/wp-content\/uploads\/2024\/12\/NEW-1024x387.jpg\" alt=\"\" class=\"wp-image-37364\" srcset=\"https:\/\/lignesauto.fr\/wp-content\/uploads\/2024\/12\/NEW-1024x387.jpg 1024w, https:\/\/lignesauto.fr\/wp-content\/uploads\/2024\/12\/NEW-300x113.jpg 300w, https:\/\/lignesauto.fr\/wp-content\/uploads\/2024\/12\/NEW-768x291.jpg 768w, https:\/\/lignesauto.fr\/wp-content\/uploads\/2024\/12\/NEW.jpg 1417w\" sizes=\"(max-width: 1024px) 100vw, 1024px\" \/><\/figure>\n\n\n\n<p style=\"font-size:17px\">Pour l&#8217;heure la liste d&#8217;\u00e9quipements n&#8217;est pas connue mais les ambiances int\u00e9rieures le sont (ci-dessous). Le <strong>niveau Pallas<\/strong> est dot\u00e9 en s\u00e9rie de la sellerie toile DS-noir Basalte et, en option de la toile DS-gris et Bleu \u00c9ternel. Le <strong>niveau \u00c9toile<\/strong> est propos\u00e9 en s\u00e9rie avec l&#8217;univers Alcantara-Blue \u00c9ternel et deux options sont propos\u00e9es : cuir Nappa-Noir Basalte et cuir Nappa-Brun Alezan. Vous avez le temps d&#8217;op\u00e9rer votre choix&#8230;<\/p>\n\n\n\n<figure class=\"wp-block-image size-large\"><img loading=\"lazy\" decoding=\"async\" width=\"1024\" height=\"551\" src=\"https:\/\/lignesauto.fr\/wp-content\/uploads\/2024\/12\/DS_1201-1024x551.png\" alt=\"\" class=\"wp-image-37336\" srcset=\"https:\/\/lignesauto.fr\/wp-content\/uploads\/2024\/12\/DS_1201-1024x551.png 1024w, https:\/\/lignesauto.fr\/wp-content\/uploads\/2024\/12\/DS_1201-300x161.png 300w, https:\/\/lignesauto.fr\/wp-content\/uploads\/2024\/12\/DS_1201-768x413.png 768w, https:\/\/lignesauto.fr\/wp-content\/uploads\/2024\/12\/DS_1201.png 1417w\" sizes=\"(max-width: 1024px) 100vw, 1024px\" \/><\/figure>\n\n\n\n<p style=\"font-size:17px\">Ne manquez pas de lire sur notre site notre autre article sur la DS N\u00b08 : ce que le concept ASL de 2020 lui a l\u00e9gu\u00e9. Par ailleurs, avec ses \u0153ill\u00e8res principalement ax\u00e9es sur l&#8217;univers du design au sens large du terme, LIGNES\/auto n&#8217;a pas \u00e9voqu\u00e9 les caract\u00e9ristiques de charge des batteries, les consommations ou les innombrables aides \u00e0 la conduite de la DS N\u00b08. Nos conf\u00e8res sp\u00e9cialis\u00e9s le font tr\u00e8s bien et nous les saluons.<\/p>\n\n\n\n<figure class=\"wp-block-image size-large\"><img loading=\"lazy\" decoding=\"async\" width=\"1024\" height=\"494\" src=\"https:\/\/lignesauto.fr\/wp-content\/uploads\/2024\/12\/DS_ASL_04-1024x494.png\" alt=\"\" class=\"wp-image-37353\" srcset=\"https:\/\/lignesauto.fr\/wp-content\/uploads\/2024\/12\/DS_ASL_04-1024x494.png 1024w, https:\/\/lignesauto.fr\/wp-content\/uploads\/2024\/12\/DS_ASL_04-300x145.png 300w, https:\/\/lignesauto.fr\/wp-content\/uploads\/2024\/12\/DS_ASL_04-768x371.png 768w, https:\/\/lignesauto.fr\/wp-content\/uploads\/2024\/12\/DS_ASL_04.png 1417w\" sizes=\"(max-width: 1024px) 100vw, 1024px\" \/><\/figure>\n\n\n<div class=\"wp-block-image\">\n<figure class=\"aligncenter size-large is-resized\"><img loading=\"lazy\" decoding=\"async\" width=\"1024\" height=\"288\" src=\"http:\/\/lignesauto.fr\/wp-content\/uploads\/2024\/11\/A-1024x288.png\" alt=\"\" class=\"wp-image-36771\" style=\"width:512px;height:auto\" srcset=\"https:\/\/lignesauto.fr\/wp-content\/uploads\/2024\/11\/A-1024x288.png 1024w, https:\/\/lignesauto.fr\/wp-content\/uploads\/2024\/11\/A-300x84.png 300w, https:\/\/lignesauto.fr\/wp-content\/uploads\/2024\/11\/A-768x216.png 768w, https:\/\/lignesauto.fr\/wp-content\/uploads\/2024\/11\/A.png 1417w\" sizes=\"(max-width: 1024px) 100vw, 1024px\" \/><\/figure><\/div>","protected":false},"excerpt":{"rendered":"<p>Apr\u00e8s la diffusion des premi\u00e8res images de la voiture camoufl\u00e9e le 21 novembre, apr\u00e8s la r\u00e9v\u00e9lation de son nom d\u00e9but d\u00e9cembre, voici &#8211; enfin ! &#8211; toutes les informations officielles sur la nouvelle DS N\u00b08. Comme \u00e0 son habitude, LIGNES\/auto va d\u00e9crypter \u00e0 sa mani\u00e8re cette \u00e9tape importante de la [&hellip;]<\/p>\n","protected":false},"author":1,"featured_media":37359,"comment_status":"closed","ping_status":"closed","sticky":false,"template":"","format":"standard","meta":{"footnotes":""},"categories":[1],"tags":[],"_links":{"self":[{"href":"https:\/\/lignesauto.fr\/index.php?rest_route=\/wp\/v2\/posts\/36903"}],"collection":[{"href":"https:\/\/lignesauto.fr\/index.php?rest_route=\/wp\/v2\/posts"}],"about":[{"href":"https:\/\/lignesauto.fr\/index.php?rest_route=\/wp\/v2\/types\/post"}],"author":[{"embeddable":true,"href":"https:\/\/lignesauto.fr\/index.php?rest_route=\/wp\/v2\/users\/1"}],"replies":[{"embeddable":true,"href":"https:\/\/lignesauto.fr\/index.php?rest_route=%2Fwp%2Fv2%2Fcomments&post=36903"}],"version-history":[{"count":280,"href":"https:\/\/lignesauto.fr\/index.php?rest_route=\/wp\/v2\/posts\/36903\/revisions"}],"predecessor-version":[{"id":37584,"href":"https:\/\/lignesauto.fr\/index.php?rest_route=\/wp\/v2\/posts\/36903\/revisions\/37584"}],"wp:featuredmedia":[{"embeddable":true,"href":"https:\/\/lignesauto.fr\/index.php?rest_route=\/wp\/v2\/media\/37359"}],"wp:attachment":[{"href":"https:\/\/lignesauto.fr\/index.php?rest_route=%2Fwp%2Fv2%2Fmedia&parent=36903"}],"wp:term":[{"taxonomy":"category","embeddable":true,"href":"https:\/\/lignesauto.fr\/index.php?rest_route=%2Fwp%2Fv2%2Fcategories&post=36903"},{"taxonomy":"post_tag","embeddable":true,"href":"https:\/\/lignesauto.fr\/index.php?rest_route=%2Fwp%2Fv2%2Ftags&post=36903"}],"curies":[{"name":"wp","href":"https:\/\/api.w.org\/{rel}","templated":true}]}}