{"id":3697,"date":"2018-10-04T08:52:53","date_gmt":"2018-10-04T06:52:53","guid":{"rendered":"http:\/\/lignesauto.fr\/?p=3697"},"modified":"2018-12-22T17:20:18","modified_gmt":"2018-12-22T16:20:18","slug":"audi-invente-le-cockpit-integre-mobile","status":"publish","type":"post","link":"https:\/\/lignesauto.fr\/?p=3697","title":{"rendered":"Audi invente le cockpit int\u00e9gr\u00e9 mobile"},"content":{"rendered":"<p><img loading=\"lazy\" decoding=\"async\" class=\"alignnone size-medium wp-image-4921\" src=\"http:\/\/lignesauto.fr\/wp-content\/uploads\/2018\/10\/LOGOActus_BD-300x108.jpg\" alt=\"\" width=\"300\" height=\"108\" srcset=\"https:\/\/lignesauto.fr\/wp-content\/uploads\/2018\/10\/LOGOActus_BD-300x108.jpg 300w, https:\/\/lignesauto.fr\/wp-content\/uploads\/2018\/10\/LOGOActus_BD-768x276.jpg 768w, https:\/\/lignesauto.fr\/wp-content\/uploads\/2018\/10\/LOGOActus_BD-1024x367.jpg 1024w, https:\/\/lignesauto.fr\/wp-content\/uploads\/2018\/10\/LOGOActus_BD-370x133.jpg 370w, https:\/\/lignesauto.fr\/wp-content\/uploads\/2018\/10\/LOGOActus_BD-1040x373.jpg 1040w, https:\/\/lignesauto.fr\/wp-content\/uploads\/2018\/10\/LOGOActus_BD.jpg 1240w\" sizes=\"(max-width: 300px) 100vw, 300px\" \/><\/p>\n<p><img loading=\"lazy\" decoding=\"async\" class=\"wp-image-3701 size-large\" src=\"http:\/\/lignesauto.fr\/wp-content\/uploads\/2018\/08\/A189701_medium-1024x732.jpg\" alt=\"\" width=\"1024\" height=\"732\" srcset=\"https:\/\/lignesauto.fr\/wp-content\/uploads\/2018\/08\/A189701_medium-1024x732.jpg 1024w, https:\/\/lignesauto.fr\/wp-content\/uploads\/2018\/08\/A189701_medium-300x214.jpg 300w, https:\/\/lignesauto.fr\/wp-content\/uploads\/2018\/08\/A189701_medium-768x549.jpg 768w, https:\/\/lignesauto.fr\/wp-content\/uploads\/2018\/08\/A189701_medium-370x264.jpg 370w, https:\/\/lignesauto.fr\/wp-content\/uploads\/2018\/08\/A189701_medium-1040x743.jpg 1040w, https:\/\/lignesauto.fr\/wp-content\/uploads\/2018\/08\/A189701_medium.jpg 1754w\" sizes=\"(max-width: 1024px) 100vw, 1024px\" \/><\/p>\n<p>Avec son concept-car PB18 e-tron pr\u00e9sent\u00e9 \u00e0 Pebble Beach (d&#8217;o\u00f9 l&#8217;appellation&#8230;) et pr\u00e9sent sur le stand de la marque au Mondial de l&#8217;automobile actuellement, Audi d\u00e9voile le concept d&#8217;un cockpit int\u00e9gr\u00e9 \u00e0 l&#8217;habitacle pouvant se mouvoir afin de proposer une conduite \u00e0 gauche ou une conduite centrale.<br \/>\nLa premi\u00e8re est destin\u00e9e \u00e0 un usage sportif sur route ouverte, alors que la seconde installe le &#8220;pilote&#8221; au centre afin de limer le bitume des circuits et anneaux de vitesse. Le cockpit est positionn\u00e9 \u00e0 gauche lors de l&#8217;acc\u00e8s au v\u00e9hicule et, selon le mode de conduite &#8211; ou pilotage &#8211; choisi, il peut coulisser au centre du concept.<\/p>\n<p><img loading=\"lazy\" decoding=\"async\" class=\"wp-image-3702 size-full\" src=\"http:\/\/lignesauto.fr\/wp-content\/uploads\/2018\/08\/A189674_medium.jpg\" alt=\"\" width=\"1886\" height=\"794\" srcset=\"https:\/\/lignesauto.fr\/wp-content\/uploads\/2018\/08\/A189674_medium.jpg 1886w, https:\/\/lignesauto.fr\/wp-content\/uploads\/2018\/08\/A189674_medium-300x126.jpg 300w, https:\/\/lignesauto.fr\/wp-content\/uploads\/2018\/08\/A189674_medium-768x323.jpg 768w, https:\/\/lignesauto.fr\/wp-content\/uploads\/2018\/08\/A189674_medium-1024x431.jpg 1024w, https:\/\/lignesauto.fr\/wp-content\/uploads\/2018\/08\/A189674_medium-370x156.jpg 370w, https:\/\/lignesauto.fr\/wp-content\/uploads\/2018\/08\/A189674_medium-1040x438.jpg 1040w\" sizes=\"(max-width: 1886px) 100vw, 1886px\" \/><\/p>\n<p><img loading=\"lazy\" decoding=\"async\" class=\"alignnone wp-image-3703 size-full\" src=\"http:\/\/lignesauto.fr\/wp-content\/uploads\/2018\/08\/A189675_medium.jpg\" alt=\"\" width=\"1886\" height=\"794\" srcset=\"https:\/\/lignesauto.fr\/wp-content\/uploads\/2018\/08\/A189675_medium.jpg 1886w, https:\/\/lignesauto.fr\/wp-content\/uploads\/2018\/08\/A189675_medium-300x126.jpg 300w, https:\/\/lignesauto.fr\/wp-content\/uploads\/2018\/08\/A189675_medium-768x323.jpg 768w, https:\/\/lignesauto.fr\/wp-content\/uploads\/2018\/08\/A189675_medium-1024x431.jpg 1024w, https:\/\/lignesauto.fr\/wp-content\/uploads\/2018\/08\/A189675_medium-370x156.jpg 370w, https:\/\/lignesauto.fr\/wp-content\/uploads\/2018\/08\/A189675_medium-1040x438.jpg 1040w\" sizes=\"(max-width: 1886px) 100vw, 1886px\" \/><\/p>\n<p><img loading=\"lazy\" decoding=\"async\" class=\"wp-image-3704 size-large\" src=\"http:\/\/lignesauto.fr\/wp-content\/uploads\/2018\/08\/A189681_medium-1024x768.jpg\" alt=\"\" width=\"1024\" height=\"768\" srcset=\"https:\/\/lignesauto.fr\/wp-content\/uploads\/2018\/08\/A189681_medium-1024x768.jpg 1024w, https:\/\/lignesauto.fr\/wp-content\/uploads\/2018\/08\/A189681_medium-300x225.jpg 300w, https:\/\/lignesauto.fr\/wp-content\/uploads\/2018\/08\/A189681_medium-768x576.jpg 768w, https:\/\/lignesauto.fr\/wp-content\/uploads\/2018\/08\/A189681_medium-370x277.jpg 370w, https:\/\/lignesauto.fr\/wp-content\/uploads\/2018\/08\/A189681_medium-1040x780.jpg 1040w, https:\/\/lignesauto.fr\/wp-content\/uploads\/2018\/08\/A189681_medium.jpg 1754w\" sizes=\"(max-width: 1024px) 100vw, 1024px\" \/><br \/>\n<em>Ci-dessus : pilotage classique, avec volant \u00e0 gauche.<\/em><\/p>\n<p><img loading=\"lazy\" decoding=\"async\" class=\"alignnone wp-image-3705 size-large\" src=\"http:\/\/lignesauto.fr\/wp-content\/uploads\/2018\/08\/A189685_medium-1024x768.jpg\" alt=\"\" width=\"1024\" height=\"768\" srcset=\"https:\/\/lignesauto.fr\/wp-content\/uploads\/2018\/08\/A189685_medium-1024x768.jpg 1024w, https:\/\/lignesauto.fr\/wp-content\/uploads\/2018\/08\/A189685_medium-300x225.jpg 300w, https:\/\/lignesauto.fr\/wp-content\/uploads\/2018\/08\/A189685_medium-768x576.jpg 768w, https:\/\/lignesauto.fr\/wp-content\/uploads\/2018\/08\/A189685_medium-370x277.jpg 370w, https:\/\/lignesauto.fr\/wp-content\/uploads\/2018\/08\/A189685_medium-1040x780.jpg 1040w, https:\/\/lignesauto.fr\/wp-content\/uploads\/2018\/08\/A189685_medium.jpg 1754w\" sizes=\"(max-width: 1024px) 100vw, 1024px\" \/><br \/>\n<em>Ci-dessus : pilotage type &#8220;circuit ou ovale&#8221; avec cockpit gliss\u00e9 au centre de l&#8217;habitacle.<\/em><\/p>\n<p>Ce concept repose sur des dimensions g\u00e9n\u00e9reuses avec une longueur de 4,53 m et une largeur de 2 m\u00e8tres !<br \/>\nL&#8217;Audi PB18 e-tron est l&#8217;\u00e9quivalent sportif du concept Aicon de 2017 qui lui, est d\u00e9di\u00e9 \u00e0 100% \u00e0 la conduite autonome.<br \/>\nPour le c\u00f4t\u00e9 sportif justement, la nouvelle venue se dote de trois moteurs \u00e9lectriques (un \u00e0 l&#8217;avant, deux \u00e0 l&#8217;arri\u00e8re) pour une puissance allant jusqu&#8217;\u00e0 570 kW.<br \/>\nLa PB18 e-tron est \u00e9videmment une quatre roues motrices et \u00e9volue de 0 \u00e0 100 km\/h en seulement 2.0 secondes, soit la perf&#8217; d&#8217;une LMP1 des 24 Heures du Mans !<\/p>\n<p><img loading=\"lazy\" decoding=\"async\" class=\"wp-image-3706 size-large\" src=\"http:\/\/lignesauto.fr\/wp-content\/uploads\/2018\/08\/A189693_medium-1024x732.jpg\" alt=\"\" width=\"1024\" height=\"732\" srcset=\"https:\/\/lignesauto.fr\/wp-content\/uploads\/2018\/08\/A189693_medium-1024x732.jpg 1024w, https:\/\/lignesauto.fr\/wp-content\/uploads\/2018\/08\/A189693_medium-300x214.jpg 300w, https:\/\/lignesauto.fr\/wp-content\/uploads\/2018\/08\/A189693_medium-768x549.jpg 768w, https:\/\/lignesauto.fr\/wp-content\/uploads\/2018\/08\/A189693_medium-370x264.jpg 370w, https:\/\/lignesauto.fr\/wp-content\/uploads\/2018\/08\/A189693_medium-1040x743.jpg 1040w, https:\/\/lignesauto.fr\/wp-content\/uploads\/2018\/08\/A189693_medium.jpg 1754w\" sizes=\"(max-width: 1024px) 100vw, 1024px\" \/><\/p>\n<p>Gael Buzyn qui est \u00e0 la t\u00eate d&#8217;Audi Design Loft \u00e0 Malibu, o\u00f9 est n\u00e9e l&#8217;Audi PB18 e-tron, \u00e9voque l&#8217;\u00e9l\u00e9ment le plus clivant du cahier des charges : <em>&#8220;nous voulions offrir au conducteur une exp\u00e9rience qui n&#8217;est disponible que dans une voiture de course comme l&#8217;Audi R18. C&#8217;est pourquoi nous avons d\u00e9velopp\u00e9 l&#8217;int\u00e9rieur autour de la position id\u00e9ale du conducteur : au centre. N\u00e9anmoins, notre objectif \u00e9tait \u00e9galement de donner au concept PB18 e-tron une grande facilit\u00e9 d&#8217;utilisation au quotidien, non seulement pour le conducteur, mais aussi pour un passager potentiel. &#8221;<br \/>\n<\/em>Lorsque le cocon du conducteur glisse dans la position lat\u00e9rale, o\u00f9 il est possible de piloter la PB18 e-tron au quotidien, il reste effectivement une place pour un passager.<br \/>\nUn si\u00e8ge suppl\u00e9mentaire est ainsi accessible par l&#8217;autre c\u00f4t\u00e9.<\/p>\n<p><img loading=\"lazy\" decoding=\"async\" class=\"wp-image-3711 size-large\" src=\"http:\/\/lignesauto.fr\/wp-content\/uploads\/2018\/08\/A189676_medium-1024x745.jpg\" alt=\"\" width=\"1024\" height=\"745\" srcset=\"https:\/\/lignesauto.fr\/wp-content\/uploads\/2018\/08\/A189676_medium-1024x745.jpg 1024w, https:\/\/lignesauto.fr\/wp-content\/uploads\/2018\/08\/A189676_medium-300x218.jpg 300w, https:\/\/lignesauto.fr\/wp-content\/uploads\/2018\/08\/A189676_medium-768x559.jpg 768w, https:\/\/lignesauto.fr\/wp-content\/uploads\/2018\/08\/A189676_medium-370x269.jpg 370w, https:\/\/lignesauto.fr\/wp-content\/uploads\/2018\/08\/A189676_medium-1040x756.jpg 1040w, https:\/\/lignesauto.fr\/wp-content\/uploads\/2018\/08\/A189676_medium.jpg 1687w\" sizes=\"(max-width: 1024px) 100vw, 1024px\" \/><\/p>\n<p><img loading=\"lazy\" decoding=\"async\" class=\"wp-image-3713 size-full\" src=\"http:\/\/lignesauto.fr\/wp-content\/uploads\/2018\/08\/A189697_medium.jpg\" alt=\"\" width=\"1754\" height=\"1253\" srcset=\"https:\/\/lignesauto.fr\/wp-content\/uploads\/2018\/08\/A189697_medium.jpg 1754w, https:\/\/lignesauto.fr\/wp-content\/uploads\/2018\/08\/A189697_medium-300x214.jpg 300w, https:\/\/lignesauto.fr\/wp-content\/uploads\/2018\/08\/A189697_medium-768x549.jpg 768w, https:\/\/lignesauto.fr\/wp-content\/uploads\/2018\/08\/A189697_medium-1024x732.jpg 1024w, https:\/\/lignesauto.fr\/wp-content\/uploads\/2018\/08\/A189697_medium-370x264.jpg 370w, https:\/\/lignesauto.fr\/wp-content\/uploads\/2018\/08\/A189697_medium-1040x743.jpg 1040w\" sizes=\"(max-width: 1754px) 100vw, 1754px\" \/><\/p>\n<p>Rappelons quand m\u00eame qu&#8217;en 2015, lors du salon de Gen\u00e8ve, Rinspeed avait d\u00e9voil\u00e9 sa Budii (ci-dessous) : une petite voiture autonome dot\u00e9e d&#8217;un volant ancr\u00e9 sur un bras robotis\u00e9 capable de la pr\u00e9senter \u00e0 \u00a0gauche ou \u00e0 droite de la planche de bord en mode &#8220;conduite&#8221; ou cach\u00e9 derri\u00e8re la tablette centrale en mode &#8220;autonome&#8221;.<\/p>\n<p><img loading=\"lazy\" decoding=\"async\" class=\"alignnone wp-image-3709 size-full\" src=\"http:\/\/lignesauto.fr\/wp-content\/uploads\/2018\/08\/LIGNESautoBUDII00.jpg\" alt=\"\" width=\"900\" height=\"549\" srcset=\"https:\/\/lignesauto.fr\/wp-content\/uploads\/2018\/08\/LIGNESautoBUDII00.jpg 900w, https:\/\/lignesauto.fr\/wp-content\/uploads\/2018\/08\/LIGNESautoBUDII00-300x183.jpg 300w, https:\/\/lignesauto.fr\/wp-content\/uploads\/2018\/08\/LIGNESautoBUDII00-768x468.jpg 768w, https:\/\/lignesauto.fr\/wp-content\/uploads\/2018\/08\/LIGNESautoBUDII00-370x226.jpg 370w\" sizes=\"(max-width: 900px) 100vw, 900px\" \/><\/p>\n<p><img loading=\"lazy\" decoding=\"async\" class=\"alignnone wp-image-3710 size-full\" src=\"http:\/\/lignesauto.fr\/wp-content\/uploads\/2018\/08\/LIGNESautoBUDII01.jpg\" alt=\"\" width=\"960\" height=\"640\" srcset=\"https:\/\/lignesauto.fr\/wp-content\/uploads\/2018\/08\/LIGNESautoBUDII01.jpg 960w, https:\/\/lignesauto.fr\/wp-content\/uploads\/2018\/08\/LIGNESautoBUDII01-300x200.jpg 300w, https:\/\/lignesauto.fr\/wp-content\/uploads\/2018\/08\/LIGNESautoBUDII01-768x512.jpg 768w, https:\/\/lignesauto.fr\/wp-content\/uploads\/2018\/08\/LIGNESautoBUDII01-370x247.jpg 370w\" sizes=\"(max-width: 960px) 100vw, 960px\" \/><\/p>\n<p>&nbsp;<\/p>\n<p><img loading=\"lazy\" decoding=\"async\" class=\"alignnone size-medium wp-image-4925\" src=\"http:\/\/lignesauto.fr\/wp-content\/uploads\/2018\/10\/LOGOArchives_BD-300x108.jpg\" alt=\"\" width=\"300\" height=\"108\" srcset=\"https:\/\/lignesauto.fr\/wp-content\/uploads\/2018\/10\/LOGOArchives_BD-300x108.jpg 300w, https:\/\/lignesauto.fr\/wp-content\/uploads\/2018\/10\/LOGOArchives_BD-768x276.jpg 768w, https:\/\/lignesauto.fr\/wp-content\/uploads\/2018\/10\/LOGOArchives_BD-1024x367.jpg 1024w, https:\/\/lignesauto.fr\/wp-content\/uploads\/2018\/10\/LOGOArchives_BD-370x133.jpg 370w, https:\/\/lignesauto.fr\/wp-content\/uploads\/2018\/10\/LOGOArchives_BD-1040x373.jpg 1040w, https:\/\/lignesauto.fr\/wp-content\/uploads\/2018\/10\/LOGOArchives_BD.jpg 1240w\" sizes=\"(max-width: 300px) 100vw, 300px\" \/><\/p>\n<p>&nbsp;<\/p>\n<p><strong>Rappel d&#8217;un post publi\u00e9 pr\u00e9c\u00e9demment sur ce site et concernant le volant central dans l&#8217;histoire automobile. Avec l&#8217;arriv\u00e9e prochaine de la McLaren BP 23, cela colle parfaitement avec le th\u00e8me du concept-car Audi PB18 e-tron&#8230;<\/strong><\/p>\n<p><img loading=\"lazy\" decoding=\"async\" class=\"alignnone size-full wp-image-1891\" src=\"https:\/\/lignesauto.files.wordpress.com\/2018\/03\/bp.jpg\" alt=\"bp\" width=\"1600\" height=\"1066\" \/><\/p>\n<p>McLaren a confirm\u00e9 au salon de Gen\u00e8ve que sa prochaine &#8220;Hyper-GT&#8221; \u00e0 l&#8217;\u00e9tude depuis novembre 2017 sera capable de d\u00e9passer les 386 km\/ h, \u00e9quivalent \u00e0 la vitesse de pointe de l&#8217;embl\u00e9matique McLaren F1 de 1993 (ci-dessous) et ce, gr\u00e2ce \u00e0 son V8 de 4.0 l de cylindr\u00e9e dop\u00e9 par deux turbos et une hybridation \u00e9lectrique.<\/p>\n<p><img loading=\"lazy\" decoding=\"async\" class=\"alignnone size-full wp-image-1915\" src=\"https:\/\/lignesauto.files.wordpress.com\/2018\/03\/mclaren_f1_1992_9320e-1200-800.jpg\" alt=\"McLaren_F1_1992_9320e-1200-800\" width=\"1200\" height=\"800\" \/><\/p>\n<p>&#8220;L&#8217;Hyper-GT&#8221; sera donc le prochain nouveau mod\u00e8le \u00e0 int\u00e9grer la gamme &#8220;Ultimate&#8221; et prendra ainsi la suite de la tr\u00e8s r\u00e9cente &#8220;McLaren Senna&#8221;. Le nouveau venu adoptera l&#8217;architecture trois places de front avec le pilote au centre, comme sur la l\u00e9gendaire McLaren F1. Aux dires du directeur g\u00e9n\u00e9ral de McLaren Automotive\u00a0Mike Flewitt, lors de la conf\u00e9rence de presse du Salon de l&#8217;automobile de Gen\u00e8ve, &#8220;l&#8217;Hyper-GT&#8221; hybride\u00a0devrait \u00eatre d\u00e9voil\u00e9e aux clients privil\u00e9gi\u00e9s avant la fin de l&#8217;ann\u00e9e.<\/p>\n<p><img loading=\"lazy\" decoding=\"async\" class=\"alignnone size-full wp-image-1894\" src=\"https:\/\/lignesauto.files.wordpress.com\/2018\/03\/mclaren_bp23_march_2018_three-seat_cockpit_overview.jpg\" alt=\"mclaren_bp23_march_2018_three-seat_cockpit_overview\" width=\"1600\" height=\"1066\" \/><\/p>\n<p>Seulement 106 exemplaires seront produits et ont \u00e0 priori tous trouv\u00e9 preneurs \u00e0 1,6 million de livres auxquels il faudra ajouter les taxes&#8230; La BP23, son nom de code, a d\u00e9j\u00e0 subi tous les tests d&#8217;homologation et elle a m\u00eame tourn\u00e9 sous les traits d&#8217;un mulet de 720 pour tester l&#8217;architecture int\u00e9rieure avec ses trois, places et pilote au centre.<\/p>\n<p><img loading=\"lazy\" decoding=\"async\" class=\"alignnone size-full wp-image-1893\" src=\"https:\/\/lignesauto.files.wordpress.com\/2018\/03\/mclaren_bp23_mule-03.jpg\" alt=\"mclaren_bp23_mule-03\" width=\"1600\" height=\"1060\" \/><\/p>\n<p>La production de la BP23 devrait d\u00e9buter \u00e0 la fin de l&#8217;ann\u00e9e prochaine. Chaque exemplaire sera personnalis\u00e9 aux go\u00fbts de chaque propri\u00e9taire par le d\u00e9partement <em>McLaren Special Operations<\/em> (MSO).<\/p>\n<p><img loading=\"lazy\" decoding=\"async\" class=\"alignnone size-full wp-image-1892\" src=\"https:\/\/lignesauto.files.wordpress.com\/2018\/03\/9036-mclarenbp23_march2018_driverview.jpg\" alt=\"9036-McLaren+BP23_March+2018_driver+view\" width=\"3500\" height=\"1921\" \/><\/p>\n<p><strong><em>L&#8217;occasion est belle de revenir sur quelques prototypes qui ont adopt\u00e9 les trois places de front avec le pilote au centre. Une liste non exhaustive&#8230;<\/em><\/strong><\/p>\n<p><strong>Pininfarina Ferrari 365 P Berlinetta Speciale 1966<\/strong><\/p>\n<p><img loading=\"lazy\" decoding=\"async\" class=\"alignnone size-full wp-image-1916\" src=\"https:\/\/lignesauto.files.wordpress.com\/2018\/03\/1966-365p.jpg\" alt=\"1966 365P\" width=\"600\" height=\"400\" \/><\/p>\n<p>Commen\u00e7ons par le concept-car Pininfarina Ferrari 365 P Berlinetta Speciale (ci-dessus et ci-dessous) d\u00e9voil\u00e9 en 1966 avec son V12 de 4.4 litres d\u00e9veloppant 380 ch. Cette Ferrari sign\u00e9e au tout d\u00e9but de l&#8217;\u00e8re Sergio Pininfarina reprenait quelques traits de la Dino d\u00e9voil\u00e9e l&#8217;ann\u00e9e pr\u00e9c\u00e9dente.<\/p>\n<p><img loading=\"lazy\" decoding=\"async\" class=\"alignnone size-full wp-image-1917\" src=\"https:\/\/lignesauto.files.wordpress.com\/2018\/03\/1966-365p02.jpg\" alt=\"Ferrari 365P Berlinetta Speciale\" width=\"630\" height=\"420\" \/><\/p>\n<p><strong><br \/>\nItaldesign Bizzarrini Manta 1968<\/strong><img loading=\"lazy\" decoding=\"async\" class=\"alignnone size-full wp-image-1902\" src=\"https:\/\/lignesauto.files.wordpress.com\/2018\/03\/1968bizzarrinimanta.jpg\" alt=\"1968BizzarriniManta\" width=\"1500\" height=\"613\" \/><\/p>\n<p>Deux ans plus tard, en 1968, Giorgetto Giugiaro pr\u00e9sente son premier concept-car sous le propre nom de sa nouvelle soci\u00e9t\u00e9 Italdesign. Ce coup\u00e9 trois places frontales avec pilote au centre reposait sur un ch\u00e2ssis de Bizzarrini.\u00a0La Manta Bizzarrini (ci-dessus et ci-dessous) arrive en m\u00eame temps que l&#8217;exceptionnelle Carabo de Gandini sur le stand voisin, chez Bertone. La Manta est dot\u00e9e d\u2019une motorisation Chevrolet V8 pouss\u00e9e \u00e0 400 ch et capable de prestations tr\u00e8s valorisantes pour l\u2019\u00e9poque avec 330 km\/h en vitesse de pointe.<\/p>\n<p><img loading=\"lazy\" decoding=\"async\" class=\"alignnone size-full wp-image-1896\" src=\"https:\/\/lignesauto.files.wordpress.com\/2018\/03\/bizzarrini-manta_10.jpg\" alt=\"Bizzarrini-Manta_10\" width=\"1024\" height=\"683\" \/><\/p>\n<p><strong><br \/>\nCoup\u00e9 Citro\u00ebn (dessin de Michel Harmand)<\/strong><img loading=\"lazy\" decoding=\"async\" class=\"alignnone size-full wp-image-1897\" src=\"https:\/\/lignesauto.files.wordpress.com\/2018\/03\/dessin_de_style_gs_coupe_1.jpg\" alt=\"dessin_de_style_gs_coupe_1\" width=\"1600\" height=\"1050\" \/><\/p>\n<p>La position centrale de conduite est une architecture qui a longtemps \u00e9t\u00e9 travaill\u00e9e chez Citro\u00ebn, des ann\u00e9es 1950 aux ann\u00e9es 1970. Ci-dessus, un dessin de Michel Harmand pour un coup\u00e9 compact positionne d\u00e9j\u00e0 le conducteur au centre flanqu\u00e9 de deux passagers de part et d&#8217;autre&#8230; Ci-dessous, toujours sign\u00e9 Michel Harmand, le dessin d&#8217;un projet de voiture sub-urbaine avec une architecture quatre places en &#8220;losange&#8221; et conducteur au centre.<\/p>\n<p><img loading=\"lazy\" decoding=\"async\" class=\"alignnone size-full wp-image-1901\" src=\"https:\/\/lignesauto.files.wordpress.com\/2018\/03\/capture-d_c3a9cran-2017-12-21-c3a0-09-26-11.png\" alt=\"Capture d_\u00e9cran 2017-12-21 \u00e0 09.26.11\" width=\"2228\" height=\"1488\" \/><\/p>\n<p><strong>Italdesign Quaranta 2008<\/strong><\/p>\n<p><img loading=\"lazy\" decoding=\"async\" class=\"alignnone size-full wp-image-1904\" src=\"https:\/\/lignesauto.files.wordpress.com\/2018\/03\/quaranta.jpg\" alt=\"quaranta\" width=\"800\" height=\"450\" \/><\/p>\n<p>Pour c\u00e9l\u00e9brer les quarante ans de sa soci\u00e9t\u00e9 Italdesign, Giorgetto Giugiaro r\u00e9interpr\u00e8te son tout premiers concept-car Manta et reprend ainsi l&#8217;architecture des trois places de front avec le pilote au centre. Le concept prend le nom de Quaranta.<\/p>\n<p><img loading=\"lazy\" decoding=\"async\" class=\"alignnone size-full wp-image-1895\" src=\"https:\/\/lignesauto.files.wordpress.com\/2018\/03\/2008-italdesign-giugiaro-quaranta-concept-interior-top-1600x1200.jpg\" alt=\"Image converted using ifftoany\" width=\"1600\" height=\"1200\" \/><\/p>\n<p><strong><br \/>\nRenault Kwid concept 2014<\/strong><img loading=\"lazy\" decoding=\"async\" class=\"alignnone size-full wp-image-1903\" src=\"https:\/\/lignesauto.files.wordpress.com\/2018\/03\/renault-kwid-concept.jpg\" alt=\"renault-kwid-concept.\" width=\"1500\" height=\"843\" \/><\/p>\n<p>Pr\u00e9sent\u00e9 en 2014 \u00e0 l&#8217;occasion du salon de l&#8217;automobile de\u00a0New Dehli, le concept-car Renault Kwid annonce la petite berline Kwid qui arrivera plus tard sur le march\u00e9 de la voiture &#8220;low cost&#8221; en Inde. Le concept s&#8217;approprie l&#8217;architecture des trois places de front avec celle du conducteur au centre. Un petit drone est embarqu\u00e9 \u00e0 bord du concept-car et permet ainsi de rep\u00e9rer le terrain avant de s&#8217;aventurer sur les pistes d\u00e9fonc\u00e9es que le Kwid se sent capable d&#8217;affronter !<\/p>\n<p><img loading=\"lazy\" decoding=\"async\" class=\"alignnone size-full wp-image-1899\" src=\"https:\/\/lignesauto.files.wordpress.com\/2018\/03\/renault_54516_global_fr.jpg\" alt=\"Renault_54516_global_fr\" width=\"4400\" height=\"3300\" \/><\/p>\n<p class=\"entry-title\"><strong><br \/>\nRinspeed XchangE 2014<img loading=\"lazy\" decoding=\"async\" class=\"alignnone size-full wp-image-1900\" src=\"https:\/\/lignesauto.files.wordpress.com\/2018\/03\/rinspeed_xchange_009.jpg\" alt=\"rinspeed_xchange_009\" width=\"1200\" height=\"800\" \/><\/strong><\/p>\n<p>Rinspeed pr\u00e9sente au salon de Gen\u00e8ve 2014 une berline Tesla rendue totalement autonome et qui dispose \u00e0 bord d&#8217;une colonne de direction &#8220;<em>steer-by-wire&#8221;<\/em> qui permet ainsi au volant d&#8217;\u00eatre positionn\u00e9 au centre, \u00e0 gauche ou \u00e0 droite. De toute fa\u00e7on, cette voiture dispose du niveau 5 de la conduite autonome, c&#8217;est \u00e0 dire une conduite totalement automatique&#8230;<\/p>\n<p><img loading=\"lazy\" decoding=\"async\" class=\"alignnone size-full wp-image-1898\" src=\"https:\/\/lignesauto.files.wordpress.com\/2018\/03\/rinspeed_xchange_013.jpg\" alt=\"rinspeed_xchange_013\" width=\"1174\" height=\"800\" \/><\/p>\n","protected":false},"excerpt":{"rendered":"<p>Avec son concept-car PB18 e-tron pr\u00e9sent\u00e9 \u00e0 Pebble Beach (d&#8217;o\u00f9 l&#8217;appellation&#8230;) et pr\u00e9sent sur le stand de la marque au Mondial de l&#8217;automobile actuellement, Audi d\u00e9voile le concept d&#8217;un cockpit int\u00e9gr\u00e9 \u00e0 l&#8217;habitacle pouvant se mouvoir afin de proposer une conduite \u00e0 gauche ou une conduite centrale. La premi\u00e8re est [&hellip;]<\/p>\n","protected":false},"author":1,"featured_media":5110,"comment_status":"open","ping_status":"open","sticky":false,"template":"","format":"standard","meta":{"footnotes":""},"categories":[1],"tags":[],"_links":{"self":[{"href":"https:\/\/lignesauto.fr\/index.php?rest_route=\/wp\/v2\/posts\/3697"}],"collection":[{"href":"https:\/\/lignesauto.fr\/index.php?rest_route=\/wp\/v2\/posts"}],"about":[{"href":"https:\/\/lignesauto.fr\/index.php?rest_route=\/wp\/v2\/types\/post"}],"author":[{"embeddable":true,"href":"https:\/\/lignesauto.fr\/index.php?rest_route=\/wp\/v2\/users\/1"}],"replies":[{"embeddable":true,"href":"https:\/\/lignesauto.fr\/index.php?rest_route=%2Fwp%2Fv2%2Fcomments&post=3697"}],"version-history":[{"count":14,"href":"https:\/\/lignesauto.fr\/index.php?rest_route=\/wp\/v2\/posts\/3697\/revisions"}],"predecessor-version":[{"id":5273,"href":"https:\/\/lignesauto.fr\/index.php?rest_route=\/wp\/v2\/posts\/3697\/revisions\/5273"}],"wp:featuredmedia":[{"embeddable":true,"href":"https:\/\/lignesauto.fr\/index.php?rest_route=\/wp\/v2\/media\/5110"}],"wp:attachment":[{"href":"https:\/\/lignesauto.fr\/index.php?rest_route=%2Fwp%2Fv2%2Fmedia&parent=3697"}],"wp:term":[{"taxonomy":"category","embeddable":true,"href":"https:\/\/lignesauto.fr\/index.php?rest_route=%2Fwp%2Fv2%2Fcategories&post=3697"},{"taxonomy":"post_tag","embeddable":true,"href":"https:\/\/lignesauto.fr\/index.php?rest_route=%2Fwp%2Fv2%2Ftags&post=3697"}],"curies":[{"name":"wp","href":"https:\/\/api.w.org\/{rel}","templated":true}]}}