{"id":37103,"date":"2024-12-12T10:00:23","date_gmt":"2024-12-12T09:00:23","guid":{"rendered":"https:\/\/lignesauto.fr\/?p=37103"},"modified":"2024-12-12T10:00:24","modified_gmt":"2024-12-12T09:00:24","slug":"ce-que-le-concept-car-ds-asl-a-legue-a-la-nouvelle-ds-n8","status":"publish","type":"post","link":"https:\/\/lignesauto.fr\/?p=37103","title":{"rendered":"Ce que le concept-car DS ASL a l\u00e9gu\u00e9 \u00e0 la nouvelle DS N\u00b08"},"content":{"rendered":"<div class=\"wp-block-image\">\n<figure class=\"aligncenter size-full is-resized\"><img loading=\"lazy\" decoding=\"async\" width=\"1024\" height=\"288\" src=\"http:\/\/lignesauto.fr\/wp-content\/uploads\/2024\/11\/image-1.png\" alt=\"\" class=\"wp-image-36834\" style=\"width:466px;height:auto\" srcset=\"https:\/\/lignesauto.fr\/wp-content\/uploads\/2024\/11\/image-1.png 1024w, https:\/\/lignesauto.fr\/wp-content\/uploads\/2024\/11\/image-1-300x84.png 300w, https:\/\/lignesauto.fr\/wp-content\/uploads\/2024\/11\/image-1-768x216.png 768w\" sizes=\"(max-width: 1024px) 100vw, 1024px\" \/><\/figure><\/div>\n\n\n<figure class=\"wp-block-image size-large\"><img loading=\"lazy\" decoding=\"async\" width=\"1024\" height=\"461\" src=\"https:\/\/lignesauto.fr\/wp-content\/uploads\/2024\/12\/DS_ASL_01-1024x461.jpg\" alt=\"\" class=\"wp-image-37105\" srcset=\"https:\/\/lignesauto.fr\/wp-content\/uploads\/2024\/12\/DS_ASL_01-1024x461.jpg 1024w, https:\/\/lignesauto.fr\/wp-content\/uploads\/2024\/12\/DS_ASL_01-300x135.jpg 300w, https:\/\/lignesauto.fr\/wp-content\/uploads\/2024\/12\/DS_ASL_01-768x346.jpg 768w, https:\/\/lignesauto.fr\/wp-content\/uploads\/2024\/12\/DS_ASL_01.jpg 1417w\" sizes=\"(max-width: 1024px) 100vw, 1024px\" \/><figcaption class=\"wp-element-caption\">Photo : \u00a9 LIGNES\/auto<\/figcaption><\/figure>\n\n\n\n<p style=\"font-size:17px\">Il s&#8217;est \u00e9coul\u00e9 quatre ann\u00e9es entre la pr\u00e9sentation du concept-car ASL (Aero Sport Lounge) et celle de la DS N\u00b08. Et pourtant, la seconde a b\u00e9n\u00e9fici\u00e9 du premier d\u00e8s le d\u00e9but de sa gen\u00e8se, gr\u00e2ce au manifeste qui en a d\u00e9coul\u00e9 (voir notre <em>post <\/em>d\u00e9di\u00e9 \u00e0 la DS N\u00b08). Vous \u00eates parfois nombreux \u00e0 trouver que les concept-cars ne se retrouvent pas souvent dans la rue. Aujourd&#8217;hui, on peut f\u00e9liciter l&#8217;\u00e9quipe de design de DS Automobiles d&#8217;avoir tenu ce pari (<strong>ci-dessus<\/strong>), m\u00eame si \u00e9videmment, les contraintes r\u00e9glementaires, de co\u00fbts et d&#8217;industrialisation &#8211; sans compter &#8220;votre&#8221; avis lors des tests client\u00e8le &#8211; ont fait \u00e9voluer le concept vers un v\u00e9hicule plus acceptable par tous !<\/p>\n\n\n\n<figure class=\"wp-block-image size-large is-resized\"><img loading=\"lazy\" decoding=\"async\" width=\"1024\" height=\"692\" src=\"https:\/\/lignesauto.fr\/wp-content\/uploads\/2024\/12\/DS_ASL_02-1024x692.png\" alt=\"\" class=\"wp-image-37106\" style=\"width:841px;height:auto\" srcset=\"https:\/\/lignesauto.fr\/wp-content\/uploads\/2024\/12\/DS_ASL_02-1024x692.png 1024w, https:\/\/lignesauto.fr\/wp-content\/uploads\/2024\/12\/DS_ASL_02-300x203.png 300w, https:\/\/lignesauto.fr\/wp-content\/uploads\/2024\/12\/DS_ASL_02-768x519.png 768w, https:\/\/lignesauto.fr\/wp-content\/uploads\/2024\/12\/DS_ASL_02.png 1417w\" sizes=\"(max-width: 1024px) 100vw, 1024px\" \/><figcaption class=\"wp-element-caption\">Photo : \u00a9 LIGNES\/auto<\/figcaption><\/figure>\n\n\n\n<p style=\"font-size:17px\">Toutefois, nous n&#8217;irons pas jusqu&#8217;\u00e0 \u00e9crire comme DS Automobiles le dit \u00e0 propos de la DS N\u00b08, &#8220;<em>qu&#8217;elle s\u2019inscrit pleinement dans l\u2019avant-gardisme de la DS originelle pr\u00e9sent\u00e9e en 1955, de la SM lanc\u00e9e en 1970, et de l\u2019esprit pionnier qui anime la marque depuis sa cr\u00e9ation en 2014.<\/em>&#8221; Cela ravive le d\u00e9bat sur la l\u00e9gitimit\u00e9 de DS Automobiles qui, lors de son d\u00e9m\u00e9nagement de la maison de ses parents Citro\u00ebn, a embarqu\u00e9 dans ses valises les bijoux de famille que sont les DS et SM originelles&#8230;<\/p>\n\n\n\n<figure class=\"wp-block-image size-large\"><img loading=\"lazy\" decoding=\"async\" width=\"1024\" height=\"822\" src=\"https:\/\/lignesauto.fr\/wp-content\/uploads\/2024\/12\/DS_799-1024x822.png\" alt=\"\" class=\"wp-image-37395\" srcset=\"https:\/\/lignesauto.fr\/wp-content\/uploads\/2024\/12\/DS_799-1024x822.png 1024w, https:\/\/lignesauto.fr\/wp-content\/uploads\/2024\/12\/DS_799-300x241.png 300w, https:\/\/lignesauto.fr\/wp-content\/uploads\/2024\/12\/DS_799-768x616.png 768w, https:\/\/lignesauto.fr\/wp-content\/uploads\/2024\/12\/DS_799.png 1417w\" sizes=\"(max-width: 1024px) 100vw, 1024px\" \/><\/figure>\n\n\n\n<p style=\"font-size:17px\">La DS N\u00b08, malgr\u00e9 ses nombreuses qualit\u00e9s ind\u00e9niables, n&#8217;offre pas de contraste r\u00e9volutionnaire face \u00e0 ses rivales, contrairement \u00e0 la DS de 1955 face \u00e0 une Peugeot 403 taill\u00e9e comme un parpaing* (ci-dessus) et pourtant d\u00e9voil\u00e9e la m\u00eame ann\u00e9e que la Citro\u00ebn. La faute ne vient pas de la DS N\u00b08, mais des l\u00e9gislations et autres contraintes qui, comme nous le disait le designer Beno\u00eet Jacob &#8220;<em>r\u00e9duit le couloir des possibles.<\/em>&#8221; (\u00e0 lire ici : <a href=\"https:\/\/lignesauto.fr\/?p=36291\">https:\/\/lignesauto.fr\/?p=36291<\/a>) Fermons le d\u00e9bat&#8230;<br><em>*J\u2019aime la 403, premi\u00e8re Peugeot dessin\u00e9e par Pininfarina. C&#8217;est sinc\u00e8rement vrai&#8230; n&#8217;\u00e9crivez pas !<\/em><\/p>\n\n\n\n<figure class=\"wp-block-image size-large\"><img loading=\"lazy\" decoding=\"async\" width=\"1024\" height=\"405\" src=\"https:\/\/lignesauto.fr\/wp-content\/uploads\/2024\/12\/DS_ASL_09-1024x405.png\" alt=\"\" class=\"wp-image-37109\" srcset=\"https:\/\/lignesauto.fr\/wp-content\/uploads\/2024\/12\/DS_ASL_09-1024x405.png 1024w, https:\/\/lignesauto.fr\/wp-content\/uploads\/2024\/12\/DS_ASL_09-300x119.png 300w, https:\/\/lignesauto.fr\/wp-content\/uploads\/2024\/12\/DS_ASL_09-768x304.png 768w, https:\/\/lignesauto.fr\/wp-content\/uploads\/2024\/12\/DS_ASL_09.png 1417w\" sizes=\"(max-width: 1024px) 100vw, 1024px\" \/><\/figure>\n\n\n\n<p style=\"font-size:17px\">Revenons \u00e0 nos moutons&#8230; Dessin\u00e9 comme la DS4 par le designer ext\u00e9rieur Thomas Duhamel, le concept-car ASL (dessin ci-dessus) adopte en 2020 le th\u00e8me d&#8217;une berline dynamique, pour tenter de mettre un frein au d\u00e9ferlement des SUV. Un th\u00e8me qui servira de base au concept stylistique de la DS N\u00b08. On y trouve ainsi les grandes roues, une posture de SUV en partie basse et une silhouette effil\u00e9e avec un long museau dot\u00e9 en avant de deux &#8220;ailerons&#8221; d\u00e9solidaris\u00e9 du capot.<\/p>\n\n\n\n<figure class=\"wp-block-image size-large\"><img loading=\"lazy\" decoding=\"async\" width=\"1024\" height=\"455\" src=\"https:\/\/lignesauto.fr\/wp-content\/uploads\/2024\/12\/DS_ASL_06-1024x455.png\" alt=\"\" class=\"wp-image-37107\" srcset=\"https:\/\/lignesauto.fr\/wp-content\/uploads\/2024\/12\/DS_ASL_06-1024x455.png 1024w, https:\/\/lignesauto.fr\/wp-content\/uploads\/2024\/12\/DS_ASL_06-300x133.png 300w, https:\/\/lignesauto.fr\/wp-content\/uploads\/2024\/12\/DS_ASL_06-768x341.png 768w, https:\/\/lignesauto.fr\/wp-content\/uploads\/2024\/12\/DS_ASL_06.png 1417w\" sizes=\"(max-width: 1024px) 100vw, 1024px\" \/><figcaption class=\"wp-element-caption\">Photo : \u00a9 LIGNES\/auto<\/figcaption><\/figure>\n\n\n\n<p style=\"font-size:17px\">Ci-dessus, Thierry M\u00e9troz nous explique que l&#8217;inspiration ASL pour le d\u00e9veloppement de la DS N\u00b08 se retrouve \u00e9galement dans la signature lumineuse, autant \u00e0 l&#8217;avant que sur la poupe. &#8220;<em>De part et d&#8217;autre du Luminascreen, on retrouve les LED verticaux affin\u00e9s et sur la DS N\u00b08, on a introduit dans les projecteurs huit petits \u00e9l\u00e9ments comme autant de diamants qui renforcent l\u2019identit\u00e9. Comme sur l&#8217;ASL, le logo est lumineux.<\/em>&#8221; Peut-on diffuser des messages sur cet \u00e9cran <em>Luminascreen<\/em> ? &#8220;<em>Pas encore, car c\u2019est r\u00e9glement\u00e9. Mais il est allum\u00e9 en permanence.<\/em>&#8220;<\/p>\n\n\n\n<figure class=\"wp-block-image size-large\"><img loading=\"lazy\" decoding=\"async\" width=\"1024\" height=\"610\" src=\"https:\/\/lignesauto.fr\/wp-content\/uploads\/2024\/12\/DS_444-1024x610.png\" alt=\"\" class=\"wp-image-37423\" srcset=\"https:\/\/lignesauto.fr\/wp-content\/uploads\/2024\/12\/DS_444-1024x610.png 1024w, https:\/\/lignesauto.fr\/wp-content\/uploads\/2024\/12\/DS_444-300x179.png 300w, https:\/\/lignesauto.fr\/wp-content\/uploads\/2024\/12\/DS_444-768x457.png 768w, https:\/\/lignesauto.fr\/wp-content\/uploads\/2024\/12\/DS_444.png 1417w\" sizes=\"(max-width: 1024px) 100vw, 1024px\" \/><\/figure>\n\n\n\n<p style=\"font-size:17px\">Le temps long de d\u00e9veloppement de la D85 devenue DS N\u00b08 entre 2019 et 2024, a permis au designers de laisser fuiter quelques indices sur la nouvelle identit\u00e9 lumineuse et la calandre <em>Luminascreen<\/em>&nbsp;: on les voit ci-dessus dans une version \u00e9volu\u00e9e sur le concept E-Tense Performance de 2022.<\/p>\n\n\n\n<figure class=\"wp-block-image size-large\"><img loading=\"lazy\" decoding=\"async\" width=\"1024\" height=\"539\" src=\"https:\/\/lignesauto.fr\/wp-content\/uploads\/2024\/12\/DS_08_BIS-1024x539.png\" alt=\"\" class=\"wp-image-37133\" srcset=\"https:\/\/lignesauto.fr\/wp-content\/uploads\/2024\/12\/DS_08_BIS-1024x539.png 1024w, https:\/\/lignesauto.fr\/wp-content\/uploads\/2024\/12\/DS_08_BIS-300x158.png 300w, https:\/\/lignesauto.fr\/wp-content\/uploads\/2024\/12\/DS_08_BIS-768x404.png 768w, https:\/\/lignesauto.fr\/wp-content\/uploads\/2024\/12\/DS_08_BIS.png 1417w\" sizes=\"(max-width: 1024px) 100vw, 1024px\" \/><\/figure>\n\n\n\n<p style=\"font-size:17px\">\u00c0 l&#8217;arri\u00e8re (ci-dessus) outre le concept <em>fastback<\/em> du concept ASL, la DS N\u00b08 reprend les <em>light blade<\/em> lat\u00e9raux verticaux. C&#8217;est la premi\u00e8re fois sur une DS de s\u00e9rie. Pour Thierry M\u00e9troz, &#8220;<em>l&#8217;avantage est \u00e9vident car on reconnait instantan\u00e9ment une DS de loin ! Nous avons \u00e9galement conserv\u00e9 les feux &#8220;\u00e9cailles&#8221; que nous avons r\u00e9invent\u00e9s avec des \u00e9cailles tridimensionnelles.<\/em>&#8220;<\/p>\n\n\n\n<figure class=\"wp-block-image size-large\"><img loading=\"lazy\" decoding=\"async\" width=\"1024\" height=\"493\" src=\"https:\/\/lignesauto.fr\/wp-content\/uploads\/2024\/12\/DS_ASL_07-1024x493.png\" alt=\"\" class=\"wp-image-37108\" srcset=\"https:\/\/lignesauto.fr\/wp-content\/uploads\/2024\/12\/DS_ASL_07-1024x493.png 1024w, https:\/\/lignesauto.fr\/wp-content\/uploads\/2024\/12\/DS_ASL_07-300x144.png 300w, https:\/\/lignesauto.fr\/wp-content\/uploads\/2024\/12\/DS_ASL_07-768x370.png 768w, https:\/\/lignesauto.fr\/wp-content\/uploads\/2024\/12\/DS_ASL_07.png 1417w\" sizes=\"(max-width: 1024px) 100vw, 1024px\" \/><\/figure>\n\n\n\n<p style=\"font-size:17px\">Le concept-car de 2020 ne s&#8217;est pas content\u00e9 d&#8217;inspirer les designers pour le th\u00e8me du style ext\u00e9rieur, il a \u00e9galement pos\u00e9 toutes les bases du design int\u00e9rieur, et m\u00eame celles d&#8217;un choix de mat\u00e9riaux et de &#8220;couleurs et mati\u00e8res&#8221; fortement d\u00e9fich\u00e9 par le concept ASL.<\/p>\n\n\n\n<figure class=\"wp-block-image size-large\"><img loading=\"lazy\" decoding=\"async\" width=\"1024\" height=\"387\" src=\"http:\/\/lignesauto.fr\/wp-content\/uploads\/2024\/12\/NEW-1024x387.jpg\" alt=\"\" class=\"wp-image-37364\" srcset=\"https:\/\/lignesauto.fr\/wp-content\/uploads\/2024\/12\/NEW-1024x387.jpg 1024w, https:\/\/lignesauto.fr\/wp-content\/uploads\/2024\/12\/NEW-300x113.jpg 300w, https:\/\/lignesauto.fr\/wp-content\/uploads\/2024\/12\/NEW-768x291.jpg 768w, https:\/\/lignesauto.fr\/wp-content\/uploads\/2024\/12\/NEW.jpg 1417w\" sizes=\"(max-width: 1024px) 100vw, 1024px\" \/><\/figure>\n\n\n\n<p style=\"font-size:17px\">On reconnait imm\u00e9diatement la similitude d&#8217;id\u00e9e pour les si\u00e8ges notamment, avec leur appuie-t\u00eate int\u00e9gr\u00e9s (un chauffe-nuque y est implant\u00e9 sur la DS N\u00b08) et le drap\u00e9 de la sellerie. Un travail men\u00e9 par l&#8217;excellente \u00e9quipe de Vincent Lobry. Ce dernier a travaill\u00e9 trois ans chez Louis Vuitton avant son arriv\u00e9e chez Citro\u00ebn &#8211; il y a presque 20 ans ! &#8211; puis chez DS Automobiles. Il est au c\u00f4t\u00e9 de Thierry M\u00e9troz ci-dessous, aid\u00e9 du fid\u00e8le Jean-Philippe Vanhulle, responsable sellerie (\u00e0 droite).<\/p>\n\n\n\n<figure class=\"wp-block-image size-large\"><img loading=\"lazy\" decoding=\"async\" width=\"1024\" height=\"783\" src=\"http:\/\/lignesauto.fr\/wp-content\/uploads\/2024\/12\/DSN8_101-1024x783.png\" alt=\"\" class=\"wp-image-37121\" srcset=\"https:\/\/lignesauto.fr\/wp-content\/uploads\/2024\/12\/DSN8_101-1024x783.png 1024w, https:\/\/lignesauto.fr\/wp-content\/uploads\/2024\/12\/DSN8_101-300x229.png 300w, https:\/\/lignesauto.fr\/wp-content\/uploads\/2024\/12\/DSN8_101-768x588.png 768w, https:\/\/lignesauto.fr\/wp-content\/uploads\/2024\/12\/DSN8_101.png 1417w\" sizes=\"(max-width: 1024px) 100vw, 1024px\" \/><\/figure>\n\n\n\n<p style=\"font-size:17px\">\u00c0 l\u2019int\u00e9rieur, le concept ASL fait la part belle, non pas aux \u00e9crans, mais \u00e0 la projection d\u2019informations sur le mat\u00e9riau de planche de bord. DS continue-t-elle de travailler sur ce concept pour 2030 ? Thierry M\u00e9troz nous r\u00e9pond que &#8220;<em>la volont\u00e9 de la marque est de faire dispara\u00eetre les \u00e9crans. Aujourd\u2019hui nous disposons de la technologie pour aboutir \u00e0 cet objectif comme nous l&#8217;avons test\u00e9 sur nos manifestes. Le travail se fait en collaboration avec nos fournisseurs et l\u2019ing\u00e9nierie chez nous.&#8221;<\/em><\/p>\n\n\n\n<figure class=\"wp-block-image size-large\"><img loading=\"lazy\" decoding=\"async\" width=\"1024\" height=\"728\" src=\"https:\/\/lignesauto.fr\/wp-content\/uploads\/2024\/12\/DS_555-1024x728.png\" alt=\"\" class=\"wp-image-37195\" srcset=\"https:\/\/lignesauto.fr\/wp-content\/uploads\/2024\/12\/DS_555-1024x728.png 1024w, https:\/\/lignesauto.fr\/wp-content\/uploads\/2024\/12\/DS_555-300x213.png 300w, https:\/\/lignesauto.fr\/wp-content\/uploads\/2024\/12\/DS_555-768x546.png 768w, https:\/\/lignesauto.fr\/wp-content\/uploads\/2024\/12\/DS_555.png 1417w\" sizes=\"(max-width: 1024px) 100vw, 1024px\" \/><\/figure>\n\n\n\n<p style=\"font-size:17px\"><em>&#8220;Le point dur \u00e0 passer est : comment pilote-t-on les diff\u00e9rentes fonctions sans interaction tactile ? Il faut tout d&#8217;abord une reconnaissance vocale au top niveau, et ensuite trouver ce nouveau syst\u00e8me d\u2019interaction. On travaille sur le &#8216;tracking&#8217; de l\u2019\u0153il qui marche bien (<\/em>suivi de l\u2019\u0153il par une cam\u00e9ra qui, avec l&#8217;IA, anticipe le geste du conducteur ou du passager<em>). C&#8217;est quelque chose qui marche et est assez performant.<\/em>&#8221; On se satisfera donc sur la DS N\u00b08 d&#8217;un \u00e9cran central g\u00e9ant (9 x 40 cm) pour <em>l&#8217;infotainment <\/em>et d&#8217;un combin\u00e9 associ\u00e9 \u00e0 une HUD pour le conducteur, ci-dessous.<\/p>\n\n\n\n<figure class=\"wp-block-image size-large\"><img loading=\"lazy\" decoding=\"async\" width=\"1024\" height=\"668\" src=\"https:\/\/lignesauto.fr\/wp-content\/uploads\/2024\/12\/DS_22-1024x668.jpg\" alt=\"\" class=\"wp-image-37181\" srcset=\"https:\/\/lignesauto.fr\/wp-content\/uploads\/2024\/12\/DS_22-1024x668.jpg 1024w, https:\/\/lignesauto.fr\/wp-content\/uploads\/2024\/12\/DS_22-300x196.jpg 300w, https:\/\/lignesauto.fr\/wp-content\/uploads\/2024\/12\/DS_22-768x501.jpg 768w, https:\/\/lignesauto.fr\/wp-content\/uploads\/2024\/12\/DS_22.jpg 1417w\" sizes=\"(max-width: 1024px) 100vw, 1024px\" \/><\/figure>\n\n\n\n<p style=\"font-size:17px\">Terminons ce tour d&#8217;horizon des communaut\u00e9s entre le concept ASL et la DS N\u00b08 par un d\u00e9tail qui n&#8217;en est pas un : la pi\u00e8ce ma\u00eetresse du panneau de porte avant, en prolongement de la planche de bord (comme sur l&#8217;ASL). Cette pi\u00e8ce propose plusieurs fonctions, dont celle de poign\u00e9e. Et il est vrai que la premi\u00e8re sensation est qu&#8217;on n&#8217;ose pas y toucher tellement elle semble une petite \u0153uvre d&#8217;art \u00e0 elle seule. Thomas Bouveret, responsable du design int\u00e9rieur des Alfa-Romeo et DS Automobiles et Thierry M\u00e9troz (ci-dessous) reconnaissent que lors des premiers tests, une partie des clients a eu cette m\u00eame r\u00e9action. Mais pour l&#8217;avoir test\u00e9e, nous pouvons confirmer que cette solution esth\u00e9tique est tr\u00e8s solide !<\/p>\n\n\n\n<figure class=\"wp-block-image size-large\"><img loading=\"lazy\" decoding=\"async\" width=\"918\" height=\"1024\" src=\"http:\/\/lignesauto.fr\/wp-content\/uploads\/2024\/12\/DS_POIGNEE-918x1024.png\" alt=\"\" class=\"wp-image-37123\" srcset=\"https:\/\/lignesauto.fr\/wp-content\/uploads\/2024\/12\/DS_POIGNEE-918x1024.png 918w, https:\/\/lignesauto.fr\/wp-content\/uploads\/2024\/12\/DS_POIGNEE-269x300.png 269w, https:\/\/lignesauto.fr\/wp-content\/uploads\/2024\/12\/DS_POIGNEE-768x857.png 768w, https:\/\/lignesauto.fr\/wp-content\/uploads\/2024\/12\/DS_POIGNEE-1377x1536.png 1377w, https:\/\/lignesauto.fr\/wp-content\/uploads\/2024\/12\/DS_POIGNEE.png 1417w\" sizes=\"(max-width: 918px) 100vw, 918px\" \/><\/figure>\n\n\n\n<p style=\"font-size:17px\">Cette pi\u00e8ce ci-dessus int\u00e8gre \u00e9galement la partie audio et comme l&#8217;id\u00e9e \u00e9tait de ne pas ajouter d\u2019\u00e9l\u00e9ment suppl\u00e9mentaire, &#8220;<em>nous avons d\u00e9cid\u00e9 de perforer la feuille d\u2019aluminium avec des d\u00e9coupes laser. Il fallait obtenir 50% de perm\u00e9abilit\u00e9 pour le son, et nous avons effectu\u00e9 un \u00e9norme travail avec le fournisseur et avec Focal. En termes de rigidit\u00e9, cette plaque r\u00e9siste \u00e0 plus de 5 kg en pression et permet de r\u00e9pondre \u00e0 la performance acoustique attendue.<\/em>&#8221; Une troisi\u00e8me fonction est ajout\u00e9e : la signature lumineuse sur la tranche qui \u00e9voque les DRL ext\u00e9rieurs. &#8220;<em>Et cette lumi\u00e8re permet, porte ouverte, d&#8217;\u00eatre vue par les deux roues&#8230;<\/em>&#8220;<\/p>\n\n\n\n<p style=\"font-size:17px\"><strong><strong>Cadeau LIGNES\/auto : le texte de &#8220;l&#8217;essai du concept ASL&#8221; publi\u00e9 par l\u2019auto-journal en 2020 et r\u00e9dig\u00e9 par l&#8217;auteur, \u00e0 t\u00e9l\u00e9charger en cliquant sur le bouton d\u00e9di\u00e9.<\/strong><\/strong><\/p>\n\n\n\n<div data-wp-interactive=\"core\/file\" class=\"wp-block-file\"><object data-wp-bind--hidden=\"!state.hasPdfPreview\"  class=\"wp-block-file__embed\" data=\"https:\/\/lignesauto.fr\/wp-content\/uploads\/2024\/12\/DOSSIER-DS-_-AU-VOLANT-DE-LASL.pdf\" type=\"application\/pdf\" style=\"width:100%;height:600px\" aria-label=\"Embed of Au volant de l'ASL.\"><\/object><a id=\"wp-block-file--media-d7bc5db5-3638-445d-b25e-09db81d42ea5\" href=\"https:\/\/lignesauto.fr\/wp-content\/uploads\/2024\/12\/DOSSIER-DS-_-AU-VOLANT-DE-LASL.pdf\">Au volant de l&#8217;ASL<\/a><a href=\"https:\/\/lignesauto.fr\/wp-content\/uploads\/2024\/12\/DOSSIER-DS-_-AU-VOLANT-DE-LASL.pdf\" class=\"wp-block-file__button wp-element-button\" download aria-describedby=\"wp-block-file--media-d7bc5db5-3638-445d-b25e-09db81d42ea5\">T\u00e9l\u00e9charger<\/a><\/div>\n\n\n\n<p class=\"has-text-align-center\" style=\"font-size:18px\"><strong>BONUS : SM TRIBUTE en petite s\u00e9rie, o\u00f9 en est-on ?<\/strong><\/p>\n\n\n\n<figure class=\"wp-block-image size-large\"><img loading=\"lazy\" decoding=\"async\" width=\"1024\" height=\"576\" src=\"https:\/\/lignesauto.fr\/wp-content\/uploads\/2024\/12\/DS_450-1024x576.jpg\" alt=\"\" class=\"wp-image-37462\" srcset=\"https:\/\/lignesauto.fr\/wp-content\/uploads\/2024\/12\/DS_450-1024x576.jpg 1024w, https:\/\/lignesauto.fr\/wp-content\/uploads\/2024\/12\/DS_450-300x169.jpg 300w, https:\/\/lignesauto.fr\/wp-content\/uploads\/2024\/12\/DS_450-768x432.jpg 768w, https:\/\/lignesauto.fr\/wp-content\/uploads\/2024\/12\/DS_450.jpg 1417w\" sizes=\"(max-width: 1024px) 100vw, 1024px\" \/><\/figure>\n\n\n\n<p style=\"font-size:17px\">Lorsque nous avons rencontr\u00e9 Thierry M\u00e9troz au studio de design de DS Automobiles, nous avons \u00e9voqu\u00e9 avec lui le sujet publi\u00e9 par nos confr\u00e8res anglais concernant une \u00e9ventuelle production en petite s\u00e9rie de la SM Tribute. Ce concept inspir\u00e9 de la SM de 1970 a \u00e9t\u00e9 pr\u00e9sent\u00e9 en septembre \u00e0 Chantilly. Voici ce qu&#8217;il nous dit officiellement : &#8220;<em>on a pass\u00e9 une premi\u00e8re \u00e9tape en montrant la Tribute \u00e0 Chantilly, avec un accueil excellentissime, et l\u00e0 on est sur le dossier. On aborde plusieurs questions : combien ? petite ou moyenne s\u00e9rie ? Tout \u00e7a est excitant. Je suis optimiste de nature.<\/em>&#8220;<\/p>\n\n\n\n<figure class=\"wp-block-image size-large\"><img loading=\"lazy\" decoding=\"async\" width=\"1024\" height=\"664\" src=\"https:\/\/lignesauto.fr\/wp-content\/uploads\/2024\/12\/DS_55-1024x664.png\" alt=\"\" class=\"wp-image-37188\" srcset=\"https:\/\/lignesauto.fr\/wp-content\/uploads\/2024\/12\/DS_55-1024x664.png 1024w, https:\/\/lignesauto.fr\/wp-content\/uploads\/2024\/12\/DS_55-300x195.png 300w, https:\/\/lignesauto.fr\/wp-content\/uploads\/2024\/12\/DS_55-768x498.png 768w, https:\/\/lignesauto.fr\/wp-content\/uploads\/2024\/12\/DS_55.png 1417w\" sizes=\"(max-width: 1024px) 100vw, 1024px\" \/><\/figure>\n\n\n\n<p style=\"font-size:17px\">La production serait forc\u00e9ment sous-trait\u00e9e ? &#8220;<em>Tout d\u00e9pend de l\u2019option. Si on veut en produire industriellement, il faudrait se greffer dans l\u2019usine Maserati avec la base de la Gransturismo. Mais cela impliquerait de gros outillages. Si on d\u00e9cide d\u2019en produire une s\u00e9rie limit\u00e9e, il faudrait regarder chez les carrossiers fran\u00e7ais car on aimerait la faire en France, mais il n&#8217;y a plus de carrossier chez nous&#8230; Alors on regarde plusieurs options de carrossiers en Italie.<\/em>&#8221; Et pourquoi pas Touring Superleggera, une soci\u00e9t\u00e9 italienne. Qu&#8217;en pense le grand patron John Elkann, h\u00e9ritier de la dynastie Agnelli, qui vient de prendre temporairement les r\u00eanes de Stellantis apr\u00e8s le d\u00e9part de Carlos Tavares ?<\/p>\n\n\n<div class=\"wp-block-image\">\n<figure class=\"aligncenter size-full is-resized\"><img loading=\"lazy\" decoding=\"async\" width=\"1024\" height=\"288\" src=\"http:\/\/lignesauto.fr\/wp-content\/uploads\/2024\/11\/image-1.png\" alt=\"\" class=\"wp-image-36834\" style=\"width:465px;height:auto\" srcset=\"https:\/\/lignesauto.fr\/wp-content\/uploads\/2024\/11\/image-1.png 1024w, https:\/\/lignesauto.fr\/wp-content\/uploads\/2024\/11\/image-1-300x84.png 300w, https:\/\/lignesauto.fr\/wp-content\/uploads\/2024\/11\/image-1-768x216.png 768w\" sizes=\"(max-width: 1024px) 100vw, 1024px\" \/><\/figure><\/div>\n\n\n<p style=\"font-size:16px\"><em>LIGNES\/auto remercie Thierry M\u00e9troz, Thomas Bouveret, Vincent Lobry, Cyprien Laurentie , <em>Marie Guidolin<\/em> et toute l&#8217;\u00e9quipe de DS Automobiles pour leur disponibilit\u00e9.<\/em><\/p>\n\n\n\n<figure class=\"wp-block-image size-large\"><img loading=\"lazy\" decoding=\"async\" width=\"1024\" height=\"481\" src=\"https:\/\/lignesauto.fr\/wp-content\/uploads\/2024\/12\/DS_ASL_03-1024x481.png\" alt=\"\" class=\"wp-image-37111\" srcset=\"https:\/\/lignesauto.fr\/wp-content\/uploads\/2024\/12\/DS_ASL_03-1024x481.png 1024w, https:\/\/lignesauto.fr\/wp-content\/uploads\/2024\/12\/DS_ASL_03-300x141.png 300w, https:\/\/lignesauto.fr\/wp-content\/uploads\/2024\/12\/DS_ASL_03-768x360.png 768w, https:\/\/lignesauto.fr\/wp-content\/uploads\/2024\/12\/DS_ASL_03.png 1417w\" sizes=\"(max-width: 1024px) 100vw, 1024px\" \/><figcaption class=\"wp-element-caption\">Photo : \u00a9 LIGNES\/auto<\/figcaption><\/figure>\n","protected":false},"excerpt":{"rendered":"<p>Il s&#8217;est \u00e9coul\u00e9 quatre ann\u00e9es entre la pr\u00e9sentation du concept-car ASL (Aero Sport Lounge) et celle de la DS N\u00b08. Et pourtant, la seconde a b\u00e9n\u00e9fici\u00e9 du premier d\u00e8s le d\u00e9but de sa gen\u00e8se, gr\u00e2ce au manifeste qui en a d\u00e9coul\u00e9 (voir notre post d\u00e9di\u00e9 \u00e0 la DS N\u00b08). Vous [&hellip;]<\/p>\n","protected":false},"author":1,"featured_media":37105,"comment_status":"closed","ping_status":"closed","sticky":false,"template":"","format":"standard","meta":{"footnotes":""},"categories":[1],"tags":[],"_links":{"self":[{"href":"https:\/\/lignesauto.fr\/index.php?rest_route=\/wp\/v2\/posts\/37103"}],"collection":[{"href":"https:\/\/lignesauto.fr\/index.php?rest_route=\/wp\/v2\/posts"}],"about":[{"href":"https:\/\/lignesauto.fr\/index.php?rest_route=\/wp\/v2\/types\/post"}],"author":[{"embeddable":true,"href":"https:\/\/lignesauto.fr\/index.php?rest_route=\/wp\/v2\/users\/1"}],"replies":[{"embeddable":true,"href":"https:\/\/lignesauto.fr\/index.php?rest_route=%2Fwp%2Fv2%2Fcomments&post=37103"}],"version-history":[{"count":133,"href":"https:\/\/lignesauto.fr\/index.php?rest_route=\/wp\/v2\/posts\/37103\/revisions"}],"predecessor-version":[{"id":37573,"href":"https:\/\/lignesauto.fr\/index.php?rest_route=\/wp\/v2\/posts\/37103\/revisions\/37573"}],"wp:featuredmedia":[{"embeddable":true,"href":"https:\/\/lignesauto.fr\/index.php?rest_route=\/wp\/v2\/media\/37105"}],"wp:attachment":[{"href":"https:\/\/lignesauto.fr\/index.php?rest_route=%2Fwp%2Fv2%2Fmedia&parent=37103"}],"wp:term":[{"taxonomy":"category","embeddable":true,"href":"https:\/\/lignesauto.fr\/index.php?rest_route=%2Fwp%2Fv2%2Fcategories&post=37103"},{"taxonomy":"post_tag","embeddable":true,"href":"https:\/\/lignesauto.fr\/index.php?rest_route=%2Fwp%2Fv2%2Ftags&post=37103"}],"curies":[{"name":"wp","href":"https:\/\/api.w.org\/{rel}","templated":true}]}}