{"id":3725,"date":"2018-08-27T09:12:16","date_gmt":"2018-08-27T07:12:16","guid":{"rendered":"http:\/\/lignesauto.fr\/?p=3725"},"modified":"2018-12-22T18:02:04","modified_gmt":"2018-12-22T17:02:04","slug":"jaguar-dit-oui-au-vintage-electrique","status":"publish","type":"post","link":"https:\/\/lignesauto.fr\/?p=3725","title":{"rendered":"Jaguar dit oui au Vintage \u00e9lectrique !"},"content":{"rendered":"<p><img loading=\"lazy\" decoding=\"async\" class=\"alignnone size-medium wp-image-45\" src=\"http:\/\/lignesauto.fr\/wp-content\/uploads\/2018\/06\/LOGO-SEUL-300x76.png\" alt=\"\" width=\"300\" height=\"76\" srcset=\"https:\/\/lignesauto.fr\/wp-content\/uploads\/2018\/06\/LOGO-SEUL-300x76.png 300w, https:\/\/lignesauto.fr\/wp-content\/uploads\/2018\/06\/LOGO-SEUL-768x195.png 768w, https:\/\/lignesauto.fr\/wp-content\/uploads\/2018\/06\/LOGO-SEUL.png 1014w\" sizes=\"(max-width: 300px) 100vw, 300px\" \/><\/p>\n<p><img loading=\"lazy\" decoding=\"async\" class=\"alignnone wp-image-3726 size-large\" src=\"http:\/\/lignesauto.fr\/wp-content\/uploads\/2018\/08\/jclassicetypezeroproduction24081802-1024x683.jpg\" alt=\"\" width=\"1024\" height=\"683\" srcset=\"https:\/\/lignesauto.fr\/wp-content\/uploads\/2018\/08\/jclassicetypezeroproduction24081802-1024x683.jpg 1024w, https:\/\/lignesauto.fr\/wp-content\/uploads\/2018\/08\/jclassicetypezeroproduction24081802-300x200.jpg 300w, https:\/\/lignesauto.fr\/wp-content\/uploads\/2018\/08\/jclassicetypezeroproduction24081802-768x512.jpg 768w, https:\/\/lignesauto.fr\/wp-content\/uploads\/2018\/08\/jclassicetypezeroproduction24081802-370x247.jpg 370w, https:\/\/lignesauto.fr\/wp-content\/uploads\/2018\/08\/jclassicetypezeroproduction24081802-1040x693.jpg 1040w\" sizes=\"(max-width: 1024px) 100vw, 1024px\" \/><\/p>\n<p>Jaguar va proposer la transformation de mod\u00e8le Type E en Type E-Zero \u00e0 motorisation 100 % \u00e9lectrique. La version thermique reprendra ainsi les caract\u00e9ristiques techniques du concept Type E-Zero d\u00e9voil\u00e9 en 2017. Cette transformation est garantie r\u00e9versible, c&#8217;est \u00e0 dire que pourrez faire le chemin inverse, Jaguar conservant la possibilit\u00e9 de revenir \u00e0 la version d&#8217;origine, thermique ! La Type E-Zero affiche une autonomie d&#8217;un peu plus de 250 km gr\u00e2ce \u00e0 une batterie de 40 kWh, qui peut \u00eatre recharg\u00e9e en six \u00e0 sept heures, selon la source d&#8217;alimentation.\u00a0Outre son moteur \u00e9lectrique, son instrumentation adapt\u00e9e et son \u00e9cran tactile, la type E-Zero se dote de phares \u00e0 LED, sans nuire au design embl\u00e9matique de la s\u00e9rie 1.<br \/>\nSi vous poss\u00e9dez une Type E et que cette transformation vous int\u00e9resse, vous pouvez contacter Jaguar Classic directement par ce mail :\u00a0<a href=\"mailto:zero@jaguarlandrover.com\">zero@jaguarlandrover.com<\/a><\/p>\n<p>Le moteur \u00e9lectrique et le r\u00e9ducteur \u00e0 un seul rapport de la Type E-Zero utilisent de nombreux composants de la r\u00e9cente Jaguar I-PACE. La batterie lithium-ion a les m\u00eames dimensions et le m\u00eame poids que le moteur essence XK \u00e0 six cylindres de la type E standard et est implant\u00e9e sous le capot.\u00a0Le moteur \u00e9lectrique se trouve en fait juste derri\u00e8re la batterie, \u00e0 la place de la bo\u00eete de vitesses de la type E d&#8217;origine.<\/p>\n<p><img loading=\"lazy\" decoding=\"async\" class=\"alignnone wp-image-3728 size-large\" src=\"http:\/\/lignesauto.fr\/wp-content\/uploads\/2018\/08\/jclassicetypezeroproduction24081804-1024x683.jpg\" alt=\"\" width=\"1024\" height=\"683\" srcset=\"https:\/\/lignesauto.fr\/wp-content\/uploads\/2018\/08\/jclassicetypezeroproduction24081804-1024x683.jpg 1024w, https:\/\/lignesauto.fr\/wp-content\/uploads\/2018\/08\/jclassicetypezeroproduction24081804-300x200.jpg 300w, https:\/\/lignesauto.fr\/wp-content\/uploads\/2018\/08\/jclassicetypezeroproduction24081804-768x512.jpg 768w, https:\/\/lignesauto.fr\/wp-content\/uploads\/2018\/08\/jclassicetypezeroproduction24081804-370x247.jpg 370w, https:\/\/lignesauto.fr\/wp-content\/uploads\/2018\/08\/jclassicetypezeroproduction24081804-1040x693.jpg 1040w\" sizes=\"(max-width: 1024px) 100vw, 1024px\" \/><\/p>\n<p>L&#8217;utilisation d&#8217;un moteur \u00e9lectrique de poids et de dimensions similaires au moteur thermique signifie que la structure de la voiture, y compris la suspension et les freins, n&#8217;a pas chang\u00e9, simplifiant la conversion et autorisant une exp\u00e9rience de pilotage conforme au v\u00e9hicule d&#8217;origine. La Type E-Zero se conduit et roule comme l&#8217;originale avec une r\u00e9partition du poids avant-arri\u00e8re inchang\u00e9e.<\/p>\n<p><img loading=\"lazy\" decoding=\"async\" class=\"alignnone wp-image-3729 size-large\" src=\"http:\/\/lignesauto.fr\/wp-content\/uploads\/2018\/08\/jclassicetypezeroproduction24081806-683x1024.jpg\" alt=\"\" width=\"683\" height=\"1024\" srcset=\"https:\/\/lignesauto.fr\/wp-content\/uploads\/2018\/08\/jclassicetypezeroproduction24081806-683x1024.jpg 683w, https:\/\/lignesauto.fr\/wp-content\/uploads\/2018\/08\/jclassicetypezeroproduction24081806-200x300.jpg 200w, https:\/\/lignesauto.fr\/wp-content\/uploads\/2018\/08\/jclassicetypezeroproduction24081806-768x1152.jpg 768w, https:\/\/lignesauto.fr\/wp-content\/uploads\/2018\/08\/jclassicetypezeroproduction24081806-370x555.jpg 370w, https:\/\/lignesauto.fr\/wp-content\/uploads\/2018\/08\/jclassicetypezeroproduction24081806-1040x1560.jpg 1040w, https:\/\/lignesauto.fr\/wp-content\/uploads\/2018\/08\/jclassicetypezeroproduction24081806.jpg 1824w\" sizes=\"(max-width: 683px) 100vw, 683px\" \/><\/p>\n<p>Reste que le niveau sonore n&#8217;a \u00e9videmment rien \u00e0 voir avec la mythique Jaguar, ce qui am\u00e8ne un rejet de cette version par les nostalgiques parfois enferm\u00e9s dans l&#8217;histoire. La question reste donc pos\u00e9e : faut-il que les constructeurs fassent revivre leurs ic\u00f4nes avec la technologie \u00e9lectrique de la voiture de demain, connect\u00e9e, voire autonome ? Volkswagen par exemple commercialisera un <em>revival<\/em>\u00a0\u00e9lectrique de son Combi d\u00e8s 2021.<\/p>\n<p>En France, il est un directeur de design qui prend position et balaye les critiques. Gilles Vidal, patron du design Peugeot, a une vision futuriste de l&#8217;automobile finalement assez r\u00e9aliste. Il explique que, dans quelques petites d\u00e9cennies, <em>&#8220;il est probable qu&#8217;il sera interdit de conduire sur les voies publiques et il ne sera pas question de reprendre le volant car&#8230; il n&#8217;y aura plus de volant ! Nos arri\u00e8re arri\u00e8re petits-enfants diront de nous que nous \u00e9tions fous de conduire ainsi sur route ouverte et que nous vivions une \u00e9poque de tous les dangers\u00a0!&#8221;<\/em><\/p>\n<p><img loading=\"lazy\" decoding=\"async\" class=\"alignnone wp-image-3730 size-full\" src=\"http:\/\/lignesauto.fr\/wp-content\/uploads\/2018\/08\/jclassicetypezeroproduction24081801-resize-1024x682.jpg\" alt=\"\" width=\"1023\" height=\"682\" srcset=\"https:\/\/lignesauto.fr\/wp-content\/uploads\/2018\/08\/jclassicetypezeroproduction24081801-resize-1024x682.jpg 1023w, https:\/\/lignesauto.fr\/wp-content\/uploads\/2018\/08\/jclassicetypezeroproduction24081801-resize-1024x682-300x200.jpg 300w, https:\/\/lignesauto.fr\/wp-content\/uploads\/2018\/08\/jclassicetypezeroproduction24081801-resize-1024x682-768x512.jpg 768w, https:\/\/lignesauto.fr\/wp-content\/uploads\/2018\/08\/jclassicetypezeroproduction24081801-resize-1024x682-370x247.jpg 370w\" sizes=\"(max-width: 1023px) 100vw, 1023px\" \/><\/p>\n<p>Mais loin de dresser un tableau totalement noir de la conduite de demain, Gilles Vidal nous explique qu&#8217;au contraire, <em>&#8220;il y aura un effet positif. La conduite &#8221;\u00e0 l&#8217;ancienne&#8221; va peut-\u00eatre exploser ?!\u00a0On va sans doute construire de nouveaux circuits pour (re)piloter nos voitures anciennes. On pourrait \u00e9crire un roman de &#8221;society fiction&#8221; qui couche toutes ces hypoth\u00e8ses fascinantes. Nous, designers, avons enterr\u00e9 l\u2019id\u00e9e de se r\u00e9fugier dans le pass\u00e9. L&#8217;univers automobile est en pleine mutation, pas seulement avec l&#8217;\u00e9lectrique ou la connectivit\u00e9, mais aussi avec des moyens de production incroyablement \u00e9volu\u00e9s comme l&#8217;impression\u00a03D en s\u00e9rie. Tout \u00e7a, c&#8217;est le &#8221;trend&#8221; du moment mais \u00e7a n\u2019emp\u00eache pas qu\u2019une voiture \u00e9lectrique, autonome et connect\u00e9e puisse prendre une forme ou un aspect futuriste, contemporain ou vintage.\u00a0Je suis persuad\u00e9 que tout ceci existera demain, les signes sont d\u00e9j\u00e0 l\u00e0 dans d\u2019autres domaines. Les appareils photos par exemple proposent d\u00e9j\u00e0 ce choix avec des mod\u00e8les num\u00e9riques performants au look vintage.&#8221;<br \/>\n<\/em>Mais une Type E \u00e9lectrique, c&#8217;est abus\u00e9 non ?! <em>&#8220;Nombreux sont ceux qui pensent qu&#8217;ils ont gaspill\u00e9 une Type E d&#8217;origine. Mais je suis l\u00e0 aussi persuad\u00e9 qu&#8217;il existe un business et que vous verrez de nombreux amateurs transformer leurs &#8221;classiques&#8221; avec une motorisation moderne. Et \u00e9lectrique !&#8221;<\/em><\/p>\n<p><img loading=\"lazy\" decoding=\"async\" class=\"alignnone wp-image-3727 size-large\" src=\"http:\/\/lignesauto.fr\/wp-content\/uploads\/2018\/08\/jclassicetypezeroproduction24081805-1024x683.jpg\" alt=\"\" width=\"1024\" height=\"683\" srcset=\"https:\/\/lignesauto.fr\/wp-content\/uploads\/2018\/08\/jclassicetypezeroproduction24081805-1024x683.jpg 1024w, https:\/\/lignesauto.fr\/wp-content\/uploads\/2018\/08\/jclassicetypezeroproduction24081805-300x200.jpg 300w, https:\/\/lignesauto.fr\/wp-content\/uploads\/2018\/08\/jclassicetypezeroproduction24081805-768x512.jpg 768w, https:\/\/lignesauto.fr\/wp-content\/uploads\/2018\/08\/jclassicetypezeroproduction24081805-370x247.jpg 370w, https:\/\/lignesauto.fr\/wp-content\/uploads\/2018\/08\/jclassicetypezeroproduction24081805-1040x693.jpg 1040w\" sizes=\"(max-width: 1024px) 100vw, 1024px\" \/><\/p>\n<p>&nbsp;<\/p>\n<p>&nbsp;<\/p>\n<p>&nbsp;<\/p>\n","protected":false},"excerpt":{"rendered":"<p>Jaguar va proposer la transformation de mod\u00e8le Type E en Type E-Zero \u00e0 motorisation 100 % \u00e9lectrique. La version thermique reprendra ainsi les caract\u00e9ristiques techniques du concept Type E-Zero d\u00e9voil\u00e9 en 2017. Cette transformation est garantie r\u00e9versible, c&#8217;est \u00e0 dire que pourrez faire le chemin inverse, Jaguar conservant la possibilit\u00e9 [&hellip;]<\/p>\n","protected":false},"author":1,"featured_media":3729,"comment_status":"open","ping_status":"open","sticky":false,"template":"","format":"standard","meta":{"footnotes":""},"categories":[1],"tags":[],"_links":{"self":[{"href":"https:\/\/lignesauto.fr\/index.php?rest_route=\/wp\/v2\/posts\/3725"}],"collection":[{"href":"https:\/\/lignesauto.fr\/index.php?rest_route=\/wp\/v2\/posts"}],"about":[{"href":"https:\/\/lignesauto.fr\/index.php?rest_route=\/wp\/v2\/types\/post"}],"author":[{"embeddable":true,"href":"https:\/\/lignesauto.fr\/index.php?rest_route=\/wp\/v2\/users\/1"}],"replies":[{"embeddable":true,"href":"https:\/\/lignesauto.fr\/index.php?rest_route=%2Fwp%2Fv2%2Fcomments&post=3725"}],"version-history":[{"count":6,"href":"https:\/\/lignesauto.fr\/index.php?rest_route=\/wp\/v2\/posts\/3725\/revisions"}],"predecessor-version":[{"id":3737,"href":"https:\/\/lignesauto.fr\/index.php?rest_route=\/wp\/v2\/posts\/3725\/revisions\/3737"}],"wp:featuredmedia":[{"embeddable":true,"href":"https:\/\/lignesauto.fr\/index.php?rest_route=\/wp\/v2\/media\/3729"}],"wp:attachment":[{"href":"https:\/\/lignesauto.fr\/index.php?rest_route=%2Fwp%2Fv2%2Fmedia&parent=3725"}],"wp:term":[{"taxonomy":"category","embeddable":true,"href":"https:\/\/lignesauto.fr\/index.php?rest_route=%2Fwp%2Fv2%2Fcategories&post=3725"},{"taxonomy":"post_tag","embeddable":true,"href":"https:\/\/lignesauto.fr\/index.php?rest_route=%2Fwp%2Fv2%2Ftags&post=3725"}],"curies":[{"name":"wp","href":"https:\/\/api.w.org\/{rel}","templated":true}]}}