{"id":3738,"date":"2018-08-27T11:12:14","date_gmt":"2018-08-27T09:12:14","guid":{"rendered":"http:\/\/lignesauto.fr\/?p=3738"},"modified":"2018-12-22T18:01:21","modified_gmt":"2018-12-22T17:01:21","slug":"mercedes-vous-propose-de-piloter-contre-rudolf-caracciola","status":"publish","type":"post","link":"https:\/\/lignesauto.fr\/?p=3738","title":{"rendered":"Mercedes vous propose de piloter contre Rudolf Caracciola"},"content":{"rendered":"<p><img loading=\"lazy\" decoding=\"async\" class=\"alignnone size-medium wp-image-45\" src=\"http:\/\/lignesauto.fr\/wp-content\/uploads\/2018\/06\/LOGO-SEUL-300x76.png\" alt=\"\" width=\"300\" height=\"76\" srcset=\"https:\/\/lignesauto.fr\/wp-content\/uploads\/2018\/06\/LOGO-SEUL-300x76.png 300w, https:\/\/lignesauto.fr\/wp-content\/uploads\/2018\/06\/LOGO-SEUL-768x195.png 768w, https:\/\/lignesauto.fr\/wp-content\/uploads\/2018\/06\/LOGO-SEUL.png 1014w\" sizes=\"(max-width: 300px) 100vw, 300px\" \/><\/p>\n<p><img loading=\"lazy\" decoding=\"async\" class=\"wp-image-3739 size-large\" src=\"http:\/\/lignesauto.fr\/wp-content\/uploads\/2018\/08\/18C0695_20-1024x683.jpg\" alt=\"\" width=\"1024\" height=\"683\" srcset=\"https:\/\/lignesauto.fr\/wp-content\/uploads\/2018\/08\/18C0695_20-1024x683.jpg 1024w, https:\/\/lignesauto.fr\/wp-content\/uploads\/2018\/08\/18C0695_20-300x200.jpg 300w, https:\/\/lignesauto.fr\/wp-content\/uploads\/2018\/08\/18C0695_20-768x512.jpg 768w, https:\/\/lignesauto.fr\/wp-content\/uploads\/2018\/08\/18C0695_20-370x247.jpg 370w, https:\/\/lignesauto.fr\/wp-content\/uploads\/2018\/08\/18C0695_20-1040x694.jpg 1040w, https:\/\/lignesauto.fr\/wp-content\/uploads\/2018\/08\/18C0695_20.jpg 2000w\" sizes=\"(max-width: 1024px) 100vw, 1024px\" \/><\/p>\n<p>D\u00e9voil\u00e9 \u00e0 l&#8217;occasion du concours d&#8217;\u00e9l\u00e9gance de Pebble Beach, le concept Vision EQ Silver Arrow s\u2019inspire largement de l\u2019h\u00e9ritage sportif de Mercedes et plus particuli\u00e8rement de la tr\u00e8s fameuse g\u00e9n\u00e9ration des W125, les fameuses Silver Arrow de la saison 1937 et du d\u00e9but de 1938. Vous verrez plus bas que Mercedes vous propose avec lui de piloter contre les W125 de 1937 et celle de Rudolf Caracciola.<\/p>\n<p><img loading=\"lazy\" decoding=\"async\" class=\"alignnone wp-image-3742 size-large\" src=\"http:\/\/lignesauto.fr\/wp-content\/uploads\/2018\/08\/18C0720_001-1024x683.jpg\" alt=\"\" width=\"1024\" height=\"683\" srcset=\"https:\/\/lignesauto.fr\/wp-content\/uploads\/2018\/08\/18C0720_001-1024x683.jpg 1024w, https:\/\/lignesauto.fr\/wp-content\/uploads\/2018\/08\/18C0720_001-300x200.jpg 300w, https:\/\/lignesauto.fr\/wp-content\/uploads\/2018\/08\/18C0720_001-768x512.jpg 768w, https:\/\/lignesauto.fr\/wp-content\/uploads\/2018\/08\/18C0720_001-370x247.jpg 370w, https:\/\/lignesauto.fr\/wp-content\/uploads\/2018\/08\/18C0720_001-1040x693.jpg 1040w\" sizes=\"(max-width: 1024px) 100vw, 1024px\" \/><\/p>\n<p>Destin\u00e9 et dessin\u00e9 pour le plaisir de l\u2019acc\u00e9l\u00e9ration, la Mercedes EQ Silver Arrow incarne \u00e9galement une notion de luxe et donne un aper\u00e7u de l\u2019avenir du design Mercedes et notamment de la famille EQ, les v\u00e9hicules 100% \u00e9lectrique. Rappelons que le SUV EQ sera commercialis\u00e9 en 2019 et suivra ainsi de peu le concurrent Audi e-tron. Viendra ensuite la berline compacte \u00e9lectrique EQ produite en France, \u00e0 Hambach. Il serait bon toutefois que la communication Mercedes soit un peu moins pr\u00e9tentieuse en annon\u00e7ant que le futur design des produits EQ \u00ab\u00a0Sensual Purity\u00a0\u00bb traduiront <em>\u00ab une beaut\u00e9 inconnue jusqu\u2019alors\u2026\u00a0\u00bb<\/em><\/p>\n<p><img loading=\"lazy\" decoding=\"async\" class=\"wp-image-3743 size-large\" src=\"http:\/\/lignesauto.fr\/wp-content\/uploads\/2018\/08\/18C0720_006-1024x683.jpg\" alt=\"\" width=\"1024\" height=\"683\" srcset=\"https:\/\/lignesauto.fr\/wp-content\/uploads\/2018\/08\/18C0720_006-1024x683.jpg 1024w, https:\/\/lignesauto.fr\/wp-content\/uploads\/2018\/08\/18C0720_006-300x200.jpg 300w, https:\/\/lignesauto.fr\/wp-content\/uploads\/2018\/08\/18C0720_006-768x512.jpg 768w, https:\/\/lignesauto.fr\/wp-content\/uploads\/2018\/08\/18C0720_006-370x247.jpg 370w, https:\/\/lignesauto.fr\/wp-content\/uploads\/2018\/08\/18C0720_006-1040x693.jpg 1040w\" sizes=\"(max-width: 1024px) 100vw, 1024px\" \/><\/p>\n<p>Le concept d\u2019un peu plus de 5,30 m de longueur repose sur une structure en carbone recouverte d\u2019une multitude de couches de peinture argent laissant appara\u00eetre une apparence de m\u00e9tal liquide. Rappelons qu\u2019en 1937, Mercedes laissait ses voitures brutes, sans peinture, pour gagner quelques kilos\u2026 Mais \u00e7a, c\u2019\u00e9tait avant\u00a0! Les jupes lat\u00e9rales disposent d&#8217;une bande d&#8217;\u00e9clairage et le grand lettrage EQ encastr\u00e9 devant les roues arri\u00e8re est illumin\u00e9 en bleu, comme cela est caract\u00e9ristique de la marque EQ. Et de pratiquement toutes les voitures \u00e9lectriques de la plan\u00e8te.<\/p>\n<p><img loading=\"lazy\" decoding=\"async\" class=\"wp-image-3741 size-large\" src=\"http:\/\/lignesauto.fr\/wp-content\/uploads\/2018\/08\/18C0695_030-1024x683.jpg\" alt=\"\" width=\"1024\" height=\"683\" srcset=\"https:\/\/lignesauto.fr\/wp-content\/uploads\/2018\/08\/18C0695_030-1024x683.jpg 1024w, https:\/\/lignesauto.fr\/wp-content\/uploads\/2018\/08\/18C0695_030-300x200.jpg 300w, https:\/\/lignesauto.fr\/wp-content\/uploads\/2018\/08\/18C0695_030-768x512.jpg 768w, https:\/\/lignesauto.fr\/wp-content\/uploads\/2018\/08\/18C0695_030-370x247.jpg 370w, https:\/\/lignesauto.fr\/wp-content\/uploads\/2018\/08\/18C0695_030-1040x694.jpg 1040w, https:\/\/lignesauto.fr\/wp-content\/uploads\/2018\/08\/18C0695_030.jpg 2000w\" sizes=\"(max-width: 1024px) 100vw, 1024px\" \/><\/p>\n<p><span style=\"font-size: 16px;\">Le concept repose sur des pneus de dimensions 255\/25 R 24 \u00e0 l&#8217;avant et 305\/25 R 26 \u00e0 l&#8217;arri\u00e8re. Petit d\u00e9tail qui a son importance\u00a0: Pirelli a r\u00e9alis\u00e9 un motif d&#8217;\u00e9toile sur la bande de roulement.La Mercedes Vision EQ Silver Arrow est \u00e9lectrique et dispose d\u2019une puissance de 750 ch. La batterie rechargeable a une capacit\u00e9 de 80 kWh et permet une autonomie de plus de 400 km. Les \u00e9vents lat\u00e9raux aident \u00e0 la refroidir.<\/span><\/p>\n<p><img loading=\"lazy\" decoding=\"async\" class=\"wp-image-3744 size-large\" src=\"http:\/\/lignesauto.fr\/wp-content\/uploads\/2018\/08\/18C0720_007-1024x683.jpg\" alt=\"\" width=\"1024\" height=\"683\" srcset=\"https:\/\/lignesauto.fr\/wp-content\/uploads\/2018\/08\/18C0720_007-1024x683.jpg 1024w, https:\/\/lignesauto.fr\/wp-content\/uploads\/2018\/08\/18C0720_007-300x200.jpg 300w, https:\/\/lignesauto.fr\/wp-content\/uploads\/2018\/08\/18C0720_007-768x512.jpg 768w, https:\/\/lignesauto.fr\/wp-content\/uploads\/2018\/08\/18C0720_007-370x247.jpg 370w, https:\/\/lignesauto.fr\/wp-content\/uploads\/2018\/08\/18C0720_007-1040x693.jpg 1040w\" sizes=\"(max-width: 1024px) 100vw, 1024px\" \/><\/p>\n<p><span style=\"font-size: 16px;\">L&#8217;int\u00e9rieur de la Vision EQ Silver Arrow se d\u00e9voile apr\u00e8s que le cockpit a bascul\u00e9 vers l\u2019avant, emportant le combin\u00e9 fix\u00e9 au volant. Il emploie des mat\u00e9riaux traditionnels de haute qualit\u00e9 comme le cuir v\u00e9ritable, l&#8217;aluminium poli et le noyer. L\u2019id\u00e9e est de cr\u00e9er un lien entre l\u2019univers de la voiture de course historique de l&#8217;\u00e8re Silver Arrow et l\u2019ambiance luxueuse des voitures d\u2019aujourd\u2019hui. \u00a0<strong>Avec l&#8217;aide de l&#8217;intelligence artificielle, il est possible de participer \u00e0 une course virtuelle contre des Silver Arrow historiques. Pour cela, une piste de course virtuelle est superpos\u00e9e sur la route r\u00e9elle via l&#8217;\u00e9cran panoramique et le pilote voit son adversaire. La fonction d&#8217;assistance <em>Virtual Race Coach<\/em> vous aide alors \u00e0 devenir un meilleur pilote en donnant des instructions pendant la course\u00a0! Vous \u00eates pr\u00eat ? Alors, gaz ! Ou plut\u00f4t : bzzzzzzz&#8230;.<\/strong><\/span><\/p>\n<p><img loading=\"lazy\" decoding=\"async\" class=\"wp-image-3745 size-large\" src=\"http:\/\/lignesauto.fr\/wp-content\/uploads\/2018\/08\/R16104-1024x664.jpg\" alt=\"\" width=\"1024\" height=\"664\" srcset=\"https:\/\/lignesauto.fr\/wp-content\/uploads\/2018\/08\/R16104-1024x664.jpg 1024w, https:\/\/lignesauto.fr\/wp-content\/uploads\/2018\/08\/R16104-300x195.jpg 300w, https:\/\/lignesauto.fr\/wp-content\/uploads\/2018\/08\/R16104-768x498.jpg 768w, https:\/\/lignesauto.fr\/wp-content\/uploads\/2018\/08\/R16104-370x240.jpg 370w, https:\/\/lignesauto.fr\/wp-content\/uploads\/2018\/08\/R16104-1040x675.jpg 1040w, https:\/\/lignesauto.fr\/wp-content\/uploads\/2018\/08\/R16104.jpg 1800w\" sizes=\"(max-width: 1024px) 100vw, 1024px\" \/><br \/>\n<em>Rudolf Caracciola le 28 janvier 1938 \u00e0 la conqu\u00eate de deux nouveaux records de vitesse \u00e0 bord d&#8217;une Mercedes W125 profil\u00e9e et motoris\u00e9e par un \u00e9norme 12 cylindres.<br \/>\nPhoto prise au d\u00e9part, sur l&#8217;autoroute menant \u00e0 Darmstadt.<\/em><\/p>\n<p>&nbsp;<\/p>\n<p>&nbsp;<\/p>\n<p>&nbsp;<\/p>\n","protected":false},"excerpt":{"rendered":"<p>D\u00e9voil\u00e9 \u00e0 l&#8217;occasion du concours d&#8217;\u00e9l\u00e9gance de Pebble Beach, le concept Vision EQ Silver Arrow s\u2019inspire largement de l\u2019h\u00e9ritage sportif de Mercedes et plus particuli\u00e8rement de la tr\u00e8s fameuse g\u00e9n\u00e9ration des W125, les fameuses Silver Arrow de la saison 1937 et du d\u00e9but de 1938. Vous verrez plus bas que [&hellip;]<\/p>\n","protected":false},"author":1,"featured_media":3740,"comment_status":"open","ping_status":"open","sticky":false,"template":"","format":"standard","meta":{"footnotes":""},"categories":[1],"tags":[],"_links":{"self":[{"href":"https:\/\/lignesauto.fr\/index.php?rest_route=\/wp\/v2\/posts\/3738"}],"collection":[{"href":"https:\/\/lignesauto.fr\/index.php?rest_route=\/wp\/v2\/posts"}],"about":[{"href":"https:\/\/lignesauto.fr\/index.php?rest_route=\/wp\/v2\/types\/post"}],"author":[{"embeddable":true,"href":"https:\/\/lignesauto.fr\/index.php?rest_route=\/wp\/v2\/users\/1"}],"replies":[{"embeddable":true,"href":"https:\/\/lignesauto.fr\/index.php?rest_route=%2Fwp%2Fv2%2Fcomments&post=3738"}],"version-history":[{"count":4,"href":"https:\/\/lignesauto.fr\/index.php?rest_route=\/wp\/v2\/posts\/3738\/revisions"}],"predecessor-version":[{"id":3749,"href":"https:\/\/lignesauto.fr\/index.php?rest_route=\/wp\/v2\/posts\/3738\/revisions\/3749"}],"wp:featuredmedia":[{"embeddable":true,"href":"https:\/\/lignesauto.fr\/index.php?rest_route=\/wp\/v2\/media\/3740"}],"wp:attachment":[{"href":"https:\/\/lignesauto.fr\/index.php?rest_route=%2Fwp%2Fv2%2Fmedia&parent=3738"}],"wp:term":[{"taxonomy":"category","embeddable":true,"href":"https:\/\/lignesauto.fr\/index.php?rest_route=%2Fwp%2Fv2%2Fcategories&post=3738"},{"taxonomy":"post_tag","embeddable":true,"href":"https:\/\/lignesauto.fr\/index.php?rest_route=%2Fwp%2Fv2%2Ftags&post=3738"}],"curies":[{"name":"wp","href":"https:\/\/api.w.org\/{rel}","templated":true}]}}