{"id":37585,"date":"2024-12-21T11:02:14","date_gmt":"2024-12-21T10:02:14","guid":{"rendered":"https:\/\/lignesauto.fr\/?p=37585"},"modified":"2024-12-21T11:02:14","modified_gmt":"2024-12-21T10:02:14","slug":"laventure-michelin-1-lorsque-lapprenti-ap-16934-revient-45-ans-apres","status":"publish","type":"post","link":"https:\/\/lignesauto.fr\/?p=37585","title":{"rendered":"L\u2019Aventure Michelin &#8211; 1. Lorsque l&#8217;apprenti AP-16934 revient, 45 ans apr\u00e8s&#8230;"},"content":{"rendered":"<div class=\"wp-block-image\">\n<figure class=\"aligncenter size-full is-resized\"><img loading=\"lazy\" decoding=\"async\" width=\"1024\" height=\"288\" src=\"http:\/\/lignesauto.fr\/wp-content\/uploads\/2024\/11\/image-1.png\" alt=\"\" class=\"wp-image-36834\" style=\"width:518px;height:auto\" srcset=\"https:\/\/lignesauto.fr\/wp-content\/uploads\/2024\/11\/image-1.png 1024w, https:\/\/lignesauto.fr\/wp-content\/uploads\/2024\/11\/image-1-300x84.png 300w, https:\/\/lignesauto.fr\/wp-content\/uploads\/2024\/11\/image-1-768x216.png 768w\" sizes=\"(max-width: 1024px) 100vw, 1024px\" \/><\/figure><\/div>\n\n\n<p style=\"font-size:17px\">Avant de visiter l&#8217;Aventure Michelin au c\u0153ur de Clermont-Ferrand, voici l&#8217;autre raison pour laquelle je me suis rendu dans cette ville&#8230; En juillet 1979, je c\u00e9l\u00e8bre mon baccalaur\u00e9at de dessinateur industriel. Cerise sur ce g\u00e2teau, je sais depuis le mois de juin de cette ann\u00e9e-l\u00e0, que ma prochaine rentr\u00e9e \u00ab\u00a0scolaire\u00a0\u00bb aura lieu \u00e0 Clermont-Ferrand, comme apprenti chez Michelin. Et pas n\u2019importe o\u00f9\u00a0: place des Carmes, au c\u00f4t\u00e9 du site historique o\u00f9 se situe aujourd\u2019hui le si\u00e8ge de l\u2019entreprise.<\/p>\n\n\n\n<figure class=\"wp-block-image size-large\"><img loading=\"lazy\" decoding=\"async\" width=\"1024\" height=\"661\" src=\"https:\/\/lignesauto.fr\/wp-content\/uploads\/2024\/12\/PLACE-DES-CARMES-1024x661.png\" alt=\"\" class=\"wp-image-37610\" srcset=\"https:\/\/lignesauto.fr\/wp-content\/uploads\/2024\/12\/PLACE-DES-CARMES-1024x661.png 1024w, https:\/\/lignesauto.fr\/wp-content\/uploads\/2024\/12\/PLACE-DES-CARMES-300x194.png 300w, https:\/\/lignesauto.fr\/wp-content\/uploads\/2024\/12\/PLACE-DES-CARMES-768x496.png 768w, https:\/\/lignesauto.fr\/wp-content\/uploads\/2024\/12\/PLACE-DES-CARMES.png 1417w\" sizes=\"(max-width: 1024px) 100vw, 1024px\" \/><figcaption class=\"wp-element-caption\">La place des Carmes lors des travaux qui aboutiront \u00e0 l&#8217;inauguration du nouveau si\u00e8ge social en 2021.<\/figcaption><\/figure>\n\n\n\n<p style=\"font-size:17px\">En septembre 1979, je pose mes valises dans un foyer de jeunes travailleurs \u00e0 Gerzat, proche de la cit\u00e9 ouvri\u00e8re Michelin. Je dors \u00e0 quelques centaines de m\u00e8tres des pistes d\u2019essais du manufactirier fran\u00e7ais, \u00e0 Ladoux (inaugur\u00e9es en 1965), o\u00f9 tournent des prototypes de pneus. Et de voitures&#8230; J\u2019ai 18 ans et la vie me fait un sacr\u00e9 clin d\u2019\u0153il\u00a0: des prototypes tr\u00e8s proches de moi, d\u00e9j\u00e0\u00a0! \u00c0 moins de dix kilom\u00e8tres de ces pistes, la place des Carmes \u00e0 Clermont-Ferrand n\u2019a plus rien \u00e0 voir aujourd\u2019hui avec ce qu\u2019elle \u00e9tait voici 45 ans.<\/p>\n\n\n\n<figure class=\"wp-block-image size-large\"><img loading=\"lazy\" decoding=\"async\" width=\"1024\" height=\"801\" src=\"https:\/\/lignesauto.fr\/wp-content\/uploads\/2024\/12\/PLAN-GENERAL-copie-1024x801.png\" alt=\"\" class=\"wp-image-37616\" srcset=\"https:\/\/lignesauto.fr\/wp-content\/uploads\/2024\/12\/PLAN-GENERAL-copie-1024x801.png 1024w, https:\/\/lignesauto.fr\/wp-content\/uploads\/2024\/12\/PLAN-GENERAL-copie-300x235.png 300w, https:\/\/lignesauto.fr\/wp-content\/uploads\/2024\/12\/PLAN-GENERAL-copie-768x601.png 768w, https:\/\/lignesauto.fr\/wp-content\/uploads\/2024\/12\/PLAN-GENERAL-copie.png 1417w\" sizes=\"(max-width: 1024px) 100vw, 1024px\" \/><figcaption class=\"wp-element-caption\">Clermont-Ferrand vue du ciel : <strong>en 1<\/strong> : les pistes d&#8217;essais de Ladoux. <strong>En 2<\/strong> : le foyer des jeunes apprentis \u00e0 Gerzat. <strong>En 3<\/strong> : l&#8217;usine de Cataroux et ses toboggans d&#8217;essais de pneus. <strong>En 4<\/strong> : la place des Carmes o\u00f9 les apprentis travaillaient&#8230;<\/figcaption><\/figure>\n\n\n\n<p style=\"font-size:17px\">\u00c0 l\u2019\u00e9poque, j\u2019ai le num\u00e9ro d\u2019apprenti AP-16934. Tous les matins, on se rend mes copains d\u2019\u00e9tudes et moi dans un petit b\u00e2timent en face de l\u2019usine, de l\u2019autre c\u00f4t\u00e9 de la rue. Le pont qui enjambe la place, devenue aujourd\u2019hui pi\u00e9tonne, n\u2019existe pas encore. Pas plus que le tramway qui y roule d\u00e9sormais. C\u2019est un autre temps&nbsp;: la deuxi\u00e8me crise p\u00e9troli\u00e8re n\u2019a pas encore touch\u00e9 le pays et Val\u00e9ry Giscard d\u2019Estaing s\u2019invite \u00e0 d\u00eener chez l\u2019habitant.<\/p>\n\n\n\n<figure class=\"wp-block-image size-large\"><img loading=\"lazy\" decoding=\"async\" width=\"1024\" height=\"523\" src=\"https:\/\/lignesauto.fr\/wp-content\/uploads\/2024\/12\/MICHELIN_000JPG-1024x523.png\" alt=\"\" class=\"wp-image-37608\" srcset=\"https:\/\/lignesauto.fr\/wp-content\/uploads\/2024\/12\/MICHELIN_000JPG-1024x523.png 1024w, https:\/\/lignesauto.fr\/wp-content\/uploads\/2024\/12\/MICHELIN_000JPG-300x153.png 300w, https:\/\/lignesauto.fr\/wp-content\/uploads\/2024\/12\/MICHELIN_000JPG-768x392.png 768w, https:\/\/lignesauto.fr\/wp-content\/uploads\/2024\/12\/MICHELIN_000JPG.png 1417w\" sizes=\"(max-width: 1024px) 100vw, 1024px\" \/><\/figure>\n\n\n\n<p style=\"font-size:17px\">L\u2019usine est alors une fourmili\u00e8re, avec des ouvriers et des camions qui circulent dans un d\u00e9dale de rues. Plus loin, sur un autre site, se feront les premiers pneumatiques Michelin pour les F1 de Renault (qui d\u00e9bute) et de Ferrari ensuite. Le radial Michelin en F1 va mettre la racl\u00e9e \u00e0 <em>Goodyear<\/em>\u00a0! Je suis \u00e0 Clermont-Ferrand\u00a0: la ville Michelin. Les usines sont DANS la ville&#8230; Aujourd\u2019hui encore, cela reste impressionnant. Ironie de l&#8217;histoire, quelques mois apr\u00e8s mon d\u00e9part, c&#8217;est au c\u00f4t\u00e9 du site historique de la place des Carmes que Michelin va implanter le CIRM, l&#8217;anc\u00eatre du mus\u00e9e : le Centre d&#8217;Information et de Rencontre Michelin.<\/p>\n\n\n\n<figure class=\"wp-block-image size-large\"><img loading=\"lazy\" decoding=\"async\" width=\"1024\" height=\"461\" src=\"https:\/\/lignesauto.fr\/wp-content\/uploads\/2024\/12\/MICHELIN_12-1024x461.jpg\" alt=\"\" class=\"wp-image-37647\" srcset=\"https:\/\/lignesauto.fr\/wp-content\/uploads\/2024\/12\/MICHELIN_12-1024x461.jpg 1024w, https:\/\/lignesauto.fr\/wp-content\/uploads\/2024\/12\/MICHELIN_12-300x135.jpg 300w, https:\/\/lignesauto.fr\/wp-content\/uploads\/2024\/12\/MICHELIN_12-768x346.jpg 768w, https:\/\/lignesauto.fr\/wp-content\/uploads\/2024\/12\/MICHELIN_12.jpg 1417w\" sizes=\"(max-width: 1024px) 100vw, 1024px\" \/><figcaption class=\"wp-element-caption\">Le si\u00e8ge social de Michelin place des Carmes aujourd&#8217;hui&#8230; \u00a9 lignesauto.fr<\/figcaption><\/figure>\n\n\n\n<p style=\"font-size:17px\">Mon apprentissage n\u2019a pas dur\u00e9 des ann\u00e9es, car moins de trois ans plus tard, je pousse les portes des \u00c9ditons Michel Hommell au 7 rue de Lille \u00e0 Paris pour mes d\u00e9buts \u00e0 AUTO<em>hebdo<\/em> avec, comme mentor, \u00c9tienne Moity. Pour autant, Michelin reste le socle professionnel de tout ce qui a suivi, ou presque. Et j\u2019ai attendu 45 ans pour y remettre les pieds et aller visiter l\u2019Aventure Michelin. Il \u00e9tait temps, petit navire de la vie&#8230;<\/p>\n\n\n\n<figure class=\"wp-block-image size-large\"><img loading=\"lazy\" decoding=\"async\" width=\"1024\" height=\"645\" src=\"https:\/\/lignesauto.fr\/wp-content\/uploads\/2024\/12\/MICHELIN_401-1024x645.png\" alt=\"\" class=\"wp-image-37663\" srcset=\"https:\/\/lignesauto.fr\/wp-content\/uploads\/2024\/12\/MICHELIN_401-1024x645.png 1024w, https:\/\/lignesauto.fr\/wp-content\/uploads\/2024\/12\/MICHELIN_401-300x189.png 300w, https:\/\/lignesauto.fr\/wp-content\/uploads\/2024\/12\/MICHELIN_401-768x484.png 768w, https:\/\/lignesauto.fr\/wp-content\/uploads\/2024\/12\/MICHELIN_401.png 1417w\" sizes=\"(max-width: 1024px) 100vw, 1024px\" \/><figcaption class=\"wp-element-caption\">Le site des Carmes a vu na\u00eetre l\u2019entreprise Michelin en 1889 et il occupe aujourd\u2019hui 15 ha en centre-ville, avec des bureaux mais \u00e9galement une activit\u00e9 industrielle. Ici, sortie d&#8217;usine en 1929. \u00a9Michelin.<\/figcaption><\/figure>\n\n\n\n<p style=\"font-size:17px\">Tout a bien chang\u00e9. Ce n\u2019est pas de la nostalgie, car comment aurait-il pu en \u00eatre autrement. Je suis plut\u00f4t un adepte du \u00ab&nbsp;<em>ce sera mieux demain<\/em>&nbsp;\u00bb, ou alors, comme l\u2019\u00e9crit si brillamment Sanseverino&nbsp;: \u00ab&nbsp;<em>c\u2019\u00e9tait mieux maintenant<\/em>.&nbsp;\u00bb Alors je savoure. \u00ab&nbsp;<em>Il ne faudrait pas trop tra\u00eener ce soir, place de Carmes<\/em>, <em>\u00e7a craint un peu<\/em>&nbsp;\u00bb me dit-on au bar o\u00f9 je commence ma journ\u00e9e avec un caf\u00e9 qui r\u00e9chauffe l\u2019atmosph\u00e8re. Il fait 1 degr\u00e9 dehors. Je ne retrouve pas le b\u00e2timent de mon apprentissage. \u00ab&nbsp;<em>Il y avait bien une \u00e9cole de l\u2019autre c\u00f4t\u00e9 de la place, elle a \u00e9t\u00e9 r\u00e9implant\u00e9e un peu plus loin, puis ferm\u00e9e<\/em>&nbsp;\u00bb me dit le buraliste o\u00f9 je joue un loto&nbsp;: on est vendredi 13 d\u00e9cembre, et je remets les pieds o\u00f9 tout a commenc\u00e9.<\/p>\n\n\n\n<figure class=\"wp-block-image size-large\"><img loading=\"lazy\" decoding=\"async\" width=\"1024\" height=\"460\" src=\"https:\/\/lignesauto.fr\/wp-content\/uploads\/2024\/12\/MICHELIN_31-1024x460.png\" alt=\"\" class=\"wp-image-37653\" srcset=\"https:\/\/lignesauto.fr\/wp-content\/uploads\/2024\/12\/MICHELIN_31-1024x460.png 1024w, https:\/\/lignesauto.fr\/wp-content\/uploads\/2024\/12\/MICHELIN_31-300x135.png 300w, https:\/\/lignesauto.fr\/wp-content\/uploads\/2024\/12\/MICHELIN_31-768x345.png 768w, https:\/\/lignesauto.fr\/wp-content\/uploads\/2024\/12\/MICHELIN_31.png 1417w\" sizes=\"(max-width: 1024px) 100vw, 1024px\" \/><\/figure>\n\n\n\n<p style=\"font-size:17px\">Que dire de cette usine que j\u2019ai c\u00f4toy\u00e9e voici pr\u00e8s d\u2019un demi-si\u00e8cle&nbsp;?! Rien, je ne reconnais rien, car tout est neuf ici (ci-dessous). Et tout r\u00e9cent, car cette architecturale date de d\u00e9but 2021&nbsp;! Je pousse les portes de l\u2019accueil. J\u2019y trouve une charmante h\u00f4tesse qui m\u2019explique ce qu\u2019est devenu ce site&nbsp;: hier industriel, aujourd\u2019hui c\u2019est le si\u00e8ge social \u2013 depuis le d\u00e9but des ann\u00e9es 2000 &#8211; au 23 de la place des Carmes Dechaux. \u00ab&nbsp;<em>Toute l\u2019infrastructure \u00e9rig\u00e9e devant l\u2019usine est r\u00e9cente<\/em>&nbsp;\u00bb, me dit l\u2019h\u00f4tesse qui s\u2019amuse de la raison de ma visite.<\/p>\n\n\n\n<figure class=\"wp-block-embed is-type-video is-provider-youtube wp-block-embed-youtube wp-embed-aspect-16-9 wp-has-aspect-ratio\"><div class=\"wp-block-embed__wrapper\">\n<iframe loading=\"lazy\" title=\"A la d\u00e9couverte de la Canop\u00e9e, le nouveau b\u00e2timent d&#039;accueil Michelin\" width=\"640\" height=\"360\" src=\"https:\/\/www.youtube.com\/embed\/x8PGYYIaQBA?start=69&#038;feature=oembed\" frameborder=\"0\" allow=\"accelerometer; autoplay; clipboard-write; encrypted-media; gyroscope; picture-in-picture; web-share\" referrerpolicy=\"strict-origin-when-cross-origin\" allowfullscreen><\/iframe>\n<\/div><\/figure>\n\n\n\n<p style=\"font-size:17px\">H\u00e9las, avec un badge datant de 45 ans, je ne peux pas aller plus loin que&nbsp;l\u2019immense hall d\u2019accueil et photographier le site de l\u2019int\u00e9rieur. Mais je d\u00e9couvre cette nouvelle canop\u00e9e tr\u00e8s accueillante, et surtout, tr\u00e8s lumineuse. Tout l\u2019inverse des usines dans mes souvenirs o\u00f9 le noir \u00e9tait omnipr\u00e9sent. Un espace d\u2019attente c\u00f4toie un bar, il est m\u00eame possible de d\u00e9penser quelques euros dans la boutique officielle Michelin, ou de d\u00e9couvrir l\u2019espace de la serre avec une exp\u00e9rience immersive. Bref, c\u2019est tout neuf, tout beau, tout propre. (vid\u00e9o ci-dessus) et on peut toujours y admirer le puy de D\u00f4me ci-dessous, photo prise en d\u00e9cembre 2024.<\/p>\n\n\n\n<figure class=\"wp-block-image size-large\"><img loading=\"lazy\" decoding=\"async\" width=\"1018\" height=\"1024\" src=\"https:\/\/lignesauto.fr\/wp-content\/uploads\/2024\/12\/MICHELIN_29-1018x1024.png\" alt=\"\" class=\"wp-image-37650\" srcset=\"https:\/\/lignesauto.fr\/wp-content\/uploads\/2024\/12\/MICHELIN_29-1018x1024.png 1018w, https:\/\/lignesauto.fr\/wp-content\/uploads\/2024\/12\/MICHELIN_29-298x300.png 298w, https:\/\/lignesauto.fr\/wp-content\/uploads\/2024\/12\/MICHELIN_29-150x150.png 150w, https:\/\/lignesauto.fr\/wp-content\/uploads\/2024\/12\/MICHELIN_29-768x772.png 768w, https:\/\/lignesauto.fr\/wp-content\/uploads\/2024\/12\/MICHELIN_29.png 1417w\" sizes=\"(max-width: 1018px) 100vw, 1018px\" \/><\/figure>\n\n\n\n<p style=\"font-size:17px\">En repartant sur le fameux pont qui surplombe la place des Carmes, je devine et photographie l\u2019\u00e9norme enseigne derri\u00e8re les murs de l\u2019usine. Le nom Michelin est \u00e9crit avec une police des ann\u00e9es 1970, ci-dessous. C\u2019est le c\u0153ur de l\u2019ex-usine et je frissonne. Un autre caf\u00e9, quelques longues discussions avec des personnes implant\u00e9es ici, et il est temps de reprendre mon carrosse (chauss\u00e9 de pneumatiques Michelin&#8230;) pour me rendre pas trop loin d\u2019ici, \u00e0 l\u2019usine de Cataroux o\u00f9 est install\u00e9e l\u2019Aventure Michelin, tout \u00e0 c\u00f4t\u00e9 du b\u00e2timent de \u00ab&nbsp;Michelin Motorsport.&nbsp;\u00bb<\/p>\n\n\n\n<figure class=\"wp-block-image size-large\"><img loading=\"lazy\" decoding=\"async\" width=\"1024\" height=\"654\" src=\"https:\/\/lignesauto.fr\/wp-content\/uploads\/2024\/12\/MICHELIN_15-1024x654.jpg\" alt=\"\" class=\"wp-image-37611\" srcset=\"https:\/\/lignesauto.fr\/wp-content\/uploads\/2024\/12\/MICHELIN_15-1024x654.jpg 1024w, https:\/\/lignesauto.fr\/wp-content\/uploads\/2024\/12\/MICHELIN_15-300x192.jpg 300w, https:\/\/lignesauto.fr\/wp-content\/uploads\/2024\/12\/MICHELIN_15-768x491.jpg 768w, https:\/\/lignesauto.fr\/wp-content\/uploads\/2024\/12\/MICHELIN_15.jpg 1417w\" sizes=\"(max-width: 1024px) 100vw, 1024px\" \/><figcaption class=\"wp-element-caption\">\u00a9 lignesauto.fr<\/figcaption><\/figure>\n\n\n\n<p style=\"font-size:17px\">C\u2019est dans&nbsp;cette usine historique de Cataroux, au c\u0153ur de la ville, qu\u2019a \u00e9t\u00e9 implant\u00e9 le fameux mus\u00e9e qui n\u2019en est pas vraiment un. C\u2019est plut\u00f4t un espace vivant qui offre l\u2019occasion de vivre une exp\u00e9rience unique avec un parcours sc\u00e9nographique ouvert depuis janvier 2009. Ce site est implant\u00e9 en face du stade Marcel Michelin, cr\u00e9\u00e9 en 1911 par ce dernier et appartenant au club de rugby \u00e0 XV de l\u2019ASM Clermont Auvergne. Pour acc\u00e9der au mus\u00e9e, de nombreux travaux donnent vie \u00e0 une circulation dense qui rendrait jalouse la maire de Paris, mais la patience est r\u00e9compens\u00e9e, on le verra plus bas.<\/p>\n\n\n\n<figure class=\"wp-block-image size-large\"><img loading=\"lazy\" decoding=\"async\" width=\"1024\" height=\"668\" src=\"https:\/\/lignesauto.fr\/wp-content\/uploads\/2024\/12\/MICHELIN_100-1024x668.png\" alt=\"\" class=\"wp-image-37628\" srcset=\"https:\/\/lignesauto.fr\/wp-content\/uploads\/2024\/12\/MICHELIN_100-1024x668.png 1024w, https:\/\/lignesauto.fr\/wp-content\/uploads\/2024\/12\/MICHELIN_100-300x196.png 300w, https:\/\/lignesauto.fr\/wp-content\/uploads\/2024\/12\/MICHELIN_100-768x501.png 768w, https:\/\/lignesauto.fr\/wp-content\/uploads\/2024\/12\/MICHELIN_100.png 1417w\" sizes=\"(max-width: 1024px) 100vw, 1024px\" \/><\/figure>\n\n\n\n<p style=\"font-size:17px\">Pour mieux comprendre les lieux, voici une vue du ciel du c\u0153ur de Clermont-Ferrand ci-dessus : <strong>en 1 <\/strong>: les pistes &#8220;toboggans&#8221;, <strong>en 2<\/strong> : l&#8217;usine de Cataroux, <strong>en 3<\/strong> : l&#8217;Aventure Michelin, <strong>en 4 <\/strong>: Michelin Motorsport et <strong>en 5<\/strong> : le stade Marcel Michelin.<\/p>\n\n\n\n<figure class=\"wp-block-image size-large\"><img loading=\"lazy\" decoding=\"async\" width=\"1024\" height=\"447\" src=\"https:\/\/lignesauto.fr\/wp-content\/uploads\/2024\/12\/MICHELIN_52-1024x447.png\" alt=\"\" class=\"wp-image-37629\" srcset=\"https:\/\/lignesauto.fr\/wp-content\/uploads\/2024\/12\/MICHELIN_52-1024x447.png 1024w, https:\/\/lignesauto.fr\/wp-content\/uploads\/2024\/12\/MICHELIN_52-300x131.png 300w, https:\/\/lignesauto.fr\/wp-content\/uploads\/2024\/12\/MICHELIN_52-768x335.png 768w, https:\/\/lignesauto.fr\/wp-content\/uploads\/2024\/12\/MICHELIN_52.png 1417w\" sizes=\"(max-width: 1024px) 100vw, 1024px\" \/><\/figure>\n\n\n\n<p style=\"font-size:17px\">L\u2019usine de Cataroux est aujourd\u2019hui un enjeu majeur pour la ville de Clermont-Ferrand. Elle coupe la ville en deux sur plus de 50 hectares (les chiffres diff\u00e8rent selon les sources, de 40 \u00e0 80 hectares&#8230;). C\u2019est un peu comme si l\u2019usine Citro\u00ebn de Javel existait toujours et se trouvait place de la Concorde&nbsp;\u00e0 Paris&nbsp;! Les pistes d\u2019essais (les fameux \u00ab&nbsp;toboggans&nbsp;\u00bb de Cataroux ci-dessus et ci-dessous) pointent \u00e0 plus de 28 m\u00e8tres de haut et sont un patrimoine exceptionnel pour certains, des verrues immondes pour d\u2019autres. L&#8217;activit\u00e9 de ces pistes cesse en 2000.<\/p>\n\n\n\n<figure class=\"wp-block-image size-large\"><img loading=\"lazy\" decoding=\"async\" width=\"1024\" height=\"496\" src=\"https:\/\/lignesauto.fr\/wp-content\/uploads\/2024\/12\/MICHELIN_44-1024x496.png\" alt=\"\" class=\"wp-image-37631\" srcset=\"https:\/\/lignesauto.fr\/wp-content\/uploads\/2024\/12\/MICHELIN_44-1024x496.png 1024w, https:\/\/lignesauto.fr\/wp-content\/uploads\/2024\/12\/MICHELIN_44-300x145.png 300w, https:\/\/lignesauto.fr\/wp-content\/uploads\/2024\/12\/MICHELIN_44-768x372.png 768w, https:\/\/lignesauto.fr\/wp-content\/uploads\/2024\/12\/MICHELIN_44.png 1417w\" sizes=\"(max-width: 1024px) 100vw, 1024px\" \/><\/figure>\n\n\n\n<p style=\"font-size:17px\">Elles ont \u00e9t\u00e9 construites au d\u00e9but des ann\u00e9es 1920 et ont \u00e9t\u00e9 mises en service en 1928 au c\u0153ur de la ville de Clermont-Ferrand. Leur longueur varie de 383 m \u00e0 437 m et elles sont au nombre de douze r\u00e9parties dans trois b\u00e2timents aux extr\u00e9mit\u00e9s relev\u00e9es. A l&#8217;int\u00e9rieur, des chariots \u00e9taient lest\u00e9s et embarquaient de multiples pneumatiques pour un roulage longue dur\u00e9e. Les extr\u00e9mit\u00e9s relev\u00e9es des pistes permettaient aux chariots de repartir pour un va-et-vient incessant. Les pneumatiques \u00e0 carcasse radiale, brevet\u00e9s en 1946, ont \u00e9t\u00e9 mis au point en partie ici.<\/p>\n\n\n\n<figure class=\"wp-block-image size-large\"><img loading=\"lazy\" decoding=\"async\" width=\"1024\" height=\"623\" src=\"https:\/\/lignesauto.fr\/wp-content\/uploads\/2024\/12\/MICHELIN_43-1024x623.png\" alt=\"\" class=\"wp-image-37633\" srcset=\"https:\/\/lignesauto.fr\/wp-content\/uploads\/2024\/12\/MICHELIN_43-1024x623.png 1024w, https:\/\/lignesauto.fr\/wp-content\/uploads\/2024\/12\/MICHELIN_43-300x182.png 300w, https:\/\/lignesauto.fr\/wp-content\/uploads\/2024\/12\/MICHELIN_43-768x467.png 768w, https:\/\/lignesauto.fr\/wp-content\/uploads\/2024\/12\/MICHELIN_43.png 1417w\" sizes=\"(max-width: 1024px) 100vw, 1024px\" \/><\/figure>\n\n\n\n<p style=\"font-size:17px\">Nos confr\u00e8res des \u00c9chos \u00e9crivaient en juillet dernier sous la plume de Fran\u00e7oise Sigot, que \u00ab&nbsp;<em>le dernier projet, et pas des moindres, porte sur la reconversion de ces pistes d&#8217;essai de pneus. Ces toboggans encercl\u00e9s de halls de production deviendront en&nbsp;2028 un lieu festif &#8211; ci-dessous &#8211; o\u00f9 400.000 visiteurs sont attendus chaque ann\u00e9e dans la salle de concert, les espaces de restauration et la \u00ab&nbsp;Cit\u00e9 du mouvement&nbsp;\u00bb avec des animations assur\u00e9es par des professionnels de sant\u00e9 et des animateurs sportifs.&nbsp;\u00bb<\/em><\/p>\n\n\n\n<figure class=\"wp-block-image size-large\"><img loading=\"lazy\" decoding=\"async\" width=\"1024\" height=\"520\" src=\"https:\/\/lignesauto.fr\/wp-content\/uploads\/2024\/12\/MICHELIN_202-1024x520.png\" alt=\"\" class=\"wp-image-37632\" srcset=\"https:\/\/lignesauto.fr\/wp-content\/uploads\/2024\/12\/MICHELIN_202-1024x520.png 1024w, https:\/\/lignesauto.fr\/wp-content\/uploads\/2024\/12\/MICHELIN_202-300x152.png 300w, https:\/\/lignesauto.fr\/wp-content\/uploads\/2024\/12\/MICHELIN_202-768x390.png 768w, https:\/\/lignesauto.fr\/wp-content\/uploads\/2024\/12\/MICHELIN_202.png 1417w\" sizes=\"(max-width: 1024px) 100vw, 1024px\" \/><figcaption class=\"wp-element-caption\">PHOTOS ANMA \u00e0 d\u00e9couvrir ici : <a href=\"https:\/\/anma.fr\/fr\/projets\/cataroux\/\">https:\/\/anma.fr\/fr\/projets\/cataroux\/<\/a><\/figcaption><\/figure>\n\n\n\n<p style=\"font-size:17px\">Toujours dans les colonnes des \u00c9chos, nous pouvions lire les paroles de ce m\u00eame Florent Menegaux&nbsp;qui confirmait \u00ab&nbsp;<em>qu\u2019\u00e0 terme, nous d\u00e9m\u00e9nagerons l&#8217;ensemble de la production du site de Cataroux<\/em>&nbsp;\u00bb et le titre ajoutait que \u00ab&nbsp;<em>l\u2019\u00e9ch\u00e9ance n&#8217;est pas plus pr\u00e9cise et, contrairement \u00e0 beaucoup de fermetures de sites industriels, celle-ci ne provoque pas de lev\u00e9e de boucliers. Il faut dire que le site embl\u00e9matique du groupe inaugur\u00e9 en&nbsp;1921 n&#8217;abrite plus que la production des pneus de comp\u00e9tition et un atelier de m\u00e9langeage. Et \u00e0 peine 950 des quelque 10.000 salari\u00e9s de Bibendum \u00e0 Clermont-Ferrand, l\u00e0 o\u00f9, jadis, ils \u00e9taient plus de 4.000 \u00e0 s&#8217;affairer.<\/em>&nbsp;\u00bb<\/p>\n\n\n\n<figure class=\"wp-block-image size-large\"><img loading=\"lazy\" decoding=\"async\" width=\"1024\" height=\"680\" src=\"https:\/\/lignesauto.fr\/wp-content\/uploads\/2024\/12\/MICHELIN_204-1024x680.png\" alt=\"\" class=\"wp-image-37625\" srcset=\"https:\/\/lignesauto.fr\/wp-content\/uploads\/2024\/12\/MICHELIN_204-1024x680.png 1024w, https:\/\/lignesauto.fr\/wp-content\/uploads\/2024\/12\/MICHELIN_204-300x199.png 300w, https:\/\/lignesauto.fr\/wp-content\/uploads\/2024\/12\/MICHELIN_204-768x510.png 768w, https:\/\/lignesauto.fr\/wp-content\/uploads\/2024\/12\/MICHELIN_204.png 1417w\" sizes=\"(max-width: 1024px) 100vw, 1024px\" \/><figcaption class=\"wp-element-caption\">La reconversion de la halle 023 de Cataroux (23 hectares) est le coup d&#8217;envoi de la r\u00e9habilitation d&#8217;une dizaine d&#8217;autres b\u00e2timents. PHOTOS ANMA, \u00e0 d\u00e9couvrir ici : <a href=\"https:\/\/anma.fr\/fr\/projets\/ilo23\/\">https:\/\/anma.fr\/fr\/projets\/ilo23\/<\/a><\/figcaption><\/figure>\n\n\n\n<p style=\"font-size:17px\">La r\u00e9habilitation du b\u00e2timent 023 du site (ci-dessus et ci-dessous) a \u00e9t\u00e9 engag\u00e9e. Le site de la mairie pr\u00e9cise que &#8220;<em>le projet r\u00e9utilise un b\u00e2timent industriel existant pour un nouvel usage. Les constructions nouvelles sont int\u00e9gr\u00e9es dans sa trame structurelle. L\u2019op\u00e9ration accueille plusieurs locaux destin\u00e9s \u00e0 des activit\u00e9s de bureaux, de commerces et de services. Les bureaux sont situ\u00e9s en \u00e9tages bas de 3 immeubles d\u2019habitation collective et dans un b\u00e2timent autonome \u00e0 l\u2019Ouest de la halle existante. Les commerces sont situ\u00e9s \u00e0 rez-de-chauss\u00e9e sur un espace priv\u00e9, g\u00e9r\u00e9 par une Association Syndicale Libre (A.S.L.) mais ouvert au public. Enfin l\u2019op\u00e9ration pr\u00e9voit la cr\u00e9ation de 515 places de stationnement et environ 2000 m\u00b2 d\u2019espaces verts.&#8221;<\/em><\/p>\n\n\n\n<figure class=\"wp-block-image size-large\"><img loading=\"lazy\" decoding=\"async\" width=\"1024\" height=\"681\" src=\"http:\/\/lignesauto.fr\/wp-content\/uploads\/2024\/12\/MICHELIN_203-1024x681.png\" alt=\"\" class=\"wp-image-37619\" srcset=\"https:\/\/lignesauto.fr\/wp-content\/uploads\/2024\/12\/MICHELIN_203-1024x681.png 1024w, https:\/\/lignesauto.fr\/wp-content\/uploads\/2024\/12\/MICHELIN_203-300x199.png 300w, https:\/\/lignesauto.fr\/wp-content\/uploads\/2024\/12\/MICHELIN_203-768x511.png 768w, https:\/\/lignesauto.fr\/wp-content\/uploads\/2024\/12\/MICHELIN_203.png 1417w\" sizes=\"(max-width: 1024px) 100vw, 1024px\" \/><figcaption class=\"wp-element-caption\">PHOTOS ANMA, \u00e0 d\u00e9couvrir ici : <a href=\"https:\/\/anma.fr\/fr\/projets\/ilo23\/\">https:\/\/anma.fr\/fr\/projets\/ilo23\/<\/a><\/figcaption><\/figure>\n\n\n\n<p class=\"has-text-align-center\" style=\"font-size:18px\"><strong>POUR TOUT SAVOIR DE LA R\u00c9HABILITATION DE CATAROUX LES PISTES: <\/strong><\/p>\n\n\n\n<figure class=\"wp-block-embed is-type-video is-provider-youtube wp-block-embed-youtube wp-embed-aspect-16-9 wp-has-aspect-ratio\"><div class=\"wp-block-embed__wrapper\">\n<iframe loading=\"lazy\" title=\"D\u00e9couvrez le Projet du Parc Cataroux !\" width=\"640\" height=\"360\" src=\"https:\/\/www.youtube.com\/embed\/_PKiFBDKlBE?start=4&#038;feature=oembed\" frameborder=\"0\" allow=\"accelerometer; autoplay; clipboard-write; encrypted-media; gyroscope; picture-in-picture; web-share\" referrerpolicy=\"strict-origin-when-cross-origin\" allowfullscreen><\/iframe>\n<\/div><\/figure>\n\n\n\n<p style=\"font-size:17px\">Laissons les toboggans derri\u00e8re nous pour pousser les portes de l\u2019Aventure Michelin au 32 rue du Clos Four, \u00e0 Clermont-Ferrand ( <a href=\"https:\/\/laventure.michelin.com\">https:\/\/laventure.michelin.com<\/a> ). Je ne vais pas tout d\u00e9voiler de ce mus\u00e9e \u2013 encore que&#8230; &#8211; car la visite vaut vraiment le d\u00e9tour et pour seulement 12 euros, hors tarif enfant ou autres. Pensez-y lorsque vous ach\u00e8terez votre prochain paquet de cigarettes&#8230;<\/p>\n\n\n\n<figure class=\"wp-block-image size-large\"><img loading=\"lazy\" decoding=\"async\" width=\"991\" height=\"1024\" src=\"https:\/\/lignesauto.fr\/wp-content\/uploads\/2024\/12\/MICHELIN_53-991x1024.png\" alt=\"\" class=\"wp-image-37821\" srcset=\"https:\/\/lignesauto.fr\/wp-content\/uploads\/2024\/12\/MICHELIN_53-991x1024.png 991w, https:\/\/lignesauto.fr\/wp-content\/uploads\/2024\/12\/MICHELIN_53-290x300.png 290w, https:\/\/lignesauto.fr\/wp-content\/uploads\/2024\/12\/MICHELIN_53-768x793.png 768w, https:\/\/lignesauto.fr\/wp-content\/uploads\/2024\/12\/MICHELIN_53.png 1417w\" sizes=\"(max-width: 991px) 100vw, 991px\" \/><\/figure>\n\n\n\n<p style=\"font-size:17px\">Ah, au fait, je n\u2019ai rien gagn\u00e9 au loto en ce vendredi 13 d\u00e9cembre, mais tout gagn\u00e9 un certain jour de septembre 1979 en venant poser mes valises ici, chez Michelin ! Suite du sujet avec la visite de l&#8217;Aventure Michelin en partie 2.<\/p>\n\n\n<div class=\"wp-block-image\">\n<figure class=\"aligncenter size-full is-resized\"><img loading=\"lazy\" decoding=\"async\" width=\"1024\" height=\"288\" src=\"http:\/\/lignesauto.fr\/wp-content\/uploads\/2024\/11\/image-1.png\" alt=\"\" class=\"wp-image-36834\" style=\"width:518px;height:auto\" srcset=\"https:\/\/lignesauto.fr\/wp-content\/uploads\/2024\/11\/image-1.png 1024w, https:\/\/lignesauto.fr\/wp-content\/uploads\/2024\/11\/image-1-300x84.png 300w, https:\/\/lignesauto.fr\/wp-content\/uploads\/2024\/11\/image-1-768x216.png 768w\" sizes=\"(max-width: 1024px) 100vw, 1024px\" \/><\/figure><\/div>","protected":false},"excerpt":{"rendered":"<p>Avant de visiter l&#8217;Aventure Michelin au c\u0153ur de Clermont-Ferrand, voici l&#8217;autre raison pour laquelle je me suis rendu dans cette ville&#8230; En juillet 1979, je c\u00e9l\u00e8bre mon baccalaur\u00e9at de dessinateur industriel. Cerise sur ce g\u00e2teau, je sais depuis le mois de juin de cette ann\u00e9e-l\u00e0, que ma prochaine rentr\u00e9e \u00ab\u00a0scolaire\u00a0\u00bb [&hellip;]<\/p>\n","protected":false},"author":1,"featured_media":37699,"comment_status":"closed","ping_status":"closed","sticky":false,"template":"","format":"standard","meta":{"footnotes":""},"categories":[1],"tags":[],"_links":{"self":[{"href":"https:\/\/lignesauto.fr\/index.php?rest_route=\/wp\/v2\/posts\/37585"}],"collection":[{"href":"https:\/\/lignesauto.fr\/index.php?rest_route=\/wp\/v2\/posts"}],"about":[{"href":"https:\/\/lignesauto.fr\/index.php?rest_route=\/wp\/v2\/types\/post"}],"author":[{"embeddable":true,"href":"https:\/\/lignesauto.fr\/index.php?rest_route=\/wp\/v2\/users\/1"}],"replies":[{"embeddable":true,"href":"https:\/\/lignesauto.fr\/index.php?rest_route=%2Fwp%2Fv2%2Fcomments&post=37585"}],"version-history":[{"count":78,"href":"https:\/\/lignesauto.fr\/index.php?rest_route=\/wp\/v2\/posts\/37585\/revisions"}],"predecessor-version":[{"id":37835,"href":"https:\/\/lignesauto.fr\/index.php?rest_route=\/wp\/v2\/posts\/37585\/revisions\/37835"}],"wp:featuredmedia":[{"embeddable":true,"href":"https:\/\/lignesauto.fr\/index.php?rest_route=\/wp\/v2\/media\/37699"}],"wp:attachment":[{"href":"https:\/\/lignesauto.fr\/index.php?rest_route=%2Fwp%2Fv2%2Fmedia&parent=37585"}],"wp:term":[{"taxonomy":"category","embeddable":true,"href":"https:\/\/lignesauto.fr\/index.php?rest_route=%2Fwp%2Fv2%2Fcategories&post=37585"},{"taxonomy":"post_tag","embeddable":true,"href":"https:\/\/lignesauto.fr\/index.php?rest_route=%2Fwp%2Fv2%2Ftags&post=37585"}],"curies":[{"name":"wp","href":"https:\/\/api.w.org\/{rel}","templated":true}]}}