{"id":3778,"date":"2019-06-09T22:10:15","date_gmt":"2019-06-09T20:10:15","guid":{"rendered":"http:\/\/lignesauto.fr\/?p=3778"},"modified":"2019-06-10T16:47:09","modified_gmt":"2019-06-10T14:47:09","slug":"le-livre-1968-2018-les-50-ans-qui-ont-change-lautomobile-dispo-le-20-septembre","status":"publish","type":"post","link":"https:\/\/lignesauto.fr\/?p=3778","title":{"rendered":"50 ans de changements dans l&#8217;architecture et le design automobile : le livre."},"content":{"rendered":"<h3><strong><a href=\"http:\/\/lignesauto.fr\/wp-content\/uploads\/2018\/10\/LOGOActus_BD.jpg\"><img loading=\"lazy\" decoding=\"async\" class=\"alignnone size-medium wp-image-4921\" src=\"http:\/\/lignesauto.fr\/wp-content\/uploads\/2018\/10\/LOGOActus_BD-300x108.jpg\" alt=\"\" width=\"300\" height=\"108\" srcset=\"https:\/\/lignesauto.fr\/wp-content\/uploads\/2018\/10\/LOGOActus_BD-300x108.jpg 300w, https:\/\/lignesauto.fr\/wp-content\/uploads\/2018\/10\/LOGOActus_BD-768x276.jpg 768w, https:\/\/lignesauto.fr\/wp-content\/uploads\/2018\/10\/LOGOActus_BD-1024x367.jpg 1024w, https:\/\/lignesauto.fr\/wp-content\/uploads\/2018\/10\/LOGOActus_BD-370x133.jpg 370w, https:\/\/lignesauto.fr\/wp-content\/uploads\/2018\/10\/LOGOActus_BD-1040x373.jpg 1040w, https:\/\/lignesauto.fr\/wp-content\/uploads\/2018\/10\/LOGOActus_BD.jpg 1240w\" sizes=\"(max-width: 300px) 100vw, 300px\" \/><\/a><\/strong><\/h3>\n<h3><strong><br \/>\nVous pouvez commander ce livre\u00a0t\u00e9moin de 50 ann\u00e9es de changements dans l&#8217;architecture et le design automobile\u00a0<\/strong><strong>sur le site BJB \u00c9ditions \u00a0<a href=\"https:\/\/www.bjbeditions.com\/\">https:\/\/www.bjbeditions.com<\/a><\/strong><\/h3>\n<p><img loading=\"lazy\" decoding=\"async\" class=\"alignnone wp-image-4623 size-medium\" src=\"http:\/\/lignesauto.fr\/wp-content\/uploads\/2018\/09\/1-1COUVERTURE.50-ANS.BJB_-235x300.png\" alt=\"\" width=\"235\" height=\"300\" srcset=\"https:\/\/lignesauto.fr\/wp-content\/uploads\/2018\/09\/1-1COUVERTURE.50-ANS.BJB_-235x300.png 235w, https:\/\/lignesauto.fr\/wp-content\/uploads\/2018\/09\/1-1COUVERTURE.50-ANS.BJB_-768x979.png 768w, https:\/\/lignesauto.fr\/wp-content\/uploads\/2018\/09\/1-1COUVERTURE.50-ANS.BJB_-804x1024.png 804w, https:\/\/lignesauto.fr\/wp-content\/uploads\/2018\/09\/1-1COUVERTURE.50-ANS.BJB_-370x472.png 370w, https:\/\/lignesauto.fr\/wp-content\/uploads\/2018\/09\/1-1COUVERTURE.50-ANS.BJB_-1040x1325.png 1040w, https:\/\/lignesauto.fr\/wp-content\/uploads\/2018\/09\/1-1COUVERTURE.50-ANS.BJB_.png 1352w\" sizes=\"(max-width: 235px) 100vw, 235px\" \/><\/p>\n<p><strong>&#8220;1968 &#8211; 2018 : les 50 ans qui ont chang\u00e9 l&#8217;automobile&#8221;<\/strong><br \/>\n<em>De l\u2019apog\u00e9e des \u00ab\u00a0dream-cars\u00a0\u00bb de la fin des ann\u00e9es 1960 \u00e0 la voiture \u00e9lectrique autonome et connect\u00e9e d\u00e9j\u00e0 dans nos rues, ce livre \u00e9voque en huit chapitres les 50 ans qui ont chang\u00e9 l\u2019automobile sous l\u2019angle du design et de l\u2019architecture. Il anticipe \u00e9galement la mutation de la mobilit\u00e9 individuelle qui red\u00e9finit les bases m\u00eame de la possession et de l\u2019usage de l\u2019automobile dans un environnement futur totalement renouvel\u00e9 et in\u00e9dit.<\/em><\/p>\n<p><em><img loading=\"lazy\" decoding=\"async\" class=\"alignnone wp-image-3800 size-large\" src=\"http:\/\/lignesauto.fr\/wp-content\/uploads\/2018\/08\/10-1024x683.jpg\" alt=\"\" width=\"1024\" height=\"683\" srcset=\"https:\/\/lignesauto.fr\/wp-content\/uploads\/2018\/08\/10-1024x683.jpg 1024w, https:\/\/lignesauto.fr\/wp-content\/uploads\/2018\/08\/10-300x200.jpg 300w, https:\/\/lignesauto.fr\/wp-content\/uploads\/2018\/08\/10-768x512.jpg 768w, https:\/\/lignesauto.fr\/wp-content\/uploads\/2018\/08\/10-370x247.jpg 370w, https:\/\/lignesauto.fr\/wp-content\/uploads\/2018\/08\/10-1040x694.jpg 1040w, https:\/\/lignesauto.fr\/wp-content\/uploads\/2018\/08\/10.jpg 1754w\" sizes=\"(max-width: 1024px) 100vw, 1024px\" \/><\/em><\/p>\n<p><strong>LE LIVRE :<\/strong><br \/>\n<em>&#8220;1968-2018 : les 50 ans qui ont chang\u00e9 l&#8217;automobile&#8221;<\/em><br \/>\nAuteur : Christophe Bonnaud<br \/>\nMise en pages : Yves Le Ray<br \/>\n\u00c9ditions BJB<br \/>\nFormat : 330 x 240 mm &#8211; 212 pages<br \/>\nPrix : 69 euros<br \/>\nN\u00b0ISBN :\u00a0978-2-9555780-4-9<\/p>\n<p>&nbsp;<\/p>\n<h3><strong>SOMMAIRE<\/strong><\/h3>\n<h3><strong>Chapitre 1\u00a0: l\u2019apog\u00e9e des dream-cars (1968 \u2013 1972)<\/strong><\/h3>\n<p><img loading=\"lazy\" decoding=\"async\" class=\"alignnone wp-image-3789 size-large\" src=\"http:\/\/lignesauto.fr\/wp-content\/uploads\/2018\/08\/Capture-d\u2019\u00e9cran-2018-08-28-\u00e0-16.55.36-1024x682.png\" alt=\"\" width=\"1024\" height=\"682\" srcset=\"https:\/\/lignesauto.fr\/wp-content\/uploads\/2018\/08\/Capture-d\u2019\u00e9cran-2018-08-28-\u00e0-16.55.36-1024x682.png 1024w, https:\/\/lignesauto.fr\/wp-content\/uploads\/2018\/08\/Capture-d\u2019\u00e9cran-2018-08-28-\u00e0-16.55.36-300x200.png 300w, https:\/\/lignesauto.fr\/wp-content\/uploads\/2018\/08\/Capture-d\u2019\u00e9cran-2018-08-28-\u00e0-16.55.36-768x511.png 768w, https:\/\/lignesauto.fr\/wp-content\/uploads\/2018\/08\/Capture-d\u2019\u00e9cran-2018-08-28-\u00e0-16.55.36-370x246.png 370w, https:\/\/lignesauto.fr\/wp-content\/uploads\/2018\/08\/Capture-d\u2019\u00e9cran-2018-08-28-\u00e0-16.55.36-1040x692.png 1040w\" sizes=\"(max-width: 1024px) 100vw, 1024px\" \/><br \/>\n&#8211; Bertone Carabo et l\u2019histoire de la <em>carrozzeria\u00a0<\/em>Bertone<br \/>\n&#8211; Pininfarina Modulo et l\u2019histoire de la <em>carrozzeria\u00a0<\/em>Pininfarina<br \/>\n&#8211; Bizzarrini Manta et l\u2019histoire d\u2019Italdesign<br \/>\n&#8211; BMW Turbo et la griffe fran\u00e7aise (Paul Bracq)<\/p>\n<p><img loading=\"lazy\" decoding=\"async\" class=\"alignnone wp-image-4627 size-large\" src=\"http:\/\/lignesauto.fr\/wp-content\/uploads\/2018\/09\/4-Extrait.01-1024x713.png\" alt=\"\" width=\"1024\" height=\"713\" srcset=\"https:\/\/lignesauto.fr\/wp-content\/uploads\/2018\/09\/4-Extrait.01-1024x713.png 1024w, https:\/\/lignesauto.fr\/wp-content\/uploads\/2018\/09\/4-Extrait.01-300x209.png 300w, https:\/\/lignesauto.fr\/wp-content\/uploads\/2018\/09\/4-Extrait.01-768x535.png 768w, https:\/\/lignesauto.fr\/wp-content\/uploads\/2018\/09\/4-Extrait.01-370x258.png 370w, https:\/\/lignesauto.fr\/wp-content\/uploads\/2018\/09\/4-Extrait.01-1040x724.png 1040w, https:\/\/lignesauto.fr\/wp-content\/uploads\/2018\/09\/4-Extrait.01.png 1535w\" sizes=\"(max-width: 1024px) 100vw, 1024px\" \/><\/p>\n<p>&nbsp;<\/p>\n<h3><strong>Chapitre 2\u00a0: Le design de crise (1970 \u2013 1985)<\/strong><\/h3>\n<p><img loading=\"lazy\" decoding=\"async\" class=\"alignnone wp-image-3790 size-large\" src=\"http:\/\/lignesauto.fr\/wp-content\/uploads\/2018\/08\/Capture-d\u2019\u00e9cran-2018-08-28-\u00e0-16.55.53-1024x685.png\" alt=\"\" width=\"1024\" height=\"685\" srcset=\"https:\/\/lignesauto.fr\/wp-content\/uploads\/2018\/08\/Capture-d\u2019\u00e9cran-2018-08-28-\u00e0-16.55.53-1024x685.png 1024w, https:\/\/lignesauto.fr\/wp-content\/uploads\/2018\/08\/Capture-d\u2019\u00e9cran-2018-08-28-\u00e0-16.55.53-300x201.png 300w, https:\/\/lignesauto.fr\/wp-content\/uploads\/2018\/08\/Capture-d\u2019\u00e9cran-2018-08-28-\u00e0-16.55.53-768x513.png 768w, https:\/\/lignesauto.fr\/wp-content\/uploads\/2018\/08\/Capture-d\u2019\u00e9cran-2018-08-28-\u00e0-16.55.53-370x247.png 370w, https:\/\/lignesauto.fr\/wp-content\/uploads\/2018\/08\/Capture-d\u2019\u00e9cran-2018-08-28-\u00e0-16.55.53-1040x695.png 1040w\" sizes=\"(max-width: 1024px) 100vw, 1024px\" \/><br \/>\n&#8211; Le style de crise<br \/>\n&#8211; Les fran\u00e7ais \u00e0 la pointe<br \/>\n&#8211; Quand la s\u00e9curit\u00e9 impacte le design<br \/>\n&#8211; Des concepts dans le vent<\/p>\n<p><img loading=\"lazy\" decoding=\"async\" class=\"alignnone wp-image-4628 size-large\" src=\"http:\/\/lignesauto.fr\/wp-content\/uploads\/2018\/09\/5-Extrait.02-1024x710.png\" alt=\"\" width=\"1024\" height=\"710\" srcset=\"https:\/\/lignesauto.fr\/wp-content\/uploads\/2018\/09\/5-Extrait.02-1024x710.png 1024w, https:\/\/lignesauto.fr\/wp-content\/uploads\/2018\/09\/5-Extrait.02-300x208.png 300w, https:\/\/lignesauto.fr\/wp-content\/uploads\/2018\/09\/5-Extrait.02-768x532.png 768w, https:\/\/lignesauto.fr\/wp-content\/uploads\/2018\/09\/5-Extrait.02-370x256.png 370w, https:\/\/lignesauto.fr\/wp-content\/uploads\/2018\/09\/5-Extrait.02-1040x721.png 1040w, https:\/\/lignesauto.fr\/wp-content\/uploads\/2018\/09\/5-Extrait.02.png 1788w\" sizes=\"(max-width: 1024px) 100vw, 1024px\" \/><\/p>\n<h3><strong>Chapitre 3\u00a0: Du style bio au beau (1980 \u2013 2000)<\/strong><\/h3>\n<p><img loading=\"lazy\" decoding=\"async\" class=\"alignnone wp-image-3791 size-large\" src=\"http:\/\/lignesauto.fr\/wp-content\/uploads\/2018\/08\/Capture-d\u2019\u00e9cran-2018-08-28-\u00e0-16.56.04-1024x688.png\" alt=\"\" width=\"1024\" height=\"688\" srcset=\"https:\/\/lignesauto.fr\/wp-content\/uploads\/2018\/08\/Capture-d\u2019\u00e9cran-2018-08-28-\u00e0-16.56.04-1024x688.png 1024w, https:\/\/lignesauto.fr\/wp-content\/uploads\/2018\/08\/Capture-d\u2019\u00e9cran-2018-08-28-\u00e0-16.56.04-300x202.png 300w, https:\/\/lignesauto.fr\/wp-content\/uploads\/2018\/08\/Capture-d\u2019\u00e9cran-2018-08-28-\u00e0-16.56.04-768x516.png 768w, https:\/\/lignesauto.fr\/wp-content\/uploads\/2018\/08\/Capture-d\u2019\u00e9cran-2018-08-28-\u00e0-16.56.04-370x249.png 370w, https:\/\/lignesauto.fr\/wp-content\/uploads\/2018\/08\/Capture-d\u2019\u00e9cran-2018-08-28-\u00e0-16.56.04-1040x699.png 1040w\" sizes=\"(max-width: 1024px) 100vw, 1024px\" \/><br \/>\n&#8211; Quand le rond s\u2019invite<br \/>\n&#8211; Du bio mollasson\u2026<br \/>\n&#8211; \u2026au bio structur\u00e9<br \/>\n&#8211; L\u2019antith\u00e8se du bio<br \/>\n&#8211; Le bio aquatique de l\u2019apr\u00e8s 2000<\/p>\n<p><img loading=\"lazy\" decoding=\"async\" class=\"alignnone wp-image-4629 size-large\" src=\"http:\/\/lignesauto.fr\/wp-content\/uploads\/2018\/09\/6-Extrait.03-1024x716.png\" alt=\"\" width=\"1024\" height=\"716\" srcset=\"https:\/\/lignesauto.fr\/wp-content\/uploads\/2018\/09\/6-Extrait.03-1024x716.png 1024w, https:\/\/lignesauto.fr\/wp-content\/uploads\/2018\/09\/6-Extrait.03-300x210.png 300w, https:\/\/lignesauto.fr\/wp-content\/uploads\/2018\/09\/6-Extrait.03-768x537.png 768w, https:\/\/lignesauto.fr\/wp-content\/uploads\/2018\/09\/6-Extrait.03-370x259.png 370w, https:\/\/lignesauto.fr\/wp-content\/uploads\/2018\/09\/6-Extrait.03-1040x727.png 1040w, https:\/\/lignesauto.fr\/wp-content\/uploads\/2018\/09\/6-Extrait.03.png 1786w\" sizes=\"(max-width: 1024px) 100vw, 1024px\" \/><\/p>\n<p>&nbsp;<\/p>\n<h3><strong>Chapitre 4\u00a0: Nouveaux concepts d\u2019architecture (1990 \u2013 2010)<\/strong><\/h3>\n<p><img loading=\"lazy\" decoding=\"async\" class=\"alignnone wp-image-3793 size-large\" src=\"http:\/\/lignesauto.fr\/wp-content\/uploads\/2018\/08\/Capture-d\u2019\u00e9cran-2018-08-28-\u00e0-16.56.15-1024x690.png\" alt=\"\" width=\"1024\" height=\"690\" srcset=\"https:\/\/lignesauto.fr\/wp-content\/uploads\/2018\/08\/Capture-d\u2019\u00e9cran-2018-08-28-\u00e0-16.56.15-1024x690.png 1024w, https:\/\/lignesauto.fr\/wp-content\/uploads\/2018\/08\/Capture-d\u2019\u00e9cran-2018-08-28-\u00e0-16.56.15-300x202.png 300w, https:\/\/lignesauto.fr\/wp-content\/uploads\/2018\/08\/Capture-d\u2019\u00e9cran-2018-08-28-\u00e0-16.56.15-768x517.png 768w, https:\/\/lignesauto.fr\/wp-content\/uploads\/2018\/08\/Capture-d\u2019\u00e9cran-2018-08-28-\u00e0-16.56.15-370x249.png 370w, https:\/\/lignesauto.fr\/wp-content\/uploads\/2018\/08\/Capture-d\u2019\u00e9cran-2018-08-28-\u00e0-16.56.15-1040x700.png 1040w\" sizes=\"(max-width: 1024px) 100vw, 1024px\" \/><\/p>\n<p>&#8211; Les monospaces d\u00e9barquent<br \/>\n&#8211; Bienvenue \u00e0 bord<br \/>\n&#8211; De l\u2019auto-moto \u00e0 la mini urbaine<br \/>\n&#8211; Les voitures modulaires<br \/>\n&#8211; Pilotage central<\/p>\n<p>&nbsp;<\/p>\n<h3><strong>Chapitre 5\u00a0: Le retour des ic\u00f4nes (1995 \u2013 2018)<\/strong><\/h3>\n<p><img loading=\"lazy\" decoding=\"async\" class=\"alignnone wp-image-3792 size-large\" src=\"http:\/\/lignesauto.fr\/wp-content\/uploads\/2018\/08\/Capture-d\u2019\u00e9cran-2018-08-28-\u00e0-16.56.26-1024x671.png\" alt=\"\" width=\"1024\" height=\"671\" srcset=\"https:\/\/lignesauto.fr\/wp-content\/uploads\/2018\/08\/Capture-d\u2019\u00e9cran-2018-08-28-\u00e0-16.56.26-1024x671.png 1024w, https:\/\/lignesauto.fr\/wp-content\/uploads\/2018\/08\/Capture-d\u2019\u00e9cran-2018-08-28-\u00e0-16.56.26-300x197.png 300w, https:\/\/lignesauto.fr\/wp-content\/uploads\/2018\/08\/Capture-d\u2019\u00e9cran-2018-08-28-\u00e0-16.56.26-768x504.png 768w, https:\/\/lignesauto.fr\/wp-content\/uploads\/2018\/08\/Capture-d\u2019\u00e9cran-2018-08-28-\u00e0-16.56.26-370x243.png 370w, https:\/\/lignesauto.fr\/wp-content\/uploads\/2018\/08\/Capture-d\u2019\u00e9cran-2018-08-28-\u00e0-16.56.26-1040x682.png 1040w\" sizes=\"(max-width: 1024px) 100vw, 1024px\" \/><br \/>\n&#8211; Fiat\u00a0: de la Trepiuno \u00e0 la 500<br \/>\n&#8211; Les ic\u00f4nes fran\u00e7aises \u00e0 l\u2019arr\u00eat<br \/>\n&#8211; Les stars VW bien pr\u00e9sentes<br \/>\n&#8211; Quand la Mini devient une marque<br \/>\n&#8211; GT\u00a0: le blason immortel<br \/>\n&#8211; Renault 5 et Alpine de retour<br \/>\n&#8211; Les inalt\u00e9rables qui ont travers\u00e9 le temps<\/p>\n<p><strong>\u00a0<\/strong><\/p>\n<h3><strong>Chapitre 6\u00a0: Vers l\u2019automobile \u00e9lectrique et autonome (2010 \u2013 2018)<\/strong><\/h3>\n<p><img loading=\"lazy\" decoding=\"async\" class=\"alignnone wp-image-3794 size-large\" src=\"http:\/\/lignesauto.fr\/wp-content\/uploads\/2018\/08\/Capture-d\u2019\u00e9cran-2018-08-28-\u00e0-16.56.37-1024x683.png\" alt=\"\" width=\"1024\" height=\"683\" srcset=\"https:\/\/lignesauto.fr\/wp-content\/uploads\/2018\/08\/Capture-d\u2019\u00e9cran-2018-08-28-\u00e0-16.56.37-1024x683.png 1024w, https:\/\/lignesauto.fr\/wp-content\/uploads\/2018\/08\/Capture-d\u2019\u00e9cran-2018-08-28-\u00e0-16.56.37-300x200.png 300w, https:\/\/lignesauto.fr\/wp-content\/uploads\/2018\/08\/Capture-d\u2019\u00e9cran-2018-08-28-\u00e0-16.56.37-768x512.png 768w, https:\/\/lignesauto.fr\/wp-content\/uploads\/2018\/08\/Capture-d\u2019\u00e9cran-2018-08-28-\u00e0-16.56.37-370x247.png 370w, https:\/\/lignesauto.fr\/wp-content\/uploads\/2018\/08\/Capture-d\u2019\u00e9cran-2018-08-28-\u00e0-16.56.37-1040x694.png 1040w\" sizes=\"(max-width: 1024px) 100vw, 1024px\" \/><br \/>\n&#8211; L\u2019\u00e9lectrique conquiert le XXI<sup>e<\/sup>si\u00e8cle<br \/>\n&#8211; Hybride\u00a0: de l\u2019urbaine \u00e0 la <em>supercar<\/em><br \/>\n&#8211; L\u2019hydrog\u00e8ne pour un design mutant<br \/>\n&#8211; En route vers la voiture autonome<strong><br \/>\n<\/strong><\/p>\n<p><strong>\u00a0<img loading=\"lazy\" decoding=\"async\" class=\"alignnone wp-image-4630 size-large\" src=\"http:\/\/lignesauto.fr\/wp-content\/uploads\/2018\/09\/7-Extrait.04-1024x725.png\" alt=\"\" width=\"1024\" height=\"725\" srcset=\"https:\/\/lignesauto.fr\/wp-content\/uploads\/2018\/09\/7-Extrait.04-1024x725.png 1024w, https:\/\/lignesauto.fr\/wp-content\/uploads\/2018\/09\/7-Extrait.04-300x212.png 300w, https:\/\/lignesauto.fr\/wp-content\/uploads\/2018\/09\/7-Extrait.04-768x544.png 768w, https:\/\/lignesauto.fr\/wp-content\/uploads\/2018\/09\/7-Extrait.04-370x262.png 370w, https:\/\/lignesauto.fr\/wp-content\/uploads\/2018\/09\/7-Extrait.04-1040x736.png 1040w, https:\/\/lignesauto.fr\/wp-content\/uploads\/2018\/09\/7-Extrait.04.png 1764w\" sizes=\"(max-width: 1024px) 100vw, 1024px\" \/><\/strong><\/p>\n<h3><em><strong>Chapitre bonus (de 16 pages) d\u00e9di\u00e9 \u00e0 la naissance du concept-car Peugeot e-LEGEND , star du Mondial 2018<\/strong><\/em><\/h3>\n<p><img loading=\"lazy\" decoding=\"async\" class=\"alignnone wp-image-4636 size-large\" src=\"http:\/\/lignesauto.fr\/wp-content\/uploads\/2018\/09\/2058604-csxalahvud-1024x683.jpg\" alt=\"\" width=\"1024\" height=\"683\" srcset=\"https:\/\/lignesauto.fr\/wp-content\/uploads\/2018\/09\/2058604-csxalahvud-1024x683.jpg 1024w, https:\/\/lignesauto.fr\/wp-content\/uploads\/2018\/09\/2058604-csxalahvud-300x200.jpg 300w, https:\/\/lignesauto.fr\/wp-content\/uploads\/2018\/09\/2058604-csxalahvud-768x512.jpg 768w, https:\/\/lignesauto.fr\/wp-content\/uploads\/2018\/09\/2058604-csxalahvud-370x247.jpg 370w, https:\/\/lignesauto.fr\/wp-content\/uploads\/2018\/09\/2058604-csxalahvud-1040x694.jpg 1040w\" sizes=\"(max-width: 1024px) 100vw, 1024px\" \/><\/p>\n<p>&nbsp;<\/p>\n<h3><strong>Chapitre 7\u00a0: Naissance d\u2019une automobile (2018)<\/strong><\/h3>\n<p><img loading=\"lazy\" decoding=\"async\" class=\"alignnone wp-image-3795 size-large\" src=\"http:\/\/lignesauto.fr\/wp-content\/uploads\/2018\/08\/Capture-d\u2019\u00e9cran-2018-08-28-\u00e0-16.56.51-1024x681.png\" alt=\"\" width=\"1024\" height=\"681\" srcset=\"https:\/\/lignesauto.fr\/wp-content\/uploads\/2018\/08\/Capture-d\u2019\u00e9cran-2018-08-28-\u00e0-16.56.51-1024x681.png 1024w, https:\/\/lignesauto.fr\/wp-content\/uploads\/2018\/08\/Capture-d\u2019\u00e9cran-2018-08-28-\u00e0-16.56.51-300x199.png 300w, https:\/\/lignesauto.fr\/wp-content\/uploads\/2018\/08\/Capture-d\u2019\u00e9cran-2018-08-28-\u00e0-16.56.51-768x511.png 768w, https:\/\/lignesauto.fr\/wp-content\/uploads\/2018\/08\/Capture-d\u2019\u00e9cran-2018-08-28-\u00e0-16.56.51-370x246.png 370w, https:\/\/lignesauto.fr\/wp-content\/uploads\/2018\/08\/Capture-d\u2019\u00e9cran-2018-08-28-\u00e0-16.56.51-1040x691.png 1040w\" sizes=\"(max-width: 1024px) 100vw, 1024px\" \/><br \/>\n&#8211; Les \u00e9tapes cl\u00e9s du design<br \/>\n&#8211; Planning serr\u00e9<br \/>\n&#8211; L\u2019usine du futur se pr\u00e9pare aujourd\u2019hui<br \/>\n&#8211; Ateliers de r\u00eave<\/p>\n<p>&nbsp;<\/p>\n<h3><strong>Chapitre 8\u00a0: Vers la nouvelle mobilit\u00e9 (2018 \u2013 2038)<\/strong><\/h3>\n<p><img loading=\"lazy\" decoding=\"async\" class=\"alignnone wp-image-3797 size-large\" src=\"http:\/\/lignesauto.fr\/wp-content\/uploads\/2018\/08\/Capture-d\u2019\u00e9cran-2018-08-28-\u00e0-16.57.02-1024x690.png\" alt=\"\" width=\"1024\" height=\"690\" srcset=\"https:\/\/lignesauto.fr\/wp-content\/uploads\/2018\/08\/Capture-d\u2019\u00e9cran-2018-08-28-\u00e0-16.57.02-1024x690.png 1024w, https:\/\/lignesauto.fr\/wp-content\/uploads\/2018\/08\/Capture-d\u2019\u00e9cran-2018-08-28-\u00e0-16.57.02-300x202.png 300w, https:\/\/lignesauto.fr\/wp-content\/uploads\/2018\/08\/Capture-d\u2019\u00e9cran-2018-08-28-\u00e0-16.57.02-768x518.png 768w, https:\/\/lignesauto.fr\/wp-content\/uploads\/2018\/08\/Capture-d\u2019\u00e9cran-2018-08-28-\u00e0-16.57.02-370x249.png 370w, https:\/\/lignesauto.fr\/wp-content\/uploads\/2018\/08\/Capture-d\u2019\u00e9cran-2018-08-28-\u00e0-16.57.02-1040x701.png 1040w\" sizes=\"(max-width: 1024px) 100vw, 1024px\" \/><\/p>\n<p>&#8211; La mutation de la mobilit\u00e9<\/p>\n<p><img loading=\"lazy\" decoding=\"async\" class=\"alignnone wp-image-4631 size-large\" src=\"http:\/\/lignesauto.fr\/wp-content\/uploads\/2018\/09\/8-Extrait.05-1024x718.png\" alt=\"\" width=\"1024\" height=\"718\" srcset=\"https:\/\/lignesauto.fr\/wp-content\/uploads\/2018\/09\/8-Extrait.05-1024x718.png 1024w, https:\/\/lignesauto.fr\/wp-content\/uploads\/2018\/09\/8-Extrait.05-300x210.png 300w, https:\/\/lignesauto.fr\/wp-content\/uploads\/2018\/09\/8-Extrait.05-768x539.png 768w, https:\/\/lignesauto.fr\/wp-content\/uploads\/2018\/09\/8-Extrait.05-370x260.png 370w, https:\/\/lignesauto.fr\/wp-content\/uploads\/2018\/09\/8-Extrait.05-1040x729.png 1040w, https:\/\/lignesauto.fr\/wp-content\/uploads\/2018\/09\/8-Extrait.05.png 1768w\" sizes=\"(max-width: 1024px) 100vw, 1024px\" \/><\/p>\n<p><a href=\"http:\/\/lignesauto.fr\/wp-content\/uploads\/2018\/10\/LOGOActus_BD.jpg\"><img loading=\"lazy\" decoding=\"async\" class=\"alignnone size-medium wp-image-4921\" src=\"http:\/\/lignesauto.fr\/wp-content\/uploads\/2018\/10\/LOGOActus_BD-300x108.jpg\" alt=\"\" width=\"300\" height=\"108\" srcset=\"https:\/\/lignesauto.fr\/wp-content\/uploads\/2018\/10\/LOGOActus_BD-300x108.jpg 300w, https:\/\/lignesauto.fr\/wp-content\/uploads\/2018\/10\/LOGOActus_BD-768x276.jpg 768w, https:\/\/lignesauto.fr\/wp-content\/uploads\/2018\/10\/LOGOActus_BD-1024x367.jpg 1024w, https:\/\/lignesauto.fr\/wp-content\/uploads\/2018\/10\/LOGOActus_BD-370x133.jpg 370w, https:\/\/lignesauto.fr\/wp-content\/uploads\/2018\/10\/LOGOActus_BD-1040x373.jpg 1040w, https:\/\/lignesauto.fr\/wp-content\/uploads\/2018\/10\/LOGOActus_BD.jpg 1240w\" sizes=\"(max-width: 300px) 100vw, 300px\" \/><\/a><\/p>\n","protected":false},"excerpt":{"rendered":"<p>Vous pouvez commander ce livre\u00a0t\u00e9moin de 50 ann\u00e9es de changements dans l&#8217;architecture et le design automobile\u00a0sur le site BJB \u00c9ditions \u00a0https:\/\/www.bjbeditions.com &#8220;1968 &#8211; 2018 : les 50 ans qui ont chang\u00e9 l&#8217;automobile&#8221; De l\u2019apog\u00e9e des \u00ab\u00a0dream-cars\u00a0\u00bb de la fin des ann\u00e9es 1960 \u00e0 la voiture \u00e9lectrique autonome et connect\u00e9e d\u00e9j\u00e0 [&hellip;]<\/p>\n","protected":false},"author":1,"featured_media":4623,"comment_status":"open","ping_status":"open","sticky":false,"template":"","format":"standard","meta":{"footnotes":""},"categories":[1],"tags":[],"_links":{"self":[{"href":"https:\/\/lignesauto.fr\/index.php?rest_route=\/wp\/v2\/posts\/3778"}],"collection":[{"href":"https:\/\/lignesauto.fr\/index.php?rest_route=\/wp\/v2\/posts"}],"about":[{"href":"https:\/\/lignesauto.fr\/index.php?rest_route=\/wp\/v2\/types\/post"}],"author":[{"embeddable":true,"href":"https:\/\/lignesauto.fr\/index.php?rest_route=\/wp\/v2\/users\/1"}],"replies":[{"embeddable":true,"href":"https:\/\/lignesauto.fr\/index.php?rest_route=%2Fwp%2Fv2%2Fcomments&post=3778"}],"version-history":[{"count":29,"href":"https:\/\/lignesauto.fr\/index.php?rest_route=\/wp\/v2\/posts\/3778\/revisions"}],"predecessor-version":[{"id":3883,"href":"https:\/\/lignesauto.fr\/index.php?rest_route=\/wp\/v2\/posts\/3778\/revisions\/3883"}],"wp:featuredmedia":[{"embeddable":true,"href":"https:\/\/lignesauto.fr\/index.php?rest_route=\/wp\/v2\/media\/4623"}],"wp:attachment":[{"href":"https:\/\/lignesauto.fr\/index.php?rest_route=%2Fwp%2Fv2%2Fmedia&parent=3778"}],"wp:term":[{"taxonomy":"category","embeddable":true,"href":"https:\/\/lignesauto.fr\/index.php?rest_route=%2Fwp%2Fv2%2Fcategories&post=3778"},{"taxonomy":"post_tag","embeddable":true,"href":"https:\/\/lignesauto.fr\/index.php?rest_route=%2Fwp%2Fv2%2Ftags&post=3778"}],"curies":[{"name":"wp","href":"https:\/\/api.w.org\/{rel}","templated":true}]}}