{"id":38403,"date":"2025-02-03T08:19:06","date_gmt":"2025-02-03T07:19:06","guid":{"rendered":"https:\/\/lignesauto.fr\/?p=38403"},"modified":"2025-02-03T08:19:06","modified_gmt":"2025-02-03T07:19:06","slug":"dossier-architecture-et-automobile-partie-1-integration-de-lautomobile-dans-lhabitat","status":"publish","type":"post","link":"https:\/\/lignesauto.fr\/?p=38403","title":{"rendered":"Dossier Architecture et Automobile &#8211; Partie 1\u00a0: int\u00e9gration de l\u2019automobile dans l\u2019habitat"},"content":{"rendered":"<div class=\"wp-block-image\">\n<figure class=\"aligncenter size-full is-resized\"><img loading=\"lazy\" decoding=\"async\" width=\"1024\" height=\"288\" src=\"http:\/\/lignesauto.fr\/wp-content\/uploads\/2025\/01\/image.png\" alt=\"\" class=\"wp-image-38287\" style=\"width:490px;height:auto\" srcset=\"https:\/\/lignesauto.fr\/wp-content\/uploads\/2025\/01\/image.png 1024w, https:\/\/lignesauto.fr\/wp-content\/uploads\/2025\/01\/image-300x84.png 300w, https:\/\/lignesauto.fr\/wp-content\/uploads\/2025\/01\/image-768x216.png 768w\" sizes=\"(max-width: 1024px) 100vw, 1024px\" \/><\/figure><\/div>\n\n\n<figure class=\"wp-block-image size-large\"><img loading=\"lazy\" decoding=\"async\" width=\"1024\" height=\"671\" src=\"https:\/\/lignesauto.fr\/wp-content\/uploads\/2025\/01\/CARCHITECTURE_04-1024x671.png\" alt=\"\" class=\"wp-image-38602\" srcset=\"https:\/\/lignesauto.fr\/wp-content\/uploads\/2025\/01\/CARCHITECTURE_04-1024x671.png 1024w, https:\/\/lignesauto.fr\/wp-content\/uploads\/2025\/01\/CARCHITECTURE_04-300x197.png 300w, https:\/\/lignesauto.fr\/wp-content\/uploads\/2025\/01\/CARCHITECTURE_04-768x504.png 768w, https:\/\/lignesauto.fr\/wp-content\/uploads\/2025\/01\/CARCHITECTURE_04.png 1417w\" sizes=\"(max-width: 1024px) 100vw, 1024px\" \/><figcaption class=\"wp-element-caption\">Carnet de croquis de St\u00e9phane Janin sur le th\u00e8me &#8216;carchitecture&#8217; : l&#8217;automobile int\u00e9gr\u00e9e dans l&#8217;environnement urbain.<\/figcaption><\/figure>\n\n\n\n<p style=\"font-size:17px\">Peut-on fusionner l\u2019univers automobile avec celui de l\u2019architecture, en int\u00e9grant la voiture dans l\u2019habitat ? Doit-on miser sur ce concept appel\u00e9 &#8216;<em>carchitecture<\/em>&#8216;&nbsp;? Chez Renault, voici une petite d\u00e9cennie, on expliquait qu\u2019il \u00ab <em>s\u2019agit de faire en sorte que l\u2019automobile soit en harmonie avec son environnement, au sens large du terme. Fusionner l\u2019automobile et l\u2019habitat d\u00e9gage une symbolique qui va dans ce sens.<\/em>&nbsp;\u00bb<\/p>\n\n\n\n<figure class=\"wp-block-image size-large\"><img loading=\"lazy\" decoding=\"async\" width=\"1024\" height=\"732\" src=\"https:\/\/lignesauto.fr\/wp-content\/uploads\/2025\/01\/06-1024x732.png\" alt=\"\" class=\"wp-image-38498\" srcset=\"https:\/\/lignesauto.fr\/wp-content\/uploads\/2025\/01\/06-1024x732.png 1024w, https:\/\/lignesauto.fr\/wp-content\/uploads\/2025\/01\/06-300x214.png 300w, https:\/\/lignesauto.fr\/wp-content\/uploads\/2025\/01\/06-768x549.png 768w, https:\/\/lignesauto.fr\/wp-content\/uploads\/2025\/01\/06.png 1417w\" sizes=\"(max-width: 1024px) 100vw, 1024px\" \/><figcaption class=\"wp-element-caption\">Esquisse de St\u00e9phane Janin lors de l&#8217;\u00e9tude du concept-car Symbioz (2016)<\/figcaption><\/figure>\n\n\n\n<p style=\"font-size:17px\">Et la &#8216;maison Renault&#8217; ci-dessous qui en a d\u00e9coul\u00e9 en 2016, avec le concept-car SymbioZ, concr\u00e9tisait cette vision invent\u00e9e. Il faut bien admettre que l\u2019\u00e9lan de la voiture \u00e0 d\u00e9l\u00e9gation de conduite, dot\u00e9e d\u2019un habitacle pens\u00e9 comme un cocon, a pouss\u00e9 bon nombre de designers \u00e0 imaginer introduire notre compagne de libert\u00e9 individuelle dans l&#8217;habitat du futur.<\/p>\n\n\n\n<figure class=\"wp-block-image size-large is-resized\"><img loading=\"lazy\" decoding=\"async\" width=\"1024\" height=\"546\" src=\"https:\/\/lignesauto.fr\/wp-content\/uploads\/2025\/01\/CARCHITECTURE_401-1024x546.png\" alt=\"\" class=\"wp-image-38517\" style=\"width:840px;height:auto\" srcset=\"https:\/\/lignesauto.fr\/wp-content\/uploads\/2025\/01\/CARCHITECTURE_401-1024x546.png 1024w, https:\/\/lignesauto.fr\/wp-content\/uploads\/2025\/01\/CARCHITECTURE_401-300x160.png 300w, https:\/\/lignesauto.fr\/wp-content\/uploads\/2025\/01\/CARCHITECTURE_401-768x409.png 768w, https:\/\/lignesauto.fr\/wp-content\/uploads\/2025\/01\/CARCHITECTURE_401.png 1417w\" sizes=\"(max-width: 1024px) 100vw, 1024px\" \/><figcaption class=\"wp-element-caption\">Concept-car SymbioZ et la maison con\u00e7ue pour son int\u00e9gration comme un nouvelle pi\u00e8ce d&#8217;habitation. <\/figcaption><\/figure>\n\n\n\n<p style=\"font-size:17px\">Du futur&nbsp;? Pas vraiment puisque certains amateurs de belles automobiles les entreposent d\u00e9j\u00e0 dans leur salon&nbsp;! Et que dire du premier projet de la Porsche Design Tower (ci-dessous) finalis\u00e9 il y a onze ans&nbsp;: une tour haute de pr\u00e8s de 200 m implant\u00e9e \u00e0 Miami \u00ab&nbsp;<em>avec un ascenseur sp\u00e9cial pour voitures dans un b\u00e2timent unique.<\/em>&nbsp;\u00bb L\u2019ascenseur embarque votre 911 jusque dans votre appartement. Mais aux derni\u00e8res nouvelles, une \u00e9tude de l&#8217;universit\u00e9 de la ville a d\u00e9montr\u00e9 que pas moins de 35 b\u00e2timents luxueux construits le long des zones c\u00f4ti\u00e8res s\u2019enfoncent chaque ann\u00e9e de plus de 5 cm, et notamment, cette fameuse tour Porsche&nbsp;! A\u00efe !<\/p>\n\n\n\n<figure class=\"wp-block-image size-large\"><img loading=\"lazy\" decoding=\"async\" width=\"1024\" height=\"576\" src=\"https:\/\/lignesauto.fr\/wp-content\/uploads\/2025\/01\/CARCHITECTURE_999-1024x576.png\" alt=\"\" class=\"wp-image-38419\" srcset=\"https:\/\/lignesauto.fr\/wp-content\/uploads\/2025\/01\/CARCHITECTURE_999-1024x576.png 1024w, https:\/\/lignesauto.fr\/wp-content\/uploads\/2025\/01\/CARCHITECTURE_999-300x169.png 300w, https:\/\/lignesauto.fr\/wp-content\/uploads\/2025\/01\/CARCHITECTURE_999-768x432.png 768w, https:\/\/lignesauto.fr\/wp-content\/uploads\/2025\/01\/CARCHITECTURE_999.png 1417w\" sizes=\"(max-width: 1024px) 100vw, 1024px\" \/><\/figure>\n\n\n\n<p style=\"font-size:17px\">Ce dossier sur l\u2019architecture et l\u2019automobile se pr\u00e9sente en deux volets. Vous lirez ci-dessous l\u2019interview du designer St\u00e9phane Janin* qui approfondit ses r\u00e9flexions sur ce th\u00e8me &#8216;<em>carchitecture&#8217;<\/em>. Vous pourrez lire ensuite la seconde partie de ce dossier qui prend appui sur une autre th\u00e9matique&nbsp;: un projet de design automobile inspir\u00e9 d\u2019une c\u00e9l\u00e8bre maison d\u2019un nom moins c\u00e9l\u00e8bre architecte. Vous \u00eates pr\u00eats&nbsp;? Ouvrons les portes de ce nouvel univers o\u00f9 voiture et habitat tentent de ne faire qu\u2019un&#8230;<\/p>\n\n\n\n<figure class=\"wp-block-image size-large\"><img loading=\"lazy\" decoding=\"async\" width=\"959\" height=\"1024\" src=\"https:\/\/lignesauto.fr\/wp-content\/uploads\/2025\/01\/GAC_11-959x1024.png\" alt=\"\" class=\"wp-image-38451\" srcset=\"https:\/\/lignesauto.fr\/wp-content\/uploads\/2025\/01\/GAC_11-959x1024.png 959w, https:\/\/lignesauto.fr\/wp-content\/uploads\/2025\/01\/GAC_11-281x300.png 281w, https:\/\/lignesauto.fr\/wp-content\/uploads\/2025\/01\/GAC_11-768x820.png 768w, https:\/\/lignesauto.fr\/wp-content\/uploads\/2025\/01\/GAC_11.png 1417w\" sizes=\"(max-width: 959px) 100vw, 959px\" \/><\/figure>\n\n\n\n<p style=\"font-size:17px\"><em>*St\u00e9phane Janin est aujourd&#8217;hui le responsable du studio de design avanc\u00e9 implant\u00e9 en Italie, annexe europ\u00e9enne du constructeur chinois GAC (ci-dessus). De Guyancourt \u00e0 Milan, du Japon \u00e0 Guangzhou en Chine, St\u00e9phane Janin a notamment \u00e9t\u00e9 responsable de l&#8217;avance de phase et des concept-cars chez Renault<\/em> <em>et a \u0153uvr\u00e9 chez Inifniti<\/em>.<\/p>\n\n\n\n<figure class=\"wp-block-image size-large\"><img loading=\"lazy\" decoding=\"async\" width=\"1024\" height=\"822\" src=\"https:\/\/lignesauto.fr\/wp-content\/uploads\/2025\/01\/CARCHITECTURE_213-1024x822.png\" alt=\"\" class=\"wp-image-38437\" srcset=\"https:\/\/lignesauto.fr\/wp-content\/uploads\/2025\/01\/CARCHITECTURE_213-1024x822.png 1024w, https:\/\/lignesauto.fr\/wp-content\/uploads\/2025\/01\/CARCHITECTURE_213-300x241.png 300w, https:\/\/lignesauto.fr\/wp-content\/uploads\/2025\/01\/CARCHITECTURE_213-768x616.png 768w, https:\/\/lignesauto.fr\/wp-content\/uploads\/2025\/01\/CARCHITECTURE_213.png 1417w\" sizes=\"(max-width: 1024px) 100vw, 1024px\" \/><\/figure>\n\n\n\n<p style=\"font-size:17px\"><strong>Comme designer du concept-car SymbioZ de 2016 (ci-dessus), lorsque vous \u00e9tiez chez Renault, le th\u00e8me de &#8216;<em>carchitecture<\/em>&#8216; vous parle&nbsp;!<\/strong><br>St\u00e9phane Janin : \u00ab&nbsp;\u00e7a fait des ann\u00e9es que je travaille sur ce th\u00e8me, en temps libre, et j\u2019aimerais bien r\u00e9diger un ouvrage que je pourrais facilement illustrer car j\u2019ai de nombreuses id\u00e9es et des centaines de dessins qui y sont consacr\u00e9s.&nbsp;\u00bb<\/p>\n\n\n\n<figure class=\"wp-block-image size-large\"><img loading=\"lazy\" decoding=\"async\" width=\"1024\" height=\"685\" src=\"http:\/\/lignesauto.fr\/wp-content\/uploads\/2025\/01\/01-1024x685.png\" alt=\"\" class=\"wp-image-38508\" srcset=\"https:\/\/lignesauto.fr\/wp-content\/uploads\/2025\/01\/01-1024x685.png 1024w, https:\/\/lignesauto.fr\/wp-content\/uploads\/2025\/01\/01-300x201.png 300w, https:\/\/lignesauto.fr\/wp-content\/uploads\/2025\/01\/01-768x514.png 768w, https:\/\/lignesauto.fr\/wp-content\/uploads\/2025\/01\/01.png 1417w\" sizes=\"(max-width: 1024px) 100vw, 1024px\" \/><\/figure>\n\n\n\n<p style=\"font-size:17px\"><strong>Peut-on d\u00e9finir le th\u00e8me de &#8216;<\/strong><em><strong>carchitecture<\/strong><\/em><strong>&#8216; comme \u00e9tant l\u2019int\u00e9gration de l\u2019automobile dans l\u2019habitat ?<\/strong><br>\u00ab Il existe plusieurs d\u00e9finitions. Concr\u00e8tement, il y a effectivement en 2016 le concept SymbioZ et la maison Renault qui l\u2019accueille. Ce projet est parti d&#8217;une approche pragmatique : dans 80 % des cas, l\u2019automobile ne bouge pas de place au quotidien. Elle est souvent tout \u00e0 c\u00f4t\u00e9 de votre maison, ou proche du bureau. Les personnes ne la prennent h\u00e9las pas en compte comme faisant partie de leur environnement, alors qu\u2019elles fournissent des efforts pour am\u00e9nager leur jardin ou leur propre maison. Avec l\u2019\u00e9volution vers la voiture autonome \u00e9lectrique, et la possibilit\u00e9 offertes par les batteries de capter l\u2019\u00e9nergie mais aussi de la redistribuer, on peut envisager \u00e9norm\u00e9ment de solutions, \u00e0 condition que le v\u00e9hicule soit int\u00e9gr\u00e9 dans l\u2019architecture autour de l\u2019habitat ou dans l\u2019habitat. \u00bb<\/p>\n\n\n\n<figure class=\"wp-block-image size-large\"><img loading=\"lazy\" decoding=\"async\" width=\"1024\" height=\"788\" src=\"https:\/\/lignesauto.fr\/wp-content\/uploads\/2025\/01\/03-1024x788.png\" alt=\"\" class=\"wp-image-38502\" srcset=\"https:\/\/lignesauto.fr\/wp-content\/uploads\/2025\/01\/03-1024x788.png 1024w, https:\/\/lignesauto.fr\/wp-content\/uploads\/2025\/01\/03-300x231.png 300w, https:\/\/lignesauto.fr\/wp-content\/uploads\/2025\/01\/03-768x591.png 768w, https:\/\/lignesauto.fr\/wp-content\/uploads\/2025\/01\/03.png 1417w\" sizes=\"(max-width: 1024px) 100vw, 1024px\" \/><figcaption class=\"wp-element-caption\">Projet de St\u00e9phane Janin d&#8217;une maison parisienne qui jouxte une zone o\u00f9 le v\u00e9hicule capte l&#8217;\u00e9nergie solaire. Le tout, parfaitement int\u00e9gr\u00e9 \u00e0 son environnement.<\/figcaption><\/figure>\n\n\n\n<p style=\"font-size:17px\"><strong>L\u2019univers &#8216;c<em>architecture<\/em>&#8216; est donc n\u00e9 avec la voiture autonome&nbsp;?<\/strong><br>\u00ab&nbsp;Non, on peut remonter bien avant, avec l\u2019id\u00e9e d\u2019apporter le mode de vie de l\u2019habitat \u00e0 bord des voitures, avec l\u2019Espace ou le Sc\u00e9nic chez Renault notamment. Les monospaces des ann\u00e9es 1980-2010 proposaient des si\u00e8ges qui tournaient, offraient une sorte de salon familial sur roues, et pourtant, on n\u2019imaginait pas encore qu\u2019on pourrait un jour l\u00e2cher le volant&nbsp;! Cet imaginaire de la voiture autonome ne date pas d\u2019aujourd\u2019hui. Dans les ann\u00e9es 1950, de nombreux sketches de voitures am\u00e9ricaines l\u2019anticipaient.&nbsp;\u00bb<\/p>\n\n\n\n<figure class=\"wp-block-image size-large\"><img loading=\"lazy\" decoding=\"async\" width=\"1024\" height=\"684\" src=\"https:\/\/lignesauto.fr\/wp-content\/uploads\/2025\/01\/02-1024x684.png\" alt=\"\" class=\"wp-image-38504\" srcset=\"https:\/\/lignesauto.fr\/wp-content\/uploads\/2025\/01\/02-1024x684.png 1024w, https:\/\/lignesauto.fr\/wp-content\/uploads\/2025\/01\/02-300x200.png 300w, https:\/\/lignesauto.fr\/wp-content\/uploads\/2025\/01\/02-768x513.png 768w, https:\/\/lignesauto.fr\/wp-content\/uploads\/2025\/01\/02.png 1417w\" sizes=\"(max-width: 1024px) 100vw, 1024px\" \/><\/figure>\n\n\n\n<p style=\"font-size:17px\"><strong>Ce th\u00e8me est surtout celui des designers int\u00e9rieurs&#8230;<\/strong><br>\u00ab&nbsp;Dans le domaine du design int\u00e9rieur, on a toujours pens\u00e9 \u00e0 \u00e7a. Lorsque je travaillais au c\u00f4t\u00e9 de Patrick le Qu\u00e9ment chez Renault, on visitait les salons du meuble, notamment \u00e0 Milan. J\u2019aime bien rappeler que le design automobile est assez particulier car il existe des interfaces entre le design produit (un volant, une commande, un si\u00e8ge, etc.) et l\u2019architecture, car \u00e0 bord, on rencontre des pr\u00e9occupations proches de celles que vit l\u2019architecte, comme la lumi\u00e8re, l\u2019impression d\u2019espace, etc.&nbsp;\u00bb<\/p>\n\n\n\n<figure class=\"wp-block-image size-large\"><img loading=\"lazy\" decoding=\"async\" width=\"1024\" height=\"796\" src=\"https:\/\/lignesauto.fr\/wp-content\/uploads\/2025\/01\/CARCHITECTURE_101-1024x796.png\" alt=\"\" class=\"wp-image-38467\" srcset=\"https:\/\/lignesauto.fr\/wp-content\/uploads\/2025\/01\/CARCHITECTURE_101-1024x796.png 1024w, https:\/\/lignesauto.fr\/wp-content\/uploads\/2025\/01\/CARCHITECTURE_101-300x233.png 300w, https:\/\/lignesauto.fr\/wp-content\/uploads\/2025\/01\/CARCHITECTURE_101-768x597.png 768w, https:\/\/lignesauto.fr\/wp-content\/uploads\/2025\/01\/CARCHITECTURE_101.png 1417w\" sizes=\"(max-width: 1024px) 100vw, 1024px\" \/><figcaption class=\"wp-element-caption\">En 1972, Renault photographie sa nouvelle R5 dans une maison sans imaginer qu&#8217;un jour, l&#8217;automobile puisse faire partie int\u00e9grante de l&#8217;habitat !<\/figcaption><\/figure>\n\n\n\n<p style=\"font-size:17px\"><strong>Avec le <em>car-bashing<\/em> dans les villes, le th\u00e8me &#8216;<em>carchitecture<\/em>&#8216; semble pourtant avoir du plomb fans l\u2019aile&nbsp;? Regardez ce qu\u2019il se passe \u00e0 Paris&nbsp;!<\/strong><br>\u00ab&nbsp;Vous savez, j\u2019aurai pu implanter le studio de design avanc\u00e9 de GAC \u00e0 Paris, plut\u00f4t qu\u2019\u00e0 Milan. Mais j\u2019aurai \u00e9t\u00e9 malhonn\u00eate par rapport au contrat qu\u2019on m\u2019a demand\u00e9. Paris n\u2019est effectivement plus une ville o\u00f9 vous avez envie de penser au design automobile. Je reste cependant optimiste. Il faut quand m\u00eame se rappeler que la ville ne peut pas se passer de mobilit\u00e9s adapt\u00e9es et int\u00e9gr\u00e9es. Arr\u00eatons de pol\u00e9miquer&nbsp;: apr\u00e8s-tout, si les gens sont parfois oblig\u00e9s d\u2019aller au travail ou de se d\u00e9placer en voiture, c\u2019est bien parce qu\u2019on a rejet\u00e9 les usines et les entreprises hors des villes (l&#8217;Ile Seguin et Guyancourt par exemple). Il faut faire la part des choses et mettre tout le monde devant ses responsabilit\u00e9s.&nbsp;\u00bb<\/p>\n\n\n\n<figure class=\"wp-block-image size-large\"><img loading=\"lazy\" decoding=\"async\" width=\"1024\" height=\"641\" src=\"http:\/\/lignesauto.fr\/wp-content\/uploads\/2025\/01\/08-1024x641.png\" alt=\"\" class=\"wp-image-38500\" srcset=\"https:\/\/lignesauto.fr\/wp-content\/uploads\/2025\/01\/08-1024x641.png 1024w, https:\/\/lignesauto.fr\/wp-content\/uploads\/2025\/01\/08-300x188.png 300w, https:\/\/lignesauto.fr\/wp-content\/uploads\/2025\/01\/08-768x481.png 768w, https:\/\/lignesauto.fr\/wp-content\/uploads\/2025\/01\/08.png 1417w\" sizes=\"(max-width: 1024px) 100vw, 1024px\" \/><\/figure>\n\n\n\n<p><strong>Vous \u00eates un optimiste&nbsp;!<\/strong><br>\u00ab&nbsp;Il est int\u00e9ressant d\u2019imaginer de fa\u00e7on optimiste la phase prochaine de l&#8217;int\u00e9gration intelligente de l\u2019automobile dans la ville. Aujourd\u2019hui, on est dans la phase du d\u00e9ni&nbsp;: on pense ne pas avoir besoin d\u2019automobile en ville. Or je pense que ce n\u2019est pas possible. Aujourd\u2019hui, on va jusqu\u2019\u00e0 demander aux architectes qui font des projets urbains de ne pas pr\u00e9voir de parking dans leur programme. C\u2019est une aberration totale&nbsp;!&nbsp;\u00bb <em>Lire \u00e0 ce sujet l&#8217;interview de l&#8217;architecte Manuelle Gautrand ici : <\/em><a href=\"https:\/\/lignesauto.fr\/?p=23685\">https:\/\/lignesauto.fr\/?p=23685<\/a> (ci-dessous, l&#8217;un des projets de l&#8217;architecte fran\u00e7aise)<\/p>\n\n\n\n<figure class=\"wp-block-image size-large\"><img loading=\"lazy\" decoding=\"async\" width=\"1024\" height=\"452\" src=\"https:\/\/lignesauto.fr\/wp-content\/uploads\/2025\/01\/Z_COULEUR_01-1024x452.png\" alt=\"\" class=\"wp-image-38471\" srcset=\"https:\/\/lignesauto.fr\/wp-content\/uploads\/2025\/01\/Z_COULEUR_01-1024x452.png 1024w, https:\/\/lignesauto.fr\/wp-content\/uploads\/2025\/01\/Z_COULEUR_01-300x132.png 300w, https:\/\/lignesauto.fr\/wp-content\/uploads\/2025\/01\/Z_COULEUR_01-768x339.png 768w, https:\/\/lignesauto.fr\/wp-content\/uploads\/2025\/01\/Z_COULEUR_01.png 1417w\" sizes=\"(max-width: 1024px) 100vw, 1024px\" \/><\/figure>\n\n\n\n<p style=\"font-size:17px\"><strong>Mais comment revenir \u00e0 r\u00e9el \u00e9quilibre en l&#8217;habitat et l&#8217;automobile en ville&nbsp;?<\/strong><br>\u00ab&nbsp;On est dans une phase que je n\u2019aime pas, celle o\u00f9 les pouvoirs publics rejettent totalement l\u2019automobile. Et donc, pour nourrir les habitants, on voit des for\u00e7ats au guidon de v\u00e9los aller livrer des repas dans les centre-ville. Ce n\u2019est pas une bonne vision de la ville de demain. Cette vision de la &#8216;ville du tout v\u00e9lo&#8217; est quasiment discriminatoire. Il en d\u00e9coule une soci\u00e9t\u00e9 qui oppose les citoyens. Qu\u2019est-ce qu\u2019on doit concevoir pour que \u00e7a marche&nbsp;? Il existe mille recettes pour une ville en coh\u00e9rence avec l\u2019automobile. \u00bb<\/p>\n\n\n\n<figure class=\"wp-block-image size-large\"><img loading=\"lazy\" decoding=\"async\" width=\"1024\" height=\"536\" src=\"https:\/\/lignesauto.fr\/wp-content\/uploads\/2025\/01\/VILLE_02-1024x536.png\" alt=\"\" class=\"wp-image-38475\" srcset=\"https:\/\/lignesauto.fr\/wp-content\/uploads\/2025\/01\/VILLE_02-1024x536.png 1024w, https:\/\/lignesauto.fr\/wp-content\/uploads\/2025\/01\/VILLE_02-300x157.png 300w, https:\/\/lignesauto.fr\/wp-content\/uploads\/2025\/01\/VILLE_02-768x402.png 768w, https:\/\/lignesauto.fr\/wp-content\/uploads\/2025\/01\/VILLE_02.png 1417w\" sizes=\"(max-width: 1024px) 100vw, 1024px\" \/><figcaption class=\"wp-element-caption\">Comment peut-on vouloir une ville du futur sans la moindre mobilit\u00e9 automobile, au sens noble du terme ?<\/figcaption><\/figure>\n\n\n\n<p style=\"font-size:17px\">\u00ab&nbsp;Commen\u00e7ons par imposer dans les projets de nouveaux immeubles des places de parking avec induction. Connectons les immeubles entre eux, avec une sorte d\u2019unit\u00e9 centrale de captation et de redistribution de l&#8217;\u00e9nergie, via l\u2019automobile. J\u2019ai esquiss\u00e9 des id\u00e9es de v\u00e9hicules autonomes, compacts, dont la forme du pavillon permet de r\u00e9cup\u00e9rer l\u2019eau de pluie lorsqu\u2019ils ne sont pas utilis\u00e9s. Et puis mettons un frein \u00e0 la pollution visuelle&nbsp;: des v\u00e9los en libre-service bard\u00e9s de logos, de couleurs fluo totalement immondes, jet\u00e9s en vrac sur les trottoirs, ce n\u2019est pas comme \u00e7a que je per\u00e7ois la ville de demain&#8230;&nbsp;\u00bb<\/p>\n\n\n\n<figure class=\"wp-block-image size-large\"><img loading=\"lazy\" decoding=\"async\" width=\"1024\" height=\"575\" src=\"https:\/\/lignesauto.fr\/wp-content\/uploads\/2025\/01\/CARCHITECTURE_400-1024x575.jpg\" alt=\"\" class=\"wp-image-38514\" srcset=\"https:\/\/lignesauto.fr\/wp-content\/uploads\/2025\/01\/CARCHITECTURE_400-1024x575.jpg 1024w, https:\/\/lignesauto.fr\/wp-content\/uploads\/2025\/01\/CARCHITECTURE_400-300x169.jpg 300w, https:\/\/lignesauto.fr\/wp-content\/uploads\/2025\/01\/CARCHITECTURE_400-768x431.jpg 768w, https:\/\/lignesauto.fr\/wp-content\/uploads\/2025\/01\/CARCHITECTURE_400.jpg 1417w\" sizes=\"(max-width: 1024px) 100vw, 1024px\" \/><figcaption class=\"wp-element-caption\">La ville de demain se doit d&#8217;accueillir de nouvelles silhouettes de mobilit\u00e9 int\u00e9gr\u00e9es pour le bien-\u00eatre de tous. \u00a9-Design Renault.<\/figcaption><\/figure>\n\n\n\n<p style=\"font-size:17px\"><strong>Une ville avec des transports en commun forc\u00e9ment adapt\u00e9s eux aussi&#8230;<\/strong><br>\u00ab\u00a0Prenez les bus\u00a0: ils sont moches, non\u00a0? Dans les ann\u00e9es 1950, ils \u00e9taient superbement dessin\u00e9s, avec des vitrages sous forme de grandes verri\u00e8res pour justement profiter de l&#8217;architecture des villes. Aujourd\u2019hui, on pourrait imaginer les transports urbains avec des robots taxi qui s\u2019int\u00e8grent, qui pourraient capter l\u2019\u00e9nergie avec des panneaux solaires dans leur peau, et d\u2019autres qui, en plus, nettoient les rues gr\u00e2ce \u00e0 l\u2019eau capt\u00e9e pendant les pluies. Il faut converger vers cet \u00e9tat d\u2019esprit pour franchir l\u2019\u00e9tape de demain.\u00a0\u00bb<\/p>\n\n\n\n<p style=\"font-size:17px\"><strong>Revenons au th\u00e8me &#8216;<em>carchitecture<\/em>&#8216;&nbsp;: il trouvera plus facilement sa place dans les provinces qu\u2019au c\u0153ur des villes&nbsp;?<\/strong><br>\u00ab&nbsp;Avoir un garage o\u00f9 vous rentrez une ou deux voitures, c\u2019est d\u00e9j\u00e0 dans du &#8216;<em>carchitecture.<\/em>&#8216; Pour l\u2019heure, un garage est h\u00e9las souvent consid\u00e9r\u00e9 comme une grande cave. On y gare sa voiture et on y met aussi la tondeuse ou le tuyaux d\u2019arrosage. En plus, il s\u2019agit d\u2019un espace clos, sans vitre et il est juste accol\u00e9 \u00e0 la maison. Mais il est l\u00e0.&nbsp;Et \u00e7a commence \u00e0 changer avec des amoureux de voitures qui traitent leur garage comme une pi\u00e8ce de la maison (ci-dessous), avec des sols sp\u00e9cifiques, esth\u00e9tiques, et avec le m\u00eame amour qu\u2019ils le font pour une chambre ou un salon. \u00bb<\/p>\n\n\n\n<figure class=\"wp-block-image size-large\"><img loading=\"lazy\" decoding=\"async\" width=\"1024\" height=\"683\" src=\"https:\/\/lignesauto.fr\/wp-content\/uploads\/2025\/01\/CARCHITECTURE_889-1024x683.jpg\" alt=\"\" class=\"wp-image-38435\" srcset=\"https:\/\/lignesauto.fr\/wp-content\/uploads\/2025\/01\/CARCHITECTURE_889-1024x683.jpg 1024w, https:\/\/lignesauto.fr\/wp-content\/uploads\/2025\/01\/CARCHITECTURE_889-300x200.jpg 300w, https:\/\/lignesauto.fr\/wp-content\/uploads\/2025\/01\/CARCHITECTURE_889-768x512.jpg 768w, https:\/\/lignesauto.fr\/wp-content\/uploads\/2025\/01\/CARCHITECTURE_889.jpg 1417w\" sizes=\"(max-width: 1024px) 100vw, 1024px\" \/><\/figure>\n\n\n\n<p style=\"font-size:17px\"><strong>La voiture arrivera dans l\u2019habitat en int\u00e9grant d\u2019abord un nouveau type de garage&nbsp;!<\/strong><br>\u00ab&nbsp;Pourquoi un garage est-il une pi\u00e8ce froide, alors qu\u2019il peut devenir une partie esth\u00e9tique de la maison&nbsp;? Les voitures de s\u00e9rie aujourd\u2019hui sont quand m\u00eame plus belles \u00e0 regarder que celles des ann\u00e9es 70-80&nbsp;! Je discutent avec des jeunes designers qui se plaignent parfois, mais je peux vous dire que ma g\u00e9n\u00e9ration a connu une p\u00e9riode compliqu\u00e9e&nbsp;! On bossait sur un package de grosse voiture sur des mini roues, des porte-\u00e0-faux gigantesques, des technologies d\u2019emboutissage qui ne savaient pas tout emboutir et il y a avait des ampoules avec des cuvelages de phares au gabarit de dingue&nbsp;! Le designer devait faire r\u00eaver tout le monde, mais avec de tels package, c\u2019\u00e9tait perdu d\u2019avance&nbsp;! \u00bb<\/p>\n\n\n\n<figure class=\"wp-block-image size-large\"><img loading=\"lazy\" decoding=\"async\" width=\"1024\" height=\"348\" src=\"https:\/\/lignesauto.fr\/wp-content\/uploads\/2025\/01\/CARCHITECTURE_403-1024x348.png\" alt=\"\" class=\"wp-image-38519\" srcset=\"https:\/\/lignesauto.fr\/wp-content\/uploads\/2025\/01\/CARCHITECTURE_403-1024x348.png 1024w, https:\/\/lignesauto.fr\/wp-content\/uploads\/2025\/01\/CARCHITECTURE_403-300x102.png 300w, https:\/\/lignesauto.fr\/wp-content\/uploads\/2025\/01\/CARCHITECTURE_403-768x261.png 768w, https:\/\/lignesauto.fr\/wp-content\/uploads\/2025\/01\/CARCHITECTURE_403.png 1417w\" sizes=\"(max-width: 1024px) 100vw, 1024px\" \/><figcaption class=\"wp-element-caption\">Le studio de design avanc\u00e9 GAC \u00e0 Milan dirig\u00e9 par St\u00e9phane Janin travaille sur des objets de mobilit\u00e9 d\u00e9di\u00e9s pour le d\u00e9placement urbain (\u00e0 gauche : City Pod) ou les livraisons du dernier kilom\u00e8tre (\u00e0 droite : City Box)<\/figcaption><\/figure>\n\n\n\n<p style=\"font-size:17px\">\u00ab&nbsp;Aujourd\u2019hui, une R5, une Polestar et d\u2019autres sont de vrais concept-cars sur roues, avec les bonnes proportions. Je me r\u00e9fugie peut-\u00eatre dans des utopies avec mes r\u00e9flexions mais l\u2019id\u00e9e est pourtant simple&nbsp;: faire de beaux objets int\u00e9gr\u00e9s \u00e0 la ville (ci-dessus), plut\u00f4t qu\u2019une ville qui craint la mobilit\u00e9 automobile intelligente. Il faut se projeter avec optimisme&nbsp;!&nbsp;\u00bb<\/p>\n\n\n\n<p style=\"font-size:17px\"><strong>Et c\u2019est l\u00e0 que l\u2019architecte interviendra peut-\u00eatre&#8230; Il en existe et il en a exist\u00e9 de nombreux qui se sont essay\u00e9s \u00e0 l\u2019automobile&nbsp;!<\/strong><br>\u00ab&nbsp;Oui, c\u2019est peut-\u00eatre parce que les architectes ont une fascination cach\u00e9e pour l\u2019automobile. Car l\u2019automobile est d\u2019une mani\u00e8re une petite architecture mobile. On connait les travaux de Le Corbusier dans les ann\u00e9es 1930 o\u00f9 il avait particip\u00e9 au concours de la Soci\u00e9t\u00e9 de Ing\u00e9nieurs de l\u2019Automobile. Il y a eu aussi Frank Lloyd Wright (1867-1959), Renzo Piano (1937)&#8230;&nbsp;\u00bb<\/p>\n\n\n\n<figure class=\"wp-block-image size-large\"><img loading=\"lazy\" decoding=\"async\" width=\"1024\" height=\"727\" src=\"https:\/\/lignesauto.fr\/wp-content\/uploads\/2025\/01\/CARCHITECTURE_888-1024x727.png\" alt=\"\" class=\"wp-image-38431\" srcset=\"https:\/\/lignesauto.fr\/wp-content\/uploads\/2025\/01\/CARCHITECTURE_888-1024x727.png 1024w, https:\/\/lignesauto.fr\/wp-content\/uploads\/2025\/01\/CARCHITECTURE_888-300x213.png 300w, https:\/\/lignesauto.fr\/wp-content\/uploads\/2025\/01\/CARCHITECTURE_888-768x545.png 768w, https:\/\/lignesauto.fr\/wp-content\/uploads\/2025\/01\/CARCHITECTURE_888.png 1417w\" sizes=\"(max-width: 1024px) 100vw, 1024px\" \/><figcaption class=\"wp-element-caption\">Projet d&#8217;une voiture minimale propos\u00e9 par l&#8217;architecte Le Corbusier en 1934, lors du concours organis\u00e9 par la SIA. <em>\u00a9-Document des archives de la Soci\u00e9t\u00e9 des Ing\u00e9nieurs Automobiles.<\/em><\/figcaption><\/figure>\n\n\n\n<p style=\"font-size:17px\"><strong>Zaha Hadid* s\u2019est \u00e9galement essay\u00e9e au dessin d\u2019automobile (ci-dessous), sans grande efficacit\u00e9&#8230;<\/strong><br>\u00ab&nbsp;Les architectes ne sont pas souvent tr\u00e8s bons, sauf autrefois Le Corbusier sans doute. Mais en r\u00e8gle g\u00e9n\u00e9rale, ils n\u2019arrivent pas toujours \u00e0 s\u2019approprier l\u2019expression du mouvement, tout ce qu\u2019il y a de romantique derri\u00e8re la culture de l\u2019automobile. Et puis leurs clients ne sont pas des clients de masse. C\u2019est un peu comme si le designer ne dessinait que des concept-cars&nbsp;!&nbsp;\u00bb<br><em>*Zaha Hadid (1950-2016) est une architecte et urbaniste irako-britannique qui reste l&#8217;une des grandes figures du courant d\u00e9constructiviste. Elle demeure \u00e9galement l&#8217;une des architectes les plus r\u00e9compens\u00e9es par la profession.<\/em><\/p>\n\n\n\n<figure class=\"wp-block-image size-large\"><img loading=\"lazy\" decoding=\"async\" width=\"1024\" height=\"683\" src=\"https:\/\/lignesauto.fr\/wp-content\/uploads\/2025\/01\/Z_ZAHA-HADID-1024x683.jpg\" alt=\"\" class=\"wp-image-38442\" srcset=\"https:\/\/lignesauto.fr\/wp-content\/uploads\/2025\/01\/Z_ZAHA-HADID-1024x683.jpg 1024w, https:\/\/lignesauto.fr\/wp-content\/uploads\/2025\/01\/Z_ZAHA-HADID-300x200.jpg 300w, https:\/\/lignesauto.fr\/wp-content\/uploads\/2025\/01\/Z_ZAHA-HADID-768x512.jpg 768w, https:\/\/lignesauto.fr\/wp-content\/uploads\/2025\/01\/Z_ZAHA-HADID.jpg 1417w\" sizes=\"(max-width: 1024px) 100vw, 1024px\" \/><\/figure>\n\n\n\n<p style=\"font-size:17px\"><strong>Ajoutons que l\u2019architecte construit en fonction d\u2019un site, en int\u00e9grant son projet dans un environnement connu, alors que l\u2019automobile est dynamique. Elle bouge&nbsp;!<\/strong><br>\u00ab&nbsp;Oui, mais il faut aussi reconna\u00eetre que les designers automobiles qui se sont int\u00e9ress\u00e9s \u00e0 l\u2019architecture (<em>Robert Opron, Gaston Juchet et d\u2019autres ont dessin\u00e9 leur propre maison<\/em> <em>NDA<\/em>) n\u2019ont pas toujours r\u00e9ussi. Il y a toujours quelque chose qui cloche. Si vous soumettez mes croquis \u00e0 un architecte, il va voir ce qui ne va pas, car on ne s\u2019improvise pas architecte&nbsp;! Nous, designers automobile, nous faisons parfois du mobilier, mais c\u2019est souvent un peu trop stylis\u00e9. C\u2019est esth\u00e9tique, certes, mais nous manquons de culture de l\u2019univers du mobilier,&nbsp;de son histoire et des r\u00e9f\u00e9rences \u00e0 des grands designers. La compr\u00e9hension du monde de la cr\u00e9ation demande \u00e9norm\u00e9ment de pratique.&nbsp;Clairement, il est compliqu\u00e9 de trouver quelqu\u2019un qui ma\u00eetrise les deux domaines. \u00bb<\/p>\n\n\n\n<figure class=\"wp-block-image size-large\"><img loading=\"lazy\" decoding=\"async\" width=\"1024\" height=\"672\" src=\"https:\/\/lignesauto.fr\/wp-content\/uploads\/2025\/01\/CARCHUITECTURE_220-1024x672.png\" alt=\"\" class=\"wp-image-38433\" srcset=\"https:\/\/lignesauto.fr\/wp-content\/uploads\/2025\/01\/CARCHUITECTURE_220-1024x672.png 1024w, https:\/\/lignesauto.fr\/wp-content\/uploads\/2025\/01\/CARCHUITECTURE_220-300x197.png 300w, https:\/\/lignesauto.fr\/wp-content\/uploads\/2025\/01\/CARCHUITECTURE_220-768x504.png 768w, https:\/\/lignesauto.fr\/wp-content\/uploads\/2025\/01\/CARCHUITECTURE_220.png 1417w\" sizes=\"(max-width: 1024px) 100vw, 1024px\" \/><\/figure>\n\n\n\n<p style=\"font-size:17px\"><strong>Le th\u00e8me &#8216;<em>carchitecture<\/em>&#8216; est sans doute plus facilement applicable en Chine o\u00f9 l\u2019espace est infini, plut\u00f4t qu\u2019au Japon o\u00f9 il est restreint&nbsp;?<\/strong><br>\u00ab&nbsp;C\u2019est tout l\u2019inverse&nbsp;! Au Japon, le th\u00e8me &#8216;<em>carchitecture<\/em>&#8216; est depuis longtemps int\u00e9gr\u00e9, notamment \u00e0 Tokyo o\u00f9 la culture d\u2019architecture fait que le moindre centim\u00e8tre carr\u00e9 est utilis\u00e9 intelligemment, y compris pour garer une voiture (<em>St\u00e9phane Janin a travaill\u00e9 au Japon pour Infiniti NDA<\/em>). Dans les villes japonaises, la voiture est syst\u00e9matiquement int\u00e9gr\u00e9e dans la forme de la maison, comme un Tetris&nbsp;! Et m\u00eame si ce n\u2019est qu\u2019une place de parking, c\u2019est en g\u00e9n\u00e9ral un endroit parfaitement trait\u00e9, tr\u00e8s fusionnel avec l\u2019habitat. Sur ce point, les Japonais ont envie de bien faire&nbsp;; c\u2019en est presque joyeux \u00e0 voir&nbsp;!&nbsp;Vous avez l\u00e0-bas la libert\u00e9 de dessiner votre maison et d\u2019int\u00e9grer votre voiture comme vous le voulez, en termes de couleurs, de plans, etc. Et dans le m\u00eame temps, les transports en communs, comme le m\u00e9tro, sont parfaits. Ils sont en osmose totale avec la mobilit\u00e9 de cette plus grande m\u00e9gapole du monde.&nbsp;\u00bb<\/p>\n\n\n\n<figure class=\"wp-block-image size-large\"><img loading=\"lazy\" decoding=\"async\" width=\"1024\" height=\"344\" src=\"https:\/\/lignesauto.fr\/wp-content\/uploads\/2025\/01\/CARCHITECTURE_404-1024x344.png\" alt=\"\" class=\"wp-image-38522\" srcset=\"https:\/\/lignesauto.fr\/wp-content\/uploads\/2025\/01\/CARCHITECTURE_404-1024x344.png 1024w, https:\/\/lignesauto.fr\/wp-content\/uploads\/2025\/01\/CARCHITECTURE_404-300x101.png 300w, https:\/\/lignesauto.fr\/wp-content\/uploads\/2025\/01\/CARCHITECTURE_404-768x258.png 768w, https:\/\/lignesauto.fr\/wp-content\/uploads\/2025\/01\/CARCHITECTURE_404.png 1417w\" sizes=\"(max-width: 1024px) 100vw, 1024px\" \/><figcaption class=\"wp-element-caption\">Les &#8220;keijid\u014dsha&#8221; japonaises &#8211; ou Kei Cars &#8211; de petit gabarit permettent leur meilleure int\u00e9gration urbaine dans, ou au c\u00f4t\u00e9 de l&#8217;habitat. A Tokyo, l&#8217;usager peut \u00e9galement compter sur un m\u00e9tro efficace.<\/figcaption><\/figure>\n\n\n\n<p style=\"font-size:17px\"><strong>Et en Chine que vous connaissez bien puisque vous travaillez aujourd\u2019hui pour le constructeur GAC&nbsp;?<\/strong><br>\u00ab&nbsp;C\u2019est plus compliqu\u00e9 en Chine car l\u2019automobile est encore consid\u00e9r\u00e9e comme un produit de luxe, surtout dans les grandes agglom\u00e9rations comme Shanghai. Pour pouvoir acheter une voiture l\u00e0-bas, il faut d\u2019abord payer un droit. Si les ventes de voitures \u00e9lectriques explosent, c\u2019est parce qu\u2019elles sont dispens\u00e9es de ce droit d\u2019acc\u00e8s \u00e0 la mobilit\u00e9 automobile. On peut dire qu\u2019en Chine, on ne parle pas de &#8216;<em>carchitecture<\/em>&#8216; mais de &#8216;car-urbanisme&#8217;&nbsp;car ils fusionnent tout \u00e7a en imposant des r\u00e8gles strictes au peuple. Dans les faits, la Chine r\u00e9duit sa pollution, de fa\u00e7on sans doute agressive, mais mine de rien, ils avancent avec cette culture impos\u00e9e du temps long qui semble manquer \u00e0 l&#8217;Europe.&nbsp;\u00bb<\/p>\n\n\n\n<p class=\"has-text-align-center\" style=\"font-size:18px\"><strong>TROIS BONUS LIGNES\/auto ci-dessous<\/strong><\/p>\n\n\n\n<p style=\"font-size:17px\"><strong>BONUS 1: relisez l&#8217;interview de St\u00e9phane Janin, directeur du studio de design avanc\u00e9 du constructeur GAC, \u00e0 Milan<\/strong><\/p>\n\n\n\n<figure class=\"wp-block-embed is-type-wp-embed is-provider-lignes-auto wp-block-embed-lignes-auto\"><div class=\"wp-block-embed__wrapper\">\n<blockquote class=\"wp-embedded-content\" data-secret=\"sn7D5UZ1I3\"><a href=\"https:\/\/lignesauto.fr\/?p=32678\">La longue interview : St\u00e9phane Janin, directeur  de l&rsquo;Advanced Design Studio Europe, chez GAC (Chine)<\/a><\/blockquote><iframe class=\"wp-embedded-content\" sandbox=\"allow-scripts\" security=\"restricted\" style=\"position: absolute; clip: rect(1px, 1px, 1px, 1px);\" title=\"\u00ab\u00a0La longue interview : St\u00e9phane Janin, directeur  de l&rsquo;Advanced Design Studio Europe, chez GAC (Chine)\u00a0\u00bb &#8212; LIGNES\/auto\" src=\"https:\/\/lignesauto.fr\/?p=32678&#038;embed=true#?secret=D40ATVMZ4T#?secret=sn7D5UZ1I3\" data-secret=\"sn7D5UZ1I3\" width=\"600\" height=\"338\" frameborder=\"0\" marginwidth=\"0\" marginheight=\"0\" scrolling=\"no\"><\/iframe>\n<\/div><\/figure>\n\n\n\n<p style=\"font-size:17px\"><strong>BONUS 2 : revivez l&#8217;histoire du concept-car SymbioZ de Renault<\/strong><\/p>\n\n\n\n<figure class=\"wp-block-embed is-type-wp-embed is-provider-lignes-auto wp-block-embed-lignes-auto\"><div class=\"wp-block-embed__wrapper\">\n<blockquote class=\"wp-embedded-content\" data-secret=\"XWn3n8FzVp\"><a href=\"https:\/\/lignesauto.fr\/?p=32488\">Design\u00a0: histoire de la \u00ab\u00a0vraie\u00a0\u00bb Renault SymbioZ (avec vid\u00e9o)<\/a><\/blockquote><iframe class=\"wp-embedded-content\" sandbox=\"allow-scripts\" security=\"restricted\" style=\"position: absolute; clip: rect(1px, 1px, 1px, 1px);\" title=\"\u00ab\u00a0Design\u00a0: histoire de la \u00ab\u00a0vraie\u00a0\u00bb Renault SymbioZ (avec vid\u00e9o)\u00a0\u00bb &#8212; LIGNES\/auto\" src=\"https:\/\/lignesauto.fr\/?p=32488&#038;embed=true#?secret=1boWiYSqmC#?secret=XWn3n8FzVp\" data-secret=\"XWn3n8FzVp\" width=\"600\" height=\"338\" frameborder=\"0\" marginwidth=\"0\" marginheight=\"0\" scrolling=\"no\"><\/iframe>\n<\/div><\/figure>\n\n\n\n<p style=\"font-size:17px\"><strong>BONUS 3 : il y a presque 4 ans, Citro\u00ebn levait le voile sur sa vision de la mobilit\u00e9 urbaine \u00e0 la carte.<\/strong><br><strong>Vid\u00e9o ci-dessous<\/strong><\/p>\n\n\n\n<figure class=\"wp-block-embed is-type-video is-provider-youtube wp-block-embed-youtube wp-embed-aspect-16-9 wp-has-aspect-ratio\"><div class=\"wp-block-embed__wrapper\">\n<iframe loading=\"lazy\" title=\"LIGNES\/auto   Citroe\u0308n et la mobilite\u0301 urbaine de demain\" width=\"640\" height=\"360\" src=\"https:\/\/www.youtube.com\/embed\/R71FjIyNVZs?feature=oembed\" frameborder=\"0\" allow=\"accelerometer; autoplay; clipboard-write; encrypted-media; gyroscope; picture-in-picture; web-share\" referrerpolicy=\"strict-origin-when-cross-origin\" allowfullscreen><\/iframe>\n<\/div><\/figure>\n\n\n<div class=\"wp-block-image\">\n<figure class=\"aligncenter size-full is-resized\"><img loading=\"lazy\" decoding=\"async\" width=\"1024\" height=\"288\" src=\"http:\/\/lignesauto.fr\/wp-content\/uploads\/2025\/01\/image.png\" alt=\"\" class=\"wp-image-38287\" style=\"width:524px;height:auto\" srcset=\"https:\/\/lignesauto.fr\/wp-content\/uploads\/2025\/01\/image.png 1024w, https:\/\/lignesauto.fr\/wp-content\/uploads\/2025\/01\/image-300x84.png 300w, https:\/\/lignesauto.fr\/wp-content\/uploads\/2025\/01\/image-768x216.png 768w\" sizes=\"(max-width: 1024px) 100vw, 1024px\" \/><\/figure><\/div>","protected":false},"excerpt":{"rendered":"<p>Peut-on fusionner l\u2019univers automobile avec celui de l\u2019architecture, en int\u00e9grant la voiture dans l\u2019habitat ? Doit-on miser sur ce concept appel\u00e9 &#8216;carchitecture&#8216;&nbsp;? Chez Renault, voici une petite d\u00e9cennie, on expliquait qu\u2019il \u00ab s\u2019agit de faire en sorte que l\u2019automobile soit en harmonie avec son environnement, au sens large du terme. [&hellip;]<\/p>\n","protected":false},"author":1,"featured_media":38508,"comment_status":"closed","ping_status":"closed","sticky":false,"template":"","format":"standard","meta":{"footnotes":""},"categories":[1],"tags":[],"_links":{"self":[{"href":"https:\/\/lignesauto.fr\/index.php?rest_route=\/wp\/v2\/posts\/38403"}],"collection":[{"href":"https:\/\/lignesauto.fr\/index.php?rest_route=\/wp\/v2\/posts"}],"about":[{"href":"https:\/\/lignesauto.fr\/index.php?rest_route=\/wp\/v2\/types\/post"}],"author":[{"embeddable":true,"href":"https:\/\/lignesauto.fr\/index.php?rest_route=\/wp\/v2\/users\/1"}],"replies":[{"embeddable":true,"href":"https:\/\/lignesauto.fr\/index.php?rest_route=%2Fwp%2Fv2%2Fcomments&post=38403"}],"version-history":[{"count":128,"href":"https:\/\/lignesauto.fr\/index.php?rest_route=\/wp\/v2\/posts\/38403\/revisions"}],"predecessor-version":[{"id":38606,"href":"https:\/\/lignesauto.fr\/index.php?rest_route=\/wp\/v2\/posts\/38403\/revisions\/38606"}],"wp:featuredmedia":[{"embeddable":true,"href":"https:\/\/lignesauto.fr\/index.php?rest_route=\/wp\/v2\/media\/38508"}],"wp:attachment":[{"href":"https:\/\/lignesauto.fr\/index.php?rest_route=%2Fwp%2Fv2%2Fmedia&parent=38403"}],"wp:term":[{"taxonomy":"category","embeddable":true,"href":"https:\/\/lignesauto.fr\/index.php?rest_route=%2Fwp%2Fv2%2Fcategories&post=38403"},{"taxonomy":"post_tag","embeddable":true,"href":"https:\/\/lignesauto.fr\/index.php?rest_route=%2Fwp%2Fv2%2Ftags&post=38403"}],"curies":[{"name":"wp","href":"https:\/\/api.w.org\/{rel}","templated":true}]}}