{"id":38544,"date":"2025-02-03T08:19:00","date_gmt":"2025-02-03T07:19:00","guid":{"rendered":"https:\/\/lignesauto.fr\/?p=38544"},"modified":"2025-02-03T08:18:28","modified_gmt":"2025-02-03T07:18:28","slug":"dossier-architecture-et-automobile-part-1-integrating-the-automobile-into-the-home","status":"publish","type":"post","link":"https:\/\/lignesauto.fr\/?p=38544","title":{"rendered":"Dossier Architecture et Automobile &#8211; Part 1: integrating the automobile into the home"},"content":{"rendered":"<div class=\"wp-block-image\">\n<figure class=\"aligncenter size-full is-resized\"><img loading=\"lazy\" decoding=\"async\" width=\"1024\" height=\"288\" src=\"http:\/\/lignesauto.fr\/wp-content\/uploads\/2025\/01\/image.png\" alt=\"\" class=\"wp-image-38287\" style=\"width:490px;height:auto\" srcset=\"https:\/\/lignesauto.fr\/wp-content\/uploads\/2025\/01\/image.png 1024w, https:\/\/lignesauto.fr\/wp-content\/uploads\/2025\/01\/image-300x84.png 300w, https:\/\/lignesauto.fr\/wp-content\/uploads\/2025\/01\/image-768x216.png 768w\" sizes=\"(max-width: 1024px) 100vw, 1024px\" \/><\/figure><\/div>\n\n\n<p style=\"font-size:17px\">Is it possible to merge the automotive world with that of architecture, by integrating the car into the home? Should we bank on this concept called &#8216;<em>carchitecture<\/em>&#8216;? At Renault, a decade ago, we explained that \u201cit&#8217;s a <em>question of ensuring that the automobile is in harmony with its environment, in the broadest sense of the term.<\/em> <em>Merging the automobile and the home gives off a symbolism that goes in this direction<\/em> \u201c.<\/p>\n\n\n\n<figure class=\"wp-block-image size-large\"><img loading=\"lazy\" decoding=\"async\" width=\"1024\" height=\"732\" src=\"https:\/\/lignesauto.fr\/wp-content\/uploads\/2025\/01\/06-1024x732.png\" alt=\"\" class=\"wp-image-38498\" srcset=\"https:\/\/lignesauto.fr\/wp-content\/uploads\/2025\/01\/06-1024x732.png 1024w, https:\/\/lignesauto.fr\/wp-content\/uploads\/2025\/01\/06-300x214.png 300w, https:\/\/lignesauto.fr\/wp-content\/uploads\/2025\/01\/06-768x549.png 768w, https:\/\/lignesauto.fr\/wp-content\/uploads\/2025\/01\/06.png 1417w\" sizes=\"(max-width: 1024px) 100vw, 1024px\" \/><figcaption class=\"wp-element-caption\">St\u00e9phane Janin&#8217;s sketch of a potential fusion between the automobile and the home.<\/figcaption><\/figure>\n\n\n\n<p style=\"font-size:17px\">And the &#8216;Maison Renault&#8217; below that followed in 2016, with the SymbioZ concept car, made this invented vision a reality. It has to be said that the impetus of the self-driving car, with its cocoon-like interior, has prompted many designers to imagine introducing our companion of individual freedom into the home of the future.<\/p>\n\n\n\n<figure class=\"wp-block-image size-large is-resized\"><img loading=\"lazy\" decoding=\"async\" width=\"1024\" height=\"546\" src=\"https:\/\/lignesauto.fr\/wp-content\/uploads\/2025\/01\/CARCHITECTURE_401-1024x546.png\" alt=\"\" class=\"wp-image-38517\" style=\"width:840px;height:auto\" srcset=\"https:\/\/lignesauto.fr\/wp-content\/uploads\/2025\/01\/CARCHITECTURE_401-1024x546.png 1024w, https:\/\/lignesauto.fr\/wp-content\/uploads\/2025\/01\/CARCHITECTURE_401-300x160.png 300w, https:\/\/lignesauto.fr\/wp-content\/uploads\/2025\/01\/CARCHITECTURE_401-768x409.png 768w, https:\/\/lignesauto.fr\/wp-content\/uploads\/2025\/01\/CARCHITECTURE_401.png 1417w\" sizes=\"(max-width: 1024px) 100vw, 1024px\" \/><figcaption class=\"wp-element-caption\">SymbioZ concept car and house designed for integration as a new living space.<\/figcaption><\/figure>\n\n\n\n<p style=\"font-size:17px\">From the future? Not really, since some car enthusiasts already store their cars in their living rooms! And what can we say about the first Porsche Design Tower project (below), finalized eleven years ago: a tower almost 200 m high in Miami \u201c <em>with a special elevator for cars in a unique building<\/em> \u201d. The elevator takes your 911 right into your apartment. But the latest news is that a study by the city&#8217;s university has shown that no fewer than 35 luxury buildings built along coastal areas are sinking by more than 5 cm every year, including this famous Porsche tower! Ouch!<\/p>\n\n\n\n<figure class=\"wp-block-image size-large\"><img loading=\"lazy\" decoding=\"async\" width=\"1024\" height=\"576\" src=\"https:\/\/lignesauto.fr\/wp-content\/uploads\/2025\/01\/CARCHITECTURE_999-1024x576.png\" alt=\"\" class=\"wp-image-38419\" srcset=\"https:\/\/lignesauto.fr\/wp-content\/uploads\/2025\/01\/CARCHITECTURE_999-1024x576.png 1024w, https:\/\/lignesauto.fr\/wp-content\/uploads\/2025\/01\/CARCHITECTURE_999-300x169.png 300w, https:\/\/lignesauto.fr\/wp-content\/uploads\/2025\/01\/CARCHITECTURE_999-768x432.png 768w, https:\/\/lignesauto.fr\/wp-content\/uploads\/2025\/01\/CARCHITECTURE_999.png 1417w\" sizes=\"(max-width: 1024px) 100vw, 1024px\" \/><\/figure>\n\n\n\n<p style=\"font-size:17px\">This dossier on architecture and the automobile is in two parts. Below, you&#8217;ll find an interview with designer St\u00e9phane Janin*, who discusses his thoughts on the theme of &#8216;<em>carchitecture&#8217;<\/em>. You can then read the second part of the dossier, based on another theme: an automotive design project inspired by a famous house by a less famous architect. Are you ready? Let&#8217;s open the doors to a new world where cars and homes try to become one&#8230;<\/p>\n\n\n\n<figure class=\"wp-block-image size-large\"><img loading=\"lazy\" decoding=\"async\" width=\"959\" height=\"1024\" src=\"https:\/\/lignesauto.fr\/wp-content\/uploads\/2025\/01\/GAC_11-959x1024.png\" alt=\"\" class=\"wp-image-38451\" srcset=\"https:\/\/lignesauto.fr\/wp-content\/uploads\/2025\/01\/GAC_11-959x1024.png 959w, https:\/\/lignesauto.fr\/wp-content\/uploads\/2025\/01\/GAC_11-281x300.png 281w, https:\/\/lignesauto.fr\/wp-content\/uploads\/2025\/01\/GAC_11-768x820.png 768w, https:\/\/lignesauto.fr\/wp-content\/uploads\/2025\/01\/GAC_11.png 1417w\" sizes=\"(max-width: 959px) 100vw, 959px\" \/><\/figure>\n\n\n\n<p style=\"font-size:17px\"><em>*St\u00e9phane Janin is currently in charge of the advanced design studio based in Italy, the European annex of Chinese automaker GAC (above).<\/em> <em>From Guyancourt to Milan, from Japan to Guangzhou in China, St\u00e9phane Janin has been responsible for phase advance and concept cars at Renault<\/em> <em>and has worked at Inifniti<\/em>.<\/p>\n\n\n\n<figure class=\"wp-block-image size-large\"><img loading=\"lazy\" decoding=\"async\" width=\"1024\" height=\"822\" src=\"https:\/\/lignesauto.fr\/wp-content\/uploads\/2025\/01\/CARCHITECTURE_213-1024x822.png\" alt=\"\" class=\"wp-image-38437\" srcset=\"https:\/\/lignesauto.fr\/wp-content\/uploads\/2025\/01\/CARCHITECTURE_213-1024x822.png 1024w, https:\/\/lignesauto.fr\/wp-content\/uploads\/2025\/01\/CARCHITECTURE_213-300x241.png 300w, https:\/\/lignesauto.fr\/wp-content\/uploads\/2025\/01\/CARCHITECTURE_213-768x616.png 768w, https:\/\/lignesauto.fr\/wp-content\/uploads\/2025\/01\/CARCHITECTURE_213.png 1417w\" sizes=\"(max-width: 1024px) 100vw, 1024px\" \/><\/figure>\n\n\n\n<p style=\"font-size:17px\"><strong>As the designer of the 2016 SymbioZ concept car (above), when you were at Renault, the theme of &#8216;<\/strong><em><strong>carchitecture<\/strong><\/em><strong>&#8216; speaks to you!<\/strong> <br>I&#8217;ve been working on this theme for years, in my spare time, and I&#8217;d love to write a book that I could easily illustrate, as I have many ideas and hundreds of drawings devoted to it.\u201d<\/p>\n\n\n\n<figure class=\"wp-block-image size-large\"><img loading=\"lazy\" decoding=\"async\" width=\"1024\" height=\"685\" src=\"http:\/\/lignesauto.fr\/wp-content\/uploads\/2025\/01\/01-1024x685.png\" alt=\"\" class=\"wp-image-38508\" srcset=\"https:\/\/lignesauto.fr\/wp-content\/uploads\/2025\/01\/01-1024x685.png 1024w, https:\/\/lignesauto.fr\/wp-content\/uploads\/2025\/01\/01-300x201.png 300w, https:\/\/lignesauto.fr\/wp-content\/uploads\/2025\/01\/01-768x514.png 768w, https:\/\/lignesauto.fr\/wp-content\/uploads\/2025\/01\/01.png 1417w\" sizes=\"(max-width: 1024px) 100vw, 1024px\" \/><\/figure>\n\n\n\n<p style=\"font-size:17px\"><strong>Can we define the theme of &#8216;<\/strong><em><strong>carchitecture<\/strong><\/em><strong>&#8216; as the integration of the automobile into the home?<\/strong><br><strong>\u201c<\/strong>There are several definitions. In concrete terms, in 2016 there was indeed the SymbioZ concept and the Renault house that housed it. This project is based on a pragmatic approach: in 80% of cases, the car doesn&#8217;t move from one place to another on a daily basis. It&#8217;s often right next to your house, or close to the office. Unfortunately, people don&#8217;t take it into account as part of their environment, even though they go to great lengths to fit out their garden or their own home. With the evolution towards the autonomous electric car, and the possibility offered by batteries to capture energy but also to redistribute it, we can envisage an enormous number of solutions, provided that the vehicle is integrated into the architecture around the home or in the home itself.\u201d<\/p>\n\n\n\n<figure class=\"wp-block-image size-large\"><img loading=\"lazy\" decoding=\"async\" width=\"1024\" height=\"788\" src=\"https:\/\/lignesauto.fr\/wp-content\/uploads\/2025\/01\/03-1024x788.png\" alt=\"\" class=\"wp-image-38502\" srcset=\"https:\/\/lignesauto.fr\/wp-content\/uploads\/2025\/01\/03-1024x788.png 1024w, https:\/\/lignesauto.fr\/wp-content\/uploads\/2025\/01\/03-300x231.png 300w, https:\/\/lignesauto.fr\/wp-content\/uploads\/2025\/01\/03-768x591.png 768w, https:\/\/lignesauto.fr\/wp-content\/uploads\/2025\/01\/03.png 1417w\" sizes=\"(max-width: 1024px) 100vw, 1024px\" \/><figcaption class=\"wp-element-caption\">St\u00e9phane Janin&#8217;s project for a Parisian house adjoining an area where the vehicle collects solar energy. All perfectly integrated into its surroundings.<\/figcaption><\/figure>\n\n\n\n<p style=\"font-size:17px\"><strong>Sothe &#8216;c<\/strong><em><strong>architecture<\/strong><\/em><strong>&#8216;universe was born with the autonomous car?<\/strong><br>\u201cNo, we can go back much further than that, with the idea of bringing the lifestyle of living aboard cars, with the Espace or the Sc\u00e9nic at Renault in particular. The MPVs of the 1980s-2010s offered seats that turned, providing a kind of family living room on wheels, and yet no one imagined that one day they&#8217;d be able to let go of the steering wheel! The idea of the autonomous car is not new. In the 1950s, many American car sketches anticipated it.\u201c<\/p>\n\n\n\n<figure class=\"wp-block-image size-large\"><img loading=\"lazy\" decoding=\"async\" width=\"1024\" height=\"684\" src=\"https:\/\/lignesauto.fr\/wp-content\/uploads\/2025\/01\/02-1024x684.png\" alt=\"\" class=\"wp-image-38504\" srcset=\"https:\/\/lignesauto.fr\/wp-content\/uploads\/2025\/01\/02-1024x684.png 1024w, https:\/\/lignesauto.fr\/wp-content\/uploads\/2025\/01\/02-300x200.png 300w, https:\/\/lignesauto.fr\/wp-content\/uploads\/2025\/01\/02-768x513.png 768w, https:\/\/lignesauto.fr\/wp-content\/uploads\/2025\/01\/02.png 1417w\" sizes=\"(max-width: 1024px) 100vw, 1024px\" \/><\/figure>\n\n\n\n<p style=\"font-size:17px\"><strong>This is a theme especially for interior designers&#8230;<\/strong><br>\u201cIn the field of interior design, we&#8217;ve always thought about this. When I worked alongside Patrick le Qu\u00e9ment at Renault, we used to visit furniture fairs, particularly in Milan. I like to point out that automotive design is rather special because there are interfaces between product design (a steering wheel, a control, a seat, etc.) and architecture, because on board, we encounter concerns close to those experienced by the architect, such as light, the impression of space, etc.\u201d<\/p>\n\n\n\n<figure class=\"wp-block-image size-large\"><img loading=\"lazy\" decoding=\"async\" width=\"1024\" height=\"796\" src=\"https:\/\/lignesauto.fr\/wp-content\/uploads\/2025\/01\/CARCHITECTURE_101-1024x796.png\" alt=\"\" class=\"wp-image-38467\" srcset=\"https:\/\/lignesauto.fr\/wp-content\/uploads\/2025\/01\/CARCHITECTURE_101-1024x796.png 1024w, https:\/\/lignesauto.fr\/wp-content\/uploads\/2025\/01\/CARCHITECTURE_101-300x233.png 300w, https:\/\/lignesauto.fr\/wp-content\/uploads\/2025\/01\/CARCHITECTURE_101-768x597.png 768w, https:\/\/lignesauto.fr\/wp-content\/uploads\/2025\/01\/CARCHITECTURE_101.png 1417w\" sizes=\"(max-width: 1024px) 100vw, 1024px\" \/><figcaption class=\"wp-element-caption\">In 1972, Renault photographed its new R5 in a house, never imagining that one day the automobile would become an integral part of the home!<\/figcaption><\/figure>\n\n\n\n<p style=\"font-size:17px\"><strong>With all the <\/strong><em><strong>car-bashing<\/strong><\/em><strong> in cities, the theme of &#8216;<\/strong><em><strong>carchitecture<\/strong><\/em><strong>&#8216; seems to have lost some of its appeal?<\/strong> <strong>Just look at what&#8217;s happening in Paris!<\/strong><br>\u201cYou know, I could have set up GAC&#8217;s advanced design studio in Paris, rather than Milan. But I would have been dishonest about the contract I was asked to sign. Paris is no longer a city where you want to think about automotive design. But I remain optimistic. We have to remember that the city cannot do without adapted and integrated mobility. After all, if people are sometimes obliged to go to work or to get around by car, it&#8217;s because we&#8217;ve pushed factories and businesses out of the city (Ile Seguin and Guyancourt, for example). It&#8217;s time to get to the bottom of this and make everyone face up to their responsibilities.\u201c<\/p>\n\n\n\n<figure class=\"wp-block-image size-large\"><img loading=\"lazy\" decoding=\"async\" width=\"1024\" height=\"641\" src=\"http:\/\/lignesauto.fr\/wp-content\/uploads\/2025\/01\/08-1024x641.png\" alt=\"\" class=\"wp-image-38500\" srcset=\"https:\/\/lignesauto.fr\/wp-content\/uploads\/2025\/01\/08-1024x641.png 1024w, https:\/\/lignesauto.fr\/wp-content\/uploads\/2025\/01\/08-300x188.png 300w, https:\/\/lignesauto.fr\/wp-content\/uploads\/2025\/01\/08-768x481.png 768w, https:\/\/lignesauto.fr\/wp-content\/uploads\/2025\/01\/08.png 1417w\" sizes=\"(max-width: 1024px) 100vw, 1024px\" \/><\/figure>\n\n\n\n<p><strong>You&#8217;re an optimist!<\/strong><br>\u201cIt&#8217;s interesting to think optimistically about the next phase in the intelligent integration of the automobile in the city. Today, we&#8217;re in denial: we think we don&#8217;t need cars in the city. But I don&#8217;t think that&#8217;s possible. Today, we go so far as to ask architects working on urban projects not to include parking in their plans. It&#8217;s a total aberration!\u201c <em>Read the interview with architect Manuelle Gautrand here:  <\/em><a href=\"https:\/\/lignesauto.fr\/?p=23794\">https:\/\/lignesauto.fr\/?p=23794<\/a> (below, one of the French architect&#8217;s projects)<\/p>\n\n\n\n<figure class=\"wp-block-image size-large\"><img loading=\"lazy\" decoding=\"async\" width=\"1024\" height=\"452\" src=\"https:\/\/lignesauto.fr\/wp-content\/uploads\/2025\/01\/Z_COULEUR_01-1024x452.png\" alt=\"\" class=\"wp-image-38471\" srcset=\"https:\/\/lignesauto.fr\/wp-content\/uploads\/2025\/01\/Z_COULEUR_01-1024x452.png 1024w, https:\/\/lignesauto.fr\/wp-content\/uploads\/2025\/01\/Z_COULEUR_01-300x132.png 300w, https:\/\/lignesauto.fr\/wp-content\/uploads\/2025\/01\/Z_COULEUR_01-768x339.png 768w, https:\/\/lignesauto.fr\/wp-content\/uploads\/2025\/01\/Z_COULEUR_01.png 1417w\" sizes=\"(max-width: 1024px) 100vw, 1024px\" \/><\/figure>\n\n\n\n<p style=\"font-size:17px\"><strong>But how can we restore a real balance between housing and cars in the city?<\/strong><br>\u201cWe&#8217;re in a phase that I don&#8217;t like, where the public authorities totally reject the car. And so, to feed the inhabitants, we&#8217;re seeing convicts on bicycles delivering meals in city centers. This is not a good vision of the city of tomorrow. This vision of the \u201call-bike city\u201d is almost discriminatory. The result is a society that pits citizens against each other. What do we need to design to make it work? There are a thousand recipes for a city that is consistent with the automobile.\u201d<\/p>\n\n\n\n<figure class=\"wp-block-image size-large\"><img loading=\"lazy\" decoding=\"async\" width=\"1024\" height=\"536\" src=\"https:\/\/lignesauto.fr\/wp-content\/uploads\/2025\/01\/VILLE_02-1024x536.png\" alt=\"\" class=\"wp-image-38475\" srcset=\"https:\/\/lignesauto.fr\/wp-content\/uploads\/2025\/01\/VILLE_02-1024x536.png 1024w, https:\/\/lignesauto.fr\/wp-content\/uploads\/2025\/01\/VILLE_02-300x157.png 300w, https:\/\/lignesauto.fr\/wp-content\/uploads\/2025\/01\/VILLE_02-768x402.png 768w, https:\/\/lignesauto.fr\/wp-content\/uploads\/2025\/01\/VILLE_02.png 1417w\" sizes=\"(max-width: 1024px) 100vw, 1024px\" \/><figcaption class=\"wp-element-caption\">How can we want a city of the future without any form of automobile mobility, in the noble sense of the term?<\/figcaption><\/figure>\n\n\n\n<p style=\"font-size:17px\">\u201cLet&#8217;s start by making induction parking mandatory in new building projects. Let&#8217;s connect buildings to each other, with a sort of central unit for capturing and redistributing energy, via the automobile. I&#8217;ve sketched out ideas for compact, autonomous vehicles whose roof shape allows them to collect rainwater when not in use. And let&#8217;s put a stop to visual pollution: self-service bikes emblazoned with logos, in totally filthy fluorescent colors, dumped haphazardly on the sidewalks, that&#8217;s not how I see the city of tomorrow\u2026\u201d.<\/p>\n\n\n\n<figure class=\"wp-block-image size-large\"><img loading=\"lazy\" decoding=\"async\" width=\"1024\" height=\"575\" src=\"https:\/\/lignesauto.fr\/wp-content\/uploads\/2025\/01\/CARCHITECTURE_400-1024x575.jpg\" alt=\"\" class=\"wp-image-38514\" srcset=\"https:\/\/lignesauto.fr\/wp-content\/uploads\/2025\/01\/CARCHITECTURE_400-1024x575.jpg 1024w, https:\/\/lignesauto.fr\/wp-content\/uploads\/2025\/01\/CARCHITECTURE_400-300x169.jpg 300w, https:\/\/lignesauto.fr\/wp-content\/uploads\/2025\/01\/CARCHITECTURE_400-768x431.jpg 768w, https:\/\/lignesauto.fr\/wp-content\/uploads\/2025\/01\/CARCHITECTURE_400.jpg 1417w\" sizes=\"(max-width: 1024px) 100vw, 1024px\" \/><figcaption class=\"wp-element-caption\">The city of the future must welcome new forms of integrated mobility for the well-being of all. \u00a9-Design Renault.<\/figcaption><\/figure>\n\n\n\n<p style=\"font-size:17px\"><strong>A city with public transport that&#8217;s necessarily adapted too&#8230;<\/strong><br>\u201cTake the buses: they&#8217;re ugly, aren&#8217;t they? In the 1950s, they were superbly designed, with large glass windows to take advantage of the architecture of the city. Today, we could imagine urban transport with robot cabs that integrate, that could capture energy with solar panels in their skin, and others that, what&#8217;s more, clean the streets with water captured during rainfall. We need to converge on this mindset to take the next step.\u201c<\/p>\n\n\n\n<p style=\"font-size:17px\"><strong>Let&#8217;s return to the theme of &#8216;<\/strong><em><strong>carchitecture<\/strong><\/em><strong>&#8216;: will it find its place more easily in the provinces than in the heart of the city?<\/strong><br>\u201cHaving a garage where you can store one or two cars is already &#8216;<em>carchitecture&#8217;.<\/em> Unfortunately, garages are often seen as large cellars. It&#8217;s where you park your car and put your lawnmower or garden hose. What&#8217;s more, it&#8217;s an enclosed space with no windows, and it&#8217;s right next to the house. But it&#8217;s there. And that&#8217;s starting to change, with car lovers treating their garage like a room in the house (below), with specific, aesthetic floors, and with the same love as they do a bedroom or living room.\u201d<\/p>\n\n\n\n<figure class=\"wp-block-image size-large\"><img loading=\"lazy\" decoding=\"async\" width=\"1024\" height=\"683\" src=\"https:\/\/lignesauto.fr\/wp-content\/uploads\/2025\/01\/CARCHITECTURE_889-1024x683.jpg\" alt=\"\" class=\"wp-image-38435\" srcset=\"https:\/\/lignesauto.fr\/wp-content\/uploads\/2025\/01\/CARCHITECTURE_889-1024x683.jpg 1024w, https:\/\/lignesauto.fr\/wp-content\/uploads\/2025\/01\/CARCHITECTURE_889-300x200.jpg 300w, https:\/\/lignesauto.fr\/wp-content\/uploads\/2025\/01\/CARCHITECTURE_889-768x512.jpg 768w, https:\/\/lignesauto.fr\/wp-content\/uploads\/2025\/01\/CARCHITECTURE_889.jpg 1417w\" sizes=\"(max-width: 1024px) 100vw, 1024px\" \/><\/figure>\n\n\n\n<p style=\"font-size:17px\"><strong>The car will arrive in the home by first integrating a new type of garage!<\/strong><br>\u201cWhy is a garage a cold room, when it can become an aesthetic part of the home? Today&#8217;s production cars are much more attractive than those of the 70s and 80s! I talk to young designers who sometimes complain, but I can tell you that my generation went through a complicated period! We were working on a package for a big car with mini wheels, gigantic overhangs, stamping technologies that didn&#8217;t know how to stamp everything, and there were bulbs with headlight casings of crazy proportions! The designer had to make everyone dream, but with packages like these, it was a lost cause!\u201d<\/p>\n\n\n\n<figure class=\"wp-block-image size-large\"><img loading=\"lazy\" decoding=\"async\" width=\"1024\" height=\"348\" src=\"https:\/\/lignesauto.fr\/wp-content\/uploads\/2025\/01\/CARCHITECTURE_403-1024x348.png\" alt=\"\" class=\"wp-image-38519\" srcset=\"https:\/\/lignesauto.fr\/wp-content\/uploads\/2025\/01\/CARCHITECTURE_403-1024x348.png 1024w, https:\/\/lignesauto.fr\/wp-content\/uploads\/2025\/01\/CARCHITECTURE_403-300x102.png 300w, https:\/\/lignesauto.fr\/wp-content\/uploads\/2025\/01\/CARCHITECTURE_403-768x261.png 768w, https:\/\/lignesauto.fr\/wp-content\/uploads\/2025\/01\/CARCHITECTURE_403.png 1417w\" sizes=\"(max-width: 1024px) 100vw, 1024px\" \/><figcaption class=\"wp-element-caption\">Milan-based advanced design studio GAC, headed by St\u00e9phane Janin, is working on dedicated mobility objects for urban travel (left: City Pod) and last-mile deliveries (right: City Box).<\/figcaption><\/figure>\n\n\n\n<p style=\"font-size:17px\">\u201cToday, an R5, a Polestar and others are real concept cars on wheels, with the right proportions. I may be taking refuge in utopia with my reflections, but the idea is nevertheless simple: to make beautiful objects integrated into the city (above), rather than a city that is afraid of intelligent automotive mobility. It&#8217;s important to be optimistic about the future!\u201c<\/p>\n\n\n\n<p style=\"font-size:17px\"><strong>And that&#8217;s where the architect comes in&#8230;<\/strong> <strong>There are and have been many who have tried their hand at the automobile!<\/strong><br>\u201cYes, perhaps it&#8217;s because architects have a hidden fascination with the automobile. For the automobile is, in a way, a little mobile architecture. We&#8217;re all familiar with Le Corbusier&#8217;s work in the 1930s, when he took part in the Soci\u00e9t\u00e9 de Ing\u00e9nieurs de l&#8217;Automobile competition. There was also Frank Lloyd Wright (1867-1959), Renzo Piano (1937)&#8230; \u201d<\/p>\n\n\n\n<figure class=\"wp-block-image size-large\"><img loading=\"lazy\" decoding=\"async\" width=\"1024\" height=\"727\" src=\"https:\/\/lignesauto.fr\/wp-content\/uploads\/2025\/01\/CARCHITECTURE_888-1024x727.png\" alt=\"\" class=\"wp-image-38431\" srcset=\"https:\/\/lignesauto.fr\/wp-content\/uploads\/2025\/01\/CARCHITECTURE_888-1024x727.png 1024w, https:\/\/lignesauto.fr\/wp-content\/uploads\/2025\/01\/CARCHITECTURE_888-300x213.png 300w, https:\/\/lignesauto.fr\/wp-content\/uploads\/2025\/01\/CARCHITECTURE_888-768x545.png 768w, https:\/\/lignesauto.fr\/wp-content\/uploads\/2025\/01\/CARCHITECTURE_888.png 1417w\" sizes=\"(max-width: 1024px) 100vw, 1024px\" \/><figcaption class=\"wp-element-caption\">Project for a minimal car proposed by architect Le Corbusier in 1934, during the competition organized by the SIA. <em>Document from the archives of the Soci\u00e9t\u00e9 des Ing\u00e9nieurs Automobiles.<\/em><\/figcaption><\/figure>\n\n\n\n<p style=\"font-size:17px\"><strong>Zaha Hadid* has also tried her hand at car design (below), without much success&#8230;<\/strong> <br>\u201dArchitects aren&#8217;t often very good, except for Le Corbusier, of course. But as a general rule, they don&#8217;t always manage to appropriate the expression of movement, the romanticism behind the culture of the automobile. And their customers are not mass-market customers. It&#8217;s a bit like a designer only designing concept cars!\u201d <br><em>*Zaha Hadid (1950-2016) is a British-Iraqi architect and urban planner who remains one of the leading figures of the deconstructivist movement.<\/em> <em>She also remains one of the profession&#8217;s most awarded architects.<\/em><\/p>\n\n\n\n<figure class=\"wp-block-image size-large\"><img loading=\"lazy\" decoding=\"async\" width=\"1024\" height=\"683\" src=\"https:\/\/lignesauto.fr\/wp-content\/uploads\/2025\/01\/Z_ZAHA-HADID-1024x683.jpg\" alt=\"\" class=\"wp-image-38442\" srcset=\"https:\/\/lignesauto.fr\/wp-content\/uploads\/2025\/01\/Z_ZAHA-HADID-1024x683.jpg 1024w, https:\/\/lignesauto.fr\/wp-content\/uploads\/2025\/01\/Z_ZAHA-HADID-300x200.jpg 300w, https:\/\/lignesauto.fr\/wp-content\/uploads\/2025\/01\/Z_ZAHA-HADID-768x512.jpg 768w, https:\/\/lignesauto.fr\/wp-content\/uploads\/2025\/01\/Z_ZAHA-HADID.jpg 1417w\" sizes=\"(max-width: 1024px) 100vw, 1024px\" \/><\/figure>\n\n\n\n<p style=\"font-size:17px\"><strong>In addition, the architect builds according to a site, integrating his project into a known environment, whereas the automobile is dynamic.<\/strong> <strong>It moves!<\/strong><br>\u201cYes, but it&#8217;s also true that car designers who have been interested in architecture (<em>Robert Opron, Gaston Juchet and others have designed their own houses<\/em> <em>, NDA<\/em>) haven&#8217;t always succeeded. There&#8217;s always something wrong. If you submit my sketches to an architect, he&#8217;ll see what&#8217;s wrong, because you can&#8217;t improvise yourself as an architect! As car designers, we sometimes make furniture, but it&#8217;s often a little too stylized. It&#8217;s aesthetically pleasing, of course, but we lack an understanding of the world of furniture, its history and references to great designers. Understanding the world of design requires a lot of practice. Clearly, it&#8217;s hard to find someone who masters both fields.\u201c<\/p>\n\n\n\n<figure class=\"wp-block-image size-large\"><img loading=\"lazy\" decoding=\"async\" width=\"1024\" height=\"672\" src=\"https:\/\/lignesauto.fr\/wp-content\/uploads\/2025\/01\/CARCHUITECTURE_220-1024x672.png\" alt=\"\" class=\"wp-image-38433\" srcset=\"https:\/\/lignesauto.fr\/wp-content\/uploads\/2025\/01\/CARCHUITECTURE_220-1024x672.png 1024w, https:\/\/lignesauto.fr\/wp-content\/uploads\/2025\/01\/CARCHUITECTURE_220-300x197.png 300w, https:\/\/lignesauto.fr\/wp-content\/uploads\/2025\/01\/CARCHUITECTURE_220-768x504.png 768w, https:\/\/lignesauto.fr\/wp-content\/uploads\/2025\/01\/CARCHUITECTURE_220.png 1417w\" sizes=\"(max-width: 1024px) 100vw, 1024px\" \/><\/figure>\n\n\n\n<p style=\"font-size:17px\"><strong>The &#8216;<\/strong><em><strong>carchitecture<\/strong><\/em><strong>&#8216; theme is probably more applicable in China, where space is infinite, than in Japan, where it&#8217;s restricted?<\/strong><br>\u201cQuite the opposite! In Japan, the &#8216;<em>carchitecture<\/em>&#8216; theme has long been integrated, particularly in Tokyo, where the culture of architecture means that every square centimetre is used intelligently, including for parking (<em>St\u00e9phane Janin worked in Japan for Infiniti NDA<\/em>). In Japanese cities, the car is systematically integrated into the shape of the house, like Tetris! And even if it&#8217;s just a parking space, it&#8217;s generally a perfectly treated area, very much at one with the home. In this respect, the Japanese want to do things right; it&#8217;s almost joyful to see! Over there, you have the freedom to design your house and integrate your car as you wish, in terms of colors, plans, etc. And at the same time, the transport system in Japan is very different. At the same time, public transport, like the metro, is perfect. They are in total osmosis with the mobility of this largest megalopolis in the world.\u201d<\/p>\n\n\n\n<figure class=\"wp-block-image size-large\"><img loading=\"lazy\" decoding=\"async\" width=\"1024\" height=\"344\" src=\"https:\/\/lignesauto.fr\/wp-content\/uploads\/2025\/01\/CARCHITECTURE_404-1024x344.png\" alt=\"\" class=\"wp-image-38522\" srcset=\"https:\/\/lignesauto.fr\/wp-content\/uploads\/2025\/01\/CARCHITECTURE_404-1024x344.png 1024w, https:\/\/lignesauto.fr\/wp-content\/uploads\/2025\/01\/CARCHITECTURE_404-300x101.png 300w, https:\/\/lignesauto.fr\/wp-content\/uploads\/2025\/01\/CARCHITECTURE_404-768x258.png 768w, https:\/\/lignesauto.fr\/wp-content\/uploads\/2025\/01\/CARCHITECTURE_404.png 1417w\" sizes=\"(max-width: 1024px) 100vw, 1024px\" \/><figcaption class=\"wp-element-caption\">Japan&#8217;s \u201ckeijid\u014dsha\u201d &#8211; or Kei Cars &#8211; are small in size, allowing them to be integrated into or alongside housing. In Tokyo, users can also count on an efficient metro system.<\/figcaption><\/figure>\n\n\n\n<p style=\"font-size:17px\"><strong>What about China, which you know well since you now work for the automaker GAC?<\/strong><br>\u201cIt&#8217;s more complicated in China, because cars are still considered a luxury product, especially in big cities like Shanghai. To buy a car there, you first have to pay a fee. If sales of electric cars are exploding, it&#8217;s because they are exempt from this right of access to automotive mobility. You could say that in China, we don&#8217;t speak of &#8216;<em>carchitecture<\/em>&#8216; but of &#8216;car-urbanism&#8217;, because they merge all this together by imposing strict rules on the people. In fact, China is reducing its pollution, no doubt aggressively, but they&#8217;re making progress with this imposed culture of the long term that Europe seems to lack.\u201d<\/p>\n\n\n\n<p class=\"has-text-align-center\" style=\"font-size:18px\"><strong><strong>TWO LIGNE\/auto BONUSES below<\/strong><\/strong><\/p>\n\n\n\n<p style=\"font-size:17px\"><strong><strong>BONUS 1: reread the interview with St\u00e9phane Janin, director of GAC&#8217;s advanced design studio in Milan.<\/strong><\/strong><\/p>\n\n\n\n<figure class=\"wp-block-embed is-type-wp-embed is-provider-lignes-auto wp-block-embed-lignes-auto\"><div class=\"wp-block-embed__wrapper\">\n<blockquote class=\"wp-embedded-content\" data-secret=\"ZMEIDZrOnd\"><a href=\"https:\/\/lignesauto.fr\/?p=32818\">The long interview : St\u00e9phane Janin, Director of Advanced Design Studio Europe at GAC (China)<\/a><\/blockquote><iframe class=\"wp-embedded-content\" sandbox=\"allow-scripts\" security=\"restricted\" style=\"position: absolute; clip: rect(1px, 1px, 1px, 1px);\" title=\"\u00ab\u00a0The long interview : St\u00e9phane Janin, Director of Advanced Design Studio Europe at GAC (China)\u00a0\u00bb &#8212; LIGNES\/auto\" src=\"https:\/\/lignesauto.fr\/?p=32818&#038;embed=true#?secret=EUzmCBemmU#?secret=ZMEIDZrOnd\" data-secret=\"ZMEIDZrOnd\" width=\"600\" height=\"338\" frameborder=\"0\" marginwidth=\"0\" marginheight=\"0\" scrolling=\"no\"><\/iframe>\n<\/div><\/figure>\n\n\n\n<p style=\"font-size:17px\"><strong><strong>BONUS 2: Relive the history of Renault&#8217;s SymbioZ concept car<\/strong><\/strong><\/p>\n\n\n\n<figure class=\"wp-block-embed is-type-wp-embed is-provider-lignes-auto wp-block-embed-lignes-auto\"><div class=\"wp-block-embed__wrapper\">\n<blockquote class=\"wp-embedded-content\" data-secret=\"DxWsQm5arD\"><a href=\"https:\/\/lignesauto.fr\/?p=32524\">Design: the story of the \u00ab\u00a0real\u00a0\u00bb Renault SymbioZ (with video)<\/a><\/blockquote><iframe class=\"wp-embedded-content\" sandbox=\"allow-scripts\" security=\"restricted\" style=\"position: absolute; clip: rect(1px, 1px, 1px, 1px);\" title=\"\u00ab\u00a0Design: the story of the \u00ab\u00a0real\u00a0\u00bb Renault SymbioZ (with video)\u00a0\u00bb &#8212; LIGNES\/auto\" src=\"https:\/\/lignesauto.fr\/?p=32524&#038;embed=true#?secret=o1XLvGyUGK#?secret=DxWsQm5arD\" data-secret=\"DxWsQm5arD\" width=\"600\" height=\"338\" frameborder=\"0\" marginwidth=\"0\" marginheight=\"0\" scrolling=\"no\"><\/iframe>\n<\/div><\/figure>\n\n\n<div class=\"wp-block-image\">\n<figure class=\"aligncenter size-full is-resized\"><img loading=\"lazy\" decoding=\"async\" width=\"1024\" height=\"288\" src=\"http:\/\/lignesauto.fr\/wp-content\/uploads\/2025\/01\/image.png\" alt=\"\" class=\"wp-image-38287\" style=\"width:524px;height:auto\" srcset=\"https:\/\/lignesauto.fr\/wp-content\/uploads\/2025\/01\/image.png 1024w, https:\/\/lignesauto.fr\/wp-content\/uploads\/2025\/01\/image-300x84.png 300w, https:\/\/lignesauto.fr\/wp-content\/uploads\/2025\/01\/image-768x216.png 768w\" sizes=\"(max-width: 1024px) 100vw, 1024px\" \/><\/figure><\/div>","protected":false},"excerpt":{"rendered":"<p>Is it possible to merge the automotive world with that of architecture, by integrating the car into the home? Should we bank on this concept called &#8216;carchitecture&#8216;? At Renault, a decade ago, we explained that \u201cit&#8217;s a question of ensuring that the automobile is in harmony with its environment, in [&hellip;]<\/p>\n","protected":false},"author":1,"featured_media":38508,"comment_status":"closed","ping_status":"closed","sticky":false,"template":"","format":"standard","meta":{"footnotes":""},"categories":[1],"tags":[],"_links":{"self":[{"href":"https:\/\/lignesauto.fr\/index.php?rest_route=\/wp\/v2\/posts\/38544"}],"collection":[{"href":"https:\/\/lignesauto.fr\/index.php?rest_route=\/wp\/v2\/posts"}],"about":[{"href":"https:\/\/lignesauto.fr\/index.php?rest_route=\/wp\/v2\/types\/post"}],"author":[{"embeddable":true,"href":"https:\/\/lignesauto.fr\/index.php?rest_route=\/wp\/v2\/users\/1"}],"replies":[{"embeddable":true,"href":"https:\/\/lignesauto.fr\/index.php?rest_route=%2Fwp%2Fv2%2Fcomments&post=38544"}],"version-history":[{"count":42,"href":"https:\/\/lignesauto.fr\/index.php?rest_route=\/wp\/v2\/posts\/38544\/revisions"}],"predecessor-version":[{"id":38597,"href":"https:\/\/lignesauto.fr\/index.php?rest_route=\/wp\/v2\/posts\/38544\/revisions\/38597"}],"wp:featuredmedia":[{"embeddable":true,"href":"https:\/\/lignesauto.fr\/index.php?rest_route=\/wp\/v2\/media\/38508"}],"wp:attachment":[{"href":"https:\/\/lignesauto.fr\/index.php?rest_route=%2Fwp%2Fv2%2Fmedia&parent=38544"}],"wp:term":[{"taxonomy":"category","embeddable":true,"href":"https:\/\/lignesauto.fr\/index.php?rest_route=%2Fwp%2Fv2%2Fcategories&post=38544"},{"taxonomy":"post_tag","embeddable":true,"href":"https:\/\/lignesauto.fr\/index.php?rest_route=%2Fwp%2Fv2%2Ftags&post=38544"}],"curies":[{"name":"wp","href":"https:\/\/api.w.org\/{rel}","templated":true}]}}