{"id":38607,"date":"2025-02-03T08:17:56","date_gmt":"2025-02-03T07:17:56","guid":{"rendered":"https:\/\/lignesauto.fr\/?p=38607"},"modified":"2025-02-03T08:17:57","modified_gmt":"2025-02-03T07:17:57","slug":"dossier-architecture-et-automobile-partie-2-la-citroen-cavrois-inspiree-par-mallet-stevens","status":"publish","type":"post","link":"https:\/\/lignesauto.fr\/?p=38607","title":{"rendered":"Dossier Architecture et Automobile. Partie 2\u00a0: la Citro\u00ebn &#8216;Cavrois&#8217; inspir\u00e9e par Mallet-Stevens"},"content":{"rendered":"<div class=\"wp-block-image\">\n<figure class=\"aligncenter size-full is-resized\"><img loading=\"lazy\" decoding=\"async\" width=\"1024\" height=\"288\" src=\"http:\/\/lignesauto.fr\/wp-content\/uploads\/2025\/01\/image.png\" alt=\"\" class=\"wp-image-38287\" style=\"width:438px;height:auto\" srcset=\"https:\/\/lignesauto.fr\/wp-content\/uploads\/2025\/01\/image.png 1024w, https:\/\/lignesauto.fr\/wp-content\/uploads\/2025\/01\/image-300x84.png 300w, https:\/\/lignesauto.fr\/wp-content\/uploads\/2025\/01\/image-768x216.png 768w\" sizes=\"(max-width: 1024px) 100vw, 1024px\" \/><\/figure><\/div>\n\n\n<p style=\"font-size:17px\">Dans cette seconde partie de notre dossier &#8220;Architecture et automobile&#8221;, nous vous invitons au c\u0153ur de notre passion commune : le design automobile et l\u2019impact qu\u2019une architecture des ann\u00e9es 1930 peut avoir sur la conception d\u2019une Citro\u00ebn familiale pour demain. Voici un lieu embl\u00e9matique, un projet automobile bien pens\u00e9 pour la famille et un architecte fran\u00e7ais \u00e0 red\u00e9couvrir&#8230;<\/p>\n\n\n\n<figure class=\"wp-block-image size-large\"><img loading=\"lazy\" decoding=\"async\" width=\"1024\" height=\"606\" src=\"https:\/\/lignesauto.fr\/wp-content\/uploads\/2025\/01\/CARCHITECTURE_27-1024x606.png\" alt=\"\" class=\"wp-image-38610\" srcset=\"https:\/\/lignesauto.fr\/wp-content\/uploads\/2025\/01\/CARCHITECTURE_27-1024x606.png 1024w, https:\/\/lignesauto.fr\/wp-content\/uploads\/2025\/01\/CARCHITECTURE_27-300x178.png 300w, https:\/\/lignesauto.fr\/wp-content\/uploads\/2025\/01\/CARCHITECTURE_27-768x455.png 768w, https:\/\/lignesauto.fr\/wp-content\/uploads\/2025\/01\/CARCHITECTURE_27.png 1417w\" sizes=\"(max-width: 1024px) 100vw, 1024px\" \/><\/figure>\n\n\n\n<p style=\"font-size:17px\">Contrairement \u00e0 ce que l&#8217;on pourrait croire, cette architecture des ann\u00e9es 1930, qui a servi d\u2019inspiratrice \u00e0 ce projet automobile, n&#8217;a pas \u00e9t\u00e9 dessin\u00e9e par Le Corbusier. Ce dernier avait pour habitude de placer devant ses cr\u00e9ations une Avions Voisin pour les photos de propagande. Non, il s&#8217;agit cette fois d\u2019une villa (ci-dessus) d\u2019un autre architecte tout aussi talentueux &#8211; et rival de Le Corbusier bien que les deux s&#8217;estimaient &#8211; qui a m\u00eame une rue \u00e0 son nom dans le 16<sup>e<\/sup> arrondissement de Paris (voir dans les Bonus)&nbsp;: Robert Mallet-Stevens (1886-1945).<\/p>\n\n\n\n<figure class=\"wp-block-image size-large\"><img loading=\"lazy\" decoding=\"async\" width=\"1024\" height=\"562\" src=\"https:\/\/lignesauto.fr\/wp-content\/uploads\/2025\/01\/CARCHITECTURE_25-1024x562.png\" alt=\"\" class=\"wp-image-38613\" srcset=\"https:\/\/lignesauto.fr\/wp-content\/uploads\/2025\/01\/CARCHITECTURE_25-1024x562.png 1024w, https:\/\/lignesauto.fr\/wp-content\/uploads\/2025\/01\/CARCHITECTURE_25-300x165.png 300w, https:\/\/lignesauto.fr\/wp-content\/uploads\/2025\/01\/CARCHITECTURE_25-768x421.png 768w, https:\/\/lignesauto.fr\/wp-content\/uploads\/2025\/01\/CARCHITECTURE_25.png 1417w\" sizes=\"(max-width: 1024px) 100vw, 1024px\" \/><\/figure>\n\n\n\n<p style=\"font-size:17px\">Cet architecte fran\u00e7ais cr\u00e9e \u00e0 la fin des ann\u00e9es 1920 le mouvement Moderne des concepteurs qui r\u00e9interpr\u00e8tent le courant des Arts D\u00e9coratifs en l&#8217;impr\u00e9gnant des nouvelles technologies et des nouveaux mat\u00e9riaux alors en vogue. C\u2019est en 1929, \u00e0 la demande de la famille Cavrois, que Robert Mallet-Stevens d\u00e9bute ses travaux d\u2019architecture int\u00e9rieure et ext\u00e9rieure d&#8217;une villa somptueuse de 2500 m<sup>2<\/sup> habitable, situ\u00e9e \u00e0 Croix, tout pr\u00e8s de Lille. C&#8217;est tout simplement la Villa Cavrois. Elle transpire cet esprit moderniste des ann\u00e9es 1930 qui fait suite aux ann\u00e9es folles, et elle a heureusement \u00e9t\u00e9 restaur\u00e9e in-extremis alors qu&#8217;elle \u00e9tait dans un \u00e9tat pitoyable (voir notre Bonus \u00e0 la fin de ce post).<\/p>\n\n\n\n<figure class=\"wp-block-image size-large\"><img loading=\"lazy\" decoding=\"async\" width=\"1024\" height=\"541\" src=\"https:\/\/lignesauto.fr\/wp-content\/uploads\/2025\/01\/CARCHITECTURE_107-1024x541.png\" alt=\"\" class=\"wp-image-38616\" srcset=\"https:\/\/lignesauto.fr\/wp-content\/uploads\/2025\/01\/CARCHITECTURE_107-1024x541.png 1024w, https:\/\/lignesauto.fr\/wp-content\/uploads\/2025\/01\/CARCHITECTURE_107-300x158.png 300w, https:\/\/lignesauto.fr\/wp-content\/uploads\/2025\/01\/CARCHITECTURE_107-768x405.png 768w, https:\/\/lignesauto.fr\/wp-content\/uploads\/2025\/01\/CARCHITECTURE_107.png 1417w\" sizes=\"(max-width: 1024px) 100vw, 1024px\" \/><\/figure>\n\n\n\n<p style=\"font-size:17px\">Cette Villa a \u00e9t\u00e9 inaugur\u00e9e en 1932, et c\u2019est elle, avec ses volumes de type demi-lune contrastant avec ses verticalit\u00e9s, ou encore ses contrastes de mati\u00e8res et de couleurs, qui a s\u00e9duit &#8211; 92 ans apr\u00e8s sa naissance &#8211;  deux \u00e9tudiants en design transport de l\u2019\u00e9cole Rubika de Valenciennes&nbsp;: Maxime Cettier pour le design ext\u00e9rieur et Thomas Leggett pour le design int\u00e9rieur. Ils se sont attel\u00e9s \u00e0 un projet de familiale Citro\u00ebn largement inspir\u00e9e de la cr\u00e9ation de Mallet-Stevens.<\/p>\n\n\n\n<figure class=\"wp-block-image size-large\"><img loading=\"lazy\" decoding=\"async\" width=\"1024\" height=\"598\" src=\"https:\/\/lignesauto.fr\/wp-content\/uploads\/2025\/01\/CARCHITECTURE_555-1024x598.png\" alt=\"\" class=\"wp-image-38618\" srcset=\"https:\/\/lignesauto.fr\/wp-content\/uploads\/2025\/01\/CARCHITECTURE_555-1024x598.png 1024w, https:\/\/lignesauto.fr\/wp-content\/uploads\/2025\/01\/CARCHITECTURE_555-300x175.png 300w, https:\/\/lignesauto.fr\/wp-content\/uploads\/2025\/01\/CARCHITECTURE_555-768x449.png 768w, https:\/\/lignesauto.fr\/wp-content\/uploads\/2025\/01\/CARCHITECTURE_555.png 1417w\" sizes=\"(max-width: 1024px) 100vw, 1024px\" \/><\/figure>\n\n\n\n<p style=\"font-size:17px\">Ci-dessus, une rapide synth\u00e8se de quelques \u00e9l\u00e9ments typiques des cr\u00e9ations de l&#8217;architecte fran\u00e7ais qu&#8217;on retrouve sur le projet du duo Cettier-Leggett. <strong>En 1<\/strong>, les balayages horizontaux et contrast\u00e9s r\u00e9interpr\u00e9t\u00e9s \u00e0 la base du pare-brise. <strong>En 2<\/strong>, les volumes en demi-lune et <strong>en 3<\/strong>, la teinte des briques et l&#8217;ambiance des bassins de la Villa se retrouvent avec cette illustration de la Citro\u00ebn Cavrois.<\/p>\n\n\n\n<figure class=\"wp-block-image size-large\"><img loading=\"lazy\" decoding=\"async\" width=\"1024\" height=\"1024\" src=\"https:\/\/lignesauto.fr\/wp-content\/uploads\/2025\/02\/CARCHITECTURE_16-1024x1024.png\" alt=\"\" class=\"wp-image-38649\" srcset=\"https:\/\/lignesauto.fr\/wp-content\/uploads\/2025\/02\/CARCHITECTURE_16-1024x1024.png 1024w, https:\/\/lignesauto.fr\/wp-content\/uploads\/2025\/02\/CARCHITECTURE_16-300x300.png 300w, https:\/\/lignesauto.fr\/wp-content\/uploads\/2025\/02\/CARCHITECTURE_16-150x150.png 150w, https:\/\/lignesauto.fr\/wp-content\/uploads\/2025\/02\/CARCHITECTURE_16-768x768.png 768w, https:\/\/lignesauto.fr\/wp-content\/uploads\/2025\/02\/CARCHITECTURE_16.png 1417w\" sizes=\"(max-width: 1024px) 100vw, 1024px\" \/><figcaption class=\"wp-element-caption\">Le deuxi\u00e8me th\u00e8me d&#8217;\u00e9tude de Maxime Cettier adopte les forme en demi-lune vues dans la Villa mais dispose encore d&#8217;un vitrage lat\u00e9ral classique.<\/figcaption><\/figure>\n\n\n\n<p style=\"font-size:17px\">Qui sont ces designers en herbe ? Maxime et Thomas, tous deux \u00e2g\u00e9s de 24 ans, ont pass\u00e9 leur dipl\u00f4me en fin d&#8217;ann\u00e9e derni\u00e8re. Maxime explique &#8220;<em>qu&#8217;on \u00e9tait dans la m\u00eame classe et on se connait depuis quatre ans. En fin de cinqui\u00e8me ann\u00e9e, Thomas avait le projet de cet int\u00e9rieur inspir\u00e9 de la Villa Cavrois. Je l&#8217;ai rejoint comme designer ext\u00e9rieur, car nous avons \u00e9t\u00e9 fortement inspir\u00e9 apr\u00e8s une visite de la Villa.<\/em>&#8221; Le tout, en parall\u00e8le \u00e0 leurs travaux d&#8217;\u00e9tudes. En perruque en quelque sorte !<\/p>\n\n\n\n<figure class=\"wp-block-image size-large\"><img loading=\"lazy\" decoding=\"async\" width=\"1024\" height=\"1022\" src=\"https:\/\/lignesauto.fr\/wp-content\/uploads\/2025\/02\/CARCHITECTURE_15-1024x1022.png\" alt=\"\" class=\"wp-image-38644\" srcset=\"https:\/\/lignesauto.fr\/wp-content\/uploads\/2025\/02\/CARCHITECTURE_15-1024x1022.png 1024w, https:\/\/lignesauto.fr\/wp-content\/uploads\/2025\/02\/CARCHITECTURE_15-300x300.png 300w, https:\/\/lignesauto.fr\/wp-content\/uploads\/2025\/02\/CARCHITECTURE_15-150x150.png 150w, https:\/\/lignesauto.fr\/wp-content\/uploads\/2025\/02\/CARCHITECTURE_15-768x766.png 768w, https:\/\/lignesauto.fr\/wp-content\/uploads\/2025\/02\/CARCHITECTURE_15.png 1417w\" sizes=\"(max-width: 1024px) 100vw, 1024px\" \/><figcaption class=\"wp-element-caption\">Le troisi\u00e8me th\u00e8me est le bon : les passagers arri\u00e8re disposent d&#8217;une vraie attention pour qu&#8217;ils d\u00e9couvrent le paysage avec un point de vue extraordinaire sous la forme de grands hublots.<\/figcaption><\/figure>\n\n\n\n<p style=\"font-size:17px\">Thomas Leggett nous explique &#8220;<em>que j&#8217;ai d&#8217;abord visit\u00e9 la Villa Cavrois comme \u00e9tudiant d\u2019\u00e9cole d\u2019art, mais on a tous les deux \u00e9t\u00e9 touch\u00e9s par la fa\u00e7on dont la maison a \u00e9t\u00e9 pens\u00e9e et par ce que l\u2019architecte a voulu concevoir d&#8217;une mani\u00e8re tr\u00e8s avant-gardiste. M\u00eame si elle date de 1932, elle reste <em>encore aujourd&#8217;hui <\/em>tr\u00e8s moderne et fonctionnelle pour une grande famille.&#8221;<\/em><\/p>\n\n\n\n<figure class=\"wp-block-image size-large\"><img loading=\"lazy\" decoding=\"async\" width=\"1024\" height=\"507\" src=\"https:\/\/lignesauto.fr\/wp-content\/uploads\/2025\/02\/CARCHTECTURE_32-1024x507.png\" alt=\"\" class=\"wp-image-38636\" srcset=\"https:\/\/lignesauto.fr\/wp-content\/uploads\/2025\/02\/CARCHTECTURE_32-1024x507.png 1024w, https:\/\/lignesauto.fr\/wp-content\/uploads\/2025\/02\/CARCHTECTURE_32-300x148.png 300w, https:\/\/lignesauto.fr\/wp-content\/uploads\/2025\/02\/CARCHTECTURE_32-768x380.png 768w, https:\/\/lignesauto.fr\/wp-content\/uploads\/2025\/02\/CARCHTECTURE_32.png 1417w\" sizes=\"(max-width: 1024px) 100vw, 1024px\" \/><\/figure>\n\n\n\n<p style=\"font-size:17px\">&#8220;<em>On a d\u00e9couvert un design tr\u00e8s g\u00e9om\u00e9trique et j&#8217;ai personnellement \u00e9t\u00e9 inspir\u00e9 par la phrase qui est \u00e0 l&#8217;entr\u00e9e. L&#8217;architecte Mallet-Stevens \u00e9crit qu&#8217;il a con\u00e7u cette maison en pensant \u00e0 la famille, et \u00e7a m&#8217;a ramen\u00e9 \u00e0 la voiture familiale que mes parents poss\u00e8dent toujours<\/em><em>. J&#8217;ai donc con\u00e7u ce projet d\u2019abord pour la famille, et Maxime m&#8217;a rejoint imm\u00e9diatement car nous avons tous les deux une sensibilit\u00e9 architecturale.<\/em>&#8220;<\/p>\n\n\n\n<figure class=\"wp-block-image size-large\"><img loading=\"lazy\" decoding=\"async\" width=\"1024\" height=\"429\" src=\"http:\/\/lignesauto.fr\/wp-content\/uploads\/2025\/01\/CARCHITECTURE_106-1024x429.png\" alt=\"\" class=\"wp-image-38609\" srcset=\"https:\/\/lignesauto.fr\/wp-content\/uploads\/2025\/01\/CARCHITECTURE_106-1024x429.png 1024w, https:\/\/lignesauto.fr\/wp-content\/uploads\/2025\/01\/CARCHITECTURE_106-300x126.png 300w, https:\/\/lignesauto.fr\/wp-content\/uploads\/2025\/01\/CARCHITECTURE_106-768x321.png 768w, https:\/\/lignesauto.fr\/wp-content\/uploads\/2025\/01\/CARCHITECTURE_106.png 1417w\" sizes=\"(max-width: 1024px) 100vw, 1024px\" \/><\/figure>\n\n\n\n<p style=\"font-size:17px\">L&#8217;architecture, qu&#8217;elle soit inspiratrice avec la Villa Cavrois ou technique, fait donc partie int\u00e9grante du projet. Maxime Cettier confirme que &#8220;<em>nous ne voulions pas &#8216;dessiner&#8217; une voiture mais la &#8216;construire&#8217; dans ses volumes ext\u00e9rieurs et int\u00e9rieurs. La phrase de Robert Mallet-Stevens inscrite dans la Villa explique que ce qui l&#8217;avait int\u00e9ress\u00e9 dans la famille Cavrois, c\u2019est son go\u00fbt pour les choses originales, l\u2019enthousiasme pour la vie, et donc de construire la maison en fonction de ces envies familiales. Avec Thomas, nous avons \u00e9t\u00e9 guid\u00e9 par cette formulation pour notre projet.<\/em>&#8221; On note avec cette vue rapproch\u00e9e ci-dessous que Maxime Cettier a pris \u00e0 bras le corps le concept de la familiale en imaginant une ouverture de porte accessible aux enfants avec une commande intuitive au pied et un grand logo &#8220;PUSH&#8221;. Et l&#8217;originalit\u00e9 de ce design ext\u00e9rieur provient des deux hublots destin\u00e9s aux passagers arri\u00e8re&#8230;<\/p>\n\n\n\n<figure class=\"wp-block-image size-large\"><img loading=\"lazy\" decoding=\"async\" width=\"1024\" height=\"1024\" src=\"https:\/\/lignesauto.fr\/wp-content\/uploads\/2025\/02\/CARCHITECTURE_30-1024x1024.png\" alt=\"\" class=\"wp-image-38639\" srcset=\"https:\/\/lignesauto.fr\/wp-content\/uploads\/2025\/02\/CARCHITECTURE_30-1024x1024.png 1024w, https:\/\/lignesauto.fr\/wp-content\/uploads\/2025\/02\/CARCHITECTURE_30-300x300.png 300w, https:\/\/lignesauto.fr\/wp-content\/uploads\/2025\/02\/CARCHITECTURE_30-150x150.png 150w, https:\/\/lignesauto.fr\/wp-content\/uploads\/2025\/02\/CARCHITECTURE_30-768x768.png 768w, https:\/\/lignesauto.fr\/wp-content\/uploads\/2025\/02\/CARCHITECTURE_30.png 1417w\" sizes=\"(max-width: 1024px) 100vw, 1024px\" \/><\/figure>\n\n\n\n<p style=\"font-size:17px\">Thomas Legget, pour le design int\u00e9rieur, a jou\u00e9 avec ces hublots in\u00e9dits : &#8220;<em>ils sont en verre avec une projection d&#8217;un \u00e9clairage indirect \u00e0 bord, comme les \u00e9clairages indirects voulus par Mallet-Stevens dans la Villa Cavrois. Ils int\u00e8grent aussi une veilleuse de nuit pour les enfants&#8230; <\/em>&#8221; Tous deux sont d&#8217;accord pour dire que cette ouverture &#8220;<em>offre un regard po\u00e9tique vers l&#8217;ext\u00e9rieur, comme dans une cabine de bateau o\u00f9 l&#8217;on se d\u00e9lecte de la vision de la mer et qui nous plonge dans un univers de voyage. On voulait retranscrire ce sentiment et offrir aux enfants un nouveau regard sur le monde ext\u00e9rieur.<\/em>&#8220;<\/p>\n\n\n\n<figure class=\"wp-block-image size-large\"><img loading=\"lazy\" decoding=\"async\" width=\"1024\" height=\"750\" src=\"https:\/\/lignesauto.fr\/wp-content\/uploads\/2025\/02\/CARCHITECTURE_23-1024x750.png\" alt=\"\" class=\"wp-image-38653\" srcset=\"https:\/\/lignesauto.fr\/wp-content\/uploads\/2025\/02\/CARCHITECTURE_23-1024x750.png 1024w, https:\/\/lignesauto.fr\/wp-content\/uploads\/2025\/02\/CARCHITECTURE_23-300x220.png 300w, https:\/\/lignesauto.fr\/wp-content\/uploads\/2025\/02\/CARCHITECTURE_23-768x563.png 768w, https:\/\/lignesauto.fr\/wp-content\/uploads\/2025\/02\/CARCHITECTURE_23.png 1417w\" sizes=\"(max-width: 1024px) 100vw, 1024px\" \/><\/figure>\n\n\n\n<p style=\"font-size:17px\">Maxime s&#8217;est focalis\u00e9 sur le design ext\u00e9rieur en s\u2019inspirant librement des travaux de l&#8217;architecte fran\u00e7ais, notamment &#8220;<em>en respectant la g\u00e9om\u00e9trie verticale, les balayages horizontaux et les volumes semi-ronds. Je voulais mettre l&#8217;accent sur le rang-2 pour que les enfants aient une bonne visibilit\u00e9 vers l&#8217;ext\u00e9rieur et voient d\u00e9filer le paysage avec gourmandise. D&#8217;o\u00f9 l&#8217;id\u00e9e du hublot retravaill\u00e9.<\/em>&#8220;<\/p>\n\n\n\n<figure class=\"wp-block-image size-large\"><img loading=\"lazy\" decoding=\"async\" width=\"1024\" height=\"561\" src=\"https:\/\/lignesauto.fr\/wp-content\/uploads\/2025\/02\/CARCHITECTURE_104-1024x561.png\" alt=\"\" class=\"wp-image-38672\" srcset=\"https:\/\/lignesauto.fr\/wp-content\/uploads\/2025\/02\/CARCHITECTURE_104-1024x561.png 1024w, https:\/\/lignesauto.fr\/wp-content\/uploads\/2025\/02\/CARCHITECTURE_104-300x164.png 300w, https:\/\/lignesauto.fr\/wp-content\/uploads\/2025\/02\/CARCHITECTURE_104-768x421.png 768w, https:\/\/lignesauto.fr\/wp-content\/uploads\/2025\/02\/CARCHITECTURE_104.png 1417w\" sizes=\"(max-width: 1024px) 100vw, 1024px\" \/><\/figure>\n\n\n\n<p style=\"font-size:17px\">Au-del\u00e0 de cette signature forte des hublots lat\u00e9raux, Maxime Cettier &#8211; designer ext\u00e9rieur du projet -, a construit &#8220;<em>les volumes de la voiture en prenant en compte la forme des demi-cylindres r\u00e9currente dans l&#8217;architecture de Mallet-Stevens, que ce soit \u00e0 l&#8217;ext\u00e9rieur ou l&#8217;int\u00e9rieur de la Villa Cavrois, avec notamment l&#8217;espace d\u00e9di\u00e9 \u00e0 la chemin\u00e9e. J\u2019ai ensuite dessin\u00e9 les volumes en 3D et jou\u00e9 avec eux pour aboutir \u00e0 trois propositions. On a choisi avec Thomas celle o\u00f9 le design s&#8217;appuie sur un concept monocorps et monospace pens\u00e9 pour la famille.<\/em>&#8220;<\/p>\n\n\n\n<figure class=\"wp-block-image size-large\"><img loading=\"lazy\" decoding=\"async\" width=\"1024\" height=\"601\" src=\"https:\/\/lignesauto.fr\/wp-content\/uploads\/2025\/02\/CARCHITECTURE_554-1024x601.png\" alt=\"\" class=\"wp-image-38632\" srcset=\"https:\/\/lignesauto.fr\/wp-content\/uploads\/2025\/02\/CARCHITECTURE_554-1024x601.png 1024w, https:\/\/lignesauto.fr\/wp-content\/uploads\/2025\/02\/CARCHITECTURE_554-300x176.png 300w, https:\/\/lignesauto.fr\/wp-content\/uploads\/2025\/02\/CARCHITECTURE_554-768x451.png 768w, https:\/\/lignesauto.fr\/wp-content\/uploads\/2025\/02\/CARCHITECTURE_554.png 1417w\" sizes=\"(max-width: 1024px) 100vw, 1024px\" \/><figcaption class=\"wp-element-caption\">La teinte de la sellerie des si\u00e8ges rappelle celle des meubles dessin\u00e9s par l&#8217;architecte Mallet-Stevens pour la Villa Cavrois.<\/figcaption><\/figure>\n\n\n\n<p style=\"font-size:17px\">A bord, les th\u00e8mes architecturaux ou encore ceux des couleurs sont respect\u00e9s \u00e0 la lettre par Thomas Leggett. &#8220;<em>La signature ext\u00e9rieure avec ce hublot est tr\u00e8s int\u00e9ressante \u00e0 magnifier \u00e0 l&#8217;int\u00e9rieur. J\u2019ai repris les clins d\u2019\u0153il iconiques des monospace et je les ai r\u00e9interpr\u00e9t\u00e9s d\u2019une mani\u00e8re plus architecturale avec un vrai id\u00e9e de mobilie<\/em>r.&#8221; Ci-dessous, on devine que la vitre ronde du hublot re\u00e7oit \u00e0 sa base un espace pour des livres alors que le rangement inf\u00e9rieur prend la forme d&#8217;un v\u00e9ritable petit meuble, avec ses portes coulissantes.<\/p>\n\n\n\n<figure class=\"wp-block-image size-large\"><img loading=\"lazy\" decoding=\"async\" width=\"1024\" height=\"1024\" src=\"https:\/\/lignesauto.fr\/wp-content\/uploads\/2025\/02\/CARCHITECTURE_22-1024x1024.png\" alt=\"\" class=\"wp-image-38675\" srcset=\"https:\/\/lignesauto.fr\/wp-content\/uploads\/2025\/02\/CARCHITECTURE_22-1024x1024.png 1024w, https:\/\/lignesauto.fr\/wp-content\/uploads\/2025\/02\/CARCHITECTURE_22-300x300.png 300w, https:\/\/lignesauto.fr\/wp-content\/uploads\/2025\/02\/CARCHITECTURE_22-150x150.png 150w, https:\/\/lignesauto.fr\/wp-content\/uploads\/2025\/02\/CARCHITECTURE_22-768x767.png 768w, https:\/\/lignesauto.fr\/wp-content\/uploads\/2025\/02\/CARCHITECTURE_22.png 1417w\" sizes=\"(max-width: 1024px) 100vw, 1024px\" \/><\/figure>\n\n\n\n<p style=\"font-size:17px\">&#8220;<em>On a beaucoup travaill\u00e9 sur la lumi\u00e8re \u00e0 bord, outre celle apport\u00e9e par les deux vitres rondes lat\u00e9rales. Elle ne vient pas directement \u00e9clairer les passagers mais vient d&#8217;abord se refl\u00e9ter dans les volumes des m\u00e9daillons de porti\u00e8res. Ces derni\u00e8res reprennent \u00e9galement les formes th\u00e9matiques de la villa Cavrois. Un \u00e9clairage est \u00e9galement pr\u00e9sent dans les petits meubles de rangements pour les enfants.<\/em>&#8220;<\/p>\n\n\n\n<figure class=\"wp-block-image size-large\"><img loading=\"lazy\" decoding=\"async\" width=\"1024\" height=\"429\" src=\"https:\/\/lignesauto.fr\/wp-content\/uploads\/2025\/02\/CARCHITECTURE_12-1024x429.png\" alt=\"\" class=\"wp-image-38678\" srcset=\"https:\/\/lignesauto.fr\/wp-content\/uploads\/2025\/02\/CARCHITECTURE_12-1024x429.png 1024w, https:\/\/lignesauto.fr\/wp-content\/uploads\/2025\/02\/CARCHITECTURE_12-300x126.png 300w, https:\/\/lignesauto.fr\/wp-content\/uploads\/2025\/02\/CARCHITECTURE_12-768x321.png 768w, https:\/\/lignesauto.fr\/wp-content\/uploads\/2025\/02\/CARCHITECTURE_12.png 1417w\" sizes=\"(max-width: 1024px) 100vw, 1024px\" \/><\/figure>\n\n\n\n<p style=\"font-size:17px\">\u00c9videmment, Thomas s&#8217;est \u00e9galement focalis\u00e9 sur les si\u00e8ges car &#8220;<em>ils sont l&#8217;\u00e9l\u00e9ment le plus importants et je les ai con\u00e7us avec des formes arrondies jusqu&#8217;en partie sup\u00e9rieure pour que les enfants puissent venir poser leur t\u00eate dessus. Je les ai modifi\u00e9s lorsque Maxime a trouv\u00e9 l&#8217;id\u00e9e des hublots lat\u00e9raux afin d&#8217;am\u00e9liorer la transition entre l&#8217;int\u00e9rieur et l&#8217;ext\u00e9rieur.&#8221; <\/em>Maxime pr\u00e9cise de son c\u00f4t\u00e9<em> &#8220;qu&#8217;on a \u00e9galement maximis\u00e9 l&#8217;espace \u00e0 bord gr\u00e2ce \u00e0 un package de base inspir\u00e9 du Renault Sc\u00e9nic E-Tech.<\/em>&#8220;<\/p>\n\n\n\n<figure class=\"wp-block-image size-large\"><img loading=\"lazy\" decoding=\"async\" width=\"1024\" height=\"509\" src=\"https:\/\/lignesauto.fr\/wp-content\/uploads\/2025\/02\/CARCHITECTURE_111-1024x509.png\" alt=\"\" class=\"wp-image-38690\" srcset=\"https:\/\/lignesauto.fr\/wp-content\/uploads\/2025\/02\/CARCHITECTURE_111-1024x509.png 1024w, https:\/\/lignesauto.fr\/wp-content\/uploads\/2025\/02\/CARCHITECTURE_111-300x149.png 300w, https:\/\/lignesauto.fr\/wp-content\/uploads\/2025\/02\/CARCHITECTURE_111-768x382.png 768w, https:\/\/lignesauto.fr\/wp-content\/uploads\/2025\/02\/CARCHITECTURE_111.png 1417w\" sizes=\"(max-width: 1024px) 100vw, 1024px\" \/><figcaption class=\"wp-element-caption\">Un volant monobranche, \u00e9videmment !<\/figcaption><\/figure>\n\n\n\n<p style=\"font-size:17px\">Derni\u00e8re remarque : pourquoi ce projet est-il une Citro\u00ebn ? Le constructeur s&#8217;est-il engag\u00e9 aupr\u00e8s des deux designers ? &#8220;<em>Non, pas du tout<\/em>&#8221; clament-ils. &#8220;<em>C\u2019est une choix personnel !<\/em>&#8221; Sans doute inspir\u00e9 des voitures familiales&#8230; Et pourquoi ne pas avoir pouss\u00e9 le th\u00e8me de l&#8217;\u00e9clairage indirect qu&#8217;on trouve \u00e0 bord jusque dans les optiques et feux pour le design ext\u00e9rieur, avec une signature lumineuse in\u00e9dite ? Maxime explique &#8220;<em>qu&#8217;au d\u00e9but de mes recherches, je voulais reprendre la forme en demi-cylindre pour les optiques, mais \u00e7a reste une piste \u00e0 explorer !<\/em>&#8220;<\/p>\n\n\n\n<figure class=\"wp-block-image size-large\"><img loading=\"lazy\" decoding=\"async\" width=\"1024\" height=\"544\" src=\"https:\/\/lignesauto.fr\/wp-content\/uploads\/2025\/02\/CARCHITECTURE_14-1024x544.png\" alt=\"\" class=\"wp-image-38681\" srcset=\"https:\/\/lignesauto.fr\/wp-content\/uploads\/2025\/02\/CARCHITECTURE_14-1024x544.png 1024w, https:\/\/lignesauto.fr\/wp-content\/uploads\/2025\/02\/CARCHITECTURE_14-300x159.png 300w, https:\/\/lignesauto.fr\/wp-content\/uploads\/2025\/02\/CARCHITECTURE_14-768x408.png 768w, https:\/\/lignesauto.fr\/wp-content\/uploads\/2025\/02\/CARCHITECTURE_14.png 1417w\" sizes=\"(max-width: 1024px) 100vw, 1024px\" \/><figcaption class=\"wp-element-caption\">Les coffres de rangement sont trait\u00e9s comme de v\u00e9ritables meubles.<\/figcaption><\/figure>\n\n\n\n<p style=\"font-size:17px\">Cette Citro\u00ebn Cavrois se situerait dans la gamme Citro\u00ebn \u00e0 hauteur de la prochaine C5 Aircross&#8230; Mais avec une vision plus joyeuse et plus proche encore de la famille, avec un habitacle qui fait la part belle au rang-2 souvent n\u00e9glig\u00e9. Ces deux jeunes designers, dipl\u00f4m\u00e9s, sont pr\u00eats \u00e0 s&#8217;investir sur tous projets automobiles avec leur approche tr\u00e8s singuli\u00e8re . &#8220;<em>Allo ? Pierre Leclercq, ici LIGNES\/auto, vous me recevez ?<\/em>&#8220;<\/p>\n\n\n\n<p class=\"has-text-align-center\" style=\"font-size:18px\"><strong>BONUS : l&#8217;architecte Robert Mallet-Stevens et la Villa Cavrois<\/strong><\/p>\n\n\n\n<figure class=\"wp-block-image size-large\"><img loading=\"lazy\" decoding=\"async\" width=\"673\" height=\"1024\" src=\"https:\/\/lignesauto.fr\/wp-content\/uploads\/2025\/02\/MALLET_04_1945-673x1024.jpg\" alt=\"\" class=\"wp-image-38704\" srcset=\"https:\/\/lignesauto.fr\/wp-content\/uploads\/2025\/02\/MALLET_04_1945-673x1024.jpg 673w, https:\/\/lignesauto.fr\/wp-content\/uploads\/2025\/02\/MALLET_04_1945-197x300.jpg 197w, https:\/\/lignesauto.fr\/wp-content\/uploads\/2025\/02\/MALLET_04_1945-768x1169.jpg 768w, https:\/\/lignesauto.fr\/wp-content\/uploads\/2025\/02\/MALLET_04_1945-1010x1536.jpg 1010w, https:\/\/lignesauto.fr\/wp-content\/uploads\/2025\/02\/MALLET_04_1945-1346x2048.jpg 1346w, https:\/\/lignesauto.fr\/wp-content\/uploads\/2025\/02\/MALLET_04_1945.jpg 1417w\" sizes=\"(max-width: 673px) 100vw, 673px\" \/><\/figure>\n\n\n\n<p style=\"font-size:17px\">Pour tous ceux qui aiment se plonger dans les archives, tels des arch\u00e9ologues \u00e0 la recherche d&#8217;indices, Robert Mallet-Stevens n&#8217;est pas le plus aim\u00e9 : il a effectivement demand\u00e9 \u00e0 ce que ses archives soient d\u00e9truites apr\u00e8s sa mort. Cet architecte n&#8217;a cependant pas pu effacer de la m\u00e9moire collective son pass\u00e9 de d\u00e9corateur de cin\u00e9ma pendant les ann\u00e9es folles, et notamment pour le film de Marcel L&#8217;Herbier (<em>L&#8217;Inhumaine<\/em> en 1923 ci-dessous). Ses d\u00e9cors posent d\u00e9j\u00e0 les fondations de ses architectures futures, car les commandes de villas &#8211; parfois appel\u00e9es&#8230; ch\u00e2teaux &#8211; affluent de la part de personnalit\u00e9s de l&#8217;\u00e9poque, comme le couturier Paul Poiret.<\/p>\n\n\n\n<figure class=\"wp-block-image size-large\"><img loading=\"lazy\" decoding=\"async\" width=\"1024\" height=\"764\" src=\"https:\/\/lignesauto.fr\/wp-content\/uploads\/2025\/01\/CARCHITECTURE_100-1024x764.png\" alt=\"\" class=\"wp-image-38623\" srcset=\"https:\/\/lignesauto.fr\/wp-content\/uploads\/2025\/01\/CARCHITECTURE_100-1024x764.png 1024w, https:\/\/lignesauto.fr\/wp-content\/uploads\/2025\/01\/CARCHITECTURE_100-300x224.png 300w, https:\/\/lignesauto.fr\/wp-content\/uploads\/2025\/01\/CARCHITECTURE_100-768x573.png 768w, https:\/\/lignesauto.fr\/wp-content\/uploads\/2025\/01\/CARCHITECTURE_100.png 1417w\" sizes=\"(max-width: 1024px) 100vw, 1024px\" \/><\/figure>\n\n\n\n<p style=\"font-size:17px\">Robert Mallet-Stevens pose les base de son travail que le site <em><a href=\"https:\/\/designluminy.com\" data-type=\"link\" data-id=\"https:\/\/designluminy.com\">designluminy.com<\/a><\/em> exprime ainsi : &#8220;<em>les notions de proportion, d\u2019expression, de jeux de reliefs sont autant de d\u00e9couvertes plastiques qui appartiennent au domaine de la g\u00e9om\u00e9trie, la base m\u00eame de l\u2019architecture, aimait-il \u00e0 dire. Toute son \u0153uvre en est impr\u00e9gn\u00e9e, quel qu\u2019en soit l\u2019\u00e9chelle, des verres \u00e0 liqueur, cubiques, jusqu\u2019\u00e0 ses grandes r\u00e9alisations comme la villa Cavrois ou le palais de la Lumi\u00e8re \u00e0 l\u2019exposition de 1937<\/em>.&#8221;<\/p>\n\n\n\n<figure class=\"wp-block-image size-large\"><img loading=\"lazy\" decoding=\"async\" width=\"1024\" height=\"675\" src=\"https:\/\/lignesauto.fr\/wp-content\/uploads\/2025\/01\/CARCHITECTURE_20-1024x675.png\" alt=\"\" class=\"wp-image-38627\" srcset=\"https:\/\/lignesauto.fr\/wp-content\/uploads\/2025\/01\/CARCHITECTURE_20-1024x675.png 1024w, https:\/\/lignesauto.fr\/wp-content\/uploads\/2025\/01\/CARCHITECTURE_20-300x198.png 300w, https:\/\/lignesauto.fr\/wp-content\/uploads\/2025\/01\/CARCHITECTURE_20-768x506.png 768w, https:\/\/lignesauto.fr\/wp-content\/uploads\/2025\/01\/CARCHITECTURE_20.png 1417w\" sizes=\"(max-width: 1024px) 100vw, 1024px\" \/><\/figure>\n\n\n\n<p style=\"font-size:17px\">Des ann\u00e9es 1920 aux ann\u00e9es 1930, la griffe Mallet-Stevens demeure la m\u00eame, qu&#8217;elle s&#8217;exprime dans les d\u00e9cors de cin\u00e9ma &#8211; <strong>en 2<\/strong> ci-dessous- ou dans sa propre rue \u00e0 Paris &#8211;<strong>en 1<\/strong>&#8211; Mais d&#8217;o\u00f9 vient son nom ? Du Belge Guillaume Mallet, son p\u00e8re (un expert de l&#8217;art) et de sa m\u00e8re, Stevens. Il va m\u00eame jusqu&#8217;\u00e0 raccourcir son pr\u00e9nom, passant de Robert \u00e0 &#8220;Rob&#8221; comme on le voit ci-dessus dans sa signature sur l&#8217;un des murs de la rue qui porte son nom dans le 16e arrondissement de Paris.<\/p>\n\n\n\n<figure class=\"wp-block-image size-large\"><img loading=\"lazy\" decoding=\"async\" width=\"1024\" height=\"616\" src=\"https:\/\/lignesauto.fr\/wp-content\/uploads\/2025\/01\/CARCHITECTURE_102-1024x616.png\" alt=\"\" class=\"wp-image-38620\" srcset=\"https:\/\/lignesauto.fr\/wp-content\/uploads\/2025\/01\/CARCHITECTURE_102-1024x616.png 1024w, https:\/\/lignesauto.fr\/wp-content\/uploads\/2025\/01\/CARCHITECTURE_102-300x180.png 300w, https:\/\/lignesauto.fr\/wp-content\/uploads\/2025\/01\/CARCHITECTURE_102-768x462.png 768w, https:\/\/lignesauto.fr\/wp-content\/uploads\/2025\/01\/CARCHITECTURE_102.png 1417w\" sizes=\"(max-width: 1024px) 100vw, 1024px\" \/><\/figure>\n\n\n\n<p style=\"font-size:17px\">Le vocabulaire architectural de la rue Mallet-Stevens date de 1926-1927. C&#8217;est lui qui va se retrouver omnipr\u00e9sent dans les \u0153uvres du fran\u00e7ais, et notamment lorsqu&#8217;il est contact\u00e9 par la famille Cavrois pour l&#8217;\u00e9tude de la Villa \u00e9ponyme, \u00e0 Croix, \u00e0 quelques kilom\u00e8tres de Lille. L\u2019\u00e9l\u00e9vation de cette villa est trac\u00e9e \u00e0 main lev\u00e9e selon une figure g\u00e9om\u00e9trique &#8211; ci-dessous &#8211; \u00e0 partir de laquelle la b\u00e2tisse s&#8217;\u00e9panouit. Selon <em>designluminy<\/em>, &#8220;<em>elle pr\u00e9sente la composition de la fa\u00e7ade Nord qui est construite sur une sym\u00e9trie parfaite dont l\u2019axe se superpose \u00e0 l\u2019axe de la porte. Cette derni\u00e8re dessine un carr\u00e9 parfait alors que la verticale de la tour d\u00e9porte la composition vers l\u2019aile droite, plus courte que la gauche. La sym\u00e9trie g\u00e9n\u00e9rale est rachet\u00e9e par le jeu des terrasses et les deux escaliers lat\u00e9raux sym\u00e9triques sur lesquels s\u2019arr\u00eate le trac\u00e9<\/em>.&#8221; Si vous visitez la Villa Cavrois (<a href=\"https:\/\/www.villa-cavrois.fr\/\">https:\/\/www.villa-cavrois.fr\/<\/a>) vous ne la regarderez plus du m\u00eame \u0153il&#8230;<\/p>\n\n\n\n<figure class=\"wp-block-image size-large\"><img loading=\"lazy\" decoding=\"async\" width=\"1024\" height=\"1024\" src=\"https:\/\/lignesauto.fr\/wp-content\/uploads\/2025\/02\/MALLET_100-1024x1024.png\" alt=\"\" class=\"wp-image-38700\" srcset=\"https:\/\/lignesauto.fr\/wp-content\/uploads\/2025\/02\/MALLET_100-1024x1024.png 1024w, https:\/\/lignesauto.fr\/wp-content\/uploads\/2025\/02\/MALLET_100-300x300.png 300w, https:\/\/lignesauto.fr\/wp-content\/uploads\/2025\/02\/MALLET_100-150x150.png 150w, https:\/\/lignesauto.fr\/wp-content\/uploads\/2025\/02\/MALLET_100-768x768.png 768w, https:\/\/lignesauto.fr\/wp-content\/uploads\/2025\/02\/MALLET_100.png 1417w\" sizes=\"(max-width: 1024px) 100vw, 1024px\" \/><\/figure>\n\n\n\n<p style=\"font-size:17px\">Et si vous la visitez, sans doute d\u00e9couvrirez-vous son incroyable histoire. Cette villa, comme d&#8217;autres sign\u00e9es de la main de l\u2019architecte fran\u00e7ais, a connu un destin funeste. C&#8217;est une miracul\u00e9e ! Cette b\u00e2tisse extraordinaire a \u00e9t\u00e9 abandonn\u00e9e puis d\u00e9pouill\u00e9e \u00e0 la fin des ann\u00e9es 1980 puis sauv\u00e9e de justesse apr\u00e8s avoir \u00e9t\u00e9 prot\u00e9g\u00e9e par les monuments historiques. S&#8217;ensuit alors une vaste op\u00e9ration de restauration \u00e0 revivre ici : <a href=\"https:\/\/www.youtube.com\/watch?v=jsYQYjug6eQ\">https:\/\/www.youtube.com\/watch?v=jsYQYjug6eQ<\/a><\/p>\n\n\n\n<figure class=\"wp-block-image size-large\"><img loading=\"lazy\" decoding=\"async\" width=\"1024\" height=\"823\" src=\"https:\/\/lignesauto.fr\/wp-content\/uploads\/2025\/02\/MALLET_05-1024x823.png\" alt=\"\" class=\"wp-image-38706\" srcset=\"https:\/\/lignesauto.fr\/wp-content\/uploads\/2025\/02\/MALLET_05-1024x823.png 1024w, https:\/\/lignesauto.fr\/wp-content\/uploads\/2025\/02\/MALLET_05-300x241.png 300w, https:\/\/lignesauto.fr\/wp-content\/uploads\/2025\/02\/MALLET_05-768x617.png 768w, https:\/\/lignesauto.fr\/wp-content\/uploads\/2025\/02\/MALLET_05.png 1417w\" sizes=\"(max-width: 1024px) 100vw, 1024px\" \/><\/figure>\n\n\n\n<p style=\"font-size:17px\">Et \u00e9videmment, si vous passez par la Capitale, n\u2019h\u00e9sitez pas \u00e0 vous rendre dans la rue Mallet-Stevens. Une rue assez courte qui met en avant les principes architecturaux et de g\u00e9om\u00e9trie que l&#8217;architecte a suivi tout au long de sa vie. Ci-dessus le b\u00e2timent qui ouvre cette rue : l&#8217;h\u00f4tel particulier de Jo\u00ebl Martel de 1927 et photographi\u00e9 cette ann\u00e9e par l&#8217;auteur. <strong>Pour en savoir plus<\/strong> : <a href=\"https:\/\/www.unjourdeplusaparis.com\/paris-insolite\/rue-mallet-stevens-triomphe-de-la-ligne-droite\">https:\/\/www.unjourdeplusaparis.com\/paris-insolite\/rue-mallet-stevens-triomphe-de-la-ligne-droite<\/a><\/p>\n\n\n\n<figure class=\"wp-block-image size-large\"><img loading=\"lazy\" decoding=\"async\" width=\"1024\" height=\"767\" src=\"https:\/\/lignesauto.fr\/wp-content\/uploads\/2025\/02\/MALLET_03-1024x767.png\" alt=\"\" class=\"wp-image-38707\" srcset=\"https:\/\/lignesauto.fr\/wp-content\/uploads\/2025\/02\/MALLET_03-1024x767.png 1024w, https:\/\/lignesauto.fr\/wp-content\/uploads\/2025\/02\/MALLET_03-300x225.png 300w, https:\/\/lignesauto.fr\/wp-content\/uploads\/2025\/02\/MALLET_03-768x575.png 768w, https:\/\/lignesauto.fr\/wp-content\/uploads\/2025\/02\/MALLET_03.png 1417w\" sizes=\"(max-width: 1024px) 100vw, 1024px\" \/><\/figure>\n\n\n\n<p><em>Merci \u00e0 Maxime Cettier et Thomas Leggett pour leur disponibilit\u00e9<\/em> (<a href=\"mailto:contact.maximecettier@gmail.com\">contact.maximecettier@gmail.com<\/a> et <a href=\"mailto:contact.thomasleggett@gmail.com\">contact.thomasleggett@gmail.com<\/a>)<br><strong>Pour aller plus loin sur le sujet Mallet-Stevens : <\/strong><a href=\"http:\/\/www.malletstevens.com\/oeuvre.htm\"><strong>http:\/\/www.malletstevens.com\/oeuvre.htm<\/strong><\/a><\/p>\n\n\n<div class=\"wp-block-image\">\n<figure class=\"aligncenter size-full is-resized\"><img loading=\"lazy\" decoding=\"async\" width=\"1024\" height=\"288\" src=\"http:\/\/lignesauto.fr\/wp-content\/uploads\/2025\/01\/image.png\" alt=\"\" class=\"wp-image-38287\" style=\"width:440px;height:auto\" srcset=\"https:\/\/lignesauto.fr\/wp-content\/uploads\/2025\/01\/image.png 1024w, https:\/\/lignesauto.fr\/wp-content\/uploads\/2025\/01\/image-300x84.png 300w, https:\/\/lignesauto.fr\/wp-content\/uploads\/2025\/01\/image-768x216.png 768w\" sizes=\"(max-width: 1024px) 100vw, 1024px\" \/><\/figure><\/div>\n\n\n<p class=\"has-text-align-center\" style=\"font-size:18px\"><\/p>\n\n\n\n<p><\/p>\n","protected":false},"excerpt":{"rendered":"<p>Dans cette seconde partie de notre dossier &#8220;Architecture et automobile&#8221;, nous vous invitons au c\u0153ur de notre passion commune : le design automobile et l\u2019impact qu\u2019une architecture des ann\u00e9es 1930 peut avoir sur la conception d\u2019une Citro\u00ebn familiale pour demain. Voici un lieu embl\u00e9matique, un projet automobile bien pens\u00e9 pour [&hellip;]<\/p>\n","protected":false},"author":1,"featured_media":38609,"comment_status":"closed","ping_status":"closed","sticky":false,"template":"","format":"standard","meta":{"footnotes":""},"categories":[1],"tags":[],"_links":{"self":[{"href":"https:\/\/lignesauto.fr\/index.php?rest_route=\/wp\/v2\/posts\/38607"}],"collection":[{"href":"https:\/\/lignesauto.fr\/index.php?rest_route=\/wp\/v2\/posts"}],"about":[{"href":"https:\/\/lignesauto.fr\/index.php?rest_route=\/wp\/v2\/types\/post"}],"author":[{"embeddable":true,"href":"https:\/\/lignesauto.fr\/index.php?rest_route=\/wp\/v2\/users\/1"}],"replies":[{"embeddable":true,"href":"https:\/\/lignesauto.fr\/index.php?rest_route=%2Fwp%2Fv2%2Fcomments&post=38607"}],"version-history":[{"count":138,"href":"https:\/\/lignesauto.fr\/index.php?rest_route=\/wp\/v2\/posts\/38607\/revisions"}],"predecessor-version":[{"id":38816,"href":"https:\/\/lignesauto.fr\/index.php?rest_route=\/wp\/v2\/posts\/38607\/revisions\/38816"}],"wp:featuredmedia":[{"embeddable":true,"href":"https:\/\/lignesauto.fr\/index.php?rest_route=\/wp\/v2\/media\/38609"}],"wp:attachment":[{"href":"https:\/\/lignesauto.fr\/index.php?rest_route=%2Fwp%2Fv2%2Fmedia&parent=38607"}],"wp:term":[{"taxonomy":"category","embeddable":true,"href":"https:\/\/lignesauto.fr\/index.php?rest_route=%2Fwp%2Fv2%2Fcategories&post=38607"},{"taxonomy":"post_tag","embeddable":true,"href":"https:\/\/lignesauto.fr\/index.php?rest_route=%2Fwp%2Fv2%2Ftags&post=38607"}],"curies":[{"name":"wp","href":"https:\/\/api.w.org\/{rel}","templated":true}]}}