{"id":3962,"date":"2018-09-05T14:11:44","date_gmt":"2018-09-05T12:11:44","guid":{"rendered":"http:\/\/lignesauto.fr\/?p=3962"},"modified":"2018-12-22T17:57:42","modified_gmt":"2018-12-22T16:57:42","slug":"electrique-les-constructeurs-sont-ils-sur-la-bonne-voie","status":"publish","type":"post","link":"https:\/\/lignesauto.fr\/?p=3962","title":{"rendered":"Electrique : les constructeurs sont-ils sur la bonne voie ?"},"content":{"rendered":"<p><img loading=\"lazy\" decoding=\"async\" class=\"alignnone size-medium wp-image-45\" src=\"http:\/\/lignesauto.fr\/wp-content\/uploads\/2018\/06\/LOGO-SEUL-300x76.png\" alt=\"\" width=\"300\" height=\"76\" srcset=\"https:\/\/lignesauto.fr\/wp-content\/uploads\/2018\/06\/LOGO-SEUL-300x76.png 300w, https:\/\/lignesauto.fr\/wp-content\/uploads\/2018\/06\/LOGO-SEUL-768x195.png 768w, https:\/\/lignesauto.fr\/wp-content\/uploads\/2018\/06\/LOGO-SEUL.png 1014w\" sizes=\"(max-width: 300px) 100vw, 300px\" \/><\/p>\n<p>La machine s&#8217;emballe : en moins de cinq ans, le nombre de projets de grands constructeurs (g\u00e9n\u00e9ralistes ou &#8220;premiums&#8221;) pour concevoir et produire des mod\u00e8les 100% \u00e9lectriques explose. Nous voici arriv\u00e9 \u00e0 l&#8217;heure des pr\u00e9sentations \u00a0!<\/p>\n<p><img loading=\"lazy\" decoding=\"async\" class=\"alignnone wp-image-3977 size-large\" src=\"http:\/\/lignesauto.fr\/wp-content\/uploads\/2018\/09\/P90320741_highRes_bmw-vision-inext-com-683x1024.jpg\" alt=\"\" width=\"683\" height=\"1024\" srcset=\"https:\/\/lignesauto.fr\/wp-content\/uploads\/2018\/09\/P90320741_highRes_bmw-vision-inext-com-683x1024.jpg 683w, https:\/\/lignesauto.fr\/wp-content\/uploads\/2018\/09\/P90320741_highRes_bmw-vision-inext-com-200x300.jpg 200w, https:\/\/lignesauto.fr\/wp-content\/uploads\/2018\/09\/P90320741_highRes_bmw-vision-inext-com-768x1151.jpg 768w, https:\/\/lignesauto.fr\/wp-content\/uploads\/2018\/09\/P90320741_highRes_bmw-vision-inext-com-370x555.jpg 370w, https:\/\/lignesauto.fr\/wp-content\/uploads\/2018\/09\/P90320741_highRes_bmw-vision-inext-com-1040x1559.jpg 1040w, https:\/\/lignesauto.fr\/wp-content\/uploads\/2018\/09\/P90320741_highRes_bmw-vision-inext-com.jpg 1170w\" sizes=\"(max-width: 683px) 100vw, 683px\" \/><\/p>\n<p>Mercedes, Audi, Volkswagen, BMW (ci-dessus, d\u00e9tail de la prochaine BMW iNEXT) mais aussi PSA ou Renault, sans m\u00eame \u00e9voquer les cor\u00e9ens Kia et Hyundai conjuguent l&#8217;\u00e9lectrique au temps pr\u00e9sent. Cette gourmandise soudaine, aliment\u00e9e en partie par l&#8217;affaire du <em>dieselgate,<\/em>\u00a0ne va-t-elle pas devenir indigeste pour certains constructeurs ou clients&#8230; D&#8217;autant que les strat\u00e9gies (commerciales ou industrielles) diff\u00e8rent d&#8217;un constructeur \u00e0 l&#8217;autre.<\/p>\n<p><img loading=\"lazy\" decoding=\"async\" class=\"wp-image-3961 size-large\" src=\"http:\/\/lignesauto.fr\/wp-content\/uploads\/2018\/09\/18C0666_102-1024x683.jpg\" alt=\"\" width=\"1024\" height=\"683\" srcset=\"https:\/\/lignesauto.fr\/wp-content\/uploads\/2018\/09\/18C0666_102-1024x683.jpg 1024w, https:\/\/lignesauto.fr\/wp-content\/uploads\/2018\/09\/18C0666_102-300x200.jpg 300w, https:\/\/lignesauto.fr\/wp-content\/uploads\/2018\/09\/18C0666_102-768x512.jpg 768w, https:\/\/lignesauto.fr\/wp-content\/uploads\/2018\/09\/18C0666_102-370x247.jpg 370w, https:\/\/lignesauto.fr\/wp-content\/uploads\/2018\/09\/18C0666_102-1040x693.jpg 1040w\" sizes=\"(max-width: 1024px) 100vw, 1024px\" \/><\/p>\n<p><span style=\"font-size: 16px;\">Mercedes a donc ouvert un nouveau champ des possibles avec son produit in\u00e9dit, le EQC, SUV 100% \u00e9lectrique qui vient se m\u00ealer \u00e0 la bataille sur le march\u00e9 mondial de la voiture \u00e9lectrique, dans le segment des SUV. Il est int\u00e9ressant de rappeler que c&#8217;est quand m\u00eame Elon Musk et ses Tesla qui aura \u00e9t\u00e9 l&#8217;initiateur de cette mont\u00e9e en puissance du tout \u00e9lectrique. Tesla, et non les g\u00e9ants automobiles. G\u00e9ants qui ont de la m\u00eame fa\u00e7on \u00e9t\u00e9 suiveurs sur le th\u00e8me de la voiture autonome, grill\u00e9s par les premiers tests des voitures Google. Google qui, avec sa filiale Waymo (ci-dessous), produira finalement des syst\u00e8mes pour voitures autonomes&#8230; La boucle sera boucl\u00e9e !<\/span><\/p>\n<p><img loading=\"lazy\" decoding=\"async\" class=\"alignnone wp-image-3965 size-full\" src=\"http:\/\/lignesauto.fr\/wp-content\/uploads\/2018\/09\/LIGNESGOOGLE.jpg\" alt=\"\" width=\"960\" height=\"540\" srcset=\"https:\/\/lignesauto.fr\/wp-content\/uploads\/2018\/09\/LIGNESGOOGLE.jpg 960w, https:\/\/lignesauto.fr\/wp-content\/uploads\/2018\/09\/LIGNESGOOGLE-300x169.jpg 300w, https:\/\/lignesauto.fr\/wp-content\/uploads\/2018\/09\/LIGNESGOOGLE-768x432.jpg 768w, https:\/\/lignesauto.fr\/wp-content\/uploads\/2018\/09\/LIGNESGOOGLE-370x208.jpg 370w\" sizes=\"(max-width: 960px) 100vw, 960px\" \/><\/p>\n<p>Revenons \u00e0 l&#8217;\u00e9lectrique : le SUV EQC lance la nouvelle &#8220;ligne&#8221; EQ du 100% \u00e9lectrique chez Mercedes. EQ, c&#8217;est un peu \u00e0 l&#8217;image de la ligne DS chez PSA du d\u00e9but des ann\u00e9es 2010 : une gamme dans la gamme qui, ici, se d\u00e9marque par sa cha\u00eene de traction \u00e9lectrique. Et aussi par ses silhouettes sp\u00e9cifiques. Mais pas vraiment novatrices. On peut s&#8217;interroger sur le besoin de cr\u00e9er des v\u00e9hicules d\u00e9di\u00e9s \u00e0 l&#8217;\u00e9lectrique tout en les habillant de silhouettes totalement dat\u00e9es et dont le style n&#8217;\u00e9voque en rien cette mutation automobile. Une automobile qui, d&#8217;apr\u00e8s Gilles Vidal &#8211; patron du design Peugeot &#8211;\u00a0<em>&#8220;est \u00e0 la veille des plus grandes r\u00e9volutions de son histoire.<\/em> \u201d<\/p>\n<p><img loading=\"lazy\" decoding=\"async\" class=\"wp-image-3958 size-large\" src=\"http:\/\/lignesauto.fr\/wp-content\/uploads\/2018\/09\/18C0736_052-1024x576.jpg\" alt=\"\" width=\"1024\" height=\"576\" srcset=\"https:\/\/lignesauto.fr\/wp-content\/uploads\/2018\/09\/18C0736_052-1024x576.jpg 1024w, https:\/\/lignesauto.fr\/wp-content\/uploads\/2018\/09\/18C0736_052-300x169.jpg 300w, https:\/\/lignesauto.fr\/wp-content\/uploads\/2018\/09\/18C0736_052-768x432.jpg 768w, https:\/\/lignesauto.fr\/wp-content\/uploads\/2018\/09\/18C0736_052-370x208.jpg 370w, https:\/\/lignesauto.fr\/wp-content\/uploads\/2018\/09\/18C0736_052-1040x585.jpg 1040w\" sizes=\"(max-width: 1024px) 100vw, 1024px\" \/><\/p>\n<p><span style=\"font-size: 16px;\">Reconnaissons ici que l&#8217;EQC au m\u00eame titre que l&#8217;Audi e-tron (voir plus bas) entrent de plain-pied dans un nouvel univers \u00e9lectrique sans que leur design fasse \u00e9tat de cette r\u00e9elle mutation. Ce d\u00e9calage entre la technologie in\u00e9dite et le &#8220;style&#8221; contemporain confirme sans doute les craintes des constructeurs \u00e0 s&#8217;engager dans un monde encore flou et inconnu. Raison pour laquelle les silhouettes restent relativement classiques. Et puis il faut toujours loger une planche de bord, une clim&#8217;, des freins, une direction ou les IHM&#8230;<\/span><\/p>\n<p><span style=\"font-size: 16px;\">Il n&#8217;en va pas de m\u00eame &#8211; \u00e9trangement &#8211; pour la strat\u00e9gie industrielle men\u00e9e par certains des g\u00e9ants allemands qui optent pour des sites industriels d\u00e9di\u00e9s \u00e0 la production de leur nouvelle famille de v\u00e9hicules \u00e9lectriques. Restons avec Mercedes qui d\u00e9die ainsi le site de production fran\u00e7ais de la Smart, \u00e0 Hambach, pour ses futurs mod\u00e8les \u00e9lectriques : la Smart EV bien s\u00fbr mais aussi et surtout, la prochaine silhouette de la famille EQ, la EQA, berline compacte qui sera fabriqu\u00e9e en France.<\/span><\/p>\n<p><img loading=\"lazy\" decoding=\"async\" class=\"wp-image-3754 size-large\" src=\"http:\/\/lignesauto.fr\/wp-content\/uploads\/2018\/08\/17C700_22-1024x768.jpg\" alt=\"\" width=\"1024\" height=\"768\" srcset=\"https:\/\/lignesauto.fr\/wp-content\/uploads\/2018\/08\/17C700_22-1024x768.jpg 1024w, https:\/\/lignesauto.fr\/wp-content\/uploads\/2018\/08\/17C700_22-300x225.jpg 300w, https:\/\/lignesauto.fr\/wp-content\/uploads\/2018\/08\/17C700_22-768x576.jpg 768w, https:\/\/lignesauto.fr\/wp-content\/uploads\/2018\/08\/17C700_22-370x277.jpg 370w, https:\/\/lignesauto.fr\/wp-content\/uploads\/2018\/08\/17C700_22-1040x780.jpg 1040w\" sizes=\"(max-width: 1024px) 100vw, 1024px\" \/><\/p>\n<figure id=\"attachment_3755\" aria-describedby=\"caption-attachment-3755\" style=\"width: 1024px\" class=\"wp-caption alignnone\"><img loading=\"lazy\" decoding=\"async\" class=\"wp-image-3755 size-large\" src=\"http:\/\/lignesauto.fr\/wp-content\/uploads\/2018\/08\/18A0418-1024x564.jpg\" alt=\"\" width=\"1024\" height=\"564\" srcset=\"https:\/\/lignesauto.fr\/wp-content\/uploads\/2018\/08\/18A0418-1024x564.jpg 1024w, https:\/\/lignesauto.fr\/wp-content\/uploads\/2018\/08\/18A0418-300x165.jpg 300w, https:\/\/lignesauto.fr\/wp-content\/uploads\/2018\/08\/18A0418-768x423.jpg 768w, https:\/\/lignesauto.fr\/wp-content\/uploads\/2018\/08\/18A0418-370x204.jpg 370w, https:\/\/lignesauto.fr\/wp-content\/uploads\/2018\/08\/18A0418-1040x573.jpg 1040w, https:\/\/lignesauto.fr\/wp-content\/uploads\/2018\/08\/18A0418.jpg 1496w\" sizes=\"(max-width: 1024px) 100vw, 1024px\" \/><figcaption id=\"caption-attachment-3755\" class=\"wp-caption-text\"><span style=\"font-size: 16px;\">Le Dr. Dieter Zetsche, re\u00e7u\u00a0ici \u00e0 l&#8217;Elys\u00e9e par le Pr\u00e9sident Macron, a annonc\u00e9 vouloir investir 500 millions d&#8217;euros sur le site fran\u00e7ais pour confirmer cette future production.<\/span><\/figcaption><\/figure>\n<p>Volkswagen n&#8217;est pas en reste. Comme BMW avec sa lign\u00e9e &#8220;BMWi&#8221;, comme Mercedes avec sa famille &#8220;EQ&#8221; et comme Audi avec ses mod\u00e8les d\u00e9di\u00e9s &#8220;e-tron&#8221;, le g\u00e9ant allemand a construit de toutes pi\u00e8ces une nouvelle gamme dans sa gamme : &#8220;I.D.&#8221;. Quatre mod\u00e8les ont d&#8217;ores et d\u00e9j\u00e0 \u00e9t\u00e9 d\u00e9voil\u00e9s : la berline compacte I.D., le SUV I.D. Crozz, le monospace <em>vintage<\/em>\u00a0 I.D.Buzz et la grande berline I.D.Vizzion.<\/p>\n<p><img loading=\"lazy\" decoding=\"async\" class=\"alignnone wp-image-3951 size-large\" src=\"http:\/\/lignesauto.fr\/wp-content\/uploads\/2018\/09\/DB2018AU00539_large-1024x683.jpg\" alt=\"\" width=\"1024\" height=\"683\" srcset=\"https:\/\/lignesauto.fr\/wp-content\/uploads\/2018\/09\/DB2018AU00539_large-1024x683.jpg 1024w, https:\/\/lignesauto.fr\/wp-content\/uploads\/2018\/09\/DB2018AU00539_large-300x200.jpg 300w, https:\/\/lignesauto.fr\/wp-content\/uploads\/2018\/09\/DB2018AU00539_large-768x512.jpg 768w, https:\/\/lignesauto.fr\/wp-content\/uploads\/2018\/09\/DB2018AU00539_large-370x247.jpg 370w, https:\/\/lignesauto.fr\/wp-content\/uploads\/2018\/09\/DB2018AU00539_large-1040x694.jpg 1040w, https:\/\/lignesauto.fr\/wp-content\/uploads\/2018\/09\/DB2018AU00539_large.jpg 2008w\" sizes=\"(max-width: 1024px) 100vw, 1024px\" \/><\/p>\n<p>C&#8217;est la premi\u00e8re cit\u00e9e, une berline au gabarit de Golf (ci-dessous) qui sera produite d\u00e8s l&#8217;ann\u00e9e prochaine dans l&#8217;usine de Zwickau, un site industriel d\u00e9di\u00e9 aux productions 100% \u00e9lectriques de Volkswagen sur la plateforme MEB. Le constructeur a annonc\u00e9 qu&#8217;<strong>\u00e0 la fin de l&#8217;ann\u00e9e 2020, l&#8217;usine ne fabriquera que des mod\u00e8les \u00e9lectriques<\/strong> au rythme annuel de <strong>330.000 unit\u00e9s au-del\u00e0 de 2020<\/strong>&#8230; \u00c9norme pari que d&#8217;imaginer une usine produisant exclusivement des mod\u00e8les \u00e9lectriques.<\/p>\n<p><img loading=\"lazy\" decoding=\"async\" class=\"alignnone wp-image-377 size-large\" src=\"http:\/\/lignesauto.fr\/wp-content\/uploads\/2017\/12\/db2017au00580_small-1024x674.jpg\" alt=\"\" width=\"1024\" height=\"674\" srcset=\"https:\/\/lignesauto.fr\/wp-content\/uploads\/2017\/12\/db2017au00580_small.jpg 1024w, https:\/\/lignesauto.fr\/wp-content\/uploads\/2017\/12\/db2017au00580_small-300x197.jpg 300w, https:\/\/lignesauto.fr\/wp-content\/uploads\/2017\/12\/db2017au00580_small-768x506.jpg 768w\" sizes=\"(max-width: 1024px) 100vw, 1024px\" \/><\/p>\n<p>Si la berline compacte I.D. ne s&#8217;\u00e9loigne pas trop du design du concept-car ci-dessus, elle pourrait \u00eatre l&#8217;une des premi\u00e8res compactes 100% \u00e9lectriques a opter pour un design typ\u00e9. Mais c&#8217;est \u00e0 bord que l&#8217;I.D. devrait faire la diff\u00e9rence avec sa future s\u0153ur &#8220;thermique&#8221; Golf 8 puisqu&#8217;elle offrira l&#8217;habitabilit\u00e9 d&#8217;une Passat en seulement 4,10 m de longueur. Le Dr. Herbert Diess, alors au comit\u00e9 de direction, a confirm\u00e9 en d\u00e9but d&#8217;ann\u00e9e que <strong>1500 I.D. et I.D.Crozz seront produites QUOTIDIENNEMENT \u00e0 partir de 2019<\/strong>. Et il a m\u00eame indiqu\u00e9 le prix de la Box-recharge murale <em>&#8220;accessible \u00e0 tous pour 300 euros.<\/em>&#8221;<\/p>\n<p><img loading=\"lazy\" decoding=\"async\" class=\"alignnone wp-image-1663 size-large\" src=\"http:\/\/lignesauto.fr\/wp-content\/uploads\/2018\/03\/db2018al00232_small-1024x653.jpg\" alt=\"\" width=\"1024\" height=\"653\" srcset=\"https:\/\/lignesauto.fr\/wp-content\/uploads\/2018\/03\/db2018al00232_small.jpg 1024w, https:\/\/lignesauto.fr\/wp-content\/uploads\/2018\/03\/db2018al00232_small-300x191.jpg 300w, https:\/\/lignesauto.fr\/wp-content\/uploads\/2018\/03\/db2018al00232_small-768x490.jpg 768w\" sizes=\"(max-width: 1024px) 100vw, 1024px\" \/><\/p>\n<p>Volkswagen est m\u00eame all\u00e9 plus loin en confirmant que la plateforme MEB sur laquelle reposeront donc les premi\u00e8res VW 100% \u00e9lectriques a \u00e9t\u00e9 con\u00e7ue pour recevoir d&#8217;autres silhouettes : <em>&#8220;<strong>nous avons l&#8217;intention d&#8217;utiliser cette plateforme pour 27 mod\u00e8les<\/strong> (!) de quatre de nos marques. La Chine sera la base de volume pour cette architecture \u00e9lectrique\u00a0<\/em> (ce qui impose notamment d&#8217;avoir des SUV dans cette offre, NDA) <em>et nous avons fait \u00e9voluer nos partenariats d\u00e8s novembre 2017 avec nos co-entreprises chinoises dans cette optique.&#8221;<br \/>\n<\/em>Parmi ces 27 mod\u00e8les, il y aura donc la nouvelle Audi e-tron (ci-dessous), un SUV 100% \u00e9lectrique \u00e0 un prix d&#8217;appel de 80 000 euros qui viendra donc en concurrence directe avec la Mercedes EQC. Si Mercedes a coup\u00e9 l&#8217;herbe sous le pied de son concurrent c\u00f4t\u00e9 pr\u00e9sentation officielle, Audi a d&#8217;ores et d\u00e9j\u00e0 d\u00e9marr\u00e9 la production de son mod\u00e8le (ci-dessous) dans l&#8217;usine belge de Forest (elle produisait l&#8217;Audi A1) qui sera d\u00e9di\u00e9e au moins jusqu&#8217;en 2025 \u00e0 la production de l&#8217;e-tron et de ses batteries.<\/p>\n<figure id=\"attachment_3956\" aria-describedby=\"caption-attachment-3956\" style=\"width: 1024px\" class=\"wp-caption alignnone\"><img loading=\"lazy\" decoding=\"async\" class=\"wp-image-3956 size-large\" src=\"http:\/\/lignesauto.fr\/wp-content\/uploads\/2018\/09\/A1810608_large-1024x683.jpg\" alt=\"\" width=\"1024\" height=\"683\" srcset=\"https:\/\/lignesauto.fr\/wp-content\/uploads\/2018\/09\/A1810608_large-1024x683.jpg 1024w, https:\/\/lignesauto.fr\/wp-content\/uploads\/2018\/09\/A1810608_large-300x200.jpg 300w, https:\/\/lignesauto.fr\/wp-content\/uploads\/2018\/09\/A1810608_large-768x512.jpg 768w, https:\/\/lignesauto.fr\/wp-content\/uploads\/2018\/09\/A1810608_large-370x247.jpg 370w, https:\/\/lignesauto.fr\/wp-content\/uploads\/2018\/09\/A1810608_large-1040x694.jpg 1040w\" sizes=\"(max-width: 1024px) 100vw, 1024px\" \/><figcaption id=\"caption-attachment-3956\" class=\"wp-caption-text\"><em><span style=\"font-size: 16px;\">Peter Kessler du comit\u00e9 de direction d&#8217;Audi (\u00e0 droite) pose devant l&#8217;un des premiers exemplaires de l&#8217;e-tron qui sera d\u00e9voil\u00e9 le 17 septembre. A gauche, Patrick Danau, directeur de l&#8217;usine bruxelloise d&#8217;Audi.<\/span><\/em><\/figcaption><\/figure>\n<p>Comme on peut le deviner ci-dessus, le design de l&#8217;Audi e-tron reprend lui aussi les fondamentaux d&#8217;un SUV &#8220;thermique&#8221;. Audi a tent\u00e9 de biaiser en proposant un gabarit qui le situe entre Q5 et Q7 afin de ne pas trop se marcher sur les pieds. Volkswagen, Mercedes, Audi : tous programment un SUV 100% \u00e9lectrique dans leur offre \u00e0 tr\u00e8s court terme.<br \/>\nBMW ne pouvait rester en dehors de cette bataille d&#8217;\u00e9lectrons. Apr\u00e8s avoir r\u00e9v\u00e9l\u00e9 la vision \u00e9lectrique de son X3 au printemps dernier, BMW va passer la vitesse sup\u00e9rieure en d\u00e9voilant d\u00e8s ce dimanche 9 septembre son concept-car iNEXT. Il &#8220;encapsule&#8221; toutes les technologies de mobilit\u00e9 \u00e9lectrique, de connectivit\u00e9 et de conduite autonome sous la robe d&#8217;un&#8230; SUV dont on aper\u00e7oit la calandre \u00e0 peine pr\u00e9tentieuse (!) sur le teaser ci-dessous.<\/p>\n<p><img loading=\"lazy\" decoding=\"async\" class=\"alignnone wp-image-3950 size-large\" src=\"http:\/\/lignesauto.fr\/wp-content\/uploads\/2018\/09\/P90320651_highRes_bmw-visioninext-comi-1024x683.jpg\" alt=\"\" width=\"1024\" height=\"683\" srcset=\"https:\/\/lignesauto.fr\/wp-content\/uploads\/2018\/09\/P90320651_highRes_bmw-visioninext-comi-1024x683.jpg 1024w, https:\/\/lignesauto.fr\/wp-content\/uploads\/2018\/09\/P90320651_highRes_bmw-visioninext-comi-300x200.jpg 300w, https:\/\/lignesauto.fr\/wp-content\/uploads\/2018\/09\/P90320651_highRes_bmw-visioninext-comi-768x512.jpg 768w, https:\/\/lignesauto.fr\/wp-content\/uploads\/2018\/09\/P90320651_highRes_bmw-visioninext-comi-370x247.jpg 370w, https:\/\/lignesauto.fr\/wp-content\/uploads\/2018\/09\/P90320651_highRes_bmw-visioninext-comi-1040x694.jpg 1040w, https:\/\/lignesauto.fr\/wp-content\/uploads\/2018\/09\/P90320651_highRes_bmw-visioninext-comi.jpg 1754w\" sizes=\"(max-width: 1024px) 100vw, 1024px\" \/><\/p>\n<p><em>&#8220;Le projet iNEXT est notre vision pour le futur automobile. Il profitera \u00e0 toute l&#8217;entreprise et \u00e0 toutes nos marques. <strong>Pour la premi\u00e8re fois, nous combinons toutes les technologies cl\u00e9s de la mobilit\u00e9 future dans un seul v\u00e9hicule.<\/strong> L&#8217;iNEXT est enti\u00e8rement \u00e9lectrique, enti\u00e8rement connect\u00e9 et offre \u00e9galement une conduite hautement automatis\u00e9e. Aujourd&#8217;hui, nous avons donn\u00e9 \u00e0 nos actionnaires un premier aper\u00e7u du design de la BMW iNEXT. Plus tard cette ann\u00e9e, nous pr\u00e9senterons le BMW iNEXT comme v\u00e9hicule de notre vision du futur automobile. &#8220;<\/em> Voici comment parlait Harald Kr\u00fcger de la direction BMW le 17 mai dernier.<\/p>\n<p><img loading=\"lazy\" decoding=\"async\" class=\"alignnone wp-image-3759 size-large\" src=\"http:\/\/lignesauto.fr\/wp-content\/uploads\/2018\/08\/P90305008_highRes_first-glimpse-of-bmw-1024x352.jpg\" alt=\"\" width=\"1024\" height=\"352\" srcset=\"https:\/\/lignesauto.fr\/wp-content\/uploads\/2018\/08\/P90305008_highRes_first-glimpse-of-bmw-1024x352.jpg 1024w, https:\/\/lignesauto.fr\/wp-content\/uploads\/2018\/08\/P90305008_highRes_first-glimpse-of-bmw-300x103.jpg 300w, https:\/\/lignesauto.fr\/wp-content\/uploads\/2018\/08\/P90305008_highRes_first-glimpse-of-bmw-768x264.jpg 768w, https:\/\/lignesauto.fr\/wp-content\/uploads\/2018\/08\/P90305008_highRes_first-glimpse-of-bmw-370x127.jpg 370w, https:\/\/lignesauto.fr\/wp-content\/uploads\/2018\/08\/P90305008_highRes_first-glimpse-of-bmw-1040x357.jpg 1040w\" sizes=\"(max-width: 1024px) 100vw, 1024px\" \/><\/p>\n<p>iNEXT sera d\u00e9voil\u00e9 du\u00a09 au 14 septembre, dans quatre pays diff\u00e9rents, sur trois continents et voyagera \u00e0 bord d&#8217;un Boeing 777 Cargo de la Lufthansa.\u00a0Munich, New-York, San Francisco et P\u00e9kin : voil\u00e0 le voyage qu&#8217;effectuera le concept-car en 5 jours !<\/p>\n<p><img loading=\"lazy\" decoding=\"async\" class=\"alignnone wp-image-3978 size-large\" src=\"http:\/\/lignesauto.fr\/wp-content\/uploads\/2018\/09\/P90320740_highRes_bmw-vision-inext-com-683x1024.jpg\" alt=\"\" width=\"683\" height=\"1024\" srcset=\"https:\/\/lignesauto.fr\/wp-content\/uploads\/2018\/09\/P90320740_highRes_bmw-vision-inext-com-683x1024.jpg 683w, https:\/\/lignesauto.fr\/wp-content\/uploads\/2018\/09\/P90320740_highRes_bmw-vision-inext-com-200x300.jpg 200w, https:\/\/lignesauto.fr\/wp-content\/uploads\/2018\/09\/P90320740_highRes_bmw-vision-inext-com-768x1151.jpg 768w, https:\/\/lignesauto.fr\/wp-content\/uploads\/2018\/09\/P90320740_highRes_bmw-vision-inext-com-370x555.jpg 370w, https:\/\/lignesauto.fr\/wp-content\/uploads\/2018\/09\/P90320740_highRes_bmw-vision-inext-com-1040x1559.jpg 1040w, https:\/\/lignesauto.fr\/wp-content\/uploads\/2018\/09\/P90320740_highRes_bmw-vision-inext-com.jpg 1170w\" sizes=\"(max-width: 683px) 100vw, 683px\" \/><\/p>\n<p>Terminons avec <strong>la vision fran\u00e7aise de l&#8217;\u00e9lectrique. Elle diff\u00e8re de celles que nous voyons de voir<\/strong>. Principalement par la taille des mod\u00e8les concern\u00e9s : Renault Zoe, future Peugeot 208 (ci-dessous) ou encore prochaine DS3 Crossback visent \u00e0 donner la possibilit\u00e9 au plus grand nombre d&#8217;acc\u00e9der \u00e0 la voiture \u00e9lectrique gr\u00e2ce \u00e0 des offres situ\u00e9es dans le segment &#8220;B&#8221; des petites berlines urbaines et compactes.<\/p>\n<p><img loading=\"lazy\" decoding=\"async\" class=\"alignnone size-medium wp-image-3988\" src=\"http:\/\/lignesauto.fr\/wp-content\/uploads\/2018\/09\/lignescarscoop-300x191.jpg\" alt=\"\" width=\"300\" height=\"191\" srcset=\"https:\/\/lignesauto.fr\/wp-content\/uploads\/2018\/09\/lignescarscoop-300x191.jpg 300w, https:\/\/lignesauto.fr\/wp-content\/uploads\/2018\/09\/lignescarscoop-768x488.jpg 768w, https:\/\/lignesauto.fr\/wp-content\/uploads\/2018\/09\/lignescarscoop-1024x651.jpg 1024w, https:\/\/lignesauto.fr\/wp-content\/uploads\/2018\/09\/lignescarscoop-370x235.jpg 370w, https:\/\/lignesauto.fr\/wp-content\/uploads\/2018\/09\/lignescarscoop-1040x661.jpg 1040w, https:\/\/lignesauto.fr\/wp-content\/uploads\/2018\/09\/lignescarscoop.jpg 1920w\" sizes=\"(max-width: 300px) 100vw, 300px\" \/><img loading=\"lazy\" decoding=\"async\" class=\"alignnone size-medium wp-image-3990\" src=\"http:\/\/lignesauto.fr\/wp-content\/uploads\/2018\/09\/lignescarscoop0-300x190.jpg\" alt=\"\" width=\"300\" height=\"190\" srcset=\"https:\/\/lignesauto.fr\/wp-content\/uploads\/2018\/09\/lignescarscoop0-300x190.jpg 300w, https:\/\/lignesauto.fr\/wp-content\/uploads\/2018\/09\/lignescarscoop0-768x487.jpg 768w, https:\/\/lignesauto.fr\/wp-content\/uploads\/2018\/09\/lignescarscoop0-1024x649.jpg 1024w, https:\/\/lignesauto.fr\/wp-content\/uploads\/2018\/09\/lignescarscoop0-370x235.jpg 370w, https:\/\/lignesauto.fr\/wp-content\/uploads\/2018\/09\/lignescarscoop0-1040x659.jpg 1040w, https:\/\/lignesauto.fr\/wp-content\/uploads\/2018\/09\/lignescarscoop0.jpg 1920w\" sizes=\"(max-width: 300px) 100vw, 300px\" \/><br \/>\n<em>D\u00e9couvrez la future Peugeot 208 sur le site Carscoop<\/em> :\u00a0<a href=\"https:\/\/www.carscoops.com\/2018\/09\/2019-peugeot-208-gti-spied-stylish-new-design\/\">https:\/\/www.carscoops.com\/2018\/09\/2019-peugeot-208-gti-spied-stylish-new-design\/<\/a><\/p>\n<p>Le groupe PSA ne d\u00e9diera pas de &#8220;ligne&#8221; ou &#8220;marque&#8221; \u00e0 l&#8217;\u00e9lectrification de ses mod\u00e8les. Ses futures \u00e9lectriques seront ainsi d\u00e9riv\u00e9es directement des mod\u00e8les thermiques. Pour autant, les mod\u00e8les \u00e9lectriques du groupe PSA b\u00e9n\u00e9ficieront d&#8217;une nouvelle plateforme capable de recevoir au choix une cha\u00eene de traction thermique ou \u00e9lectrique. Les avantages sont nombreux, \u00e0 commencer par celui octroyant les m\u00eames prestations de coffre ou d&#8217;habitabilit\u00e9 que sur une variante thermique.<\/p>\n<p><img loading=\"lazy\" decoding=\"async\" class=\"alignnone wp-image-3135 size-large\" src=\"http:\/\/lignesauto.fr\/wp-content\/uploads\/2018\/06\/LIGNESauto04-1024x595.png\" alt=\"\" width=\"1024\" height=\"595\" srcset=\"https:\/\/lignesauto.fr\/wp-content\/uploads\/2018\/06\/LIGNESauto04-1024x595.png 1024w, https:\/\/lignesauto.fr\/wp-content\/uploads\/2018\/06\/LIGNESauto04-300x174.png 300w, https:\/\/lignesauto.fr\/wp-content\/uploads\/2018\/06\/LIGNESauto04-768x446.png 768w, https:\/\/lignesauto.fr\/wp-content\/uploads\/2018\/06\/LIGNESauto04-370x215.png 370w, https:\/\/lignesauto.fr\/wp-content\/uploads\/2018\/06\/LIGNESauto04-1040x604.png 1040w, https:\/\/lignesauto.fr\/wp-content\/uploads\/2018\/06\/LIGNESauto04.png 1269w\" sizes=\"(max-width: 1024px) 100vw, 1024px\" \/><\/p>\n<p>Second avantage, la possibilit\u00e9 d&#8217;introduire cette plateforme, et donc les nombreuses silhouettes allant avec (voir ci-dessous celle de la DS3 Crossback), dans un plus grand nombre d&#8217;usines. Aucun site du groupe PSA ne sera ainsi d\u00e9di\u00e9 \u00e0 la production exclusive de mod\u00e8les \u00e9lectrique.<\/p>\n<p><img loading=\"lazy\" decoding=\"async\" class=\"alignnone wp-image-3136 size-full\" src=\"http:\/\/lignesauto.fr\/wp-content\/uploads\/2018\/06\/LIGNESautoELEC01.png\" alt=\"\" width=\"656\" height=\"371\" srcset=\"https:\/\/lignesauto.fr\/wp-content\/uploads\/2018\/06\/LIGNESautoELEC01.png 656w, https:\/\/lignesauto.fr\/wp-content\/uploads\/2018\/06\/LIGNESautoELEC01-300x170.png 300w, https:\/\/lignesauto.fr\/wp-content\/uploads\/2018\/06\/LIGNESautoELEC01-370x209.png 370w\" sizes=\"(max-width: 656px) 100vw, 656px\" \/><\/p>\n<p><strong>C&#8217;est une sacr\u00e9e s\u00e9curit\u00e9 en cas de &#8216;retard \u00e0 l&#8217;allumage&#8217; du march\u00e9 du tout \u00e9lectrique. Dans le cas inverse, il faudra revoir cette strat\u00e9gie plut\u00f4t maligne \u00e0 moyen terme&#8230;<\/strong><\/p>\n<p><img loading=\"lazy\" decoding=\"async\" class=\"alignnone size-medium wp-image-45\" src=\"http:\/\/lignesauto.fr\/wp-content\/uploads\/2018\/06\/LOGO-SEUL-300x76.png\" alt=\"\" width=\"300\" height=\"76\" srcset=\"https:\/\/lignesauto.fr\/wp-content\/uploads\/2018\/06\/LOGO-SEUL-300x76.png 300w, https:\/\/lignesauto.fr\/wp-content\/uploads\/2018\/06\/LOGO-SEUL-768x195.png 768w, https:\/\/lignesauto.fr\/wp-content\/uploads\/2018\/06\/LOGO-SEUL.png 1014w\" sizes=\"(max-width: 300px) 100vw, 300px\" \/><\/p>\n","protected":false},"excerpt":{"rendered":"<p>La machine s&#8217;emballe : en moins de cinq ans, le nombre de projets de grands constructeurs (g\u00e9n\u00e9ralistes ou &#8220;premiums&#8221;) pour concevoir et produire des mod\u00e8les 100% \u00e9lectriques explose. Nous voici arriv\u00e9 \u00e0 l&#8217;heure des pr\u00e9sentations \u00a0! Mercedes, Audi, Volkswagen, BMW (ci-dessus, d\u00e9tail de la prochaine BMW iNEXT) mais aussi PSA [&hellip;]<\/p>\n","protected":false},"author":1,"featured_media":3965,"comment_status":"open","ping_status":"open","sticky":false,"template":"","format":"standard","meta":{"footnotes":""},"categories":[1],"tags":[],"_links":{"self":[{"href":"https:\/\/lignesauto.fr\/index.php?rest_route=\/wp\/v2\/posts\/3962"}],"collection":[{"href":"https:\/\/lignesauto.fr\/index.php?rest_route=\/wp\/v2\/posts"}],"about":[{"href":"https:\/\/lignesauto.fr\/index.php?rest_route=\/wp\/v2\/types\/post"}],"author":[{"embeddable":true,"href":"https:\/\/lignesauto.fr\/index.php?rest_route=\/wp\/v2\/users\/1"}],"replies":[{"embeddable":true,"href":"https:\/\/lignesauto.fr\/index.php?rest_route=%2Fwp%2Fv2%2Fcomments&post=3962"}],"version-history":[{"count":21,"href":"https:\/\/lignesauto.fr\/index.php?rest_route=\/wp\/v2\/posts\/3962\/revisions"}],"predecessor-version":[{"id":3991,"href":"https:\/\/lignesauto.fr\/index.php?rest_route=\/wp\/v2\/posts\/3962\/revisions\/3991"}],"wp:featuredmedia":[{"embeddable":true,"href":"https:\/\/lignesauto.fr\/index.php?rest_route=\/wp\/v2\/media\/3965"}],"wp:attachment":[{"href":"https:\/\/lignesauto.fr\/index.php?rest_route=%2Fwp%2Fv2%2Fmedia&parent=3962"}],"wp:term":[{"taxonomy":"category","embeddable":true,"href":"https:\/\/lignesauto.fr\/index.php?rest_route=%2Fwp%2Fv2%2Fcategories&post=3962"},{"taxonomy":"post_tag","embeddable":true,"href":"https:\/\/lignesauto.fr\/index.php?rest_route=%2Fwp%2Fv2%2Ftags&post=3962"}],"curies":[{"name":"wp","href":"https:\/\/api.w.org\/{rel}","templated":true}]}}