{"id":39766,"date":"2025-05-02T06:52:40","date_gmt":"2025-05-02T04:52:40","guid":{"rendered":"https:\/\/lignesauto.fr\/?p=39766"},"modified":"2025-05-02T07:17:41","modified_gmt":"2025-05-02T05:17:41","slug":"les-secrets-du-premier-aircross-citroen-ne-il-y-a-dix-ans","status":"publish","type":"post","link":"https:\/\/lignesauto.fr\/?p=39766","title":{"rendered":"Les secrets du premier Aircross Citro\u00ebn, n\u00e9 il y a dix ans"},"content":{"rendered":"<div class=\"wp-block-image\">\n<figure class=\"aligncenter size-full is-resized\"><img loading=\"lazy\" decoding=\"async\" width=\"1024\" height=\"288\" src=\"http:\/\/lignesauto.fr\/wp-content\/uploads\/2025\/04\/image.png\" alt=\"\" class=\"wp-image-39709\" style=\"width:542px;height:auto\" srcset=\"https:\/\/lignesauto.fr\/wp-content\/uploads\/2025\/04\/image.png 1024w, https:\/\/lignesauto.fr\/wp-content\/uploads\/2025\/04\/image-300x84.png 300w, https:\/\/lignesauto.fr\/wp-content\/uploads\/2025\/04\/image-768x216.png 768w\" sizes=\"(max-width: 1024px) 100vw, 1024px\" \/><\/figure><\/div>\n\n\n<figure class=\"wp-block-image size-large\"><img loading=\"lazy\" decoding=\"async\" width=\"1024\" height=\"481\" src=\"https:\/\/lignesauto.fr\/wp-content\/uploads\/2025\/05\/LIGNES_C5_000-1024x481.jpg\" alt=\"\" class=\"wp-image-39780\" srcset=\"https:\/\/lignesauto.fr\/wp-content\/uploads\/2025\/05\/LIGNES_C5_000-1024x481.jpg 1024w, https:\/\/lignesauto.fr\/wp-content\/uploads\/2025\/05\/LIGNES_C5_000-300x141.jpg 300w, https:\/\/lignesauto.fr\/wp-content\/uploads\/2025\/05\/LIGNES_C5_000-768x361.jpg 768w, https:\/\/lignesauto.fr\/wp-content\/uploads\/2025\/05\/LIGNES_C5_000.jpg 1417w\" sizes=\"(max-width: 1024px) 100vw, 1024px\" \/><\/figure>\n\n\n\n<p style=\"font-size:17px\">Citro\u00ebn vient de d\u00e9voiler la version de s\u00e9rie de son nouveau C5 Aircross ci-dessus, une nouveaut\u00e9 largement d\u00e9flor\u00e9e par le concept-car r\u00e9v\u00e9l\u00e9 au Mondial de Paris l\u2019ann\u00e9e derni\u00e8re. On a tendance \u00e0 oublier que ce \u00ab&nbsp;SUV&nbsp;\u00bb compact est un mod\u00e8le tr\u00e8s r\u00e9cent dans l\u2019histoire de la marque. Effectivement, le constructeur a d\u00e9cid\u00e9 tardivement de se lancer \u00e0 l\u2019assaut de ce segment jug\u00e9 porteur en Europe. C\u2019\u00e9tait en 2015, voici tout juste dix ans, avec le concept \u00ab&nbsp;Aircross&nbsp;\u00bb ci-dessous. LIGNES\/auto vous raconte les coulisses du design de cette entr\u00e9e \u00e0 marche forc\u00e9e dans un univers qui nous est aujourd\u2019hui familier.<\/p>\n\n\n\n<figure class=\"wp-block-image size-large\"><img loading=\"lazy\" decoding=\"async\" width=\"1024\" height=\"642\" src=\"https:\/\/lignesauto.fr\/wp-content\/uploads\/2025\/05\/LIGNES_C5_08-1024x642.jpg\" alt=\"\" class=\"wp-image-39782\" srcset=\"https:\/\/lignesauto.fr\/wp-content\/uploads\/2025\/05\/LIGNES_C5_08-1024x642.jpg 1024w, https:\/\/lignesauto.fr\/wp-content\/uploads\/2025\/05\/LIGNES_C5_08-300x188.jpg 300w, https:\/\/lignesauto.fr\/wp-content\/uploads\/2025\/05\/LIGNES_C5_08-768x482.jpg 768w, https:\/\/lignesauto.fr\/wp-content\/uploads\/2025\/05\/LIGNES_C5_08.jpg 1417w\" sizes=\"(max-width: 1024px) 100vw, 1024px\" \/><\/figure>\n\n\n\n<p style=\"font-size:17px\">Il faut donc l\u00e9g\u00e8rement tourner la cl\u00e9 de la machine \u00e0 remonter le temps puisque c\u2019est en 2012 que l\u2019histoire d\u00e9bute r\u00e9ellement en coulisse. Cette ann\u00e9e-l\u00e0, le centre de design Citro\u00ebn, jusqu\u2019alors dirig\u00e9 par Thierry M\u00e9troz, accueille un nouveau patron&nbsp;: Alexandre Malval. Thierry M\u00e9troz prend en charge la destin\u00e9e de la \u00ab&nbsp;ligne DS&nbsp;\u00bb aux ambitions chinoises clairement affich\u00e9es. Le design Peugeot de son c\u00f4t\u00e9 a \u00e9t\u00e9 confi\u00e9 en 2010 \u00e0 Gilles Vidal, l\u2019ensemble du design des deux marques, ainsi que la \u00ab&nbsp;ligne DS&nbsp;\u00bb \u00e9tant sous la responsabilit\u00e9 de Jean-Pierre Plou\u00e9.<\/p>\n\n\n\n<figure class=\"wp-block-image size-large\"><img loading=\"lazy\" decoding=\"async\" width=\"1024\" height=\"671\" src=\"https:\/\/lignesauto.fr\/wp-content\/uploads\/2025\/05\/LIGNES_C5_00-1024x671.png\" alt=\"\" class=\"wp-image-39784\" srcset=\"https:\/\/lignesauto.fr\/wp-content\/uploads\/2025\/05\/LIGNES_C5_00-1024x671.png 1024w, https:\/\/lignesauto.fr\/wp-content\/uploads\/2025\/05\/LIGNES_C5_00-300x196.png 300w, https:\/\/lignesauto.fr\/wp-content\/uploads\/2025\/05\/LIGNES_C5_00-768x503.png 768w, https:\/\/lignesauto.fr\/wp-content\/uploads\/2025\/05\/LIGNES_C5_00.png 1417w\" sizes=\"(max-width: 1024px) 100vw, 1024px\" \/><figcaption class=\"wp-element-caption\">Jean-Pierre Plou\u00e9, le D&#8217;artagnan du design PSA de l&#8217;\u00e9poque et ses trois mousquetaires au d\u00e9but des ann\u00e9es 2010 : Vidal chez Peugeot, M\u00e9troz pour la ligne DS et Malval chez Citro\u00ebn.<\/figcaption><\/figure>\n\n\n\n<p style=\"font-size:17px\">Depuis 2012 et sa nomination \u00e0 la t\u00eate du centre de style Citro\u00ebn, Alexandre Malval ne ch\u00f4me pas. Avec ses \u00e9quipes, la refonte de l\u2019identit\u00e9 de la marque mais aussi &#8211; et surtout &#8211; la conception de nouveaux produits est extr\u00eamement chronophage. Les renouvellements de la C4 Cactus (ce sera finalement un copieux restylage), de la petite berline C3 et de son cousin C3 Picasso, mais aussi de la future berline C4, s\u2019ajoutent \u00e0 la volont\u00e9 de la marque \u00e0 prouver sa l\u00e9gitimit\u00e9 sur le segment des voitures haut de gamme, avec celle qui deviendra l\u2019\u00e9ph\u00e9m\u00e8re C5X ci-dessous au stade de la maquette en Clay.<\/p>\n\n\n\n<figure class=\"wp-block-image size-large\"><img loading=\"lazy\" decoding=\"async\" width=\"1024\" height=\"684\" src=\"https:\/\/lignesauto.fr\/wp-content\/uploads\/2025\/05\/LIGNES_C5_89-1024x684.jpg\" alt=\"\" class=\"wp-image-39791\" srcset=\"https:\/\/lignesauto.fr\/wp-content\/uploads\/2025\/05\/LIGNES_C5_89-1024x684.jpg 1024w, https:\/\/lignesauto.fr\/wp-content\/uploads\/2025\/05\/LIGNES_C5_89-300x200.jpg 300w, https:\/\/lignesauto.fr\/wp-content\/uploads\/2025\/05\/LIGNES_C5_89-768x513.jpg 768w, https:\/\/lignesauto.fr\/wp-content\/uploads\/2025\/05\/LIGNES_C5_89.jpg 1417w\" sizes=\"(max-width: 1024px) 100vw, 1024px\" \/><figcaption class=\"wp-element-caption\"><em>Relisez l&#8217;interview du responsable style ext\u00e9rieur sur C5X ici : <a href=\"https:\/\/lignesauto.fr\/?p=21850\">https:\/\/lignesauto.fr\/?p=21850<\/a><\/em><\/figcaption><\/figure>\n\n\n\n<p style=\"font-size:17px\">Tous les projets sont urgents, car depuis la scission d\u2019avec la \u00ab&nbsp;ligne DS&nbsp;\u00bb, la gamme Citro\u00ebn a perdu un pan sensible de sa profitabilit\u00e9, alors que la gamme vieillit. L\u2019urgence, c\u2019est bien s\u00fbr la petite C3 n\u00e9e en 2002. Le designer Cyril Pietton a vu son projet retenu pour ce programme qui sera commercialis\u00e9 en 2016. La Citro\u00ebn C3 Picasso, elle, est vou\u00e9e \u00e0 un tout autre avenir et deviendra la C3 Aircross ci-dessous.<\/p>\n\n\n\n<figure class=\"wp-block-image size-large\"><img loading=\"lazy\" decoding=\"async\" width=\"1024\" height=\"554\" src=\"https:\/\/lignesauto.fr\/wp-content\/uploads\/2025\/05\/LIGNES_C5_80-1024x554.jpg\" alt=\"\" class=\"wp-image-39788\" srcset=\"https:\/\/lignesauto.fr\/wp-content\/uploads\/2025\/05\/LIGNES_C5_80-1024x554.jpg 1024w, https:\/\/lignesauto.fr\/wp-content\/uploads\/2025\/05\/LIGNES_C5_80-300x162.jpg 300w, https:\/\/lignesauto.fr\/wp-content\/uploads\/2025\/05\/LIGNES_C5_80-768x415.jpg 768w, https:\/\/lignesauto.fr\/wp-content\/uploads\/2025\/05\/LIGNES_C5_80.jpg 1417w\" sizes=\"(max-width: 1024px) 100vw, 1024px\" \/><figcaption class=\"wp-element-caption\">Dessin du concept C3 Aircross par Fr\u00e9d\u00e9ric Duvernier qui deviendra responsable des concept-cars Citro\u00ebn, avant d&#8217;\u00eatre responsable du design ext\u00e9rieur Lancia. Aujourd&#8217;hui, il est \u00e0 la t\u00eate d&#8217;une petite cellule design pour les marques Stellantis \u00e0 V\u00e9lizy.<\/figcaption><\/figure>\n\n\n\n<p style=\"font-size:17px\">Le probl\u00e8me du renouvellement de la C4 n\u00e9e en 2004 (dessin\u00e9e en partie par Alexandre Malval mais illustr\u00e9e ci-dessous par&#8230; Gilles Vidal) est plus complexe. D\u00e9cision est prise de retarder son renouvellement car la situation du groupe PSA est jug\u00e9e inqui\u00e9tante. Frapp\u00e9 par la crise de la fin de la d\u00e9cennie 2000, le groupe fran\u00e7ais annonce le 20 novembre 2008 la suppression de 3 550 postes.<\/p>\n\n\n\n<figure class=\"wp-block-image size-large\"><img loading=\"lazy\" decoding=\"async\" width=\"1024\" height=\"589\" src=\"https:\/\/lignesauto.fr\/wp-content\/uploads\/2025\/05\/LIGNES_C5_101-1024x589.jpg\" alt=\"\" class=\"wp-image-39793\" srcset=\"https:\/\/lignesauto.fr\/wp-content\/uploads\/2025\/05\/LIGNES_C5_101-1024x589.jpg 1024w, https:\/\/lignesauto.fr\/wp-content\/uploads\/2025\/05\/LIGNES_C5_101-300x173.jpg 300w, https:\/\/lignesauto.fr\/wp-content\/uploads\/2025\/05\/LIGNES_C5_101-768x442.jpg 768w, https:\/\/lignesauto.fr\/wp-content\/uploads\/2025\/05\/LIGNES_C5_101.jpg 1417w\" sizes=\"(max-width: 1024px) 100vw, 1024px\" \/><\/figure>\n\n\n\n<p style=\"font-size:17px\">Cette d\u00e9cision douloureuse s\u2019ajoute aux pr\u00e8s de 15 000 d\u00e9parts qui ont eu lieu depuis l\u2019arriv\u00e9e du nouveau boss Christian Streiff. Ironie de l\u2019histoire, c\u2019est ce patron qui a pouss\u00e9 les plans produits de Peugeot et Citro\u00ebn avec respectivement le d\u00e9veloppement des 3008, coup\u00e9 RCZ &#8211; ci-dessous &#8211; et Citro\u00ebn DS3. Dans ce contexte tumultueux qui perdurera jusqu&#8217;au d\u00e9but des ann\u00e9es 2010, la Cactus doit endosser le r\u00f4le leader d\u2019une offre cr\u00e9dible dans le segment des berlines compactes. La \u00ab&nbsp;vraie&nbsp;\u00bb future C4 attendra&#8230;<\/p>\n\n\n\n<figure class=\"wp-block-image size-large\"><img loading=\"lazy\" decoding=\"async\" width=\"1024\" height=\"337\" src=\"https:\/\/lignesauto.fr\/wp-content\/uploads\/2025\/05\/LIGNES_C5_66-1024x337.jpg\" alt=\"\" class=\"wp-image-39795\" srcset=\"https:\/\/lignesauto.fr\/wp-content\/uploads\/2025\/05\/LIGNES_C5_66-1024x337.jpg 1024w, https:\/\/lignesauto.fr\/wp-content\/uploads\/2025\/05\/LIGNES_C5_66-300x99.jpg 300w, https:\/\/lignesauto.fr\/wp-content\/uploads\/2025\/05\/LIGNES_C5_66-768x253.jpg 768w, https:\/\/lignesauto.fr\/wp-content\/uploads\/2025\/05\/LIGNES_C5_66.jpg 1417w\" sizes=\"(max-width: 1024px) 100vw, 1024px\" \/><figcaption class=\"wp-element-caption\">Le coup\u00e9 Peugeot RCZ de 2009 a \u00e9t\u00e9 dessin\u00e9 par Boris Reinm\u00f6ller sous la direction de J\u00e9r\u00f4me Gallix. Boris est aujourd&#8217;hui directeur programme pour Stellantis (Citro\u00ebn).<\/figcaption><\/figure>\n\n\n\n<p style=\"font-size:17px\">Le groupe fran\u00e7ais, comme tous les constructeurs de la plan\u00e8te, traverse donc une forte zone de turbulences, \u00e0 tel point qu\u2019une rumeur tenace s\u2019amplifie\u00a0: PSA serait sur le point de fermer une usine et celle de Rennes-La-Janais, aux portes de la ville Bretonne, serait le site concern\u00e9. Rennes produit alors les C5 et C6 pour Citro\u00ebn. Il faudrait un produit miracle pour assurer un avenir \u00e0 ce site de production. Ce produit, c\u2019est celui qu\u2019on n\u2019appelle pas encore C5 Aircross&#8230;<\/p>\n\n\n\n<figure class=\"wp-block-image size-large\"><img loading=\"lazy\" decoding=\"async\" width=\"1024\" height=\"544\" src=\"https:\/\/lignesauto.fr\/wp-content\/uploads\/2025\/05\/LIGNES_C5_03-1024x544.png\" alt=\"\" class=\"wp-image-39797\" srcset=\"https:\/\/lignesauto.fr\/wp-content\/uploads\/2025\/05\/LIGNES_C5_03-1024x544.png 1024w, https:\/\/lignesauto.fr\/wp-content\/uploads\/2025\/05\/LIGNES_C5_03-300x159.png 300w, https:\/\/lignesauto.fr\/wp-content\/uploads\/2025\/05\/LIGNES_C5_03-768x408.png 768w, https:\/\/lignesauto.fr\/wp-content\/uploads\/2025\/05\/LIGNES_C5_03.png 1417w\" sizes=\"(max-width: 1024px) 100vw, 1024px\" \/><figcaption class=\"wp-element-caption\">Gr\u00e9gory Blanchet, alors designer du concept-car Aircross et du premier C5 Aircross, ne quittait pas son calepin rempli de dessins tr\u00e8s color\u00e9s.<\/figcaption><\/figure>\n\n\n\n<p style=\"font-size:17px\">Si le cas de la grande berline C6 sort de la zone des priorit\u00e9s, celui du renouvellement de la berline C5 fait d\u00e9bat. La remplacer en l\u2019\u00e9tat ne semble pas \u00eatre la solution. Il serait pr\u00e9f\u00e9rable de cr\u00e9er dans la gamme Citro\u00ebn un v\u00e9hicule in\u00e9dit s\u2019attaquant au march\u00e9 en plein essor des SUV. A l\u2019\u00e9poque, l\u2019\u00e9tude de la C3 est sur de bons rails. Un projet in\u00e9dit va donc bousculer l\u2019ordre des renouvellements en cours. Ce sera un SUV de 4,58 m de longueur ci-dessous, concurrent du cousin Peugeot 3008 n\u00e9 en 2009 et qui sera renouvel\u00e9 en 2016. Pour mener \u00e0 bien tous ces projets pratiquement en parall\u00e8le, l\u2019\u00e9quipe de designers d\u2019Alexandre Malval doit se renforcer.<\/p>\n\n\n\n<figure class=\"wp-block-image size-large\"><img loading=\"lazy\" decoding=\"async\" width=\"1024\" height=\"684\" src=\"https:\/\/lignesauto.fr\/wp-content\/uploads\/2025\/05\/LIGNES_C5_06-1024x684.jpg\" alt=\"\" class=\"wp-image-39799\" srcset=\"https:\/\/lignesauto.fr\/wp-content\/uploads\/2025\/05\/LIGNES_C5_06-1024x684.jpg 1024w, https:\/\/lignesauto.fr\/wp-content\/uploads\/2025\/05\/LIGNES_C5_06-300x200.jpg 300w, https:\/\/lignesauto.fr\/wp-content\/uploads\/2025\/05\/LIGNES_C5_06-768x513.jpg 768w, https:\/\/lignesauto.fr\/wp-content\/uploads\/2025\/05\/LIGNES_C5_06.jpg 1417w\" sizes=\"(max-width: 1024px) 100vw, 1024px\" \/><\/figure>\n\n\n\n<p style=\"font-size:17px\">De l\u2019autre c\u00f4t\u00e9 de la plan\u00e8te, \u00e0 Osaka au Japon, le designer fran\u00e7ais Gr\u00e9gory Blanchet ci-dessous \u0153uvre chez Daihatsu Motor Corporation dans la ville d\u2019Ikeda. Il est entr\u00e9 dans cette soci\u00e9t\u00e9 japonaise alors qu\u2019il \u00e9tait encore \u00e9tudiant lors de sa derni\u00e8re ann\u00e9e de master \u00e0 Strate. <\/p>\n\n\n\n<figure class=\"wp-block-image size-large\"><img loading=\"lazy\" decoding=\"async\" width=\"734\" height=\"1024\" src=\"https:\/\/lignesauto.fr\/wp-content\/uploads\/2025\/05\/LIGNES_C5_11-734x1024.jpg\" alt=\"\" class=\"wp-image-39800\" srcset=\"https:\/\/lignesauto.fr\/wp-content\/uploads\/2025\/05\/LIGNES_C5_11-734x1024.jpg 734w, https:\/\/lignesauto.fr\/wp-content\/uploads\/2025\/05\/LIGNES_C5_11-215x300.jpg 215w, https:\/\/lignesauto.fr\/wp-content\/uploads\/2025\/05\/LIGNES_C5_11-768x1072.jpg 768w, https:\/\/lignesauto.fr\/wp-content\/uploads\/2025\/05\/LIGNES_C5_11-1100x1536.jpg 1100w, https:\/\/lignesauto.fr\/wp-content\/uploads\/2025\/05\/LIGNES_C5_11.jpg 1417w\" sizes=\"(max-width: 734px) 100vw, 734px\" \/><\/figure>\n\n\n\n<p style=\"font-size:17px\"><em>\u00ab&nbsp;J\u2019ai pass\u00e9 trois mois incroyables lors de mon stage, c\u2019est un monde fascinant. Chez eux, il faut passer par cette voie du stage car ils ont une culture d\u2019entreprise un peu sp\u00e9ciale. C\u2019est moins individualiste qu\u2019ici en France. Ils veulent \u00eatre certains qu\u2019on entre dans le moule, mais ils prennent vraiment soin de nous&nbsp;! Quand je suis revenu en France, j\u2019avais encore une ann\u00e9e \u00e0 faire \u00e0 Strate. Daihatsu m\u2019a alors propos\u00e9 de finir mes \u00e9tudes chez eux. Pendant un an, j\u2019ai voyag\u00e9 entre la France et le Japon. J\u2019ai r\u00e9alis\u00e9 ma maquette de dipl\u00f4me l\u00e0-bas et du coup, apr\u00e8s le master, j\u2019ai \u00e9t\u00e9 embauch\u00e9 au Japon pour plus de 7 ans, jusqu\u2019en 2013.&nbsp;\u00bb<\/em><\/p>\n\n\n\n<figure class=\"wp-block-image size-large\"><img loading=\"lazy\" decoding=\"async\" width=\"1024\" height=\"478\" src=\"https:\/\/lignesauto.fr\/wp-content\/uploads\/2025\/05\/LIGNES_C5_05-1024x478.png\" alt=\"\" class=\"wp-image-39805\" srcset=\"https:\/\/lignesauto.fr\/wp-content\/uploads\/2025\/05\/LIGNES_C5_05-1024x478.png 1024w, https:\/\/lignesauto.fr\/wp-content\/uploads\/2025\/05\/LIGNES_C5_05-300x140.png 300w, https:\/\/lignesauto.fr\/wp-content\/uploads\/2025\/05\/LIGNES_C5_05-768x358.png 768w, https:\/\/lignesauto.fr\/wp-content\/uploads\/2025\/05\/LIGNES_C5_05.png 1417w\" sizes=\"(max-width: 1024px) 100vw, 1024px\" \/><\/figure>\n\n\n\n<p style=\"font-size:17px\">Chez Citro\u00ebn \u00e0 cette date, Num\u00e9ro 9 vient d\u2019\u00eatre pr\u00e9sent\u00e9e par Thierry M\u00e9troz. Gr\u00e9gory Blanchet se souvient \u00ab&nbsp;<em>qu\u2019en<\/em> <em>2012, Nicolas Beauchamps<\/em> (designer et cousin de Fr\u00e9d\u00e9ric Soubirou) <em>m\u2019appelle et me dit qu\u2019Alexandre Malval cherche du monde et qu\u2019il veut voir mon portfolio lundi sur son bureau&#8230; on \u00e9tait vendredi soir&nbsp;! Je n\u2019y croyais pas trop, parce que chez Daihatsu, on vit plut\u00f4t dans un univers de petites voitures, mais j\u2019ai envoy\u00e9 mes dessins et j\u2019ai \u00e9t\u00e9 embauch\u00e9&nbsp;!&nbsp;\u00bb<\/em>&nbsp; Le jeune designer fran\u00e7ais, mari\u00e9 \u00e0 une Japonaise et parlant la langue nippone, habitu\u00e9 \u00e0 dessiner des voitures que l\u2019on gare facilement dans un mouchoir de poche, d\u00e9barque en f\u00e9vrier 2013 chez Citro\u00ebn.<\/p>\n\n\n\n<figure class=\"wp-block-image size-large\"><img loading=\"lazy\" decoding=\"async\" width=\"1024\" height=\"571\" src=\"https:\/\/lignesauto.fr\/wp-content\/uploads\/2025\/05\/LIGNES_C5_09-1024x571.png\" alt=\"\" class=\"wp-image-39802\" srcset=\"https:\/\/lignesauto.fr\/wp-content\/uploads\/2025\/05\/LIGNES_C5_09-1024x571.png 1024w, https:\/\/lignesauto.fr\/wp-content\/uploads\/2025\/05\/LIGNES_C5_09-300x167.png 300w, https:\/\/lignesauto.fr\/wp-content\/uploads\/2025\/05\/LIGNES_C5_09-768x428.png 768w, https:\/\/lignesauto.fr\/wp-content\/uploads\/2025\/05\/LIGNES_C5_09.png 1417w\" sizes=\"(max-width: 1024px) 100vw, 1024px\" \/><\/figure>\n\n\n\n<p style=\"font-size:17px\">Il va donner naissance coup sur coup au concept-car Aircross (2015) ci-dessus, \u00e0 son d\u00e9riv\u00e9 de s\u00e9rie C5 Aircross (2017) et au concept-car CXperience (2016). Que des voitures que l\u2019on gare tr\u00e8s difficilement dans un mouchoir de poche&nbsp;! Fait plut\u00f4t rare, le concept-car Aircross va \u00eatre dessin\u00e9 et fabriqu\u00e9 en parall\u00e8le \u00e0 la version de s\u00e9rie. <em>\u00ab&nbsp;J\u2019ai remport\u00e9 les comp\u00e9titions de style pour les deux, concept et s\u00e9rie, et tout a \u00e9t\u00e9 fait en m\u00eame temps. Je bossais avec un modeleur sur le concept et avec un autre pour le v\u00e9hicule de s\u00e9rie&nbsp;!&nbsp;\u00bb <\/em>Pour l\u2019int\u00e9rieur, on retrouve des signatures comp\u00e9tentes et reconnues&nbsp;: J\u00e9r\u00e9my Lebonnois (ci-dessous \u00e0 droite avec Alexandre Malval et Jean-Arthur Madelaine-Advenier devant le projet CXPerience) aujourd\u2019hui designer r\u00e9f\u00e9rent pour l\u2019int\u00e9rieur des futures Citro\u00ebn et Rapha\u00ebl Le Masson qui a rejoint depuis le design int\u00e9rieur de Dacia.<\/p>\n\n\n\n<figure class=\"wp-block-image size-large\"><img loading=\"lazy\" decoding=\"async\" width=\"1024\" height=\"683\" src=\"https:\/\/lignesauto.fr\/wp-content\/uploads\/2025\/05\/LIGNES_C5_15-1024x683.jpg\" alt=\"\" class=\"wp-image-39804\" srcset=\"https:\/\/lignesauto.fr\/wp-content\/uploads\/2025\/05\/LIGNES_C5_15-1024x683.jpg 1024w, https:\/\/lignesauto.fr\/wp-content\/uploads\/2025\/05\/LIGNES_C5_15-300x200.jpg 300w, https:\/\/lignesauto.fr\/wp-content\/uploads\/2025\/05\/LIGNES_C5_15-768x512.jpg 768w, https:\/\/lignesauto.fr\/wp-content\/uploads\/2025\/05\/LIGNES_C5_15.jpg 1417w\" sizes=\"(max-width: 1024px) 100vw, 1024px\" \/><\/figure>\n\n\n\n<p style=\"font-size:17px\">On ne peut donc pas d\u00e9finir le concept-car Aircross comme un show-car mais plut\u00f4t comme une chrysalide aux c\u00f4t\u00e9s de laquelle est n\u00e9 le C5 Aircross de s\u00e9rie. Ce concept-car casse les codes du SUV, sugg\u00e8re \u00e0 la fois&nbsp;la&nbsp;puissance et la d\u00e9termination et se remarque d\u2019embl\u00e9e par sa couleur et son int\u00e9rieur color\u00e9. Son identit\u00e9 s\u2019inspire clairement du courant engag\u00e9 par la C4 Cactus qui a \u00e9t\u00e9 commercialis\u00e9e un an auparavant. D\u2019ailleurs, la communication veut appuyer sur ce th\u00e8me en d\u00e9clarant <em>\u00ab&nbsp;qu\u2019il y a une suite apr\u00e8s C4 Cactus et le concept Aircross en fait l\u2019habile d\u00e9monstration.&nbsp;\u00bb<\/em> Paradoxalement, c\u2019est plut\u00f4t ce concept-car qui va entra\u00eener, avec son identit\u00e9 renforc\u00e9e, le langage formel de toutes les Citro\u00ebn qui vont suivre.<\/p>\n\n\n\n<figure class=\"wp-block-image size-large\"><img loading=\"lazy\" decoding=\"async\" width=\"1024\" height=\"392\" src=\"https:\/\/lignesauto.fr\/wp-content\/uploads\/2025\/05\/LIGNES_C5_04-1024x392.png\" alt=\"\" class=\"wp-image-39807\" srcset=\"https:\/\/lignesauto.fr\/wp-content\/uploads\/2025\/05\/LIGNES_C5_04-1024x392.png 1024w, https:\/\/lignesauto.fr\/wp-content\/uploads\/2025\/05\/LIGNES_C5_04-300x115.png 300w, https:\/\/lignesauto.fr\/wp-content\/uploads\/2025\/05\/LIGNES_C5_04-768x294.png 768w, https:\/\/lignesauto.fr\/wp-content\/uploads\/2025\/05\/LIGNES_C5_04.png 1417w\" sizes=\"(max-width: 1024px) 100vw, 1024px\" \/><figcaption class=\"wp-element-caption\">Extrait du calepin de Gr\u00e9gory Blanchet o\u00f9 l&#8217;on peut lire que le style de l&#8217;Aircross &#8220;<em>est initi\u00e9 par celui de Cactus et adaptable au haut de gamme sur un v\u00e9hicule type SUV<\/em>&#8220;<\/figcaption><\/figure>\n\n\n\n<p style=\"font-size:17px\">Aircross sera d\u2019abord pr\u00e9sent\u00e9 \u00e0 Shanghai, car la marque Citro\u00ebn a grand besoin d\u2019un tel v\u00e9hicule l\u00e0-bas, et il sera produit en France en 2017. A Rennes-la-Janais, o\u00f9 aujourd\u2019hui, la seconde g\u00e9n\u00e9ration (apr\u00e8s le restylage de la premi\u00e8re&#8230;) vient d\u2019entamer sa production pour une commercialisation du nouveau C5 Aircross au c\u0153ur de cette ann\u00e9e 2025. Lorsque le premier SUV compact d\u00e9barque dans la gamme Citro\u00ebn en 2017, la marque a perdu la \u00ab&nbsp;ligne DS&nbsp;\u00bb devenue une marque \u00e0 part enti\u00e8re trois ans auparavant, mais a \u00e9galement stopp\u00e9 la production de la berline C5. Une nouvelle histoire s\u2019ouvre alors et va cette fois reposer sur une \u00e9quipe de designers in\u00e9dite dirig\u00e9e par Pierre Leclercq qui succ\u00e8de \u00e0 Alexandre Malval en 2018.<\/p>\n\n\n\n<figure class=\"wp-block-image size-large\"><img loading=\"lazy\" decoding=\"async\" width=\"1024\" height=\"474\" src=\"https:\/\/lignesauto.fr\/wp-content\/uploads\/2025\/05\/LIGNES_C5_67-1024x474.jpg\" alt=\"\" class=\"wp-image-39811\" srcset=\"https:\/\/lignesauto.fr\/wp-content\/uploads\/2025\/05\/LIGNES_C5_67-1024x474.jpg 1024w, https:\/\/lignesauto.fr\/wp-content\/uploads\/2025\/05\/LIGNES_C5_67-300x139.jpg 300w, https:\/\/lignesauto.fr\/wp-content\/uploads\/2025\/05\/LIGNES_C5_67-768x356.jpg 768w, https:\/\/lignesauto.fr\/wp-content\/uploads\/2025\/05\/LIGNES_C5_67.jpg 1417w\" sizes=\"(max-width: 1024px) 100vw, 1024px\" \/><figcaption class=\"wp-element-caption\">Apr\u00e8s avoir dig\u00e9r\u00e9 l&#8217;identit\u00e9 stylistique des produits n\u00e9s sous la responsabilit\u00e9 d&#8217;Alexandre Malval (C4 et C5X notamment), Pierre Leclercq a r\u00e9ussi \u00e0 imposer sa vision sur la nouvelle gamme C3, C3 Aircross et C5 Aircross ci-dessus.<\/figcaption><\/figure>\n\n\n\n<p style=\"font-size:17px\">La marque fran\u00e7aise conna\u00eet ainsi un nouveau rebond, m\u00eame s\u2019il a fallu plusieurs ann\u00e9es avant que la signature stylistique de Pierre Leclercq transparaisse dans les cr\u00e9ations de la marque. Avec le r\u00e9cent renouvellement des C3, C3 Aircross et aujourd\u2019hui C5 Aircross, la gamme peut compter sur une offre moderne. Si les C5 et C6 ont nagu\u00e8re \u00e9t\u00e9 renouvel\u00e9es par la C5X d\u2019Alexandre Malval, il est clair aujourd\u2019hui que le plafond de verre de la gamme fran\u00e7aise s\u2019appelle C5 Aircross. Si Pierre Leclercq ne peut donc pas s\u2019exprimer dans le haut de gamme, ce n\u2019est pas le cas d\u2019Alexandre Malval qui dirige aujourd\u2019hui le studio de design avanc\u00e9 de Mercedes, \u00e0 Sophia Antipolis avec \u00e0 ses c\u00f4t\u00e9s un certain&#8230; Gr\u00e9gory Blanchet.<\/p>\n\n\n\n<figure class=\"wp-block-image size-large\"><img loading=\"lazy\" decoding=\"async\" width=\"1024\" height=\"683\" src=\"https:\/\/lignesauto.fr\/wp-content\/uploads\/2025\/05\/LIGNES_C5_16-1024x683.jpg\" alt=\"\" class=\"wp-image-39809\" srcset=\"https:\/\/lignesauto.fr\/wp-content\/uploads\/2025\/05\/LIGNES_C5_16-1024x683.jpg 1024w, https:\/\/lignesauto.fr\/wp-content\/uploads\/2025\/05\/LIGNES_C5_16-300x200.jpg 300w, https:\/\/lignesauto.fr\/wp-content\/uploads\/2025\/05\/LIGNES_C5_16-768x512.jpg 768w, https:\/\/lignesauto.fr\/wp-content\/uploads\/2025\/05\/LIGNES_C5_16.jpg 1417w\" sizes=\"(max-width: 1024px) 100vw, 1024px\" \/><figcaption class=\"wp-element-caption\">A gauche, le grand patron design monde du groupe Mercedes : Gorden Wagener avec, \u00e0 droite, Alexandre Malval, responsable du centre de design avanc\u00e9 Mercedes implant\u00e9 \u00e0 Sophia Antipolis.<\/figcaption><\/figure>\n\n\n\n<p style=\"font-size:17px\"><strong>A lire sur lignesauto.fr : les 60 ans de la Renault 16 avec des documents in\u00e9dits. C&#8217;est ici : <a href=\"https:\/\/lignesauto.fr\/?p=38268\">https:\/\/lignesauto.fr\/?p=38268<\/a><\/strong><\/p>\n\n\n\n<figure class=\"wp-block-image size-large\"><img loading=\"lazy\" decoding=\"async\" width=\"1024\" height=\"739\" src=\"http:\/\/lignesauto.fr\/wp-content\/uploads\/2025\/01\/R16_15-1024x739.jpg\" alt=\"\" class=\"wp-image-38297\" srcset=\"https:\/\/lignesauto.fr\/wp-content\/uploads\/2025\/01\/R16_15-1024x739.jpg 1024w, https:\/\/lignesauto.fr\/wp-content\/uploads\/2025\/01\/R16_15-300x216.jpg 300w, https:\/\/lignesauto.fr\/wp-content\/uploads\/2025\/01\/R16_15-768x554.jpg 768w, https:\/\/lignesauto.fr\/wp-content\/uploads\/2025\/01\/R16_15.jpg 1417w\" sizes=\"(max-width: 1024px) 100vw, 1024px\" \/><\/figure>\n\n\n<div class=\"wp-block-image\">\n<figure class=\"aligncenter size-full is-resized\"><img loading=\"lazy\" decoding=\"async\" width=\"1024\" height=\"288\" src=\"http:\/\/lignesauto.fr\/wp-content\/uploads\/2025\/04\/image.png\" alt=\"\" class=\"wp-image-39709\" style=\"width:542px;height:auto\" srcset=\"https:\/\/lignesauto.fr\/wp-content\/uploads\/2025\/04\/image.png 1024w, https:\/\/lignesauto.fr\/wp-content\/uploads\/2025\/04\/image-300x84.png 300w, https:\/\/lignesauto.fr\/wp-content\/uploads\/2025\/04\/image-768x216.png 768w\" sizes=\"(max-width: 1024px) 100vw, 1024px\" \/><\/figure><\/div>","protected":false},"excerpt":{"rendered":"<p>Citro\u00ebn vient de d\u00e9voiler la version de s\u00e9rie de son nouveau C5 Aircross ci-dessus, une nouveaut\u00e9 largement d\u00e9flor\u00e9e par le concept-car r\u00e9v\u00e9l\u00e9 au Mondial de Paris l\u2019ann\u00e9e derni\u00e8re. On a tendance \u00e0 oublier que ce \u00ab&nbsp;SUV&nbsp;\u00bb compact est un mod\u00e8le tr\u00e8s r\u00e9cent dans l\u2019histoire de la marque. Effectivement, le constructeur [&hellip;]<\/p>\n","protected":false},"author":1,"featured_media":39778,"comment_status":"closed","ping_status":"closed","sticky":false,"template":"","format":"standard","meta":{"footnotes":""},"categories":[1],"tags":[],"_links":{"self":[{"href":"https:\/\/lignesauto.fr\/index.php?rest_route=\/wp\/v2\/posts\/39766"}],"collection":[{"href":"https:\/\/lignesauto.fr\/index.php?rest_route=\/wp\/v2\/posts"}],"about":[{"href":"https:\/\/lignesauto.fr\/index.php?rest_route=\/wp\/v2\/types\/post"}],"author":[{"embeddable":true,"href":"https:\/\/lignesauto.fr\/index.php?rest_route=\/wp\/v2\/users\/1"}],"replies":[{"embeddable":true,"href":"https:\/\/lignesauto.fr\/index.php?rest_route=%2Fwp%2Fv2%2Fcomments&post=39766"}],"version-history":[{"count":53,"href":"https:\/\/lignesauto.fr\/index.php?rest_route=\/wp\/v2\/posts\/39766\/revisions"}],"predecessor-version":[{"id":39865,"href":"https:\/\/lignesauto.fr\/index.php?rest_route=\/wp\/v2\/posts\/39766\/revisions\/39865"}],"wp:featuredmedia":[{"embeddable":true,"href":"https:\/\/lignesauto.fr\/index.php?rest_route=\/wp\/v2\/media\/39778"}],"wp:attachment":[{"href":"https:\/\/lignesauto.fr\/index.php?rest_route=%2Fwp%2Fv2%2Fmedia&parent=39766"}],"wp:term":[{"taxonomy":"category","embeddable":true,"href":"https:\/\/lignesauto.fr\/index.php?rest_route=%2Fwp%2Fv2%2Fcategories&post=39766"},{"taxonomy":"post_tag","embeddable":true,"href":"https:\/\/lignesauto.fr\/index.php?rest_route=%2Fwp%2Fv2%2Ftags&post=39766"}],"curies":[{"name":"wp","href":"https:\/\/api.w.org\/{rel}","templated":true}]}}