{"id":39833,"date":"2025-05-02T06:52:30","date_gmt":"2025-05-02T04:52:30","guid":{"rendered":"https:\/\/lignesauto.fr\/?p=39833"},"modified":"2025-05-02T07:08:10","modified_gmt":"2025-05-02T05:08:10","slug":"the-secrets-of-the-first-citroen-aircross-launched-just-ten-years-ago","status":"publish","type":"post","link":"https:\/\/lignesauto.fr\/?p=39833","title":{"rendered":"The secrets of the first Citro\u00ebn Aircross, launched just ten years ago"},"content":{"rendered":"<div class=\"wp-block-image\">\n<figure class=\"aligncenter size-full is-resized\"><img loading=\"lazy\" decoding=\"async\" width=\"1024\" height=\"288\" src=\"http:\/\/lignesauto.fr\/wp-content\/uploads\/2025\/04\/image.png\" alt=\"\" class=\"wp-image-39709\" style=\"width:542px;height:auto\" srcset=\"https:\/\/lignesauto.fr\/wp-content\/uploads\/2025\/04\/image.png 1024w, https:\/\/lignesauto.fr\/wp-content\/uploads\/2025\/04\/image-300x84.png 300w, https:\/\/lignesauto.fr\/wp-content\/uploads\/2025\/04\/image-768x216.png 768w\" sizes=\"(max-width: 1024px) 100vw, 1024px\" \/><\/figure><\/div>\n\n\n<figure class=\"wp-block-image size-large\"><img loading=\"lazy\" decoding=\"async\" width=\"1024\" height=\"481\" src=\"https:\/\/lignesauto.fr\/wp-content\/uploads\/2025\/05\/LIGNES_C5_000-1024x481.jpg\" alt=\"\" class=\"wp-image-39780\" srcset=\"https:\/\/lignesauto.fr\/wp-content\/uploads\/2025\/05\/LIGNES_C5_000-1024x481.jpg 1024w, https:\/\/lignesauto.fr\/wp-content\/uploads\/2025\/05\/LIGNES_C5_000-300x141.jpg 300w, https:\/\/lignesauto.fr\/wp-content\/uploads\/2025\/05\/LIGNES_C5_000-768x361.jpg 768w, https:\/\/lignesauto.fr\/wp-content\/uploads\/2025\/05\/LIGNES_C5_000.jpg 1417w\" sizes=\"(max-width: 1024px) 100vw, 1024px\" \/><\/figure>\n\n\n\n<p style=\"font-size:17px\">Citro\u00ebn has just unveiled the production version of its new C5 Aircross above, a new model that was largely spoiled by the concept car revealed at the Paris Motor Show last year. We tend to forget that this compact SUV is a very recent model in the brand&#8217;s history. In fact, the manufacturer decided relatively late in the game to enter this segment, which is considered promising in Europe. That was in 2015, just ten years ago, with the \u201cAircross\u201d concept car shown below. LIGNES\/auto takes you behind the scenes of the design of this forced entry into a world that is now familiar to us.<\/p>\n\n\n\n<figure class=\"wp-block-image size-large\"><img loading=\"lazy\" decoding=\"async\" width=\"1024\" height=\"642\" src=\"https:\/\/lignesauto.fr\/wp-content\/uploads\/2025\/05\/LIGNES_C5_08-1024x642.jpg\" alt=\"\" class=\"wp-image-39782\" srcset=\"https:\/\/lignesauto.fr\/wp-content\/uploads\/2025\/05\/LIGNES_C5_08-1024x642.jpg 1024w, https:\/\/lignesauto.fr\/wp-content\/uploads\/2025\/05\/LIGNES_C5_08-300x188.jpg 300w, https:\/\/lignesauto.fr\/wp-content\/uploads\/2025\/05\/LIGNES_C5_08-768x482.jpg 768w, https:\/\/lignesauto.fr\/wp-content\/uploads\/2025\/05\/LIGNES_C5_08.jpg 1417w\" sizes=\"(max-width: 1024px) 100vw, 1024px\" \/><\/figure>\n\n\n\n<p style=\"font-size:17px\">So we need to turn back the clock a little, because the story really began behind the scenes in 2012. That year, the Citro\u00ebn design center, which had been headed by Thierry M\u00e9troz, welcomed a new boss: Alexandre Malval. Thierry M\u00e9troz took charge of the DS line, which had clear ambitions in China. Peugeot design was entrusted to Gilles Vidal in 2010, with Jean-Pierre Plou\u00e9 responsible for the overall design of both brands and the \u201cDS line.\u201d<\/p>\n\n\n\n<figure class=\"wp-block-image size-large\"><img loading=\"lazy\" decoding=\"async\" width=\"1024\" height=\"671\" src=\"https:\/\/lignesauto.fr\/wp-content\/uploads\/2025\/05\/LIGNES_C5_00-1024x671.png\" alt=\"\" class=\"wp-image-39784\" srcset=\"https:\/\/lignesauto.fr\/wp-content\/uploads\/2025\/05\/LIGNES_C5_00-1024x671.png 1024w, https:\/\/lignesauto.fr\/wp-content\/uploads\/2025\/05\/LIGNES_C5_00-300x196.png 300w, https:\/\/lignesauto.fr\/wp-content\/uploads\/2025\/05\/LIGNES_C5_00-768x503.png 768w, https:\/\/lignesauto.fr\/wp-content\/uploads\/2025\/05\/LIGNES_C5_00.png 1417w\" sizes=\"(max-width: 1024px) 100vw, 1024px\" \/><figcaption class=\"wp-element-caption\">Jean-Pierre Plou\u00e9, PSA&#8217;s D&#8217;Artagnan of design at the time, and his three musketeers in the early 2010s: Vidal at Peugeot, M\u00e9troz for the DS line, and Malval at Citro\u00ebn.<\/figcaption><\/figure>\n\n\n\n<p style=\"font-size:17px\">Since 2012 and his appointment as head of Citro\u00ebn&#8217;s style center, Alexandre Malval has been extremely busy. Working with his teams, he has been involved in the redesign of the brand&#8217;s identity and, above all, the design of new products, which is an extremely time-consuming task. The revamps of the C4 Cactus (which will ultimately be a major restyling), the small C3 sedan and its cousin, the C3 Picasso, as well as the future C4 sedan, are part of the brand&#8217;s desire to prove its legitimacy in the high-end car segment, with what will become the short-lived C5X below, currently in the clay model stage.<\/p>\n\n\n\n<figure class=\"wp-block-image size-large\"><img loading=\"lazy\" decoding=\"async\" width=\"1024\" height=\"684\" src=\"https:\/\/lignesauto.fr\/wp-content\/uploads\/2025\/05\/LIGNES_C5_89-1024x684.jpg\" alt=\"\" class=\"wp-image-39791\" srcset=\"https:\/\/lignesauto.fr\/wp-content\/uploads\/2025\/05\/LIGNES_C5_89-1024x684.jpg 1024w, https:\/\/lignesauto.fr\/wp-content\/uploads\/2025\/05\/LIGNES_C5_89-300x200.jpg 300w, https:\/\/lignesauto.fr\/wp-content\/uploads\/2025\/05\/LIGNES_C5_89-768x513.jpg 768w, https:\/\/lignesauto.fr\/wp-content\/uploads\/2025\/05\/LIGNES_C5_89.jpg 1417w\" sizes=\"(max-width: 1024px) 100vw, 1024px\" \/><figcaption class=\"wp-element-caption\"><em><em>Read the interview with the exterior design manager for the C5X here:<\/em><\/em> <a href=\"https:\/\/lignesauto.fr\/?p=21893\"><em>https:\/\/lignesauto.fr\/?p=21893<\/em><\/a><\/figcaption><\/figure>\n\n\n\n<p style=\"font-size:17px\">All projects are urgent, because since the split from the \u201cDS line,\u201d the Citro\u00ebn range has lost a significant portion of its profitability, while the range is aging. The most urgent project is, of course, the small C3, launched in 2002. Designer Cyril Pietton&#8217;s project was selected for this program, which will be marketed in 2016. The Citro\u00ebn C3 Picasso, meanwhile, is destined for a completely different future and will become the C3 Aircross shown below.<\/p>\n\n\n\n<figure class=\"wp-block-image size-large\"><img loading=\"lazy\" decoding=\"async\" width=\"1024\" height=\"554\" src=\"https:\/\/lignesauto.fr\/wp-content\/uploads\/2025\/05\/LIGNES_C5_80-1024x554.jpg\" alt=\"\" class=\"wp-image-39788\" srcset=\"https:\/\/lignesauto.fr\/wp-content\/uploads\/2025\/05\/LIGNES_C5_80-1024x554.jpg 1024w, https:\/\/lignesauto.fr\/wp-content\/uploads\/2025\/05\/LIGNES_C5_80-300x162.jpg 300w, https:\/\/lignesauto.fr\/wp-content\/uploads\/2025\/05\/LIGNES_C5_80-768x415.jpg 768w, https:\/\/lignesauto.fr\/wp-content\/uploads\/2025\/05\/LIGNES_C5_80.jpg 1417w\" sizes=\"(max-width: 1024px) 100vw, 1024px\" \/><figcaption class=\"wp-element-caption\">Concept drawing of the C3 Aircross by Fr\u00e9d\u00e9ric Duvernier, who went on to become head of concept cars at Citro\u00ebn before taking charge of exterior design at Lancia. Today, he heads a small design team for Stellantis brands in V\u00e9lizy.<\/figcaption><\/figure>\n\n\n\n<p style=\"font-size:17px\">The problem of renewing the C4, launched in 2004 (designed in part by Alexandre Malval but illustrated below by\u2026 Gilles Vidal) is more complex. The decision was made to delay its renewal because the PSA Group&#8217;s situation was considered worrying. Hit by the crisis at the end of the 2000s, the French group announced on November 20, 2008, that it would be cutting 3,550 jobs.<\/p>\n\n\n\n<figure class=\"wp-block-image size-large\"><img loading=\"lazy\" decoding=\"async\" width=\"1024\" height=\"589\" src=\"https:\/\/lignesauto.fr\/wp-content\/uploads\/2025\/05\/LIGNES_C5_101-1024x589.jpg\" alt=\"\" class=\"wp-image-39793\" srcset=\"https:\/\/lignesauto.fr\/wp-content\/uploads\/2025\/05\/LIGNES_C5_101-1024x589.jpg 1024w, https:\/\/lignesauto.fr\/wp-content\/uploads\/2025\/05\/LIGNES_C5_101-300x173.jpg 300w, https:\/\/lignesauto.fr\/wp-content\/uploads\/2025\/05\/LIGNES_C5_101-768x442.jpg 768w, https:\/\/lignesauto.fr\/wp-content\/uploads\/2025\/05\/LIGNES_C5_101.jpg 1417w\" sizes=\"(max-width: 1024px) 100vw, 1024px\" \/><\/figure>\n\n\n\n<p style=\"font-size:17px\">This painful decision comes on top of the nearly 15,000 departures that have taken place since the arrival of new boss Christian Streiff. Ironically, it was Streiff who pushed Peugeot and Citro\u00ebn&#8217;s product plans forward with the development of the 3008, the RCZ coupe (below), and the Citro\u00ebn DS3. In this tumultuous context, which would continue until the early 2010s, the Cactus had to take on the leading role of a credible offering in the compact sedan segment. The \u201creal\u201d future C4 would have to wait\u2026<\/p>\n\n\n\n<figure class=\"wp-block-image size-large\"><img loading=\"lazy\" decoding=\"async\" width=\"1024\" height=\"337\" src=\"https:\/\/lignesauto.fr\/wp-content\/uploads\/2025\/05\/LIGNES_C5_66-1024x337.jpg\" alt=\"\" class=\"wp-image-39795\" srcset=\"https:\/\/lignesauto.fr\/wp-content\/uploads\/2025\/05\/LIGNES_C5_66-1024x337.jpg 1024w, https:\/\/lignesauto.fr\/wp-content\/uploads\/2025\/05\/LIGNES_C5_66-300x99.jpg 300w, https:\/\/lignesauto.fr\/wp-content\/uploads\/2025\/05\/LIGNES_C5_66-768x253.jpg 768w, https:\/\/lignesauto.fr\/wp-content\/uploads\/2025\/05\/LIGNES_C5_66.jpg 1417w\" sizes=\"(max-width: 1024px) 100vw, 1024px\" \/><figcaption class=\"wp-element-caption\">The 2009 Peugeot RCZ coupe was designed by Boris Reinm\u00f6ller under the direction of J\u00e9r\u00f4me Gallix. Boris is now program director for Stellantis (Citro\u00ebn).<\/figcaption><\/figure>\n\n\n\n<p style=\"font-size:17px\">Like all car manufacturers around the world, the French group is going through a period of severe turbulence, to such an extent that a persistent rumor is gaining momentum: PSA is about to close a factory, and the Rennes-La-Janais plant on the outskirts of the Breton city is said to be the site in question. Rennes currently produces the C5 and C6 for Citro\u00ebn. It would take a miracle product to secure the future of this production site. That product is what is not yet known as the C5 Aircross\u2026<\/p>\n\n\n\n<figure class=\"wp-block-image size-large\"><img loading=\"lazy\" decoding=\"async\" width=\"1024\" height=\"544\" src=\"https:\/\/lignesauto.fr\/wp-content\/uploads\/2025\/05\/LIGNES_C5_03-1024x544.png\" alt=\"\" class=\"wp-image-39797\" srcset=\"https:\/\/lignesauto.fr\/wp-content\/uploads\/2025\/05\/LIGNES_C5_03-1024x544.png 1024w, https:\/\/lignesauto.fr\/wp-content\/uploads\/2025\/05\/LIGNES_C5_03-300x159.png 300w, https:\/\/lignesauto.fr\/wp-content\/uploads\/2025\/05\/LIGNES_C5_03-768x408.png 768w, https:\/\/lignesauto.fr\/wp-content\/uploads\/2025\/05\/LIGNES_C5_03.png 1417w\" sizes=\"(max-width: 1024px) 100vw, 1024px\" \/><figcaption class=\"wp-element-caption\">Gr\u00e9gory Blanchet, then designer of the Aircross concept car and the first C5 Aircross, never left home without his sketchbook filled with colorful drawings.<\/figcaption><\/figure>\n\n\n\n<p style=\"font-size:17px\">While the large C6 sedan is no longer a priority, the renewal of the C5 sedan is still up for debate. Replacing it as is does not seem to be the solution. It would be preferable to create a brand new vehicle for the Citro\u00ebn range that would target the booming SUV market. At the time, the C3 study was well underway. A brand new project was therefore set to shake up the order of the renewals in progress. It would be a 4.58 m long SUV, competing with its cousin, the Peugeot 3008, launched in 2009 and due to be renewed in 2016. To carry out all these projects practically in parallel, Alexandre Malval&#8217;s team of designers needed to be strengthened.<\/p>\n\n\n\n<figure class=\"wp-block-image size-large\"><img loading=\"lazy\" decoding=\"async\" width=\"1024\" height=\"684\" src=\"https:\/\/lignesauto.fr\/wp-content\/uploads\/2025\/05\/LIGNES_C5_06-1024x684.jpg\" alt=\"\" class=\"wp-image-39799\" srcset=\"https:\/\/lignesauto.fr\/wp-content\/uploads\/2025\/05\/LIGNES_C5_06-1024x684.jpg 1024w, https:\/\/lignesauto.fr\/wp-content\/uploads\/2025\/05\/LIGNES_C5_06-300x200.jpg 300w, https:\/\/lignesauto.fr\/wp-content\/uploads\/2025\/05\/LIGNES_C5_06-768x513.jpg 768w, https:\/\/lignesauto.fr\/wp-content\/uploads\/2025\/05\/LIGNES_C5_06.jpg 1417w\" sizes=\"(max-width: 1024px) 100vw, 1024px\" \/><\/figure>\n\n\n\n<p style=\"font-size:17px\">On the other side of the world, in Osaka, Japan, French designer Gr\u00e9gory Blanchet (pictured below) works for Daihatsu Motor Corporation in the city of Ikeda. He joined the Japanese company while still a student in his final year of a master&#8217;s degree at Strate.<\/p>\n\n\n\n<figure class=\"wp-block-image size-large\"><img loading=\"lazy\" decoding=\"async\" width=\"734\" height=\"1024\" src=\"https:\/\/lignesauto.fr\/wp-content\/uploads\/2025\/05\/LIGNES_C5_11-734x1024.jpg\" alt=\"\" class=\"wp-image-39800\" srcset=\"https:\/\/lignesauto.fr\/wp-content\/uploads\/2025\/05\/LIGNES_C5_11-734x1024.jpg 734w, https:\/\/lignesauto.fr\/wp-content\/uploads\/2025\/05\/LIGNES_C5_11-215x300.jpg 215w, https:\/\/lignesauto.fr\/wp-content\/uploads\/2025\/05\/LIGNES_C5_11-768x1072.jpg 768w, https:\/\/lignesauto.fr\/wp-content\/uploads\/2025\/05\/LIGNES_C5_11-1100x1536.jpg 1100w, https:\/\/lignesauto.fr\/wp-content\/uploads\/2025\/05\/LIGNES_C5_11.jpg 1417w\" sizes=\"(max-width: 734px) 100vw, 734px\" \/><\/figure>\n\n\n\n<p style=\"font-size:17px\"><em><em>&#8220;I had an incredible three months during my internship. It&#8217;s a fascinating world. You have to do an internship there because they have a slightly different corporate culture. It&#8217;s less individualistic than here in France. They want to make sure you fit in, but they really take care of you!<\/em> <em>When I came back to France, I still had a year left at Strate. Daihatsu then offered me the chance to finish my studies with them. For a year, I traveled between France and Japan. I did my diploma project there and, after completing my master&#8217;s degree, I was hired in Japan for more than seven years, until 2013.&#8221;<\/em><\/em><\/p>\n\n\n\n<figure class=\"wp-block-image size-large\"><img loading=\"lazy\" decoding=\"async\" width=\"1024\" height=\"478\" src=\"https:\/\/lignesauto.fr\/wp-content\/uploads\/2025\/05\/LIGNES_C5_05-1024x478.png\" alt=\"\" class=\"wp-image-39805\" srcset=\"https:\/\/lignesauto.fr\/wp-content\/uploads\/2025\/05\/LIGNES_C5_05-1024x478.png 1024w, https:\/\/lignesauto.fr\/wp-content\/uploads\/2025\/05\/LIGNES_C5_05-300x140.png 300w, https:\/\/lignesauto.fr\/wp-content\/uploads\/2025\/05\/LIGNES_C5_05-768x358.png 768w, https:\/\/lignesauto.fr\/wp-content\/uploads\/2025\/05\/LIGNES_C5_05.png 1417w\" sizes=\"(max-width: 1024px) 100vw, 1024px\" \/><\/figure>\n\n\n\n<p style=\"font-size:17px\">At Citro\u00ebn at that time, Num\u00e9ro 9 had just been unveiled by Thierry M\u00e9troz. Gr\u00e9gory Blanchet recalls, \u201c<em>In<\/em> <em>2012, Nicolas Beauchamps<\/em> (designer and cousin of Fr\u00e9d\u00e9ric Soubirou) <em>called me and said that Alexandre Malval was looking for people and wanted to see my portfolio on his desk on Monday&#8230; and it was Friday evening! I didn&#8217;t really believe it, because at Daihatsu, we were more used to working with small cars, but I sent my drawings and was hired!<\/em>\u201d The young French designer, married to a Japanese woman and fluent in Japanese, accustomed to designing cars that could easily be parked in a pocket, arrived at Citro\u00ebn in February 2013.<\/p>\n\n\n\n<figure class=\"wp-block-image size-large\"><img loading=\"lazy\" decoding=\"async\" width=\"1024\" height=\"571\" src=\"https:\/\/lignesauto.fr\/wp-content\/uploads\/2025\/05\/LIGNES_C5_09-1024x571.png\" alt=\"\" class=\"wp-image-39802\" srcset=\"https:\/\/lignesauto.fr\/wp-content\/uploads\/2025\/05\/LIGNES_C5_09-1024x571.png 1024w, https:\/\/lignesauto.fr\/wp-content\/uploads\/2025\/05\/LIGNES_C5_09-300x167.png 300w, https:\/\/lignesauto.fr\/wp-content\/uploads\/2025\/05\/LIGNES_C5_09-768x428.png 768w, https:\/\/lignesauto.fr\/wp-content\/uploads\/2025\/05\/LIGNES_C5_09.png 1417w\" sizes=\"(max-width: 1024px) 100vw, 1024px\" \/><\/figure>\n\n\n\n<p style=\"font-size:17px\">It will give rise to the Aircross concept car (2015) above, its production derivative, the C5 Aircross (2017), and the CXperience concept car (2016). All of these cars are very difficult to park in a pocket square! Unusually, the Aircross concept car was designed and manufactured at the same time as the production version. \u201cI won the design competitions for both the concept and the production version, and everything was done at the same time. <em>I worked with one modeler on the concept and another on the production vehicle!\u201d <\/em>The interior features the skilled and recognized signatures of J\u00e9r\u00e9my Lebonnois (below right with Alexandre Malval and Jean-Arthur Madelaine-Advenier in front of the CXPerience project), now lead interior designer for future Citro\u00ebns, and Rapha\u00ebl Le Masson, who has since joined Dacia&#8217;s interior design team.<\/p>\n\n\n\n<figure class=\"wp-block-image size-large\"><img loading=\"lazy\" decoding=\"async\" width=\"1024\" height=\"683\" src=\"https:\/\/lignesauto.fr\/wp-content\/uploads\/2025\/05\/LIGNES_C5_15-1024x683.jpg\" alt=\"\" class=\"wp-image-39804\" srcset=\"https:\/\/lignesauto.fr\/wp-content\/uploads\/2025\/05\/LIGNES_C5_15-1024x683.jpg 1024w, https:\/\/lignesauto.fr\/wp-content\/uploads\/2025\/05\/LIGNES_C5_15-300x200.jpg 300w, https:\/\/lignesauto.fr\/wp-content\/uploads\/2025\/05\/LIGNES_C5_15-768x512.jpg 768w, https:\/\/lignesauto.fr\/wp-content\/uploads\/2025\/05\/LIGNES_C5_15.jpg 1417w\" sizes=\"(max-width: 1024px) 100vw, 1024px\" \/><\/figure>\n\n\n\n<p style=\"font-size:17px\">The Aircross concept car cannot therefore be defined as a show car, but rather as a chrysalis from which the production C5 Aircross was born. This concept car breaks with SUV conventions, suggesting both power and determination, and immediately stands out thanks to its color and colorful interior. Its identity is clearly inspired by the trend set by the C4 Cactus, which was launched a year earlier. In fact, the marketing campaign emphasizes this theme by stating that \u201c<em>there is a sequel to the C4 Cactus, and the Aircross concept is a clever demonstration of this.<\/em>\u201d Paradoxically, it is this concept car, with its reinforced identity, that will drive the design language of all future Citro\u00ebns.<\/p>\n\n\n\n<figure class=\"wp-block-image size-large\"><img loading=\"lazy\" decoding=\"async\" width=\"1024\" height=\"392\" src=\"https:\/\/lignesauto.fr\/wp-content\/uploads\/2025\/05\/LIGNES_C5_04-1024x392.png\" alt=\"\" class=\"wp-image-39807\" srcset=\"https:\/\/lignesauto.fr\/wp-content\/uploads\/2025\/05\/LIGNES_C5_04-1024x392.png 1024w, https:\/\/lignesauto.fr\/wp-content\/uploads\/2025\/05\/LIGNES_C5_04-300x115.png 300w, https:\/\/lignesauto.fr\/wp-content\/uploads\/2025\/05\/LIGNES_C5_04-768x294.png 768w, https:\/\/lignesauto.fr\/wp-content\/uploads\/2025\/05\/LIGNES_C5_04.png 1417w\" sizes=\"(max-width: 1024px) 100vw, 1024px\" \/><figcaption class=\"wp-element-caption\">Excerpt from Gr\u00e9gory Blanchet&#8217;s notebook, which states that the Aircross style \u201c<em>is inspired by that of the Cactus and can be adapted to the high end of an SUV-type vehicle<\/em>.\u201d<\/figcaption><\/figure>\n\n\n\n<p style=\"font-size:17px\">Aircross will first be unveiled in Shanghai, as Citro\u00ebn really needs a vehicle like this there, and it will be produced in France in 2017. In Rennes-la-Janais, where the second generation (following the restyling of the first) has just gone into production, the new C5 Aircross will go on sale in mid-2025. When the first compact SUV arrived in the Citro\u00ebn range in 2017, the brand had lost the \u201cDS line,\u201d which had become a separate brand three years earlier, and had also stopped production of the C5 sedan. A new chapter began, this time based on a new team of designers led by Pierre Leclercq, who succeeded Alexandre Malval in 2018.<\/p>\n\n\n\n<figure class=\"wp-block-image size-large\"><img loading=\"lazy\" decoding=\"async\" width=\"1024\" height=\"474\" src=\"https:\/\/lignesauto.fr\/wp-content\/uploads\/2025\/05\/LIGNES_C5_67-1024x474.jpg\" alt=\"\" class=\"wp-image-39811\" srcset=\"https:\/\/lignesauto.fr\/wp-content\/uploads\/2025\/05\/LIGNES_C5_67-1024x474.jpg 1024w, https:\/\/lignesauto.fr\/wp-content\/uploads\/2025\/05\/LIGNES_C5_67-300x139.jpg 300w, https:\/\/lignesauto.fr\/wp-content\/uploads\/2025\/05\/LIGNES_C5_67-768x356.jpg 768w, https:\/\/lignesauto.fr\/wp-content\/uploads\/2025\/05\/LIGNES_C5_67.jpg 1417w\" sizes=\"(max-width: 1024px) 100vw, 1024px\" \/><figcaption class=\"wp-element-caption\">After digesting the stylistic identity of the products created under Alexandre Malval (notably the C4 and C5X), Pierre Leclercq has successfully imposed his vision on the new C3, C3 Aircross, and C5 Aircross ranges above.<\/figcaption><\/figure>\n\n\n\n<p style=\"font-size:17px\">The French brand is thus enjoying a new lease of life, even though it took several years for Pierre Leclercq&#8217;s signature style to shine through in the brand&#8217;s designs. With the recent revamp of the C3, C3 Aircross and now the C5 Aircross, the range can count on a modern offering. While the C5 and C6 were recently revamped by Alexandre Malval&#8217;s C5X, it is now clear that the glass ceiling for the French range is called the C5 Aircross. While Pierre Leclercq is unable to express himself in the high-end segment, this is not the case for Alexandre Malval, who now heads Mercedes&#8217; advanced design studio in Sophia Antipolis, with a certain Gr\u00e9gory Blanchet at his side.<\/p>\n\n\n\n<figure class=\"wp-block-image size-large\"><img loading=\"lazy\" decoding=\"async\" width=\"1024\" height=\"683\" src=\"https:\/\/lignesauto.fr\/wp-content\/uploads\/2025\/05\/LIGNES_C5_16-1024x683.jpg\" alt=\"\" class=\"wp-image-39809\" srcset=\"https:\/\/lignesauto.fr\/wp-content\/uploads\/2025\/05\/LIGNES_C5_16-1024x683.jpg 1024w, https:\/\/lignesauto.fr\/wp-content\/uploads\/2025\/05\/LIGNES_C5_16-300x200.jpg 300w, https:\/\/lignesauto.fr\/wp-content\/uploads\/2025\/05\/LIGNES_C5_16-768x512.jpg 768w, https:\/\/lignesauto.fr\/wp-content\/uploads\/2025\/05\/LIGNES_C5_16.jpg 1417w\" sizes=\"(max-width: 1024px) 100vw, 1024px\" \/><figcaption class=\"wp-element-caption\">On the left, the global head of design for the Mercedes group: Gorden Wagener, with Alexandre Malval, head of the Mercedes advanced design center in Sophia Antipolis, on the right.<\/figcaption><\/figure>\n\n\n\n<p style=\"font-size:17px\"><strong>Read on lignesauto.fr: 60 years of the Renault 16 with previously unpublished documents. Click here:<\/strong>  <a href=\"https:\/\/lignesauto.fr\/?p=38352\">https:\/\/lignesauto.fr\/?p=38352<\/a><\/p>\n\n\n\n<figure class=\"wp-block-image size-large\"><img loading=\"lazy\" decoding=\"async\" width=\"1024\" height=\"739\" src=\"http:\/\/lignesauto.fr\/wp-content\/uploads\/2025\/01\/R16_15-1024x739.jpg\" alt=\"\" class=\"wp-image-38297\" srcset=\"https:\/\/lignesauto.fr\/wp-content\/uploads\/2025\/01\/R16_15-1024x739.jpg 1024w, https:\/\/lignesauto.fr\/wp-content\/uploads\/2025\/01\/R16_15-300x216.jpg 300w, https:\/\/lignesauto.fr\/wp-content\/uploads\/2025\/01\/R16_15-768x554.jpg 768w, https:\/\/lignesauto.fr\/wp-content\/uploads\/2025\/01\/R16_15.jpg 1417w\" sizes=\"(max-width: 1024px) 100vw, 1024px\" \/><\/figure>\n\n\n<div class=\"wp-block-image\">\n<figure class=\"aligncenter size-full is-resized\"><img loading=\"lazy\" decoding=\"async\" width=\"1024\" height=\"288\" src=\"http:\/\/lignesauto.fr\/wp-content\/uploads\/2025\/04\/image.png\" alt=\"\" class=\"wp-image-39709\" style=\"width:542px;height:auto\" srcset=\"https:\/\/lignesauto.fr\/wp-content\/uploads\/2025\/04\/image.png 1024w, https:\/\/lignesauto.fr\/wp-content\/uploads\/2025\/04\/image-300x84.png 300w, https:\/\/lignesauto.fr\/wp-content\/uploads\/2025\/04\/image-768x216.png 768w\" sizes=\"(max-width: 1024px) 100vw, 1024px\" \/><\/figure><\/div>","protected":false},"excerpt":{"rendered":"<p>Citro\u00ebn has just unveiled the production version of its new C5 Aircross above, a new model that was largely spoiled by the concept car revealed at the Paris Motor Show last year. We tend to forget that this compact SUV is a very recent model in the brand&#8217;s history. In [&hellip;]<\/p>\n","protected":false},"author":1,"featured_media":39778,"comment_status":"closed","ping_status":"closed","sticky":false,"template":"","format":"standard","meta":{"footnotes":""},"categories":[1],"tags":[],"_links":{"self":[{"href":"https:\/\/lignesauto.fr\/index.php?rest_route=\/wp\/v2\/posts\/39833"}],"collection":[{"href":"https:\/\/lignesauto.fr\/index.php?rest_route=\/wp\/v2\/posts"}],"about":[{"href":"https:\/\/lignesauto.fr\/index.php?rest_route=\/wp\/v2\/types\/post"}],"author":[{"embeddable":true,"href":"https:\/\/lignesauto.fr\/index.php?rest_route=\/wp\/v2\/users\/1"}],"replies":[{"embeddable":true,"href":"https:\/\/lignesauto.fr\/index.php?rest_route=%2Fwp%2Fv2%2Fcomments&post=39833"}],"version-history":[{"count":26,"href":"https:\/\/lignesauto.fr\/index.php?rest_route=\/wp\/v2\/posts\/39833\/revisions"}],"predecessor-version":[{"id":39864,"href":"https:\/\/lignesauto.fr\/index.php?rest_route=\/wp\/v2\/posts\/39833\/revisions\/39864"}],"wp:featuredmedia":[{"embeddable":true,"href":"https:\/\/lignesauto.fr\/index.php?rest_route=\/wp\/v2\/media\/39778"}],"wp:attachment":[{"href":"https:\/\/lignesauto.fr\/index.php?rest_route=%2Fwp%2Fv2%2Fmedia&parent=39833"}],"wp:term":[{"taxonomy":"category","embeddable":true,"href":"https:\/\/lignesauto.fr\/index.php?rest_route=%2Fwp%2Fv2%2Fcategories&post=39833"},{"taxonomy":"post_tag","embeddable":true,"href":"https:\/\/lignesauto.fr\/index.php?rest_route=%2Fwp%2Fv2%2Ftags&post=39833"}],"curies":[{"name":"wp","href":"https:\/\/api.w.org\/{rel}","templated":true}]}}