{"id":40532,"date":"2025-05-27T17:31:00","date_gmt":"2025-05-27T15:31:00","guid":{"rendered":"https:\/\/lignesauto.fr\/?p=40532"},"modified":"2025-05-26T07:00:40","modified_gmt":"2025-05-26T05:00:40","slug":"alpine-a390-changez-votre-logiciel-et-ca-ira","status":"publish","type":"post","link":"https:\/\/lignesauto.fr\/?p=40532","title":{"rendered":"ALPINE A390 : changez votre logiciel, et \u00e7a ira\u00a0!"},"content":{"rendered":"<div class=\"wp-block-image\">\n<figure class=\"aligncenter size-full is-resized\"><img loading=\"lazy\" decoding=\"async\" width=\"1024\" height=\"288\" src=\"http:\/\/lignesauto.fr\/wp-content\/uploads\/2025\/04\/image.png\" alt=\"\" class=\"wp-image-39709\" style=\"width:478px;height:auto\" srcset=\"https:\/\/lignesauto.fr\/wp-content\/uploads\/2025\/04\/image.png 1024w, https:\/\/lignesauto.fr\/wp-content\/uploads\/2025\/04\/image-300x84.png 300w, https:\/\/lignesauto.fr\/wp-content\/uploads\/2025\/04\/image-768x216.png 768w\" sizes=\"(max-width: 1024px) 100vw, 1024px\" \/><\/figure><\/div>\n\n\n<figure class=\"wp-block-image size-large\"><img loading=\"lazy\" decoding=\"async\" width=\"1024\" height=\"455\" src=\"https:\/\/lignesauto.fr\/wp-content\/uploads\/2025\/05\/ALPINE_212-1024x455.png\" alt=\"\" class=\"wp-image-40628\" srcset=\"https:\/\/lignesauto.fr\/wp-content\/uploads\/2025\/05\/ALPINE_212-1024x455.png 1024w, https:\/\/lignesauto.fr\/wp-content\/uploads\/2025\/05\/ALPINE_212-300x133.png 300w, https:\/\/lignesauto.fr\/wp-content\/uploads\/2025\/05\/ALPINE_212-768x341.png 768w, https:\/\/lignesauto.fr\/wp-content\/uploads\/2025\/05\/ALPINE_212.png 1417w\" sizes=\"(max-width: 1024px) 100vw, 1024px\" \/><\/figure>\n\n\n\n<p style=\"font-size:17px\">Chez Alpine, le message est clair&nbsp;: \u00ab&nbsp;<em>le passage \u00e0 l\u2019\u00e9lectrique n\u2019est pas une question, c\u2019est une n\u00e9cessit\u00e9.<\/em>&nbsp;\u00bb La marque sportive profite de la c\u00e9l\u00e9bration de ses 70 ans pour r\u00e9v\u00e9ler le deuxi\u00e8me mod\u00e8le 100% \u00e9lectrique de son <em>Dream Garage<\/em> qui en comportera sept au total. C\u2019est le Sport Fastback A390, un crossover qui a \u00e9t\u00e9 en grande partie d\u00e9flor\u00e9 par le concept-car A390-B expos\u00e9 lors du Mondial de Paris 2024. LIGNES\/auto porte sur ce nouveau mod\u00e8le un regard particulier mais avant, l\u2019auteur doit se confesser&#8230;<\/p>\n\n\n\n<figure class=\"wp-block-image size-large\"><img loading=\"lazy\" decoding=\"async\" width=\"1024\" height=\"426\" src=\"https:\/\/lignesauto.fr\/wp-content\/uploads\/2025\/05\/ALPINE_107-1024x426.png\" alt=\"\" class=\"wp-image-40594\" srcset=\"https:\/\/lignesauto.fr\/wp-content\/uploads\/2025\/05\/ALPINE_107-1024x426.png 1024w, https:\/\/lignesauto.fr\/wp-content\/uploads\/2025\/05\/ALPINE_107-300x125.png 300w, https:\/\/lignesauto.fr\/wp-content\/uploads\/2025\/05\/ALPINE_107-768x319.png 768w, https:\/\/lignesauto.fr\/wp-content\/uploads\/2025\/05\/ALPINE_107.png 1417w\" sizes=\"(max-width: 1024px) 100vw, 1024px\" \/><\/figure>\n\n\n\n<p style=\"font-size:17px\">Autant \u00eatre direct avec vous&nbsp;: je me sens mal \u00e0 l\u2019aise \u00e0 l\u2019id\u00e9e d\u2019\u00e9voquer la nouvelle Alpine A390. \u00c7a ne concerne pas le produit (je le pr\u00e9cise avant que la communication fasse un arr\u00eat cardiaque) mais mon exp\u00e9rience personnelle. Qui n\u2019int\u00e9resse personne, mais voil\u00e0&nbsp;: je suis le dernier d\u2019une famille de cinq enfants \u2013 tr\u00e8s courant dans les ann\u00e9es 60- et je ne partais pas souvent en vacances, car la Renault du paternel n\u2019\u00e9tait pas encore \u2018<em>une voiture \u00e0 vivre<\/em>.\u2019 En tous les cas, pas \u00e0 plusieurs. Pas de place \u00e0 bord pour moi. Direction chez la grand-m\u00e8re et les parties de Mah Jong interminables.<\/p>\n\n\n\n<figure class=\"wp-block-image size-large\"><img loading=\"lazy\" decoding=\"async\" width=\"1024\" height=\"551\" src=\"https:\/\/lignesauto.fr\/wp-content\/uploads\/2025\/05\/ALPINE_01-1024x551.jpg\" alt=\"\" class=\"wp-image-40577\" srcset=\"https:\/\/lignesauto.fr\/wp-content\/uploads\/2025\/05\/ALPINE_01-1024x551.jpg 1024w, https:\/\/lignesauto.fr\/wp-content\/uploads\/2025\/05\/ALPINE_01-300x162.jpg 300w, https:\/\/lignesauto.fr\/wp-content\/uploads\/2025\/05\/ALPINE_01-768x414.jpg 768w, https:\/\/lignesauto.fr\/wp-content\/uploads\/2025\/05\/ALPINE_01.jpg 1417w\" sizes=\"(max-width: 1024px) 100vw, 1024px\" \/><figcaption class=\"wp-element-caption\">Une bo\u00eete de jeu Mah Jong, une miniature d&#8217;une \u00e9tude Alpine au 1\/43e et des souvenirs particuliers pour l&#8217;auteur..<\/figcaption><\/figure>\n\n\n\n<p style=\"font-size:17px\">Je m\u2019en fichais \u00e9perdument, car je savais que le meilleur ami de mon p\u00e8re accompagnerait avec sa Berlinette A 110, la R10 familiale au retour des cong\u00e9s. Le d\u00e9nomm\u00e9 Gilbert arrivait bien avant mon p\u00e8re au volant de son Alpine jaune. Les vacances pour moi, c\u2019\u00e9tait \u00e7a&nbsp;: puni \u00e0 cause d\u2019une Renault \u00e0 l\u2019habitabilit\u00e9 d\u2019une bo\u00eete d\u2019allumettes, mais r\u00e9compens\u00e9 par un tour de Berlinette&#8230; Et ce petit tour en A110 s\u2019effectuait sur les routes qui deviendront plus tard celles du rallye de la Ch\u00e2taigne, pr\u00e8s d\u2019Autun.<\/p>\n\n\n\n<figure class=\"wp-block-image size-large\"><img loading=\"lazy\" decoding=\"async\" width=\"1024\" height=\"543\" src=\"https:\/\/lignesauto.fr\/wp-content\/uploads\/2025\/05\/ALPINE_03-1024x543.png\" alt=\"\" class=\"wp-image-40576\" srcset=\"https:\/\/lignesauto.fr\/wp-content\/uploads\/2025\/05\/ALPINE_03-1024x543.png 1024w, https:\/\/lignesauto.fr\/wp-content\/uploads\/2025\/05\/ALPINE_03-300x159.png 300w, https:\/\/lignesauto.fr\/wp-content\/uploads\/2025\/05\/ALPINE_03-768x407.png 768w, https:\/\/lignesauto.fr\/wp-content\/uploads\/2025\/05\/ALPINE_03.png 1417w\" sizes=\"(max-width: 1024px) 100vw, 1024px\" \/><\/figure>\n\n\n\n<p style=\"font-size:17px\">Un rallye inscrit au championnat de France, et m\u00eame d\u2019Europe en 1977 avec la victoire de Guy Fr\u00e9quelin sur une&#8230; Alpine A310 ci-dessous. J\u2019\u00e9tais un petit rejeton \u00e0 l\u2019\u00e9poque, et une Alpine pour moi, c\u2019\u00e9tait autant magique qu\u2019effrayant, et d\u2019une fragrance particuli\u00e8rement oppressante avec cette odeur de colle enivrante. Alpine pour moi, \u00e7a&nbsp;restait jusqu\u2019\u00e0 aujourd\u2019hui une marque totalement incompatible avec la famille. Une caisse qui puait \u00e0 l\u2019int\u00e9rieur, une caisse d\u2019\u00e9go\u00efste, mais une caisse inoubliable.<\/p>\n\n\n\n<figure class=\"wp-block-image size-large\"><img loading=\"lazy\" decoding=\"async\" width=\"1024\" height=\"616\" src=\"https:\/\/lignesauto.fr\/wp-content\/uploads\/2025\/05\/ALPINE_02-1024x616.jpg\" alt=\"\" class=\"wp-image-40575\" srcset=\"https:\/\/lignesauto.fr\/wp-content\/uploads\/2025\/05\/ALPINE_02-1024x616.jpg 1024w, https:\/\/lignesauto.fr\/wp-content\/uploads\/2025\/05\/ALPINE_02-300x180.jpg 300w, https:\/\/lignesauto.fr\/wp-content\/uploads\/2025\/05\/ALPINE_02-768x462.jpg 768w, https:\/\/lignesauto.fr\/wp-content\/uploads\/2025\/05\/ALPINE_02.jpg 1417w\" sizes=\"(max-width: 1024px) 100vw, 1024px\" \/><\/figure>\n\n\n\n<p style=\"font-size:17px\">Quand je suis devenu journaliste, et devant la bible lors du c\u00e9r\u00e9monial de l\u2019objectivit\u00e9, j\u2019ai lev\u00e9 la main droite et j\u2019ai dit \u00ab&nbsp;<em>je le jure<\/em>&nbsp;\u00bb, en me gardant bien de pr\u00e9ciser que j\u2019\u00e9tais agnostique. Alors une petite excursion dans la partialit\u00e9 aujourd\u2019hui ne va pas me jeter en enfer. Et qui sait, le diable roule peut-\u00eatre en Alpine rouge Sismique, comme l&#8217;Alpine A110 R 70 disponible dans cette teinte ci-dessous&nbsp;?<\/p>\n\n\n\n<figure class=\"wp-block-image size-large\"><img loading=\"lazy\" decoding=\"async\" width=\"1024\" height=\"630\" src=\"https:\/\/lignesauto.fr\/wp-content\/uploads\/2025\/05\/ALPINE_70-1024x630.png\" alt=\"\" class=\"wp-image-40584\" srcset=\"https:\/\/lignesauto.fr\/wp-content\/uploads\/2025\/05\/ALPINE_70-1024x630.png 1024w, https:\/\/lignesauto.fr\/wp-content\/uploads\/2025\/05\/ALPINE_70-300x185.png 300w, https:\/\/lignesauto.fr\/wp-content\/uploads\/2025\/05\/ALPINE_70-768x473.png 768w, https:\/\/lignesauto.fr\/wp-content\/uploads\/2025\/05\/ALPINE_70.png 1417w\" sizes=\"(max-width: 1024px) 100vw, 1024px\" \/><figcaption class=\"wp-element-caption\">Rouge Sismique pour cette A110 R 70. Le rouge de l&#8217;enfer pour l&#8217;auteur qui jette par dessus bord son objectivit\u00e9, et plonge dans une partialit\u00e9 savoureuse. Et assume&#8230;<\/figcaption><\/figure>\n\n\n\n<p style=\"font-size:17px\">Aujourd\u2019hui est un grand jour&nbsp;: les mots famille et Alpine sont d\u00e9sormais compatibles, miscibles, et rien que pour \u00e7a, J\u2019AIME L\u2019A390 ci-dessous. Voil\u00e0, je viens de me mettre \u00e0 dos la moiti\u00e9 des passionn\u00e9s de la marque. J\u2019assume. Comme chantait Yves Montand, \u00ab&nbsp;<em>il y a ceux qui r\u00eavent les yeux ouverts et ceux qui vivent les yeux ferm\u00e9s.<\/em>&nbsp;\u00bb Je vis avec mon temps, les yeux ouverts.<\/p>\n\n\n\n<figure class=\"wp-block-image size-large\"><img loading=\"lazy\" decoding=\"async\" width=\"1024\" height=\"524\" src=\"https:\/\/lignesauto.fr\/wp-content\/uploads\/2025\/05\/ALPINE_203-1024x524.png\" alt=\"\" class=\"wp-image-40586\" srcset=\"https:\/\/lignesauto.fr\/wp-content\/uploads\/2025\/05\/ALPINE_203-1024x524.png 1024w, https:\/\/lignesauto.fr\/wp-content\/uploads\/2025\/05\/ALPINE_203-300x153.png 300w, https:\/\/lignesauto.fr\/wp-content\/uploads\/2025\/05\/ALPINE_203-768x393.png 768w, https:\/\/lignesauto.fr\/wp-content\/uploads\/2025\/05\/ALPINE_203.png 1417w\" sizes=\"(max-width: 1024px) 100vw, 1024px\" \/><\/figure>\n\n\n\n<p style=\"font-size:17px\">Et je m\u2019appuie sur des paroles officielles, comme celle d\u2019Antony Villain ci-dessous, le directeur du design de la marque qui annonce que la future A110 est d\u00e9j\u00e0 sur les rails et que la marque fait partie int\u00e9grante de la strat\u00e9gie du groupe Renault. L\u2019\u00e9quipe de designers d\u2019Alpine est pass\u00e9e d\u2019une dizaine de personnes \u00e0 la renaissance de la marque en 2017, \u00e0 une cinquantaine aujourd\u2019hui&nbsp;! Le constructeur fran\u00e7ais n\u2019a surtout pas l\u2019intention de mener Alpine comme la direction le faisait dans les ann\u00e9es 1990&nbsp;: en l\u2019abandonnant.<\/p>\n\n\n\n<figure class=\"wp-block-image size-large is-resized\"><img loading=\"lazy\" decoding=\"async\" width=\"1024\" height=\"683\" src=\"https:\/\/lignesauto.fr\/wp-content\/uploads\/2025\/05\/ALPINE_71-1024x683.jpg\" alt=\"\" class=\"wp-image-40590\" style=\"width:840px;height:auto\" srcset=\"https:\/\/lignesauto.fr\/wp-content\/uploads\/2025\/05\/ALPINE_71-1024x683.jpg 1024w, https:\/\/lignesauto.fr\/wp-content\/uploads\/2025\/05\/ALPINE_71-300x200.jpg 300w, https:\/\/lignesauto.fr\/wp-content\/uploads\/2025\/05\/ALPINE_71-768x512.jpg 768w, https:\/\/lignesauto.fr\/wp-content\/uploads\/2025\/05\/ALPINE_71.jpg 1417w\" sizes=\"(max-width: 1024px) 100vw, 1024px\" \/><\/figure>\n\n\n\n<p style=\"font-size:17px\">Le patron actuel de la marque, Philippe Krief, n\u2019est pas avare d\u2019informations pr\u00e9cises sur le devenir de la marque&nbsp;: \u00ab&nbsp;<em>nos trois principaux d\u00e9fis sont de lancer une gamme de sept produits dans les sept prochaines ann\u00e9es. Nous voulons d\u00e9montrer que nous pouvons faire encore mieux avec le 100% \u00e9lectrique.<\/em>&nbsp;\u00bb&nbsp; Deuxi\u00e8me d\u00e9fi et non des moindres, \u00ab&nbsp;<em>d\u00e9velopper un r\u00e9seau de distribution. Aujourd\u2019hui, 70% de nos ventes se font en France, et nous avons l\u2019ambition qu\u2019en 2030, plus de la moiti\u00e9 soient r\u00e9alis\u00e9es hors de France, en Asie et aux \u00c9tats-Unis.<\/em>&nbsp;\u00bb Le troisi\u00e8me d\u00e9fi est d\u2019ancrer solidement la marque naissante en d\u00e9veloppant, gr\u00e2ce au sport notamment \u2013 F1 et endurance -, sa d\u00e9sirabilit\u00e9 en dehors de la France, dans le segment premium.<\/p>\n\n\n\n<figure class=\"wp-block-image size-large\"><img loading=\"lazy\" decoding=\"async\" width=\"1024\" height=\"531\" src=\"https:\/\/lignesauto.fr\/wp-content\/uploads\/2025\/05\/ALPINE_76-1024x531.png\" alt=\"\" class=\"wp-image-40601\" srcset=\"https:\/\/lignesauto.fr\/wp-content\/uploads\/2025\/05\/ALPINE_76-1024x531.png 1024w, https:\/\/lignesauto.fr\/wp-content\/uploads\/2025\/05\/ALPINE_76-300x156.png 300w, https:\/\/lignesauto.fr\/wp-content\/uploads\/2025\/05\/ALPINE_76-768x398.png 768w, https:\/\/lignesauto.fr\/wp-content\/uploads\/2025\/05\/ALPINE_76.png 1417w\" sizes=\"(max-width: 1024px) 100vw, 1024px\" \/><\/figure>\n\n\n\n<p style=\"font-size:17px\">Et Philippe Krief ajoute \u00e0 ce propos que \u00ab&nbsp;<em>l\u2019A390 est notre deuxi\u00e8me v\u00e9hicule du Dream Garage qui veut aller conqu\u00e9rir un nouveau march\u00e9 puisque c\u2019est un Sport Fastback . C\u2019est une voiture de course dans un costume de soir\u00e9e. Nous c\u00e9l\u00e9brons cette ann\u00e9e les 70 ans de la marque, mais tout Alpine est d\u00e9di\u00e9 \u00e0 ce qu\u2019il va se passer dans les sept prochaines ann\u00e9es. Elles vont nous permettre de positionner Alpine dans le gotha des marques automobiles et de faire d\u2019Alpine l\u2019\u00c9toile fran\u00e7aise dans ce domaine.<\/em>&nbsp;\u00bb<\/p>\n\n\n\n<figure class=\"wp-block-image size-large\"><img loading=\"lazy\" decoding=\"async\" width=\"1024\" height=\"683\" src=\"https:\/\/lignesauto.fr\/wp-content\/uploads\/2025\/05\/ALPINE_78-1024x683.jpg\" alt=\"\" class=\"wp-image-40612\" srcset=\"https:\/\/lignesauto.fr\/wp-content\/uploads\/2025\/05\/ALPINE_78-1024x683.jpg 1024w, https:\/\/lignesauto.fr\/wp-content\/uploads\/2025\/05\/ALPINE_78-300x200.jpg 300w, https:\/\/lignesauto.fr\/wp-content\/uploads\/2025\/05\/ALPINE_78-768x512.jpg 768w, https:\/\/lignesauto.fr\/wp-content\/uploads\/2025\/05\/ALPINE_78.jpg 1417w\" sizes=\"(max-width: 1024px) 100vw, 1024px\" \/><\/figure>\n\n\n\n<p style=\"font-size:17px\">L\u2019Alpine A390 est donc le premier mod\u00e8le crossover de la marque \u00e0 quatre portes &#8211; cinq avec son hayon &#8211; et \u00e0 cinq places (l&#8217;A290 avec ses cinq portes d\u00e9rive directement de la R5 E-TECH) et donc trois places \u00e0 l&#8217;arri\u00e8re de ce crossover Premium, ci-dessus. Avec elle j\u2019aurais pu partir en vacances et arriver bien plus vite sur les plages qui fascinaient le gamin que j\u2019\u00e9tais, \u00e9loign\u00e9 des mers et oc\u00e9ans. Avec elle, je n\u2019aurais pas progress\u00e9 au Mah Jong, mais j\u2019aurais pu partager plus de moments avec ma s\u0153ur et mes frangins. Avec elle, j\u2019aurais pu d\u00e9barquer devant l\u2019\u00e9cole primaire, en frimant bien plus qu\u2019avec le dernier cadeau Bonux dans les mains.<\/p>\n\n\n\n<figure class=\"wp-block-image size-large\"><img loading=\"lazy\" decoding=\"async\" width=\"1024\" height=\"502\" src=\"https:\/\/lignesauto.fr\/wp-content\/uploads\/2025\/05\/ALPINE_205-1024x502.png\" alt=\"\" class=\"wp-image-40599\" srcset=\"https:\/\/lignesauto.fr\/wp-content\/uploads\/2025\/05\/ALPINE_205-1024x502.png 1024w, https:\/\/lignesauto.fr\/wp-content\/uploads\/2025\/05\/ALPINE_205-300x147.png 300w, https:\/\/lignesauto.fr\/wp-content\/uploads\/2025\/05\/ALPINE_205-768x377.png 768w, https:\/\/lignesauto.fr\/wp-content\/uploads\/2025\/05\/ALPINE_205.png 1417w\" sizes=\"(max-width: 1024px) 100vw, 1024px\" \/><\/figure>\n\n\n\n<p style=\"font-size:17px\">Lorsque l\u2019A390 sera commercialis\u00e9e en 2025, tout ceci sera possible et j\u2019envie les gamins des futurs propri\u00e9taires de ce premier crossover de la marque. Il serait effectivement logique que les acheteurs de ce mod\u00e8le aient l\u2019esprit familial, sinon \u00e0 quoi bon s\u2019embarquer \u00e0 bord de cette cinq places&nbsp;? Et puisqu\u2019on parle de place, Alpine va d\u00e9bouler dans un march\u00e9 totalement nouveau pour tenter d\u2019y consolider la sienne. La formation du r\u00e9seau commercial devra tenir la route aussi bien que ce qu\u2019Alpine nous promet avec son A390.<\/p>\n\n\n\n<figure class=\"wp-block-image size-large\"><img loading=\"lazy\" decoding=\"async\" width=\"1024\" height=\"488\" src=\"http:\/\/lignesauto.fr\/wp-content\/uploads\/2025\/05\/LIGNES_01-1024x488.png\" alt=\"\" class=\"wp-image-40406\" srcset=\"https:\/\/lignesauto.fr\/wp-content\/uploads\/2025\/05\/LIGNES_01-1024x488.png 1024w, https:\/\/lignesauto.fr\/wp-content\/uploads\/2025\/05\/LIGNES_01-300x143.png 300w, https:\/\/lignesauto.fr\/wp-content\/uploads\/2025\/05\/LIGNES_01-768x366.png 768w, https:\/\/lignesauto.fr\/wp-content\/uploads\/2025\/05\/LIGNES_01.png 1417w\" sizes=\"(max-width: 1024px) 100vw, 1024px\" \/><\/figure>\n\n\n\n<p style=\"font-size:17px\">En milieu de mois, nous avions publi\u00e9 un sujet qui tentait d\u2019expliquer que l\u2019ADN du crossover n\u2019\u00e9tait pas totalement absent de celui de la marque dieppoise, ci-dessus (\u00e0 relire ici&nbsp;: <a href=\"https:\/\/lignesauto.fr\/?p=40137\">https:\/\/lignesauto.fr\/?p=40137<\/a>) Sans A290, sans A390, il n\u2019y aurait pas de futures A110, A110 Roadster et A310 dans les tuyaux. Ne tournons pas autour du pot&nbsp;: soit vous changez de logiciel et acceptez ce que vous pensiez inacceptable, soit vous restez dans le monde merveilleux de <em>oui-oui<\/em> dans lequel une Alpine A110 seule n\u2019aurait de toute fa\u00e7on aucune chance de survie.<\/p>\n\n\n\n<figure class=\"wp-block-image size-large\"><img loading=\"lazy\" decoding=\"async\" width=\"1024\" height=\"460\" src=\"https:\/\/lignesauto.fr\/wp-content\/uploads\/2025\/05\/ALPINE_88-1024x460.png\" alt=\"\" class=\"wp-image-40603\" srcset=\"https:\/\/lignesauto.fr\/wp-content\/uploads\/2025\/05\/ALPINE_88-1024x460.png 1024w, https:\/\/lignesauto.fr\/wp-content\/uploads\/2025\/05\/ALPINE_88-300x135.png 300w, https:\/\/lignesauto.fr\/wp-content\/uploads\/2025\/05\/ALPINE_88-768x345.png 768w, https:\/\/lignesauto.fr\/wp-content\/uploads\/2025\/05\/ALPINE_88.png 1417w\" sizes=\"(max-width: 1024px) 100vw, 1024px\" \/><\/figure>\n\n\n\n<p style=\"font-size:17px\">L\u2019A390 sera assembl\u00e9e sur le site historique de Dieppe. Nos confr\u00e8res de <em>l&#8217;argus<\/em> l&#8217;imaginent par la suite produite \u00e0 Douai, sur les lignes du Sc\u00e9nic E-TECH qui, lui, partirait en Espagne pour la fabrication de sa prochaine g\u00e9n\u00e9ration. L&#8217;A390 est assur\u00e9ment le produit le mieux adapt\u00e9 aux ambitions actuelles de la marque. Des ambitions qui vont bien plus loin que la seule survie. N\u2019oubliez pas qu\u2019il y a trente ans tout juste, Alpine s\u2019\u00e9tait \u00e9teinte par faute de renouvellement convaincant. Le constructeur pr\u00e9cisait voici quelques jours que \u00ab\u00a0<em>lors de la d\u00e9finition de l\u2019A390, les objectifs qui ont guid\u00e9 l\u2019ing\u00e9nierie Alpine ont \u00e9t\u00e9 clairs : offrir au futur A390, sport fastback 5 places, l\u2019agilit\u00e9 et le plaisir de conduite de la mythique A110 (ci-dessus). Il int\u00e8gre tout l\u2019ADN dynamique d\u2019Alpine, avec des performances au plus haut niveau des mod\u00e8les de la marque tout en offrant l\u2019espace d\u2019une v\u00e9ritable 5 places.<\/em>\u00a0\u00bb<\/p>\n\n\n\n<figure class=\"wp-block-image size-large\"><img loading=\"lazy\" decoding=\"async\" width=\"1024\" height=\"699\" src=\"https:\/\/lignesauto.fr\/wp-content\/uploads\/2025\/05\/ALPINE_98-1024x699.png\" alt=\"\" class=\"wp-image-40608\" srcset=\"https:\/\/lignesauto.fr\/wp-content\/uploads\/2025\/05\/ALPINE_98-1024x699.png 1024w, https:\/\/lignesauto.fr\/wp-content\/uploads\/2025\/05\/ALPINE_98-300x205.png 300w, https:\/\/lignesauto.fr\/wp-content\/uploads\/2025\/05\/ALPINE_98-768x524.png 768w, https:\/\/lignesauto.fr\/wp-content\/uploads\/2025\/05\/ALPINE_98.png 1417w\" sizes=\"(max-width: 1024px) 100vw, 1024px\" \/><\/figure>\n\n\n\n<p style=\"font-size:17px\">Avec son syst\u00e8me sophistiqu\u00e9 de <em>torque vectoring <\/em>qui permet de s\u2019amuser comme au volant d\u2019une A110 &#8211; j\u2019attends que des confr\u00e8res plus \u00e0 l\u2019aise que moi derri\u00e8re un volant le confirment &#8211; l\u2019A390 ne serait pas un crossover pataud. C\u00f4t\u00e9 poids, avec un minimum de 2121 kg, on est \u00e0 des ann\u00e9es lumi\u00e8res des 635 kg d\u2019une A110 1600 (<em>pardonnez-les Monsieur R\u00e9d\u00e9l\u00e9, la f\u00e9e \u00e9lectrique est un elfe pesant<\/em>) mais ce chiffre reste \u00ab\u00a0coh\u00e9rent\u00a0\u00bb face \u00e0 la concurrence&#8230; par exemple celle de la Porsche Macan ci-dessus et ses 2220 kg en version 100% EV..<\/p>\n\n\n\n<figure class=\"wp-block-image size-large\"><img loading=\"lazy\" decoding=\"async\" width=\"1024\" height=\"675\" src=\"https:\/\/lignesauto.fr\/wp-content\/uploads\/2025\/05\/ALPINE_557-1024x675.png\" alt=\"\" class=\"wp-image-40605\" srcset=\"https:\/\/lignesauto.fr\/wp-content\/uploads\/2025\/05\/ALPINE_557-1024x675.png 1024w, https:\/\/lignesauto.fr\/wp-content\/uploads\/2025\/05\/ALPINE_557-300x198.png 300w, https:\/\/lignesauto.fr\/wp-content\/uploads\/2025\/05\/ALPINE_557-768x506.png 768w, https:\/\/lignesauto.fr\/wp-content\/uploads\/2025\/05\/ALPINE_557.png 1417w\" sizes=\"(max-width: 1024px) 100vw, 1024px\" \/><\/figure>\n\n\n\n<p style=\"font-size:17px\">Ce chiffre est toutefois \u00e0 mettre \u00e0 l\u2019avantage de la Fran\u00e7aise car l\u2019Alpine est une quatre roues motrices et que dans le cas de la Macan 4 \u00e0 transmission int\u00e9grale, le poids de l\u2019Allemande grimpe \u00e0 2330 kg. Certes, la Porsche est d\u2019un gabarit plus g\u00e9n\u00e9reux de 4,78 m de longueur \u00e0 comparer aux 4,61 m de l\u2019Alpine.<\/p>\n\n\n\n<figure class=\"wp-block-image size-large\"><img loading=\"lazy\" decoding=\"async\" width=\"1024\" height=\"720\" src=\"https:\/\/lignesauto.fr\/wp-content\/uploads\/2025\/05\/ALPINE_556-1024x720.png\" alt=\"\" class=\"wp-image-40606\" srcset=\"https:\/\/lignesauto.fr\/wp-content\/uploads\/2025\/05\/ALPINE_556-1024x720.png 1024w, https:\/\/lignesauto.fr\/wp-content\/uploads\/2025\/05\/ALPINE_556-300x211.png 300w, https:\/\/lignesauto.fr\/wp-content\/uploads\/2025\/05\/ALPINE_556-768x540.png 768w, https:\/\/lignesauto.fr\/wp-content\/uploads\/2025\/05\/ALPINE_556.png 1417w\" sizes=\"(max-width: 1024px) 100vw, 1024px\" \/><\/figure>\n\n\n\n<p style=\"font-size:17px\">Porsche&nbsp;: le nom est tomb\u00e9&nbsp;! Les plus anciens se souviendront peut-\u00eatre de la couverture de <em>l\u2019auto-journal<\/em> du 11 mars 1971 ci-dessus, o\u00f9 l\u2019on d\u00e9couvrait l\u2019A310 au c\u00f4t\u00e9 de Jean R\u00e9d\u00e9l\u00e9 avec ce titre ambitieux&nbsp;: \u00ab&nbsp;<em>Monsieur Alpine attaque Porsche avec la nouvelle A310.<\/em>&nbsp;\u00bb C\u2019est donc reparti pour un tour&nbsp;: 54 ans plus tard, les bellig\u00e9rants se retrouvent et on esp\u00e8re cette fois, avec un franc succ\u00e8s pour le Fran\u00e7ais&nbsp;! Ceux qui n\u2019ont pas encore chang\u00e9 de logiciel me contrediront en rappelant que le Macan existe aussi en version thermique, ce qui ne sera pas le cas de l\u2019A390&#8230;<\/p>\n\n\n\n<figure class=\"wp-block-image size-large\"><img loading=\"lazy\" decoding=\"async\" width=\"1024\" height=\"531\" src=\"https:\/\/lignesauto.fr\/wp-content\/uploads\/2025\/05\/ALPINE_109-1024x531.png\" alt=\"\" class=\"wp-image-40614\" srcset=\"https:\/\/lignesauto.fr\/wp-content\/uploads\/2025\/05\/ALPINE_109-1024x531.png 1024w, https:\/\/lignesauto.fr\/wp-content\/uploads\/2025\/05\/ALPINE_109-300x156.png 300w, https:\/\/lignesauto.fr\/wp-content\/uploads\/2025\/05\/ALPINE_109-768x398.png 768w, https:\/\/lignesauto.fr\/wp-content\/uploads\/2025\/05\/ALPINE_109.png 1417w\" sizes=\"(max-width: 1024px) 100vw, 1024px\" \/><\/figure>\n\n\n\n<p style=\"font-size:17px\">C\u00f4t\u00e9 design, Macan et A390 ne sont pas n\u00e9s dans le m\u00eame univers. Porsche doit faire du neuf sans affaiblir l\u2019actuelle g\u00e9n\u00e9ration thermique, d\u2019o\u00f9 un nouveau Macan tr\u00e8s&#8230; Macan, alors qu\u2019Alpine part d\u2019une feuille blanche \u00e0 travers de laquelle on peut distinguer en transparence les g\u00e8nes de l\u2019Alpenglow ci-dessus, et pas seulement pour la signature lumineuse. C\u00f4t\u00e9 concept de base, il est clair que le th\u00e8me esth\u00e9tique de l\u2019A110 se r\u00e9v\u00e8le dans le traitement du panneaux arri\u00e8re et de la \u00ab&nbsp;bulle&nbsp;\u00bb du hayon. Il y a sans doute trop de poign\u00e9es de porti\u00e8res pour les fanatiques de la marque, mais il faut bien les ouvrir ces portes, non&nbsp;?<\/p>\n\n\n\n<figure class=\"wp-block-image size-large\"><img loading=\"lazy\" decoding=\"async\" width=\"1024\" height=\"683\" src=\"https:\/\/lignesauto.fr\/wp-content\/uploads\/2025\/05\/ALPINE_232-1024x683.jpg\" alt=\"\" class=\"wp-image-40702\" srcset=\"https:\/\/lignesauto.fr\/wp-content\/uploads\/2025\/05\/ALPINE_232-1024x683.jpg 1024w, https:\/\/lignesauto.fr\/wp-content\/uploads\/2025\/05\/ALPINE_232-300x200.jpg 300w, https:\/\/lignesauto.fr\/wp-content\/uploads\/2025\/05\/ALPINE_232-768x512.jpg 768w, https:\/\/lignesauto.fr\/wp-content\/uploads\/2025\/05\/ALPINE_232.jpg 1417w\" sizes=\"(max-width: 1024px) 100vw, 1024px\" \/><\/figure>\n\n\n\n<p style=\"font-size:17px\">Elles ouvrent l\u2019acc\u00e8s \u00e0 un habitacle qui donnera du grain \u00e0 moudre aux \u00ab platistes. \u00bb La Terre n\u2019est pourtant pas plate, \u00ab <em>mais Alpine ne peut pas faire \u00e7a : int\u00e9grer \u00e0 bord de l\u2019A390, sportive premium, la planche de bord de la berline Megane E-Tech<\/em> \u00bb hurleront-ils. Nous aurions pu \u00e9crire que la planche de bord de M\u00e9gane a \u00e9galement \u00e9t\u00e9 reprise par le Sc\u00e9nic 100% EV. Et bien si, Alpine l\u2019a fait et tout s\u2019explique. Lorsqu\u2019un produit est lanc\u00e9, il est d\u2019embl\u00e9e question de volume(s) et de business-project. Et donc, de gros sous. Une refonte totale de la planche de bord avoisine selon les constructeurs et les plateformes les 10 millions d\u2019euros. Et 10 millions d\u2019euros suffisent \u00e0 faire capoter un projet. Fut-ce le cas pour ce projet Alpine ?<\/p>\n\n\n\n<figure class=\"wp-block-image size-large\"><img loading=\"lazy\" decoding=\"async\" width=\"1024\" height=\"709\" src=\"https:\/\/lignesauto.fr\/wp-content\/uploads\/2025\/05\/ALPINE_239-1024x709.png\" alt=\"\" class=\"wp-image-40706\" srcset=\"https:\/\/lignesauto.fr\/wp-content\/uploads\/2025\/05\/ALPINE_239-1024x709.png 1024w, https:\/\/lignesauto.fr\/wp-content\/uploads\/2025\/05\/ALPINE_239-300x208.png 300w, https:\/\/lignesauto.fr\/wp-content\/uploads\/2025\/05\/ALPINE_239-768x532.png 768w, https:\/\/lignesauto.fr\/wp-content\/uploads\/2025\/05\/ALPINE_239.png 1417w\" sizes=\"(max-width: 1024px) 100vw, 1024px\" \/><figcaption class=\"wp-element-caption\">La planche de bord &#8220;emprunt\u00e9e&#8221; \u00e0 la M\u00e9gane E-Tech s&#8217;en diff\u00e9rencie par le graphisme des IHM et par une console nettement plus haute qui positionne le conducteur dans un cocon sportif. Les panneaux de porti\u00e8res ont pratiquement le m\u00eame dessin sur les deux v\u00e9hicules.<\/figcaption><\/figure>\n\n\n\n<p style=\"font-size:17px\">Dix millions au bas mot car le poste de conduite d\u2019une automobile est un ensemble&nbsp;lourd en termes d\u2019investissements&nbsp;: la planche de bord n\u2019est pas la seule impact\u00e9e en cas de changement. Il faut y ajouter les si\u00e8ges si le volant venait \u00e0 changer de position par rapport \u00e0 celle jusqu\u2019alors retenue sur la plateforme.<\/p>\n\n\n\n<figure class=\"wp-block-image size-large\"><img loading=\"lazy\" decoding=\"async\" width=\"1024\" height=\"386\" src=\"https:\/\/lignesauto.fr\/wp-content\/uploads\/2025\/05\/ALPINE_210-1024x386.png\" alt=\"\" class=\"wp-image-40632\" srcset=\"https:\/\/lignesauto.fr\/wp-content\/uploads\/2025\/05\/ALPINE_210-1024x386.png 1024w, https:\/\/lignesauto.fr\/wp-content\/uploads\/2025\/05\/ALPINE_210-300x113.png 300w, https:\/\/lignesauto.fr\/wp-content\/uploads\/2025\/05\/ALPINE_210-768x289.png 768w, https:\/\/lignesauto.fr\/wp-content\/uploads\/2025\/05\/ALPINE_210.png 1417w\" sizes=\"(max-width: 1024px) 100vw, 1024px\" \/><\/figure>\n\n\n\n<p style=\"font-size:17px\">Et puis les tests de s\u00e9curit\u00e9 (notamment airbag) sont \u00e0 refaire ainsi que l\u2019implantation de tout ce qui se trouve cach\u00e9 par la planche, m\u00eame si sur la plateforme concern\u00e9e ici, le bloc de climatisation a \u00e9t\u00e9 log\u00e9 sous le capot moteur. Au final, tout n&#8217;est heureusement pas identique avec la planche de la Renault. Le volant est celui de l\u2019Alpine A290 modifi\u00e9 et tout le graphisme et les fonctions IHM (interface homme machine) a \u00e9t\u00e9 pens\u00e9, dessin\u00e9 et con\u00e7u avec l\u2019ADN de la marque Alpine. Sans oublier la console centrale qui remonte haut et vous permettra de faire corps avec la machine<\/p>\n\n\n\n<figure class=\"wp-block-image size-large\"><img loading=\"lazy\" decoding=\"async\" width=\"1024\" height=\"838\" src=\"https:\/\/lignesauto.fr\/wp-content\/uploads\/2025\/05\/ALPINE_206-1024x838.png\" alt=\"\" class=\"wp-image-40630\" srcset=\"https:\/\/lignesauto.fr\/wp-content\/uploads\/2025\/05\/ALPINE_206-1024x838.png 1024w, https:\/\/lignesauto.fr\/wp-content\/uploads\/2025\/05\/ALPINE_206-300x245.png 300w, https:\/\/lignesauto.fr\/wp-content\/uploads\/2025\/05\/ALPINE_206-768x628.png 768w, https:\/\/lignesauto.fr\/wp-content\/uploads\/2025\/05\/ALPINE_206.png 1417w\" sizes=\"(max-width: 1024px) 100vw, 1024px\" \/><\/figure>\n\n\n\n<p style=\"font-size:17px\">Comme le confiait Laurens van den Acker \u00e0 LIGNES\/auto lorsqu\u2019il a pr\u00e9sent\u00e9 la planche de bord de la Renault M\u00e9gane, l\u2019\u00e9cran en \u00ab&nbsp;L&nbsp;\u00bb appel\u00e9 Open R \u00ab&nbsp;\u00ab&nbsp;<em>est la r\u00e9sultante des travaux men\u00e9s sur les concept-cars Trezor de 2016, SymbioZ de 2018 et Morphoz de 2020.&nbsp;<\/em>\u00bb Imposer les a\u00e9rateurs gauche et central int\u00e9gr\u00e9s dans cet \u00e9cran en \u00ab&nbsp;L&nbsp;\u00bb &#8211; voir photo ci-dessus- n\u2019a pas \u00e9t\u00e9 facile&nbsp;:&nbsp; \u00ab <em>c\u2019est extr\u00eamement complexe de les int\u00e9grer dans l\u2019Open R et je dois dire que les ing\u00e9nieurs se sont un peu arrach\u00e9 les cheveux,&nbsp;mais ils ont jou\u00e9 le jeu et nous ont suivis !<\/em>&nbsp;\u00bb Laurens van den Acker pr\u00e9cisait alors que \u00ab&nbsp;<em>ce concept peut \u00eatre facilement implant\u00e9 sur d\u2019autres mod\u00e8les<\/em>&nbsp;\u00bb Exact&nbsp;: l\u2019Alpine A390 en profite aujourd\u2019hui.<\/p>\n\n\n\n<p style=\"font-size:17px\"><strong>LIGNES\/auto c&#8217;est aussi une page Facebook bilingue : <a href=\"https:\/\/www.facebook.com\/lignesauto\/\">https:\/\/www.facebook.com\/lignesauto\/<\/a><\/strong><\/p>\n\n\n\n<figure class=\"wp-block-image size-large\"><img loading=\"lazy\" decoding=\"async\" width=\"1024\" height=\"655\" src=\"https:\/\/lignesauto.fr\/wp-content\/uploads\/2025\/05\/ALPINE_301-1024x655.png\" alt=\"\" class=\"wp-image-40626\" srcset=\"https:\/\/lignesauto.fr\/wp-content\/uploads\/2025\/05\/ALPINE_301-1024x655.png 1024w, https:\/\/lignesauto.fr\/wp-content\/uploads\/2025\/05\/ALPINE_301-300x192.png 300w, https:\/\/lignesauto.fr\/wp-content\/uploads\/2025\/05\/ALPINE_301-768x492.png 768w, https:\/\/lignesauto.fr\/wp-content\/uploads\/2025\/05\/ALPINE_301.png 1417w\" sizes=\"(max-width: 1024px) 100vw, 1024px\" \/><\/figure>\n\n\n\n<p style=\"font-size:17px\">Pour le reste, question dimensions, l\u2019Alpine A390 s\u2019\u00e9loigne de la Renault M\u00e9gane E-TECH&nbsp;: 4,61 m de longueur contre 4,20 m \u00e0 la M\u00e9gane, 1,88 m de largeur contre 1,76 m alors que la M\u00e9gane est plus basse (1,50 m contre 1,53 m \u00e0 l\u2019Alpine). Cette derni\u00e8re prend sa revanche au niveau du volume du coffre&nbsp;: 532 l contre 440 \u00e0 la Renault. Si un jour on m\u2019avait dit que j\u2019\u00e9voquerais le volume de coffre d\u2019une Alpine dans un de mes sujets&#8230;<\/p>\n\n\n\n<figure class=\"wp-block-image size-large\"><img loading=\"lazy\" decoding=\"async\" width=\"1024\" height=\"734\" src=\"https:\/\/lignesauto.fr\/wp-content\/uploads\/2025\/05\/ALPINE_89-1024x734.png\" alt=\"\" class=\"wp-image-40620\" srcset=\"https:\/\/lignesauto.fr\/wp-content\/uploads\/2025\/05\/ALPINE_89-1024x734.png 1024w, https:\/\/lignesauto.fr\/wp-content\/uploads\/2025\/05\/ALPINE_89-300x215.png 300w, https:\/\/lignesauto.fr\/wp-content\/uploads\/2025\/05\/ALPINE_89-768x551.png 768w, https:\/\/lignesauto.fr\/wp-content\/uploads\/2025\/05\/ALPINE_89.png 1417w\" sizes=\"(max-width: 1024px) 100vw, 1024px\" \/><\/figure>\n\n\n\n<p style=\"font-size:17px\">C\u00f4t\u00e9 design, il ne faut pas oublier d\u2019\u00e9voquer la lame \u00e0 l\u2019extr\u00e9mit\u00e9 avant du capot, pr\u00e9vue pour laisser s\u2019\u00e9couler l\u2019air afin de canaliser les flux a\u00e9rodynamiques, ci-dessous. On le sait, avec une recherche d\u2019autonomie toujours plus grande sur ces nouveaut\u00e9s 100% \u00e9lectriques, l\u2019a\u00e9rodynamique prend encore plus de place dans l\u2019\u00e9tude des nouveaux produits.<\/p>\n\n\n\n<figure class=\"wp-block-image size-large\"><img loading=\"lazy\" decoding=\"async\" width=\"1024\" height=\"740\" src=\"https:\/\/lignesauto.fr\/wp-content\/uploads\/2025\/05\/ALPINE_94-1024x740.png\" alt=\"\" class=\"wp-image-40622\" srcset=\"https:\/\/lignesauto.fr\/wp-content\/uploads\/2025\/05\/ALPINE_94-1024x740.png 1024w, https:\/\/lignesauto.fr\/wp-content\/uploads\/2025\/05\/ALPINE_94-300x217.png 300w, https:\/\/lignesauto.fr\/wp-content\/uploads\/2025\/05\/ALPINE_94-768x555.png 768w, https:\/\/lignesauto.fr\/wp-content\/uploads\/2025\/05\/ALPINE_94.png 1417w\" sizes=\"(max-width: 1024px) 100vw, 1024px\" \/><\/figure>\n\n\n\n<p style=\"font-size:17px\">Ce concept de lame en bout de capot peut \u00eatre interpr\u00e9t\u00e9 de plusieurs fa\u00e7ons. Sur son nouveau concept-car Speedtop, BMW capte l\u2019air en amont par le biais des deux naseaux de la calandre. Renault sur son concept-car Embl\u00e8me op\u00e8re plus directement, \u00e0 la fa\u00e7on d\u2019Alpine, en captant l\u2019air de part et d\u2019autre des optiques, en partie sup\u00e9rieure du soft-nose. Il semblerait que le concept soit efficace car il se d\u00e9veloppe sur de nombreux projets. Alpine le bascule en s\u00e9rie avec son A390.<\/p>\n\n\n\n<figure class=\"wp-block-image size-large\"><img loading=\"lazy\" decoding=\"async\" width=\"1024\" height=\"572\" src=\"https:\/\/lignesauto.fr\/wp-content\/uploads\/2025\/05\/ALPINE_04-1024x572.png\" alt=\"\" class=\"wp-image-40639\" srcset=\"https:\/\/lignesauto.fr\/wp-content\/uploads\/2025\/05\/ALPINE_04-1024x572.png 1024w, https:\/\/lignesauto.fr\/wp-content\/uploads\/2025\/05\/ALPINE_04-300x167.png 300w, https:\/\/lignesauto.fr\/wp-content\/uploads\/2025\/05\/ALPINE_04-768x429.png 768w, https:\/\/lignesauto.fr\/wp-content\/uploads\/2025\/05\/ALPINE_04.png 1417w\" sizes=\"(max-width: 1024px) 100vw, 1024px\" \/><figcaption class=\"wp-element-caption\">Et maintenant, place aux essais. S&#8217;ils sont concluants, nos confr\u00e8res pourront alors titrer comme <em>l&#8217;auto-journal<\/em> en 1971 &#8220;Monsieur Alpine attaque Porsche !&#8221;<\/figcaption><\/figure>\n\n\n\n<p style=\"font-size:17px\">Que ce soit seulement pour le plaisir de l\u2019observer ou plus s\u00e9rieusement pour l\u2019acqu\u00e9rir, vous n\u2019appr\u00e9cierez cette A390 que si vous changez de disque dur. Le monde automobile connait une mutation acc\u00e9l\u00e9r\u00e9e, mais le fond n\u2019est pas nouveau\u00a0: on a tous gueul\u00e9 contre des Jaguar sur base de Ford Mondeo, on a tous hurl\u00e9 aux loups lorsque BMW a mis des diesel sous le capot, et que dire de Porsche dans le m\u00eame contexte\u00a0? On a aussi raill\u00e9 les cabriolets Mercedes diesel, mais au final, le monde a continu\u00e9 de tourner. Avec l\u2019A390, Alpine ne fait finalement que r\u00e9pondre \u00e0 des obligations de respects des normes et \u00e0 une \u00e9quation \u00e9conomique imparable\u00a0: sans elle, sans ses futures s\u0153urs, Alpine aurait connu le m\u00eame sort qu\u2019en 1995. La mort&#8230;<\/p>\n\n\n\n<p style=\"font-size:17px\"><strong>BONUS : une gamme, un futur et des souvenirs<\/strong><\/p>\n\n\n\n<figure class=\"wp-block-image size-large\"><img loading=\"lazy\" decoding=\"async\" width=\"1024\" height=\"764\" src=\"https:\/\/lignesauto.fr\/wp-content\/uploads\/2025\/05\/ALPINE_99-1024x764.png\" alt=\"\" class=\"wp-image-40559\" srcset=\"https:\/\/lignesauto.fr\/wp-content\/uploads\/2025\/05\/ALPINE_99-1024x764.png 1024w, https:\/\/lignesauto.fr\/wp-content\/uploads\/2025\/05\/ALPINE_99-300x224.png 300w, https:\/\/lignesauto.fr\/wp-content\/uploads\/2025\/05\/ALPINE_99-768x573.png 768w, https:\/\/lignesauto.fr\/wp-content\/uploads\/2025\/05\/ALPINE_99.png 1417w\" sizes=\"(max-width: 1024px) 100vw, 1024px\" \/><\/figure>\n\n\n\n<p style=\"font-size:17px\">\u00ab&nbsp;<em>Je vous parle d\u2019un temps que les moins de 20 ans ne peuvent pas\u2026<\/em>&nbsp;\u00bb&nbsp; Oh&nbsp;! On a compris&nbsp;: Alpine change&nbsp;! Mais avouez que cette photo de la gamme ci-dessus prise \u00e0 l\u2019occasion de la commercialisation de l\u2019A310 en 1971 a de la gueule&nbsp;! Une gamme compl\u00e8te \u00e0 l\u2019\u00e9poque, c\u2019\u00e9tait une Berlinette en deux variantes, et une 2+2 aux ambitions de d\u00e9voreuse de Porsche 911. Au-dessus, la gamme actuelle avec la Berlinette thermique &#8211; celle de la renaissance de la marque en 2017 &#8211; et les deux premi\u00e8res Alpine 100% \u00e9lectriques du <em>Dream Garage<\/em>&nbsp;: l\u2019A290 et l\u2019A390. Une preuve s\u2019il en fallait une qu\u2019Alpine est devenue une marque et, \u00e0 ce titre, va \u00e9largir son audience. Et bonne nouvelle, il manque quatre enfants sur la photo.<\/p>\n\n\n\n<p style=\"font-size:17px\"><strong>BONUS<\/strong> : <strong>la future A110 sera bien 100% \u00e9lectrique&#8230;<\/strong><\/p>\n\n\n\n<figure class=\"wp-block-image size-large\"><img loading=\"lazy\" decoding=\"async\" width=\"1024\" height=\"400\" src=\"https:\/\/lignesauto.fr\/wp-content\/uploads\/2025\/05\/ALPINE_202-1024x400.png\" alt=\"\" class=\"wp-image-40562\" srcset=\"https:\/\/lignesauto.fr\/wp-content\/uploads\/2025\/05\/ALPINE_202-1024x400.png 1024w, https:\/\/lignesauto.fr\/wp-content\/uploads\/2025\/05\/ALPINE_202-300x117.png 300w, https:\/\/lignesauto.fr\/wp-content\/uploads\/2025\/05\/ALPINE_202-768x300.png 768w, https:\/\/lignesauto.fr\/wp-content\/uploads\/2025\/05\/ALPINE_202.png 1417w\" sizes=\"(max-width: 1024px) 100vw, 1024px\" \/><\/figure>\n\n\n\n<p style=\"font-size:17px\">En d\u00e9voilant la future Alpine A110 sous b\u00e2che, le constructeur confirme qu\u2019elle sera exclusivement \u00e9lectrique. Et pour nous mettre l\u2019eau \u00e0 la bouche, l\u2019A110 de 2026 \u2013 2027 pour le roadster \u2013 nous d\u00e9voile sa signature lumineuse, ci-dessous, diff\u00e9rente de celle du crossover A390. Pour le reste, il faudra patienter, m\u00eame si la plateforme APP modulable pr\u00e9vue pour les A110 deux places et A310 2+2 places a \u00e9t\u00e9 d\u00e9voil\u00e9e. Elle repose sur une implantation de batteries repouss\u00e9es derri\u00e8re la cloison habitacle plut\u00f4t que sous les si\u00e8ges pour ce qui est de l\u2019A110. Le tout, pour un abaissement sensible du centre de gravit\u00e9.<\/p>\n\n\n\n<figure class=\"wp-block-image size-large\"><img loading=\"lazy\" decoding=\"async\" width=\"1024\" height=\"465\" src=\"https:\/\/lignesauto.fr\/wp-content\/uploads\/2025\/05\/ALPINE_201-1024x465.png\" alt=\"\" class=\"wp-image-40563\" srcset=\"https:\/\/lignesauto.fr\/wp-content\/uploads\/2025\/05\/ALPINE_201-1024x465.png 1024w, https:\/\/lignesauto.fr\/wp-content\/uploads\/2025\/05\/ALPINE_201-300x136.png 300w, https:\/\/lignesauto.fr\/wp-content\/uploads\/2025\/05\/ALPINE_201-768x349.png 768w, https:\/\/lignesauto.fr\/wp-content\/uploads\/2025\/05\/ALPINE_201.png 1417w\" sizes=\"(max-width: 1024px) 100vw, 1024px\" \/><\/figure>\n\n\n\n<p style=\"font-size:17px\"><strong>BONUS<\/strong> :<strong> tous repr\u00e9sentants du savoir-faire fran\u00e7ais<\/strong><br>Jusqu\u2019alors, la marque DS Automobiles se vantait \u00e0 juste titre de mettre en avant l\u2019artisanat et le savoir-faire fran\u00e7ais. Les mat\u00e9riaux (parfois jusqu\u2019\u00e0 la caricature \u00e0 bord de la DS E-Tense de 2014) et les finitions op\u00e8rent aujourd\u2019hui une v\u00e9ritable magie \u00e0 bord des DS N\u00b08 et N\u00b04. Mais DS Automobiles n\u2019est plus la seule marque \u00e0 brandir la banni\u00e8re du savoir-faire fran\u00e7ais.<\/p>\n\n\n\n<figure class=\"wp-block-image size-large\"><img loading=\"lazy\" decoding=\"async\" width=\"1024\" height=\"663\" src=\"https:\/\/lignesauto.fr\/wp-content\/uploads\/2025\/05\/ALPINE_555-1024x663.png\" alt=\"\" class=\"wp-image-40616\" srcset=\"https:\/\/lignesauto.fr\/wp-content\/uploads\/2025\/05\/ALPINE_555-1024x663.png 1024w, https:\/\/lignesauto.fr\/wp-content\/uploads\/2025\/05\/ALPINE_555-300x194.png 300w, https:\/\/lignesauto.fr\/wp-content\/uploads\/2025\/05\/ALPINE_555-768x498.png 768w, https:\/\/lignesauto.fr\/wp-content\/uploads\/2025\/05\/ALPINE_555.png 1417w\" sizes=\"(max-width: 1024px) 100vw, 1024px\" \/><\/figure>\n\n\n\n<p style=\"font-size:17px\">Voil\u00e0 qu\u2019en interne, le cousin Peugeot \u2013 pourtant hors du p\u00f4le Premium- \u00ab&nbsp;<em>est fier de contribuer au soutien de l\u2019excellence et du savoir-faire fran\u00e7ais et devient partenaire de la Soci\u00e9t\u00e9 nationale des Meilleurs Ouvriers de France.<\/em>&nbsp;\u00bb Et ces deux marques fran\u00e7aises sont aujourd\u2019hui vaillamment titill\u00e9es par Alpine qui revendique \u00e9galement le savoir-faire fran\u00e7ais. Pneus Michelin et sono Devialet sont la cerise sur le g\u00e2teau de l\u2019A390 produite en France. Ce dont ne peut se vanter la DS N\u00b08&#8230;<\/p>\n\n\n\n<figure class=\"wp-block-image size-large\"><img loading=\"lazy\" decoding=\"async\" width=\"1024\" height=\"590\" src=\"https:\/\/lignesauto.fr\/wp-content\/uploads\/2025\/05\/ALPINE_204-1024x590.png\" alt=\"\" class=\"wp-image-40618\" srcset=\"https:\/\/lignesauto.fr\/wp-content\/uploads\/2025\/05\/ALPINE_204-1024x590.png 1024w, https:\/\/lignesauto.fr\/wp-content\/uploads\/2025\/05\/ALPINE_204-300x173.png 300w, https:\/\/lignesauto.fr\/wp-content\/uploads\/2025\/05\/ALPINE_204-768x442.png 768w, https:\/\/lignesauto.fr\/wp-content\/uploads\/2025\/05\/ALPINE_204.png 1417w\" sizes=\"(max-width: 1024px) 100vw, 1024px\" \/><\/figure>\n\n\n\n<p style=\"font-size:17px\"><strong>EN BREF : l\u2019Alpine A390 en quelques mots et chiffres&nbsp;:<br><\/strong>-Deux finitions disponibles&nbsp;: GT (400 ch- 200 km\/h) et GTS (470 ch- 220 km\/h)<br>-Autonomie de 520 \u00e0 555 kms<br>-3 moteurs&nbsp;: un \u00e0 rotor bobin\u00e9 \u00e0 l\u2019AV et deux AR (synchrone \u00e0 aimant) \u2013 un pour chacune des roues.<br>-Gr\u00e2ce \u00e0 cette architecture, les deux moteurs arri\u00e8re offrent un contr\u00f4le ind\u00e9pendant de chaque roue, ce qui permet la mise en \u0153uvre de l\u2019Alpine Active Torque Vectoring afin de retrouver les sensations de pilotage d\u2019une A110.<br>-Architecture EV 400 volts.<br>-Pneumatiques sp\u00e9cifiques Michelin A39.<br>-Freins&nbsp;: disques de 365 mm, \u00e9triers 6 pistons, une premi\u00e8re pour Alpine qui veut tenir la drag\u00e9e haute face \u00e0 Porsche&#8230;<br>-Triangles de suspension en aluminium forg\u00e9.<br>-Six teintes de caisse: Noir Profond, Bleu Abysse, Bleu Alpine Vision, Argent Mercure, Blanc Topaze, Gris tonnerre mat.<\/p>\n\n\n\n<p style=\"font-size:17px\"><strong>POUR ALLER PLUS LOIN :<\/strong> <strong>\u00ab&nbsp;la&nbsp;ligne Alpine&nbsp;\u00bb&nbsp;:<\/strong><\/p>\n\n\n\n<figure class=\"wp-block-embed is-type-video is-provider-youtube wp-block-embed-youtube wp-embed-aspect-16-9 wp-has-aspect-ratio\"><div class=\"wp-block-embed__wrapper\">\n<iframe loading=\"lazy\" title=\"La ligne Alpine\" width=\"640\" height=\"360\" src=\"https:\/\/www.youtube.com\/embed\/Pu4rAFp7jXA?start=17&#038;feature=oembed\" frameborder=\"0\" allow=\"accelerometer; autoplay; clipboard-write; encrypted-media; gyroscope; picture-in-picture; web-share\" referrerpolicy=\"strict-origin-when-cross-origin\" allowfullscreen><\/iframe>\n<\/div><\/figure>\n\n\n\n<p style=\"font-size:17px\"><strong>POUR ALLER PLUS LOIN :<\/strong> <strong>les secrets du design du concept-car A390<\/strong><\/p>\n\n\n\n<figure class=\"wp-block-embed is-type-wp-embed is-provider-lignes-auto wp-block-embed-lignes-auto\"><div class=\"wp-block-embed__wrapper\">\n<blockquote class=\"wp-embedded-content\" data-secret=\"pCzTj9veex\"><a href=\"https:\/\/lignesauto.fr\/?p=35549\">Les secrets de la gen\u00e8se de l\u2019A390. Interview d\u2019Antony Villain, directeur du design Alpine.<\/a><\/blockquote><iframe class=\"wp-embedded-content\" sandbox=\"allow-scripts\" security=\"restricted\" style=\"position: absolute; clip: rect(1px, 1px, 1px, 1px);\" title=\"\u00ab\u00a0Les secrets de la gen\u00e8se de l\u2019A390. Interview d\u2019Antony Villain, directeur du design Alpine.\u00a0\u00bb &#8212; LIGNES\/auto\" src=\"https:\/\/lignesauto.fr\/?p=35549&#038;embed=true#?secret=uHb3pwphwI#?secret=pCzTj9veex\" data-secret=\"pCzTj9veex\" width=\"600\" height=\"338\" frameborder=\"0\" marginwidth=\"0\" marginheight=\"0\" scrolling=\"no\"><\/iframe>\n<\/div><\/figure>\n\n\n\n<p style=\"font-size:17px\"><strong>POUR ALLER PLUS LOIN :<\/strong> <strong>interview d\u2019Adrien Acquitter, design int\u00e9rieur Alpine<\/strong><\/p>\n\n\n\n<figure class=\"wp-block-embed is-type-wp-embed is-provider-lignes-auto wp-block-embed-lignes-auto\"><div class=\"wp-block-embed__wrapper\">\n<blockquote class=\"wp-embedded-content\" data-secret=\"vOnAaL9CBB\"><a href=\"https:\/\/lignesauto.fr\/?p=30191\">ALPINE : interview d&rsquo;Adrien Acquitter, designer int\u00e9rieur. De Ferrari \u00e0 Alpine !<\/a><\/blockquote><iframe class=\"wp-embedded-content\" sandbox=\"allow-scripts\" security=\"restricted\" style=\"position: absolute; clip: rect(1px, 1px, 1px, 1px);\" title=\"\u00ab\u00a0ALPINE : interview d&rsquo;Adrien Acquitter, designer int\u00e9rieur. De Ferrari \u00e0 Alpine !\u00a0\u00bb &#8212; LIGNES\/auto\" src=\"https:\/\/lignesauto.fr\/?p=30191&#038;embed=true#?secret=n1kNvD5ZKP#?secret=vOnAaL9CBB\" data-secret=\"vOnAaL9CBB\" width=\"600\" height=\"338\" frameborder=\"0\" marginwidth=\"0\" marginheight=\"0\" scrolling=\"no\"><\/iframe>\n<\/div><\/figure>\n\n\n\n<p style=\"font-size:17px\"><strong>POUR ALLER PLUS LOIN :<\/strong> <strong>de l\u2019Art et une Alpine<\/strong><\/p>\n\n\n\n<figure class=\"wp-block-embed is-type-video is-provider-youtube wp-block-embed-youtube wp-embed-aspect-16-9 wp-has-aspect-ratio\"><div class=\"wp-block-embed__wrapper\">\n<iframe loading=\"lazy\" title=\"Alpine x Arne Quinze - Metamorphosis\" width=\"640\" height=\"360\" src=\"https:\/\/www.youtube.com\/embed\/F70hdbil8P4?start=18&#038;feature=oembed\" frameborder=\"0\" allow=\"accelerometer; autoplay; clipboard-write; encrypted-media; gyroscope; picture-in-picture; web-share\" referrerpolicy=\"strict-origin-when-cross-origin\" allowfullscreen><\/iframe>\n<\/div><\/figure>\n\n\n\n<figure class=\"wp-block-image size-large\"><img loading=\"lazy\" decoding=\"async\" width=\"1024\" height=\"573\" src=\"https:\/\/lignesauto.fr\/wp-content\/uploads\/2025\/05\/ALPINE_600-1024x573.png\" alt=\"\" class=\"wp-image-40641\" srcset=\"https:\/\/lignesauto.fr\/wp-content\/uploads\/2025\/05\/ALPINE_600-1024x573.png 1024w, https:\/\/lignesauto.fr\/wp-content\/uploads\/2025\/05\/ALPINE_600-300x168.png 300w, https:\/\/lignesauto.fr\/wp-content\/uploads\/2025\/05\/ALPINE_600-768x430.png 768w, https:\/\/lignesauto.fr\/wp-content\/uploads\/2025\/05\/ALPINE_600.png 1417w\" sizes=\"(max-width: 1024px) 100vw, 1024px\" \/><\/figure>\n\n\n<div class=\"wp-block-image\">\n<figure class=\"aligncenter size-full is-resized\"><img loading=\"lazy\" decoding=\"async\" width=\"1024\" height=\"288\" src=\"http:\/\/lignesauto.fr\/wp-content\/uploads\/2025\/04\/image.png\" alt=\"\" class=\"wp-image-39709\" style=\"width:478px;height:auto\" srcset=\"https:\/\/lignesauto.fr\/wp-content\/uploads\/2025\/04\/image.png 1024w, https:\/\/lignesauto.fr\/wp-content\/uploads\/2025\/04\/image-300x84.png 300w, https:\/\/lignesauto.fr\/wp-content\/uploads\/2025\/04\/image-768x216.png 768w\" sizes=\"(max-width: 1024px) 100vw, 1024px\" \/><\/figure><\/div>","protected":false},"excerpt":{"rendered":"<p>Chez Alpine, le message est clair&nbsp;: \u00ab&nbsp;le passage \u00e0 l\u2019\u00e9lectrique n\u2019est pas une question, c\u2019est une n\u00e9cessit\u00e9.&nbsp;\u00bb La marque sportive profite de la c\u00e9l\u00e9bration de ses 70 ans pour r\u00e9v\u00e9ler le deuxi\u00e8me mod\u00e8le 100% \u00e9lectrique de son Dream Garage qui en comportera sept au total. C\u2019est le Sport Fastback A390, [&hellip;]<\/p>\n","protected":false},"author":1,"featured_media":40618,"comment_status":"closed","ping_status":"closed","sticky":false,"template":"","format":"standard","meta":{"footnotes":""},"categories":[1],"tags":[],"_links":{"self":[{"href":"https:\/\/lignesauto.fr\/index.php?rest_route=\/wp\/v2\/posts\/40532"}],"collection":[{"href":"https:\/\/lignesauto.fr\/index.php?rest_route=\/wp\/v2\/posts"}],"about":[{"href":"https:\/\/lignesauto.fr\/index.php?rest_route=\/wp\/v2\/types\/post"}],"author":[{"embeddable":true,"href":"https:\/\/lignesauto.fr\/index.php?rest_route=\/wp\/v2\/users\/1"}],"replies":[{"embeddable":true,"href":"https:\/\/lignesauto.fr\/index.php?rest_route=%2Fwp%2Fv2%2Fcomments&post=40532"}],"version-history":[{"count":99,"href":"https:\/\/lignesauto.fr\/index.php?rest_route=\/wp\/v2\/posts\/40532\/revisions"}],"predecessor-version":[{"id":40719,"href":"https:\/\/lignesauto.fr\/index.php?rest_route=\/wp\/v2\/posts\/40532\/revisions\/40719"}],"wp:featuredmedia":[{"embeddable":true,"href":"https:\/\/lignesauto.fr\/index.php?rest_route=\/wp\/v2\/media\/40618"}],"wp:attachment":[{"href":"https:\/\/lignesauto.fr\/index.php?rest_route=%2Fwp%2Fv2%2Fmedia&parent=40532"}],"wp:term":[{"taxonomy":"category","embeddable":true,"href":"https:\/\/lignesauto.fr\/index.php?rest_route=%2Fwp%2Fv2%2Fcategories&post=40532"},{"taxonomy":"post_tag","embeddable":true,"href":"https:\/\/lignesauto.fr\/index.php?rest_route=%2Fwp%2Fv2%2Ftags&post=40532"}],"curies":[{"name":"wp","href":"https:\/\/api.w.org\/{rel}","templated":true}]}}