{"id":4123,"date":"2018-09-11T14:46:04","date_gmt":"2018-09-11T12:46:04","guid":{"rendered":"http:\/\/lignesauto.fr\/?p=4123"},"modified":"2018-12-22T17:55:26","modified_gmt":"2018-12-22T16:55:26","slug":"urbanetic-quand-mercedes-sinspire-de-general-motors","status":"publish","type":"post","link":"https:\/\/lignesauto.fr\/?p=4123","title":{"rendered":"Urbanetic : quand Mercedes s&#8217;inspire de General Motors"},"content":{"rendered":"<p><img loading=\"lazy\" decoding=\"async\" class=\"alignnone size-medium wp-image-45\" src=\"http:\/\/lignesauto.fr\/wp-content\/uploads\/2018\/06\/LOGO-SEUL-300x76.png\" alt=\"\" width=\"300\" height=\"76\" srcset=\"https:\/\/lignesauto.fr\/wp-content\/uploads\/2018\/06\/LOGO-SEUL-300x76.png 300w, https:\/\/lignesauto.fr\/wp-content\/uploads\/2018\/06\/LOGO-SEUL-768x195.png 768w, https:\/\/lignesauto.fr\/wp-content\/uploads\/2018\/06\/LOGO-SEUL.png 1014w\" sizes=\"(max-width: 300px) 100vw, 300px\" \/><\/p>\n<p><img loading=\"lazy\" decoding=\"async\" class=\"wp-image-4124 size-large\" src=\"http:\/\/lignesauto.fr\/wp-content\/uploads\/2018\/09\/lignesmerco01-1024x693.jpg\" alt=\"\" width=\"1024\" height=\"693\" srcset=\"https:\/\/lignesauto.fr\/wp-content\/uploads\/2018\/09\/lignesmerco01-1024x693.jpg 1024w, https:\/\/lignesauto.fr\/wp-content\/uploads\/2018\/09\/lignesmerco01-300x203.jpg 300w, https:\/\/lignesauto.fr\/wp-content\/uploads\/2018\/09\/lignesmerco01-768x520.jpg 768w, https:\/\/lignesauto.fr\/wp-content\/uploads\/2018\/09\/lignesmerco01-370x251.jpg 370w, https:\/\/lignesauto.fr\/wp-content\/uploads\/2018\/09\/lignesmerco01-1040x704.jpg 1040w\" sizes=\"(max-width: 1024px) 100vw, 1024px\" \/><\/p>\n<p><span style=\"font-size: 16px;\">Le nouveau concept-car Vision Urbanetic r\u00e9pond aux questions de la mobilit\u00e9 urbaine future, comme beaucoup de projets aujourd\u2019hui\u2026\u00a0<\/span><span style=\"font-size: 16px;\">Il s\u2019agit ici de r\u00e9pondre de fa\u00e7on quelque peu diff\u00e9rente, m\u00eame si on va le voir, ces id\u00e9es ont maintes fois \u00e9t\u00e9 foul\u00e9es, notamment par\u2026 General Motors et&#8230; Mercedes !\u00a0<\/span><span style=\"font-size: 16px;\">Ce prototype d\u2019\u00e9tudes a \u00e9t\u00e9 con\u00e7u afin de mieux r\u00e9pondre \u00e0 une mobilit\u00e9 \u00e0 la demande, efficace, confortable et durable. Sa plateforme autonome peut \u00eatre install\u00e9e sous un module de transport de marchandises ou sous une capsule accueillant des passagers. Il est \u00e9videmment 100% \u00e9lectrique et s\u2019int\u00e8gre dans une infrastructure connect\u00e9e intelligente.<\/span><\/p>\n<p><img loading=\"lazy\" decoding=\"async\" class=\"alignnone wp-image-4128 size-large\" src=\"http:\/\/lignesauto.fr\/wp-content\/uploads\/2018\/09\/lignesmerco05-1024x536.jpg\" alt=\"\" width=\"1024\" height=\"536\" srcset=\"https:\/\/lignesauto.fr\/wp-content\/uploads\/2018\/09\/lignesmerco05-1024x536.jpg 1024w, https:\/\/lignesauto.fr\/wp-content\/uploads\/2018\/09\/lignesmerco05-300x157.jpg 300w, https:\/\/lignesauto.fr\/wp-content\/uploads\/2018\/09\/lignesmerco05-768x402.jpg 768w, https:\/\/lignesauto.fr\/wp-content\/uploads\/2018\/09\/lignesmerco05-370x193.jpg 370w, https:\/\/lignesauto.fr\/wp-content\/uploads\/2018\/09\/lignesmerco05-1040x544.jpg 1040w, https:\/\/lignesauto.fr\/wp-content\/uploads\/2018\/09\/lignesmerco05.jpg 2004w\" sizes=\"(max-width: 1024px) 100vw, 1024px\" \/><\/p>\n<p>M. Mornhinweg , directeur de Mercedes-Benz Vans\u00a0explique que <em>\u00ab notre projet adVANce lanc\u00e9 \u00e0 l\u2019\u00e9t\u00e9 2016 voici donc deux ans, a marqu\u00e9 le d\u00e9but de notre transformation, passant d&#8217;un simple fabricant de v\u00e9hicules \u00e0 un fournisseur de solutions globales. Nous poursuivons nos travaux \u00e0 travers des projets et des coop\u00e9rations r\u00e9ussis comme celui avec les op\u00e9rateurs de transport \u00e0 Berlin dans le secteur du covoiturage et, plus r\u00e9cemment, avec Amazon dans le secteur du v\u00e9hicule \u00e9lectrique. Nous avons d\u00e9velopp\u00e9 en parall\u00e8le des concepts novateurs comme notre Vision Van il y a deux ans. Nous voyons maintenant la mobilit\u00e9 comme un r\u00e9seau organique, efficace, qui maintient la ville en mouvement et facilite la qualit\u00e9 de vie. Notre concept Vision URBANETIC est un exemple de mise en \u0153uvre prospective de cette r\u00e9flexion.\u00a0\u00bb<\/em><\/p>\n<p><img loading=\"lazy\" decoding=\"async\" class=\"wp-image-4125 size-large\" src=\"http:\/\/lignesauto.fr\/wp-content\/uploads\/2018\/09\/lignesmerco02-1024x576.jpg\" alt=\"\" width=\"1024\" height=\"576\" srcset=\"https:\/\/lignesauto.fr\/wp-content\/uploads\/2018\/09\/lignesmerco02-1024x576.jpg 1024w, https:\/\/lignesauto.fr\/wp-content\/uploads\/2018\/09\/lignesmerco02-300x169.jpg 300w, https:\/\/lignesauto.fr\/wp-content\/uploads\/2018\/09\/lignesmerco02-768x432.jpg 768w, https:\/\/lignesauto.fr\/wp-content\/uploads\/2018\/09\/lignesmerco02-370x208.jpg 370w, https:\/\/lignesauto.fr\/wp-content\/uploads\/2018\/09\/lignesmerco02-1040x585.jpg 1040w, https:\/\/lignesauto.fr\/wp-content\/uploads\/2018\/09\/lignesmerco02.jpg 1920w\" sizes=\"(max-width: 1024px) 100vw, 1024px\" \/><\/p>\n<p><em style=\"font-size: 16px;\">\u00ab\u00a0La population mondiale augmente rapidement. Si les pr\u00e9visions des Nations Unies s&#8217;av\u00e8rent exactes, il y aura dix milliards de personnes sur Terre d&#8217;ici 2050. Selon les pr\u00e9visions, plus de 5,2 milliards de personnes vivront dans les villes d&#8217;ici 2030. Dans le m\u00eame temps, l\u2019OCDE estime que le trafic mondial de fret aura tripl\u00e9 d\u2019ici 2050. L\u2019infrastructure de trafic dans de nombreux endroits ne peut tout simplement pas cro\u00eetre dans les m\u00eames proportions. Sans compter que de nombreux centres-villes sont d\u00e9j\u00e0 consid\u00e9rablement surcharg\u00e9s.\u00a0\u00bb<\/em><\/p>\n<p><img loading=\"lazy\" decoding=\"async\" class=\"alignnone wp-image-4127 size-large\" src=\"http:\/\/lignesauto.fr\/wp-content\/uploads\/2018\/09\/lignesmerco04-1024x576.jpg\" alt=\"\" width=\"1024\" height=\"576\" srcset=\"https:\/\/lignesauto.fr\/wp-content\/uploads\/2018\/09\/lignesmerco04-1024x576.jpg 1024w, https:\/\/lignesauto.fr\/wp-content\/uploads\/2018\/09\/lignesmerco04-300x169.jpg 300w, https:\/\/lignesauto.fr\/wp-content\/uploads\/2018\/09\/lignesmerco04-768x432.jpg 768w, https:\/\/lignesauto.fr\/wp-content\/uploads\/2018\/09\/lignesmerco04-370x208.jpg 370w, https:\/\/lignesauto.fr\/wp-content\/uploads\/2018\/09\/lignesmerco04-1040x585.jpg 1040w, https:\/\/lignesauto.fr\/wp-content\/uploads\/2018\/09\/lignesmerco04.jpg 1920w\" sizes=\"(max-width: 1024px) 100vw, 1024px\" \/><\/p>\n<p><em>\u00ab\u00a0Pour jouer un r\u00f4le actif dans la formation de la mobilit\u00e9 de demain, nous devons penser de mani\u00e8re encore plus \u2018r\u00e9seau\u2019 et voir au-del\u00e0 de nos activit\u00e9s actuelles. Nous avons besoin de nouvelles id\u00e9es pour la mobilit\u00e9 future et avoir du courage de les mettre en \u0153uvre. C&#8217;est pourquoi le programme adVANce n&#8217;est pas un projet statique mais un processus dynamique.&#8221;<\/em><\/p>\n<p><img loading=\"lazy\" decoding=\"async\" class=\"wp-image-4131 size-large\" src=\"http:\/\/lignesauto.fr\/wp-content\/uploads\/2018\/09\/lignesmerco08-1024x724.jpg\" alt=\"\" width=\"1024\" height=\"724\" srcset=\"https:\/\/lignesauto.fr\/wp-content\/uploads\/2018\/09\/lignesmerco08-1024x724.jpg 1024w, https:\/\/lignesauto.fr\/wp-content\/uploads\/2018\/09\/lignesmerco08-300x212.jpg 300w, https:\/\/lignesauto.fr\/wp-content\/uploads\/2018\/09\/lignesmerco08-768x543.jpg 768w, https:\/\/lignesauto.fr\/wp-content\/uploads\/2018\/09\/lignesmerco08-370x262.jpg 370w, https:\/\/lignesauto.fr\/wp-content\/uploads\/2018\/09\/lignesmerco08-1040x735.jpg 1040w\" sizes=\"(max-width: 1024px) 100vw, 1024px\" \/><\/p>\n<p><em style=\"font-size: 16px;\">&#8220;Vision URBANETIC repr\u00e9sente non seulement des vans autonomes mais concerne aussi tous nos domaines d\u2019activit\u00e9s, car il r\u00e9unit de mani\u00e8re spectaculaire toutes nos innovations. Ce n&#8217;est pas juste un v\u00e9hicule autonome, il est \u00e9galement \u00e9lectrique et modulable. Ses \u2018capsules\u2019 interchangeables repr\u00e9sentent une solution mat\u00e9rielle innovante<br \/>\n<\/em><strong style=\"font-size: 16px;\">(non : voir ci-dessous)<\/strong><em style=\"font-size: 16px;\"> et sont enti\u00e8rement connect\u00e9s. Au-del\u00e0 de \u00e7a, c&#8217;est l&#8217;incarnation id\u00e9ale de la mobilit\u00e9 \u00e0 la demande.\u00a0\u00bb<\/em><\/p>\n<p>M\u00eame s&#8217;il est con\u00e7u avec les technologies et la connectivit\u00e9 d&#8217;aujourd&#8217;hui, ce programme ressemble bigrement \u00e0 deux anciens projets, l&#8217;un men\u00e9 en 2002 par General Motors avec AUTOnomy, l&#8217;autre avec Mercedes lui-m\u00eame avec le concept-car VRC de 1995 comme on le (re)d\u00e9couvre <strong>ci-dessous.<\/strong><\/p>\n<p><img loading=\"lazy\" decoding=\"async\" class=\"wp-image-4138 size-large\" src=\"http:\/\/lignesauto.fr\/wp-content\/uploads\/2018\/09\/lignesmerconew-1024x683.jpg\" alt=\"\" width=\"1024\" height=\"683\" srcset=\"https:\/\/lignesauto.fr\/wp-content\/uploads\/2018\/09\/lignesmerconew-1024x683.jpg 1024w, https:\/\/lignesauto.fr\/wp-content\/uploads\/2018\/09\/lignesmerconew-300x200.jpg 300w, https:\/\/lignesauto.fr\/wp-content\/uploads\/2018\/09\/lignesmerconew-768x512.jpg 768w, https:\/\/lignesauto.fr\/wp-content\/uploads\/2018\/09\/lignesmerconew-370x247.jpg 370w, https:\/\/lignesauto.fr\/wp-content\/uploads\/2018\/09\/lignesmerconew-1040x694.jpg 1040w, https:\/\/lignesauto.fr\/wp-content\/uploads\/2018\/09\/lignesmerconew.jpg 1240w\" sizes=\"(max-width: 1024px) 100vw, 1024px\" \/><\/p>\n<p>Le projet AUTOnomy de General Motors <strong>(ci-dessus)<\/strong> proposait lui aussi un ch\u00e2ssis d\u00e9nomm\u00e9 (comme Mercedes le fait avec Urbanetic !) le Skateboard dot\u00e9 de la motorisation \u00e9lectrique \u00e0 pile \u00e0 combustible (!!) sur lequel venait se greffer diff\u00e9rentes silhouettes qu&#8217;un camion venait installer ! <strong>(voir ci-dessous)<\/strong><\/p>\n<p><img loading=\"lazy\" decoding=\"async\" class=\"alignnone wp-image-4132 size-large\" src=\"http:\/\/lignesauto.fr\/wp-content\/uploads\/2018\/09\/lignesmerco09-1024x683.jpg\" alt=\"\" width=\"1024\" height=\"683\" srcset=\"https:\/\/lignesauto.fr\/wp-content\/uploads\/2018\/09\/lignesmerco09-1024x683.jpg 1024w, https:\/\/lignesauto.fr\/wp-content\/uploads\/2018\/09\/lignesmerco09-300x200.jpg 300w, https:\/\/lignesauto.fr\/wp-content\/uploads\/2018\/09\/lignesmerco09-768x512.jpg 768w, https:\/\/lignesauto.fr\/wp-content\/uploads\/2018\/09\/lignesmerco09-370x247.jpg 370w, https:\/\/lignesauto.fr\/wp-content\/uploads\/2018\/09\/lignesmerco09-1040x694.jpg 1040w, https:\/\/lignesauto.fr\/wp-content\/uploads\/2018\/09\/lignesmerco09.jpg 1240w\" sizes=\"(max-width: 1024px) 100vw, 1024px\" \/><\/p>\n<p>Quant \u00e0 Mercedes, le VRC de 1995 <strong>(ci-dessous)<\/strong> se concentrait principalement sur le concept de la voiture modulaire. Il s&#8217;agissait l\u00e0 encore d&#8217;implanter diff\u00e9rents modules sur un ch\u00e2ssis unique. Ces \u00e9tudes ont \u00e9t\u00e9 mises \u00e0 mal par la diminution des investissements de production industrielle \u00e0 l&#8217;aube des ann\u00e9es 2000. Produire diff\u00e9rentes silhouettes s&#8217;est alors av\u00e9r\u00e9 moins co\u00fbteux que de concevoir un ch\u00e2ssis et ses liaisons avec des modules ind\u00e9pendants. Un concept qui nuisait \u00e9galement \u00e0 la qualit\u00e9 du produit&#8230;<\/p>\n<p><img loading=\"lazy\" decoding=\"async\" class=\"alignnone wp-image-4135 size-large\" src=\"http:\/\/lignesauto.fr\/wp-content\/uploads\/2018\/09\/lignesmerco12-1024x1024.jpg\" alt=\"\" width=\"1024\" height=\"1024\" srcset=\"https:\/\/lignesauto.fr\/wp-content\/uploads\/2018\/09\/lignesmerco12-1024x1024.jpg 1024w, https:\/\/lignesauto.fr\/wp-content\/uploads\/2018\/09\/lignesmerco12-150x150.jpg 150w, https:\/\/lignesauto.fr\/wp-content\/uploads\/2018\/09\/lignesmerco12-300x300.jpg 300w, https:\/\/lignesauto.fr\/wp-content\/uploads\/2018\/09\/lignesmerco12-768x768.jpg 768w, https:\/\/lignesauto.fr\/wp-content\/uploads\/2018\/09\/lignesmerco12-370x370.jpg 370w, https:\/\/lignesauto.fr\/wp-content\/uploads\/2018\/09\/lignesmerco12-1040x1040.jpg 1040w, https:\/\/lignesauto.fr\/wp-content\/uploads\/2018\/09\/lignesmerco12.jpg 1809w\" sizes=\"(max-width: 1024px) 100vw, 1024px\" \/><\/p>\n<p><strong>Retrouvez ce th\u00e8me des &#8220;voitures modulables&#8221; et bien d&#8217;autres encore dans le livre \u00e0 para\u00eetre le 20 septembre : &#8220;1968 &#8211; 2018 : les 50 ans qui ont chang\u00e9 l&#8217;automobile&#8221;. Voir ici :\u00a0<a href=\"http:\/\/lignesauto.fr\/?p=3778\">http:\/\/lignesauto.fr\/?p=3778<\/a><\/strong><\/p>\n<p><img loading=\"lazy\" decoding=\"async\" class=\"wp-image-4143 size-large\" src=\"http:\/\/lignesauto.fr\/wp-content\/uploads\/2018\/09\/lignesmerconew1-1024x704.jpg\" alt=\"\" width=\"1024\" height=\"704\" srcset=\"https:\/\/lignesauto.fr\/wp-content\/uploads\/2018\/09\/lignesmerconew1-1024x704.jpg 1024w, https:\/\/lignesauto.fr\/wp-content\/uploads\/2018\/09\/lignesmerconew1-300x206.jpg 300w, https:\/\/lignesauto.fr\/wp-content\/uploads\/2018\/09\/lignesmerconew1-768x528.jpg 768w, https:\/\/lignesauto.fr\/wp-content\/uploads\/2018\/09\/lignesmerconew1-370x254.jpg 370w, https:\/\/lignesauto.fr\/wp-content\/uploads\/2018\/09\/lignesmerconew1-1040x715.jpg 1040w, https:\/\/lignesauto.fr\/wp-content\/uploads\/2018\/09\/lignesmerconew1.jpg 1240w\" sizes=\"(max-width: 1024px) 100vw, 1024px\" \/><\/p>\n","protected":false},"excerpt":{"rendered":"<p>Le nouveau concept-car Vision Urbanetic r\u00e9pond aux questions de la mobilit\u00e9 urbaine future, comme beaucoup de projets aujourd\u2019hui\u2026\u00a0Il s\u2019agit ici de r\u00e9pondre de fa\u00e7on quelque peu diff\u00e9rente, m\u00eame si on va le voir, ces id\u00e9es ont maintes fois \u00e9t\u00e9 foul\u00e9es, notamment par\u2026 General Motors et&#8230; Mercedes !\u00a0Ce prototype d\u2019\u00e9tudes a [&hellip;]<\/p>\n","protected":false},"author":1,"featured_media":4128,"comment_status":"open","ping_status":"open","sticky":false,"template":"","format":"standard","meta":{"footnotes":""},"categories":[1],"tags":[],"_links":{"self":[{"href":"https:\/\/lignesauto.fr\/index.php?rest_route=\/wp\/v2\/posts\/4123"}],"collection":[{"href":"https:\/\/lignesauto.fr\/index.php?rest_route=\/wp\/v2\/posts"}],"about":[{"href":"https:\/\/lignesauto.fr\/index.php?rest_route=\/wp\/v2\/types\/post"}],"author":[{"embeddable":true,"href":"https:\/\/lignesauto.fr\/index.php?rest_route=\/wp\/v2\/users\/1"}],"replies":[{"embeddable":true,"href":"https:\/\/lignesauto.fr\/index.php?rest_route=%2Fwp%2Fv2%2Fcomments&post=4123"}],"version-history":[{"count":8,"href":"https:\/\/lignesauto.fr\/index.php?rest_route=\/wp\/v2\/posts\/4123\/revisions"}],"predecessor-version":[{"id":4146,"href":"https:\/\/lignesauto.fr\/index.php?rest_route=\/wp\/v2\/posts\/4123\/revisions\/4146"}],"wp:featuredmedia":[{"embeddable":true,"href":"https:\/\/lignesauto.fr\/index.php?rest_route=\/wp\/v2\/media\/4128"}],"wp:attachment":[{"href":"https:\/\/lignesauto.fr\/index.php?rest_route=%2Fwp%2Fv2%2Fmedia&parent=4123"}],"wp:term":[{"taxonomy":"category","embeddable":true,"href":"https:\/\/lignesauto.fr\/index.php?rest_route=%2Fwp%2Fv2%2Fcategories&post=4123"},{"taxonomy":"post_tag","embeddable":true,"href":"https:\/\/lignesauto.fr\/index.php?rest_route=%2Fwp%2Fv2%2Ftags&post=4123"}],"curies":[{"name":"wp","href":"https:\/\/api.w.org\/{rel}","templated":true}]}}