{"id":41373,"date":"2025-07-07T10:45:21","date_gmt":"2025-07-07T08:45:21","guid":{"rendered":"https:\/\/lignesauto.fr\/?p=41373"},"modified":"2025-07-07T10:48:28","modified_gmt":"2025-07-07T08:48:28","slug":"opel-pensait-a-un-petit-cabriolet-dix-ans-avant-la-peugeot-206-cc","status":"publish","type":"post","link":"https:\/\/lignesauto.fr\/?p=41373","title":{"rendered":"Opel pensait \u00e0 un petit cabriolet, dix ans avant la Peugeot 206 CC"},"content":{"rendered":"<div class=\"wp-block-image\">\n<figure class=\"aligncenter size-full is-resized\"><img loading=\"lazy\" decoding=\"async\" width=\"1024\" height=\"288\" src=\"http:\/\/lignesauto.fr\/wp-content\/uploads\/2025\/04\/image.png\" alt=\"\" class=\"wp-image-39709\" style=\"width:490px;height:auto\" srcset=\"https:\/\/lignesauto.fr\/wp-content\/uploads\/2025\/04\/image.png 1024w, https:\/\/lignesauto.fr\/wp-content\/uploads\/2025\/04\/image-300x84.png 300w, https:\/\/lignesauto.fr\/wp-content\/uploads\/2025\/04\/image-768x216.png 768w\" sizes=\"(max-width: 1024px) 100vw, 1024px\" \/><\/figure><\/div>\n\n\n<p style=\"font-size:17px\">LIGNES\/auto vous accompagne tout au long de vos cong\u00e9s pour \u00e9voquer le futur en ne n\u00e9gligeant pas le pass\u00e9. Pourtant, on ne refait pas l\u2019histoire. On peut cependant la raconter sans les traditionnels \u00ab&nbsp;et si&#8230;&nbsp;\u00bb, trop simplistes. Et apporter des documents in\u00e9dits en la recontextualisant. Aujourd\u2019hui, on fouille dans les archives in\u00e9dites pour vous replonger au basculement des d\u00e9cennies 1980-1990 chez Opel, avec un projet in\u00e9dit.<\/p>\n\n\n\n<figure class=\"wp-block-image size-large\"><img loading=\"lazy\" decoding=\"async\" width=\"1024\" height=\"452\" src=\"https:\/\/lignesauto.fr\/wp-content\/uploads\/2025\/07\/OPEL_03-1024x452.jpg\" alt=\"\" class=\"wp-image-41379\" srcset=\"https:\/\/lignesauto.fr\/wp-content\/uploads\/2025\/07\/OPEL_03-1024x452.jpg 1024w, https:\/\/lignesauto.fr\/wp-content\/uploads\/2025\/07\/OPEL_03-300x132.jpg 300w, https:\/\/lignesauto.fr\/wp-content\/uploads\/2025\/07\/OPEL_03-768x339.jpg 768w, https:\/\/lignesauto.fr\/wp-content\/uploads\/2025\/07\/OPEL_03.jpg 1417w\" sizes=\"(max-width: 1024px) 100vw, 1024px\" \/><figcaption class=\"wp-element-caption\">Dessin de style du programme de l&#8217;Opel Vectra n\u00e9e en 1988. Document \u00a9 Car design Archives<\/figcaption><\/figure>\n\n\n\n<p style=\"font-size:17px\">A la fin des ann\u00e9es 1980, le constructeur Allemand est en pleine expansion avec sa berline Vectra n\u00e9e en 1988 (ci-dessus \u00e0 l\u2019\u00e9tat de croquis, archives CDA), et m\u00eame si la nouvelle Peugeot 405 lui a grill\u00e9 la politesse pour l\u2019obtention du prix de la Voiture de l&#8217;Ann\u00e9e 1989, la Vectra est bien accueillie par une client\u00e8le encore adepte de la berline de milieu de gamme. La Vectra est par ailleurs l\u2019une des premi\u00e8res berlines \u00e0 permettre d\u2019opter pour une petite motorisation avec un \u00e9quipement riche&nbsp;! Elle est disponible en deux variantes de carrosserie&nbsp;: 4 et 5 portes (ci-dessous).<\/p>\n\n\n\n<figure class=\"wp-block-image size-large\"><img loading=\"lazy\" decoding=\"async\" width=\"1024\" height=\"717\" src=\"https:\/\/lignesauto.fr\/wp-content\/uploads\/2025\/07\/OPEL_04-1024x717.png\" alt=\"\" class=\"wp-image-41380\" srcset=\"https:\/\/lignesauto.fr\/wp-content\/uploads\/2025\/07\/OPEL_04-1024x717.png 1024w, https:\/\/lignesauto.fr\/wp-content\/uploads\/2025\/07\/OPEL_04-300x210.png 300w, https:\/\/lignesauto.fr\/wp-content\/uploads\/2025\/07\/OPEL_04-768x538.png 768w, https:\/\/lignesauto.fr\/wp-content\/uploads\/2025\/07\/OPEL_04.png 1417w\" sizes=\"(max-width: 1024px) 100vw, 1024px\" \/><\/figure>\n\n\n\n<p style=\"font-size:17px\">Un an plus tard, sur la plateforme de la Vectra, Opel lance un beau coup\u00e9 4 places deux portes, au design incisif et aux optiques toutes fines&nbsp;: la Calibra (ci-dessous) succ\u00e8de dans l\u2019esprit \u00e0 la Manta, mais avec une architecture traction. Quant \u00e0 ses optiques fines, elles marqueront l\u2019\u00e9poque puisque la Citro\u00ebn XM qui naitra la m\u00eame ann\u00e9e (1989) en sera \u00e9galement dot\u00e9e. La Calibra est alors produite dans l&#8217;usine de R\u00fcsselsheim situ\u00e9e pr\u00e8s du si\u00e8ge social d&#8217;Opel. Un symbole.<\/p>\n\n\n\n<figure class=\"wp-block-image size-large\"><img loading=\"lazy\" decoding=\"async\" width=\"1024\" height=\"717\" src=\"https:\/\/lignesauto.fr\/wp-content\/uploads\/2025\/07\/OPEL_CALIBRA-1024x717.jpg\" alt=\"\" class=\"wp-image-41381\" srcset=\"https:\/\/lignesauto.fr\/wp-content\/uploads\/2025\/07\/OPEL_CALIBRA-1024x717.jpg 1024w, https:\/\/lignesauto.fr\/wp-content\/uploads\/2025\/07\/OPEL_CALIBRA-300x210.jpg 300w, https:\/\/lignesauto.fr\/wp-content\/uploads\/2025\/07\/OPEL_CALIBRA-768x538.jpg 768w, https:\/\/lignesauto.fr\/wp-content\/uploads\/2025\/07\/OPEL_CALIBRA.jpg 1417w\" sizes=\"(max-width: 1024px) 100vw, 1024px\" \/><\/figure>\n\n\n\n<p style=\"font-size:17px\">Dans le catalogue Opel, les Vectra et Calibra ne devront pas attendre longtemps pour pour accueillir en 1991 leur nouvelle petite s\u0153ur Astra. Cette derni\u00e8re remplace la Kadett E, n\u00e9e en 1984, elle-m\u00eame successeur de la Kadett D de 1977 qui fut la premi\u00e8re traction d\u2019Opel. Et tout en bas de l\u2019offre Opel, la petite Corsa n\u00e9e en 1982 (ci-dessous) sera renouvel\u00e9e en 1993, deux ans apr\u00e8s l&#8217;arriv\u00e9e de l&#8217;Astra. Ainsi, en moins de six ans, de 1988 \u00e0 1993, toute la gamme Opel est renouvel\u00e9e. Voil\u00e0 pour le contexte&#8230;<\/p>\n\n\n\n<figure class=\"wp-block-image size-large\"><img loading=\"lazy\" decoding=\"async\" width=\"773\" height=\"1024\" src=\"https:\/\/lignesauto.fr\/wp-content\/uploads\/2025\/07\/OPEL_CORSA-773x1024.png\" alt=\"\" class=\"wp-image-41383\" srcset=\"https:\/\/lignesauto.fr\/wp-content\/uploads\/2025\/07\/OPEL_CORSA-773x1024.png 773w, https:\/\/lignesauto.fr\/wp-content\/uploads\/2025\/07\/OPEL_CORSA-226x300.png 226w, https:\/\/lignesauto.fr\/wp-content\/uploads\/2025\/07\/OPEL_CORSA-768x1017.png 768w, https:\/\/lignesauto.fr\/wp-content\/uploads\/2025\/07\/OPEL_CORSA-1160x1536.png 1160w, https:\/\/lignesauto.fr\/wp-content\/uploads\/2025\/07\/OPEL_CORSA.png 1417w\" sizes=\"(max-width: 773px) 100vw, 773px\" \/><\/figure>\n\n\n\n<p style=\"font-size:17px\">En coulisses, les ambitions du constructeur sont alors bien plus grandes encore puisqu\u2019au moment o\u00f9 le coup\u00e9 Calibra arrive sur le march\u00e9, le projet d\u2019une \u00ab\u00a0petite-Calibra\u00a0\u00bb est lanc\u00e9. Il s\u2019agit d\u2019un <em>speedster<\/em> strict deux places qui doit b\u00e9n\u00e9ficier de la plateforme de la future Astra de 1991. <strong>C\u2019est du moins ce qu\u2019il \u00e9merge de la photo de profil d\u00e9voil\u00e9e aujourd\u2019hui (ci-dessous) avec un empattement gigantesque au vu des seules deux places uniques propos\u00e9es\u00a0!<\/strong><\/p>\n\n\n\n<figure class=\"wp-block-image size-large\"><img loading=\"lazy\" decoding=\"async\" width=\"1024\" height=\"598\" src=\"https:\/\/lignesauto.fr\/wp-content\/uploads\/2025\/07\/INEDIT_01-1024x598.png\" alt=\"\" class=\"wp-image-41401\" srcset=\"https:\/\/lignesauto.fr\/wp-content\/uploads\/2025\/07\/INEDIT_01-1024x598.png 1024w, https:\/\/lignesauto.fr\/wp-content\/uploads\/2025\/07\/INEDIT_01-300x175.png 300w, https:\/\/lignesauto.fr\/wp-content\/uploads\/2025\/07\/INEDIT_01-768x448.png 768w, https:\/\/lignesauto.fr\/wp-content\/uploads\/2025\/07\/INEDIT_01.png 1417w\" sizes=\"(max-width: 1024px) 100vw, 1024px\" \/><\/figure>\n\n\n\n<p style=\"font-size:17px\">Le design du projet publi\u00e9 ici est issu du consultant Bertone, comme on le devine avec le studio de style italien et sa toiture caract\u00e9ristique en arri\u00e8re-plan. Soyons honn\u00eate&nbsp;: s\u2019il n\u2019y avait pas le petit logo sur le capot et les jantes, il aurait \u00e9t\u00e9 difficile d\u2019identifier la marque&nbsp;! Le seul apport de ce dessin pour la s\u00e9rie se trouve peut-\u00eatre dans l\u2019implantation des r\u00e9troviseurs qui inspirera sans doute les designers d&#8217;Opel lors de l\u2019\u00e9tude de la deuxi\u00e8me g\u00e9n\u00e9ration de Vectra. L&#8217;ensemble, avec son long capot et son grand empattement, manque un peu d&#8217;harmonie dans les proportions.<\/p>\n\n\n\n<figure class=\"wp-block-image size-large\"><img loading=\"lazy\" decoding=\"async\" width=\"1024\" height=\"697\" src=\"https:\/\/lignesauto.fr\/wp-content\/uploads\/2025\/07\/INEDIT_02-1024x697.png\" alt=\"\" class=\"wp-image-41403\" srcset=\"https:\/\/lignesauto.fr\/wp-content\/uploads\/2025\/07\/INEDIT_02-1024x697.png 1024w, https:\/\/lignesauto.fr\/wp-content\/uploads\/2025\/07\/INEDIT_02-300x204.png 300w, https:\/\/lignesauto.fr\/wp-content\/uploads\/2025\/07\/INEDIT_02-768x523.png 768w, https:\/\/lignesauto.fr\/wp-content\/uploads\/2025\/07\/INEDIT_02.png 1417w\" sizes=\"(max-width: 1024px) 100vw, 1024px\" \/><\/figure>\n\n\n\n<p style=\"font-size:17px\">Pour le reste, il nous faut pr\u00e9ciser que cette maquette Bertone ci-dessus est issue des travaux de Marc Deschamps, alors responsable du design de la <em>carrozzeria<\/em> italienne. En plus du <em>speedster<\/em> Opel, le designer fran\u00e7ais signe cette ann\u00e9e 1990 le dessin du concept-car Chevrolet Nivola (ci-dessous) et \u00e9galement une maquette en pl\u00e2tre pour le projet de la renaissance de la marque Bugatti.<\/p>\n\n\n\n<figure class=\"wp-block-image size-large\"><img loading=\"lazy\" decoding=\"async\" width=\"915\" height=\"1024\" src=\"https:\/\/lignesauto.fr\/wp-content\/uploads\/2025\/07\/BERTONE-NIVOLA-915x1024.png\" alt=\"\" class=\"wp-image-41397\" srcset=\"https:\/\/lignesauto.fr\/wp-content\/uploads\/2025\/07\/BERTONE-NIVOLA-915x1024.png 915w, https:\/\/lignesauto.fr\/wp-content\/uploads\/2025\/07\/BERTONE-NIVOLA-268x300.png 268w, https:\/\/lignesauto.fr\/wp-content\/uploads\/2025\/07\/BERTONE-NIVOLA-768x859.png 768w, https:\/\/lignesauto.fr\/wp-content\/uploads\/2025\/07\/BERTONE-NIVOLA-1373x1536.png 1373w, https:\/\/lignesauto.fr\/wp-content\/uploads\/2025\/07\/BERTONE-NIVOLA.png 1417w\" sizes=\"(max-width: 915px) 100vw, 915px\" \/><\/figure>\n\n\n\n<p style=\"font-size:17px\">Pourquoi la marque Opel s&#8217;est-elle mis en t\u00eate de d\u00e9velopper ce petit <em>speedster<\/em> biplace ? Il ne faut pas oublier que le march\u00e9 venait d&#8217;accueillir en 1989 l&#8217;extraordinaire roadster Mazda Miata. Le projet de cette \u00ab\u00a0mini-Calibra\u00a0\u00bb ne conna\u00eetra h\u00e9las pas la m\u00eame r\u00e9ussite que la japonaise puisqu&#8217;il n\u2019a pas vu le jour. Dommage, cette Opel avait dix ans d\u2019avance sur le coup\u00e9-cabriolet Peugeot 206 CC commercialis\u00e9 en 2000. Cette derni\u00e8re b\u00e9n\u00e9ficiait cependant du toit rigide escamotable brevet\u00e9 par Heuliez, alors que l\u2019Opel devait \u00e0 priori se contenter d\u2019un toit en toile&#8230;<\/p>\n\n\n\n<figure class=\"wp-block-image size-large\"><img loading=\"lazy\" decoding=\"async\" width=\"1024\" height=\"717\" src=\"https:\/\/lignesauto.fr\/wp-content\/uploads\/2025\/07\/OPELTIGRA-1024x717.jpg\" alt=\"\" class=\"wp-image-41389\" srcset=\"https:\/\/lignesauto.fr\/wp-content\/uploads\/2025\/07\/OPELTIGRA-1024x717.jpg 1024w, https:\/\/lignesauto.fr\/wp-content\/uploads\/2025\/07\/OPELTIGRA-300x210.jpg 300w, https:\/\/lignesauto.fr\/wp-content\/uploads\/2025\/07\/OPELTIGRA-768x538.jpg 768w, https:\/\/lignesauto.fr\/wp-content\/uploads\/2025\/07\/OPELTIGRA.jpg 1417w\" sizes=\"(max-width: 1024px) 100vw, 1024px\" \/><\/figure>\n\n\n\n<p style=\"font-size:17px\">Ce sera donc finalement la petite Opel Tigra ci-dessus qui d\u00e9barquera sur le march\u00e9 des petits coup\u00e9s en 1993, bien plus raisonnable que le spider biplace dessin\u00e9 chez Bertone. Mais la Tigra ne pourra pas aller concurrencer le charme de la Peugeot 206 CC. Il faudra attendre 2004 pour cela, avec l&#8217;arriv\u00e9e de la Tigra Twin-Top ci-dessous dot\u00e9e d&#8217;un toit r\u00e9tractable. C\u2019est Heuliez qui produisit ce d\u00e9couvrable Opel de 2004 \u00e0 2009, avec une fabrication qui n\u2019atteindra h\u00e9las jamais les objectifs, causant en partie la chute du carrossier fran\u00e7ais. Ironie de l\u2019histoire, c\u2019est chez Heuliez que fut con\u00e7u et produit le toit r\u00e9tractable assembl\u00e9 sur la Peugeot 206 CC produite \u00e0 plus de 370 000 exemplaires. L&#8217;histoire est parfois cruelle\u2026<\/p>\n\n\n\n<figure class=\"wp-block-image size-large\"><img loading=\"lazy\" decoding=\"async\" width=\"1024\" height=\"576\" src=\"https:\/\/lignesauto.fr\/wp-content\/uploads\/2025\/07\/OPEL_TWIN-TOP-1024x576.jpg\" alt=\"\" class=\"wp-image-41391\" srcset=\"https:\/\/lignesauto.fr\/wp-content\/uploads\/2025\/07\/OPEL_TWIN-TOP-1024x576.jpg 1024w, https:\/\/lignesauto.fr\/wp-content\/uploads\/2025\/07\/OPEL_TWIN-TOP-300x169.jpg 300w, https:\/\/lignesauto.fr\/wp-content\/uploads\/2025\/07\/OPEL_TWIN-TOP-768x432.jpg 768w, https:\/\/lignesauto.fr\/wp-content\/uploads\/2025\/07\/OPEL_TWIN-TOP.jpg 1417w\" sizes=\"(max-width: 1024px) 100vw, 1024px\" \/><\/figure>\n\n\n<div class=\"wp-block-image\">\n<figure class=\"aligncenter size-full is-resized\"><img loading=\"lazy\" decoding=\"async\" width=\"1024\" height=\"288\" src=\"http:\/\/lignesauto.fr\/wp-content\/uploads\/2025\/04\/image.png\" alt=\"\" class=\"wp-image-39709\" style=\"width:490px;height:auto\" srcset=\"https:\/\/lignesauto.fr\/wp-content\/uploads\/2025\/04\/image.png 1024w, https:\/\/lignesauto.fr\/wp-content\/uploads\/2025\/04\/image-300x84.png 300w, https:\/\/lignesauto.fr\/wp-content\/uploads\/2025\/04\/image-768x216.png 768w\" sizes=\"(max-width: 1024px) 100vw, 1024px\" \/><\/figure><\/div>","protected":false},"excerpt":{"rendered":"<p>LIGNES\/auto vous accompagne tout au long de vos cong\u00e9s pour \u00e9voquer le futur en ne n\u00e9gligeant pas le pass\u00e9. Pourtant, on ne refait pas l\u2019histoire. On peut cependant la raconter sans les traditionnels \u00ab&nbsp;et si&#8230;&nbsp;\u00bb, trop simplistes. Et apporter des documents in\u00e9dits en la recontextualisant. Aujourd\u2019hui, on fouille dans les [&hellip;]<\/p>\n","protected":false},"author":1,"featured_media":41387,"comment_status":"closed","ping_status":"closed","sticky":false,"template":"","format":"standard","meta":{"footnotes":""},"categories":[1],"tags":[],"_links":{"self":[{"href":"https:\/\/lignesauto.fr\/index.php?rest_route=\/wp\/v2\/posts\/41373"}],"collection":[{"href":"https:\/\/lignesauto.fr\/index.php?rest_route=\/wp\/v2\/posts"}],"about":[{"href":"https:\/\/lignesauto.fr\/index.php?rest_route=\/wp\/v2\/types\/post"}],"author":[{"embeddable":true,"href":"https:\/\/lignesauto.fr\/index.php?rest_route=\/wp\/v2\/users\/1"}],"replies":[{"embeddable":true,"href":"https:\/\/lignesauto.fr\/index.php?rest_route=%2Fwp%2Fv2%2Fcomments&post=41373"}],"version-history":[{"count":47,"href":"https:\/\/lignesauto.fr\/index.php?rest_route=\/wp\/v2\/posts\/41373\/revisions"}],"predecessor-version":[{"id":41447,"href":"https:\/\/lignesauto.fr\/index.php?rest_route=\/wp\/v2\/posts\/41373\/revisions\/41447"}],"wp:featuredmedia":[{"embeddable":true,"href":"https:\/\/lignesauto.fr\/index.php?rest_route=\/wp\/v2\/media\/41387"}],"wp:attachment":[{"href":"https:\/\/lignesauto.fr\/index.php?rest_route=%2Fwp%2Fv2%2Fmedia&parent=41373"}],"wp:term":[{"taxonomy":"category","embeddable":true,"href":"https:\/\/lignesauto.fr\/index.php?rest_route=%2Fwp%2Fv2%2Fcategories&post=41373"},{"taxonomy":"post_tag","embeddable":true,"href":"https:\/\/lignesauto.fr\/index.php?rest_route=%2Fwp%2Fv2%2Ftags&post=41373"}],"curies":[{"name":"wp","href":"https:\/\/api.w.org\/{rel}","templated":true}]}}