{"id":41823,"date":"2025-07-28T08:12:27","date_gmt":"2025-07-28T06:12:27","guid":{"rendered":"https:\/\/lignesauto.fr\/?p=41823"},"modified":"2025-07-28T08:35:01","modified_gmt":"2025-07-28T06:35:01","slug":"lettre-a-gilles-vidal","status":"publish","type":"post","link":"https:\/\/lignesauto.fr\/?p=41823","title":{"rendered":"Lettre \u00e0 Gilles Vidal"},"content":{"rendered":"\n<figure class=\"wp-block-image size-large\"><img loading=\"lazy\" decoding=\"async\" width=\"1024\" height=\"650\" src=\"https:\/\/lignesauto.fr\/wp-content\/uploads\/2025\/07\/VIDAL_30-2-1024x650.png\" alt=\"\" class=\"wp-image-41829\" srcset=\"https:\/\/lignesauto.fr\/wp-content\/uploads\/2025\/07\/VIDAL_30-2-1024x650.png 1024w, https:\/\/lignesauto.fr\/wp-content\/uploads\/2025\/07\/VIDAL_30-2-300x191.png 300w, https:\/\/lignesauto.fr\/wp-content\/uploads\/2025\/07\/VIDAL_30-2-768x488.png 768w, https:\/\/lignesauto.fr\/wp-content\/uploads\/2025\/07\/VIDAL_30-2.png 1417w\" sizes=\"(max-width: 1024px) 100vw, 1024px\" \/><\/figure>\n\n\n\n<p style=\"font-size:17px\"><strong>Dans le <em>bushido<\/em> qui dicte les bases de l\u2019honneur du Samoura\u00ef, il est une phrase qu\u2019il faut retenir&nbsp;: \u00ab <em>sers-toi de ton ennemi pour vaincre, et tu seras puissant<\/em>&nbsp;\u00bb. Gilles Vidal s\u2019est-il servi de Renault pour vaincre et retrouver Stellantis en devenant plus puissant&nbsp;?<\/strong><\/p>\n\n\n<div class=\"wp-block-image\">\n<figure class=\"aligncenter size-full is-resized\"><img loading=\"lazy\" decoding=\"async\" width=\"1024\" height=\"288\" src=\"http:\/\/lignesauto.fr\/wp-content\/uploads\/2025\/01\/image.png\" alt=\"\" class=\"wp-image-38287\" style=\"width:408px;height:auto\" srcset=\"https:\/\/lignesauto.fr\/wp-content\/uploads\/2025\/01\/image.png 1024w, https:\/\/lignesauto.fr\/wp-content\/uploads\/2025\/01\/image-300x84.png 300w, https:\/\/lignesauto.fr\/wp-content\/uploads\/2025\/01\/image-768x216.png 768w\" sizes=\"(max-width: 1024px) 100vw, 1024px\" \/><\/figure><\/div>\n\n\n<p style=\"font-size:17px\">&#8220;Bonjour Gilles. Tout d\u2019abord, j\u2019esp\u00e8re que tu m\u2019autorises \u00e0 te tutoyer comme&nbsp;lors de nos nombreuses interviewes. L\u2019annonce de ton retour dans la maison Stellantis m\u2019a replong\u00e9 dans des souvenirs pas forc\u00e9ment r\u00e9jouissants pour nous tous. Flashback : nous sommes en 2020, en pleine pand\u00e9mie du Covid, et tu prends alors une d\u00e9cision lourde de cons\u00e9quence pour ta carri\u00e8re&nbsp;: quitter la direction du design Peugeot et le groupe PSA apr\u00e8s 24 ans de fid\u00e9lit\u00e9, pour rejoindre l\u2019ennemi Renault. \u00c0 propos de ce long voyage effectu\u00e9 chez PSA, tu me disais que \u00ab&nbsp;<em>c\u2019est un long mariage, oui, il y a des designers qui ont plus la bougeotte que moi, c\u2019est s\u00fbr&nbsp;!<\/em>&nbsp;\u00bb Enfin, c\u2019\u00e9tait s\u00fbr jusqu\u2019\u00e0 ce 25 juillet 2025&#8230;.<\/p>\n\n\n\n<figure class=\"wp-block-image size-large\"><img loading=\"lazy\" decoding=\"async\" width=\"1024\" height=\"681\" src=\"https:\/\/lignesauto.fr\/wp-content\/uploads\/2025\/07\/VIDAL_108-1024x681.jpg\" alt=\"\" class=\"wp-image-41845\" srcset=\"https:\/\/lignesauto.fr\/wp-content\/uploads\/2025\/07\/VIDAL_108-1024x681.jpg 1024w, https:\/\/lignesauto.fr\/wp-content\/uploads\/2025\/07\/VIDAL_108-300x200.jpg 300w, https:\/\/lignesauto.fr\/wp-content\/uploads\/2025\/07\/VIDAL_108-768x511.jpg 768w, https:\/\/lignesauto.fr\/wp-content\/uploads\/2025\/07\/VIDAL_108.jpg 1417w\" sizes=\"(max-width: 1024px) 100vw, 1024px\" \/><figcaption class=\"wp-element-caption\">Te voil\u00e0 aux c\u00f4t\u00e9s du ma\u00eetre Plou\u00e9, \u00e0 gauche. 2010, il te nomme patron du design Peugeot et le splendide manifeste SR1 est sur les rails !<\/figcaption><\/figure>\n\n\n\n<p style=\"font-size:17px\">Quand tu quittes Peugeot en 2020 pour Renault, c\u2019est pour effectuer le m\u00eame job&nbsp;de directeur de design marque. Tu es tellement hardi que tu m\u2019as confi\u00e9 ne pas avoir la boule au ventre au moment d\u2019annoncer \u00e7a \u00e0 ton pote Jean-Pierre Plou\u00e9, ton sup\u00e9rieur direct au niveau du design&#8230; Tu disais simplement que \u00ab&nbsp;<em>ce sont des moments \u00e9tranges. On est proche avec Jean-Pierre, ce n\u2019est pas juste une relation professionnelle. C\u2019est comme avec l\u2019\u00e9quipe, avec Matthias Hossann \u2013 <\/em>qui te remplace \u00e0 la t\u00eate du design Peugeot <em>&#8211; nous sommes des amis en dehors du travail. Alors oui, c\u2019est un peu \u00e9trange mais \u00e7a c\u2019est tr\u00e8s bien pass\u00e9 parce que Jean-Pierre lui-m\u00eame a chang\u00e9 plusieurs fois de constructeurs dans sa carri\u00e8re&#8230;<\/em>&nbsp;\u00bb Et d\u2019ailleurs, n\u2019oublions pas que tu es arriv\u00e9 dans le groupe PSA Peugeot Citro\u00ebn en 1996, pr\u00e8s de quatre ans avant que Jean-Pierre Plou\u00e9 n\u2019en franchisse les portes&#8230; Tu n\u2019as donc pas tu\u00e9 le p\u00e8re. Ouf !<\/p>\n\n\n\n<figure class=\"wp-block-image size-large\"><img loading=\"lazy\" decoding=\"async\" width=\"1024\" height=\"589\" src=\"https:\/\/lignesauto.fr\/wp-content\/uploads\/2025\/07\/VIDAL_19-1024x589.jpg\" alt=\"\" class=\"wp-image-41846\" srcset=\"https:\/\/lignesauto.fr\/wp-content\/uploads\/2025\/07\/VIDAL_19-1024x589.jpg 1024w, https:\/\/lignesauto.fr\/wp-content\/uploads\/2025\/07\/VIDAL_19-300x173.jpg 300w, https:\/\/lignesauto.fr\/wp-content\/uploads\/2025\/07\/VIDAL_19-768x442.jpg 768w, https:\/\/lignesauto.fr\/wp-content\/uploads\/2025\/07\/VIDAL_19.jpg 1417w\" sizes=\"(max-width: 1024px) 100vw, 1024px\" \/><figcaption class=\"wp-element-caption\">Jolie ex\u00e9cution graphique sign\u00e9e de ton nom de la Citro\u00ebn C4 de l&#8217;\u00e8re Plou\u00e9. Tu es encore chez ce constructeur \u00e0 cette \u00e9poque&#8230;<\/figcaption><\/figure>\n\n\n\n<p style=\"font-size:17px\">Mais tout ceci est de l\u2019histoire ancienne d\u00e9sormais&nbsp;! Alors un premier mot suite \u00e0 ton retour chez Stellantis&nbsp;: f\u00e9licitations, avec un \u00ab S&nbsp;\u00bb car ton nouveau poste, ce n\u2019est quand m\u00eame pas rien&nbsp;! Ce n\u2019est plus \u00eatre designer, ce n\u2019est plus \u00eatre manager d\u2019une \u00e9quipe de designers, ce n\u2019est plus \u00eatre directeur de design d\u2019une marque, mais il s\u2019agit de chapeauter les diff\u00e9rentes directions de design des marques de Stellantis Europe, et d\u2019en assurer la bonne strat\u00e9gie pour chacune d&#8217;entre elles et leur bonne cohabitation. Vertigineux&nbsp;! En revenant chez Stellantis, tu prends n\u00e9anmoins le poste de ton pote Jean-Pierre Plou\u00e9, ci-dessous avec la maquette du concept-car Legend. \u00c9tait-ce ton objectif&nbsp;initial ?<\/p>\n\n\n\n<figure class=\"wp-block-image size-large\"><img loading=\"lazy\" decoding=\"async\" width=\"1024\" height=\"545\" src=\"https:\/\/lignesauto.fr\/wp-content\/uploads\/2025\/07\/VIDAL_06-1024x545.jpg\" alt=\"\" class=\"wp-image-41850\" srcset=\"https:\/\/lignesauto.fr\/wp-content\/uploads\/2025\/07\/VIDAL_06-1024x545.jpg 1024w, https:\/\/lignesauto.fr\/wp-content\/uploads\/2025\/07\/VIDAL_06-300x160.jpg 300w, https:\/\/lignesauto.fr\/wp-content\/uploads\/2025\/07\/VIDAL_06-768x409.jpg 768w, https:\/\/lignesauto.fr\/wp-content\/uploads\/2025\/07\/VIDAL_06.jpg 1417w\" sizes=\"(max-width: 1024px) 100vw, 1024px\" \/><\/figure>\n\n\n\n<p style=\"font-size:17px\">Vu de l&#8217;ext\u00e9rieur, il n&#8217;y avait rien d&#8217;illogique \u00e0 cela&#8230; M\u00eame si tu me disais en 2020 que <em>\u00ab je ne cours pas forc\u00e9ment apr\u00e8s le \u2018biger job\u2019. Ce qui m\u2019int\u00e9resse dans ce changement (<\/em>de Peugeot vers Renault \u00e0 l\u2019\u00e9poque<em>) c\u2019est l\u2019int\u00e9r\u00eat de la mission telle qu\u2019elle est. Et c\u2019est d\u00e9j\u00e0 passionnant. Je ne cherche pas \u00e0 tout prix \u00e0 monter encore plus haut, ce n\u2019est pas une fin en soi.<\/em>&nbsp;\u00bb Une fin en soi &#8211; elle a fini par arriver &#8211;&nbsp;qui est un sacr\u00e9 commencement pour une belle suite de carri\u00e8re. Et il est vrai aussi que Jean-Pierre Plou\u00e9 n\u2019avait pas de raison de te laisser sa place il y a cinq ans. C\u2019est comme un combat, il faut aller chercher la victoire. Est-ce pour aller plus vite que tu as choisi de l\u00e2cher tes \u00e9quipes du design Peugeot pour surgir chez Renault en 2020&nbsp;? Ces quinze kilom\u00e8tres entre Guyancourt (Renault) et V\u00e9lizy (Stellantis) n\u2019ont pas d\u00fb bouleverser ta vie quotidienne, contrairement aux challenges que t\u2019a propos\u00e9s Luca de Meo.<\/p>\n\n\n\n<figure class=\"wp-block-image size-large\"><img loading=\"lazy\" decoding=\"async\" width=\"1024\" height=\"683\" src=\"https:\/\/lignesauto.fr\/wp-content\/uploads\/2025\/07\/VIDAL_109-1024x683.jpg\" alt=\"\" class=\"wp-image-41852\" srcset=\"https:\/\/lignesauto.fr\/wp-content\/uploads\/2025\/07\/VIDAL_109-1024x683.jpg 1024w, https:\/\/lignesauto.fr\/wp-content\/uploads\/2025\/07\/VIDAL_109-300x200.jpg 300w, https:\/\/lignesauto.fr\/wp-content\/uploads\/2025\/07\/VIDAL_109-768x512.jpg 768w, https:\/\/lignesauto.fr\/wp-content\/uploads\/2025\/07\/VIDAL_109.jpg 1417w\" sizes=\"(max-width: 1024px) 100vw, 1024px\" \/><figcaption class=\"wp-element-caption\">Jean-Pierre Plou\u00e9 derri\u00e8re toi, en ombre chinoise&#8230; Et le coup\u00e9 SR1 en ligne de mire.<\/figcaption><\/figure>\n\n\n\n<p style=\"font-size:17px\">Et si certains ont \u00e9t\u00e9 surpris que tu quittes Stellantis en 2020 pour faire exactement le m\u00eame m\u00e9tier, juste en face, j\u2019ai personnellement trouv\u00e9 \u00e7a culott\u00e9, et tes d\u00e9buts en fanfare ont d\u00e9clench\u00e9 les fameux \u00ab&nbsp;<em>il nous fait du Peugeot<\/em>&nbsp;\u00bb comme commentaires sur les r\u00e9seaux \u00ab&nbsp;asociaux&#8230;&nbsp;\u00bb Il fallait faire vite et Sc\u00e9nic, R4 ou encore Rafale ont port\u00e9 ta patte. Et si la communication de Stellantis dit aujourd&#8217;hui que tu as remport\u00e9 cinq titres de voitures de l&#8217;ann\u00e9e, pr\u00e9cisons quand m\u00eame &#8211; et tu es le premier \u00e0 le reconna\u00eetre &#8211; que tu n&#8217;es pas \u00e0 l&#8217;origine de la R5 E-TECH. <\/p>\n\n\n\n<figure class=\"wp-block-image size-large\"><img loading=\"lazy\" decoding=\"async\" width=\"1024\" height=\"683\" src=\"https:\/\/lignesauto.fr\/wp-content\/uploads\/2025\/07\/VIDAL_889-1024x683.jpg\" alt=\"\" class=\"wp-image-41925\" srcset=\"https:\/\/lignesauto.fr\/wp-content\/uploads\/2025\/07\/VIDAL_889-1024x683.jpg 1024w, https:\/\/lignesauto.fr\/wp-content\/uploads\/2025\/07\/VIDAL_889-300x200.jpg 300w, https:\/\/lignesauto.fr\/wp-content\/uploads\/2025\/07\/VIDAL_889-768x512.jpg 768w, https:\/\/lignesauto.fr\/wp-content\/uploads\/2025\/07\/VIDAL_889.jpg 1417w\" sizes=\"(max-width: 1024px) 100vw, 1024px\" \/><figcaption class=\"wp-element-caption\">A bord de ton concept-car Embl\u00e8me qui annonce les futurs th\u00e8mes esth\u00e9tiques de Renault, une citation subliminale : &#8220;<em>\u00e9couter le monde pour mieux le voir, le pr\u00e9server et tracer son chemin avec plus de l\u00e9g\u00e8ret\u00e9.<\/em>&#8220;<\/figcaption><\/figure>\n\n\n\n<p style=\"font-size:17px\">Puis est venu le temps de la seconde \u00e9tape voulue par un directeur de design d\u2019une marque&nbsp;: affirmer sa griffe avec le premier renouvellement de la gamme. Ton concept-car Embl\u00e8me a d\u00e9voil\u00e9 les th\u00e8mes stylistiques de ces futures Renault et&#8230; et puis plus rien. Tu as jet\u00e9 ton casque de r\u00e9alit\u00e9 virtuelle, rang\u00e9 ton planning de r\u00e9union, \u00e9teint ta strat\u00e9gie et d\u00e9branch\u00e9 le logo en losange. \u00c9tait-il tatou\u00e9 sur ton c\u0153ur comme le Lion nagu\u00e8re&nbsp;? Du coup, j&#8217;en doute&#8230; Et hop, tu prends le chemin inverse, cinq ans (intenses) apr\u00e8s ton arriv\u00e9e.<\/p>\n\n\n\n<figure class=\"wp-block-image size-large\"><img loading=\"lazy\" decoding=\"async\" width=\"1024\" height=\"762\" src=\"https:\/\/lignesauto.fr\/wp-content\/uploads\/2025\/07\/VIDAL_02-1024x762.jpeg\" alt=\"\" class=\"wp-image-41853\" srcset=\"https:\/\/lignesauto.fr\/wp-content\/uploads\/2025\/07\/VIDAL_02-1024x762.jpeg 1024w, https:\/\/lignesauto.fr\/wp-content\/uploads\/2025\/07\/VIDAL_02-300x223.jpeg 300w, https:\/\/lignesauto.fr\/wp-content\/uploads\/2025\/07\/VIDAL_02-768x572.jpeg 768w, https:\/\/lignesauto.fr\/wp-content\/uploads\/2025\/07\/VIDAL_02.jpeg 1417w\" sizes=\"(max-width: 1024px) 100vw, 1024px\" \/><figcaption class=\"wp-element-caption\">Tu &#8220;vendais&#8221; bien le travail de tes \u00e9quipes chez Renault&#8230; Une communication parfaitement ex\u00e9cut\u00e9e !<\/figcaption><\/figure>\n\n\n\n<p style=\"font-size:17px\">Re-abandon d\u2019une \u00e9quipe, re-abandon de projets qui doivent porter ta philosophie et retour \u00e0 la case d\u00e9part&nbsp;: Stellantis. Dans deux mois&nbsp;! Deux mois&nbsp;: une pitoyable clause de non-concurrence quand on sait que tu connais toutes les Renault jusqu\u2019en 2030. Mais tu avais d\u00e9j\u00e0 une r\u00e9ponse \u00e0 me donner lors de ton arriv\u00e9e chez Renault, tout de suite apr\u00e8s ton d\u00e9part de Peugeot&nbsp;: \u00ab&nbsp;<em>Quand on part \u00e0 la concurrence, conna\u00eetre la strat\u00e9gie et le plan produit n\u2019est pas un atout parce que de toute fa\u00e7on, on ne va pas avoir la m\u00eame strat\u00e9gie, les m\u00eames typologies de produits. Chaque constructeur a sa voie en termes de strat\u00e9gie design, et donc finalement ce n\u2019est pas tant un avantage. C\u2019est m\u00eame plut\u00f4t un handicap, il faut se forcer \u00e0 oublier l\u2019avant, car se caler sur cette exp\u00e9rience, ce serait faire fausse route. Il faut se d\u00e9polluer de cette connaissance&nbsp;!<\/em>&nbsp;\u00bb<\/p>\n\n\n\n<figure class=\"wp-block-image size-large\"><img loading=\"lazy\" decoding=\"async\" width=\"1024\" height=\"616\" src=\"https:\/\/lignesauto.fr\/wp-content\/uploads\/2025\/07\/VIDAL_20-1024x616.jpg\" alt=\"\" class=\"wp-image-41855\" srcset=\"https:\/\/lignesauto.fr\/wp-content\/uploads\/2025\/07\/VIDAL_20-1024x616.jpg 1024w, https:\/\/lignesauto.fr\/wp-content\/uploads\/2025\/07\/VIDAL_20-300x180.jpg 300w, https:\/\/lignesauto.fr\/wp-content\/uploads\/2025\/07\/VIDAL_20-768x462.jpg 768w, https:\/\/lignesauto.fr\/wp-content\/uploads\/2025\/07\/VIDAL_20.jpg 1417w\" sizes=\"(max-width: 1024px) 100vw, 1024px\" \/><figcaption class=\"wp-element-caption\">Sur cette photo de Greg, on te voit aux c\u00f4t\u00e9s du &#8220;JPP de chez Renault&#8221;, l&#8217;excellent Laurens van den Acker. Le voil\u00e0 oblig\u00e9 de te trouver un rempla\u00e7ant&#8230;<\/figcaption><\/figure>\n\n\n\n<p style=\"font-size:17px\">Te voil\u00e0 \u00e0 nouveau pollu\u00e9, par Renault cette fois, apr\u00e8s t\u2019\u00eatre d\u00e9pollu\u00e9 de Peugeot. J\u2019esp\u00e8re que ce n\u2019est pas trop douloureux comme r\u00e9initialisation(s). Que s\u2019est-il pass\u00e9 pour que tu quittes Renault&nbsp;? L\u2019app\u00e9tence de cette fonction royale que j\u2019imagine financi\u00e8rement \u2013 et logiquement \u2013 valoris\u00e9e&nbsp;? Des soucis de cohabitation au sein du design Renault&nbsp;? Les cacahu\u00e8tes du pot de d\u00e9part de Luca de Meo trop rances \u00e0 ton go\u00fbt&nbsp;? Ou la potentielle arriv\u00e9e de Maxime Picat \u00e0 la t\u00eate de Renault, avec lequel tu pourrais ne pas avoir envie de cohabiter? Vu de l\u2019ext\u00e9rieur, on avait pourtant l\u2019impression que tu \u00e9tais l\u2019homme fort de cette marque au losange, c\u00f4t\u00e9 design, en rapportant souvent \u00e0 Luca plut\u00f4t qu\u2019\u00e0 Laurens van den Acker, le &#8220;Jean-Pierre Plou\u00e9&#8221; de Renault.<\/p>\n\n\n\n<figure class=\"wp-block-image size-large\"><img loading=\"lazy\" decoding=\"async\" width=\"1024\" height=\"680\" src=\"https:\/\/lignesauto.fr\/wp-content\/uploads\/2025\/07\/VIDAL_200-1024x680.jpg\" alt=\"\" class=\"wp-image-41858\" srcset=\"https:\/\/lignesauto.fr\/wp-content\/uploads\/2025\/07\/VIDAL_200-1024x680.jpg 1024w, https:\/\/lignesauto.fr\/wp-content\/uploads\/2025\/07\/VIDAL_200-300x199.jpg 300w, https:\/\/lignesauto.fr\/wp-content\/uploads\/2025\/07\/VIDAL_200-768x510.jpg 768w, https:\/\/lignesauto.fr\/wp-content\/uploads\/2025\/07\/VIDAL_200.jpg 1417w\" sizes=\"(max-width: 1024px) 100vw, 1024px\" \/><figcaption class=\"wp-element-caption\">G\u00e9rard Welter (1942-2018) longtemps \u00e0 la t\u00eate du design Peugeot. Ici avec Jean-Christophe Bolle-Reddat.<\/figcaption><\/figure>\n\n\n\n<p style=\"font-size:17px\">Quand j\u2019ai appris l\u2019info ce jeudi 25 juillet de ton retour chez Stellantis, j\u2019ai imm\u00e9diatement pens\u00e9 \u00e0 G\u00e9rard Welter (ci-dessus) qui est rest\u00e9 fid\u00e8le \u00e0 Peugeot plus de 40 ans&nbsp;! Oui, je sais, je suis un vieillard, mais j\u2019ai pens\u00e9 \u00e0 G\u00e9rard car il a refus\u00e9 pas mal de propositions, dont une venant de chez Honda, pour aller au Japon. C\u2019est vrai, c\u2019\u00e9tait \u00e0 un peu plus de 15 kilom\u00e8tres de Thorigny o\u00f9 il avait construit sa demeure, mais il est rest\u00e9 fid\u00e8le \u00e0 \u00ab&nbsp;sa&nbsp;\u00bb marque et \u00e0 \u00ab&nbsp;ses&nbsp;\u00bb gars. Comme Gaston Juchet chez Renault malgr\u00e9 les couleuvres aval\u00e9es, comme Bruno Sacco ci-dessous, ind\u00e9boulonnable chez Mercedes. De l\u2019histoire ancienne, certes. Un discours qui a la fragrance du monde de \u00ab&nbsp;Oui-Oui&nbsp;\u00bb car on a chang\u00e9 depuis longtemps de logiciel dans notre soci\u00e9t\u00e9. Peut-\u00eatre. Et tu pourras toujours me dire que, toi aussi, tu es rest\u00e9 longtemps fid\u00e8le \u00e0 ton \u00e9quipe de Peugeot. Sauf que tu l\u2019as l\u00e2ch\u00e9e en 2020 pour l\u2019ennemi jur\u00e9.<\/p>\n\n\n\n<figure class=\"wp-block-image size-large\"><img loading=\"lazy\" decoding=\"async\" width=\"1024\" height=\"766\" src=\"https:\/\/lignesauto.fr\/wp-content\/uploads\/2025\/07\/SACCO_115-1024x766.png\" alt=\"\" class=\"wp-image-41861\" srcset=\"https:\/\/lignesauto.fr\/wp-content\/uploads\/2025\/07\/SACCO_115-1024x766.png 1024w, https:\/\/lignesauto.fr\/wp-content\/uploads\/2025\/07\/SACCO_115-300x224.png 300w, https:\/\/lignesauto.fr\/wp-content\/uploads\/2025\/07\/SACCO_115-768x575.png 768w, https:\/\/lignesauto.fr\/wp-content\/uploads\/2025\/07\/SACCO_115.png 1417w\" sizes=\"(max-width: 1024px) 100vw, 1024px\" \/><\/figure>\n\n\n\n<p style=\"font-size:17px\">Et c\u2019\u00e9tait bien, car tu as eu carte blanche et surtout, tu as mis dans les tuyaux la gamme des Renault de demain issue de \u00ab&nbsp;ton&nbsp;\u00bb manifeste Embl\u00e8me. Du coup, tu pars avant m\u00eame d\u2019avoir prouv\u00e9 ton savoir-faire sous un autre logo : la gamme future de Renault sortira sans m\u00eame que tu aies caress\u00e9 la derni\u00e8re maquette Clay. Ce n\u2019est pas un reproche, juste une constatation. Tout ceci sera derri\u00e8re nous le 1er octobre, quand tu prendras tes fonctions avec autant de logos de marques placard\u00e9s sur ta veste, que de m\u00e9dailles au revers de celle d&#8217;un militaire m\u00e9ritant.<\/p>\n\n\n\n<figure class=\"wp-block-image size-large\"><img loading=\"lazy\" decoding=\"async\" width=\"1024\" height=\"672\" src=\"http:\/\/lignesauto.fr\/wp-content\/uploads\/2025\/07\/VIDAL_00-1024x672.png\" alt=\"\" class=\"wp-image-41909\" srcset=\"https:\/\/lignesauto.fr\/wp-content\/uploads\/2025\/07\/VIDAL_00-1024x672.png 1024w, https:\/\/lignesauto.fr\/wp-content\/uploads\/2025\/07\/VIDAL_00-300x197.png 300w, https:\/\/lignesauto.fr\/wp-content\/uploads\/2025\/07\/VIDAL_00-768x504.png 768w, https:\/\/lignesauto.fr\/wp-content\/uploads\/2025\/07\/VIDAL_00.png 1417w\" sizes=\"(max-width: 1024px) 100vw, 1024px\" \/><\/figure>\n\n\n\n<p style=\"font-size:17px\">Moins d\u2019une heure apr\u00e8s l\u2019annonce de ton arriv\u00e9e chez Stellantis (l\u2019annonce d\u2019une arriv\u00e9e avant celle d\u2019un d\u00e9part, tiens donc&#8230;) les messages sur les r\u00e9seaux sociaux de tes futurs-ex coll\u00e8gues designers et techniciens chez Stellantis sont tous euphoriques et \u00e9logieux&nbsp;! Tr\u00e8s <em>corporate<\/em> aussi pour certains, parfois trop mais c\u2019est le monde d\u2019aujourd\u2019hui. Il est pourtant rare qu\u2019une femme tromp\u00e9e ouvre les portes en grand \u00e0 son ex en l\u2019accueillant avec une p\u00e2tisserie plut\u00f4t qu\u2019avec le rouleau&#8230; Tu as la chance \u2013 m\u00e9rit\u00e9e &#8211; d\u2019avoir laiss\u00e9 une belle trace chez Peugeot.<\/p>\n\n\n\n<figure class=\"wp-block-image size-large\"><img loading=\"lazy\" decoding=\"async\" width=\"1024\" height=\"683\" src=\"https:\/\/lignesauto.fr\/wp-content\/uploads\/2025\/07\/VIDAL_14-1024x683.jpg\" alt=\"\" class=\"wp-image-41863\" srcset=\"https:\/\/lignesauto.fr\/wp-content\/uploads\/2025\/07\/VIDAL_14-1024x683.jpg 1024w, https:\/\/lignesauto.fr\/wp-content\/uploads\/2025\/07\/VIDAL_14-300x200.jpg 300w, https:\/\/lignesauto.fr\/wp-content\/uploads\/2025\/07\/VIDAL_14-768x512.jpg 768w, https:\/\/lignesauto.fr\/wp-content\/uploads\/2025\/07\/VIDAL_14.jpg 1417w\" sizes=\"(max-width: 1024px) 100vw, 1024px\" \/><\/figure>\n\n\n\n<p style=\"font-size:17px\">On dit de toi que tu es un excellent manager, capable de faire passer tes id\u00e9es aupr\u00e8s de la direction&nbsp;et d\u2019en imposer certaines en douceur&#8230; Tu me confirmais en 2020 que \u00ab&nbsp;<em>la premi\u00e8re chose \u00e0 faire en management, c\u2019est de bien expliquer les choses&#8230; Quand tu mets ton discours en perspective, quand tu prends de la hauteur par rapport aux probl\u00e9matiques internes, tout le monde finit par admettre ton choix. Et tu motives et f\u00e9d\u00e8res tout le monde. On montre une histoire qui se d\u00e9connecte de la probl\u00e9matique de chacun, ou des ennuis du quotidien de chacun, pour le bien de l\u2019entreprise et concevoir le meilleur produit possible pour nos clients.&nbsp;\u00bb <\/em>La grande classe que tous les managers n\u2019ont pas forc\u00e9ment, et je ne parle pas uniquement de Stellantis&nbsp;!<\/p>\n\n\n\n<figure class=\"wp-block-image size-large\"><img loading=\"lazy\" decoding=\"async\" width=\"1024\" height=\"683\" src=\"https:\/\/lignesauto.fr\/wp-content\/uploads\/2025\/07\/VIDAL_105-1024x683.jpg\" alt=\"\" class=\"wp-image-41864\" srcset=\"https:\/\/lignesauto.fr\/wp-content\/uploads\/2025\/07\/VIDAL_105-1024x683.jpg 1024w, https:\/\/lignesauto.fr\/wp-content\/uploads\/2025\/07\/VIDAL_105-300x200.jpg 300w, https:\/\/lignesauto.fr\/wp-content\/uploads\/2025\/07\/VIDAL_105-768x512.jpg 768w, https:\/\/lignesauto.fr\/wp-content\/uploads\/2025\/07\/VIDAL_105.jpg 1417w\" sizes=\"(max-width: 1024px) 100vw, 1024px\" \/><figcaption class=\"wp-element-caption\">Un manager sait guider une \u00e9quipe enti\u00e8re dans la m\u00eame direction. Un job qu&#8217;il va te falloir transposer \u00e0 l&#8217;\u00e9chelle de toutes les marques europ\u00e9ennes de Stellantis.<\/figcaption><\/figure>\n\n\n\n<p style=\"font-size:17px\">Nul doute que tu sauras magnifier ce m\u00e9tier de l\u2019ombre aux c\u00f4t\u00e9s de tes talents de designers. Sans compter ton feeling pour deviner un avenir automobile pourtant incertain. Chapeau bas pour \u00e7a. Et puis quelle \u00e9quipe\u00a0! Tu retrouves tellement de monde que tu connais et que tu as connu parfois de 1996 \u00e0 2020. M\u00eame ton N+1, Jean-Philippe Imparato a \u00e9t\u00e9 patron de Peugeot et vous nous avez offert sous le crayon de Nicolas Brissonneau la l\u00e9gendaire Legend. Un sacr\u00e9 concept-car. En parlant de concept-car et d\u2019avant-phase, est-ce que tu as mis dans ta valise du retour au bercail l\u2019excellent Sandeep Bhambra, ci-dessous\u00a0? Ou a-t-il le potentiel pour prendre ta succession chez Renault\u00a0? On dit qu\u2019on gagne une guerre en affaiblissant son concurrent, et Sandeep est fort&#8230; Alors, vas-tu dupliquer le fameux <em>bushido\u00a0!<\/em>?<\/p>\n\n\n\n<figure class=\"wp-block-image size-large\"><img loading=\"lazy\" decoding=\"async\" width=\"1024\" height=\"683\" src=\"https:\/\/lignesauto.fr\/wp-content\/uploads\/2025\/07\/VIDAL_17-1024x683.jpg\" alt=\"\" class=\"wp-image-41868\" srcset=\"https:\/\/lignesauto.fr\/wp-content\/uploads\/2025\/07\/VIDAL_17-1024x683.jpg 1024w, https:\/\/lignesauto.fr\/wp-content\/uploads\/2025\/07\/VIDAL_17-300x200.jpg 300w, https:\/\/lignesauto.fr\/wp-content\/uploads\/2025\/07\/VIDAL_17-768x512.jpg 768w, https:\/\/lignesauto.fr\/wp-content\/uploads\/2025\/07\/VIDAL_17.jpg 1417w\" sizes=\"(max-width: 1024px) 100vw, 1024px\" \/><\/figure>\n\n\n\n<p style=\"font-size:17px\">Il te reste deux mois de vacances avant de retrouver les murs de ce b\u00e2timent paquebot qu\u2019est l\u2019ADN de V\u00e9lizy Villacoublay. Vacances&nbsp;? J\u2019en doute&nbsp;: ce n\u2019est plus seulement Peugeot qui t\u2019attend avec impatience, mais une gestion diabolique des directions de design et de strat\u00e9gies multiples pour les marques europ\u00e9ennes de Stellantis. Avec tellement de questions de ce c\u00f4t\u00e9-ci de la barri\u00e8re, celui des passionn\u00e9s de Lancia, de Fiat, de Citro\u00ebn, d\u2019Alfa-Romeo, d&#8217;Opel, de Peugeot ou encore de DS Automobiles&#8230;<\/p>\n\n\n\n<figure class=\"wp-block-image size-large\"><img loading=\"lazy\" decoding=\"async\" width=\"1024\" height=\"689\" src=\"https:\/\/lignesauto.fr\/wp-content\/uploads\/2025\/07\/VIDAL_104-1024x689.jpg\" alt=\"\" class=\"wp-image-41870\" srcset=\"https:\/\/lignesauto.fr\/wp-content\/uploads\/2025\/07\/VIDAL_104-1024x689.jpg 1024w, https:\/\/lignesauto.fr\/wp-content\/uploads\/2025\/07\/VIDAL_104-300x202.jpg 300w, https:\/\/lignesauto.fr\/wp-content\/uploads\/2025\/07\/VIDAL_104-768x517.jpg 768w, https:\/\/lignesauto.fr\/wp-content\/uploads\/2025\/07\/VIDAL_104.jpg 1417w\" sizes=\"(max-width: 1024px) 100vw, 1024px\" \/><figcaption class=\"wp-element-caption\">Un retour non pas en arri\u00e8re, mais avec des \u00e9quipes que tu connais pour certaines sur le bout des doigts. Ici, avec Pierre-Paul Mattei, homme de l&#8217;ombre \u00e0 l&#8217;efficacit\u00e9 redoutable !<\/figcaption><\/figure>\n\n\n\n<p style=\"font-size:17px\">Tu sais mieux que quiconque comment booster ce joli chantier. Chantier&nbsp;dans le sens \u00ab&nbsp;d\u2019ouvrage&nbsp;\u00bb, pas dans celui de \u00ab&nbsp;bord\u00e9lique&nbsp;\u00bb&nbsp;! Encore que&#8230; Que vas-tu insuffler comme \u00e9nergie chez Lancia ou DS Automobiles, pour ne prendre que ces deux exemples de marques qui n&#8217;ont pratiquement que l&#8217;Europe pour s&#8217;\u00e9panouir ? La clause de confidentialit\u00e9 de deux mois suffira-telle pour que tu aies le temps de noircir ton calepin de notes diverses et vari\u00e9es, afin d&#8217;attaquer ce nouveau challenge parfaitement arm\u00e9&nbsp;? La vie est faite de cycles. Inattendus, voulus ou provoqu\u00e9s. Tu en es le parfait exemple.&#8221;<br>Cordialement,<br><strong>Christophe Bonnaud &#8211; LIGNES\/auto<\/strong><\/p>\n\n\n\n<p style=\"font-size:17px\"><em>PS: Gilles, tu me permettras de profiter de cette lettre pour saluer deux hommes li\u00e9s \u00e0 ton actualit\u00e9. Comme toi, ils ont aid\u00e9 au d\u00e9veloppement du site LIGNES\/auto avec leur disponibilit\u00e9 : Jean-Pierre Plou\u00e9 pour sa carri\u00e8re exceptionnelle, son d\u00e9vouement pour aider le magazine LIGNES\/auto lorsque ce dernier \u00e9tait vendu en kiosques (2008-2009), et Laurens van den Acker pour sa ma\u00eetrise du m\u00e9tier, sa discr\u00e9tion et sa bienveillance. Merci \u00e0 vous trois&#8230;<\/em><\/p>\n\n\n\n<figure class=\"wp-block-image size-large\"><img loading=\"lazy\" decoding=\"async\" width=\"1024\" height=\"773\" src=\"https:\/\/lignesauto.fr\/wp-content\/uploads\/2025\/07\/VIDAL_99-1024x773.png\" alt=\"\" class=\"wp-image-41874\" srcset=\"https:\/\/lignesauto.fr\/wp-content\/uploads\/2025\/07\/VIDAL_99-1024x773.png 1024w, https:\/\/lignesauto.fr\/wp-content\/uploads\/2025\/07\/VIDAL_99-300x226.png 300w, https:\/\/lignesauto.fr\/wp-content\/uploads\/2025\/07\/VIDAL_99-768x579.png 768w, https:\/\/lignesauto.fr\/wp-content\/uploads\/2025\/07\/VIDAL_99.png 1417w\" sizes=\"(max-width: 1024px) 100vw, 1024px\" \/><\/figure>\n\n\n<div class=\"wp-block-image\">\n<figure class=\"aligncenter size-full is-resized\"><img loading=\"lazy\" decoding=\"async\" width=\"1024\" height=\"288\" src=\"https:\/\/lignesauto.fr\/wp-content\/uploads\/2025\/07\/image.png\" alt=\"\" class=\"wp-image-41875\" style=\"width:502px;height:auto\" srcset=\"https:\/\/lignesauto.fr\/wp-content\/uploads\/2025\/07\/image.png 1024w, https:\/\/lignesauto.fr\/wp-content\/uploads\/2025\/07\/image-300x84.png 300w, https:\/\/lignesauto.fr\/wp-content\/uploads\/2025\/07\/image-768x216.png 768w\" sizes=\"(max-width: 1024px) 100vw, 1024px\" \/><\/figure><\/div>","protected":false},"excerpt":{"rendered":"<p>Dans le bushido qui dicte les bases de l\u2019honneur du Samoura\u00ef, il est une phrase qu\u2019il faut retenir&nbsp;: \u00ab sers-toi de ton ennemi pour vaincre, et tu seras puissant&nbsp;\u00bb. Gilles Vidal s\u2019est-il servi de Renault pour vaincre et retrouver Stellantis en devenant plus puissant&nbsp;? &#8220;Bonjour Gilles. Tout d\u2019abord, j\u2019esp\u00e8re que [&hellip;]<\/p>\n","protected":false},"author":1,"featured_media":41929,"comment_status":"closed","ping_status":"closed","sticky":false,"template":"","format":"standard","meta":{"footnotes":""},"categories":[1],"tags":[],"_links":{"self":[{"href":"https:\/\/lignesauto.fr\/index.php?rest_route=\/wp\/v2\/posts\/41823"}],"collection":[{"href":"https:\/\/lignesauto.fr\/index.php?rest_route=\/wp\/v2\/posts"}],"about":[{"href":"https:\/\/lignesauto.fr\/index.php?rest_route=\/wp\/v2\/types\/post"}],"author":[{"embeddable":true,"href":"https:\/\/lignesauto.fr\/index.php?rest_route=\/wp\/v2\/users\/1"}],"replies":[{"embeddable":true,"href":"https:\/\/lignesauto.fr\/index.php?rest_route=%2Fwp%2Fv2%2Fcomments&post=41823"}],"version-history":[{"count":109,"href":"https:\/\/lignesauto.fr\/index.php?rest_route=\/wp\/v2\/posts\/41823\/revisions"}],"predecessor-version":[{"id":42005,"href":"https:\/\/lignesauto.fr\/index.php?rest_route=\/wp\/v2\/posts\/41823\/revisions\/42005"}],"wp:featuredmedia":[{"embeddable":true,"href":"https:\/\/lignesauto.fr\/index.php?rest_route=\/wp\/v2\/media\/41929"}],"wp:attachment":[{"href":"https:\/\/lignesauto.fr\/index.php?rest_route=%2Fwp%2Fv2%2Fmedia&parent=41823"}],"wp:term":[{"taxonomy":"category","embeddable":true,"href":"https:\/\/lignesauto.fr\/index.php?rest_route=%2Fwp%2Fv2%2Fcategories&post=41823"},{"taxonomy":"post_tag","embeddable":true,"href":"https:\/\/lignesauto.fr\/index.php?rest_route=%2Fwp%2Fv2%2Ftags&post=41823"}],"curies":[{"name":"wp","href":"https:\/\/api.w.org\/{rel}","templated":true}]}}