{"id":42309,"date":"2025-09-24T08:40:08","date_gmt":"2025-09-24T06:40:08","guid":{"rendered":"https:\/\/lignesauto.fr\/?p=42309"},"modified":"2025-09-29T08:28:30","modified_gmt":"2025-09-29T06:28:30","slug":"audi-concept-c-interview-de-massimo-frascella-directeur-du-design","status":"publish","type":"post","link":"https:\/\/lignesauto.fr\/?p=42309","title":{"rendered":"Audi Concept \u2018C\u2019\u00a0: interview de Massimo Frascella, directeur du design"},"content":{"rendered":"<div class=\"wp-block-image\">\n<figure class=\"aligncenter size-full is-resized\"><img loading=\"lazy\" decoding=\"async\" width=\"1024\" height=\"288\" src=\"http:\/\/lignesauto.fr\/wp-content\/uploads\/2025\/07\/image.png\" alt=\"\" class=\"wp-image-41875\" style=\"width:633px;height:auto\" srcset=\"https:\/\/lignesauto.fr\/wp-content\/uploads\/2025\/07\/image.png 1024w, https:\/\/lignesauto.fr\/wp-content\/uploads\/2025\/07\/image-300x84.png 300w, https:\/\/lignesauto.fr\/wp-content\/uploads\/2025\/07\/image-768x216.png 768w\" sizes=\"(max-width: 1024px) 100vw, 1024px\" \/><\/figure><\/div>\n\n\n<p style=\"font-size:17px\">Avec son concept &#8216;C&#8217;, Audi pr\u00e9sente sa nouvelle philosophie de design qui veut red\u00e9finir la mani\u00e8re dont l&#8217;entreprise va concevoir ses futurs produits. Massimo Frascella (*), directeur du design de la marque, \u00e9voque cette transformation bienvenue vers plus de simplicit\u00e9 et ce que ce nouveau langage de formes signifie.<\/p>\n\n\n\n<figure class=\"wp-block-image size-large is-resized\"><img loading=\"lazy\" decoding=\"async\" width=\"1024\" height=\"533\" src=\"http:\/\/lignesauto.fr\/wp-content\/uploads\/2025\/09\/AUDI_15-1024x533.png\" alt=\"\" class=\"wp-image-42313\" style=\"width:841px;height:auto\" srcset=\"https:\/\/lignesauto.fr\/wp-content\/uploads\/2025\/09\/AUDI_15-1024x533.png 1024w, https:\/\/lignesauto.fr\/wp-content\/uploads\/2025\/09\/AUDI_15-300x156.png 300w, https:\/\/lignesauto.fr\/wp-content\/uploads\/2025\/09\/AUDI_15-768x399.png 768w, https:\/\/lignesauto.fr\/wp-content\/uploads\/2025\/09\/AUDI_15.png 1417w\" sizes=\"(max-width: 1024px) 100vw, 1024px\" \/><\/figure>\n\n\n\n<p style=\"font-size:17px\"><strong>Environ un an apr\u00e8s votre arriv\u00e9e \u00e0 Ingolstadt, vous pr\u00e9sentez une nouvelle philosophie de design. Dites-nous en plus sur cette nouvelle vision&nbsp;?<\/strong><br>\u00ab&nbsp;Notre vision est un appel \u00e0 l&#8217;action pour l&#8217;ensemble de l&#8217;entreprise et elle est essentielle pour rendre notre marque \u00e0 nouveau vraiment distinctive. C&#8217;est la philosophie qui sous-tend chacune de nos d\u00e9cisions, et nous souhaitons appliquer ses principes \u00e0 l&#8217;ensemble de l&#8217;organisation. Nous l&#8217;appelons \u00ab The Radical Next \u00bb.<\/p>\n\n\n\n<figure class=\"wp-block-image size-large\"><img loading=\"lazy\" decoding=\"async\" width=\"1024\" height=\"724\" src=\"https:\/\/lignesauto.fr\/wp-content\/uploads\/2025\/09\/AUDI_03-1024x724.jpg\" alt=\"\" class=\"wp-image-42315\" srcset=\"https:\/\/lignesauto.fr\/wp-content\/uploads\/2025\/09\/AUDI_03-1024x724.jpg 1024w, https:\/\/lignesauto.fr\/wp-content\/uploads\/2025\/09\/AUDI_03-300x212.jpg 300w, https:\/\/lignesauto.fr\/wp-content\/uploads\/2025\/09\/AUDI_03-768x543.jpg 768w, https:\/\/lignesauto.fr\/wp-content\/uploads\/2025\/09\/AUDI_03.jpg 1417w\" sizes=\"(max-width: 1024px) 100vw, 1024px\" \/><\/figure>\n\n\n\n<p style=\"font-size:17px\"><strong>Le design redevient donc une force motrice pour Audi ?<\/strong><br>\u00ab&nbsp;Exactement ! Nous \u00e9voquons le design dans son sens le plus large : il englobe tous les aspects de l&#8217;exp\u00e9rience Audi. Nous voulons fa\u00e7onner une marque capable d&#8217;inspirer le d\u00e9sir et d&#8217;avoir un impact culturel.&nbsp;\u00bb<\/p>\n\n\n\n<figure class=\"wp-block-image size-large\"><img loading=\"lazy\" decoding=\"async\" width=\"1024\" height=\"756\" src=\"https:\/\/lignesauto.fr\/wp-content\/uploads\/2025\/09\/AUDI_20-1024x756.png\" alt=\"\" class=\"wp-image-42318\" srcset=\"https:\/\/lignesauto.fr\/wp-content\/uploads\/2025\/09\/AUDI_20-1024x756.png 1024w, https:\/\/lignesauto.fr\/wp-content\/uploads\/2025\/09\/AUDI_20-300x221.png 300w, https:\/\/lignesauto.fr\/wp-content\/uploads\/2025\/09\/AUDI_20-768x567.png 768w, https:\/\/lignesauto.fr\/wp-content\/uploads\/2025\/09\/AUDI_20.png 1417w\" sizes=\"(max-width: 1024px) 100vw, 1024px\" \/><\/figure>\n\n\n\n<p style=\"font-size:17px\"><strong>Est-ce que le fameux slogan <em>Vorsprung durch Technik<\/em> reste pour autant d\u2019actualit\u00e9&nbsp;?<\/strong><br>\u00ab&nbsp;Bien s\u00fbr ! Dans les ann\u00e9es 1980, lorsque l&#8217;Audi 100 quattro a gravi un tremplin de ski, elle \u00e9tait le symbole du progr\u00e8s technique et de la volont\u00e9 de rendre l&#8217;impossible possible. Pour nous, la technologie est un moyen de progresser, pas une fin en soi. Nous ne voulons ni la cacher ni la mettre en avant : elle doit inspirer sans \u00eatre dominante. Pour Audi, la technologie est une \u00e9vidence, discr\u00e8te mais fonctionnelle et pr\u00e9sente lorsque le client le souhaite.&nbsp;\u00bb<\/p>\n\n\n\n<figure class=\"wp-block-image size-large\"><img loading=\"lazy\" decoding=\"async\" width=\"1024\" height=\"741\" src=\"https:\/\/lignesauto.fr\/wp-content\/uploads\/2025\/09\/AUDI_13-1024x741.png\" alt=\"\" class=\"wp-image-42319\" srcset=\"https:\/\/lignesauto.fr\/wp-content\/uploads\/2025\/09\/AUDI_13-1024x741.png 1024w, https:\/\/lignesauto.fr\/wp-content\/uploads\/2025\/09\/AUDI_13-300x217.png 300w, https:\/\/lignesauto.fr\/wp-content\/uploads\/2025\/09\/AUDI_13-768x556.png 768w, https:\/\/lignesauto.fr\/wp-content\/uploads\/2025\/09\/AUDI_13.png 1417w\" sizes=\"(max-width: 1024px) 100vw, 1024px\" \/><\/figure>\n\n\n\n<p style=\"font-size:17px\"><strong>L&#8217;Audi TT a des fans dans le monde entier. Vous avez une relation personnelle tr\u00e8s particuli\u00e8re avec cette voiture.<\/strong><br>\u00ab&nbsp;C&#8217;est vrai. En 1998, lorsque la premi\u00e8re Audi TT est arriv\u00e9e chez un concessionnaire \u00e0 Turin, j&#8217;ai pris un jour de cong\u00e9 pour pouvoir la regarder tranquillement. Je suis rest\u00e9 l\u00e0 pendant des heures, \u00e0 la regarder sous tous les angles, \u00e0 toucher chaque surface. Le personnel a probablement pens\u00e9 que j&#8217;\u00e9tais fou. Mais pour moi, la TT \u00e9tait plus qu&#8217;une simple voiture. C&#8217;\u00e9tait un message : pas besoin de crier pour se faire entendre. Il n&#8217;est pas n\u00e9cessaire d&#8217;en faire trop pour s&#8217;affirmer. Il suffit d&#8217;\u00eatre clair. Et, plus important encore, d&#8217;avoir le courage de suivre cette ligne.&nbsp;\u00bb<\/p>\n\n\n\n<figure class=\"wp-block-image size-large\"><img loading=\"lazy\" decoding=\"async\" width=\"1024\" height=\"498\" src=\"https:\/\/lignesauto.fr\/wp-content\/uploads\/2025\/09\/AUDI_14-1024x498.png\" alt=\"\" class=\"wp-image-42320\" srcset=\"https:\/\/lignesauto.fr\/wp-content\/uploads\/2025\/09\/AUDI_14-1024x498.png 1024w, https:\/\/lignesauto.fr\/wp-content\/uploads\/2025\/09\/AUDI_14-300x146.png 300w, https:\/\/lignesauto.fr\/wp-content\/uploads\/2025\/09\/AUDI_14-768x373.png 768w, https:\/\/lignesauto.fr\/wp-content\/uploads\/2025\/09\/AUDI_14.png 1417w\" sizes=\"(max-width: 1024px) 100vw, 1024px\" \/><\/figure>\n\n\n\n<p style=\"font-size:17px\"><strong>Le mot \u00ab clart\u00e9 \u00bb appara\u00eet dans votre discours officiel. Que signifie-t-il pour vous&nbsp;?<\/strong><br>\u00ab&nbsp;La simplicit\u00e9 radicale est au c\u0153ur de notre approche. Nous obtenons la clart\u00e9 en r\u00e9duisant tout \u00e0 l&#8217;essentiel. Nous vivons dans un monde souvent bruyant, rapide et surcharg\u00e9. Presque tout est exag\u00e9r\u00e9. Le risque de perdre son chemin est plus grand que jamais. Notre responsabilit\u00e9 est d&#8217;\u00eatre meilleurs et de faire ce qui compte vraiment. Et le r\u00e9sultat doit toujours \u00eatre une \u00e9motion.&nbsp;Audi est une harmonie inexplicable entre technicit\u00e9 et \u00e9motion, o\u00f9 le rationnel et l&#8217;irrationnel coexistent.&nbsp;\u00bb<\/p>\n\n\n\n<figure class=\"wp-block-image size-large\"><img loading=\"lazy\" decoding=\"async\" width=\"1024\" height=\"566\" src=\"https:\/\/lignesauto.fr\/wp-content\/uploads\/2025\/09\/AUDI_06-1024x566.jpg\" alt=\"\" class=\"wp-image-42321\" srcset=\"https:\/\/lignesauto.fr\/wp-content\/uploads\/2025\/09\/AUDI_06-1024x566.jpg 1024w, https:\/\/lignesauto.fr\/wp-content\/uploads\/2025\/09\/AUDI_06-300x166.jpg 300w, https:\/\/lignesauto.fr\/wp-content\/uploads\/2025\/09\/AUDI_06-768x424.jpg 768w, https:\/\/lignesauto.fr\/wp-content\/uploads\/2025\/09\/AUDI_06.jpg 1417w\" sizes=\"(max-width: 1024px) 100vw, 1024px\" \/><\/figure>\n\n\n\n<p style=\"font-size:17px\"><strong>Quel est le c\u0153ur de cette nouvelle orientation pour le design de la marque ?<\/strong><br>\u00ab&nbsp;C\u2019est d\u2019abord une r\u00e9ponse \u00e0 une question importante : comment le client ressent-il Audi ? Notre r\u00e9ponse repose sur quatre principes : clart\u00e9, technicit\u00e9, intelligence et \u00e9motion. Ils constituent le fondement de tout ce que nous faisons.&nbsp;\u00bb<\/p>\n\n\n\n<figure class=\"wp-block-image size-large\"><img loading=\"lazy\" decoding=\"async\" width=\"1024\" height=\"752\" src=\"https:\/\/lignesauto.fr\/wp-content\/uploads\/2025\/09\/AUDI_16-1024x752.png\" alt=\"\" class=\"wp-image-42324\" srcset=\"https:\/\/lignesauto.fr\/wp-content\/uploads\/2025\/09\/AUDI_16-1024x752.png 1024w, https:\/\/lignesauto.fr\/wp-content\/uploads\/2025\/09\/AUDI_16-300x220.png 300w, https:\/\/lignesauto.fr\/wp-content\/uploads\/2025\/09\/AUDI_16-768x564.png 768w, https:\/\/lignesauto.fr\/wp-content\/uploads\/2025\/09\/AUDI_16.png 1417w\" sizes=\"(max-width: 1024px) 100vw, 1024px\" \/><\/figure>\n\n\n\n<p style=\"font-size:17px\"><strong>Ce concept est un simple \u00e9chauffement ou dictera-t-il les productions futures&nbsp;?<\/strong><br>\u00ab&nbsp;L&#8217;Audi Concept \u2018C\u2019 est une interpr\u00e9tation tangible de la nouvelle philosophie de conception, un symbole de la d\u00e9termination qui transformera notre entreprise et l&#8217;ensemble de la marque. C\u2019est la premi\u00e8re manifestation de \u00ab The Radical Next \u00bb. Elle est typiquement Audi. Les proportions, les surfaces et les d\u00e9tails ont \u00e9t\u00e9 clairement d\u00e9velopp\u00e9s et repr\u00e9sentent une expression confiante de l&#8217;identit\u00e9 de la marque. Il r\u00e9v\u00e8le une pr\u00e9sence claire et sculpturale, avec un fort sentiment de solidit\u00e9, sans distractions, d\u00e9fini par la tension et la forme pure.&nbsp;\u00bb<\/p>\n\n\n\n<figure class=\"wp-block-image size-large\"><img loading=\"lazy\" decoding=\"async\" width=\"1024\" height=\"768\" src=\"https:\/\/lignesauto.fr\/wp-content\/uploads\/2025\/09\/AUDI_05-1024x768.jpg\" alt=\"\" class=\"wp-image-42325\" srcset=\"https:\/\/lignesauto.fr\/wp-content\/uploads\/2025\/09\/AUDI_05-1024x768.jpg 1024w, https:\/\/lignesauto.fr\/wp-content\/uploads\/2025\/09\/AUDI_05-300x225.jpg 300w, https:\/\/lignesauto.fr\/wp-content\/uploads\/2025\/09\/AUDI_05-768x576.jpg 768w, https:\/\/lignesauto.fr\/wp-content\/uploads\/2025\/09\/AUDI_05.jpg 1417w\" sizes=\"(max-width: 1024px) 100vw, 1024px\" \/><\/figure>\n\n\n\n<p style=\"font-size:17px\">(*) Massimo Frascella ci-dessous est directeur du design Audi depuis le 1<sup>er<\/sup> juin 2024. Il supervise les domaines de la conception ext\u00e9rieure, int\u00e9rieure, des couleurs et des mat\u00e9riaux, de l&#8217;interface utilisateur et de l&#8217;exp\u00e9rience utilisateur (UI\/UX design), de la conception des voitures de sport et de la strat\u00e9gie globale de conception. Massimo Frascella a appris le m\u00e9tier de designer automobile au sein du l\u00e9gendaire studio italien Stile Bertone. Sa carri\u00e8re l&#8217;a ensuite conduit chez Ford Motor Company en Grande-Bretagne, chez Lincoln\/Mercury, puis chez Kia en Californie, aux \u00c9tats-Unis. En 2011, Massimo Frascella a rejoint Jaguar Land Rover, o\u00f9 il a occup\u00e9 des postes de direction et, plus r\u00e9cemment, celui de directeur du design pour ces deux marques riches en tradition.<\/p>\n\n\n\n<figure class=\"wp-block-image size-large\"><img loading=\"lazy\" decoding=\"async\" width=\"682\" height=\"1024\" src=\"https:\/\/lignesauto.fr\/wp-content\/uploads\/2025\/09\/AUDI_11-682x1024.jpg\" alt=\"\" class=\"wp-image-42322\" srcset=\"https:\/\/lignesauto.fr\/wp-content\/uploads\/2025\/09\/AUDI_11-682x1024.jpg 682w, https:\/\/lignesauto.fr\/wp-content\/uploads\/2025\/09\/AUDI_11-200x300.jpg 200w, https:\/\/lignesauto.fr\/wp-content\/uploads\/2025\/09\/AUDI_11-768x1154.jpg 768w, https:\/\/lignesauto.fr\/wp-content\/uploads\/2025\/09\/AUDI_11-1022x1536.jpg 1022w, https:\/\/lignesauto.fr\/wp-content\/uploads\/2025\/09\/AUDI_11-1363x2048.jpg 1363w, https:\/\/lignesauto.fr\/wp-content\/uploads\/2025\/09\/AUDI_11.jpg 1417w\" sizes=\"(max-width: 682px) 100vw, 682px\" \/><\/figure>\n\n\n<div class=\"wp-block-image\">\n<figure class=\"aligncenter size-full is-resized\"><img loading=\"lazy\" decoding=\"async\" width=\"1024\" height=\"288\" src=\"http:\/\/lignesauto.fr\/wp-content\/uploads\/2025\/07\/image.png\" alt=\"\" class=\"wp-image-41875\" style=\"width:633px;height:auto\" srcset=\"https:\/\/lignesauto.fr\/wp-content\/uploads\/2025\/07\/image.png 1024w, https:\/\/lignesauto.fr\/wp-content\/uploads\/2025\/07\/image-300x84.png 300w, https:\/\/lignesauto.fr\/wp-content\/uploads\/2025\/07\/image-768x216.png 768w\" sizes=\"(max-width: 1024px) 100vw, 1024px\" \/><\/figure><\/div>","protected":false},"excerpt":{"rendered":"<p>Avec son concept &#8216;C&#8217;, Audi pr\u00e9sente sa nouvelle philosophie de design qui veut red\u00e9finir la mani\u00e8re dont l&#8217;entreprise va concevoir ses futurs produits. Massimo Frascella (*), directeur du design de la marque, \u00e9voque cette transformation bienvenue vers plus de simplicit\u00e9 et ce que ce nouveau langage de formes signifie. Environ [&hellip;]<\/p>\n","protected":false},"author":1,"featured_media":42344,"comment_status":"closed","ping_status":"closed","sticky":false,"template":"","format":"standard","meta":{"footnotes":""},"categories":[1],"tags":[],"_links":{"self":[{"href":"https:\/\/lignesauto.fr\/index.php?rest_route=\/wp\/v2\/posts\/42309"}],"collection":[{"href":"https:\/\/lignesauto.fr\/index.php?rest_route=\/wp\/v2\/posts"}],"about":[{"href":"https:\/\/lignesauto.fr\/index.php?rest_route=\/wp\/v2\/types\/post"}],"author":[{"embeddable":true,"href":"https:\/\/lignesauto.fr\/index.php?rest_route=\/wp\/v2\/users\/1"}],"replies":[{"embeddable":true,"href":"https:\/\/lignesauto.fr\/index.php?rest_route=%2Fwp%2Fv2%2Fcomments&post=42309"}],"version-history":[{"count":11,"href":"https:\/\/lignesauto.fr\/index.php?rest_route=\/wp\/v2\/posts\/42309\/revisions"}],"predecessor-version":[{"id":42346,"href":"https:\/\/lignesauto.fr\/index.php?rest_route=\/wp\/v2\/posts\/42309\/revisions\/42346"}],"wp:featuredmedia":[{"embeddable":true,"href":"https:\/\/lignesauto.fr\/index.php?rest_route=\/wp\/v2\/media\/42344"}],"wp:attachment":[{"href":"https:\/\/lignesauto.fr\/index.php?rest_route=%2Fwp%2Fv2%2Fmedia&parent=42309"}],"wp:term":[{"taxonomy":"category","embeddable":true,"href":"https:\/\/lignesauto.fr\/index.php?rest_route=%2Fwp%2Fv2%2Fcategories&post=42309"},{"taxonomy":"post_tag","embeddable":true,"href":"https:\/\/lignesauto.fr\/index.php?rest_route=%2Fwp%2Fv2%2Ftags&post=42309"}],"curies":[{"name":"wp","href":"https:\/\/api.w.org\/{rel}","templated":true}]}}