{"id":42552,"date":"2025-09-10T16:17:59","date_gmt":"2025-09-10T14:17:59","guid":{"rendered":"https:\/\/lignesauto.fr\/?p=42552"},"modified":"2025-09-10T16:44:52","modified_gmt":"2025-09-10T14:44:52","slug":"le-decryptage-des-scoops-de-la-renault-2-dans-lauto-journal-partie-1-1971","status":"publish","type":"post","link":"https:\/\/lignesauto.fr\/?p=42552","title":{"rendered":"Le d\u00e9cryptage des scoops de la Renault 2 dans l&#8217;auto-journal \u2013 partie 1 : 1971"},"content":{"rendered":"<div class=\"wp-block-image\">\n<figure class=\"aligncenter size-full is-resized\"><img loading=\"lazy\" decoding=\"async\" width=\"1024\" height=\"288\" src=\"http:\/\/lignesauto.fr\/wp-content\/uploads\/2025\/07\/image.png\" alt=\"\" class=\"wp-image-41875\" style=\"width:473px;height:auto\" srcset=\"https:\/\/lignesauto.fr\/wp-content\/uploads\/2025\/07\/image.png 1024w, https:\/\/lignesauto.fr\/wp-content\/uploads\/2025\/07\/image-300x84.png 300w, https:\/\/lignesauto.fr\/wp-content\/uploads\/2025\/07\/image-768x216.png 768w\" sizes=\"(max-width: 1024px) 100vw, 1024px\" \/><\/figure><\/div>\n\n\n<figure class=\"wp-block-image size-large\"><img loading=\"lazy\" decoding=\"async\" width=\"1024\" height=\"863\" src=\"https:\/\/lignesauto.fr\/wp-content\/uploads\/2025\/09\/R2_102-1024x863.png\" alt=\"\" class=\"wp-image-42557\" srcset=\"https:\/\/lignesauto.fr\/wp-content\/uploads\/2025\/09\/R2_102-1024x863.png 1024w, https:\/\/lignesauto.fr\/wp-content\/uploads\/2025\/09\/R2_102-300x253.png 300w, https:\/\/lignesauto.fr\/wp-content\/uploads\/2025\/09\/R2_102-768x647.png 768w, https:\/\/lignesauto.fr\/wp-content\/uploads\/2025\/09\/R2_102.png 1417w\" sizes=\"(max-width: 1024px) 100vw, 1024px\" \/><figcaption class=\"wp-element-caption\">Huit ann\u00e9es s\u00e9parent ces deux parutions de l&#8217;auto-journal : mai 1971 &#8211; mai 1979. Mais c&#8217;est la m\u00eame voiture qui est r\u00e9v\u00e9l\u00e9e : la petite Renault 2. Premier \u00e9pisode, avec l&#8217;article de mai 1971&#8230;<\/figcaption><\/figure>\n\n\n\n<p style=\"font-size:17px\">\u00c0 travers les deux publications de l\u2019auto-journal dat\u00e9es de 1971 et de 1979, nous retra\u00e7ons les coulisses de ces deux scoops sur la Renault 2, en les repla\u00e7ant dans leur contexte. Gr\u00e2ce \u00e0 nos archives, nous pouvons d\u00e9tailler ce qui se passait r\u00e9ellement en coulisse chez Renault au moment m\u00eame o\u00f9 le journaliste sp\u00e9cialis\u00e9 Gilles Gu\u00e9rithault (voir Bonus) r\u00e9digeait ses articles. Une histoire savoureuse appuy\u00e9e par des documents d\u2019\u00e9poque. Et accessoirement, un \u00e9clairage sur le difficile m\u00e9tier de journaliste chasseur de \u00ab&nbsp;scoops&nbsp;\u00bb&nbsp;!<\/p>\n\n\n\n<figure class=\"wp-block-image size-large\"><img loading=\"lazy\" decoding=\"async\" width=\"1024\" height=\"752\" src=\"https:\/\/lignesauto.fr\/wp-content\/uploads\/2025\/09\/R2_07-1024x752.png\" alt=\"\" class=\"wp-image-42559\" srcset=\"https:\/\/lignesauto.fr\/wp-content\/uploads\/2025\/09\/R2_07-1024x752.png 1024w, https:\/\/lignesauto.fr\/wp-content\/uploads\/2025\/09\/R2_07-300x220.png 300w, https:\/\/lignesauto.fr\/wp-content\/uploads\/2025\/09\/R2_07-768x564.png 768w, https:\/\/lignesauto.fr\/wp-content\/uploads\/2025\/09\/R2_07.png 1417w\" sizes=\"(max-width: 1024px) 100vw, 1024px\" \/><figcaption class=\"wp-element-caption\">Les dessins publi\u00e9s dans l&#8217;auto-journal en mai 1971 sont de Ren\u00e9 Bellu. Son fils, notre confr\u00e8re Serge Bellu y va \u00e9galement de son illustration dans ce sujet.<\/figcaption><\/figure>\n\n\n\n<p style=\"font-size:17px\">Il faut d\u2019abord ouvrir le catalogue de l\u2019offre Renault de 1971 pour prendre conscience de cette int\u00e9ressante petite R2 novatrice. La gamme compte alors sur la Renault 4, la version Rodeo, la Renault 6, la Renault 8 Major, la Renault 8S, la Renault 10 Major, la Renault 12, la version break, la sportive Gordini et la Renault 16, ci-dessous un dessin. de Gaston Juchet.<\/p>\n\n\n\n<figure class=\"wp-block-image size-large\"><img loading=\"lazy\" decoding=\"async\" width=\"1024\" height=\"630\" src=\"http:\/\/lignesauto.fr\/wp-content\/uploads\/2025\/09\/R2_11\u00a7-1024x630.png\" alt=\"\" class=\"wp-image-42562\" srcset=\"https:\/\/lignesauto.fr\/wp-content\/uploads\/2025\/09\/R2_11\u00a7-1024x630.png 1024w, https:\/\/lignesauto.fr\/wp-content\/uploads\/2025\/09\/R2_11\u00a7-300x185.png 300w, https:\/\/lignesauto.fr\/wp-content\/uploads\/2025\/09\/R2_11\u00a7-768x473.png 768w, https:\/\/lignesauto.fr\/wp-content\/uploads\/2025\/09\/R2_11\u00a7.png 1417w\" sizes=\"(max-width: 1024px) 100vw, 1024px\" \/><figcaption class=\"wp-element-caption\">Dessin de la Renault 16 dat\u00e9 de 1962 : une grande porte avant et une petite \u00e0 l&#8217;arri\u00e8re sans poign\u00e9e, \u00e9trange&#8230;<\/figcaption><\/figure>\n\n\n\n<p style=\"font-size:17px\">Il existe donc encore deux mod\u00e8les \u00e0 moteur arri\u00e8re, alors que les tractions sont toutes \u00e0 moteur longitudinal. Seule la 16 semble faire preuve de r\u00e9elles innovations dans son segment, principalement architecturales avec sa forme bicorps et son habitacle modulable. Pour le reste, la gamme sent un peu la poussi\u00e8re. Mais le 6 mai 1971, lorsque sort la revue en kiosque avec la R2 en UNE, le duo R15\/R17 n\u2019a pas encore \u00e9t\u00e9 r\u00e9v\u00e9l\u00e9&nbsp;: les deux coup\u00e9s le seront deux mois plus tard, en juillet. Premier signe d\u2019un renouveau de la R\u00e9gie. Ci-dessous, un dessin d&#8217;\u00e9tude de la Renault 17 r\u00e9alis\u00e9 par Gaston Juchet.<\/p>\n\n\n\n<figure class=\"wp-block-image size-large\"><img loading=\"lazy\" decoding=\"async\" width=\"1024\" height=\"520\" src=\"https:\/\/lignesauto.fr\/wp-content\/uploads\/2025\/09\/R2_114-1024x520.png\" alt=\"\" class=\"wp-image-42564\" srcset=\"https:\/\/lignesauto.fr\/wp-content\/uploads\/2025\/09\/R2_114-1024x520.png 1024w, https:\/\/lignesauto.fr\/wp-content\/uploads\/2025\/09\/R2_114-300x152.png 300w, https:\/\/lignesauto.fr\/wp-content\/uploads\/2025\/09\/R2_114-768x390.png 768w, https:\/\/lignesauto.fr\/wp-content\/uploads\/2025\/09\/R2_114.png 1417w\" sizes=\"(max-width: 1024px) 100vw, 1024px\" \/><figcaption class=\"wp-element-caption\">Cette proposition \u00e0 calandre invers\u00e9e en partie basse a longtemps \u00e9t\u00e9 confront\u00e9e \u00e0 la version d\u00e9finitive qui sera commercialis\u00e9e en 1971.<\/figcaption><\/figure>\n\n\n\n<p style=\"font-size:17px\">En revanche, en coulisse chez Renault, on n\u2019\u00e9voque pas de petite R2. Le style et les ing\u00e9nieurs sont arriv\u00e9s presque au terme de l\u2019\u00e9tude du projet 122 qui donnera naissance \u00e0 la R5 en janvier 1972. Est-ce que l\u2019auto-journal aurait confondu la R5 et la R2&nbsp;?<\/p>\n\n\n\n<figure class=\"wp-block-image size-large\"><img loading=\"lazy\" decoding=\"async\" width=\"1024\" height=\"819\" src=\"https:\/\/lignesauto.fr\/wp-content\/uploads\/2025\/09\/R2_110-1024x819.jpg\" alt=\"\" class=\"wp-image-42572\" srcset=\"https:\/\/lignesauto.fr\/wp-content\/uploads\/2025\/09\/R2_110-1024x819.jpg 1024w, https:\/\/lignesauto.fr\/wp-content\/uploads\/2025\/09\/R2_110-300x240.jpg 300w, https:\/\/lignesauto.fr\/wp-content\/uploads\/2025\/09\/R2_110-768x614.jpg 768w, https:\/\/lignesauto.fr\/wp-content\/uploads\/2025\/09\/R2_110.jpg 1417w\" sizes=\"(max-width: 1024px) 100vw, 1024px\" \/><figcaption class=\"wp-element-caption\">Pour le journaliste Gilles Gu\u00e9rithault, la R5 &#8220;<em>est beaucoup moins int\u00e9ressante et innovante que la petite Renault<\/em>&#8221; r\u00e9v\u00e9l\u00e9e dans l&#8217;auto-journal en mai 1971.<\/figcaption><\/figure>\n\n\n\n<p style=\"font-size:17px\">Non, il n&#8217;y a pas de confusion, car la R5 est bel et bien cit\u00e9e dans le sujet de Gilles Gu\u00e9rithault et en des termes pas forc\u00e9ment \u00e9logieux : \u00ab <em>il est vraisemblable que ce mod\u00e8le <\/em>(la R2 NDA)<em> ne sera lanc\u00e9 qu\u2019apr\u00e8s l\u2019apparition, au printemps 1972, d\u2019une R5 beaucoup moins int\u00e9ressante \u00e0 laquelle Renault semble tenir. (&#8230;\/&#8230;) La disposition m\u00e9canique de la R4 est conserv\u00e9e. Il est regrettable que Billancourt ait fait passer le compromis avant la cr\u00e9ation. (&#8230;\/&#8230;) Nous reviendrons naturellement sur cette R5 qui pr\u00e9c\u00e9dera la R2. Nos lecteurs pourront alors constater l\u2019ab\u00eeme qui s\u00e9pare un v\u00e9hicule remani\u00e9 d\u2019un mod\u00e8le absolument nouveau.<\/em> \u00bb<\/p>\n\n\n\n<figure class=\"wp-block-image size-large\"><img loading=\"lazy\" decoding=\"async\" width=\"1024\" height=\"597\" src=\"https:\/\/lignesauto.fr\/wp-content\/uploads\/2025\/09\/R2_111-1024x597.png\" alt=\"\" class=\"wp-image-42568\" srcset=\"https:\/\/lignesauto.fr\/wp-content\/uploads\/2025\/09\/R2_111-1024x597.png 1024w, https:\/\/lignesauto.fr\/wp-content\/uploads\/2025\/09\/R2_111-300x175.png 300w, https:\/\/lignesauto.fr\/wp-content\/uploads\/2025\/09\/R2_111-768x448.png 768w, https:\/\/lignesauto.fr\/wp-content\/uploads\/2025\/09\/R2_111.png 1417w\" sizes=\"(max-width: 1024px) 100vw, 1024px\" \/><figcaption class=\"wp-element-caption\">D\u00e8s 1971, alors que la R2 est en UNE de l&#8217;auto-journal, la R5 est pr\u00eate, y compris dans une version 5 portes qui ne sera pr\u00e9sent\u00e9e qu&#8217;en juillet 1979.<\/figcaption><\/figure>\n\n\n\n<p style=\"font-size:17px\">Chez Renault dans le m\u00eame temps, plut\u00f4t que d\u2019\u00e9voquer une \u00ab&nbsp;petite&nbsp;\u00bb voiture, le style men\u00e9 par Gaston Juchet a d\u2019ores et d\u00e9j\u00e0 r\u00e9alis\u00e9 en 1971 des maquettes d\u2019un programme ambitieux&nbsp;: la Renault 14 ci-dessous qui doit aider la Renault 12 face \u00e0 une concurrence acharn\u00e9e sur le segment des compactes. La Simca 1100 de 1967 et la Peugeot 204 de 1965 n\u2019ont pas de r\u00e9elles concurrentes \u00e0 Billancourt.<\/p>\n\n\n\n<figure class=\"wp-block-image size-large\"><img loading=\"lazy\" decoding=\"async\" width=\"1024\" height=\"538\" src=\"https:\/\/lignesauto.fr\/wp-content\/uploads\/2025\/09\/R2_117-1024x538.png\" alt=\"\" class=\"wp-image-42570\" srcset=\"https:\/\/lignesauto.fr\/wp-content\/uploads\/2025\/09\/R2_117-1024x538.png 1024w, https:\/\/lignesauto.fr\/wp-content\/uploads\/2025\/09\/R2_117-300x158.png 300w, https:\/\/lignesauto.fr\/wp-content\/uploads\/2025\/09\/R2_117-768x404.png 768w, https:\/\/lignesauto.fr\/wp-content\/uploads\/2025\/09\/R2_117.png 1417w\" sizes=\"(max-width: 1024px) 100vw, 1024px\" \/><figcaption class=\"wp-element-caption\">Suite aux accords Peugeot-Renault, les maquettes de la Renault 14 (\u00e0 gauche et \u00e0 droite de la Fiat 127) sont expos\u00e9es sur la terrasse du design&#8230; Peugeot \u00e0 la Garenne !<\/figcaption><\/figure>\n\n\n\n<p style=\"font-size:17px\">La Renault 14 qui sortira en 1976 est pratiquement fig\u00e9e au niveau du style en 1971 alors que de son c\u00f4t\u00e9, l\u2019auto-journal d\u00e9voile la R2. Mais \u00e7a, \u00e9videmment, les journalistes ne le savent pas encore. Gilles Gu\u00e9rithault semble plut\u00f4t obnubil\u00e9 par la Mini (voir ci-dessous l&#8217;extrait du sujet de 1971) et met Renault devant ses incoh\u00e9rences&nbsp;: il n\u2019existe pas dans la gamme de Renault capable de concurrencer la Mini, alors que le constructeur nationalis\u00e9 est connu justement pour ses succ\u00e8s sur le march\u00e9 des petites voitures.<\/p>\n\n\n\n<figure class=\"wp-block-image size-large\"><img loading=\"lazy\" decoding=\"async\" width=\"1024\" height=\"744\" src=\"https:\/\/lignesauto.fr\/wp-content\/uploads\/2025\/09\/R2_09-1024x744.png\" alt=\"\" class=\"wp-image-42566\" srcset=\"https:\/\/lignesauto.fr\/wp-content\/uploads\/2025\/09\/R2_09-1024x744.png 1024w, https:\/\/lignesauto.fr\/wp-content\/uploads\/2025\/09\/R2_09-300x218.png 300w, https:\/\/lignesauto.fr\/wp-content\/uploads\/2025\/09\/R2_09-768x558.png 768w, https:\/\/lignesauto.fr\/wp-content\/uploads\/2025\/09\/R2_09.png 1417w\" sizes=\"(max-width: 1024px) 100vw, 1024px\" \/><figcaption class=\"wp-element-caption\">Dans l&#8217;article qu&#8217;il r\u00e9dige, Gilles Gu\u00e9rithault met en concurrence la R2 et la Mini, mais pas seulement&#8230;<\/figcaption><\/figure>\n\n\n\n<p style=\"font-size:17px\">\u00ab&nbsp;<em>Si la R2 est tr\u00e8s courte, puisqu\u2019elle se contente de 3,02 m, elle est d\u2019autre part large, et m\u00eame tr\u00e8s large&nbsp;: 1,53 m<\/em>&nbsp;\u00bb explique le journaliste Jean Mistral dans le sujet de l\u2019auto-journal. Ce dernier n\u2019est autre que&#8230; Gilles Gu\u00e9rithault qui signe de ce nom lorsque les informations touchent directement au produit&nbsp;! 1,43 m de large, c\u2019est effectivement plus que les R4, 2CV, Dyane, Mini et c\u2019est un centim\u00e8tre de moins seulement que la R6&nbsp;!<\/p>\n\n\n\n<figure class=\"wp-block-image size-large\"><img loading=\"lazy\" decoding=\"async\" width=\"1024\" height=\"319\" src=\"https:\/\/lignesauto.fr\/wp-content\/uploads\/2025\/09\/R2_113-1024x319.png\" alt=\"\" class=\"wp-image-42574\" srcset=\"https:\/\/lignesauto.fr\/wp-content\/uploads\/2025\/09\/R2_113-1024x319.png 1024w, https:\/\/lignesauto.fr\/wp-content\/uploads\/2025\/09\/R2_113-300x94.png 300w, https:\/\/lignesauto.fr\/wp-content\/uploads\/2025\/09\/R2_113-768x240.png 768w, https:\/\/lignesauto.fr\/wp-content\/uploads\/2025\/09\/R2_113.png 1417w\" sizes=\"(max-width: 1024px) 100vw, 1024px\" \/><figcaption class=\"wp-element-caption\">Tableau des projets en cours et des projets non retenus entre 1968 et 1983, r\u00e9alis\u00e9 d&#8217;apr\u00e8s les notes de Gaston Juchet, patron du style Renault \u00e0 l&#8217;\u00e9poque.<\/figcaption><\/figure>\n\n\n\n<p style=\"font-size:17px\">En coulisse, la R5 pourtant d\u00e9cri\u00e9e en interne par la moiti\u00e9 des hommes du commerce \u2013 notamment \u00e0 cause de ses seules deux portes \u2013 est l\u2019objet de toutes les attentions. Et le probl\u00e8me pour ce premier scoop sur la R2, c\u2019est qu\u2019il n\u2019y a aucune trace de ce projet dans les notes personnelles de Gaston Juchet comme on peut le voir ci-dessus avec leur retranscription.<\/p>\n\n\n\n<figure class=\"wp-block-image size-large\"><img loading=\"lazy\" decoding=\"async\" width=\"1024\" height=\"549\" src=\"https:\/\/lignesauto.fr\/wp-content\/uploads\/2025\/09\/R2_118-1024x549.png\" alt=\"\" class=\"wp-image-42577\" srcset=\"https:\/\/lignesauto.fr\/wp-content\/uploads\/2025\/09\/R2_118-1024x549.png 1024w, https:\/\/lignesauto.fr\/wp-content\/uploads\/2025\/09\/R2_118-300x161.png 300w, https:\/\/lignesauto.fr\/wp-content\/uploads\/2025\/09\/R2_118-768x412.png 768w, https:\/\/lignesauto.fr\/wp-content\/uploads\/2025\/09\/R2_118.png 1417w\" sizes=\"(max-width: 1024px) 100vw, 1024px\" \/><figcaption class=\"wp-element-caption\">En 1968, bien avant les Renault 17 et Renault 5, le projet 120 mettait en avant les protections de type &#8220;bouclier&#8221; en mat\u00e9riaux composites.<\/figcaption><\/figure>\n\n\n\n<p style=\"font-size:17px\">De 1968 \u00e0 1972, pas de R2 en vue. En revanche, pas mal de projets \u00e0 l\u2019\u00e9tude ne verront pas le jour&nbsp;: le 120 notamment ci-dessus qui, en 1968, jette les bases de ce qui deviendra en 1975 la R30. Le coup\u00e9 R5 ci-dessous \u00e9tudi\u00e9 sous deux formes diff\u00e9rentes ne sera pas non plus commercialis\u00e9. Et c\u2019est dans cette p\u00e9riode qu\u2019est lanc\u00e9 le programme du renouvellement de la gamme Alpine, le NGA, dont les maquettes resteront \u00e9galement sans suite. Mais de petite R2, pas la moindre trace&#8230;<\/p>\n\n\n\n<figure class=\"wp-block-image size-large\"><img loading=\"lazy\" decoding=\"async\" width=\"1024\" height=\"468\" src=\"https:\/\/lignesauto.fr\/wp-content\/uploads\/2025\/09\/R2_108-1024x468.png\" alt=\"\" class=\"wp-image-42579\" srcset=\"https:\/\/lignesauto.fr\/wp-content\/uploads\/2025\/09\/R2_108-1024x468.png 1024w, https:\/\/lignesauto.fr\/wp-content\/uploads\/2025\/09\/R2_108-300x137.png 300w, https:\/\/lignesauto.fr\/wp-content\/uploads\/2025\/09\/R2_108-768x351.png 768w, https:\/\/lignesauto.fr\/wp-content\/uploads\/2025\/09\/R2_108.png 1417w\" sizes=\"(max-width: 1024px) 100vw, 1024px\" \/><figcaption class=\"wp-element-caption\">La &#8220;122 TS&#8221; (comme indiqu\u00e9 sur les flancs) devait devenir la R5 TS Coup\u00e9. Mais le projet restera sans suite. Ce dessin date de 1970, un an avant les r\u00e9v\u00e9lations de l&#8217;auto-journal sur une potentielle petite Renault.<\/figcaption><\/figure>\n\n\n\n<p style=\"font-size:17px\">Gilles Gu\u00e9rithault se serait-il tromp\u00e9&nbsp;? Connaissant le personnage, on en doute&nbsp;! Il faut donc aller chercher ailleurs l\u2019origine de ce papier. Et c\u2019est en d\u00e9couvrant dans l\u2019article de mai 1971 les dessins de la modularit\u00e9 \u00e0 bord de la R2 que l\u2019on comprend mieux, m\u00eame s\u2019il demeure une \u00e9nigme. Je m\u2019explique&nbsp;: en mai 1971, l\u2019auto-journal publie le sujet sur la R2 avec une pleine double page sur la modularit\u00e9 exceptionnelle de cette petite voiture \u00ab&nbsp;<em>plus large que haute<\/em>&nbsp;\u00bb.<\/p>\n\n\n\n<figure class=\"wp-block-image size-large\"><img loading=\"lazy\" decoding=\"async\" width=\"1024\" height=\"770\" src=\"https:\/\/lignesauto.fr\/wp-content\/uploads\/2025\/09\/R2_08-1024x770.png\" alt=\"\" class=\"wp-image-42581\" srcset=\"https:\/\/lignesauto.fr\/wp-content\/uploads\/2025\/09\/R2_08-1024x770.png 1024w, https:\/\/lignesauto.fr\/wp-content\/uploads\/2025\/09\/R2_08-300x225.png 300w, https:\/\/lignesauto.fr\/wp-content\/uploads\/2025\/09\/R2_08-768x577.png 768w, https:\/\/lignesauto.fr\/wp-content\/uploads\/2025\/09\/R2_08.png 1417w\" sizes=\"(max-width: 1024px) 100vw, 1024px\" \/><figcaption class=\"wp-element-caption\">Gilles Gu\u00e9rithault \u00e9voque dans son article une modularit\u00e9 assez moderne pour la petite Renault. <\/figcaption><\/figure>\n\n\n\n<p style=\"font-size:17px\">Jean Mistral, alias Gilles Gu\u00e9rithault explique que \u00ab&nbsp;<em>l\u2019am\u00e9nagement int\u00e9rieur se pr\u00e9sente de fa\u00e7on originale et ing\u00e9nieuse.<\/em>&nbsp;\u00bb Les dessins scolaires qui accompagnent ses dires sont incroyables&nbsp;: l\u2019architecture de la Twingo est l\u00e0, sous nos yeux&nbsp;! La petite R2, contrairement \u00e0 ses rivales d\u2019alors, dispose de quatre si\u00e8ges ind\u00e9pendants sans banquette \u00e0 l\u2019arri\u00e8re. Les deux si\u00e8ges arri\u00e8re se replient dans le plancher. Le si\u00e8ge passager avant bascule totalement offrant un long plancher de coffre&#8230;<\/p>\n\n\n\n<figure class=\"wp-block-image size-large\"><img loading=\"lazy\" decoding=\"async\" width=\"1024\" height=\"713\" src=\"https:\/\/lignesauto.fr\/wp-content\/uploads\/2025\/09\/R2_105-1024x713.png\" alt=\"\" class=\"wp-image-42582\" srcset=\"https:\/\/lignesauto.fr\/wp-content\/uploads\/2025\/09\/R2_105-1024x713.png 1024w, https:\/\/lignesauto.fr\/wp-content\/uploads\/2025\/09\/R2_105-300x209.png 300w, https:\/\/lignesauto.fr\/wp-content\/uploads\/2025\/09\/R2_105-768x534.png 768w, https:\/\/lignesauto.fr\/wp-content\/uploads\/2025\/09\/R2_105.png 1417w\" sizes=\"(max-width: 1024px) 100vw, 1024px\" \/><figcaption class=\"wp-element-caption\">Sur fond noir, les id\u00e9es r\u00e9v\u00e9l\u00e9es par l&#8217;auto-journal en 1971 et sur fond rouge celles d\u00e9velopp\u00e9es par Renault en 1975. \u00c9trange !<\/figcaption><\/figure>\n\n\n\n<p style=\"font-size:17px\">Et c\u2019est ici que l\u2019\u00e9nigme appara\u00eet car Renault a travaill\u00e9 sur cette architecture qui se retrouvera \u00e0 bord des premi\u00e8res maquettes du projet VBG (V\u00e9hicule Bas de Gamme). Alors me direz-vous, Gilles Gu\u00e9rithault \u00e9tait tr\u00e8s bien inform\u00e9&nbsp;? Oui, comme toujours, mais il y a un probl\u00e8me de taille&nbsp;: le sujet de l\u2019auto-journal date de 1971. Or, les premi\u00e8res \u00e9tudes de modularit\u00e9 pour les VBG de Renault n\u2019ont d\u00e9but\u00e9 qu\u2019en juin 1975, comme on le voit ci-dessous avec le dossier d\u2019\u00e9tude.<\/p>\n\n\n\n<figure class=\"wp-block-image size-large\"><img loading=\"lazy\" decoding=\"async\" width=\"1024\" height=\"509\" src=\"https:\/\/lignesauto.fr\/wp-content\/uploads\/2025\/09\/R2_103-1024x509.png\" alt=\"\" class=\"wp-image-42584\" srcset=\"https:\/\/lignesauto.fr\/wp-content\/uploads\/2025\/09\/R2_103-1024x509.png 1024w, https:\/\/lignesauto.fr\/wp-content\/uploads\/2025\/09\/R2_103-300x149.png 300w, https:\/\/lignesauto.fr\/wp-content\/uploads\/2025\/09\/R2_103-768x382.png 768w, https:\/\/lignesauto.fr\/wp-content\/uploads\/2025\/09\/R2_103.png 1417w\" sizes=\"(max-width: 1024px) 100vw, 1024px\" \/><\/figure>\n\n\n\n<p style=\"font-size:17px\">Alors, Gilles Gu\u00e9rithault a-t-il r\u00e9dig\u00e9 ce papier pour pousser Renault \u00e0 concevoir une mini intelligente avec un moteur avant transversal et une modularit\u00e9 in\u00e9dite&nbsp;? &nbsp;\u00c7a, on ne le saura jamais&#8230; Mais cette chute est une tr\u00e8s bonne transition vers le second sujet avec un nouvel article sur la R2 publi\u00e9 dans l\u2019auto-journal en 1979. Et cette fois, avec des photos&nbsp;! C\u2019est l\u2019objet du second sujet qui sera prochainement publi\u00e9 sur ce site&nbsp;: \u00ab&nbsp;<em>Le d\u00e9cryptage des scoops de la Renault 2 \u2013 partie 2 \u2013 1979<\/em>&nbsp;\u00bb<\/p>\n\n\n\n<p class=\"has-text-align-center\" style=\"font-size:18px\"><strong>BONUS : Gilles Gu\u00e9rithault (1918-2017)<\/strong><\/p>\n\n\n\n<figure class=\"wp-block-image size-large\"><img loading=\"lazy\" decoding=\"async\" width=\"1024\" height=\"787\" src=\"https:\/\/lignesauto.fr\/wp-content\/uploads\/2025\/09\/R2_998-1024x787.png\" alt=\"\" class=\"wp-image-42588\" srcset=\"https:\/\/lignesauto.fr\/wp-content\/uploads\/2025\/09\/R2_998-1024x787.png 1024w, https:\/\/lignesauto.fr\/wp-content\/uploads\/2025\/09\/R2_998-300x231.png 300w, https:\/\/lignesauto.fr\/wp-content\/uploads\/2025\/09\/R2_998-768x590.png 768w, https:\/\/lignesauto.fr\/wp-content\/uploads\/2025\/09\/R2_998.png 1417w\" sizes=\"(max-width: 1024px) 100vw, 1024px\" \/><\/figure>\n\n\n\n<p style=\"font-size:17px\">Gilles Gu\u00e9rithault r\u00e9gnait au c\u0153ur de l\u2019\u00e9quipe qui a lanc\u00e9 l\u2019auto-journal le 15 janvier 1950 avec notamment Andr\u00e9 Costa. Gu\u00e9rithault est l\u2019homme des scoops automobiles des ann\u00e9es 1950 jusqu\u2019\u00e0 son d\u00e9part de l\u2019auto-journal, au d\u00e9but des ann\u00e9es 1990. Sa chasse \u00e0 la Citro\u00ebn VGD (la DS de 1955) lui vaudra un proc\u00e8s o\u00f9 il verra ses cheveux blanchir en un temps record. Citro\u00ebn perdit ce long proc\u00e8s entam\u00e9 avant m\u00eame que la DS fut r\u00e9v\u00e9l\u00e9e, en octobre 1955.<\/p>\n\n\n\n<figure class=\"wp-block-image size-large\"><img loading=\"lazy\" decoding=\"async\" width=\"795\" height=\"1024\" src=\"https:\/\/lignesauto.fr\/wp-content\/uploads\/2025\/09\/R2_999-795x1024.png\" alt=\"\" class=\"wp-image-42589\" srcset=\"https:\/\/lignesauto.fr\/wp-content\/uploads\/2025\/09\/R2_999-795x1024.png 795w, https:\/\/lignesauto.fr\/wp-content\/uploads\/2025\/09\/R2_999-233x300.png 233w, https:\/\/lignesauto.fr\/wp-content\/uploads\/2025\/09\/R2_999-768x989.png 768w, https:\/\/lignesauto.fr\/wp-content\/uploads\/2025\/09\/R2_999-1193x1536.png 1193w, https:\/\/lignesauto.fr\/wp-content\/uploads\/2025\/09\/R2_999.png 1417w\" sizes=\"(max-width: 795px) 100vw, 795px\" \/><figcaption class=\"wp-element-caption\">La UNE de l&#8217;auto-journal de septembre 1955, un mois avant la r\u00e9v\u00e9lation de la &#8220;bombe Citro\u00ebn&#8221;, r\u00e9v\u00e8le tous les secrets de cette sensationnelle berline.<\/figcaption><\/figure>\n\n\n\n<p style=\"font-size:17px\">Quant \u00e0 Gilles Gu\u00e9rithault, j\u2019ai eu le privil\u00e8ge de travailler \u00e0 ses c\u00f4t\u00e9s dans la rubrique des scoops automobiles, juste avant sa retraite. Je lui ai succ\u00e9d\u00e9, car on ne remplace pas un g\u00e9ant comme Gilles&#8230; Je garde de lui l\u2019image d\u2019un homme talentueux, \u00e9picurien, excellent journaliste qui a interview\u00e9 les plus grands patrons automobiles. Il m\u2019avait fichu la peur de ma vie en 1991 lorsque j\u2019ai cru le voir mort, affal\u00e9 sur le si\u00e8ge conducteur de sa Citro\u00ebn ZX gar\u00e9e au sous-sol dans le parking du journal. Il \u00e9tait simplement en train de dormir apr\u00e8s l\u2019un de ces nombreux bons repas. Puis il remontait s\u2019asseoir \u00e0 son bureau, \u00e0 trois m\u00e8tres du mien, pour grignoter un biscuit. Il s&#8217;installait alors devant sa machine Japy et frappait le clavier avec une vigueur assez g\u00e9n\u00e9reuse pour que tous les \u00ab&nbsp;o&nbsp;\u00bb de ses textes se transforment en petits trous qui laissaient passer la lumi\u00e8re lorsqu\u2019il arrachait les pages de sa machine. Sa fa\u00e7on \u00e0 lui de lancer des \u00e9toiles brillantes dans le ciel d\u2019une carri\u00e8re incomparable.<\/p>\n\n\n<div class=\"wp-block-image\">\n<figure class=\"aligncenter size-full is-resized\"><img loading=\"lazy\" decoding=\"async\" width=\"1024\" height=\"288\" src=\"http:\/\/lignesauto.fr\/wp-content\/uploads\/2025\/07\/image.png\" alt=\"\" class=\"wp-image-41875\" style=\"width:473px;height:auto\" srcset=\"https:\/\/lignesauto.fr\/wp-content\/uploads\/2025\/07\/image.png 1024w, https:\/\/lignesauto.fr\/wp-content\/uploads\/2025\/07\/image-300x84.png 300w, https:\/\/lignesauto.fr\/wp-content\/uploads\/2025\/07\/image-768x216.png 768w\" sizes=\"(max-width: 1024px) 100vw, 1024px\" \/><\/figure><\/div>","protected":false},"excerpt":{"rendered":"<p>\u00c0 travers les deux publications de l\u2019auto-journal dat\u00e9es de 1971 et de 1979, nous retra\u00e7ons les coulisses de ces deux scoops sur la Renault 2, en les repla\u00e7ant dans leur contexte. Gr\u00e2ce \u00e0 nos archives, nous pouvons d\u00e9tailler ce qui se passait r\u00e9ellement en coulisse chez Renault au moment m\u00eame [&hellip;]<\/p>\n","protected":false},"author":1,"featured_media":42557,"comment_status":"closed","ping_status":"closed","sticky":false,"template":"","format":"standard","meta":{"footnotes":""},"categories":[1],"tags":[],"_links":{"self":[{"href":"https:\/\/lignesauto.fr\/index.php?rest_route=\/wp\/v2\/posts\/42552"}],"collection":[{"href":"https:\/\/lignesauto.fr\/index.php?rest_route=\/wp\/v2\/posts"}],"about":[{"href":"https:\/\/lignesauto.fr\/index.php?rest_route=\/wp\/v2\/types\/post"}],"author":[{"embeddable":true,"href":"https:\/\/lignesauto.fr\/index.php?rest_route=\/wp\/v2\/users\/1"}],"replies":[{"embeddable":true,"href":"https:\/\/lignesauto.fr\/index.php?rest_route=%2Fwp%2Fv2%2Fcomments&post=42552"}],"version-history":[{"count":49,"href":"https:\/\/lignesauto.fr\/index.php?rest_route=\/wp\/v2\/posts\/42552\/revisions"}],"predecessor-version":[{"id":42667,"href":"https:\/\/lignesauto.fr\/index.php?rest_route=\/wp\/v2\/posts\/42552\/revisions\/42667"}],"wp:featuredmedia":[{"embeddable":true,"href":"https:\/\/lignesauto.fr\/index.php?rest_route=\/wp\/v2\/media\/42557"}],"wp:attachment":[{"href":"https:\/\/lignesauto.fr\/index.php?rest_route=%2Fwp%2Fv2%2Fmedia&parent=42552"}],"wp:term":[{"taxonomy":"category","embeddable":true,"href":"https:\/\/lignesauto.fr\/index.php?rest_route=%2Fwp%2Fv2%2Fcategories&post=42552"},{"taxonomy":"post_tag","embeddable":true,"href":"https:\/\/lignesauto.fr\/index.php?rest_route=%2Fwp%2Fv2%2Ftags&post=42552"}],"curies":[{"name":"wp","href":"https:\/\/api.w.org\/{rel}","templated":true}]}}