{"id":43048,"date":"2025-10-17T11:40:58","date_gmt":"2025-10-17T09:40:58","guid":{"rendered":"https:\/\/lignesauto.fr\/?p=43048"},"modified":"2025-10-17T11:40:58","modified_gmt":"2025-10-17T09:40:58","slug":"waiting-for-the-twingo-4-the-genesis-of-the-twingo-2-why-did-it-miss-the-mark","status":"publish","type":"post","link":"https:\/\/lignesauto.fr\/?p=43048","title":{"rendered":"Waiting for the Twingo 4\u2026 The genesis of the Twingo 2: why did it miss the mark?"},"content":{"rendered":"<div class=\"wp-block-image\">\n<figure class=\"aligncenter size-full is-resized\"><img loading=\"lazy\" decoding=\"async\" width=\"1024\" height=\"288\" src=\"http:\/\/lignesauto.fr\/wp-content\/uploads\/2025\/07\/image.png\" alt=\"\" class=\"wp-image-41875\" style=\"width:612px;height:auto\" srcset=\"https:\/\/lignesauto.fr\/wp-content\/uploads\/2025\/07\/image.png 1024w, https:\/\/lignesauto.fr\/wp-content\/uploads\/2025\/07\/image-300x84.png 300w, https:\/\/lignesauto.fr\/wp-content\/uploads\/2025\/07\/image-768x216.png 768w\" sizes=\"(max-width: 1024px) 100vw, 1024px\" \/><\/figure><\/div>\n\n\n<figure class=\"wp-block-image size-large\"><img loading=\"lazy\" decoding=\"async\" width=\"1024\" height=\"658\" src=\"https:\/\/lignesauto.fr\/wp-content\/uploads\/2025\/10\/TWIN_101-1024x658.png\" alt=\"\" class=\"wp-image-42966\" srcset=\"https:\/\/lignesauto.fr\/wp-content\/uploads\/2025\/10\/TWIN_101-1024x658.png 1024w, https:\/\/lignesauto.fr\/wp-content\/uploads\/2025\/10\/TWIN_101-300x193.png 300w, https:\/\/lignesauto.fr\/wp-content\/uploads\/2025\/10\/TWIN_101-768x493.png 768w, https:\/\/lignesauto.fr\/wp-content\/uploads\/2025\/10\/TWIN_101.png 1417w\" sizes=\"(max-width: 1024px) 100vw, 1024px\" \/><figcaption class=\"wp-element-caption\">The first three generations of Twingo are very different from each other. The fourth generation above revives the monocoque theme of the original model.<\/figcaption><\/figure>\n\n\n\n<p style=\"font-size:17px\">On 6 November, Renault will unveil the fourth generation of the Twingo (above), which will retain the aesthetic and minivan theme of the first model, launched in 1992, but in a 100% electric version. Those who witnessed the presentation of the first Twingo at the 1992 Paris Motor Show below will no doubt remember the jubilation that accompanied it. So much so that some compared this presentation to that of the DS in October 1955: the crowd was dense and everyone wanted to touch this funny little car.<\/p>\n\n\n\n<figure class=\"wp-block-image size-large\"><img loading=\"lazy\" decoding=\"async\" width=\"1024\" height=\"679\" src=\"http:\/\/lignesauto.fr\/wp-content\/uploads\/2025\/10\/TWIN_102-1024x679.jpg\" alt=\"\" class=\"wp-image-42969\" srcset=\"https:\/\/lignesauto.fr\/wp-content\/uploads\/2025\/10\/TWIN_102-1024x679.jpg 1024w, https:\/\/lignesauto.fr\/wp-content\/uploads\/2025\/10\/TWIN_102-300x199.jpg 300w, https:\/\/lignesauto.fr\/wp-content\/uploads\/2025\/10\/TWIN_102-768x509.jpg 768w, https:\/\/lignesauto.fr\/wp-content\/uploads\/2025\/10\/TWIN_102.jpg 1417w\" sizes=\"(max-width: 1024px) 100vw, 1024px\" \/><figcaption class=\"wp-element-caption\">The Twingo models on display at the 1992 Paris Motor Show suffered greatly: thousands of people tested the sliding bench seat and the seats, and shook this charming little car!<\/figcaption><\/figure>\n\n\n\n<p style=\"font-size:17px\">It is doubtful that the 4<sup>th<\/sup> generation will have the same impact, simply because the context is different and the Twingo 4 will be launched outside of a motor show. However, the connection between the first and fourth generations is clear, which was not the case with the two generations in between. While the third generation sought to resemble a small R5 Turbo with its widened rear wings (but with its rear engine, it lost ALL of its legendary modularity), <strong>the second generation remains the most criticised.<\/strong><\/p>\n\n\n\n<figure class=\"wp-block-image size-large\"><img loading=\"lazy\" decoding=\"async\" width=\"1024\" height=\"681\" src=\"https:\/\/lignesauto.fr\/wp-content\/uploads\/2025\/10\/TWIN_105-1024x681.jpg\" alt=\"\" class=\"wp-image-42971\" srcset=\"https:\/\/lignesauto.fr\/wp-content\/uploads\/2025\/10\/TWIN_105-1024x681.jpg 1024w, https:\/\/lignesauto.fr\/wp-content\/uploads\/2025\/10\/TWIN_105-300x200.jpg 300w, https:\/\/lignesauto.fr\/wp-content\/uploads\/2025\/10\/TWIN_105-768x511.jpg 768w, https:\/\/lignesauto.fr\/wp-content\/uploads\/2025\/10\/TWIN_105.jpg 1417w\" sizes=\"(max-width: 1024px) 100vw, 1024px\" \/><figcaption class=\"wp-element-caption\">The third generation Twingo shared its underpinnings with the Smart and the common \u2018Edison\u2019 platform with a rear engine! It mimicked the R5 Turbo, no less.<\/figcaption><\/figure>\n\n\n\n<p style=\"font-size:17px\">And since we love ugly ducklings at LIGNES\/auto, we&#8217;re going to tell you about its gestation during a complicated period for Renault: the 2000s. Renault had just celebrated its centenary in 1998 with the splendid VelSatis concept car designed by Florian Thiercelin.<\/p>\n\n\n\n<figure class=\"wp-block-image size-large\"><img loading=\"lazy\" decoding=\"async\" width=\"1024\" height=\"680\" src=\"https:\/\/lignesauto.fr\/wp-content\/uploads\/2025\/10\/TWIN_222-1024x680.jpg\" alt=\"\" class=\"wp-image-43045\" srcset=\"https:\/\/lignesauto.fr\/wp-content\/uploads\/2025\/10\/TWIN_222-1024x680.jpg 1024w, https:\/\/lignesauto.fr\/wp-content\/uploads\/2025\/10\/TWIN_222-300x199.jpg 300w, https:\/\/lignesauto.fr\/wp-content\/uploads\/2025\/10\/TWIN_222-768x510.jpg 768w, https:\/\/lignesauto.fr\/wp-content\/uploads\/2025\/10\/TWIN_222.jpg 1417w\" sizes=\"(max-width: 1024px) 100vw, 1024px\" \/><\/figure>\n\n\n\n<p style=\"font-size:17px\">The theme of its vertical, panoramic rear window was repeated on the M\u00e9gane saloon in 2002 (see above) and on the Avantime in 2001. It was also at this time that the large VelSatis saloon was launched. For another four years, until 2005, Renault was under the leadership of Louis Schweitzer, and it was he who chose the design of the much-maligned Twingo 2.<\/p>\n\n\n\n<figure class=\"wp-block-image size-large\"><img loading=\"lazy\" decoding=\"async\" width=\"1024\" height=\"588\" src=\"https:\/\/lignesauto.fr\/wp-content\/uploads\/2025\/10\/TWIN_05-1024x588.png\" alt=\"\" class=\"wp-image-42974\" srcset=\"https:\/\/lignesauto.fr\/wp-content\/uploads\/2025\/10\/TWIN_05-1024x588.png 1024w, https:\/\/lignesauto.fr\/wp-content\/uploads\/2025\/10\/TWIN_05-300x172.png 300w, https:\/\/lignesauto.fr\/wp-content\/uploads\/2025\/10\/TWIN_05-768x441.png 768w, https:\/\/lignesauto.fr\/wp-content\/uploads\/2025\/10\/TWIN_05.png 1417w\" sizes=\"(max-width: 1024px) 100vw, 1024px\" \/><figcaption class=\"wp-element-caption\">Carlos Ghosn had nothing to do with the unfortunate design choice for the second generation of the Twingo.<\/figcaption><\/figure>\n\n\n\n<p style=\"font-size:17px\">Although Carlos Ghosn would indeed take over as head of the French manufacturer in 2005, he was in Japan working on Nissan when the W89 programme for the second generation of the Twingo was launched, notably at Renault&#8217;s brand new design centre in Barcelona, pictured below. Located in an industrial building on Trafalgar Street, the Barcelona Design Centre was the brand&#8217;s first in Europe outside France. Opened in 1999 and inaugurated in May 2000, it has since closed its doors when Laurens van den Acker took over as Director of Renault Industrial Design.<\/p>\n\n\n\n<figure class=\"wp-block-image size-large\"><img loading=\"lazy\" decoding=\"async\" width=\"1024\" height=\"930\" src=\"https:\/\/lignesauto.fr\/wp-content\/uploads\/2025\/10\/TWIN_07-1024x930.png\" alt=\"\" class=\"wp-image-42976\" srcset=\"https:\/\/lignesauto.fr\/wp-content\/uploads\/2025\/10\/TWIN_07-1024x930.png 1024w, https:\/\/lignesauto.fr\/wp-content\/uploads\/2025\/10\/TWIN_07-300x272.png 300w, https:\/\/lignesauto.fr\/wp-content\/uploads\/2025\/10\/TWIN_07-768x698.png 768w, https:\/\/lignesauto.fr\/wp-content\/uploads\/2025\/10\/TWIN_07.png 1417w\" sizes=\"(max-width: 1024px) 100vw, 1024px\" \/><\/figure>\n\n\n\n<p style=\"font-size:17px\">This Spanish centre was followed by another in the Bastille district of Paris. Both centres worked on the future of the Twingo 2, as we shall see. In 1999, the Barcelona studio worked mainly on the Sc\u00e9nic 2 project (J84 programme), which was launched in June 2003. The designers working in Spain at the time were Vincent Pedretti, who arrived in March of that year, and Florian Thiercelin, who arrived in May. Both came from the DDI design centre in Guyancourt on a \u2018ressourcing\u2019 assignment.<\/p>\n\n\n\n<figure class=\"wp-block-image size-large\"><img loading=\"lazy\" decoding=\"async\" width=\"1024\" height=\"692\" src=\"https:\/\/lignesauto.fr\/wp-content\/uploads\/2025\/10\/TWIN_106-1024x692.png\" alt=\"\" class=\"wp-image-42978\" srcset=\"https:\/\/lignesauto.fr\/wp-content\/uploads\/2025\/10\/TWIN_106-1024x692.png 1024w, https:\/\/lignesauto.fr\/wp-content\/uploads\/2025\/10\/TWIN_106-300x203.png 300w, https:\/\/lignesauto.fr\/wp-content\/uploads\/2025\/10\/TWIN_106-768x519.png 768w, https:\/\/lignesauto.fr\/wp-content\/uploads\/2025\/10\/TWIN_106.png 1417w\" sizes=\"(max-width: 1024px) 100vw, 1024px\" \/><figcaption class=\"wp-element-caption\">The proposal for the Renault Sc\u00e9nic 2, conceived at the Renault studio in Barcelona. Designer Vincent Pedretti.<\/figcaption><\/figure>\n\n\n\n<p style=\"font-size:17px\">Added to this is designer Ulfert Janssen, designer at FASA (Renault&#8217;s Spanish subsidiary). On 1 September, Florian Thiercelin returns to the Guyancourt headquarters and is replaced by J\u00e9r\u00e9my Leng, who will work on the interior design of the Sc\u00e9nic 2, as well as on the initial studies for the Twingo 2, shown below. A second FASA designer, Teofilo Plaza, joined the team. All these talented individuals worked under the direction of Thierry Metroz. The Barcelona commando unit did a remarkable job. Vincent Pedretti&#8217;s Sc\u00e9nic project, which was in competition with the Guyancourt project, was selected.<\/p>\n\n\n\n<figure class=\"wp-block-image size-large\"><img loading=\"lazy\" decoding=\"async\" width=\"1024\" height=\"805\" src=\"https:\/\/lignesauto.fr\/wp-content\/uploads\/2025\/10\/TWIN_09-1024x805.png\" alt=\"\" class=\"wp-image-42981\" srcset=\"https:\/\/lignesauto.fr\/wp-content\/uploads\/2025\/10\/TWIN_09-1024x805.png 1024w, https:\/\/lignesauto.fr\/wp-content\/uploads\/2025\/10\/TWIN_09-300x236.png 300w, https:\/\/lignesauto.fr\/wp-content\/uploads\/2025\/10\/TWIN_09-768x604.png 768w, https:\/\/lignesauto.fr\/wp-content\/uploads\/2025\/10\/TWIN_09.png 1417w\" sizes=\"(max-width: 1024px) 100vw, 1024px\" \/><\/figure>\n\n\n\n<p style=\"font-size:17px\">At the same time, the second external studio in Guyancourt was set up in Paris in the Bastille district. It was inaugurated in June 2003 and placed under the responsibility of Fabio Filippini. For Patrick le Qu\u00e9ment, Director of Renault Industrial Design, &#8220;<em>the aim is to ensure a rich offering, with small teams based in the heart of cultural capitals such as Barcelona and Paris.<\/em>&#8221; The Twingo renewal programme then took a second direction: the project became the W44 and, after Barcelona, Paris became a new internal competitor on this programme. It was here that Fran\u00e7ois Leboine designed the appealing proposal below, which frankly deserved to be selected. Some have written that Carlos Ghosn rejected this model, but that is not true.<\/p>\n\n\n\n<figure class=\"wp-block-image size-large\"><img loading=\"lazy\" decoding=\"async\" width=\"1024\" height=\"375\" src=\"https:\/\/lignesauto.fr\/wp-content\/uploads\/2025\/10\/TWIN_01-1024x375.jpeg\" alt=\"\" class=\"wp-image-42983\" srcset=\"https:\/\/lignesauto.fr\/wp-content\/uploads\/2025\/10\/TWIN_01-1024x375.jpeg 1024w, https:\/\/lignesauto.fr\/wp-content\/uploads\/2025\/10\/TWIN_01-300x110.jpeg 300w, https:\/\/lignesauto.fr\/wp-content\/uploads\/2025\/10\/TWIN_01-768x281.jpeg 768w, https:\/\/lignesauto.fr\/wp-content\/uploads\/2025\/10\/TWIN_01.jpeg 1417w\" sizes=\"(max-width: 1024px) 100vw, 1024px\" \/><\/figure>\n\n\n\n<p style=\"font-size:17px\">As mentioned above, it was Louis Schweitzer who made this decision, as confirmed by Patrick le Qu\u00e9ment: &#8220;<em>Carlos Ghosn was not involved in the Twingo 2 project; at the time, he was not involved in the development of Renault products. The Design Department&#8217;s favourite model was designed by Fran\u00e7ois Leboine, who was then part of Fabio Filippini&#8217;s team in Paris. This project was largely inspired by the first-generation Twingo. It was our favourite.<\/em>&#8220;<\/p>\n\n\n\n<figure class=\"wp-block-image size-large is-resized\"><img loading=\"lazy\" decoding=\"async\" width=\"1024\" height=\"518\" src=\"https:\/\/lignesauto.fr\/wp-content\/uploads\/2025\/10\/TWIN_10-1024x518.png\" alt=\"\" class=\"wp-image-42985\" style=\"width:840px;height:auto\" srcset=\"https:\/\/lignesauto.fr\/wp-content\/uploads\/2025\/10\/TWIN_10-1024x518.png 1024w, https:\/\/lignesauto.fr\/wp-content\/uploads\/2025\/10\/TWIN_10-300x152.png 300w, https:\/\/lignesauto.fr\/wp-content\/uploads\/2025\/10\/TWIN_10-768x389.png 768w, https:\/\/lignesauto.fr\/wp-content\/uploads\/2025\/10\/TWIN_10.png 1417w\" sizes=\"(max-width: 1024px) 100vw, 1024px\" \/><figcaption class=\"wp-element-caption\">Through the magnifying glass, we can read: \u2018chosen theme\u2019. But this theme was chosen from among all those proposed by Fran\u00e7ois Leboine. Unfortunately, it was not the one ultimately selected!<\/figcaption><\/figure>\n\n\n\n<p style=\"font-size:17px\">Unfortunately, the model ultimately chosen internally will follow the vision of R\u00e9mi Deconinck, who reportedly asked for inspiration to be drawn from the Citro\u00ebn Saxo and Peugeot 106! Patrick le Qu\u00e9ment emphasises that, regarding the final choice of style theme, &#8220;<em>the model chosen represented the stylistic direction desired by the product planning department, headed by R\u00e9mi Deconinck. CEO Louis Schweitzer chose to follow this approach, and thus the legacy of a great car was destroyed.<\/em>&#8220;<\/p>\n\n\n\n<figure class=\"wp-block-image size-large\"><img loading=\"lazy\" decoding=\"async\" width=\"1024\" height=\"783\" src=\"https:\/\/lignesauto.fr\/wp-content\/uploads\/2025\/10\/TWIN_11-1024x783.png\" alt=\"\" class=\"wp-image-42994\" srcset=\"https:\/\/lignesauto.fr\/wp-content\/uploads\/2025\/10\/TWIN_11-1024x783.png 1024w, https:\/\/lignesauto.fr\/wp-content\/uploads\/2025\/10\/TWIN_11-300x229.png 300w, https:\/\/lignesauto.fr\/wp-content\/uploads\/2025\/10\/TWIN_11-768x587.png 768w, https:\/\/lignesauto.fr\/wp-content\/uploads\/2025\/10\/TWIN_11.png 1417w\" sizes=\"(max-width: 1024px) 100vw, 1024px\" \/><figcaption class=\"wp-element-caption\">Proposals by designer Teofilo Gracia executed at the very beginning of the W89 project in the Barcelona studio in early 2000.<\/figcaption><\/figure>\n\n\n\n<p style=\"font-size:17px\">Designed under the supervision of Fabio Filippini, Fran\u00e7ois Leboine&#8217;s proposal projected the optimism of the first Twingo into a bright and cheerful future\u2026 before being rejected in favour of the model that was ultimately chosen. The latter was designed by St\u00e9phan Barral, a proposal that was modified by designer Satoshi Tanaka, who had previously created another proposal inspired by the Citro\u00ebn C2, shown below. At the same time, Stephan Barral was responsible for developing the Modus.<\/p>\n\n\n\n<figure class=\"wp-block-image size-large\"><img loading=\"lazy\" decoding=\"async\" width=\"1024\" height=\"918\" src=\"https:\/\/lignesauto.fr\/wp-content\/uploads\/2025\/10\/TWIN_08-1024x918.png\" alt=\"\" class=\"wp-image-42988\" srcset=\"https:\/\/lignesauto.fr\/wp-content\/uploads\/2025\/10\/TWIN_08-1024x918.png 1024w, https:\/\/lignesauto.fr\/wp-content\/uploads\/2025\/10\/TWIN_08-300x269.png 300w, https:\/\/lignesauto.fr\/wp-content\/uploads\/2025\/10\/TWIN_08-768x689.png 768w, https:\/\/lignesauto.fr\/wp-content\/uploads\/2025\/10\/TWIN_08.png 1417w\" sizes=\"(max-width: 1024px) 100vw, 1024px\" \/><figcaption class=\"wp-element-caption\">Patrick le Qu\u00e9ment, then Renault&#8217;s design director, with behind him the model by Japanese designer Satoshi Tanaka and the Modus, which St\u00e9phan Barral will be working on.<\/figcaption><\/figure>\n\n\n\n<p style=\"font-size:17px\">To these multiple projects, we would like to add another one below, from the early days of this programme in Barcelona. At that time, it was not yet called W44 but W89. Its creator, Markus Haub, &#8220;<em>was one of the designers in Barcelona<\/em>,&#8221; recalls Patrick le Qu\u00e9ment, &#8220;and he also spent some time in Guyancourt. <em>He left that job to become an artist, and I really like his paintings. I&#8217;ve bought a number of them! <\/em>&#8221; Markus explains that this project was the first one he worked on in 2000 in the Spanish studio, with a 1:1 scale model, before the programme became the X44.<\/p>\n\n\n\n<figure class=\"wp-block-image size-large\"><img loading=\"lazy\" decoding=\"async\" width=\"1024\" height=\"613\" src=\"https:\/\/lignesauto.fr\/wp-content\/uploads\/2025\/10\/TWIN_04-1024x613.jpg\" alt=\"\" class=\"wp-image-42990\" srcset=\"https:\/\/lignesauto.fr\/wp-content\/uploads\/2025\/10\/TWIN_04-1024x613.jpg 1024w, https:\/\/lignesauto.fr\/wp-content\/uploads\/2025\/10\/TWIN_04-300x180.jpg 300w, https:\/\/lignesauto.fr\/wp-content\/uploads\/2025\/10\/TWIN_04-768x460.jpg 768w, https:\/\/lignesauto.fr\/wp-content\/uploads\/2025\/10\/TWIN_04.jpg 1417w\" sizes=\"(max-width: 1024px) 100vw, 1024px\" \/><\/figure>\n\n\n\n<p style=\"font-size:17px\">And what about Fran\u00e7ois Leboine&#8217;s famous \u2013 beautiful \u2013 model, which should have won everyone over? Unfortunately, there is clearly no trace of it left. Only these sketches published today. During an interview for LIGNES\/auto, we asked Fran\u00e7ois how he felt after his project was not selected. &#8220;<em>How you feel is proportional to the time you spend on the project. Disappointment is proportional to commitment. And commitment means time. The more time passes, the more the model evolves, the closer we get to the production phase and the Holy Grail of seeing your vehicle on the road one day, the greater the disappointment at not being selected! So yes, clearly, that evening, I went home in a bad mood!&#8221;<\/em><\/p>\n\n\n\n<figure class=\"wp-block-image size-large\"><img loading=\"lazy\" decoding=\"async\" width=\"1024\" height=\"625\" src=\"https:\/\/lignesauto.fr\/wp-content\/uploads\/2025\/10\/TWIN_03-1024x625.png\" alt=\"\" class=\"wp-image-42992\" srcset=\"https:\/\/lignesauto.fr\/wp-content\/uploads\/2025\/10\/TWIN_03-1024x625.png 1024w, https:\/\/lignesauto.fr\/wp-content\/uploads\/2025\/10\/TWIN_03-300x183.png 300w, https:\/\/lignesauto.fr\/wp-content\/uploads\/2025\/10\/TWIN_03-768x469.png 768w, https:\/\/lignesauto.fr\/wp-content\/uploads\/2025\/10\/TWIN_03.png 1417w\" sizes=\"(max-width: 1024px) 100vw, 1024px\" \/><\/figure>\n\n\n\n<p style=\"font-size:17px\">&#8220;<em>But designers work on their ability to bounce back. It&#8217;s a bit like falling off a motorbike for the first time: if you don&#8217;t get back on it very quickly, there&#8217;s little chance you&#8217;ll feel confident enough to get back on it later.<\/em>&#8221; To recharge his batteries, Fran\u00e7ois Leboine joined the Barcelona design studio in April 2007. There, he created a pioneering urban mobility programme with a range of vehicles, from scooters to four-seater cars.<\/p>\n\n\n\n<figure class=\"wp-block-image size-large\"><img loading=\"lazy\" decoding=\"async\" width=\"1024\" height=\"680\" src=\"https:\/\/lignesauto.fr\/wp-content\/uploads\/2025\/10\/TWIN_13-1024x680.jpg\" alt=\"\" class=\"wp-image-42995\" srcset=\"https:\/\/lignesauto.fr\/wp-content\/uploads\/2025\/10\/TWIN_13-1024x680.jpg 1024w, https:\/\/lignesauto.fr\/wp-content\/uploads\/2025\/10\/TWIN_13-300x199.jpg 300w, https:\/\/lignesauto.fr\/wp-content\/uploads\/2025\/10\/TWIN_13-768x510.jpg 768w, https:\/\/lignesauto.fr\/wp-content\/uploads\/2025\/10\/TWIN_13.jpg 1417w\" sizes=\"(max-width: 1024px) 100vw, 1024px\" \/><figcaption class=\"wp-element-caption\">Fran\u00e7ois Leboine, Patrick le Charpy and Eric Diemert.<\/figcaption><\/figure>\n\n\n\n<p style=\"font-size:17px\">&#8220;<em>In these projects<\/em>,&#8221; recalls Fran\u00e7ois, &#8220;<em>there is the car that carries the Twizy genes. In September, we resumed the project and I took charge of the two-seater, four-wheel<\/em> proposal (at the time, there was a one-seater, three-wheel proposal)<em>. We started working on this theme with a model maker and \u00c9ric Diemert.<\/em> <em>We developed the ergonomics using foam blocks, designed the chassis and measured the curvature of the windscreen on a BMW C1 scooter. We went far beyond strictly automotive knowledge.&#8221;<\/em> Another story dedicated to smart urban mobility began, which found a worthy successor in the Mobilise Duo below. As for Fran\u00e7ois Leboine, he is now head of design at Fiat. You can (re)read his interview here: <a href=\"https:\/\/lignesauto.fr\/?p=41301\">https:\/\/lignesauto.fr\/?p=41301<\/a><\/p>\n\n\n\n<figure class=\"wp-block-image size-large\"><img loading=\"lazy\" decoding=\"async\" width=\"1024\" height=\"681\" src=\"https:\/\/lignesauto.fr\/wp-content\/uploads\/2025\/10\/TWIN_208-1024x681.jpg\" alt=\"\" class=\"wp-image-43000\" srcset=\"https:\/\/lignesauto.fr\/wp-content\/uploads\/2025\/10\/TWIN_208-1024x681.jpg 1024w, https:\/\/lignesauto.fr\/wp-content\/uploads\/2025\/10\/TWIN_208-300x200.jpg 300w, https:\/\/lignesauto.fr\/wp-content\/uploads\/2025\/10\/TWIN_208-768x511.jpg 768w, https:\/\/lignesauto.fr\/wp-content\/uploads\/2025\/10\/TWIN_208.jpg 1417w\" sizes=\"(max-width: 1024px) 100vw, 1024px\" \/><\/figure>\n\n\n\n<p style=\"font-size:17px\">As for the Twingo 4 \u2013 whose interior can be seen below \u2013 by reinterpreting the concept of the 1992 Twingo, it already has a strong card to play. Will this be enough to pave the way for real success? Today, it is primarily a question of price. With a price tag of \u20ac20,000, does this new generation have another unbeatable asset up its sleeve?<\/p>\n\n\n\n<figure class=\"wp-block-image size-large\"><img loading=\"lazy\" decoding=\"async\" width=\"1024\" height=\"576\" src=\"https:\/\/lignesauto.fr\/wp-content\/uploads\/2025\/10\/TWIN_200-1024x576.jpg\" alt=\"\" class=\"wp-image-43003\" srcset=\"https:\/\/lignesauto.fr\/wp-content\/uploads\/2025\/10\/TWIN_200-1024x576.jpg 1024w, https:\/\/lignesauto.fr\/wp-content\/uploads\/2025\/10\/TWIN_200-300x169.jpg 300w, https:\/\/lignesauto.fr\/wp-content\/uploads\/2025\/10\/TWIN_200-768x432.jpg 768w, https:\/\/lignesauto.fr\/wp-content\/uploads\/2025\/10\/TWIN_200.jpg 1417w\" sizes=\"(max-width: 1024px) 100vw, 1024px\" \/><figcaption class=\"wp-element-caption\">The hazard warning signal control is encased in a translucent capsule in the middle of the dashboard strip, reminiscent of the \u2018clown nose\u2019 of the first generation. Below, the rear seat is once again sliding!<\/figcaption><\/figure>\n\n\n\n<figure class=\"wp-block-image size-large\"><img loading=\"lazy\" decoding=\"async\" width=\"1024\" height=\"715\" src=\"https:\/\/lignesauto.fr\/wp-content\/uploads\/2025\/10\/TWIN_202-1024x715.png\" alt=\"\" class=\"wp-image-43005\" srcset=\"https:\/\/lignesauto.fr\/wp-content\/uploads\/2025\/10\/TWIN_202-1024x715.png 1024w, https:\/\/lignesauto.fr\/wp-content\/uploads\/2025\/10\/TWIN_202-300x210.png 300w, https:\/\/lignesauto.fr\/wp-content\/uploads\/2025\/10\/TWIN_202-768x537.png 768w, https:\/\/lignesauto.fr\/wp-content\/uploads\/2025\/10\/TWIN_202.png 1417w\" sizes=\"(max-width: 1024px) 100vw, 1024px\" \/><\/figure>\n\n\n\n<p class=\"has-text-align-center\" style=\"font-size:18px\"><strong><strong>BONUS: THE TWINGO IN DATES<\/strong><\/strong><\/p>\n\n\n\n<p style=\"font-size:17px\"><strong><strong>TWINGO 1: first model: W60 by Jean-Pierre Plou\u00e9 \u2013 1988, extensively modified with widening and increase in size as shown below. Presentation: Paris Motor Show 1992. Three-door vehicle.<\/strong><\/strong><\/p>\n\n\n\n<figure class=\"wp-block-image size-large\"><img loading=\"lazy\" decoding=\"async\" width=\"1024\" height=\"697\" src=\"https:\/\/lignesauto.fr\/wp-content\/uploads\/2025\/10\/TWIN_209-1024x697.jpg\" alt=\"\" class=\"wp-image-43007\" srcset=\"https:\/\/lignesauto.fr\/wp-content\/uploads\/2025\/10\/TWIN_209-1024x697.jpg 1024w, https:\/\/lignesauto.fr\/wp-content\/uploads\/2025\/10\/TWIN_209-300x204.jpg 300w, https:\/\/lignesauto.fr\/wp-content\/uploads\/2025\/10\/TWIN_209-768x523.jpg 768w, https:\/\/lignesauto.fr\/wp-content\/uploads\/2025\/10\/TWIN_209.jpg 1417w\" sizes=\"(max-width: 1024px) 100vw, 1024px\" \/><\/figure>\n\n\n\n<p style=\"font-size:17px\"><strong><strong>TWINGO 2: initial designs (below, designer Mark Haub): W89 \u2013 1999, then programme name changed to X44. Presentation: 2007 Geneva Motor Show. Three-door vehicle.<\/strong><\/strong><\/p>\n\n\n\n<figure class=\"wp-block-image size-large\"><img loading=\"lazy\" decoding=\"async\" width=\"1024\" height=\"673\" src=\"https:\/\/lignesauto.fr\/wp-content\/uploads\/2025\/10\/TWIN_02-1024x673.jpg\" alt=\"\" class=\"wp-image-43008\" srcset=\"https:\/\/lignesauto.fr\/wp-content\/uploads\/2025\/10\/TWIN_02-1024x673.jpg 1024w, https:\/\/lignesauto.fr\/wp-content\/uploads\/2025\/10\/TWIN_02-300x197.jpg 300w, https:\/\/lignesauto.fr\/wp-content\/uploads\/2025\/10\/TWIN_02-768x505.jpg 768w, https:\/\/lignesauto.fr\/wp-content\/uploads\/2025\/10\/TWIN_02.jpg 1417w\" sizes=\"(max-width: 1024px) 100vw, 1024px\" \/><\/figure>\n\n\n\n<p style=\"font-size:17px\"><strong><strong>TWINGO 3: Announced in 2013 with the two concept cars Twin&#8217;Z and Twin Run shown below. Mercedes\/Smart rear-engine platform. Presentation: 2014. Four-door vehicle.<\/strong><\/strong><\/p>\n\n\n\n<figure class=\"wp-block-image size-large\"><img loading=\"lazy\" decoding=\"async\" width=\"1024\" height=\"575\" src=\"https:\/\/lignesauto.fr\/wp-content\/uploads\/2025\/10\/TWIN_103-1024x575.png\" alt=\"\" class=\"wp-image-43010\" srcset=\"https:\/\/lignesauto.fr\/wp-content\/uploads\/2025\/10\/TWIN_103-1024x575.png 1024w, https:\/\/lignesauto.fr\/wp-content\/uploads\/2025\/10\/TWIN_103-300x169.png 300w, https:\/\/lignesauto.fr\/wp-content\/uploads\/2025\/10\/TWIN_103-768x431.png 768w, https:\/\/lignesauto.fr\/wp-content\/uploads\/2025\/10\/TWIN_103.png 1417w\" sizes=\"(max-width: 1024px) 100vw, 1024px\" \/><\/figure>\n\n\n\n<p style=\"font-size:17px\"><strong><strong>TWINGO 4: announcement on 15 November 2023 of the rebirth of the Twingo with the Twingo Legend concept below. Reveal of the production model: 6 November 2025. Launch in 2026. Four-door vehicle.<\/strong><\/strong><\/p>\n\n\n\n<figure class=\"wp-block-image size-large\"><img loading=\"lazy\" decoding=\"async\" width=\"1024\" height=\"609\" src=\"https:\/\/lignesauto.fr\/wp-content\/uploads\/2025\/10\/TWIN_207-1024x609.png\" alt=\"\" class=\"wp-image-43012\" srcset=\"https:\/\/lignesauto.fr\/wp-content\/uploads\/2025\/10\/TWIN_207-1024x609.png 1024w, https:\/\/lignesauto.fr\/wp-content\/uploads\/2025\/10\/TWIN_207-300x178.png 300w, https:\/\/lignesauto.fr\/wp-content\/uploads\/2025\/10\/TWIN_207-768x457.png 768w, https:\/\/lignesauto.fr\/wp-content\/uploads\/2025\/10\/TWIN_207.png 1417w\" sizes=\"(max-width: 1024px) 100vw, 1024px\" \/><\/figure>\n\n\n<div class=\"wp-block-image\">\n<figure class=\"aligncenter size-full is-resized\"><img loading=\"lazy\" decoding=\"async\" width=\"1024\" height=\"288\" src=\"http:\/\/lignesauto.fr\/wp-content\/uploads\/2025\/07\/image.png\" alt=\"\" class=\"wp-image-41875\" style=\"width:612px;height:auto\" srcset=\"https:\/\/lignesauto.fr\/wp-content\/uploads\/2025\/07\/image.png 1024w, https:\/\/lignesauto.fr\/wp-content\/uploads\/2025\/07\/image-300x84.png 300w, https:\/\/lignesauto.fr\/wp-content\/uploads\/2025\/07\/image-768x216.png 768w\" sizes=\"(max-width: 1024px) 100vw, 1024px\" \/><\/figure><\/div>","protected":false},"excerpt":{"rendered":"<p>On 6 November, Renault will unveil the fourth generation of the Twingo (above), which will retain the aesthetic and minivan theme of the first model, launched in 1992, but in a 100% electric version. Those who witnessed the presentation of the first Twingo at the 1992 Paris Motor Show below [&hellip;]<\/p>\n","protected":false},"author":1,"featured_media":42965,"comment_status":"closed","ping_status":"closed","sticky":false,"template":"","format":"standard","meta":{"footnotes":""},"categories":[1],"tags":[],"_links":{"self":[{"href":"https:\/\/lignesauto.fr\/index.php?rest_route=\/wp\/v2\/posts\/43048"}],"collection":[{"href":"https:\/\/lignesauto.fr\/index.php?rest_route=\/wp\/v2\/posts"}],"about":[{"href":"https:\/\/lignesauto.fr\/index.php?rest_route=\/wp\/v2\/types\/post"}],"author":[{"embeddable":true,"href":"https:\/\/lignesauto.fr\/index.php?rest_route=\/wp\/v2\/users\/1"}],"replies":[{"embeddable":true,"href":"https:\/\/lignesauto.fr\/index.php?rest_route=%2Fwp%2Fv2%2Fcomments&post=43048"}],"version-history":[{"count":35,"href":"https:\/\/lignesauto.fr\/index.php?rest_route=\/wp\/v2\/posts\/43048\/revisions"}],"predecessor-version":[{"id":43085,"href":"https:\/\/lignesauto.fr\/index.php?rest_route=\/wp\/v2\/posts\/43048\/revisions\/43085"}],"wp:featuredmedia":[{"embeddable":true,"href":"https:\/\/lignesauto.fr\/index.php?rest_route=\/wp\/v2\/media\/42965"}],"wp:attachment":[{"href":"https:\/\/lignesauto.fr\/index.php?rest_route=%2Fwp%2Fv2%2Fmedia&parent=43048"}],"wp:term":[{"taxonomy":"category","embeddable":true,"href":"https:\/\/lignesauto.fr\/index.php?rest_route=%2Fwp%2Fv2%2Fcategories&post=43048"},{"taxonomy":"post_tag","embeddable":true,"href":"https:\/\/lignesauto.fr\/index.php?rest_route=%2Fwp%2Fv2%2Ftags&post=43048"}],"curies":[{"name":"wp","href":"https:\/\/api.w.org\/{rel}","templated":true}]}}