{"id":43529,"date":"2025-12-09T14:01:00","date_gmt":"2025-12-09T13:01:00","guid":{"rendered":"https:\/\/lignesauto.fr\/?p=43529"},"modified":"2025-12-09T19:47:48","modified_gmt":"2025-12-09T18:47:48","slug":"citroen-elo-jai-vu-la-nouvelle-deuche","status":"publish","type":"post","link":"https:\/\/lignesauto.fr\/?p=43529","title":{"rendered":"Citro\u00ebn ELO : j&#8217;ai vu la nouvelle Deuche !"},"content":{"rendered":"<div class=\"wp-block-image\">\n<figure class=\"aligncenter size-full is-resized\"><img loading=\"lazy\" decoding=\"async\" width=\"1024\" height=\"288\" src=\"http:\/\/lignesauto.fr\/wp-content\/uploads\/2025\/11\/image.png\" alt=\"\" class=\"wp-image-43423\" style=\"width:540px;height:auto\" srcset=\"https:\/\/lignesauto.fr\/wp-content\/uploads\/2025\/11\/image.png 1024w, https:\/\/lignesauto.fr\/wp-content\/uploads\/2025\/11\/image-300x84.png 300w, https:\/\/lignesauto.fr\/wp-content\/uploads\/2025\/11\/image-768x216.png 768w\" sizes=\"(max-width: 1024px) 100vw, 1024px\" \/><\/figure><\/div>\n\n\n<figure class=\"wp-block-image size-large\"><img loading=\"lazy\" decoding=\"async\" width=\"1024\" height=\"588\" src=\"http:\/\/lignesauto.fr\/wp-content\/uploads\/2025\/12\/CV_25_01-1024x588.png\" alt=\"\" class=\"wp-image-43533\" srcset=\"https:\/\/lignesauto.fr\/wp-content\/uploads\/2025\/12\/CV_25_01-1024x588.png 1024w, https:\/\/lignesauto.fr\/wp-content\/uploads\/2025\/12\/CV_25_01-300x172.png 300w, https:\/\/lignesauto.fr\/wp-content\/uploads\/2025\/12\/CV_25_01-768x441.png 768w, https:\/\/lignesauto.fr\/wp-content\/uploads\/2025\/12\/CV_25_01.png 1417w\" sizes=\"(max-width: 1024px) 100vw, 1024px\" \/><figcaption class=\"wp-element-caption\">Pierre Leclercq, patron du design Citro\u00ebn \u00e0 gauche, et Pierre Sabas, ex-Renault, responsable du design ext\u00e9rieur Citro\u00ebn.<\/figcaption><\/figure>\n\n\n\n<p style=\"font-size:17px\">Arr\u00eatons le fade, le triste ! Stoppons la morosit\u00e9. Oui, la bagnole peut faire sourire et plaisir, amuser et surtout, remplir bien plus que sa fonction de base : aller d&#8217;un point A \u00e0 un point B. Aujourd&#8217;hui, j&#8217;ai vu le concept-car ELO et en sortant, je me suis demand\u00e9 : et si c\u2019\u00e9tait elle, la nouvelle Deuche ?! Cet engin r\u00e9pond aux plus simples d\u00e9sirs d&#8217;un couple, d&#8217;une famille ou d&#8217;amis. La 2 CV, cette ic\u00f4ne dont le cahier des charges auvergnat \u00e9tait pour le moins simple et pragmatique&#8230; ELO est du m\u00eame gabarit que la 2CV, \u00e0 20 cm pr\u00e8s, et embarque six personnes !<\/p>\n\n\n\n<figure class=\"wp-block-image size-large\"><img loading=\"lazy\" decoding=\"async\" width=\"1024\" height=\"721\" src=\"https:\/\/lignesauto.fr\/wp-content\/uploads\/2025\/12\/CV_25_04-1024x721.png\" alt=\"\" class=\"wp-image-43556\" srcset=\"https:\/\/lignesauto.fr\/wp-content\/uploads\/2025\/12\/CV_25_04-1024x721.png 1024w, https:\/\/lignesauto.fr\/wp-content\/uploads\/2025\/12\/CV_25_04-300x211.png 300w, https:\/\/lignesauto.fr\/wp-content\/uploads\/2025\/12\/CV_25_04-768x541.png 768w, https:\/\/lignesauto.fr\/wp-content\/uploads\/2025\/12\/CV_25_04.png 1417w\" sizes=\"(max-width: 1024px) 100vw, 1024px\" \/><figcaption class=\"wp-element-caption\">Un petit air r\u00e9tro sympathique qui n&#8217;est pas innocent&#8230;<\/figcaption><\/figure>\n\n\n\n<p style=\"font-size:17px\">Attention : Citro\u00ebn ne nous vend pas ELO comme une 2 CV du futur. La marque voit plut\u00f4t loin devant. Mais elle n&#8217;oublie pas son histoire. ELO a par exemple un si\u00e8ge conducteur central. Le constructeur est totalement l\u00e9gitime avec cette architecture, car dans les ann\u00e9es 1960, il ne s&#8217;est pas priv\u00e9 de tester cette formule comme on le voit ci-dessous sur le fameux concept Shadock dessin\u00e9 pendant l&#8217;\u00e8re Robert Opron, au milieu des ann\u00e9es 1960.<\/p>\n\n\n\n<figure class=\"wp-block-image size-large\"><img loading=\"lazy\" decoding=\"async\" width=\"1024\" height=\"921\" src=\"https:\/\/lignesauto.fr\/wp-content\/uploads\/2025\/12\/CV_25_999-1024x921.png\" alt=\"\" class=\"wp-image-43611\" srcset=\"https:\/\/lignesauto.fr\/wp-content\/uploads\/2025\/12\/CV_25_999-1024x921.png 1024w, https:\/\/lignesauto.fr\/wp-content\/uploads\/2025\/12\/CV_25_999-300x270.png 300w, https:\/\/lignesauto.fr\/wp-content\/uploads\/2025\/12\/CV_25_999-768x690.png 768w, https:\/\/lignesauto.fr\/wp-content\/uploads\/2025\/12\/CV_25_999.png 1417w\" sizes=\"(max-width: 1024px) 100vw, 1024px\" \/><\/figure>\n\n\n\n<p style=\"font-size:17px\">Alors, \u00e0 d\u00e9faut de 2 CV, le discours officiel nous emm\u00e8ne sur l&#8217;id\u00e9e que le concept ELO est un laboratoire&#8230; d&#8217;id\u00e9es, un couteau Suisse qui embarque jusqu&#8217;\u00e0 six personnes avec une empreinte au sol identique \u00e0 celle d&#8217;une C3. Audacieux, malin, cr\u00e9atif, tourn\u00e9 vers le bien \u00eatre.<\/p>\n\n\n\n<figure class=\"wp-block-image size-large\"><img loading=\"lazy\" decoding=\"async\" width=\"1024\" height=\"687\" src=\"https:\/\/lignesauto.fr\/wp-content\/uploads\/2025\/12\/CV_25_213-1024x687.png\" alt=\"\" class=\"wp-image-43623\" srcset=\"https:\/\/lignesauto.fr\/wp-content\/uploads\/2025\/12\/CV_25_213-1024x687.png 1024w, https:\/\/lignesauto.fr\/wp-content\/uploads\/2025\/12\/CV_25_213-300x201.png 300w, https:\/\/lignesauto.fr\/wp-content\/uploads\/2025\/12\/CV_25_213-768x515.png 768w, https:\/\/lignesauto.fr\/wp-content\/uploads\/2025\/12\/CV_25_213.png 1417w\" sizes=\"(max-width: 1024px) 100vw, 1024px\" \/><\/figure>\n\n\n\n<p style=\"font-size:17px\">&#8220;<em>Fid\u00e8le \u00e0 plus d\u2019un si\u00e8cle d\u2019innovation au service de la libert\u00e9 de mouvement et d\u2019une vie plus facile, Citro\u00ebn r\u00e9affirme son r\u00f4le de pionnier dans une \u00e9poque o\u00f9 les modes de vie \u00e9voluent rapidement.<\/em>&#8221; C&#8217;est assur\u00e9ment 4,10 m d&#8217;ing\u00e9niosit\u00e9 et de couleurs. 4,10 m de fantaisie et d&#8217;astuces. De s\u00e9rieux aussi et de fid\u00e9lit\u00e9, comme un animal de compagnie. Comme une seconde maison.<\/p>\n\n\n\n<figure class=\"wp-block-image size-large\"><img loading=\"lazy\" decoding=\"async\" width=\"1024\" height=\"357\" src=\"https:\/\/lignesauto.fr\/wp-content\/uploads\/2025\/12\/CV_25_218-1024x357.png\" alt=\"\" class=\"wp-image-43597\" srcset=\"https:\/\/lignesauto.fr\/wp-content\/uploads\/2025\/12\/CV_25_218-1024x357.png 1024w, https:\/\/lignesauto.fr\/wp-content\/uploads\/2025\/12\/CV_25_218-300x105.png 300w, https:\/\/lignesauto.fr\/wp-content\/uploads\/2025\/12\/CV_25_218-768x268.png 768w, https:\/\/lignesauto.fr\/wp-content\/uploads\/2025\/12\/CV_25_218.png 1417w\" sizes=\"(max-width: 1024px) 100vw, 1024px\" \/><figcaption class=\"wp-element-caption\">Un petit air r\u00e9tro sympathique qui n&#8217;est pas innocent (bis !)<\/figcaption><\/figure>\n\n\n\n<p>Car dans ELO, on peut travailler, dormir, en plus de trimbaler la fratrie en vacances ou simplement d\u2019aller remplir le chariot au supermarch\u00e9. Ce laboratoire d\u2019id\u00e9es inspire le mouvement, divertit les enfants, r\u00e9invente le travail \u00e0 distance, multiplie les opportunit\u00e9s de loisirs, propose un couchage sous les \u00e9toiles et il est m\u00eame capable de fournir de l\u2019\u00e9nergie (air et \u00e9lectricit\u00e9). Une prise d&#8217;air comprim\u00e9 permet de gonfler les matelas dissimul\u00e9s \u00e0 bord (voir plus bas)<\/p>\n\n\n\n<figure class=\"wp-block-image size-large\"><img loading=\"lazy\" decoding=\"async\" width=\"1024\" height=\"525\" src=\"https:\/\/lignesauto.fr\/wp-content\/uploads\/2025\/12\/CV_25_210-1024x525.png\" alt=\"\" class=\"wp-image-43614\" srcset=\"https:\/\/lignesauto.fr\/wp-content\/uploads\/2025\/12\/CV_25_210-1024x525.png 1024w, https:\/\/lignesauto.fr\/wp-content\/uploads\/2025\/12\/CV_25_210-300x154.png 300w, https:\/\/lignesauto.fr\/wp-content\/uploads\/2025\/12\/CV_25_210-768x394.png 768w, https:\/\/lignesauto.fr\/wp-content\/uploads\/2025\/12\/CV_25_210.png 1417w\" sizes=\"(max-width: 1024px) 100vw, 1024px\" \/><\/figure>\n\n\n\n<p>C&#8217;est surtout un jalon fort dans la s\u00e9quence automobile que l&#8217;on vit : le retour d&#8217;une formule quelque peu abandonn\u00e9e, avec un style monovolume et une architecture int\u00e9rieure qui r\u00e9interpr\u00e8te &#8220;<em>l\u2019esprit des monospaces et ludospaces qui ont fa\u00e7onn\u00e9 l&#8217;histoire de la marque<\/em>&#8220;, comme le souligne Citro\u00ebn. Le retour des &#8220;MPV&#8221; va-t-il calmer la vague des SUV ? Sommes-nous \u00e0 un moment de bascule ? (roulement de tambours&#8230;)<\/p>\n\n\n\n<figure class=\"wp-block-image size-large\"><img loading=\"lazy\" decoding=\"async\" width=\"1024\" height=\"702\" src=\"https:\/\/lignesauto.fr\/wp-content\/uploads\/2025\/12\/CV_25_15-1024x702.png\" alt=\"\" class=\"wp-image-43542\" srcset=\"https:\/\/lignesauto.fr\/wp-content\/uploads\/2025\/12\/CV_25_15-1024x702.png 1024w, https:\/\/lignesauto.fr\/wp-content\/uploads\/2025\/12\/CV_25_15-300x206.png 300w, https:\/\/lignesauto.fr\/wp-content\/uploads\/2025\/12\/CV_25_15-768x527.png 768w, https:\/\/lignesauto.fr\/wp-content\/uploads\/2025\/12\/CV_25_15.png 1417w\" sizes=\"(max-width: 1024px) 100vw, 1024px\" \/><\/figure>\n\n\n\n<p>ELO profite d&#8217;une plateforme 100% \u00e9lectrique sans laquelle elle n&#8217;aurait jamais vu le jour, car comment aurait-elle pu optimiser un tel espace dans un si petit gabarit avec un moteur thermique et son encombrante cha\u00eene de traction ? Impossible. Le moteur EV est ici repouss\u00e9 sur le train arri\u00e8re. L&#8217;implantation originale des si\u00e8ges fait le reste. Le volume du coffre n&#8217;est jamais impact\u00e9 par les diff\u00e9rentes configurations offertes \u00e0 bord.<\/p>\n\n\n\n<figure class=\"wp-block-image size-large\"><img loading=\"lazy\" decoding=\"async\" width=\"1024\" height=\"431\" src=\"https:\/\/lignesauto.fr\/wp-content\/uploads\/2025\/12\/CV_25_301-1024x431.png\" alt=\"\" class=\"wp-image-43617\" srcset=\"https:\/\/lignesauto.fr\/wp-content\/uploads\/2025\/12\/CV_25_301-1024x431.png 1024w, https:\/\/lignesauto.fr\/wp-content\/uploads\/2025\/12\/CV_25_301-300x126.png 300w, https:\/\/lignesauto.fr\/wp-content\/uploads\/2025\/12\/CV_25_301-768x324.png 768w, https:\/\/lignesauto.fr\/wp-content\/uploads\/2025\/12\/CV_25_301.png 1417w\" sizes=\"(max-width: 1024px) 100vw, 1024px\" \/><figcaption class=\"wp-element-caption\">\u00c9tude du concept \u00e0 l&#8217;\u00e9tat de num\u00e9risation. D\u00e9j\u00e0 l&#8217;esprit <em>outdoor<\/em>&#8230;<\/figcaption><\/figure>\n\n\n\n<p style=\"font-size:17px\">Ouvrons les quatre portes lat\u00e9rales qui se d\u00e9ploient dans un mouvement antagoniste. L\u2019absence de pied milieu offre un acc\u00e8s ais\u00e9 de 1,92 m de largeur. Le plancher totalement plat facilite les d\u00e9placements \u00e0 bord, quelle que soit la configuration choisie. Le si\u00e8ge du conducteur pivote de 360\u00b0 pour s\u2019adapter id\u00e9alement aux diff\u00e9rentes configurations disponibles \u00e0 bord.<\/p>\n\n\n\n<figure class=\"wp-block-image size-large\"><img loading=\"lazy\" decoding=\"async\" width=\"1024\" height=\"576\" src=\"https:\/\/lignesauto.fr\/wp-content\/uploads\/2025\/12\/CV_25_216-1024x576.jpg\" alt=\"\" class=\"wp-image-43618\" srcset=\"https:\/\/lignesauto.fr\/wp-content\/uploads\/2025\/12\/CV_25_216-1024x576.jpg 1024w, https:\/\/lignesauto.fr\/wp-content\/uploads\/2025\/12\/CV_25_216-300x169.jpg 300w, https:\/\/lignesauto.fr\/wp-content\/uploads\/2025\/12\/CV_25_216-768x432.jpg 768w, https:\/\/lignesauto.fr\/wp-content\/uploads\/2025\/12\/CV_25_216.jpg 1417w\" sizes=\"(max-width: 1024px) 100vw, 1024px\" \/><figcaption class=\"wp-element-caption\">Les 5e et 6e si\u00e8ges se cachent dans les coffres des deux si\u00e8ges arri\u00e8re lat\u00e9raux.<\/figcaption><\/figure>\n\n\n\n<p style=\"font-size:17px\">Le rang 2 offre trois si\u00e8ges, tous de m\u00eame largeur. Leur dossier bascule et les deux lat\u00e9raux sont d\u00e9montables et se transforment en strapontins facilement extractibles pour agr\u00e9menter un pique-nique improvis\u00e9. Deux si\u00e8ges suppl\u00e9mentaires se dissimulent sous les assises ext\u00e9rieures du rang 2. Ils se d\u00e9ploient d\u2019un simple mouvement pour venir se lover en l\u00e9ger retrait de part et d\u2019autre du si\u00e8ge conducteur. L\u2019espace aux jambes de ces deux places suppl\u00e9mentaires est g\u00e9n\u00e9reux. <\/p>\n\n\n\n<figure class=\"wp-block-image size-large\"><img loading=\"lazy\" decoding=\"async\" width=\"1024\" height=\"572\" src=\"https:\/\/lignesauto.fr\/wp-content\/uploads\/2025\/12\/CV_25_208-1024x572.png\" alt=\"\" class=\"wp-image-43619\" srcset=\"https:\/\/lignesauto.fr\/wp-content\/uploads\/2025\/12\/CV_25_208-1024x572.png 1024w, https:\/\/lignesauto.fr\/wp-content\/uploads\/2025\/12\/CV_25_208-300x168.png 300w, https:\/\/lignesauto.fr\/wp-content\/uploads\/2025\/12\/CV_25_208-768x429.png 768w, https:\/\/lignesauto.fr\/wp-content\/uploads\/2025\/12\/CV_25_208.png 1417w\" sizes=\"(max-width: 1024px) 100vw, 1024px\" \/><figcaption class=\"wp-element-caption\">Cela faisait longtemps qu&#8217;un constructeur ne nous avait pas pr\u00e9sent\u00e9 la modularit\u00e9 d&#8217;un monospace ! Sympathique retour.<\/figcaption><\/figure>\n\n\n\n<p>Les \u00e9quipes du design Citro\u00ebn ont \u0153uvr\u00e9 en commun avec celles de Decathlon afin de concevoir des mat\u00e9riaux, accessoires et scenarii pour que ce laboratoire d\u2019id\u00e9es r\u00e9ponde parfaitement \u00e0 vos envies de loisirs de plein air. Cette collaboration va bien au-del\u00e0 de la seule conception d\u2019accessoires durables et adapt\u00e9s au v\u00e9hicule.<\/p>\n\n\n\n<figure class=\"wp-block-image size-large\"><img loading=\"lazy\" decoding=\"async\" width=\"1024\" height=\"892\" src=\"https:\/\/lignesauto.fr\/wp-content\/uploads\/2025\/12\/CV_25_195-1024x892.png\" alt=\"\" class=\"wp-image-43620\" srcset=\"https:\/\/lignesauto.fr\/wp-content\/uploads\/2025\/12\/CV_25_195-1024x892.png 1024w, https:\/\/lignesauto.fr\/wp-content\/uploads\/2025\/12\/CV_25_195-300x261.png 300w, https:\/\/lignesauto.fr\/wp-content\/uploads\/2025\/12\/CV_25_195-768x669.png 768w, https:\/\/lignesauto.fr\/wp-content\/uploads\/2025\/12\/CV_25_195.png 1417w\" sizes=\"(max-width: 1024px) 100vw, 1024px\" \/><\/figure>\n\n\n\n<p>Des sacs additionnels ont \u00e9t\u00e9 con\u00e7us pour se ranger facilement \u00e0 l\u2019avant et des accroches ont \u00e9t\u00e9 ajout\u00e9es sur les quatre portes permettant de tendre un auvent de chaque c\u00f4t\u00e9 d\u2019ELO. Cet auvent permet de prolonger l\u2019exp\u00e9rience \u00e0 l\u2019ext\u00e9rieur tout en se prot\u00e9geant du soleil ou des intemp\u00e9ries. Les designers ont exploit\u00e9 toutes les zones de rangements selon les activit\u00e9s imagin\u00e9es. Le dessin de l\u2019entr\u00e9e de coffre a par exemple \u00e9t\u00e9 retravaill\u00e9 afin d\u2019offrir une assise sur le seuil pour pouvoir changer de chaussures apr\u00e8s une randonn\u00e9e.<\/p>\n\n\n\n<figure class=\"wp-block-image size-large\"><img loading=\"lazy\" decoding=\"async\" width=\"1024\" height=\"1003\" src=\"https:\/\/lignesauto.fr\/wp-content\/uploads\/2025\/12\/CV_25_333-1024x1003.png\" alt=\"\" class=\"wp-image-43622\" srcset=\"https:\/\/lignesauto.fr\/wp-content\/uploads\/2025\/12\/CV_25_333-1024x1003.png 1024w, https:\/\/lignesauto.fr\/wp-content\/uploads\/2025\/12\/CV_25_333-300x294.png 300w, https:\/\/lignesauto.fr\/wp-content\/uploads\/2025\/12\/CV_25_333-768x752.png 768w, https:\/\/lignesauto.fr\/wp-content\/uploads\/2025\/12\/CV_25_333.png 1417w\" sizes=\"(max-width: 1024px) 100vw, 1024px\" \/><figcaption class=\"wp-element-caption\">Un sketch, une id\u00e9e, une fonction. Et hop, c&#8217;est sur le concept-car !<\/figcaption><\/figure>\n\n\n\n<p>Le conducteur b\u00e9n\u00e9ficie d&#8217;une nouvelle g\u00e9n\u00e9ration d&#8217;affichage des informations. Sur le pr\u00e9c\u00e9dent concept Oli de 2022, elles \u00e9taient projet\u00e9es sur la \u00ab&nbsp;Smartband&nbsp;\u00bb, une large bande horizontale positionn\u00e9e dans la partie inf\u00e9rieure du parebrise. Avec ELO, les \u00e9crans \u00e0 plat se refl\u00e8tent sur un \u00e9cran transparent \u00e9quip\u00e9 d\u2019un film r\u00e9fl\u00e9chissant, procurant un effet magique&nbsp;: l\u2019information color\u00e9e semble flotter en transparence sur toute la largeur du pare-brise.<\/p>\n\n\n\n<figure class=\"wp-block-image size-large\"><img loading=\"lazy\" decoding=\"async\" width=\"1024\" height=\"436\" src=\"http:\/\/lignesauto.fr\/wp-content\/uploads\/2025\/12\/CV_25_18-1024x436.png\" alt=\"\" class=\"wp-image-43554\" srcset=\"https:\/\/lignesauto.fr\/wp-content\/uploads\/2025\/12\/CV_25_18-1024x436.png 1024w, https:\/\/lignesauto.fr\/wp-content\/uploads\/2025\/12\/CV_25_18-300x128.png 300w, https:\/\/lignesauto.fr\/wp-content\/uploads\/2025\/12\/CV_25_18-768x327.png 768w, https:\/\/lignesauto.fr\/wp-content\/uploads\/2025\/12\/CV_25_18.png 1417w\" sizes=\"(max-width: 1024px) 100vw, 1024px\" \/><\/figure>\n\n\n\n<p>Ce nouvel affichage n\u00e9cessite une technologie bien moins on\u00e9reuse en termes de d\u00e9veloppement et de production potentielle qu\u2019un classique affichage t\u00eate haute. Cette id\u00e9e nourrira la cr\u00e9ation des designers et architectes pour les produits de demain.<\/p>\n\n\n\n<figure class=\"wp-block-image size-large\"><img loading=\"lazy\" decoding=\"async\" width=\"1024\" height=\"444\" src=\"https:\/\/lignesauto.fr\/wp-content\/uploads\/2025\/12\/CV_25_198-1024x444.png\" alt=\"\" class=\"wp-image-43627\" srcset=\"https:\/\/lignesauto.fr\/wp-content\/uploads\/2025\/12\/CV_25_198-1024x444.png 1024w, https:\/\/lignesauto.fr\/wp-content\/uploads\/2025\/12\/CV_25_198-300x130.png 300w, https:\/\/lignesauto.fr\/wp-content\/uploads\/2025\/12\/CV_25_198-768x333.png 768w, https:\/\/lignesauto.fr\/wp-content\/uploads\/2025\/12\/CV_25_198.png 1417w\" sizes=\"(max-width: 1024px) 100vw, 1024px\" \/><figcaption class=\"wp-element-caption\">La 2CV \u00e0 gauche, l&#8217;ELO \u00e0 droite. Mais vous aviez d\u00e9j\u00e0 reconnu !<\/figcaption><\/figure>\n\n\n\n<p>Travailler \u00e0 bord, conduire, se d\u00e9tendre&#8230; Et m\u00eame dormir comme on l&#8217;a vu. Le concept embarque dans le coffre deux matelas repli\u00e9s dans des rangements d\u00e9di\u00e9s. Ces matelas sont con\u00e7us avec le mat\u00e9riau Dropstitch de DECATHLON, notamment utilis\u00e9 pour les planches de surf, pour les kayaks ou encore pour les planches de paddle.<\/p>\n\n\n\n<figure class=\"wp-block-image size-large\"><img loading=\"lazy\" decoding=\"async\" width=\"1024\" height=\"683\" src=\"https:\/\/lignesauto.fr\/wp-content\/uploads\/2025\/12\/CV_25_203-1024x683.jpg\" alt=\"\" class=\"wp-image-43628\" srcset=\"https:\/\/lignesauto.fr\/wp-content\/uploads\/2025\/12\/CV_25_203-1024x683.jpg 1024w, https:\/\/lignesauto.fr\/wp-content\/uploads\/2025\/12\/CV_25_203-300x200.jpg 300w, https:\/\/lignesauto.fr\/wp-content\/uploads\/2025\/12\/CV_25_203-768x512.jpg 768w, https:\/\/lignesauto.fr\/wp-content\/uploads\/2025\/12\/CV_25_203.jpg 1417w\" sizes=\"(max-width: 1024px) 100vw, 1024px\" \/><figcaption class=\"wp-element-caption\">Les enfants vont sans doute l\u00e2cher leur smartphone pour s&#8217;amuser \u00e0 bord !<\/figcaption><\/figure>\n\n\n\n<p>Les deux matelas sortis de leur logement sont d\u00e9pli\u00e9s et gonfl\u00e9s gr\u00e2ce \u00e0 l\u2019air comprim\u00e9 embarqu\u00e9 \u00e0 bord du v\u00e9hicule et accessible via une buse situ\u00e9e dans le bas de caisse du v\u00e9hicule. Le mat\u00e9riau Dropstich permet \u00e0 ces deux couchages d\u2019acqu\u00e9rir une rigidit\u00e9 qui ne n\u00e9cessite pas de renfort particulier pour les maintenir en position, une fois install\u00e9s dans l\u2019habitacle.<\/p>\n\n\n\n<figure class=\"wp-block-image size-large\"><img loading=\"lazy\" decoding=\"async\" width=\"1024\" height=\"729\" src=\"https:\/\/lignesauto.fr\/wp-content\/uploads\/2025\/12\/CV_25_194-1024x729.png\" alt=\"\" class=\"wp-image-43629\" srcset=\"https:\/\/lignesauto.fr\/wp-content\/uploads\/2025\/12\/CV_25_194-1024x729.png 1024w, https:\/\/lignesauto.fr\/wp-content\/uploads\/2025\/12\/CV_25_194-300x214.png 300w, https:\/\/lignesauto.fr\/wp-content\/uploads\/2025\/12\/CV_25_194-768x547.png 768w, https:\/\/lignesauto.fr\/wp-content\/uploads\/2025\/12\/CV_25_194.png 1417w\" sizes=\"(max-width: 1024px) 100vw, 1024px\" \/><figcaption class=\"wp-element-caption\">Certains mat\u00e9riaux proviennent des \u00e9tudes de DECATHLON adapt\u00e9s \u00e0 l&#8217;automobile.<\/figcaption><\/figure>\n\n\n\n<p>Et apr\u00e8s une bonne sieste, nous allons enfin parler du &#8220;style&#8221; de ce concept-car. C&#8217;est un &#8220;one-Box&#8221; comme le disent les designers. Un parpaing. Mais toute la diff\u00e9rence est dans le traitement des volumes de ce cube-auto. La silhouette atypique de ce concept est ainsi en totale symbiose avec l\u2019approche non conventionnelle de son architecture. Elle est pratiquement monovolume et affiche une simplicit\u00e9 en termes de langage de formes. ELO marque un lien de parent\u00e9 avec OLI et ses vitrages plats, sauf une l\u00e9g\u00e8re courbure en partie basse \u00e0 l\u2019avant pour plus de fluidit\u00e9.<\/p>\n\n\n\n<figure class=\"wp-block-image size-large\"><img loading=\"lazy\" decoding=\"async\" width=\"1024\" height=\"814\" src=\"https:\/\/lignesauto.fr\/wp-content\/uploads\/2025\/12\/CV_25_211-1024x814.png\" alt=\"\" class=\"wp-image-43630\" srcset=\"https:\/\/lignesauto.fr\/wp-content\/uploads\/2025\/12\/CV_25_211-1024x814.png 1024w, https:\/\/lignesauto.fr\/wp-content\/uploads\/2025\/12\/CV_25_211-300x239.png 300w, https:\/\/lignesauto.fr\/wp-content\/uploads\/2025\/12\/CV_25_211-768x611.png 768w, https:\/\/lignesauto.fr\/wp-content\/uploads\/2025\/12\/CV_25_211.png 1417w\" sizes=\"(max-width: 1024px) 100vw, 1024px\" \/><\/figure>\n\n\n\n<p style=\"font-size:17px\">L\u2019ensemble est tr\u00e8s graphique avec les passages de roues \u00e9l\u00e9gamment soulign\u00e9s d\u2019une arche, des \u00e9paules solides et planes pour servir de support \u00e0 diff\u00e9rents objets lors des pauses, alors que la ceinture de caisse est abaiss\u00e9e au maximum au profit de la luminosit\u00e9. La vitre lat\u00e9rale au niveau du rang 2 est plus grande et renforce la visibilit\u00e9 vers l\u2019ext\u00e9rieur. Avec leur forme semi-arrondie, les portes arri\u00e8re remontent sur le pavillon et optimisent cette luminosit\u00e9 \u00e0 bord (4,5 m<sup>2<\/sup> de vitrage). En arri\u00e8re de l\u2019habitacle, la cellule d\u00e9di\u00e9e au coffre se singularise par un d\u00e9croch\u00e9 souple, \u00e9l\u00e9gant et structurant du pavillon.<\/p>\n\n\n\n<figure class=\"wp-block-image size-large\"><img loading=\"lazy\" decoding=\"async\" width=\"1024\" height=\"445\" src=\"http:\/\/lignesauto.fr\/wp-content\/uploads\/2025\/12\/CV_25_101-1024x445.png\" alt=\"\" class=\"wp-image-43551\" srcset=\"https:\/\/lignesauto.fr\/wp-content\/uploads\/2025\/12\/CV_25_101-1024x445.png 1024w, https:\/\/lignesauto.fr\/wp-content\/uploads\/2025\/12\/CV_25_101-300x130.png 300w, https:\/\/lignesauto.fr\/wp-content\/uploads\/2025\/12\/CV_25_101-768x334.png 768w, https:\/\/lignesauto.fr\/wp-content\/uploads\/2025\/12\/CV_25_101.png 1417w\" sizes=\"(max-width: 1024px) 100vw, 1024px\" \/><\/figure>\n\n\n\n<p style=\"font-size:17px\">\u00c0 l\u2019avant, la signature lumineuse reprend le concept actuel l\u00e9g\u00e8rement revisit\u00e9 avec les g\u00e9lules verticales scind\u00e9es en deux \u00e9l\u00e9ments. Le logo est fi\u00e8rement mis en exergue. En partie basse, le bouclier de protection est con\u00e7u en polypropyl\u00e8ne expans\u00e9. Inspir\u00e9 de la protection des casques con\u00e7us par DECATHLON pour les cyclistes, ce mat\u00e9riau est compos\u00e9 de 30% de mati\u00e8res recycl\u00e9es et est \u00e0 100% recyclable. Il est tr\u00e8s l\u00e9ger et se retrouve sur le m\u00e9plat des quatre ailes.<\/p>\n\n\n\n<figure class=\"wp-block-image size-large\"><img loading=\"lazy\" decoding=\"async\" width=\"1024\" height=\"613\" src=\"https:\/\/lignesauto.fr\/wp-content\/uploads\/2025\/12\/CV_25_103-1-1024x613.png\" alt=\"\" class=\"wp-image-43631\" srcset=\"https:\/\/lignesauto.fr\/wp-content\/uploads\/2025\/12\/CV_25_103-1-1024x613.png 1024w, https:\/\/lignesauto.fr\/wp-content\/uploads\/2025\/12\/CV_25_103-1-300x180.png 300w, https:\/\/lignesauto.fr\/wp-content\/uploads\/2025\/12\/CV_25_103-1-768x460.png 768w, https:\/\/lignesauto.fr\/wp-content\/uploads\/2025\/12\/CV_25_103-1.png 1417w\" sizes=\"(max-width: 1024px) 100vw, 1024px\" \/><\/figure>\n\n\n\n<p style=\"font-size:17px\">On retrouve cette protection &#8211; identique en forme et en mat\u00e9riau &#8211; sur le bouclier arri\u00e8re, limitant ainsi le nombre de pi\u00e8ces composant la carrosserie. Sur cette partie arri\u00e8re, la signature lumineuse se rapproche de celle du C5 Aircross, avec un \u00e9l\u00e9ment sup\u00e9rieur flottant. L\u2019ouvrant du coffre est compos\u00e9 de deux battants asym\u00e9triques et permet ainsi de jouer avec un petit vitrage suppl\u00e9mentaire sur la porte gauche. En partie sup\u00e9rieure du pavillon, un large girafon (ci-dessous) se d\u00e9ploie pour d\u00e9couvrir une partie du toit afin d\u2019augmenter la hauteur de chargement ou de profiter de la nuit \u00e9toil\u00e9e en configuration couchage. Cette forme singuli\u00e8re confirme la volont\u00e9 du design de cr\u00e9er de nouvelles exp\u00e9riences. Elle habille les fonctions avec simplicit\u00e9 et efficacit\u00e9.<\/p>\n\n\n\n<figure class=\"wp-block-image size-large\"><img loading=\"lazy\" decoding=\"async\" width=\"1024\" height=\"579\" src=\"https:\/\/lignesauto.fr\/wp-content\/uploads\/2025\/12\/CV_25_334-1024x579.png\" alt=\"\" class=\"wp-image-43632\" srcset=\"https:\/\/lignesauto.fr\/wp-content\/uploads\/2025\/12\/CV_25_334-1024x579.png 1024w, https:\/\/lignesauto.fr\/wp-content\/uploads\/2025\/12\/CV_25_334-300x170.png 300w, https:\/\/lignesauto.fr\/wp-content\/uploads\/2025\/12\/CV_25_334-768x434.png 768w, https:\/\/lignesauto.fr\/wp-content\/uploads\/2025\/12\/CV_25_334.png 1417w\" sizes=\"(max-width: 1024px) 100vw, 1024px\" \/><\/figure>\n\n\n\n<p>De par sa vocation, ce concept dispose de pneumatiques orient\u00e9s vers les loisirs et les activit\u00e9s Outdoor. Il perp\u00e9tue le partenariat men\u00e9 avec Goodyear et devient ainsi le 4<sup>e<\/sup> concept-car de Citro\u00ebn dot\u00e9 de pneus intelligents depuis le 19_19 du centenaire. Ce nouveau pneu maintient la bonne pression en fonction de la charge du v\u00e9hicule. Quel que soit le type de terrain emprunt\u00e9, il r\u00e9pond aussi bien \u00e0 un usage quotidien qu\u2019\u00e0 des exp\u00e9riences occasionnelles d\u2019amateurs d\u2019excursions. Intelligent, il mesure en temps r\u00e9el sa pression et son usure, le tout monitor\u00e9 via une l\u2019application d\u00e9di\u00e9e.<\/p>\n\n\n\n<figure class=\"wp-block-image size-large\"><img loading=\"lazy\" decoding=\"async\" width=\"1024\" height=\"683\" src=\"https:\/\/lignesauto.fr\/wp-content\/uploads\/2025\/12\/CV_25_335-1024x683.jpg\" alt=\"\" class=\"wp-image-43633\" srcset=\"https:\/\/lignesauto.fr\/wp-content\/uploads\/2025\/12\/CV_25_335-1024x683.jpg 1024w, https:\/\/lignesauto.fr\/wp-content\/uploads\/2025\/12\/CV_25_335-300x200.jpg 300w, https:\/\/lignesauto.fr\/wp-content\/uploads\/2025\/12\/CV_25_335-768x512.jpg 768w, https:\/\/lignesauto.fr\/wp-content\/uploads\/2025\/12\/CV_25_335.jpg 1417w\" sizes=\"(max-width: 1024px) 100vw, 1024px\" \/><\/figure>\n\n\n\n<p>Voil\u00e0 un concept-car vivifiant. Un mois apr\u00e8s le concept Polygon de Peugeot, on constate que les visions des deux constructeurs sont diam\u00e9tralement oppos\u00e9es. Il y a un m\u00e9lange de simplicit\u00e9 et de richesse conceptuelle \u00e0 bord d&#8217;ELO, lorsqu&#8217;il y a de la technologie \u00e0 bord du r\u00e9cent de Polygon ci-dessous. Tous les deux r\u00e9inventent la formule monovolume. <\/p>\n\n\n\n<figure class=\"wp-block-image size-large\"><img loading=\"lazy\" decoding=\"async\" width=\"1024\" height=\"564\" src=\"http:\/\/lignesauto.fr\/wp-content\/uploads\/2025\/11\/POLY_606-1024x564.png\" alt=\"\" class=\"wp-image-43460\" srcset=\"https:\/\/lignesauto.fr\/wp-content\/uploads\/2025\/11\/POLY_606-1024x564.png 1024w, https:\/\/lignesauto.fr\/wp-content\/uploads\/2025\/11\/POLY_606-300x165.png 300w, https:\/\/lignesauto.fr\/wp-content\/uploads\/2025\/11\/POLY_606-768x423.png 768w, https:\/\/lignesauto.fr\/wp-content\/uploads\/2025\/11\/POLY_606.png 1417w\" sizes=\"(max-width: 1024px) 100vw, 1024px\" \/><\/figure>\n\n\n\n<p>Un concept coh\u00e9rent sur la Citro\u00ebn puisqu&#8217;il participe de l&#8217;espace int\u00e9rieur, incroyable. Un th\u00e8me plus surprenant sur le concept Peugeot qui habille une silhouette deux portes sportive. Mais un grand designer me disait r\u00e9cemment que \u00ab<em> le concept monovolume est une modernit\u00e9, une constante. Le pare-brise recul\u00e9 avec un capot plus g\u00e9n\u00e9reux, c\u2019est plus de classicisme certes, mais c&#8217;est plut\u00f4t l\u2019histoire.<\/em>&nbsp;\u00bb<\/p>\n\n\n\n<figure class=\"wp-block-image size-large\"><img loading=\"lazy\" decoding=\"async\" width=\"1024\" height=\"676\" src=\"http:\/\/lignesauto.fr\/wp-content\/uploads\/2025\/12\/CV_25_03-1024x676.png\" alt=\"\" class=\"wp-image-43584\" srcset=\"https:\/\/lignesauto.fr\/wp-content\/uploads\/2025\/12\/CV_25_03-1024x676.png 1024w, https:\/\/lignesauto.fr\/wp-content\/uploads\/2025\/12\/CV_25_03-300x198.png 300w, https:\/\/lignesauto.fr\/wp-content\/uploads\/2025\/12\/CV_25_03-768x507.png 768w, https:\/\/lignesauto.fr\/wp-content\/uploads\/2025\/12\/CV_25_03.png 1417w\" sizes=\"(max-width: 1024px) 100vw, 1024px\" \/><\/figure>\n\n\n\n<p>En moins de deux mois, Peugeot et Citro\u00ebn ont d\u00e9montr\u00e9 que les bureaux d&#8217;\u00e9tudes et de design bouillonnent toujours autant. Une \u00e9vidence de bon augure avant la r\u00e9v\u00e9lation du plan pr\u00e9sent\u00e9 par Antonio Filosa, le grand patron de Stellantis, lors du premier semestre 2026 et qui concernera l&#8217;avenir de Stellantis. <\/p>\n\n\n<div class=\"wp-block-image\">\n<figure class=\"aligncenter size-full is-resized\"><img loading=\"lazy\" decoding=\"async\" width=\"1024\" height=\"288\" src=\"http:\/\/lignesauto.fr\/wp-content\/uploads\/2025\/11\/image.png\" alt=\"\" class=\"wp-image-43423\" style=\"width:540px;height:auto\" srcset=\"https:\/\/lignesauto.fr\/wp-content\/uploads\/2025\/11\/image.png 1024w, https:\/\/lignesauto.fr\/wp-content\/uploads\/2025\/11\/image-300x84.png 300w, https:\/\/lignesauto.fr\/wp-content\/uploads\/2025\/11\/image-768x216.png 768w\" sizes=\"(max-width: 1024px) 100vw, 1024px\" \/><\/figure><\/div>\n\n\n<figure class=\"wp-block-image size-large\"><img loading=\"lazy\" decoding=\"async\" width=\"1024\" height=\"811\" src=\"https:\/\/lignesauto.fr\/wp-content\/uploads\/2025\/12\/CV_25_197-1024x811.png\" alt=\"\" class=\"wp-image-43687\" srcset=\"https:\/\/lignesauto.fr\/wp-content\/uploads\/2025\/12\/CV_25_197-1024x811.png 1024w, https:\/\/lignesauto.fr\/wp-content\/uploads\/2025\/12\/CV_25_197-300x238.png 300w, https:\/\/lignesauto.fr\/wp-content\/uploads\/2025\/12\/CV_25_197-768x608.png 768w, https:\/\/lignesauto.fr\/wp-content\/uploads\/2025\/12\/CV_25_197.png 1417w\" sizes=\"(max-width: 1024px) 100vw, 1024px\" \/><\/figure>\n\n\n\n<p style=\"font-size:17px\"><br><\/p>\n","protected":false},"excerpt":{"rendered":"<p>Arr\u00eatons le fade, le triste ! Stoppons la morosit\u00e9. Oui, la bagnole peut faire sourire et plaisir, amuser et surtout, remplir bien plus que sa fonction de base : aller d&#8217;un point A \u00e0 un point B. Aujourd&#8217;hui, j&#8217;ai vu le concept-car ELO et en sortant, je me suis demand\u00e9 [&hellip;]<\/p>\n","protected":false},"author":1,"featured_media":43632,"comment_status":"closed","ping_status":"closed","sticky":false,"template":"","format":"standard","meta":{"footnotes":""},"categories":[1],"tags":[],"_links":{"self":[{"href":"https:\/\/lignesauto.fr\/index.php?rest_route=\/wp\/v2\/posts\/43529"}],"collection":[{"href":"https:\/\/lignesauto.fr\/index.php?rest_route=\/wp\/v2\/posts"}],"about":[{"href":"https:\/\/lignesauto.fr\/index.php?rest_route=\/wp\/v2\/types\/post"}],"author":[{"embeddable":true,"href":"https:\/\/lignesauto.fr\/index.php?rest_route=\/wp\/v2\/users\/1"}],"replies":[{"embeddable":true,"href":"https:\/\/lignesauto.fr\/index.php?rest_route=%2Fwp%2Fv2%2Fcomments&post=43529"}],"version-history":[{"count":66,"href":"https:\/\/lignesauto.fr\/index.php?rest_route=\/wp\/v2\/posts\/43529\/revisions"}],"predecessor-version":[{"id":43690,"href":"https:\/\/lignesauto.fr\/index.php?rest_route=\/wp\/v2\/posts\/43529\/revisions\/43690"}],"wp:featuredmedia":[{"embeddable":true,"href":"https:\/\/lignesauto.fr\/index.php?rest_route=\/wp\/v2\/media\/43632"}],"wp:attachment":[{"href":"https:\/\/lignesauto.fr\/index.php?rest_route=%2Fwp%2Fv2%2Fmedia&parent=43529"}],"wp:term":[{"taxonomy":"category","embeddable":true,"href":"https:\/\/lignesauto.fr\/index.php?rest_route=%2Fwp%2Fv2%2Fcategories&post=43529"},{"taxonomy":"post_tag","embeddable":true,"href":"https:\/\/lignesauto.fr\/index.php?rest_route=%2Fwp%2Fv2%2Ftags&post=43529"}],"curies":[{"name":"wp","href":"https:\/\/api.w.org\/{rel}","templated":true}]}}